{"id":11740,"date":"2017-05-16T17:30:39","date_gmt":"2017-05-16T15:30:39","guid":{"rendered":"http:\/\/blogs.lasprovincias.es\/historiascondelantal\/?p=11740"},"modified":"2017-05-16T17:30:39","modified_gmt":"2017-05-16T15:30:39","slug":"didier-fertilati-la-locura-del-anfitrion-perfecto","status":"publish","type":"post","link":"https:\/\/blogs.lasprovincias.es\/historiascondelantal\/2017\/05\/16\/didier-fertilati-la-locura-del-anfitrion-perfecto\/","title":{"rendered":"Didier Fertilati, la locura del anfitri\u00f3n perfecto"},"content":{"rendered":"<p>Tiene 140 corbatas, los rojos y los naranjas son sus colores y la luna, su debilidad. Las tres cosas hablan de \u00e9l: <strong>disciplina hasta lo impecable, alegre hasta transmitir felicidad y pasional hasta donde le dejen llegar.<\/strong> Es el ma\u00eetre que todos quieren, porque sabe jugar como nadie a hacer feliz al comensal.<\/p>\n<p style=\"text-align: center;\"><span style=\"font-size: xx-large;\">didier <span style=\"color: #888888;\"><strong>fertilati<\/strong><\/span><\/span><\/p>\n<p style=\"text-align: center;\"><em><span style=\"font-size: medium; color: #888888;\">director de sala\/ma\u00eetre en Quique Dacosta Restaurant<\/span><\/em><\/p>\n<div id=\"attachment_11746\" style=\"width: 543px\" class=\"wp-caption aligncenter\"><a href=\"\/historiascondelantal\/wp-content\/uploads\/sites\/18\/2017\/05\/DIDIER1.jpg\"><img aria-describedby=\"caption-attachment-11746\" loading=\"lazy\" class=\"size-full wp-image-11746\" title=\"DIDIER\" src=\"\/historiascondelantal\/wp-content\/uploads\/sites\/18\/2017\/05\/DIDIER1.jpg\" alt=\"\" width=\"533\" height=\"800\" srcset=\"https:\/\/static-blogs.lasprovincias.es\/wp-content\/uploads\/sites\/18\/2017\/05\/DIDIER1.jpg 533w, https:\/\/static-blogs.lasprovincias.es\/wp-content\/uploads\/sites\/18\/2017\/05\/DIDIER1-200x300.jpg 200w\" sizes=\"(max-width: 533px) 100vw, 533px\" \/><\/a><p id=\"caption-attachment-11746\" class=\"wp-caption-text\">Foto de Stephanie Biteau<\/p><\/div>\n<p>&nbsp;<\/p>\n<p style=\"text-align: center;\"><strong><span style=\"font-size: large;\">\u00abSi fuera Dios, eliminar\u00eda las ma\u00f1anas y <\/span><\/strong><\/p>\n<p style=\"text-align: center;\"><strong><span style=\"font-size: large;\">alargar\u00eda las tardes; soy un bicho nocturno\u00bb<\/span><\/strong><\/p>\n<p style=\"text-align: center;\"><span style=\"font-size: xx-large;\">\u00a1<\/span><\/p>\n<p><!--more--><\/p>\n<p>Didier tiene el cuerpo peque\u00f1o, dir\u00eda incluso que ingr\u00e1vido; unos ojos azules que se salen de sus \u00f3rbitas, casi hipnotizadores, y una sonrisa penetrante, de esas que gastan los conquistadores. Le acompa\u00f1a un acento franc\u00e9s, que envuelve todo al instante; una pizca canalla, m\u00e1s propia de su vertiente italiana que de la gala, y puede ser, al tiempo, el m\u00e1s disciplinado anfitri\u00f3n y el amigo perfecto. Porque Didier, por encima de todo, es<span style=\"color: #888888;\"> <strong>un c\u00f3mplice a la carta<\/strong><\/span>. A demanda del cliente. <strong>\u00abSomos como los porteros de f\u00fatbol: si paramos un gol, estamos ah\u00ed para eso; pero si nos lo meten, te cae un paquete\u00bb<\/strong>, confiesa entre risas. A Didier le meten pocos goles. Lo para todo: los tiros a porter\u00eda del cliente m\u00e1s ingenuo y los del m\u00e1s engre\u00eddo. Est\u00e1 hecho para todo, en no vano, viene de la vieja escuela francesa. No digo m\u00e1s y lo digo todo. <strong>\u00abCuando empec\u00e9 hace 27 a\u00f1os, estudiar hosteler\u00eda era como hacer la mili\u00bb<\/strong>, relata. En aquella \u00e9poca, so\u00f1aba en principio con ser cocinero. Un gusanillo que le hab\u00eda metido en su diminuto cuerpo su abuelo Jean. \u00abEra carnicero, franco italiano puro y duro. No hablaba mucho. Los mi\u00e9rcoles, que no ten\u00edamos colegio, iba a verle; me sentaba sobre una lavadora y s\u00f3lo me dedicaba a mirar. No ten\u00eda derecho a hablar. \u00c9l me dec\u00eda: huele, prueba; prueba, huele&#8230; vete a limpiarte las manos y a la mesa\u00bb. Y entre el prueba y el huele, fue calando su amor por la gastronom\u00eda. Tanto que, ya adolescente, se meti\u00f3 en la escuela de hosteler\u00eda de Niza. Aunque, en principio, no encontr\u00f3 lo que buscaba. \u00abDescubr\u00ed que en la cocina todo eran insultos, tirar platos, sartenes&#8230; Con el car\u00e1cter que tengo me dije que en dos d\u00edas o mataba a alguien o me mataban. Y con catorce a\u00f1os y mis cuarenta kilos seguro que me mataban a m\u00ed\u00bb.<\/p>\n<p><a href=\"\/historiascondelantal\/wp-content\/uploads\/sites\/18\/2017\/05\/IMG_3098.jpeg\"><img loading=\"lazy\" class=\"aligncenter size-full wp-image-11744\" title=\"IMG_3098\" src=\"\/historiascondelantal\/wp-content\/uploads\/sites\/18\/2017\/05\/IMG_3098.jpeg\" alt=\"\" width=\"1024\" height=\"1024\" srcset=\"https:\/\/static-blogs.lasprovincias.es\/wp-content\/uploads\/sites\/18\/2017\/05\/IMG_3098.jpeg 1024w, https:\/\/static-blogs.lasprovincias.es\/wp-content\/uploads\/sites\/18\/2017\/05\/IMG_3098-150x150.jpeg 150w, https:\/\/static-blogs.lasprovincias.es\/wp-content\/uploads\/sites\/18\/2017\/05\/IMG_3098-300x300.jpeg 300w, https:\/\/static-blogs.lasprovincias.es\/wp-content\/uploads\/sites\/18\/2017\/05\/IMG_3098-768x768.jpeg 768w\" sizes=\"(max-width: 1024px) 100vw, 1024px\" \/><\/a><\/p>\n<p>Se cruz\u00f3 entonces en el camino un profesor, monsieur Salmon, que le descubri\u00f3 la sala y toda la apasionante maquinaria del servicio. Con \u00e9l se sinti\u00f3 bien y sigui\u00f3 ese camino. Eso s\u00ed, bajo las premisas de la disciplina m\u00e1s f\u00e9rrea. <strong>\u00abCuando ten\u00edamos pr\u00e1cticas, nos pon\u00edan en fila para ver que nadie ten\u00eda las u\u00f1as mordidas ni restos de pintura o grasa en las manos, ten\u00edas que bajar la cabeza para mostrar que la nuca no ten\u00eda pelillos, levantarte el pantal\u00f3n para dejar ver que los calcetines que llevabas eran negros y que tus zapatos estaban limpios<\/strong>&#8230; Si algo no le gustaba al profesor, te enviaba a picar todo el d\u00eda\u00bb. De aquellos inicios queda la base del Didier actual. Un director de sala \u2013un ma\u00eetre de los de verdad\u2013 que tontea con lo magistral. Un tipo con cara simp\u00e1tica, agradable a m\u00e1s no poder, que moldea el trato seg\u00fan las circunstancias para hacerte sentir c\u00f3modo. De hecho, mister Fertilati tiene el don de sacar de su loca chistera (llam\u00e9mosle su cabeza) siempre el gesto clave para cada momento<strong>,<\/strong> la palabra necesaria. Quiz\u00e1 porque <strong><span style=\"color: #888888;\">tiene la virtud del psic\u00f3logo, la sabidur\u00eda de un fil\u00f3sofo, las tablas del actor<\/span><\/strong> y la ciencia de un camarero curtido.<\/p>\n<p><a href=\"\/historiascondelantal\/wp-content\/uploads\/sites\/18\/2017\/05\/IMG_3095.jpeg\"><img loading=\"lazy\" class=\"aligncenter size-full wp-image-11743\" title=\"IMG_3095\" src=\"\/historiascondelantal\/wp-content\/uploads\/sites\/18\/2017\/05\/IMG_3095.jpeg\" alt=\"\" width=\"1024\" height=\"1024\" srcset=\"https:\/\/static-blogs.lasprovincias.es\/wp-content\/uploads\/sites\/18\/2017\/05\/IMG_3095.jpeg 1024w, https:\/\/static-blogs.lasprovincias.es\/wp-content\/uploads\/sites\/18\/2017\/05\/IMG_3095-150x150.jpeg 150w, https:\/\/static-blogs.lasprovincias.es\/wp-content\/uploads\/sites\/18\/2017\/05\/IMG_3095-300x300.jpeg 300w, https:\/\/static-blogs.lasprovincias.es\/wp-content\/uploads\/sites\/18\/2017\/05\/IMG_3095-768x768.jpeg 768w\" sizes=\"(max-width: 1024px) 100vw, 1024px\" \/><\/a><\/p>\n<p>No es casualidad que Quique Dacosta le confiara los mandos de la sala de su restaurante \u2013esa suerte de sue\u00f1o gastron\u00f3mico con tres estrellas Michelin que habita en D\u00e9nia\u2013. No fue casualidad porque Dacosta sab\u00eda que se llevaba con \u00e9l a uno de los mejores gestores de sala que hay en este bendito mundo de la gastronom\u00eda. Ese hombrecillo de car\u00e1cter, loco por las motos y argmagnac, que vivi\u00f3 su eclosi\u00f3n profesional en <strong><span style=\"color: #888888;\">The Duck Fat,<\/span><\/strong> a donde logr\u00f3 con 26 a\u00f1os ser el jefe de sala m\u00e1s joven del mundo en un restaurante tri-estrellado. Didier es la correcci\u00f3n al extremo. Y su equipo, un calco de ello. De esos que te ponen la directa cuando vas al restaurante de Dacosta para que atravieses con ellos la ruta de las emociones. Y lo har\u00e1, \u00e9l y su equipo, siempre con sus armas infalibles: discreci\u00f3n, complicidad, simpat\u00eda desbordada, buena cintura para encajar y mucha disciplina (camuflada). El anfitri\u00f3n perfecto es impecable, siempre con alguna de sus 140 corbatas colocada con precisi\u00f3n matem\u00e1tica, con su camisa blanca que parece ser planchada con caricias y con una flor en la solapa. Listo para darte la mano y, si hace falta, hasta subirte en brazos hasta la luna. Esa que \u00e9l adora. \u00abMe pasar\u00eda horas observ\u00e1ndola\u00bb, razona. No en vano, el astro le enamora. Como la noche: <strong>\u00abSi fuera Dios, alargar\u00eda las tardes y eliminar\u00eda las ma\u00f1anas&#8230; soy un bicho nocturno\u00bb<\/strong>. Un bicho al que le ped\u00ed que me mandara una fotograf\u00eda para ilustrar esta historia. Y me envi\u00f3 dos. Fant\u00e1sticas. De <span style=\"color: #888888;\"><strong>Stephanie Biteau<\/strong><\/span>. Una en color, otra en blanco y negro. Una con el Didier m\u00e1s pulcro. Otra, en la que se muestra por dentro como un loco apasionado. Ese que es capaz de disfrazar la disciplina m\u00e1s f\u00e9rrea de la naturalidad m\u00e1s extraordinaria con tal de hacerte pasar la alfombra roja hacia la felicidad.<\/p>\n<div id=\"attachment_11745\" style=\"width: 1034px\" class=\"wp-caption aligncenter\"><a href=\"\/historiascondelantal\/wp-content\/uploads\/sites\/18\/2017\/05\/DIDIER21.jpg\"><img aria-describedby=\"caption-attachment-11745\" loading=\"lazy\" class=\"size-large wp-image-11745\" title=\"DIDIER2\" src=\"\/historiascondelantal\/wp-content\/uploads\/sites\/18\/2017\/05\/DIDIER21.jpg\" alt=\"\" width=\"1024\" height=\"1024\" srcset=\"https:\/\/static-blogs.lasprovincias.es\/wp-content\/uploads\/sites\/18\/2017\/05\/DIDIER21.jpg 1080w, https:\/\/static-blogs.lasprovincias.es\/wp-content\/uploads\/sites\/18\/2017\/05\/DIDIER21-150x150.jpg 150w, https:\/\/static-blogs.lasprovincias.es\/wp-content\/uploads\/sites\/18\/2017\/05\/DIDIER21-300x300.jpg 300w, https:\/\/static-blogs.lasprovincias.es\/wp-content\/uploads\/sites\/18\/2017\/05\/DIDIER21-768x768.jpg 768w, https:\/\/static-blogs.lasprovincias.es\/wp-content\/uploads\/sites\/18\/2017\/05\/DIDIER21-1024x1024.jpg 1024w\" sizes=\"(max-width: 1024px) 100vw, 1024px\" \/><\/a><p id=\"caption-attachment-11745\" class=\"wp-caption-text\">Fotograf\u00eda de Stephanie Biteau (cortes\u00eda de Didier Fertilati).<\/p><\/div>\n<p>&nbsp;<\/p>\n<p style=\"text-align: center;\"><span style=\"font-size: xx-large;\">s a l a\u00a0<span style=\"color: #888888;\">d e<\/span>\u00a0<strong>d e s p i e c e<\/strong><\/span><\/p>\n<p><strong>Escapemos:<\/strong> A Le Mont Boron. A cien kil\u00f3metros de Niza, en las monta\u00f1as. All\u00ed pas\u00e9 parte de mi ni\u00f1ez. Una bofetada de infancia.<\/p>\n<p><strong>Una foto:<\/strong> A la luna. Pasar\u00eda la noche mir\u00e1ndola.<\/p>\n<p><strong>Una corbata:<span style=\"color: #808080;\"> Tengo unas 140. Una de las \u00faltimas, roja de Herm\u00e9s. Un regalo.<\/span><\/strong><\/p>\n<p><strong>\u00bfLloras?<\/strong>\u00a0S\u00ed, por emoci\u00f3n no por dolor.<\/p>\n<p><strong>Te gustar\u00eda servir a&#8230;<\/strong> Valentino Rossi.<\/p>\n<p><strong>Ingrediente:<span style=\"color: #808080;\"> No podr\u00eda vivir sin comer pasta.<\/span><\/strong><\/p>\n<p><strong>\u00bfCon qui\u00e9n r\u00edes?<\/strong> Con mi amigo Marc. Es mi mejor amigo desde hace 26 a\u00f1os. Todas las semanas tengo que hablar con \u00e9l.<\/p>\n<p><strong>Un mal recuerdo:<\/strong> La muerte de mi abuelo cuando ten\u00eda 16 a\u00f1os. Me emociono.<\/p>\n<p><strong>Tus padres:<\/strong> He tenido una infancia bonita y equilibrada. Ellos son, han sido y ser\u00e1n algo muy importante en mi vida.<\/p>\n<p><strong>Un sue\u00f1o: <span style=\"color: #808080;\">Mi preocupaci\u00f3n es que a mis hijos no les falte nada, que sean buenas personas y que sean autosuficientes.<\/span><\/strong><\/p>\n<p>&nbsp;<\/p>\n<p><a href=\"\/historiascondelantal\/wp-content\/uploads\/sites\/18\/2017\/05\/C_xWgAJW0AEwbdE1.jpg\"><img loading=\"lazy\" class=\"aligncenter size-large wp-image-11748\" title=\"C_xWgAJW0AEwbdE\" src=\"\/historiascondelantal\/wp-content\/uploads\/sites\/18\/2017\/05\/C_xWgAJW0AEwbdE1.jpg\" alt=\"\" width=\"1024\" height=\"1024\" srcset=\"https:\/\/static-blogs.lasprovincias.es\/wp-content\/uploads\/sites\/18\/2017\/05\/C_xWgAJW0AEwbdE1.jpg 1200w, https:\/\/static-blogs.lasprovincias.es\/wp-content\/uploads\/sites\/18\/2017\/05\/C_xWgAJW0AEwbdE1-150x150.jpg 150w, https:\/\/static-blogs.lasprovincias.es\/wp-content\/uploads\/sites\/18\/2017\/05\/C_xWgAJW0AEwbdE1-300x300.jpg 300w, https:\/\/static-blogs.lasprovincias.es\/wp-content\/uploads\/sites\/18\/2017\/05\/C_xWgAJW0AEwbdE1-768x768.jpg 768w, https:\/\/static-blogs.lasprovincias.es\/wp-content\/uploads\/sites\/18\/2017\/05\/C_xWgAJW0AEwbdE1-1024x1024.jpg 1024w\" sizes=\"(max-width: 1024px) 100vw, 1024px\" \/><\/a><\/p>\n<p style=\"text-align: center;\">\n<p style=\"text-align: center;\"><span style=\"font-size: xx-large;\">5 \u00a0c u a l i d a d e s\u00a0<\/span><\/p>\n<p style=\"text-align: center;\"><span style=\"font-size: x-large; color: #888888;\">y un jefe de sala<\/span><\/p>\n<p style=\"text-align: center;\">\n<p><span style=\"color: #888888;\"><strong>DISCIPLINA<\/strong><\/span> Didier lo tiene interiorizado y lo transmite a su equipo. Viene de la escuela francesa. \u00abEra como hacer la mili\u00bb.<\/p>\n<p><strong><span style=\"color: #888888;\">CERCAN\u00cdA<\/span><\/strong> La virtud m\u00e1s palpable en el director de sala de <strong>Dacosta<\/strong> es su cercan\u00eda. Pero medida, nada teatralizada. Es muy natural.<\/p>\n<p><strong><span style=\"color: #888888;\">PSICOLOG\u00cdA<\/span><\/strong> \u00abLos clientes ahora son como los juegos de mesa: de 7 a 77 a\u00f1os\u00bb, dice. Eso implica tener cintura y mano derecha\u00bb.<\/p>\n<p><span style=\"color: #888888;\"><strong>DISCRECI\u00d3N<\/strong><\/span> Una virtud compleja: estar sin estar. La discreci\u00f3n absoluta que hace que el servicio sea visible e invisible a la vez.<\/p>\n<p><strong><span style=\"color: #888888;\">HUMILDAD<\/span><\/strong> Entre el personal de sala se impone la humildad como bandera. No hay pie para las estrellas. El cliente es la \u00fanica.<\/p>\n<p>&nbsp;<\/p>\n<p style=\"text-align: center;\"><span style=\"font-size: xx-large;\">h i s t o r i a s <span style=\"color: #888888;\">c o n<\/span> <strong>d e l a n t a l<\/strong><\/span><\/p>\n<p style=\"text-align: center;\"><span style=\"font-size: x-large; color: #cc0000;\">\u00ac seguimos!<\/span><\/p>\n<!-- AddThis Advanced Settings generic via filter on the_content --><!-- AddThis Share Buttons generic via filter on the_content -->","protected":false},"excerpt":{"rendered":"<p>Tiene 140 corbatas, los rojos y los naranjas son sus colores y la luna, su debilidad. Las tres cosas hablan de \u00e9l: disciplina hasta lo impecable, alegre hasta transmitir felicidad y pasional hasta donde le dejen llegar. Es el ma\u00eetre que todos quieren, porque sabe jugar como nadie a hacer feliz al comensal. didier fertilati [&hellip;]<!-- AddThis Advanced Settings generic via filter on get_the_excerpt --><!-- AddThis Share Buttons generic via filter on get_the_excerpt --><\/p>\n","protected":false},"author":23,"featured_media":0,"comment_status":"open","ping_status":"open","sticky":false,"template":"","format":"standard","meta":[],"categories":[3,4,5,6],"tags":[323,327,434,1154,1161,940],"_links":{"self":[{"href":"https:\/\/blogs.lasprovincias.es\/historiascondelantal\/wp-json\/wp\/v2\/posts\/11740"}],"collection":[{"href":"https:\/\/blogs.lasprovincias.es\/historiascondelantal\/wp-json\/wp\/v2\/posts"}],"about":[{"href":"https:\/\/blogs.lasprovincias.es\/historiascondelantal\/wp-json\/wp\/v2\/types\/post"}],"author":[{"embeddable":true,"href":"https:\/\/blogs.lasprovincias.es\/historiascondelantal\/wp-json\/wp\/v2\/users\/23"}],"replies":[{"embeddable":true,"href":"https:\/\/blogs.lasprovincias.es\/historiascondelantal\/wp-json\/wp\/v2\/comments?post=11740"}],"version-history":[{"count":0,"href":"https:\/\/blogs.lasprovincias.es\/historiascondelantal\/wp-json\/wp\/v2\/posts\/11740\/revisions"}],"wp:attachment":[{"href":"https:\/\/blogs.lasprovincias.es\/historiascondelantal\/wp-json\/wp\/v2\/media?parent=11740"}],"wp:term":[{"taxonomy":"category","embeddable":true,"href":"https:\/\/blogs.lasprovincias.es\/historiascondelantal\/wp-json\/wp\/v2\/categories?post=11740"},{"taxonomy":"post_tag","embeddable":true,"href":"https:\/\/blogs.lasprovincias.es\/historiascondelantal\/wp-json\/wp\/v2\/tags?post=11740"}],"curies":[{"name":"wp","href":"https:\/\/api.w.org\/{rel}","templated":true}]}}