{"id":11823,"date":"2017-04-29T07:48:50","date_gmt":"2017-04-29T05:48:50","guid":{"rendered":"http:\/\/blogs.lasprovincias.es\/historiascondelantal\/?p=11440"},"modified":"2017-04-29T07:48:50","modified_gmt":"2017-04-29T05:48:50","slug":"divas-caricias-y-aplausos-en-la-cocina-del-teatro-bistrot","status":"publish","type":"post","link":"https:\/\/blogs.lasprovincias.es\/historiascondelantal\/2017\/04\/29\/divas-caricias-y-aplausos-en-la-cocina-del-teatro-bistrot\/","title":{"rendered":"Divas, caricias y aplausos en la cocina del Teatro Bistrot"},"content":{"rendered":"<p><a href=\"\/historiascondelantal\/wp-content\/uploads\/sites\/18\/2017\/04\/IMG_32501.jpeg\"><img loading=\"lazy\" class=\"aligncenter size-large wp-image-11455\" title=\"IMG_3250\" src=\"\/historiascondelantal\/wp-content\/uploads\/sites\/18\/2017\/04\/IMG_32501-e1493289731408.jpg\" alt=\"\" width=\"1024\" height=\"422\" \/><\/a><\/p>\n<p>El Teatro Bistrot es un lugar que encandila, que hechiza, que tiene magia. Un t\u00fanel en el tiempo que te acaba atrapando. Un espacio con alma que te va metiendo en su papel, como si fueras parte del libreto que se interpreta entre destellos e ingenios que hablan de ti. Porque<strong> la cocina del Bistrot es la cocina que habita en tus genes.<\/strong> Que te <strong><span style=\"color: #ffcc00;\">acaricia<\/span><\/strong> la piel: una gamba muy <span style=\"color: #ffcc00;\"><strong>diva<\/strong><\/span> que se convierte en beso; unas colmenillas endiosadas de sabor; unos guisantes que desatan tu admiraci\u00f3n, los <span style=\"color: #ffcc00;\"><strong>aplausos<\/strong><\/span>, una ovaci\u00f3n. Trufas con trufa y helados con an\u00eds.<strong> Javier, Borja y Sergio<\/strong>, organizando el gui\u00f3n, son los protagonistas de esta funci\u00f3n.<\/p>\n<p>&nbsp;<\/p>\n<p style=\"text-align: center;\"><span style=\"font-size: x-large;\">Qu&#8217;est-ce que le <strong>spectacle<\/strong>!<\/span><\/p>\n<p style=\"text-align: center;\"><a href=\"\/historiascondelantal\/wp-content\/uploads\/sites\/18\/2017\/04\/IMG_3253.jpeg\"><img loading=\"lazy\" class=\"aligncenter size-large wp-image-11450\" title=\"IMG_3253\" src=\"\/historiascondelantal\/wp-content\/uploads\/sites\/18\/2017\/04\/IMG_3253.jpg\" alt=\"\" width=\"1024\" height=\"768\" \/><\/a><\/p>\n<p style=\"text-align: center;\"><a href=\"\/historiascondelantal\/wp-content\/uploads\/sites\/18\/2017\/04\/IMG_3257.jpeg\"><img loading=\"lazy\" class=\"aligncenter size-large wp-image-11451\" title=\"IMG_3257\" src=\"\/historiascondelantal\/wp-content\/uploads\/sites\/18\/2017\/04\/IMG_3257.jpg\" alt=\"\" width=\"1024\" height=\"768\" \/><\/a><\/p>\n<p style=\"text-align: center;\"><!--more--><\/p>\n<p>Recorr\u00ed sus alrededores antes de llegar hasta all\u00ed. Sus sombras y sus luces, incluida la plaza donde antes luc\u00eda su hermosa terraza (ahora en litigio). Me di de bruces en mi paseo con un enorme torso de bronce y una hermosa columnata, que parec\u00eda tener vida. Viendo a esos gigantes e imaginando que iban a venir a por m\u00ed, lleg\u00f3\u00a0<strong>Sergio Sierra<\/strong>. &#8220;Bienvenido&#8221;, me susurr\u00f3 mientras observaba la fachada del Principal. Fue como decir <strong><span style=\"color: #ff0000;\">&#8220;Abracadabra&#8221;<\/span><\/strong>, porque a partir de ah\u00ed empez\u00f3 mi desembarco en el<strong> Teatro Bistrot<\/strong>.<\/p>\n<p><a href=\"\/historiascondelantal\/wp-content\/uploads\/sites\/18\/2017\/04\/IMG_20170422_130853_resized_20170424_075229794.jpg\"><img loading=\"lazy\" class=\"aligncenter size-large wp-image-11457\" title=\"IMG_20170422_130853_resized_20170424_075229794\" src=\"\/historiascondelantal\/wp-content\/uploads\/sites\/18\/2017\/04\/IMG_20170422_130853_resized_20170424_075229794.jpg\" alt=\"\" width=\"1024\" height=\"768\" srcset=\"https:\/\/static-blogs.lasprovincias.es\/wp-content\/uploads\/sites\/18\/2017\/04\/IMG_20170422_130853_resized_20170424_075229794.jpg 2080w, https:\/\/static-blogs.lasprovincias.es\/wp-content\/uploads\/sites\/18\/2017\/04\/IMG_20170422_130853_resized_20170424_075229794-300x225.jpg 300w, https:\/\/static-blogs.lasprovincias.es\/wp-content\/uploads\/sites\/18\/2017\/04\/IMG_20170422_130853_resized_20170424_075229794-768x576.jpg 768w, https:\/\/static-blogs.lasprovincias.es\/wp-content\/uploads\/sites\/18\/2017\/04\/IMG_20170422_130853_resized_20170424_075229794-1024x768.jpg 1024w\" sizes=\"(max-width: 1024px) 100vw, 1024px\" \/><\/a><\/p>\n<p><a href=\"\/historiascondelantal\/wp-content\/uploads\/sites\/18\/2017\/04\/Foto-24-4-17-21-32-24.jpg\"><img loading=\"lazy\" class=\"aligncenter size-large wp-image-11456\" title=\"Foto 24-4-17 21 32 24\" src=\"\/historiascondelantal\/wp-content\/uploads\/sites\/18\/2017\/04\/Foto-24-4-17-21-32-24.jpg\" alt=\"\" width=\"1024\" height=\"768\" srcset=\"https:\/\/static-blogs.lasprovincias.es\/wp-content\/uploads\/sites\/18\/2017\/04\/Foto-24-4-17-21-32-24.jpg 2080w, https:\/\/static-blogs.lasprovincias.es\/wp-content\/uploads\/sites\/18\/2017\/04\/Foto-24-4-17-21-32-24-300x225.jpg 300w, https:\/\/static-blogs.lasprovincias.es\/wp-content\/uploads\/sites\/18\/2017\/04\/Foto-24-4-17-21-32-24-768x576.jpg 768w, https:\/\/static-blogs.lasprovincias.es\/wp-content\/uploads\/sites\/18\/2017\/04\/Foto-24-4-17-21-32-24-1024x768.jpg 1024w\" sizes=\"(max-width: 1024px) 100vw, 1024px\" \/><\/a><\/p>\n<p><a href=\"\/historiascondelantal\/wp-content\/uploads\/sites\/18\/2017\/04\/IMG_20170422_131547_resized_20170424_075206730.jpg\"><img loading=\"lazy\" class=\"aligncenter size-large wp-image-11458\" title=\"IMG_20170422_131547_resized_20170424_075206730\" src=\"\/historiascondelantal\/wp-content\/uploads\/sites\/18\/2017\/04\/IMG_20170422_131547_resized_20170424_075206730.jpg\" alt=\"\" width=\"1024\" height=\"768\" srcset=\"https:\/\/static-blogs.lasprovincias.es\/wp-content\/uploads\/sites\/18\/2017\/04\/IMG_20170422_131547_resized_20170424_075206730.jpg 2080w, https:\/\/static-blogs.lasprovincias.es\/wp-content\/uploads\/sites\/18\/2017\/04\/IMG_20170422_131547_resized_20170424_075206730-300x225.jpg 300w, https:\/\/static-blogs.lasprovincias.es\/wp-content\/uploads\/sites\/18\/2017\/04\/IMG_20170422_131547_resized_20170424_075206730-768x576.jpg 768w, https:\/\/static-blogs.lasprovincias.es\/wp-content\/uploads\/sites\/18\/2017\/04\/IMG_20170422_131547_resized_20170424_075206730-1024x768.jpg 1024w\" sizes=\"(max-width: 1024px) 100vw, 1024px\" \/><\/a><\/p>\n<p>El cocinero y due\u00f1o, junto a\u00a0<strong>Carlos Bosch<\/strong>, de ese restaurante singular me invit\u00f3 a introducirme en su mundo: una bombonera convertida en casa de comidas que cristalizaba por todos los lados sensaciones que pululaban entre lo glamuroso y lo m\u00e1gico. Un lugar en el que viajar con la fantas\u00eda a trav\u00e9s de una mesa y sus platos. &#8220;A m\u00ed me da la sensaci\u00f3n de estar en la bodega de un barco antiguo&#8221;, confes\u00e9 nada m\u00e1s cruzar su estrecha puerta. Una vez all\u00ed, <strong>dej\u00e9 de ser un esp\u00eda para convertirme en espectador:<\/strong>\u00a0una especie de hombre pegado a dos ojos que volaban, a un paladar que gozaba y a un pu\u00f1ado de pensamientos que se encadenaban, como los actos de una obra de teatro.<\/p>\n<p style=\"text-align: center;\"><span style=\"font-size: medium;\">Una representaci\u00f3n culinaria,\u00a0<\/span><span style=\"font-size: medium; color: #000000;\"><strong><span style=\"color: #ffcc00;\">una trama ante la mesa<\/span><\/strong>,\u00a0<\/span><\/p>\n<p style=\"text-align: center;\"><strong style=\"color: #ff0000;\"><\/strong><span style=\"font-size: medium;\">una comedia feliz que a veces era canto celestial,<\/span><\/p>\n<p style=\"text-align: center;\"><span style=\"font-size: medium;\">\u00a0<\/span><span style=\"font-size: medium;\">a veces una \u00f3pera al yantar.<\/span><\/p>\n<p style=\"text-align: center;\"><span style=\"font-size: x-large;\">\u00a1<\/span><\/p>\n<p style=\"text-align: center;\"><a href=\"\/historiascondelantal\/wp-content\/uploads\/sites\/18\/2017\/04\/IMG_20170422_142610.jpg\"><img loading=\"lazy\" class=\"aligncenter size-large wp-image-11479\" title=\"s\" src=\"\/historiascondelantal\/wp-content\/uploads\/sites\/18\/2017\/04\/IMG_20170422_142610.jpg\" alt=\"\" width=\"1024\" height=\"765\" \/><\/a><\/p>\n<p>Sentado en una peque\u00f1a mesa, y sin darme cuenta, me fui convirtiendo en el protagonista principal de esa obra maestra. Porque,\u00a0<strong>si algo buscan<\/strong> en ese restaurante diminuto situado en los bajos del teatro Principal de Alicante es <strong>que el comensal sea el personaje central de su historia gastron\u00f3mica.<\/strong>Un tipo feliz acompa\u00f1ado por luces acogedoras, espejos juguetones\u00a0y\u00a0una hermosa barra de m\u00e1rmol blanco (como la de las antiguas cafeter\u00edas).<\/p>\n<p><a href=\"\/historiascondelantal\/wp-content\/uploads\/sites\/18\/2017\/04\/IMG_3180.jpg\"><img loading=\"lazy\" class=\"aligncenter size-full wp-image-11461\" title=\"IMG_3180\" src=\"\/historiascondelantal\/wp-content\/uploads\/sites\/18\/2017\/04\/IMG_3180.jpg\" alt=\"\" width=\"1024\" height=\"683\" srcset=\"https:\/\/static-blogs.lasprovincias.es\/wp-content\/uploads\/sites\/18\/2017\/04\/IMG_3180.jpg 1024w, https:\/\/static-blogs.lasprovincias.es\/wp-content\/uploads\/sites\/18\/2017\/04\/IMG_3180-300x200.jpg 300w, https:\/\/static-blogs.lasprovincias.es\/wp-content\/uploads\/sites\/18\/2017\/04\/IMG_3180-768x512.jpg 768w\" sizes=\"(max-width: 1024px) 100vw, 1024px\" \/><\/a><\/p>\n<p>&#8220;Lo reformamos todo en su momento&#8221;, me confes\u00f3 Sergio, mientras acariciaba con mi mirada las maderas nobles. \u00a0&#8220;Est\u00e1 hecho con materiales reciclados&#8221;, me hizo ver. El suelo es de un palacete; el lavabo, de un barco del siglo pasado (o quiz\u00e1 del anterior); y<strong>\u00a0<\/strong>el ambiente parec\u00eda haber sido tomado prestado de una antigua casona con encanto<strong>. &#8220;Parece hecho para so\u00f1ar&#8221;, dije. Y dej\u00e1ndome llevar, SO\u00d1\u00c9. <\/strong>Tal y como el restaurante me ped\u00eda.<\/p>\n<p><a href=\"\/historiascondelantal\/wp-content\/uploads\/sites\/18\/2017\/04\/IMG_5653.jpg\"><img loading=\"lazy\" class=\"aligncenter size-large wp-image-11480\" title=\"IMG_5653 (1280x853)\" src=\"\/historiascondelantal\/wp-content\/uploads\/sites\/18\/2017\/04\/IMG_5653.jpg\" alt=\"\" width=\"1024\" height=\"682\" \/><\/a><\/p>\n<p><strong>Javier Guindo<\/strong>, impecable, apareci\u00f3 en la escena como <strong>el ma\u00eetre perfecto<\/strong>. Me apeteci\u00f3 saludarle en franc\u00e9s. Despu\u00e9s de todo, el Bistrot me record\u00f3 al Par\u00eds de <strong>Toulouse Lautrec<\/strong>, con los caf\u00e9s\u00a0 de tertulias interminables y copas hasta el amanecer.<\/p>\n<p align=\"center\"><span style=\"font-size: x-large;\">&#8220;Comment allez-vous, monsieur?&#8221;<\/span><\/p>\n<p style=\"text-align: left;\" align=\"center\">Javier ayud\u00f3 a subir el tel\u00f3n de la representaci\u00f3n y fue haciendo de narrador de la historia. Entre bambalinas, jugaba con las cosas de la cocina <strong>Borja Mu\u00f1oz<\/strong> (otro entusiasta de la gastronom\u00eda con muchas ganas y futuro entre las manos). Mientras, <strong>Sergio Sierra<\/strong> iba enlazando unas cosas con otras para que todo funcionara. <strong><span style=\"color: #cc0000;\">Siempre con un objetivo final: que, como en las buenas comedias, el protagonista de la historia acabe su aventura (gastron\u00f3mica) feliz.<\/span><\/strong> (Con o sin perdiz).<\/p>\n<p>\u00a0<a href=\"\/historiascondelantal\/wp-content\/uploads\/sites\/18\/2017\/04\/IMG_32521.jpeg\"><br \/>\n<\/a><\/p>\n<p><a href=\"\/historiascondelantal\/wp-content\/uploads\/sites\/18\/2017\/04\/IMG_32601.jpeg\"><img loading=\"lazy\" class=\"aligncenter size-large wp-image-11468\" title=\"IMG_3260\" src=\"\/historiascondelantal\/wp-content\/uploads\/sites\/18\/2017\/04\/IMG_32601.jpg\" alt=\"\" width=\"1024\" height=\"768\" \/><\/a><\/p>\n<p><a href=\"\/historiascondelantal\/wp-content\/uploads\/sites\/18\/2017\/04\/IMG_3258.jpeg\"><img loading=\"lazy\" class=\"aligncenter size-large wp-image-11454\" title=\"IMG_3258\" src=\"\/historiascondelantal\/wp-content\/uploads\/sites\/18\/2017\/04\/IMG_3258-e1493287234570.jpg\" alt=\"\" width=\"1024\" height=\"593\" \/><\/a><\/p>\n<p><strong style=\"font-size: medium;\"><span style=\"color: #333333;\">I. Suena el cuc\u00fa<\/span>.\u00a0<\/strong><span style=\"color: #c10000; font-size: medium;\">Almendra marcona\/ Encurtidos<\/span><\/p>\n<p>Como si del cuc\u00fa que marca las horas se tratara, a la mesa llegaron los encurtidos limpiando boca y una almendra hechizada conect\u00e1ndote con la tierra (Alicante y sus andares) donde iba a transcurrir la historia. Un cuc\u00fa que te anuncia que comienza la funci\u00f3n. Una funci\u00f3n amable y distendida.<\/p>\n<p><a href=\"\/historiascondelantal\/wp-content\/uploads\/sites\/18\/2017\/04\/IMG_5678-copia1.jpg\"><img loading=\"lazy\" class=\"aligncenter size-full wp-image-11462\" title=\"IMG_5678 - copia\" src=\"\/historiascondelantal\/wp-content\/uploads\/sites\/18\/2017\/04\/IMG_5678-copia1.jpg\" alt=\"\" width=\"1024\" height=\"683\" srcset=\"https:\/\/static-blogs.lasprovincias.es\/wp-content\/uploads\/sites\/18\/2017\/04\/IMG_5678-copia1.jpg 1024w, https:\/\/static-blogs.lasprovincias.es\/wp-content\/uploads\/sites\/18\/2017\/04\/IMG_5678-copia1-300x200.jpg 300w, https:\/\/static-blogs.lasprovincias.es\/wp-content\/uploads\/sites\/18\/2017\/04\/IMG_5678-copia1-768x512.jpg 768w\" sizes=\"(max-width: 1024px) 100vw, 1024px\" \/><\/a><\/p>\n<p><a href=\"\/historiascondelantal\/wp-content\/uploads\/sites\/18\/2017\/04\/IMG_5671.jpg\"><img loading=\"lazy\" class=\"aligncenter size-large wp-image-11481\" title=\"IMG_5671 (1280x597)\" src=\"\/historiascondelantal\/wp-content\/uploads\/sites\/18\/2017\/04\/IMG_5671.jpg\" alt=\"\" width=\"1024\" height=\"477\" \/><\/a><\/p>\n<p>&nbsp;<\/p>\n<p><span style=\"font-size: medium;\"><strong><span style=\"color: #333333;\">II. En la ruta de la infancia.<\/span><\/strong><span style=\"color: #c10000;\"> Pan con tomate y all i oli<\/span><\/span><\/p>\n<p>Mientras me fui acomodando, y con mi cabeza liberando los pajarillos que llevo dentro, lleg\u00f3 Javier con una tradici\u00f3n deconstru\u00edda. O quiz\u00e1 reconstruida en una segunda piel. Un bocado que, si cierras los ojos, te habla del t\u00edpico pan con tomate o all i oli que sirven por costumbre en las casas de comida nada m\u00e1s empezar (y que tanta hambre apacigua, especialmente entre los peque\u00f1os). Rico a rabiar y divertido al comerlo con las manos, rompiendo protocolos.<\/p>\n<p><a href=\"\/historiascondelantal\/wp-content\/uploads\/sites\/18\/2017\/04\/IMG_5681.jpg\"><img loading=\"lazy\" class=\"aligncenter size-large wp-image-11483\" title=\"IMG_5681 (1280x825)\" src=\"\/historiascondelantal\/wp-content\/uploads\/sites\/18\/2017\/04\/IMG_5681.jpg\" alt=\"\" width=\"1024\" height=\"660\" \/><\/a><\/p>\n<p><a href=\"\/historiascondelantal\/wp-content\/uploads\/sites\/18\/2017\/04\/IMG_5687-copia.jpg\"><img loading=\"lazy\" class=\"aligncenter size-full wp-image-11463\" title=\"IMG_5687 - copia\" src=\"\/historiascondelantal\/wp-content\/uploads\/sites\/18\/2017\/04\/IMG_5687-copia.jpg\" alt=\"\" width=\"1024\" height=\"683\" srcset=\"https:\/\/static-blogs.lasprovincias.es\/wp-content\/uploads\/sites\/18\/2017\/04\/IMG_5687-copia.jpg 1024w, https:\/\/static-blogs.lasprovincias.es\/wp-content\/uploads\/sites\/18\/2017\/04\/IMG_5687-copia-300x200.jpg 300w, https:\/\/static-blogs.lasprovincias.es\/wp-content\/uploads\/sites\/18\/2017\/04\/IMG_5687-copia-768x512.jpg 768w\" sizes=\"(max-width: 1024px) 100vw, 1024px\" \/><\/a><\/p>\n<p>&nbsp;<\/p>\n<p><span style=\"font-size: medium;\"><span style=\"color: #333333;\"><strong>III. Cuando la sal mima el mar.<\/strong><\/span><span style=\"color: #c10000;\">\u00a0Salazones<\/span><\/span><\/p>\n<p>Enraizado de nuevo con su tierra: un contundente corte de at\u00fan y otro de huevas. Dos bocados que parec\u00edan anclados entre las caricias del tiempo y la sal: muerdes y recuerdas, muerdes y te traslada, muerdes y te engancha. Como la manzana prohibida. <strong><span style=\"color: #cc0000;\">Pura esencia.<\/span><\/strong> El regusto a lo salino. Al mar en salaz\u00f3n que te susurra viejas historias de anta\u00f1o. Historia de la gastronom\u00eda de una tierra que ten\u00eda en el mar su despensa, una extensi\u00f3n de su cultura y un glorioso acomodo para su paladar.<\/p>\n<p><a href=\"\/historiascondelantal\/wp-content\/uploads\/sites\/18\/2017\/04\/IMG_5697-copia.jpg\"><img loading=\"lazy\" class=\"aligncenter size-full wp-image-11464\" title=\"IMG_5697 - copia\" src=\"\/historiascondelantal\/wp-content\/uploads\/sites\/18\/2017\/04\/IMG_5697-copia.jpg\" alt=\"\" width=\"1024\" height=\"683\" srcset=\"https:\/\/static-blogs.lasprovincias.es\/wp-content\/uploads\/sites\/18\/2017\/04\/IMG_5697-copia.jpg 1024w, https:\/\/static-blogs.lasprovincias.es\/wp-content\/uploads\/sites\/18\/2017\/04\/IMG_5697-copia-300x200.jpg 300w, https:\/\/static-blogs.lasprovincias.es\/wp-content\/uploads\/sites\/18\/2017\/04\/IMG_5697-copia-768x512.jpg 768w\" sizes=\"(max-width: 1024px) 100vw, 1024px\" \/><\/a><\/p>\n<p>&nbsp;<\/p>\n<p><span style=\"font-size: medium;\"><span style=\"color: #333333;\"><strong>IV. Tierra abierta en canal:<\/strong><\/span> <span style=\"color: #c10000;\">Mantequilla de cabra y algas \/ Aceite de oliva<\/span><\/span><\/p>\n<p>Si con los salazones abr\u00edamos el mar en canal, con la manteca de cabra y algas (hecha por una artesana de Tibi que vive en su monta\u00f1a) y un maravilloso aceite de <a href=\"https:\/\/masiaelaltet.es\/\" target=\"_blank\" rel=\"external nofollow\"><strong>Mas\u00eda El Altet<\/strong><\/a>, Sergio logra poner, bajo el foco de <span style=\"color: #ff0000;\"><strong>la escena, la esencia de su tierra<\/strong><\/span>. Un queso que te habla del monte, de las cabras, de las hierbas que le alimentan. Y un aceite portentoso que es, siendo algo cursi y barroco, poes\u00eda del olivar. (Ganas de ir a visitar a la gente de Mas\u00eda El Altet en Ibi que, por cierto, es una promesa pendiente que tengo desde hace mucho tiempo). #saludosPetit<\/p>\n<p><a href=\"\/historiascondelantal\/wp-content\/uploads\/sites\/18\/2017\/04\/IMG_5691.jpg\"><img loading=\"lazy\" class=\"aligncenter size-large wp-image-11484\" title=\"IMG_5691 (1280x853)\" src=\"\/historiascondelantal\/wp-content\/uploads\/sites\/18\/2017\/04\/IMG_5691-e1493363049203.jpg\" alt=\"\" width=\"1024\" height=\"708\" \/><\/a><\/p>\n<p><a href=\"\/historiascondelantal\/wp-content\/uploads\/sites\/18\/2017\/04\/IMG_5696.jpg\"><img loading=\"lazy\" class=\"aligncenter size-large wp-image-11485\" title=\"IMG_5696 (1280x853)\" src=\"\/historiascondelantal\/wp-content\/uploads\/sites\/18\/2017\/04\/IMG_5696.jpg\" alt=\"\" width=\"1024\" height=\"682\" \/><\/a><\/p>\n<p>&nbsp;<\/p>\n<p><span style=\"font-size: medium;\"><span style=\"color: #333333;\"><strong>V. La fibra sensible<\/strong><\/span>. <span style=\"color: #c10000;\">La cena del pobre<\/span><\/span><\/p>\n<p>&#8220;Esto te va a hacer viajar&#8221;, me advirti\u00f3 con su mirada Sergio cuando coloc\u00f3 en mitad del escenario al nuevo protagonista de la divina gastrocomedia. Un plato que recreaba <strong><span style=\"color: #ff0000;\">la cena del pobre tradicional en Alcoi<\/span><\/strong> (que se toma la noche antes del d\u00eda del sorteo de la loter\u00eda nacional de Navidad). Huevos fritos con sardina de bota, acompa\u00f1ados con habas estofadas o pericana, que el cocinero del Teatro Bistrot hace suyo para convertirlo en algo muy especial. Una yema envuelve las habitas en su punto (peladas dos veces, libres de cualquier amargor), la clara hecha espuma, un trazo de pericana en sus bajos (pericana de verdad) y la sardina, m\u00e1s rebajada que la del plato original, d\u00e1ndole marcha a la obra. Me supo a canto angelical.<\/p>\n<p><a href=\"\/historiascondelantal\/wp-content\/uploads\/sites\/18\/2017\/04\/IMG_5698-copia.jpg\"><img loading=\"lazy\" title=\"IMG_5698 - copia\" src=\"\/historiascondelantal\/wp-content\/uploads\/sites\/18\/2017\/04\/IMG_5698-copia.jpg\" alt=\"\" width=\"1024\" height=\"683\" \/><\/a><\/p>\n<p>Ya ves&#8230; ando m\u00e1s po\u00e9tico de lo normal. Ser\u00e1 por esto de estar en un teatro. Hasta recitar\u00eda a <strong>Francisco de Quevedo<\/strong>, con permiso de<strong> Don Juan<\/strong> (Echanove), ya que hablamos de la cena del pobre&#8230;<\/p>\n<address style=\"text-align: center;\">&#8220;\u00bfQui\u00e9n hace al tuerto gal\u00e1n<\/address>\n<address style=\"text-align: center;\">y prudente al sin consejo?<\/address>\n<address style=\"text-align: center;\">\u00bfQui\u00e9n al avariento viejo<\/address>\n<address style=\"text-align: center;\">le sirve de r\u00edo Jord\u00e1n?<\/address>\n<address style=\"text-align: center;\">\u00bfQui\u00e9n hace de piedras pan,<\/address>\n<address style=\"text-align: center;\">sin ser el Dios verdadero?<\/address>\n<address style=\"text-align: center;\">\u00a0\u00a0\u00a0\u00a0\u00a0\u00a0\u00a0\u00a0\u00a0\u00a0\u00a0\u00a0\u00a0\u00a0\u00a0\u00a0\u00a0\u00a0\u00a0\u00a0\u00a0\u00a0\u00a0\u00a0\u00a0\u00a0\u00a0\u00a0\u00a0\u00a0\u00a0\u00a0\u00a0\u00a0\u00a0\u00a0\u00a0\u00a0\u00a0\u00a0\u00a0\u00a0\u00a0\u00a0 El dinero<\/address>\n<address style=\"text-align: center;\">\u00a0<\/address>\n<p>&nbsp;<\/p>\n<p><span style=\"font-size: medium;\"><strong>VI. El sombrero de tres picos.<\/strong> <span style=\"color: #c10000;\">Quisquilla de Santa Pola, alcachofa y anguila ahumada<\/span><\/span><\/p>\n<p><strong>Manuel de Falla<\/strong>, invitado en mis sue\u00f1os, hizo sonar a la orquesta. Tres picos para un sombrero culinario. Uno dulz\u00f3n y extraordinario que aportaba toda la elegancia al plato: la quisquilla de Santa Pola (totalmente seductora en boca). El segundo, crujiente, algo m\u00e1s \u00e1spero para mi gusto, pero interpretando el papel m\u00e1s duro de la escena: la alcachofa cocida en su punto extremo (casi dir\u00eda que a rajatabla). Y el tercero, b\u00e1sico,\u00a0 el jugo con la anguila ahumada, que era envolvente y sazonaba la historia. Tres picos para un sombrero que me puse para luego lanzarlo al aire gritando: &#8220;<em>chapeau<\/em>!&#8221;.<strong><span style=\"color: #ffcc00;\"> (TOP)<\/span><\/strong><\/p>\n<p><a href=\"\/historiascondelantal\/wp-content\/uploads\/sites\/18\/2017\/04\/IMG_5719-copia.jpg\"><img loading=\"lazy\" class=\"aligncenter size-full wp-image-11466\" title=\"IMG_5719 - copia\" src=\"\/historiascondelantal\/wp-content\/uploads\/sites\/18\/2017\/04\/IMG_5719-copia.jpg\" alt=\"\" width=\"1024\" height=\"683\" srcset=\"https:\/\/static-blogs.lasprovincias.es\/wp-content\/uploads\/sites\/18\/2017\/04\/IMG_5719-copia.jpg 1024w, https:\/\/static-blogs.lasprovincias.es\/wp-content\/uploads\/sites\/18\/2017\/04\/IMG_5719-copia-300x200.jpg 300w, https:\/\/static-blogs.lasprovincias.es\/wp-content\/uploads\/sites\/18\/2017\/04\/IMG_5719-copia-768x512.jpg 768w\" sizes=\"(max-width: 1024px) 100vw, 1024px\" \/><\/a><\/p>\n<p>&nbsp;<\/p>\n<p><span style=\"font-size: medium;\"><span style=\"color: #333333;\"><strong>VII. La diva roja.<\/strong><\/span> <span style=\"color: #c10000;\">Gamba de D\u00e9nia hervida en el Mediterr\u00e1neo<\/span><\/span><\/p>\n<p>Me rob\u00f3 el alma verla aparecer. Siempre he tenido devoci\u00f3n por ella. Y siempre me ha fascinado ver c\u00f3mo la trata cada cocinero. Hermosa la gamba roja apareci\u00f3 sobre el escenario tan divina como siempre. Sus rojos brillantes era vivos y elegantes. Como si fuera un vestido de <strong>Jean-Paul Gaultier<\/strong>, con coraza rosada y ojos azabache. &#8220;Te la sirvo tibia; creo que debe ser as\u00ed&#8221;, confes\u00f3 Sergio. Y al besarla, ya te puedo confesar que ca\u00ed rendido a sus pies. (Con un <strong>don Juan ante do\u00f1a In\u00e9s de Ulloa<\/strong>). &#8220;As\u00ed cualquiera me conquista&#8221;, suspir\u00e9 con los ojos cerrados y como un Tenorio entregado. Creo que aplaud\u00ed, como el espectador emocionado que no puede aguantar m\u00e1s su excitaci\u00f3n. \u00a0<strong><span style=\"color: #ffcc00;\">(TOP)<\/span><\/strong><\/p>\n<p><a href=\"\/historiascondelantal\/wp-content\/uploads\/sites\/18\/2017\/04\/IMG_5722-copia.jpg\"><img loading=\"lazy\" class=\"aligncenter size-full wp-image-11467\" title=\"IMG_5722 - copia\" src=\"\/historiascondelantal\/wp-content\/uploads\/sites\/18\/2017\/04\/IMG_5722-copia.jpg\" alt=\"\" width=\"1024\" height=\"683\" srcset=\"https:\/\/static-blogs.lasprovincias.es\/wp-content\/uploads\/sites\/18\/2017\/04\/IMG_5722-copia.jpg 1024w, https:\/\/static-blogs.lasprovincias.es\/wp-content\/uploads\/sites\/18\/2017\/04\/IMG_5722-copia-300x200.jpg 300w, https:\/\/static-blogs.lasprovincias.es\/wp-content\/uploads\/sites\/18\/2017\/04\/IMG_5722-copia-768x512.jpg 768w\" sizes=\"(max-width: 1024px) 100vw, 1024px\" \/><\/a><\/p>\n<p>&nbsp;<\/p>\n<p><span style=\"font-size: medium;\"><strong><span style=\"color: #333333;\">VIII. La elegancia del tenor.<\/span> <\/strong><span style=\"color: #c10000;\">At\u00fan escabechado con codium y chardonay<\/span><\/span><\/p>\n<p>Que el at\u00fan es un cl\u00e1sico, lo sabr\u00e1s. Que el escabeche forma parte de la tradici\u00f3n, tambi\u00e9n. Que se cuele en un men\u00fa gourmet, quiz\u00e1 ya no tanto porque parece algo de anta\u00f1o. En este caso estamos ante un bocado que se antoja endiablado, rico a rabiar y elegante como el que m\u00e1s. Todo a la vez. <span style=\"color: #ff0000;\"><strong>Un taco de at\u00fan como un tenor, con la orquesta del sabor a su alrededor.<\/strong><\/span> El codium conect\u00e1ndote con el mar; el chardonay, d\u00e1ndole toques \u00e1cidos pero al tiempo dulzones a un escabeche suave como una caricia. En la sala se escuch\u00f3 un &#8220;bravo&#8221;. Y el at\u00fan hizo de <strong>Pavaroti (Luciano)<\/strong>, con la grandeza que tiene este toro del mar.<\/p>\n<p><a href=\"\/historiascondelantal\/wp-content\/uploads\/sites\/18\/2017\/04\/IMG_5731-copia.jpg\"><img loading=\"lazy\" class=\"aligncenter size-full wp-image-11469\" title=\"IMG_5731 - copia\" src=\"\/historiascondelantal\/wp-content\/uploads\/sites\/18\/2017\/04\/IMG_5731-copia.jpg\" alt=\"\" width=\"1024\" height=\"683\" srcset=\"https:\/\/static-blogs.lasprovincias.es\/wp-content\/uploads\/sites\/18\/2017\/04\/IMG_5731-copia.jpg 1024w, https:\/\/static-blogs.lasprovincias.es\/wp-content\/uploads\/sites\/18\/2017\/04\/IMG_5731-copia-300x200.jpg 300w, https:\/\/static-blogs.lasprovincias.es\/wp-content\/uploads\/sites\/18\/2017\/04\/IMG_5731-copia-768x512.jpg 768w\" sizes=\"(max-width: 1024px) 100vw, 1024px\" \/><\/a><\/p>\n<p>&nbsp;<\/p>\n<p><span style=\"font-size: medium;\"><span style=\"color: #333333;\"><strong>IX. La bendita perdici\u00f3n<\/strong><\/span>.\u00a0<span style=\"color: #c10000;\">Guisantes, caldo de cocido, panceta y trufa negra<\/span><\/span><\/p>\n<p>&#8220;Del Maresme venimos para entregarnos con todo el coraz\u00f3n&#8221;, me dijeron los guisantes. He de decirte, ya que estamos en mitad del escenario, que me pudo la emoci\u00f3n. Los mir\u00e9 con ternura y olfate\u00e9 esa locura. Un mar de sensaciones gustativas se acumul\u00f3 en el paladar y \u00a0llen\u00e9 mi cuchara con premura. Sabore\u00e9 ese bendito manjar, que podr\u00eda ser mi perdici\u00f3n, y me sent\u00ed con la necesidad de ser como un <strong>Cyrano de Bergerac,<\/strong> escribi\u00e9ndole a todo el mundo cartas de amor dirigidas a unos guisantes que hablan de pasi\u00f3n. La trufa daba br\u00edo al espect\u00e1culo; \u00a0la panceta, un toque ahumado, y el caldo de ese cocido hecho al estilo de Aspe redondeaba lo que era otra obra maestra. Lujuria en el escenario. <strong><span style=\"color: #ffcc00;\">(TOP)<\/span><\/strong><\/p>\n<p><a href=\"\/historiascondelantal\/wp-content\/uploads\/sites\/18\/2017\/04\/IMG_5742-copia.jpg\"><img loading=\"lazy\" class=\"aligncenter size-full wp-image-11470\" title=\"IMG_5742 - copia\" src=\"\/historiascondelantal\/wp-content\/uploads\/sites\/18\/2017\/04\/IMG_5742-copia.jpg\" alt=\"\" width=\"1024\" height=\"683\" srcset=\"https:\/\/static-blogs.lasprovincias.es\/wp-content\/uploads\/sites\/18\/2017\/04\/IMG_5742-copia.jpg 1024w, https:\/\/static-blogs.lasprovincias.es\/wp-content\/uploads\/sites\/18\/2017\/04\/IMG_5742-copia-300x200.jpg 300w, https:\/\/static-blogs.lasprovincias.es\/wp-content\/uploads\/sites\/18\/2017\/04\/IMG_5742-copia-768x512.jpg 768w\" sizes=\"(max-width: 1024px) 100vw, 1024px\" \/><\/a><\/p>\n<p>&nbsp;<\/p>\n<p><span style=\"font-size: medium;\"><strong><span style=\"color: #333333;\">X. Maestr\u00eda en tres actos.<\/span><\/strong> <\/span><span style=\"color: #c10000;\"><span style=\"font-size: medium;\">Gallineta en 3 actos.\u00a0<\/span><\/span><span style=\"color: #af8c69; font-size: medium;\">H\u00edgado y escamas, Lomo y caldo, Arroz.<\/span><\/p>\n<p>La locura se desat\u00f3 cuando Javi y Sergio, mano a mano, me presentaron el que iba a ser uno de los momentos \u00e1lgidos de la representaci\u00f3n. (Y eso que ya hab\u00edan habido unos cuantos). Llegaron los<strong><span style=\"color: #ff0000;\"> higaditos de la gallineta<\/span><\/strong> presentados como si formaran parte de un tratado, para darte el bofet\u00f3n en boca. (Primeros aplausos espont\u00e1neos). Apareci\u00f3, divina ella, <strong><span style=\"color: #ff0000;\">la gallineta<\/span><\/strong> con su hermosa piel y textura perfecta, excesivamente suave en el paladar pero compensada con creces con el fondo de pescado que le acompa\u00f1aba. Un fondo que despertaba hasta tus m\u00e1s rec\u00f3nditos fantasmas para interpretar un aquelarre en honor de ese embrujo maravilloso que and\u00e1bamos viviendo en el peque\u00f1o gran teatro. (Hubo m\u00e1s aplausos).<\/p>\n<p><a href=\"\/historiascondelantal\/wp-content\/uploads\/sites\/18\/2017\/04\/IMG_5749-copia.jpg\"><img loading=\"lazy\" class=\"aligncenter size-full wp-image-11471\" title=\"IMG_5749 - copia\" src=\"\/historiascondelantal\/wp-content\/uploads\/sites\/18\/2017\/04\/IMG_5749-copia.jpg\" alt=\"\" width=\"1024\" height=\"683\" srcset=\"https:\/\/static-blogs.lasprovincias.es\/wp-content\/uploads\/sites\/18\/2017\/04\/IMG_5749-copia.jpg 1024w, https:\/\/static-blogs.lasprovincias.es\/wp-content\/uploads\/sites\/18\/2017\/04\/IMG_5749-copia-300x200.jpg 300w, https:\/\/static-blogs.lasprovincias.es\/wp-content\/uploads\/sites\/18\/2017\/04\/IMG_5749-copia-768x512.jpg 768w\" sizes=\"(max-width: 1024px) 100vw, 1024px\" \/><\/a><\/p>\n<p><a href=\"\/historiascondelantal\/wp-content\/uploads\/sites\/18\/2017\/04\/IMG_5753-copia.jpg\"><img loading=\"lazy\" class=\"aligncenter size-full wp-image-11472\" title=\"IMG_5753 - copia\" src=\"\/historiascondelantal\/wp-content\/uploads\/sites\/18\/2017\/04\/IMG_5753-copia.jpg\" alt=\"\" width=\"1024\" height=\"683\" srcset=\"https:\/\/static-blogs.lasprovincias.es\/wp-content\/uploads\/sites\/18\/2017\/04\/IMG_5753-copia.jpg 1024w, https:\/\/static-blogs.lasprovincias.es\/wp-content\/uploads\/sites\/18\/2017\/04\/IMG_5753-copia-300x200.jpg 300w, https:\/\/static-blogs.lasprovincias.es\/wp-content\/uploads\/sites\/18\/2017\/04\/IMG_5753-copia-768x512.jpg 768w\" sizes=\"(max-width: 1024px) 100vw, 1024px\" \/><\/a><a href=\"\/historiascondelantal\/wp-content\/uploads\/sites\/18\/2017\/04\/IMG_5760-copia.jpg\"><img loading=\"lazy\" class=\"aligncenter size-full wp-image-11473\" title=\"IMG_5760 - copia\" src=\"\/historiascondelantal\/wp-content\/uploads\/sites\/18\/2017\/04\/IMG_5760-copia.jpg\" alt=\"\" width=\"1024\" height=\"683\" srcset=\"https:\/\/static-blogs.lasprovincias.es\/wp-content\/uploads\/sites\/18\/2017\/04\/IMG_5760-copia.jpg 1024w, https:\/\/static-blogs.lasprovincias.es\/wp-content\/uploads\/sites\/18\/2017\/04\/IMG_5760-copia-300x200.jpg 300w, https:\/\/static-blogs.lasprovincias.es\/wp-content\/uploads\/sites\/18\/2017\/04\/IMG_5760-copia-768x512.jpg 768w\" sizes=\"(max-width: 1024px) 100vw, 1024px\" \/><\/a><\/p>\n<p>Las l\u00e1grimas se escaparon cuando apareci\u00f3 <strong><span style=\"color: #ff0000;\">el arro<\/span><\/strong>z. Bombazo en mitad de la sala. &#8220;Coge un plato y vamos a compartirlo&#8221;, le ped\u00ed, por favor, a Sergio que me contaba historias por la sala. Fue un gran momento. A los dos se nos puso los pelos de punta, la piel de gallina, como la gallineta que nos alegraba esa extraordinaria algarab\u00eda teatral. Sonaron los &#8216;hurras&#8217; en mi interior. Con fuerza. Con vigor. Como si la <strong>Callas<\/strong> nos cantara su versi\u00f3n m\u00e1s hermosa de la<strong> Mamma Morta<\/strong> y se desatara la m\u00e1s absoluta emoci\u00f3n.<\/p>\n<p><a href=\"\/historiascondelantal\/wp-content\/uploads\/sites\/18\/2017\/04\/IMG_5769-copia.jpg\"><img loading=\"lazy\" class=\"aligncenter size-full wp-image-11474\" title=\"IMG_5769 - copia\" src=\"\/historiascondelantal\/wp-content\/uploads\/sites\/18\/2017\/04\/IMG_5769-copia.jpg\" alt=\"\" width=\"1024\" height=\"683\" srcset=\"https:\/\/static-blogs.lasprovincias.es\/wp-content\/uploads\/sites\/18\/2017\/04\/IMG_5769-copia.jpg 1024w, https:\/\/static-blogs.lasprovincias.es\/wp-content\/uploads\/sites\/18\/2017\/04\/IMG_5769-copia-300x200.jpg 300w, https:\/\/static-blogs.lasprovincias.es\/wp-content\/uploads\/sites\/18\/2017\/04\/IMG_5769-copia-768x512.jpg 768w\" sizes=\"(max-width: 1024px) 100vw, 1024px\" \/><\/a><\/p>\n<p>&nbsp;<\/p>\n<p><span style=\"font-size: medium;\"><span style=\"color: #333333;\"><strong>XI. Un profundo beso de amor.<\/strong><\/span> <span style=\"color: #c10000;\">Colmenillas en su jugo cremoso<\/span><\/span><\/p>\n<p>Cre\u00ed que ya hab\u00eda tocado las nubes e incluso me hab\u00eda anclado a ellas. De hecho, me enfrent\u00e9 a las colmenillas como quien va a pasar un tr\u00e1mite: dejar correr la trama para llegar ya al final despu\u00e9s de todo lo vivido. Pero como en las buenas pel\u00edculas, a\u00fan quedaba otra gran sorpresa. Y era un paseo extraordinario por el monte, con las colmenillas como protagonistas impresionantes de esa parte final de la trama<strong><span style=\"color: #ff0000;\">. Ocultas bajo un jugo de carne excepcional me llevaron al \u00e9xtasis total.<\/span><\/strong> As\u00ed es. Ver\u00eddico, tal cual. Como cuando los novios se besan en una pel\u00edcula de amor y la pasi\u00f3n se desliza m\u00e1s all\u00e1 del celuloide. <strong><span style=\"color: #ffcc00;\">(SUPERTOP)<\/span><\/strong><\/p>\n<p><a href=\"\/historiascondelantal\/wp-content\/uploads\/sites\/18\/2017\/04\/IMG_5776.jpg\"><img loading=\"lazy\" class=\"aligncenter size-large wp-image-11487\" title=\"IMG_5776 (1280x853)\" src=\"\/historiascondelantal\/wp-content\/uploads\/sites\/18\/2017\/04\/IMG_5776.jpg\" alt=\"\" width=\"1024\" height=\"682\" \/><\/a><\/p>\n<p>&nbsp;<\/p>\n<p><span style=\"font-size: medium;\"><span style=\"color: #333333;\"><strong>XII. Y el mago sac\u00f3 la chistera.<\/strong><\/span> <span style=\"color: #c10000;\">Conejo con tomate<\/span><\/span><\/p>\n<p>Y el mago sac\u00f3 de la chistera el conejo, con una salsa de tomate hecha de tradici\u00f3n. Rico, la verdad. Aunque yo hab\u00eda rozado ya todo lo rozable con los dedos. Ten\u00eda sus hierbas y su vida. Su historia y sus esencias. Era esa recta final de campanillas que siempre acompa\u00f1a las buenas fiestas. Un bocado lleno de reflexi\u00f3n que hablaba abiertamente de felicidad.<strong><span style=\"color: #ff0000;\"> El teatro se hab\u00eda llenado de luces. No hab\u00eda sombras en el Bistrot.<\/span><\/strong><\/p>\n<p><a href=\"\/historiascondelantal\/wp-content\/uploads\/sites\/18\/2017\/04\/IMG_5782.jpg\"><img loading=\"lazy\" class=\"aligncenter size-full wp-image-11475\" title=\"IMG_5782\" src=\"\/historiascondelantal\/wp-content\/uploads\/sites\/18\/2017\/04\/IMG_5782.jpg\" alt=\"\" width=\"1024\" height=\"683\" srcset=\"https:\/\/static-blogs.lasprovincias.es\/wp-content\/uploads\/sites\/18\/2017\/04\/IMG_5782.jpg 1024w, https:\/\/static-blogs.lasprovincias.es\/wp-content\/uploads\/sites\/18\/2017\/04\/IMG_5782-300x200.jpg 300w, https:\/\/static-blogs.lasprovincias.es\/wp-content\/uploads\/sites\/18\/2017\/04\/IMG_5782-768x512.jpg 768w\" sizes=\"(max-width: 1024px) 100vw, 1024px\" \/><\/a><\/p>\n<p>&nbsp;<\/p>\n<p><span style=\"font-size: medium;\"><strong>XIII. Una sorpresa sorpresiva<\/strong>. <span style=\"color: #c10000;\">Montadito de morcilla de Mat\u00edas<\/span><\/span><\/p>\n<p>Pura arquitectura para llenarte la boca de nuevas esencias. Est\u00e9ticamente impecable, sorprendente en mitad de tanta historia volando alrededor. Era como decirte que <strong><span style=\"color: #ff0000;\">el tarro de la magia se hab\u00eda derramado&#8230; y no quer\u00eda cesar de emanar alquimias.<\/span><\/strong><\/p>\n<p><a href=\"\/historiascondelantal\/wp-content\/uploads\/sites\/18\/2017\/04\/IMG_20170423_085738_963-1280x1280.jpg\"><img loading=\"lazy\" class=\"aligncenter size-large wp-image-11490\" title=\"IMG_20170423_085738_963 (1280x1280)\" src=\"\/historiascondelantal\/wp-content\/uploads\/sites\/18\/2017\/04\/IMG_20170423_085738_963-1280x1280-1024x1024.jpg\" alt=\"\" width=\"1024\" height=\"1024\" srcset=\"https:\/\/static-blogs.lasprovincias.es\/wp-content\/uploads\/sites\/18\/2017\/04\/IMG_20170423_085738_963-1280x1280-1024x1024.jpg 1024w, https:\/\/static-blogs.lasprovincias.es\/wp-content\/uploads\/sites\/18\/2017\/04\/IMG_20170423_085738_963-1280x1280-150x150.jpg 150w, https:\/\/static-blogs.lasprovincias.es\/wp-content\/uploads\/sites\/18\/2017\/04\/IMG_20170423_085738_963-1280x1280-300x300.jpg 300w, https:\/\/static-blogs.lasprovincias.es\/wp-content\/uploads\/sites\/18\/2017\/04\/IMG_20170423_085738_963-1280x1280-768x768.jpg 768w, https:\/\/static-blogs.lasprovincias.es\/wp-content\/uploads\/sites\/18\/2017\/04\/IMG_20170423_085738_963-1280x1280.jpg 1280w\" sizes=\"(max-width: 1024px) 100vw, 1024px\" \/><\/a><a href=\"\/historiascondelantal\/wp-content\/uploads\/sites\/18\/2017\/04\/IMG_20170423_085633_153-1280x1280.jpg\"><img loading=\"lazy\" class=\"aligncenter size-large wp-image-11489\" title=\"IMG_20170423_085633_153 (1280x1280)\" src=\"\/historiascondelantal\/wp-content\/uploads\/sites\/18\/2017\/04\/IMG_20170423_085633_153.jpg\" alt=\"\" width=\"1024\" height=\"1024\" \/><\/a><a href=\"\/historiascondelantal\/wp-content\/uploads\/sites\/18\/2017\/04\/IMG_20170423_085536_017.jpg\"><img loading=\"lazy\" class=\"aligncenter size-large wp-image-11488\" title=\"IMG_20170423_085536_017 (1280x1280)\" src=\"\/historiascondelantal\/wp-content\/uploads\/sites\/18\/2017\/04\/IMG_20170423_085536_017.jpg\" alt=\"\" width=\"1024\" height=\"1024\" \/><\/a><\/p>\n<p>&nbsp;<\/p>\n<p><span style=\"font-size: medium;\"><strong>XIV. Una apuesta por la verdad.<\/strong><span style=\"color: #c10000;\"> Quesos del Mediterr\u00e1neo: <span style=\"color: #af8c69;\">Servilleta de la Loma, San Isidro, Pe\u00f1a blanca<\/span><\/span><\/span><\/p>\n<p>Empujando hacia la sobremesa, llegaron tres quesos con rostro, de esos que hablan de su gente. De los protagonistas. Y me gust\u00f3. No s\u00f3lo porque estaban divinos (aunque mi apetito estaba saciado de largo) sino porque ten\u00edan detr\u00e1s de si toda una obra de teatro. Por cierto, el San Isidro (azul con toques dulzones) me pudo. El Pe\u00f1a Blanca, intensos y vivo, me sac\u00f3 a bailar.<strong><span style=\"color: #ff0000;\"> Gloria al queso. Hurra a la verdad.<\/span><\/strong><\/p>\n<p><a href=\"\/historiascondelantal\/wp-content\/uploads\/sites\/18\/2017\/04\/IMG_5789.jpg\"><img loading=\"lazy\" class=\"aligncenter size-full wp-image-11476\" title=\"IMG_5789\" src=\"\/historiascondelantal\/wp-content\/uploads\/sites\/18\/2017\/04\/IMG_5789.jpg\" alt=\"\" width=\"1024\" height=\"683\" srcset=\"https:\/\/static-blogs.lasprovincias.es\/wp-content\/uploads\/sites\/18\/2017\/04\/IMG_5789.jpg 1024w, https:\/\/static-blogs.lasprovincias.es\/wp-content\/uploads\/sites\/18\/2017\/04\/IMG_5789-300x200.jpg 300w, https:\/\/static-blogs.lasprovincias.es\/wp-content\/uploads\/sites\/18\/2017\/04\/IMG_5789-768x512.jpg 768w\" sizes=\"(max-width: 1024px) 100vw, 1024px\" \/><\/a><\/p>\n<p>&nbsp;<\/p>\n<p><span style=\"font-size: medium;\"><strong><span style=\"color: #333333;\">XV. El final de la funci\u00f3n. <\/span><\/strong><span style=\"color: #333333;\"><span style=\"color: #c10000;\">Trufa de trufa y otras frivolidades<\/span><\/span><\/span><\/p>\n<p>El tel\u00f3n baj\u00f3 con un bocado divertido, al tiempo que atrevido, en el que el chocolate pon\u00eda el entusiasmo; la tierra de setas, la osad\u00eda, y la trufa, elevaba al m\u00e1ximo el instante. Luego lleg\u00f3 la tertulia y con palabras reflexivas se fueron apagando las luces. Un polo de fresa y an\u00eds tenis, un<em> financier<\/em> de d\u00e1til y un bomb\u00f3n de chocolate y turr\u00f3n&#8230;. fueron difuminando la escena. Quiz\u00e1 como si todo aquello hubiese sido un sue\u00f1o. A lo<strong> Calder\u00f3n de la Barca<\/strong>.\u00a0 Qu\u00e9 te voy a decir que ya no sepas&#8230;<\/p>\n<address style=\"text-align: right;\"><span style=\"font-size: medium;\">&#8220;La vida es sue\u00f1o, <\/span><\/address>\n<address style=\"text-align: right;\"><span style=\"font-size: medium;\">y los sue\u00f1os, sue\u00f1os son&#8221;<\/span><\/address>\n<p><a href=\"\/historiascondelantal\/wp-content\/uploads\/sites\/18\/2017\/04\/IMG_5795.jpg\"><img loading=\"lazy\" class=\"aligncenter size-full wp-image-11477\" title=\"IMG_5795\" src=\"\/historiascondelantal\/wp-content\/uploads\/sites\/18\/2017\/04\/IMG_5795.jpg\" alt=\"\" width=\"1024\" height=\"683\" srcset=\"https:\/\/static-blogs.lasprovincias.es\/wp-content\/uploads\/sites\/18\/2017\/04\/IMG_5795.jpg 1024w, https:\/\/static-blogs.lasprovincias.es\/wp-content\/uploads\/sites\/18\/2017\/04\/IMG_5795-300x200.jpg 300w, https:\/\/static-blogs.lasprovincias.es\/wp-content\/uploads\/sites\/18\/2017\/04\/IMG_5795-768x512.jpg 768w\" sizes=\"(max-width: 1024px) 100vw, 1024px\" \/><\/a><\/p>\n<p>&nbsp;<\/p>\n<p>Recuerdo, que en la puerta, me dije:<span style=\"color: #ff0000;\"> <strong>&#8220;no entiendo como en Alicante no hay cola para venir aqu\u00ed, y las entradas del Teatro Bistrot est\u00e1n agotadas&#8221;<\/strong>.<\/span> Y con mis reflexiones y mi teatro me fui a otra parte (acompa\u00f1ado de un buen colega gastron\u00f3mico #saludosdonCarlosMartinez). De hecho acab\u00e9 con un contundente ba\u00f1o de realidad en <strong>El Portal<\/strong>, otro local que pilotan Sergio Sierra y Carlos Bosch. Pero ese es otro cantar. Un lugar de \u00e9xito en el que la emoci\u00f3n se desborda a diario entre bocados de<span style=\"color: #c10000;\"> <strong>cangrejo real<\/strong><\/span> (que es de otra dimensi\u00f3n),\u00a0 un rico arenque (muy logrado \u00e9l y que acompa\u00f1a a los men\u00fas de Sergio desde hace a\u00f1os) ) o <strong><span style=\"color: #c10000;\">pepitos de ternera<\/span><\/strong> con manteca de trufa, que son de llorar. Pero lo dicho, esa es otra maravillosa realidad&#8230;.<\/p>\n<p><a href=\"\/historiascondelantal\/wp-content\/uploads\/sites\/18\/2017\/04\/IMG_5813.jpg\"><img loading=\"lazy\" class=\"aligncenter size-full wp-image-11478\" title=\"IMG_5813\" src=\"\/historiascondelantal\/wp-content\/uploads\/sites\/18\/2017\/04\/IMG_5813.jpg\" alt=\"\" width=\"1024\" height=\"683\" srcset=\"https:\/\/static-blogs.lasprovincias.es\/wp-content\/uploads\/sites\/18\/2017\/04\/IMG_5813.jpg 1024w, https:\/\/static-blogs.lasprovincias.es\/wp-content\/uploads\/sites\/18\/2017\/04\/IMG_5813-300x200.jpg 300w, https:\/\/static-blogs.lasprovincias.es\/wp-content\/uploads\/sites\/18\/2017\/04\/IMG_5813-768x512.jpg 768w\" sizes=\"(max-width: 1024px) 100vw, 1024px\" \/><\/a><\/p>\n<p style=\"text-align: left;\">La funci\u00f3n acab\u00f3. Pero la gastronom\u00eda seguir\u00e1.\u00a0 Habr\u00e1 m\u00e1s de Sergio y de Carlos. Y de otras HISTORIAS CON DELANTAL. Y posiblemente, de nuevo, invitemos al escenario a los amigos de los sue\u00f1os y de las parodias, de las comedias y del\u00a0<em>bel canto<\/em>, a acompa\u00f1arnos entre los vericuetos de cualquier mesa. Invitaremos de nuevo a<strong>\u00a0Quevedo y a Cyrano, a la Callas y a Luciano, a Calder\u00f3n de la Barca y a Toulouse Lautrec, a Don Juan y a Do\u00f1a In\u00e9s, a Gaultier y a <span style=\"color: #ff0000;\">cualquiera que quiera so\u00f1ar comiendo. O comer so\u00f1ando.<\/span><\/strong><\/p>\n<p style=\"text-align: left;\"><a href=\"\/historiascondelantal\/wp-content\/uploads\/sites\/18\/2017\/04\/IMG_3265.jpeg\"><img loading=\"lazy\" class=\"aligncenter size-large wp-image-11491\" title=\"IMG_3265\" src=\"\/historiascondelantal\/wp-content\/uploads\/sites\/18\/2017\/04\/IMG_3265.jpg\" alt=\"\" width=\"1024\" height=\"768\" \/><\/a><\/p>\n<!-- AddThis Advanced Settings generic via filter on the_content --><!-- AddThis Share Buttons generic via filter on the_content -->","protected":false},"excerpt":{"rendered":"<p>El Teatro Bistrot es un lugar que encandila, que hechiza, que tiene magia. Un t\u00fanel en el tiempo que te acaba atrapando. Un espacio con alma que te va metiendo en su papel, como si fueras parte del libreto que se interpreta entre destellos e ingenios que hablan de ti. Porque la cocina del Bistrot [&hellip;]<!-- AddThis Advanced Settings generic via filter on get_the_excerpt --><!-- AddThis Share Buttons generic via filter on get_the_excerpt --><\/p>\n","protected":false},"author":23,"featured_media":0,"comment_status":"open","ping_status":"open","sticky":false,"template":"","format":"standard","meta":[],"categories":[2,3,4,5,6,7],"tags":[1142,45,1144,195,1146,367,1150,1152,1153,1007,1048,1050],"_links":{"self":[{"href":"https:\/\/blogs.lasprovincias.es\/historiascondelantal\/wp-json\/wp\/v2\/posts\/11823"}],"collection":[{"href":"https:\/\/blogs.lasprovincias.es\/historiascondelantal\/wp-json\/wp\/v2\/posts"}],"about":[{"href":"https:\/\/blogs.lasprovincias.es\/historiascondelantal\/wp-json\/wp\/v2\/types\/post"}],"author":[{"embeddable":true,"href":"https:\/\/blogs.lasprovincias.es\/historiascondelantal\/wp-json\/wp\/v2\/users\/23"}],"replies":[{"embeddable":true,"href":"https:\/\/blogs.lasprovincias.es\/historiascondelantal\/wp-json\/wp\/v2\/comments?post=11823"}],"version-history":[{"count":0,"href":"https:\/\/blogs.lasprovincias.es\/historiascondelantal\/wp-json\/wp\/v2\/posts\/11823\/revisions"}],"wp:attachment":[{"href":"https:\/\/blogs.lasprovincias.es\/historiascondelantal\/wp-json\/wp\/v2\/media?parent=11823"}],"wp:term":[{"taxonomy":"category","embeddable":true,"href":"https:\/\/blogs.lasprovincias.es\/historiascondelantal\/wp-json\/wp\/v2\/categories?post=11823"},{"taxonomy":"post_tag","embeddable":true,"href":"https:\/\/blogs.lasprovincias.es\/historiascondelantal\/wp-json\/wp\/v2\/tags?post=11823"}],"curies":[{"name":"wp","href":"https:\/\/api.w.org\/{rel}","templated":true}]}}