{"id":12023,"date":"2017-06-04T11:00:37","date_gmt":"2017-06-04T09:00:37","guid":{"rendered":"http:\/\/blogs.lasprovincias.es\/historiascondelantal\/?p=12023"},"modified":"2017-06-04T15:12:27","modified_gmt":"2017-06-04T13:12:27","slug":"viaje-estratosferico-al-celler-de-can-roca","status":"publish","type":"post","link":"https:\/\/blogs.lasprovincias.es\/historiascondelantal\/2017\/06\/04\/viaje-estratosferico-al-celler-de-can-roca\/","title":{"rendered":"Viaje estratosf\u00e9rico al Celler de Can Roca"},"content":{"rendered":"<p>Su apellido forma parte de la galaxia gastron\u00f3mica. \u00abLos mejores del mundo\u00bb, les han calificado una y otra vez las listas m\u00e1s reputadas. Pese a todo, ellos siguen siendo<span style=\"color: #f2ac66;\"> <strong>Joan, Josep y Jordi: cuiner, cambrer de vins y pastisser<\/strong>.<\/span><\/p>\n<div id=\"attachment_12024\" style=\"width: 1034px\" class=\"wp-caption alignnone\"><a href=\"https:\/\/static-blogs.lasprovincias.es\/wp-content\/uploads\/sites\/18\/2017\/06\/IMG_3711.jpeg\"><img aria-describedby=\"caption-attachment-12024\" loading=\"lazy\" class=\"wp-image-12024 size-large\" src=\"https:\/\/static-blogs.lasprovincias.es\/wp-content\/uploads\/sites\/18\/2017\/06\/IMG_3711-1024x705.jpeg\" alt=\"img_3711\" width=\"1024\" height=\"705\" srcset=\"https:\/\/static-blogs.lasprovincias.es\/wp-content\/uploads\/sites\/18\/2017\/06\/IMG_3711-1024x705.jpeg 1024w, https:\/\/static-blogs.lasprovincias.es\/wp-content\/uploads\/sites\/18\/2017\/06\/IMG_3711-300x207.jpeg 300w, https:\/\/static-blogs.lasprovincias.es\/wp-content\/uploads\/sites\/18\/2017\/06\/IMG_3711-768x529.jpeg 768w\" sizes=\"(max-width: 1024px) 100vw, 1024px\" \/><\/a><p id=\"caption-attachment-12024\" class=\"wp-caption-text\">Montaje elaborado con fotograf\u00edas propiedad del Celler de Can Roca<\/p><\/div>\n<p style=\"text-align: center;\">Celler de Can <span style=\"color: #e8b848;\"><strong>R<\/strong><\/span>oca<\/p>\n<h1 style=\"text-align: center;\">EST<span style=\"color: #e8b848;\">R<\/span>ATOSF\u00c9<span style=\"color: #000000;\">R<\/span>ICO<\/h1>\n<p style=\"text-align: right;\"><em>Reportaje fotogr\u00e1fico\u00a0\u00a9Jes\u00fasTrelis\u00a0<\/em><\/p>\n<p style=\"text-align: center;\"><a href=\"https:\/\/static-blogs.lasprovincias.es\/wp-content\/uploads\/sites\/18\/2017\/06\/IMG_9491.jpg\"><img loading=\"lazy\" class=\"alignnone size-large wp-image-12040\" src=\"https:\/\/static-blogs.lasprovincias.es\/wp-content\/uploads\/sites\/18\/2017\/06\/IMG_9491-1024x683.jpg\" alt=\"img_9491\" width=\"1024\" height=\"683\" srcset=\"https:\/\/static-blogs.lasprovincias.es\/wp-content\/uploads\/sites\/18\/2017\/06\/IMG_9491.jpg 1024w, https:\/\/static-blogs.lasprovincias.es\/wp-content\/uploads\/sites\/18\/2017\/06\/IMG_9491-300x200.jpg 300w, https:\/\/static-blogs.lasprovincias.es\/wp-content\/uploads\/sites\/18\/2017\/06\/IMG_9491-768x512.jpg 768w\" sizes=\"(max-width: 1024px) 100vw, 1024px\" \/><\/a><\/p>\n<p><!--more--><\/p>\n<p>De vuelta de la Galaxia Roca me encontr\u00e9, en el s\u00e9ptimo cielo, con un ni\u00f1o alado sentado sobre una nube. \u00ab\u00bfQu\u00e9 tal fue por all\u00ed arriba?\u00bb, me pregunt\u00f3. Desbordado a\u00fan por lo vivido, suspir\u00e9. <strong>\u00ab\u00bfQu\u00e9 es para ti estratosf\u00e9rico?\u00bb<\/strong>, le repregunt\u00e9. El peque\u00f1o mascull\u00f3 inquieto y respondi\u00f3 resabiado. \u00ab\u00bfEstratosf\u00e9rico? \u00a1Pues a qu\u00e9 me va a sonar! A bestia; es como irte a la Luna,<strong><span style=\"color: #f2ac66;\"> algo colosal, de otro planeta<\/span><\/strong>&#8230; Yo lo entiendo as\u00ed\u00bb, sentenci\u00f3 grandilocuente como el palabro con el que est\u00e1bamos jugando. \u00abPues t\u00fa lo has dicho\u00bb, sentenci\u00e9 observando el Universo. \u00abMi primera experiencia en El Celler ha sido estratosf\u00e9rica\u00bb, subray\u00e9.<\/p>\n<p style=\"text-align: center;\"><a href=\"https:\/\/static-blogs.lasprovincias.es\/wp-content\/uploads\/sites\/18\/2017\/06\/IMG_0051.jpg\"><img loading=\"lazy\" class=\"alignnone size-large wp-image-12027\" src=\"https:\/\/static-blogs.lasprovincias.es\/wp-content\/uploads\/sites\/18\/2017\/06\/IMG_0051-1024x683.jpg\" alt=\"img_0051\" width=\"1024\" height=\"683\" srcset=\"https:\/\/static-blogs.lasprovincias.es\/wp-content\/uploads\/sites\/18\/2017\/06\/IMG_0051.jpg 1024w, https:\/\/static-blogs.lasprovincias.es\/wp-content\/uploads\/sites\/18\/2017\/06\/IMG_0051-300x200.jpg 300w, https:\/\/static-blogs.lasprovincias.es\/wp-content\/uploads\/sites\/18\/2017\/06\/IMG_0051-768x512.jpg 768w\" sizes=\"(max-width: 1024px) 100vw, 1024px\" \/><\/a><\/p>\n<p style=\"text-align: left;\">Respond\u00ed con un t\u00e9rmino algo hiperb\u00f3lico quiz\u00e1 porque segu\u00eda atrapado por la emoci\u00f3n. Y porque \u2013posiblemente, s\u00f3lo posiblemente\u2013 no hay experiencia gastron\u00f3mica m\u00e1s hermosa que el primer bautismo de El Celler. \u00abLlegu\u00e9 ingenuo \u2013le dije al peque\u00f1o alado\u2013 y me he ido rematadamente enamorado\u00bb. Sin saber que, en verdad, lo m\u00edo no era s\u00f3lo amor sino obsesi\u00f3n. De hecho, sigo recordando cada instante, cada bocado y cada paso que di desde que sub\u00ed aquella rampa estrecha y dej\u00e9 a los Roca flotando entre sus astros.<\/p>\n<p style=\"text-align: left;\">Aquel d\u00eda me sent\u00ed como <strong>George M\u00e9li\u00e8s<\/strong> a punto de filmar un particular Viaje a la Luna. O mejor, a la Galaxia. Sub\u00ed la rampa de acceso con las mariposas mordisqueando mi est\u00f3mago y la curiosidad taladrando mis pensamientos. La primera escena es seductora a m\u00e1s no poder: la hiedra te rodea, una lluvia de flores blancas te agasaja, hermosas petunias multicolores decoran las mesas de madera ajada y una primera copa de champ\u00e1n, <strong>Fallet-Pr\u00e9vostat Extra Brut<\/strong> (le\u00ed), pone el acento al momento, como advirti\u00e9ndote que emprendes una traves\u00eda muy especial.<\/p>\n<h3 style=\"text-align: center;\"><span style=\"color: #f2ac66;\">&#8220;Lluvia de flores blancas&#8230;<\/span><\/h3>\n<p style=\"text-align: center;\"><a href=\"https:\/\/static-blogs.lasprovincias.es\/wp-content\/uploads\/sites\/18\/2017\/06\/IMG_9435.jpg\"><img loading=\"lazy\" class=\"alignnone size-large wp-image-12031\" src=\"https:\/\/static-blogs.lasprovincias.es\/wp-content\/uploads\/sites\/18\/2017\/06\/IMG_9435-1024x683.jpg\" alt=\"img_9435\" width=\"1024\" height=\"683\" srcset=\"https:\/\/static-blogs.lasprovincias.es\/wp-content\/uploads\/sites\/18\/2017\/06\/IMG_9435.jpg 1024w, https:\/\/static-blogs.lasprovincias.es\/wp-content\/uploads\/sites\/18\/2017\/06\/IMG_9435-300x200.jpg 300w, https:\/\/static-blogs.lasprovincias.es\/wp-content\/uploads\/sites\/18\/2017\/06\/IMG_9435-768x512.jpg 768w\" sizes=\"(max-width: 1024px) 100vw, 1024px\" \/><\/a><\/p>\n<p style=\"text-align: center;\"><a href=\"https:\/\/static-blogs.lasprovincias.es\/wp-content\/uploads\/sites\/18\/2017\/06\/IMG_9441.jpg\"><img loading=\"lazy\" class=\"alignnone size-large wp-image-12034\" src=\"https:\/\/static-blogs.lasprovincias.es\/wp-content\/uploads\/sites\/18\/2017\/06\/IMG_9441-1024x683.jpg\" alt=\"img_9441\" width=\"1024\" height=\"683\" srcset=\"https:\/\/static-blogs.lasprovincias.es\/wp-content\/uploads\/sites\/18\/2017\/06\/IMG_9441.jpg 1024w, https:\/\/static-blogs.lasprovincias.es\/wp-content\/uploads\/sites\/18\/2017\/06\/IMG_9441-300x200.jpg 300w, https:\/\/static-blogs.lasprovincias.es\/wp-content\/uploads\/sites\/18\/2017\/06\/IMG_9441-768x512.jpg 768w\" sizes=\"(max-width: 1024px) 100vw, 1024px\" \/><\/a><\/p>\n<h3 style=\"text-align: center;\"><span style=\"color: #f2ac66;\">&#8230; y el primer trago a la sombra de una olivera&#8221;<\/span><\/h3>\n<p style=\"text-align: center;\"><a href=\"https:\/\/static-blogs.lasprovincias.es\/wp-content\/uploads\/sites\/18\/2017\/06\/IMG_9445.jpg\"><img loading=\"lazy\" class=\"alignnone size-large wp-image-12036\" src=\"https:\/\/static-blogs.lasprovincias.es\/wp-content\/uploads\/sites\/18\/2017\/06\/IMG_9445-1024x683.jpg\" alt=\"img_9445\" width=\"1024\" height=\"683\" srcset=\"https:\/\/static-blogs.lasprovincias.es\/wp-content\/uploads\/sites\/18\/2017\/06\/IMG_9445.jpg 1024w, https:\/\/static-blogs.lasprovincias.es\/wp-content\/uploads\/sites\/18\/2017\/06\/IMG_9445-300x200.jpg 300w, https:\/\/static-blogs.lasprovincias.es\/wp-content\/uploads\/sites\/18\/2017\/06\/IMG_9445-768x512.jpg 768w\" sizes=\"(max-width: 1024px) 100vw, 1024px\" \/><\/a><\/p>\n<p style=\"text-align: center;\"><a href=\"https:\/\/static-blogs.lasprovincias.es\/wp-content\/uploads\/sites\/18\/2017\/06\/IMG_9468.jpg\"><img loading=\"lazy\" class=\"alignnone size-large wp-image-12038\" src=\"https:\/\/static-blogs.lasprovincias.es\/wp-content\/uploads\/sites\/18\/2017\/06\/IMG_9468-1024x683.jpg\" alt=\"img_9468\" width=\"1024\" height=\"683\" srcset=\"https:\/\/static-blogs.lasprovincias.es\/wp-content\/uploads\/sites\/18\/2017\/06\/IMG_9468.jpg 1024w, https:\/\/static-blogs.lasprovincias.es\/wp-content\/uploads\/sites\/18\/2017\/06\/IMG_9468-300x200.jpg 300w, https:\/\/static-blogs.lasprovincias.es\/wp-content\/uploads\/sites\/18\/2017\/06\/IMG_9468-768x512.jpg 768w\" sizes=\"(max-width: 1024px) 100vw, 1024px\" \/><\/a><\/p>\n<p style=\"text-align: left;\">Ante esa mesa envejecida y rodeada de flores, cerr\u00e9 los ojos y me dej\u00e9 llevar. Pronto descubr\u00ed que aquello era en realidad una traves\u00eda entre asteroides. <strong><span style=\"color: #f2ac66;\">Tres mundos en uno.<\/span> Tres rocas sobre una mesa convertida en Universo y las tres revoloteando cada una en su \u00f3rbita para acabar confluyendo siempre en algo que les une.<\/strong> Un mismo coraz\u00f3n que bombea desde la Tierra a la que siguen atados a trav\u00e9s de un cord\u00f3n umbilical que nace en su antigua casa de comidas. Esa que alimentan a diario sus valores y principios. Ese restaurante llamado Can Roca que hace ahora medio siglo, en 1967, emergi\u00f3 junto a una parada de autobuses. El lugar donde <strong>Josep Roca y Montserrat Fontan\u00e9<\/strong> empezaron a escribir una historia que ahora gravita sola.<\/p>\n<h3 style=\"text-align: center;\"><span style=\"color: #f2ac66;\">&#8220;tres mundos en uno s\u00f3lo&#8230;<\/span><\/h3>\n<p style=\"text-align: left;\"><a href=\"https:\/\/static-blogs.lasprovincias.es\/wp-content\/uploads\/sites\/18\/2017\/06\/IMG_3706.jpeg\"><img loading=\"lazy\" class=\"alignnone size-large wp-image-12042 aligncenter\" src=\"https:\/\/static-blogs.lasprovincias.es\/wp-content\/uploads\/sites\/18\/2017\/06\/IMG_3706-1024x682.jpeg\" alt=\"img_3706\" width=\"1024\" height=\"682\" srcset=\"https:\/\/static-blogs.lasprovincias.es\/wp-content\/uploads\/sites\/18\/2017\/06\/IMG_3706-1024x682.jpeg 1024w, https:\/\/static-blogs.lasprovincias.es\/wp-content\/uploads\/sites\/18\/2017\/06\/IMG_3706-300x200.jpeg 300w, https:\/\/static-blogs.lasprovincias.es\/wp-content\/uploads\/sites\/18\/2017\/06\/IMG_3706-768x511.jpeg 768w\" sizes=\"(max-width: 1024px) 100vw, 1024px\" \/><\/a><\/p>\n<h3 style=\"text-align: center;\"><span style=\"color: #f2ac66;\">&#8230;un cord\u00f3n umbilical hasta aquella casa de comidas <\/span><\/h3>\n<h3 style=\"text-align: center;\"><span style=\"color: #f2ac66;\">que abri\u00f3 hace ahora medio siglo&#8221;<\/span><\/h3>\n<p style=\"text-align: center;\"><a href=\"https:\/\/static-blogs.lasprovincias.es\/wp-content\/uploads\/sites\/18\/2017\/06\/IMG_9563.jpg\"><img loading=\"lazy\" class=\"alignnone size-large wp-image-12045\" src=\"https:\/\/static-blogs.lasprovincias.es\/wp-content\/uploads\/sites\/18\/2017\/06\/IMG_9563-1024x683.jpg\" alt=\"img_9563\" width=\"1024\" height=\"683\" srcset=\"https:\/\/static-blogs.lasprovincias.es\/wp-content\/uploads\/sites\/18\/2017\/06\/IMG_9563.jpg 1024w, https:\/\/static-blogs.lasprovincias.es\/wp-content\/uploads\/sites\/18\/2017\/06\/IMG_9563-300x200.jpg 300w, https:\/\/static-blogs.lasprovincias.es\/wp-content\/uploads\/sites\/18\/2017\/06\/IMG_9563-768x512.jpg 768w\" sizes=\"(max-width: 1024px) 100vw, 1024px\" \/><\/a><\/p>\n<p style=\"text-align: center;\"><a href=\"https:\/\/static-blogs.lasprovincias.es\/wp-content\/uploads\/sites\/18\/2017\/06\/IMG_9586.jpg\"><img loading=\"lazy\" class=\"alignnone size-large wp-image-12044\" src=\"https:\/\/static-blogs.lasprovincias.es\/wp-content\/uploads\/sites\/18\/2017\/06\/IMG_9586-1024x683.jpg\" alt=\"img_9586\" width=\"1024\" height=\"683\" srcset=\"https:\/\/static-blogs.lasprovincias.es\/wp-content\/uploads\/sites\/18\/2017\/06\/IMG_9586.jpg 1024w, https:\/\/static-blogs.lasprovincias.es\/wp-content\/uploads\/sites\/18\/2017\/06\/IMG_9586-300x200.jpg 300w, https:\/\/static-blogs.lasprovincias.es\/wp-content\/uploads\/sites\/18\/2017\/06\/IMG_9586-768x512.jpg 768w\" sizes=\"(max-width: 1024px) 100vw, 1024px\" \/><\/a><\/p>\n<h3 style=\"text-align: center;\"><span style=\"color: #f2ac66;\">(memorias de un bar a las afueras)<\/span><\/h3>\n<h5 style=\"text-align: center;\"><span style=\"color: #808080;\">1.salpic\u00f3n<\/span><\/h5>\n<h5 style=\"text-align: center;\"><span style=\"color: #808080;\">2. patatas bravas<\/span><\/h5>\n<h5 style=\"text-align: center;\"><span style=\"color: #808080;\">3. canel\u00f3n de Montse<\/span><\/h5>\n<h5 style=\"text-align: center;\"><span style=\"color: #808080;\">4. genciana con vainilla<\/span><\/h5>\n<h5 style=\"text-align: center;\"><span style=\"color: #808080;\">5. ri\u00f1ones al Jerez<\/span><\/h5>\n<h2 style=\"text-align: center;\"><span style=\"color: #808080;\">\u00a1<\/span><\/h2>\n<h3 style=\"text-align: left;\"><\/h3>\n<h3 style=\"text-align: left;\">Joan <span style=\"color: #808080;\"><span style=\"color: #000000;\">\/<\/span> Cuiner \u00a0\/\u00a0<span style=\"color: #999999;\">Asteroide JKu*H20<\/span><\/span><\/h3>\n<p style=\"text-align: left;\">Quiz\u00e1 sea una osad\u00eda hablar en estos t\u00e9rminos pseudo-cient\u00edficos, pero si esto fuera un sue\u00f1o, Joan, el mayor de los Roca, ser\u00eda el<span style=\"color: #faae61;\"><strong> Asteroide JKu*H20<\/strong><\/span>. <span style=\"color: #000000;\"><strong>J<\/strong><\/span> de Joan y<span style=\"color: #000000;\"><strong> Ku<\/strong><\/span> de cocinero (Cuiner, se hace llamar). Con K, porque esta letra rompe moldes, fronteras y le confiere libertad: osad\u00eda y atrevimiento sin perder la ra\u00edz y la identidad. Sin dejar de ser, por encima de cualquier algarab\u00eda, un hombre ante los fogones. Tal y como le ense\u00f1\u00f3 mam\u00e1 cuando a los 9 le coloc\u00f3 su primer delantal. O chaquetilla a medida, en verdad. Y es cocinero con asterisco <span style=\"color: #000000;\"><strong>(*) <\/strong><\/span>porque a la profesi\u00f3n la alimenta con una retah\u00edla de cualidades: t\u00e9cnica, invenci\u00f3n, reinvenci\u00f3n, reflexi\u00f3n, movimiento, diversi\u00f3n, creatividad, autenticidad, libertad&#8230; poes\u00eda. Eso y todo lo que aprendi\u00f3 de la Montse y l\u2019Angeleta (su madre y su abuela) y a\u00fan sigue camuflado por sus recetas, como esencia macerada. Recetas vivas y cambiantes como una<strong> estrella de mar que es gamba<\/strong>, una<strong> comtesa de esp\u00e1rragos<\/strong> (sublime!) un corte de<strong> cochinillo con mel\u00f3n<\/strong> (excitante&#8230; \u00a1qu\u00e9 crujiente!), un <strong>canel\u00f3n jibarizado<\/strong> (y m\u00e1gico), un <strong>hatillo de espardenyes y an\u00e9monas envuelto con piel de barriga del rodaballo<\/strong> (para que el hechizo sea algo m\u00e1s que extraordinario).<\/p>\n<p style=\"text-align: left;\">Joan es, adem\u00e1s, <strong>H20<\/strong>. H de humildad, honestidad, del hombre que nunca dej\u00f3 de serlo pese a que le quisieron casi santificar en el barrio de Taial\u00e0. Y es dos \u00e1tomos de Hidr\u00f3geno \u00a0y\u00a0uno oxigeno. Puro, transparente, fluido, claro como el agua. Un asteroide que flota sin olvidar que su lugar est\u00e1 junto a un parque repleto de moreras y tilos donde juega la canalla y aparcan los coches el personal.<\/p>\n<p style=\"text-align: center;\"><a href=\"https:\/\/static-blogs.lasprovincias.es\/wp-content\/uploads\/sites\/18\/2017\/06\/IMG_9565.jpg\"><img loading=\"lazy\" class=\"alignnone size-large wp-image-12046\" src=\"https:\/\/static-blogs.lasprovincias.es\/wp-content\/uploads\/sites\/18\/2017\/06\/IMG_9565-1024x683.jpg\" alt=\"img_9565\" width=\"1024\" height=\"683\" srcset=\"https:\/\/static-blogs.lasprovincias.es\/wp-content\/uploads\/sites\/18\/2017\/06\/IMG_9565.jpg 1024w, https:\/\/static-blogs.lasprovincias.es\/wp-content\/uploads\/sites\/18\/2017\/06\/IMG_9565-300x200.jpg 300w, https:\/\/static-blogs.lasprovincias.es\/wp-content\/uploads\/sites\/18\/2017\/06\/IMG_9565-768x512.jpg 768w\" sizes=\"(max-width: 1024px) 100vw, 1024px\" \/><\/a><\/p>\n<p style=\"text-align: center;\"><img loading=\"lazy\" class=\"alignnone size-full wp-image-12050 aligncenter\" src=\"https:\/\/static-blogs.lasprovincias.es\/wp-content\/uploads\/sites\/18\/2017\/06\/IMG_9473-1.jpg\" alt=\"img_9473\" width=\"892\" height=\"593\" srcset=\"https:\/\/static-blogs.lasprovincias.es\/wp-content\/uploads\/sites\/18\/2017\/06\/IMG_9473-1.jpg 892w, https:\/\/static-blogs.lasprovincias.es\/wp-content\/uploads\/sites\/18\/2017\/06\/IMG_9473-1-300x199.jpg 300w, https:\/\/static-blogs.lasprovincias.es\/wp-content\/uploads\/sites\/18\/2017\/06\/IMG_9473-1-768x511.jpg 768w\" sizes=\"(max-width: 892px) 100vw, 892px\" \/><\/p>\n<p style=\"text-align: center;\"><strong><a href=\"https:\/\/static-blogs.lasprovincias.es\/wp-content\/uploads\/sites\/18\/2017\/06\/IMG_9508.jpg\"><img loading=\"lazy\" class=\"alignnone size-large wp-image-12051 aligncenter\" src=\"https:\/\/static-blogs.lasprovincias.es\/wp-content\/uploads\/sites\/18\/2017\/06\/IMG_9508-1024x683.jpg\" alt=\"img_9508\" width=\"1024\" height=\"683\" srcset=\"https:\/\/static-blogs.lasprovincias.es\/wp-content\/uploads\/sites\/18\/2017\/06\/IMG_9508.jpg 1024w, https:\/\/static-blogs.lasprovincias.es\/wp-content\/uploads\/sites\/18\/2017\/06\/IMG_9508-300x200.jpg 300w, https:\/\/static-blogs.lasprovincias.es\/wp-content\/uploads\/sites\/18\/2017\/06\/IMG_9508-768x512.jpg 768w\" sizes=\"(max-width: 1024px) 100vw, 1024px\" \/><\/a><\/strong><\/p>\n<p style=\"text-align: center;\"><strong><span style=\"color: #f2ac66;\">Atillo de piel de rodaballo con esparde\u00f1as y an\u00e9monas<\/span><\/strong><\/p>\n<p style=\"text-align: center;\"><span style=\"color: #808080;\">(el plato, posiblemente, que m\u00e1s me fascin\u00f3&#8230; que ya es decir)<\/span><\/p>\n<h3 style=\"text-align: center;\"><span style=\"color: #808080;\"><strong>BRUTAL!<\/strong><\/span><\/h3>\n<p style=\"text-align: center;\">\u00a0<a href=\"https:\/\/static-blogs.lasprovincias.es\/wp-content\/uploads\/sites\/18\/2017\/06\/IMG_9784.jpg\"><img loading=\"lazy\" class=\"alignnone size-large wp-image-12048\" src=\"https:\/\/static-blogs.lasprovincias.es\/wp-content\/uploads\/sites\/18\/2017\/06\/IMG_9784-1024x683.jpg\" alt=\"img_9784\" width=\"1024\" height=\"683\" srcset=\"https:\/\/static-blogs.lasprovincias.es\/wp-content\/uploads\/sites\/18\/2017\/06\/IMG_9784.jpg 1024w, https:\/\/static-blogs.lasprovincias.es\/wp-content\/uploads\/sites\/18\/2017\/06\/IMG_9784-300x200.jpg 300w, https:\/\/static-blogs.lasprovincias.es\/wp-content\/uploads\/sites\/18\/2017\/06\/IMG_9784-768x512.jpg 768w\" sizes=\"(max-width: 1024px) 100vw, 1024px\" \/><\/a><\/p>\n<p>&nbsp;<\/p>\n<h3><strong>Josep\/ <span style=\"color: #808080;\">Cambrer de Vins \/<\/span><\/strong>\u00a0<span style=\"color: #999999;\"><strong>PiKaVi+5S<\/strong><\/span><\/h3>\n<p>Josep es el <span style=\"color: #faae61;\"><strong>Asteroide PiKaVi+5S<\/strong><\/span>. Complejo, aparentemente. Sencillo, personalmente. <strong>Pi<\/strong> de Pitu. <strong>Ka<\/strong> de \u2018cambrer\u2019 y Vi de \u2018vins\u2019, como se lee en su tarjeta de presentaci\u00f3n. Con K, por lo mismo que su hermano: libertad. Esconde en su interior un asteroide l\u00edquido, donde brebajes casi taumat\u00fargicos danzan hechizados (como un aquelarre incontrolado de burbujas, olorosos, minerales, \u00e1cidos, colores y aromas afrutados). Un mar en el que se refleja su realidad. <strong>\u00bfY el 5?<\/strong> Por los cinco mundos que esconde en su bodega: que es seda, es metal, es estrato, es esencia, es vi\u00f1edo. 200 metros cuadrados de brebajes del m\u00e1s all\u00e1. Y la <strong>S<\/strong>, por su Sensibilidad extrema (hasta hacerte llorar cuando cruzas su bodega); por su Sentimiento (que te estremece porque te demuestra la verdad que esconde por sus venas); S de suelo (que es lo que le une al terreno, donde todo empieza); S de sue\u00f1o (donde te instala cuando le vendes tus pensamientos) y <strong>S<\/strong> de Sincero, contundentemente verdadero. Como su bodega. <strong>S de sorbos, saca, siembra, sabor&#8230;<\/strong><\/p>\n<p><a href=\"https:\/\/static-blogs.lasprovincias.es\/wp-content\/uploads\/sites\/18\/2017\/06\/IMG_0049.jpg\"><img loading=\"lazy\" class=\"alignnone size-large wp-image-12026 aligncenter\" src=\"https:\/\/static-blogs.lasprovincias.es\/wp-content\/uploads\/sites\/18\/2017\/06\/IMG_0049-1024x683.jpg\" alt=\"img_0049\" width=\"1024\" height=\"683\" srcset=\"https:\/\/static-blogs.lasprovincias.es\/wp-content\/uploads\/sites\/18\/2017\/06\/IMG_0049.jpg 1024w, https:\/\/static-blogs.lasprovincias.es\/wp-content\/uploads\/sites\/18\/2017\/06\/IMG_0049-300x200.jpg 300w, https:\/\/static-blogs.lasprovincias.es\/wp-content\/uploads\/sites\/18\/2017\/06\/IMG_0049-768x512.jpg 768w\" sizes=\"(max-width: 1024px) 100vw, 1024px\" \/><\/a><\/p>\n<p><a href=\"https:\/\/static-blogs.lasprovincias.es\/wp-content\/uploads\/sites\/18\/2017\/06\/IMG_0052.jpg\"><img loading=\"lazy\" class=\"size-large wp-image-12028 aligncenter\" src=\"https:\/\/static-blogs.lasprovincias.es\/wp-content\/uploads\/sites\/18\/2017\/06\/IMG_0052-1024x683.jpg\" alt=\"img_0052\" width=\"1024\" height=\"683\" srcset=\"https:\/\/static-blogs.lasprovincias.es\/wp-content\/uploads\/sites\/18\/2017\/06\/IMG_0052.jpg 1024w, https:\/\/static-blogs.lasprovincias.es\/wp-content\/uploads\/sites\/18\/2017\/06\/IMG_0052-300x200.jpg 300w, https:\/\/static-blogs.lasprovincias.es\/wp-content\/uploads\/sites\/18\/2017\/06\/IMG_0052-768x512.jpg 768w\" sizes=\"(max-width: 1024px) 100vw, 1024px\" \/><\/a><\/p>\n<p><a href=\"https:\/\/static-blogs.lasprovincias.es\/wp-content\/uploads\/sites\/18\/2017\/06\/IMG_0053.jpg\"><img loading=\"lazy\" class=\"alignnone size-large wp-image-12029 aligncenter\" src=\"https:\/\/static-blogs.lasprovincias.es\/wp-content\/uploads\/sites\/18\/2017\/06\/IMG_0053-1024x683.jpg\" alt=\"img_0053\" width=\"1024\" height=\"683\" srcset=\"https:\/\/static-blogs.lasprovincias.es\/wp-content\/uploads\/sites\/18\/2017\/06\/IMG_0053.jpg 1024w, https:\/\/static-blogs.lasprovincias.es\/wp-content\/uploads\/sites\/18\/2017\/06\/IMG_0053-300x200.jpg 300w, https:\/\/static-blogs.lasprovincias.es\/wp-content\/uploads\/sites\/18\/2017\/06\/IMG_0053-768x512.jpg 768w\" sizes=\"(max-width: 1024px) 100vw, 1024px\" \/><\/a><\/p>\n<h3 style=\"text-align: center;\">\u00a1<\/h3>\n<h3 style=\"text-align: center;\">&#8220;La magia de<span style=\"color: #faae61;\">\u00a0Pitu&#8230;<\/span><\/h3>\n<p style=\"text-align: center;\"><a href=\"https:\/\/static-blogs.lasprovincias.es\/wp-content\/uploads\/sites\/18\/2017\/06\/IMG_9564.jpg\"><img loading=\"lazy\" class=\"alignnone size-large wp-image-12053\" src=\"https:\/\/static-blogs.lasprovincias.es\/wp-content\/uploads\/sites\/18\/2017\/06\/IMG_9564-1024x683.jpg\" alt=\"img_9564\" width=\"1024\" height=\"683\" srcset=\"https:\/\/static-blogs.lasprovincias.es\/wp-content\/uploads\/sites\/18\/2017\/06\/IMG_9564.jpg 1024w, https:\/\/static-blogs.lasprovincias.es\/wp-content\/uploads\/sites\/18\/2017\/06\/IMG_9564-300x200.jpg 300w, https:\/\/static-blogs.lasprovincias.es\/wp-content\/uploads\/sites\/18\/2017\/06\/IMG_9564-768x512.jpg 768w\" sizes=\"(max-width: 1024px) 100vw, 1024px\" \/><\/a><\/p>\n<h3 style=\"text-align: center;\">&#8230; y sus mundos!&#8221;<\/h3>\n<p style=\"text-align: center;\"><a href=\"https:\/\/static-blogs.lasprovincias.es\/wp-content\/uploads\/sites\/18\/2017\/06\/IMG_0041.jpg\"><img loading=\"lazy\" class=\"alignnone size-large wp-image-12054\" src=\"https:\/\/static-blogs.lasprovincias.es\/wp-content\/uploads\/sites\/18\/2017\/06\/IMG_0041-1024x683.jpg\" alt=\"img_0041\" width=\"1024\" height=\"683\" srcset=\"https:\/\/static-blogs.lasprovincias.es\/wp-content\/uploads\/sites\/18\/2017\/06\/IMG_0041.jpg 1024w, https:\/\/static-blogs.lasprovincias.es\/wp-content\/uploads\/sites\/18\/2017\/06\/IMG_0041-300x200.jpg 300w, https:\/\/static-blogs.lasprovincias.es\/wp-content\/uploads\/sites\/18\/2017\/06\/IMG_0041-768x512.jpg 768w\" sizes=\"(max-width: 1024px) 100vw, 1024px\" \/><\/a><\/p>\n<p style=\"text-align: center;\"><a href=\"https:\/\/static-blogs.lasprovincias.es\/wp-content\/uploads\/sites\/18\/2017\/06\/IMG_0046.jpg\"><img loading=\"lazy\" class=\"alignnone size-large wp-image-12055\" src=\"https:\/\/static-blogs.lasprovincias.es\/wp-content\/uploads\/sites\/18\/2017\/06\/IMG_0046-1024x683.jpg\" alt=\"img_0046\" width=\"1024\" height=\"683\" srcset=\"https:\/\/static-blogs.lasprovincias.es\/wp-content\/uploads\/sites\/18\/2017\/06\/IMG_0046.jpg 1024w, https:\/\/static-blogs.lasprovincias.es\/wp-content\/uploads\/sites\/18\/2017\/06\/IMG_0046-300x200.jpg 300w, https:\/\/static-blogs.lasprovincias.es\/wp-content\/uploads\/sites\/18\/2017\/06\/IMG_0046-768x512.jpg 768w\" sizes=\"(max-width: 1024px) 100vw, 1024px\" \/><\/a><\/p>\n<p style=\"text-align: center;\"><a href=\"https:\/\/static-blogs.lasprovincias.es\/wp-content\/uploads\/sites\/18\/2017\/06\/IMG_0058.jpg\"><img loading=\"lazy\" class=\"alignnone size-large wp-image-12056\" src=\"https:\/\/static-blogs.lasprovincias.es\/wp-content\/uploads\/sites\/18\/2017\/06\/IMG_0058-1024x683.jpg\" alt=\"img_0058\" width=\"1024\" height=\"683\" srcset=\"https:\/\/static-blogs.lasprovincias.es\/wp-content\/uploads\/sites\/18\/2017\/06\/IMG_0058.jpg 1024w, https:\/\/static-blogs.lasprovincias.es\/wp-content\/uploads\/sites\/18\/2017\/06\/IMG_0058-300x200.jpg 300w, https:\/\/static-blogs.lasprovincias.es\/wp-content\/uploads\/sites\/18\/2017\/06\/IMG_0058-768x512.jpg 768w\" sizes=\"(max-width: 1024px) 100vw, 1024px\" \/><\/a><\/p>\n<h3 style=\"text-align: left;\"><\/h3>\n<p>&nbsp;<\/p>\n<h3 style=\"text-align: left;\"><strong>Jordi \/<\/strong> <span style=\"color: #808080;\">Pastisser \/<\/span> <span style=\"color: #999999;\">AbraKadabra (x2)<\/span><\/h3>\n<p style=\"text-align: left;\">Jordi es <span style=\"color: #faae61;\"><strong>AbraKadabra(x2)<\/strong><\/span>. El menor de los Roca es el asteroide prodigioso. Magia en estado de gracia. Fantas\u00eda descarnada. El que convierte su planeta en un suelo de cristal que, al atravesarlo, te mete por un mundo dulce en el que las sensaciones se desbocan y te inyectan felicidad.<\/p>\n<p style=\"text-align: left;\"><a href=\"https:\/\/static-blogs.lasprovincias.es\/wp-content\/uploads\/sites\/18\/2017\/06\/IMG_9567-1280x853.jpg\"><img loading=\"lazy\" class=\"alignnone size-large wp-image-12101\" src=\"https:\/\/static-blogs.lasprovincias.es\/wp-content\/uploads\/sites\/18\/2017\/06\/IMG_9567-1280x853-1024x682.jpg\" alt=\"img_9567-1280x853\" width=\"1024\" height=\"682\" srcset=\"https:\/\/static-blogs.lasprovincias.es\/wp-content\/uploads\/sites\/18\/2017\/06\/IMG_9567-1280x853-1024x682.jpg 1024w, https:\/\/static-blogs.lasprovincias.es\/wp-content\/uploads\/sites\/18\/2017\/06\/IMG_9567-1280x853-300x200.jpg 300w, https:\/\/static-blogs.lasprovincias.es\/wp-content\/uploads\/sites\/18\/2017\/06\/IMG_9567-1280x853-768x512.jpg 768w, https:\/\/static-blogs.lasprovincias.es\/wp-content\/uploads\/sites\/18\/2017\/06\/IMG_9567-1280x853.jpg 1280w\" sizes=\"(max-width: 1024px) 100vw, 1024px\" \/><\/a><\/p>\n<p style=\"text-align: left;\">Jordi es el que te grita, cuando tu cabeza ya orbita desnuda por la Galaxia Roca, que todav\u00eda hay m\u00e1s. <strong>Un inmenso \u00abAbrakadabra!\u00bb, con K de Anark\u00eda<\/strong>, que le deja volar su fantas\u00eda sin l\u00edmites, m\u00e1s all\u00e1 de lo que es coherente, regular, natural. Un bosque destilado donde, ante ti, hacen crecer las estalagmitas. Es K de <strong>quimika<\/strong>, que se transmite con su filosof\u00eda; de<strong> kreatividad<\/strong>, que es lo que domina su horizonte; de <strong>karicia<\/strong> que es lo que hay detr\u00e1s de cada una de sus f\u00e1bulas pasteleras que te sirve el \u2018pastisser\u2019 mayor del reino. Abrakadabra por dos. <strong>Quimeras al cuadrado.<\/strong><\/p>\n<p style=\"text-align: center;\"><a href=\"https:\/\/static-blogs.lasprovincias.es\/wp-content\/uploads\/sites\/18\/2017\/06\/IMG_9940.jpg\"><img loading=\"lazy\" class=\"alignnone size-large wp-image-12062\" src=\"https:\/\/static-blogs.lasprovincias.es\/wp-content\/uploads\/sites\/18\/2017\/06\/IMG_9940-1024x683.jpg\" alt=\"img_9940\" width=\"1024\" height=\"683\" srcset=\"https:\/\/static-blogs.lasprovincias.es\/wp-content\/uploads\/sites\/18\/2017\/06\/IMG_9940.jpg 1024w, https:\/\/static-blogs.lasprovincias.es\/wp-content\/uploads\/sites\/18\/2017\/06\/IMG_9940-300x200.jpg 300w, https:\/\/static-blogs.lasprovincias.es\/wp-content\/uploads\/sites\/18\/2017\/06\/IMG_9940-768x512.jpg 768w\" sizes=\"(max-width: 1024px) 100vw, 1024px\" \/><\/a><\/p>\n<p style=\"text-align: center;\">\u00a0<a href=\"https:\/\/static-blogs.lasprovincias.es\/wp-content\/uploads\/sites\/18\/2017\/06\/IMG_9942.jpg\"><img loading=\"lazy\" class=\"alignnone size-large wp-image-12064\" src=\"https:\/\/static-blogs.lasprovincias.es\/wp-content\/uploads\/sites\/18\/2017\/06\/IMG_9942-1024x683.jpg\" alt=\"img_9942\" width=\"1024\" height=\"683\" srcset=\"https:\/\/static-blogs.lasprovincias.es\/wp-content\/uploads\/sites\/18\/2017\/06\/IMG_9942.jpg 1024w, https:\/\/static-blogs.lasprovincias.es\/wp-content\/uploads\/sites\/18\/2017\/06\/IMG_9942-300x200.jpg 300w, https:\/\/static-blogs.lasprovincias.es\/wp-content\/uploads\/sites\/18\/2017\/06\/IMG_9942-768x512.jpg 768w\" sizes=\"(max-width: 1024px) 100vw, 1024px\" \/><\/a><\/p>\n<p>Jordi es el atrevimiento tonteando con <strong>crujientes y musgo destripado, tierra destilada, una bola de cristal que estalla,<\/strong> sue\u00f1os con sabor de regaliz, rosas y naranjas en manos de un tipo \u2018rocambolesc\u2019 capaz de darte de comer hasta su nariz y hacerte sonre\u00edr. Como un poema dulce que hubiese cocinado <strong>Lewis Carroll<\/strong>, <strong>Gloria Fuertes<\/strong> y una pizca muy canalla de un <strong>Boukowski<\/strong>, en este caso requeterefinado&#8230;<\/p>\n<p><a href=\"https:\/\/static-blogs.lasprovincias.es\/wp-content\/uploads\/sites\/18\/2017\/06\/IMG_9999-1280x853.jpg\"><img loading=\"lazy\" class=\"alignnone size-large wp-image-12087\" src=\"https:\/\/static-blogs.lasprovincias.es\/wp-content\/uploads\/sites\/18\/2017\/06\/IMG_9999-1280x853-1024x682.jpg\" alt=\"img_9999-1280x853\" width=\"1024\" height=\"682\" srcset=\"https:\/\/static-blogs.lasprovincias.es\/wp-content\/uploads\/sites\/18\/2017\/06\/IMG_9999-1280x853-1024x682.jpg 1024w, https:\/\/static-blogs.lasprovincias.es\/wp-content\/uploads\/sites\/18\/2017\/06\/IMG_9999-1280x853-300x200.jpg 300w, https:\/\/static-blogs.lasprovincias.es\/wp-content\/uploads\/sites\/18\/2017\/06\/IMG_9999-1280x853-768x512.jpg 768w, https:\/\/static-blogs.lasprovincias.es\/wp-content\/uploads\/sites\/18\/2017\/06\/IMG_9999-1280x853.jpg 1280w\" sizes=\"(max-width: 1024px) 100vw, 1024px\" \/><\/a><\/p>\n<p>&nbsp;<\/p>\n<p><a href=\"https:\/\/static-blogs.lasprovincias.es\/wp-content\/uploads\/sites\/18\/2017\/06\/IMG_9998-1280x853.jpg\"><img loading=\"lazy\" class=\"alignnone size-large wp-image-12086\" src=\"https:\/\/static-blogs.lasprovincias.es\/wp-content\/uploads\/sites\/18\/2017\/06\/IMG_9998-1280x853-1024x682.jpg\" alt=\"img_9998-1280x853\" width=\"1024\" height=\"682\" srcset=\"https:\/\/static-blogs.lasprovincias.es\/wp-content\/uploads\/sites\/18\/2017\/06\/IMG_9998-1280x853-1024x682.jpg 1024w, https:\/\/static-blogs.lasprovincias.es\/wp-content\/uploads\/sites\/18\/2017\/06\/IMG_9998-1280x853-300x200.jpg 300w, https:\/\/static-blogs.lasprovincias.es\/wp-content\/uploads\/sites\/18\/2017\/06\/IMG_9998-1280x853-768x512.jpg 768w, https:\/\/static-blogs.lasprovincias.es\/wp-content\/uploads\/sites\/18\/2017\/06\/IMG_9998-1280x853.jpg 1280w\" sizes=\"(max-width: 1024px) 100vw, 1024px\" \/><\/a><\/p>\n<p><span style=\"color: #999999;\"><em>&#8220;Durante un buen rato permaneci\u00f3 sentada sin moverse, con los ojos cerrados, <\/em><\/span><br \/>\n<span style=\"color: #999999;\"><em>imaginando el Pa\u00eds de las Maravillas.\u00a0 <\/em><\/span><span style=\"color: #999999;\"><em>Sab\u00eda perfectamente que le bastaba con abrir los ojos\u00a0 <\/em><\/span><em><span style=\"color: #999999;\">para volver a la realidad&#8221;.\u00a0<\/span> <\/em><\/p>\n<p style=\"text-align: right;\"><em><strong>Lewis Carroll <\/strong><\/em><span style=\"color: #fca751;\"><em>(de &#8216;Alicia en el Pa\u00eds de las Maravillas)<\/em><br \/>\n<\/span><\/p>\n<p><a href=\"https:\/\/static-blogs.lasprovincias.es\/wp-content\/uploads\/sites\/18\/2017\/06\/IMG_9989-1280x853.jpg\"><img loading=\"lazy\" class=\"size-large wp-image-12089 aligncenter\" src=\"https:\/\/static-blogs.lasprovincias.es\/wp-content\/uploads\/sites\/18\/2017\/06\/IMG_9989-1280x853-1024x682.jpg\" alt=\"img_9989-1280x853\" width=\"1024\" height=\"682\" srcset=\"https:\/\/static-blogs.lasprovincias.es\/wp-content\/uploads\/sites\/18\/2017\/06\/IMG_9989-1280x853-1024x682.jpg 1024w, https:\/\/static-blogs.lasprovincias.es\/wp-content\/uploads\/sites\/18\/2017\/06\/IMG_9989-1280x853-300x200.jpg 300w, https:\/\/static-blogs.lasprovincias.es\/wp-content\/uploads\/sites\/18\/2017\/06\/IMG_9989-1280x853-768x512.jpg 768w, https:\/\/static-blogs.lasprovincias.es\/wp-content\/uploads\/sites\/18\/2017\/06\/IMG_9989-1280x853.jpg 1280w\" sizes=\"(max-width: 1024px) 100vw, 1024px\" \/><\/a><\/p>\n<p><a href=\"https:\/\/static-blogs.lasprovincias.es\/wp-content\/uploads\/sites\/18\/2017\/06\/IMG_9991-1280x853.jpg\"><img loading=\"lazy\" class=\"size-large wp-image-12090 aligncenter\" src=\"https:\/\/static-blogs.lasprovincias.es\/wp-content\/uploads\/sites\/18\/2017\/06\/IMG_9991-1280x853-1024x682.jpg\" alt=\"img_9991-1280x853\" width=\"1024\" height=\"682\" srcset=\"https:\/\/static-blogs.lasprovincias.es\/wp-content\/uploads\/sites\/18\/2017\/06\/IMG_9991-1280x853-1024x682.jpg 1024w, https:\/\/static-blogs.lasprovincias.es\/wp-content\/uploads\/sites\/18\/2017\/06\/IMG_9991-1280x853-300x200.jpg 300w, https:\/\/static-blogs.lasprovincias.es\/wp-content\/uploads\/sites\/18\/2017\/06\/IMG_9991-1280x853-768x512.jpg 768w, https:\/\/static-blogs.lasprovincias.es\/wp-content\/uploads\/sites\/18\/2017\/06\/IMG_9991-1280x853.jpg 1280w\" sizes=\"(max-width: 1024px) 100vw, 1024px\" \/><\/a><br \/>\n<em><span style=\"color: #999999;\">&#8220;Duerme larva de \u00e1ngel.<\/span><\/em><br \/>\n<em><span style=\"color: #999999;\"> Duerme mientras abro<\/span><\/em><br \/>\n<em><span style=\"color: #999999;\"> los ojos, los brazos<\/span><\/em><br \/>\n<span style=\"color: #999999;\"><em> para hacerte \u00e1rbol&#8221;.<\/em>\u00a0<\/span><\/p>\n<p style=\"text-align: right;\"><strong>Gloria Fuertes<\/strong> <span style=\"color: #fca751;\">(de &#8216;Nana al hijo del trapo&#8217;) <\/span><\/p>\n<p><a href=\"https:\/\/static-blogs.lasprovincias.es\/wp-content\/uploads\/sites\/18\/2017\/06\/IMG_9973-1280x853.jpg\"><img loading=\"lazy\" class=\"alignnone size-large wp-image-12082\" src=\"https:\/\/static-blogs.lasprovincias.es\/wp-content\/uploads\/sites\/18\/2017\/06\/IMG_9973-1280x853-1024x682.jpg\" alt=\"img_9973-1280x853\" width=\"1024\" height=\"682\" srcset=\"https:\/\/static-blogs.lasprovincias.es\/wp-content\/uploads\/sites\/18\/2017\/06\/IMG_9973-1280x853-1024x682.jpg 1024w, https:\/\/static-blogs.lasprovincias.es\/wp-content\/uploads\/sites\/18\/2017\/06\/IMG_9973-1280x853-300x200.jpg 300w, https:\/\/static-blogs.lasprovincias.es\/wp-content\/uploads\/sites\/18\/2017\/06\/IMG_9973-1280x853-768x512.jpg 768w, https:\/\/static-blogs.lasprovincias.es\/wp-content\/uploads\/sites\/18\/2017\/06\/IMG_9973-1280x853.jpg 1280w\" sizes=\"(max-width: 1024px) 100vw, 1024px\" \/><\/a><\/p>\n<p><a href=\"https:\/\/static-blogs.lasprovincias.es\/wp-content\/uploads\/sites\/18\/2017\/06\/IMG_9964-1280x815.jpg\"><img loading=\"lazy\" class=\"alignnone size-large wp-image-12080\" src=\"https:\/\/static-blogs.lasprovincias.es\/wp-content\/uploads\/sites\/18\/2017\/06\/IMG_9964-1280x815-1024x652.jpg\" alt=\"img_9964-1280x815\" width=\"1024\" height=\"652\" srcset=\"https:\/\/static-blogs.lasprovincias.es\/wp-content\/uploads\/sites\/18\/2017\/06\/IMG_9964-1280x815-1024x652.jpg 1024w, https:\/\/static-blogs.lasprovincias.es\/wp-content\/uploads\/sites\/18\/2017\/06\/IMG_9964-1280x815-300x191.jpg 300w, https:\/\/static-blogs.lasprovincias.es\/wp-content\/uploads\/sites\/18\/2017\/06\/IMG_9964-1280x815-768x489.jpg 768w, https:\/\/static-blogs.lasprovincias.es\/wp-content\/uploads\/sites\/18\/2017\/06\/IMG_9964-1280x815.jpg 1280w\" sizes=\"(max-width: 1024px) 100vw, 1024px\" \/><\/a><\/p>\n<p><span style=\"color: #999999;\"><em>&#8220;&#8230;toda la esquina estaba <\/em><\/span><br \/>\n<span style=\"color: #999999;\"><em>atestada de <\/em><\/span><br \/>\n<span style=\"color: #999999;\"><em>humanidad <\/em><\/span><span style=\"color: #999999;\"><em>por fin descontrolada y<\/em><\/span><br \/>\n<span style=\"color: #999999;\"><em> libre, <\/em><\/span><br \/>\n<em><span style=\"color: #999999;\">ri\u00e9ndose.&#8221;\u00a0<\/span>\u00a0\u00a0<\/em><\/p>\n<p><strong> Charles Bukowski<\/strong> <span style=\"color: #fca751;\">(de una &#8216;Extra\u00f1a Ma\u00f1ana)<\/span><\/p>\n<p><a href=\"https:\/\/static-blogs.lasprovincias.es\/wp-content\/uploads\/sites\/18\/2017\/06\/IMG_3751.jpeg\"><img loading=\"lazy\" class=\"alignnone size-large wp-image-12092\" src=\"https:\/\/static-blogs.lasprovincias.es\/wp-content\/uploads\/sites\/18\/2017\/06\/IMG_3751-1024x682.jpeg\" alt=\"img_3751\" width=\"1024\" height=\"682\" srcset=\"https:\/\/static-blogs.lasprovincias.es\/wp-content\/uploads\/sites\/18\/2017\/06\/IMG_3751-1024x682.jpeg 1024w, https:\/\/static-blogs.lasprovincias.es\/wp-content\/uploads\/sites\/18\/2017\/06\/IMG_3751-300x200.jpeg 300w, https:\/\/static-blogs.lasprovincias.es\/wp-content\/uploads\/sites\/18\/2017\/06\/IMG_3751-768x511.jpeg 768w\" sizes=\"(max-width: 1024px) 100vw, 1024px\" \/><\/a><\/p>\n<p>La <span style=\"color: #fca751;\"><strong>GALAXIA ROCA<\/strong><\/span>\u00a0es un lugar donde orbitan imposibles. <strong>Langostas con crestas de gallo, sepia con l\u00edas de sake<\/strong>, un maravilloso <strong>pato con su ma\u00edz tostado jugando entre cerezas<\/strong> y que se queda tatuado en el costado m\u00e1s sensible de la memoria. El Celler es Girona convertida en reflejo de cristal, un mar de caviar de caramelo, olivas vestidas de negro.<\/p>\n<p style=\"text-align: center;\"><span style=\"color: #fca751;\">\u00a1Seductora langosta con cresta!<\/span><\/p>\n<p style=\"text-align: center;\"><a href=\"https:\/\/static-blogs.lasprovincias.es\/wp-content\/uploads\/sites\/18\/2017\/06\/IMG_9810-1280x853.jpg\"><img loading=\"lazy\" class=\"alignnone size-large wp-image-12095\" src=\"https:\/\/static-blogs.lasprovincias.es\/wp-content\/uploads\/sites\/18\/2017\/06\/IMG_9810-1280x853-1024x682.jpg\" alt=\"img_9810-1280x853\" width=\"1024\" height=\"682\" srcset=\"https:\/\/static-blogs.lasprovincias.es\/wp-content\/uploads\/sites\/18\/2017\/06\/IMG_9810-1280x853-1024x682.jpg 1024w, https:\/\/static-blogs.lasprovincias.es\/wp-content\/uploads\/sites\/18\/2017\/06\/IMG_9810-1280x853-300x200.jpg 300w, https:\/\/static-blogs.lasprovincias.es\/wp-content\/uploads\/sites\/18\/2017\/06\/IMG_9810-1280x853-768x512.jpg 768w, https:\/\/static-blogs.lasprovincias.es\/wp-content\/uploads\/sites\/18\/2017\/06\/IMG_9810-1280x853.jpg 1280w\" sizes=\"(max-width: 1024px) 100vw, 1024px\" \/><\/a><\/p>\n<p style=\"text-align: center;\"><span style=\"color: #fca751;\">\u00a1Sepia, sepia, sepia&#8230; y sepia (con tesoro)!<\/span><\/p>\n<p><a href=\"https:\/\/static-blogs.lasprovincias.es\/wp-content\/uploads\/sites\/18\/2017\/06\/IMG_9753-1280x853.jpg\"><img loading=\"lazy\" class=\"alignnone size-large wp-image-12093\" src=\"https:\/\/static-blogs.lasprovincias.es\/wp-content\/uploads\/sites\/18\/2017\/06\/IMG_9753-1280x853-1024x682.jpg\" alt=\"img_9753-1280x853\" width=\"1024\" height=\"682\" srcset=\"https:\/\/static-blogs.lasprovincias.es\/wp-content\/uploads\/sites\/18\/2017\/06\/IMG_9753-1280x853-1024x682.jpg 1024w, https:\/\/static-blogs.lasprovincias.es\/wp-content\/uploads\/sites\/18\/2017\/06\/IMG_9753-1280x853-300x200.jpg 300w, https:\/\/static-blogs.lasprovincias.es\/wp-content\/uploads\/sites\/18\/2017\/06\/IMG_9753-1280x853-768x512.jpg 768w, https:\/\/static-blogs.lasprovincias.es\/wp-content\/uploads\/sites\/18\/2017\/06\/IMG_9753-1280x853.jpg 1280w\" sizes=\"(max-width: 1024px) 100vw, 1024px\" \/><\/a><\/p>\n<p style=\"text-align: center;\">Otro de los platos que han robado hasta el aliento a Mr Cooking:<\/p>\n<p style=\"text-align: center;\"><strong><span style=\"color: #fca751;\">pato con ma\u00edz y cerezas<\/span><\/strong><\/p>\n<p style=\"text-align: center;\"><span style=\"color: #999999;\"><strong>LA LOCU<span style=\"color: #e8b848;\">R<\/span>A<\/strong><\/span><\/p>\n<p style=\"text-align: center;\"><a href=\"https:\/\/static-blogs.lasprovincias.es\/wp-content\/uploads\/sites\/18\/2017\/06\/IMG_20170527_171558-1280x960.jpg\"><img loading=\"lazy\" class=\"size-large wp-image-12094\" src=\"https:\/\/static-blogs.lasprovincias.es\/wp-content\/uploads\/sites\/18\/2017\/06\/IMG_20170527_171558-1280x960-1024x768.jpg\" alt=\"dav\" width=\"1024\" height=\"768\" srcset=\"https:\/\/static-blogs.lasprovincias.es\/wp-content\/uploads\/sites\/18\/2017\/06\/IMG_20170527_171558-1280x960-1024x768.jpg 1024w, https:\/\/static-blogs.lasprovincias.es\/wp-content\/uploads\/sites\/18\/2017\/06\/IMG_20170527_171558-1280x960-300x225.jpg 300w, https:\/\/static-blogs.lasprovincias.es\/wp-content\/uploads\/sites\/18\/2017\/06\/IMG_20170527_171558-1280x960-768x576.jpg 768w, https:\/\/static-blogs.lasprovincias.es\/wp-content\/uploads\/sites\/18\/2017\/06\/IMG_20170527_171558-1280x960.jpg 1280w\" sizes=\"(max-width: 1024px) 100vw, 1024px\" \/><\/a><\/p>\n<p><strong>\u00ab\u00a1Estratosf\u00e9rico!\u00bb, insist\u00ed<\/strong> al peque\u00f1o alado sentado en el s\u00e9ptimo cielo desde donde ve\u00eda a los tres hermanos, all\u00ed arriba, orbitar. Volar por la gloria gastron\u00f3mica pero sin dejar de ser los hijos de la Montse i el Josep. Quiz\u00e1 porque quieren seguir recordando que son los portadores del alma de aquellos tres chicos que se criaron en un bar de los de siempre. Y quiz\u00e1 por eso, cuando te haces una foto con Joan te se\u00f1ala con el dedo como queriendo decir que el protagonista eres t\u00fa, el comensal. Quiz\u00e1 por eso, cuando abrazas a Pitu tras visitar sus mundos, el apret\u00f3n es tan sincero que te estremece su verdad, hasta emocionar. Y quiz\u00e1 por eso, el silencio de Jordi, su invisibilidad, te hable de sue\u00f1os que vuelan entre sus manos y te acaban cazando en <strong>bolas de cristal rellenas de espurias de su pensamiento<\/strong>.<br \/>\n\u00ab\u00bfY dices que hab\u00edan langostas con crestas de gallo?\u00bb, me interrog\u00f3 incr\u00e9dulo el ni\u00f1o alado. Me reafirm\u00e9. Y le habl\u00e9 de<strong> una ostra reinventada y en mil bocados hechizada<\/strong>; y de <strong>un consom\u00e9 de sardinas a la brasa<\/strong> que me hablaba tanto de los Roca (la sardina denostada y por ellos ensalzada); del <strong>cordero con su tripa y sus sesos<\/strong> servido como las partes de un cuento; de un r\u00edo de <strong>Barolo<\/strong>, otro de <strong>Chablis<\/strong>, de un manantial sagrado de <strong>Palo Cortado.<\/strong>.. Y recordando lo inolvidable, vimos amanecer una y otra vez. Hasta la eternidad. Que es lo que te queda despu\u00e9s de volar por el Celler.<\/p>\n<p><a href=\"https:\/\/static-blogs.lasprovincias.es\/wp-content\/uploads\/sites\/18\/2017\/06\/IMG_9811-1280x853.jpg\"><img loading=\"lazy\" class=\"alignnone size-large wp-image-12096\" src=\"https:\/\/static-blogs.lasprovincias.es\/wp-content\/uploads\/sites\/18\/2017\/06\/IMG_9811-1280x853-1024x682.jpg\" alt=\"img_9811-1280x853\" width=\"1024\" height=\"682\" srcset=\"https:\/\/static-blogs.lasprovincias.es\/wp-content\/uploads\/sites\/18\/2017\/06\/IMG_9811-1280x853-1024x682.jpg 1024w, https:\/\/static-blogs.lasprovincias.es\/wp-content\/uploads\/sites\/18\/2017\/06\/IMG_9811-1280x853-300x200.jpg 300w, https:\/\/static-blogs.lasprovincias.es\/wp-content\/uploads\/sites\/18\/2017\/06\/IMG_9811-1280x853-768x512.jpg 768w, https:\/\/static-blogs.lasprovincias.es\/wp-content\/uploads\/sites\/18\/2017\/06\/IMG_9811-1280x853.jpg 1280w\" sizes=\"(max-width: 1024px) 100vw, 1024px\" \/><\/a><\/p>\n<p style=\"text-align: right;\"><strong>EXT<span style=\"color: #e8b848;\">R<\/span>AS<\/strong><\/p>\n<p style=\"text-align: left;\"><strong>P. D. 1<span style=\"color: #fca751;\"> &#8220;Si vienes, por ejemplo, a las cuatro de la tarde, comenzar\u00e9 a ser feliz desde las tres<\/span><\/strong><span style=\"color: #e8b848;\">&#8220;<\/span>, le dijo el zorro al Principito<strong> (*)<\/strong>. Como \u00e9l, yo ya preparo mi coraz\u00f3n para que se alegre pensando que alg\u00fan d\u00eda volver\u00e9.<\/p>\n<p style=\"text-align: right;\"><span style=\"color: #999999;\">(*) El Principito. Antonie de Saint-Exupery<\/span><\/p>\n<p><strong>P.D. 2<\/strong> Lo leo en la &#8216;Fisiolog\u00eda del Gusto&#8217; de<strong> Jean Anthelme Brillat-Savarin<\/strong>.\u00a0<strong><span style=\"color: #fca751;\">&#8220;Convidar a alguien equivale a encargarse de su felicidad mientras est\u00e9 con nosotros&#8221;<\/span><\/strong>. Ellos logran que la felicidad perdur\u00e9 m\u00e1s all\u00e1 del Celler. <span style=\"color: #999999;\"><strong>Gracias a la buena gente con la que compart\u00ed Rocas<\/strong><span style=\"color: #000000;\"> e hizo posible que volara por all\u00ed<\/span><\/span><span style=\"color: #000000;\">.<\/span><br \/>\n<iframe loading=\"lazy\" src=\"https:\/\/www.youtube.com\/embed\/zXpdsBKRIZM\" width=\"560\" height=\"315\" frameborder=\"0\" allowfullscreen=\"allowfullscreen\"><\/iframe><br \/>\n<strong>P. D. 3<\/strong>. Nada m\u00e1s entrar una<span style=\"color: #fca751;\"><strong> R<\/strong><\/span> medio durmiente se despert\u00f3 en el mostrador de bienvenida y me dijo: &#8220;Aqu\u00ed estoy yo&#8221;. La acarici\u00e9. Ella se removi\u00f3 bajo mi palma de la mano como si fuera un cachorro. La leona de Girona. Hubo qu\u00edmica entre los dos. Al marchar, yo llorando de emoci\u00f3n, la R me sonri\u00f3. <strong><span style=\"color: #fca751;\">&#8220;Me has enamorado, querida&#8221;<\/span><\/strong>, le mascull\u00e9. Creo que se sonroj\u00f3.<\/p>\n<p><a href=\"https:\/\/static-blogs.lasprovincias.es\/wp-content\/uploads\/sites\/18\/2017\/06\/IMG_9821-1280x787.jpg\"><img loading=\"lazy\" class=\"alignnone size-large wp-image-12097\" src=\"https:\/\/static-blogs.lasprovincias.es\/wp-content\/uploads\/sites\/18\/2017\/06\/IMG_9821-1280x787-1024x630.jpg\" alt=\"img_9821-1280x787\" width=\"1024\" height=\"630\" srcset=\"https:\/\/static-blogs.lasprovincias.es\/wp-content\/uploads\/sites\/18\/2017\/06\/IMG_9821-1280x787-1024x630.jpg 1024w, https:\/\/static-blogs.lasprovincias.es\/wp-content\/uploads\/sites\/18\/2017\/06\/IMG_9821-1280x787-300x184.jpg 300w, https:\/\/static-blogs.lasprovincias.es\/wp-content\/uploads\/sites\/18\/2017\/06\/IMG_9821-1280x787-768x472.jpg 768w, https:\/\/static-blogs.lasprovincias.es\/wp-content\/uploads\/sites\/18\/2017\/06\/IMG_9821-1280x787.jpg 1280w\" sizes=\"(max-width: 1024px) 100vw, 1024px\" \/><\/a><\/p>\n<!-- AddThis Advanced Settings generic via filter on the_content --><!-- AddThis Share Buttons generic via filter on the_content -->","protected":false},"excerpt":{"rendered":"<p>Su apellido forma parte de la galaxia gastron\u00f3mica. \u00abLos mejores del mundo\u00bb, les han calificado una y otra vez las listas m\u00e1s reputadas. Pese a todo, ellos siguen siendo Joan, Josep y Jordi: cuiner, cambrer de vins y pastisser. Celler de Can Roca ESTRATOSF\u00c9RICO Reportaje fotogr\u00e1fico\u00a0\u00a9Jes\u00fasTrelis\u00a0<!-- AddThis Advanced Settings generic via filter on get_the_excerpt --><!-- AddThis Share Buttons generic via filter on get_the_excerpt --><\/p>\n","protected":false},"author":23,"featured_media":0,"comment_status":"open","ping_status":"open","sticky":false,"template":"","format":"standard","meta":[],"categories":[2,3,4,5,7],"tags":[1183,434,1184,520,537,560,722],"_links":{"self":[{"href":"https:\/\/blogs.lasprovincias.es\/historiascondelantal\/wp-json\/wp\/v2\/posts\/12023"}],"collection":[{"href":"https:\/\/blogs.lasprovincias.es\/historiascondelantal\/wp-json\/wp\/v2\/posts"}],"about":[{"href":"https:\/\/blogs.lasprovincias.es\/historiascondelantal\/wp-json\/wp\/v2\/types\/post"}],"author":[{"embeddable":true,"href":"https:\/\/blogs.lasprovincias.es\/historiascondelantal\/wp-json\/wp\/v2\/users\/23"}],"replies":[{"embeddable":true,"href":"https:\/\/blogs.lasprovincias.es\/historiascondelantal\/wp-json\/wp\/v2\/comments?post=12023"}],"version-history":[{"count":23,"href":"https:\/\/blogs.lasprovincias.es\/historiascondelantal\/wp-json\/wp\/v2\/posts\/12023\/revisions"}],"predecessor-version":[{"id":12112,"href":"https:\/\/blogs.lasprovincias.es\/historiascondelantal\/wp-json\/wp\/v2\/posts\/12023\/revisions\/12112"}],"wp:attachment":[{"href":"https:\/\/blogs.lasprovincias.es\/historiascondelantal\/wp-json\/wp\/v2\/media?parent=12023"}],"wp:term":[{"taxonomy":"category","embeddable":true,"href":"https:\/\/blogs.lasprovincias.es\/historiascondelantal\/wp-json\/wp\/v2\/categories?post=12023"},{"taxonomy":"post_tag","embeddable":true,"href":"https:\/\/blogs.lasprovincias.es\/historiascondelantal\/wp-json\/wp\/v2\/tags?post=12023"}],"curies":[{"name":"wp","href":"https:\/\/api.w.org\/{rel}","templated":true}]}}