{"id":12113,"date":"2017-06-10T08:51:21","date_gmt":"2017-06-10T06:51:21","guid":{"rendered":"http:\/\/blogs.lasprovincias.es\/historiascondelantal\/?p=12113"},"modified":"2017-06-10T19:46:21","modified_gmt":"2017-06-10T17:46:21","slug":"los-barrios-tambien-existen-cinco-sitios-donde-comer-bien","status":"publish","type":"post","link":"https:\/\/blogs.lasprovincias.es\/historiascondelantal\/2017\/06\/10\/los-barrios-tambien-existen-cinco-sitios-donde-comer-bien\/","title":{"rendered":"Los barrios tambi\u00e9n existen: cinco sitios donde comer bien"},"content":{"rendered":"<p>De <strong>Patraix a Vara de Quart, del Carme a Exposici\u00f3n<\/strong>. <strong><span style=\"color: #961111;\">Los barrios tambi\u00e9n existen<\/span><\/strong> y, en ellos, locales donde disfrutar comiendo. De todo tipo, con todos los sabores, para todos los p\u00fablicos&#8230; Hoy nos bajamos de la nube (este m\u00edster Cooking necesita un ba\u00f1ito de realidad) y nos vamos a visitar cinco restaurantes\u00a0 que nos ayuden a tocar tierra.<\/p>\n<p style=\"text-align: center;\"><strong><span style=\"color: #ffcc00;\">La felicidad va por barrios, pero literal.<\/span> <\/strong><\/p>\n<p style=\"text-align: center;\"><strong><span style=\"color: #961111;\">\u2014De una lubina salvaje&#8230;\u00a0\u00a0<\/span><\/strong><\/p>\n<p><a href=\"https:\/\/static-blogs.lasprovincias.es\/wp-content\/uploads\/sites\/18\/2017\/06\/variadoJUNIO2012-124.jpg\"><img loading=\"lazy\" class=\"size-large wp-image-12118 aligncenter\" src=\"https:\/\/static-blogs.lasprovincias.es\/wp-content\/uploads\/sites\/18\/2017\/06\/variadoJUNIO2012-124-1024x768.jpg\" alt=\"dav\" width=\"1024\" height=\"768\" srcset=\"https:\/\/static-blogs.lasprovincias.es\/wp-content\/uploads\/sites\/18\/2017\/06\/variadoJUNIO2012-124.jpg 1024w, https:\/\/static-blogs.lasprovincias.es\/wp-content\/uploads\/sites\/18\/2017\/06\/variadoJUNIO2012-124-300x225.jpg 300w, https:\/\/static-blogs.lasprovincias.es\/wp-content\/uploads\/sites\/18\/2017\/06\/variadoJUNIO2012-124-768x576.jpg 768w\" sizes=\"(max-width: 1024px) 100vw, 1024px\" \/><\/a><\/p>\n<p style=\"text-align: center;\"><span style=\"color: #961111;\"><strong>&#8230;a una hamburguesa de autor<\/strong>.\u2014<\/span><\/p>\n<p><a href=\"https:\/\/static-blogs.lasprovincias.es\/wp-content\/uploads\/sites\/18\/2017\/06\/variadoJUNIO2012-095.jpg\"><img loading=\"lazy\" class=\"size-large wp-image-12122 aligncenter\" src=\"https:\/\/static-blogs.lasprovincias.es\/wp-content\/uploads\/sites\/18\/2017\/06\/variadoJUNIO2012-095-1024x768.jpg\" alt=\"dav\" width=\"1024\" height=\"768\" srcset=\"https:\/\/static-blogs.lasprovincias.es\/wp-content\/uploads\/sites\/18\/2017\/06\/variadoJUNIO2012-095.jpg 1024w, https:\/\/static-blogs.lasprovincias.es\/wp-content\/uploads\/sites\/18\/2017\/06\/variadoJUNIO2012-095-300x225.jpg 300w, https:\/\/static-blogs.lasprovincias.es\/wp-content\/uploads\/sites\/18\/2017\/06\/variadoJUNIO2012-095-768x576.jpg 768w\" sizes=\"(max-width: 1024px) 100vw, 1024px\" \/><\/a><\/p>\n<p style=\"text-align: center;\"><strong>&#8220;Cooking, \u00a1que se te est\u00e1n subiendo a la cabeza las estrellas!&#8221;,<\/strong><\/p>\n<p style=\"text-align: left;\">me espet\u00f3 la conciencia. Si sigues as\u00ed, ser\u00e1s guillotinado en plaza p\u00fablica. Cual zanahoria en manos de un mariscal. <a href=\"https:\/\/static-blogs.lasprovincias.es\/wp-content\/uploads\/sites\/18\/2017\/06\/IMG_3226.jpg\"><img loading=\"lazy\" class=\"alignnone size-large wp-image-12114\" src=\"https:\/\/static-blogs.lasprovincias.es\/wp-content\/uploads\/sites\/18\/2017\/06\/IMG_3226-1024x683.jpg\" alt=\"img_3226\" width=\"1024\" height=\"683\" srcset=\"https:\/\/static-blogs.lasprovincias.es\/wp-content\/uploads\/sites\/18\/2017\/06\/IMG_3226.jpg 1024w, https:\/\/static-blogs.lasprovincias.es\/wp-content\/uploads\/sites\/18\/2017\/06\/IMG_3226-300x200.jpg 300w, https:\/\/static-blogs.lasprovincias.es\/wp-content\/uploads\/sites\/18\/2017\/06\/IMG_3226-768x512.jpg 768w\" sizes=\"(max-width: 1024px) 100vw, 1024px\" \/><\/a><\/p>\n<p><!--more--><\/p>\n<p style=\"text-align: center;\">\u00a1e m <strong>p e z<\/strong> a m o s!<\/p>\n<p>Volar por el <a href=\"https:\/\/blogs.lasprovincias.es\/historiascondelantal\/2017\/06\/04\/viaje-estratosferico-al-celler-de-can-roca\/\">Celler de Can Roca <\/a>hace que uno se crezca. No es para menos, la verdad. Tocas el cielo. Tal cual. Pero no hay nada como encontrarte con alguien que sigue tus pistas por la calle y te dice: <span style=\"color: #ff0000;\"><span style=\"color: #961111;\"><strong>&#8220;M\u00edster Cooking, b\u00e1jate a la Tierra&#8221;<\/strong><\/span><span style=\"color: #000000;\">.<\/span><\/span> No es la primera vez que me lo insin\u00faan. &#8220;No me hables siempre de los mismos&#8221;, me han llegado a recriminar. Y aunque este esp\u00eda que te escribe -con m\u00e1s pasi\u00f3n que cerebro, quiz\u00e1s- s\u00f3lo busca<strong> disfrutar y hacer disfrutar<\/strong> de esto de las buenas mesas, debo reconocer que no hay que dejar nunca de abrir el abanico. De ir haciendo grande el Pa\u00eds de las Gastrosof\u00edas. M\u00e1s all\u00e1 de las estrellas&#8230; As\u00ed que, con el firme prop\u00f3sito de cumplir con ese compromiso nos vamos a&#8230;<\/p>\n<p style=\"text-align: center;\"><span style=\"color: #a61616;\">&#8230;buscar entre calles&#8230;<\/span><\/p>\n<p style=\"text-align: center;\"><a href=\"https:\/\/static-blogs.lasprovincias.es\/wp-content\/uploads\/sites\/18\/2017\/06\/IMG_3307.jpg\"><img loading=\"lazy\" class=\"alignnone size-full wp-image-12115\" src=\"https:\/\/static-blogs.lasprovincias.es\/wp-content\/uploads\/sites\/18\/2017\/06\/IMG_3307.jpg\" alt=\"img_3307\" width=\"994\" height=\"628\" srcset=\"https:\/\/static-blogs.lasprovincias.es\/wp-content\/uploads\/sites\/18\/2017\/06\/IMG_3307.jpg 994w, https:\/\/static-blogs.lasprovincias.es\/wp-content\/uploads\/sites\/18\/2017\/06\/IMG_3307-300x190.jpg 300w, https:\/\/static-blogs.lasprovincias.es\/wp-content\/uploads\/sites\/18\/2017\/06\/IMG_3307-768x485.jpg 768w\" sizes=\"(max-width: 994px) 100vw, 994px\" \/><\/a><\/p>\n<p style=\"text-align: center;\"><span style=\"color: #a61616;\">&#8230;entre muros&#8230;<\/span><\/p>\n<p style=\"text-align: center;\"><span style=\"color: #a61616;\"><strong> lugares donde gozar.<\/strong><br \/>\n<\/span><\/p>\n<p style=\"text-align: center;\"><a href=\"https:\/\/static-blogs.lasprovincias.es\/wp-content\/uploads\/sites\/18\/2017\/06\/IMG_3312.jpg\"><img loading=\"lazy\" class=\"alignnone size-large wp-image-12117\" src=\"https:\/\/static-blogs.lasprovincias.es\/wp-content\/uploads\/sites\/18\/2017\/06\/IMG_3312-1024x695.jpg\" alt=\"img_3312\" width=\"1024\" height=\"695\" srcset=\"https:\/\/static-blogs.lasprovincias.es\/wp-content\/uploads\/sites\/18\/2017\/06\/IMG_3312.jpg 1024w, https:\/\/static-blogs.lasprovincias.es\/wp-content\/uploads\/sites\/18\/2017\/06\/IMG_3312-300x204.jpg 300w, https:\/\/static-blogs.lasprovincias.es\/wp-content\/uploads\/sites\/18\/2017\/06\/IMG_3312-768x521.jpg 768w\" sizes=\"(max-width: 1024px) 100vw, 1024px\" \/><\/a><\/p>\n<p style=\"text-align: left;\"><a href=\"https:\/\/static-blogs.lasprovincias.es\/wp-content\/uploads\/sites\/18\/2017\/06\/IMG_3804.jpeg\"><img loading=\"lazy\" class=\"alignnone size-large wp-image-12172\" src=\"https:\/\/static-blogs.lasprovincias.es\/wp-content\/uploads\/sites\/18\/2017\/06\/IMG_3804-1024x435.jpeg\" alt=\"img_3804\" width=\"1024\" height=\"435\" srcset=\"https:\/\/static-blogs.lasprovincias.es\/wp-content\/uploads\/sites\/18\/2017\/06\/IMG_3804-1024x435.jpeg 1024w, https:\/\/static-blogs.lasprovincias.es\/wp-content\/uploads\/sites\/18\/2017\/06\/IMG_3804-300x128.jpeg 300w, https:\/\/static-blogs.lasprovincias.es\/wp-content\/uploads\/sites\/18\/2017\/06\/IMG_3804-768x326.jpeg 768w, https:\/\/static-blogs.lasprovincias.es\/wp-content\/uploads\/sites\/18\/2017\/06\/IMG_3804.jpeg 2047w\" sizes=\"(max-width: 1024px) 100vw, 1024px\" \/><\/a><\/p>\n<p style=\"text-align: left;\"><strong>CASA EUSEBIO. <span style=\"color: #a61616;\">Barrio de Jes\u00fas<\/span><\/strong><span style=\"color: #a61616;\">. <\/span><span style=\"color: #ff9900;\"><strong>Lubinas salvajes&#8230; de dos palmos.<\/strong><\/span><\/p>\n<p style=\"text-align: left;\">Es uno de esos sitios en los que, si paseas por el barrio de Jes\u00fas,\u00a0 junto a Gaspar Aguilar, lo ves y te atrae&#8230; pero nunca acabas de entrar. Hasta que un buen d\u00eda te lanzas y&#8230; \u00a1zas! Descubres que la suya es una apuesta honesta, sin remilgos, en la que tienen lo que tienen pero con una calidad asegurada.<strong> &#8220;Nuestro plato estrella es la lubina salvaje&#8221;, aseguraron nada m\u00e1s me sent\u00e9 en la mesa.<\/strong> (Un sitio, por cierto, agradable: manteles, copas, espacioso y con el servicio m\u00e1s que correcto). &#8220;Pues venga la lubina&#8221;, sentenci\u00e9. Y s\u00ed, tiene toque casi de espect\u00e1culo ver salir el pescado cocinado a la espalda. (De unos dos palmos&#8230; quiz\u00e1 algo m\u00e1s). Muy tostadito, tambi\u00e9n su piel, carnoso, mimado hasta el punto exacto.<\/p>\n<p><a href=\"https:\/\/static-blogs.lasprovincias.es\/wp-content\/uploads\/sites\/18\/2017\/06\/variadoJUNIO2012-129.jpg\"><img loading=\"lazy\" class=\"size-large wp-image-12120\" src=\"https:\/\/static-blogs.lasprovincias.es\/wp-content\/uploads\/sites\/18\/2017\/06\/variadoJUNIO2012-129-1024x768.jpg\" alt=\"dav\" width=\"1024\" height=\"768\" srcset=\"https:\/\/static-blogs.lasprovincias.es\/wp-content\/uploads\/sites\/18\/2017\/06\/variadoJUNIO2012-129.jpg 1024w, https:\/\/static-blogs.lasprovincias.es\/wp-content\/uploads\/sites\/18\/2017\/06\/variadoJUNIO2012-129-300x225.jpg 300w, https:\/\/static-blogs.lasprovincias.es\/wp-content\/uploads\/sites\/18\/2017\/06\/variadoJUNIO2012-129-768x576.jpg 768w\" sizes=\"(max-width: 1024px) 100vw, 1024px\" \/><\/a><\/p>\n<p>&nbsp;<\/p>\n<p><a href=\"https:\/\/static-blogs.lasprovincias.es\/wp-content\/uploads\/sites\/18\/2017\/06\/variadoJUNIO2012-125.jpg\"><img loading=\"lazy\" class=\"size-large wp-image-12119\" src=\"https:\/\/static-blogs.lasprovincias.es\/wp-content\/uploads\/sites\/18\/2017\/06\/variadoJUNIO2012-125-1024x768.jpg\" alt=\"dav\" width=\"1024\" height=\"768\" srcset=\"https:\/\/static-blogs.lasprovincias.es\/wp-content\/uploads\/sites\/18\/2017\/06\/variadoJUNIO2012-125.jpg 1024w, https:\/\/static-blogs.lasprovincias.es\/wp-content\/uploads\/sites\/18\/2017\/06\/variadoJUNIO2012-125-300x225.jpg 300w, https:\/\/static-blogs.lasprovincias.es\/wp-content\/uploads\/sites\/18\/2017\/06\/variadoJUNIO2012-125-768x576.jpg 768w\" sizes=\"(max-width: 1024px) 100vw, 1024px\" \/><\/a><\/p>\n<p>Creo que las cuatro o cinco mesas con las que coincid\u00ed pidieron la lubina. No soy yo, por tanto, quien dice que est\u00e1 rica; es el sabio comensal que repite y la pide sin pensar. Antes de ellas, por eso de abrir boca, prob\u00e9: un <strong>calamar de playa con habitas<\/strong> (poquitas), que merec\u00eda una saeta; unos <strong>chipirones en su tinta<\/strong> (decentes), y una <strong>fritura de pescado<\/strong> (buenaaa&#8230;). Y pan&#8230; que no faltara pan y ganas de disfrutar.<\/p>\n<p><a href=\"https:\/\/static-blogs.lasprovincias.es\/wp-content\/uploads\/sites\/18\/2017\/06\/variadoJUNIO2012-112.jpg\"><img loading=\"lazy\" class=\"size-large wp-image-12125\" src=\"https:\/\/static-blogs.lasprovincias.es\/wp-content\/uploads\/sites\/18\/2017\/06\/variadoJUNIO2012-112-1024x702.jpg\" alt=\"dav\" width=\"1024\" height=\"702\" srcset=\"https:\/\/static-blogs.lasprovincias.es\/wp-content\/uploads\/sites\/18\/2017\/06\/variadoJUNIO2012-112.jpg 1024w, https:\/\/static-blogs.lasprovincias.es\/wp-content\/uploads\/sites\/18\/2017\/06\/variadoJUNIO2012-112-300x206.jpg 300w, https:\/\/static-blogs.lasprovincias.es\/wp-content\/uploads\/sites\/18\/2017\/06\/variadoJUNIO2012-112-768x527.jpg 768w\" sizes=\"(max-width: 1024px) 100vw, 1024px\" \/><\/a><\/p>\n<p><a href=\"https:\/\/static-blogs.lasprovincias.es\/wp-content\/uploads\/sites\/18\/2017\/06\/variadoJUNIO2012-117.jpg\"><img loading=\"lazy\" class=\"size-large wp-image-12129\" src=\"https:\/\/static-blogs.lasprovincias.es\/wp-content\/uploads\/sites\/18\/2017\/06\/variadoJUNIO2012-117-1024x768.jpg\" alt=\"dav\" width=\"1024\" height=\"768\" srcset=\"https:\/\/static-blogs.lasprovincias.es\/wp-content\/uploads\/sites\/18\/2017\/06\/variadoJUNIO2012-117.jpg 1024w, https:\/\/static-blogs.lasprovincias.es\/wp-content\/uploads\/sites\/18\/2017\/06\/variadoJUNIO2012-117-300x225.jpg 300w, https:\/\/static-blogs.lasprovincias.es\/wp-content\/uploads\/sites\/18\/2017\/06\/variadoJUNIO2012-117-768x576.jpg 768w\" sizes=\"(max-width: 1024px) 100vw, 1024px\" \/><\/a><\/p>\n<p><a href=\"https:\/\/static-blogs.lasprovincias.es\/wp-content\/uploads\/sites\/18\/2017\/06\/variadoJUNIO2012-120.jpg\"><img loading=\"lazy\" class=\"size-large wp-image-12131\" src=\"https:\/\/static-blogs.lasprovincias.es\/wp-content\/uploads\/sites\/18\/2017\/06\/variadoJUNIO2012-120-1024x768.jpg\" alt=\"dav\" width=\"1024\" height=\"768\" srcset=\"https:\/\/static-blogs.lasprovincias.es\/wp-content\/uploads\/sites\/18\/2017\/06\/variadoJUNIO2012-120.jpg 1024w, https:\/\/static-blogs.lasprovincias.es\/wp-content\/uploads\/sites\/18\/2017\/06\/variadoJUNIO2012-120-300x225.jpg 300w, https:\/\/static-blogs.lasprovincias.es\/wp-content\/uploads\/sites\/18\/2017\/06\/variadoJUNIO2012-120-768x576.jpg 768w\" sizes=\"(max-width: 1024px) 100vw, 1024px\" \/><\/a><\/p>\n<p>El postre tambi\u00e9n es interesante. Soy de tarta de queso -otra de las debilidades de Mister Cooking- y, la verdad, te ofrecen una con uvas que cumple. Muy cremosa y divertida con la gelatina y la uva coron\u00e1ndola. Y casera. Vaya, que Casa Eusebio bien merece una visita.<\/p>\n<p><a href=\"https:\/\/static-blogs.lasprovincias.es\/wp-content\/uploads\/sites\/18\/2017\/06\/variadoJUNIO2012-136.jpg\"><img loading=\"lazy\" class=\"size-large wp-image-12134\" src=\"https:\/\/static-blogs.lasprovincias.es\/wp-content\/uploads\/sites\/18\/2017\/06\/variadoJUNIO2012-136-1024x768.jpg\" alt=\"dav\" width=\"1024\" height=\"768\" srcset=\"https:\/\/static-blogs.lasprovincias.es\/wp-content\/uploads\/sites\/18\/2017\/06\/variadoJUNIO2012-136.jpg 1024w, https:\/\/static-blogs.lasprovincias.es\/wp-content\/uploads\/sites\/18\/2017\/06\/variadoJUNIO2012-136-300x225.jpg 300w, https:\/\/static-blogs.lasprovincias.es\/wp-content\/uploads\/sites\/18\/2017\/06\/variadoJUNIO2012-136-768x576.jpg 768w\" sizes=\"(max-width: 1024px) 100vw, 1024px\" \/><\/a><\/p>\n<pre style=\"text-align: right;\"><em><strong>Casa Eusebio.<\/strong> Calle Almacera, 3. <\/em>963 78 90 27\r\n<em>Salimos a unos 45 por cabeza (m\u00e1s o menos)<\/em><\/pre>\n<p>&nbsp;<\/p>\n<p><strong>L&#8217;INCONTRO.<\/strong>\u00a0<strong><span style=\"color: #a61616;\">Vara de Quart.<\/span><\/strong> <strong><span style=\"color: #ff9900;\">La pasta artesana.<\/span><\/strong><\/p>\n<p>No lo dudes. Si un d\u00eda quieres hacer una comida r\u00e1pida y buena, italiano al estilo de Enzo, ves a visitarlo y a probar sus pastas en la avendia de Tres Cruces de Valencia. No esperes un grand\u00edsimo restaurante -ya sabes que busco hablarte de esos sitios con \u00e9xito en los barrios-, pero s\u00ed un lugar en el que estar bien. L&#8217;Incontro tiene una carta de pastas bien variada y te llega a ofrecer como sugerencia del d\u00eda, por ejemplo, unos <strong>espagheti con bogavante.<\/strong> Y te aseguro que no son una tonter\u00eda. (No lo prob\u00e9, pero vi salir un plato con el bicho rezumando por todos los lados).<\/p>\n<p>Por <strong>quince euros \ud83d\ude42<\/strong>, encontrar\u00e1s -esto te va a gustar- un men\u00fa del d\u00eda la mar de completo. Y muy rico. De verdad. (Ajustado, claro al precio). Incluye una ensalada, una pasta o pizza de segundo y un postre.<\/p>\n<p><a href=\"https:\/\/static-blogs.lasprovincias.es\/wp-content\/uploads\/sites\/18\/2017\/06\/IMG_20170609_135937-1280x960.jpg\"><img loading=\"lazy\" class=\"size-large wp-image-12149\" src=\"https:\/\/static-blogs.lasprovincias.es\/wp-content\/uploads\/sites\/18\/2017\/06\/IMG_20170609_135937-1280x960-1024x768.jpg\" alt=\"dav\" width=\"1024\" height=\"768\" srcset=\"https:\/\/static-blogs.lasprovincias.es\/wp-content\/uploads\/sites\/18\/2017\/06\/IMG_20170609_135937-1280x960-1024x768.jpg 1024w, https:\/\/static-blogs.lasprovincias.es\/wp-content\/uploads\/sites\/18\/2017\/06\/IMG_20170609_135937-1280x960-300x225.jpg 300w, https:\/\/static-blogs.lasprovincias.es\/wp-content\/uploads\/sites\/18\/2017\/06\/IMG_20170609_135937-1280x960-768x576.jpg 768w, https:\/\/static-blogs.lasprovincias.es\/wp-content\/uploads\/sites\/18\/2017\/06\/IMG_20170609_135937-1280x960.jpg 1280w\" sizes=\"(max-width: 1024px) 100vw, 1024px\" \/><\/a><\/p>\n<p><a href=\"https:\/\/static-blogs.lasprovincias.es\/wp-content\/uploads\/sites\/18\/2017\/06\/IMG_20170609_140108-1280x857.jpg\"><img loading=\"lazy\" class=\"size-large wp-image-12150\" src=\"https:\/\/static-blogs.lasprovincias.es\/wp-content\/uploads\/sites\/18\/2017\/06\/IMG_20170609_140108-1280x857-1024x686.jpg\" alt=\"dav\" width=\"1024\" height=\"686\" srcset=\"https:\/\/static-blogs.lasprovincias.es\/wp-content\/uploads\/sites\/18\/2017\/06\/IMG_20170609_140108-1280x857-1024x686.jpg 1024w, https:\/\/static-blogs.lasprovincias.es\/wp-content\/uploads\/sites\/18\/2017\/06\/IMG_20170609_140108-1280x857-300x201.jpg 300w, https:\/\/static-blogs.lasprovincias.es\/wp-content\/uploads\/sites\/18\/2017\/06\/IMG_20170609_140108-1280x857-768x514.jpg 768w, https:\/\/static-blogs.lasprovincias.es\/wp-content\/uploads\/sites\/18\/2017\/06\/IMG_20170609_140108-1280x857.jpg 1280w\" sizes=\"(max-width: 1024px) 100vw, 1024px\" \/><\/a><\/p>\n<p>Para escribirte esta pincelada acud\u00ed, ped\u00ed men\u00fa del d\u00eda y disfrut\u00e9 de una <strong>ensalada fr\u00eda de emperador con calabac\u00edn<\/strong> (interesante), una pasta que estaba muy rica de <strong>\u00f1oquis de calabaza con parmesano y espinacas<\/strong>, deliciosa (muy dulzona, equilibrada en sabores y fresca) y una <strong>panacotta de dulce de leche<\/strong> de quitarse el sombrero. Rico.<\/p>\n<p><a href=\"https:\/\/static-blogs.lasprovincias.es\/wp-content\/uploads\/sites\/18\/2017\/06\/IMG_20170609_140631-1280x960.jpg\"><img loading=\"lazy\" class=\"alignnone size-large wp-image-12151\" src=\"https:\/\/static-blogs.lasprovincias.es\/wp-content\/uploads\/sites\/18\/2017\/06\/IMG_20170609_140631-1280x960-1024x768.jpg\" alt=\"Historias Con Delantal\" width=\"1024\" height=\"768\" srcset=\"https:\/\/static-blogs.lasprovincias.es\/wp-content\/uploads\/sites\/18\/2017\/06\/IMG_20170609_140631-1280x960-1024x768.jpg 1024w, https:\/\/static-blogs.lasprovincias.es\/wp-content\/uploads\/sites\/18\/2017\/06\/IMG_20170609_140631-1280x960-300x225.jpg 300w, https:\/\/static-blogs.lasprovincias.es\/wp-content\/uploads\/sites\/18\/2017\/06\/IMG_20170609_140631-1280x960-768x576.jpg 768w, https:\/\/static-blogs.lasprovincias.es\/wp-content\/uploads\/sites\/18\/2017\/06\/IMG_20170609_140631-1280x960.jpg 1280w\" sizes=\"(max-width: 1024px) 100vw, 1024px\" \/><\/a><\/p>\n<p><a href=\"https:\/\/static-blogs.lasprovincias.es\/wp-content\/uploads\/sites\/18\/2017\/06\/IMG_20170609_141818-1280x960.jpg\"><img loading=\"lazy\" class=\"size-large wp-image-12153\" src=\"https:\/\/static-blogs.lasprovincias.es\/wp-content\/uploads\/sites\/18\/2017\/06\/IMG_20170609_141818-1280x960-1024x768.jpg\" alt=\"dav\" width=\"1024\" height=\"768\" srcset=\"https:\/\/static-blogs.lasprovincias.es\/wp-content\/uploads\/sites\/18\/2017\/06\/IMG_20170609_141818-1280x960-1024x768.jpg 1024w, https:\/\/static-blogs.lasprovincias.es\/wp-content\/uploads\/sites\/18\/2017\/06\/IMG_20170609_141818-1280x960-300x225.jpg 300w, https:\/\/static-blogs.lasprovincias.es\/wp-content\/uploads\/sites\/18\/2017\/06\/IMG_20170609_141818-1280x960-768x576.jpg 768w, https:\/\/static-blogs.lasprovincias.es\/wp-content\/uploads\/sites\/18\/2017\/06\/IMG_20170609_141818-1280x960.jpg 1280w\" sizes=\"(max-width: 1024px) 100vw, 1024px\" \/><\/a><\/p>\n<p><a href=\"https:\/\/static-blogs.lasprovincias.es\/wp-content\/uploads\/sites\/18\/2017\/06\/IMG_20170609_143214_1-1280x960.jpg\"><img loading=\"lazy\" class=\"size-large wp-image-12154\" src=\"https:\/\/static-blogs.lasprovincias.es\/wp-content\/uploads\/sites\/18\/2017\/06\/IMG_20170609_143214_1-1280x960-1024x768.jpg\" alt=\"dav\" width=\"1024\" height=\"768\" srcset=\"https:\/\/static-blogs.lasprovincias.es\/wp-content\/uploads\/sites\/18\/2017\/06\/IMG_20170609_143214_1-1280x960-1024x768.jpg 1024w, https:\/\/static-blogs.lasprovincias.es\/wp-content\/uploads\/sites\/18\/2017\/06\/IMG_20170609_143214_1-1280x960-300x225.jpg 300w, https:\/\/static-blogs.lasprovincias.es\/wp-content\/uploads\/sites\/18\/2017\/06\/IMG_20170609_143214_1-1280x960-768x576.jpg 768w, https:\/\/static-blogs.lasprovincias.es\/wp-content\/uploads\/sites\/18\/2017\/06\/IMG_20170609_143214_1-1280x960.jpg 1280w\" sizes=\"(max-width: 1024px) 100vw, 1024px\" \/><\/a><\/p>\n<p>Por cierto, la reforma que Enzo hizo hace un a\u00f1o en su local, d\u00e1ndole un car\u00e1cter m\u00e1s limpio, con m\u00e1s luz, le da un ambiente de &#8216;ristorante&#8217; que se agradece. No faltan ni las flores de bienvenida, ni una vela encendida en un rinc\u00f3n del local junto a la imagen de una virgen. Quiz\u00e1, la Virgen del Loreto. Detalles que dan humanidad a la cocina. Eso que tanto me gusta&#8230; \ud83d\ude42<\/p>\n<pre style=\"text-align: right;\"><em><strong>L'Incontro.<\/strong> Avda. Tres Cruces, 79. Tel\u00e9fono 963770487.<\/em><em>Men\u00fa y un caf\u00e9 16 euros.<\/em><\/pre>\n<p>&nbsp;<\/p>\n<p><strong>LAMBURGUESA.<\/strong>\u00a0<strong><span style=\"color: #a61616;\">Barrio del Carme.<\/span><\/strong>\u00a0<strong><span style=\"color: #ffcc00;\">Bocados de autor.<\/span><\/strong><\/p>\n<p>Un local joven, desenfadado, pr\u00e1ctico y, si tienes chavales, perfecto para hacer feliz a la tropa. Su ubicaci\u00f3n, en el barrio del Carme. Su fuerte, como ya te habr\u00e1s imaginado, las hamburguesas. Pero hamburguesas con gui\u00f1o, porque todas las que te ofrecen tienen un algo que las diferencia. Eso que un buen d\u00eda nos dio por llamar: <strong>de autor<\/strong>.<\/p>\n<p><img loading=\"lazy\" class=\"size-full wp-image-12144\" src=\"https:\/\/static-blogs.lasprovincias.es\/wp-content\/uploads\/sites\/18\/2017\/06\/variadoJUNIO2012-102.jpg\" alt=\"dav\" width=\"975\" height=\"738\" srcset=\"https:\/\/static-blogs.lasprovincias.es\/wp-content\/uploads\/sites\/18\/2017\/06\/variadoJUNIO2012-102.jpg 975w, https:\/\/static-blogs.lasprovincias.es\/wp-content\/uploads\/sites\/18\/2017\/06\/variadoJUNIO2012-102-300x227.jpg 300w, https:\/\/static-blogs.lasprovincias.es\/wp-content\/uploads\/sites\/18\/2017\/06\/variadoJUNIO2012-102-768x581.jpg 768w\" sizes=\"(max-width: 975px) 100vw, 975px\" \/><\/p>\n<p>La base, que es la carne, me parece m\u00e1s que correcta. Denota calidad. Y el pan, tambi\u00e9n. Tres versiones te proponen: cl\u00e1sico, de mantequilla (m\u00e1s brioche) o el pan de cristal. Me qued\u00e9 con la \u00faltimo y estaba bastante, bastante bueno.<\/p>\n<p>El abanico de opciones de hamburguesas es muy amplio. Opt\u00e9 por una sin demasiada algarab\u00eda. Le llaman la Djonesa (por la mostaza) y se presenta como: <strong>hamburguesa artesana, berenjena confitada, queso brie, cebolla caramelizada y la mostaza de Djon<\/strong>. Emplatada, es un espect\u00e1culo. Me result\u00f3 un poco oleosa -eso s\u00ed-, quiz\u00e1 por la propia berenjena, pero la combinaci\u00f3n est\u00e1 muy bien pensanda.<\/p>\n<p><a href=\"https:\/\/static-blogs.lasprovincias.es\/wp-content\/uploads\/sites\/18\/2017\/06\/IMG_20170603_135336-1280x960.jpg\"><img loading=\"lazy\" class=\"alignnone size-large wp-image-12159\" src=\"https:\/\/static-blogs.lasprovincias.es\/wp-content\/uploads\/sites\/18\/2017\/06\/IMG_20170603_135336-1280x960-1024x768.jpg\" alt=\"\" width=\"1024\" height=\"768\" srcset=\"https:\/\/static-blogs.lasprovincias.es\/wp-content\/uploads\/sites\/18\/2017\/06\/IMG_20170603_135336-1280x960-1024x768.jpg 1024w, https:\/\/static-blogs.lasprovincias.es\/wp-content\/uploads\/sites\/18\/2017\/06\/IMG_20170603_135336-1280x960-300x225.jpg 300w, https:\/\/static-blogs.lasprovincias.es\/wp-content\/uploads\/sites\/18\/2017\/06\/IMG_20170603_135336-1280x960-768x576.jpg 768w, https:\/\/static-blogs.lasprovincias.es\/wp-content\/uploads\/sites\/18\/2017\/06\/IMG_20170603_135336-1280x960.jpg 1280w\" sizes=\"(max-width: 1024px) 100vw, 1024px\" \/><\/a><\/p>\n<p><a href=\"https:\/\/static-blogs.lasprovincias.es\/wp-content\/uploads\/sites\/18\/2017\/06\/variadoJUNIO2012-107.jpg\"><img loading=\"lazy\" class=\"size-large wp-image-12145\" src=\"https:\/\/static-blogs.lasprovincias.es\/wp-content\/uploads\/sites\/18\/2017\/06\/variadoJUNIO2012-107-1024x768.jpg\" alt=\"dav\" width=\"1024\" height=\"768\" srcset=\"https:\/\/static-blogs.lasprovincias.es\/wp-content\/uploads\/sites\/18\/2017\/06\/variadoJUNIO2012-107.jpg 1024w, https:\/\/static-blogs.lasprovincias.es\/wp-content\/uploads\/sites\/18\/2017\/06\/variadoJUNIO2012-107-300x225.jpg 300w, https:\/\/static-blogs.lasprovincias.es\/wp-content\/uploads\/sites\/18\/2017\/06\/variadoJUNIO2012-107-768x576.jpg 768w\" sizes=\"(max-width: 1024px) 100vw, 1024px\" \/><\/a><\/p>\n<p>Al ir acompa\u00f1ado, pude probar tambi\u00e9n la <strong>Cheese Party\u00a0<\/strong> (con una rica combinaci\u00f3n de quesos) y la <strong>Coco Chanel <\/strong>(que est\u00e1 hecha con foie fresco). El precio medio de la hamburguesa es 9,50 euros, as\u00ed que&#8230; vale la pena. \u00a1Ah&#8230; y con una de estas te quedas bien! No hace falta mucho m\u00e1s ;-).<\/p>\n<p><a href=\"https:\/\/static-blogs.lasprovincias.es\/wp-content\/uploads\/sites\/18\/2017\/06\/variadoJUNIO2012-091.jpg\"><img loading=\"lazy\" class=\"size-large wp-image-12140\" src=\"https:\/\/static-blogs.lasprovincias.es\/wp-content\/uploads\/sites\/18\/2017\/06\/variadoJUNIO2012-091-1024x768.jpg\" alt=\"dav\" width=\"1024\" height=\"768\" srcset=\"https:\/\/static-blogs.lasprovincias.es\/wp-content\/uploads\/sites\/18\/2017\/06\/variadoJUNIO2012-091.jpg 1024w, https:\/\/static-blogs.lasprovincias.es\/wp-content\/uploads\/sites\/18\/2017\/06\/variadoJUNIO2012-091-300x225.jpg 300w, https:\/\/static-blogs.lasprovincias.es\/wp-content\/uploads\/sites\/18\/2017\/06\/variadoJUNIO2012-091-768x576.jpg 768w\" sizes=\"(max-width: 1024px) 100vw, 1024px\" \/><\/a><\/p>\n<p><a href=\"https:\/\/static-blogs.lasprovincias.es\/wp-content\/uploads\/sites\/18\/2017\/06\/variadoJUNIO2012-094.jpg\"><img loading=\"lazy\" class=\"size-large wp-image-12142\" src=\"https:\/\/static-blogs.lasprovincias.es\/wp-content\/uploads\/sites\/18\/2017\/06\/variadoJUNIO2012-094-1024x768.jpg\" alt=\"dav\" width=\"1024\" height=\"768\" srcset=\"https:\/\/static-blogs.lasprovincias.es\/wp-content\/uploads\/sites\/18\/2017\/06\/variadoJUNIO2012-094.jpg 1024w, https:\/\/static-blogs.lasprovincias.es\/wp-content\/uploads\/sites\/18\/2017\/06\/variadoJUNIO2012-094-300x225.jpg 300w, https:\/\/static-blogs.lasprovincias.es\/wp-content\/uploads\/sites\/18\/2017\/06\/variadoJUNIO2012-094-768x576.jpg 768w\" sizes=\"(max-width: 1024px) 100vw, 1024px\" \/><\/a><\/p>\n<p>En mi caso, antes prob\u00e9 unas croquetas de pollo y jam\u00f3n, bastante decentes, y unas\u00a0 bravas, que no son nada extraordinario pero que juegan su papel. Ya sabes, para calmar el hambre de los ni\u00f1os&#8230; (y los papis). Vaya, yo com\u00ed varias&#8230;<\/p>\n<p><a href=\"https:\/\/static-blogs.lasprovincias.es\/wp-content\/uploads\/sites\/18\/2017\/06\/variadoJUNIO2012-079.jpg\"><img loading=\"lazy\" class=\"size-large wp-image-12136\" src=\"https:\/\/static-blogs.lasprovincias.es\/wp-content\/uploads\/sites\/18\/2017\/06\/variadoJUNIO2012-079-1024x768.jpg\" alt=\"dav\" width=\"1024\" height=\"768\" srcset=\"https:\/\/static-blogs.lasprovincias.es\/wp-content\/uploads\/sites\/18\/2017\/06\/variadoJUNIO2012-079.jpg 1024w, https:\/\/static-blogs.lasprovincias.es\/wp-content\/uploads\/sites\/18\/2017\/06\/variadoJUNIO2012-079-300x225.jpg 300w, https:\/\/static-blogs.lasprovincias.es\/wp-content\/uploads\/sites\/18\/2017\/06\/variadoJUNIO2012-079-768x576.jpg 768w\" sizes=\"(max-width: 1024px) 100vw, 1024px\" \/><\/a><\/p>\n<p><a href=\"https:\/\/static-blogs.lasprovincias.es\/wp-content\/uploads\/sites\/18\/2017\/06\/variadoJUNIO2012-082.jpg\"><img loading=\"lazy\" class=\"size-large wp-image-12138\" src=\"https:\/\/static-blogs.lasprovincias.es\/wp-content\/uploads\/sites\/18\/2017\/06\/variadoJUNIO2012-082-1024x768.jpg\" alt=\"dav\" width=\"1024\" height=\"768\" srcset=\"https:\/\/static-blogs.lasprovincias.es\/wp-content\/uploads\/sites\/18\/2017\/06\/variadoJUNIO2012-082.jpg 1024w, https:\/\/static-blogs.lasprovincias.es\/wp-content\/uploads\/sites\/18\/2017\/06\/variadoJUNIO2012-082-300x225.jpg 300w, https:\/\/static-blogs.lasprovincias.es\/wp-content\/uploads\/sites\/18\/2017\/06\/variadoJUNIO2012-082-768x576.jpg 768w\" sizes=\"(max-width: 1024px) 100vw, 1024px\" \/><\/a><\/p>\n<pre style=\"text-align: right;\"><em><strong>Lamburguesa. <\/strong>Hay varias. En Valencia, Beltr\u00e1n Bigorra 10.\r\n (Tb en Godella y Paterna) <\/em><em>Calcula unos 15 euros por cabeza. \r\n(62,80 euros me cost\u00f3 cuatro personas)<\/em><\/pre>\n<p><strong>CRUDO BAR. <span style=\"color: #a61616;\">Frente al Mercat Central. <span style=\"color: #ffcc00;\">Una propuesta diferente.<\/span><br \/>\n<\/span><\/strong><\/p>\n<p>Una propuesta diferente, s\u00ed&#8230; Aunque no s\u00e9 si para todos los p\u00fablicos. No por el precio, sino por la oferta. A los que todav\u00eda ten\u00e9is miedo a superar la frontera del crudo, ya os digo que ya empieza a ser el momento&#8230;<\/p>\n<p>Crudo Bar est\u00e1 en un lugar, adem\u00e1s, dif\u00edcil. Situado en la plaza del Mercat (frente al Mercado Central), donde parece que la propuesta gastron\u00f3mica tenga un perfil claramente pensado para el p\u00fablico tur\u00edstico.<\/p>\n<p><a href=\"https:\/\/static-blogs.lasprovincias.es\/wp-content\/uploads\/sites\/18\/2017\/06\/IMG_20170531_145757-960x1280.jpg\"><img loading=\"lazy\" class=\"size-large wp-image-12161\" src=\"https:\/\/static-blogs.lasprovincias.es\/wp-content\/uploads\/sites\/18\/2017\/06\/IMG_20170531_145757-960x1280-768x1024.jpg\" alt=\"dav\" width=\"768\" height=\"1024\" srcset=\"https:\/\/static-blogs.lasprovincias.es\/wp-content\/uploads\/sites\/18\/2017\/06\/IMG_20170531_145757-960x1280-768x1024.jpg 768w, https:\/\/static-blogs.lasprovincias.es\/wp-content\/uploads\/sites\/18\/2017\/06\/IMG_20170531_145757-960x1280-225x300.jpg 225w, https:\/\/static-blogs.lasprovincias.es\/wp-content\/uploads\/sites\/18\/2017\/06\/IMG_20170531_145757-960x1280.jpg 960w\" sizes=\"(max-width: 768px) 100vw, 768px\" \/><\/a><\/p>\n<p>En su carta encuentro: ceviche de corvina con aj\u00ed amarillo y rocoto (11,50 euros), tiradito de corvina con jengibre y boniato (11,70), carpaccio de ternera argentina con r\u00facula y parmesano (12,40),\u00a0 tartar picante de at\u00fan (11,40)&#8230;. Y el que prob\u00e9 yo,<strong> ceviche de gambas con gazpacho de tigre<\/strong> (11,70). Un plato muy de verano, pele\u00f3n, que se podr\u00eda mejorar, pero que tiene alma. Deber\u00eda probar m\u00e1s, pero de momento, sirva esto de avanzadilla (por si quieres comer algo diferente junto a la Lonja).<\/p>\n<p><a href=\"https:\/\/static-blogs.lasprovincias.es\/wp-content\/uploads\/sites\/18\/2017\/06\/variadoJUNIO2012-027.jpg\"><img loading=\"lazy\" class=\"alignnone size-large wp-image-12124\" src=\"https:\/\/static-blogs.lasprovincias.es\/wp-content\/uploads\/sites\/18\/2017\/06\/variadoJUNIO2012-027-1024x768.jpg\" alt=\"historias con delantal. ceviche de gambas\" width=\"1024\" height=\"768\" srcset=\"https:\/\/static-blogs.lasprovincias.es\/wp-content\/uploads\/sites\/18\/2017\/06\/variadoJUNIO2012-027.jpg 1024w, https:\/\/static-blogs.lasprovincias.es\/wp-content\/uploads\/sites\/18\/2017\/06\/variadoJUNIO2012-027-300x225.jpg 300w, https:\/\/static-blogs.lasprovincias.es\/wp-content\/uploads\/sites\/18\/2017\/06\/variadoJUNIO2012-027-768x576.jpg 768w\" sizes=\"(max-width: 1024px) 100vw, 1024px\" \/><\/a><\/p>\n<p>(<em>Por cierto, de Crudo Bar y Jorge -su propietario-\u00a0 te cuento algo m\u00e1s en el <strong>Mister Cooking Confidentials<\/strong> de Historias Con Delantal #papel este fin de semana. En Las Provincias, claro<\/em>).<\/p>\n<pre style=\"text-align: right;\"><em><strong>Crudo Bar.<\/strong> Plaza del Mercat, 36. Tel.963 91 16 51 <\/em><em>Los precios, los has le\u00eddo antes.\r\nEn caso, me invit\u00f3 a probar el ceviche.<\/em><\/pre>\n<p>&nbsp;<\/p>\n<p><strong>JULIO VERNE.\u00a0 <\/strong><strong><span style=\"color: #a61616;\">Exposici\u00f3n.<span style=\"color: #ffcc00;\"> Un viejo conocido que no cesa.<\/span><br \/>\n<\/span><\/strong><\/p>\n<p>Pensando en esos lugares ubicados en barrios de Valencia me vino a la cabeza Julio Verne, en la zona de Exposici\u00f3n. Uno de esos sitios que responde perfectamente a eso que buscamos: lugares casi invisibles para el p\u00fablico en general pero muy arraigados entre sus vecinos.<\/p>\n<p>Aunque del caso de Juan Exojo y Cris Ib\u00e1\u00f1ez\u00a0<a href=\"https:\/\/blogs.lasprovincias.es\/historiascondelantal\/2016\/06\/14\/julio-verne-cocina-en-valencia\/\"> ya hemos hablado en varias ocasiones,<\/a> los cito de nuevo, la verdad, porque responde a la perfecci\u00f3n con el patr\u00f3n que andaba rastreando: <strong>discreci\u00f3n en el trato, un local familiar, buena calidad, cierto ingenio, respeto al sabor y buen precio<\/strong>.<\/p>\n<div id=\"attachment_12162\" style=\"width: 1034px\" class=\"wp-caption alignnone\"><a href=\"https:\/\/static-blogs.lasprovincias.es\/wp-content\/uploads\/sites\/18\/2017\/06\/52793913.jpg\"><img aria-describedby=\"caption-attachment-12162\" loading=\"lazy\" class=\"wp-image-12162 size-large\" src=\"https:\/\/static-blogs.lasprovincias.es\/wp-content\/uploads\/sites\/18\/2017\/06\/52793913-1024x683.jpg\" alt=\"Restaurante Julio verne\" width=\"1024\" height=\"683\" srcset=\"https:\/\/static-blogs.lasprovincias.es\/wp-content\/uploads\/sites\/18\/2017\/06\/52793913.jpg 1024w, https:\/\/static-blogs.lasprovincias.es\/wp-content\/uploads\/sites\/18\/2017\/06\/52793913-300x200.jpg 300w, https:\/\/static-blogs.lasprovincias.es\/wp-content\/uploads\/sites\/18\/2017\/06\/52793913-768x512.jpg 768w\" sizes=\"(max-width: 1024px) 100vw, 1024px\" \/><\/a><p id=\"caption-attachment-12162\" class=\"wp-caption-text\">Restaurante Julio Verne. Imagen de Manolo Molines.<\/p><\/div>\n<p>Aunque lo que me ha impulsado, la verdad, para volver a hablar de ellos es que rastreando por su mundo di con esta fotograf\u00eda de su<strong> cheese cake con mojama y berenjena ahumada<\/strong> y me dije: &#8220;esto lo tienen que ver todos&#8221;. El propio Juan me confes\u00f3, algo despu\u00e9s, que \u00e9sta era una de las &#8216;joyas&#8217; que elabora Cris, al frente de los dulces y la reposter\u00eda salada.<\/p>\n<div id=\"attachment_12163\" style=\"width: 522px\" class=\"wp-caption aligncenter\"><a href=\"https:\/\/static-blogs.lasprovincias.es\/wp-content\/uploads\/sites\/18\/2017\/06\/18740345_846513702153738_2720371608005504577_n.jpg\"><img aria-describedby=\"caption-attachment-12163\" loading=\"lazy\" class=\"wp-image-12163 size-full\" src=\"https:\/\/static-blogs.lasprovincias.es\/wp-content\/uploads\/sites\/18\/2017\/06\/18740345_846513702153738_2720371608005504577_n.jpg\" alt=\"18740345_846513702153738_2720371608005504577_n\" width=\"512\" height=\"640\" srcset=\"https:\/\/static-blogs.lasprovincias.es\/wp-content\/uploads\/sites\/18\/2017\/06\/18740345_846513702153738_2720371608005504577_n.jpg 512w, https:\/\/static-blogs.lasprovincias.es\/wp-content\/uploads\/sites\/18\/2017\/06\/18740345_846513702153738_2720371608005504577_n-240x300.jpg 240w\" sizes=\"(max-width: 512px) 100vw, 512px\" \/><\/a><p id=\"caption-attachment-12163\" class=\"wp-caption-text\">Imagen cedida por Juan Exojo.<\/p><\/div>\n<p>&nbsp;<\/p>\n<p>Hablando de men\u00fas interesantes, apunta -ya te lo coment\u00e9 hace ahora tres a\u00f1os- el <strong>de The Book<\/strong>. De \u00e9l (y de quien est\u00e1 detr\u00e1s) te hablar\u00e9 en mi pr\u00f3ximo post (y en Las Provincias #papel el domingo). Pero que quede constancia ya que un paseo por sus mesas, tambi\u00e9n vale la pena. <strong><span style=\"color: #c22323;\">(Barrio de Arag\u00f3n)<\/span><\/strong><\/p>\n<p><a href=\"https:\/\/static-blogs.lasprovincias.es\/wp-content\/uploads\/sites\/18\/2017\/06\/IMG_20170525_151413-1280x960.jpg\"><img loading=\"lazy\" class=\"alignnone size-large wp-image-12166\" src=\"https:\/\/static-blogs.lasprovincias.es\/wp-content\/uploads\/sites\/18\/2017\/06\/IMG_20170525_151413-1280x960-1024x768.jpg\" alt=\"Historias Con Delantal. The Book\" width=\"1024\" height=\"768\" srcset=\"https:\/\/static-blogs.lasprovincias.es\/wp-content\/uploads\/sites\/18\/2017\/06\/IMG_20170525_151413-1280x960-1024x768.jpg 1024w, https:\/\/static-blogs.lasprovincias.es\/wp-content\/uploads\/sites\/18\/2017\/06\/IMG_20170525_151413-1280x960-300x225.jpg 300w, https:\/\/static-blogs.lasprovincias.es\/wp-content\/uploads\/sites\/18\/2017\/06\/IMG_20170525_151413-1280x960-768x576.jpg 768w, https:\/\/static-blogs.lasprovincias.es\/wp-content\/uploads\/sites\/18\/2017\/06\/IMG_20170525_151413-1280x960.jpg 1280w\" sizes=\"(max-width: 1024px) 100vw, 1024px\" \/><\/a><\/p>\n<p>De hecho,<strong> todo barrio tiene sus joyas gastron\u00f3micas<\/strong>. O al menos, ese local en el que uno se encuentra feliz, porque descubre que ante sus mesas est\u00e1 como en casa. Algunos entre <strong><span style=\"color: #c22323;\">Rascanya y Campanar<\/span> <\/strong>les pasa con <strong>Ciro<\/strong>, o cerquita de all\u00ed, con el <strong>Come &amp; Calla<\/strong> de <strong>Alejandro Platero<\/strong>, o en el barrio de <strong><span style=\"color: #c22323;\">Jes\u00fas<\/span> <\/strong>tambi\u00e9n con otro viejo conocido: <strong>Barbados<\/strong>&#8230; O en <strong><span style=\"color: #c22323;\">Beniferri<\/span><\/strong>, con Tavella. Y tantos y tantos m\u00e1s&#8230; \u00a1<strong>El Rausell<\/strong>, en <strong><span style=\"color: #c22323;\">Abastos<\/span><\/strong>!<\/p>\n<p>Sea esto un pasito m\u00e1s en <strong><span style=\"color: #c22323;\">reivindicar a los invisibles.<\/span><\/strong> Que al tiempo son los m\u00e1s visibles. Y para, como os coment\u00e9, tocar Tierra.\u00a0 Por cierto&#8230;<\/p>\n<p style=\"text-align: center;\"><strong>\u00bfCu\u00e1l es el local <\/strong><\/p>\n<blockquote>\n<p style=\"text-align: center;\"><strong>de<span style=\"color: #ffcc00;\"> tu barrio<\/span> <\/strong><\/p>\n<p style=\"text-align: center;\"><strong>en el que te sientes <\/strong><\/p>\n<p style=\"text-align: center;\"><strong><span style=\"color: #ffcc00;\">como en casa<\/span>?<\/strong><\/p>\n<\/blockquote>\n<p>&nbsp;<\/p>\n<p><em>Tocamos tierra, pero seguiremos volando. Despu\u00e9s de todo&#8230; Mister Cooking viaja con su delantal volador. Y, por cierto, ves tomando nota que llega el verano. Y te lo vamos a poner f\u00e1cil. Y a hacerlo divertido. <strong><span style=\"color: #c22323;\">Gastronom\u00eda sin dramas.<\/span><\/strong> Y muy aventurera. Llega<\/em> <strong>#elCOOKINGexpr\u00e9s<\/strong><\/p>\n<p><a href=\"https:\/\/static-blogs.lasprovincias.es\/wp-content\/uploads\/sites\/18\/2017\/06\/IMG_3799.jpeg\"><img loading=\"lazy\" class=\"alignnone size-large wp-image-12167\" src=\"https:\/\/static-blogs.lasprovincias.es\/wp-content\/uploads\/sites\/18\/2017\/06\/IMG_3799-1024x768.jpeg\" alt=\"img_3799\" width=\"1024\" height=\"768\" srcset=\"https:\/\/static-blogs.lasprovincias.es\/wp-content\/uploads\/sites\/18\/2017\/06\/IMG_3799-1024x768.jpeg 1024w, https:\/\/static-blogs.lasprovincias.es\/wp-content\/uploads\/sites\/18\/2017\/06\/IMG_3799-300x225.jpeg 300w, https:\/\/static-blogs.lasprovincias.es\/wp-content\/uploads\/sites\/18\/2017\/06\/IMG_3799-768x576.jpeg 768w, https:\/\/static-blogs.lasprovincias.es\/wp-content\/uploads\/sites\/18\/2017\/06\/IMG_3799.jpeg 2048w\" sizes=\"(max-width: 1024px) 100vw, 1024px\" \/><\/a><\/p>\n<p>&nbsp;<\/p>\n<!-- AddThis Advanced Settings generic via filter on the_content --><!-- AddThis Share Buttons generic via filter on the_content -->","protected":false},"excerpt":{"rendered":"<p>De Patraix a Vara de Quart, del Carme a Exposici\u00f3n. Los barrios tambi\u00e9n existen y, en ellos, locales donde disfrutar comiendo. De todo tipo, con todos los sabores, para todos los p\u00fablicos&#8230; Hoy nos bajamos de la nube (este m\u00edster Cooking necesita un ba\u00f1ito de realidad) y nos vamos a visitar cinco restaurantes\u00a0 que nos [&hellip;]<!-- AddThis Advanced Settings generic via filter on get_the_excerpt --><!-- AddThis Share Buttons generic via filter on get_the_excerpt --><\/p>\n","protected":false},"author":23,"featured_media":0,"comment_status":"open","ping_status":"open","sticky":false,"template":"","format":"standard","meta":[],"categories":[3,5,1,7],"tags":[1187,1188,564,572,1185,1189,1090],"_links":{"self":[{"href":"https:\/\/blogs.lasprovincias.es\/historiascondelantal\/wp-json\/wp\/v2\/posts\/12113"}],"collection":[{"href":"https:\/\/blogs.lasprovincias.es\/historiascondelantal\/wp-json\/wp\/v2\/posts"}],"about":[{"href":"https:\/\/blogs.lasprovincias.es\/historiascondelantal\/wp-json\/wp\/v2\/types\/post"}],"author":[{"embeddable":true,"href":"https:\/\/blogs.lasprovincias.es\/historiascondelantal\/wp-json\/wp\/v2\/users\/23"}],"replies":[{"embeddable":true,"href":"https:\/\/blogs.lasprovincias.es\/historiascondelantal\/wp-json\/wp\/v2\/comments?post=12113"}],"version-history":[{"count":9,"href":"https:\/\/blogs.lasprovincias.es\/historiascondelantal\/wp-json\/wp\/v2\/posts\/12113\/revisions"}],"predecessor-version":[{"id":12174,"href":"https:\/\/blogs.lasprovincias.es\/historiascondelantal\/wp-json\/wp\/v2\/posts\/12113\/revisions\/12174"}],"wp:attachment":[{"href":"https:\/\/blogs.lasprovincias.es\/historiascondelantal\/wp-json\/wp\/v2\/media?parent=12113"}],"wp:term":[{"taxonomy":"category","embeddable":true,"href":"https:\/\/blogs.lasprovincias.es\/historiascondelantal\/wp-json\/wp\/v2\/categories?post=12113"},{"taxonomy":"post_tag","embeddable":true,"href":"https:\/\/blogs.lasprovincias.es\/historiascondelantal\/wp-json\/wp\/v2\/tags?post=12113"}],"curies":[{"name":"wp","href":"https:\/\/api.w.org\/{rel}","templated":true}]}}