{"id":12804,"date":"2017-08-09T11:05:55","date_gmt":"2017-08-09T09:05:55","guid":{"rendered":"http:\/\/blogs.lasprovincias.es\/historiascondelantal\/?p=12804"},"modified":"2017-08-09T11:34:47","modified_gmt":"2017-08-09T09:34:47","slug":"arenques-banksy-un-ojo-donde-comer-y-un-cocinero-llamado-adria","status":"publish","type":"post","link":"https:\/\/blogs.lasprovincias.es\/historiascondelantal\/2017\/08\/09\/arenques-banksy-un-ojo-donde-comer-y-un-cocinero-llamado-adria\/","title":{"rendered":"Arenques, Banksy, un ojo donde comer y un cocinero llamado Adri\u00e0"},"content":{"rendered":"<p style=\"text-align: right;\">#DES<span style=\"color: #ff0000;\"><strong>BOCA<\/strong><\/span>DOS:<strong><span style=\"color: #808080;\"> Amsterdam (II). O t\u00fa las devoras a ellas o ellas te devoran a ti.<\/span> <\/strong><\/p>\n<p style=\"text-align: right;\"><em>Las ciudades son en realidad un banquete de sensaciones que hay que degustar. Ya te cont\u00e9 algo de Amsterdam <a href=\"https:\/\/blogs.lasprovincias.es\/historiascondelantal\/2017\/08\/01\/de-kas-la-magia-de-un-invernadero-en-amsterdam\/\">(un invernadero llamado De Kas).<\/a> Hoy vengo, entre trazos de Van Gogh, impactos de Banksy y susurros de Rembrandt a contarte nuevas historias desbocadas por la ciudad de la libertad. <\/em><\/p>\n<p style=\"text-align: right;\"><em><strong><span style=\"color: #ff0000;\">Un mercadillo, un restaurante con forma de ojo, un cocinero que conoces por casualidad&#8230;<\/span> <\/strong>Dulces, arenques y olor a marihuana.<\/em><\/p>\n<p><a href=\"https:\/\/static-blogs.lasprovincias.es\/wp-content\/uploads\/sites\/18\/2017\/08\/IMG_9186-1280x853.jpg\"><img loading=\"lazy\" class=\"alignnone size-large wp-image-12880\" src=\"https:\/\/static-blogs.lasprovincias.es\/wp-content\/uploads\/sites\/18\/2017\/08\/IMG_9186-1280x853-1024x682.jpg\" alt=\"img_9186-1280x853\" width=\"1024\" height=\"682\" srcset=\"https:\/\/static-blogs.lasprovincias.es\/wp-content\/uploads\/sites\/18\/2017\/08\/IMG_9186-1280x853-1024x682.jpg 1024w, https:\/\/static-blogs.lasprovincias.es\/wp-content\/uploads\/sites\/18\/2017\/08\/IMG_9186-1280x853-300x200.jpg 300w, https:\/\/static-blogs.lasprovincias.es\/wp-content\/uploads\/sites\/18\/2017\/08\/IMG_9186-1280x853-768x512.jpg 768w, https:\/\/static-blogs.lasprovincias.es\/wp-content\/uploads\/sites\/18\/2017\/08\/IMG_9186-1280x853.jpg 1280w\" sizes=\"(max-width: 1024px) 100vw, 1024px\" \/><\/a><\/p>\n<p>&nbsp;<\/p>\n<p><a href=\"https:\/\/static-blogs.lasprovincias.es\/wp-content\/uploads\/sites\/18\/2017\/08\/IMG_7798-1280x579.jpg\"><img loading=\"lazy\" class=\"alignnone size-large wp-image-12906\" src=\"https:\/\/static-blogs.lasprovincias.es\/wp-content\/uploads\/sites\/18\/2017\/08\/IMG_7798-1280x579-1024x463.jpg\" alt=\"img_7798-1280x579\" width=\"1024\" height=\"463\" srcset=\"https:\/\/static-blogs.lasprovincias.es\/wp-content\/uploads\/sites\/18\/2017\/08\/IMG_7798-1280x579-1024x463.jpg 1024w, https:\/\/static-blogs.lasprovincias.es\/wp-content\/uploads\/sites\/18\/2017\/08\/IMG_7798-1280x579-300x136.jpg 300w, https:\/\/static-blogs.lasprovincias.es\/wp-content\/uploads\/sites\/18\/2017\/08\/IMG_7798-1280x579-768x347.jpg 768w, https:\/\/static-blogs.lasprovincias.es\/wp-content\/uploads\/sites\/18\/2017\/08\/IMG_7798-1280x579.jpg 1280w\" sizes=\"(max-width: 1024px) 100vw, 1024px\" \/><\/a><\/p>\n<p>&nbsp;<\/p>\n<div id=\"attachment_12939\" style=\"width: 650px\" class=\"wp-caption aligncenter\"><a href=\"https:\/\/static-blogs.lasprovincias.es\/wp-content\/uploads\/sites\/18\/2017\/08\/IMG_4573.jpeg\"><img aria-describedby=\"caption-attachment-12939\" loading=\"lazy\" class=\"size-full wp-image-12939\" src=\"https:\/\/static-blogs.lasprovincias.es\/wp-content\/uploads\/sites\/18\/2017\/08\/IMG_4573.jpeg\" alt=\"magen a partir de una obra de Banksy que se puede visitar en el museo Moco Museumplain). Si puedes, no lo dude\" width=\"640\" height=\"428\" srcset=\"https:\/\/static-blogs.lasprovincias.es\/wp-content\/uploads\/sites\/18\/2017\/08\/IMG_4573.jpeg 640w, https:\/\/static-blogs.lasprovincias.es\/wp-content\/uploads\/sites\/18\/2017\/08\/IMG_4573-300x201.jpeg 300w\" sizes=\"(max-width: 640px) 100vw, 640px\" \/><\/a><p id=\"caption-attachment-12939\" class=\"wp-caption-text\">Imagen realizada a partir de una obra de Banksy, que se puede visitar en el museo Moco (Museumplein) de Amsterdam. Si puedes, no lo dudes.<\/p><\/div>\n<p>&nbsp;<\/p>\n<p style=\"text-align: right;\"><span style=\"color: #808080;\">Reportaje fotogr\u00e1fico \u00a9Jes\u00fasTrelis<\/span><\/p>\n<p><!--more--><\/p>\n<h4><span style=\"color: #ff0000;\">\u221a<\/span>A<strong>MSTERDAM.<\/strong>\u00a0<span style=\"color: #808080;\"><em> Recuerdos de julio.<\/em><\/span><\/h4>\n<p>De plato en plato, d\u00e9jame que me despida de Amsterdam, donde ten\u00eda pendiente dejarte un pu\u00f1ado de pinceladas gastros\u00f3ficas. Como si esto fuera un cuadro. No de <strong>Rembrandt<\/strong>, que es un maestro que te deja boquiabierto; ni de <strong>Van Gogh<\/strong>, que es un genio que sobrecoge. Cuatro pinceladas para crear\u00a0 un lienzo sobre el Amsterdam m\u00e1s propio de un chiquillo entusiasmado. Un lienzo sobre el Amsterdam que uno se va encontrando cuando va caminando por sus calles a bocados. O desbocado. Buscando carnaza, encontrando a <strong>Banksy. <span style=\"color: #ff0000;\">Descubriendo historias. Ballenas, gatas seductoras, cerditos de oro. <\/span><\/strong><\/p>\n<p><strong><span style=\"color: #ff0000;\"><a href=\"https:\/\/static-blogs.lasprovincias.es\/wp-content\/uploads\/sites\/18\/2017\/08\/IMG_9613-1280x853.jpg\"><img loading=\"lazy\" class=\"alignnone size-large wp-image-12890\" src=\"https:\/\/static-blogs.lasprovincias.es\/wp-content\/uploads\/sites\/18\/2017\/08\/IMG_9613-1280x853-1024x682.jpg\" alt=\"img_9613-1280x853\" width=\"1024\" height=\"682\" srcset=\"https:\/\/static-blogs.lasprovincias.es\/wp-content\/uploads\/sites\/18\/2017\/08\/IMG_9613-1280x853-1024x682.jpg 1024w, https:\/\/static-blogs.lasprovincias.es\/wp-content\/uploads\/sites\/18\/2017\/08\/IMG_9613-1280x853-300x200.jpg 300w, https:\/\/static-blogs.lasprovincias.es\/wp-content\/uploads\/sites\/18\/2017\/08\/IMG_9613-1280x853-768x512.jpg 768w, https:\/\/static-blogs.lasprovincias.es\/wp-content\/uploads\/sites\/18\/2017\/08\/IMG_9613-1280x853.jpg 1280w\" sizes=\"(max-width: 1024px) 100vw, 1024px\" \/><\/a><\/span><\/strong><\/p>\n<p>&nbsp;<\/p>\n<p><a href=\"https:\/\/static-blogs.lasprovincias.es\/wp-content\/uploads\/sites\/18\/2017\/08\/IMG_9522-1280x829.jpg\"><img loading=\"lazy\" class=\"alignnone size-large wp-image-12888\" src=\"https:\/\/static-blogs.lasprovincias.es\/wp-content\/uploads\/sites\/18\/2017\/08\/IMG_9522-1280x829-1024x663.jpg\" alt=\"img_9522-1280x829\" width=\"1024\" height=\"663\" srcset=\"https:\/\/static-blogs.lasprovincias.es\/wp-content\/uploads\/sites\/18\/2017\/08\/IMG_9522-1280x829-1024x663.jpg 1024w, https:\/\/static-blogs.lasprovincias.es\/wp-content\/uploads\/sites\/18\/2017\/08\/IMG_9522-1280x829-300x194.jpg 300w, https:\/\/static-blogs.lasprovincias.es\/wp-content\/uploads\/sites\/18\/2017\/08\/IMG_9522-1280x829-768x497.jpg 768w, https:\/\/static-blogs.lasprovincias.es\/wp-content\/uploads\/sites\/18\/2017\/08\/IMG_9522-1280x829.jpg 1280w\" sizes=\"(max-width: 1024px) 100vw, 1024px\" \/><\/a><\/p>\n<p>&nbsp;<\/p>\n<p><a href=\"https:\/\/static-blogs.lasprovincias.es\/wp-content\/uploads\/sites\/18\/2017\/08\/IMG_9474-1280x828.jpg\"><img loading=\"lazy\" class=\"alignnone size-large wp-image-12886\" src=\"https:\/\/static-blogs.lasprovincias.es\/wp-content\/uploads\/sites\/18\/2017\/08\/IMG_9474-1280x828-1024x662.jpg\" alt=\"img_9474-1280x828\" width=\"1024\" height=\"662\" srcset=\"https:\/\/static-blogs.lasprovincias.es\/wp-content\/uploads\/sites\/18\/2017\/08\/IMG_9474-1280x828-1024x662.jpg 1024w, https:\/\/static-blogs.lasprovincias.es\/wp-content\/uploads\/sites\/18\/2017\/08\/IMG_9474-1280x828-300x194.jpg 300w, https:\/\/static-blogs.lasprovincias.es\/wp-content\/uploads\/sites\/18\/2017\/08\/IMG_9474-1280x828-768x497.jpg 768w, https:\/\/static-blogs.lasprovincias.es\/wp-content\/uploads\/sites\/18\/2017\/08\/IMG_9474-1280x828.jpg 1280w\" sizes=\"(max-width: 1024px) 100vw, 1024px\" \/><\/a><\/p>\n<p>&nbsp;<\/p>\n<p><a href=\"https:\/\/static-blogs.lasprovincias.es\/wp-content\/uploads\/sites\/18\/2017\/08\/IMG_7349-1280x806.jpg\"><img loading=\"lazy\" class=\"alignnone size-large wp-image-12903\" src=\"https:\/\/static-blogs.lasprovincias.es\/wp-content\/uploads\/sites\/18\/2017\/08\/IMG_7349-1280x806-1024x645.jpg\" alt=\"img_7349-1280x806\" width=\"1024\" height=\"645\" srcset=\"https:\/\/static-blogs.lasprovincias.es\/wp-content\/uploads\/sites\/18\/2017\/08\/IMG_7349-1280x806-1024x645.jpg 1024w, https:\/\/static-blogs.lasprovincias.es\/wp-content\/uploads\/sites\/18\/2017\/08\/IMG_7349-1280x806-300x189.jpg 300w, https:\/\/static-blogs.lasprovincias.es\/wp-content\/uploads\/sites\/18\/2017\/08\/IMG_7349-1280x806-768x484.jpg 768w, https:\/\/static-blogs.lasprovincias.es\/wp-content\/uploads\/sites\/18\/2017\/08\/IMG_7349-1280x806.jpg 1280w\" sizes=\"(max-width: 1024px) 100vw, 1024px\" \/><\/a><\/p>\n<p><span style=\"color: #ff0000;\">I. UN MERCADO.\u00a0<\/span><strong>Albert Cuyp. El mayor de la ciudad.<\/strong> En \u00e9l, un mont\u00f3n de paradas en las que descubrir las verduras que comen lo holandeses, sus dulces, sus carnes. Pescados, comida oriental, quesos por todos los lados. Nada excesivamente extra\u00f1o.<\/p>\n<p><a href=\"https:\/\/static-blogs.lasprovincias.es\/wp-content\/uploads\/sites\/18\/2017\/08\/IMG_9199-1280x853.jpg\"><img loading=\"lazy\" class=\"alignnone size-large wp-image-12883\" src=\"https:\/\/static-blogs.lasprovincias.es\/wp-content\/uploads\/sites\/18\/2017\/08\/IMG_9199-1280x853-1024x682.jpg\" alt=\"img_9199-1280x853\" width=\"1024\" height=\"682\" srcset=\"https:\/\/static-blogs.lasprovincias.es\/wp-content\/uploads\/sites\/18\/2017\/08\/IMG_9199-1280x853-1024x682.jpg 1024w, https:\/\/static-blogs.lasprovincias.es\/wp-content\/uploads\/sites\/18\/2017\/08\/IMG_9199-1280x853-300x200.jpg 300w, https:\/\/static-blogs.lasprovincias.es\/wp-content\/uploads\/sites\/18\/2017\/08\/IMG_9199-1280x853-768x512.jpg 768w, https:\/\/static-blogs.lasprovincias.es\/wp-content\/uploads\/sites\/18\/2017\/08\/IMG_9199-1280x853.jpg 1280w\" sizes=\"(max-width: 1024px) 100vw, 1024px\" \/><\/a><\/p>\n<p>&nbsp;<\/p>\n<p><a href=\"https:\/\/static-blogs.lasprovincias.es\/wp-content\/uploads\/sites\/18\/2017\/08\/IMG_8551-1280x853.jpg\"><img loading=\"lazy\" class=\"alignnone size-large wp-image-12866\" src=\"https:\/\/static-blogs.lasprovincias.es\/wp-content\/uploads\/sites\/18\/2017\/08\/IMG_8551-1280x853-1024x682.jpg\" alt=\"img_8551-1280x853\" width=\"1024\" height=\"682\" srcset=\"https:\/\/static-blogs.lasprovincias.es\/wp-content\/uploads\/sites\/18\/2017\/08\/IMG_8551-1280x853-1024x682.jpg 1024w, https:\/\/static-blogs.lasprovincias.es\/wp-content\/uploads\/sites\/18\/2017\/08\/IMG_8551-1280x853-300x200.jpg 300w, https:\/\/static-blogs.lasprovincias.es\/wp-content\/uploads\/sites\/18\/2017\/08\/IMG_8551-1280x853-768x512.jpg 768w, https:\/\/static-blogs.lasprovincias.es\/wp-content\/uploads\/sites\/18\/2017\/08\/IMG_8551-1280x853.jpg 1280w\" sizes=\"(max-width: 1024px) 100vw, 1024px\" \/><\/a><\/p>\n<p>&nbsp;<\/p>\n<p><a href=\"https:\/\/static-blogs.lasprovincias.es\/wp-content\/uploads\/sites\/18\/2017\/08\/IMG_8529-1280x853.jpg\"><img loading=\"lazy\" class=\"alignnone size-large wp-image-12865\" src=\"https:\/\/static-blogs.lasprovincias.es\/wp-content\/uploads\/sites\/18\/2017\/08\/IMG_8529-1280x853-1024x682.jpg\" alt=\"img_8529-1280x853\" width=\"1024\" height=\"682\" srcset=\"https:\/\/static-blogs.lasprovincias.es\/wp-content\/uploads\/sites\/18\/2017\/08\/IMG_8529-1280x853-1024x682.jpg 1024w, https:\/\/static-blogs.lasprovincias.es\/wp-content\/uploads\/sites\/18\/2017\/08\/IMG_8529-1280x853-300x200.jpg 300w, https:\/\/static-blogs.lasprovincias.es\/wp-content\/uploads\/sites\/18\/2017\/08\/IMG_8529-1280x853-768x512.jpg 768w, https:\/\/static-blogs.lasprovincias.es\/wp-content\/uploads\/sites\/18\/2017\/08\/IMG_8529-1280x853.jpg 1280w\" sizes=\"(max-width: 1024px) 100vw, 1024px\" \/><\/a><\/p>\n<p>Me gust\u00f3 ver c\u00f3mo trabajan los <span style=\"color: #ff0000;\">ARENQUES.\u00a0<\/span> Era eso de las nueve. Relativamente pronto. Antes de que los viandantes (lugare\u00f1os especialmente) los demanden para matar el hambre. La parada huele a hist\u00f3rica. Una foto con la reina luce gloriosa sobre la mesa junto a pepinillos y boles con cebolla.<\/p>\n<p><a href=\"https:\/\/static-blogs.lasprovincias.es\/wp-content\/uploads\/sites\/18\/2017\/08\/IMG_8527-1280x853.jpg\"><img loading=\"lazy\" class=\"alignnone size-large wp-image-12864\" src=\"https:\/\/static-blogs.lasprovincias.es\/wp-content\/uploads\/sites\/18\/2017\/08\/IMG_8527-1280x853-1024x682.jpg\" alt=\"img_8527-1280x853\" width=\"1024\" height=\"682\" srcset=\"https:\/\/static-blogs.lasprovincias.es\/wp-content\/uploads\/sites\/18\/2017\/08\/IMG_8527-1280x853-1024x682.jpg 1024w, https:\/\/static-blogs.lasprovincias.es\/wp-content\/uploads\/sites\/18\/2017\/08\/IMG_8527-1280x853-300x200.jpg 300w, https:\/\/static-blogs.lasprovincias.es\/wp-content\/uploads\/sites\/18\/2017\/08\/IMG_8527-1280x853-768x512.jpg 768w, https:\/\/static-blogs.lasprovincias.es\/wp-content\/uploads\/sites\/18\/2017\/08\/IMG_8527-1280x853.jpg 1280w\" sizes=\"(max-width: 1024px) 100vw, 1024px\" \/><\/a><\/p>\n<p>&nbsp;<\/p>\n<p><a href=\"https:\/\/static-blogs.lasprovincias.es\/wp-content\/uploads\/sites\/18\/2017\/08\/IMG_8534-1280x853.jpg\"><img loading=\"lazy\" class=\"alignnone size-large wp-image-12941\" src=\"https:\/\/static-blogs.lasprovincias.es\/wp-content\/uploads\/sites\/18\/2017\/08\/IMG_8534-1280x853-1024x682.jpg\" alt=\"img_8534-1280x853\" width=\"1024\" height=\"682\" srcset=\"https:\/\/static-blogs.lasprovincias.es\/wp-content\/uploads\/sites\/18\/2017\/08\/IMG_8534-1280x853-1024x682.jpg 1024w, https:\/\/static-blogs.lasprovincias.es\/wp-content\/uploads\/sites\/18\/2017\/08\/IMG_8534-1280x853-300x200.jpg 300w, https:\/\/static-blogs.lasprovincias.es\/wp-content\/uploads\/sites\/18\/2017\/08\/IMG_8534-1280x853-768x512.jpg 768w, https:\/\/static-blogs.lasprovincias.es\/wp-content\/uploads\/sites\/18\/2017\/08\/IMG_8534-1280x853.jpg 1280w\" sizes=\"(max-width: 1024px) 100vw, 1024px\" \/><\/a><\/p>\n<p>Los limpian. los preparan en lomos y luego te los sirven en un bocadillo, como si de un pepito de salchichas se tratara, con pepinillo (agridulce, m\u00e1s agri que dulce) y cebolla. Es intenso en boca. De sabor #desbocado. Con el arenque casi sin estar macerado. Incluso dir\u00eda que el que tom\u00e9 estaba tal cual hab\u00eda visto que lo limpiaban unas horas antes. Abro, relleno y entrego. Poco m\u00e1s de dos euros.<\/p>\n<p><a href=\"https:\/\/static-blogs.lasprovincias.es\/wp-content\/uploads\/sites\/18\/2017\/08\/IMG_8747-1280x853.jpg\"><img loading=\"lazy\" class=\"alignnone size-large wp-image-12869\" src=\"https:\/\/static-blogs.lasprovincias.es\/wp-content\/uploads\/sites\/18\/2017\/08\/IMG_8747-1280x853-1024x682.jpg\" alt=\"img_8747-1280x853\" width=\"1024\" height=\"682\" srcset=\"https:\/\/static-blogs.lasprovincias.es\/wp-content\/uploads\/sites\/18\/2017\/08\/IMG_8747-1280x853-1024x682.jpg 1024w, https:\/\/static-blogs.lasprovincias.es\/wp-content\/uploads\/sites\/18\/2017\/08\/IMG_8747-1280x853-300x200.jpg 300w, https:\/\/static-blogs.lasprovincias.es\/wp-content\/uploads\/sites\/18\/2017\/08\/IMG_8747-1280x853-768x512.jpg 768w, https:\/\/static-blogs.lasprovincias.es\/wp-content\/uploads\/sites\/18\/2017\/08\/IMG_8747-1280x853.jpg 1280w\" sizes=\"(max-width: 1024px) 100vw, 1024px\" \/><\/a><\/p>\n<p>&nbsp;<\/p>\n<p><a href=\"https:\/\/static-blogs.lasprovincias.es\/wp-content\/uploads\/sites\/18\/2017\/08\/IMG_8748-1280x853.jpg\"><img loading=\"lazy\" class=\"alignnone size-large wp-image-12870\" src=\"https:\/\/static-blogs.lasprovincias.es\/wp-content\/uploads\/sites\/18\/2017\/08\/IMG_8748-1280x853-1024x682.jpg\" alt=\"img_8748-1280x853\" width=\"1024\" height=\"682\" srcset=\"https:\/\/static-blogs.lasprovincias.es\/wp-content\/uploads\/sites\/18\/2017\/08\/IMG_8748-1280x853-1024x682.jpg 1024w, https:\/\/static-blogs.lasprovincias.es\/wp-content\/uploads\/sites\/18\/2017\/08\/IMG_8748-1280x853-300x200.jpg 300w, https:\/\/static-blogs.lasprovincias.es\/wp-content\/uploads\/sites\/18\/2017\/08\/IMG_8748-1280x853-768x512.jpg 768w, https:\/\/static-blogs.lasprovincias.es\/wp-content\/uploads\/sites\/18\/2017\/08\/IMG_8748-1280x853.jpg 1280w\" sizes=\"(max-width: 1024px) 100vw, 1024px\" \/><\/a><\/p>\n<p>&nbsp;<\/p>\n<p><a href=\"https:\/\/static-blogs.lasprovincias.es\/wp-content\/uploads\/sites\/18\/2017\/08\/IMG_8756-1280x853.jpg\"><img loading=\"lazy\" class=\"alignnone size-large wp-image-12873\" src=\"https:\/\/static-blogs.lasprovincias.es\/wp-content\/uploads\/sites\/18\/2017\/08\/IMG_8756-1280x853-1024x682.jpg\" alt=\"img_8756-1280x853\" width=\"1024\" height=\"682\" srcset=\"https:\/\/static-blogs.lasprovincias.es\/wp-content\/uploads\/sites\/18\/2017\/08\/IMG_8756-1280x853-1024x682.jpg 1024w, https:\/\/static-blogs.lasprovincias.es\/wp-content\/uploads\/sites\/18\/2017\/08\/IMG_8756-1280x853-300x200.jpg 300w, https:\/\/static-blogs.lasprovincias.es\/wp-content\/uploads\/sites\/18\/2017\/08\/IMG_8756-1280x853-768x512.jpg 768w, https:\/\/static-blogs.lasprovincias.es\/wp-content\/uploads\/sites\/18\/2017\/08\/IMG_8756-1280x853.jpg 1280w\" sizes=\"(max-width: 1024px) 100vw, 1024px\" \/><\/a><\/p>\n<p>Hay arenques para todos los gustos. Los ves de todo tipo y color. Como pasa con sus quesos. Los Gouda que toman las paradas del mercado compartiendo espacio con souvenirs, florister\u00edas\u2026 pescader\u00edas.<\/p>\n<p><a href=\"https:\/\/static-blogs.lasprovincias.es\/wp-content\/uploads\/sites\/18\/2017\/08\/IMG_8741-1280x853.jpg\"><img loading=\"lazy\" class=\"alignnone size-large wp-image-12868\" src=\"https:\/\/static-blogs.lasprovincias.es\/wp-content\/uploads\/sites\/18\/2017\/08\/IMG_8741-1280x853-1024x682.jpg\" alt=\"img_8741-1280x853\" width=\"1024\" height=\"682\" srcset=\"https:\/\/static-blogs.lasprovincias.es\/wp-content\/uploads\/sites\/18\/2017\/08\/IMG_8741-1280x853-1024x682.jpg 1024w, https:\/\/static-blogs.lasprovincias.es\/wp-content\/uploads\/sites\/18\/2017\/08\/IMG_8741-1280x853-300x200.jpg 300w, https:\/\/static-blogs.lasprovincias.es\/wp-content\/uploads\/sites\/18\/2017\/08\/IMG_8741-1280x853-768x512.jpg 768w, https:\/\/static-blogs.lasprovincias.es\/wp-content\/uploads\/sites\/18\/2017\/08\/IMG_8741-1280x853.jpg 1280w\" sizes=\"(max-width: 1024px) 100vw, 1024px\" \/><\/a><\/p>\n<p>Es divertido ver los pescados, desde los mariscos m\u00e1s preciados a los peces que te\u00a0 miran reclamando ser cocinados, experimentados\u2026 <strong>Plateados como el filo de una espada<\/strong> esperan ser ajusticiados en alguna cocina de alguna de las esbeltas y refinadas casas de Amsterdam.<\/p>\n<p><a href=\"https:\/\/static-blogs.lasprovincias.es\/wp-content\/uploads\/sites\/18\/2017\/08\/IMG_9128-1280x792.jpg\"><img loading=\"lazy\" class=\"alignnone size-large wp-image-12921\" src=\"https:\/\/static-blogs.lasprovincias.es\/wp-content\/uploads\/sites\/18\/2017\/08\/IMG_9128-1280x792-1024x634.jpg\" alt=\"img_9128-1280x792\" width=\"1024\" height=\"634\" srcset=\"https:\/\/static-blogs.lasprovincias.es\/wp-content\/uploads\/sites\/18\/2017\/08\/IMG_9128-1280x792-1024x634.jpg 1024w, https:\/\/static-blogs.lasprovincias.es\/wp-content\/uploads\/sites\/18\/2017\/08\/IMG_9128-1280x792-300x186.jpg 300w, https:\/\/static-blogs.lasprovincias.es\/wp-content\/uploads\/sites\/18\/2017\/08\/IMG_9128-1280x792-768x475.jpg 768w, https:\/\/static-blogs.lasprovincias.es\/wp-content\/uploads\/sites\/18\/2017\/08\/IMG_9128-1280x792.jpg 1280w\" sizes=\"(max-width: 1024px) 100vw, 1024px\" \/><\/a><\/p>\n<p>Ca\u00ed, como no, en la tentaci\u00f3n de los <span style=\"color: #ff0000;\">DULCES TRADICIONALES<\/span>. La mantequilla se impon\u00eda en todos ellos. Los de manzana estaban muy ricos. Los hab\u00eda de coco y ron con pasas, de almendras que reclamaban su protagonismo con contundencia, de cremas sentidas y otras fiestas golosas. Es divertido (y cal\u00f3rico) parar y probar.<\/p>\n<div id=\"attachment_12922\" style=\"width: 1034px\" class=\"wp-caption alignnone\"><a href=\"https:\/\/static-blogs.lasprovincias.es\/wp-content\/uploads\/sites\/18\/2017\/08\/IMG_9187-1280x853-1.jpg\"><img aria-describedby=\"caption-attachment-12922\" loading=\"lazy\" class=\"wp-image-12922 size-large\" src=\"https:\/\/static-blogs.lasprovincias.es\/wp-content\/uploads\/sites\/18\/2017\/08\/IMG_9187-1280x853-1-1024x682.jpg\" alt=\"img_9187-1280x853\" width=\"1024\" height=\"682\" srcset=\"https:\/\/static-blogs.lasprovincias.es\/wp-content\/uploads\/sites\/18\/2017\/08\/IMG_9187-1280x853-1-1024x682.jpg 1024w, https:\/\/static-blogs.lasprovincias.es\/wp-content\/uploads\/sites\/18\/2017\/08\/IMG_9187-1280x853-1-300x200.jpg 300w, https:\/\/static-blogs.lasprovincias.es\/wp-content\/uploads\/sites\/18\/2017\/08\/IMG_9187-1280x853-1-768x512.jpg 768w, https:\/\/static-blogs.lasprovincias.es\/wp-content\/uploads\/sites\/18\/2017\/08\/IMG_9187-1280x853-1.jpg 1280w\" sizes=\"(max-width: 1024px) 100vw, 1024px\" \/><\/a><p id=\"caption-attachment-12922\" class=\"wp-caption-text\">Ataqu\u00e9 a estos tres, que no es poco. Almendra, coco y pasas y manzana. Ole.<\/p><\/div>\n<p>Pasear por un mercado en Amsterdam (como suele pasar por cualquier lugar de este planeta) es divertido: por lo que te susurra, lo que te cuenta, lo que te descubre, lo que te ense\u00f1a, lo que canta, lo que esconde, lo que provoca.<strong><span style=\"color: #ff0000;\"> Te hace imaginar, se vende, te provoca.<\/span> <\/strong><\/p>\n<p>&nbsp;<\/p>\n<p><a href=\"https:\/\/static-blogs.lasprovincias.es\/wp-content\/uploads\/sites\/18\/2017\/08\/IMG_9162-1280x570.jpg\"><img loading=\"lazy\" class=\"alignnone size-large wp-image-12931\" src=\"https:\/\/static-blogs.lasprovincias.es\/wp-content\/uploads\/sites\/18\/2017\/08\/IMG_9162-1280x570-1024x456.jpg\" alt=\"img_9162-1280x570\" width=\"1024\" height=\"456\" srcset=\"https:\/\/static-blogs.lasprovincias.es\/wp-content\/uploads\/sites\/18\/2017\/08\/IMG_9162-1280x570-1024x456.jpg 1024w, https:\/\/static-blogs.lasprovincias.es\/wp-content\/uploads\/sites\/18\/2017\/08\/IMG_9162-1280x570-300x134.jpg 300w, https:\/\/static-blogs.lasprovincias.es\/wp-content\/uploads\/sites\/18\/2017\/08\/IMG_9162-1280x570-768x342.jpg 768w, https:\/\/static-blogs.lasprovincias.es\/wp-content\/uploads\/sites\/18\/2017\/08\/IMG_9162-1280x570.jpg 1280w\" sizes=\"(max-width: 1024px) 100vw, 1024px\" \/><\/a><\/p>\n<p>&nbsp;<\/p>\n<p><a href=\"https:\/\/static-blogs.lasprovincias.es\/wp-content\/uploads\/sites\/18\/2017\/08\/IMG_8743-1280x836-copia.jpg\"><img loading=\"lazy\" class=\"alignnone size-large wp-image-12925\" src=\"https:\/\/static-blogs.lasprovincias.es\/wp-content\/uploads\/sites\/18\/2017\/08\/IMG_8743-1280x836-copia-1024x669.jpg\" alt=\"img_8743-1280x836-copia\" width=\"1024\" height=\"669\" srcset=\"https:\/\/static-blogs.lasprovincias.es\/wp-content\/uploads\/sites\/18\/2017\/08\/IMG_8743-1280x836-copia-1024x669.jpg 1024w, https:\/\/static-blogs.lasprovincias.es\/wp-content\/uploads\/sites\/18\/2017\/08\/IMG_8743-1280x836-copia-300x196.jpg 300w, https:\/\/static-blogs.lasprovincias.es\/wp-content\/uploads\/sites\/18\/2017\/08\/IMG_8743-1280x836-copia-768x502.jpg 768w, https:\/\/static-blogs.lasprovincias.es\/wp-content\/uploads\/sites\/18\/2017\/08\/IMG_8743-1280x836-copia.jpg 1280w\" sizes=\"(max-width: 1024px) 100vw, 1024px\" \/><\/a><\/p>\n<p>&nbsp;<\/p>\n<p><span style=\"color: #ff0000;\">II. EYE FILM INSTITUT.<\/span> Cog\u00ed el ferry desde la estaci\u00f3n central para llegar a uno de los edificios m\u00e1s vanguardistas y espectaculares de la ciudad. Dise\u00f1ado por <strong>Delugan Meissl Ass<\/strong> es como una especie de santuario del cine en el que, cuando te adentras en su interior, se apodera de ti la sensaci\u00f3n de estar en un lugar especial. De formar parte del celuloide. Ya sabes, intrigas, esp\u00edas, romances, besos de amor.<\/p>\n<p><a href=\"https:\/\/static-blogs.lasprovincias.es\/wp-content\/uploads\/sites\/18\/2017\/08\/IMG_7846-1280x829.jpg\"><img loading=\"lazy\" class=\"alignnone size-large wp-image-12913\" src=\"https:\/\/static-blogs.lasprovincias.es\/wp-content\/uploads\/sites\/18\/2017\/08\/IMG_7846-1280x829-1024x663.jpg\" alt=\"img_7846-1280x829\" width=\"1024\" height=\"663\" srcset=\"https:\/\/static-blogs.lasprovincias.es\/wp-content\/uploads\/sites\/18\/2017\/08\/IMG_7846-1280x829-1024x663.jpg 1024w, https:\/\/static-blogs.lasprovincias.es\/wp-content\/uploads\/sites\/18\/2017\/08\/IMG_7846-1280x829-300x194.jpg 300w, https:\/\/static-blogs.lasprovincias.es\/wp-content\/uploads\/sites\/18\/2017\/08\/IMG_7846-1280x829-768x497.jpg 768w, https:\/\/static-blogs.lasprovincias.es\/wp-content\/uploads\/sites\/18\/2017\/08\/IMG_7846-1280x829.jpg 1280w\" sizes=\"(max-width: 1024px) 100vw, 1024px\" \/><\/a><\/p>\n<p>&nbsp;<\/p>\n<p><a href=\"https:\/\/static-blogs.lasprovincias.es\/wp-content\/uploads\/sites\/18\/2017\/08\/IMG_7813-1280x853.jpg\"><img loading=\"lazy\" class=\"alignnone size-large wp-image-12910\" src=\"https:\/\/static-blogs.lasprovincias.es\/wp-content\/uploads\/sites\/18\/2017\/08\/IMG_7813-1280x853-1024x682.jpg\" alt=\"img_7813-1280x853\" width=\"1024\" height=\"682\" srcset=\"https:\/\/static-blogs.lasprovincias.es\/wp-content\/uploads\/sites\/18\/2017\/08\/IMG_7813-1280x853-1024x682.jpg 1024w, https:\/\/static-blogs.lasprovincias.es\/wp-content\/uploads\/sites\/18\/2017\/08\/IMG_7813-1280x853-300x200.jpg 300w, https:\/\/static-blogs.lasprovincias.es\/wp-content\/uploads\/sites\/18\/2017\/08\/IMG_7813-1280x853-768x512.jpg 768w, https:\/\/static-blogs.lasprovincias.es\/wp-content\/uploads\/sites\/18\/2017\/08\/IMG_7813-1280x853.jpg 1280w\" sizes=\"(max-width: 1024px) 100vw, 1024px\" \/><\/a><\/p>\n<p>&nbsp;<\/p>\n<p><a href=\"https:\/\/static-blogs.lasprovincias.es\/wp-content\/uploads\/sites\/18\/2017\/08\/IMG_7863-1280x853.jpg\"><img loading=\"lazy\" class=\"alignnone size-large wp-image-12927\" src=\"https:\/\/static-blogs.lasprovincias.es\/wp-content\/uploads\/sites\/18\/2017\/08\/IMG_7863-1280x853-1024x682.jpg\" alt=\"img_7863-1280x853\" width=\"1024\" height=\"682\" srcset=\"https:\/\/static-blogs.lasprovincias.es\/wp-content\/uploads\/sites\/18\/2017\/08\/IMG_7863-1280x853-1024x682.jpg 1024w, https:\/\/static-blogs.lasprovincias.es\/wp-content\/uploads\/sites\/18\/2017\/08\/IMG_7863-1280x853-300x200.jpg 300w, https:\/\/static-blogs.lasprovincias.es\/wp-content\/uploads\/sites\/18\/2017\/08\/IMG_7863-1280x853-768x512.jpg 768w, https:\/\/static-blogs.lasprovincias.es\/wp-content\/uploads\/sites\/18\/2017\/08\/IMG_7863-1280x853.jpg 1280w\" sizes=\"(max-width: 1024px) 100vw, 1024px\" \/><\/a><\/p>\n<p>La sede del Instituto de Cine Holand\u00e9s vale la pena visitarlo, juguetear entre sus entra\u00f1as y ver. Observar. <strong>Puedes incluso cenar en su restaurante<\/strong>, que tiene unas vistas espectaculares a la ciudad. Estructurado como si de una grader\u00eda se tratara, te permite ver Amsterdam desde un punto de mira muy distinto. Casi panor\u00e1mico.<\/p>\n<p style=\"text-align: center;\"><span style=\"color: #999999;\">LAS VISTAS&#8230;<\/span><\/p>\n<p><a href=\"https:\/\/static-blogs.lasprovincias.es\/wp-content\/uploads\/sites\/18\/2017\/08\/IMG_7811-1280x683.jpg\"><img loading=\"lazy\" class=\"alignnone size-large wp-image-12909\" src=\"https:\/\/static-blogs.lasprovincias.es\/wp-content\/uploads\/sites\/18\/2017\/08\/IMG_7811-1280x683-1024x546.jpg\" alt=\"img_7811-1280x683\" width=\"1024\" height=\"546\" srcset=\"https:\/\/static-blogs.lasprovincias.es\/wp-content\/uploads\/sites\/18\/2017\/08\/IMG_7811-1280x683-1024x546.jpg 1024w, https:\/\/static-blogs.lasprovincias.es\/wp-content\/uploads\/sites\/18\/2017\/08\/IMG_7811-1280x683-300x160.jpg 300w, https:\/\/static-blogs.lasprovincias.es\/wp-content\/uploads\/sites\/18\/2017\/08\/IMG_7811-1280x683-768x410.jpg 768w, https:\/\/static-blogs.lasprovincias.es\/wp-content\/uploads\/sites\/18\/2017\/08\/IMG_7811-1280x683.jpg 1280w\" sizes=\"(max-width: 1024px) 100vw, 1024px\" \/><\/a><\/p>\n<p style=\"text-align: center;\"><span style=\"color: #999999;\">&#8230; EL INTERIOR.<\/span><\/p>\n<p><a href=\"https:\/\/static-blogs.lasprovincias.es\/wp-content\/uploads\/sites\/18\/2017\/08\/IMG_7868-1280x801.jpg\"><img loading=\"lazy\" class=\"alignnone size-large wp-image-12915\" src=\"https:\/\/static-blogs.lasprovincias.es\/wp-content\/uploads\/sites\/18\/2017\/08\/IMG_7868-1280x801-1024x641.jpg\" alt=\"img_7868-1280x801\" width=\"1024\" height=\"641\" srcset=\"https:\/\/static-blogs.lasprovincias.es\/wp-content\/uploads\/sites\/18\/2017\/08\/IMG_7868-1280x801-1024x641.jpg 1024w, https:\/\/static-blogs.lasprovincias.es\/wp-content\/uploads\/sites\/18\/2017\/08\/IMG_7868-1280x801-300x188.jpg 300w, https:\/\/static-blogs.lasprovincias.es\/wp-content\/uploads\/sites\/18\/2017\/08\/IMG_7868-1280x801-768x481.jpg 768w, https:\/\/static-blogs.lasprovincias.es\/wp-content\/uploads\/sites\/18\/2017\/08\/IMG_7868-1280x801.jpg 1280w\" sizes=\"(max-width: 1024px) 100vw, 1024px\" \/><\/a><\/p>\n<p>La cena no me dijo nada. Al menos, nada del otro mundo. Un pescado con sus verduras bien hecho y bien cumplido y poco m\u00e1s. Pero bueno, es lindo visitarlo. Eso s\u00ed, hay que reservar\u2026<\/p>\n<div id=\"attachment_12916\" style=\"width: 1034px\" class=\"wp-caption alignnone\"><a href=\"https:\/\/static-blogs.lasprovincias.es\/wp-content\/uploads\/sites\/18\/2017\/08\/IMG_7877-1280x853.jpg\"><img aria-describedby=\"caption-attachment-12916\" loading=\"lazy\" class=\"wp-image-12916 size-large\" src=\"https:\/\/static-blogs.lasprovincias.es\/wp-content\/uploads\/sites\/18\/2017\/08\/IMG_7877-1280x853-1024x682.jpg\" alt=\"img_7877-1280x853\" width=\"1024\" height=\"682\" srcset=\"https:\/\/static-blogs.lasprovincias.es\/wp-content\/uploads\/sites\/18\/2017\/08\/IMG_7877-1280x853-1024x682.jpg 1024w, https:\/\/static-blogs.lasprovincias.es\/wp-content\/uploads\/sites\/18\/2017\/08\/IMG_7877-1280x853-300x200.jpg 300w, https:\/\/static-blogs.lasprovincias.es\/wp-content\/uploads\/sites\/18\/2017\/08\/IMG_7877-1280x853-768x512.jpg 768w, https:\/\/static-blogs.lasprovincias.es\/wp-content\/uploads\/sites\/18\/2017\/08\/IMG_7877-1280x853.jpg 1280w\" sizes=\"(max-width: 1024px) 100vw, 1024px\" \/><\/a><p id=\"caption-attachment-12916\" class=\"wp-caption-text\">Un salm\u00f3n con su ensalada de primero.<\/p><\/div>\n<p>&nbsp;<\/p>\n<div id=\"attachment_12917\" style=\"width: 1034px\" class=\"wp-caption alignnone\"><a href=\"https:\/\/static-blogs.lasprovincias.es\/wp-content\/uploads\/sites\/18\/2017\/08\/IMG_7889-1280x850.jpg\"><img aria-describedby=\"caption-attachment-12917\" loading=\"lazy\" class=\"wp-image-12917 size-large\" src=\"https:\/\/static-blogs.lasprovincias.es\/wp-content\/uploads\/sites\/18\/2017\/08\/IMG_7889-1280x850-1024x680.jpg\" alt=\"img_7889-1280x850\" width=\"1024\" height=\"680\" srcset=\"https:\/\/static-blogs.lasprovincias.es\/wp-content\/uploads\/sites\/18\/2017\/08\/IMG_7889-1280x850-1024x680.jpg 1024w, https:\/\/static-blogs.lasprovincias.es\/wp-content\/uploads\/sites\/18\/2017\/08\/IMG_7889-1280x850-300x199.jpg 300w, https:\/\/static-blogs.lasprovincias.es\/wp-content\/uploads\/sites\/18\/2017\/08\/IMG_7889-1280x850-768x510.jpg 768w, https:\/\/static-blogs.lasprovincias.es\/wp-content\/uploads\/sites\/18\/2017\/08\/IMG_7889-1280x850.jpg 1280w\" sizes=\"(max-width: 1024px) 100vw, 1024px\" \/><\/a><p id=\"caption-attachment-12917\" class=\"wp-caption-text\">Un buen pescado, de segundo. Sin algarab\u00edas.<\/p><\/div>\n<p>&nbsp;<\/p>\n<div id=\"attachment_12928\" style=\"width: 1034px\" class=\"wp-caption alignnone\"><a href=\"https:\/\/static-blogs.lasprovincias.es\/wp-content\/uploads\/sites\/18\/2017\/08\/IMG_7899-1280x807-1.jpg\"><img aria-describedby=\"caption-attachment-12928\" loading=\"lazy\" class=\"wp-image-12928 size-large\" src=\"https:\/\/static-blogs.lasprovincias.es\/wp-content\/uploads\/sites\/18\/2017\/08\/IMG_7899-1280x807-1-1024x646.jpg\" alt=\"img_7899-1280x807\" width=\"1024\" height=\"646\" srcset=\"https:\/\/static-blogs.lasprovincias.es\/wp-content\/uploads\/sites\/18\/2017\/08\/IMG_7899-1280x807-1-1024x646.jpg 1024w, https:\/\/static-blogs.lasprovincias.es\/wp-content\/uploads\/sites\/18\/2017\/08\/IMG_7899-1280x807-1-300x189.jpg 300w, https:\/\/static-blogs.lasprovincias.es\/wp-content\/uploads\/sites\/18\/2017\/08\/IMG_7899-1280x807-1-768x484.jpg 768w, https:\/\/static-blogs.lasprovincias.es\/wp-content\/uploads\/sites\/18\/2017\/08\/IMG_7899-1280x807-1.jpg 1280w\" sizes=\"(max-width: 1024px) 100vw, 1024px\" \/><\/a><p id=\"caption-attachment-12928\" class=\"wp-caption-text\">Hay que reservar.<\/p><\/div>\n<p>&nbsp;<\/p>\n<p><span style=\"color: #ff0000;\"> III. ADRI\u00c0 EN THE SEA FOOD.<\/span> Por azar me encontr\u00e9 con Adri\u00e0, en la que iba a ser la \u00faltima parada gastron\u00f3mica (de varias que hice) que vale la pena rese\u00f1ar. Y lo vale porque, sin gastarse un pastizal, aqu\u00ed s\u00ed que puedes cenar bien.<\/p>\n<p><a href=\"https:\/\/static-blogs.lasprovincias.es\/wp-content\/uploads\/sites\/18\/2017\/08\/IMG_9701-1280x853.jpg\"><img loading=\"lazy\" class=\"alignnone size-large wp-image-12895\" src=\"https:\/\/static-blogs.lasprovincias.es\/wp-content\/uploads\/sites\/18\/2017\/08\/IMG_9701-1280x853-1024x682.jpg\" alt=\"img_9701-1280x853\" width=\"1024\" height=\"682\" srcset=\"https:\/\/static-blogs.lasprovincias.es\/wp-content\/uploads\/sites\/18\/2017\/08\/IMG_9701-1280x853-1024x682.jpg 1024w, https:\/\/static-blogs.lasprovincias.es\/wp-content\/uploads\/sites\/18\/2017\/08\/IMG_9701-1280x853-300x200.jpg 300w, https:\/\/static-blogs.lasprovincias.es\/wp-content\/uploads\/sites\/18\/2017\/08\/IMG_9701-1280x853-768x512.jpg 768w, https:\/\/static-blogs.lasprovincias.es\/wp-content\/uploads\/sites\/18\/2017\/08\/IMG_9701-1280x853.jpg 1280w\" sizes=\"(max-width: 1024px) 100vw, 1024px\" \/><\/a><\/p>\n<p>Un pescado fresco a la plancha siempre est\u00e1 bien. En este caso, adem\u00e1s es un lugar con historia. En The Seafood bar (en la calle Ferdinand Bolstraat 32) me encontr\u00e9 con<strong> un cocinero espa\u00f1ol, de esos que va busc\u00e1ndose la vida entre fogones, mezclando pasi\u00f3n y profesi\u00f3n. <\/strong>Y siempre salpiment\u00e1ndola con cierta emoci\u00f3n.<\/p>\n<p><a href=\"https:\/\/static-blogs.lasprovincias.es\/wp-content\/uploads\/sites\/18\/2017\/08\/IMG_9672-1280x866.jpg\"><img loading=\"lazy\" class=\"alignnone size-large wp-image-12893\" src=\"https:\/\/static-blogs.lasprovincias.es\/wp-content\/uploads\/sites\/18\/2017\/08\/IMG_9672-1280x866-1024x693.jpg\" alt=\"img_9672-1280x866\" width=\"1024\" height=\"693\" srcset=\"https:\/\/static-blogs.lasprovincias.es\/wp-content\/uploads\/sites\/18\/2017\/08\/IMG_9672-1280x866-1024x693.jpg 1024w, https:\/\/static-blogs.lasprovincias.es\/wp-content\/uploads\/sites\/18\/2017\/08\/IMG_9672-1280x866-300x203.jpg 300w, https:\/\/static-blogs.lasprovincias.es\/wp-content\/uploads\/sites\/18\/2017\/08\/IMG_9672-1280x866-768x520.jpg 768w, https:\/\/static-blogs.lasprovincias.es\/wp-content\/uploads\/sites\/18\/2017\/08\/IMG_9672-1280x866.jpg 1280w\" sizes=\"(max-width: 1024px) 100vw, 1024px\" \/><\/a><\/p>\n<p>Adri\u00e0 fue una casualidad en el camino. \u201cEscribem\u00e9 cuatro trazos sobre tu historia\u201d, le ped\u00ed cuando nos despedimos. El local estaba lleno y no era plan de ponernos a hablar sin parar de aventuras y desventuras. Y el chef cumpli\u00f3.<\/p>\n<p style=\"text-align: right;\"><span style=\"color: #808080;\"><em>\u201cSoy de Barcelona y cocinero desde los 18. Hasta los 27 estuve \u00a0en Barcelona trabajando y aprendiendo de grandes cocineros, pero si tengo que nombrar un restaurante, dir\u00eda que<strong> Els Pescadors<\/strong>, un restaurante de arroces y pescado fresco fue el que me abri\u00f3 la puerta de este mundo, gracias a su chef <strong>Rafael Medran<\/strong>.<\/em><\/span><\/p>\n<p style=\"text-align: right;\"><span style=\"color: #808080;\"><em>A los 27 me fui a trabajar a un restaurante de lujo en <strong>Gran Cayman<\/strong> por 3 a\u00f1os como jefe de partida de pescados y carne.<\/em><\/span><\/p>\n<p style=\"text-align: right;\"><span style=\"color: #808080;\"><em>El siguiente paso fue volver a Europa a poner en pr\u00e1ctica lo aprendido y <strong>The Seafood bar<\/strong> y yo nos encontramos para montar un proyecto que va para arriba, y ah\u00ed fue cuando nuestras vidas se cruzaron\u201d<\/em><\/span><\/p>\n<p style=\"text-align: right;\"><a href=\"https:\/\/static-blogs.lasprovincias.es\/wp-content\/uploads\/sites\/18\/2017\/08\/IMG_9675-1280x853.jpg\"><img loading=\"lazy\" class=\"alignnone size-large wp-image-12894\" src=\"https:\/\/static-blogs.lasprovincias.es\/wp-content\/uploads\/sites\/18\/2017\/08\/IMG_9675-1280x853-1024x682.jpg\" alt=\"img_9675-1280x853\" width=\"1024\" height=\"682\" srcset=\"https:\/\/static-blogs.lasprovincias.es\/wp-content\/uploads\/sites\/18\/2017\/08\/IMG_9675-1280x853-1024x682.jpg 1024w, https:\/\/static-blogs.lasprovincias.es\/wp-content\/uploads\/sites\/18\/2017\/08\/IMG_9675-1280x853-300x200.jpg 300w, https:\/\/static-blogs.lasprovincias.es\/wp-content\/uploads\/sites\/18\/2017\/08\/IMG_9675-1280x853-768x512.jpg 768w, https:\/\/static-blogs.lasprovincias.es\/wp-content\/uploads\/sites\/18\/2017\/08\/IMG_9675-1280x853.jpg 1280w\" sizes=\"(max-width: 1024px) 100vw, 1024px\" \/><\/a><\/p>\n<p>Prepar\u00f3 una kokotxa con noodle de calabac\u00edn al estilo de Indonesia. \u201cLa kokotxa est\u00e1 marcada a la plancha con ajo encima de un salteado de noodle de calabac\u00edn al wok con ginger, sambal Oleg, sesame seed oil, chilli, ketjap, caldo de vegetales&#8221;, me explic\u00f3. Y hablamos del poco aprecio que tienen a la kokotxa en los pa\u00edses n\u00f3rdicos. O al menos, no la devoci\u00f3n que algunos le tenemos&#8230;<\/p>\n<p><a href=\"https:\/\/static-blogs.lasprovincias.es\/wp-content\/uploads\/sites\/18\/2017\/08\/IMG_9724-1280x853.jpg\"><img loading=\"lazy\" class=\"alignnone size-large wp-image-12896\" src=\"https:\/\/static-blogs.lasprovincias.es\/wp-content\/uploads\/sites\/18\/2017\/08\/IMG_9724-1280x853-1024x682.jpg\" alt=\"img_9724-1280x853\" width=\"1024\" height=\"682\" srcset=\"https:\/\/static-blogs.lasprovincias.es\/wp-content\/uploads\/sites\/18\/2017\/08\/IMG_9724-1280x853-1024x682.jpg 1024w, https:\/\/static-blogs.lasprovincias.es\/wp-content\/uploads\/sites\/18\/2017\/08\/IMG_9724-1280x853-300x200.jpg 300w, https:\/\/static-blogs.lasprovincias.es\/wp-content\/uploads\/sites\/18\/2017\/08\/IMG_9724-1280x853-768x512.jpg 768w, https:\/\/static-blogs.lasprovincias.es\/wp-content\/uploads\/sites\/18\/2017\/08\/IMG_9724-1280x853.jpg 1280w\" sizes=\"(max-width: 1024px) 100vw, 1024px\" \/><\/a><\/p>\n<p>Como principal opt\u00e9 por un rodaballo, por probar\u2026. Y result\u00f3 un acierto. Un buen pescado sin florituras. Eso siempre se agradece. Y cuando te pasas los d\u00edas de plato en plato, a\u00fan m\u00e1s.<\/p>\n<p><a href=\"https:\/\/static-blogs.lasprovincias.es\/wp-content\/uploads\/sites\/18\/2017\/08\/IMG_9735-1280x853.jpg\"><img loading=\"lazy\" class=\"alignnone size-large wp-image-12897\" src=\"https:\/\/static-blogs.lasprovincias.es\/wp-content\/uploads\/sites\/18\/2017\/08\/IMG_9735-1280x853-1024x682.jpg\" alt=\"img_9735-1280x853\" width=\"1024\" height=\"682\" srcset=\"https:\/\/static-blogs.lasprovincias.es\/wp-content\/uploads\/sites\/18\/2017\/08\/IMG_9735-1280x853-1024x682.jpg 1024w, https:\/\/static-blogs.lasprovincias.es\/wp-content\/uploads\/sites\/18\/2017\/08\/IMG_9735-1280x853-300x200.jpg 300w, https:\/\/static-blogs.lasprovincias.es\/wp-content\/uploads\/sites\/18\/2017\/08\/IMG_9735-1280x853-768x512.jpg 768w, https:\/\/static-blogs.lasprovincias.es\/wp-content\/uploads\/sites\/18\/2017\/08\/IMG_9735-1280x853.jpg 1280w\" sizes=\"(max-width: 1024px) 100vw, 1024px\" \/><\/a><\/p>\n<p>&nbsp;<\/p>\n<p><span style=\"color: #ff0000;\">IV. UN PATINETE.<\/span> Amsterdam esconde, como el caso de Adri\u00e0, sorpresas por todos los lados. hay que saberlas disfrutar. Un canal por el que navegar, una cerveza para reflexionar, Van Gogh escondido en una esquina, la ronda nocturna que te cautiva, Blancanieves tomando coca\u00edna, el cuero que asoma por las ventanas junto a tulipanes de madera, zuecos pintados de mil maneras, un mar de bicicletas, otro Banksy que te emociona, un tel\u00e9fono que suena, un patinete que acelera&#8230;<\/p>\n<p><a href=\"https:\/\/static-blogs.lasprovincias.es\/wp-content\/uploads\/sites\/18\/2017\/08\/IMG_7790-1280x853.jpg\"><img loading=\"lazy\" class=\"alignnone size-large wp-image-12905\" src=\"https:\/\/static-blogs.lasprovincias.es\/wp-content\/uploads\/sites\/18\/2017\/08\/IMG_7790-1280x853-1024x682.jpg\" alt=\"img_7790-1280x853\" width=\"1024\" height=\"682\" srcset=\"https:\/\/static-blogs.lasprovincias.es\/wp-content\/uploads\/sites\/18\/2017\/08\/IMG_7790-1280x853-1024x682.jpg 1024w, https:\/\/static-blogs.lasprovincias.es\/wp-content\/uploads\/sites\/18\/2017\/08\/IMG_7790-1280x853-300x200.jpg 300w, https:\/\/static-blogs.lasprovincias.es\/wp-content\/uploads\/sites\/18\/2017\/08\/IMG_7790-1280x853-768x512.jpg 768w, https:\/\/static-blogs.lasprovincias.es\/wp-content\/uploads\/sites\/18\/2017\/08\/IMG_7790-1280x853.jpg 1280w\" sizes=\"(max-width: 1024px) 100vw, 1024px\" \/><\/a><\/p>\n<p>&nbsp;<\/p>\n<p><a href=\"https:\/\/static-blogs.lasprovincias.es\/wp-content\/uploads\/sites\/18\/2017\/08\/IMG_8900-1280x816.jpg\"><img loading=\"lazy\" class=\"alignnone size-large wp-image-12875\" src=\"https:\/\/static-blogs.lasprovincias.es\/wp-content\/uploads\/sites\/18\/2017\/08\/IMG_8900-1280x816-1024x653.jpg\" alt=\"img_8900-1280x816\" width=\"1024\" height=\"653\" srcset=\"https:\/\/static-blogs.lasprovincias.es\/wp-content\/uploads\/sites\/18\/2017\/08\/IMG_8900-1280x816-1024x653.jpg 1024w, https:\/\/static-blogs.lasprovincias.es\/wp-content\/uploads\/sites\/18\/2017\/08\/IMG_8900-1280x816-300x191.jpg 300w, https:\/\/static-blogs.lasprovincias.es\/wp-content\/uploads\/sites\/18\/2017\/08\/IMG_8900-1280x816-768x490.jpg 768w, https:\/\/static-blogs.lasprovincias.es\/wp-content\/uploads\/sites\/18\/2017\/08\/IMG_8900-1280x816.jpg 1280w\" sizes=\"(max-width: 1024px) 100vw, 1024px\" \/><\/a><\/p>\n<p>&nbsp;<\/p>\n<p><a href=\"https:\/\/static-blogs.lasprovincias.es\/wp-content\/uploads\/sites\/18\/2017\/08\/IMG_8603-1280x795-copia.jpg\"><img loading=\"lazy\" class=\"alignnone size-large wp-image-12924\" src=\"https:\/\/static-blogs.lasprovincias.es\/wp-content\/uploads\/sites\/18\/2017\/08\/IMG_8603-1280x795-copia-1024x636.jpg\" alt=\"img_8603-1280x795-copia\" width=\"1024\" height=\"636\" srcset=\"https:\/\/static-blogs.lasprovincias.es\/wp-content\/uploads\/sites\/18\/2017\/08\/IMG_8603-1280x795-copia-1024x636.jpg 1024w, https:\/\/static-blogs.lasprovincias.es\/wp-content\/uploads\/sites\/18\/2017\/08\/IMG_8603-1280x795-copia-300x186.jpg 300w, https:\/\/static-blogs.lasprovincias.es\/wp-content\/uploads\/sites\/18\/2017\/08\/IMG_8603-1280x795-copia-768x477.jpg 768w, https:\/\/static-blogs.lasprovincias.es\/wp-content\/uploads\/sites\/18\/2017\/08\/IMG_8603-1280x795-copia.jpg 1280w\" sizes=\"(max-width: 1024px) 100vw, 1024px\" \/><\/a><\/p>\n<p>Y t\u00fa que sigues so\u00f1ando, de plato en plato, de salsa en salsa. Como si fueras <strong>un aventurero con delantal, un <em>rodaplats<\/em>, un esp\u00eda con flotador, cuchillo y tenedor que vuela, vuela, vuela. <span style=\"color: #ff0000;\">Un patinete que acelera. Como la vida.<\/span><\/strong><\/p>\n<p><a href=\"https:\/\/static-blogs.lasprovincias.es\/wp-content\/uploads\/sites\/18\/2017\/08\/IMG_7914-1280x539.jpg\"><img loading=\"lazy\" class=\"alignnone size-large wp-image-12919\" src=\"https:\/\/static-blogs.lasprovincias.es\/wp-content\/uploads\/sites\/18\/2017\/08\/IMG_7914-1280x539-1024x431.jpg\" alt=\"img_7914-1280x539\" width=\"1024\" height=\"431\" srcset=\"https:\/\/static-blogs.lasprovincias.es\/wp-content\/uploads\/sites\/18\/2017\/08\/IMG_7914-1280x539-1024x431.jpg 1024w, https:\/\/static-blogs.lasprovincias.es\/wp-content\/uploads\/sites\/18\/2017\/08\/IMG_7914-1280x539-300x126.jpg 300w, https:\/\/static-blogs.lasprovincias.es\/wp-content\/uploads\/sites\/18\/2017\/08\/IMG_7914-1280x539-768x323.jpg 768w, https:\/\/static-blogs.lasprovincias.es\/wp-content\/uploads\/sites\/18\/2017\/08\/IMG_7914-1280x539.jpg 1280w\" sizes=\"(max-width: 1024px) 100vw, 1024px\" \/><\/a><\/p>\n<p style=\"text-align: center;\">SEGUIMOS <span style=\"color: #ff0000;\">BUSCANDO<\/span> HISTORIAS<strong> (CON DELANTAL)<\/strong><\/p>\n<p style=\"text-align: center;\"><a href=\"https:\/\/static-blogs.lasprovincias.es\/wp-content\/uploads\/sites\/18\/2017\/08\/IMG_9473-1280x841.jpg\"><img loading=\"lazy\" class=\"alignnone size-large wp-image-12885\" src=\"https:\/\/static-blogs.lasprovincias.es\/wp-content\/uploads\/sites\/18\/2017\/08\/IMG_9473-1280x841-1024x673.jpg\" alt=\"img_9473-1280x841\" width=\"1024\" height=\"673\" srcset=\"https:\/\/static-blogs.lasprovincias.es\/wp-content\/uploads\/sites\/18\/2017\/08\/IMG_9473-1280x841-1024x673.jpg 1024w, https:\/\/static-blogs.lasprovincias.es\/wp-content\/uploads\/sites\/18\/2017\/08\/IMG_9473-1280x841-300x197.jpg 300w, https:\/\/static-blogs.lasprovincias.es\/wp-content\/uploads\/sites\/18\/2017\/08\/IMG_9473-1280x841-768x505.jpg 768w, https:\/\/static-blogs.lasprovincias.es\/wp-content\/uploads\/sites\/18\/2017\/08\/IMG_9473-1280x841.jpg 1280w\" sizes=\"(max-width: 1024px) 100vw, 1024px\" \/><\/a><\/p>\n<!-- AddThis Advanced Settings generic via filter on the_content --><!-- AddThis Share Buttons generic via filter on the_content -->","protected":false},"excerpt":{"rendered":"<p>#DESBOCADOS: Amsterdam (II). O t\u00fa las devoras a ellas o ellas te devoran a ti. Las ciudades son en realidad un banquete de sensaciones que hay que degustar. Ya te cont\u00e9 algo de Amsterdam (un invernadero llamado De Kas). Hoy vengo, entre trazos de Van Gogh, impactos de Banksy y susurros de Rembrandt a contarte [&hellip;]<!-- AddThis Advanced Settings generic via filter on get_the_excerpt --><!-- AddThis Share Buttons generic via filter on get_the_excerpt --><\/p>\n","protected":false},"author":23,"featured_media":0,"comment_status":"open","ping_status":"open","sticky":false,"template":"","format":"standard","meta":[],"categories":[1],"tags":[1222,1226,1228,1227,1224,1225,1229,1223],"_links":{"self":[{"href":"https:\/\/blogs.lasprovincias.es\/historiascondelantal\/wp-json\/wp\/v2\/posts\/12804"}],"collection":[{"href":"https:\/\/blogs.lasprovincias.es\/historiascondelantal\/wp-json\/wp\/v2\/posts"}],"about":[{"href":"https:\/\/blogs.lasprovincias.es\/historiascondelantal\/wp-json\/wp\/v2\/types\/post"}],"author":[{"embeddable":true,"href":"https:\/\/blogs.lasprovincias.es\/historiascondelantal\/wp-json\/wp\/v2\/users\/23"}],"replies":[{"embeddable":true,"href":"https:\/\/blogs.lasprovincias.es\/historiascondelantal\/wp-json\/wp\/v2\/comments?post=12804"}],"version-history":[{"count":13,"href":"https:\/\/blogs.lasprovincias.es\/historiascondelantal\/wp-json\/wp\/v2\/posts\/12804\/revisions"}],"predecessor-version":[{"id":12943,"href":"https:\/\/blogs.lasprovincias.es\/historiascondelantal\/wp-json\/wp\/v2\/posts\/12804\/revisions\/12943"}],"wp:attachment":[{"href":"https:\/\/blogs.lasprovincias.es\/historiascondelantal\/wp-json\/wp\/v2\/media?parent=12804"}],"wp:term":[{"taxonomy":"category","embeddable":true,"href":"https:\/\/blogs.lasprovincias.es\/historiascondelantal\/wp-json\/wp\/v2\/categories?post=12804"},{"taxonomy":"post_tag","embeddable":true,"href":"https:\/\/blogs.lasprovincias.es\/historiascondelantal\/wp-json\/wp\/v2\/tags?post=12804"}],"curies":[{"name":"wp","href":"https:\/\/api.w.org\/{rel}","templated":true}]}}