{"id":12947,"date":"2017-08-11T08:33:44","date_gmt":"2017-08-11T06:33:44","guid":{"rendered":"http:\/\/blogs.lasprovincias.es\/historiascondelantal\/?p=12947"},"modified":"2017-08-11T08:51:21","modified_gmt":"2017-08-11T06:51:21","slug":"jose-manuel-miguel-listo-para-triunfar-en-beat","status":"publish","type":"post","link":"https:\/\/blogs.lasprovincias.es\/historiascondelantal\/2017\/08\/11\/jose-manuel-miguel-listo-para-triunfar-en-beat\/","title":{"rendered":"Beat y Jos\u00e9 Manuel Miguel, preparados para triunfar"},"content":{"rendered":"<p>Un cocinero que vino de <span style=\"color: #ff0000;\">PAR\u00cdS<\/span>. Un restaurante lindo, blanco, elegante. Platos que parecen de alta costura en su est\u00e9tica, algunos magistrales en su ejecuci\u00f3n, muchos capaces de generar emoci\u00f3n. Todos con su historia y mucha pasi\u00f3n. Te voy a hablar de tomates (emocionante) y de un lechal (trepidante y brillante). De un equipo, de un lugar. Esto es, ya lo sabes, <strong>Historias con Delantal.<\/strong> Y quien te escribe, Cooking.<strong> Mister Cooking<\/strong>. Un esp\u00eda con flotador, cuchillo y tenedor. Pr\u00f3xima parada: <span style=\"color: #ff0000;\">CALPE<\/span>.<\/p>\n<p style=\"text-align: center;\"><span style=\"color: #999999;\">U N A H I S T O R I A<\/span><\/p>\n<p><a href=\"https:\/\/static-blogs.lasprovincias.es\/wp-content\/uploads\/sites\/18\/2017\/08\/IMG_4575.jpeg\"><img loading=\"lazy\" class=\"alignnone size-large wp-image-12948\" src=\"https:\/\/static-blogs.lasprovincias.es\/wp-content\/uploads\/sites\/18\/2017\/08\/IMG_4575-1024x768.jpeg\" alt=\"img_4575\" width=\"1024\" height=\"768\" srcset=\"https:\/\/static-blogs.lasprovincias.es\/wp-content\/uploads\/sites\/18\/2017\/08\/IMG_4575-1024x768.jpeg 1024w, https:\/\/static-blogs.lasprovincias.es\/wp-content\/uploads\/sites\/18\/2017\/08\/IMG_4575-300x225.jpeg 300w, https:\/\/static-blogs.lasprovincias.es\/wp-content\/uploads\/sites\/18\/2017\/08\/IMG_4575-768x576.jpeg 768w, https:\/\/static-blogs.lasprovincias.es\/wp-content\/uploads\/sites\/18\/2017\/08\/IMG_4575.jpeg 2048w\" sizes=\"(max-width: 1024px) 100vw, 1024px\" \/><\/a><\/p>\n<p style=\"text-align: center;\"><span style=\"color: #999999;\">U N L U G A R<\/span><\/p>\n<p><a href=\"https:\/\/static-blogs.lasprovincias.es\/wp-content\/uploads\/sites\/18\/2017\/08\/IMG_20170803_135124-1280x896.jpg\"><img loading=\"lazy\" class=\"size-large wp-image-12953\" src=\"https:\/\/static-blogs.lasprovincias.es\/wp-content\/uploads\/sites\/18\/2017\/08\/IMG_20170803_135124-1280x896-1024x717.jpg\" alt=\"dav\" width=\"1024\" height=\"717\" srcset=\"https:\/\/static-blogs.lasprovincias.es\/wp-content\/uploads\/sites\/18\/2017\/08\/IMG_20170803_135124-1280x896-1024x717.jpg 1024w, https:\/\/static-blogs.lasprovincias.es\/wp-content\/uploads\/sites\/18\/2017\/08\/IMG_20170803_135124-1280x896-300x210.jpg 300w, https:\/\/static-blogs.lasprovincias.es\/wp-content\/uploads\/sites\/18\/2017\/08\/IMG_20170803_135124-1280x896-768x538.jpg 768w, https:\/\/static-blogs.lasprovincias.es\/wp-content\/uploads\/sites\/18\/2017\/08\/IMG_20170803_135124-1280x896.jpg 1280w\" sizes=\"(max-width: 1024px) 100vw, 1024px\" \/><\/a><\/p>\n<p style=\"text-align: center;\"><span style=\"color: #999999;\">UN PROTAGIONISTA<\/span><\/p>\n<p style=\"text-align: center;\"><a href=\"https:\/\/static-blogs.lasprovincias.es\/wp-content\/uploads\/sites\/18\/2017\/08\/IMG_0696-1280x819.jpg\"><img loading=\"lazy\" class=\"alignnone size-large wp-image-12950\" src=\"https:\/\/static-blogs.lasprovincias.es\/wp-content\/uploads\/sites\/18\/2017\/08\/IMG_0696-1280x819-1024x655.jpg\" alt=\"img_0696-1280x819\" width=\"1024\" height=\"655\" srcset=\"https:\/\/static-blogs.lasprovincias.es\/wp-content\/uploads\/sites\/18\/2017\/08\/IMG_0696-1280x819-1024x655.jpg 1024w, https:\/\/static-blogs.lasprovincias.es\/wp-content\/uploads\/sites\/18\/2017\/08\/IMG_0696-1280x819-300x192.jpg 300w, https:\/\/static-blogs.lasprovincias.es\/wp-content\/uploads\/sites\/18\/2017\/08\/IMG_0696-1280x819-768x491.jpg 768w, https:\/\/static-blogs.lasprovincias.es\/wp-content\/uploads\/sites\/18\/2017\/08\/IMG_0696-1280x819.jpg 1280w\" sizes=\"(max-width: 1024px) 100vw, 1024px\" \/><\/a><\/p>\n<p style=\"text-align: center;\"><span style=\"color: #999999;\">UNOS TOMATES (O NO), UN LECHAL (O MUCHO M\u00c1S)&#8230;<\/span><\/p>\n<p style=\"text-align: center;\"><a href=\"https:\/\/static-blogs.lasprovincias.es\/wp-content\/uploads\/sites\/18\/2017\/08\/IMG_0948-1280x887.jpg\"><img loading=\"lazy\" class=\"alignnone size-large wp-image-12951\" src=\"https:\/\/static-blogs.lasprovincias.es\/wp-content\/uploads\/sites\/18\/2017\/08\/IMG_0948-1280x887-1024x710.jpg\" alt=\"img_0948-1280x887\" width=\"1024\" height=\"710\" srcset=\"https:\/\/static-blogs.lasprovincias.es\/wp-content\/uploads\/sites\/18\/2017\/08\/IMG_0948-1280x887-1024x710.jpg 1024w, https:\/\/static-blogs.lasprovincias.es\/wp-content\/uploads\/sites\/18\/2017\/08\/IMG_0948-1280x887-300x208.jpg 300w, https:\/\/static-blogs.lasprovincias.es\/wp-content\/uploads\/sites\/18\/2017\/08\/IMG_0948-1280x887-768x532.jpg 768w, https:\/\/static-blogs.lasprovincias.es\/wp-content\/uploads\/sites\/18\/2017\/08\/IMG_0948-1280x887.jpg 1280w\" sizes=\"(max-width: 1024px) 100vw, 1024px\" \/><\/a><\/p>\n<p style=\"text-align: center;\"><a href=\"https:\/\/static-blogs.lasprovincias.es\/wp-content\/uploads\/sites\/18\/2017\/08\/IMG_1151-1280x853.jpg\"><img loading=\"lazy\" class=\"alignnone size-large wp-image-12952\" src=\"https:\/\/static-blogs.lasprovincias.es\/wp-content\/uploads\/sites\/18\/2017\/08\/IMG_1151-1280x853-1024x682.jpg\" alt=\"img_1151-1280x853\" width=\"1024\" height=\"682\" srcset=\"https:\/\/static-blogs.lasprovincias.es\/wp-content\/uploads\/sites\/18\/2017\/08\/IMG_1151-1280x853-1024x682.jpg 1024w, https:\/\/static-blogs.lasprovincias.es\/wp-content\/uploads\/sites\/18\/2017\/08\/IMG_1151-1280x853-300x200.jpg 300w, https:\/\/static-blogs.lasprovincias.es\/wp-content\/uploads\/sites\/18\/2017\/08\/IMG_1151-1280x853-768x512.jpg 768w, https:\/\/static-blogs.lasprovincias.es\/wp-content\/uploads\/sites\/18\/2017\/08\/IMG_1151-1280x853.jpg 1280w\" sizes=\"(max-width: 1024px) 100vw, 1024px\" \/><\/a><\/p>\n<p><!--more--><\/p>\n<h4><span style=\"color: #ff0000;\">\u221a<\/span> CALPE. <span style=\"color: #999999;\">Destapando agosto.<\/span><\/h4>\n<p>La mochila de este esp\u00eda zampagrullas se va llenando de vivencias. Ando recopilando historias para cont\u00e1rtelas cuando nos pueda la nostalgia. Ya sabes, cuando el oto\u00f1o y lo cotidiano nos corte las alas y nos ate a lo mundano. Mientras eso llega, entre parada y parada,\u00a0 deja que de rienda suelta a alguna de esas experiencias. Tengo el mono de contarte lo que me pasa. <strong>Las palabras se me escapan.<\/strong><\/p>\n<p style=\"text-align: right;\"><span style=\"color: #ff0000;\"><strong>Voy buscando historias&#8230; Algunas son suculentas. Y muchas valen la pena.<\/strong><\/span><\/p>\n<p style=\"text-align: right;\"><a href=\"https:\/\/static-blogs.lasprovincias.es\/wp-content\/uploads\/sites\/18\/2017\/08\/IMG_0678-1280x643.jpg\"><img loading=\"lazy\" class=\"alignnone size-large wp-image-12954\" src=\"https:\/\/static-blogs.lasprovincias.es\/wp-content\/uploads\/sites\/18\/2017\/08\/IMG_0678-1280x643-1024x514.jpg\" alt=\"img_0678-1280x643\" width=\"1024\" height=\"514\" srcset=\"https:\/\/static-blogs.lasprovincias.es\/wp-content\/uploads\/sites\/18\/2017\/08\/IMG_0678-1280x643-1024x514.jpg 1024w, https:\/\/static-blogs.lasprovincias.es\/wp-content\/uploads\/sites\/18\/2017\/08\/IMG_0678-1280x643-300x151.jpg 300w, https:\/\/static-blogs.lasprovincias.es\/wp-content\/uploads\/sites\/18\/2017\/08\/IMG_0678-1280x643-768x386.jpg 768w, https:\/\/static-blogs.lasprovincias.es\/wp-content\/uploads\/sites\/18\/2017\/08\/IMG_0678-1280x643.jpg 1280w\" sizes=\"(max-width: 1024px) 100vw, 1024px\" \/><\/a><\/p>\n<p>&nbsp;<\/p>\n<p>Dejo ya el pre\u00e1mbulo. Hoy te vengo a hablar de un lugar llamado <strong>BEAT<\/strong>. El restaurante al que hizo mudanza <strong><span style=\"color: #ff0000;\">Jos\u00e9 Manuel Miguel,\u00a0<\/span><\/strong> el chef al que conoc\u00ed en Par\u00eds cuando cocinaba por all\u00ed hace ya tres a\u00f1os. Aterriz\u00f3 en\u00a0 Calpe el pasado oto\u00f1o y ya ha dejado en \u00e9l su impronta gastron\u00f3mica.<strong> Bueno, en Beat, en Komfort\u00a0 y en el The Cook Book, <\/strong>que es uno de esos hoteles con encanto del que a uno lo sacar\u00edan a empujones.<\/p>\n<p><a href=\"https:\/\/static-blogs.lasprovincias.es\/wp-content\/uploads\/sites\/18\/2017\/08\/IMG_1125-1280x720.jpg\"><img loading=\"lazy\" class=\"alignnone size-large wp-image-12956\" src=\"https:\/\/static-blogs.lasprovincias.es\/wp-content\/uploads\/sites\/18\/2017\/08\/IMG_1125-1280x720-1024x576.jpg\" alt=\"img_1125-1280x720\" width=\"1024\" height=\"576\" srcset=\"https:\/\/static-blogs.lasprovincias.es\/wp-content\/uploads\/sites\/18\/2017\/08\/IMG_1125-1280x720-1024x576.jpg 1024w, https:\/\/static-blogs.lasprovincias.es\/wp-content\/uploads\/sites\/18\/2017\/08\/IMG_1125-1280x720-300x169.jpg 300w, https:\/\/static-blogs.lasprovincias.es\/wp-content\/uploads\/sites\/18\/2017\/08\/IMG_1125-1280x720-768x432.jpg 768w, https:\/\/static-blogs.lasprovincias.es\/wp-content\/uploads\/sites\/18\/2017\/08\/IMG_1125-1280x720.jpg 1280w\" sizes=\"(max-width: 1024px) 100vw, 1024px\" \/><\/a><\/p>\n<p>All\u00ed anda con un equipo que le ha acompa\u00f1ado desde sus tiempos en el pa\u00eds galo. (<strong>Bray Hide<\/strong>, por ejemplo es su mano derecha en la cocina). O gente que se ha ido incorporando o que se encontr\u00f3 cuando lleg\u00f3. Como <strong>Gonzalo Alonso<\/strong> (jefe de sala y sumiller). Todos ellos, gente entregada a un proyecto refinado, muy pensado, trabajado\u2026 que cuando lo descubres primero te sorprende (por romper con los c\u00e1nones de un restaurante de ciudad) y luego te coge y te abraza. Te acaricia. Como un buen hu\u00e9sped a su invitado.<\/p>\n<p style=\"text-align: center;\"><span style=\"color: #999999;\">BUEN EQUIPO. EN SALA Y EN COCINA.<\/span><\/p>\n<p><a href=\"https:\/\/static-blogs.lasprovincias.es\/wp-content\/uploads\/sites\/18\/2017\/08\/IMG_1109-1280x964.jpg\"><img loading=\"lazy\" class=\"alignnone size-large wp-image-12957\" src=\"https:\/\/static-blogs.lasprovincias.es\/wp-content\/uploads\/sites\/18\/2017\/08\/IMG_1109-1280x964-1024x771.jpg\" alt=\"img_1109-1280x964\" width=\"1024\" height=\"771\" srcset=\"https:\/\/static-blogs.lasprovincias.es\/wp-content\/uploads\/sites\/18\/2017\/08\/IMG_1109-1280x964-1024x771.jpg 1024w, https:\/\/static-blogs.lasprovincias.es\/wp-content\/uploads\/sites\/18\/2017\/08\/IMG_1109-1280x964-300x226.jpg 300w, https:\/\/static-blogs.lasprovincias.es\/wp-content\/uploads\/sites\/18\/2017\/08\/IMG_1109-1280x964-768x578.jpg 768w, https:\/\/static-blogs.lasprovincias.es\/wp-content\/uploads\/sites\/18\/2017\/08\/IMG_1109-1280x964.jpg 1280w\" sizes=\"(max-width: 1024px) 100vw, 1024px\" \/><\/a><\/p>\n<p><a href=\"https:\/\/static-blogs.lasprovincias.es\/wp-content\/uploads\/sites\/18\/2017\/08\/IMG_1335-1280x853.jpg\"><img loading=\"lazy\" class=\"alignnone size-large wp-image-12959\" src=\"https:\/\/static-blogs.lasprovincias.es\/wp-content\/uploads\/sites\/18\/2017\/08\/IMG_1335-1280x853-1024x682.jpg\" alt=\"img_1335-1280x853\" width=\"1024\" height=\"682\" srcset=\"https:\/\/static-blogs.lasprovincias.es\/wp-content\/uploads\/sites\/18\/2017\/08\/IMG_1335-1280x853-1024x682.jpg 1024w, https:\/\/static-blogs.lasprovincias.es\/wp-content\/uploads\/sites\/18\/2017\/08\/IMG_1335-1280x853-300x200.jpg 300w, https:\/\/static-blogs.lasprovincias.es\/wp-content\/uploads\/sites\/18\/2017\/08\/IMG_1335-1280x853-768x512.jpg 768w, https:\/\/static-blogs.lasprovincias.es\/wp-content\/uploads\/sites\/18\/2017\/08\/IMG_1335-1280x853.jpg 1280w\" sizes=\"(max-width: 1024px) 100vw, 1024px\" \/><\/a><\/p>\n<p>En el fondo,<strong> la cocina de Jos\u00e9 Manuel Miguel tiene mucho de agasajar.<\/strong> De mimos. De caricias. De elegancia, de seducci\u00f3n, de sutilidades. Es seda, a veces poema. <strong><span style=\"color: #ff0000;\">Regusto afrancesado llevado al Mediterr\u00e1neo con sello valenciano<\/span>. Y s\u00ed, me gust\u00f3, para qu\u00e9 darle rodeos. <\/strong>Y me encant\u00f3 gozar plato a plato, rebuscando sus mensajes, sus tesoros, sus pensamientos ocultos entre salsas ligeras, gelatinas, mochis. Anduve feliz durante toda la comida, s\u00ed. Esas cosas hay que decirlas. Quiz\u00e1, ya lo sabes de otras veces, porque soy muy enamoradizo; y cuando veo que hay cari\u00f1o y verdad y honestidad, pues caigo rendido.<\/p>\n<p><a href=\"https:\/\/static-blogs.lasprovincias.es\/wp-content\/uploads\/sites\/18\/2017\/08\/IMG_0842-1280x928.jpg\"><img loading=\"lazy\" class=\"alignnone size-large wp-image-12960\" src=\"https:\/\/static-blogs.lasprovincias.es\/wp-content\/uploads\/sites\/18\/2017\/08\/IMG_0842-1280x928-1024x742.jpg\" alt=\"img_0842-1280x928\" width=\"1024\" height=\"742\" srcset=\"https:\/\/static-blogs.lasprovincias.es\/wp-content\/uploads\/sites\/18\/2017\/08\/IMG_0842-1280x928-1024x742.jpg 1024w, https:\/\/static-blogs.lasprovincias.es\/wp-content\/uploads\/sites\/18\/2017\/08\/IMG_0842-1280x928-300x218.jpg 300w, https:\/\/static-blogs.lasprovincias.es\/wp-content\/uploads\/sites\/18\/2017\/08\/IMG_0842-1280x928-768x557.jpg 768w, https:\/\/static-blogs.lasprovincias.es\/wp-content\/uploads\/sites\/18\/2017\/08\/IMG_0842-1280x928.jpg 1280w\" sizes=\"(max-width: 1024px) 100vw, 1024px\" \/><\/a><\/p>\n<p>En la gastronom\u00eda me pasa igual que con <strong>Pablo Neruda<\/strong> (u otros tantos poetas). Cuando descubro un verso nuevo (aunque lo relea mil veces siempre hay algo nuevo), me asalta la emoci\u00f3n.<\/p>\n<p style=\"text-align: center;\"><span style=\"color: #999999;\"><strong><em>\u201cEl pie del ni\u00f1o a\u00fan no sabe que es pie,<\/em><\/strong><\/span><\/p>\n<p style=\"text-align: center;\"><span style=\"color: #999999;\"><strong><em>Y quiere ser mariposa o manzana\u201d<\/em><\/strong><\/span><\/p>\n<p>Descubrir esto es un gozo. Descubrir la cocina de Jos\u00e9 Manuel y su equipo, tambi\u00e9n. Lo intu\u00eda. Quiz\u00e1 por eso, como si fuera un poema delicado entr\u00e9 esa ma\u00f1ana de calor intensa en su Beat de Calpe. <strong>El sol atizaba de lo lindo fuera y aquel lugar vestido de blanco, con l\u00e1mparas que parec\u00edan flores aladas y manteles que parec\u00edan dispuestos para una gala, se convirti\u00f3 en un oasis<\/strong> en mitad del alarido del verano.<\/p>\n<p><a href=\"https:\/\/static-blogs.lasprovincias.es\/wp-content\/uploads\/sites\/18\/2017\/08\/IMG_1176-1280x849.jpg\"><img loading=\"lazy\" class=\"alignnone size-large wp-image-12958\" src=\"https:\/\/static-blogs.lasprovincias.es\/wp-content\/uploads\/sites\/18\/2017\/08\/IMG_1176-1280x849-1024x679.jpg\" alt=\"img_1176-1280x849\" width=\"1024\" height=\"679\" srcset=\"https:\/\/static-blogs.lasprovincias.es\/wp-content\/uploads\/sites\/18\/2017\/08\/IMG_1176-1280x849-1024x679.jpg 1024w, https:\/\/static-blogs.lasprovincias.es\/wp-content\/uploads\/sites\/18\/2017\/08\/IMG_1176-1280x849-300x199.jpg 300w, https:\/\/static-blogs.lasprovincias.es\/wp-content\/uploads\/sites\/18\/2017\/08\/IMG_1176-1280x849-768x509.jpg 768w, https:\/\/static-blogs.lasprovincias.es\/wp-content\/uploads\/sites\/18\/2017\/08\/IMG_1176-1280x849.jpg 1280w\" sizes=\"(max-width: 1024px) 100vw, 1024px\" \/><\/a><\/p>\n<p style=\"text-align: center;\"><span style=\"color: #999999;\">I. EL PRELUDIO<\/span><\/p>\n<p>Me pellizc\u00f3 el coraz\u00f3n ver aterrizar sobre la mesa la mantequilla de <strong>Rub\u00e9n Valbuena<\/strong> (Granja Cantagrullas) y el aceite de la<strong> familia Petit<\/strong> (<strong>Mas\u00eda del Altet<\/strong>). Me emocion\u00f3 porque los rostros de unos y otros forman parte de mi historia como esp\u00eda y porque sus proyectos encierran mucha autenticidad. Eso me entusiasma. As\u00ed que, con esos antecedentes la cosa s\u00f3lo pod\u00eda que funcionar bien. Y claro, funcion\u00f3.<\/p>\n<p><a href=\"https:\/\/static-blogs.lasprovincias.es\/wp-content\/uploads\/sites\/18\/2017\/08\/IMG_0778-1280x708.jpg\"><img loading=\"lazy\" class=\"alignnone size-large wp-image-12961\" src=\"https:\/\/static-blogs.lasprovincias.es\/wp-content\/uploads\/sites\/18\/2017\/08\/IMG_0778-1280x708-1024x566.jpg\" alt=\"img_0778-1280x708\" width=\"1024\" height=\"566\" srcset=\"https:\/\/static-blogs.lasprovincias.es\/wp-content\/uploads\/sites\/18\/2017\/08\/IMG_0778-1280x708-1024x566.jpg 1024w, https:\/\/static-blogs.lasprovincias.es\/wp-content\/uploads\/sites\/18\/2017\/08\/IMG_0778-1280x708-300x166.jpg 300w, https:\/\/static-blogs.lasprovincias.es\/wp-content\/uploads\/sites\/18\/2017\/08\/IMG_0778-1280x708-768x425.jpg 768w, https:\/\/static-blogs.lasprovincias.es\/wp-content\/uploads\/sites\/18\/2017\/08\/IMG_0778-1280x708.jpg 1280w\" sizes=\"(max-width: 1024px) 100vw, 1024px\" \/><\/a><\/p>\n<p style=\"text-align: center;\"><span style=\"color: #999999;\">II. LOS CANAP\u00c9S<\/span><\/p>\n<p>Llegaron los canap\u00e9s y se deslizaron por la mesa como modelos en una pasarela. Muy a lo Par\u00eds Chic. Pura confiter\u00eda salada, en la que cada bocado era una delicada alquimia en la que est\u00e9tica, sabor, color\u2026 se daban la mano para seducir al comensal. De derecha a izuierda: <strong>un mochi de espencat, un rillete de salm\u00f3n, un macarr\u00f3n de foie y un pafait de ave de corral con naranja.<\/strong> El primero y el \u00faltimo <strong><span style=\"color: #ff0000;\">para llev\u00e1rselos a casa<\/span><\/strong>. <em>Chapeau<\/em>.<\/p>\n<p><a href=\"https:\/\/static-blogs.lasprovincias.es\/wp-content\/uploads\/sites\/18\/2017\/08\/IMG_20170803_141004-1280x610.jpg\"><img loading=\"lazy\" class=\"size-large wp-image-12963\" src=\"https:\/\/static-blogs.lasprovincias.es\/wp-content\/uploads\/sites\/18\/2017\/08\/IMG_20170803_141004-1280x610-1024x488.jpg\" alt=\"dav\" width=\"1024\" height=\"488\" srcset=\"https:\/\/static-blogs.lasprovincias.es\/wp-content\/uploads\/sites\/18\/2017\/08\/IMG_20170803_141004-1280x610-1024x488.jpg 1024w, https:\/\/static-blogs.lasprovincias.es\/wp-content\/uploads\/sites\/18\/2017\/08\/IMG_20170803_141004-1280x610-300x143.jpg 300w, https:\/\/static-blogs.lasprovincias.es\/wp-content\/uploads\/sites\/18\/2017\/08\/IMG_20170803_141004-1280x610-768x366.jpg 768w, https:\/\/static-blogs.lasprovincias.es\/wp-content\/uploads\/sites\/18\/2017\/08\/IMG_20170803_141004-1280x610.jpg 1280w\" sizes=\"(max-width: 1024px) 100vw, 1024px\" \/><\/a><\/p>\n<p>Cerr\u00f3 el pase de bienvenida, como la novia que desfila en la pasarela, un <strong>huevo relleno de guacamole y cangrejo real<\/strong> que sencillamente me pareci\u00f3 delicioso. Impecable. Milim\u00e9tricamente estudiado. Refrescante y, de nuevo, muy elegante. <strong><span style=\"color: #ff0000;\">Eggshell.\u00a0<\/span><\/strong><\/p>\n<p><a href=\"https:\/\/static-blogs.lasprovincias.es\/wp-content\/uploads\/sites\/18\/2017\/08\/IMG_20170803_141819-1280x960.jpg\"><img loading=\"lazy\" class=\"size-large wp-image-12964\" src=\"https:\/\/static-blogs.lasprovincias.es\/wp-content\/uploads\/sites\/18\/2017\/08\/IMG_20170803_141819-1280x960-1024x768.jpg\" alt=\"dav\" width=\"1024\" height=\"768\" srcset=\"https:\/\/static-blogs.lasprovincias.es\/wp-content\/uploads\/sites\/18\/2017\/08\/IMG_20170803_141819-1280x960-1024x768.jpg 1024w, https:\/\/static-blogs.lasprovincias.es\/wp-content\/uploads\/sites\/18\/2017\/08\/IMG_20170803_141819-1280x960-300x225.jpg 300w, https:\/\/static-blogs.lasprovincias.es\/wp-content\/uploads\/sites\/18\/2017\/08\/IMG_20170803_141819-1280x960-768x576.jpg 768w, https:\/\/static-blogs.lasprovincias.es\/wp-content\/uploads\/sites\/18\/2017\/08\/IMG_20170803_141819-1280x960.jpg 1280w\" sizes=\"(max-width: 1024px) 100vw, 1024px\" \/><\/a><\/p>\n<p style=\"text-align: center;\"><span style=\"color: #999999;\">III. AMOUSE BOUCHE<\/span><\/p>\n<p><span style=\"color: #ff0000;\">-LA CENICIENTA.<\/span><\/p>\n<p>Lleg\u00f3 con clara intenci\u00f3n de fascinarme una dama escondida bajo la piel de una <strong>cigala<\/strong>. Como si fuera la Cenicienta encantada en un carruaje de cristal repleto de destellos. Ella, la cigala hechizada, navegaba por un sentido (y delicioso) mar de <strong>sopa de galeras<\/strong>. \u00a0La <strong>salicornia<\/strong> y el <strong>codium<\/strong> le daban salinidad e intensidad. Las<strong> perlas del Jap\u00f3n<\/strong> (la tapioca), textura y consistencia. Y todo junto, jugaban contigo a bordo de ese carruaje de cristal fino que parec\u00eda de cuento.<\/p>\n<p><a href=\"https:\/\/static-blogs.lasprovincias.es\/wp-content\/uploads\/sites\/18\/2017\/08\/IMG_20170803_142638-1280x960.jpg\"><img loading=\"lazy\" class=\"size-large wp-image-12966\" src=\"https:\/\/static-blogs.lasprovincias.es\/wp-content\/uploads\/sites\/18\/2017\/08\/IMG_20170803_142638-1280x960-1024x768.jpg\" alt=\"dav\" width=\"1024\" height=\"768\" srcset=\"https:\/\/static-blogs.lasprovincias.es\/wp-content\/uploads\/sites\/18\/2017\/08\/IMG_20170803_142638-1280x960-1024x768.jpg 1024w, https:\/\/static-blogs.lasprovincias.es\/wp-content\/uploads\/sites\/18\/2017\/08\/IMG_20170803_142638-1280x960-300x225.jpg 300w, https:\/\/static-blogs.lasprovincias.es\/wp-content\/uploads\/sites\/18\/2017\/08\/IMG_20170803_142638-1280x960-768x576.jpg 768w, https:\/\/static-blogs.lasprovincias.es\/wp-content\/uploads\/sites\/18\/2017\/08\/IMG_20170803_142638-1280x960.jpg 1280w\" sizes=\"(max-width: 1024px) 100vw, 1024px\" \/><\/a><\/p>\n<p>Acab\u00e9 dici\u00e9ndole a la princesa: <strong>\u201cte quiero\u201d<\/strong>. Y mientras le recitaba poemas de ese tal Neruda del que antes te hablaba, ella desapareci\u00f3 (en mi boca).<\/p>\n<p style=\"text-align: center;\"><em><span style=\"color: #999999;\">\u201cYo soy el que fabrica sue\u00f1os<\/span><\/em><\/p>\n<p style=\"text-align: center;\"><em><span style=\"color: #999999;\">Y en mi casa de pluma y piedra<\/span><\/em><\/p>\n<p style=\"text-align: center;\"><em><span style=\"color: #999999;\">Con un cuchillo y un reloj<\/span><\/em><\/p>\n<p style=\"text-align: center;\"><em><span style=\"color: #999999;\">Corto las nubes y las olas (\u2026)\u201d<\/span><\/em><\/p>\n<p style=\"text-align: center;\"><a href=\"https:\/\/static-blogs.lasprovincias.es\/wp-content\/uploads\/sites\/18\/2017\/08\/IMG_0850-1280x852.jpg\"><img loading=\"lazy\" class=\"alignnone size-large wp-image-12965\" src=\"https:\/\/static-blogs.lasprovincias.es\/wp-content\/uploads\/sites\/18\/2017\/08\/IMG_0850-1280x852-1024x682.jpg\" alt=\"img_0850-1280x852\" width=\"1024\" height=\"682\" srcset=\"https:\/\/static-blogs.lasprovincias.es\/wp-content\/uploads\/sites\/18\/2017\/08\/IMG_0850-1280x852-1024x682.jpg 1024w, https:\/\/static-blogs.lasprovincias.es\/wp-content\/uploads\/sites\/18\/2017\/08\/IMG_0850-1280x852-300x200.jpg 300w, https:\/\/static-blogs.lasprovincias.es\/wp-content\/uploads\/sites\/18\/2017\/08\/IMG_0850-1280x852-768x511.jpg 768w, https:\/\/static-blogs.lasprovincias.es\/wp-content\/uploads\/sites\/18\/2017\/08\/IMG_0850-1280x852.jpg 1280w\" sizes=\"(max-width: 1024px) 100vw, 1024px\" \/><\/a><\/p>\n<p>&nbsp;<\/p>\n<p><span style=\"color: #ff0000;\">-LA F\u00c1BRICA DE SUE\u00d1OS.<\/span><\/p>\n<p>Neruda es el que fabrica sue\u00f1os. Y lo es el que se sienta a tu lado y te cuenta un cuento, el que te llena los ojos de luces; el que cocina un brebaje capaz de cautivarte.<strong> Y el que logra apasionarte, saborearte, degustarte, desbocarte.<\/strong> A m\u00ed, me desboc\u00f3 Gonzalo\u00a0 cuando lleg\u00f3 con el que iba a ser una de las propuestas que m\u00e1s me excitaron de todo el espect\u00e1culo culinario: un cuento dentro del cuento que empez\u00f3 cuando el sumiller demostrando su maestr\u00eda se puso a prepararme, paso a paso, un <strong>Bloody Mary<\/strong> extraordinario.<\/p>\n<p><a href=\"https:\/\/static-blogs.lasprovincias.es\/wp-content\/uploads\/sites\/18\/2017\/08\/IMG_0911-1280x854.jpg\"><img loading=\"lazy\" class=\"alignnone size-large wp-image-12975\" src=\"https:\/\/static-blogs.lasprovincias.es\/wp-content\/uploads\/sites\/18\/2017\/08\/IMG_0911-1280x854-1024x683.jpg\" alt=\"img_0911-1280x854\" width=\"1024\" height=\"683\" srcset=\"https:\/\/static-blogs.lasprovincias.es\/wp-content\/uploads\/sites\/18\/2017\/08\/IMG_0911-1280x854-1024x683.jpg 1024w, https:\/\/static-blogs.lasprovincias.es\/wp-content\/uploads\/sites\/18\/2017\/08\/IMG_0911-1280x854-300x200.jpg 300w, https:\/\/static-blogs.lasprovincias.es\/wp-content\/uploads\/sites\/18\/2017\/08\/IMG_0911-1280x854-768x512.jpg 768w, https:\/\/static-blogs.lasprovincias.es\/wp-content\/uploads\/sites\/18\/2017\/08\/IMG_0911-1280x854.jpg 1280w\" sizes=\"(max-width: 1024px) 100vw, 1024px\" \/><\/a><\/p>\n<p>&nbsp;<\/p>\n<p><a href=\"https:\/\/static-blogs.lasprovincias.es\/wp-content\/uploads\/sites\/18\/2017\/08\/IMG_0926-1280x853.jpg\"><img loading=\"lazy\" class=\"alignnone size-large wp-image-12968\" src=\"https:\/\/static-blogs.lasprovincias.es\/wp-content\/uploads\/sites\/18\/2017\/08\/IMG_0926-1280x853-1024x682.jpg\" alt=\"img_0926-1280x853\" width=\"1024\" height=\"682\" srcset=\"https:\/\/static-blogs.lasprovincias.es\/wp-content\/uploads\/sites\/18\/2017\/08\/IMG_0926-1280x853-1024x682.jpg 1024w, https:\/\/static-blogs.lasprovincias.es\/wp-content\/uploads\/sites\/18\/2017\/08\/IMG_0926-1280x853-300x200.jpg 300w, https:\/\/static-blogs.lasprovincias.es\/wp-content\/uploads\/sites\/18\/2017\/08\/IMG_0926-1280x853-768x512.jpg 768w, https:\/\/static-blogs.lasprovincias.es\/wp-content\/uploads\/sites\/18\/2017\/08\/IMG_0926-1280x853.jpg 1280w\" sizes=\"(max-width: 1024px) 100vw, 1024px\" \/><\/a><\/p>\n<p>El hielo congelando el instante, el agua de tomate (destilada y brillante), un vozka de Aloe Vera que ven\u00eda de Formentera (<strong>Vod Loe<\/strong>), el tabasco, la salsa perrins, unos hilillos de lim\u00f3n\u2026.<\/p>\n\n\t\t<style type=\"text\/css\">\n\t\t\t#gallery-1 {\n\t\t\t\tmargin: auto;\n\t\t\t}\n\t\t\t#gallery-1 .gallery-item {\n\t\t\t\tfloat: left;\n\t\t\t\tmargin-top: 10px;\n\t\t\t\ttext-align: center;\n\t\t\t\twidth: 33%;\n\t\t\t}\n\t\t\t#gallery-1 img {\n\t\t\t\tborder: 2px solid #cfcfcf;\n\t\t\t}\n\t\t\t#gallery-1 .gallery-caption {\n\t\t\t\tmargin-left: 0;\n\t\t\t}\n\t\t\t\/* see gallery_shortcode() in wp-includes\/media.php *\/\n\t\t<\/style>\n\t\t<div id='gallery-1' class='gallery galleryid-12947 gallery-columns-3 gallery-size-thumbnail'><dl class='gallery-item'>\n\t\t\t<dt class='gallery-icon landscape'>\n\t\t\t\t<a href=\"https:\/\/blogs.lasprovincias.es\/historiascondelantal\/2017\/08\/11\/jose-manuel-miguel-listo-para-triunfar-en-beat\/img_0862-1280x852\/\"><img width=\"150\" height=\"150\" src=\"https:\/\/static-blogs.lasprovincias.es\/wp-content\/uploads\/sites\/18\/2017\/08\/IMG_0862-1280x852-150x150.jpg\" class=\"attachment-thumbnail size-thumbnail\" alt=\"\" loading=\"lazy\" \/><\/a>\n\t\t\t<\/dt><\/dl><dl class='gallery-item'>\n\t\t\t<dt class='gallery-icon landscape'>\n\t\t\t\t<a href=\"https:\/\/blogs.lasprovincias.es\/historiascondelantal\/2017\/08\/11\/jose-manuel-miguel-listo-para-triunfar-en-beat\/img_0872-1280x854\/\"><img width=\"150\" height=\"150\" src=\"https:\/\/static-blogs.lasprovincias.es\/wp-content\/uploads\/sites\/18\/2017\/08\/IMG_0872-1280x854-150x150.jpg\" class=\"attachment-thumbnail size-thumbnail\" alt=\"\" loading=\"lazy\" \/><\/a>\n\t\t\t<\/dt><\/dl><dl class='gallery-item'>\n\t\t\t<dt class='gallery-icon landscape'>\n\t\t\t\t<a href=\"https:\/\/blogs.lasprovincias.es\/historiascondelantal\/2017\/08\/11\/jose-manuel-miguel-listo-para-triunfar-en-beat\/img_0873-1280x853\/\"><img width=\"150\" height=\"150\" src=\"https:\/\/static-blogs.lasprovincias.es\/wp-content\/uploads\/sites\/18\/2017\/08\/IMG_0873-1280x853-150x150.jpg\" class=\"attachment-thumbnail size-thumbnail\" alt=\"\" loading=\"lazy\" \/><\/a>\n\t\t\t<\/dt><\/dl><br style=\"clear: both\" \/><dl class='gallery-item'>\n\t\t\t<dt class='gallery-icon landscape'>\n\t\t\t\t<a href=\"https:\/\/blogs.lasprovincias.es\/historiascondelantal\/2017\/08\/11\/jose-manuel-miguel-listo-para-triunfar-en-beat\/img_0876-1280x853\/\"><img width=\"150\" height=\"150\" src=\"https:\/\/static-blogs.lasprovincias.es\/wp-content\/uploads\/sites\/18\/2017\/08\/IMG_0876-1280x853-150x150.jpg\" class=\"attachment-thumbnail size-thumbnail\" alt=\"\" loading=\"lazy\" \/><\/a>\n\t\t\t<\/dt><\/dl><dl class='gallery-item'>\n\t\t\t<dt class='gallery-icon landscape'>\n\t\t\t\t<a href=\"https:\/\/blogs.lasprovincias.es\/historiascondelantal\/2017\/08\/11\/jose-manuel-miguel-listo-para-triunfar-en-beat\/img_0879-1280x853\/\"><img width=\"150\" height=\"150\" src=\"https:\/\/static-blogs.lasprovincias.es\/wp-content\/uploads\/sites\/18\/2017\/08\/IMG_0879-1280x853-150x150.jpg\" class=\"attachment-thumbnail size-thumbnail\" alt=\"\" loading=\"lazy\" \/><\/a>\n\t\t\t<\/dt><\/dl><dl class='gallery-item'>\n\t\t\t<dt class='gallery-icon landscape'>\n\t\t\t\t<a href=\"https:\/\/blogs.lasprovincias.es\/historiascondelantal\/2017\/08\/11\/jose-manuel-miguel-listo-para-triunfar-en-beat\/img_0889-1280x854\/\"><img width=\"150\" height=\"150\" src=\"https:\/\/static-blogs.lasprovincias.es\/wp-content\/uploads\/sites\/18\/2017\/08\/IMG_0889-1280x854-150x150.jpg\" class=\"attachment-thumbnail size-thumbnail\" alt=\"\" loading=\"lazy\" \/><\/a>\n\t\t\t<\/dt><\/dl><br style=\"clear: both\" \/>\n\t\t<\/div>\n\n<p>\u201cEst\u00e1 riqu\u00edsimo\u201d, exclam\u00e9 al tiempo que llegaba junto a aquel brebaje su acompa\u00f1ante de baile (o de sue\u00f1o). Era hermoso de nuevo. <strong>Un estallido de tomate en diversas texturas y tonalidades que abrigaban taquitos de ventresca.<\/strong> El <strong><span style=\"color: #ff0000;\">at\u00fan rojo<\/span> <\/strong>que se iba a deshacer en boca entre los \u00e1cidos, los dulces, los toques confitados (casi ahumados) o a\u00e9reos (casi alados) de las hortalizas. Brav\u00edsimo. <strong><span style=\"color: #ff0000;\">TOP\u2191 <\/span><\/strong><\/p>\n<p><a href=\"https:\/\/static-blogs.lasprovincias.es\/wp-content\/uploads\/sites\/18\/2017\/08\/IMG_20170803_144501-1280x960.jpg\"><img loading=\"lazy\" class=\"size-large wp-image-12977\" src=\"https:\/\/static-blogs.lasprovincias.es\/wp-content\/uploads\/sites\/18\/2017\/08\/IMG_20170803_144501-1280x960-1024x768.jpg\" alt=\"dav\" width=\"1024\" height=\"768\" srcset=\"https:\/\/static-blogs.lasprovincias.es\/wp-content\/uploads\/sites\/18\/2017\/08\/IMG_20170803_144501-1280x960-1024x768.jpg 1024w, https:\/\/static-blogs.lasprovincias.es\/wp-content\/uploads\/sites\/18\/2017\/08\/IMG_20170803_144501-1280x960-300x225.jpg 300w, https:\/\/static-blogs.lasprovincias.es\/wp-content\/uploads\/sites\/18\/2017\/08\/IMG_20170803_144501-1280x960-768x576.jpg 768w, https:\/\/static-blogs.lasprovincias.es\/wp-content\/uploads\/sites\/18\/2017\/08\/IMG_20170803_144501-1280x960.jpg 1280w\" sizes=\"(max-width: 1024px) 100vw, 1024px\" \/><\/a><\/p>\n<p>&nbsp;<\/p>\n<p><span style=\"color: #ff0000;\">-LA PROVOCACI\u00d3N SE VISTE DE SALMON<strong>(ETE)<\/strong><\/span><\/p>\n<p>\u201c\u00bfCerveza?\u201d, le pregunt\u00e9 a Gonzalo cuando me propuso seguir la fiesta con un trago de una <strong>Brewdog Punk Ipa<\/strong>. \u201cSus toques amargos van muy bien para ir limpiando en el siguiente plato\u201d, me confes\u00f3. Quiz\u00e1 porque el plato que llegaba era divertidamente mareante para el paladar. Una <strong>sopa de mel\u00f3n<\/strong> dulzona, con ahumados de un <strong>s\u00e9samo garrapi\u00f1ado<\/strong>, tostado con las<strong> pipas de calabaza<\/strong> y juguet\u00f3n con ese <strong>salmonete<\/strong> que reinaba (pese a todo) gracias a la elegante intensidad de su sabor. Otro platazo estudiando. Rompiendo esquemas. Evolucionando paso a paso. Conquist\u00e1ndote, enamor\u00e1ndote, tom\u00e1ndote, absorbi\u00e9ndote.<\/p>\n<p><a href=\"https:\/\/static-blogs.lasprovincias.es\/wp-content\/uploads\/sites\/18\/2017\/08\/IMG_0957-1280x853.jpg\"><img loading=\"lazy\" class=\"alignnone size-large wp-image-12979\" src=\"https:\/\/static-blogs.lasprovincias.es\/wp-content\/uploads\/sites\/18\/2017\/08\/IMG_0957-1280x853-1024x682.jpg\" alt=\"img_0957-1280x853\" width=\"1024\" height=\"682\" srcset=\"https:\/\/static-blogs.lasprovincias.es\/wp-content\/uploads\/sites\/18\/2017\/08\/IMG_0957-1280x853-1024x682.jpg 1024w, https:\/\/static-blogs.lasprovincias.es\/wp-content\/uploads\/sites\/18\/2017\/08\/IMG_0957-1280x853-300x200.jpg 300w, https:\/\/static-blogs.lasprovincias.es\/wp-content\/uploads\/sites\/18\/2017\/08\/IMG_0957-1280x853-768x512.jpg 768w, https:\/\/static-blogs.lasprovincias.es\/wp-content\/uploads\/sites\/18\/2017\/08\/IMG_0957-1280x853.jpg 1280w\" sizes=\"(max-width: 1024px) 100vw, 1024px\" \/><\/a><\/p>\n<p>&nbsp;<\/p>\n<p><a href=\"https:\/\/static-blogs.lasprovincias.es\/wp-content\/uploads\/sites\/18\/2017\/08\/IMG_20170803_150134-1280x960.jpg\"><img loading=\"lazy\" class=\"size-large wp-image-12980\" src=\"https:\/\/static-blogs.lasprovincias.es\/wp-content\/uploads\/sites\/18\/2017\/08\/IMG_20170803_150134-1280x960-1024x768.jpg\" alt=\"dav\" width=\"1024\" height=\"768\" srcset=\"https:\/\/static-blogs.lasprovincias.es\/wp-content\/uploads\/sites\/18\/2017\/08\/IMG_20170803_150134-1280x960-1024x768.jpg 1024w, https:\/\/static-blogs.lasprovincias.es\/wp-content\/uploads\/sites\/18\/2017\/08\/IMG_20170803_150134-1280x960-300x225.jpg 300w, https:\/\/static-blogs.lasprovincias.es\/wp-content\/uploads\/sites\/18\/2017\/08\/IMG_20170803_150134-1280x960-768x576.jpg 768w, https:\/\/static-blogs.lasprovincias.es\/wp-content\/uploads\/sites\/18\/2017\/08\/IMG_20170803_150134-1280x960.jpg 1280w\" sizes=\"(max-width: 1024px) 100vw, 1024px\" \/><\/a><\/p>\n<p>&nbsp;<\/p>\n<p><span style=\"color: #ff0000;\">-LA REINA ROJA<\/span><\/p>\n<p>Jos\u00e9 Manuel no se resiste a traer a la mesa la gamba. <strong>La gamba roja.<\/strong> Ella es la reina de esos lares y pocos chefs renuncian a ella, porque saben que acercarla a una mesa siempre hace acelerar los latidos. Regocijar a los comensales.<\/p>\n<p>Yo la quiero tanto que sufro, por si la maltratan. Ella, tan sabrosa y delicada. Tem\u00ed que aquello se nos pudiera ir de las manos. (A m\u00ed me gusta tal cual, como la hace <strong>Quique Dacosta<\/strong>, <strong>Ra\u00fal Aleixandre<\/strong> o en el Farall\u00f3). Pero Jos\u00e9 Manuel super\u00f3 con nota el reto. Y lo hizo haciendo con la gamba roja un viaje de ida y vuelta. De Par\u00eds a Calpe. <strong><span style=\"color: #ff0000;\">Tartare, mouse y bisque<\/span><\/strong>, para hacer reinar a la joya de la cocina de nuestro Mediterr\u00e1neo.<\/p>\n<p><a href=\"https:\/\/static-blogs.lasprovincias.es\/wp-content\/uploads\/sites\/18\/2017\/08\/IMG_1021-1280x853.jpg\"><img loading=\"lazy\" class=\"alignnone size-large wp-image-12981\" src=\"https:\/\/static-blogs.lasprovincias.es\/wp-content\/uploads\/sites\/18\/2017\/08\/IMG_1021-1280x853-1024x682.jpg\" alt=\"img_1021-1280x853\" width=\"1024\" height=\"682\" srcset=\"https:\/\/static-blogs.lasprovincias.es\/wp-content\/uploads\/sites\/18\/2017\/08\/IMG_1021-1280x853-1024x682.jpg 1024w, https:\/\/static-blogs.lasprovincias.es\/wp-content\/uploads\/sites\/18\/2017\/08\/IMG_1021-1280x853-300x200.jpg 300w, https:\/\/static-blogs.lasprovincias.es\/wp-content\/uploads\/sites\/18\/2017\/08\/IMG_1021-1280x853-768x512.jpg 768w, https:\/\/static-blogs.lasprovincias.es\/wp-content\/uploads\/sites\/18\/2017\/08\/IMG_1021-1280x853.jpg 1280w\" sizes=\"(max-width: 1024px) 100vw, 1024px\" \/><\/a><\/p>\n<p>&nbsp;<\/p>\n<p><a href=\"https:\/\/static-blogs.lasprovincias.es\/wp-content\/uploads\/sites\/18\/2017\/08\/IMG_1025-1280x853.jpg\"><img loading=\"lazy\" class=\"alignnone size-large wp-image-12982\" src=\"https:\/\/static-blogs.lasprovincias.es\/wp-content\/uploads\/sites\/18\/2017\/08\/IMG_1025-1280x853-1024x682.jpg\" alt=\"img_1025-1280x853\" width=\"1024\" height=\"682\" srcset=\"https:\/\/static-blogs.lasprovincias.es\/wp-content\/uploads\/sites\/18\/2017\/08\/IMG_1025-1280x853-1024x682.jpg 1024w, https:\/\/static-blogs.lasprovincias.es\/wp-content\/uploads\/sites\/18\/2017\/08\/IMG_1025-1280x853-300x200.jpg 300w, https:\/\/static-blogs.lasprovincias.es\/wp-content\/uploads\/sites\/18\/2017\/08\/IMG_1025-1280x853-768x512.jpg 768w, https:\/\/static-blogs.lasprovincias.es\/wp-content\/uploads\/sites\/18\/2017\/08\/IMG_1025-1280x853.jpg 1280w\" sizes=\"(max-width: 1024px) 100vw, 1024px\" \/><\/a><\/p>\n<p>Cada cucharada ten\u00eda su por qu\u00e9: frescor, intensidades, sabores\u2026. Creo que grit\u00e9 bravo. Y que las l\u00e1mparas volaron. Un <strong>Lapola<\/strong> blanco fue espuma en boca. Y respir\u00e9 con entusiasmo.<\/p>\n<p><a href=\"https:\/\/static-blogs.lasprovincias.es\/wp-content\/uploads\/sites\/18\/2017\/08\/IMG_20170803_151427-1280x960.jpg\"><img loading=\"lazy\" class=\"size-large wp-image-12983\" src=\"https:\/\/static-blogs.lasprovincias.es\/wp-content\/uploads\/sites\/18\/2017\/08\/IMG_20170803_151427-1280x960-1024x768.jpg\" alt=\"dav\" width=\"1024\" height=\"768\" srcset=\"https:\/\/static-blogs.lasprovincias.es\/wp-content\/uploads\/sites\/18\/2017\/08\/IMG_20170803_151427-1280x960-1024x768.jpg 1024w, https:\/\/static-blogs.lasprovincias.es\/wp-content\/uploads\/sites\/18\/2017\/08\/IMG_20170803_151427-1280x960-300x225.jpg 300w, https:\/\/static-blogs.lasprovincias.es\/wp-content\/uploads\/sites\/18\/2017\/08\/IMG_20170803_151427-1280x960-768x576.jpg 768w, https:\/\/static-blogs.lasprovincias.es\/wp-content\/uploads\/sites\/18\/2017\/08\/IMG_20170803_151427-1280x960.jpg 1280w\" sizes=\"(max-width: 1024px) 100vw, 1024px\" \/><\/a><\/p>\n<p>&nbsp;<\/p>\n<p style=\"text-align: center;\"><span style=\"color: #999999;\">IV- ACTORES PRINCIPALES<\/span><\/p>\n<p><span style=\"color: #ff0000;\">-EL PEQUE\u00d1O SALVAJE<\/span><\/p>\n<p>Todo hasta ese momento era muy po\u00e9tico. Seda, sutil&#8230; como un carrusel de sensaciones muy fluido. Fue en ese instante cuando, como si de un ej\u00e9rcito de b\u00e1rbaros se tratara, la mesa se llen\u00f3 de una propuesta de galopante intensidad. Un<strong> arroz bomba de la Albufera con esparde\u00f1a y guiso de manitas de cerdo<\/strong>. <a href=\"https:\/\/static-blogs.lasprovincias.es\/wp-content\/uploads\/sites\/18\/2017\/08\/IMG_1047-1280x853.jpg\"><img loading=\"lazy\" class=\"alignnone size-large wp-image-12986\" src=\"https:\/\/static-blogs.lasprovincias.es\/wp-content\/uploads\/sites\/18\/2017\/08\/IMG_1047-1280x853-1024x682.jpg\" alt=\"img_1047-1280x853\" width=\"1024\" height=\"682\" srcset=\"https:\/\/static-blogs.lasprovincias.es\/wp-content\/uploads\/sites\/18\/2017\/08\/IMG_1047-1280x853-1024x682.jpg 1024w, https:\/\/static-blogs.lasprovincias.es\/wp-content\/uploads\/sites\/18\/2017\/08\/IMG_1047-1280x853-300x200.jpg 300w, https:\/\/static-blogs.lasprovincias.es\/wp-content\/uploads\/sites\/18\/2017\/08\/IMG_1047-1280x853-768x512.jpg 768w, https:\/\/static-blogs.lasprovincias.es\/wp-content\/uploads\/sites\/18\/2017\/08\/IMG_1047-1280x853.jpg 1280w\" sizes=\"(max-width: 1024px) 100vw, 1024px\" \/><\/a><\/p>\n<p>Densidad a rabiar. Sabores que estallaban en el paladar. Alcaparras crujientes, un bacon vibrante, las manitas que le daban fuerza a cada cucharada y la espardenya que cantaba su propia aria (quiz\u00e1 algo oculta por la potencia del arroz).\u00a0 Era un arroz muy b\u00e1rbaro. Complejo. Dir\u00eda que osado, con trazas de ser un plato <strong><span style=\"color: #ff0000;\">TOP\u2191<\/span><\/strong><span style=\"color: #ff0000;\"><span style=\"color: #000000;\">. Vaya, para m\u00ed, ya lo es.<\/span><\/span><strong><span style=\"color: #ff0000;\"><br \/>\n<\/span><\/strong><\/p>\n<p><a href=\"https:\/\/static-blogs.lasprovincias.es\/wp-content\/uploads\/sites\/18\/2017\/08\/IMG_1041-1280x853.jpg\"><img loading=\"lazy\" class=\"alignnone size-large wp-image-12985\" src=\"https:\/\/static-blogs.lasprovincias.es\/wp-content\/uploads\/sites\/18\/2017\/08\/IMG_1041-1280x853-1024x682.jpg\" alt=\"img_1041-1280x853\" width=\"1024\" height=\"682\" srcset=\"https:\/\/static-blogs.lasprovincias.es\/wp-content\/uploads\/sites\/18\/2017\/08\/IMG_1041-1280x853-1024x682.jpg 1024w, https:\/\/static-blogs.lasprovincias.es\/wp-content\/uploads\/sites\/18\/2017\/08\/IMG_1041-1280x853-300x200.jpg 300w, https:\/\/static-blogs.lasprovincias.es\/wp-content\/uploads\/sites\/18\/2017\/08\/IMG_1041-1280x853-768x512.jpg 768w, https:\/\/static-blogs.lasprovincias.es\/wp-content\/uploads\/sites\/18\/2017\/08\/IMG_1041-1280x853.jpg 1280w\" sizes=\"(max-width: 1024px) 100vw, 1024px\" \/><\/a><\/p>\n<p>&nbsp;<\/p>\n<p><span style=\"color: #ff0000;\">-UN PEZ CON CORAZA<\/span><\/p>\n<p>Pens\u00e9 en ese instante que ya nada me iba a sorprender. De hecho, ya ten\u00eda claro que e<strong>l desembarco de Jos\u00e9 Manuel en Beat ten\u00eda escrito en el destino la palabra triunfo<\/strong>. Y ten\u00eda claro que vale la pena volar hasta all\u00ed, hasta The Cook Book, y dejarse llevar por su marea gastron\u00f3mica\u2026 (incluido su vecino <span style=\"color: #ff0000;\"><strong>Rafa Soler en Audrey&#8217;s<\/strong><\/span>, de quien ya te he hablado y te volver\u00e9 a hablar -sobresaliente en su tercera temporada).<\/p>\n<p>Pensando en todo eso, lleg\u00f3 el se\u00f1or Dent\u00f3n (que si fuera<strong> Gloria Fuertes<\/strong> le escribir\u00eda un pareado mol\u00f3n. Quiz\u00e1 algo as\u00ed como: \u00a0\u201c<em>Estaba el se\u00f1or Dent\u00f3n y sorprendi\u00f3 a este glot\u00f3n<\/em>\u201d).<\/p>\n<p><a href=\"https:\/\/static-blogs.lasprovincias.es\/wp-content\/uploads\/sites\/18\/2017\/08\/IMG_1081-1280x853.jpg\"><img loading=\"lazy\" class=\"alignnone size-large wp-image-12987\" src=\"https:\/\/static-blogs.lasprovincias.es\/wp-content\/uploads\/sites\/18\/2017\/08\/IMG_1081-1280x853-1024x682.jpg\" alt=\"img_1081-1280x853\" width=\"1024\" height=\"682\" srcset=\"https:\/\/static-blogs.lasprovincias.es\/wp-content\/uploads\/sites\/18\/2017\/08\/IMG_1081-1280x853-1024x682.jpg 1024w, https:\/\/static-blogs.lasprovincias.es\/wp-content\/uploads\/sites\/18\/2017\/08\/IMG_1081-1280x853-300x200.jpg 300w, https:\/\/static-blogs.lasprovincias.es\/wp-content\/uploads\/sites\/18\/2017\/08\/IMG_1081-1280x853-768x512.jpg 768w, https:\/\/static-blogs.lasprovincias.es\/wp-content\/uploads\/sites\/18\/2017\/08\/IMG_1081-1280x853.jpg 1280w\" sizes=\"(max-width: 1024px) 100vw, 1024px\" \/><\/a><\/p>\n<p>De cocci\u00f3n magistral, con una coraza crujiente de pan a modo de piel que me lleg\u00f3 a excitar (qu\u00e9 le vamos a hacer, soy muy d\u00e9bil) y un acompa\u00f1amiento bastante l\u00f3gico (pero al tiempo rimbombante) en el que el berro daba frescor, la quinoa negra textura y las alcachofas redondeaban la jugada. <strong>Extremadamente rico su demi glace de vino.<\/strong> Y extremadamente feliz, el Mister Cooking recordando lo vivido&#8230; Mi diario a esas alturas iba perdido&#8230; \ud83d\ude42<\/p>\n<p><a href=\"https:\/\/static-blogs.lasprovincias.es\/wp-content\/uploads\/sites\/18\/2017\/08\/IMG_0833-1280x853-2.jpg\"><img loading=\"lazy\" class=\"alignnone size-large wp-image-12988\" src=\"https:\/\/static-blogs.lasprovincias.es\/wp-content\/uploads\/sites\/18\/2017\/08\/IMG_0833-1280x853-2-1024x682.jpg\" alt=\"img_0833-1280x853-2\" width=\"1024\" height=\"682\" srcset=\"https:\/\/static-blogs.lasprovincias.es\/wp-content\/uploads\/sites\/18\/2017\/08\/IMG_0833-1280x853-2-1024x682.jpg 1024w, https:\/\/static-blogs.lasprovincias.es\/wp-content\/uploads\/sites\/18\/2017\/08\/IMG_0833-1280x853-2-300x200.jpg 300w, https:\/\/static-blogs.lasprovincias.es\/wp-content\/uploads\/sites\/18\/2017\/08\/IMG_0833-1280x853-2-768x512.jpg 768w, https:\/\/static-blogs.lasprovincias.es\/wp-content\/uploads\/sites\/18\/2017\/08\/IMG_0833-1280x853-2.jpg 1280w\" sizes=\"(max-width: 1024px) 100vw, 1024px\" \/><\/a><\/p>\n<p>&nbsp;<\/p>\n<p><span style=\"color: #ff0000;\">-EL DON JUAN DE LOS CORDEROS.<\/span><\/p>\n<p>Jos\u00e9 Manuel <strong>sabe lo que es tocar las estrellas<\/strong> (porque las tuvo en <strong>Goust<\/strong> y<strong> Il Vino<\/strong> en Par\u00eds). Lo sabe y sabe c\u00f3mo llegar hasta ellas. Despu\u00e9s igual llegan que no, pero hay camino para acercarse hasta donde brilla.<\/p>\n<p>Un lechal como el que sirve para rematar el paseo triunfal por los platos salados s\u00f3lo hace que empujarle hacia ellas.<strong> Servicio impecable, presentaci\u00f3n dir\u00eda que exultante y un resultado vibrante<\/strong>. Un plato en el que el <span style=\"color: #ff0000;\"><strong>cordero llega con su croqueta, una gyosa de sus mollejas, el consom\u00e9 de verduras y hasta garbanzos y ajos tiernos<\/strong><\/span>. Y t\u00fa, que eres un infeliz busca-historias, te emocionas y lloras en silencio. Como un enamorado atontolinado de este don Juan de los Corderos que se esconde bajo la piel de <strong>un lechal de Aranda del Duero<\/strong>. Viva. <strong><span style=\"color: #ff0000;\">TOP total<\/span><\/strong> <span style=\"color: #ff0000;\">\u2191\u2191<\/span><span style=\"color: #ff0000;\">\u2191<\/span><span style=\"color: #ff0000;\">.<\/span><\/p>\n<p><a href=\"https:\/\/static-blogs.lasprovincias.es\/wp-content\/uploads\/sites\/18\/2017\/08\/IMG_1152-1280x853.jpg\"><img loading=\"lazy\" class=\"alignnone size-large wp-image-12989\" src=\"https:\/\/static-blogs.lasprovincias.es\/wp-content\/uploads\/sites\/18\/2017\/08\/IMG_1152-1280x853-1024x682.jpg\" alt=\"img_1152-1280x853\" width=\"1024\" height=\"682\" srcset=\"https:\/\/static-blogs.lasprovincias.es\/wp-content\/uploads\/sites\/18\/2017\/08\/IMG_1152-1280x853-1024x682.jpg 1024w, https:\/\/static-blogs.lasprovincias.es\/wp-content\/uploads\/sites\/18\/2017\/08\/IMG_1152-1280x853-300x200.jpg 300w, https:\/\/static-blogs.lasprovincias.es\/wp-content\/uploads\/sites\/18\/2017\/08\/IMG_1152-1280x853-768x512.jpg 768w, https:\/\/static-blogs.lasprovincias.es\/wp-content\/uploads\/sites\/18\/2017\/08\/IMG_1152-1280x853.jpg 1280w\" sizes=\"(max-width: 1024px) 100vw, 1024px\" \/><\/a><\/p>\n<p>&nbsp;<\/p>\n<p><a href=\"https:\/\/static-blogs.lasprovincias.es\/wp-content\/uploads\/sites\/18\/2017\/08\/IMG_1161-1280x853.jpg\"><img loading=\"lazy\" class=\"alignnone size-large wp-image-12990\" src=\"https:\/\/static-blogs.lasprovincias.es\/wp-content\/uploads\/sites\/18\/2017\/08\/IMG_1161-1280x853-1024x682.jpg\" alt=\"img_1161-1280x853\" width=\"1024\" height=\"682\" srcset=\"https:\/\/static-blogs.lasprovincias.es\/wp-content\/uploads\/sites\/18\/2017\/08\/IMG_1161-1280x853-1024x682.jpg 1024w, https:\/\/static-blogs.lasprovincias.es\/wp-content\/uploads\/sites\/18\/2017\/08\/IMG_1161-1280x853-300x200.jpg 300w, https:\/\/static-blogs.lasprovincias.es\/wp-content\/uploads\/sites\/18\/2017\/08\/IMG_1161-1280x853-768x512.jpg 768w, https:\/\/static-blogs.lasprovincias.es\/wp-content\/uploads\/sites\/18\/2017\/08\/IMG_1161-1280x853.jpg 1280w\" sizes=\"(max-width: 1024px) 100vw, 1024px\" \/><\/a><\/p>\n<p>&nbsp;<\/p>\n<p><a href=\"https:\/\/static-blogs.lasprovincias.es\/wp-content\/uploads\/sites\/18\/2017\/08\/IMG_1138-1280x853.jpg\"><img loading=\"lazy\" class=\"alignnone size-large wp-image-12991\" src=\"https:\/\/static-blogs.lasprovincias.es\/wp-content\/uploads\/sites\/18\/2017\/08\/IMG_1138-1280x853-1024x682.jpg\" alt=\"img_1138-1280x853\" width=\"1024\" height=\"682\" srcset=\"https:\/\/static-blogs.lasprovincias.es\/wp-content\/uploads\/sites\/18\/2017\/08\/IMG_1138-1280x853-1024x682.jpg 1024w, https:\/\/static-blogs.lasprovincias.es\/wp-content\/uploads\/sites\/18\/2017\/08\/IMG_1138-1280x853-300x200.jpg 300w, https:\/\/static-blogs.lasprovincias.es\/wp-content\/uploads\/sites\/18\/2017\/08\/IMG_1138-1280x853-768x512.jpg 768w, https:\/\/static-blogs.lasprovincias.es\/wp-content\/uploads\/sites\/18\/2017\/08\/IMG_1138-1280x853.jpg 1280w\" sizes=\"(max-width: 1024px) 100vw, 1024px\" \/><\/a><\/p>\n<p style=\"text-align: center;\"><span style=\"color: #999999;\">V. LA CARA DULCE<\/span><\/p>\n<p>El \u00faltimo tramo del camino a m\u00ed siempre me entusiasma. Soy de esos a los que los dulces tambi\u00e9n le seducen. Vaya, ya te dije, un zampagrullas glot\u00f3n al que le gusta todo. Y en este caso, Beat tambi\u00e9n cumple.<\/p>\n<p>Cumple sobradamente con esa lima que te atrapa nada m\u00e1s llegar a la mesa. Tanto visualmente como gustativamente. C\u00edtrica, golosa, divertida, curiosa. Me gusta <strong><span style=\"color: #ff0000;\">TOP<\/span><\/strong>.<\/p>\n<p style=\"text-align: center;\">ME GUSTA POR FUERA<\/p>\n<p style=\"text-align: center;\"><a href=\"https:\/\/static-blogs.lasprovincias.es\/wp-content\/uploads\/sites\/18\/2017\/08\/IMG_1200-1280x853.jpg\"><img loading=\"lazy\" class=\"alignnone size-large wp-image-12993\" src=\"https:\/\/static-blogs.lasprovincias.es\/wp-content\/uploads\/sites\/18\/2017\/08\/IMG_1200-1280x853-1024x682.jpg\" alt=\"img_1200-1280x853\" width=\"1024\" height=\"682\" srcset=\"https:\/\/static-blogs.lasprovincias.es\/wp-content\/uploads\/sites\/18\/2017\/08\/IMG_1200-1280x853-1024x682.jpg 1024w, https:\/\/static-blogs.lasprovincias.es\/wp-content\/uploads\/sites\/18\/2017\/08\/IMG_1200-1280x853-300x200.jpg 300w, https:\/\/static-blogs.lasprovincias.es\/wp-content\/uploads\/sites\/18\/2017\/08\/IMG_1200-1280x853-768x512.jpg 768w, https:\/\/static-blogs.lasprovincias.es\/wp-content\/uploads\/sites\/18\/2017\/08\/IMG_1200-1280x853.jpg 1280w\" sizes=\"(max-width: 1024px) 100vw, 1024px\" \/><\/a><\/p>\n<p style=\"text-align: center;\">Y POR DENTRO<\/p>\n<p><a href=\"https:\/\/static-blogs.lasprovincias.es\/wp-content\/uploads\/sites\/18\/2017\/08\/IMG_20170803_162442-1280x960.jpg\"><img loading=\"lazy\" class=\"size-large wp-image-12996\" src=\"https:\/\/static-blogs.lasprovincias.es\/wp-content\/uploads\/sites\/18\/2017\/08\/IMG_20170803_162442-1280x960-1024x768.jpg\" alt=\"dav\" width=\"1024\" height=\"768\" srcset=\"https:\/\/static-blogs.lasprovincias.es\/wp-content\/uploads\/sites\/18\/2017\/08\/IMG_20170803_162442-1280x960-1024x768.jpg 1024w, https:\/\/static-blogs.lasprovincias.es\/wp-content\/uploads\/sites\/18\/2017\/08\/IMG_20170803_162442-1280x960-300x225.jpg 300w, https:\/\/static-blogs.lasprovincias.es\/wp-content\/uploads\/sites\/18\/2017\/08\/IMG_20170803_162442-1280x960-768x576.jpg 768w, https:\/\/static-blogs.lasprovincias.es\/wp-content\/uploads\/sites\/18\/2017\/08\/IMG_20170803_162442-1280x960.jpg 1280w\" sizes=\"(max-width: 1024px) 100vw, 1024px\" \/><\/a><\/p>\n<p>Y cumple, aunque me sorprende menos, el combinado a base de tartaleta de chocolate, kumquat y el helado de cardamomo. Bien ejecutado. Eso s\u00ed, como si fuera uno de los mejores platos, lleg\u00f3 una joya (en este caso bendecida por Gonzalo): <strong>un palo cortado que me dej\u00f3 al borde del gozo desbocado<\/strong>. <strong><span style=\"color: #ff0000;\">Ap\u00f3stoles<\/span><\/strong> predica su etiqueta. Am\u00e9n, gritaba mi subconsciente. (Brutal).<\/p>\n<p><a href=\"https:\/\/static-blogs.lasprovincias.es\/wp-content\/uploads\/sites\/18\/2017\/08\/IMG_20170803_163810-1280x960.jpg\"><img loading=\"lazy\" class=\"size-large wp-image-12997\" src=\"https:\/\/static-blogs.lasprovincias.es\/wp-content\/uploads\/sites\/18\/2017\/08\/IMG_20170803_163810-1280x960-1024x768.jpg\" alt=\"dav\" width=\"1024\" height=\"768\" srcset=\"https:\/\/static-blogs.lasprovincias.es\/wp-content\/uploads\/sites\/18\/2017\/08\/IMG_20170803_163810-1280x960-1024x768.jpg 1024w, https:\/\/static-blogs.lasprovincias.es\/wp-content\/uploads\/sites\/18\/2017\/08\/IMG_20170803_163810-1280x960-300x225.jpg 300w, https:\/\/static-blogs.lasprovincias.es\/wp-content\/uploads\/sites\/18\/2017\/08\/IMG_20170803_163810-1280x960-768x576.jpg 768w, https:\/\/static-blogs.lasprovincias.es\/wp-content\/uploads\/sites\/18\/2017\/08\/IMG_20170803_163810-1280x960.jpg 1280w\" sizes=\"(max-width: 1024px) 100vw, 1024px\" \/><\/a><\/p>\n<p>&nbsp;<\/p>\n<p>Y entre ap\u00f3stoles sal\u00ed de aquel lugar casi santificado. <strong>Como un arc\u00e1ngel de ese universo maravilloso donde gravitan las buenas mesas.<\/strong> Ese lugar donde el comer es m\u00e1s que masticar una prolongaci\u00f3n de un sue\u00f1o. Y pensando en que afortunado era por seguir emocion\u00e1ndome entre platos, di gracias a la diosa de la Gastrosof\u00eda por seguir d\u00e1ndome alas para seguir so\u00f1ando. Al menos, hasta que el pie sepa que es pie. Como dec\u00eda el poema de Neruda que antes te recitaba&#8230;<\/p>\n<p style=\"text-align: center;\"><strong><span style=\"color: #ff0000;\"><em>\u201cEl pie del ni\u00f1o a\u00fan no sabe que es pie,<\/em><\/span><\/strong><\/p>\n<p style=\"text-align: center;\"><strong><span style=\"color: #ff0000;\"><em>Y quiere ser mariposa o manzana\u201d<\/em><\/span><\/strong><\/p>\n<p style=\"text-align: center;\"><span style=\"color: #999999;\">S E G U I M O S\u00a0\u00a0<strong> D E V O R A N D O<\/strong> \u00a0 H I S T O R I A S<\/span><\/p>\n<p style=\"text-align: center;\"><a href=\"https:\/\/static-blogs.lasprovincias.es\/wp-content\/uploads\/sites\/18\/2017\/06\/IMG_9129.jpg\"><img loading=\"lazy\" class=\"alignnone size-large wp-image-12354\" src=\"https:\/\/static-blogs.lasprovincias.es\/wp-content\/uploads\/sites\/18\/2017\/06\/IMG_9129-1024x683.jpg\" alt=\"img_9129\" width=\"1024\" height=\"683\" srcset=\"https:\/\/static-blogs.lasprovincias.es\/wp-content\/uploads\/sites\/18\/2017\/06\/IMG_9129.jpg 1024w, https:\/\/static-blogs.lasprovincias.es\/wp-content\/uploads\/sites\/18\/2017\/06\/IMG_9129-300x200.jpg 300w, https:\/\/static-blogs.lasprovincias.es\/wp-content\/uploads\/sites\/18\/2017\/06\/IMG_9129-768x512.jpg 768w\" sizes=\"(max-width: 1024px) 100vw, 1024px\" \/><\/a><\/p>\n<p>&nbsp;<\/p>\n<!-- AddThis Advanced Settings generic via filter on the_content --><!-- AddThis Share Buttons generic via filter on the_content -->","protected":false},"excerpt":{"rendered":"<p>Un cocinero que vino de PAR\u00cdS. Un restaurante lindo, blanco, elegante. Platos que parecen de alta costura en su est\u00e9tica, algunos magistrales en su ejecuci\u00f3n, muchos capaces de generar emoci\u00f3n. Todos con su historia y mucha pasi\u00f3n. Te voy a hablar de tomates (emocionante) y de un lechal (trepidante y brillante). De un equipo, de [&hellip;]<!-- AddThis Advanced Settings generic via filter on get_the_excerpt --><!-- AddThis Share Buttons generic via filter on get_the_excerpt --><\/p>\n","protected":false},"author":23,"featured_media":0,"comment_status":"open","ping_status":"open","sticky":false,"template":"","format":"standard","meta":[],"categories":[3,4,5,1,7],"tags":[120,174,547,1230],"_links":{"self":[{"href":"https:\/\/blogs.lasprovincias.es\/historiascondelantal\/wp-json\/wp\/v2\/posts\/12947"}],"collection":[{"href":"https:\/\/blogs.lasprovincias.es\/historiascondelantal\/wp-json\/wp\/v2\/posts"}],"about":[{"href":"https:\/\/blogs.lasprovincias.es\/historiascondelantal\/wp-json\/wp\/v2\/types\/post"}],"author":[{"embeddable":true,"href":"https:\/\/blogs.lasprovincias.es\/historiascondelantal\/wp-json\/wp\/v2\/users\/23"}],"replies":[{"embeddable":true,"href":"https:\/\/blogs.lasprovincias.es\/historiascondelantal\/wp-json\/wp\/v2\/comments?post=12947"}],"version-history":[{"count":9,"href":"https:\/\/blogs.lasprovincias.es\/historiascondelantal\/wp-json\/wp\/v2\/posts\/12947\/revisions"}],"predecessor-version":[{"id":13004,"href":"https:\/\/blogs.lasprovincias.es\/historiascondelantal\/wp-json\/wp\/v2\/posts\/12947\/revisions\/13004"}],"wp:attachment":[{"href":"https:\/\/blogs.lasprovincias.es\/historiascondelantal\/wp-json\/wp\/v2\/media?parent=12947"}],"wp:term":[{"taxonomy":"category","embeddable":true,"href":"https:\/\/blogs.lasprovincias.es\/historiascondelantal\/wp-json\/wp\/v2\/categories?post=12947"},{"taxonomy":"post_tag","embeddable":true,"href":"https:\/\/blogs.lasprovincias.es\/historiascondelantal\/wp-json\/wp\/v2\/tags?post=12947"}],"curies":[{"name":"wp","href":"https:\/\/api.w.org\/{rel}","templated":true}]}}