{"id":13299,"date":"2017-09-11T16:22:37","date_gmt":"2017-09-11T14:22:37","guid":{"rendered":"http:\/\/blogs.lasprovincias.es\/historiascondelantal\/?p=13299"},"modified":"2017-09-11T16:22:37","modified_gmt":"2017-09-11T14:22:37","slug":"dacosta-sigue-siendo-el-rey","status":"publish","type":"post","link":"https:\/\/blogs.lasprovincias.es\/historiascondelantal\/2017\/09\/11\/dacosta-sigue-siendo-el-rey\/","title":{"rendered":"Dacosta sigue siendo el rey"},"content":{"rendered":"<p>Salazones, \u2018socarrat\u2019 convertido en oro, una nube de mar, caldo de oveja guirra, colmenillas del Maestrazgo&#8230; <strong>El chef m\u00e1s laureado de estas tierras contin\u00faa marcando el camino<\/strong>. El men\u00fa de esta temporada le ratifica (y le corona) como <strong><span style=\"color: #9e0000;\">el visionario <\/span><\/strong>de la cocina valenciana.<\/p>\n<p><a href=\"https:\/\/static-blogs.lasprovincias.es\/wp-content\/uploads\/sites\/18\/2017\/09\/FullSizeRender.jpg\"><img loading=\"lazy\" class=\"size-large wp-image-13313 aligncenter\" src=\"https:\/\/static-blogs.lasprovincias.es\/wp-content\/uploads\/sites\/18\/2017\/09\/FullSizeRender-1024x759.jpg\" alt=\"{&quot;source&quot;:&quot;editor&quot;,&quot;effects_tried&quot;:0,&quot;photos_added&quot;:0,&quot;origin&quot;:&quot;gallery&quot;,&quot;total_effects_actions&quot;:0,&quot;remix_data&quot;:[],&quot;tools_used&quot;:{&quot;tilt_shift&quot;:0,&quot;resize&quot;:0,&quot;adjust&quot;:0,&quot;curves&quot;:0,&quot;motion&quot;:0,&quot;perspective&quot;:0,&quot;clone&quot;:0,&quot;crop&quot;:0,&quot;flip_rotate&quot;:1,&quot;selection&quot;:0,&quot;enhance&quot;:0,&quot;free_crop&quot;:0,&quot;shape_crop&quot;:0,&quot;stretch&quot;:0},&quot;total_draw_actions&quot;:0,&quot;total_editor_actions&quot;:{&quot;border&quot;:0,&quot;frame&quot;:1,&quot;mask&quot;:0,&quot;lensflare&quot;:0,&quot;clipart&quot;:0,&quot;square_fit&quot;:0,&quot;text&quot;:0,&quot;shape_mask&quot;:0,&quot;callout&quot;:0},&quot;entry_point&quot;:&quot;create_flow_fte&quot;,&quot;total_editor_time&quot;:0,&quot;brushes_used&quot;:0,&quot;total_draw_time&quot;:0,&quot;effects_applied&quot;:0,&quot;uid&quot;:&quot;7822F03B-0880-4C22-839F-DADE9670D5C4_1505067796571&quot;,&quot;total_effects_time&quot;:0,&quot;sources&quot;:[],&quot;layers_used&quot;:0,&quot;height&quot;:1536,&quot;width&quot;:2048,&quot;subsource&quot;:&quot;done_button&quot;}\" width=\"1024\" height=\"759\" srcset=\"https:\/\/static-blogs.lasprovincias.es\/wp-content\/uploads\/sites\/18\/2017\/09\/FullSizeRender-1024x759.jpg 1024w, https:\/\/static-blogs.lasprovincias.es\/wp-content\/uploads\/sites\/18\/2017\/09\/FullSizeRender-300x222.jpg 300w, https:\/\/static-blogs.lasprovincias.es\/wp-content\/uploads\/sites\/18\/2017\/09\/FullSizeRender-768x570.jpg 768w, https:\/\/static-blogs.lasprovincias.es\/wp-content\/uploads\/sites\/18\/2017\/09\/FullSizeRender.jpg 1807w\" sizes=\"(max-width: 1024px) 100vw, 1024px\" \/><\/a><\/p>\n<p>&nbsp;<\/p>\n<p>El cocinero afincado en D\u00e9nia va un paso por delante. Y eso es tan palpable que hace que siga siendo el referente de la cocina que ba\u00f1a el Mediterr\u00e1neo. Es un rey coronado con su <em>raimet de pastor<\/em> (para no olvidar las ra\u00edces) con un tridente imbatible junto a \u00e9l:<strong> Didier Fertilati (sala), Jos\u00e9 Antonio Navarrete (sumiller) y Juanfra Valiente (cocina)<\/strong>. Un rey que luce en su escudo de armas, bajo tres estrellas (Michelin) y la esencia de su ADN: pulpo y salaz\u00f3n (tradici\u00f3n), una gamba en todo su esplendor (mar) y el socarrat, dorado como el sol (tierra). Un escudo de armas para un chef al que se le escap\u00f3 el alma e emprendi\u00f3 su <strong><span style=\"color: #9e0000;\">BUSQUEDA<\/span><\/strong>.<\/p>\n<div id=\"attachment_13317\" style=\"width: 1034px\" class=\"wp-caption aligncenter\"><a href=\"https:\/\/static-blogs.lasprovincias.es\/wp-content\/uploads\/sites\/18\/2017\/09\/IMG_20170819_140433-1280x931-1.jpg\"><img aria-describedby=\"caption-attachment-13317\" loading=\"lazy\" class=\"size-large wp-image-13317\" src=\"https:\/\/static-blogs.lasprovincias.es\/wp-content\/uploads\/sites\/18\/2017\/09\/IMG_20170819_140433-1280x931-1-1024x745.jpg\" alt=\"sdr\" width=\"1024\" height=\"745\" srcset=\"https:\/\/static-blogs.lasprovincias.es\/wp-content\/uploads\/sites\/18\/2017\/09\/IMG_20170819_140433-1280x931-1-1024x745.jpg 1024w, https:\/\/static-blogs.lasprovincias.es\/wp-content\/uploads\/sites\/18\/2017\/09\/IMG_20170819_140433-1280x931-1-300x218.jpg 300w, https:\/\/static-blogs.lasprovincias.es\/wp-content\/uploads\/sites\/18\/2017\/09\/IMG_20170819_140433-1280x931-1-768x559.jpg 768w, https:\/\/static-blogs.lasprovincias.es\/wp-content\/uploads\/sites\/18\/2017\/09\/IMG_20170819_140433-1280x931-1.jpg 1280w\" sizes=\"(max-width: 1024px) 100vw, 1024px\" \/><\/a><p id=\"caption-attachment-13317\" class=\"wp-caption-text\">Dacosta sigue con su b\u00fasqueda.<\/p><\/div>\n<h3 style=\"text-align: center;\"><span style=\"color: #ff0000;\"><em>&#8220;Un rey coronado con su raimet de pastor\u00a0<\/em><\/span><\/h3>\n<h3 style=\"text-align: center;\"><span style=\"color: #ff0000;\"><em>y un tridente imbatible: Didier, Juanfra y Jos\u00e9 Antonio&#8221;<\/em><\/span><br \/>\n<!--more--><\/h3>\n<h2 style=\"text-align: center;\"><\/h2>\n<p><a href=\"https:\/\/static-blogs.lasprovincias.es\/wp-content\/uploads\/sites\/18\/2017\/09\/IMG_4808.png\"><img loading=\"lazy\" class=\"alignnone size-large wp-image-13314 aligncenter\" src=\"https:\/\/static-blogs.lasprovincias.es\/wp-content\/uploads\/sites\/18\/2017\/09\/IMG_4808.png\" alt=\"img_4808\" width=\"640\" height=\"480\" srcset=\"https:\/\/static-blogs.lasprovincias.es\/wp-content\/uploads\/sites\/18\/2017\/09\/IMG_4808.png 640w, https:\/\/static-blogs.lasprovincias.es\/wp-content\/uploads\/sites\/18\/2017\/09\/IMG_4808-300x225.png 300w\" sizes=\"(max-width: 640px) 100vw, 640px\" \/><\/a><\/p>\n<p style=\"text-align: right;\"><span style=\"color: #808080;\"><em>Reportaje fotogr\u00e1fico: Jes\u00fas Trelis<\/em><\/span><\/p>\n<p>Despu\u00e9s de \u2018La bruma\u2019 (2008), queda el paisaje. Despu\u00e9s de las cenizas (arroz 2002), queda el rebrotar de las esencias. Quique Dacosta despoja (o al menos rebaja) sus platos esta temporada de buena parte de esa fantas\u00eda desbordada que les sol\u00eda acompa\u00f1ar. (F\u00e1bulas emplatadas). Lo hace para ofrecer creaciones que son ra\u00edces descarnadas. Identidad abierta en canal. El territorio cocinado. <span style=\"color: #9e0000;\"><strong>Platos donde asoma el coraz\u00f3n del Montg\u00f3, fluye sangre de mar y se adivina la piel de su tierra<\/strong><\/span>. Bocados, m\u00e1s all\u00e1 de la met\u00e1fora po\u00e9tica, que te dejan claro que Dacosta sigue siendo la referencia culinaria de la gastronom\u00eda valenciana. Como el cuervo de tres ojos, el visionario de la cocina que bebe de la vida mediterr\u00e1nea.<\/p>\n<p style=\"text-align: center;\"><strong>I. ACTO. En la cocina. \u00a0<\/strong><\/p>\n<p style=\"text-align: center;\"><span style=\"color: #9e0000;\"><strong>El caparaz\u00f3n del Montg\u00f3<\/strong><\/span><\/p>\n<p style=\"text-align: left;\">La historia empieza en su cocina, que parece contener el coraz\u00f3n de la majestuosa monta\u00f1a de La Marina. All\u00ed esperaba el <strong>at\u00fan rojo hecho salaz\u00f3n<\/strong> (y emoci\u00f3n), una<strong> hueva curada<\/strong> al aire (como si fuera su estandarte) y un <strong>sangacho entre hierbas secas<\/strong> que estremece (al contemplarlo \u2013casi arcaico\u2013 y al probarlo \u2013potente\u2013). All\u00ed estaba el <span style=\"color: #9e0303;\"><strong>rape en escabeche (top)<\/strong><\/span> con su delicado h\u00edgado, que es como un poema que te puede llevar al delirio (sabores controlados, tremendamente estudiados) y all\u00ed conoc\u00ed a su <strong>\u2018socarrat\u2019<\/strong>: el arroz acabado en sart\u00e9n que te hace vibrar. Un \u2018socarrat\u2019 para tomar con las manos que se convierte en el protagonista absoluto de la bienvenida. Un afectuoso saludo culinario con la que, a base de productos casi al desnudo, Dacosta demuestra que sigue siendo el rey. Ese cocinero que marca el camino; que sabe mirar m\u00e1s all\u00e1 del horizonte, y que se sigue entusiasmando viendo disfrutar al comensal. El que se emociona al ver que, esa fortaleza de la gastronom\u00eda que es su restaurante, sigue siendo un santuario para quien busca la felicidad ante una mesa.<\/p>\n<div id=\"attachment_13318\" style=\"width: 1034px\" class=\"wp-caption aligncenter\"><a href=\"https:\/\/static-blogs.lasprovincias.es\/wp-content\/uploads\/sites\/18\/2017\/09\/IMG_1908.jpg\"><img aria-describedby=\"caption-attachment-13318\" loading=\"lazy\" class=\"wp-image-13318 size-large\" src=\"https:\/\/static-blogs.lasprovincias.es\/wp-content\/uploads\/sites\/18\/2017\/09\/IMG_1908-1024x683.jpg\" alt=\"img_1908\" width=\"1024\" height=\"683\" srcset=\"https:\/\/static-blogs.lasprovincias.es\/wp-content\/uploads\/sites\/18\/2017\/09\/IMG_1908.jpg 1024w, https:\/\/static-blogs.lasprovincias.es\/wp-content\/uploads\/sites\/18\/2017\/09\/IMG_1908-300x200.jpg 300w, https:\/\/static-blogs.lasprovincias.es\/wp-content\/uploads\/sites\/18\/2017\/09\/IMG_1908-768x512.jpg 768w\" sizes=\"(max-width: 1024px) 100vw, 1024px\" \/><\/a><p id=\"caption-attachment-13318\" class=\"wp-caption-text\">Los salazones siguen conquistando almas en QD.<\/p><\/div>\n<div id=\"attachment_13319\" style=\"width: 1034px\" class=\"wp-caption aligncenter\"><a href=\"https:\/\/static-blogs.lasprovincias.es\/wp-content\/uploads\/sites\/18\/2017\/09\/IMG_1951.jpg\"><img aria-describedby=\"caption-attachment-13319\" loading=\"lazy\" class=\"wp-image-13319 size-large\" src=\"https:\/\/static-blogs.lasprovincias.es\/wp-content\/uploads\/sites\/18\/2017\/09\/IMG_1951-1024x683.jpg\" alt=\"img_1951\" width=\"1024\" height=\"683\" srcset=\"https:\/\/static-blogs.lasprovincias.es\/wp-content\/uploads\/sites\/18\/2017\/09\/IMG_1951.jpg 1024w, https:\/\/static-blogs.lasprovincias.es\/wp-content\/uploads\/sites\/18\/2017\/09\/IMG_1951-300x200.jpg 300w, https:\/\/static-blogs.lasprovincias.es\/wp-content\/uploads\/sites\/18\/2017\/09\/IMG_1951-768x512.jpg 768w\" sizes=\"(max-width: 1024px) 100vw, 1024px\" \/><\/a><p id=\"caption-attachment-13319\" class=\"wp-caption-text\">El rape escabechado es una de las obras maestras del men\u00fa de Dacosta. Tomarlo en compa\u00f1\u00eda de Quique y Juanfra es un lujo.<\/p><\/div>\n<div id=\"attachment_13320\" style=\"width: 1034px\" class=\"wp-caption aligncenter\"><a href=\"https:\/\/static-blogs.lasprovincias.es\/wp-content\/uploads\/sites\/18\/2017\/09\/IMG_1976.jpg\"><img aria-describedby=\"caption-attachment-13320\" loading=\"lazy\" class=\"wp-image-13320 size-large\" src=\"https:\/\/static-blogs.lasprovincias.es\/wp-content\/uploads\/sites\/18\/2017\/09\/IMG_1976-1024x683.jpg\" alt=\"img_1976\" width=\"1024\" height=\"683\" srcset=\"https:\/\/static-blogs.lasprovincias.es\/wp-content\/uploads\/sites\/18\/2017\/09\/IMG_1976.jpg 1024w, https:\/\/static-blogs.lasprovincias.es\/wp-content\/uploads\/sites\/18\/2017\/09\/IMG_1976-300x200.jpg 300w, https:\/\/static-blogs.lasprovincias.es\/wp-content\/uploads\/sites\/18\/2017\/09\/IMG_1976-768x512.jpg 768w\" sizes=\"(max-width: 1024px) 100vw, 1024px\" \/><\/a><p id=\"caption-attachment-13320\" class=\"wp-caption-text\">Su &#8216;socarrat&#8217; es simplemente una joya.<\/p><\/div>\n<p style=\"text-align: center;\"><strong>II. ACTO. En la terraza. <\/strong><\/p>\n<p style=\"text-align: center;\"><span style=\"color: #9e0000;\"><strong>Guindillas junto a la vaca<\/strong><\/span><\/p>\n<p style=\"text-align: left;\">La fiesta sigue en el jard\u00edn<strong>. Una vaca te vigilar\u00e1.<\/strong> Es extralarga y tiene ubres que te animan a mamar de su filosof\u00eda. Vi\u00e9ndola, uno se sonr\u00ede. Todav\u00eda m\u00e1s cuando, en ese instante, llega a la mesa una<span style=\"color: #9e0303;\"><strong> sopa de guindillas ahumadas (top)<\/strong><\/span> y te preguntas c\u00f3mo puede derrochar tanta magia algo tan cotidiano. Un plato que es una oda a las piparras, aqu\u00ed convertidas en vedettes de una creaci\u00f3n casi perfecta. (Aunque quiz\u00e1 peque de nuevo de exagerado). Lo son, casi perfectas, tambi\u00e9n las <strong>clotxinas al all i pebre<\/strong>, que reafirma la intenci\u00f3n del chef de hacer de su cocina un canto a las esencias. A ese ADN (o DNA) que da nombre a su men\u00fa y que se vuelve a desbordar, cual volc\u00e1n, cuando llega la <strong>calabaza de Benaguasil fermentada con cangrejo bola<\/strong>. Todo, bajo la mirada de su vaca.<\/p>\n<div id=\"attachment_13322\" style=\"width: 962px\" class=\"wp-caption aligncenter\"><a href=\"https:\/\/static-blogs.lasprovincias.es\/wp-content\/uploads\/sites\/18\/2017\/09\/IMG_20170819_141655-copia.jpg\"><img aria-describedby=\"caption-attachment-13322\" loading=\"lazy\" class=\"size-full wp-image-13322\" src=\"https:\/\/static-blogs.lasprovincias.es\/wp-content\/uploads\/sites\/18\/2017\/09\/IMG_20170819_141655-copia.jpg\" alt=\"dav\" width=\"952\" height=\"703\" srcset=\"https:\/\/static-blogs.lasprovincias.es\/wp-content\/uploads\/sites\/18\/2017\/09\/IMG_20170819_141655-copia.jpg 952w, https:\/\/static-blogs.lasprovincias.es\/wp-content\/uploads\/sites\/18\/2017\/09\/IMG_20170819_141655-copia-300x222.jpg 300w, https:\/\/static-blogs.lasprovincias.es\/wp-content\/uploads\/sites\/18\/2017\/09\/IMG_20170819_141655-copia-768x567.jpg 768w\" sizes=\"(max-width: 952px) 100vw, 952px\" \/><\/a><p id=\"caption-attachment-13322\" class=\"wp-caption-text\">La vaca de Dacosta sigue pastando en su jard\u00edn filosof\u00eda gastron\u00f3mica.<\/p><\/div>\n<div id=\"attachment_13323\" style=\"width: 1034px\" class=\"wp-caption aligncenter\"><a href=\"https:\/\/static-blogs.lasprovincias.es\/wp-content\/uploads\/sites\/18\/2017\/09\/IMG_20170819_141930-1280x960-1.jpg\"><img aria-describedby=\"caption-attachment-13323\" loading=\"lazy\" class=\"size-large wp-image-13323\" src=\"https:\/\/static-blogs.lasprovincias.es\/wp-content\/uploads\/sites\/18\/2017\/09\/IMG_20170819_141930-1280x960-1-1024x768.jpg\" alt=\"dav\" width=\"1024\" height=\"768\" srcset=\"https:\/\/static-blogs.lasprovincias.es\/wp-content\/uploads\/sites\/18\/2017\/09\/IMG_20170819_141930-1280x960-1-1024x768.jpg 1024w, https:\/\/static-blogs.lasprovincias.es\/wp-content\/uploads\/sites\/18\/2017\/09\/IMG_20170819_141930-1280x960-1-300x225.jpg 300w, https:\/\/static-blogs.lasprovincias.es\/wp-content\/uploads\/sites\/18\/2017\/09\/IMG_20170819_141930-1280x960-1-768x576.jpg 768w, https:\/\/static-blogs.lasprovincias.es\/wp-content\/uploads\/sites\/18\/2017\/09\/IMG_20170819_141930-1280x960-1.jpg 1280w\" sizes=\"(max-width: 1024px) 100vw, 1024px\" \/><\/a><p id=\"caption-attachment-13323\" class=\"wp-caption-text\">Sopa de guindillas.<\/p><\/div>\n<div id=\"attachment_13321\" style=\"width: 1034px\" class=\"wp-caption aligncenter\"><a href=\"https:\/\/static-blogs.lasprovincias.es\/wp-content\/uploads\/sites\/18\/2017\/09\/IMG_2041-copia.jpg\"><img aria-describedby=\"caption-attachment-13321\" loading=\"lazy\" class=\"wp-image-13321 size-large\" src=\"https:\/\/static-blogs.lasprovincias.es\/wp-content\/uploads\/sites\/18\/2017\/09\/IMG_2041-copia-1024x684.jpg\" alt=\"img_2041-copia\" width=\"1024\" height=\"684\" srcset=\"https:\/\/static-blogs.lasprovincias.es\/wp-content\/uploads\/sites\/18\/2017\/09\/IMG_2041-copia.jpg 1024w, https:\/\/static-blogs.lasprovincias.es\/wp-content\/uploads\/sites\/18\/2017\/09\/IMG_2041-copia-300x200.jpg 300w, https:\/\/static-blogs.lasprovincias.es\/wp-content\/uploads\/sites\/18\/2017\/09\/IMG_2041-copia-768x513.jpg 768w\" sizes=\"(max-width: 1024px) 100vw, 1024px\" \/><\/a><p id=\"caption-attachment-13321\" class=\"wp-caption-text\">All i pebre de clotxina.<\/p><\/div>\n<div id=\"attachment_13326\" style=\"width: 1034px\" class=\"wp-caption aligncenter\"><a href=\"https:\/\/static-blogs.lasprovincias.es\/wp-content\/uploads\/sites\/18\/2017\/09\/IMG_20170819_144324-copia.jpg\"><img aria-describedby=\"caption-attachment-13326\" loading=\"lazy\" class=\"size-large wp-image-13326\" src=\"https:\/\/static-blogs.lasprovincias.es\/wp-content\/uploads\/sites\/18\/2017\/09\/IMG_20170819_144324-copia-1024x768.jpg\" alt=\"dav\" width=\"1024\" height=\"768\" srcset=\"https:\/\/static-blogs.lasprovincias.es\/wp-content\/uploads\/sites\/18\/2017\/09\/IMG_20170819_144324-copia.jpg 1024w, https:\/\/static-blogs.lasprovincias.es\/wp-content\/uploads\/sites\/18\/2017\/09\/IMG_20170819_144324-copia-300x225.jpg 300w, https:\/\/static-blogs.lasprovincias.es\/wp-content\/uploads\/sites\/18\/2017\/09\/IMG_20170819_144324-copia-768x576.jpg 768w\" sizes=\"(max-width: 1024px) 100vw, 1024px\" \/><\/a><p id=\"caption-attachment-13326\" class=\"wp-caption-text\">Calabaza fermentada con cangrejo bola.<\/p><\/div>\n<p style=\"text-align: center;\"><strong>III. ACTO. En la sala. <\/strong><\/p>\n<p style=\"text-align: center;\"><span style=\"color: #9e0000;\"><strong>Olas y cabezas doradas<\/strong><\/span><\/p>\n<p style=\"text-align: left;\">Esa casa junto al mar supura gastronom\u00eda por todos los lados. Cuando entras en la sala, de pronto sientes que te aborda su quimera y el recuerdo de visitas pasadas. A golpe de vista, observas las mesas (de cinco patas) y, sobre ellas, cabezas doradas. En una de las mesas, espera<strong> una urna, tambi\u00e9n de oro, con una mirilla<\/strong> invit\u00e1ndote a observar a trav\u00e9s de ella y liberar el misterio. Y t\u00fa cedes. Y juegas. Y descubres oculta a su <strong>gamba roja<\/strong> bajo el cl\u00e1sico celof\u00e1n. Y entusiasmado le susurras antes de besarla, de devorarla: \u00abTe quiero, querida\u00bb. Tras ella, potente, como queriendo dar un golpe sobre la mesa, emerge su propuesta m\u00e1s afrancesada:<strong> la ostra que dej\u00f3 de ser para volver a ser,<\/strong> con los aromas c\u00edtricos de la mano de Buda hecha chantilly y el caviar. Todo llenando el instante de un sutil glamour. Y para acabar este chapuz\u00f3n en el mar, Didier (director de sala) te trae una <strong>nube extra\u00edda de los fondos del oc\u00e9ano<\/strong>. Una nube que es Mediterr\u00e1neo descarnado entre berberechos y navajas.<span style=\"color: #9e0303;\"><strong> Tres olas en un acto<\/strong><\/span>.<\/p>\n<div id=\"attachment_13329\" style=\"width: 1034px\" class=\"wp-caption aligncenter\"><a href=\"https:\/\/static-blogs.lasprovincias.es\/wp-content\/uploads\/sites\/18\/2017\/09\/IMG_2086.jpg\"><img aria-describedby=\"caption-attachment-13329\" loading=\"lazy\" class=\"wp-image-13329 size-large\" src=\"https:\/\/static-blogs.lasprovincias.es\/wp-content\/uploads\/sites\/18\/2017\/09\/IMG_2086-1024x654.jpg\" alt=\"img_2086\" width=\"1024\" height=\"654\" srcset=\"https:\/\/static-blogs.lasprovincias.es\/wp-content\/uploads\/sites\/18\/2017\/09\/IMG_2086.jpg 1024w, https:\/\/static-blogs.lasprovincias.es\/wp-content\/uploads\/sites\/18\/2017\/09\/IMG_2086-300x192.jpg 300w, https:\/\/static-blogs.lasprovincias.es\/wp-content\/uploads\/sites\/18\/2017\/09\/IMG_2086-768x491.jpg 768w\" sizes=\"(max-width: 1024px) 100vw, 1024px\" \/><\/a><p id=\"caption-attachment-13329\" class=\"wp-caption-text\">Su gamba roja de D\u00e9nia protegida por el celof\u00e1n y custodiada por su caldo de bledes. Siempre memorable.<\/p><\/div>\n<div id=\"attachment_13331\" style=\"width: 1034px\" class=\"wp-caption aligncenter\"><a href=\"https:\/\/static-blogs.lasprovincias.es\/wp-content\/uploads\/sites\/18\/2017\/09\/IMG_20170819_151303.jpg\"><img aria-describedby=\"caption-attachment-13331\" loading=\"lazy\" class=\"size-large wp-image-13331\" src=\"https:\/\/static-blogs.lasprovincias.es\/wp-content\/uploads\/sites\/18\/2017\/09\/IMG_20170819_151303-1024x768.jpg\" alt=\"La ostra que dej\u00f3 de serlo para volver a ser.\" width=\"1024\" height=\"768\" srcset=\"https:\/\/static-blogs.lasprovincias.es\/wp-content\/uploads\/sites\/18\/2017\/09\/IMG_20170819_151303.jpg 1024w, https:\/\/static-blogs.lasprovincias.es\/wp-content\/uploads\/sites\/18\/2017\/09\/IMG_20170819_151303-300x225.jpg 300w, https:\/\/static-blogs.lasprovincias.es\/wp-content\/uploads\/sites\/18\/2017\/09\/IMG_20170819_151303-768x576.jpg 768w\" sizes=\"(max-width: 1024px) 100vw, 1024px\" \/><\/a><p id=\"caption-attachment-13331\" class=\"wp-caption-text\">La ostra que dej\u00f3 de serlo para volver a ser.<\/p><\/div>\n<div id=\"attachment_13330\" style=\"width: 1034px\" class=\"wp-caption aligncenter\"><a href=\"https:\/\/static-blogs.lasprovincias.es\/wp-content\/uploads\/sites\/18\/2017\/09\/IMG_20170819_152204.jpg\"><img aria-describedby=\"caption-attachment-13330\" loading=\"lazy\" class=\"size-large wp-image-13330\" src=\"https:\/\/static-blogs.lasprovincias.es\/wp-content\/uploads\/sites\/18\/2017\/09\/IMG_20170819_152204-1024x768.jpg\" alt=\"dav\" width=\"1024\" height=\"768\" srcset=\"https:\/\/static-blogs.lasprovincias.es\/wp-content\/uploads\/sites\/18\/2017\/09\/IMG_20170819_152204.jpg 1024w, https:\/\/static-blogs.lasprovincias.es\/wp-content\/uploads\/sites\/18\/2017\/09\/IMG_20170819_152204-300x225.jpg 300w, https:\/\/static-blogs.lasprovincias.es\/wp-content\/uploads\/sites\/18\/2017\/09\/IMG_20170819_152204-768x576.jpg 768w\" sizes=\"(max-width: 1024px) 100vw, 1024px\" \/><\/a><p id=\"caption-attachment-13330\" class=\"wp-caption-text\">Su nube es mar, y potencia, y salitre&#8230; Oleaje.<\/p><\/div>\n<p style=\"text-align: center;\"><strong>IV. ACTO. En la mesa. <\/strong><\/p>\n<p style=\"text-align: center;\"><span style=\"color: #9e0000;\"><strong>Un viaje con Khaleesi<\/strong><\/span><\/p>\n<p style=\"text-align: left;\">Esas olas me empujaron hacia el tramo del viaje m\u00e1s fant\u00e1stico de ese men\u00fa que conjuga constantemente el verbo emocionar. Dos platos cambiaron el paso y desataron la imaginaci\u00f3n. El primero desconcierta cuando te lo presentan. <span style=\"color: #9e0303;\"><strong>\u00ab\u00bfKhaleesi?\u2019\u00bb (top)<\/strong><\/span>, te preguntas, mientras la princesa de Juego de tronos se dibuja en tu cabeza. Desconcierta, s\u00ed; despu\u00e9s te engancha. Parece sobrio, sabe a mil verdes y, al final, permanece en el recuerdo como algo exquisito. El segundo plato impacta s\u00f3lo verlo. Luego te emociona al conocerlo:<span style=\"color: #333333;\"><strong> \u2018El Monte de los Olivos\u2019<\/strong><\/span>, una propuesta que recrea la \u00daltima Cena de Cristo (hecho para un documental de Canal Historia). M\u00e1s que sabroso, es m\u00e1gico. M\u00e1s que est\u00e9ticamente contundente, parece hechizado. Insisto con el verbo emocionar. Eso hacen el chef y los suyos en este acto: sorprenderte tanto que hacen el momento imborrable.<\/p>\n<div id=\"attachment_13332\" style=\"width: 1034px\" class=\"wp-caption aligncenter\"><a href=\"https:\/\/static-blogs.lasprovincias.es\/wp-content\/uploads\/sites\/18\/2017\/09\/IMG_20170819_153418.jpg\"><img aria-describedby=\"caption-attachment-13332\" loading=\"lazy\" class=\"size-large wp-image-13332\" src=\"https:\/\/static-blogs.lasprovincias.es\/wp-content\/uploads\/sites\/18\/2017\/09\/IMG_20170819_153418-1024x768.jpg\" alt=\"Un plato que esconde un tesoro muy verde.\" width=\"1024\" height=\"768\" srcset=\"https:\/\/static-blogs.lasprovincias.es\/wp-content\/uploads\/sites\/18\/2017\/09\/IMG_20170819_153418.jpg 1024w, https:\/\/static-blogs.lasprovincias.es\/wp-content\/uploads\/sites\/18\/2017\/09\/IMG_20170819_153418-300x225.jpg 300w, https:\/\/static-blogs.lasprovincias.es\/wp-content\/uploads\/sites\/18\/2017\/09\/IMG_20170819_153418-768x576.jpg 768w\" sizes=\"(max-width: 1024px) 100vw, 1024px\" \/><\/a><p id=\"caption-attachment-13332\" class=\"wp-caption-text\">Un plato que esconde un tesoro muy verde.<\/p><\/div>\n<div id=\"attachment_13333\" style=\"width: 1034px\" class=\"wp-caption aligncenter\"><a href=\"https:\/\/static-blogs.lasprovincias.es\/wp-content\/uploads\/sites\/18\/2017\/09\/IMG_20170819_154454.jpg\"><img aria-describedby=\"caption-attachment-13333\" loading=\"lazy\" class=\"size-large wp-image-13333\" src=\"https:\/\/static-blogs.lasprovincias.es\/wp-content\/uploads\/sites\/18\/2017\/09\/IMG_20170819_154454-1024x768.jpg\" alt=\"dav\" width=\"1024\" height=\"768\" srcset=\"https:\/\/static-blogs.lasprovincias.es\/wp-content\/uploads\/sites\/18\/2017\/09\/IMG_20170819_154454.jpg 1024w, https:\/\/static-blogs.lasprovincias.es\/wp-content\/uploads\/sites\/18\/2017\/09\/IMG_20170819_154454-300x225.jpg 300w, https:\/\/static-blogs.lasprovincias.es\/wp-content\/uploads\/sites\/18\/2017\/09\/IMG_20170819_154454-768x576.jpg 768w\" sizes=\"(max-width: 1024px) 100vw, 1024px\" \/><\/a><p id=\"caption-attachment-13333\" class=\"wp-caption-text\">El impactante Monte de los Olivos.<\/p><\/div>\n<p style=\"text-align: center;\"><strong> V. ACTO. Por encima de la mesa. <\/strong><\/p>\n<p style=\"text-align: center;\"><span style=\"color: #9e0000;\"><strong>Regreso a la tierra<\/strong><\/span><\/p>\n<p style=\"text-align: left;\">Tras el estallido fantasioso que fue ese viaje al \u2018Monte de los Olivos\u2019 toc\u00f3 volver a pisar realidad. Y Dacosta lo logra siguiendo con su juego: de oca a oca, sorpresa. Un plato muy especial te vuelve a descolocar: un bollo de pan. <span style=\"color: #9e0303;\"><strong>Pan de ma\u00edz (top)<\/strong> <\/span>a secas, s\u00f3lo con su mantequilla, con el que logra demostrarte que la felicidad puede esconderse entre cortezas que se quiebran con tus manos. Un regreso a la realidad, te dec\u00eda, al que le sigui\u00f3 uno de esos arroces memorables del chef de las estrellas y que es, de nuevo, un alegato a favor de la tierra. Un <span style=\"color: #9e0303;\"><strong>S\u00e9nia en caldo de oveja guirra, sus mollejas y colmenillas del Maestrazgo (top)<\/strong><\/span>. Como si el oto\u00f1o quisiera robarnos el verano. Simplemente espectacular. Como el plato del final salado. Otra secuela del ADN de la cocina valenciana: <strong>pato azul\u00f3n de la Albufera<\/strong>, servido en cocciones y t\u00e9cnicas diversas. Un plato complejo, por lo dif\u00edcil de mantener temperaturas y lograr el punto de cada una de sus piezas, que es ejemplo de lo que busca Quique: territorio y magia de la mano.<\/p>\n<div id=\"attachment_13337\" style=\"width: 1034px\" class=\"wp-caption aligncenter\"><a href=\"https:\/\/static-blogs.lasprovincias.es\/wp-content\/uploads\/sites\/18\/2017\/09\/IMG_20170819_155612.jpg\"><img aria-describedby=\"caption-attachment-13337\" loading=\"lazy\" class=\"size-large wp-image-13337\" src=\"https:\/\/static-blogs.lasprovincias.es\/wp-content\/uploads\/sites\/18\/2017\/09\/IMG_20170819_155612-1024x768.jpg\" alt=\"Pan de ma\u00edz. Ah\u00ed queda dicho todo.\" width=\"1024\" height=\"768\" srcset=\"https:\/\/static-blogs.lasprovincias.es\/wp-content\/uploads\/sites\/18\/2017\/09\/IMG_20170819_155612.jpg 1024w, https:\/\/static-blogs.lasprovincias.es\/wp-content\/uploads\/sites\/18\/2017\/09\/IMG_20170819_155612-300x225.jpg 300w, https:\/\/static-blogs.lasprovincias.es\/wp-content\/uploads\/sites\/18\/2017\/09\/IMG_20170819_155612-768x576.jpg 768w\" sizes=\"(max-width: 1024px) 100vw, 1024px\" \/><\/a><p id=\"caption-attachment-13337\" class=\"wp-caption-text\">Pan de ma\u00edz. Ah\u00ed queda dicho todo.<\/p><\/div>\n<div id=\"attachment_13335\" style=\"width: 1034px\" class=\"wp-caption aligncenter\"><a href=\"https:\/\/static-blogs.lasprovincias.es\/wp-content\/uploads\/sites\/18\/2017\/09\/IMG_20170819_161113.jpg\"><img aria-describedby=\"caption-attachment-13335\" loading=\"lazy\" class=\"size-large wp-image-13335\" src=\"https:\/\/static-blogs.lasprovincias.es\/wp-content\/uploads\/sites\/18\/2017\/09\/IMG_20170819_161113-1024x768.jpg\" alt=\"Uno de los mejores arroces de la historia culinaria de Dacosta. \" width=\"1024\" height=\"768\" srcset=\"https:\/\/static-blogs.lasprovincias.es\/wp-content\/uploads\/sites\/18\/2017\/09\/IMG_20170819_161113.jpg 1024w, https:\/\/static-blogs.lasprovincias.es\/wp-content\/uploads\/sites\/18\/2017\/09\/IMG_20170819_161113-300x225.jpg 300w, https:\/\/static-blogs.lasprovincias.es\/wp-content\/uploads\/sites\/18\/2017\/09\/IMG_20170819_161113-768x576.jpg 768w\" sizes=\"(max-width: 1024px) 100vw, 1024px\" \/><\/a><p id=\"caption-attachment-13335\" class=\"wp-caption-text\">Uno de los mejores arroces de la historia culinaria de Dacosta.<\/p><\/div>\n<div id=\"attachment_13336\" style=\"width: 993px\" class=\"wp-caption aligncenter\"><a href=\"https:\/\/static-blogs.lasprovincias.es\/wp-content\/uploads\/sites\/18\/2017\/09\/IMG_20170819_163338.jpg\"><img aria-describedby=\"caption-attachment-13336\" loading=\"lazy\" class=\"size-large wp-image-13336\" src=\"https:\/\/static-blogs.lasprovincias.es\/wp-content\/uploads\/sites\/18\/2017\/09\/IMG_20170819_163338.jpg\" alt=\"dav\" width=\"983\" height=\"768\" srcset=\"https:\/\/static-blogs.lasprovincias.es\/wp-content\/uploads\/sites\/18\/2017\/09\/IMG_20170819_163338.jpg 983w, https:\/\/static-blogs.lasprovincias.es\/wp-content\/uploads\/sites\/18\/2017\/09\/IMG_20170819_163338-300x234.jpg 300w, https:\/\/static-blogs.lasprovincias.es\/wp-content\/uploads\/sites\/18\/2017\/09\/IMG_20170819_163338-768x600.jpg 768w\" sizes=\"(max-width: 983px) 100vw, 983px\" \/><\/a><p id=\"caption-attachment-13336\" class=\"wp-caption-text\">El pato azul\u00f3n, otro espect\u00e1culo est\u00e9tico y culinario.<\/p><\/div>\n<p style=\"text-align: center;\"><strong>VI. ACTO. En la sobremesa. <\/strong><\/p>\n<p style=\"text-align: center;\"><span style=\"color: #9e0000;\"><strong>Vi\u00f1a, uva y piedras de miel<\/strong><\/span><\/p>\n<p style=\"text-align: left;\">El final, el dulce final de la visita al restaurante de Dacosta, se llena de hojas de <strong>vi\u00f1a, uvas y mistela<\/strong>. Y de p<strong>iedras de miel, con almendras y romero<\/strong>. Un paseo de despedida por el jard\u00edn. Un atardecer en el que el Mediterr\u00e1neo se puede devorar en una sobremesa pausada mientras piensas en lo vivido. Mientras piensas en ese viaje por la columna vertebral de nuestra despensa de la mano de un cocinero que, a\u00f1o tras a\u00f1o, se va reinventando. Y, al tiempo, reinventando nuestra cocina. <strong><span style=\"color: #ff9900;\">Un paseo que deja rastro&#8230;. El rastro que otros seguir\u00e1n<\/span><\/strong>.<\/p>\n<div id=\"attachment_13338\" style=\"width: 1034px\" class=\"wp-caption aligncenter\"><a href=\"https:\/\/static-blogs.lasprovincias.es\/wp-content\/uploads\/sites\/18\/2017\/09\/IMG_20170819_165619.jpg\"><img aria-describedby=\"caption-attachment-13338\" loading=\"lazy\" class=\"size-large wp-image-13338\" src=\"https:\/\/static-blogs.lasprovincias.es\/wp-content\/uploads\/sites\/18\/2017\/09\/IMG_20170819_165619-1024x660.jpg\" alt=\"Vi\u00f1edo, uvas, mistela..\" width=\"1024\" height=\"660\" srcset=\"https:\/\/static-blogs.lasprovincias.es\/wp-content\/uploads\/sites\/18\/2017\/09\/IMG_20170819_165619.jpg 1024w, https:\/\/static-blogs.lasprovincias.es\/wp-content\/uploads\/sites\/18\/2017\/09\/IMG_20170819_165619-300x193.jpg 300w, https:\/\/static-blogs.lasprovincias.es\/wp-content\/uploads\/sites\/18\/2017\/09\/IMG_20170819_165619-768x495.jpg 768w\" sizes=\"(max-width: 1024px) 100vw, 1024px\" \/><\/a><p id=\"caption-attachment-13338\" class=\"wp-caption-text\">Vi\u00f1edo, uvas, mistela..<\/p><\/div>\n<div id=\"attachment_13339\" style=\"width: 1034px\" class=\"wp-caption aligncenter\"><a href=\"https:\/\/static-blogs.lasprovincias.es\/wp-content\/uploads\/sites\/18\/2017\/09\/IMG_20170819_171051.jpg\"><img aria-describedby=\"caption-attachment-13339\" loading=\"lazy\" class=\"size-large wp-image-13339\" src=\"https:\/\/static-blogs.lasprovincias.es\/wp-content\/uploads\/sites\/18\/2017\/09\/IMG_20170819_171051-1024x700.jpg\" alt=\"dav\" width=\"1024\" height=\"700\" srcset=\"https:\/\/static-blogs.lasprovincias.es\/wp-content\/uploads\/sites\/18\/2017\/09\/IMG_20170819_171051.jpg 1024w, https:\/\/static-blogs.lasprovincias.es\/wp-content\/uploads\/sites\/18\/2017\/09\/IMG_20170819_171051-300x205.jpg 300w, https:\/\/static-blogs.lasprovincias.es\/wp-content\/uploads\/sites\/18\/2017\/09\/IMG_20170819_171051-768x525.jpg 768w\" sizes=\"(max-width: 1024px) 100vw, 1024px\" \/><\/a><p id=\"caption-attachment-13339\" class=\"wp-caption-text\">Piedras de miel<\/p><\/div>\n<p style=\"text-align: left;\"><strong>D*NA <\/strong><span style=\"color: #ff9900;\">\u00a0\u2044 UNA CITA CON PODER\u00cdO<\/span><\/p>\n<p style=\"text-align: left;\"><span style=\"color: #808080;\">El chef afincado en D\u00e9nia sigue marcando paso en la gastronom\u00eda valenciana y eso se demuestra, adem\u00e1s de con su cocina, con iniciativas apadrinadas por \u00e9l que marcar\u00e1n el inicio del curso gastron\u00f3mico en la Comunitat. D\u00e9nia celebrar\u00e1 el 30 de septiembre y 1 de octubre el festival D*NA, la fiesta de las ra\u00edces culinarias. En el paseo de la Marineta Casiana se dar\u00e1n cita, para disfrutar de las cosas del buen comer, primeras espadas de la cazuela nacional (Joan Roca, Andoni Luis Aduriz, Jordi Cruz o \u00c1ngel Le\u00f3n) y buena parte de los pesos pesados de los fogones valencianos: Camarena, Bego\u00f1a Rodrigo, Ferruz, Nazario Cano, Kiko Moya, Torreblanca, Susi D\u00edaz, Rafa Soler, Jos\u00e9 Manuel Miguel, Miguel Barrera, Rakel Cernicharo&#8230;<\/span><\/p>\n<div id=\"attachment_13340\" style=\"width: 1034px\" class=\"wp-caption aligncenter\"><a href=\"https:\/\/static-blogs.lasprovincias.es\/wp-content\/uploads\/sites\/18\/2017\/09\/IMG_20170819_170808.jpg\"><img aria-describedby=\"caption-attachment-13340\" loading=\"lazy\" class=\"size-large wp-image-13340\" src=\"https:\/\/static-blogs.lasprovincias.es\/wp-content\/uploads\/sites\/18\/2017\/09\/IMG_20170819_170808-1024x768.jpg\" alt=\"DNA destapa la despensa del Mediterr\u00e1neo.\" width=\"1024\" height=\"768\" srcset=\"https:\/\/static-blogs.lasprovincias.es\/wp-content\/uploads\/sites\/18\/2017\/09\/IMG_20170819_170808.jpg 1024w, https:\/\/static-blogs.lasprovincias.es\/wp-content\/uploads\/sites\/18\/2017\/09\/IMG_20170819_170808-300x225.jpg 300w, https:\/\/static-blogs.lasprovincias.es\/wp-content\/uploads\/sites\/18\/2017\/09\/IMG_20170819_170808-768x576.jpg 768w\" sizes=\"(max-width: 1024px) 100vw, 1024px\" \/><\/a><p id=\"caption-attachment-13340\" class=\"wp-caption-text\">DNA destapa la despensa del Mediterr\u00e1neo.<\/p><\/div>\n<p style=\"text-align: center;\"><a href=\"https:\/\/static-blogs.lasprovincias.es\/wp-content\/uploads\/sites\/18\/2017\/09\/IMG_20170819_165221.jpg\"><img loading=\"lazy\" class=\"alignnone size-large wp-image-13341\" src=\"https:\/\/static-blogs.lasprovincias.es\/wp-content\/uploads\/sites\/18\/2017\/09\/IMG_20170819_165221-1024x768.jpg\" alt=\"dav\" width=\"1024\" height=\"768\" srcset=\"https:\/\/static-blogs.lasprovincias.es\/wp-content\/uploads\/sites\/18\/2017\/09\/IMG_20170819_165221.jpg 1024w, https:\/\/static-blogs.lasprovincias.es\/wp-content\/uploads\/sites\/18\/2017\/09\/IMG_20170819_165221-300x225.jpg 300w, https:\/\/static-blogs.lasprovincias.es\/wp-content\/uploads\/sites\/18\/2017\/09\/IMG_20170819_165221-768x576.jpg 768w\" sizes=\"(max-width: 1024px) 100vw, 1024px\" \/><\/a> <a href=\"https:\/\/static-blogs.lasprovincias.es\/wp-content\/uploads\/sites\/18\/2017\/09\/IMG_4765.jpeg\"><img loading=\"lazy\" class=\"alignnone size-large wp-image-13296\" src=\"https:\/\/static-blogs.lasprovincias.es\/wp-content\/uploads\/sites\/18\/2017\/09\/IMG_4765-1024x451.jpeg\" alt=\"img_4765\" width=\"1024\" height=\"451\" srcset=\"https:\/\/static-blogs.lasprovincias.es\/wp-content\/uploads\/sites\/18\/2017\/09\/IMG_4765-1024x451.jpeg 1024w, https:\/\/static-blogs.lasprovincias.es\/wp-content\/uploads\/sites\/18\/2017\/09\/IMG_4765-300x132.jpeg 300w, https:\/\/static-blogs.lasprovincias.es\/wp-content\/uploads\/sites\/18\/2017\/09\/IMG_4765-768x338.jpeg 768w, https:\/\/static-blogs.lasprovincias.es\/wp-content\/uploads\/sites\/18\/2017\/09\/IMG_4765.jpeg 2047w\" sizes=\"(max-width: 1024px) 100vw, 1024px\" \/><\/a><\/p>\n<p>&nbsp;<\/p>\n<!-- AddThis Advanced Settings generic via filter on the_content --><!-- AddThis Share Buttons generic via filter on the_content -->","protected":false},"excerpt":{"rendered":"<p>Salazones, \u2018socarrat\u2019 convertido en oro, una nube de mar, caldo de oveja guirra, colmenillas del Maestrazgo&#8230; El chef m\u00e1s laureado de estas tierras contin\u00faa marcando el camino. El men\u00fa de esta temporada le ratifica (y le corona) como el visionario de la cocina valenciana. &nbsp; El cocinero afincado en D\u00e9nia va un paso por delante. [&hellip;]<!-- AddThis Advanced Settings generic via filter on get_the_excerpt --><!-- AddThis Share Buttons generic via filter on get_the_excerpt --><\/p>\n","protected":false},"author":23,"featured_media":0,"comment_status":"open","ping_status":"open","sticky":false,"template":"","format":"standard","meta":[],"categories":[2,3,4,5,1,7],"tags":[1246,323,1247,889,1248,1249],"_links":{"self":[{"href":"https:\/\/blogs.lasprovincias.es\/historiascondelantal\/wp-json\/wp\/v2\/posts\/13299"}],"collection":[{"href":"https:\/\/blogs.lasprovincias.es\/historiascondelantal\/wp-json\/wp\/v2\/posts"}],"about":[{"href":"https:\/\/blogs.lasprovincias.es\/historiascondelantal\/wp-json\/wp\/v2\/types\/post"}],"author":[{"embeddable":true,"href":"https:\/\/blogs.lasprovincias.es\/historiascondelantal\/wp-json\/wp\/v2\/users\/23"}],"replies":[{"embeddable":true,"href":"https:\/\/blogs.lasprovincias.es\/historiascondelantal\/wp-json\/wp\/v2\/comments?post=13299"}],"version-history":[{"count":10,"href":"https:\/\/blogs.lasprovincias.es\/historiascondelantal\/wp-json\/wp\/v2\/posts\/13299\/revisions"}],"predecessor-version":[{"id":13344,"href":"https:\/\/blogs.lasprovincias.es\/historiascondelantal\/wp-json\/wp\/v2\/posts\/13299\/revisions\/13344"}],"wp:attachment":[{"href":"https:\/\/blogs.lasprovincias.es\/historiascondelantal\/wp-json\/wp\/v2\/media?parent=13299"}],"wp:term":[{"taxonomy":"category","embeddable":true,"href":"https:\/\/blogs.lasprovincias.es\/historiascondelantal\/wp-json\/wp\/v2\/categories?post=13299"},{"taxonomy":"post_tag","embeddable":true,"href":"https:\/\/blogs.lasprovincias.es\/historiascondelantal\/wp-json\/wp\/v2\/tags?post=13299"}],"curies":[{"name":"wp","href":"https:\/\/api.w.org\/{rel}","templated":true}]}}