{"id":13345,"date":"2017-09-15T08:26:21","date_gmt":"2017-09-15T06:26:21","guid":{"rendered":"http:\/\/blogs.lasprovincias.es\/historiascondelantal\/?p=13345"},"modified":"2017-09-16T08:25:38","modified_gmt":"2017-09-16T06:25:38","slug":"el-descubrimiento-de-miro-cuina-y-la-batalla-de-ariza","status":"publish","type":"post","link":"https:\/\/blogs.lasprovincias.es\/historiascondelantal\/2017\/09\/15\/el-descubrimiento-de-miro-cuina-y-la-batalla-de-ariza\/","title":{"rendered":"El descubrimiento de Mir\u00f3 Cuina y la batalla de Ariza"},"content":{"rendered":"<p><strong>Mir\u00f3 Cuina<\/strong> es una casa de comidas con trazas de restaurante. Te sorprende cuando lo descubres en un peque\u00f1o pueblo de la Vall de Gallinera. En Benirrama. <strong>David Ariza<\/strong> es un cocinero obsesionado con poner en valor esos productos menores que esconden mucha magia, como las plantas silvestres comestibles o el pescado de descarte. <span style=\"color: #cf0404;\"><strong>Ambos, Mir\u00f3 Cuina y David Ariza tienen inoculada la esencia del Mediterr\u00e1neo.<\/strong><\/span> Y ambos, protagonizaron un d\u00eda de paseo por el interior de Alicante. Un paseo lleno de sensaciones y rostros, de gente aut\u00e9ntica. Una experiencia de las que valen la pena vivir.<\/p>\n<p style=\"text-align: center;\"><a href=\"https:\/\/static-blogs.lasprovincias.es\/wp-content\/uploads\/sites\/18\/2017\/09\/IMG_4838.jpeg\"><img loading=\"lazy\" class=\"alignnone size-large wp-image-13389\" src=\"https:\/\/static-blogs.lasprovincias.es\/wp-content\/uploads\/sites\/18\/2017\/09\/IMG_4838-1024x746.jpeg\" alt=\"img_4838\" width=\"1024\" height=\"746\" srcset=\"https:\/\/static-blogs.lasprovincias.es\/wp-content\/uploads\/sites\/18\/2017\/09\/IMG_4838-1024x746.jpeg 1024w, https:\/\/static-blogs.lasprovincias.es\/wp-content\/uploads\/sites\/18\/2017\/09\/IMG_4838-300x218.jpeg 300w, https:\/\/static-blogs.lasprovincias.es\/wp-content\/uploads\/sites\/18\/2017\/09\/IMG_4838-768x559.jpeg 768w, https:\/\/static-blogs.lasprovincias.es\/wp-content\/uploads\/sites\/18\/2017\/09\/IMG_4838.jpeg 1059w\" sizes=\"(max-width: 1024px) 100vw, 1024px\" \/><\/a><\/p>\n<p>&nbsp;<\/p>\n<h3 style=\"text-align: center;\"><span style=\"color: #cf0404;\">\u2014sorpresas en la cocina&#8230;<\/span><\/h3>\n<p style=\"text-align: center;\"><a href=\"https:\/\/static-blogs.lasprovincias.es\/wp-content\/uploads\/sites\/18\/2017\/09\/IMG_2386.jpg\"><img loading=\"lazy\" class=\"alignnone size-large wp-image-13407\" src=\"https:\/\/static-blogs.lasprovincias.es\/wp-content\/uploads\/sites\/18\/2017\/09\/IMG_2386-1024x596.jpg\" alt=\"img_2386\" width=\"1024\" height=\"596\" srcset=\"https:\/\/static-blogs.lasprovincias.es\/wp-content\/uploads\/sites\/18\/2017\/09\/IMG_2386.jpg 1024w, https:\/\/static-blogs.lasprovincias.es\/wp-content\/uploads\/sites\/18\/2017\/09\/IMG_2386-300x175.jpg 300w, https:\/\/static-blogs.lasprovincias.es\/wp-content\/uploads\/sites\/18\/2017\/09\/IMG_2386-768x447.jpg 768w\" sizes=\"(max-width: 1024px) 100vw, 1024px\" \/><\/a><\/p>\n<p>&nbsp;<\/p>\n<h3 style=\"text-align: center;\"><span style=\"color: #cf0404;\">&#8230;el rastreador de plantas\u2014<\/span><\/h3>\n<p><a href=\"https:\/\/static-blogs.lasprovincias.es\/wp-content\/uploads\/sites\/18\/2017\/09\/IMG_2154-1280x918-1.jpg\"><img loading=\"lazy\" class=\"size-large wp-image-13346 aligncenter\" src=\"https:\/\/static-blogs.lasprovincias.es\/wp-content\/uploads\/sites\/18\/2017\/09\/IMG_2154-1280x918-1-1024x734.jpg\" alt=\"img_2154-1280x918\" width=\"1024\" height=\"734\" srcset=\"https:\/\/static-blogs.lasprovincias.es\/wp-content\/uploads\/sites\/18\/2017\/09\/IMG_2154-1280x918-1-1024x734.jpg 1024w, https:\/\/static-blogs.lasprovincias.es\/wp-content\/uploads\/sites\/18\/2017\/09\/IMG_2154-1280x918-1-300x215.jpg 300w, https:\/\/static-blogs.lasprovincias.es\/wp-content\/uploads\/sites\/18\/2017\/09\/IMG_2154-1280x918-1-768x551.jpg 768w, https:\/\/static-blogs.lasprovincias.es\/wp-content\/uploads\/sites\/18\/2017\/09\/IMG_2154-1280x918-1.jpg 1280w\" sizes=\"(max-width: 1024px) 100vw, 1024px\" \/><\/a><\/p>\n<h3 style=\"text-align: center;\"><\/h3>\n<p>&nbsp;<\/p>\n<p><!--more--><\/p>\n<p>Dicho esto, ponte buen calzado y pon disposici\u00f3n para disfrutar que vamos a ir de la monta\u00f1a al mar, de buscar plantas silvestres a hablar con pescadores. Comeremos en Mir\u00f3 Cuina y, con unas cosas y otras, trazaremos esta <strong>Historia Con Delantal<\/strong> que, si fuera una retah\u00edla de #hashtags, te hablar\u00eda de:<\/p>\n<p style=\"text-align: center;\"><span style=\"color: #cf0404;\">#rostros <\/span><span style=\"color: #999999;\">#alma<\/span> <strong><span style=\"color: #ff9900;\">#sabores<\/span><\/strong><span style=\"color: #333333;\"><strong> #mediterr\u00e1neo<\/strong> <\/span>#verdad<\/p>\n<h3 style=\"text-align: center;\"><span style=\"color: #c40000;\">\u00a1<\/span><\/h3>\n<p style=\"text-align: center;\"><span style=\"color: #bf0606;\">I. EL BUSCADOR DE<\/span><strong><span style=\"color: #bf0606;\"> PLANTAS<\/span>\u00a0<\/strong><\/p>\n<p>Quedamos en Alicante. De all\u00ed, traves\u00eda hasta la Vall de Gallinera y la Vall d&#8217;Alcal\u00e0. Un camino repleto de curvas donde el paisaje te habla a gritos. <strong>Sus almendros, sus olivos, sus cerezos&#8230; se reivindican. Y te cuentan andanzas.<\/strong> Algunas, de abandonos; otras, de esplendor. Es el campo en plena reinvenci\u00f3n. O clamando su resurrecci\u00f3n.<\/p>\n<p><img loading=\"lazy\" class=\"alignnone size-large wp-image-13348 aligncenter\" src=\"https:\/\/static-blogs.lasprovincias.es\/wp-content\/uploads\/sites\/18\/2017\/09\/IMG_2157-1024x524.jpg\" alt=\"img_2157\" width=\"1024\" height=\"524\" srcset=\"https:\/\/static-blogs.lasprovincias.es\/wp-content\/uploads\/sites\/18\/2017\/09\/IMG_2157.jpg 1024w, https:\/\/static-blogs.lasprovincias.es\/wp-content\/uploads\/sites\/18\/2017\/09\/IMG_2157-300x154.jpg 300w, https:\/\/static-blogs.lasprovincias.es\/wp-content\/uploads\/sites\/18\/2017\/09\/IMG_2157-768x393.jpg 768w\" sizes=\"(max-width: 1024px) 100vw, 1024px\" \/><\/p>\n<p><strong>Entre carrascas y pinos<\/strong>, David Ariza empez\u00f3 a contarme su aventura en el mundo de la gastronom\u00eda. Pasiones y decepciones, proyectos que fraguaron y los que fracasaron. Y en medio de todo ello, su optimismo desliz\u00e1ndose detr\u00e1s de cada palabra, de cada pensamiento. <strong>Kil\u00f3metro a kil\u00f3metro.<\/strong><\/p>\n<p>&#8220;<em>Que cada paso en el camino te acerque a tus sue\u00f1os y que tus sue\u00f1os te acerquen a la felicidad<\/em>&#8220;, tiene escrito en la presentaci\u00f3n de su twitter a modo de lema personal. Y eso te transmite: ganas de trabajar por lograr metas siendo fiel a sus ideas. Ideas que pasan por su fervor hacia la cultura (gastro) mediterr\u00e1nea y, dentro de ella, a esas peque\u00f1as cosas que la ponen en valor:<span style=\"color: #cf0404;\"><strong> de sus plantas silvestres que vemos por el campo (y claramente ninguneamos) a esos pescados de descarte (que siempre han estado tan infravalorados)<\/strong><\/span>. Poner el foco sobre ellos es parte de su batalla diaria (que suele centrarse adem\u00e1s en dar cursos de formaci\u00f3n y asesoramiento gastron\u00f3mico).<\/p>\n<p>David es un tipo en\u00e9rgico y apasionado, tremendamente respetuoso y educado. Batallador y constante; entusiasta y currante. &#8220;Sintamos el momento como lo que es, algo \u00fanico e irrepetible&#8221;, asegura con ese tono existencialista que le acompa\u00f1a de sol a sol.<\/p>\n<div id=\"attachment_13349\" style=\"width: 1034px\" class=\"wp-caption aligncenter\"><a href=\"https:\/\/static-blogs.lasprovincias.es\/wp-content\/uploads\/sites\/18\/2017\/09\/007A1008.jpg\"><img aria-describedby=\"caption-attachment-13349\" loading=\"lazy\" class=\"size-large wp-image-13349\" src=\"https:\/\/static-blogs.lasprovincias.es\/wp-content\/uploads\/sites\/18\/2017\/09\/007A1008-1024x682.jpg\" alt=\"David Ariza en una fotograf\u00eda de V\u00edctor Corona.\" width=\"1024\" height=\"682\" srcset=\"https:\/\/static-blogs.lasprovincias.es\/wp-content\/uploads\/sites\/18\/2017\/09\/007A1008-1024x682.jpg 1024w, https:\/\/static-blogs.lasprovincias.es\/wp-content\/uploads\/sites\/18\/2017\/09\/007A1008-300x200.jpg 300w, https:\/\/static-blogs.lasprovincias.es\/wp-content\/uploads\/sites\/18\/2017\/09\/007A1008-768x512.jpg 768w, https:\/\/static-blogs.lasprovincias.es\/wp-content\/uploads\/sites\/18\/2017\/09\/007A1008.jpg 1214w\" sizes=\"(max-width: 1024px) 100vw, 1024px\" \/><\/a><p id=\"caption-attachment-13349\" class=\"wp-caption-text\">David Ariza en una fotograf\u00eda de V\u00edctor Corona.<\/p><\/div>\n<p>&nbsp;<\/p>\n<p>Llegu\u00e9 con \u00e9l hasta Benirrama y all\u00ed me present\u00f3 a <strong>V\u00edctor Navarro<\/strong>, bi\u00f3logo y ecologista hasta la m\u00e9dula, enamorado de su profesi\u00f3n y de la naturaleza hasta el \u00faltimo poro de su cuerpo. (Bueno, y de su nieta, que le roba el alma). Juntos nos adentramos en los montes de la Vall. Y gracias a ellos aprend\u00ed <strong>secretos de plantas silvestres y \u00e1rboles frutales capaces de sorprenderte por su belleza -que suele pasar desapercibida-, por su sabor -que suele ser desconocido-, por sus virtudes&#8230;.<\/strong> que se pierden con la desmemoria que se va instalando en los peque\u00f1os pueblos de monta\u00f1a.<\/p>\n<p style=\"text-align: center;\"><a href=\"https:\/\/static-blogs.lasprovincias.es\/wp-content\/uploads\/sites\/18\/2017\/09\/IMG_2173.jpg\"><img loading=\"lazy\" class=\"alignnone size-large wp-image-13351\" src=\"https:\/\/static-blogs.lasprovincias.es\/wp-content\/uploads\/sites\/18\/2017\/09\/IMG_2173-1024x661.jpg\" alt=\"img_2173\" width=\"1024\" height=\"661\" srcset=\"https:\/\/static-blogs.lasprovincias.es\/wp-content\/uploads\/sites\/18\/2017\/09\/IMG_2173.jpg 1024w, https:\/\/static-blogs.lasprovincias.es\/wp-content\/uploads\/sites\/18\/2017\/09\/IMG_2173-300x194.jpg 300w, https:\/\/static-blogs.lasprovincias.es\/wp-content\/uploads\/sites\/18\/2017\/09\/IMG_2173-768x496.jpg 768w\" sizes=\"(max-width: 1024px) 100vw, 1024px\" \/><\/a><\/p>\n<p style=\"text-align: center;\">\u00a0<img loading=\"lazy\" class=\"alignnone size-large wp-image-13353 aligncenter\" src=\"https:\/\/static-blogs.lasprovincias.es\/wp-content\/uploads\/sites\/18\/2017\/09\/IMG_2147-1024x683.jpg\" alt=\"img_2147\" width=\"1024\" height=\"683\" srcset=\"https:\/\/static-blogs.lasprovincias.es\/wp-content\/uploads\/sites\/18\/2017\/09\/IMG_2147.jpg 1024w, https:\/\/static-blogs.lasprovincias.es\/wp-content\/uploads\/sites\/18\/2017\/09\/IMG_2147-300x200.jpg 300w, https:\/\/static-blogs.lasprovincias.es\/wp-content\/uploads\/sites\/18\/2017\/09\/IMG_2147-768x512.jpg 768w\" sizes=\"(max-width: 1024px) 100vw, 1024px\" \/><\/p>\n<p>&nbsp;<\/p>\n<p>&#8220;Mira, prueba \u00e9sta que sabe a pimienta; y \u00e9sta&#8230; esto es la cochinilla, con ella se hace el carm\u00edn para los labios&#8230; y \u00e9sta es la flor del ajo&#8230;&#8221;. Visitamos<strong> la microreserva floral de &#8220;Les llomes de xap&#8221;, els despoblats moriscos de l&#8217;Atzuvieta, la Font d&#8217;Alcal\u00e0 y el Palau d&#8217; Al-Azraq&#8230;<\/strong> \u00a0Y as\u00ed pasamos la ma\u00f1ana, descubriendo, aprendiendo, que en el monte -el monte que tenemos a nuestro alrededor- y sus peque\u00f1as maravillas silvestres, tienen una riqueza estremecedora que no valoramos.<\/p>\n<p><a href=\"https:\/\/static-blogs.lasprovincias.es\/wp-content\/uploads\/sites\/18\/2017\/09\/IMG_2252.jpg\"><img loading=\"lazy\" class=\"alignnone size-large wp-image-13358 aligncenter\" src=\"https:\/\/static-blogs.lasprovincias.es\/wp-content\/uploads\/sites\/18\/2017\/09\/IMG_2252-1024x683.jpg\" alt=\"img_2252\" width=\"1024\" height=\"683\" srcset=\"https:\/\/static-blogs.lasprovincias.es\/wp-content\/uploads\/sites\/18\/2017\/09\/IMG_2252.jpg 1024w, https:\/\/static-blogs.lasprovincias.es\/wp-content\/uploads\/sites\/18\/2017\/09\/IMG_2252-300x200.jpg 300w, https:\/\/static-blogs.lasprovincias.es\/wp-content\/uploads\/sites\/18\/2017\/09\/IMG_2252-768x512.jpg 768w\" sizes=\"(max-width: 1024px) 100vw, 1024px\" \/><\/a><\/p>\n<p>&nbsp;<\/p>\n<p style=\"text-align: center;\"><a href=\"https:\/\/static-blogs.lasprovincias.es\/wp-content\/uploads\/sites\/18\/2017\/09\/IMG_2288.jpg\"><img loading=\"lazy\" class=\"alignnone size-large wp-image-13361\" src=\"https:\/\/static-blogs.lasprovincias.es\/wp-content\/uploads\/sites\/18\/2017\/09\/IMG_2288-1024x659.jpg\" alt=\"img_2288\" width=\"1024\" height=\"659\" srcset=\"https:\/\/static-blogs.lasprovincias.es\/wp-content\/uploads\/sites\/18\/2017\/09\/IMG_2288.jpg 1024w, https:\/\/static-blogs.lasprovincias.es\/wp-content\/uploads\/sites\/18\/2017\/09\/IMG_2288-300x193.jpg 300w, https:\/\/static-blogs.lasprovincias.es\/wp-content\/uploads\/sites\/18\/2017\/09\/IMG_2288-768x494.jpg 768w\" sizes=\"(max-width: 1024px) 100vw, 1024px\" \/><\/a><\/p>\n<p style=\"text-align: center;\"><a href=\"https:\/\/static-blogs.lasprovincias.es\/wp-content\/uploads\/sites\/18\/2017\/09\/IMG_2241.jpg\"><img loading=\"lazy\" class=\"alignnone size-large wp-image-13356\" src=\"https:\/\/static-blogs.lasprovincias.es\/wp-content\/uploads\/sites\/18\/2017\/09\/IMG_2241-1024x683.jpg\" alt=\"img_2241\" width=\"1024\" height=\"683\" srcset=\"https:\/\/static-blogs.lasprovincias.es\/wp-content\/uploads\/sites\/18\/2017\/09\/IMG_2241.jpg 1024w, https:\/\/static-blogs.lasprovincias.es\/wp-content\/uploads\/sites\/18\/2017\/09\/IMG_2241-300x200.jpg 300w, https:\/\/static-blogs.lasprovincias.es\/wp-content\/uploads\/sites\/18\/2017\/09\/IMG_2241-768x512.jpg 768w\" sizes=\"(max-width: 1024px) 100vw, 1024px\" \/><\/a><\/p>\n<p>Una acelga que te da br\u00edo, un hinojo que te llena de anises el paladar, un remedio contra el dolor de tripa&#8230; Raimet de pastor, <strong>una higuera abandonada con los frutos reclamando cari\u00f1o<\/strong>, el or\u00e9gano, el romero, las \u00faltimas almendras tiernas, las primeras listas para la recolecci\u00f3n, <strong>una flor cautivadora<\/strong> en la terraza de la casa de comidas a donde \u00edbamos a parar&#8230;<\/p>\n<p><img loading=\"lazy\" class=\"size-large wp-image-13362 aligncenter\" src=\"https:\/\/static-blogs.lasprovincias.es\/wp-content\/uploads\/sites\/18\/2017\/09\/IMG_2315-1024x683.jpg\" alt=\"img_2315\" width=\"1024\" height=\"683\" srcset=\"https:\/\/static-blogs.lasprovincias.es\/wp-content\/uploads\/sites\/18\/2017\/09\/IMG_2315.jpg 1024w, https:\/\/static-blogs.lasprovincias.es\/wp-content\/uploads\/sites\/18\/2017\/09\/IMG_2315-300x200.jpg 300w, https:\/\/static-blogs.lasprovincias.es\/wp-content\/uploads\/sites\/18\/2017\/09\/IMG_2315-768x512.jpg 768w\" sizes=\"(max-width: 1024px) 100vw, 1024px\" \/><\/p>\n<p>&nbsp;<\/p>\n<p style=\"text-align: center;\"><img loading=\"lazy\" class=\"alignnone size-large wp-image-13352\" src=\"https:\/\/static-blogs.lasprovincias.es\/wp-content\/uploads\/sites\/18\/2017\/09\/IMG_2221-1024x683.jpg\" alt=\"img_2221\" width=\"1024\" height=\"683\" srcset=\"https:\/\/static-blogs.lasprovincias.es\/wp-content\/uploads\/sites\/18\/2017\/09\/IMG_2221.jpg 1024w, https:\/\/static-blogs.lasprovincias.es\/wp-content\/uploads\/sites\/18\/2017\/09\/IMG_2221-300x200.jpg 300w, https:\/\/static-blogs.lasprovincias.es\/wp-content\/uploads\/sites\/18\/2017\/09\/IMG_2221-768x512.jpg 768w\" sizes=\"(max-width: 1024px) 100vw, 1024px\" \/><\/p>\n<p style=\"text-align: center;\"><span style=\"color: #cf0404;\">II.<strong> MIR\u00d3<\/strong> CUINA<\/span><\/p>\n<p style=\"text-align: left;\">El paseo por la monta\u00f1a desemboc\u00f3 en una parada y fonda en Benirrama. All\u00ed David y V\u00edctor me ten\u00edan preparada una m\u00e1s que satisfactoria sorpresa. Ten\u00eda nombre y rostro. Y mesa y cocina. <strong>Mir\u00f3 Cuina <\/strong>es uno de esos lugares que uno descubre por casualidades de la vida y que,<strong> cuando sale de \u00e9l, le da gracias a la Diosa de la Gastrosof\u00eda por haberlo puesto en su camino.<\/strong><\/p>\n<p><a href=\"https:\/\/static-blogs.lasprovincias.es\/wp-content\/uploads\/sites\/18\/2017\/09\/IMG_2335.jpg\"><img loading=\"lazy\" class=\"size-large wp-image-13363 aligncenter\" src=\"https:\/\/static-blogs.lasprovincias.es\/wp-content\/uploads\/sites\/18\/2017\/09\/IMG_2335-1024x683.jpg\" alt=\"img_2335\" width=\"1024\" height=\"683\" srcset=\"https:\/\/static-blogs.lasprovincias.es\/wp-content\/uploads\/sites\/18\/2017\/09\/IMG_2335.jpg 1024w, https:\/\/static-blogs.lasprovincias.es\/wp-content\/uploads\/sites\/18\/2017\/09\/IMG_2335-300x200.jpg 300w, https:\/\/static-blogs.lasprovincias.es\/wp-content\/uploads\/sites\/18\/2017\/09\/IMG_2335-768x512.jpg 768w\" sizes=\"(max-width: 1024px) 100vw, 1024px\" \/><\/a><\/p>\n<p>&nbsp;<\/p>\n<p><a href=\"https:\/\/static-blogs.lasprovincias.es\/wp-content\/uploads\/sites\/18\/2017\/09\/IMG_2332.jpg\"><img loading=\"lazy\" class=\"alignnone size-large wp-image-13366 aligncenter\" src=\"https:\/\/static-blogs.lasprovincias.es\/wp-content\/uploads\/sites\/18\/2017\/09\/IMG_2332-1024x656.jpg\" alt=\"img_2332\" width=\"1024\" height=\"656\" srcset=\"https:\/\/static-blogs.lasprovincias.es\/wp-content\/uploads\/sites\/18\/2017\/09\/IMG_2332.jpg 1024w, https:\/\/static-blogs.lasprovincias.es\/wp-content\/uploads\/sites\/18\/2017\/09\/IMG_2332-300x192.jpg 300w, https:\/\/static-blogs.lasprovincias.es\/wp-content\/uploads\/sites\/18\/2017\/09\/IMG_2332-768x492.jpg 768w\" sizes=\"(max-width: 1024px) 100vw, 1024px\" \/><\/a><\/p>\n<p>&nbsp;<\/p>\n<p>En este restaurante, <strong>Enric y Marieta<\/strong> han dado vida a un sue\u00f1o: tener una casa de comidas repleta de gui\u00f1os (sus gui\u00f1os) en un lugar tan particular y sosegado como Benirrama. O cualquiera de esos pueblos de la monta\u00f1a alicantina que esconden vida a arrobas.<\/p>\n<p>Mir\u00f3 Cuina es un lugar sencillo: mesas de madera aglomerada, una estufa que espera la llegada del invierno, <strong>una despensa convertida en bodega<\/strong>, cuadros de Marieta por las paredes (recordando que lo suyo siempre fue las bellas artes)&#8230; Todo eso y una barra mimada en la que poder tomarte algo.<\/p>\n<p><img loading=\"lazy\" class=\"alignnone size-large wp-image-13365 aligncenter\" src=\"https:\/\/static-blogs.lasprovincias.es\/wp-content\/uploads\/sites\/18\/2017\/09\/IMG_2320-1024x683.jpg\" alt=\"img_2320\" width=\"1024\" height=\"683\" srcset=\"https:\/\/static-blogs.lasprovincias.es\/wp-content\/uploads\/sites\/18\/2017\/09\/IMG_2320.jpg 1024w, https:\/\/static-blogs.lasprovincias.es\/wp-content\/uploads\/sites\/18\/2017\/09\/IMG_2320-300x200.jpg 300w, https:\/\/static-blogs.lasprovincias.es\/wp-content\/uploads\/sites\/18\/2017\/09\/IMG_2320-768x512.jpg 768w\" sizes=\"(max-width: 1024px) 100vw, 1024px\" \/><\/p>\n<p>La carta se antoj\u00f3 completa; sorprendente por din\u00e1mica. De las que no te esperas porque en un lugar como Benirrama uno aspira a comer bien pero a base de platos caseros y tradicionales. Pero no, aqu\u00ed se nota la cercan\u00eda del mar y el abrazo de la monta\u00f1a, y Enric los a\u00fana de manera extraordinaria: pescados y verduras ganan la partida.<\/p>\n<p>En nuestro caso, me dej\u00e9 llevar por los anfitriones. Y fue una buena decisi\u00f3n. Buena como el <strong><span style=\"color: #ff9900;\">pan de elaboraci\u00f3n propia<\/span><\/strong> con el que se abre brecha, acompa\u00f1ado de un aceite espectacular de la zona: <span style=\"color: #ff9900;\"><strong>Muntanya de Benissili<\/strong><\/span>.<\/p>\n<p>&nbsp;<\/p>\n<p><img loading=\"lazy\" class=\"alignnone size-large wp-image-13369 aligncenter\" src=\"https:\/\/static-blogs.lasprovincias.es\/wp-content\/uploads\/sites\/18\/2017\/09\/IMG_2361-1024x683.jpg\" alt=\"img_2361\" width=\"1024\" height=\"683\" srcset=\"https:\/\/static-blogs.lasprovincias.es\/wp-content\/uploads\/sites\/18\/2017\/09\/IMG_2361.jpg 1024w, https:\/\/static-blogs.lasprovincias.es\/wp-content\/uploads\/sites\/18\/2017\/09\/IMG_2361-300x200.jpg 300w, https:\/\/static-blogs.lasprovincias.es\/wp-content\/uploads\/sites\/18\/2017\/09\/IMG_2361-768x512.jpg 768w\" sizes=\"(max-width: 1024px) 100vw, 1024px\" \/><\/p>\n<p>&nbsp;<\/p>\n<p>&nbsp;<\/p>\n<p style=\"text-align: center;\"><a href=\"https:\/\/static-blogs.lasprovincias.es\/wp-content\/uploads\/sites\/18\/2017\/09\/IMG_2354.jpg\"><img loading=\"lazy\" class=\"alignnone size-large wp-image-13368\" src=\"https:\/\/static-blogs.lasprovincias.es\/wp-content\/uploads\/sites\/18\/2017\/09\/IMG_2354-1024x683.jpg\" alt=\"img_2354\" width=\"1024\" height=\"683\" srcset=\"https:\/\/static-blogs.lasprovincias.es\/wp-content\/uploads\/sites\/18\/2017\/09\/IMG_2354.jpg 1024w, https:\/\/static-blogs.lasprovincias.es\/wp-content\/uploads\/sites\/18\/2017\/09\/IMG_2354-300x200.jpg 300w, https:\/\/static-blogs.lasprovincias.es\/wp-content\/uploads\/sites\/18\/2017\/09\/IMG_2354-768x512.jpg 768w\" sizes=\"(max-width: 1024px) 100vw, 1024px\" \/><\/a><\/p>\n<p>La primera sonrisa (y sorpresa) la arranc\u00f3 un bocado a base de <strong><span style=\"color: #ff9900;\">higo y anchoa<\/span><\/strong>, muy sabrosa y muy casero. El higo del terreno hab\u00eda sido recolectado esa misma ma\u00f1ana y manten\u00eda ese punto de madurez maravilloso, casi meloso, que te hablaba del entorno.\u00a0 La anchoa\u00a0 jurar\u00eda que la hab\u00eda limpiado ellos. <strong>Era justo lo que busc\u00e1bamos en aquella misi\u00f3n<\/strong>: poner en valor esas cosas sencillas y maravillosas que nos da la proximidad.<\/p>\n<p style=\"text-align: center;\"><a href=\"https:\/\/static-blogs.lasprovincias.es\/wp-content\/uploads\/sites\/18\/2017\/09\/IMG_2343.jpg\"><img loading=\"lazy\" class=\"alignnone size-large wp-image-13371\" src=\"https:\/\/static-blogs.lasprovincias.es\/wp-content\/uploads\/sites\/18\/2017\/09\/IMG_2343-1024x608.jpg\" alt=\"img_2343\" width=\"1024\" height=\"608\" srcset=\"https:\/\/static-blogs.lasprovincias.es\/wp-content\/uploads\/sites\/18\/2017\/09\/IMG_2343.jpg 1024w, https:\/\/static-blogs.lasprovincias.es\/wp-content\/uploads\/sites\/18\/2017\/09\/IMG_2343-300x178.jpg 300w, https:\/\/static-blogs.lasprovincias.es\/wp-content\/uploads\/sites\/18\/2017\/09\/IMG_2343-768x456.jpg 768w\" sizes=\"(max-width: 1024px) 100vw, 1024px\" \/><\/a><\/p>\n<p><span style=\"color: #ff9900;\"><strong>Caballa\u00a0 curada a la flama, tomate y ajonegro <\/strong><\/span>\u00a0(con sus toques de almendra) sigui\u00f3 escribiendo el discurso de esta propuesta que habla del Mediterr\u00e1neo y de la tradici\u00f3n bien conjugada. Un pescado humilde, aqu\u00ed ensalzado con arte. Como la reinterpretaci\u00f3n de la tradicional <strong><span style=\"color: #ff9900;\">coca de aceite, sardina, berenjena y pimiento rojo<\/span> <\/strong>que, desde la propia masa casera a los productos que la integran, daban como resultado un bocado extraordinario. Un<span style=\"color: #ff9900;\"><strong> tartar de at\u00fan marinado<\/strong><\/span> concluy\u00f3 el apartado de\u00a0los primeros bocados sorprendentes (por inesperados) y nos puso en disposici\u00f3n de dejarse seducir por un local que era un maravilloso viaje por la cocina tradicional pasado por el tamiz de Enric Mir\u00f3.<\/p>\n<p><a href=\"https:\/\/static-blogs.lasprovincias.es\/wp-content\/uploads\/sites\/18\/2017\/09\/IMG_2369.jpg\"><img loading=\"lazy\" class=\"alignnone size-large wp-image-13374 aligncenter\" src=\"https:\/\/static-blogs.lasprovincias.es\/wp-content\/uploads\/sites\/18\/2017\/09\/IMG_2369-1024x683.jpg\" alt=\"img_2369\" width=\"1024\" height=\"683\" srcset=\"https:\/\/static-blogs.lasprovincias.es\/wp-content\/uploads\/sites\/18\/2017\/09\/IMG_2369.jpg 1024w, https:\/\/static-blogs.lasprovincias.es\/wp-content\/uploads\/sites\/18\/2017\/09\/IMG_2369-300x200.jpg 300w, https:\/\/static-blogs.lasprovincias.es\/wp-content\/uploads\/sites\/18\/2017\/09\/IMG_2369-768x512.jpg 768w\" sizes=\"(max-width: 1024px) 100vw, 1024px\" \/><\/a><\/p>\n<p>&nbsp;<\/p>\n<p><a href=\"https:\/\/static-blogs.lasprovincias.es\/wp-content\/uploads\/sites\/18\/2017\/09\/IMG_2379.jpg\"><img loading=\"lazy\" class=\"size-large wp-image-13376 aligncenter\" src=\"https:\/\/static-blogs.lasprovincias.es\/wp-content\/uploads\/sites\/18\/2017\/09\/IMG_2379-1024x683.jpg\" alt=\"img_2379\" width=\"1024\" height=\"683\" srcset=\"https:\/\/static-blogs.lasprovincias.es\/wp-content\/uploads\/sites\/18\/2017\/09\/IMG_2379.jpg 1024w, https:\/\/static-blogs.lasprovincias.es\/wp-content\/uploads\/sites\/18\/2017\/09\/IMG_2379-300x200.jpg 300w, https:\/\/static-blogs.lasprovincias.es\/wp-content\/uploads\/sites\/18\/2017\/09\/IMG_2379-768x512.jpg 768w\" sizes=\"(max-width: 1024px) 100vw, 1024px\" \/><\/a><\/p>\n<p>&nbsp;<\/p>\n<p><a href=\"https:\/\/static-blogs.lasprovincias.es\/wp-content\/uploads\/sites\/18\/2017\/09\/IMG_2394.jpg\"><img loading=\"lazy\" class=\"alignnone size-large wp-image-13377 aligncenter\" src=\"https:\/\/static-blogs.lasprovincias.es\/wp-content\/uploads\/sites\/18\/2017\/09\/IMG_2394.jpg\" alt=\"img_2394\" width=\"1004\" height=\"664\" srcset=\"https:\/\/static-blogs.lasprovincias.es\/wp-content\/uploads\/sites\/18\/2017\/09\/IMG_2394.jpg 1004w, https:\/\/static-blogs.lasprovincias.es\/wp-content\/uploads\/sites\/18\/2017\/09\/IMG_2394-300x198.jpg 300w, https:\/\/static-blogs.lasprovincias.es\/wp-content\/uploads\/sites\/18\/2017\/09\/IMG_2394-768x508.jpg 768w\" sizes=\"(max-width: 1004px) 100vw, 1004px\" \/><\/a><\/p>\n<p>&nbsp;<\/p>\n<p>Me descoloc\u00f3 el<strong><span style=\"color: #ff9900;\"> kebab de panceta marinada<\/span><\/strong>, que sinceramente estaba muy rico pero, romp\u00eda un poco con ese discurso del terreno. Aunque igual es una cosa m\u00eda. Por contra, me entusiasm\u00f3, al nivel de que fue uno de los bocados que m\u00e1s me gust\u00f3, la <strong><span style=\"color: #ff9900;\">tempura de Roncaor<\/span><\/strong>\u00a0(TOP). Una tempura limpia, muy correcta, exquisita, de un pescado muy sabroso.<\/p>\n<p style=\"text-align: center;\"><a href=\"https:\/\/static-blogs.lasprovincias.es\/wp-content\/uploads\/sites\/18\/2017\/09\/IMG_2406.jpg\"><img loading=\"lazy\" class=\"alignnone size-large wp-image-13378\" src=\"https:\/\/static-blogs.lasprovincias.es\/wp-content\/uploads\/sites\/18\/2017\/09\/IMG_2406-1024x683.jpg\" alt=\"img_2406\" width=\"1024\" height=\"683\" srcset=\"https:\/\/static-blogs.lasprovincias.es\/wp-content\/uploads\/sites\/18\/2017\/09\/IMG_2406.jpg 1024w, https:\/\/static-blogs.lasprovincias.es\/wp-content\/uploads\/sites\/18\/2017\/09\/IMG_2406-300x200.jpg 300w, https:\/\/static-blogs.lasprovincias.es\/wp-content\/uploads\/sites\/18\/2017\/09\/IMG_2406-768x512.jpg 768w\" sizes=\"(max-width: 1024px) 100vw, 1024px\" \/><\/a><\/p>\n<p style=\"text-align: center;\"><a href=\"https:\/\/static-blogs.lasprovincias.es\/wp-content\/uploads\/sites\/18\/2017\/09\/IMG_2438-1280x853.jpg\"><img loading=\"lazy\" class=\"alignnone size-large wp-image-13381\" src=\"https:\/\/static-blogs.lasprovincias.es\/wp-content\/uploads\/sites\/18\/2017\/09\/IMG_2438-1280x853-1024x682.jpg\" alt=\"img_2438-1280x853\" width=\"1024\" height=\"682\" srcset=\"https:\/\/static-blogs.lasprovincias.es\/wp-content\/uploads\/sites\/18\/2017\/09\/IMG_2438-1280x853-1024x682.jpg 1024w, https:\/\/static-blogs.lasprovincias.es\/wp-content\/uploads\/sites\/18\/2017\/09\/IMG_2438-1280x853-300x200.jpg 300w, https:\/\/static-blogs.lasprovincias.es\/wp-content\/uploads\/sites\/18\/2017\/09\/IMG_2438-1280x853-768x512.jpg 768w, https:\/\/static-blogs.lasprovincias.es\/wp-content\/uploads\/sites\/18\/2017\/09\/IMG_2438-1280x853.jpg 1280w\" sizes=\"(max-width: 1024px) 100vw, 1024px\" \/><\/a><\/p>\n<p>La <strong><span style=\"color: #ff9900;\">cherna (o mero) con habas y remolacha<\/span> <\/strong>estaba deliciosa, aunque el subid\u00f3n final lleg\u00f3 con su <span style=\"color: #ff9900;\"><strong>cordero de la Vall, calabaza y aceitunas,\u00a0<\/strong><\/span>que era como poner el lazo a la visita a su cocina. Como decirte: &#8220;mira qu\u00e9 somos capaces de hacer&#8221;. El cordero, para que nos entendamos, era de hurras y bravos. TOP.<\/p>\n<p style=\"text-align: center;\"><a href=\"https:\/\/static-blogs.lasprovincias.es\/wp-content\/uploads\/sites\/18\/2017\/09\/IMG_2450.jpg\"><img loading=\"lazy\" class=\"alignnone size-large wp-image-13382\" src=\"https:\/\/static-blogs.lasprovincias.es\/wp-content\/uploads\/sites\/18\/2017\/09\/IMG_2450-1024x683.jpg\" alt=\"img_2450\" width=\"1024\" height=\"683\" srcset=\"https:\/\/static-blogs.lasprovincias.es\/wp-content\/uploads\/sites\/18\/2017\/09\/IMG_2450.jpg 1024w, https:\/\/static-blogs.lasprovincias.es\/wp-content\/uploads\/sites\/18\/2017\/09\/IMG_2450-300x200.jpg 300w, https:\/\/static-blogs.lasprovincias.es\/wp-content\/uploads\/sites\/18\/2017\/09\/IMG_2450-768x512.jpg 768w\" sizes=\"(max-width: 1024px) 100vw, 1024px\" \/><\/a><\/p>\n<p style=\"text-align: center;\"><a href=\"https:\/\/static-blogs.lasprovincias.es\/wp-content\/uploads\/sites\/18\/2017\/09\/IMG_2466-1280x853.jpg\"><img loading=\"lazy\" class=\"alignnone size-large wp-image-13384\" src=\"https:\/\/static-blogs.lasprovincias.es\/wp-content\/uploads\/sites\/18\/2017\/09\/IMG_2466-1280x853-1024x682.jpg\" alt=\"img_2466-1280x853\" width=\"1024\" height=\"682\" srcset=\"https:\/\/static-blogs.lasprovincias.es\/wp-content\/uploads\/sites\/18\/2017\/09\/IMG_2466-1280x853-1024x682.jpg 1024w, https:\/\/static-blogs.lasprovincias.es\/wp-content\/uploads\/sites\/18\/2017\/09\/IMG_2466-1280x853-300x200.jpg 300w, https:\/\/static-blogs.lasprovincias.es\/wp-content\/uploads\/sites\/18\/2017\/09\/IMG_2466-1280x853-768x512.jpg 768w, https:\/\/static-blogs.lasprovincias.es\/wp-content\/uploads\/sites\/18\/2017\/09\/IMG_2466-1280x853.jpg 1280w\" sizes=\"(max-width: 1024px) 100vw, 1024px\" \/><\/a><\/p>\n<p>Como osado te destaco el <strong><span style=\"color: #ff9900;\">sorbete de lim\u00f3n y alcaparras,<\/span><\/strong> que me pareci\u00f3 una genialidad. A m\u00ed eso de jugar en los postres con elementos como las alcaparras\u00a0 me parece genial. Me pas\u00f3, por ejemplo, con Enrique Medina y su helado de perejil en Apicius. Y para acabar el banquete, su <strong><span style=\"color: #ff9900;\">torrija de coco y leche merengada<\/span><\/strong>, a la que no le pongo ni un pero. Mas bien al contrario.<\/p>\n<p><a href=\"https:\/\/static-blogs.lasprovincias.es\/wp-content\/uploads\/sites\/18\/2017\/09\/IMG_2502.jpg\"><img loading=\"lazy\" class=\"size-large wp-image-13385 aligncenter\" src=\"https:\/\/static-blogs.lasprovincias.es\/wp-content\/uploads\/sites\/18\/2017\/09\/IMG_2502-1024x683.jpg\" alt=\"img_2502\" width=\"1024\" height=\"683\" srcset=\"https:\/\/static-blogs.lasprovincias.es\/wp-content\/uploads\/sites\/18\/2017\/09\/IMG_2502.jpg 1024w, https:\/\/static-blogs.lasprovincias.es\/wp-content\/uploads\/sites\/18\/2017\/09\/IMG_2502-300x200.jpg 300w, https:\/\/static-blogs.lasprovincias.es\/wp-content\/uploads\/sites\/18\/2017\/09\/IMG_2502-768x512.jpg 768w\" sizes=\"(max-width: 1024px) 100vw, 1024px\" \/><\/a><\/p>\n<p>&nbsp;<\/p>\n<p>&nbsp;<\/p>\n<p><a href=\"https:\/\/static-blogs.lasprovincias.es\/wp-content\/uploads\/sites\/18\/2017\/09\/IMG_2519.jpg\"><img loading=\"lazy\" class=\"size-large wp-image-13386 aligncenter\" src=\"https:\/\/static-blogs.lasprovincias.es\/wp-content\/uploads\/sites\/18\/2017\/09\/IMG_2519-1024x683.jpg\" alt=\"img_2519\" width=\"1024\" height=\"683\" srcset=\"https:\/\/static-blogs.lasprovincias.es\/wp-content\/uploads\/sites\/18\/2017\/09\/IMG_2519.jpg 1024w, https:\/\/static-blogs.lasprovincias.es\/wp-content\/uploads\/sites\/18\/2017\/09\/IMG_2519-300x200.jpg 300w, https:\/\/static-blogs.lasprovincias.es\/wp-content\/uploads\/sites\/18\/2017\/09\/IMG_2519-768x512.jpg 768w\" sizes=\"(max-width: 1024px) 100vw, 1024px\" \/><\/a><\/p>\n<p>&nbsp;<\/p>\n<p>En verdad es dif\u00edcil poner un pero a Mir\u00f3 Cuina, porque <strong>a m\u00ed sencillamente me parece digno de halago lo que est\u00e1n haciendo all\u00ed:<\/strong>\u00a0 en un lugar casi escondido, hacer una cocina de campanillas para quien se quiera acercar. La propuesta culinaria de Enric, que dej\u00f3 su local en el barrio de Russafa en Valencia para emprender esta aventura en Benirrama, merecen toda la suerte. Y que los guisos le acompa\u00f1en. Seguro que ser\u00e1 as\u00ed. S\u00f3lo falta que su legi\u00f3n de fieles y seguidores se vaya haciendo grande. Su cocina, en ese entorno, bien lo merece. Marieta, Enric y su equipo, tambi\u00e9n.<\/p>\n<p><img loading=\"lazy\" class=\"alignnone size-large wp-image-13364 aligncenter\" src=\"https:\/\/static-blogs.lasprovincias.es\/wp-content\/uploads\/sites\/18\/2017\/09\/IMG_2554-1280x853-1024x682.jpg\" alt=\"img_2554-1280x853\" width=\"1024\" height=\"682\" srcset=\"https:\/\/static-blogs.lasprovincias.es\/wp-content\/uploads\/sites\/18\/2017\/09\/IMG_2554-1280x853-1024x682.jpg 1024w, https:\/\/static-blogs.lasprovincias.es\/wp-content\/uploads\/sites\/18\/2017\/09\/IMG_2554-1280x853-300x200.jpg 300w, https:\/\/static-blogs.lasprovincias.es\/wp-content\/uploads\/sites\/18\/2017\/09\/IMG_2554-1280x853-768x512.jpg 768w, https:\/\/static-blogs.lasprovincias.es\/wp-content\/uploads\/sites\/18\/2017\/09\/IMG_2554-1280x853.jpg 1280w\" sizes=\"(max-width: 1024px) 100vw, 1024px\" \/><\/p>\n<p>&nbsp;<\/p>\n<p><img loading=\"lazy\" class=\"alignnone size-large wp-image-13360 aligncenter\" src=\"https:\/\/static-blogs.lasprovincias.es\/wp-content\/uploads\/sites\/18\/2017\/09\/IMG_2269-1024x683.jpg\" alt=\"img_2269\" width=\"1024\" height=\"683\" srcset=\"https:\/\/static-blogs.lasprovincias.es\/wp-content\/uploads\/sites\/18\/2017\/09\/IMG_2269.jpg 1024w, https:\/\/static-blogs.lasprovincias.es\/wp-content\/uploads\/sites\/18\/2017\/09\/IMG_2269-300x200.jpg 300w, https:\/\/static-blogs.lasprovincias.es\/wp-content\/uploads\/sites\/18\/2017\/09\/IMG_2269-768x512.jpg 768w\" sizes=\"(max-width: 1024px) 100vw, 1024px\" \/><\/p>\n<p style=\"text-align: center;\"><span style=\"color: #c40000;\">III. <strong>ATARDECER<\/strong> JUNTO AL MAR<\/span><\/p>\n<p>Mir\u00f3 Cuina, con su men\u00fa, hizo de bisagra entre la monta\u00f1a y el mar en esa jornada que compart\u00ed con David Ariza. Jornada que termin\u00f3 en Calpe, en su lonja, hablando con los pescadores y entendiendo sus necesidades. Y sus reivindicaciones. <span style=\"color: #000000;\"><strong>Algunas como la que les une a David, como el de poner en valor especies aut\u00f3ctonas consideradas de descarte repletas de virtudes, como nos mostr\u00f3 Enric con su cocina.<\/strong><\/span> &#8220;Mira, hay d\u00edas que la caballa casi no vale la pena ni pescarla&#8221;, me coment\u00f3 uno de los pescadores mientras me mostraba la imagen que quedaba en la lonja tras la subasta. Esa misma caballa que hab\u00edan comido al mediod\u00eda convertida en un manjar.<\/p>\n<p>&nbsp;<\/p>\n<p><a href=\"https:\/\/static-blogs.lasprovincias.es\/wp-content\/uploads\/sites\/18\/2017\/09\/IMG_2570.jpg\"><img loading=\"lazy\" class=\"size-large wp-image-13391 aligncenter\" src=\"https:\/\/static-blogs.lasprovincias.es\/wp-content\/uploads\/sites\/18\/2017\/09\/IMG_2570-1024x683.jpg\" alt=\"img_2570\" width=\"1024\" height=\"683\" srcset=\"https:\/\/static-blogs.lasprovincias.es\/wp-content\/uploads\/sites\/18\/2017\/09\/IMG_2570.jpg 1024w, https:\/\/static-blogs.lasprovincias.es\/wp-content\/uploads\/sites\/18\/2017\/09\/IMG_2570-300x200.jpg 300w, https:\/\/static-blogs.lasprovincias.es\/wp-content\/uploads\/sites\/18\/2017\/09\/IMG_2570-768x512.jpg 768w\" sizes=\"(max-width: 1024px) 100vw, 1024px\" \/><\/a><\/p>\n<p>&nbsp;<\/p>\n<p><a href=\"https:\/\/static-blogs.lasprovincias.es\/wp-content\/uploads\/sites\/18\/2017\/09\/IMG_2586.jpg\"><img loading=\"lazy\" class=\"size-large wp-image-13392 aligncenter\" src=\"https:\/\/static-blogs.lasprovincias.es\/wp-content\/uploads\/sites\/18\/2017\/09\/IMG_2586-1024x638.jpg\" alt=\"img_2586\" width=\"1024\" height=\"638\" srcset=\"https:\/\/static-blogs.lasprovincias.es\/wp-content\/uploads\/sites\/18\/2017\/09\/IMG_2586.jpg 1024w, https:\/\/static-blogs.lasprovincias.es\/wp-content\/uploads\/sites\/18\/2017\/09\/IMG_2586-300x187.jpg 300w, https:\/\/static-blogs.lasprovincias.es\/wp-content\/uploads\/sites\/18\/2017\/09\/IMG_2586-768x479.jpg 768w\" sizes=\"(max-width: 1024px) 100vw, 1024px\" \/><\/a><\/p>\n<p>&nbsp;<\/p>\n<p><a href=\"https:\/\/static-blogs.lasprovincias.es\/wp-content\/uploads\/sites\/18\/2017\/09\/IMG_2629.jpg\"><img loading=\"lazy\" class=\"alignnone size-large wp-image-13393 aligncenter\" src=\"https:\/\/static-blogs.lasprovincias.es\/wp-content\/uploads\/sites\/18\/2017\/09\/IMG_2629.jpg\" alt=\"img_2629\" width=\"896\" height=\"568\" srcset=\"https:\/\/static-blogs.lasprovincias.es\/wp-content\/uploads\/sites\/18\/2017\/09\/IMG_2629.jpg 896w, https:\/\/static-blogs.lasprovincias.es\/wp-content\/uploads\/sites\/18\/2017\/09\/IMG_2629-300x190.jpg 300w, https:\/\/static-blogs.lasprovincias.es\/wp-content\/uploads\/sites\/18\/2017\/09\/IMG_2629-768x487.jpg 768w\" sizes=\"(max-width: 896px) 100vw, 896px\" \/><\/a><\/p>\n<p>La vida del mar, de los pescados aut\u00f3ctonos que solemos utilizar como <em>morralla,\u00a0 <\/em>fueron\u00a0historias que se entrelazaron con aquel atardecer en el que los recuerdos y sabores a lo aut\u00e9ntico dejaron poso.<span style=\"color: #000000;\"><strong> Como si el Mediterr\u00e1neo, de nuevo el Mediterr\u00e1neo, nos hubiese engullido y nosotros nos hubi\u00e9semos dejado querer por \u00e9l.<\/strong> <\/span>No es para menos, la maravillosa despensa de nuestro mar y nuestro campo, tiene motivos como para entregarse a ella. Motivos y rostros, nombres propios, que llenan todo de vida.<\/p>\n<p style=\"text-align: right;\"><span style=\"color: #b50707;\"><strong>Seguiremos caminando<\/strong>\u00a0\u00a0<span style=\"color: #808080;\">#buscando<\/span><\/span><\/p>\n<p style=\"text-align: center;\"><a href=\"https:\/\/static-blogs.lasprovincias.es\/wp-content\/uploads\/sites\/18\/2017\/09\/IMG_2563.jpg\"><img loading=\"lazy\" class=\"alignnone size-large wp-image-13398\" src=\"https:\/\/static-blogs.lasprovincias.es\/wp-content\/uploads\/sites\/18\/2017\/09\/IMG_2563-1024x683.jpg\" alt=\"img_2563\" width=\"1024\" height=\"683\" srcset=\"https:\/\/static-blogs.lasprovincias.es\/wp-content\/uploads\/sites\/18\/2017\/09\/IMG_2563.jpg 1024w, https:\/\/static-blogs.lasprovincias.es\/wp-content\/uploads\/sites\/18\/2017\/09\/IMG_2563-300x200.jpg 300w, https:\/\/static-blogs.lasprovincias.es\/wp-content\/uploads\/sites\/18\/2017\/09\/IMG_2563-768x512.jpg 768w\" sizes=\"(max-width: 1024px) 100vw, 1024px\" \/><\/a><\/p>\n<!-- AddThis Advanced Settings generic via filter on the_content --><!-- AddThis Share Buttons generic via filter on the_content -->","protected":false},"excerpt":{"rendered":"<p>Mir\u00f3 Cuina es una casa de comidas con trazas de restaurante. Te sorprende cuando lo descubres en un peque\u00f1o pueblo de la Vall de Gallinera. En Benirrama. David Ariza es un cocinero obsesionado con poner en valor esos productos menores que esconden mucha magia, como las plantas silvestres comestibles o el pescado de descarte. Ambos, [&hellip;]<!-- AddThis Advanced Settings generic via filter on get_the_excerpt --><!-- AddThis Share Buttons generic via filter on get_the_excerpt --><\/p>\n","protected":false},"author":23,"featured_media":0,"comment_status":"open","ping_status":"open","sticky":false,"template":"","format":"standard","meta":[],"categories":[3,5,1,7],"tags":[1252,314,1253,1251,1250,1242],"_links":{"self":[{"href":"https:\/\/blogs.lasprovincias.es\/historiascondelantal\/wp-json\/wp\/v2\/posts\/13345"}],"collection":[{"href":"https:\/\/blogs.lasprovincias.es\/historiascondelantal\/wp-json\/wp\/v2\/posts"}],"about":[{"href":"https:\/\/blogs.lasprovincias.es\/historiascondelantal\/wp-json\/wp\/v2\/types\/post"}],"author":[{"embeddable":true,"href":"https:\/\/blogs.lasprovincias.es\/historiascondelantal\/wp-json\/wp\/v2\/users\/23"}],"replies":[{"embeddable":true,"href":"https:\/\/blogs.lasprovincias.es\/historiascondelantal\/wp-json\/wp\/v2\/comments?post=13345"}],"version-history":[{"count":15,"href":"https:\/\/blogs.lasprovincias.es\/historiascondelantal\/wp-json\/wp\/v2\/posts\/13345\/revisions"}],"predecessor-version":[{"id":13409,"href":"https:\/\/blogs.lasprovincias.es\/historiascondelantal\/wp-json\/wp\/v2\/posts\/13345\/revisions\/13409"}],"wp:attachment":[{"href":"https:\/\/blogs.lasprovincias.es\/historiascondelantal\/wp-json\/wp\/v2\/media?parent=13345"}],"wp:term":[{"taxonomy":"category","embeddable":true,"href":"https:\/\/blogs.lasprovincias.es\/historiascondelantal\/wp-json\/wp\/v2\/categories?post=13345"},{"taxonomy":"post_tag","embeddable":true,"href":"https:\/\/blogs.lasprovincias.es\/historiascondelantal\/wp-json\/wp\/v2\/tags?post=13345"}],"curies":[{"name":"wp","href":"https:\/\/api.w.org\/{rel}","templated":true}]}}