{"id":13455,"date":"2017-09-23T07:00:32","date_gmt":"2017-09-23T05:00:32","guid":{"rendered":"http:\/\/blogs.lasprovincias.es\/historiascondelantal\/?p=13455"},"modified":"2017-09-23T09:04:18","modified_gmt":"2017-09-23T07:04:18","slug":"los-cocineros-del-futuro-toman-posiciones","status":"publish","type":"post","link":"https:\/\/blogs.lasprovincias.es\/historiascondelantal\/2017\/09\/23\/los-cocineros-del-futuro-toman-posiciones\/","title":{"rendered":"Los cocineros del futuro toman posiciones"},"content":{"rendered":"<p>Hace un a\u00f1o, poniendo en pr\u00e1ctica una de estas locuras que suele ejecutar este esp\u00eda del delantal, reunimos <strong><span style=\"color: #ff9900;\">a seis cocineros con futuro<\/span><\/strong> para conversar con ellos, hablar de sus planes y conocer sus inquietudes. Un a\u00f1o despu\u00e9s, cada uno de ellos ha vivido un importante tramo en su vida profesional. Cada cual con una intensidad y con unos resultados. Aunque en todos los casos, siguen en el camino. Y en todos los casos, con mucha traves\u00eda por delante. Ahora te cuento <strong>qu\u00e9 ha sido de ellos<\/strong> y, de paso, incorporamos al club a <strong><span style=\"color: #ff9900;\">cuatro nombres propios m\u00e1s<\/span><\/strong>. Otros cuatro j\u00f3venes cocinero que seguro van a sembrar muchas alegr\u00edas gastron\u00f3micas en el planeta de las Gastrosof\u00edas.<\/p>\n<p style=\"text-align: center;\"><strong>El equipo crece y el equipo promete.<\/strong><\/p>\n<h2 style=\"text-align: center;\"><span style=\"color: #ff6600;\">YA SON DIEZ<\/span><\/h2>\n<p style=\"text-align: center;\"><span style=\"color: #ff6600;\">Los que<strong> entran<\/strong>&#8230;<\/span><br \/>\n<a href=\"https:\/\/static-blogs.lasprovincias.es\/wp-content\/uploads\/sites\/18\/2017\/09\/IMG_4894.jpeg\"><img loading=\"lazy\" class=\"alignnone size-full wp-image-13495\" src=\"https:\/\/static-blogs.lasprovincias.es\/wp-content\/uploads\/sites\/18\/2017\/09\/IMG_4894.jpeg\" alt=\"img_4894\" width=\"640\" height=\"320\" srcset=\"https:\/\/static-blogs.lasprovincias.es\/wp-content\/uploads\/sites\/18\/2017\/09\/IMG_4894.jpeg 640w, https:\/\/static-blogs.lasprovincias.es\/wp-content\/uploads\/sites\/18\/2017\/09\/IMG_4894-300x150.jpeg 300w\" sizes=\"(max-width: 640px) 100vw, 640px\" \/><\/a><\/p>\n<p style=\"text-align: center;\"><span style=\"color: #ff6600;\">&#8230; los que <strong>siguen<\/strong>.<\/span><\/p>\n<p><a href=\"https:\/\/static-blogs.lasprovincias.es\/wp-content\/uploads\/sites\/18\/2017\/09\/IMG_4889.jpeg\"><img loading=\"lazy\" class=\"alignnone size-large wp-image-13460 aligncenter\" src=\"https:\/\/static-blogs.lasprovincias.es\/wp-content\/uploads\/sites\/18\/2017\/09\/IMG_4889.jpeg\" alt=\"img_4889\" width=\"640\" height=\"640\" srcset=\"https:\/\/static-blogs.lasprovincias.es\/wp-content\/uploads\/sites\/18\/2017\/09\/IMG_4889.jpeg 640w, https:\/\/static-blogs.lasprovincias.es\/wp-content\/uploads\/sites\/18\/2017\/09\/IMG_4889-150x150.jpeg 150w, https:\/\/static-blogs.lasprovincias.es\/wp-content\/uploads\/sites\/18\/2017\/09\/IMG_4889-300x300.jpeg 300w\" sizes=\"(max-width: 640px) 100vw, 640px\" \/><\/a><\/p>\n<p><strong>Miguel \u00c1ngel Mayor<\/strong> (33 a\u00f1os, <strong><span style=\"color: #f09c48;\">Sucede<\/span><\/strong>); \u00a0<strong>Eduardo Espejo<\/strong> (27 a\u00f1os, <strong><span style=\"color: #f09c48;\">Hon\u00f4o<\/span><\/strong>);\u00a0<strong>Toshi Kai<\/strong> (33 a\u00f1os, <strong><span style=\"color: #f09c48;\">Seu Xerea<\/span><\/strong> ) y <strong>Clara Vidal<\/strong> (28 a\u00f1os, <span style=\"color: #f09c48;\"><strong>Nozomi<\/strong><\/span>) se suman a los ya conocidos. <strong>Rakel Cernicharo <\/strong>(33 a\u00f1os,\u00a0<span style=\"color: #f09c48;\"><strong>Karak<\/strong><\/span>),\u00a0<strong>Sergi Peris<\/strong> (27 a\u00f1os. nuevo proyecto en el <strong><span style=\"color: #f09c48;\">barrio de Roca<\/span><\/strong>), <strong>Pablo Marg\u00f3s <\/strong>(27 a\u00f1os,\u00a0<span style=\"color: #f09c48;\"><strong>Bairetas y Pelayo<\/strong><\/span>),\u00a0<strong>Mar\u00eda Jos\u00e9 Mart\u00ednez <\/strong>(32 a\u00f1os,\u00a0<span style=\"color: #f09c48;\"><strong>Lienzo<\/strong><\/span>), <strong>Pablo Ministro <\/strong>(29 a\u00f1os,\u00a0<strong><span style=\"color: #f09c48;\">Contrapunto y Little Queen<\/span><\/strong>),\u00a0\u00a0y <strong>Junior Franco <\/strong>(30 a\u00f1os,\u00a0<strong><span style=\"color: #f09c48;\">Para\u00edso Travel<\/span><\/strong>).<\/p>\n<h3 style=\"text-align: center;\"><span style=\"color: #ff6600;\">\u2014Las cucharas siguen vivas!<\/span><\/h3>\n<p style=\"text-align: center;\"><a href=\"https:\/\/static-blogs.lasprovincias.es\/wp-content\/uploads\/sites\/18\/2017\/09\/IMG_4876.png\"><img loading=\"lazy\" class=\"alignnone size-full wp-image-13458\" src=\"https:\/\/static-blogs.lasprovincias.es\/wp-content\/uploads\/sites\/18\/2017\/09\/IMG_4876.png\" alt=\"img_4876\" width=\"640\" height=\"480\" srcset=\"https:\/\/static-blogs.lasprovincias.es\/wp-content\/uploads\/sites\/18\/2017\/09\/IMG_4876.png 640w, https:\/\/static-blogs.lasprovincias.es\/wp-content\/uploads\/sites\/18\/2017\/09\/IMG_4876-300x225.png 300w\" sizes=\"(max-width: 640px) 100vw, 640px\" \/><\/a><\/p>\n<p><!--more--><\/p>\n<h2 style=\"text-align: center;\"><span style=\"color: #ff9900;\">\u00a6<\/span><\/h2>\n<h3 style=\"text-align: center;\"><span style=\"color: #ff9900;\">As\u00ed Empez\u00f3 Todo<\/span><\/h3>\n<p style=\"text-align: center;\"><img loading=\"lazy\" class=\"alignnone size-large wp-image-13461\" src=\"https:\/\/static-blogs.lasprovincias.es\/wp-content\/uploads\/sites\/18\/2017\/09\/14232020_1240968899270740_4278316093675758673_o-820x1024.jpg\" alt=\"14232020_1240968899270740_4278316093675758673_o\" width=\"820\" height=\"1024\" srcset=\"https:\/\/static-blogs.lasprovincias.es\/wp-content\/uploads\/sites\/18\/2017\/09\/14232020_1240968899270740_4278316093675758673_o-820x1024.jpg 820w, https:\/\/static-blogs.lasprovincias.es\/wp-content\/uploads\/sites\/18\/2017\/09\/14232020_1240968899270740_4278316093675758673_o-240x300.jpg 240w, https:\/\/static-blogs.lasprovincias.es\/wp-content\/uploads\/sites\/18\/2017\/09\/14232020_1240968899270740_4278316093675758673_o-768x959.jpg 768w, https:\/\/static-blogs.lasprovincias.es\/wp-content\/uploads\/sites\/18\/2017\/09\/14232020_1240968899270740_4278316093675758673_o.jpg 1080w\" sizes=\"(max-width: 820px) 100vw, 820px\" \/><\/p>\n<h1 style=\"text-align: center;\"><\/h1>\n<h2 style=\"text-align: center;\"><span style=\"color: #ff9900;\"><i>\u2014Las 4 incorporaciones\u2014\u00a0<\/i><\/span><\/h2>\n<p style=\"text-align: center;\"><span style=\"text-decoration: underline; color: #ff6600;\"><strong>MIGUEL \u00c1NGEL MAYOR<\/strong><\/span><br \/>\n<strong>Edad:\u00a033<\/strong> a\u00f1os<br \/>\n<strong>Restaurante<\/strong>:\u00a0<span style=\"color: #ff6600;\">Sucede<\/span><br \/>\n<strong>En un bocado:<\/strong>\u00a0Cocina sin red<br \/>\n<span style=\"color: #ff9900;\"><em>\u00abMe estoy haciendo m\u00e1s radical, m\u00e1s transgresor\u00bb<\/em><\/span><\/p>\n<p>A la n\u00f3mina de j\u00f3venes promesas que apuntamos el pasado a\u00f1o sumamos a uno de los grandes. <strong>Joven, con una vertiginosa trayectoria a sus espaldas y con muchos retos, no menos vertiginosos,\u00a0 por delante. <a href=\"https:\/\/blogs.lasprovincias.es\/historiascondelantal\/2016\/10\/09\/miguel-angel-mayor-sucede-y-el-menu-que-conquistara-valentia\/\">Miguel \u00c1ngel Mayor<\/a><\/strong> cumple en poco menos de un mes su primer a\u00f1o al frente de la cocina de Sucede y de los proyectos gastron\u00f3micos vinculados al <strong>Caro Hotel<\/strong>. Ahora mira al futuro y el futuro le pinta muy bien. &#8220;Ha sido un a\u00f1o muy bueno; creo que hemos logrado muchas cosas; y seguimos trabajando&#8221;, confiesa. Sigue trabajando en cosas que ya son una realidad, como su nuevo men\u00fa que es, como el mismo anuncia: &#8220;m\u00e1s radical, m\u00e1s transgresor&#8221;. Mayor lo tiene claro: &#8220;s\u00e9 que mi cocina o te gusta mucho o no te gusta&#8221;. La suerte de Valencia es tenerle a \u00e9l y a su cocina aqu\u00ed. Ahora toca el turno de los reconocimientos -que h\u00e1ganme caso, llegar\u00e1n tarde o temprano- y de nuevas aperturas -que h\u00e1ganme caso, tambi\u00e9n llegar\u00e1n-.<\/p>\n<div id=\"attachment_13467\" style=\"width: 767px\" class=\"wp-caption aligncenter\"><a href=\"https:\/\/static-blogs.lasprovincias.es\/wp-content\/uploads\/sites\/18\/2017\/09\/1200091306.jpg\"><img aria-describedby=\"caption-attachment-13467\" loading=\"lazy\" class=\"size-large wp-image-13467\" src=\"https:\/\/static-blogs.lasprovincias.es\/wp-content\/uploads\/sites\/18\/2017\/09\/1200091306-757x1024.jpg\" alt=\"Miguel Angel Mayor. Foto Irene Marsilla.\" width=\"757\" height=\"1024\" srcset=\"https:\/\/static-blogs.lasprovincias.es\/wp-content\/uploads\/sites\/18\/2017\/09\/1200091306.jpg 757w, https:\/\/static-blogs.lasprovincias.es\/wp-content\/uploads\/sites\/18\/2017\/09\/1200091306-222x300.jpg 222w\" sizes=\"(max-width: 757px) 100vw, 757px\" \/><\/a><p id=\"caption-attachment-13467\" class=\"wp-caption-text\">Miguel Angel Mayor. Foto Irene Marsilla.<\/p><\/div>\n<p>&nbsp;<\/p>\n<p style=\"text-align: center;\"><span style=\"text-decoration: underline; color: #ff6600;\"><strong>CLARA VIDAL<\/strong><\/span><\/p>\n<p style=\"text-align: center;\"><strong>Edad:\u00a0<\/strong> 28 a\u00f1os<br \/>\n<strong>Restaurante<\/strong>:\u00a0<span style=\"color: #ff6600;\">Nozomi<\/span><br \/>\n<strong>En un bocado:<\/strong>\u00a0La arquitectura del sushi<br \/>\n<span style=\"color: #ff9900;\"><em>\u00abEmpec\u00e9 a hacer sushi para relajarme <\/em><\/span><span style=\"color: #ff9900;\"><em>entre los ex\u00e1menes de la carrera\u00bb<\/em><\/span><\/p>\n<p>Decir Clara es decir <strong>Nozomi<\/strong>, uno de los restaurante que m\u00e1s impacto ha tenido en el panorama gastron\u00f3mico de la ciudad en los \u00faltimos tiempos. Bajo su hermoso techo (recuerda que llueven flores de cerezo)<strong> ha logrado crearse como cocinera y crecer a pasos agigantados (aunque serenos) en el mundo de la cocina nipona.<\/strong>\u00a0Esta joven, que inici\u00f3 su romance con el sushi a eso de los 16 a\u00f1os cuando lo prob\u00f3 en un wok, se fue metiendo poco a poco en esta aventura hasta quedar atrapada en ella. &#8220;Empec\u00e9 a hacer cocina japonesa casi para relajarme entre los ex\u00e1menes de la carrera&#8221;. Y s\u00ed, sac\u00f3 su titulaci\u00f3n de Arquitectura pero habl\u00f3 con sus padres y les dijo claramente sus intenciones: quer\u00eda dedicarse a construir&#8230; nigiris. <strong>Arquitectura culinaria con nombre de sushi.<\/strong> &#8220;Mis amigos me hab\u00eda animado a que enviara curr\u00edculo y <strong>Nuria y Jos\u00e9 Miguel<\/strong> (los due\u00f1os de Nozomi) me acogieron&#8221;. Ellos fueron y son los que le han tutelado. De hecho, siempre le ver\u00e1s mano a mano con la buena de Nuria.\u00a0 Y observ\u00e1ndola te dar\u00e1s cuenta de que est\u00e1s, sin dudarlo, ante una de las cocineras que despuntar\u00e1n en la cocina japonesa de nuestra ciudad. Cocinera de comida japonesa con una imparable trayectoria que recorrer por delante. &#8220;Espero estar en Nozomi mucho m\u00e1s tiempo; seguir aprendiendo&#8221;, sentencia.<\/p>\n<div id=\"attachment_13486\" style=\"width: 778px\" class=\"wp-caption aligncenter\"><a href=\"https:\/\/static-blogs.lasprovincias.es\/wp-content\/uploads\/sites\/18\/2017\/09\/9984bb96-bc85-4877-bba2-c9715643e9f6.jpg\"><img aria-describedby=\"caption-attachment-13486\" loading=\"lazy\" class=\"wp-image-13486 size-large\" src=\"https:\/\/static-blogs.lasprovincias.es\/wp-content\/uploads\/sites\/18\/2017\/09\/9984bb96-bc85-4877-bba2-c9715643e9f6-768x1024.jpg\" alt=\"9984bb96-bc85-4877-bba2-c9715643e9f6\" width=\"768\" height=\"1024\" srcset=\"https:\/\/static-blogs.lasprovincias.es\/wp-content\/uploads\/sites\/18\/2017\/09\/9984bb96-bc85-4877-bba2-c9715643e9f6-768x1024.jpg 768w, https:\/\/static-blogs.lasprovincias.es\/wp-content\/uploads\/sites\/18\/2017\/09\/9984bb96-bc85-4877-bba2-c9715643e9f6-225x300.jpg 225w, https:\/\/static-blogs.lasprovincias.es\/wp-content\/uploads\/sites\/18\/2017\/09\/9984bb96-bc85-4877-bba2-c9715643e9f6.jpg 1200w\" sizes=\"(max-width: 768px) 100vw, 768px\" \/><\/a><p id=\"caption-attachment-13486\" class=\"wp-caption-text\">Clara en su Nozomi, junto a la tabla y su cuchillo que tan feliz le hace. Foto cedida por la propia cocinera.<\/p><\/div>\n<p style=\"text-align: left;\">&#8220;Anoche me dijeron que esto que hacemos es arte&#8221;, me cont\u00f3. En efecto, lo es. <strong>De sus manos emerge la arquitectura del sushi.<\/strong> Arquitectura en manos de una mujer discreta, t\u00edmida, reservada&#8230;. mentalizada y entregada a la t\u00e9cnica, la est\u00e9tica, la filosof\u00eda, la magia que hay detr\u00e1s de cada bocado que nace de sus manos. S\u00ed, arte nip\u00f3n del que hablaremos y mucho.<\/p>\n<p style=\"text-align: center;\"><span style=\"text-decoration: underline; color: #ff6600;\"><strong>TOSHIYA KAI<\/strong><\/span><br \/>\n<strong>Edad:\u00a0<\/strong>33 a\u00f1os<br \/>\n<strong>Restaurante<\/strong>:\u00a0<span style=\"color: #ff6600;\">Seu Xerea<\/span><br \/>\n<strong>En un bocado:<\/strong>\u00a0Alma mediterr\u00e1nea<br \/>\n<span style=\"color: #ff9900;\"><em>\u00abSue\u00f1o con tener mi peque\u00f1o pero buen restaurante\u00bb<\/em><\/span><\/p>\n<p>Apostamos ahora por otro joven que tiene mucho que decir en la cocina. Se llama Toshi\u00a0 y tiene <strong>el coraz\u00f3n nip\u00f3n pero el alma mediterr\u00e1nea<\/strong>. Quiz\u00e1 porque pasar durante a\u00f1os por los fogones del <strong>Riff<\/strong> le precipit\u00f3 hacia el producto de estas tierras e hizo que se enamorara de \u00e9l. Naci\u00f3 entonces la combinaci\u00f3n perfecta: la cocina de aqu\u00ed bajo la filosof\u00eda oriental. Ahora es el cocinero del <strong>Seu Xerea<\/strong>, con una propuesta m\u00e1s que seria. Una cocina que va a m\u00e1s a la carrera. <a href=\"https:\/\/blogs.lasprovincias.es\/historiascondelantal\/2017\/04\/21\/seu-xerea-se-reencarna-en-la-cocina-de-toshi-kai\/\">(Ya te lo cont\u00e9)<\/a>. &#8220;Lo que m\u00e1s me gusta es trabajar los pescados azules&#8221;, confiesa. Lo mismo que confiesa que, cuando el horizonte -el futuro- se lo permita, quiere llegar a tener su propio restaurante.<strong> &#8220;Un peque\u00f1o pero muy buen restaurante&#8221;, asegura.<\/strong>\u00a0Un lugar donde el sabor se imponga a todo. Toshi, sin pretensiones, pero mucho arte culinario dentro. S\u00ed, hay futuro.<\/p>\n<div id=\"attachment_13468\" style=\"width: 1034px\" class=\"wp-caption aligncenter\"><a href=\"https:\/\/static-blogs.lasprovincias.es\/wp-content\/uploads\/sites\/18\/2017\/09\/1201063480.jpg\"><img aria-describedby=\"caption-attachment-13468\" loading=\"lazy\" class=\"size-large wp-image-13468\" src=\"https:\/\/static-blogs.lasprovincias.es\/wp-content\/uploads\/sites\/18\/2017\/09\/1201063480-1024x688.jpg\" alt=\"Toshi Kai. Fotograf\u0092a de: Damian Torres\" width=\"1024\" height=\"688\" srcset=\"https:\/\/static-blogs.lasprovincias.es\/wp-content\/uploads\/sites\/18\/2017\/09\/1201063480-1024x688.jpg 1024w, https:\/\/static-blogs.lasprovincias.es\/wp-content\/uploads\/sites\/18\/2017\/09\/1201063480-300x202.jpg 300w, https:\/\/static-blogs.lasprovincias.es\/wp-content\/uploads\/sites\/18\/2017\/09\/1201063480-768x516.jpg 768w\" sizes=\"(max-width: 1024px) 100vw, 1024px\" \/><\/a><p id=\"caption-attachment-13468\" class=\"wp-caption-text\">Toshi Kai. Fotograf\u0092a de: Damian Torres<\/p><\/div>\n<p><strong>\u00a0<\/strong><\/p>\n<p style=\"text-align: center;\"><span style=\"text-decoration: underline; color: #ff6600;\"><strong>EDUARDO ESPEJO<\/strong><\/span><br \/>\n<strong>Edad:<\/strong>\u00a027 a\u00f1os<br \/>\n<strong>Restaurante:\u00a0<\/strong><span style=\"color: #ff6600;\">Hon\u00f4o<\/span><strong><br \/>\n<\/strong><strong>En un bocado:<\/strong>\u00a0Brasas y boxeo<br \/>\n<span style=\"color: #ff9900;\"><em>\u00abMe divierte much\u00edsimo la cocina de Hon\u00f4o;\u00a0<\/em><\/span><em style=\"color: #ff9900;\">no quiero renunciar a ella nunca\u00bb<\/em><\/p>\n<p>Edu Espejo tiene 27 a\u00f1os, naci\u00f3 en X\u00e0tiva y empez\u00f3 a cocinar a los 18 en su ciudad natal. <strong>Canela y Clav<\/strong>o y <strong>Casa la Abuela, marcaron sus inicios<\/strong>. Los fogones le llevaron a <strong>Casa Marcial<\/strong> y a estar junto <strong>Quique Barella, <\/strong>hasta que acab\u00f3\u00a0desembocando en Hon\u00f4o, la braser\u00eda japonesa impulsada por\u00a0<strong>Ulises Menezo<\/strong>. Edu asegura orgulloso, un a\u00f1o despu\u00e9s de ponerse en marcha, que han conseguido metas que nunca pensaba. Recuerdo que empezamos con una o dos mesas y ahora llenamos a diario; estoy muy contento&#8221;. En la actualidad se ve ligado por mucho tiempo a los proyectos gastron\u00f3micos de Ulises y a la gastronom\u00eda que ahora practica. &#8220;\u00bfTe descubro lo \u00faltimo? Un arroz con leche a los Casa Marcial con sisho a la brasa&#8221;, me dijo.\u00a0 &#8220;A m\u00ed me gusta mucho la cocina que hacemos en Hon\u00f4o, no quiero renunciar a ella nunca; me divierte mucho&#8221;, asegura con esa frescura y entusiasmo que le acompa\u00f1a. Y le acompa\u00f1ar\u00e1. Lo lleva en la sangre. Atentos.<\/p>\n<p>&nbsp;<\/p>\n<div id=\"attachment_13471\" style=\"width: 961px\" class=\"wp-caption aligncenter\"><a href=\"https:\/\/static-blogs.lasprovincias.es\/wp-content\/uploads\/sites\/18\/2017\/09\/18222270_1346072285440133_8987357858039907742_n.jpg\"><img aria-describedby=\"caption-attachment-13471\" loading=\"lazy\" class=\"size-full wp-image-13471\" src=\"https:\/\/static-blogs.lasprovincias.es\/wp-content\/uploads\/sites\/18\/2017\/09\/18222270_1346072285440133_8987357858039907742_n.jpg\" alt=\"Eduardo Espejo,. Imagen cedida por el propio cocinero.\" width=\"951\" height=\"952\" srcset=\"https:\/\/static-blogs.lasprovincias.es\/wp-content\/uploads\/sites\/18\/2017\/09\/18222270_1346072285440133_8987357858039907742_n.jpg 951w, https:\/\/static-blogs.lasprovincias.es\/wp-content\/uploads\/sites\/18\/2017\/09\/18222270_1346072285440133_8987357858039907742_n-150x150.jpg 150w, https:\/\/static-blogs.lasprovincias.es\/wp-content\/uploads\/sites\/18\/2017\/09\/18222270_1346072285440133_8987357858039907742_n-300x300.jpg 300w, https:\/\/static-blogs.lasprovincias.es\/wp-content\/uploads\/sites\/18\/2017\/09\/18222270_1346072285440133_8987357858039907742_n-768x769.jpg 768w\" sizes=\"(max-width: 951px) 100vw, 951px\" \/><\/a><p id=\"caption-attachment-13471\" class=\"wp-caption-text\">Eduardo Espejo,. Imagen cedida por el propio cocinero.<\/p><\/div>\n<p>&nbsp;<\/p>\n<p>Con este plato gan\u00f3 el concurso de la Chufa que se organiz\u00f3 el pasado a\u00f1o. Un buen a\u00f1o para Edu&#8230;<\/p>\n<div id=\"attachment_13472\" style=\"width: 778px\" class=\"wp-caption aligncenter\"><a href=\"https:\/\/static-blogs.lasprovincias.es\/wp-content\/uploads\/sites\/18\/2017\/09\/cbbbe78c-9ebf-4010-8b38-630ae074c708.jpg\"><img aria-describedby=\"caption-attachment-13472\" loading=\"lazy\" class=\"size-large wp-image-13472\" src=\"https:\/\/static-blogs.lasprovincias.es\/wp-content\/uploads\/sites\/18\/2017\/09\/cbbbe78c-9ebf-4010-8b38-630ae074c708-768x1024.jpg\" alt=\"Fioto cedida por Edu Espejo.\" width=\"768\" height=\"1024\" srcset=\"https:\/\/static-blogs.lasprovincias.es\/wp-content\/uploads\/sites\/18\/2017\/09\/cbbbe78c-9ebf-4010-8b38-630ae074c708-768x1024.jpg 768w, https:\/\/static-blogs.lasprovincias.es\/wp-content\/uploads\/sites\/18\/2017\/09\/cbbbe78c-9ebf-4010-8b38-630ae074c708-225x300.jpg 225w, https:\/\/static-blogs.lasprovincias.es\/wp-content\/uploads\/sites\/18\/2017\/09\/cbbbe78c-9ebf-4010-8b38-630ae074c708.jpg 1200w\" sizes=\"(max-width: 768px) 100vw, 768px\" \/><\/a><p id=\"caption-attachment-13472\" class=\"wp-caption-text\">Foto cedida por Edu Espejo.<\/p><\/div>\n<h1 style=\"text-align: center;\"><\/h1>\n<h2 style=\"text-align: center;\"><em><span style=\"color: #ff9900;\">\u2014Los 6 que ya estaban\u2014<\/span><\/em><\/h2>\n<p style=\"text-align: center;\"><span style=\"text-decoration: underline; color: #ff6600;\"><strong>PABLO\u00a0MARG\u00d3S<\/strong><\/span><br \/>\n<strong>Edad:\u00a0<\/strong>27 a\u00f1os<br \/>\n<strong>Restaurante<\/strong>:\u00a0<span style=\"color: #ff6600;\">Las Bairetas (Chiva) y Pelayo<\/span><br \/>\n<strong>En un bocado:<\/strong>\u00a0Aire fresco para la tradici\u00f3n<br \/>\n<span style=\"color: #ff9900;\"><em>\u00abQuiero seguir\u00a0disfrutando en la\u00a0cocina; si no se<\/em> <em>disfruta, esto\u00a0pierde sentido<\/em><em>\u00bb<\/em><\/span><\/p>\n<p>Una de las aperturas m\u00e1s sonadas del \u00faltimo trimestre del a\u00f1o ser\u00e1, sin dudarlo, la del nuevo restaurante que va a dirigir el joven <strong>Pablo Marg\u00f3s<\/strong> en el trinquet de Valencia. <strong>Un proyecto que rezuma encanto y entusiasmo<\/strong> por todos los lados y con el que el cocinero de Las Bairetas est\u00e1 totalmente entusiasmado. Te contar\u00e9 todos los detalles (y mucho m\u00e1s) en mi pr\u00f3xima historia con delantal, pero que te sirva de aperitivo que all\u00ed, en Pelayo 8, aflorar\u00e1n las paellas de verdad, la cocina con arraigo, bocadillos de autor, tapas con gancho&#8230; \u00c9ste es el colof\u00f3n a un a\u00f1o vivido tambi\u00e9n con mucha intensidad por este joven de Chiva que siempre busca disfrutar en la cocina. Me lo dijo entonces y se lo repito yo a \u00e9l ahora: &#8220;Quiero\u00a0seguir\u00a0disfrutando en la\u00a0cocina; si no se\u00a0disfruta, esto\u00a0pierde sentido&#8221;.<\/p>\n<div id=\"attachment_13470\" style=\"width: 1034px\" class=\"wp-caption aligncenter\"><a href=\"https:\/\/static-blogs.lasprovincias.es\/wp-content\/uploads\/sites\/18\/2017\/09\/IMG_8813.jpg\"><img aria-describedby=\"caption-attachment-13470\" loading=\"lazy\" class=\"size-large wp-image-13470\" src=\"https:\/\/static-blogs.lasprovincias.es\/wp-content\/uploads\/sites\/18\/2017\/09\/IMG_8813-1024x768.jpg\" alt=\"Pablo en Las Bairetas. Ahora toca Pelayo.\" width=\"1024\" height=\"768\" srcset=\"https:\/\/static-blogs.lasprovincias.es\/wp-content\/uploads\/sites\/18\/2017\/09\/IMG_8813.jpg 1024w, https:\/\/static-blogs.lasprovincias.es\/wp-content\/uploads\/sites\/18\/2017\/09\/IMG_8813-300x225.jpg 300w, https:\/\/static-blogs.lasprovincias.es\/wp-content\/uploads\/sites\/18\/2017\/09\/IMG_8813-768x576.jpg 768w\" sizes=\"(max-width: 1024px) 100vw, 1024px\" \/><\/a><p id=\"caption-attachment-13470\" class=\"wp-caption-text\">Pablo en Las Bairetas. Ahora toca Pelayo.<\/p><\/div>\n<p>&nbsp;<\/p>\n<p style=\"text-align: center;\"><span style=\"text-decoration: underline; color: #ff6600;\"><strong>PABLO MINISTRO<\/strong><\/span><br \/>\n<strong>Edad:\u00a0<\/strong>29 a\u00f1os<br \/>\n<strong>Restaurante<\/strong>:\u00a0<strong>\u00a0<\/strong><span style=\"color: #ff6600;\">Palau de les Arts y Little Queen<\/span><strong><br \/>\nEn un bocado:<\/strong>\u00a0Sin tregua<\/p>\n<p style=\"text-align: center;\"><span style=\"color: #ff9900;\"><em>\u00abHa sido un a\u00f1o de v\u00e9rtigo en todos los sentidos\u00bb<\/em><\/span><\/p>\n<p>Cuando uno habla con Pablo y Pablo le cuenta todo lo que lleva entre manos, se da cuenta que est\u00e1 ante <strong>un cocinero que ha madurado y que, en apenas un a\u00f1o y medio, ha vivido un m\u00e1ster de gesti\u00f3n de empresas de v\u00e9rtigo<\/strong>. Pablo Ministro, que a\u00fan no supera los treinta, lleva entre manos en la actualidad:<strong> Contrapunto<\/strong>, el resto de dependencias gastron\u00f3micas de El <strong>Palau de les Arts<\/strong> (<strong>La Cantina<\/strong> -donde atiende entre trabajadores y alumnos a cerca de 200 personas a diario- y el sal\u00f3n <strong>Los Toros<\/strong> -destinado a eventos que se pondr\u00e1 en marcha en breve-) \u00a0y <strong>The Little Queen<\/strong>. &#8220;Como todos los que nos dedicamos a esto, sales de la escuela sabiendo cocinar, es lo que nos gusta, pero despu\u00e9s descubres lo importante que es saber gestionar, coordinar a 40 personas, tener clara la cuenta de explotaciones&#8230;&#8221;. El roquero que un d\u00eda se calz\u00f3 la chaquetilla sigue entusiasm\u00e1ndose al hablar con \u00e9l y sigue siendo ese buen tipo, con descaro pero a la vez con mucha cabeza, que tiene todos los ingredientes para hacer mucha carrera en esto de la gastronom\u00eda. Un a\u00f1o despu\u00e9s de presentarlo como tal, como cocinero de futuro, su trayectoria as\u00ed lo acredita. Le gusta el Rock &amp; Roll, se\u00f1or Ministro.<\/p>\n<div id=\"attachment_13469\" style=\"width: 1034px\" class=\"wp-caption aligncenter\"><a href=\"https:\/\/static-blogs.lasprovincias.es\/wp-content\/uploads\/sites\/18\/2017\/09\/58831248.jpg\"><img aria-describedby=\"caption-attachment-13469\" loading=\"lazy\" class=\"size-large wp-image-13469\" src=\"https:\/\/static-blogs.lasprovincias.es\/wp-content\/uploads\/sites\/18\/2017\/09\/58831248-1024x640.jpg\" alt=\"Pablo en el Restaurante del Hotel Reina Victoria. Fotograf\u0092a de: Damian Torres\" width=\"1024\" height=\"640\" srcset=\"https:\/\/static-blogs.lasprovincias.es\/wp-content\/uploads\/sites\/18\/2017\/09\/58831248-1024x640.jpg 1024w, https:\/\/static-blogs.lasprovincias.es\/wp-content\/uploads\/sites\/18\/2017\/09\/58831248-300x188.jpg 300w, https:\/\/static-blogs.lasprovincias.es\/wp-content\/uploads\/sites\/18\/2017\/09\/58831248-768x480.jpg 768w\" sizes=\"(max-width: 1024px) 100vw, 1024px\" \/><\/a><p id=\"caption-attachment-13469\" class=\"wp-caption-text\">Pablo en el Restaurante del Hotel Reina Victoria. Fotograf\u00eda de: Dami\u00e1n Torres<\/p><\/div>\n<p>&nbsp;<\/p>\n<p style=\"text-align: center;\"><span style=\"text-decoration: underline; color: #ff6600;\"><strong>JUNIOR FRANCO<\/strong><\/span><br \/>\n<strong>Edad:<\/strong>\u00a030 a\u00f1os<br \/>\n<strong>Restaurante:\u00a0 <\/strong><span style=\"color: #ff6600;\">Para\u00edso Travel (by Origen Clandestino)<\/span><strong><br \/>\n<\/strong><b>En bocado<\/b>: Pasaje a las alturas<br \/>\n<span style=\"color: #ff9900;\"><em>\u00abAhora toca pulir el Para\u00edso\u00bb<\/em><\/span><\/p>\n<p>Ya, s\u00ed, es una de mis debilidades gastron\u00f3micas. No por casualidad. <strong>El pasado a\u00f1o nos dijo que so\u00f1aba con un nuevo restaurante &#8220;y sacar en \u00e9l todo lo que llev\u00f3 dentro&#8221;<\/strong>. <strong>Junior Franco<\/strong> se crece ahora con Para\u00edso Travel. Un escal\u00f3n m\u00e1s en su traves\u00eda hacia las alturas.<\/p>\n<div id=\"attachment_13475\" style=\"width: 1034px\" class=\"wp-caption aligncenter\"><a href=\"https:\/\/static-blogs.lasprovincias.es\/wp-content\/uploads\/sites\/18\/2017\/09\/1202904771.jpg\"><img aria-describedby=\"caption-attachment-13475\" loading=\"lazy\" class=\"size-large wp-image-13475\" src=\"https:\/\/static-blogs.lasprovincias.es\/wp-content\/uploads\/sites\/18\/2017\/09\/1202904771-1024x683.jpg\" alt=\"Paraiso Travel.\" width=\"1024\" height=\"683\" srcset=\"https:\/\/static-blogs.lasprovincias.es\/wp-content\/uploads\/sites\/18\/2017\/09\/1202904771.jpg 1024w, https:\/\/static-blogs.lasprovincias.es\/wp-content\/uploads\/sites\/18\/2017\/09\/1202904771-300x200.jpg 300w, https:\/\/static-blogs.lasprovincias.es\/wp-content\/uploads\/sites\/18\/2017\/09\/1202904771-768x512.jpg 768w\" sizes=\"(max-width: 1024px) 100vw, 1024px\" \/><\/a><p id=\"caption-attachment-13475\" class=\"wp-caption-text\">Junior Franco, d\u00edas antes de abrir su Para\u00edso Travel. Foto Irene Marsilla.<\/p><\/div>\n<p>En s\u00f3lo un a\u00f1o hemos visto como se reinventa y abre las puertas a un horizonte repleto de sorpresas. De entrada, el joven colombiano ya ha conseguido cautivar a un buen pu\u00f1ado de <em>disfrutones<\/em> en el mes y medio que lleva en marcha su renovada taberna. &#8220;Estamos, poco a poco, puliendo el Para\u00edso&#8221;, me dijo. Sus platos tienen ese toque de magia que siempre le ha acompa\u00f1ado. Y el nuevo proyecto, esa frescura que le da vida a la cocina de Junior. El futuro que ante \u00e9l se dibuja le posiciona asentando este proyecto (algo osado por su \u00fanica gran mesa compartida) y planificando el que ser\u00e1 el nuevo <strong>Origen Clandestino<\/strong>. \u00c9ste \u00faltimo es el verdadero sue\u00f1o de Junior que, poco a poco, ya se va fraguando en su cabeza. Atentos.<\/p>\n<div id=\"attachment_13496\" style=\"width: 1034px\" class=\"wp-caption aligncenter\"><a href=\"https:\/\/static-blogs.lasprovincias.es\/wp-content\/uploads\/sites\/18\/2017\/09\/1202904658.jpg\"><img aria-describedby=\"caption-attachment-13496\" loading=\"lazy\" class=\"size-large wp-image-13496\" src=\"https:\/\/static-blogs.lasprovincias.es\/wp-content\/uploads\/sites\/18\/2017\/09\/1202904658-1024x683.jpg\" alt=\"Paraiso Travel. Foto Irene Marsilla.\" width=\"1024\" height=\"683\" srcset=\"https:\/\/static-blogs.lasprovincias.es\/wp-content\/uploads\/sites\/18\/2017\/09\/1202904658.jpg 1024w, https:\/\/static-blogs.lasprovincias.es\/wp-content\/uploads\/sites\/18\/2017\/09\/1202904658-300x200.jpg 300w, https:\/\/static-blogs.lasprovincias.es\/wp-content\/uploads\/sites\/18\/2017\/09\/1202904658-768x512.jpg 768w\" sizes=\"(max-width: 1024px) 100vw, 1024px\" \/><\/a><p id=\"caption-attachment-13496\" class=\"wp-caption-text\">Paraiso Travel. Foto Irene Marsilla.<\/p><\/div>\n<p>&nbsp;<\/p>\n<p style=\"text-align: center;\"><span style=\"text-decoration: underline; color: #ff6600;\"><strong>MAR\u00cdA JOS\u00c9 MART\u00cdNEZ<\/strong><\/span><br \/>\n<strong>Edad<\/strong>: 32 a\u00f1os<br \/>\n<strong>Restaurante<\/strong>:\u00a0<span style=\"color: #ff6600;\">Restaurante Lienzo<\/span><br \/>\n<strong>En un bocado:<\/strong>\u00a0Paso a paso<br \/>\n<span style=\"color: #ff9900;\"><em>\u00abYa hemos encontrado la estabilidad que busc\u00e1bamos\u00bb<\/em><\/span><\/p>\n<p>Hace un a\u00f1o me dijo: <strong>&#8220;lo que buscamos ahora es estabilidad&#8221;<\/strong>. Un a\u00f1o despu\u00e9s, Lienzo lo ha conseguido.\u00a0 No s\u00f3lo eso. Ha logrado estabilidad, ha logrado asentarse en Valencia como uno de los restaurantes de referencia de la ciudad, ha logrado que su nombre suene m\u00e1s all\u00e1 de Valencia y ha logrado que cuenten con ellas en muchos congresos y cert\u00e1menes culinarios que ya desvelar\u00e1 ella cuando quiera (si es que quiere contarlo). Yo me callo ;-). <strong>&#8220;\u00bfUn a\u00f1o despu\u00e9s? hemos hecho rentable esto, que ya es y andamos con cochas muy chulas&#8221;<\/strong>, me dijo. Y junto a ella, en Lienzo ya est\u00e1 <strong>Juanjo Soria<\/strong>, la media naranja de <strong>Mar\u00eda Jos\u00e9 Mart\u00ednez<\/strong> en los sentimental y profesional, llevando de pleno la sala. &#8220;Ahora va con traje&#8221;, asegura entre risas. Cambiar la carta, con gui\u00f1os m\u00e1s osados, y cumplir con un calendario repleto de compromisos marcan su horizonte. Estamos al tanto. Y volvemos pronto por Lienzo. <strong>Pasito a pasito, haci\u00e9ndose grandes.<\/strong><\/p>\n<div id=\"attachment_13477\" style=\"width: 1034px\" class=\"wp-caption aligncenter\"><a href=\"https:\/\/static-blogs.lasprovincias.es\/wp-content\/uploads\/sites\/18\/2017\/09\/56483389.jpg\"><img aria-describedby=\"caption-attachment-13477\" loading=\"lazy\" class=\"size-large wp-image-13477\" src=\"https:\/\/static-blogs.lasprovincias.es\/wp-content\/uploads\/sites\/18\/2017\/09\/56483389-1024x683.jpg\" alt=\"Restaurante Lienzo.\" width=\"1024\" height=\"683\" srcset=\"https:\/\/static-blogs.lasprovincias.es\/wp-content\/uploads\/sites\/18\/2017\/09\/56483389.jpg 1024w, https:\/\/static-blogs.lasprovincias.es\/wp-content\/uploads\/sites\/18\/2017\/09\/56483389-300x200.jpg 300w, https:\/\/static-blogs.lasprovincias.es\/wp-content\/uploads\/sites\/18\/2017\/09\/56483389-768x512.jpg 768w\" sizes=\"(max-width: 1024px) 100vw, 1024px\" \/><\/a><p id=\"caption-attachment-13477\" class=\"wp-caption-text\">A Mar\u00eda Jos\u00e9 hay que sacarla con Juanjo, su pareja. Aunque la cocina, est\u00e1 en sus manos. Foto LP.<\/p><\/div>\n<p>&nbsp;<\/p>\n<p style=\"text-align: center;\"><span style=\"text-decoration: underline; color: #ff6600;\"><strong>SERGI PERIS<\/strong><\/span><br \/>\n<strong>Edad:<\/strong>\u00a026 a\u00f1os<br \/>\n<strong>Restaurante:\u00a0<\/strong><span style=\"color: #ff6600;\">Nuevo restaurante en Roca<\/span><br \/>\n<strong>En un bocado:<\/strong>\u00a0Nuevos tiempos<br \/>\n<span style=\"color: #ff9900;\"><em>\u00abTengo ganas de volver a empezar\u00bb<\/em><\/span><\/p>\n<p><strong>Sergi Peris<\/strong> estrenar\u00e1 casa en Roca. En su barrio natal de Meliana. Entre huertas y ra\u00edces personales y culturales. El joven chef iniciar\u00e1 en ese instante una nueva etapa. Dice que ser\u00e1 en semanas. El cocinero, que tiene un chispa intuitiva dentro de mucho valor y que ha pasado el verano cocinando en Mallorca, cuenta el rpoyecto con pausa, con tranquilidad, paso a paso&#8230;. &#8220;Ahora voy a descansar una semana&#8221;, me dice. El restaurante o casa de comidas que quiere abre un nuevo tiempo despu\u00e9s de una trayectoria de muchas subidas y alguna bajada, de esas de las que toca levantarse para seguir hacia delante. De los fracasos tambi\u00e9n se aprende.<\/p>\n<div id=\"attachment_13478\" style=\"width: 1034px\" class=\"wp-caption aligncenter\"><a href=\"https:\/\/static-blogs.lasprovincias.es\/wp-content\/uploads\/sites\/18\/2017\/09\/54854469-1.jpg\"><img aria-describedby=\"caption-attachment-13478\" loading=\"lazy\" class=\"size-large wp-image-13478\" src=\"https:\/\/static-blogs.lasprovincias.es\/wp-content\/uploads\/sites\/18\/2017\/09\/54854469-1-1024x683.jpg\" alt=\"Sergi se vuelve a poner la chaquetilla para emprender un nuevo proyecto. Fotograf\u00eda de Jes\u00fas Signes.\" width=\"1024\" height=\"683\" srcset=\"https:\/\/static-blogs.lasprovincias.es\/wp-content\/uploads\/sites\/18\/2017\/09\/54854469-1.jpg 1024w, https:\/\/static-blogs.lasprovincias.es\/wp-content\/uploads\/sites\/18\/2017\/09\/54854469-1-300x200.jpg 300w, https:\/\/static-blogs.lasprovincias.es\/wp-content\/uploads\/sites\/18\/2017\/09\/54854469-1-768x512.jpg 768w\" sizes=\"(max-width: 1024px) 100vw, 1024px\" \/><\/a><p id=\"caption-attachment-13478\" class=\"wp-caption-text\">Sergi se vuelve a poner la chaquetilla para emprender un nuevo proyecto. Fotograf\u00eda de Jes\u00fas Signes.<\/p><\/div>\n<p>Tras el cierre de su local en la Galer\u00eda Jorge Juan, rehar\u00e1 su vida como chef con este local en mitad de la huerta que habla de donde naci\u00f3, de la cocina de tradici\u00f3n y del arraigo. Una casa de campo en Roca que tendr\u00e1 su propio huerto, que tiene certificaci\u00f3n de local ecol\u00f3gico y en el que habr\u00e1 lugar para los arroces a le\u00f1a y mucha tranquilidad. &#8220;Queremos que sea tanto para que disfrute una pareja como una familia&#8221;, relata. <strong>&#8220;Estos muy ilusionado y con ganas de volver a empezar aqu\u00ed&#8221;, confiesa.<\/strong>\u00a0Siempre hay que volver a empezar y, qui\u00e9n sabe, quiz\u00e1 Sergi guarda alguna sorpresa m\u00e1s&#8230; pero, de nuevo, me toca callar. Toca esperar. Compromisos de esp\u00eda. Querido amigo-cocinero, mucha suerte.<\/p>\n<p>&nbsp;<\/p>\n<p style=\"text-align: center;\"><span style=\"text-decoration: underline; color: #ff6600;\"><strong>RAKEL CERNICHARO<\/strong><\/span><br \/>\n<strong>Edad:<\/strong>\u00a033 a\u00f1os<br \/>\n<strong>Restaurante:\u00a0<\/strong><span style=\"color: #ff6600;\">Nuevo <\/span><span style=\"color: #ff6600;\">Karak<\/span><strong><br \/>\nEn un bocado:<\/strong>\u00a0En plena eclosi\u00f3n<\/p>\n<p style=\"text-align: justify;\">Decir que el \u00faltimo a\u00f1o ha sido bueno para Rakel Cernicharo es una obviedad. De hecho, la joven a la que el programa de televisi\u00f3n Top Chef encumbr\u00f3, la vida se le ha revolucionado. M\u00e1s de lo revolucionada que ella iba, que les aseguro que no era poco. Tras el premio del concurso medi\u00e1tico, al que se enfrent\u00f3 con temor cuando hace justo un a\u00f1o superaba las pruebas y le daban el visto bueno para entrar, se le han precipitado las cosas. Tanto que en esos doce meses ha visto c\u00f3mo su peque\u00f1o Karak de la calle Baja se ha reconvertido en uno bien grande y hermoso, que promete ser exitoso, en los bajos de un hotel. La joven, que en su d\u00eda me cautiv\u00f3 con su plato de panceta con su particular bot\u00e1nica, est\u00e1 viviendo de lleno el hurac\u00e1n post Top Chef. Su andadura hacia el \u00e9xito ha empezado, pero toca asentarlo&#8230;. Seguro que lo logra. Suerte.<\/p>\n<div id=\"attachment_13157\" style=\"width: 1034px\" class=\"wp-caption aligncenter\"><a href=\"https:\/\/static-blogs.lasprovincias.es\/wp-content\/uploads\/sites\/18\/2017\/09\/20170829_191136-1280x960.jpg\"><img aria-describedby=\"caption-attachment-13157\" loading=\"lazy\" class=\"wp-image-13157 size-large\" src=\"https:\/\/static-blogs.lasprovincias.es\/wp-content\/uploads\/sites\/18\/2017\/09\/20170829_191136-1280x960-1024x768.jpg\" alt=\"20170829_191136-1280x960\" width=\"1024\" height=\"768\" srcset=\"https:\/\/static-blogs.lasprovincias.es\/wp-content\/uploads\/sites\/18\/2017\/09\/20170829_191136-1280x960-1024x768.jpg 1024w, https:\/\/static-blogs.lasprovincias.es\/wp-content\/uploads\/sites\/18\/2017\/09\/20170829_191136-1280x960-300x225.jpg 300w, https:\/\/static-blogs.lasprovincias.es\/wp-content\/uploads\/sites\/18\/2017\/09\/20170829_191136-1280x960-768x576.jpg 768w, https:\/\/static-blogs.lasprovincias.es\/wp-content\/uploads\/sites\/18\/2017\/09\/20170829_191136-1280x960.jpg 1280w\" sizes=\"(max-width: 1024px) 100vw, 1024px\" \/><\/a><p id=\"caption-attachment-13157\" class=\"wp-caption-text\">Imagen cedida por el restaurante Karak. La cocinera antes de empezar su nueva aventura.<\/p><\/div>\n<p>Hay<strong> m\u00e1s, muchos m\u00e1s j\u00f3venes en Valencia y fuera de ella, que marcar\u00e1n el futuro<\/strong> del delantal. Seguiremos buscan\u00e1ndolos. Y nos seguiremos enamorando del ma\u00f1ana. SEGUIREMOS.<\/p>\n<p>&nbsp;<\/p>\n<p style=\"text-align: center;\"><a href=\"https:\/\/static-blogs.lasprovincias.es\/wp-content\/uploads\/sites\/18\/2017\/09\/IMG_4765-1.jpeg\"><img loading=\"lazy\" class=\"alignnone size-large wp-image-13498\" src=\"https:\/\/static-blogs.lasprovincias.es\/wp-content\/uploads\/sites\/18\/2017\/09\/IMG_4765-1-1024x451.jpeg\" alt=\"img_4765\" width=\"1024\" height=\"451\" srcset=\"https:\/\/static-blogs.lasprovincias.es\/wp-content\/uploads\/sites\/18\/2017\/09\/IMG_4765-1-1024x451.jpeg 1024w, https:\/\/static-blogs.lasprovincias.es\/wp-content\/uploads\/sites\/18\/2017\/09\/IMG_4765-1-300x132.jpeg 300w, https:\/\/static-blogs.lasprovincias.es\/wp-content\/uploads\/sites\/18\/2017\/09\/IMG_4765-1-768x338.jpeg 768w, https:\/\/static-blogs.lasprovincias.es\/wp-content\/uploads\/sites\/18\/2017\/09\/IMG_4765-1.jpeg 2047w\" sizes=\"(max-width: 1024px) 100vw, 1024px\" \/><\/a><\/p>\n<p>&nbsp;<\/p>\n<!-- AddThis Advanced Settings generic via filter on the_content --><!-- AddThis Share Buttons generic via filter on the_content -->","protected":false},"excerpt":{"rendered":"<p>Hace un a\u00f1o, poniendo en pr\u00e1ctica una de estas locuras que suele ejecutar este esp\u00eda del delantal, reunimos a seis cocineros con futuro para conversar con ellos, hablar de sus planes y conocer sus inquietudes. Un a\u00f1o despu\u00e9s, cada uno de ellos ha vivido un importante tramo en su vida profesional. Cada cual con una [&hellip;]<!-- AddThis Advanced Settings generic via filter on get_the_excerpt --><!-- AddThis Share Buttons generic via filter on get_the_excerpt --><\/p>\n","protected":false},"author":23,"featured_media":0,"comment_status":"open","ping_status":"open","sticky":false,"template":"","format":"standard","meta":[],"categories":[3,4,5,1],"tags":[1256,1258,1257,1261,475,573,577,628,639,683,724,783,795,796,1259,825,895,1002,1008,1025,1060,1075],"_links":{"self":[{"href":"https:\/\/blogs.lasprovincias.es\/historiascondelantal\/wp-json\/wp\/v2\/posts\/13455"}],"collection":[{"href":"https:\/\/blogs.lasprovincias.es\/historiascondelantal\/wp-json\/wp\/v2\/posts"}],"about":[{"href":"https:\/\/blogs.lasprovincias.es\/historiascondelantal\/wp-json\/wp\/v2\/types\/post"}],"author":[{"embeddable":true,"href":"https:\/\/blogs.lasprovincias.es\/historiascondelantal\/wp-json\/wp\/v2\/users\/23"}],"replies":[{"embeddable":true,"href":"https:\/\/blogs.lasprovincias.es\/historiascondelantal\/wp-json\/wp\/v2\/comments?post=13455"}],"version-history":[{"count":30,"href":"https:\/\/blogs.lasprovincias.es\/historiascondelantal\/wp-json\/wp\/v2\/posts\/13455\/revisions"}],"predecessor-version":[{"id":13538,"href":"https:\/\/blogs.lasprovincias.es\/historiascondelantal\/wp-json\/wp\/v2\/posts\/13455\/revisions\/13538"}],"wp:attachment":[{"href":"https:\/\/blogs.lasprovincias.es\/historiascondelantal\/wp-json\/wp\/v2\/media?parent=13455"}],"wp:term":[{"taxonomy":"category","embeddable":true,"href":"https:\/\/blogs.lasprovincias.es\/historiascondelantal\/wp-json\/wp\/v2\/categories?post=13455"},{"taxonomy":"post_tag","embeddable":true,"href":"https:\/\/blogs.lasprovincias.es\/historiascondelantal\/wp-json\/wp\/v2\/tags?post=13455"}],"curies":[{"name":"wp","href":"https:\/\/api.w.org\/{rel}","templated":true}]}}