{"id":13545,"date":"2017-09-28T11:35:28","date_gmt":"2017-09-28T09:35:28","guid":{"rendered":"http:\/\/blogs.lasprovincias.es\/historiascondelantal\/?p=13545"},"modified":"2017-09-28T19:44:31","modified_gmt":"2017-09-28T17:44:31","slug":"denia-se-proclama-capital-gastronomica","status":"publish","type":"post","link":"https:\/\/blogs.lasprovincias.es\/historiascondelantal\/2017\/09\/28\/denia-se-proclama-capital-gastronomica\/","title":{"rendered":"D\u00e9nia se proclama Capital Gastron\u00f3mica"},"content":{"rendered":"<p>Joan Roca, Jordi Cruz, \u00c1ngel Le\u00f3n, Andoni Luis Aduriz, Paco Torreblanca&#8230; y casi una treintena de cocineros de renombre valencianos, productores, restauradores locales, la gamba, el pulpo seco, les coques&#8230; El titular puede parecer pretencioso: <span style=\"color: #ff0000;\"><strong>D\u00e9nia, capital de la gastronom\u00eda<\/strong><\/span>. En el fondo, quiz\u00e1s lo sea. Pero no es, ni m\u00e1s ni menos, que el reflejo de lo que va a pasar este fin de semana en La Marina. All\u00ed, junto al Mediterr\u00e1neo (donde flota nuestro ADN y se reflejan nuestras ra\u00edces)\u00a0 se van dado cita a partir del s\u00e1bado buena parte de <strong>las primeras espadas de los fogones valencianos y una extraordinaria representaci\u00f3n de los mejores cocineros de Espa\u00f1a<\/strong>. Lo hacen, no para convertir el encuentro en un macrocongreso gastron\u00f3mico (uno m\u00e1s), sino para hablar de la cocina sin barreras, para destripar la gastronom\u00eda y para\u00a0 observar c\u00f3mo son sus entra\u00f1as. Sin pretensiones, sin darle vueltas excesivamente filos\u00f3ficas al tema y con el objetivo de hacer de ese encuentro (o al menos intentarlo) <strong>una fiesta<\/strong>.<\/p>\n<p><a href=\"https:\/\/static-blogs.lasprovincias.es\/wp-content\/uploads\/sites\/18\/2017\/09\/IMG_4943.jpeg\"><img loading=\"lazy\" class=\"size-full wp-image-13562 aligncenter\" src=\"https:\/\/static-blogs.lasprovincias.es\/wp-content\/uploads\/sites\/18\/2017\/09\/IMG_4943.jpeg\" alt=\"{&quot;source&quot;:&quot;editor&quot;,&quot;effects_tried&quot;:0,&quot;photos_added&quot;:0,&quot;origin&quot;:&quot;gallery&quot;,&quot;total_effects_actions&quot;:0,&quot;remix_data&quot;:[],&quot;tools_used&quot;:{&quot;tilt_shift&quot;:0,&quot;resize&quot;:0,&quot;adjust&quot;:0,&quot;curves&quot;:0,&quot;motion&quot;:0,&quot;perspective&quot;:0,&quot;clone&quot;:0,&quot;crop&quot;:0,&quot;enhance&quot;:0,&quot;selection&quot;:0,&quot;free_crop&quot;:0,&quot;flip_rotate&quot;:0,&quot;shape_crop&quot;:0,&quot;stretch&quot;:0},&quot;total_draw_actions&quot;:0,&quot;total_editor_actions&quot;:{&quot;border&quot;:0,&quot;frame&quot;:0,&quot;mask&quot;:0,&quot;lensflare&quot;:0,&quot;clipart&quot;:0,&quot;text&quot;:0,&quot;square_fit&quot;:0,&quot;shape_mask&quot;:0,&quot;callout&quot;:0},&quot;entry_point&quot;:&quot;create_flow_fte&quot;,&quot;total_editor_time&quot;:26608,&quot;brushes_used&quot;:0,&quot;total_draw_time&quot;:0,&quot;effects_applied&quot;:0,&quot;uid&quot;:&quot;7822F03B-0880-4C22-839F-DADE9670D5C4_1506516566573&quot;,&quot;total_effects_time&quot;:0,&quot;sources&quot;:[],&quot;layers_used&quot;:0,&quot;height&quot;:1536,&quot;width&quot;:2048,&quot;subsource&quot;:&quot;done_button&quot;}\" width=\"640\" height=\"480\" srcset=\"https:\/\/static-blogs.lasprovincias.es\/wp-content\/uploads\/sites\/18\/2017\/09\/IMG_4943.jpeg 640w, https:\/\/static-blogs.lasprovincias.es\/wp-content\/uploads\/sites\/18\/2017\/09\/IMG_4943-300x225.jpeg 300w\" sizes=\"(max-width: 640px) 100vw, 640px\" \/><\/a><\/p>\n<p>D\u00e9nia ser\u00e1 la capital de la gastronom\u00eda este fin de semana, sin duda. Pero por encima de ello, ser\u00e1 <strong>un trepidante encuentro de historias culinarias en el que lo que importar\u00e1 es abrir las ventanas de la cocina a todo el mundo<\/strong> y acercar sus esencias a quien quiera saborear la gastronom\u00eda al desnudo. Tal cual. En esencia.<\/p>\n<div id=\"attachment_13546\" style=\"width: 1034px\" class=\"wp-caption aligncenter\"><a href=\"https:\/\/static-blogs.lasprovincias.es\/wp-content\/uploads\/sites\/18\/2017\/09\/Pulpo.-Jos\u00e9-Iglesias.jpg\"><img aria-describedby=\"caption-attachment-13546\" loading=\"lazy\" class=\"size-large wp-image-13546\" src=\"https:\/\/static-blogs.lasprovincias.es\/wp-content\/uploads\/sites\/18\/2017\/09\/Pulpo.-Jos\u00e9-Iglesias-1024x670.jpg\" alt=\"Pulpo sec\u00e1ndose al sol en Restaurante Sendra En Les Rotes. Imagen de Jos\u00e9 Iglesias.\" width=\"1024\" height=\"670\" srcset=\"https:\/\/static-blogs.lasprovincias.es\/wp-content\/uploads\/sites\/18\/2017\/09\/Pulpo.-Jos\u00e9-Iglesias.jpg 1024w, https:\/\/static-blogs.lasprovincias.es\/wp-content\/uploads\/sites\/18\/2017\/09\/Pulpo.-Jos\u00e9-Iglesias-300x196.jpg 300w, https:\/\/static-blogs.lasprovincias.es\/wp-content\/uploads\/sites\/18\/2017\/09\/Pulpo.-Jos\u00e9-Iglesias-768x503.jpg 768w\" sizes=\"(max-width: 1024px) 100vw, 1024px\" \/><\/a><p id=\"caption-attachment-13546\" class=\"wp-caption-text\">Pulpo sec\u00e1ndose al sol en Restaurante Sendra en Les Rotes. Bonita imagen de Jos\u00e9 Iglesias.<\/p><\/div>\n<p><!--more--><\/p>\n<div class=\"mceTemp\"><\/div>\n<div id=\"attachment_13168\" style=\"width: 1034px\" class=\"wp-caption aligncenter\"><a href=\"https:\/\/static-blogs.lasprovincias.es\/wp-content\/uploads\/sites\/18\/2017\/09\/IMG_20170707_102134-1280x804.jpg\"><img aria-describedby=\"caption-attachment-13168\" loading=\"lazy\" class=\"size-large wp-image-13168\" src=\"https:\/\/static-blogs.lasprovincias.es\/wp-content\/uploads\/sites\/18\/2017\/09\/IMG_20170707_102134-1280x804-1024x643.jpg\" alt=\"Foto J. Trelis\" width=\"1024\" height=\"643\" srcset=\"https:\/\/static-blogs.lasprovincias.es\/wp-content\/uploads\/sites\/18\/2017\/09\/IMG_20170707_102134-1280x804-1024x643.jpg 1024w, https:\/\/static-blogs.lasprovincias.es\/wp-content\/uploads\/sites\/18\/2017\/09\/IMG_20170707_102134-1280x804-300x188.jpg 300w, https:\/\/static-blogs.lasprovincias.es\/wp-content\/uploads\/sites\/18\/2017\/09\/IMG_20170707_102134-1280x804-768x482.jpg 768w, https:\/\/static-blogs.lasprovincias.es\/wp-content\/uploads\/sites\/18\/2017\/09\/IMG_20170707_102134-1280x804.jpg 1280w\" sizes=\"(max-width: 1024px) 100vw, 1024px\" \/><\/a><p id=\"caption-attachment-13168\" class=\"wp-caption-text\">El pulpo ya a la llama. Foto J. Trelis<\/p><\/div>\n<h2><\/h2>\n<h2>LAS CLAVES<\/h2>\n<p><strong>La cita:<\/strong> el s\u00e1bado 30 de septiembre y el 1 de octubre.\u00a0<strong>La entrada:<\/strong>\u00a0gratuita. <strong>El lugar<\/strong>, un enclave envidiable: la Marineta Cassiana. <strong>Los invitados:<\/strong> cocineros y visitantes por igual. <strong>El objetivo:<\/strong><span style=\"color: #ff0000;\"> <strong>cocinar, comer, compartir y convivir<\/strong>.<\/span>\u00a0Detr\u00e1s de todo ello, junto a <strong>los organizadores<\/strong> que lo hacen posible &#8211;<strong>Ayuntamiento de D\u00e9nia <\/strong>y la<strong> Agencia Valenciana de Turismo<\/strong>-, un cocinero implicado en el proyecto al cien por cien. Tanto que es un proyecto hecho como extensi\u00f3n de su yo m\u00e1s \u00edntimo como cocinero:\u00a0<strong>Quique Dacosta y su ADN, <\/strong>aqu\u00ed<strong> D*na.<span style=\"color: #333333;\">\u00a0<\/span><\/strong><span style=\"color: #333333;\">(El nivel del evento da muestras de la\u00a0 implicaci\u00f3n del chef que hace brillar en su D\u00e9nia las tres estrellas).<\/span><\/p>\n<p><img loading=\"lazy\" class=\"size-large wp-image-13158 aligncenter\" src=\"https:\/\/static-blogs.lasprovincias.es\/wp-content\/uploads\/sites\/18\/2017\/09\/IMG_20170707_124816_868-1280x1280-1024x1024.jpg\" alt=\"img_20170707_124816_868-1280x1280\" width=\"1024\" height=\"1024\" srcset=\"https:\/\/static-blogs.lasprovincias.es\/wp-content\/uploads\/sites\/18\/2017\/09\/IMG_20170707_124816_868-1280x1280-1024x1024.jpg 1024w, https:\/\/static-blogs.lasprovincias.es\/wp-content\/uploads\/sites\/18\/2017\/09\/IMG_20170707_124816_868-1280x1280-150x150.jpg 150w, https:\/\/static-blogs.lasprovincias.es\/wp-content\/uploads\/sites\/18\/2017\/09\/IMG_20170707_124816_868-1280x1280-300x300.jpg 300w, https:\/\/static-blogs.lasprovincias.es\/wp-content\/uploads\/sites\/18\/2017\/09\/IMG_20170707_124816_868-1280x1280-768x768.jpg 768w, https:\/\/static-blogs.lasprovincias.es\/wp-content\/uploads\/sites\/18\/2017\/09\/IMG_20170707_124816_868-1280x1280.jpg 1280w\" sizes=\"(max-width: 1024px) 100vw, 1024px\" \/><\/p>\n<p>&#8220;<em>La cultura cobra sentido si se muestra y se comparte<\/em>&#8220;, asegura. Eso es lo que va a hacer en la capital de La Marina. Va a hacer que su D\u00e9nia quede conquistada por cocineros venidos de todos los puntos de la Comunitat y de Espa\u00f1a. Cada uno de ellos con un discurso propio y con una pasi\u00f3n por la gastronom\u00eda demostrada. Y todos, con algo que compartir:<strong> un vino, un plato, un tiempo<\/strong>.<\/p>\n<h2 style=\"text-align: center;\"><a href=\"https:\/\/static-blogs.lasprovincias.es\/wp-content\/uploads\/sites\/18\/2017\/09\/IMG_1879.jpg\"><img loading=\"lazy\" class=\"alignnone size-large wp-image-13566\" src=\"https:\/\/static-blogs.lasprovincias.es\/wp-content\/uploads\/sites\/18\/2017\/09\/IMG_1879-1024x725.jpg\" alt=\"img_1879\" width=\"1024\" height=\"725\" srcset=\"https:\/\/static-blogs.lasprovincias.es\/wp-content\/uploads\/sites\/18\/2017\/09\/IMG_1879.jpg 1024w, https:\/\/static-blogs.lasprovincias.es\/wp-content\/uploads\/sites\/18\/2017\/09\/IMG_1879-300x212.jpg 300w, https:\/\/static-blogs.lasprovincias.es\/wp-content\/uploads\/sites\/18\/2017\/09\/IMG_1879-768x544.jpg 768w\" sizes=\"(max-width: 1024px) 100vw, 1024px\" \/><\/a><\/h2>\n<h2 style=\"text-align: left;\"><\/h2>\n<p>&nbsp;<\/p>\n<h2 style=\"text-align: left;\">D*NA, EN 25 PASOS<\/h2>\n<p>Para descubrir lo que va a pasar all\u00ed, lo mejor es dar <strong>un paseo por lo que va a ser este certamen con regusto a feria pero con el nivel de los mejores congresos gastron\u00f3micos<\/strong>. Aunque si algo no es, es eso: un congreso. Un paseo en<strong><span style=\"color: #ff0000;\"> veinticinco pasos<\/span><\/strong>.<\/p>\n<p><strong><span style=\"color: #ff0000;\">PRIMER D\u00cdA.<\/span><\/strong> Empezamos el <strong><span style=\"color: #ff0000;\">30 de septiembre<\/span><\/strong> a eso de las 11,40 horas. Estreno con una contundente puesta en com\u00fan <strong><span style=\"color: #ff0000;\">(1)<\/span><\/strong>. La diversidad de nuestro ADN reflejada en cinco cocineros con mucha identidad culinaria y mucha pasi\u00f3n: \u00a0<strong>Mar\u00eda Jos\u00e9 San Rom\u00e1n, Manuel Alonso, Rafa Soler, Enrique Medina<\/strong> y<strong> Rakel Cernicharo<\/strong>. \u00a0A las 12,40 horas, el turno ser\u00e1 de <a href=\"https:\/\/blogs.lasprovincias.es\/historiascondelantal\/2016\/11\/17\/diez-tentaciones-gastronomicas-de-begona-rodrigo\/\"><strong>Bego\u00f1a Rodrigo<\/strong><\/a> y las <span style=\"color: #000000;\">anguilas <strong><span style=\"color: #ff0000;\">(2)<\/span><\/strong><\/span>. Sus anguilas. Ella misma reconoce que est\u00e1n en su ADN. Y no, no faltan en su men\u00fa. De hecho si le pides un plato, ella te responde: all i pebre.<\/p>\n<div id=\"attachment_13553\" style=\"width: 1034px\" class=\"wp-caption aligncenter\"><a href=\"https:\/\/static-blogs.lasprovincias.es\/wp-content\/uploads\/sites\/18\/2017\/09\/IMG_20170324_212741.jpg\"><img aria-describedby=\"caption-attachment-13553\" loading=\"lazy\" class=\"size-large wp-image-13553\" src=\"https:\/\/static-blogs.lasprovincias.es\/wp-content\/uploads\/sites\/18\/2017\/09\/IMG_20170324_212741-1024x687.jpg\" alt=\"Uno de los platos con anguila de Bego\u00f1a Rodrigo: lionesa de huevo frito y anguila ahumada . Foto J. T.\" width=\"1024\" height=\"687\" srcset=\"https:\/\/static-blogs.lasprovincias.es\/wp-content\/uploads\/sites\/18\/2017\/09\/IMG_20170324_212741.jpg 1024w, https:\/\/static-blogs.lasprovincias.es\/wp-content\/uploads\/sites\/18\/2017\/09\/IMG_20170324_212741-300x201.jpg 300w, https:\/\/static-blogs.lasprovincias.es\/wp-content\/uploads\/sites\/18\/2017\/09\/IMG_20170324_212741-768x515.jpg 768w\" sizes=\"(max-width: 1024px) 100vw, 1024px\" \/><\/a><p id=\"caption-attachment-13553\" class=\"wp-caption-text\">Uno de los platos con anguila de Bego\u00f1a Rodrigo: lionesa de huevo frito y anguila ahumada . Foto J. Trelis.<\/p><\/div>\n<p>Tras ella, hablando de platos, otro muy fuerte. Quiz\u00e1 el plato estrella de las jornadas. Un t<span style=\"color: #333333;\">ercer<\/span> paso de la mano de <strong>Joan Roca <span style=\"color: #ff0000;\">(3)<\/span><\/strong>. Su intervenci\u00f3n, a las 13,20 horas: &#8220;Mediterr\u00e1neo, pliegue de culturas&#8221;. Escucharlo ser\u00e1 uno de los grandes placeres y de los mejores momentos que se van a vivir, sin duda, en D\u00e9nia. El mundo de los Roca, de cerca.<\/p>\n<div id=\"attachment_13552\" style=\"width: 693px\" class=\"wp-caption aligncenter\"><a href=\"https:\/\/static-blogs.lasprovincias.es\/wp-content\/uploads\/sites\/18\/2017\/09\/IMG_9518.jpg\"><img aria-describedby=\"caption-attachment-13552\" loading=\"lazy\" class=\"size-large wp-image-13552\" src=\"https:\/\/static-blogs.lasprovincias.es\/wp-content\/uploads\/sites\/18\/2017\/09\/IMG_9518-683x1024.jpg\" alt=\"El mundo que ahora sirven en su men\u00fa en el Celler de Can Roca. Un s\u00edmbolo de lo que ser\u00e1 D*na. Foto J. Trelis\" width=\"683\" height=\"1024\" srcset=\"https:\/\/static-blogs.lasprovincias.es\/wp-content\/uploads\/sites\/18\/2017\/09\/IMG_9518.jpg 683w, https:\/\/static-blogs.lasprovincias.es\/wp-content\/uploads\/sites\/18\/2017\/09\/IMG_9518-200x300.jpg 200w\" sizes=\"(max-width: 683px) 100vw, 683px\" \/><\/a><p id=\"caption-attachment-13552\" class=\"wp-caption-text\">El mundo que forma parte de los entrantes del men\u00fa del Celler de Can Roca. Un s\u00edmbolo de lo que ser\u00e1 D*na. Foto J. Trelis<\/p><\/div>\n<p><span style=\"color: #333333;\"><strong><span style=\"color: #ff0000;\">(4)<\/span><\/strong> Cuarto<\/span> paso. Con \u00e9l, atravesamos fronteras. <strong>Diego Hern\u00e1ndez<\/strong> y su ADN con sabor mexicano: &#8220;Coraz\u00f3n de Tierra&#8221;. <strong><span style=\"color: #ff0000;\">(5)<\/span><\/strong> El relevo en el escenario se lo dar\u00e1 a alguien que sabe muy bien qu\u00e9 es esto del ADN. Alguien que respeta al l\u00edmite lo identitario:\u00a0<strong><a href=\"https:\/\/blogs.lasprovincias.es\/historiascondelantal\/2017\/09\/19\/quizas-el-mejor-kiko-moya-de-la-historia-de-lescaleta\/\">Kiko Moya<\/a>\u00a0<\/strong>y L&#8217;Escaleta<span style=\"color: #ff0000;\"><span style=\"color: #333333;\">.<\/span><b>\u00a0<\/b><\/span>En ese instante,\u00a0el entorno que moldea su cocina subir\u00e1n al escenario. Ser\u00e1 cerca de las 16 horas. Y es posible que todo se perfume con los aromas de la Sierra Mariola.<\/p>\n<p>&nbsp;<\/p>\n<div id=\"attachment_13423\" style=\"width: 1034px\" class=\"wp-caption aligncenter\"><a href=\"https:\/\/static-blogs.lasprovincias.es\/wp-content\/uploads\/sites\/18\/2017\/09\/IMG_20170729_150435.jpg\"><img aria-describedby=\"caption-attachment-13423\" loading=\"lazy\" class=\"size-large wp-image-13423\" src=\"https:\/\/static-blogs.lasprovincias.es\/wp-content\/uploads\/sites\/18\/2017\/09\/IMG_20170729_150435-1024x768.jpg\" alt=\"dav\" width=\"1024\" height=\"768\" srcset=\"https:\/\/static-blogs.lasprovincias.es\/wp-content\/uploads\/sites\/18\/2017\/09\/IMG_20170729_150435.jpg 1024w, https:\/\/static-blogs.lasprovincias.es\/wp-content\/uploads\/sites\/18\/2017\/09\/IMG_20170729_150435-300x225.jpg 300w, https:\/\/static-blogs.lasprovincias.es\/wp-content\/uploads\/sites\/18\/2017\/09\/IMG_20170729_150435-768x576.jpg 768w\" sizes=\"(max-width: 1024px) 100vw, 1024px\" \/><\/a><p id=\"caption-attachment-13423\" class=\"wp-caption-text\">La mantequilla de hierbas de L&#8217;Escaleta. Todo un cl\u00e1sico.<\/p><\/div>\n<p><strong><span style=\"color: #ff0000;\">(6)<\/span> Ra\u00fal Resino<\/strong> (Benicarl\u00f3) y <strong>Miguel Barrera<\/strong> (Cal Parad\u00eds, Vall d&#8217;Alba) nos llevar\u00e1 en la sexta<span style=\"color: #ff0000;\"><strong>\u00a0<\/strong><\/span>ponencia a Castell\u00f3n: mar y monta\u00f1a destripado con la propia visi\u00f3n de los dos estrellas Michelin .<strong><span style=\"color: #ff0000;\">(7)<\/span><\/strong> Tras ellos, a eso de las 17,40, otro golpe sobre la mesa. Lo dar\u00e1 el gran <a href=\"https:\/\/blogs.lasprovincias.es\/historiascondelantal\/2017\/06\/20\/alberto-ferruz-el-exito-de-bon-amb-y-su-nuevo-proyecto\/\"><strong>Alberto Ferruz<\/strong><\/a> en una exposici\u00f3n que ser\u00e1 un homenaje a los artesanos. &#8220;Las estrellas escondidas&#8221;, destacar\u00e1 el chef de Bon Amb. Artesan\u00eda como lo son sus platos&#8230;<\/p>\n<div id=\"attachment_13554\" style=\"width: 1034px\" class=\"wp-caption aligncenter\"><a href=\"https:\/\/static-blogs.lasprovincias.es\/wp-content\/uploads\/sites\/18\/2017\/09\/IMG_5250.jpg\"><img aria-describedby=\"caption-attachment-13554\" loading=\"lazy\" class=\"size-large wp-image-13554\" src=\"https:\/\/static-blogs.lasprovincias.es\/wp-content\/uploads\/sites\/18\/2017\/09\/IMG_5250-1024x683.jpg\" alt=\"La calabaza fermentada con buey de mar de Bon Amb. Un lujo que habla de artesan\u00eda y territorio. Foto J. Trelis\" width=\"1024\" height=\"683\" srcset=\"https:\/\/static-blogs.lasprovincias.es\/wp-content\/uploads\/sites\/18\/2017\/09\/IMG_5250.jpg 1024w, https:\/\/static-blogs.lasprovincias.es\/wp-content\/uploads\/sites\/18\/2017\/09\/IMG_5250-300x200.jpg 300w, https:\/\/static-blogs.lasprovincias.es\/wp-content\/uploads\/sites\/18\/2017\/09\/IMG_5250-768x512.jpg 768w\" sizes=\"(max-width: 1024px) 100vw, 1024px\" \/><\/a><p id=\"caption-attachment-13554\" class=\"wp-caption-text\">La calabaza fermentada con buey de mar de Bon Amb. Un lujo que habla de artesan\u00eda y territorio. Foto J. Trelis<\/p><\/div>\n<p>Dos pasos m\u00e1s para terminar la primera jornada. <strong><span style=\"color: #ff0000;\">(8)<\/span>\u00a0<\/strong>Uno, muy especial, que dar\u00e1 <strong>Jos\u00e9 Antonio Navarrete<\/strong>, en hombre de los vinos en Quique Dacosta: &#8220;cinco moscateles, cinco continentes&#8221;. Interesant\u00edsima visi\u00f3n para demostrar la fragilidad de las fronteras derribadas por una simple uva. <span style=\"color: #ff0000;\"><strong>(9)<\/strong><\/span> El otro, atenci\u00f3n al redoble de tambores:\u00a0<strong>Ricard Camarena<\/strong>. Ah\u00ed queda eso: Cocinando la Huerta. Algo que, ya todos lo sabemos, es una de las mejores expresi\u00f3n del ADN de esta tierra. Decir Ricard, es decirlo todo.<\/p>\n<div id=\"attachment_13555\" style=\"width: 1034px\" class=\"wp-caption aligncenter\"><a href=\"https:\/\/static-blogs.lasprovincias.es\/wp-content\/uploads\/sites\/18\/2017\/09\/IMG_1885.jpg\"><img aria-describedby=\"caption-attachment-13555\" loading=\"lazy\" class=\"size-large wp-image-13555\" src=\"https:\/\/static-blogs.lasprovincias.es\/wp-content\/uploads\/sites\/18\/2017\/09\/IMG_1885-1024x683.jpg\" alt=\"La menestra de verano de Ricard es como una extensi\u00f3n de nuestro ADN. Foto J. T\" width=\"1024\" height=\"683\" srcset=\"https:\/\/static-blogs.lasprovincias.es\/wp-content\/uploads\/sites\/18\/2017\/09\/IMG_1885.jpg 1024w, https:\/\/static-blogs.lasprovincias.es\/wp-content\/uploads\/sites\/18\/2017\/09\/IMG_1885-300x200.jpg 300w, https:\/\/static-blogs.lasprovincias.es\/wp-content\/uploads\/sites\/18\/2017\/09\/IMG_1885-768x512.jpg 768w\" sizes=\"(max-width: 1024px) 100vw, 1024px\" \/><\/a><p id=\"caption-attachment-13555\" class=\"wp-caption-text\">La menestra de verano de Ricard es como una extensi\u00f3n de nuestro ADN. Foto J. T<\/p><\/div>\n<p>&nbsp;<\/p>\n<p><span style=\"color: #333333;\"><strong><span style=\"color: #ff0000;\">SEGUNDO D\u00cdA.<\/span><\/strong><\/span>\u00a0<span style=\"color: #333333;\">1 de octubre.<\/span>\u00a0Reanudamos a las 11,40 horas el paseo con otra ponencia conjunta. <strong><span style=\"color: #ff0000;\">(10)<\/span><\/strong>\u00a0<span style=\"color: #333333;\">D\u00e9cimo <\/span>paso. Y de nuevo, otros cinco chefs con mucho discurso: <strong>Jos\u00e9 Manuel Miguel, Luis Valls, Mari Carmen V\u00e9lez, Sole Ballester (Casa Pepa) <\/strong>y el amigo<strong> Nazario Cano<\/strong>. Todos con su particular historia gastron\u00f3mica muy marcada. <strong><span style=\"color: #ff0000;\">(11)\u00a0<\/span>Susi Diaz<\/strong> tomar\u00e1 el escenario a las 12,40 horas con una ponencia sobre &#8220;la granada mollar, usos y aplicaciones&#8221;; <strong><span style=\"color: #ff0000;\">(12)<\/span><\/strong>\u00a0<strong>Jordi Cruz<\/strong> dar\u00e1 su visi\u00f3n sobre la cocina del territorio en &#8220;Secuencia, esencia y proximidad&#8221;\u00a0y alguien tan arraigado al territorio como <strong>Vicent Pati\u00f1o <span style=\"color: #ff0000;\">(13)<\/span><\/strong> har\u00e1 su particular viaje por la memoria gastron\u00f3mica. Ese que demuestra a diario en su Saiti . Por ejemplo, con este bocado relleno de titaina y salaz\u00f3n. Uffff! Maravilloso.<\/p>\n<div id=\"attachment_13192\" style=\"width: 1034px\" class=\"wp-caption aligncenter\"><a href=\"https:\/\/static-blogs.lasprovincias.es\/wp-content\/uploads\/sites\/18\/2017\/09\/IMG_1546-1280x853.jpg\"><img aria-describedby=\"caption-attachment-13192\" loading=\"lazy\" class=\"wp-image-13192 size-large\" src=\"https:\/\/static-blogs.lasprovincias.es\/wp-content\/uploads\/sites\/18\/2017\/09\/IMG_1546-1280x853-1024x682.jpg\" alt=\"img_1546-1280x853\" width=\"1024\" height=\"682\" srcset=\"https:\/\/static-blogs.lasprovincias.es\/wp-content\/uploads\/sites\/18\/2017\/09\/IMG_1546-1280x853-1024x682.jpg 1024w, https:\/\/static-blogs.lasprovincias.es\/wp-content\/uploads\/sites\/18\/2017\/09\/IMG_1546-1280x853-300x200.jpg 300w, https:\/\/static-blogs.lasprovincias.es\/wp-content\/uploads\/sites\/18\/2017\/09\/IMG_1546-1280x853-768x512.jpg 768w, https:\/\/static-blogs.lasprovincias.es\/wp-content\/uploads\/sites\/18\/2017\/09\/IMG_1546-1280x853.jpg 1280w\" sizes=\"(max-width: 1024px) 100vw, 1024px\" \/><\/a><p id=\"caption-attachment-13192\" class=\"wp-caption-text\">Foto Jes\u00fas Trelis<\/p><\/div>\n<p>La traca final de las ponencias, tres pasos de mucho nivel, lo dar\u00e1n: <span style=\"color: #ff0000;\"><strong>(14)<\/strong> <\/span>el carism\u00e1tico (y genio) <strong>\u00c1ngel Le\u00f3n<\/strong> que nos llevar\u00e1 a<a href=\"https:\/\/blogs.lasprovincias.es\/historiascondelantal\/2017\/07\/08\/aponiente-entre-sirenas-y-sal\/\"> la cocina marinera del siglo XXI<\/a> (una de las grandes experiencias gastron\u00f3micas de este a\u00f1o);<span style=\"color: #ff0000;\"> <strong>(15)<\/strong> <\/span>el maestro <strong>Paco Torreblanca<\/strong>, que dar\u00e1 una lecci\u00f3n culinaria hablando de tradici\u00f3n y evoluci\u00f3n del sabor; y <strong><span style=\"color: #ff0000;\">(16)<\/span><\/strong> cerrar\u00e1 a las 17,15 el otro gran esperado (y muy admirado)\u00a0<strong>Andoni Luis Aduriz<\/strong> (Mugaritz), en lo que a buen seguro ser\u00e1 una de las intervenciones que dejar\u00e1n huella.<\/p>\n<div id=\"attachment_12484\" style=\"width: 1034px\" class=\"wp-caption aligncenter\"><a href=\"https:\/\/static-blogs.lasprovincias.es\/wp-content\/uploads\/sites\/18\/2017\/07\/IMG_1641-1280x825.jpg\"><img aria-describedby=\"caption-attachment-12484\" loading=\"lazy\" class=\"wp-image-12484 size-large\" src=\"https:\/\/static-blogs.lasprovincias.es\/wp-content\/uploads\/sites\/18\/2017\/07\/IMG_1641-1280x825-1024x660.jpg\" alt=\"img_1641-1280x825\" width=\"1024\" height=\"660\" srcset=\"https:\/\/static-blogs.lasprovincias.es\/wp-content\/uploads\/sites\/18\/2017\/07\/IMG_1641-1280x825-1024x660.jpg 1024w, https:\/\/static-blogs.lasprovincias.es\/wp-content\/uploads\/sites\/18\/2017\/07\/IMG_1641-1280x825-300x193.jpg 300w, https:\/\/static-blogs.lasprovincias.es\/wp-content\/uploads\/sites\/18\/2017\/07\/IMG_1641-1280x825-768x495.jpg 768w, https:\/\/static-blogs.lasprovincias.es\/wp-content\/uploads\/sites\/18\/2017\/07\/IMG_1641-1280x825.jpg 1280w\" sizes=\"(max-width: 1024px) 100vw, 1024px\" \/><\/a><p id=\"caption-attachment-12484\" class=\"wp-caption-text\">El puntill\u00f3n. La puntilla de Aponiente. Uno de sus bocados inolvidables. La cocina del mar&#8230;. Foto Jes\u00fas Trelis<\/p><\/div>\n<p>Huellas que se complementar\u00e1n con las que se den en el <strong><span style=\"color: #ff0000;\">ESCENARIO SECUNDARIO<\/span><\/strong>. El primer d\u00eda, por ejemplo, pasearemos con <strong>Javier Alguacil<\/strong> de El Farall\u00f3 de D\u00e9nia hablando de La Gamba <strong><span style=\"color: #ff0000;\">(17)<\/span>;<\/strong> con <strong>Quique Dacosta<\/strong>, que disertar\u00e1 sobre el arr\u00f2s a banda <span style=\"color: #ff0000;\"><strong>(18)<\/strong><\/span>; \u00a0con las cocas fritas y escald\u00e0 o al horno de La Marina, que tendr\u00e1n su hueco en el D*na <strong><span style=\"color: #ff0000;\">(19)<\/span>;<\/strong> con los salazones y salazoneros, que se har\u00e1n hueco con <strong>Jos\u00e9 Mar\u00eda Donate <\/strong>y<strong> Fernando Canet<\/strong> <span style=\"color: #ff0000;\"><strong>(20)<\/strong><\/span>, y con la horchata y los helados, con <strong>Marco Miquel<\/strong> de ArtGelat de D\u00e9nia<span style=\"color: #ff0000;\"> <strong>(21)<\/strong><\/span>.<\/p>\n<div id=\"attachment_13320\" style=\"width: 1034px\" class=\"wp-caption aligncenter\"><a href=\"https:\/\/static-blogs.lasprovincias.es\/wp-content\/uploads\/sites\/18\/2017\/09\/IMG_1976.jpg\"><img aria-describedby=\"caption-attachment-13320\" loading=\"lazy\" class=\"wp-image-13320 size-large\" src=\"https:\/\/static-blogs.lasprovincias.es\/wp-content\/uploads\/sites\/18\/2017\/09\/IMG_1976-1024x683.jpg\" alt=\"img_1976\" width=\"1024\" height=\"683\" srcset=\"https:\/\/static-blogs.lasprovincias.es\/wp-content\/uploads\/sites\/18\/2017\/09\/IMG_1976.jpg 1024w, https:\/\/static-blogs.lasprovincias.es\/wp-content\/uploads\/sites\/18\/2017\/09\/IMG_1976-300x200.jpg 300w, https:\/\/static-blogs.lasprovincias.es\/wp-content\/uploads\/sites\/18\/2017\/09\/IMG_1976-768x512.jpg 768w\" sizes=\"(max-width: 1024px) 100vw, 1024px\" \/><\/a><p id=\"caption-attachment-13320\" class=\"wp-caption-text\">El &#8216;socarrat&#8217; de Kiko Dacosta. Foto Jes\u00fas Trelis<\/p><\/div>\n<p>El segundo d\u00eda, le tocar\u00e1 a <strong>Raquel L\u00f3pez<\/strong> con la reposter\u00eda <strong><span style=\"color: #ff0000;\">(22)<\/span>,<\/strong> la gamba con <strong>Pepe Piera<\/strong> del Pegol\u00ed <span style=\"color: #ff0000;\"><strong>(23)<\/strong><\/span>; <strong>Luis Sendra<\/strong>, del Restaurante Sendra, nos acercar\u00e1 al mundo del pulpo <span style=\"color: #ff0000;\"><strong>(24)<\/strong><\/span> y <strong>Mari Carmen V\u00e9lez<\/strong> al planetario allioli <span style=\"color: #ff0000;\"><strong>(25)<\/strong><\/span>.<\/p>\n<p>Todo un paseo que se ir\u00e1 acompa\u00f1ando de ponencias sobre los CDT de la Comunitat, sobre alimentos sostenibles de La Marina Alta y sobre la visi\u00f3n culinaria de un buen n\u00famero de localidades que tienen, en su tarjeta de presentaci\u00f3n, el distintivo\u00a0<strong>de ciudad creativa de la gastronom\u00eda<\/strong><strong>.<\/strong> Bel\u00e9m, Bergen, Chengdu, Florian\u00f3polis, Jeonju, Ostersund, Parma&#8230;.<\/p>\n<p>Un paseo, ya te dije, que promete ser una fiesta. Un lugar donde se puede disfrutar, s\u00ed. Pero me temo que tambi\u00e9n aprender mucho. <span style=\"color: #ff0000;\">\u00a0<strong>Pulpo, gamba, salazones, coques&#8230;. \u00c1ngel Le\u00f3n, Aduriz, Jordi Cruz, Joan Roca&#8230; y una veintena de cocineros valencianos<\/strong><\/span> reunidos en la Marineta Cassiana son garant\u00eda de ello. De que se va a aprender mucho de las cosas del comer. Y a disfrutar.<\/p>\n<div id=\"attachment_13556\" style=\"width: 1034px\" class=\"wp-caption aligncenter\"><a href=\"https:\/\/static-blogs.lasprovincias.es\/wp-content\/uploads\/sites\/18\/2017\/09\/IMG_89281.jpg\"><img aria-describedby=\"caption-attachment-13556\" loading=\"lazy\" class=\"wp-image-13556 size-large\" src=\"https:\/\/static-blogs.lasprovincias.es\/wp-content\/uploads\/sites\/18\/2017\/09\/IMG_89281-1024x768.jpg\" alt=\"img_89281\" width=\"1024\" height=\"768\" srcset=\"https:\/\/static-blogs.lasprovincias.es\/wp-content\/uploads\/sites\/18\/2017\/09\/IMG_89281-1024x768.jpg 1024w, https:\/\/static-blogs.lasprovincias.es\/wp-content\/uploads\/sites\/18\/2017\/09\/IMG_89281-300x225.jpg 300w, https:\/\/static-blogs.lasprovincias.es\/wp-content\/uploads\/sites\/18\/2017\/09\/IMG_89281-768x576.jpg 768w, https:\/\/static-blogs.lasprovincias.es\/wp-content\/uploads\/sites\/18\/2017\/09\/IMG_89281.jpg 2048w\" sizes=\"(max-width: 1024px) 100vw, 1024px\" \/><\/a><p id=\"caption-attachment-13556\" class=\"wp-caption-text\">D\u00e9nia. Uno de los paseos que conducen a una de sus playas. El camino que recorre nuestro ADN. Foto Jes\u00fas Trelis<\/p><\/div>\n<p style=\"text-align: center;\"><a href=\"https:\/\/static-blogs.lasprovincias.es\/wp-content\/uploads\/sites\/18\/2017\/09\/IMG_4949.jpeg\"><img loading=\"lazy\" class=\"alignnone size-large wp-image-13563\" src=\"https:\/\/static-blogs.lasprovincias.es\/wp-content\/uploads\/sites\/18\/2017\/09\/IMG_4949-1024x563.jpeg\" alt=\"img_4949\" width=\"1024\" height=\"563\" srcset=\"https:\/\/static-blogs.lasprovincias.es\/wp-content\/uploads\/sites\/18\/2017\/09\/IMG_4949-1024x563.jpeg 1024w, https:\/\/static-blogs.lasprovincias.es\/wp-content\/uploads\/sites\/18\/2017\/09\/IMG_4949-300x165.jpeg 300w, https:\/\/static-blogs.lasprovincias.es\/wp-content\/uploads\/sites\/18\/2017\/09\/IMG_4949-768x422.jpeg 768w, https:\/\/static-blogs.lasprovincias.es\/wp-content\/uploads\/sites\/18\/2017\/09\/IMG_4949.jpeg 2040w\" sizes=\"(max-width: 1024px) 100vw, 1024px\" \/><\/a><\/p>\n<!-- AddThis Advanced Settings generic via filter on the_content --><!-- AddThis Share Buttons generic via filter on the_content -->","protected":false},"excerpt":{"rendered":"<p>Joan Roca, Jordi Cruz, \u00c1ngel Le\u00f3n, Andoni Luis Aduriz, Paco Torreblanca&#8230; y casi una treintena de cocineros de renombre valencianos, productores, restauradores locales, la gamba, el pulpo seco, les coques&#8230; El titular puede parecer pretencioso: D\u00e9nia, capital de la gastronom\u00eda. En el fondo, quiz\u00e1s lo sea. Pero no es, ni m\u00e1s ni menos, que el [&hellip;]<!-- AddThis Advanced Settings generic via filter on get_the_excerpt --><!-- AddThis Share Buttons generic via filter on get_the_excerpt --><\/p>\n","protected":false},"author":23,"featured_media":0,"comment_status":"open","ping_status":"open","sticky":false,"template":"","format":"standard","meta":[],"categories":[3,4,5,1],"tags":[29,60,64,121,1267,1246,323,1268,385,1266,520,534,543,547,582,654,672,1269,684,726,772,807,1265,889,892,895,901,958,1270,1107],"_links":{"self":[{"href":"https:\/\/blogs.lasprovincias.es\/historiascondelantal\/wp-json\/wp\/v2\/posts\/13545"}],"collection":[{"href":"https:\/\/blogs.lasprovincias.es\/historiascondelantal\/wp-json\/wp\/v2\/posts"}],"about":[{"href":"https:\/\/blogs.lasprovincias.es\/historiascondelantal\/wp-json\/wp\/v2\/types\/post"}],"author":[{"embeddable":true,"href":"https:\/\/blogs.lasprovincias.es\/historiascondelantal\/wp-json\/wp\/v2\/users\/23"}],"replies":[{"embeddable":true,"href":"https:\/\/blogs.lasprovincias.es\/historiascondelantal\/wp-json\/wp\/v2\/comments?post=13545"}],"version-history":[{"count":22,"href":"https:\/\/blogs.lasprovincias.es\/historiascondelantal\/wp-json\/wp\/v2\/posts\/13545\/revisions"}],"predecessor-version":[{"id":13597,"href":"https:\/\/blogs.lasprovincias.es\/historiascondelantal\/wp-json\/wp\/v2\/posts\/13545\/revisions\/13597"}],"wp:attachment":[{"href":"https:\/\/blogs.lasprovincias.es\/historiascondelantal\/wp-json\/wp\/v2\/media?parent=13545"}],"wp:term":[{"taxonomy":"category","embeddable":true,"href":"https:\/\/blogs.lasprovincias.es\/historiascondelantal\/wp-json\/wp\/v2\/categories?post=13545"},{"taxonomy":"post_tag","embeddable":true,"href":"https:\/\/blogs.lasprovincias.es\/historiascondelantal\/wp-json\/wp\/v2\/tags?post=13545"}],"curies":[{"name":"wp","href":"https:\/\/api.w.org\/{rel}","templated":true}]}}