{"id":13618,"date":"2017-10-07T07:35:32","date_gmt":"2017-10-07T05:35:32","guid":{"rendered":"http:\/\/blogs.lasprovincias.es\/historiascondelantal\/?p=13618"},"modified":"2017-10-07T07:35:32","modified_gmt":"2017-10-07T05:35:32","slug":"lengua-cerebro-cartilago-sucede-estrena-el-menu-de-los-osados","status":"publish","type":"post","link":"https:\/\/blogs.lasprovincias.es\/historiascondelantal\/2017\/10\/07\/lengua-cerebro-cartilago-sucede-estrena-el-menu-de-los-osados\/","title":{"rendered":"Lengua, cerebro, cart\u00edlago&#8230; Sucede estrena el men\u00fa de los osados"},"content":{"rendered":"<p style=\"text-align: justify;\"><strong>Esta historia\u00a0 he querido\u00a0 titularla:<span style=\"color: #ff0000;\">\u00a0&#8216;La cocina de los osados&#8217;<\/span>, aunque soy consciente de que\u00a0queda fuera del titular que el osado se llama <span style=\"color: #ff0000;\">Miguel \u00c1ngel<\/span>, que est\u00e1 al frente de un lugar llamado <span style=\"color: #ff0000;\">Sucede<\/span>, que ese lugar es uno de los restaurantes m\u00e1s hermosos que existen en la ciudad y que el cocinero intr\u00e9pido sigue elaborando en Valencia una cocina que es, sencillamente, un espect\u00e1culo. (Quiz\u00e1 de los \u00faltimos grandes espect\u00e1culos culinarios que se viven por aqu\u00ed dentro de la alta gastronom\u00eda). Dicho esto, se\u00f1oras y se\u00f1ores -amigas y amigos- empezamos. \ud83d\ude42\u00a0<\/strong><\/p>\n<p style=\"text-align: center;\"><img loading=\"lazy\" class=\"alignnone size-large wp-image-13659\" src=\"https:\/\/static-blogs.lasprovincias.es\/wp-content\/uploads\/sites\/18\/2017\/10\/IMG_4984-e1507224033671-1024x312.jpeg\" alt=\"img_4984\" width=\"1024\" height=\"312\" srcset=\"https:\/\/static-blogs.lasprovincias.es\/wp-content\/uploads\/sites\/18\/2017\/10\/IMG_4984-e1507224033671-1024x312.jpeg 1024w, https:\/\/static-blogs.lasprovincias.es\/wp-content\/uploads\/sites\/18\/2017\/10\/IMG_4984-e1507224033671-300x92.jpeg 300w, https:\/\/static-blogs.lasprovincias.es\/wp-content\/uploads\/sites\/18\/2017\/10\/IMG_4984-e1507224033671-768x234.jpeg 768w, https:\/\/static-blogs.lasprovincias.es\/wp-content\/uploads\/sites\/18\/2017\/10\/IMG_4984-e1507224033671.jpeg 2012w\" sizes=\"(max-width: 1024px) 100vw, 1024px\" \/><\/p>\n<div id=\"attachment_13636\" style=\"width: 767px\" class=\"wp-caption aligncenter\"><a href=\"https:\/\/static-blogs.lasprovincias.es\/wp-content\/uploads\/sites\/18\/2017\/10\/1200091306.jpg\"><img aria-describedby=\"caption-attachment-13636\" loading=\"lazy\" class=\"size-large wp-image-13636\" src=\"https:\/\/static-blogs.lasprovincias.es\/wp-content\/uploads\/sites\/18\/2017\/10\/1200091306-757x1024.jpg\" alt=\"Miguel Angel Mayor.\" width=\"757\" height=\"1024\" srcset=\"https:\/\/static-blogs.lasprovincias.es\/wp-content\/uploads\/sites\/18\/2017\/10\/1200091306.jpg 757w, https:\/\/static-blogs.lasprovincias.es\/wp-content\/uploads\/sites\/18\/2017\/10\/1200091306-222x300.jpg 222w\" sizes=\"(max-width: 757px) 100vw, 757px\" \/><\/a><p id=\"caption-attachment-13636\" class=\"wp-caption-text\">Miguel \u00c1ngel Mayor ya cabalga sin miedo. Foto Irene Marsilla.<\/p><\/div>\n<p style=\"text-align: justify;\"><!--more--><\/p>\n<p style=\"text-align: center;\"><strong>Osados que no dudan en disfrutar de una propuesta bien radical (y a la vez maravillosa)<\/strong><\/p>\n<h2 style=\"text-align: center;\"><span style=\"color: #ff0000;\">lenguas, cerebro, cart\u00edlago<\/span><\/h2>\n<div id=\"attachment_13635\" style=\"width: 1034px\" class=\"wp-caption aligncenter\"><a href=\"https:\/\/static-blogs.lasprovincias.es\/wp-content\/uploads\/sites\/18\/2017\/10\/FOTOSVARIADASSUCEDE-378.jpg\"><img aria-describedby=\"caption-attachment-13635\" loading=\"lazy\" class=\"size-large wp-image-13635\" src=\"https:\/\/static-blogs.lasprovincias.es\/wp-content\/uploads\/sites\/18\/2017\/10\/FOTOSVARIADASSUCEDE-378-1024x627.jpg\" alt=\"dav\" width=\"1024\" height=\"627\" srcset=\"https:\/\/static-blogs.lasprovincias.es\/wp-content\/uploads\/sites\/18\/2017\/10\/FOTOSVARIADASSUCEDE-378.jpg 1024w, https:\/\/static-blogs.lasprovincias.es\/wp-content\/uploads\/sites\/18\/2017\/10\/FOTOSVARIADASSUCEDE-378-300x184.jpg 300w, https:\/\/static-blogs.lasprovincias.es\/wp-content\/uploads\/sites\/18\/2017\/10\/FOTOSVARIADASSUCEDE-378-768x470.jpg 768w\" sizes=\"(max-width: 1024px) 100vw, 1024px\" \/><\/a><p id=\"caption-attachment-13635\" class=\"wp-caption-text\">De esto andamos hablando. \ud83d\ude42<\/p><\/div>\n<p style=\"text-align: justify;\">En mitad de una clara apuesta por volver a lo tradicional y a los men\u00fas m\u00e1s controlados <a href=\"https:\/\/blogs.lasprovincias.es\/historiascondelantal\/2017\/09\/30\/la-alta-gastronomia-vira-hacia-la-tradicion\/\">(ya os habl\u00e9 del viraje hacia la tradici\u00f3n)<\/a>, encontramos a Miguel \u00c1ngel Mayor que sigue con su\u00a0particular batalla. Men\u00fas para disfrutar. Para volar, Sencillamente<strong> EXPERIENCIAS.<\/strong><\/p>\n<div id=\"attachment_13634\" style=\"width: 1010px\" class=\"wp-caption aligncenter\"><a href=\"https:\/\/static-blogs.lasprovincias.es\/wp-content\/uploads\/sites\/18\/2017\/10\/FOTOSVARIADASSUCEDE-345.jpg\"><img aria-describedby=\"caption-attachment-13634\" loading=\"lazy\" class=\"size-full wp-image-13634\" src=\"https:\/\/static-blogs.lasprovincias.es\/wp-content\/uploads\/sites\/18\/2017\/10\/FOTOSVARIADASSUCEDE-345.jpg\" alt=\"dav\" width=\"1000\" height=\"768\" srcset=\"https:\/\/static-blogs.lasprovincias.es\/wp-content\/uploads\/sites\/18\/2017\/10\/FOTOSVARIADASSUCEDE-345.jpg 1000w, https:\/\/static-blogs.lasprovincias.es\/wp-content\/uploads\/sites\/18\/2017\/10\/FOTOSVARIADASSUCEDE-345-300x230.jpg 300w, https:\/\/static-blogs.lasprovincias.es\/wp-content\/uploads\/sites\/18\/2017\/10\/FOTOSVARIADASSUCEDE-345-768x590.jpg 768w\" sizes=\"(max-width: 1000px) 100vw, 1000px\" \/><\/a><p id=\"caption-attachment-13634\" class=\"wp-caption-text\">La mesa se convierte, pase tras pase, en todo un escenario por el que desfilan casi una cuarentena de creaciones. En la imagen, sus \u00f1oquis de berenjena.<\/p><\/div>\n<p style=\"text-align: justify;\">El chef de Sucede, en el <strong>Caro Hotel<\/strong>, es posiblemente de los \u00faltimos que siguen apostando por <strong>hacer de su men\u00fa un trepidante (y a la vez muuuuy estudiado) banquete<\/strong>. Una propuesta que incluye una amplia historia que contar y convertirla en un sugerente desfile de bocados. Detr\u00e1s de cada uno de ellos, de cada bocado, hay <strong>un trabajo ingente, una reflexi\u00f3n palpable y una imaginaci\u00f3n envidiable<\/strong>. No todas las creaciones son ultra-maravillosas, aunque todas te cuentan algo; no en todas las creaciones ves un plato redondo, pero cuando hay peros son casi anecd\u00f3ticos. (Te dir\u00eda que la mayor\u00eda, por cuesti\u00f3n de temperatura que es, sin duda, uno de los grandes enemigos de esta cocina t\u00e9cnica y compleja).<\/p>\n<div id=\"attachment_13639\" style=\"width: 1020px\" class=\"wp-caption aligncenter\"><a href=\"https:\/\/static-blogs.lasprovincias.es\/wp-content\/uploads\/sites\/18\/2017\/10\/FOTOSVARIADASSUCEDE-258.jpg\"><img aria-describedby=\"caption-attachment-13639\" loading=\"lazy\" class=\"size-full wp-image-13639\" src=\"https:\/\/static-blogs.lasprovincias.es\/wp-content\/uploads\/sites\/18\/2017\/10\/FOTOSVARIADASSUCEDE-258.jpg\" alt=\"dav\" width=\"1010\" height=\"768\" srcset=\"https:\/\/static-blogs.lasprovincias.es\/wp-content\/uploads\/sites\/18\/2017\/10\/FOTOSVARIADASSUCEDE-258.jpg 1010w, https:\/\/static-blogs.lasprovincias.es\/wp-content\/uploads\/sites\/18\/2017\/10\/FOTOSVARIADASSUCEDE-258-300x228.jpg 300w, https:\/\/static-blogs.lasprovincias.es\/wp-content\/uploads\/sites\/18\/2017\/10\/FOTOSVARIADASSUCEDE-258-768x584.jpg 768w\" sizes=\"(max-width: 1010px) 100vw, 1010px\" \/><\/a><p id=\"caption-attachment-13639\" class=\"wp-caption-text\">Infusiones y caldos son parte fundamental en su propuesta. Los juegos l\u00edquidos son vitales en el men\u00fa. Aqu\u00ed, su infusi\u00f3n de anguila.<\/p><\/div>\n<p style=\"text-align: justify;\">Miguel \u00c1ngel Mayor aterriz\u00f3 hace poco m\u00e1s de un a\u00f1o en Valencia con su men\u00fa gastron\u00f3mico, que homenajeaba la historia de esta tierra. Trece o catorce meses despu\u00e9s ha afianzado su propuesta y la ha hecho m\u00e1s radical, repleta de pinceladas atrevidas, y, por encima de todo, mucho m\u00e1s personal. <span style=\"color: #ff0000;\"><strong>Una historia en siete secuencias y casi cuarenta creaciones que est\u00e1 repleta de gui\u00f1os al pasado<\/strong><\/span>. La historia a bocados de la Valencia romana y \u00e1rabe, como \u00e9l dice, &#8220;desde una visi\u00f3n del siglo XXI&#8221;. Una visi\u00f3n, eso s\u00ed, bien osada. Porque entre algunos platos de su men\u00fa m\u00e1s largo, el comensal encontrar\u00e1 propuestas que <strong>te hablan del Miguel \u00c1ngel m\u00e1s desinhibido, m\u00e1s libre, con m\u00e1s ganas de llevarte a su mundo, a la cocina como \u00e9l la entiende<\/strong>.\u00a0 (No libre de provocaciones).<\/p>\n<div id=\"attachment_13641\" style=\"width: 1034px\" class=\"wp-caption aligncenter\"><a href=\"https:\/\/static-blogs.lasprovincias.es\/wp-content\/uploads\/sites\/18\/2017\/10\/FOTOSVARIADASSUCEDE-214.jpg\"><img aria-describedby=\"caption-attachment-13641\" loading=\"lazy\" class=\"size-large wp-image-13641\" src=\"https:\/\/static-blogs.lasprovincias.es\/wp-content\/uploads\/sites\/18\/2017\/10\/FOTOSVARIADASSUCEDE-214-1024x653.jpg\" alt=\"El huevo y la manzana. Un bocado con el que te da la bienvenida a su espect\u00e1culo.\" width=\"1024\" height=\"653\" srcset=\"https:\/\/static-blogs.lasprovincias.es\/wp-content\/uploads\/sites\/18\/2017\/10\/FOTOSVARIADASSUCEDE-214.jpg 1024w, https:\/\/static-blogs.lasprovincias.es\/wp-content\/uploads\/sites\/18\/2017\/10\/FOTOSVARIADASSUCEDE-214-300x191.jpg 300w, https:\/\/static-blogs.lasprovincias.es\/wp-content\/uploads\/sites\/18\/2017\/10\/FOTOSVARIADASSUCEDE-214-768x490.jpg 768w\" sizes=\"(max-width: 1024px) 100vw, 1024px\" \/><\/a><p id=\"caption-attachment-13641\" class=\"wp-caption-text\">El huevo y la manzana. Un bocado con el que te da la bienvenida a su espect\u00e1culo.<\/p><\/div>\n<div id=\"attachment_13642\" style=\"width: 1034px\" class=\"wp-caption aligncenter\"><a href=\"https:\/\/static-blogs.lasprovincias.es\/wp-content\/uploads\/sites\/18\/2017\/10\/FOTOSVARIADASSUCEDE-223.jpg\"><img aria-describedby=\"caption-attachment-13642\" loading=\"lazy\" class=\"size-large wp-image-13642\" src=\"https:\/\/static-blogs.lasprovincias.es\/wp-content\/uploads\/sites\/18\/2017\/10\/FOTOSVARIADASSUCEDE-223-1024x506.jpg\" alt=\"dav\" width=\"1024\" height=\"506\" srcset=\"https:\/\/static-blogs.lasprovincias.es\/wp-content\/uploads\/sites\/18\/2017\/10\/FOTOSVARIADASSUCEDE-223.jpg 1024w, https:\/\/static-blogs.lasprovincias.es\/wp-content\/uploads\/sites\/18\/2017\/10\/FOTOSVARIADASSUCEDE-223-300x148.jpg 300w, https:\/\/static-blogs.lasprovincias.es\/wp-content\/uploads\/sites\/18\/2017\/10\/FOTOSVARIADASSUCEDE-223-768x380.jpg 768w\" sizes=\"(max-width: 1024px) 100vw, 1024px\" \/><\/a><p id=\"caption-attachment-13642\" class=\"wp-caption-text\">Su uva gasificada.<\/p><\/div>\n<p style=\"text-align: justify;\">A Miguel \u00c1ngel Mayor, un reconocido chef le dijo hace ya casi un a\u00f1o al probar su men\u00fa (y elogiarlo):<strong> &#8220;En Valencia te vas a pegar una hostia con esto&#8221;<\/strong>. No todos lo comprenden, pero quien lo prueba sin complejos, se engancha a \u00e9l y lo disfruta tanto que, al pasar unos meses, siempre te entra el gusanillo de volver. Un a\u00f1o despu\u00e9s, te dec\u00eda, el chef de Sucede<strong> no s\u00f3lo resiste sino que ampl\u00eda su apuesta. <span style=\"color: #ff0000;\">Cocina, creatividad, imaginaci\u00f3n sin cortapisas sobre la mesa<\/span>.<\/strong>\u00a0Vivirlo, vale la pena. <strong>Descubrir\u00e1s, la cocina del \u00faltimo osado. O el pen\u00faltimo<\/strong>&#8230;\u00a0 Pero, sobre todo, gozar\u00e1s.<\/p>\n<div id=\"attachment_13643\" style=\"width: 693px\" class=\"wp-caption aligncenter\"><a href=\"https:\/\/static-blogs.lasprovincias.es\/wp-content\/uploads\/sites\/18\/2017\/10\/1200091235.jpg\"><img aria-describedby=\"caption-attachment-13643\" loading=\"lazy\" class=\"size-large wp-image-13643\" src=\"https:\/\/static-blogs.lasprovincias.es\/wp-content\/uploads\/sites\/18\/2017\/10\/1200091235-683x1024.jpg\" alt=\"Comunitat Valenciana. Valencia. Valencia 3-03-2017. Miguel Angel Mayor, cocinero del restaurante Sucede. Fotograf\u00eda de Irene Marsilla.\" width=\"683\" height=\"1024\" srcset=\"https:\/\/static-blogs.lasprovincias.es\/wp-content\/uploads\/sites\/18\/2017\/10\/1200091235-683x1024.jpg 683w, https:\/\/static-blogs.lasprovincias.es\/wp-content\/uploads\/sites\/18\/2017\/10\/1200091235-200x300.jpg 200w, https:\/\/static-blogs.lasprovincias.es\/wp-content\/uploads\/sites\/18\/2017\/10\/1200091235-768x1152.jpg 768w\" sizes=\"(max-width: 683px) 100vw, 683px\" \/><\/a><p id=\"caption-attachment-13643\" class=\"wp-caption-text\">Miguel Angel Mayor, en Sucede. Fotograf\u00eda de Irene Marsilla.<\/p><\/div>\n<p style=\"text-align: center;\"><strong><span style=\"color: #ff0000;\">E L\u00a0 O S A D O<\/span><\/strong><\/p>\n<p style=\"text-align: justify;\">No te voy a contar el men\u00fa al detalle, aunque no me resisto a desvelarte algunas propuestas (incluidas las m\u00e1s radicales) de <strong><span style=\"color: #ff0000;\">lo que sucede en Sucede<\/span><\/strong> a lo largo de su Valentia.\u00a0<strong>Miguel \u00c1ngel y su equipo (equipazo de los que lo dan todo) tienen la virtud de conquistarte con su historia.<\/strong> Pura seducci\u00f3n. Como besos en boca.<\/p>\n<p style=\"text-align: justify;\">De entrada, te destaco que es un men\u00fa <strong>goloso<\/strong> (el dulce es una constante en la propuesta), de <strong>sabores puros<\/strong> (cuando hay producto noble, apenas es tratado), con un <strong>maridaje constante<\/strong>, alternativo al vino, en cada uno de sus pases (infusiones de anguila, agua de d\u00e1til, licor de calabaza&#8230;) y con <strong>much\u00edsima t\u00e9cnica<\/strong>, para extraer de un mismo producto todas sus bondades (la caballa es un claro ejemplo). En resumen, <strong>un maravilloso laberinto de placeres<\/strong>. O de pasiones, que titular\u00eda Almod\u00f3var.<\/p>\n<div id=\"attachment_13657\" style=\"width: 1034px\" class=\"wp-caption aligncenter\"><a href=\"https:\/\/static-blogs.lasprovincias.es\/wp-content\/uploads\/sites\/18\/2017\/10\/1a863176-d73e-4692-acfa-c58f5d390627.jpg\"><img aria-describedby=\"caption-attachment-13657\" loading=\"lazy\" class=\"wp-image-13657 size-large\" src=\"https:\/\/static-blogs.lasprovincias.es\/wp-content\/uploads\/sites\/18\/2017\/10\/1a863176-d73e-4692-acfa-c58f5d390627-1024x576.jpg\" alt=\"1a863176-d73e-4692-acfa-c58f5d390627\" width=\"1024\" height=\"576\" srcset=\"https:\/\/static-blogs.lasprovincias.es\/wp-content\/uploads\/sites\/18\/2017\/10\/1a863176-d73e-4692-acfa-c58f5d390627-1024x576.jpg 1024w, https:\/\/static-blogs.lasprovincias.es\/wp-content\/uploads\/sites\/18\/2017\/10\/1a863176-d73e-4692-acfa-c58f5d390627-300x169.jpg 300w, https:\/\/static-blogs.lasprovincias.es\/wp-content\/uploads\/sites\/18\/2017\/10\/1a863176-d73e-4692-acfa-c58f5d390627-768x432.jpg 768w, https:\/\/static-blogs.lasprovincias.es\/wp-content\/uploads\/sites\/18\/2017\/10\/1a863176-d73e-4692-acfa-c58f5d390627.jpg 1600w\" sizes=\"(max-width: 1024px) 100vw, 1024px\" \/><\/a><p id=\"caption-attachment-13657\" class=\"wp-caption-text\">Representaci\u00f3n de su complejo men\u00fa. \ud83d\ude09<\/p><\/div>\n<p style=\"text-align: center;\"><strong>Mi top de aquella noche pasa por&#8230;.<\/strong><\/p>\n<p style=\"text-align: center;\"><span style=\"color: #ff0000;\"><em>Cart\u00edlago, altramuces y trufa<\/em><\/span><\/p>\n<p style=\"text-align: justify;\">El plato vino precedido de dos creaciones hechas con tu\u00e9tano que eran dignas de altar. Su tartaleta, especialmente. Pero lo m\u00e1s llamativo de este pase, con el que Miguel \u00c1ngel cerraba la fase dedicada a la \u00e9poca romana en Valencia, lo iba a poner el plato hecho con cart\u00edlago. Su anuncio ya te pone en posici\u00f3n de atenci\u00f3n. Quiz\u00e1 porque en casa de este esp\u00eda del Pa\u00eds de las Gastrosof\u00edas no comemos cart\u00edlago habitualmente. (Soy m\u00e1s de pescadito a la plancha y verduras para compensar las aventuras culinarias que te cuento).<strong> &#8220;Un sabor brutal&#8221;, dej\u00e9 escrito en ese instante en mi diario\u00a0de Mr Cooking -dichoso y abultado diario-.<\/strong> Era, en efecto, el sabor el que impon\u00eda la ley all\u00ed, en esta creaci\u00f3n que en boca resultaba totalmente melosa y equilibrada a su vez con los altramuces que daban un sutil grito de frescor.<\/p>\n<div id=\"attachment_13650\" style=\"width: 1034px\" class=\"wp-caption aligncenter\"><a href=\"https:\/\/static-blogs.lasprovincias.es\/wp-content\/uploads\/sites\/18\/2017\/10\/FOTOSVARIADASSUCEDE-313.jpg\"><img aria-describedby=\"caption-attachment-13650\" loading=\"lazy\" class=\"size-large wp-image-13650\" src=\"https:\/\/static-blogs.lasprovincias.es\/wp-content\/uploads\/sites\/18\/2017\/10\/FOTOSVARIADASSUCEDE-313-1024x768.jpg\" alt=\"Su cart\u00edlago con altramuces. \" width=\"1024\" height=\"768\" srcset=\"https:\/\/static-blogs.lasprovincias.es\/wp-content\/uploads\/sites\/18\/2017\/10\/FOTOSVARIADASSUCEDE-313.jpg 1024w, https:\/\/static-blogs.lasprovincias.es\/wp-content\/uploads\/sites\/18\/2017\/10\/FOTOSVARIADASSUCEDE-313-300x225.jpg 300w, https:\/\/static-blogs.lasprovincias.es\/wp-content\/uploads\/sites\/18\/2017\/10\/FOTOSVARIADASSUCEDE-313-768x576.jpg 768w\" sizes=\"(max-width: 1024px) 100vw, 1024px\" \/><\/a><p id=\"caption-attachment-13650\" class=\"wp-caption-text\">Su cart\u00edlago con altramuces.<\/p><\/div>\n<p style=\"text-align: center;\"><span style=\"color: #ff0000;\"><em>\u00d1oquis de berenjena y iogurt<\/em><\/span><\/p>\n<p style=\"text-align: justify;\">Es un plato que ya hab\u00eda probado con anterioridad, pero que ahora ofrece quiz\u00e1 m\u00e1s rematado. Me gusta much\u00edsimo. Ofrece una combinaci\u00f3n de sabores que acaba atrap\u00e1ndote. Ligero, bien trazado y muy f\u00e1cil de comer. Vaya, para probar y no parar. Por cierto, junto a \u00e9l te sirve su <strong>volov\u00e1n de lentejas<\/strong>, mejorado respecto a la primera vez que lo prob\u00e9. M\u00e1s especiado, con m\u00e1s personalidad&#8230;<\/p>\n<div id=\"attachment_13651\" style=\"width: 1034px\" class=\"wp-caption aligncenter\"><a href=\"https:\/\/static-blogs.lasprovincias.es\/wp-content\/uploads\/sites\/18\/2017\/10\/FOTOSVARIADASSUCEDE-348.jpg\"><img aria-describedby=\"caption-attachment-13651\" loading=\"lazy\" class=\"size-large wp-image-13651\" src=\"https:\/\/static-blogs.lasprovincias.es\/wp-content\/uploads\/sites\/18\/2017\/10\/FOTOSVARIADASSUCEDE-348-1024x765.jpg\" alt=\"dav\" width=\"1024\" height=\"765\" srcset=\"https:\/\/static-blogs.lasprovincias.es\/wp-content\/uploads\/sites\/18\/2017\/10\/FOTOSVARIADASSUCEDE-348.jpg 1024w, https:\/\/static-blogs.lasprovincias.es\/wp-content\/uploads\/sites\/18\/2017\/10\/FOTOSVARIADASSUCEDE-348-300x224.jpg 300w, https:\/\/static-blogs.lasprovincias.es\/wp-content\/uploads\/sites\/18\/2017\/10\/FOTOSVARIADASSUCEDE-348-768x574.jpg 768w\" sizes=\"(max-width: 1024px) 100vw, 1024px\" \/><\/a><p id=\"caption-attachment-13651\" class=\"wp-caption-text\">El volov\u00e1n de lentejas.<\/p><\/div>\n<p>&nbsp;<\/p>\n<div id=\"attachment_13652\" style=\"width: 1034px\" class=\"wp-caption aligncenter\"><a href=\"https:\/\/static-blogs.lasprovincias.es\/wp-content\/uploads\/sites\/18\/2017\/10\/FOTOSVARIADASSUCEDE-350.jpg\"><img aria-describedby=\"caption-attachment-13652\" loading=\"lazy\" class=\"size-large wp-image-13652\" src=\"https:\/\/static-blogs.lasprovincias.es\/wp-content\/uploads\/sites\/18\/2017\/10\/FOTOSVARIADASSUCEDE-350-1024x768.jpg\" alt=\"dav\" width=\"1024\" height=\"768\" srcset=\"https:\/\/static-blogs.lasprovincias.es\/wp-content\/uploads\/sites\/18\/2017\/10\/FOTOSVARIADASSUCEDE-350.jpg 1024w, https:\/\/static-blogs.lasprovincias.es\/wp-content\/uploads\/sites\/18\/2017\/10\/FOTOSVARIADASSUCEDE-350-300x225.jpg 300w, https:\/\/static-blogs.lasprovincias.es\/wp-content\/uploads\/sites\/18\/2017\/10\/FOTOSVARIADASSUCEDE-350-768x576.jpg 768w\" sizes=\"(max-width: 1024px) 100vw, 1024px\" \/><\/a><p id=\"caption-attachment-13652\" class=\"wp-caption-text\">Los \u00f1oquis de berenjena con iogurt y queso.<\/p><\/div>\n<p style=\"text-align: center;\"><span style=\"color: #ff0000;\"><em>El cielo de la caballa (TOP)<\/em><\/span><\/p>\n<p style=\"text-align: justify;\">Con esta propuesta, el cocinero muestra sus galones. Sin dudarlo, una de las propuestas m\u00e1s deliciosas de su extenso men\u00fa. Un pase en el que la caballa se presenta como si de un puzzle se tratara, para deleitarte en sus texturas, cocciones y sabores. Impresionante plato que resume a la perfecci\u00f3n lo que es Sucede y lo que es la cocina de Miguel \u00c1ngel. <strong>El lomo de caballa con su caldo y las lechecillas<\/strong> es de una elegancia en el plato y en boca extraordinario. En su punto. Estremecedor. La segunda fase, con<strong> las aletas y las huevas del mismo pescado en tempura<\/strong>, te hacen soltar las l\u00e1grimas. Para mi colecci\u00f3n de platos de este a\u00f1o. Sin dudarlo. S\u00f3lo por eso, vale la pena ir. (Ya te he dicho esto en otras ocasiones), pero es as\u00ed.<\/p>\n<div id=\"attachment_13653\" style=\"width: 1034px\" class=\"wp-caption aligncenter\"><a href=\"https:\/\/static-blogs.lasprovincias.es\/wp-content\/uploads\/sites\/18\/2017\/10\/FOTOSVARIADASSUCEDE-364.jpg\"><img aria-describedby=\"caption-attachment-13653\" loading=\"lazy\" class=\"size-large wp-image-13653\" src=\"https:\/\/static-blogs.lasprovincias.es\/wp-content\/uploads\/sites\/18\/2017\/10\/FOTOSVARIADASSUCEDE-364-1024x768.jpg\" alt=\"dav\" width=\"1024\" height=\"768\" srcset=\"https:\/\/static-blogs.lasprovincias.es\/wp-content\/uploads\/sites\/18\/2017\/10\/FOTOSVARIADASSUCEDE-364.jpg 1024w, https:\/\/static-blogs.lasprovincias.es\/wp-content\/uploads\/sites\/18\/2017\/10\/FOTOSVARIADASSUCEDE-364-300x225.jpg 300w, https:\/\/static-blogs.lasprovincias.es\/wp-content\/uploads\/sites\/18\/2017\/10\/FOTOSVARIADASSUCEDE-364-768x576.jpg 768w\" sizes=\"(max-width: 1024px) 100vw, 1024px\" \/><\/a><p id=\"caption-attachment-13653\" class=\"wp-caption-text\">Las lechecillas y el lomo de caballa.<\/p><\/div>\n<p>&nbsp;<\/p>\n<div id=\"attachment_13654\" style=\"width: 1034px\" class=\"wp-caption aligncenter\"><a href=\"https:\/\/static-blogs.lasprovincias.es\/wp-content\/uploads\/sites\/18\/2017\/10\/FOTOSVARIADASSUCEDE-366.jpg\"><img aria-describedby=\"caption-attachment-13654\" loading=\"lazy\" class=\"size-large wp-image-13654\" src=\"https:\/\/static-blogs.lasprovincias.es\/wp-content\/uploads\/sites\/18\/2017\/10\/FOTOSVARIADASSUCEDE-366-1024x668.jpg\" alt=\"Las aletas y las huevas en tempura, que se acompa\u00f1ando e una mahonesa muy ligera \" width=\"1024\" height=\"668\" srcset=\"https:\/\/static-blogs.lasprovincias.es\/wp-content\/uploads\/sites\/18\/2017\/10\/FOTOSVARIADASSUCEDE-366.jpg 1024w, https:\/\/static-blogs.lasprovincias.es\/wp-content\/uploads\/sites\/18\/2017\/10\/FOTOSVARIADASSUCEDE-366-300x196.jpg 300w, https:\/\/static-blogs.lasprovincias.es\/wp-content\/uploads\/sites\/18\/2017\/10\/FOTOSVARIADASSUCEDE-366-768x501.jpg 768w\" sizes=\"(max-width: 1024px) 100vw, 1024px\" \/><\/a><p id=\"caption-attachment-13654\" class=\"wp-caption-text\">Las aletas y las huevas en tempura, que se acompa\u00f1an de una mayonesa muy ligera<\/p><\/div>\n<p style=\"text-align: center;\"><span style=\"color: #ff0000;\"><em>El pase del conejo (TOP)<\/em><\/span><\/p>\n<p style=\"text-align: justify;\"><span style=\"color: #333333;\">Vamos ahora con m\u00e1s materia dura. Y cuando digo materia dura, no lo digo por decir. El pase del conejo es sencillamente todo un espect\u00e1culo. De esas cosas que te impactan, que\u00a0te generan inquietud y\u00a0que te demuestra qui\u00e9n es Miguel \u00c1ngel Mayor en la cocina. Un pase para dejar claro, adem\u00e1s de que merece su estrella michel\u00edn (a m\u00ed me lo parece sin titubeos) el enorme potencial ante los fogones que tiene este chef. Una suerte para Valencia, aunque a muchos se le ponga cuesta arriba descubrirlo.\u00a0 <\/span><\/p>\n<p style=\"text-align: justify;\"><span style=\"color: #333333;\">El primer zambombazo: <strong>lengua de conejo con su cerebrito y mel\u00f3n<\/strong>. El segundo: <strong>conejo y mel\u00f3n<\/strong>, en una propuesta muy sabrosa en la que el caldo que acompa\u00f1a la carne recuerda al vino especiado. Una genialidad.\u00a0 (plas, plas, plas)<\/span><\/p>\n<div id=\"attachment_13655\" style=\"width: 1034px\" class=\"wp-caption aligncenter\"><a href=\"https:\/\/static-blogs.lasprovincias.es\/wp-content\/uploads\/sites\/18\/2017\/10\/FOTOSVARIADASSUCEDE-376.jpg\"><img aria-describedby=\"caption-attachment-13655\" loading=\"lazy\" class=\"size-large wp-image-13655\" src=\"https:\/\/static-blogs.lasprovincias.es\/wp-content\/uploads\/sites\/18\/2017\/10\/FOTOSVARIADASSUCEDE-376-1024x555.jpg\" alt=\"dav\" width=\"1024\" height=\"555\" srcset=\"https:\/\/static-blogs.lasprovincias.es\/wp-content\/uploads\/sites\/18\/2017\/10\/FOTOSVARIADASSUCEDE-376.jpg 1024w, https:\/\/static-blogs.lasprovincias.es\/wp-content\/uploads\/sites\/18\/2017\/10\/FOTOSVARIADASSUCEDE-376-300x163.jpg 300w, https:\/\/static-blogs.lasprovincias.es\/wp-content\/uploads\/sites\/18\/2017\/10\/FOTOSVARIADASSUCEDE-376-768x416.jpg 768w\" sizes=\"(max-width: 1024px) 100vw, 1024px\" \/><\/a><p id=\"caption-attachment-13655\" class=\"wp-caption-text\">Lengua, cerebro y mel\u00f3n.<\/p><\/div>\n<div id=\"attachment_13656\" style=\"width: 1034px\" class=\"wp-caption aligncenter\"><a href=\"https:\/\/static-blogs.lasprovincias.es\/wp-content\/uploads\/sites\/18\/2017\/10\/FOTOSVARIADASSUCEDE-384.jpg\"><img aria-describedby=\"caption-attachment-13656\" loading=\"lazy\" class=\"size-large wp-image-13656\" src=\"https:\/\/static-blogs.lasprovincias.es\/wp-content\/uploads\/sites\/18\/2017\/10\/FOTOSVARIADASSUCEDE-384-1024x650.jpg\" alt=\"dav\" width=\"1024\" height=\"650\" srcset=\"https:\/\/static-blogs.lasprovincias.es\/wp-content\/uploads\/sites\/18\/2017\/10\/FOTOSVARIADASSUCEDE-384.jpg 1024w, https:\/\/static-blogs.lasprovincias.es\/wp-content\/uploads\/sites\/18\/2017\/10\/FOTOSVARIADASSUCEDE-384-300x190.jpg 300w, https:\/\/static-blogs.lasprovincias.es\/wp-content\/uploads\/sites\/18\/2017\/10\/FOTOSVARIADASSUCEDE-384-768x488.jpg 768w\" sizes=\"(max-width: 1024px) 100vw, 1024px\" \/><\/a><p id=\"caption-attachment-13656\" class=\"wp-caption-text\">Conejo con mel\u00f3n. (Y en el mel\u00f3n).<\/p><\/div>\n<p style=\"text-align: center;\"><span style=\"color: #ff0000;\"><em>La molleja con fresas y moras<\/em><\/span><\/p>\n<p style=\"text-align: justify;\">Y para rematar, sus mollejas. En este caso, riqu\u00edsimas en su ejecuci\u00f3n y muy curiosas jugando con el \u00e1cido de la fresa y, al tiempo, con el toque casi congelado de la fruta. Un plato para disfrutar&#8230; y meditar. Otro impacto m\u00e1s de su Valentia de los que se quedan grabados en la memoria.<\/p>\n<p style=\"text-align: justify;\">Miguel \u00c1ngel es joven. Su futuro, ya lo he dicho m\u00e1s de una vez, es trepidante. Creo sinceramente, sin caer en eufemismos, que su cocina merece su reconocimiento. Al menos para compensar el nivel de esfuerzo que hay detr\u00e1s y un resultado que a m\u00ed me parece en algunos tramos excepcional. Y \u00e9l sabe los sacrificios que esto supone. Se mata a horas. \u00c9l y <strong><span style=\"color: #ff0000;\">SU EQUIPO<\/span><\/strong>. Y pongo su equipo en may\u00fasculas, porque as\u00ed lo expresa \u00e9l cada vez que hablamos. <strong>&#8220;Es a ellos a quienes tengo que dar gracias de verdad; todo esto\u00a0ser\u00eda imposible sin ellos: se est\u00e1n partiendo los cuernos&#8230;.&#8221;<\/strong>, me confes\u00f3.<\/p>\n<p style=\"text-align: justify;\">Miguel \u00c1ngel, ahora que su cocina habla de la Valencia romana, es como un legionario intr\u00e9pido que merece su premio. No en vano lo que te pone sobre la mesa es <strong>un men\u00fa propio de un gladiador del delantal.<\/strong> <span style=\"color: #ff0000;\">Un banquete, digno de un sult\u00e1n.<\/span><\/p>\n<p style=\"text-align: justify;\"><strong>Va a darnos pronto sorpresas. Ya ver\u00e1s. Recuerda, te lo dijo Mister Cooking. Salud!<\/strong><\/p>\n<p style=\"text-align: center;\"><a href=\"https:\/\/static-blogs.lasprovincias.es\/wp-content\/uploads\/sites\/18\/2017\/10\/FOTOSVARIADASSUCEDE-262.jpg\"><img loading=\"lazy\" class=\"alignnone size-large wp-image-13660\" src=\"https:\/\/static-blogs.lasprovincias.es\/wp-content\/uploads\/sites\/18\/2017\/10\/FOTOSVARIADASSUCEDE-262-1024x715.jpg\" alt=\"dav\" width=\"1024\" height=\"715\" srcset=\"https:\/\/static-blogs.lasprovincias.es\/wp-content\/uploads\/sites\/18\/2017\/10\/FOTOSVARIADASSUCEDE-262.jpg 1024w, https:\/\/static-blogs.lasprovincias.es\/wp-content\/uploads\/sites\/18\/2017\/10\/FOTOSVARIADASSUCEDE-262-300x209.jpg 300w, https:\/\/static-blogs.lasprovincias.es\/wp-content\/uploads\/sites\/18\/2017\/10\/FOTOSVARIADASSUCEDE-262-768x536.jpg 768w\" sizes=\"(max-width: 1024px) 100vw, 1024px\" \/><\/a><\/p>\n<p style=\"text-align: justify;\">\n<!-- AddThis Advanced Settings generic via filter on the_content --><!-- AddThis Share Buttons generic via filter on the_content -->","protected":false},"excerpt":{"rendered":"<p>Esta historia\u00a0 he querido\u00a0 titularla:\u00a0&#8216;La cocina de los osados&#8217;, aunque soy consciente de que\u00a0queda fuera del titular que el osado se llama Miguel \u00c1ngel, que est\u00e1 al frente de un lugar llamado Sucede, que ese lugar es uno de los restaurantes m\u00e1s hermosos que existen en la ciudad y que el cocinero intr\u00e9pido sigue elaborando [&hellip;]<!-- AddThis Advanced Settings generic via filter on get_the_excerpt --><!-- AddThis Share Buttons generic via filter on get_the_excerpt --><\/p>\n","protected":false},"author":23,"featured_media":0,"comment_status":"open","ping_status":"open","sticky":false,"template":"","format":"standard","meta":[],"categories":[3,4,1,7],"tags":[724,1025],"_links":{"self":[{"href":"https:\/\/blogs.lasprovincias.es\/historiascondelantal\/wp-json\/wp\/v2\/posts\/13618"}],"collection":[{"href":"https:\/\/blogs.lasprovincias.es\/historiascondelantal\/wp-json\/wp\/v2\/posts"}],"about":[{"href":"https:\/\/blogs.lasprovincias.es\/historiascondelantal\/wp-json\/wp\/v2\/types\/post"}],"author":[{"embeddable":true,"href":"https:\/\/blogs.lasprovincias.es\/historiascondelantal\/wp-json\/wp\/v2\/users\/23"}],"replies":[{"embeddable":true,"href":"https:\/\/blogs.lasprovincias.es\/historiascondelantal\/wp-json\/wp\/v2\/comments?post=13618"}],"version-history":[{"count":24,"href":"https:\/\/blogs.lasprovincias.es\/historiascondelantal\/wp-json\/wp\/v2\/posts\/13618\/revisions"}],"predecessor-version":[{"id":13679,"href":"https:\/\/blogs.lasprovincias.es\/historiascondelantal\/wp-json\/wp\/v2\/posts\/13618\/revisions\/13679"}],"wp:attachment":[{"href":"https:\/\/blogs.lasprovincias.es\/historiascondelantal\/wp-json\/wp\/v2\/media?parent=13618"}],"wp:term":[{"taxonomy":"category","embeddable":true,"href":"https:\/\/blogs.lasprovincias.es\/historiascondelantal\/wp-json\/wp\/v2\/categories?post=13618"},{"taxonomy":"post_tag","embeddable":true,"href":"https:\/\/blogs.lasprovincias.es\/historiascondelantal\/wp-json\/wp\/v2\/tags?post=13618"}],"curies":[{"name":"wp","href":"https:\/\/api.w.org\/{rel}","templated":true}]}}