{"id":13794,"date":"2017-10-21T06:15:04","date_gmt":"2017-10-21T04:15:04","guid":{"rendered":"http:\/\/blogs.lasprovincias.es\/historiascondelantal\/?p=13794"},"modified":"2017-10-20T18:30:28","modified_gmt":"2017-10-20T16:30:28","slug":"descorchando-sumilleres-navarrete-redrado-y-otros-cuentavinos","status":"publish","type":"post","link":"https:\/\/blogs.lasprovincias.es\/historiascondelantal\/2017\/10\/21\/descorchando-sumilleres-navarrete-redrado-y-otros-cuentavinos\/","title":{"rendered":"Descorchando sumilleres: Navarrete, Redrado y otros trovadores del vino"},"content":{"rendered":"<p><strong>\u00a0Te traigo algunos de los grandes sumilleres de estas tierras. Cuentavinos de aqu\u00ed y\u00a0 sacacorchos de all\u00e1. Y adem\u00e1s, sentamos ante una mesa a dos de ellos para, sorbo a sorbo, decantar sus historias\u00a0 y maridar sus vidas. <span style=\"color: #808080;\">Alberto Redrado y Jos\u00e9 Antonio Navarrete<\/span> entre copas; y junto a ellos, los (mis) nombres propios del selecto club de los guardianes del cielo l\u00edquido.\u00a0<span style=\"color: #ff0000;\">Son los descorchadores de sue\u00f1os.<\/span> Los que hacen que la gastronom\u00eda te lleve del plato al cielo.<\/strong><\/p>\n<h2 style=\"text-align: center;\"><strong><span style=\"color: #ff0000;\">Los trovadores del vino<\/span><\/strong><\/h2>\n<p style=\"text-align: center;\"><span style=\"color: #808080;\"><strong>REDRADO&#8230;<\/strong><\/span><\/p>\n<p style=\"text-align: center;\"><a href=\"https:\/\/static-blogs.lasprovincias.es\/wp-content\/uploads\/sites\/18\/2017\/10\/IMG_0306.jpg\"><img loading=\"lazy\" class=\"alignnone size-large wp-image-13798\" src=\"https:\/\/static-blogs.lasprovincias.es\/wp-content\/uploads\/sites\/18\/2017\/10\/IMG_0306-1024x683.jpg\" alt=\"img_0306\" width=\"1024\" height=\"683\" srcset=\"https:\/\/static-blogs.lasprovincias.es\/wp-content\/uploads\/sites\/18\/2017\/10\/IMG_0306.jpg 1024w, https:\/\/static-blogs.lasprovincias.es\/wp-content\/uploads\/sites\/18\/2017\/10\/IMG_0306-300x200.jpg 300w, https:\/\/static-blogs.lasprovincias.es\/wp-content\/uploads\/sites\/18\/2017\/10\/IMG_0306-768x512.jpg 768w\" sizes=\"(max-width: 1024px) 100vw, 1024px\" \/><\/a><\/p>\n<p style=\"text-align: center;\"><strong><span style=\"color: #808080;\">&#8230;NAVARRETE<\/span><\/strong><\/p>\n<p style=\"text-align: center;\"><a href=\"https:\/\/static-blogs.lasprovincias.es\/wp-content\/uploads\/sites\/18\/2017\/10\/IMG_3394-1280x852-1.jpg\"><img loading=\"lazy\" class=\"alignnone size-large wp-image-13802\" src=\"https:\/\/static-blogs.lasprovincias.es\/wp-content\/uploads\/sites\/18\/2017\/10\/IMG_3394-1280x852-1-1024x682.jpg\" alt=\"img_3394-1280x852\" width=\"1024\" height=\"682\" srcset=\"https:\/\/static-blogs.lasprovincias.es\/wp-content\/uploads\/sites\/18\/2017\/10\/IMG_3394-1280x852-1-1024x682.jpg 1024w, https:\/\/static-blogs.lasprovincias.es\/wp-content\/uploads\/sites\/18\/2017\/10\/IMG_3394-1280x852-1-300x200.jpg 300w, https:\/\/static-blogs.lasprovincias.es\/wp-content\/uploads\/sites\/18\/2017\/10\/IMG_3394-1280x852-1-768x511.jpg 768w, https:\/\/static-blogs.lasprovincias.es\/wp-content\/uploads\/sites\/18\/2017\/10\/IMG_3394-1280x852-1.jpg 1280w\" sizes=\"(max-width: 1024px) 100vw, 1024px\" \/><\/a><\/p>\n<h2 style=\"text-align: center;\"><span style=\"color: #808080;\">Y OTROS<strong>\u00a0<span style=\"color: #808080;\">(<\/span><\/strong><strong>9)<\/strong><strong> CUENTAVINOS<\/strong><\/span><\/h2>\n<p><!--more--><\/p>\n<div id=\"attachment_13796\" style=\"width: 1034px\" class=\"wp-caption aligncenter\"><img aria-describedby=\"caption-attachment-13796\" loading=\"lazy\" class=\"wp-image-13796 size-large\" src=\"https:\/\/static-blogs.lasprovincias.es\/wp-content\/uploads\/sites\/18\/2017\/10\/Guillermo-Cruz-15-2-1024x683.jpg\" alt=\"guillermo-cruz-15-2\" width=\"1024\" height=\"683\" srcset=\"https:\/\/static-blogs.lasprovincias.es\/wp-content\/uploads\/sites\/18\/2017\/10\/Guillermo-Cruz-15-2.jpg 1024w, https:\/\/static-blogs.lasprovincias.es\/wp-content\/uploads\/sites\/18\/2017\/10\/Guillermo-Cruz-15-2-300x200.jpg 300w, https:\/\/static-blogs.lasprovincias.es\/wp-content\/uploads\/sites\/18\/2017\/10\/Guillermo-Cruz-15-2-768x512.jpg 768w\" sizes=\"(max-width: 1024px) 100vw, 1024px\" \/><p id=\"caption-attachment-13796\" class=\"wp-caption-text\">Guillermo Cruz, sumiller de Mugaritz, en nuestra particular once titular de sumilleres.<\/p><\/div>\n<p style=\"text-align: center;\"><span style=\"text-decoration: underline;\"><span style=\"color: #808080; text-decoration: underline;\">EL ONCE TITULAR<\/span><\/span><\/p>\n<p style=\"text-align: center;\"><span style=\"color: #808080;\">ALBERTO\u00a0 jos\u00e9 antonio<\/span><\/p>\n<p style=\"text-align: center;\"><span style=\"color: #808080;\">manuela\u00a0 <strong>guillermo\u00a0<\/strong> \u00a0PITU\u00a0 \u00a0teresa<\/span><\/p>\n<p style=\"text-align: center;\"><span style=\"color: #808080;\">DAVID\u00a0\u00a0<strong> ismael\u00a0<\/strong> \u00a0RAFA\u00a0 \u00a0<\/span><\/p>\n<p style=\"text-align: center;\"><span style=\"color: #808080;\">eva\u00a0 <strong>\u00a0JuanRu<\/strong><\/span><\/p>\n<p style=\"text-align: center;\">\u00a0 <a href=\"https:\/\/static-blogs.lasprovincias.es\/wp-content\/uploads\/sites\/18\/2017\/10\/GF0BEOP1.jpg\"><img loading=\"lazy\" class=\"alignnone size-large wp-image-13806\" src=\"https:\/\/static-blogs.lasprovincias.es\/wp-content\/uploads\/sites\/18\/2017\/10\/GF0BEOP1-1024x422.jpg\" alt=\"gf0beop1\" width=\"1024\" height=\"422\" srcset=\"https:\/\/static-blogs.lasprovincias.es\/wp-content\/uploads\/sites\/18\/2017\/10\/GF0BEOP1.jpg 1024w, https:\/\/static-blogs.lasprovincias.es\/wp-content\/uploads\/sites\/18\/2017\/10\/GF0BEOP1-300x124.jpg 300w, https:\/\/static-blogs.lasprovincias.es\/wp-content\/uploads\/sites\/18\/2017\/10\/GF0BEOP1-768x317.jpg 768w\" sizes=\"(max-width: 1024px) 100vw, 1024px\" \/><\/a><\/p>\n<p>Hay copas que son platos. Y quiz\u00e1s hay platos que son copas. Hay vinos que te acarician, que te exaltan, que te hablan. Los que te susurran en la boca cosas incre\u00edbles \u2013muchas fant\u00e1sticas\u2013. Y los que son terciopelo, seda, metal, mineral, tierra, mantequilla que te engalana y te enamora y te atrapa. <strong>Hay vinos y vinos. Y hay tantos que su mundo parece incontrolable. Sin horizontes, ni fronteras.<\/strong> Un Universo repleto de planetas con forma de copa a la que asomarte y dejar que te hablen los aromas. Copas a las que unir tus labios a los suyos y saborear su cuerpo.<strong> Copas repletas de rostros, de territorio, de tiempo, de sue\u00f1os.<span style=\"color: #ff0000;\"> Historias entre vi\u00f1edos.<\/span><\/strong><\/p>\n<p>&nbsp;<\/p>\n<div id=\"attachment_13834\" style=\"width: 1034px\" class=\"wp-caption aligncenter\"><img aria-describedby=\"caption-attachment-13834\" loading=\"lazy\" class=\"wp-image-13834 size-full\" src=\"https:\/\/static-blogs.lasprovincias.es\/wp-content\/uploads\/sites\/18\/2017\/10\/IMG_1488-1280x1280-1024x1024.jpg\" alt=\"img_1488-1280x1280-1024x1024\" width=\"1024\" height=\"1024\" srcset=\"https:\/\/static-blogs.lasprovincias.es\/wp-content\/uploads\/sites\/18\/2017\/10\/IMG_1488-1280x1280-1024x1024.jpg 1024w, https:\/\/static-blogs.lasprovincias.es\/wp-content\/uploads\/sites\/18\/2017\/10\/IMG_1488-1280x1280-1024x1024-150x150.jpg 150w, https:\/\/static-blogs.lasprovincias.es\/wp-content\/uploads\/sites\/18\/2017\/10\/IMG_1488-1280x1280-1024x1024-300x300.jpg 300w, https:\/\/static-blogs.lasprovincias.es\/wp-content\/uploads\/sites\/18\/2017\/10\/IMG_1488-1280x1280-1024x1024-768x768.jpg 768w\" sizes=\"(max-width: 1024px) 100vw, 1024px\" \/><p id=\"caption-attachment-13834\" class=\"wp-caption-text\">El Corto malt\u00e9s te recibe en la bodega de Juan Ruiz Henestrosa en Aponiente. Lo hace cargado de razones.<\/p><\/div>\n<p>Los vinos son mucho m\u00e1s que gastronom\u00eda l\u00edquida. <strong>Son una parte compleja en la aventura de la buena mesa que, cuando alguien te ayuda a comprenderla, logras disfrutar de ese momento como pocas veces lo hab\u00edas hecho.<\/strong> Ah\u00ed, en ese instante m\u00e1gico, casi misterioso, entran ellos. Los sumilleres, los que te maridan tu traves\u00eda ante el mantel, son como lazarillos que te llevan entre sorbos de un sitio a otro. <span style=\"color: #ff0000;\"><strong>Trovadores que te cantan las \u00e9picas de botellas descorchadas.<\/strong><\/span> Brujos, alquimistas que a\u00fanan todas las fuerzas \u2013la del plato del chef y la del caldo del bodeguero- para hacerte vibrar con ellos. Se\u00f1oras y se\u00f1ores del vino: decantadores de emociones.<\/p>\n<p style=\"text-align: center;\"><a href=\"https:\/\/static-blogs.lasprovincias.es\/wp-content\/uploads\/sites\/18\/2017\/10\/vi\u00f1a2.jpg\"><img loading=\"lazy\" class=\"alignnone size-large wp-image-13807\" src=\"https:\/\/static-blogs.lasprovincias.es\/wp-content\/uploads\/sites\/18\/2017\/10\/vi\u00f1a2-1024x568.jpg\" alt=\"vina2\" width=\"1024\" height=\"568\" srcset=\"https:\/\/static-blogs.lasprovincias.es\/wp-content\/uploads\/sites\/18\/2017\/10\/vi\u00f1a2-1024x568.jpg 1024w, https:\/\/static-blogs.lasprovincias.es\/wp-content\/uploads\/sites\/18\/2017\/10\/vi\u00f1a2-300x166.jpg 300w, https:\/\/static-blogs.lasprovincias.es\/wp-content\/uploads\/sites\/18\/2017\/10\/vi\u00f1a2-768x426.jpg 768w, https:\/\/static-blogs.lasprovincias.es\/wp-content\/uploads\/sites\/18\/2017\/10\/vi\u00f1a2.jpg 2048w\" sizes=\"(max-width: 1024px) 100vw, 1024px\" \/><\/a><\/p>\n<p style=\"text-align: center;\"><span style=\"color: #000000;\"><span style=\"color: #808080;\"><strong>I. JOS\u00c9 ANTONIO NAVARRETE\/<\/strong><\/span>\u00a0\u00a0<\/span><strong><span style=\"color: #ff0000;\">EL SENTIMIENTO<\/span><\/strong><\/p>\n<p>\u00abQuique y yo nos dedicamos a bailar; yo bailo con sus platos\u00bb, coment\u00f3 <strong>Jos\u00e9 Antonio Navarrete<\/strong> en su ponencia (extremadamente sensible) del <a href=\"https:\/\/blogs.lasprovincias.es\/historiascondelantal\/2017\/10\/09\/__trashed\/\">festival D*na<\/a>, del que te habl\u00e9 la semana pasada. Navarrete es, sin dudarlo, uno de los grandes sumilleres de este pa\u00eds. O, por no poner fronteras ya que hablamos de vinos, es uno de los grandes sumilleres a secas. Escucharle, cuando entre sus manos reposa una botella, no s\u00f3lo es una delicia, sino que tambi\u00e9n es todo un viaje de emociones que Jos\u00e9 Antonio lleva al l\u00edmite. A veces, tanto, que hace del sorbo poes\u00eda. Porque si el sumiller del restaurante Quique Dacosta tiene alguna virtud, esa es que <span style=\"color: #ff0000;\">convierte su maridaje en un poema en el que los versos son vinos que acarician tu fibra sensible<\/span>. \u00abQuo Vadis?\u00bb, te dice, cuando casi al final (o casi al principio) de alguna de las comidas te sirve este vino de <strong>Delgado Zuleta<\/strong> que es pura \u00abarqueolog\u00eda enol\u00f3gica\u00bb. \u00abA d\u00f3nde vas?\u00bb, te remata Navarrete, mientras t\u00fa bebes un sorbo de este brebaje y te estremeces. Sencillo, humilde, sensible.<\/p>\n<p style=\"text-align: center;\"><a href=\"https:\/\/static-blogs.lasprovincias.es\/wp-content\/uploads\/sites\/18\/2017\/10\/IMG_3390-1.jpg\"><img loading=\"lazy\" class=\"alignnone size-full wp-image-13816\" src=\"https:\/\/static-blogs.lasprovincias.es\/wp-content\/uploads\/sites\/18\/2017\/10\/IMG_3390-1.jpg\" alt=\"img_3390\" width=\"768\" height=\"955\" srcset=\"https:\/\/static-blogs.lasprovincias.es\/wp-content\/uploads\/sites\/18\/2017\/10\/IMG_3390-1.jpg 768w, https:\/\/static-blogs.lasprovincias.es\/wp-content\/uploads\/sites\/18\/2017\/10\/IMG_3390-1-241x300.jpg 241w\" sizes=\"(max-width: 768px) 100vw, 768px\" \/><\/a><\/p>\n<p style=\"text-align: center;\"><strong>DESCORCHANDO A<\/strong>\u00a0<strong><span style=\"color: #808080;\">NAVARRETE<\/span><\/strong><\/p>\n<p style=\"text-align: center;\"><span style=\"color: #ff0000;\">\u2329Moratalla (Murcia) 30 de agosto de 1980\u232a<\/span><\/p>\n<p><strong>Quisiste ser&#8230; \u00a0<\/strong>Ser feliz.<\/p>\n<p><strong>Fuiste sumiller por&#8230; <\/strong>\u00a0La verdad es que me gustaba la medicina. De hecho hice una diplomatura de Optometr\u00eda. Siempre cuento que fueron los vinos los que me cazaron a m\u00ed. Yo no tuve ninguna relaci\u00f3n con la profesi\u00f3n. En mi casa consum\u00edamos vino con normalidad, como en todas.\u00a0 Pero estaba estudiando en Murcia, en segundo curso, con 19 \u00f3 20 a\u00f1os, y quise ser lo m\u00e1s independiente posible. Y esa independencia econ\u00f3mica la busqu\u00e9 en un restaurante que me abri\u00f3 las puertas de ese mundo. En el Rinc\u00f3n de Pepe.<\/p>\n<p><strong>De mayor quieres ser\u2026<\/strong> \u00a0Lo mismo que de peque\u00f1o. Feliz.<\/p>\n<p><strong>Tu debilidad\u2026<\/strong> \u00a0(No le hice la pregunta, pero tengo clara la respuesta: su debilidad es la mujer que le acompa\u00f1a por esta vida).<\/p>\n<p><strong>Qu\u00e9 esconde una botella\u2026<\/strong> \u00a0Una botella contiene <span style=\"color: #ff0000;\"><strong>el sue\u00f1o de lo que alguien, durante 365 d\u00edas del a\u00f1o, intenta meter en un l\u00edquido <\/strong><\/span>a partir de lo que es un territorio, una variedad (de uva), un entorno y una climatolog\u00eda . Para que, con el paso del tiempo, cuando otra persona abra la botella donde permanece, pueda descubrir en ese l\u00edquido parte de su vida.<\/p>\n<p><strong>El vino que m\u00e1s feliz te ha hecho descorchar\u2026<\/strong> El vino que m\u00e1s felicidad me transmite es el que bebo con la persona que quiero. (Ella r\u00ede mientras le escucha). Recuerdo una botella de champ\u00e1n muy especial con ella.<\/p>\n<p><strong>El vino que te ha hecho llorar\u2026<\/strong> \u00a0Un vino muy viejo. De Jerez. Siempre digo que hay tipolog\u00edas de vino que nos hablan de lo que son las emociones. Y dentro de esa tipolog\u00eda, para m\u00ed la tristeza y el dolor los vinculo con los vinos viejos. En los que hay frescura y acidez, como el champ\u00e1n, siento momentos de calma y para compartir. En los vinos, siento momentos de la vida.<\/p>\n<p><strong>El vino que sue\u00f1as con tomar\u2026<\/strong> \u00a0El vino que genere sonrisa a la persona que lo toma.<\/p>\n<p><strong>Para unas aceitunas\u2026\u00a0 <\/strong>\u00a0Una manzanilla.<\/p>\n<p><strong>Para un buen puchero\u2026\u00a0<\/strong> \u00a0Un vino con tanino y fruta&#8230; para refrescar.<\/p>\n<p><strong>Para un pescado a la sal\u2026<\/strong> \u00a0Un vino del Jura.<\/p>\n<p><strong>Para una garrapi\u00f1ada\u2026<\/strong> Un moscatel De Muller solera 1920.<\/p>\n<p><strong>El vino m\u00e1s caro que jam\u00e1s has descorchado\u2026<\/strong> \u00a0(Duda).<strong><span style=\"color: #808080;\"> Una botella de Henri Jayer, Vosne Romanee Cros Parantoux 1990<\/span><\/strong>. (No ser\u00e9 yo quien diga lo que cuesta).<\/p>\n<p><strong>Un vino barato que nunca falla\u2026 \u00a0<\/strong>Los vinos de Andaluc\u00eda. El T\u00edo Pepe.<\/p>\n<p><strong>Si no fueras sumiller\u2026<\/strong> \u00a0Me hubiese gustado ser m\u00e9dico.<\/p>\n<p><strong>Abres la botella y sale el mago. \u00bfqu\u00e9 le pides?\u00a0<\/strong> \u00a0Le pedir\u00eda, aunque suene muy t\u00f3pico, que ni hubiese guerras, ni pobreza, ni enfermedad&#8230;. S\u00ed, eso es lo que pedir\u00eda al mago que nace y sale de la botella.<\/p>\n<p><strong>Un brindis\u2026<\/strong> Por quien todos los d\u00edas intenta ayudar al resto de gente que le rodea a partir de la humildad y la sinceridad.<\/p>\n<hr \/>\n<p style=\"text-align: center;\"><span style=\"color: #808080;\"><strong>II. ALBERTO REDRADO\/<\/strong><\/span>\u00a0<strong><span style=\"color: #ff0000;\">EL SABIO<\/span><\/strong><\/p>\n<p>Si quisiera vivir una experiencia extrema en esto de los maridajes en estas tierras ser\u00eda juntando alrededor de una mesa a Jos\u00e9 Antonio y <strong>Alberto Redrado<\/strong>. Cada uno con su estilo y con su vida, pero ambos conectados por su pasi\u00f3n desbocada por la enolog\u00eda. Alberto Redrado es de los sabios. <span style=\"color: #ff0000;\">De los que te abruma escucharle. Tanto que te impregna su entusiasmo. <\/span>El sumiller de L\u2019Escaleta te hace disfrutar si le dejas que las copas bailen, en este caso, al son de los platos de su primo <strong>Kiko Moya<\/strong>. Los dos han hecho posible que en el restaurante de Cocentaina puedas gozar <a href=\"https:\/\/blogs.lasprovincias.es\/historiascondelantal\/2017\/09\/19\/quizas-el-mejor-kiko-moya-de-la-historia-de-lescaleta\/\">una experiencia culinaria \u00fanica<\/a>: el bendito matrimonio de Kiko y Alberto que acaba en magia.<\/p>\n<p style=\"text-align: center;\"><a href=\"https:\/\/static-blogs.lasprovincias.es\/wp-content\/uploads\/sites\/18\/2017\/10\/IMG_2853.jpg\"><img loading=\"lazy\" class=\"alignnone size-large wp-image-13818\" src=\"https:\/\/static-blogs.lasprovincias.es\/wp-content\/uploads\/sites\/18\/2017\/10\/IMG_2853-1024x683.jpg\" alt=\"img_2853\" width=\"1024\" height=\"683\" srcset=\"https:\/\/static-blogs.lasprovincias.es\/wp-content\/uploads\/sites\/18\/2017\/10\/IMG_2853.jpg 1024w, https:\/\/static-blogs.lasprovincias.es\/wp-content\/uploads\/sites\/18\/2017\/10\/IMG_2853-300x200.jpg 300w, https:\/\/static-blogs.lasprovincias.es\/wp-content\/uploads\/sites\/18\/2017\/10\/IMG_2853-768x512.jpg 768w\" sizes=\"(max-width: 1024px) 100vw, 1024px\" \/><\/a><\/p>\n<p style=\"text-align: center;\"><strong>DESCORCHANDO A<\/strong> <span style=\"color: #808080;\"><strong>REDRADO<\/strong><\/span><\/p>\n<p style=\"text-align: center;\"><span style=\"color: #ff0000;\">\u2329Tudela (Navarra) 10 de noviembre de 1978\u232a<\/span><\/p>\n<p><strong>Quisiste ser&#8230;<\/strong> \u00a0Arquitecto.<\/p>\n<p><strong>Fuiste sumiller por&#8230;<\/strong> \u00a0Pasi\u00f3n.<\/p>\n<p><strong>De mayor quieres ser\u2026<\/strong> \u00a0Como mis padres: trabajador, honrado, sincero y puntualmente terco. (Va por el camino en todo&#8230; palabra).<\/p>\n<p><strong>Tu debilidad\u2026<\/strong> \u00a0El mediterr\u00e1neo v\u00ednico, aunque me gusta todo mientras sea bueno, desde la hedonista perfecci\u00f3n de los grandes vinos del nuevo mundo a la decadente imperfecci\u00f3n de los grandes cl\u00e1sicos europeos.<\/p>\n<p><strong>Qu\u00e9 esconde una botella\u2026<\/strong> \u00a0Una historia, y a veces todo un mundo .<\/p>\n<p><strong>El vino que m\u00e1s feliz te ha hecho descorchar\u2026<\/strong> Probablemente mi primera gran botella como sumiller, un Ch\u00e2teau Rayas 1998.<\/p>\n<p><strong>El vino que te ha hecho llorar\u2026<\/strong> \u00a0Llorar, lo que es llorar, ninguno. Si que me he sentido\u00a0 emocionado y hasta cierto punto sobrecogido con algunos, pero no te emocionas del vino, te emocionas por el momento en su conjunto (el vino, la compa\u00f1\u00eda y el lugar).<\/p>\n<p><strong>El vino que sue\u00f1as con tomar\u2026<\/strong> \u00a0So\u00f1amos con aquello que no est\u00e1 a nuestro alcance, y en mi caso hay una cantidad inimaginable de vinos fuera de \u00e9l; quiz\u00e1s por proximidad y ante la imposibilidad de encontrar alguna botella, <strong><span style=\"color: #ff0000;\">me gustar\u00eda probar un Fondill\u00f3n del siglo XIX en su estado original<\/span><\/strong> de cualquiera de las familias que poblaban la huerta de Alicante.<\/p>\n<p><strong>Para unas aceitunas\u2026\u00a0 \u00a0<\/strong>Si est\u00e1n ali\u00f1adas como a m\u00ed me gustan, un Casta Diva Cosecha Dorada 2016 de Guti\u00e9rrez de la Vega (Parcent).<\/p>\n<p><strong>Para un buen puchero\u2026\u00a0 \u00a0<\/strong>Un blanco c\u00e1lido como El Quint\u00e0 2015 de Barbar\u00e0 For\u00e9s (Gandesa).<\/p>\n<p><strong>Para un pescado a la sal\u2026<\/strong> \u00a0Depende mucho del pescado, pero los blancos de Gerardo M\u00e9ndez no suelen defraudar, un Do Ferreiro Cepas Viejas 2015 (Mea\u00f1o).<\/p>\n<p><strong>Para una garrapi\u00f1ada\u2026<\/strong> Si son como las de mi padre, buena compa\u00f1\u00eda para una larga sobremesa y varias botellas del Vin Santo Occhio di Pernice 2001 de Avignonesi (Montepulciano).<\/p>\n<p><strong>El vino m\u00e1s caro que jam\u00e1s has descorchado\u2026<\/strong> \u00a0Un Petrus 1982 (Pomerol) que sorprendentemente enmudeci\u00f3 a la mesa por completo.<\/p>\n<p><strong>Un vino barato que nunca falla\u2026<\/strong> \u00a0El Forcall\u00e0 de Antonia de Rafael Cambra (Fontanars).<\/p>\n<p><strong>Si no fueras sumiller\u2026<\/strong> \u00a0Ser\u00eda agricultor.<\/p>\n<p><strong>Abres la botella y sale el mago, \u00bfqu\u00e9 le pides?<\/strong>\u00a0 \u00a0Tiempo, tiempo y m\u00e1s tiempo.<\/p>\n<p><strong>Un brindis\u2026<\/strong> No soy muy amante de hablar en p\u00fablico, y adem\u00e1s me emociono con facilidad, por lo que probablemente no soy el mejor candidato a la hora de hacer un brindis. Pero recuerdo con cari\u00f1o, y creo que tambi\u00e9n lo hace gran parte de Cocentaina, lo que siempre dec\u00eda el Padre Manresa en todas las celebraciones a las que asist\u00eda: <strong><span style=\"color: #ff0000;\">\u00abComamos y bebamos y que no vengan m\u00e1s de los que estamos\u00bb.<\/span><\/strong><\/p>\n<p style=\"text-align: center;\"><a href=\"https:\/\/static-blogs.lasprovincias.es\/wp-content\/uploads\/sites\/18\/2017\/10\/IMG_0124-1280x853.jpg\"><img loading=\"lazy\" class=\"alignnone size-large wp-image-13817\" src=\"https:\/\/static-blogs.lasprovincias.es\/wp-content\/uploads\/sites\/18\/2017\/10\/IMG_0124-1280x853-1024x682.jpg\" alt=\"img_0124-1280x853\" width=\"1024\" height=\"682\" srcset=\"https:\/\/static-blogs.lasprovincias.es\/wp-content\/uploads\/sites\/18\/2017\/10\/IMG_0124-1280x853-1024x682.jpg 1024w, https:\/\/static-blogs.lasprovincias.es\/wp-content\/uploads\/sites\/18\/2017\/10\/IMG_0124-1280x853-300x200.jpg 300w, https:\/\/static-blogs.lasprovincias.es\/wp-content\/uploads\/sites\/18\/2017\/10\/IMG_0124-1280x853-768x512.jpg 768w, https:\/\/static-blogs.lasprovincias.es\/wp-content\/uploads\/sites\/18\/2017\/10\/IMG_0124-1280x853.jpg 1280w\" sizes=\"(max-width: 1024px) 100vw, 1024px\" \/><\/a><\/p>\n<p>&nbsp;<\/p>\n<hr \/>\n<p style=\"text-align: center;\"><span style=\"color: #808080;\"><strong>III. OTROS CUENTAVINOS<\/strong><\/span><\/p>\n<p style=\"text-align: center;\"><strong><span style=\"color: #ff0000;\">\u2329DE AQU\u00cd\u232a<\/span><\/strong><\/p>\n<p>No est\u00e1n Redrado y Navarrete solos. Por estos lares, en mis visitas al cielo l\u00edquido, siempre he tenido cierta debilidad por <strong>David Rabasa<\/strong> (ex sumiller de Ricard Camarena y en la actualidad en Murri, Alicante). Siempre he sentido debilidad por sus vinos y por David como persona. Amabilidad extrema. Y al tiempo, una forma de entender el mundo del vino que es pasi\u00f3n en vena. Su bodega personal dicen que es oro puro. Eso dicen. Igual es leyenda&#8230; O no. (Tengo ya ganas de visitarle en Alicante y someterme a sus bebedizos&#8230; \u00a1qu\u00e9 le vamos a hacer!). David Rabasa, <span style=\"color: #ff0000;\"><strong>el a\u00f1orado<\/strong><\/span>.<\/p>\n<div id=\"attachment_13831\" style=\"width: 1034px\" class=\"wp-caption aligncenter\"><a href=\"https:\/\/static-blogs.lasprovincias.es\/wp-content\/uploads\/sites\/18\/2017\/10\/DSC9858.jpg\"><img aria-describedby=\"caption-attachment-13831\" loading=\"lazy\" class=\"size-large wp-image-13831\" src=\"https:\/\/static-blogs.lasprovincias.es\/wp-content\/uploads\/sites\/18\/2017\/10\/DSC9858-1024x634.jpg\" alt=\"Imagen de Banzai Foto, cortes\u00eda de Murri, en la que aparece David Rabasa ofreciendo uno de sus l\u00edquidos m\u00e1gicos. \" width=\"1024\" height=\"634\" srcset=\"https:\/\/static-blogs.lasprovincias.es\/wp-content\/uploads\/sites\/18\/2017\/10\/DSC9858.jpg 1024w, https:\/\/static-blogs.lasprovincias.es\/wp-content\/uploads\/sites\/18\/2017\/10\/DSC9858-300x186.jpg 300w, https:\/\/static-blogs.lasprovincias.es\/wp-content\/uploads\/sites\/18\/2017\/10\/DSC9858-768x476.jpg 768w\" sizes=\"(max-width: 1024px) 100vw, 1024px\" \/><\/a><p id=\"caption-attachment-13831\" class=\"wp-caption-text\">Imagen de Banzai Foto, cortes\u00eda de Murri, en la que aparece David Rabasa ofreciendo uno de sus l\u00edquidos m\u00e1gicos.<\/p><\/div>\n<p>Admiraci\u00f3n siento tambi\u00e9n por una mujer que ha llevado al m\u00e1ximo de la profesionalidad esta pasi\u00f3n por la enolog\u00eda. <strong>Manuela Romeralo<\/strong>, sumiller y directora de los proyectos gastron\u00f3micos de Quique Dacosta en Valencia. En ella, la sabidur\u00eda se mezcla con el saber transmitir. Seriedad y verdad. <strong><span style=\"color: #ff0000;\">Pura ciencia.<\/span><\/strong> Puro acierto. Recuerdo cuando le ped\u00ed:\u00a0 &#8220;\u00bfUn vino para el m\u00edtico arroz con cenizas?&#8221;. Ella contest\u00f3: &#8220;Un Ch\u00e2teau Chalon 2004 Jean Macle, A.O.C. Jura&#8221;. Anhelo por que llegue ese momento.<\/p>\n<div id=\"attachment_13821\" style=\"width: 1034px\" class=\"wp-caption aligncenter\"><a href=\"https:\/\/static-blogs.lasprovincias.es\/wp-content\/uploads\/sites\/18\/2017\/10\/manuela1.jpg\"><img aria-describedby=\"caption-attachment-13821\" loading=\"lazy\" class=\"size-large wp-image-13821\" src=\"https:\/\/static-blogs.lasprovincias.es\/wp-content\/uploads\/sites\/18\/2017\/10\/manuela1-1024x683.jpg\" alt=\"Comunidad Valenciana.Valencia.04\/08\/2014.Historias con delantal.Manuela Romeral .Restaurante El Poblet .Fotograf\u00eda de Jes\u00fas Signes .\" width=\"1024\" height=\"683\" srcset=\"https:\/\/static-blogs.lasprovincias.es\/wp-content\/uploads\/sites\/18\/2017\/10\/manuela1.jpg 1024w, https:\/\/static-blogs.lasprovincias.es\/wp-content\/uploads\/sites\/18\/2017\/10\/manuela1-300x200.jpg 300w, https:\/\/static-blogs.lasprovincias.es\/wp-content\/uploads\/sites\/18\/2017\/10\/manuela1-768x512.jpg 768w\" sizes=\"(max-width: 1024px) 100vw, 1024px\" \/><\/a><p id=\"caption-attachment-13821\" class=\"wp-caption-text\">Comunidad Valenciana.Valencia.04\/08\/2014. Historias con delantal. Manuela Romeral. Restaurante El Poblet. Fotograf\u00eda de Jes\u00fas Signes .<\/p><\/div>\n<p>&nbsp;<\/p>\n<p>En El Poblet, otra mujer entre vinos, <strong>Teresa P\u00e9rez Tapias<\/strong>. Ah\u00ed hay mucho recorrido. Es como la antesala de los sumilleres de estas tierras que acabar\u00e1n haci\u00e9ndose un buen hueco en el<strong><span style=\"color: #ff0000;\"> futuro<\/span><\/strong>. Como lo es\u00a0<strong>Eva Pizarro<\/strong>\u00a0que, mano a mano con Germ\u00e1n Carrizo y Carito Louren\u00e7o en Fierro, juguetea con el vino extrayendo de las botellas su magia. Es el<strong><span style=\"color: #ff0000;\">\u00a0entusiasmo<\/span><\/strong>\u00a0por la profesi\u00f3n.<\/p>\n<p>&nbsp;<\/p>\n<div id=\"attachment_13824\" style=\"width: 727px\" class=\"wp-caption aligncenter\"><a href=\"https:\/\/static-blogs.lasprovincias.es\/wp-content\/uploads\/sites\/18\/2017\/10\/teresa.jpg\"><img aria-describedby=\"caption-attachment-13824\" loading=\"lazy\" class=\"size-large wp-image-13824\" src=\"https:\/\/static-blogs.lasprovincias.es\/wp-content\/uploads\/sites\/18\/2017\/10\/teresa-717x1024.jpg\" alt=\"Comunidad Valenciana, Paterna 23 de Marzo de 2016. Equipo de cocineros de Quique Dacosta en el restaurante Vuelve Carolina. Fotografia de: Dami\u00e1n Torres\" width=\"717\" height=\"1024\" srcset=\"https:\/\/static-blogs.lasprovincias.es\/wp-content\/uploads\/sites\/18\/2017\/10\/teresa.jpg 717w, https:\/\/static-blogs.lasprovincias.es\/wp-content\/uploads\/sites\/18\/2017\/10\/teresa-210x300.jpg 210w\" sizes=\"(max-width: 717px) 100vw, 717px\" \/><\/a><p id=\"caption-attachment-13824\" class=\"wp-caption-text\">Teresa Fern\u00e1nez Tapias. Imagen de: Dami\u00e1n Torres<\/p><\/div>\n<p>&nbsp;<\/p>\n<div id=\"attachment_13823\" style=\"width: 1034px\" class=\"wp-caption aligncenter\"><a href=\"https:\/\/static-blogs.lasprovincias.es\/wp-content\/uploads\/sites\/18\/2017\/10\/fierro.jpg\"><img aria-describedby=\"caption-attachment-13823\" loading=\"lazy\" class=\"wp-image-13823 size-large\" src=\"https:\/\/static-blogs.lasprovincias.es\/wp-content\/uploads\/sites\/18\/2017\/10\/fierro-1024x682.jpg\" alt=\"fierro\" width=\"1024\" height=\"682\" srcset=\"https:\/\/static-blogs.lasprovincias.es\/wp-content\/uploads\/sites\/18\/2017\/10\/fierro.jpg 1024w, https:\/\/static-blogs.lasprovincias.es\/wp-content\/uploads\/sites\/18\/2017\/10\/fierro-300x200.jpg 300w, https:\/\/static-blogs.lasprovincias.es\/wp-content\/uploads\/sites\/18\/2017\/10\/fierro-768x512.jpg 768w\" sizes=\"(max-width: 1024px) 100vw, 1024px\" \/><\/a><p id=\"caption-attachment-13823\" class=\"wp-caption-text\">Imagen facilitada por Fierro, en la que aparece Eva Pizarro junto a Carrizo y Louren\u00e7o.<\/p><\/div>\n<p>&nbsp;<\/p>\n<hr \/>\n<p style=\"text-align: center;\"><span style=\"color: #808080;\"><strong>IV. Y OTROS CUENTAVINOS<\/strong><\/span><\/p>\n<p style=\"text-align: center;\"><strong><span style=\"color: #ff0000;\">\u2329DE ALL\u00cd\u232a<\/span><\/strong><\/p>\n<p>Y si de magia hablamos, a nivel nacional, debo confesarte mis seis debilidades (aunque s\u00e9 que hay muchos m\u00e1s sumilleres y de mucho nivel).<\/p>\n<p>Debo empezar con<strong> Pitu Roca.<\/strong>\u00a0Por supuesto. (Si esto fuera de verdad un once titular, \u00e9l ser\u00eda nuestro goleador de cabecera).<strong>\u00a0<\/strong>El se\u00f1or del vino del Celler es de los que\u00a0te hace llorar (literal). A m\u00ed me pas\u00f3. De verdad. S\u00f3lo ver su santuario l\u00edquido te estremece. Si encima, Pitu te lo ense\u00f1a y te cuenta lo que hay detr\u00e1s de alguna de aquellas botellas, te pasa lo que a m\u00ed. Lloras de emoci\u00f3n porque ves los rostros fluir de las botellas; lloras porque ves el territorio dibujarse en tu imaginaci\u00f3n, y lloras por ver cu\u00e1ntos sue\u00f1os deambulan por all\u00ed. Josep es sencillamente <span style=\"color: #ff0000;\"><strong>el mago<\/strong><\/span>. Aunque a \u00e9l le gusta m\u00e1s que le llamen: <strong><span style=\"color: #ff0000;\">el <em>cambrer del vi<\/em><\/span><\/strong>.<\/p>\n<p style=\"text-align: center;\"><a href=\"https:\/\/static-blogs.lasprovincias.es\/wp-content\/uploads\/sites\/18\/2017\/10\/IMG_9564-1024x683.jpg\"><img loading=\"lazy\" class=\"alignnone size-large wp-image-13808\" src=\"https:\/\/static-blogs.lasprovincias.es\/wp-content\/uploads\/sites\/18\/2017\/10\/IMG_9564-1024x683-1024x683.jpg\" alt=\"img_9564-1024x683\" width=\"1024\" height=\"683\" srcset=\"https:\/\/static-blogs.lasprovincias.es\/wp-content\/uploads\/sites\/18\/2017\/10\/IMG_9564-1024x683.jpg 1024w, https:\/\/static-blogs.lasprovincias.es\/wp-content\/uploads\/sites\/18\/2017\/10\/IMG_9564-1024x683-300x200.jpg 300w, https:\/\/static-blogs.lasprovincias.es\/wp-content\/uploads\/sites\/18\/2017\/10\/IMG_9564-1024x683-768x512.jpg 768w\" sizes=\"(max-width: 1024px) 100vw, 1024px\" \/><\/a><\/p>\n<p>Nos vamos a Aponiente. Apunta este nombre:\u00a0<strong>Juan Ruiz Henestrosa.<\/strong>\u00a0Y, ahora, deja correr la emoci\u00f3n. El sumiller del restaurante de \u00c1ngel Le\u00f3n te atrapa con los caldos andaluces hasta hacerte levitar. Es pura ra\u00edz vin\u00edcola y, a su vez, pura historia. Con \u00e9l vivir\u00e1s (beber\u00e1s) una experiencia conmovedora. Tanto que los vinos que te sirve bailan tan a la perfecci\u00f3n con los platos de \u00c1ngel que te lleva a la excitaci\u00f3n. Con perd\u00f3n. Dir\u00eda que es\u00a0<strong><span style=\"color: #ff0000;\">conmovedor<\/span><\/strong>.<\/p>\n<p><img loading=\"lazy\" class=\"size-large wp-image-13810 aligncenter\" src=\"https:\/\/static-blogs.lasprovincias.es\/wp-content\/uploads\/sites\/18\/2017\/10\/IMG_1434-1280x805-1024x644-1024x644.jpg\" alt=\"img_1434-1280x805-1024x644\" width=\"1024\" height=\"644\" srcset=\"https:\/\/static-blogs.lasprovincias.es\/wp-content\/uploads\/sites\/18\/2017\/10\/IMG_1434-1280x805-1024x644.jpg 1024w, https:\/\/static-blogs.lasprovincias.es\/wp-content\/uploads\/sites\/18\/2017\/10\/IMG_1434-1280x805-1024x644-300x189.jpg 300w, https:\/\/static-blogs.lasprovincias.es\/wp-content\/uploads\/sites\/18\/2017\/10\/IMG_1434-1280x805-1024x644-768x483.jpg 768w\" sizes=\"(max-width: 1024px) 100vw, 1024px\" \/><\/p>\n<p>&nbsp;<\/p>\n<p>&nbsp;<\/p>\n<p>Turno para el gran caballero del vino. O al menos, uno de los grandes. Se llama Rafa.<strong> Rafa Sandoval.\u00a0<\/strong>El sumiller de Coque. <a href=\"https:\/\/blogs.lasprovincias.es\/historiascondelantal\/2017\/08\/23\/coque-madrid-el-fascinante-despertar-de-un-sueno\/\">Estuve este verano con \u00e9l<\/a> -y con <strong>Juan Diego y Mario<\/strong>, <em>of course<\/em>&#8211; en Madrid. Rafa nos mostr\u00f3 su bodega y su bodega habl\u00f3 por \u00e9l. Una bodega de v\u00e9rtigo. Hermosa y dir\u00eda que casi bendecida. No le falta ni su sacrist\u00eda. Aquel 22 de agosto, en construcci\u00f3n. De hecho, me cuentan que a\u00fan le siguen llegando botellas de Humanes. Perd\u00f3n, joyas no botellas. Rafa es el\u00a0<strong><span style=\"color: #ff0000;\">se\u00f1or\u00edo<\/span><\/strong><span style=\"color: #ff0000;\"><span style=\"color: #000000;\">. <\/span><\/span>(Me estoy haciendo cada vez m\u00e1s de los Sandoval).<\/p>\n<div id=\"attachment_13828\" style=\"width: 1034px\" class=\"wp-caption aligncenter\"><a href=\"https:\/\/static-blogs.lasprovincias.es\/wp-content\/uploads\/sites\/18\/2017\/10\/IMG_20170822_133013-1280x938.jpg\"><img aria-describedby=\"caption-attachment-13828\" loading=\"lazy\" class=\"size-large wp-image-13828\" src=\"https:\/\/static-blogs.lasprovincias.es\/wp-content\/uploads\/sites\/18\/2017\/10\/IMG_20170822_133013-1280x938-1024x750.jpg\" alt=\"dav\" width=\"1024\" height=\"750\" srcset=\"https:\/\/static-blogs.lasprovincias.es\/wp-content\/uploads\/sites\/18\/2017\/10\/IMG_20170822_133013-1280x938-1024x750.jpg 1024w, https:\/\/static-blogs.lasprovincias.es\/wp-content\/uploads\/sites\/18\/2017\/10\/IMG_20170822_133013-1280x938-300x220.jpg 300w, https:\/\/static-blogs.lasprovincias.es\/wp-content\/uploads\/sites\/18\/2017\/10\/IMG_20170822_133013-1280x938-768x563.jpg 768w, https:\/\/static-blogs.lasprovincias.es\/wp-content\/uploads\/sites\/18\/2017\/10\/IMG_20170822_133013-1280x938.jpg 1280w\" sizes=\"(max-width: 1024px) 100vw, 1024px\" \/><\/a><p id=\"caption-attachment-13828\" class=\"wp-caption-text\">La espectacular bodega de Coque.<\/p><\/div>\n<p>&nbsp;<\/p>\n<p>Santceloni es un restaurante que tambi\u00e9n te susurra se\u00f1or\u00edo. Y all\u00ed, <strong>David Robledo<\/strong> te viste las copas de elegancia extrema. &#8220;Te van a llevar en procesi\u00f3n&#8221;, me advirti\u00f3 el d\u00eda que fui <strong>Nacho Romero<\/strong> de Kaym\u00fas. (El bueno de Nacho). Y as\u00ed fue. David descorch\u00f3 la vida en un local que transmite una personalidad arrolladora. De los de estar y escuchar bailar el silencio mientras gozas.\u00a0 las 1.200 referencias de su carta (arriba o abajo) son su tarjeta de presentaci\u00f3n. la tarjeta de un sumiller que es <strong><span style=\"color: #ff0000;\">la amabilidad<\/span><\/strong> hecha vino.<\/p>\n<div id=\"attachment_13848\" style=\"width: 1034px\" class=\"wp-caption aligncenter\"><a href=\"https:\/\/static-blogs.lasprovincias.es\/wp-content\/uploads\/sites\/18\/2017\/10\/SANTCELONI_DAVID-ROBLEDO.jpg\"><img aria-describedby=\"caption-attachment-13848\" loading=\"lazy\" class=\"size-large wp-image-13848\" src=\"https:\/\/static-blogs.lasprovincias.es\/wp-content\/uploads\/sites\/18\/2017\/10\/SANTCELONI_DAVID-ROBLEDO-1024x684.jpg\" alt=\"David Robledo, en una imagen cedida por Santceloni. \" width=\"1024\" height=\"684\" srcset=\"https:\/\/static-blogs.lasprovincias.es\/wp-content\/uploads\/sites\/18\/2017\/10\/SANTCELONI_DAVID-ROBLEDO.jpg 1024w, https:\/\/static-blogs.lasprovincias.es\/wp-content\/uploads\/sites\/18\/2017\/10\/SANTCELONI_DAVID-ROBLEDO-300x200.jpg 300w, https:\/\/static-blogs.lasprovincias.es\/wp-content\/uploads\/sites\/18\/2017\/10\/SANTCELONI_DAVID-ROBLEDO-768x513.jpg 768w\" sizes=\"(max-width: 1024px) 100vw, 1024px\" \/><\/a><p id=\"caption-attachment-13848\" class=\"wp-caption-text\">David Robledo, en una imagen cedida por Santceloni.<\/p><\/div>\n<p>&nbsp;<\/p>\n<p>Toca ir acabando. Y toca descorchar otro nombre. En este caso un vino fresco, en\u00e9rgico, que transmite -de nuevo- pasi\u00f3n. De los que por si s\u00f3lo te habla de alguien que es joven, que vive atrapado en las redes de caldos que son aromas, y minerales, y musgo, y verdes&#8230;<strong> Ismael \u00c1lvarez <\/strong>es el sumiller de\u00a0Nerua (no te voy a esconder que se trata de uno de los restaurantes que m\u00e1s me encantan de Espa\u00f1a). Se trata de un trovador de vinos vibrante, de los que te coge y te mete en su Faustino; o de los que se emociona mostr\u00e1ndote su Fino Tradici\u00f3n de la Bota de Nerua: &#8220;Lo hemos conseguido&#8230; escogimos una vieja bota y&#8230;&#8221;. Ismael me cont\u00f3 la historia&#8230; y me hizo so\u00f1ar. <strong><span style=\"color: #ff0000;\">Es el apasionado<\/span><\/strong>.<\/p>\n<p>&nbsp;<\/p>\n<p style=\"text-align: center;\"><a href=\"https:\/\/static-blogs.lasprovincias.es\/wp-content\/uploads\/sites\/18\/2017\/10\/neua.jpg\"><img loading=\"lazy\" class=\"alignnone size-large wp-image-13819\" src=\"https:\/\/static-blogs.lasprovincias.es\/wp-content\/uploads\/sites\/18\/2017\/10\/neua-1024x683.jpg\" alt=\"neua\" width=\"1024\" height=\"683\" srcset=\"https:\/\/static-blogs.lasprovincias.es\/wp-content\/uploads\/sites\/18\/2017\/10\/neua.jpg 1024w, https:\/\/static-blogs.lasprovincias.es\/wp-content\/uploads\/sites\/18\/2017\/10\/neua-300x200.jpg 300w, https:\/\/static-blogs.lasprovincias.es\/wp-content\/uploads\/sites\/18\/2017\/10\/neua-768x512.jpg 768w\" sizes=\"(max-width: 1024px) 100vw, 1024px\" \/><\/a><\/p>\n<p>&nbsp;<\/p>\n<div id=\"attachment_13835\" style=\"width: 693px\" class=\"wp-caption aligncenter\"><a href=\"https:\/\/static-blogs.lasprovincias.es\/wp-content\/uploads\/sites\/18\/2017\/10\/IMG_5085.jpg\"><img aria-describedby=\"caption-attachment-13835\" loading=\"lazy\" class=\"size-large wp-image-13835\" src=\"https:\/\/static-blogs.lasprovincias.es\/wp-content\/uploads\/sites\/18\/2017\/10\/IMG_5085-683x1024.jpg\" alt=\"Imagen cedida por Nerua. Ismael con una de sus botellas.\" width=\"683\" height=\"1024\" srcset=\"https:\/\/static-blogs.lasprovincias.es\/wp-content\/uploads\/sites\/18\/2017\/10\/IMG_5085-683x1024.jpg 683w, https:\/\/static-blogs.lasprovincias.es\/wp-content\/uploads\/sites\/18\/2017\/10\/IMG_5085-200x300.jpg 200w, https:\/\/static-blogs.lasprovincias.es\/wp-content\/uploads\/sites\/18\/2017\/10\/IMG_5085-768x1151.jpg 768w, https:\/\/static-blogs.lasprovincias.es\/wp-content\/uploads\/sites\/18\/2017\/10\/IMG_5085.jpg 922w\" sizes=\"(max-width: 683px) 100vw, 683px\" \/><\/a><p id=\"caption-attachment-13835\" class=\"wp-caption-text\">Ismael con una de sus botellas en una fotograf\u00eda tomada por Andoni Epelde y cedida por Nerua.<\/p><\/div>\n<p>Termino con alguien al que tengo unas ganas de ponerme en sus manos. O copas, perd\u00f3n. Unas ganas inmensas de sentarme ante una mesa de su casa de comidas y dejarle que me lleve, sorbo\u00a0 a sorbo, hasta ese cielo l\u00edquido en el que\u00a0 habita.\u00a0<strong>Guillermo Cruz<\/strong> (sumiller de Mugaritz) y su equipo se han convertido en todo un referente a la hora de hablar de vinos. Guillermo, o Guille, es adem\u00e1s de un camarero de vinos aplaudido por todos -por sus compa\u00f1eros y sus clientes-, un tipo de esos que tienes ganas de conocer, de hablar con \u00e9l, de dejarte llevar&#8230; porque transmite verdad, humildad y buenas dosis de honestidad. Es chispeante como el mejor champ\u00e1n y esconde una madurez, una solera propia del mejor Jerez. <span style=\"color: #ff0000;\"><strong>Un buen tipo que no s\u00f3lo es un gran cuentavinos sino que los llora.<\/strong><\/span> De \u00e9l y los suyos te hablar\u00e9 muy pronto. Aunque esa ser\u00e1 otra historia.<strong><span style=\"color: #ff0000;\">\u00a0Guillermo es el presente.<\/span><\/strong><a href=\"https:\/\/static-blogs.lasprovincias.es\/wp-content\/uploads\/sites\/18\/2017\/10\/Guillermo-Cruz-37.jpg\"><br \/>\n<\/a><\/p>\n<div id=\"attachment_13826\" style=\"width: 1034px\" class=\"wp-caption aligncenter\"><a href=\"https:\/\/static-blogs.lasprovincias.es\/wp-content\/uploads\/sites\/18\/2017\/10\/Guillermo-Cruz-37-1024x683-1.jpg\"><img aria-describedby=\"caption-attachment-13826\" loading=\"lazy\" class=\"wp-image-13826 size-large\" src=\"https:\/\/static-blogs.lasprovincias.es\/wp-content\/uploads\/sites\/18\/2017\/10\/Guillermo-Cruz-37-1024x683-1-1024x683.jpg\" alt=\"guillermo-cruz-37-1024x683\" width=\"1024\" height=\"683\" srcset=\"https:\/\/static-blogs.lasprovincias.es\/wp-content\/uploads\/sites\/18\/2017\/10\/Guillermo-Cruz-37-1024x683-1.jpg 1024w, https:\/\/static-blogs.lasprovincias.es\/wp-content\/uploads\/sites\/18\/2017\/10\/Guillermo-Cruz-37-1024x683-1-300x200.jpg 300w, https:\/\/static-blogs.lasprovincias.es\/wp-content\/uploads\/sites\/18\/2017\/10\/Guillermo-Cruz-37-1024x683-1-768x512.jpg 768w\" sizes=\"(max-width: 1024px) 100vw, 1024px\" \/><\/a><p id=\"caption-attachment-13826\" class=\"wp-caption-text\">Guillermo Cruz, en una imagen cortes\u00eda del propio sumiller.<\/p><\/div>\n<p>&nbsp;<\/p>\n<p>Guillermo, Ismael, David, Rafa, JuanRu, Pitu, Eva, Teresa, Manuela, David, Alberto, Jos\u00e9 Antonio&#8230; y<strong> muchos m\u00e1s<\/strong>\u00a0hacen, han hecho y har\u00e1n grande la gastronom\u00eda reg\u00e1ndola con vinos que hablan, aportan, explican platos y los impregnan de historias, miradas&#8230;. Son, ya te lo dije,<strong><span style=\"color: #ff0000;\"> trovadores, cuentavinos, descorchadores de sue\u00f1os<\/span><\/strong> que convierten eso de sentarse en una mesa en una especie de tributo a los dioses de la Gastrosof\u00eda. Son camareros del cielo l\u00edquido. <strong><span style=\"color: #ff9900;\">Portadores de comensales hacia un para\u00edso donde tintinean las copas<\/span><\/strong>.<\/p>\n<p style=\"text-align: center;\"><strong>Seguiremos descorchando <span style=\"color: #ff0000;\">#cuentavinos<\/span><\/strong><\/p>\n<div id=\"attachment_13862\" style=\"width: 1034px\" class=\"wp-caption aligncenter\"><a href=\"https:\/\/static-blogs.lasprovincias.es\/wp-content\/uploads\/sites\/18\/2017\/10\/vino4.jpg\"><img aria-describedby=\"caption-attachment-13862\" loading=\"lazy\" class=\"size-large wp-image-13862\" src=\"https:\/\/static-blogs.lasprovincias.es\/wp-content\/uploads\/sites\/18\/2017\/10\/vino4-1024x630.jpg\" alt=\"dav\" width=\"1024\" height=\"630\" srcset=\"https:\/\/static-blogs.lasprovincias.es\/wp-content\/uploads\/sites\/18\/2017\/10\/vino4.jpg 1024w, https:\/\/static-blogs.lasprovincias.es\/wp-content\/uploads\/sites\/18\/2017\/10\/vino4-300x185.jpg 300w, https:\/\/static-blogs.lasprovincias.es\/wp-content\/uploads\/sites\/18\/2017\/10\/vino4-768x473.jpg 768w\" sizes=\"(max-width: 1024px) 100vw, 1024px\" \/><\/a><p id=\"caption-attachment-13862\" class=\"wp-caption-text\">dav<\/p><\/div>\n<p style=\"text-align: center;\"><strong><span style=\"color: #ff0000;\"><a href=\"https:\/\/static-blogs.lasprovincias.es\/wp-content\/uploads\/sites\/18\/2017\/10\/1508187607733.jpeg\"><img loading=\"lazy\" class=\"size-large wp-image-13833 aligncenter\" src=\"https:\/\/static-blogs.lasprovincias.es\/wp-content\/uploads\/sites\/18\/2017\/10\/1508187607733-1024x768.jpeg\" alt=\"1508187607733\" width=\"1024\" height=\"768\" srcset=\"https:\/\/static-blogs.lasprovincias.es\/wp-content\/uploads\/sites\/18\/2017\/10\/1508187607733-1024x768.jpeg 1024w, https:\/\/static-blogs.lasprovincias.es\/wp-content\/uploads\/sites\/18\/2017\/10\/1508187607733-300x225.jpeg 300w, https:\/\/static-blogs.lasprovincias.es\/wp-content\/uploads\/sites\/18\/2017\/10\/1508187607733-768x576.jpeg 768w, https:\/\/static-blogs.lasprovincias.es\/wp-content\/uploads\/sites\/18\/2017\/10\/1508187607733.jpeg 2048w\" sizes=\"(max-width: 1024px) 100vw, 1024px\" \/><\/a><\/span><\/strong><\/p>\n<p>\u00a0\u00a0<span style=\"color: #000000;\">\u00a0<\/span><\/p>\n<p>&nbsp;<\/p>\n<p>&nbsp;<\/p>\n<!-- AddThis Advanced Settings generic via filter on the_content --><!-- AddThis Share Buttons generic via filter on the_content -->","protected":false},"excerpt":{"rendered":"<p>\u00a0Te traigo algunos de los grandes sumilleres de estas tierras. Cuentavinos de aqu\u00ed y\u00a0 sacacorchos de all\u00e1. Y adem\u00e1s, sentamos ante una mesa a dos de ellos para, sorbo a sorbo, decantar sus historias\u00a0 y maridar sus vidas. Alberto Redrado y Jos\u00e9 Antonio Navarrete entre copas; y junto a ellos, los (mis) nombres propios del [&hellip;]<!-- AddThis Advanced Settings generic via filter on get_the_excerpt --><!-- AddThis Share Buttons generic via filter on get_the_excerpt --><\/p>\n","protected":false},"author":23,"featured_media":0,"comment_status":"open","ping_status":"open","sticky":false,"template":"","format":"standard","meta":[],"categories":[3,4,5,1,7],"tags":[31,316,317,398,1295,1196,543,560,1296,673,1294,1236,1292,1293,1114],"_links":{"self":[{"href":"https:\/\/blogs.lasprovincias.es\/historiascondelantal\/wp-json\/wp\/v2\/posts\/13794"}],"collection":[{"href":"https:\/\/blogs.lasprovincias.es\/historiascondelantal\/wp-json\/wp\/v2\/posts"}],"about":[{"href":"https:\/\/blogs.lasprovincias.es\/historiascondelantal\/wp-json\/wp\/v2\/types\/post"}],"author":[{"embeddable":true,"href":"https:\/\/blogs.lasprovincias.es\/historiascondelantal\/wp-json\/wp\/v2\/users\/23"}],"replies":[{"embeddable":true,"href":"https:\/\/blogs.lasprovincias.es\/historiascondelantal\/wp-json\/wp\/v2\/comments?post=13794"}],"version-history":[{"count":29,"href":"https:\/\/blogs.lasprovincias.es\/historiascondelantal\/wp-json\/wp\/v2\/posts\/13794\/revisions"}],"predecessor-version":[{"id":13867,"href":"https:\/\/blogs.lasprovincias.es\/historiascondelantal\/wp-json\/wp\/v2\/posts\/13794\/revisions\/13867"}],"wp:attachment":[{"href":"https:\/\/blogs.lasprovincias.es\/historiascondelantal\/wp-json\/wp\/v2\/media?parent=13794"}],"wp:term":[{"taxonomy":"category","embeddable":true,"href":"https:\/\/blogs.lasprovincias.es\/historiascondelantal\/wp-json\/wp\/v2\/categories?post=13794"},{"taxonomy":"post_tag","embeddable":true,"href":"https:\/\/blogs.lasprovincias.es\/historiascondelantal\/wp-json\/wp\/v2\/tags?post=13794"}],"curies":[{"name":"wp","href":"https:\/\/api.w.org\/{rel}","templated":true}]}}