{"id":13993,"date":"2017-11-10T12:28:52","date_gmt":"2017-11-10T10:28:52","guid":{"rendered":"http:\/\/blogs.lasprovincias.es\/historiascondelantal\/?p=13993"},"modified":"2017-11-10T12:39:42","modified_gmt":"2017-11-10T10:39:42","slug":"que-pueden-hacer-los-chefs-con-una-docena-de-ostras","status":"publish","type":"post","link":"https:\/\/blogs.lasprovincias.es\/historiascondelantal\/2017\/11\/10\/que-pueden-hacer-los-chefs-con-una-docena-de-ostras\/","title":{"rendered":"\u00bfQu\u00e9 pueden hacer los chefs con una docena de ostras?"},"content":{"rendered":"<p><strong>Las ostras (valencianas y las que no) siguen de moda. No hay men\u00fa de alta cocina en el que no se cuelen los preciados moluscos. De ellas, de las ostras seguimos hablando en este segundo cap\u00edtulo dedicado a los bivalvos. Primero, <span style=\"color: #ff0000;\">\u00bfconocer &#8216;Les Perles&#8217; de Valencia?<\/span> Ostras de la &#8216;terreta&#8217; que son todo un referente. Y segundo,\u00a0<span style=\"color: #ff0000;\">\u00bft\u00fa que crees qu\u00e9 har\u00eda un chef con una ostra? \u00bfY que har\u00edan con ellas una docena de cocineros?<\/span>\u00a0Llevo tiempo espiando (Mr Cooking, ya sabes, superagente de profesi\u00f3n) y \u00e9sta es una primera aproximaci\u00f3n de lo que les da por perpetrar con las damas de las perlas. Con naranja, con cidra, con pesto, con yema, con caviar&#8230;. Hay para comenzar y no parar. De momento, eso&#8230; COMENZAMOS.<\/strong><\/p>\n<p style=\"text-align: center;\">A <strong>Eneko Atxa<\/strong>, por ejemplo, el vi hacer esto&#8230; y ya nunca lo olvid\u00e9. (Men\u00fa 2015)<\/p>\n<p style=\"text-align: center;\"><a href=\"https:\/\/static-blogs.lasprovincias.es\/wp-content\/uploads\/sites\/18\/2017\/11\/IMG_9558.jpg\"><img loading=\"lazy\" class=\"alignnone size-large wp-image-13998\" src=\"https:\/\/static-blogs.lasprovincias.es\/wp-content\/uploads\/sites\/18\/2017\/11\/IMG_9558-1024x683.jpg\" alt=\"img_9558\" width=\"1024\" height=\"683\" srcset=\"https:\/\/static-blogs.lasprovincias.es\/wp-content\/uploads\/sites\/18\/2017\/11\/IMG_9558.jpg 1024w, https:\/\/static-blogs.lasprovincias.es\/wp-content\/uploads\/sites\/18\/2017\/11\/IMG_9558-300x200.jpg 300w, https:\/\/static-blogs.lasprovincias.es\/wp-content\/uploads\/sites\/18\/2017\/11\/IMG_9558-768x512.jpg 768w\" sizes=\"(max-width: 1024px) 100vw, 1024px\" \/><\/a><\/p>\n<p><span style=\"color: #808080;\"><em>(Reportaje fotos de esta historia de Mr Cooking con ayuda de Rte. Lienzo)<\/em><\/span><\/p>\n<p>&nbsp;<\/p>\n<p style=\"text-align: right;\"><span style=\"text-decoration: underline;\"><span style=\"color: #808080; text-decoration: underline;\">ESPECIAL OSTRAS<\/span><\/span><\/p>\n<p style=\"text-align: right;\"><a href=\"https:\/\/blogs.lasprovincias.es\/historiascondelantal\/2017\/11\/07\/andres-soler-el-domador-de-ostras\/\"><span style=\"color: #808080;\">Cap. 1 ANDR\u00c9S SOLER, EL DOMADOR DE OSTRAS<\/span><\/a><\/p>\n<p style=\"text-align: right;\"><strong><span style=\"color: #808080;\">Cap. 2. \u00bfQU\u00c9 HACEN LOS CHEFS CON UNA DOCENA DE OSTRAS?<\/span><\/strong><\/p>\n<p>&nbsp;<\/p>\n<p><!--more--><\/p>\n<p><strong>LES PERLES DE VALENCIA.<\/strong> Hablando de ostras&#8230;. hay que hablar de las valencianas. Y no por chovinismo, sino porque lo merece.<strong> Les Perles de Valencia<\/strong>, que se cultivan frente a la costa valenciana, se ha convertido en todo un referente a nivel nacional. Te dir\u00eda, incluso, que m\u00e1s all\u00e1. El mejor aval de ello son los elogios que el producto recibe de los propios chefs que las incorporan en su men\u00fa. <strong>Sus matices de frutos secos y regusto vegetal y su aroma son sus armas<\/strong>.<\/p>\n<p><a href=\"https:\/\/static-blogs.lasprovincias.es\/wp-content\/uploads\/sites\/18\/2017\/11\/IMG_1885-e1510258976608.jpg\"><img loading=\"lazy\" class=\"alignnone wp-image-14008 aligncenter\" src=\"https:\/\/static-blogs.lasprovincias.es\/wp-content\/uploads\/sites\/18\/2017\/11\/IMG_1885-e1510258976608.jpg\" alt=\"img_1885\" width=\"631\" height=\"820\" srcset=\"https:\/\/static-blogs.lasprovincias.es\/wp-content\/uploads\/sites\/18\/2017\/11\/IMG_1885-e1510258976608.jpg 456w, https:\/\/static-blogs.lasprovincias.es\/wp-content\/uploads\/sites\/18\/2017\/11\/IMG_1885-e1510258976608-231x300.jpg 231w\" sizes=\"(max-width: 631px) 100vw, 631px\" \/><\/a><\/p>\n<p>Se podr\u00eda decir que las ostras valencianas que cultiva la empresa de <strong>C\u00e9sar G\u00f3mez<\/strong> tienen personalidad propia.<strong> Son finas, quiz\u00e1s m\u00e1s carnosas de lo habitual, de un hermoso tono avellana<\/strong>. Muy mediterr\u00e1neas. Como mimetizadas con el mar que las abriga. \u00ab\u00bfC\u00f3mo no van a salir buenas las ostras en mi tierra, si tenemos un agua y un clima excelentes para ello?\u00bb, asegura el director gerente de la empresa en su web.<\/p>\n<p><strong><span style=\"color: #ff0000;\">1.<\/span> EL CASO DE CAMARENA.<\/strong> No lo s\u00e9 decir con certeza pero creo que la primera vez que prob\u00e9 una de ellas fue con<strong><span style=\"color: #ff0000;\"> Ricard Camarena.<\/span><\/strong> La ostra creo que encaja en su cocina a la perfecci\u00f3n. Al menos, la que mejor resultado da a ese bocado que ha pasado a ser un cl\u00e1sico en el men\u00fa del chef de Barx: la maravillosa ostra valenciana con aguacate y horchata de galanga. Una ostra que ya tiene toda una legi\u00f3n de adeptos. Tanto que, incluso, rebasa fronteras. Por ejemplo, en el reciente encuentro de cocineros valencianos con touroperadores holandeses (celebrado en Amsterdam), el cocinero la sirvi\u00f3 y, l\u00f3gicamente, fascin\u00f3.<\/p>\n<div id=\"attachment_14006\" style=\"width: 1034px\" class=\"wp-caption aligncenter\"><a href=\"https:\/\/static-blogs.lasprovincias.es\/wp-content\/uploads\/sites\/18\/2017\/11\/IMG_1300.jpg\"><img aria-describedby=\"caption-attachment-14006\" loading=\"lazy\" class=\"size-large wp-image-14006\" src=\"https:\/\/static-blogs.lasprovincias.es\/wp-content\/uploads\/sites\/18\/2017\/11\/IMG_1300-1024x756.jpg\" alt=\"LA OSTRA DE RICARD.\" width=\"1024\" height=\"756\" srcset=\"https:\/\/static-blogs.lasprovincias.es\/wp-content\/uploads\/sites\/18\/2017\/11\/IMG_1300-1024x756.jpg 1024w, https:\/\/static-blogs.lasprovincias.es\/wp-content\/uploads\/sites\/18\/2017\/11\/IMG_1300-300x221.jpg 300w, https:\/\/static-blogs.lasprovincias.es\/wp-content\/uploads\/sites\/18\/2017\/11\/IMG_1300-768x567.jpg 768w, https:\/\/static-blogs.lasprovincias.es\/wp-content\/uploads\/sites\/18\/2017\/11\/IMG_1300.jpg 1572w\" sizes=\"(max-width: 1024px) 100vw, 1024px\" \/><\/a><p id=\"caption-attachment-14006\" class=\"wp-caption-text\"><strong>LA OSTRA DE RICARD.<\/strong> Es un cl\u00e1sico, y no s\u00f3lo de su men\u00fa. Si no de nuestra cocina.<\/p><\/div>\n<p><strong><span style=\"color: #ff0000;\">2, 3, 4&#8230;<\/span> DE OSTRA EN OSTRA Y&#8230; BOCADO.<\/strong> En realidad, la ostra se ha convertido en un producto imprescindible. Casi com\u00fan. No hay men\u00fa degustaci\u00f3n que no cuente con ella; con el molusco reinterpretado por cada cocinero a su manera. A modo de recuerdo, de las \u00faltimas que me cautivaron, me viene a la cabeza la Gillardeau 1 de <span style=\"color: #ff0000;\"><strong>Ra\u00fal Aleixandre<\/strong><\/span> con granizado de sanguina que merece un diez (espectacular); la de <span style=\"color: #ff0000;\"><strong>Junior Franco<\/strong><\/span>, con Cidra, que no me canso de tomarla; o la de\u00a0 <strong><span style=\"color: #ff0000;\">Vicente Pati\u00f1o<\/span><\/strong> de esta temporada, elaborada con pesto de tomates secos y un extraordinario aj\u00ed. Una prueba\u00a0 inconfundible de la maestr\u00eda del chef de X\u00e0tiva, que adora las ostras. Todo sea dicho.<\/p>\n<p>&nbsp;<\/p>\n<div id=\"attachment_14001\" style=\"width: 1034px\" class=\"wp-caption aligncenter\"><a href=\"https:\/\/static-blogs.lasprovincias.es\/wp-content\/uploads\/sites\/18\/2017\/11\/OSTRA-CON-SANGUINA-RA\u00daL.jpg\"><img aria-describedby=\"caption-attachment-14001\" loading=\"lazy\" class=\"size-large wp-image-14001\" src=\"https:\/\/static-blogs.lasprovincias.es\/wp-content\/uploads\/sites\/18\/2017\/11\/OSTRA-CON-SANGUINA-RA\u00daL-1024x768.jpg\" alt=\"dav\" width=\"1024\" height=\"768\" srcset=\"https:\/\/static-blogs.lasprovincias.es\/wp-content\/uploads\/sites\/18\/2017\/11\/OSTRA-CON-SANGUINA-RA\u00daL.jpg 1024w, https:\/\/static-blogs.lasprovincias.es\/wp-content\/uploads\/sites\/18\/2017\/11\/OSTRA-CON-SANGUINA-RA\u00daL-300x225.jpg 300w, https:\/\/static-blogs.lasprovincias.es\/wp-content\/uploads\/sites\/18\/2017\/11\/OSTRA-CON-SANGUINA-RA\u00daL-768x576.jpg 768w\" sizes=\"(max-width: 1024px) 100vw, 1024px\" \/><\/a><p id=\"caption-attachment-14001\" class=\"wp-caption-text\"><strong>LA OSTRA DE RA\u00daL ALEIXANDRE.<\/strong> Con naranja sanguina.<\/p><\/div>\n<p>&nbsp;<\/p>\n<div id=\"attachment_14000\" style=\"width: 650px\" class=\"wp-caption aligncenter\"><a href=\"https:\/\/static-blogs.lasprovincias.es\/wp-content\/uploads\/sites\/18\/2017\/11\/IMG_0627.jpg\"><img aria-describedby=\"caption-attachment-14000\" loading=\"lazy\" class=\"wp-image-14000 size-full\" src=\"https:\/\/static-blogs.lasprovincias.es\/wp-content\/uploads\/sites\/18\/2017\/11\/IMG_0627.jpg\" alt=\"img_0627\" width=\"640\" height=\"480\" srcset=\"https:\/\/static-blogs.lasprovincias.es\/wp-content\/uploads\/sites\/18\/2017\/11\/IMG_0627.jpg 640w, https:\/\/static-blogs.lasprovincias.es\/wp-content\/uploads\/sites\/18\/2017\/11\/IMG_0627-300x225.jpg 300w\" sizes=\"(max-width: 640px) 100vw, 640px\" \/><\/a><p id=\"caption-attachment-14000\" class=\"wp-caption-text\"><strong>LA OSTRA DE PARA\u00cdSO TRAVEL.<\/strong> La fiesta la pone la cidra.<\/p><\/div>\n<p>&nbsp;<\/p>\n<div id=\"attachment_14004\" style=\"width: 1034px\" class=\"wp-caption aligncenter\"><a href=\"https:\/\/static-blogs.lasprovincias.es\/wp-content\/uploads\/sites\/18\/2017\/11\/IMG_20170810_142546.jpg\"><img aria-describedby=\"caption-attachment-14004\" loading=\"lazy\" class=\"size-large wp-image-14004\" src=\"https:\/\/static-blogs.lasprovincias.es\/wp-content\/uploads\/sites\/18\/2017\/11\/IMG_20170810_142546-1024x608.jpg\" alt=\"dav\" width=\"1024\" height=\"608\" srcset=\"https:\/\/static-blogs.lasprovincias.es\/wp-content\/uploads\/sites\/18\/2017\/11\/IMG_20170810_142546.jpg 1024w, https:\/\/static-blogs.lasprovincias.es\/wp-content\/uploads\/sites\/18\/2017\/11\/IMG_20170810_142546-300x178.jpg 300w, https:\/\/static-blogs.lasprovincias.es\/wp-content\/uploads\/sites\/18\/2017\/11\/IMG_20170810_142546-768x456.jpg 768w\" sizes=\"(max-width: 1024px) 100vw, 1024px\" \/><\/a><p id=\"caption-attachment-14004\" class=\"wp-caption-text\"><strong>LA OSTRA DE SAITI 2017.<\/strong> Una propuesta altamente mediterr\u00e1nea, con el pesto compartiendo protagonismo con la ostra.<\/p><\/div>\n<p>&nbsp;<\/p>\n<p><strong><span style=\"color: #ff0000;\">5, 6, 7&#8230;<\/span><\/strong> Vamos con otras tres ostras de altura de chefs valencianos. Empezamos con la que ofrece esta temporada <strong><span style=\"color: #ff0000;\">Kiko Moya<\/span> <\/strong>en <strong>L&#8217;Escaleta.<\/strong> En ella, la yema encurtida del cocinero de Cocentaina le pone el sello de la casa. Otra, la que ofrece <span style=\"color: #ff0000;\"><strong>Jos\u00e9 Manuel L\u00f3pez<\/strong> <\/span>en <strong>Peix&amp;Brasses<\/strong> con gint\u00f3nic, es divertida, refrescante y est\u00e9ticamente impecable, y, por \u00faltimo,\u00a0 la propuesta de <strong><span style=\"color: #ff0000;\">Mar\u00eda Jos\u00e9 Mart\u00ednez<\/span> <\/strong>en <strong>Lienzo<\/strong>. Sus men\u00fas siempre van acompa\u00f1ados de alguna ostra&#8230; Esta, con agua de Valencia y uva de de mar.<\/p>\n<p>&nbsp;<\/p>\n<div id=\"attachment_14002\" style=\"width: 1034px\" class=\"wp-caption aligncenter\"><a href=\"https:\/\/static-blogs.lasprovincias.es\/wp-content\/uploads\/sites\/18\/2017\/11\/ostra-crema-agria-y-yema-de-Lescaleta.jpg\"><img aria-describedby=\"caption-attachment-14002\" loading=\"lazy\" class=\"size-large wp-image-14002\" src=\"https:\/\/static-blogs.lasprovincias.es\/wp-content\/uploads\/sites\/18\/2017\/11\/ostra-crema-agria-y-yema-de-Lescaleta-1024x768.jpg\" alt=\"dav\" width=\"1024\" height=\"768\" srcset=\"https:\/\/static-blogs.lasprovincias.es\/wp-content\/uploads\/sites\/18\/2017\/11\/ostra-crema-agria-y-yema-de-Lescaleta.jpg 1024w, https:\/\/static-blogs.lasprovincias.es\/wp-content\/uploads\/sites\/18\/2017\/11\/ostra-crema-agria-y-yema-de-Lescaleta-300x225.jpg 300w, https:\/\/static-blogs.lasprovincias.es\/wp-content\/uploads\/sites\/18\/2017\/11\/ostra-crema-agria-y-yema-de-Lescaleta-768x576.jpg 768w\" sizes=\"(max-width: 1024px) 100vw, 1024px\" \/><\/a><p id=\"caption-attachment-14002\" class=\"wp-caption-text\"><strong>LA OSTRA DE L&#8217;ESCALETA 2017.<\/strong> En esta ocasi\u00f3n, destaca su melosidad, toque dulz\u00f3n, con la yema.<\/p><\/div>\n<p>&nbsp;<\/p>\n<div id=\"attachment_14003\" style=\"width: 1034px\" class=\"wp-caption aligncenter\"><a href=\"https:\/\/static-blogs.lasprovincias.es\/wp-content\/uploads\/sites\/18\/2017\/11\/Ostra-gintonic-Peix-i-Brases.jpg\"><img aria-describedby=\"caption-attachment-14003\" loading=\"lazy\" class=\"size-large wp-image-14003\" src=\"https:\/\/static-blogs.lasprovincias.es\/wp-content\/uploads\/sites\/18\/2017\/11\/Ostra-gintonic-Peix-i-Brases-1024x731.jpg\" alt=\"dav\" width=\"1024\" height=\"731\" srcset=\"https:\/\/static-blogs.lasprovincias.es\/wp-content\/uploads\/sites\/18\/2017\/11\/Ostra-gintonic-Peix-i-Brases.jpg 1024w, https:\/\/static-blogs.lasprovincias.es\/wp-content\/uploads\/sites\/18\/2017\/11\/Ostra-gintonic-Peix-i-Brases-300x214.jpg 300w, https:\/\/static-blogs.lasprovincias.es\/wp-content\/uploads\/sites\/18\/2017\/11\/Ostra-gintonic-Peix-i-Brases-768x548.jpg 768w\" sizes=\"(max-width: 1024px) 100vw, 1024px\" \/><\/a><p id=\"caption-attachment-14003\" class=\"wp-caption-text\"><strong>LAS OSTRA DE PEIX&amp;BRASES.<\/strong> El gintonic y los toques c\u00edtricos ganan la partida.<\/p><\/div>\n<p>&nbsp;<\/p>\n<div id=\"attachment_14012\" style=\"width: 1034px\" class=\"wp-caption aligncenter\"><a href=\"https:\/\/static-blogs.lasprovincias.es\/wp-content\/uploads\/sites\/18\/2017\/11\/ostra-valenciana.jpg\"><img aria-describedby=\"caption-attachment-14012\" loading=\"lazy\" class=\"size-large wp-image-14012\" src=\"https:\/\/static-blogs.lasprovincias.es\/wp-content\/uploads\/sites\/18\/2017\/11\/ostra-valenciana-1024x683.jpg\" alt=\"LA OSTRA DE LIENZO. Con agua de Valencia y uva de Mar. Una versi\u00f3n interesante de Mar\u00eda Jos\u00e9 Mart\u00ednez. (Foto cortes\u00eda de Lienzo)\" width=\"1024\" height=\"683\" srcset=\"https:\/\/static-blogs.lasprovincias.es\/wp-content\/uploads\/sites\/18\/2017\/11\/ostra-valenciana-1024x683.jpg 1024w, https:\/\/static-blogs.lasprovincias.es\/wp-content\/uploads\/sites\/18\/2017\/11\/ostra-valenciana-300x200.jpg 300w, https:\/\/static-blogs.lasprovincias.es\/wp-content\/uploads\/sites\/18\/2017\/11\/ostra-valenciana-768x512.jpg 768w, https:\/\/static-blogs.lasprovincias.es\/wp-content\/uploads\/sites\/18\/2017\/11\/ostra-valenciana.jpg 1920w\" sizes=\"(max-width: 1024px) 100vw, 1024px\" \/><\/a><p id=\"caption-attachment-14012\" class=\"wp-caption-text\"><strong>LA OSTRA DE LIENZO.<\/strong> Con agua de Valencia y uva de Mar. Una versi\u00f3n interesante de Mar\u00eda Jos\u00e9 Mart\u00ednez. (Foto cortes\u00eda de Lienzo)<\/p><\/div>\n<p><strong><span style=\"color: #ff0000;\">8, 9&#8230;<\/span> LA COLECCI\u00d3N DE DACOSTA.<\/strong>\u00a0Las ostras, ya te lo dije, no faltan en ning\u00fan gran men\u00fas. Nuestro tres estrellas (u una cuarta en El Poblet), <span style=\"color: #ff0000;\"><strong>Quique Dacosta<\/strong><\/span>, tiene, de hecho, una colecci\u00f3n de ellas. Ostras mimadas a su manera temporada tras temporada. La de esta temporada es quiz\u00e1 de las m\u00e1s sofisticada y elegante que le recuerdo. Muy afrancesada (y riqu\u00edsima): con su chantill\u00ed de mano de Buda en la retaguardia. Inmenso chapuz\u00f3n.<\/p>\n<div style=\"width: 1034px\" class=\"wp-caption aligncenter\"><a href=\"https:\/\/static-blogs.lasprovincias.es\/wp-content\/uploads\/sites\/18\/2017\/11\/ostra-de-dacosta.jpg\"><img loading=\"lazy\" class=\"size-large wp-image-14007 aligncenter\" src=\"https:\/\/static-blogs.lasprovincias.es\/wp-content\/uploads\/sites\/18\/2017\/11\/ostra-de-dacosta-1024x768.jpg\" alt=\"LA OSTRA DE DACOSTA 2017\" width=\"1024\" height=\"768\" srcset=\"https:\/\/static-blogs.lasprovincias.es\/wp-content\/uploads\/sites\/18\/2017\/11\/ostra-de-dacosta.jpg 1024w, https:\/\/static-blogs.lasprovincias.es\/wp-content\/uploads\/sites\/18\/2017\/11\/ostra-de-dacosta-300x225.jpg 300w, https:\/\/static-blogs.lasprovincias.es\/wp-content\/uploads\/sites\/18\/2017\/11\/ostra-de-dacosta-768x576.jpg 768w\" sizes=\"(max-width: 1024px) 100vw, 1024px\" \/><\/a><p class=\"wp-caption-text\"><strong>LA OSTRA DE QUIQUE DACOSTA 2017.<\/strong> Va acompa\u00f1ada de un chantilly de mano de Buda. Deliciosa.<\/p><\/div>\n<p>De las anteriores, me dej\u00f3 muy bien sabor de boca (en el m\u00e1s amplio sentido) la de su men\u00fa de 2015. La falsa ostra, en la que te com\u00edas hasta la concha. La falsa concha&#8230; \ud83d\ude42<\/p>\n<div id=\"attachment_13999\" style=\"width: 1034px\" class=\"wp-caption aligncenter\"><a href=\"https:\/\/static-blogs.lasprovincias.es\/wp-content\/uploads\/sites\/18\/2017\/11\/IMG_2933.jpg\"><img aria-describedby=\"caption-attachment-13999\" loading=\"lazy\" class=\"wp-image-13999 size-large\" src=\"https:\/\/static-blogs.lasprovincias.es\/wp-content\/uploads\/sites\/18\/2017\/11\/IMG_2933-1024x768.jpg\" alt=\"img_2933\" width=\"1024\" height=\"768\" srcset=\"https:\/\/static-blogs.lasprovincias.es\/wp-content\/uploads\/sites\/18\/2017\/11\/IMG_2933.jpg 1024w, https:\/\/static-blogs.lasprovincias.es\/wp-content\/uploads\/sites\/18\/2017\/11\/IMG_2933-300x225.jpg 300w, https:\/\/static-blogs.lasprovincias.es\/wp-content\/uploads\/sites\/18\/2017\/11\/IMG_2933-768x576.jpg 768w\" sizes=\"(max-width: 1024px) 100vw, 1024px\" \/><\/a><p id=\"caption-attachment-13999\" class=\"wp-caption-text\"><strong>OTRA OSTRA&#8230;<\/strong> falso ostra, de Quique. \ud83d\ude42<\/p><\/div>\n<p>&nbsp;<\/p>\n<p><strong><span style=\"color: #ff0000;\">10, 11&#8230;<\/span>\u00a0EN EL RECUERDO.<\/strong> Las ostras que te comento son algunas de las que he probado en los \u00faltimos meses, pero hay otras que permanecen de forma potente en la memoria. Una de ellas, ya te la destaqu\u00e9 al inicio de esta historia: la de <span style=\"color: #ff0000;\"><strong>Eneko Atxa<\/strong><\/span>, de su men\u00fa de 2015, que es todo un espect\u00e1culo est\u00e9tico pero tambi\u00e9n en sabor. Jugando, incluso, con texturas y temperaturas. En realidad, todo Azurmendi es un espect\u00e1culo&#8230; Volveremos.<\/p>\n<div id=\"attachment_13997\" style=\"width: 1034px\" class=\"wp-caption aligncenter\"><a href=\"https:\/\/static-blogs.lasprovincias.es\/wp-content\/uploads\/sites\/18\/2017\/11\/IMG_9557.jpg\"><img aria-describedby=\"caption-attachment-13997\" loading=\"lazy\" class=\"wp-image-13997 size-large\" src=\"https:\/\/static-blogs.lasprovincias.es\/wp-content\/uploads\/sites\/18\/2017\/11\/IMG_9557-1024x683.jpg\" alt=\"img_9557\" width=\"1024\" height=\"683\" srcset=\"https:\/\/static-blogs.lasprovincias.es\/wp-content\/uploads\/sites\/18\/2017\/11\/IMG_9557.jpg 1024w, https:\/\/static-blogs.lasprovincias.es\/wp-content\/uploads\/sites\/18\/2017\/11\/IMG_9557-300x200.jpg 300w, https:\/\/static-blogs.lasprovincias.es\/wp-content\/uploads\/sites\/18\/2017\/11\/IMG_9557-768x512.jpg 768w\" sizes=\"(max-width: 1024px) 100vw, 1024px\" \/><\/a><p id=\"caption-attachment-13997\" class=\"wp-caption-text\"><strong>LA (MARAVILLOSA) OSTRA DE ENEKO ATXA<\/strong>. Inolvidable.<\/p><\/div>\n<p>O esta ostra, en este caso del bueno de <strong><span style=\"color: #ff0000;\">Rafa Soler<\/span><\/strong> (Audrey&#8217;s), que tiene mucha vida&#8230; con un pil pil c\u00edtrico (muy interesante),\u00a0aguacate y piparras. De su men\u00fa de 2016.<\/p>\n<p><a href=\"https:\/\/static-blogs.lasprovincias.es\/wp-content\/uploads\/sites\/18\/2017\/11\/audreys.jpg\"><img loading=\"lazy\" class=\"alignnone size-large wp-image-14018 aligncenter\" src=\"https:\/\/static-blogs.lasprovincias.es\/wp-content\/uploads\/sites\/18\/2017\/11\/audreys-1024x768.jpg\" alt=\"audreys\" width=\"1024\" height=\"768\" srcset=\"https:\/\/static-blogs.lasprovincias.es\/wp-content\/uploads\/sites\/18\/2017\/11\/audreys-1024x768.jpg 1024w, https:\/\/static-blogs.lasprovincias.es\/wp-content\/uploads\/sites\/18\/2017\/11\/audreys-300x225.jpg 300w, https:\/\/static-blogs.lasprovincias.es\/wp-content\/uploads\/sites\/18\/2017\/11\/audreys-768x576.jpg 768w\" sizes=\"(max-width: 1024px) 100vw, 1024px\" \/><\/a><\/p>\n<p>&nbsp;<\/p>\n<p><strong><span style=\"color: #ff0000;\">y 12.<\/span> LOS OSTIONES DE \u00c1NGEL.<\/strong> Dejo para el final otra bomba. Quiz\u00e1, la versi\u00f3n que m\u00e1s me gust\u00f3. Son\u00a0 los ostiones\u00a0 (entendiendo que son como de mayor tama\u00f1o que la ostra en s\u00ed) de <strong>Aponiente<\/strong> que firma <strong><span style=\"color: #ff0000;\">\u00c1ngel Le\u00f3n<\/span><\/strong>. Espuma, fr\u00edo y un estallido de sabores jugueteando con el paladar. Bello plato., al que no se puede pedir m\u00e1s. Estar\u00e1 entre los preferidos de este a\u00f1o.<\/p>\n<div id=\"attachment_13989\" style=\"width: 1034px\" class=\"wp-caption aligncenter\"><a href=\"https:\/\/static-blogs.lasprovincias.es\/wp-content\/uploads\/sites\/18\/2017\/11\/OSTIONES-ANGEL-LEON.jpg\"><img aria-describedby=\"caption-attachment-13989\" loading=\"lazy\" class=\"wp-image-13989 size-large\" src=\"https:\/\/static-blogs.lasprovincias.es\/wp-content\/uploads\/sites\/18\/2017\/11\/OSTIONES-ANGEL-LEON-1024x678.jpg\" alt=\"ostiones-angel-leon\" width=\"1024\" height=\"678\" srcset=\"https:\/\/static-blogs.lasprovincias.es\/wp-content\/uploads\/sites\/18\/2017\/11\/OSTIONES-ANGEL-LEON.jpg 1024w, https:\/\/static-blogs.lasprovincias.es\/wp-content\/uploads\/sites\/18\/2017\/11\/OSTIONES-ANGEL-LEON-300x199.jpg 300w, https:\/\/static-blogs.lasprovincias.es\/wp-content\/uploads\/sites\/18\/2017\/11\/OSTIONES-ANGEL-LEON-768x509.jpg 768w\" sizes=\"(max-width: 1024px) 100vw, 1024px\" \/><\/a><p id=\"caption-attachment-13989\" class=\"wp-caption-text\">LOS OSTIONES DE \u00c1NGEL LE\u00d3N. Gozoso.<\/p><\/div>\n<p>Y con esta perlas, acabamos. Aunque ya sabes, que una ostra tal cual, con un toque de lim\u00f3n, ya tiene asegurada mucha emoci\u00f3n. Como todo, <strong>si el producto es bueno, la magia navega dentro<\/strong>.<\/p>\n<p><a href=\"https:\/\/static-blogs.lasprovincias.es\/wp-content\/uploads\/sites\/18\/2017\/11\/IMG_20171031_104103-1.jpg\"><img loading=\"lazy\" class=\"size-large wp-image-14011\" src=\"https:\/\/static-blogs.lasprovincias.es\/wp-content\/uploads\/sites\/18\/2017\/11\/IMG_20171031_104103-1-1024x650.jpg\" alt=\"dav\" width=\"1024\" height=\"650\" srcset=\"https:\/\/static-blogs.lasprovincias.es\/wp-content\/uploads\/sites\/18\/2017\/11\/IMG_20171031_104103-1.jpg 1024w, https:\/\/static-blogs.lasprovincias.es\/wp-content\/uploads\/sites\/18\/2017\/11\/IMG_20171031_104103-1-300x190.jpg 300w, https:\/\/static-blogs.lasprovincias.es\/wp-content\/uploads\/sites\/18\/2017\/11\/IMG_20171031_104103-1-768x488.jpg 768w\" sizes=\"(max-width: 1024px) 100vw, 1024px\" \/><\/a><\/p>\n<!-- AddThis Advanced Settings generic via filter on the_content --><!-- AddThis Share Buttons generic via filter on the_content -->","protected":false},"excerpt":{"rendered":"<p>Las ostras (valencianas y las que no) siguen de moda. No hay men\u00fa de alta cocina en el que no se cuelen los preciados moluscos. De ellas, de las ostras seguimos hablando en este segundo cap\u00edtulo dedicado a los bivalvos. Primero, \u00bfconocer &#8216;Les Perles&#8217; de Valencia? Ostras de la &#8216;terreta&#8217; que son todo un referente. [&hellip;]<!-- AddThis Advanced Settings generic via filter on get_the_excerpt --><!-- AddThis Share Buttons generic via filter on get_the_excerpt --><\/p>\n","protected":false},"author":23,"featured_media":0,"comment_status":"open","ping_status":"open","sticky":false,"template":"","format":"standard","meta":[],"categories":[3,5,1],"tags":[64,72,106,383,1288,573,582,590,639,1322,793,841,1321,889,899,958,980,1107],"_links":{"self":[{"href":"https:\/\/blogs.lasprovincias.es\/historiascondelantal\/wp-json\/wp\/v2\/posts\/13993"}],"collection":[{"href":"https:\/\/blogs.lasprovincias.es\/historiascondelantal\/wp-json\/wp\/v2\/posts"}],"about":[{"href":"https:\/\/blogs.lasprovincias.es\/historiascondelantal\/wp-json\/wp\/v2\/types\/post"}],"author":[{"embeddable":true,"href":"https:\/\/blogs.lasprovincias.es\/historiascondelantal\/wp-json\/wp\/v2\/users\/23"}],"replies":[{"embeddable":true,"href":"https:\/\/blogs.lasprovincias.es\/historiascondelantal\/wp-json\/wp\/v2\/comments?post=13993"}],"version-history":[{"count":11,"href":"https:\/\/blogs.lasprovincias.es\/historiascondelantal\/wp-json\/wp\/v2\/posts\/13993\/revisions"}],"predecessor-version":[{"id":14021,"href":"https:\/\/blogs.lasprovincias.es\/historiascondelantal\/wp-json\/wp\/v2\/posts\/13993\/revisions\/14021"}],"wp:attachment":[{"href":"https:\/\/blogs.lasprovincias.es\/historiascondelantal\/wp-json\/wp\/v2\/media?parent=13993"}],"wp:term":[{"taxonomy":"category","embeddable":true,"href":"https:\/\/blogs.lasprovincias.es\/historiascondelantal\/wp-json\/wp\/v2\/categories?post=13993"},{"taxonomy":"post_tag","embeddable":true,"href":"https:\/\/blogs.lasprovincias.es\/historiascondelantal\/wp-json\/wp\/v2\/tags?post=13993"}],"curies":[{"name":"wp","href":"https:\/\/api.w.org\/{rel}","templated":true}]}}