{"id":14055,"date":"2017-11-17T22:11:58","date_gmt":"2017-11-17T20:11:58","guid":{"rendered":"http:\/\/blogs.lasprovincias.es\/historiascondelantal\/?p=14055"},"modified":"2017-11-17T23:55:53","modified_gmt":"2017-11-17T21:55:53","slug":"historia-de-una-alcachofa-en-manos-de-ricard-camarena","status":"publish","type":"post","link":"https:\/\/blogs.lasprovincias.es\/historiascondelantal\/2017\/11\/17\/historia-de-una-alcachofa-en-manos-de-ricard-camarena\/","title":{"rendered":"Historia de una alcachofa&#8230; en manos de Ricard Camarena"},"content":{"rendered":"<p><strong>Noviembre. Primeros fr\u00edos. <span style=\"color: #ff0000;\">Las alcachofas piden paso<\/span> en las mesas para convertirse en estrellas de los men\u00fas m\u00e1s caseros pero, tambi\u00e9n, de los m\u00e1s selectos. Le voy a seguir la pista a qu\u00e9 hacen con ellas los artistas del delantal. Promete muchas alegr\u00edas. Si no, ya lo ver\u00e1s. De momento, <span style=\"color: #ff0000;\">abrimos el tel\u00f3n con<\/span> una historia que te habla de una hermosa alcachofa en manos de tal <span style=\"color: #ff0000;\">Camarena. Ricard, para m\u00e1s se\u00f1as.<\/span> Ese grande de nuestra cocina que se enamor\u00f3 la huerta. \u00bfO quiz\u00e1s fue al rev\u00e9s? \u00c9l se enamor\u00f3 de ella&#8230; \ud83d\ude09\u00a0<\/strong><\/p>\n<div id=\"attachment_14056\" style=\"width: 1034px\" class=\"wp-caption aligncenter\"><a href=\"https:\/\/static-blogs.lasprovincias.es\/wp-content\/uploads\/sites\/18\/2017\/11\/ALCACHOFAS_29.jpg\"><img aria-describedby=\"caption-attachment-14056\" loading=\"lazy\" class=\"size-large wp-image-14056\" src=\"https:\/\/static-blogs.lasprovincias.es\/wp-content\/uploads\/sites\/18\/2017\/11\/ALCACHOFAS_29-1024x683.jpg\" alt=\"Fotograf\u00eda de Jes\u00fas Signes.\" width=\"1024\" height=\"683\" srcset=\"https:\/\/static-blogs.lasprovincias.es\/wp-content\/uploads\/sites\/18\/2017\/11\/ALCACHOFAS_29.jpg 1024w, https:\/\/static-blogs.lasprovincias.es\/wp-content\/uploads\/sites\/18\/2017\/11\/ALCACHOFAS_29-300x200.jpg 300w, https:\/\/static-blogs.lasprovincias.es\/wp-content\/uploads\/sites\/18\/2017\/11\/ALCACHOFAS_29-768x512.jpg 768w\" sizes=\"(max-width: 1024px) 100vw, 1024px\" \/><\/a><p id=\"caption-attachment-14056\" class=\"wp-caption-text\">Fotograf\u00eda de Jes\u00fas Signes.<\/p><\/div>\n<p><!--more--><\/p>\n<p style=\"text-align: center;\"><span style=\"color: #ff0000;\">HISTORIA DE UNA ALCACHOFA EN MANOS DE RICARD<\/span><\/p>\n<p style=\"text-align: center;\"><span style=\"color: #808080;\">(EN DOCE PASOS)<\/span><\/p>\n<p><span style=\"color: #ff0000;\">I.<\/span>\u00a0\u00c9rase una vez una alcachofa que se hizo grande en uno de los campos que <strong>Toni Misiano<\/strong> acaricia en <strong>Albalat dels Sorells<\/strong>. All\u00ed, ella y sus hermanas, est\u00e1n en plena efervescencia ahora que llega el fr\u00edo, aunque s\u00f3lo sea en las madrugadas. Alcachofas prietas, duras, hermosas&#8230; Vestidas con ese <strong><span style=\"color: #99cc00;\">verde<\/span><\/strong> que transmite vida.<\/p>\n<div id=\"attachment_14067\" style=\"width: 1034px\" class=\"wp-caption aligncenter\"><a href=\"https:\/\/static-blogs.lasprovincias.es\/wp-content\/uploads\/sites\/18\/2017\/11\/alcachofa1.jpg\"><img aria-describedby=\"caption-attachment-14067\" loading=\"lazy\" class=\"size-large wp-image-14067\" src=\"https:\/\/static-blogs.lasprovincias.es\/wp-content\/uploads\/sites\/18\/2017\/11\/alcachofa1-1024x683.jpg\" alt=\"Comunidad Valenciana.Valencia.15\/11\/2017.Las Alcachofas de las que se surte Ricard Camarena en Albalat dels Sorells .Fotograf\u00eda de Jes\u00fas Signes.\" width=\"1024\" height=\"683\" srcset=\"https:\/\/static-blogs.lasprovincias.es\/wp-content\/uploads\/sites\/18\/2017\/11\/alcachofa1.jpg 1024w, https:\/\/static-blogs.lasprovincias.es\/wp-content\/uploads\/sites\/18\/2017\/11\/alcachofa1-300x200.jpg 300w, https:\/\/static-blogs.lasprovincias.es\/wp-content\/uploads\/sites\/18\/2017\/11\/alcachofa1-768x512.jpg 768w\" sizes=\"(max-width: 1024px) 100vw, 1024px\" \/><\/a><p id=\"caption-attachment-14067\" class=\"wp-caption-text\">Fotograf\u00eda de Jes\u00fas Signes.<\/p><\/div>\n<p><span style=\"color: #ff0000;\">II.<\/span> Toni Misiano, agricultor de alma y profesi\u00f3n, las mima a diario a todas ellas por igual. Y las recolecta, con su peque\u00f1o cuchillo, casi acarici\u00e1ndolas para llev\u00e1rsela al chef mayor de Valencia, Ricard Camarena. Como el agricultor, cocinero de alma y profesi\u00f3n. <strong><span style=\"color: #99cc00;\">&#8220;\u00a1Toc, toc!&#8221;, soy la alcachofa<\/span><\/strong>, escucha Ricard y su equipo a primera hora en sus restaurantes ahora que empieza la temporada.<\/p>\n<div id=\"attachment_14069\" style=\"width: 1034px\" class=\"wp-caption aligncenter\"><a href=\"https:\/\/static-blogs.lasprovincias.es\/wp-content\/uploads\/sites\/18\/2017\/11\/alcachofa0.jpg\"><img aria-describedby=\"caption-attachment-14069\" loading=\"lazy\" class=\"size-large wp-image-14069\" src=\"https:\/\/static-blogs.lasprovincias.es\/wp-content\/uploads\/sites\/18\/2017\/11\/alcachofa0-1024x683.jpg\" alt=\"Fotograf\u00eda de Jes\u00fas Signes.\" width=\"1024\" height=\"683\" srcset=\"https:\/\/static-blogs.lasprovincias.es\/wp-content\/uploads\/sites\/18\/2017\/11\/alcachofa0.jpg 1024w, https:\/\/static-blogs.lasprovincias.es\/wp-content\/uploads\/sites\/18\/2017\/11\/alcachofa0-300x200.jpg 300w, https:\/\/static-blogs.lasprovincias.es\/wp-content\/uploads\/sites\/18\/2017\/11\/alcachofa0-768x512.jpg 768w\" sizes=\"(max-width: 1024px) 100vw, 1024px\" \/><\/a><p id=\"caption-attachment-14069\" class=\"wp-caption-text\">Fotograf\u00eda de Jes\u00fas Signes.<\/p><\/div>\n<p><span style=\"color: #ff0000;\">III.<\/span> Nuestra amiga viaj\u00f3 hasta Valencia manteniendo su coraza de hojas intacta, fresca, casi como si estuviera todav\u00eda en la mata. La reciben (imagino) con entusiasmo. &#8220;Tenemos dos personas en el restaurante (el de Bombas Gens) que se dedican cada ma\u00f1ana a ir pel\u00e1ndolas para dejarlas como nos gusta&#8221;, confiesa el cocinero. A la alcachofa que le estamos siguiendo el rastro (ya sabes, sigo siendo Cooking, gastro-esp\u00eda de profesi\u00f3n) le toc\u00f3 como destino <strong><span style=\"color: #99cc00;\">Habitual<\/span><span style=\"color: #99cc00;\">, la casa de comidas con sabor mediterr\u00e1neo<\/span><\/strong> que Camarena tiene en los bajos del Mercado de Col\u00f3n. (Un lugar para redescubrir porque se va creciendo semana tras semana).<\/p>\n<p>&nbsp;<\/p>\n<p><span style=\"color: #ff0000;\">IV.<\/span> Recibi\u00f3 a nuestra amiga el bueno de <strong><span style=\"color: #99cc00;\">Jos\u00e9 Luis Mar\u00edn, jefe de cocinas<\/span><\/strong> de los restaurantes del chef de Barx. Y se inici\u00f3, as\u00ed, el proceso para escribir con ella su particular historia. Del campo a Habitual y de Habitual al vestidor, para hacer con ella una especie -perd\u00f3n por la comparaci\u00f3n- de &#8216;<em>C\u00e1mbiame<\/em>&#8216;. Todo empez\u00f3 en el <span style=\"color: #99cc00;\"><strong>horno de vapor<\/strong><\/span>: unos treinta y cinco minutos cociendo y lista para seguir con ella. Ahora, eso s\u00ed, vestida con un verde oliva, m\u00e1s apagado, y con su carne m\u00e1s tierna. Tiern\u00edsima.<\/p>\n<div id=\"attachment_14070\" style=\"width: 1034px\" class=\"wp-caption aligncenter\"><a href=\"https:\/\/static-blogs.lasprovincias.es\/wp-content\/uploads\/sites\/18\/2017\/11\/alcachofa2.jpg\"><img aria-describedby=\"caption-attachment-14070\" loading=\"lazy\" class=\"size-large wp-image-14070\" src=\"https:\/\/static-blogs.lasprovincias.es\/wp-content\/uploads\/sites\/18\/2017\/11\/alcachofa2-1024x683.jpg\" alt=\"Comunidad Valenciana.Valencia.15\/11\/2017.Las Alcachofas de las que se surte Ricard Camarena en Albalat dels Sorells .Fotograf\u00eda de Jes\u00fas Signes.\" width=\"1024\" height=\"683\" srcset=\"https:\/\/static-blogs.lasprovincias.es\/wp-content\/uploads\/sites\/18\/2017\/11\/alcachofa2.jpg 1024w, https:\/\/static-blogs.lasprovincias.es\/wp-content\/uploads\/sites\/18\/2017\/11\/alcachofa2-300x200.jpg 300w, https:\/\/static-blogs.lasprovincias.es\/wp-content\/uploads\/sites\/18\/2017\/11\/alcachofa2-768x512.jpg 768w\" sizes=\"(max-width: 1024px) 100vw, 1024px\" \/><\/a><p id=\"caption-attachment-14070\" class=\"wp-caption-text\">Fotograf\u00eda de Jes\u00fas Signes.<\/p><\/div>\n<p><span style=\"color: #ff0000;\">V.<\/span> <strong><span style=\"color: #99cc00;\">&#8220;Limpiamos las hojas y el tallo&#8221;<\/span><\/strong>, nos explic\u00f3 Jos\u00e9 Luis. La alcachofa se fue desnudando hasta quedar blanca y hermosa en las manos del cocinero. Ver su aspecto lozano ya transmite que ganas de darle un bocado. Pero hay que imponer la paciencia. Antes de ese gran momento todav\u00eda toca vestir, con las mejores galas, a la reina de la huerta en las mesas de oto\u00f1o.<\/p>\n<div id=\"attachment_14071\" style=\"width: 1034px\" class=\"wp-caption aligncenter\"><a href=\"https:\/\/static-blogs.lasprovincias.es\/wp-content\/uploads\/sites\/18\/2017\/11\/alcachofa3.jpg\"><img aria-describedby=\"caption-attachment-14071\" loading=\"lazy\" class=\"size-large wp-image-14071\" src=\"https:\/\/static-blogs.lasprovincias.es\/wp-content\/uploads\/sites\/18\/2017\/11\/alcachofa3-1024x726.jpg\" alt=\"Comunidad Valenciana.Valencia.15\/11\/2017.Las Alcachofas de las que se surte Ricard Camarena en Albalat dels Sorells .Fotograf\u00eda de Jes\u00fas Signes.\" width=\"1024\" height=\"726\" srcset=\"https:\/\/static-blogs.lasprovincias.es\/wp-content\/uploads\/sites\/18\/2017\/11\/alcachofa3.jpg 1024w, https:\/\/static-blogs.lasprovincias.es\/wp-content\/uploads\/sites\/18\/2017\/11\/alcachofa3-300x213.jpg 300w, https:\/\/static-blogs.lasprovincias.es\/wp-content\/uploads\/sites\/18\/2017\/11\/alcachofa3-768x545.jpg 768w\" sizes=\"(max-width: 1024px) 100vw, 1024px\" \/><\/a><p id=\"caption-attachment-14071\" class=\"wp-caption-text\">Fotograf\u00eda de Jes\u00fas Signes.<\/p><\/div>\n<p><span style=\"color: #ff0000;\">VI.<\/span> La propuesta, para este cuento, fue ataviarla con ropajes propios de la alta costura. Paso a paso, te lo cuento. Primero <strong><span style=\"color: #99cc00;\">se parte en dos el cogollo y la llevamos a la plancha<\/span><\/strong>. Dos minutos sobre ella, con un poco de aceite, hasta que tome un tono tostado, y la llevamos al vestidor para colocarla en el plato. (O el plat\u00f3, que aqu\u00ed es como una estrella de cine).<\/p>\n<div id=\"attachment_14072\" style=\"width: 1034px\" class=\"wp-caption aligncenter\"><a href=\"https:\/\/static-blogs.lasprovincias.es\/wp-content\/uploads\/sites\/18\/2017\/11\/ALCACHOFAS_31.jpg\"><img aria-describedby=\"caption-attachment-14072\" loading=\"lazy\" class=\"size-large wp-image-14072\" src=\"https:\/\/static-blogs.lasprovincias.es\/wp-content\/uploads\/sites\/18\/2017\/11\/ALCACHOFAS_31-1024x738.jpg\" alt=\"Fotograf\u00eda de Jes\u00fas Signes.\" width=\"1024\" height=\"738\" srcset=\"https:\/\/static-blogs.lasprovincias.es\/wp-content\/uploads\/sites\/18\/2017\/11\/ALCACHOFAS_31.jpg 1024w, https:\/\/static-blogs.lasprovincias.es\/wp-content\/uploads\/sites\/18\/2017\/11\/ALCACHOFAS_31-300x216.jpg 300w, https:\/\/static-blogs.lasprovincias.es\/wp-content\/uploads\/sites\/18\/2017\/11\/ALCACHOFAS_31-768x554.jpg 768w\" sizes=\"(max-width: 1024px) 100vw, 1024px\" \/><\/a><p id=\"caption-attachment-14072\" class=\"wp-caption-text\">Fotograf\u00eda de Jes\u00fas Signes.<\/p><\/div>\n<p><span style=\"color: #ff0000;\">VII.<\/span> Se deja suave sobre la bandeja. Le damos un toque salado. (Resalao). Se le va acicalando con <strong><span style=\"color: #99cc00;\">unas huevas de salm\u00f3n<\/span><\/strong> (por ejemplo) y unos trocitos de <span style=\"color: #99cc00;\"><strong>lim\u00f3n encurtido<\/strong><\/span>. Naranja y amarillo para dar color a la criatura.<\/p>\n<div id=\"attachment_14073\" style=\"width: 1034px\" class=\"wp-caption aligncenter\"><a href=\"https:\/\/static-blogs.lasprovincias.es\/wp-content\/uploads\/sites\/18\/2017\/11\/alcachofa6.jpg\"><img aria-describedby=\"caption-attachment-14073\" loading=\"lazy\" class=\"size-large wp-image-14073\" src=\"https:\/\/static-blogs.lasprovincias.es\/wp-content\/uploads\/sites\/18\/2017\/11\/alcachofa6-1024x683.jpg\" alt=\"Fotograf\u00eda de Jes\u00fas Signes.\" width=\"1024\" height=\"683\" srcset=\"https:\/\/static-blogs.lasprovincias.es\/wp-content\/uploads\/sites\/18\/2017\/11\/alcachofa6.jpg 1024w, https:\/\/static-blogs.lasprovincias.es\/wp-content\/uploads\/sites\/18\/2017\/11\/alcachofa6-300x200.jpg 300w, https:\/\/static-blogs.lasprovincias.es\/wp-content\/uploads\/sites\/18\/2017\/11\/alcachofa6-768x512.jpg 768w\" sizes=\"(max-width: 1024px) 100vw, 1024px\" \/><\/a><p id=\"caption-attachment-14073\" class=\"wp-caption-text\">Fotograf\u00eda de Jes\u00fas Signes.<\/p><\/div>\n<p><span style=\"color: #ff0000;\">VIII.<\/span> La vestimos casi con seda. Vaya, un <span style=\"color: #99cc00;\"><strong>escabeche intenso<\/strong><\/span> que Ricard y los suyos llaman marroqu\u00ed, hecho a base de verduras y toda una colecci\u00f3n de especias que le da una intensidad a la alcachofa algo m\u00e1s que interesante.<\/p>\n<div id=\"attachment_14074\" style=\"width: 1034px\" class=\"wp-caption aligncenter\"><a href=\"https:\/\/static-blogs.lasprovincias.es\/wp-content\/uploads\/sites\/18\/2017\/11\/ALCACHOFAS_35.jpg\"><img aria-describedby=\"caption-attachment-14074\" loading=\"lazy\" class=\"size-large wp-image-14074\" src=\"https:\/\/static-blogs.lasprovincias.es\/wp-content\/uploads\/sites\/18\/2017\/11\/ALCACHOFAS_35-1024x683.jpg\" alt=\"Fotograf\u00eda de Jes\u00fas Signes.\" width=\"1024\" height=\"683\" srcset=\"https:\/\/static-blogs.lasprovincias.es\/wp-content\/uploads\/sites\/18\/2017\/11\/ALCACHOFAS_35.jpg 1024w, https:\/\/static-blogs.lasprovincias.es\/wp-content\/uploads\/sites\/18\/2017\/11\/ALCACHOFAS_35-300x200.jpg 300w, https:\/\/static-blogs.lasprovincias.es\/wp-content\/uploads\/sites\/18\/2017\/11\/ALCACHOFAS_35-768x512.jpg 768w\" sizes=\"(max-width: 1024px) 100vw, 1024px\" \/><\/a><p id=\"caption-attachment-14074\" class=\"wp-caption-text\">Fotograf\u00eda de Jes\u00fas Signes.<\/p><\/div>\n<p><span style=\"color: #ff0000;\">IX.<\/span> La coronamos con <span style=\"color: #99cc00;\"><strong>un fino hilillo de harissa<\/strong><\/span>, confeccionada con chiles marroqu\u00edes. Una salsa de tonos teja que tiene un sabor potente, con un picante que revolotea por la boca, desatando un sinf\u00edn de placeres gustativos. La mejor compa\u00f1\u00eda que podr\u00eda tener nuestra amiga. Brutal, vaya&#8230; son esp\u00eda, pero tambi\u00e9n soy humano. <strong><span style=\"color: #ff0000;\">#l\u00e1grimas<\/span><\/strong><\/p>\n<div id=\"attachment_14075\" style=\"width: 1034px\" class=\"wp-caption aligncenter\"><a href=\"https:\/\/static-blogs.lasprovincias.es\/wp-content\/uploads\/sites\/18\/2017\/11\/ALCACHOFAS_36.jpg\"><img aria-describedby=\"caption-attachment-14075\" loading=\"lazy\" class=\"size-large wp-image-14075\" src=\"https:\/\/static-blogs.lasprovincias.es\/wp-content\/uploads\/sites\/18\/2017\/11\/ALCACHOFAS_36-1024x683.jpg\" alt=\"Comunidad Valenciana.Valencia.15\/11\/2017.Las Alcachofas de las que se surte Ricard Camarena en Albalat dels Sorells .Fotograf\u00eda de Jes\u00fas Signes.\" width=\"1024\" height=\"683\" srcset=\"https:\/\/static-blogs.lasprovincias.es\/wp-content\/uploads\/sites\/18\/2017\/11\/ALCACHOFAS_36.jpg 1024w, https:\/\/static-blogs.lasprovincias.es\/wp-content\/uploads\/sites\/18\/2017\/11\/ALCACHOFAS_36-300x200.jpg 300w, https:\/\/static-blogs.lasprovincias.es\/wp-content\/uploads\/sites\/18\/2017\/11\/ALCACHOFAS_36-768x512.jpg 768w\" sizes=\"(max-width: 1024px) 100vw, 1024px\" \/><\/a><p id=\"caption-attachment-14075\" class=\"wp-caption-text\">Fotograf\u00eda de Jes\u00fas Signes.<\/p><\/div>\n<p><span style=\"color: #ff0000;\">X.<\/span> Rematamos la historia dando un toque crujiente con <strong><span style=\"color: #99cc00;\">diminutos picatostes y una lluvia refrescante de brotes y cebollino<\/span><\/strong>. Verde para devolverle, en el fondo, el tono fresco que a\u00fan mantiene en su interior la alcachofa de Misiano.<\/p>\n<div id=\"attachment_14077\" style=\"width: 1034px\" class=\"wp-caption aligncenter\"><a href=\"https:\/\/static-blogs.lasprovincias.es\/wp-content\/uploads\/sites\/18\/2017\/11\/ALCACHOFAS_38.jpg\"><img aria-describedby=\"caption-attachment-14077\" loading=\"lazy\" class=\"size-large wp-image-14077\" src=\"https:\/\/static-blogs.lasprovincias.es\/wp-content\/uploads\/sites\/18\/2017\/11\/ALCACHOFAS_38-1024x683.jpg\" alt=\"Comunidad Valenciana.Valencia.15\/11\/2017.Las Alcachofas de las que se surte Ricard Camarena en Albalat dels Sorells .Fotograf\u00eda de Jes\u00fas Signes.\" width=\"1024\" height=\"683\" srcset=\"https:\/\/static-blogs.lasprovincias.es\/wp-content\/uploads\/sites\/18\/2017\/11\/ALCACHOFAS_38.jpg 1024w, https:\/\/static-blogs.lasprovincias.es\/wp-content\/uploads\/sites\/18\/2017\/11\/ALCACHOFAS_38-300x200.jpg 300w, https:\/\/static-blogs.lasprovincias.es\/wp-content\/uploads\/sites\/18\/2017\/11\/ALCACHOFAS_38-768x512.jpg 768w\" sizes=\"(max-width: 1024px) 100vw, 1024px\" \/><\/a><p id=\"caption-attachment-14077\" class=\"wp-caption-text\">Fotograf\u00eda de Jes\u00fas Signes.<\/p><\/div>\n<p><span style=\"color: #ff0000;\">XI.<\/span> Acaba la fiesta d\u00e1ndole <strong><span style=\"color: #99cc00;\">un bocado<\/span><\/strong> (o los que sean) a nuestra protagonista y disfrutando de ella y de toda su historia. De la historia que acompa\u00f1a la elaboraci\u00f3n de este entrante. Y de la historia, casi memoria, que pervive de sus or\u00edgenes. De esos campos donde la huerta encuentra su mejor templo. Lugares en los que las alcachofas crecen en oto\u00f1o junto a las habas y las acelgas, las remolachas y el garrof\u00f3; junto al trabajo de madrugada y las preocupaciones por las heladas, junto a la pasi\u00f3n y la honestidad..<strong>.<\/strong> <strong>Alcachofas que crecen bajo una lluvia fina de humildad y de verdad<\/strong>. Cosas de Toni y Concha, aunque esa ser\u00e1 otra historia&#8230;<\/p>\n<div id=\"attachment_14078\" style=\"width: 1034px\" class=\"wp-caption aligncenter\"><a href=\"https:\/\/static-blogs.lasprovincias.es\/wp-content\/uploads\/sites\/18\/2017\/11\/ALCACHOFAS_39.jpg\"><img aria-describedby=\"caption-attachment-14078\" loading=\"lazy\" class=\"size-large wp-image-14078\" src=\"https:\/\/static-blogs.lasprovincias.es\/wp-content\/uploads\/sites\/18\/2017\/11\/ALCACHOFAS_39-1024x694.jpg\" alt=\"Comunidad Valenciana.Valencia.15\/11\/2017.Las Alcachofas de las que se surte Ricard Camarena en Albalat dels Sorells .Fotograf\u00eda de Jes\u00fas Signes.\" width=\"1024\" height=\"694\" srcset=\"https:\/\/static-blogs.lasprovincias.es\/wp-content\/uploads\/sites\/18\/2017\/11\/ALCACHOFAS_39.jpg 1024w, https:\/\/static-blogs.lasprovincias.es\/wp-content\/uploads\/sites\/18\/2017\/11\/ALCACHOFAS_39-300x203.jpg 300w, https:\/\/static-blogs.lasprovincias.es\/wp-content\/uploads\/sites\/18\/2017\/11\/ALCACHOFAS_39-768x521.jpg 768w\" sizes=\"(max-width: 1024px) 100vw, 1024px\" \/><\/a><p id=\"caption-attachment-14078\" class=\"wp-caption-text\">.Fotograf\u00eda de Jes\u00fas Signes.<\/p><\/div>\n<p><span style=\"color: #ff0000;\">XII.<\/span> Y color\u00edn colorado, nos comimos las alcachofas (que no perdices) y fuimos felices. Y si esto te ha gustado&#8230; no te me vayas relajando, porque con esto de la alcachofa te estamos preparando algo as\u00ed como un serial. Que bien lo merece \u00bfverdad? Toni Misiano, su heurta, Ricard&#8230;. y ellas, las alcachofas #atentos.<\/p>\n<div id=\"attachment_14079\" style=\"width: 1034px\" class=\"wp-caption aligncenter\"><a href=\"https:\/\/static-blogs.lasprovincias.es\/wp-content\/uploads\/sites\/18\/2017\/11\/ALCACHOFAS_03.jpg\"><img aria-describedby=\"caption-attachment-14079\" loading=\"lazy\" class=\"size-large wp-image-14079\" src=\"https:\/\/static-blogs.lasprovincias.es\/wp-content\/uploads\/sites\/18\/2017\/11\/ALCACHOFAS_03-1024x693.jpg\" alt=\"Comunidad Valenciana.Valencia.15\/11\/2017.Las Alcachofas de las que se surte Ricard Camarena en Albalat dels Sorells .Fotograf\u00eda de Jes\u00fas Signes.\" width=\"1024\" height=\"693\" srcset=\"https:\/\/static-blogs.lasprovincias.es\/wp-content\/uploads\/sites\/18\/2017\/11\/ALCACHOFAS_03.jpg 1024w, https:\/\/static-blogs.lasprovincias.es\/wp-content\/uploads\/sites\/18\/2017\/11\/ALCACHOFAS_03-300x203.jpg 300w, https:\/\/static-blogs.lasprovincias.es\/wp-content\/uploads\/sites\/18\/2017\/11\/ALCACHOFAS_03-768x520.jpg 768w\" sizes=\"(max-width: 1024px) 100vw, 1024px\" \/><\/a><p id=\"caption-attachment-14079\" class=\"wp-caption-text\">Fotograf\u00eda de Jes\u00fas Signes.<\/p><\/div>\n<p><span style=\"color: #808080;\"><em>(Dicho todo esto, remarcar el reportaje de fotograf\u00edas de JES\u00daS SIGNES, y la amabilidad de JOS\u00c9 LUIS MAR\u00cdN. Sin ellos, ni alcachofa ni nada. Seguimos \ud83d\ude09\u00a0<\/em><\/span><\/p>\n<div id=\"attachment_14080\" style=\"width: 1034px\" class=\"wp-caption aligncenter\"><a href=\"https:\/\/static-blogs.lasprovincias.es\/wp-content\/uploads\/sites\/18\/2017\/11\/ALCACHOFAS_27.jpg\"><img aria-describedby=\"caption-attachment-14080\" loading=\"lazy\" class=\"size-large wp-image-14080\" src=\"https:\/\/static-blogs.lasprovincias.es\/wp-content\/uploads\/sites\/18\/2017\/11\/ALCACHOFAS_27-1024x683.jpg\" alt=\"Comunidad Valenciana.Valencia.15\/11\/2017.Las Alcachofas de las que se surte Ricard Camarena en Albalat dels Sorells .Fotograf\u00eda de Jes\u00fas Signes.\" width=\"1024\" height=\"683\" srcset=\"https:\/\/static-blogs.lasprovincias.es\/wp-content\/uploads\/sites\/18\/2017\/11\/ALCACHOFAS_27.jpg 1024w, https:\/\/static-blogs.lasprovincias.es\/wp-content\/uploads\/sites\/18\/2017\/11\/ALCACHOFAS_27-300x200.jpg 300w, https:\/\/static-blogs.lasprovincias.es\/wp-content\/uploads\/sites\/18\/2017\/11\/ALCACHOFAS_27-768x512.jpg 768w\" sizes=\"(max-width: 1024px) 100vw, 1024px\" \/><\/a><p id=\"caption-attachment-14080\" class=\"wp-caption-text\">Fotograf\u00eda de Jes\u00fas Signes.<\/p><\/div>\n<!-- AddThis Advanced Settings generic via filter on the_content --><!-- AddThis Share Buttons generic via filter on the_content -->","protected":false},"excerpt":{"rendered":"<p>Noviembre. Primeros fr\u00edos. Las alcachofas piden paso en las mesas para convertirse en estrellas de los men\u00fas m\u00e1s caseros pero, tambi\u00e9n, de los m\u00e1s selectos. Le voy a seguir la pista a qu\u00e9 hacen con ellas los artistas del delantal. Promete muchas alegr\u00edas. Si no, ya lo ver\u00e1s. De momento, abrimos el tel\u00f3n con una [&hellip;]<!-- AddThis Advanced Settings generic via filter on get_the_excerpt --><!-- AddThis Share Buttons generic via filter on get_the_excerpt --><\/p>\n","protected":false},"author":23,"featured_media":0,"comment_status":"open","ping_status":"open","sticky":false,"template":"","format":"standard","meta":[],"categories":[3,4,5,1],"tags":[1331,482,1332,1330,1283],"_links":{"self":[{"href":"https:\/\/blogs.lasprovincias.es\/historiascondelantal\/wp-json\/wp\/v2\/posts\/14055"}],"collection":[{"href":"https:\/\/blogs.lasprovincias.es\/historiascondelantal\/wp-json\/wp\/v2\/posts"}],"about":[{"href":"https:\/\/blogs.lasprovincias.es\/historiascondelantal\/wp-json\/wp\/v2\/types\/post"}],"author":[{"embeddable":true,"href":"https:\/\/blogs.lasprovincias.es\/historiascondelantal\/wp-json\/wp\/v2\/users\/23"}],"replies":[{"embeddable":true,"href":"https:\/\/blogs.lasprovincias.es\/historiascondelantal\/wp-json\/wp\/v2\/comments?post=14055"}],"version-history":[{"count":9,"href":"https:\/\/blogs.lasprovincias.es\/historiascondelantal\/wp-json\/wp\/v2\/posts\/14055\/revisions"}],"predecessor-version":[{"id":14115,"href":"https:\/\/blogs.lasprovincias.es\/historiascondelantal\/wp-json\/wp\/v2\/posts\/14055\/revisions\/14115"}],"wp:attachment":[{"href":"https:\/\/blogs.lasprovincias.es\/historiascondelantal\/wp-json\/wp\/v2\/media?parent=14055"}],"wp:term":[{"taxonomy":"category","embeddable":true,"href":"https:\/\/blogs.lasprovincias.es\/historiascondelantal\/wp-json\/wp\/v2\/categories?post=14055"},{"taxonomy":"post_tag","embeddable":true,"href":"https:\/\/blogs.lasprovincias.es\/historiascondelantal\/wp-json\/wp\/v2\/tags?post=14055"}],"curies":[{"name":"wp","href":"https:\/\/api.w.org\/{rel}","templated":true}]}}