{"id":14429,"date":"2017-12-24T18:15:58","date_gmt":"2017-12-24T16:15:58","guid":{"rendered":"http:\/\/blogs.lasprovincias.es\/historiascondelantal\/?p=14429"},"modified":"2017-12-22T13:45:17","modified_gmt":"2017-12-22T11:45:17","slug":"fray-angel-un-banquete-de-humanidad","status":"publish","type":"post","link":"https:\/\/blogs.lasprovincias.es\/historiascondelantal\/2017\/12\/24\/fray-angel-un-banquete-de-humanidad\/","title":{"rendered":"Fray \u00c1ngel, cocinando humanidad en el monasterio de Santo Esp\u00edritu"},"content":{"rendered":"<p><strong>Habla con sus animales.\u00a0 Dialoga con la huerta.\u00a0 Mima sus guisos hasta acariciarlos. Y llena de afectividad las mesas.\u00a0 Es el cocinero del monasterio de Santo Esp\u00edritu.\u00a0<\/strong><strong>Es eso y mucho m\u00e1s. En \u00e9l se simboliza lo que deber\u00eda ser la vida. Entrega, di\u00e1logo y respeto. Respeto a la naturaleza y a las personas.\u00a0 <span style=\"color: #ab1010;\">\u00abNo importa qu\u00e9 se come sino c\u00f3mo se ha cocinado\u00bb, afirma.\u00a0<\/span>\u00a0<\/strong><strong>En sus fogones se cuece la grandeza de lo cotidiano. \u00abLa riqueza de la pobreza\u00bb.<\/strong><\/p>\n<h2 style=\"text-align: center;\">FRAY \u00c1NGEL RAM\u00d3N, COCINERO DE HUMANIDAD<\/h2>\n<p style=\"text-align: center;\"><a href=\"https:\/\/static-blogs.lasprovincias.es\/wp-content\/uploads\/sites\/18\/2017\/12\/IMG_4882.jpg\"><img loading=\"lazy\" class=\"alignnone size-large wp-image-14436\" src=\"https:\/\/static-blogs.lasprovincias.es\/wp-content\/uploads\/sites\/18\/2017\/12\/IMG_4882-1024x683.jpg\" alt=\"img_4882\" width=\"1024\" height=\"683\" srcset=\"https:\/\/static-blogs.lasprovincias.es\/wp-content\/uploads\/sites\/18\/2017\/12\/IMG_4882.jpg 1024w, https:\/\/static-blogs.lasprovincias.es\/wp-content\/uploads\/sites\/18\/2017\/12\/IMG_4882-300x200.jpg 300w, https:\/\/static-blogs.lasprovincias.es\/wp-content\/uploads\/sites\/18\/2017\/12\/IMG_4882-768x512.jpg 768w\" sizes=\"(max-width: 1024px) 100vw, 1024px\" \/><\/a><\/p>\n<p style=\"text-align: right;\"><span style=\"color: #808080;\">REPORTAJE FOTOGR\u00c1FICO JES\u00daS TRELIS<\/span><\/p>\n<p><!--more--><\/p>\n<p>En el tren, camino de Gillet, saboreaba poemas de <strong>Luis Garc\u00eda Montero<\/strong>. Era poco m\u00e1s de las ocho. Junto a las v\u00edas se adivinaba el hielo. La huerta escarchada. \u00abEn la cara lleva\/ tres a\u00f1os perdidos\/ y el fr\u00edo de las seis de la ma\u00f1ana\u00bb, le\u00ed entre los versos del poeta de Granada. Cuando baj\u00e9 en la estaci\u00f3n del pueblo de Camp de Morvedre \u2013un and\u00e9n tomado por la nada\u2013, pens\u00e9 en ellos. En esos versos. En que mi rostro llevaba tatuado el helor del invierno desbocado. Y muchos a\u00f1os perdidos. Todos esos en lo que olvid\u00e9 la verdadera esencia de las cosas. Esa que fray \u00c1ngel me iba a mostrar en su casa. All\u00ed, en <span style=\"color: #000000;\"><strong>un monasterio donde el sol m\u00e1s que calentar abraza y el silencio es como un b\u00e1lsamo para el alma<\/strong><\/span>.<\/p>\n<p><span style=\"color: #000000;\"><strong>\u00abHoy toca hacer alubias\u00bb, me dijo el religioso<\/strong><\/span>, levantando pausado la tapadera de una hermos\u00edsima cazuela de barro. Como un ritual. De ella sali\u00f3, casi bailando, el vapor tejido con aromas que tomaron la cocina del monasterio. Una cocina espaciosa, luminosa y de resplandecientes azulejos blancos. Repleta de recuerdos: una imagen de la Mare de D\u00e9u, muchas cazuelas, una peque\u00f1a biblioteca de libros de recetas y una bonita colecci\u00f3n de morteros. \u00abCada uno lo uso para una cosa distinta; el almirez es m\u00e1s para los dulces\u00bb, me cont\u00f3 el fraile de barba larga y canosa, mirada suave y voz acogedora. Como los monjes que siempre imaginamos.<\/p>\n<p style=\"text-align: center;\"><a href=\"https:\/\/static-blogs.lasprovincias.es\/wp-content\/uploads\/sites\/18\/2017\/12\/IMG_4736.jpg\"><img loading=\"lazy\" class=\"alignnone size-large wp-image-14437\" src=\"https:\/\/static-blogs.lasprovincias.es\/wp-content\/uploads\/sites\/18\/2017\/12\/IMG_4736-1024x657.jpg\" alt=\"img_4736\" width=\"1024\" height=\"657\" srcset=\"https:\/\/static-blogs.lasprovincias.es\/wp-content\/uploads\/sites\/18\/2017\/12\/IMG_4736.jpg 1024w, https:\/\/static-blogs.lasprovincias.es\/wp-content\/uploads\/sites\/18\/2017\/12\/IMG_4736-300x192.jpg 300w, https:\/\/static-blogs.lasprovincias.es\/wp-content\/uploads\/sites\/18\/2017\/12\/IMG_4736-768x493.jpg 768w\" sizes=\"(max-width: 1024px) 100vw, 1024px\" \/><\/a><\/p>\n<p>&nbsp;<\/p>\n<p>\u00c1ngel tiene el brillo del metal del almirez y la nobleza del majador de m\u00e1rmol. Y aglutina, como el tradicional mortero valenciano, verde y amarillo con tonos vidriados, todo lo que el utensilio de cocina representa: cultura, diversidad, integraci\u00f3n, conversaci\u00f3n entre la maza y las manos. \u00bfQu\u00e9 es sino un allioli? Ese que se hace con tiempo y paciencia. Minutos y mucho sosiego que s\u00f3lo se dedica a algo cuando lo que se quiere transmitir es cari\u00f1o. \u00abYo estoy aqu\u00ed dentro de casa veinticuatro horas y casi todos los d\u00edas del a\u00f1o. No salgo a penas, pero cuando me voy, l<strong>o que m\u00e1s me espanta de fuera es la prisa y la desestructuraci\u00f3n de la vida<\/strong>\u00bb, explic\u00f3.<\/p>\n<p>&nbsp;<\/p>\n<h3 style=\"text-align: center;\"><span style=\"color: #ab1010;\">&#8220;\u00c1ngel tiene el brillo del metal del almirez<\/span><\/h3>\n<h3 style=\"text-align: center;\"><span style=\"color: #ab1010;\">y la nobleza del majador de m\u00e1rmol&#8221;<\/span><\/h3>\n<p style=\"text-align: center;\"><a href=\"https:\/\/static-blogs.lasprovincias.es\/wp-content\/uploads\/sites\/18\/2017\/12\/IMG_4699.jpg\"><img loading=\"lazy\" class=\"alignnone size-large wp-image-14435\" src=\"https:\/\/static-blogs.lasprovincias.es\/wp-content\/uploads\/sites\/18\/2017\/12\/IMG_4699-1024x683.jpg\" alt=\"img_4699\" width=\"1024\" height=\"683\" srcset=\"https:\/\/static-blogs.lasprovincias.es\/wp-content\/uploads\/sites\/18\/2017\/12\/IMG_4699.jpg 1024w, https:\/\/static-blogs.lasprovincias.es\/wp-content\/uploads\/sites\/18\/2017\/12\/IMG_4699-300x200.jpg 300w, https:\/\/static-blogs.lasprovincias.es\/wp-content\/uploads\/sites\/18\/2017\/12\/IMG_4699-768x512.jpg 768w\" sizes=\"(max-width: 1024px) 100vw, 1024px\" \/><\/a><\/p>\n<p style=\"text-align: center;\"><a href=\"https:\/\/static-blogs.lasprovincias.es\/wp-content\/uploads\/sites\/18\/2017\/12\/IMG_4693.jpg\"><img loading=\"lazy\" class=\"alignnone size-large wp-image-14434\" src=\"https:\/\/static-blogs.lasprovincias.es\/wp-content\/uploads\/sites\/18\/2017\/12\/IMG_4693-1024x683.jpg\" alt=\"img_4693\" width=\"1024\" height=\"683\" srcset=\"https:\/\/static-blogs.lasprovincias.es\/wp-content\/uploads\/sites\/18\/2017\/12\/IMG_4693.jpg 1024w, https:\/\/static-blogs.lasprovincias.es\/wp-content\/uploads\/sites\/18\/2017\/12\/IMG_4693-300x200.jpg 300w, https:\/\/static-blogs.lasprovincias.es\/wp-content\/uploads\/sites\/18\/2017\/12\/IMG_4693-768x512.jpg 768w\" sizes=\"(max-width: 1024px) 100vw, 1024px\" \/><\/a><\/p>\n<p>El religioso franciscano vive venerando el tiempo. Casi acarici\u00e1ndolo. Lo disfruta y lo saborea en toda su expresi\u00f3n. Quiz\u00e1 por eso, a primera hora de la ma\u00f1ana, cuando el sol todav\u00eda no ha roto, \u00e9l ya da su paseo por el campo y activa sus rutinas. Esas en las que constantemente va aplic\u00e1ndole su m\u00e1xima: la de ir por la vida escuchando y conversando con todo y con todos. Tambi\u00e9n en la cocina.<\/p>\n<p>\u00abCreo que vivimos faltos de di\u00e1logo con la naturaleza y con todo en general. Con la naturaleza hay que entablar conversaci\u00f3n, no puede existir sometimiento. <strong>Si yo exploto a una criatura, no hay di\u00e1logo. Si yo me someto a los antojos de una criatura, tampoco hay di\u00e1logo; el que se somete soy yo\u00bb, narr\u00f3.<\/strong> \u00abCuando a una gallina la alimento para que ponga m\u00e1s huevos en menos tiempo y sus pechugas sean m\u00e1s grandes, o hincho el h\u00edgado de un pato porque lo que busco es mi satisfacci\u00f3n o enriquecimiento, entonces no hay di\u00e1logo. Ese se da cuando t\u00fa cuidas a un animal y \u00e9l te da, cuando toca, sus frutos; ah\u00ed hay armon\u00eda\u00bb, relat\u00f3.<\/p>\n<p>Armon\u00eda, respeto&#8230; yo te doy y t\u00fa me das. \u00abEse mismo mensaje sirve para todos los \u00e1mbitos de la sociedad\u00bb, reflexion\u00e9. Fray \u00c1ngel, de nuevo, fue muy certero. <strong>\u00abAhora que estamos en Navidad, en el portal de Bel\u00e9n ver\u00e1s la escena m\u00e1s hermosa de di\u00e1logo que pueda existir entre los hombres y entre el hombre y la naturaleza.<\/strong> Todos en un mismo plano: los pastores con los reyes y los pobres con los ricos; los hombres con los animales y los fuertes con los d\u00e9biles, y, en medio de ellos, el Ni\u00f1o Dios, armoniz\u00e1ndolo todo\u00bb.<\/p>\n<p style=\"text-align: center;\"><a href=\"https:\/\/static-blogs.lasprovincias.es\/wp-content\/uploads\/sites\/18\/2017\/12\/IMG_4652.jpg\"><img loading=\"lazy\" class=\"alignnone size-large wp-image-14448\" src=\"https:\/\/static-blogs.lasprovincias.es\/wp-content\/uploads\/sites\/18\/2017\/12\/IMG_4652-683x1024.jpg\" alt=\"img_4652\" width=\"683\" height=\"1024\" srcset=\"https:\/\/static-blogs.lasprovincias.es\/wp-content\/uploads\/sites\/18\/2017\/12\/IMG_4652.jpg 683w, https:\/\/static-blogs.lasprovincias.es\/wp-content\/uploads\/sites\/18\/2017\/12\/IMG_4652-200x300.jpg 200w\" sizes=\"(max-width: 683px) 100vw, 683px\" \/><\/a><\/p>\n<p>Dialogamos con tranquilidad. Sin mirar el reloj. Como deb\u00eda ser. Al tiempo que el fuego, tambi\u00e9n pausado, iba susurrando su calor al guiso de alubias y, en el horno, un lomo de orza se pochaba paciente. <strong>\u00ab\u00bfQu\u00e9 men\u00fa va a preparar en Navidad?\u00bb, pregunt\u00e9. \u00abNo s\u00e9\u00bb, respondi\u00f3 quit\u00e1ndole trascendencia a la pregunta. \u00abLo sabr\u00e9 el d\u00eda antes (que coincide que es hoy, Nochebuena)<\/strong>; para m\u00ed, eso no es lo m\u00e1s importante. Lo importante de verdad es c\u00f3mo hacer las cosas y el sentido que se les da. Utilizar\u00e9 lo que tenga; alguna carne o pescado si est\u00e1n a buen precio&#8230; Y mis detallitos, alg\u00fan dulce\u00bb, dijo en tono socarr\u00f3n. (Dicen que su arroz con leche es celestial).<\/p>\n<p>&nbsp;<\/p>\n<h3 style=\"text-align: center;\"><span style=\"color: #ab1010;\">&#8220;Lo importante no es lo que\u00a0<\/span><\/h3>\n<h3 style=\"text-align: center;\"><span style=\"color: #ab1010;\">se come, sino c\u00f3mo se hacen las cosas&#8221;<\/span><\/h3>\n<p>&nbsp;<\/p>\n<p>Para \u00e9l, la base de todo est\u00e1 en el sentido que se le da a las cosas. Y hace lo que predica con el cari\u00f1o que pone a todo lo que desempe\u00f1a a lo largo del d\u00eda. En la cocina, en sus rutinas, en esas alubias que parec\u00edan, m\u00e1s que un guiso, poes\u00eda.<strong> \u00abLa misma forma de colocar un plato ya cuenta\u00bb, se\u00f1al\u00f3.<\/strong><\/p>\n<p>Fray \u00c1ngel habla con serenidad, hace las cosas con pausa, deja que los tiempos le marquen el tiempo y no un loco minutero. Todo requiere su cari\u00f1o, su respeto, su di\u00e1logo. S\u00ed, de nuevo el di\u00e1logo. \u00c9se que practica hasta cuando hace el pan. Una de las cosas que m\u00e1s le fascina. Porque m\u00e1s que amasar hace una particular sinfon\u00eda con el agua, la harina, una pizca de sal y su masa madre. La masa madre que alimenta todos los d\u00edas. \u00abEst\u00e1 viva\u00bb, me dijo. <strong>\u00abAqu\u00ed tienes otro ejemplo: yo le doy y ella me da\u00bb, remarc\u00f3 mientras yo observaba en una panera una de sus hogazas: perfecta en la forma, seductora en su tostado, eterna en aroma.<\/strong><\/p>\n<p>&nbsp;<\/p>\n<p><img loading=\"lazy\" class=\"alignnone size-large wp-image-14440 aligncenter\" src=\"https:\/\/static-blogs.lasprovincias.es\/wp-content\/uploads\/sites\/18\/2017\/12\/IMG_4859-1024x683.jpg\" alt=\"img_4859\" width=\"1024\" height=\"683\" srcset=\"https:\/\/static-blogs.lasprovincias.es\/wp-content\/uploads\/sites\/18\/2017\/12\/IMG_4859.jpg 1024w, https:\/\/static-blogs.lasprovincias.es\/wp-content\/uploads\/sites\/18\/2017\/12\/IMG_4859-300x200.jpg 300w, https:\/\/static-blogs.lasprovincias.es\/wp-content\/uploads\/sites\/18\/2017\/12\/IMG_4859-768x512.jpg 768w\" sizes=\"(max-width: 1024px) 100vw, 1024px\" \/><\/p>\n<p>Pan de verdad, como todo lo que all\u00ed pasaba. Todo lo que suced\u00eda en el cocina de la humanidad. \u00abAunque muchos lo nieguen, comer es uno de los momentos principales de una jornada. Cuando queremos hacer algo especial, siempre lo celebramos en la mesa. Las fiestas de los pueblos, est\u00e1n basadas en la comida y la bebida\u00bb, disert\u00f3.<\/p>\n<h3 style=\"text-align: center;\"><span style=\"color: #ab1010;\">&#8220;Cuando queremos hacer algo especial,<\/span><\/h3>\n<h3 style=\"text-align: center;\"><span style=\"color: #ab1010;\">siempre lo celebramos en la mesa&#8221;<\/span><\/h3>\n<p>Cuando el religioso de Ciudad Real lleg\u00f3 a Santo Esp\u00edritu hace m\u00e1s de una d\u00e9cada se dio cuenta que la cocina que se hac\u00eda all\u00ed, que estaba externalizada, no respond\u00eda a sus principios. No hablaba de ellos. \u00abTen\u00eda claro que deb\u00eda ser acorde a c\u00f3mo pensamos; porque en la mesa se vive uno de esos momentos en los que se derrocha afectividad\u00bb, enfatiz\u00f3. \u00abEs algo que todos necesitamos: querer y que nos quieran. En la vida religiosa, que no nos casamos, tambi\u00e9n. <strong>La hora de la comida es un momento clave en el que expresamos a los dem\u00e1s cari\u00f1o sentados en la mesa.<\/strong> En ella sonre\u00edmos, estamos a gusto, hablamos, nos contamos cosas que nos ocurren&#8230;\u00bb.<\/p>\n<p style=\"text-align: center;\"><a href=\"https:\/\/static-blogs.lasprovincias.es\/wp-content\/uploads\/sites\/18\/2017\/12\/IMG_4669.jpg\"><img loading=\"lazy\" class=\"alignnone size-full wp-image-14441\" src=\"https:\/\/static-blogs.lasprovincias.es\/wp-content\/uploads\/sites\/18\/2017\/12\/IMG_4669.jpg\" alt=\"img_4669\" width=\"768\" height=\"792\" srcset=\"https:\/\/static-blogs.lasprovincias.es\/wp-content\/uploads\/sites\/18\/2017\/12\/IMG_4669.jpg 768w, https:\/\/static-blogs.lasprovincias.es\/wp-content\/uploads\/sites\/18\/2017\/12\/IMG_4669-291x300.jpg 291w\" sizes=\"(max-width: 768px) 100vw, 768px\" \/><\/a><\/p>\n<p>Ese afecto se pocha en sus platos. En los guisos de fray \u00c1ngel de los que todos te hablan cuando te paseas por el monasterio. \u00abLa cuchara les suele gustar\u00bb, susurr\u00f3 quit\u00e1ndole importancia. \u00abAlguna carne lampreada como las que hac\u00eda Juan Altamiras o el salm\u00f3n con mostaza, tambi\u00e9n\u00bb, reconoci\u00f3. Y lo hizo mencionando a <strong>fray Altamiras<\/strong>. Tambi\u00e9n franciscano. Y tambi\u00e9n cocinero. Eso s\u00ed, hace trescientos a\u00f1os.<\/p>\n<p>Altamiras era el motivo por que el que acab\u00e9 aquel d\u00eda fr\u00edo en la cocina de Santo Esp\u00edritu. Este monje franciscano <strong>cre\u00f3 el primer recetario popular de cocina espa\u00f1ola all\u00e1 por 1745<\/strong>. Una obra que acaban de reeditar y cuyo pensamiento se mantiene vivo en uno de los \u00faltimos religiosos cocineros. \u00abSu filosof\u00eda era hacer de la austeridad, excelencia; de la pobreza, riqueza&#8230; Crear un gran plato con los productos m\u00e1s humildes. Como esas habas secas que guisaba, con su buena cocci\u00f3n y un poco de hierbabuena y ajos\u00bb, sentenci\u00f3.<\/p>\n<h3 style=\"text-align: center;\"><span style=\"color: #ab1010;\">&#8220;Su filosof\u00eda era hacer\u00a0<\/span><\/h3>\n<h3 style=\"text-align: center;\"><span style=\"color: #ab1010;\">de la austeridad, excelencia&#8221;<\/span><\/h3>\n<p>\u00ab\u00bfQu\u00e9 te han parecido?\u00bb, me pregunt\u00f3 despu\u00e9s de comerme las alubias y el lomo de orza con pimientos. En mi cara hab\u00eda desaparecido el fr\u00edo de la madrugada aunque, como en el poema de Garc\u00eda Montero, afloraba incontrolable la sensaci\u00f3n de haber perdido muchos a\u00f1os. A\u00f1os sin apreciar, sin valorar, el sentido de las cosas. \u00abMe ha parecido maravilloso\u00bb, sentenci\u00e9 dejando correr por nuestro lado el silencio. No fue un elogio. Fue un estado de \u00e1nimo.<\/p>\n<p><a href=\"https:\/\/static-blogs.lasprovincias.es\/wp-content\/uploads\/sites\/18\/2017\/12\/IMG_20171207_133425.jpg\"><img loading=\"lazy\" class=\"size-large wp-image-14444\" src=\"https:\/\/static-blogs.lasprovincias.es\/wp-content\/uploads\/sites\/18\/2017\/12\/IMG_20171207_133425-1024x698.jpg\" alt=\"dav\" width=\"1024\" height=\"698\" srcset=\"https:\/\/static-blogs.lasprovincias.es\/wp-content\/uploads\/sites\/18\/2017\/12\/IMG_20171207_133425.jpg 1024w, https:\/\/static-blogs.lasprovincias.es\/wp-content\/uploads\/sites\/18\/2017\/12\/IMG_20171207_133425-300x204.jpg 300w, https:\/\/static-blogs.lasprovincias.es\/wp-content\/uploads\/sites\/18\/2017\/12\/IMG_20171207_133425-768x524.jpg 768w\" sizes=\"(max-width: 1024px) 100vw, 1024px\" \/><\/a><\/p>\n<p>En la huerta crec\u00edan coles, br\u00e9col y puerros. <strong>Al sol, dorm\u00edan las calabazas. Entre los \u00e1rboles, resist\u00edan naranjos y limoneros. Y en cada rinc\u00f3n del monasterio, flu\u00eda tranquila la humanidad<\/strong>,<strong> se paseaba la humildad y se impon\u00eda la verdad.<\/strong> En el claustro y en la hospeder\u00eda; en la biblioteca donde acunan incunables y hasta en el corral de las gallinas, esas que cuando son polluelos fray \u00c1ngel cobija en su habitaci\u00f3n.<\/p>\n<p>Cuando march\u00e9, de mi cuaderno de notas ca\u00edan palabras que hablaban de armon\u00eda, solidaridad, respeto, humildad&#8230; y hasta los versos de <strong>Garc\u00eda Montero<\/strong> parec\u00edan haberse enamorado del momento:<\/p>\n<h3 style=\"text-align: center;\"><span style=\"color: #ab1010;\">\u00abPorque tal vez la vida\/ <\/span><\/h3>\n<h3 style=\"text-align: center;\"><span style=\"color: #ab1010;\">s\u00f3lo nos quiere dar\/ <\/span><\/h3>\n<h3 style=\"text-align: center;\"><span style=\"color: #ab1010;\">aquello que despu\u00e9s sabe quitarnos\u00bb.<\/span><\/h3>\n<p style=\"text-align: center;\"><a href=\"https:\/\/static-blogs.lasprovincias.es\/wp-content\/uploads\/sites\/18\/2017\/12\/IMG_4884.jpg\"><img loading=\"lazy\" class=\"alignnone size-large wp-image-14445\" src=\"https:\/\/static-blogs.lasprovincias.es\/wp-content\/uploads\/sites\/18\/2017\/12\/IMG_4884-1024x683.jpg\" alt=\"img_4884\" width=\"1024\" height=\"683\" srcset=\"https:\/\/static-blogs.lasprovincias.es\/wp-content\/uploads\/sites\/18\/2017\/12\/IMG_4884.jpg 1024w, https:\/\/static-blogs.lasprovincias.es\/wp-content\/uploads\/sites\/18\/2017\/12\/IMG_4884-300x200.jpg 300w, https:\/\/static-blogs.lasprovincias.es\/wp-content\/uploads\/sites\/18\/2017\/12\/IMG_4884-768x512.jpg 768w\" sizes=\"(max-width: 1024px) 100vw, 1024px\" \/><\/a><\/p>\n<hr \/>\n<p style=\"text-align: center;\"><span style=\"color: #ab1010;\"><em>Mister Cooking y yo mismo os deseamos <strong>Feliz Navidad<\/strong>. Y pedimos que estas fiestas os traigas muchas, much\u00edsimas, buenas mesas en las que importe, como predica fray \u00c1ngel, m\u00e1s que lo que se come, la pasi\u00f3n y el cari\u00f1o con que se ha hecho. Navidades de emociones.<\/em><\/span><\/p>\n<p style=\"text-align: right;\"><span style=\"color: #ab1010;\"><em>Siempre tuyo,<\/em><\/span><\/p>\n<p style=\"text-align: right;\"><strong><span style=\"color: #ab1010;\"><em>Cook &amp; Jes\u00fas<\/em><\/span><\/strong><\/p>\n<p>&nbsp;<\/p>\n<p>&nbsp;<\/p>\n<!-- AddThis Advanced Settings generic via filter on the_content --><!-- AddThis Share Buttons generic via filter on the_content -->","protected":false},"excerpt":{"rendered":"<p>Habla con sus animales.\u00a0 Dialoga con la huerta.\u00a0 Mima sus guisos hasta acariciarlos. Y llena de afectividad las mesas.\u00a0 Es el cocinero del monasterio de Santo Esp\u00edritu.\u00a0Es eso y mucho m\u00e1s. En \u00e9l se simboliza lo que deber\u00eda ser la vida. Entrega, di\u00e1logo y respeto. Respeto a la naturaleza y a las personas.\u00a0 \u00abNo importa [&hellip;]<!-- AddThis Advanced Settings generic via filter on get_the_excerpt --><!-- AddThis Share Buttons generic via filter on get_the_excerpt --><\/p>\n","protected":false},"author":23,"featured_media":0,"comment_status":"open","ping_status":"open","sticky":false,"template":"","format":"standard","meta":[],"categories":[3,4,1,7],"tags":[1369,263,1368,1367,1300,1366],"_links":{"self":[{"href":"https:\/\/blogs.lasprovincias.es\/historiascondelantal\/wp-json\/wp\/v2\/posts\/14429"}],"collection":[{"href":"https:\/\/blogs.lasprovincias.es\/historiascondelantal\/wp-json\/wp\/v2\/posts"}],"about":[{"href":"https:\/\/blogs.lasprovincias.es\/historiascondelantal\/wp-json\/wp\/v2\/types\/post"}],"author":[{"embeddable":true,"href":"https:\/\/blogs.lasprovincias.es\/historiascondelantal\/wp-json\/wp\/v2\/users\/23"}],"replies":[{"embeddable":true,"href":"https:\/\/blogs.lasprovincias.es\/historiascondelantal\/wp-json\/wp\/v2\/comments?post=14429"}],"version-history":[{"count":7,"href":"https:\/\/blogs.lasprovincias.es\/historiascondelantal\/wp-json\/wp\/v2\/posts\/14429\/revisions"}],"predecessor-version":[{"id":14453,"href":"https:\/\/blogs.lasprovincias.es\/historiascondelantal\/wp-json\/wp\/v2\/posts\/14429\/revisions\/14453"}],"wp:attachment":[{"href":"https:\/\/blogs.lasprovincias.es\/historiascondelantal\/wp-json\/wp\/v2\/media?parent=14429"}],"wp:term":[{"taxonomy":"category","embeddable":true,"href":"https:\/\/blogs.lasprovincias.es\/historiascondelantal\/wp-json\/wp\/v2\/categories?post=14429"},{"taxonomy":"post_tag","embeddable":true,"href":"https:\/\/blogs.lasprovincias.es\/historiascondelantal\/wp-json\/wp\/v2\/tags?post=14429"}],"curies":[{"name":"wp","href":"https:\/\/api.w.org\/{rel}","templated":true}]}}