{"id":14455,"date":"2017-12-24T13:57:49","date_gmt":"2017-12-24T11:57:49","guid":{"rendered":"http:\/\/blogs.lasprovincias.es\/historiascondelantal\/?p=14455"},"modified":"2017-12-24T14:08:58","modified_gmt":"2017-12-24T12:08:58","slug":"algo-asi-como-un-cuento-de-navidad","status":"publish","type":"post","link":"https:\/\/blogs.lasprovincias.es\/historiascondelantal\/2017\/12\/24\/algo-asi-como-un-cuento-de-navidad\/","title":{"rendered":"Algo as\u00ed como un cuento de Navidad"},"content":{"rendered":"<p><strong><span style=\"color: #ab1010;\">NOCHEBUENA.<\/span><\/strong> Anochece en la ciudad. A esas horas y en ese lugar se enmarca lo que podr\u00eda ser&#8230;<\/p>\n<h3 style=\"text-align: center;\"><span style=\"color: #ab1010;\">ALGO AS\u00cd COMO UN CUENTO DE NAVIDAD<\/span><\/h3>\n<p style=\"text-align: center;\"><a href=\"https:\/\/static-blogs.lasprovincias.es\/wp-content\/uploads\/sites\/18\/2017\/12\/image1.jpeg\"><img loading=\"lazy\" class=\"alignnone size-full wp-image-14457\" src=\"https:\/\/static-blogs.lasprovincias.es\/wp-content\/uploads\/sites\/18\/2017\/12\/image1.jpeg\" alt=\"image1\" width=\"1000\" height=\"660\" srcset=\"https:\/\/static-blogs.lasprovincias.es\/wp-content\/uploads\/sites\/18\/2017\/12\/image1.jpeg 1000w, https:\/\/static-blogs.lasprovincias.es\/wp-content\/uploads\/sites\/18\/2017\/12\/image1-300x198.jpeg 300w, https:\/\/static-blogs.lasprovincias.es\/wp-content\/uploads\/sites\/18\/2017\/12\/image1-768x507.jpeg 768w\" sizes=\"(max-width: 1000px) 100vw, 1000px\" \/><\/a><\/p>\n<p style=\"text-align: center;\"><span style=\"color: #808080;\"><b>#buscandohistoriaspornavidad<\/b><\/span><\/p>\n<p style=\"text-align: left;\"><span style=\"color: #ab1010;\"><strong>24<\/strong>.<strong>12.2017.<\/strong> 21:00 HORAS. EN UNA CIUDAD CUALQUIERA&#8230;\u00a0<\/span><\/p>\n<hr \/>\n<p>Las luces del \u00e1rbol que se encend\u00edan y se apagaban; el jolgorio de vecinos que se preparaban para la cena; el horno, al m\u00ednimo; el cordero y sus aromas; el Rey en la televisi\u00f3n. \u00ab\u00bfOs pod\u00e9is callar, no oigo nada?\u00bb, alguien rog\u00f3. En la calle, sobre un banco, compart\u00edan noche el viejo que no sabe qui\u00e9n es y un joven que quiere olvidar. \u00abT\u00fa eres Melchor y yo Gaspar\u00bb, le dijo el que quiere borrar su pasado dando un sorbo al tetra-brick. <strong>\u00abHoy es Nochebuena\u00bb, susurr\u00f3. \u00ab\u00bfQu\u00e9 es eso?\u00bb, le contest\u00f3<\/strong> su compa\u00f1ero de trago apurando un cigarro.<\/p>\n<p><!--more--><\/p>\n<p>Una pareja aparc\u00f3 su coche justo al lado. \u00abLlegamos tarde, pobre abuela\u00bb, dijo la joven. A trav\u00e9s de una ventana, una anciana bien engalanada, observaba intranquila. Son\u00f3 el timbre, la abuela abri\u00f3, la nieta sonri\u00f3, el joven que le acompa\u00f1\u00f3 le salud\u00f3 discreto. \u00abEncantado de conocerla\u00bb, dijo con un castellano de chapurreo. \u00abEs mi novio. Vino a Espa\u00f1a en una patera&#8230; Lo conoc\u00ed en la ONG\u00bb, le desvel\u00f3 a la anciana al o\u00eddo tom\u00e1ndola del bracillo y llev\u00e1ndola hacia dentro de la casa.<strong> Se besaron. Se miraron. \u00ab\u00a1Qu\u00e9 bueno que hay\u00e1is venido!\u00bb<\/strong>, les dijo caminando hacia la cocina. \u00abHe hecho la carne rellena que tanto le gustaba a tu mam\u00e1\u00bb. La recordaron en silencio. En el aparador, junto a un nacimiento, la foto de Isabel. Fue asesinada por su pareja. Hace tres a\u00f1os. \u00abQu\u00e9 guapa era\u00bb, mascull\u00f3 \u00e9l.<br \/>\nEn la calle, una ambulancia que pasaba acelerada. En su interior, un conductor y un enfermero de guardia. Una mujer de parto y su marido apurado. \u00abCorred, corred que no llegamos\u00bb, exclam\u00f3 \u00e9l. Ella gritaba. \u00abAguanta, por Dios\u00bb, le pidi\u00f3 su esposo. A la altura del parque, una rueda revent\u00f3. La ambulancia se zarande\u00f3 y qued\u00f3 averiada en mitad de la carretera. El enfermero y el conductor se miraron. El marido observaba p\u00e1lido. \u00abTranquila\u00bb, solloz\u00f3.<br \/>\n\u00abVamos a cenar\u00bb, dijo la anciana a la pareja. \u00ab\u00a1El vino!\u00bb, mascull\u00f3 ella. \u00abBalta, ves al coche a por \u00e9l, \u00bfpor favor?\u00bb, le rog\u00f3 sonriendo a su chico.<br \/>\nEl enfermero atend\u00eda en mitad de la carretera a la mujer de parto. \u00abTranquila, respira \u00bfc\u00f3mo te llamas?\u00bb, pregunt\u00f3. \u00abMar\u00eda\u00bb, respondi\u00f3. \u00abTranquila, Mar\u00eda, respira\u00bb, le insisti\u00f3. El conductor sali\u00f3 a la avenida a pedir ayuda. <strong>\u00ab\u00bfAlguien tiene un coche?\u00bb, vocifer\u00f3<\/strong>. El joven que quer\u00eda olvidar y el viejo que olvid\u00f3 se acercaron. \u00ab\u00bfQu\u00e9 pasa? Somos Melchor y Gaspar\u00bb, susurraron asomando la cabeza a la ambulancia y viendo nacer, con cara de perplejidad, al peque\u00f1o de Mar\u00eda. Tras ellos, con su botella de vino en las manos, apareci\u00f3 Balta. \u00ab\u00a1Gloria a Dios!\u00bb, murmur\u00f3. La sirena iluminaba la noche de naranja. <strong><span style=\"color: #ab1010;\">En el cielo, una estrella. A su lado, un \u00e1ngel.<\/span><\/strong> \u00abSe llamar\u00e1 Jes\u00fas\u00bb, exclam\u00f3. En las casas, mazap\u00e1n y turrones. Hab\u00eda besos. Y cancioncillas de pastores.<\/p>\n<p style=\"text-align: center;\"><a href=\"https:\/\/static-blogs.lasprovincias.es\/wp-content\/uploads\/sites\/18\/2017\/12\/image1-3.jpeg\"><img loading=\"lazy\" class=\"alignnone size-full wp-image-14462\" src=\"https:\/\/static-blogs.lasprovincias.es\/wp-content\/uploads\/sites\/18\/2017\/12\/image1-3.jpeg\" alt=\"image1-3\" width=\"1000\" height=\"668\" srcset=\"https:\/\/static-blogs.lasprovincias.es\/wp-content\/uploads\/sites\/18\/2017\/12\/image1-3.jpeg 1000w, https:\/\/static-blogs.lasprovincias.es\/wp-content\/uploads\/sites\/18\/2017\/12\/image1-3-300x200.jpeg 300w, https:\/\/static-blogs.lasprovincias.es\/wp-content\/uploads\/sites\/18\/2017\/12\/image1-3-768x513.jpeg 768w\" sizes=\"(max-width: 1000px) 100vw, 1000px\" \/><\/a><\/p>\n<hr \/>\n<p style=\"text-align: center;\"><span style=\"color: #ab1010;\"><em>Cuentan que el d\u00eda de Navidad, Melchor y Gaspar comieron junto a Baltasar en casa de la abuela de su novia. Y que los cinco vivieron una fiesta inolvidable alrededor de la mesa. <\/em><\/span><\/p>\n<p style=\"text-align: center;\"><span style=\"color: #ab1010;\"><em>El quer\u00eda olvidar, olvid\u00f3; el que quer\u00eda recordar, record\u00f3 (y llor\u00f3) y todos sonrieron felices. Hubo &#8216;pilotetes de Nadal<\/em>&#8216;,\u00a0<em>como le hab\u00edan ense\u00f1ado a hacerlas a la anciana su madre. Una receta que pervive, pese al paso del tiempo, de generaci\u00f3n en generaci\u00f3n, conservando intacto el sabor de la tradici\u00f3n. Ese sabor eterno que acompa\u00f1a a la cocina.<\/em><\/span><\/p>\n<h2 style=\"text-align: center;\"><span style=\"color: #ab1010;\">\u2217<\/span><\/h2>\n<p style=\"text-align: center;\"><span style=\"text-decoration: underline;\"><span style=\"color: #ab1010; text-decoration: underline;\">RECETA*<\/span><\/span><\/p>\n<p style=\"text-align: center;\"><span style=\"color: #808080;\">1\/4 de carne picada. Si puede ser mezcla de cerdo y pollo, genial<\/span><\/p>\n<p style=\"text-align: center;\"><span style=\"color: #808080;\">pi\u00f1ones y perejil<\/span><\/p>\n<p style=\"text-align: center;\"><span style=\"color: #808080;\">un trozo de pan en remojo<\/span><\/p>\n<p style=\"text-align: center;\"><span style=\"color: #808080;\">un huevo<\/span><\/p>\n<p style=\"text-align: center;\"><span style=\"color: #808080;\">pimienta negra<\/span><\/p>\n<p style=\"text-align: center;\"><span style=\"color: #808080;\">nuez moscada rallada<\/span><\/p>\n<p style=\"text-align: center;\"><span style=\"color: #808080;\">y una pizca de ralladura de lim\u00f3n<\/span><\/p>\n<p style=\"text-align: center;\"><span style=\"color: #808080;\">Todo mezclado, hecho en `peque\u00f1as porciones del tama\u00f1o de una pelota de golf y hechas con el caldo del cocido \ud83d\ude42\u00a0<\/span><\/p>\n<p style=\"text-align: right;\"><em>(*Inspiradas en las alb\u00f3ndigas de carne del Rte Lolo en Alcoi. Ya os hablar\u00e9 de \u00e9l&#8230; )<\/em><\/p>\n<p style=\"text-align: center;\"><a href=\"https:\/\/static-blogs.lasprovincias.es\/wp-content\/uploads\/sites\/18\/2017\/12\/image2-4.jpeg\"><img loading=\"lazy\" class=\"alignnone size-full wp-image-14463\" src=\"https:\/\/static-blogs.lasprovincias.es\/wp-content\/uploads\/sites\/18\/2017\/12\/image2-4.jpeg\" alt=\"image2-4\" width=\"1000\" height=\"668\" srcset=\"https:\/\/static-blogs.lasprovincias.es\/wp-content\/uploads\/sites\/18\/2017\/12\/image2-4.jpeg 1000w, https:\/\/static-blogs.lasprovincias.es\/wp-content\/uploads\/sites\/18\/2017\/12\/image2-4-300x200.jpeg 300w, https:\/\/static-blogs.lasprovincias.es\/wp-content\/uploads\/sites\/18\/2017\/12\/image2-4-768x513.jpeg 768w\" sizes=\"(max-width: 1000px) 100vw, 1000px\" \/><\/a><\/p>\n<hr \/>\n<p style=\"text-align: center;\"><span style=\"color: #808080;\">Y la pr\u00f3xima semana&#8230; seguimos<\/span><\/p>\n<p style=\"text-align: center;\"><strong><span style=\"color: #808080;\">#<\/span>buscandohistoriasporNavidad<\/strong><\/p>\n<p style=\"text-align: center;\"><a href=\"https:\/\/static-blogs.lasprovincias.es\/wp-content\/uploads\/sites\/18\/2017\/12\/calabaza.jpg\"><img loading=\"lazy\" class=\"alignnone size-full wp-image-14468\" src=\"https:\/\/static-blogs.lasprovincias.es\/wp-content\/uploads\/sites\/18\/2017\/12\/calabaza.jpg\" alt=\"calabaza\" width=\"640\" height=\"428\" srcset=\"https:\/\/static-blogs.lasprovincias.es\/wp-content\/uploads\/sites\/18\/2017\/12\/calabaza.jpg 640w, https:\/\/static-blogs.lasprovincias.es\/wp-content\/uploads\/sites\/18\/2017\/12\/calabaza-300x201.jpg 300w\" sizes=\"(max-width: 640px) 100vw, 640px\" \/><\/a><\/p>\n<p style=\"text-align: center;\"><strong>y la pr\u00f3xima semana \ud83d\ude42<\/strong><\/p>\n<p style=\"text-align: center;\"><a href=\"https:\/\/static-blogs.lasprovincias.es\/wp-content\/uploads\/sites\/18\/2017\/12\/image2-3.jpeg\"><img loading=\"lazy\" class=\"alignnone size-full wp-image-14458\" src=\"https:\/\/static-blogs.lasprovincias.es\/wp-content\/uploads\/sites\/18\/2017\/12\/image2-3.jpeg\" alt=\"image2-3\" width=\"640\" height=\"532\" srcset=\"https:\/\/static-blogs.lasprovincias.es\/wp-content\/uploads\/sites\/18\/2017\/12\/image2-3.jpeg 640w, https:\/\/static-blogs.lasprovincias.es\/wp-content\/uploads\/sites\/18\/2017\/12\/image2-3-300x249.jpeg 300w\" sizes=\"(max-width: 640px) 100vw, 640px\" \/><\/a><\/p>\n<!-- AddThis Advanced Settings generic via filter on the_content --><!-- AddThis Share Buttons generic via filter on the_content -->","protected":false},"excerpt":{"rendered":"<p>NOCHEBUENA. Anochece en la ciudad. A esas horas y en ese lugar se enmarca lo que podr\u00eda ser&#8230; ALGO AS\u00cd COMO UN CUENTO DE NAVIDAD #buscandohistoriaspornavidad 24.12.2017. 21:00 HORAS. EN UNA CIUDAD CUALQUIERA&#8230;\u00a0 Las luces del \u00e1rbol que se encend\u00edan y se apagaban; el jolgorio de vecinos que se preparaban para la cena; el horno, [&hellip;]<!-- AddThis Advanced Settings generic via filter on get_the_excerpt --><!-- AddThis Share Buttons generic via filter on get_the_excerpt --><\/p>\n","protected":false},"author":23,"featured_media":0,"comment_status":"open","ping_status":"open","sticky":false,"template":"","format":"standard","meta":[],"categories":[4,1],"tags":[1371,771,1370],"_links":{"self":[{"href":"https:\/\/blogs.lasprovincias.es\/historiascondelantal\/wp-json\/wp\/v2\/posts\/14455"}],"collection":[{"href":"https:\/\/blogs.lasprovincias.es\/historiascondelantal\/wp-json\/wp\/v2\/posts"}],"about":[{"href":"https:\/\/blogs.lasprovincias.es\/historiascondelantal\/wp-json\/wp\/v2\/types\/post"}],"author":[{"embeddable":true,"href":"https:\/\/blogs.lasprovincias.es\/historiascondelantal\/wp-json\/wp\/v2\/users\/23"}],"replies":[{"embeddable":true,"href":"https:\/\/blogs.lasprovincias.es\/historiascondelantal\/wp-json\/wp\/v2\/comments?post=14455"}],"version-history":[{"count":11,"href":"https:\/\/blogs.lasprovincias.es\/historiascondelantal\/wp-json\/wp\/v2\/posts\/14455\/revisions"}],"predecessor-version":[{"id":14471,"href":"https:\/\/blogs.lasprovincias.es\/historiascondelantal\/wp-json\/wp\/v2\/posts\/14455\/revisions\/14471"}],"wp:attachment":[{"href":"https:\/\/blogs.lasprovincias.es\/historiascondelantal\/wp-json\/wp\/v2\/media?parent=14455"}],"wp:term":[{"taxonomy":"category","embeddable":true,"href":"https:\/\/blogs.lasprovincias.es\/historiascondelantal\/wp-json\/wp\/v2\/categories?post=14455"},{"taxonomy":"post_tag","embeddable":true,"href":"https:\/\/blogs.lasprovincias.es\/historiascondelantal\/wp-json\/wp\/v2\/tags?post=14455"}],"curies":[{"name":"wp","href":"https:\/\/api.w.org\/{rel}","templated":true}]}}