{"id":14781,"date":"2018-01-20T10:03:43","date_gmt":"2018-01-20T08:03:43","guid":{"rendered":"http:\/\/blogs.lasprovincias.es\/historiascondelantal\/?p=14781"},"modified":"2018-01-21T09:58:03","modified_gmt":"2018-01-21T07:58:03","slug":"el-arroz-de-la-abuela-rafaela-y-otros-guisos-de-domingo","status":"publish","type":"post","link":"https:\/\/blogs.lasprovincias.es\/historiascondelantal\/2018\/01\/20\/el-arroz-de-la-abuela-rafaela-y-otros-guisos-de-domingo\/","title":{"rendered":"El arroz de la abuela Rafaela y otros guisos de domingo"},"content":{"rendered":"<p><strong>Los domingos, aquellos guisos de la abuela, el arroz como principal protagonista de nexo de uni\u00f3n. Familia, amigos, invitados.<span style=\"color: #ab1010;\"> Un arroz de salmonetes, otro de manitas. Un tercero de pieles de bacalao y el &#8216;all i pebre&#8217; que hac\u00eda la abuela Teresa.<\/span> Con este men\u00fa abrimos, de nuevo, la taberna de Mister Cooking. Va a ser m\u00e1s que un plato, cuatro. Cuatro historias para una fiesta. <span style=\"color: #808080;\">Casa Jaime, los hermanos Casta\u00f1o, Joaqu\u00edn Baeza y Bel\u00e9n Mira son los invitados. <\/span>\u00a0Dar\u00e1n voz , con sus recuerdos, a esta cocina de post-guerra que, en realidad, es la cocina de nuestras esencias. <\/strong><\/p>\n<h2 style=\"text-align: center;\">Grandes titulares y una fotograf\u00eda, que empezamos:<\/h2>\n<p style=\"text-align: center;\"><a href=\"https:\/\/static-blogs.lasprovincias.es\/wp-content\/uploads\/sites\/18\/2018\/01\/rafaela.jpg\"><img loading=\"lazy\" class=\"alignnone size-large wp-image-14782\" src=\"https:\/\/static-blogs.lasprovincias.es\/wp-content\/uploads\/sites\/18\/2018\/01\/rafaela-1024x768.jpg\" alt=\"rafaela\" width=\"1024\" height=\"768\" srcset=\"https:\/\/static-blogs.lasprovincias.es\/wp-content\/uploads\/sites\/18\/2018\/01\/rafaela-1024x768.jpg 1024w, https:\/\/static-blogs.lasprovincias.es\/wp-content\/uploads\/sites\/18\/2018\/01\/rafaela-300x225.jpg 300w, https:\/\/static-blogs.lasprovincias.es\/wp-content\/uploads\/sites\/18\/2018\/01\/rafaela-768x576.jpg 768w, https:\/\/static-blogs.lasprovincias.es\/wp-content\/uploads\/sites\/18\/2018\/01\/rafaela.jpg 2048w\" sizes=\"(max-width: 1024px) 100vw, 1024px\" \/><\/a><\/p>\n<div id=\"attachment_14783\" style=\"width: 1034px\" class=\"wp-caption aligncenter\"><a href=\"https:\/\/static-blogs.lasprovincias.es\/wp-content\/uploads\/sites\/18\/2018\/01\/arroz2.jpg\"><img aria-describedby=\"caption-attachment-14783\" loading=\"lazy\" class=\"wp-image-14783 size-large\" src=\"https:\/\/static-blogs.lasprovincias.es\/wp-content\/uploads\/sites\/18\/2018\/01\/arroz2-e1516301811466-1024x691.jpg\" alt=\"arroz2\" width=\"1024\" height=\"691\" srcset=\"https:\/\/static-blogs.lasprovincias.es\/wp-content\/uploads\/sites\/18\/2018\/01\/arroz2-e1516301811466-1024x691.jpg 1024w, https:\/\/static-blogs.lasprovincias.es\/wp-content\/uploads\/sites\/18\/2018\/01\/arroz2-e1516301811466-300x202.jpg 300w, https:\/\/static-blogs.lasprovincias.es\/wp-content\/uploads\/sites\/18\/2018\/01\/arroz2-e1516301811466-768x518.jpg 768w, https:\/\/static-blogs.lasprovincias.es\/wp-content\/uploads\/sites\/18\/2018\/01\/arroz2-e1516301811466.jpg 1055w\" sizes=\"(max-width: 1024px) 100vw, 1024px\" \/><\/a><p id=\"caption-attachment-14783\" class=\"wp-caption-text\">Arroz de la abuela Rafaela. Imagen cortes\u00eda de Casa Jaime.<\/p><\/div>\n<p><!--more--><\/p>\n<p>&nbsp;<\/p>\n<h2 style=\"text-align: left;\"><span style=\"color: #ab1010;\">El arroz de la abuela Rafaela<\/span><\/h2>\n<hr \/>\n<p>Era domingo, cuando cotilleando en los archivos danzantes de las redes sociales, \u00e9ste esp\u00eda zampagrullas se dio de bruces con esta fotograf\u00eda\u00a0(la que tienes arriba) y este enunciado:<\/p>\n<h2 style=\"text-align: center;\"><span style=\"color: #808080;\">&#8220;Arroz de la abuela con gallineta y sepionet&#8221;<\/span><\/h2>\n<p>&#8220;\u00a1Por todos los dioses!&#8221;, exclam\u00e9. Hab\u00eda algo en esa paella de domingo que pellizcaba mi alma. &#8220;Despierta&#8221;, me dec\u00eda. Cog\u00ed mi delantal volador y me plant\u00e9 ante <strong>Jaime Sanz<\/strong>, all\u00ed junto al Mediterr\u00e1neo, para que contar\u00e1 la historia de este arroz que me hab\u00eda zarandeado. As\u00ed fue como descubr\u00ed qui\u00e9n era Rafaela. La abuela de Jordi y Jaime. la madre del patr\u00f3n del restaurante de Pe\u00f1\u00edscola.<\/p>\n<p style=\"text-align: center;\"><a href=\"https:\/\/static-blogs.lasprovincias.es\/wp-content\/uploads\/sites\/18\/2018\/01\/IMG_7258-2.jpg\"><img loading=\"lazy\" class=\"alignnone size-large wp-image-14785\" src=\"https:\/\/static-blogs.lasprovincias.es\/wp-content\/uploads\/sites\/18\/2018\/01\/IMG_7258-2-1024x683.jpg\" alt=\"img_7258-2\" width=\"1024\" height=\"683\" srcset=\"https:\/\/static-blogs.lasprovincias.es\/wp-content\/uploads\/sites\/18\/2018\/01\/IMG_7258-2.jpg 1024w, https:\/\/static-blogs.lasprovincias.es\/wp-content\/uploads\/sites\/18\/2018\/01\/IMG_7258-2-300x200.jpg 300w, https:\/\/static-blogs.lasprovincias.es\/wp-content\/uploads\/sites\/18\/2018\/01\/IMG_7258-2-768x512.jpg 768w\" sizes=\"(max-width: 1024px) 100vw, 1024px\" \/><\/a><\/p>\n<p>&nbsp;<\/p>\n<p>&#8220;El arroz lo hac\u00eda mi abuela, que era mujer de pescador; ella enviud\u00f3 pronto, pero los pescadores le segu\u00edan dando la bolsa de morralla con lo que desechaban de la captura de las barcas del tresmall; muchas veces le daban salmonetes y sepias que no se pod\u00edan vender, porque estaban da\u00f1ados por los mordiscos de los cangrejos, pero s\u00ed que estaban ricos&#8221;, se\u00f1al\u00f3. Con los lomos de esos salmonetes y los trozos sanos de esa sepia, junto a un fondo de pescado que se presum\u00eda memorable, nac\u00eda el arroz de Rafaela. Ese que ahora sirven en Casa Jaime, algo refinado, con gallineta y sepionet.<\/p>\n<div id=\"attachment_14784\" style=\"width: 778px\" class=\"wp-caption aligncenter\"><a href=\"https:\/\/static-blogs.lasprovincias.es\/wp-content\/uploads\/sites\/18\/2018\/01\/arroz.jpg\"><img aria-describedby=\"caption-attachment-14784\" loading=\"lazy\" class=\"size-large wp-image-14784\" src=\"https:\/\/static-blogs.lasprovincias.es\/wp-content\/uploads\/sites\/18\/2018\/01\/arroz-768x1024.jpg\" alt=\"Imagen cedida por Casa Jaime\" width=\"768\" height=\"1024\" srcset=\"https:\/\/static-blogs.lasprovincias.es\/wp-content\/uploads\/sites\/18\/2018\/01\/arroz-768x1024.jpg 768w, https:\/\/static-blogs.lasprovincias.es\/wp-content\/uploads\/sites\/18\/2018\/01\/arroz-225x300.jpg 225w, https:\/\/static-blogs.lasprovincias.es\/wp-content\/uploads\/sites\/18\/2018\/01\/arroz.jpg 900w\" sizes=\"(max-width: 768px) 100vw, 768px\" \/><\/a><p id=\"caption-attachment-14784\" class=\"wp-caption-text\">Imagen cedida por Casa Jaime<\/p><\/div>\n<p>Jaime hijo me cont\u00f3 la historia como quien bucea en su pasado. Pero fue su padre, tambi\u00e9n Jaime, quien ha pilotado su restaurante desde hace ya medio siglo, quien me traslad\u00f3 hacia aquel tiempo. <strong><span style=\"color: #ab1010;\">&#8220;Mi madre era una economista de la post-guerra&#8221;, me resumi\u00f3.<\/span> <\/strong>Y me volvi\u00f3 a poner en valor el arroz del que te hablo. Y, sobre todo, lo que hay detr\u00e1s. Un guiso, como cualquiera de los que se hac\u00eda en las casas de pueblos pescadores, en los que Jaime me lo dijo muy claro: &#8220;ella era de esas mujeres que de la nada te hac\u00edan excelentes comidas; el fruto de la pobreza&#8221;.<\/p>\n<p>Un arroz marinero, en cualquier caso, que esconde el retrato de toda una \u00e9poca. Aquella \u00e9poca que cada domingo revivimos, como si no quisi\u00e9ramos desligarnos de nuestros antepasados y nos empe\u00f1\u00e1ramos en sacar a pasear a la memoria. La memoria de un arroz de lomos de salmonetes maltratados por los cangrejos y de sepias maltrechas que manten\u00edan el profundo sabor del Mediterr\u00e1neo.<\/p>\n<p><span style=\"color: #808080;\">P. D- <em>Por cierto, que en casa Jaime, de puertas a dentro, de golpe puedes descubrir guisos como \u00e9ste que se cocinan para el rancho de la familia. Y que ya quisiera yo hincar el diente. Este pulpo con patatas no lo pude olvidar&#8230;<\/em><\/span><\/p>\n<p style=\"text-align: center;\"><a href=\"https:\/\/static-blogs.lasprovincias.es\/wp-content\/uploads\/sites\/18\/2018\/01\/IMG_7334.jpg\"><img loading=\"lazy\" class=\"alignnone size-large wp-image-14786\" src=\"https:\/\/static-blogs.lasprovincias.es\/wp-content\/uploads\/sites\/18\/2018\/01\/IMG_7334-1024x683.jpg\" alt=\"img_7334\" width=\"1024\" height=\"683\" srcset=\"https:\/\/static-blogs.lasprovincias.es\/wp-content\/uploads\/sites\/18\/2018\/01\/IMG_7334.jpg 1024w, https:\/\/static-blogs.lasprovincias.es\/wp-content\/uploads\/sites\/18\/2018\/01\/IMG_7334-300x200.jpg 300w, https:\/\/static-blogs.lasprovincias.es\/wp-content\/uploads\/sites\/18\/2018\/01\/IMG_7334-768x512.jpg 768w\" sizes=\"(max-width: 1024px) 100vw, 1024px\" \/><\/a><\/p>\n<h2 style=\"text-align: center;\"><\/h2>\n<h2 style=\"text-align: center;\"><\/h2>\n<h2 style=\"text-align: center;\"><\/h2>\n<h2 style=\"text-align: center;\"><\/h2>\n<h2 style=\"text-align: left;\"><span style=\"color: #ab1010;\">Y otros guisos de domingo&#8230;<\/span><\/h2>\n<hr \/>\n<h4 style=\"text-align: right;\">Pues nos\u00a0vamos con ellos.<\/h4>\n<p>&nbsp;<\/p>\n<h2>Un arroz con manitas (pensando con la abuela Joaquina)<\/h2>\n<p>Si la abuela Rafaela me fascin\u00f3, lo de la abuela Joaquina es digno de dedicarle un cantar a lo M\u00edo Cid. &#8220;Ella es la que nos ense\u00f1\u00f3 a hacer el arroz con costra&#8221;, me record\u00f3 <strong>Salva Casta\u00f1o.<\/strong> A Salva lo conoc\u00ed en el <strong>festival DNA de D\u00e9nia<\/strong>, algo que siempre le tendr\u00e9 que agradecer a <strong>Quique Dacosta<\/strong>. Porque descubr\u00ed una gran arroz, por supuesto, pero tambi\u00e9n una calidez humana real de los hermanos Casta\u00f1o.<\/p>\n<p>El pasado fin de semana vi a Salva entre cazuelas preparando un arroz caldoso que tambi\u00e9n me quit\u00f3 el hipo. Era un Albufera realizado a partir de un guiso de manitas que no lo he probado, pero debe ser celestial.<\/p>\n<p style=\"text-align: center;\"><a href=\"https:\/\/static-blogs.lasprovincias.es\/wp-content\/uploads\/sites\/18\/2018\/01\/hermanos-casta\u00f1o.-Arroz-y-manitas.jpg\"><img loading=\"lazy\" class=\"alignnone size-full wp-image-14788\" src=\"https:\/\/static-blogs.lasprovincias.es\/wp-content\/uploads\/sites\/18\/2018\/01\/hermanos-casta\u00f1o.-Arroz-y-manitas.jpg\" alt=\"hermanos-castano-arroz-y-manitas\" width=\"960\" height=\"960\" srcset=\"https:\/\/static-blogs.lasprovincias.es\/wp-content\/uploads\/sites\/18\/2018\/01\/hermanos-casta\u00f1o.-Arroz-y-manitas.jpg 960w, https:\/\/static-blogs.lasprovincias.es\/wp-content\/uploads\/sites\/18\/2018\/01\/hermanos-casta\u00f1o.-Arroz-y-manitas-150x150.jpg 150w, https:\/\/static-blogs.lasprovincias.es\/wp-content\/uploads\/sites\/18\/2018\/01\/hermanos-casta\u00f1o.-Arroz-y-manitas-300x300.jpg 300w, https:\/\/static-blogs.lasprovincias.es\/wp-content\/uploads\/sites\/18\/2018\/01\/hermanos-casta\u00f1o.-Arroz-y-manitas-768x768.jpg 768w\" sizes=\"(max-width: 960px) 100vw, 960px\" \/><\/a><\/p>\n<p>&nbsp;<\/p>\n<p>&#8220;Yo lo hac\u00eda con pata, pero prob\u00e9 \u00e9ste en un restaurante y me dije que lo ten\u00eda que hacer. Tardas, eso s\u00ed, tres d\u00edas en prepararlo&#8221;, me explic\u00f3. El resultado tiene trazas de extraordinario. De los que cala. &#8220;Lo hicimos para el cumplea\u00f1os de mis hijos, Alfonso y Joaqu\u00edn, de seis y dos a\u00f1os&#8221;. Y fue, sin duda toda una fiesta. &#8220;Alguno de esos nombres debe ser por el abuelo&#8221;, intu\u00ed y le pregunt\u00e9. Y fue cuando apareci\u00f3 en escena Joaquina. &#8220;<strong><span style=\"color: #ab1010;\">Si mi abuela Joaquina,\u00a0 es la que nos ense\u00f1\u00f3 el arroz en costra y muchas otras recetas&#8230;&#8221;<\/span><\/strong>.<\/p>\n<p style=\"text-align: center;\"><a href=\"https:\/\/static-blogs.lasprovincias.es\/wp-content\/uploads\/sites\/18\/2017\/10\/IMG_2956-1280x1280.jpg\"><img loading=\"lazy\" class=\"alignnone size-large wp-image-13688\" src=\"https:\/\/static-blogs.lasprovincias.es\/wp-content\/uploads\/sites\/18\/2017\/10\/IMG_2956-1280x1280-1024x1024.jpg\" alt=\"img_2956-1280x1280\" width=\"1024\" height=\"1024\" srcset=\"https:\/\/static-blogs.lasprovincias.es\/wp-content\/uploads\/sites\/18\/2017\/10\/IMG_2956-1280x1280-1024x1024.jpg 1024w, https:\/\/static-blogs.lasprovincias.es\/wp-content\/uploads\/sites\/18\/2017\/10\/IMG_2956-1280x1280-150x150.jpg 150w, https:\/\/static-blogs.lasprovincias.es\/wp-content\/uploads\/sites\/18\/2017\/10\/IMG_2956-1280x1280-300x300.jpg 300w, https:\/\/static-blogs.lasprovincias.es\/wp-content\/uploads\/sites\/18\/2017\/10\/IMG_2956-1280x1280-768x768.jpg 768w, https:\/\/static-blogs.lasprovincias.es\/wp-content\/uploads\/sites\/18\/2017\/10\/IMG_2956-1280x1280.jpg 1280w\" sizes=\"(max-width: 1024px) 100vw, 1024px\" \/><\/a><\/p>\n<p>No olvidar\u00e9 ese arroz en costra. Y tampoco ya a la abuela Joaquina. Tanto que quiero saber m\u00e1s&#8230; As\u00ed que ya he pedido cita con los Casta\u00f1o para hablar sobre ella y sobre su recetario. \ud83d\ude42<\/p>\n<p>&nbsp;<\/p>\n<h2>Un arroz de post-guerra con pieles de bacalao y espinacas<\/h2>\n<p>Traemos a la mesa de la Taberna de Mister Cooking a otro Joaqu\u00edn. En este caso Joaqu\u00edn Baeza, uno de esos cocineros \u00a0m\u00e1s activos en Alicante, de los que se machacan el territorio, que hace de su manera de entender la gastronom\u00eda, un estilo de vida. Y que lo cuenta a diario, de forma entregada y apasionada. As\u00ed fue como di con este arroz de domingo, siguiendo y rastreando sus pasos. Una paella de pieles de bacalao, coliflor y espinacas silvestres.<\/p>\n<p style=\"text-align: center;\"><a href=\"https:\/\/static-blogs.lasprovincias.es\/wp-content\/uploads\/sites\/18\/2018\/01\/arroz-espinacas-coliflor-y-pieles-de-bacalao.jpg\"><img loading=\"lazy\" class=\"alignnone size-large wp-image-14789\" src=\"https:\/\/static-blogs.lasprovincias.es\/wp-content\/uploads\/sites\/18\/2018\/01\/arroz-espinacas-coliflor-y-pieles-de-bacalao-1024x768.jpg\" alt=\"arroz-espinacas-coliflor-y-pieles-de-bacalao\" width=\"1024\" height=\"768\" srcset=\"https:\/\/static-blogs.lasprovincias.es\/wp-content\/uploads\/sites\/18\/2018\/01\/arroz-espinacas-coliflor-y-pieles-de-bacalao.jpg 1024w, https:\/\/static-blogs.lasprovincias.es\/wp-content\/uploads\/sites\/18\/2018\/01\/arroz-espinacas-coliflor-y-pieles-de-bacalao-300x225.jpg 300w, https:\/\/static-blogs.lasprovincias.es\/wp-content\/uploads\/sites\/18\/2018\/01\/arroz-espinacas-coliflor-y-pieles-de-bacalao-768x576.jpg 768w\" sizes=\"(max-width: 1024px) 100vw, 1024px\" \/><\/a><\/p>\n<p>La sola imagen me cautiv\u00f3 -c\u00f3mo no- y le llam\u00e9 a Joaqu\u00edn. <strong><span style=\"color: #ab1010;\">&#8220;Es un arroz interesante, de postguerra, de la gente de la huerta y con pocos recursos, que se hac\u00eda a partir de \u00a0pieles de bacalao y sus espinas;\u00a0<\/span><\/strong>con ellos se creaba un caldo cargado de col\u00e1geno y de sabor. Nosotros hacemos eso mismo, \u00a0pero lo que hacemos es en temporada ir a buscar las espinacas silvestres, que tienes mucha celulosa y un sabor amargo y clorofila&#8221;. Con esa materia prima, crea esta paella inolvidable. De esas que tiene\u00a0 historia, y pasado, y sabor, y vida. Cultura abierta en canal. Paella de domingo para sonre\u00edr y vivir en familia o entre amigos. \u00a0Y quiz\u00e1s, hasta acabar canturreando canciones a pecho descubierto que te impregnen de melancol\u00eda. Como aquella que escribi\u00f3 Machado y cant\u00f3 Serrat y que habla de lo que te hablo&#8230; Un marinero y un jard\u00edn junto al mar:<\/p>\n<p style=\"text-align: center;\"><strong><span style=\"color: #808080;\"><em>\u00c9rase de un marinero\u00a0<\/em><\/span><\/strong><br \/>\n<strong><span style=\"color: #808080;\"> <em> que hizo un jard\u00edn junto al mar\u00a0<\/em><\/span><\/strong><br \/>\n<strong><span style=\"color: #808080;\"> <em> y se meti\u00f3 a jardinero.\u00a0<\/em><\/span><\/strong><\/p>\n<p style=\"text-align: center;\"><strong><span style=\"color: #808080;\"><em> Estaba el jard\u00edn en flor\u00a0<\/em><\/span><\/strong><br \/>\n<strong><span style=\"color: #808080;\"> <em> y el marinero se fue\u00a0<\/em><\/span><\/strong><br \/>\n<strong><span style=\"color: #808080;\"> <em> por esos mares de Dios.<\/em><\/span><\/strong><\/p>\n<p>&nbsp;<\/p>\n<h2>El all i pebre de la abuela Teresa<\/h2>\n<p>Acabo, aunque habr\u00eda materia para contar mucho m\u00e1s, con un guiso de domingo, para romper con el arroz, que se lo ped\u00ed a mi cocinera de cabecera en esto de mimar la cuchara. Y de alegrar los est\u00f3magos los d\u00edas de fiesta. A <strong>Bel\u00e9n Mira<\/strong>, de <strong>La Pitanza<\/strong>. &#8220;Tu guiso de domingo de referencia, \u00bfcu\u00e1l ser\u00eda?&#8221;, le ped\u00ed. Y dud\u00f3:<\/p>\n<p style=\"text-align: center;\">\u00ab<span style=\"color: #808080;\"><strong><em>\u00bfDe Sollana o de Alcoy ?<\/em><\/strong><\/span><\/p>\n<p style=\"text-align: center;\"><span style=\"color: #808080;\"><strong><em>\u00bf AlliPebre o Bajoques Farcides?<\/em><\/strong><\/span><\/p>\n<p style=\"text-align: center;\"><span style=\"color: #ab1010;\"><strong><em>&#8211; Hoy me voy a ver a la Abuela Teresa<\/em><\/strong><\/span><\/p>\n<p style=\"text-align: center;\"><span style=\"color: #808080;\"><strong><em>Pues AlliPebre! Mi abuela era la menor de 11 hermanos , creci\u00f3 en la cocina del Casino de Sollana y su plato estrella era, c\u00f3mo no? El AlliPebre de Anguila&#8230; aunque para m\u00ed el verdadero plato estrella era <span style=\"color: #ab1010;\">el arroz de AlliPebre<\/span> que cocinaba al d\u00eda siguiente con el caldo que intencionadamente hab\u00eda sobrado<\/em><\/strong><\/span><\/p>\n<p style=\"text-align: center;\"><span style=\"color: #808080;\"><strong><em>-Abuela, la Anguila es carne o pescado?<\/em><\/strong><\/span><\/p>\n<p style=\"text-align: center;\"><span style=\"color: #808080;\"><strong><em>-\u00bfA ti qu\u00e9 te gusta m\u00e1s?<\/em><\/strong><\/span><\/p>\n<p style=\"text-align: center;\"><span style=\"color: #808080;\"><strong><em>&#8230; pues eso\u00bb.<\/em><\/strong><\/span><\/p>\n<p style=\"text-align: center;\"><a href=\"https:\/\/static-blogs.lasprovincias.es\/wp-content\/uploads\/sites\/18\/2018\/01\/2be5bc9b-d425-4930-810a-cbe4c0dfa985.jpg\"><img loading=\"lazy\" class=\"alignnone size-large wp-image-14791\" src=\"https:\/\/static-blogs.lasprovincias.es\/wp-content\/uploads\/sites\/18\/2018\/01\/2be5bc9b-d425-4930-810a-cbe4c0dfa985-1024x682.jpg\" alt=\"2be5bc9b-d425-4930-810a-cbe4c0dfa985\" width=\"1024\" height=\"682\" srcset=\"https:\/\/static-blogs.lasprovincias.es\/wp-content\/uploads\/sites\/18\/2018\/01\/2be5bc9b-d425-4930-810a-cbe4c0dfa985-1024x682.jpg 1024w, https:\/\/static-blogs.lasprovincias.es\/wp-content\/uploads\/sites\/18\/2018\/01\/2be5bc9b-d425-4930-810a-cbe4c0dfa985-300x200.jpg 300w, https:\/\/static-blogs.lasprovincias.es\/wp-content\/uploads\/sites\/18\/2018\/01\/2be5bc9b-d425-4930-810a-cbe4c0dfa985-768x512.jpg 768w, https:\/\/static-blogs.lasprovincias.es\/wp-content\/uploads\/sites\/18\/2018\/01\/2be5bc9b-d425-4930-810a-cbe4c0dfa985.jpg 1600w\" sizes=\"(max-width: 1024px) 100vw, 1024px\" \/><\/a><\/p>\n<hr \/>\n<p>&nbsp;<\/p>\n<p><strong>Pues eso&#8230; nos quedamos con este all i pebre, de la abuela Teresa. Aunque la tentaci\u00f3n de comer una &#8216;bajoca farcida&#8217; es grand\u00edsima. La verdad. S\u00ed, es de esos guisos tradicionales de familia. De los que te hablan, te susurran cosas de tu pasado.\u00a0 Es lo que tiene el maravilloso mundo de la gastronom\u00eda. Que en diversos planos, en diversos niveles y de diversa maneras te cuenta cosas sin parar. A cada uno, la suya. Aunque a todos con la misma moraleja. Que <span style=\"color: #ab1010;\">la buena cocina, la que se hace con alma, m\u00e1s que alimentarte (que tambi\u00e9n) lo que busca es hacerte feliz. <\/span>\u00a1Qu\u00e9 no es poco!\u00a0<\/strong><\/p>\n<p style=\"text-align: right;\"><strong>Y felices, seguimos con nuestro delantal. <\/strong><\/p>\n<p style=\"text-align: right;\"><strong>Volando sin parar de un sitio a otro.<\/strong><\/p>\n<p style=\"text-align: right;\"><strong>\u00a0<\/strong><\/p>\n<!-- AddThis Advanced Settings generic via filter on the_content --><!-- AddThis Share Buttons generic via filter on the_content -->","protected":false},"excerpt":{"rendered":"<p>Los domingos, aquellos guisos de la abuela, el arroz como principal protagonista de nexo de uni\u00f3n. Familia, amigos, invitados. Un arroz de salmonetes, otro de manitas. Un tercero de pieles de bacalao y el &#8216;all i pebre&#8217; que hac\u00eda la abuela Teresa. Con este men\u00fa abrimos, de nuevo, la taberna de Mister Cooking. Va a [&hellip;]<!-- AddThis Advanced Settings generic via filter on get_the_excerpt --><!-- AddThis Share Buttons generic via filter on get_the_excerpt --><\/p>\n","protected":false},"author":23,"featured_media":0,"comment_status":"open","ping_status":"open","sticky":false,"template":"","format":"standard","meta":[],"categories":[3,4,5,1,7],"tags":[1399,1397,1398,1396,122,208,521,1284],"_links":{"self":[{"href":"https:\/\/blogs.lasprovincias.es\/historiascondelantal\/wp-json\/wp\/v2\/posts\/14781"}],"collection":[{"href":"https:\/\/blogs.lasprovincias.es\/historiascondelantal\/wp-json\/wp\/v2\/posts"}],"about":[{"href":"https:\/\/blogs.lasprovincias.es\/historiascondelantal\/wp-json\/wp\/v2\/types\/post"}],"author":[{"embeddable":true,"href":"https:\/\/blogs.lasprovincias.es\/historiascondelantal\/wp-json\/wp\/v2\/users\/23"}],"replies":[{"embeddable":true,"href":"https:\/\/blogs.lasprovincias.es\/historiascondelantal\/wp-json\/wp\/v2\/comments?post=14781"}],"version-history":[{"count":11,"href":"https:\/\/blogs.lasprovincias.es\/historiascondelantal\/wp-json\/wp\/v2\/posts\/14781\/revisions"}],"predecessor-version":[{"id":14832,"href":"https:\/\/blogs.lasprovincias.es\/historiascondelantal\/wp-json\/wp\/v2\/posts\/14781\/revisions\/14832"}],"wp:attachment":[{"href":"https:\/\/blogs.lasprovincias.es\/historiascondelantal\/wp-json\/wp\/v2\/media?parent=14781"}],"wp:term":[{"taxonomy":"category","embeddable":true,"href":"https:\/\/blogs.lasprovincias.es\/historiascondelantal\/wp-json\/wp\/v2\/categories?post=14781"},{"taxonomy":"post_tag","embeddable":true,"href":"https:\/\/blogs.lasprovincias.es\/historiascondelantal\/wp-json\/wp\/v2\/tags?post=14781"}],"curies":[{"name":"wp","href":"https:\/\/api.w.org\/{rel}","templated":true}]}}