{"id":14799,"date":"2018-01-21T09:37:30","date_gmt":"2018-01-21T07:37:30","guid":{"rendered":"http:\/\/blogs.lasprovincias.es\/historiascondelantal\/?p=14799"},"modified":"2018-01-21T19:05:01","modified_gmt":"2018-01-21T17:05:01","slug":"el-gran-festin-de-reale-seguros-madrid-fusion-como-en-casa-de-babette","status":"publish","type":"post","link":"https:\/\/blogs.lasprovincias.es\/historiascondelantal\/2018\/01\/21\/el-gran-festin-de-reale-seguros-madrid-fusion-como-en-casa-de-babette\/","title":{"rendered":"El gran fest\u00edn de Reale Seguros Madrid Fusi\u00f3n (como en casa de Babette)"},"content":{"rendered":"<p><strong>Tres d\u00edas como tres grandes banquetes. <span style=\"color: #ab1010;\">Reale Seguros Madrid Fusi\u00f3n<\/span> abre sus puertas convertido en todo un fest\u00edn gastron\u00f3mico en el que, seguro, acabamos -como en las grandes celebraciones- con los brindis de rigor. &#8220;Hasta el pr\u00f3ximo a\u00f1o&#8221;, se alzar\u00e1 alguna voz. Atr\u00e1s quedar\u00e1n momentos posiblemente trepidantes y m\u00e1gicos, como en los que descubramos los caparazones que se comen o los aromas de la cocina andalus\u00ed. Y momentos emotivos o impactantes, como ver al mejor cocinero del mundo con su madre en el escenario o c\u00f3mo ser\u00e1 la cocina del futuro.<span style=\"color: #d4a44c;\"> Del chef de las mareas a los chiles desbocados. <\/span>El fest\u00edn de la gastronom\u00eda va a empezar&#8230; Y a m\u00ed, estos d\u00edas me recuerda a aquello que, para nuestra fortuna, escribi\u00f3 Karen Blixen, conocida por Isak Dinesen.<\/strong><\/p>\n<div id=\"attachment_14817\" style=\"width: 1034px\" class=\"wp-caption aligncenter\"><a href=\"https:\/\/static-blogs.lasprovincias.es\/wp-content\/uploads\/sites\/18\/2018\/01\/GF0QLD12.jpg\"><img aria-describedby=\"caption-attachment-14817\" loading=\"lazy\" class=\"size-large wp-image-14817\" src=\"https:\/\/static-blogs.lasprovincias.es\/wp-content\/uploads\/sites\/18\/2018\/01\/GF0QLD12-1024x768.jpg\" alt=\"EL FEST\u00cdN DE BABETTE\" width=\"1024\" height=\"768\" srcset=\"https:\/\/static-blogs.lasprovincias.es\/wp-content\/uploads\/sites\/18\/2018\/01\/GF0QLD12.jpg 1024w, https:\/\/static-blogs.lasprovincias.es\/wp-content\/uploads\/sites\/18\/2018\/01\/GF0QLD12-300x225.jpg 300w, https:\/\/static-blogs.lasprovincias.es\/wp-content\/uploads\/sites\/18\/2018\/01\/GF0QLD12-768x576.jpg 768w\" sizes=\"(max-width: 1024px) 100vw, 1024px\" \/><\/a><p id=\"caption-attachment-14817\" class=\"wp-caption-text\">Imagen de la pel\u00edcula EL FEST\u00cdN DE BABETTE. Archivo LP<\/p><\/div>\n<h2 style=\"text-align: right;\">ESPECIAL #REALEMF18<\/h2>\n<p style=\"text-align: right;\"><span style=\"color: #ab1010;\"><strong>Aperitivo.<\/strong> Nan\u00edn P\u00e9rez. <a href=\"https:\/\/blogs.lasprovincias.es\/historiascondelantal\/2018\/01\/19\/nanin-perez-a-la-conquista-del-cocinero-revelacion-en-reale-seguros-madrid-fusion\/\">Candidato\u00a0 a cocinero revelaci\u00f3n<\/a>.<\/span><\/p>\n<p style=\"text-align: right;\"><span style=\"color: #ab1010;\"><strong>Bienvenida. <\/strong>El banquete de los tres d\u00edas.<\/span><\/p>\n<p><!--more--><\/p>\n<h2><span style=\"color: #ab1010;\">COMO EN EL FEST\u00cdN DE BAQUET<\/span><\/h2>\n<hr \/>\n<p>Ha sido una de las grandes alegr\u00edas del inicio del a\u00f1o: reencontrarme con ella. Fue gracias a un amigo. De esos que tambi\u00e9n te reencuentras tras un tiempo. \u00c9l, inquieto en esto de transmitir sensaciones, me regal\u00f3 una hermosa edici\u00f3n del <strong>Fest\u00edn de Babette, el delicioso relato de Isak Dinesen<\/strong>. Y ella, Babette, me regal\u00f3 entre l\u00edneas, un sinf\u00edn de emociones. Me abri\u00f3 ventanas por las que evadirse, volar, imaginar, viajar hasta la puerta de la casa amarilla. La casa amarilla de aquel pueblo de pescadores noruego donde todo, inesperadamente, se precipit\u00f3.<br \/>\nDe hecho, leer la obra que dio pie a la c\u00e9lebre pel\u00edcula de <strong>Gabriel Axel,<\/strong> ha sido como sentarse ante una ventana entreabierta, sentir c\u00f3mo el aire de invierno refresca tu parte m\u00e1s obsoleta de tu alma y volver a ser un so\u00f1ador a quien le espolean la imaginaci\u00f3n.<br \/>\nLa cena que sirve Babette a los peculiares invitados despert\u00f3 en m\u00ed una inmensa ansia por trasladarme a aquel rinc\u00f3n. Y a aquel momento. Colocarse detr\u00e1s de la puerta de la cocina y observar a los comensales vestidos de negro Hermandad, todos salvo el General, y disfrutar del banquete de los 10.000 francos. Y, sobre todo, observar a aquella cocinera de cabellos negros elaborar su sopa de tortuga o sus \u2018<em>cailles en sarcophag<\/em>\u2019. Una hechicera, gran artista de la alquimia, rodeada de aquellas cazuelas de anta\u00f1o, iluminada por la lumbre y perfumada por las viandas y el carb\u00f3n.<\/p>\n<div id=\"attachment_14816\" style=\"width: 767px\" class=\"wp-caption aligncenter\"><a href=\"https:\/\/static-blogs.lasprovincias.es\/wp-content\/uploads\/sites\/18\/2018\/01\/GF0QLD11.jpg\"><img aria-describedby=\"caption-attachment-14816\" loading=\"lazy\" class=\"size-large wp-image-14816\" src=\"https:\/\/static-blogs.lasprovincias.es\/wp-content\/uploads\/sites\/18\/2018\/01\/GF0QLD11-757x1024.jpg\" alt=\"04_Babettes g??st TFGP.\" width=\"757\" height=\"1024\" srcset=\"https:\/\/static-blogs.lasprovincias.es\/wp-content\/uploads\/sites\/18\/2018\/01\/GF0QLD11-757x1024.jpg 757w, https:\/\/static-blogs.lasprovincias.es\/wp-content\/uploads\/sites\/18\/2018\/01\/GF0QLD11-222x300.jpg 222w, https:\/\/static-blogs.lasprovincias.es\/wp-content\/uploads\/sites\/18\/2018\/01\/GF0QLD11-768x1038.jpg 768w, https:\/\/static-blogs.lasprovincias.es\/wp-content\/uploads\/sites\/18\/2018\/01\/GF0QLD11.jpg 1324w\" sizes=\"(max-width: 757px) 100vw, 757px\" \/><\/a><p id=\"caption-attachment-14816\" class=\"wp-caption-text\">Frame del filme de Gabriel Axel. LP<\/p><\/div>\n<p>Babette me incit\u00f3 a reafirmarme, todav\u00eda m\u00e1s, en algo evidente: que hay que vivir el momento y disfrutar con tu gente cada instante. Como el de\u00e1n predicaba a sus hijas Martina y Philippa:<strong><span style=\"color: #ab1010;\"> \u00abLas \u00fanicas cosas que nos podemos llevar con nosotros en esta vida en la tierra son aquellas de las que nos hemos desprendido\u00bb.<\/span><\/strong><br \/>\nLeyendo a Dinesen so\u00f1\u00e9 con el exquisito <em>Caf\u00e9 Anglais<\/em> que tan bien conoc\u00eda Babette. Y pens\u00e9 con aquella mesa. Y las mesas en general. Las bien dispuestas y las aderezadas con buena compa\u00f1\u00eda. Y de c\u00f3mo, a trav\u00e9s de un fest\u00edn de buenas vibraciones \u2013con alimentos guisados con cari\u00f1o y mimada bebida\u2013, se puede disfrutar de los grandes momentos de la vida. Porque una buena mesa es aquella que se convierte en un punto de encuentro en el que todos damos lo mejor de s\u00ed a trav\u00e9s de la cocina: un amigo a los suyos, una madre o padre a su familia, un chef a sus clientes&#8230; Mesas, con velas o sin ellas, entre blinis Demidoff o tapas caseras, entre sorbos de un Veuve Cliquot de 1860 o alg\u00fan vino de la tierra&#8230; pero en cualquier caso, aut\u00e9nticas. Vivas. Sinceras. Un fest\u00edn de felicidad como el que se vivi\u00f3 en la casa amarilla una noche de invierno noruego.<\/p>\n<p><strong>Con ese esp\u00edritu levantamos el tel\u00f3n de un fest\u00edn en el que el gran banquete se escribe con reflexiones, palabras, im\u00e1genes, momentos emotivos&#8230;<span style=\"color: #d4a44c;\"> El banquete de los tres d\u00edas. <\/span>Tenemos cita en<span style=\"color: #d4a44c;\">\u00a0<\/span>Reale Seguros Madrid Fusi\u00f3n.<\/strong><\/p>\n<div id=\"attachment_14814\" style=\"width: 1034px\" class=\"wp-caption aligncenter\"><a href=\"https:\/\/static-blogs.lasprovincias.es\/wp-content\/uploads\/sites\/18\/2018\/01\/57965073.jpg\"><img aria-describedby=\"caption-attachment-14814\" loading=\"lazy\" class=\"size-large wp-image-14814\" src=\"https:\/\/static-blogs.lasprovincias.es\/wp-content\/uploads\/sites\/18\/2018\/01\/57965073-1024x494.jpg\" alt=\"GRA046. MADRID, 23\/01\/2017.- El cocinero Mario Sandoval, del restaurante Coque, durante su ponencia &quot;Alimentos Vivos&quot; en la jornada inaugural de la XV edici\u00f3n de Madrid Fusi\u00f3n, el certamen gastron\u00f3mico que convierte a Madrid durante tres d\u00edas en la capital mundial de la cocina. EFE\/Javier Liz\u00f3n\" width=\"1024\" height=\"494\" srcset=\"https:\/\/static-blogs.lasprovincias.es\/wp-content\/uploads\/sites\/18\/2018\/01\/57965073-1024x494.jpg 1024w, https:\/\/static-blogs.lasprovincias.es\/wp-content\/uploads\/sites\/18\/2018\/01\/57965073-300x145.jpg 300w, https:\/\/static-blogs.lasprovincias.es\/wp-content\/uploads\/sites\/18\/2018\/01\/57965073-768x371.jpg 768w\" sizes=\"(max-width: 1024px) 100vw, 1024px\" \/><\/a><p id=\"caption-attachment-14814\" class=\"wp-caption-text\">El cocinero Mario Sandoval durante su ponencia del pasado a\u00f1o. EFE\/Javier Liz\u00f3n<\/p><\/div>\n<p>&nbsp;<\/p>\n<h2><span style=\"color: #ab1010;\">EL BANQUETE DE LOS TRES D\u00cdAS<\/span><\/h2>\n<hr \/>\n<p style=\"text-align: right;\"><span style=\"color: #d4a44c;\">PRIMER BANQUETE. <strong>EL FEST\u00cdN DEL LUNES<\/strong> (22 DE ENERO)<\/span><\/p>\n<p>Voy a empezar organizado, que luego ya me desorganizar\u00e9.<\/p>\n<p><strong>DISFRUTAR.<\/strong> Del banquete que se masca, el primer d\u00eda, Lunes 22 de enero, me pone la miel en la boca conocer los que llevan entre manos <strong>Mateu Casa\u00f1as, Oriol Castro &amp; Eduard Xatruch<\/strong>, de Disfrutar (Barcelona).\u00a0 Todos los que saben de esto hablan de ellos. Y reservar es ya casi misi\u00f3n imposible. Escucharles hablar de jugos, extracciones y caramelizaciones puede ser todo un disfrute&#8230; de Disfrutar \ud83d\ude42<\/p>\n<p><strong>LO LOCAL DE DACOSTA.<\/strong> Ver en el escenario hablando del Universo Local a <strong>Quique Dacosta<\/strong> siempre es un orgullo (para los de por aqu\u00ed). Verle de nuevo en un congreso, tambi\u00e9n. Supongo que deslizar\u00e1 su nuevo proyecto de b\u00fasqueda de semillas, de productos de anta\u00f1o de ra\u00edces&#8230; Sea lo que sea, habr\u00e1 historia.<\/p>\n<p><strong>LOS ARROCES DE PATI\u00d1O.\u00a0<\/strong>\u00a0<strong>Vicente Pati\u00f1o<\/strong> acude acompa\u00f1ado de <strong>Santos Ru\u00edz<\/strong> (gerente de D. O.\u00a0 Arroz de Valencia) para hablar de nuestros arroces. Ser\u00e1 en un taller en el que quiz\u00e1s, s\u00f3lo quiz\u00e1s, el de X\u00e0tiva hable de esta maravilla que serv\u00eda en su men\u00fa de este verano:<\/p>\n<div id=\"attachment_14819\" style=\"width: 1034px\" class=\"wp-caption aligncenter\"><a href=\"https:\/\/static-blogs.lasprovincias.es\/wp-content\/uploads\/sites\/18\/2018\/01\/ARROZ1.jpg\"><img aria-describedby=\"caption-attachment-14819\" loading=\"lazy\" class=\"size-large wp-image-14819\" src=\"https:\/\/static-blogs.lasprovincias.es\/wp-content\/uploads\/sites\/18\/2018\/01\/ARROZ1-1024x683.jpg\" alt=\"Arroz con sepia de Vicente Pati\u00f1o del men\u00fa de verano de 2017.\" width=\"1024\" height=\"683\" srcset=\"https:\/\/static-blogs.lasprovincias.es\/wp-content\/uploads\/sites\/18\/2018\/01\/ARROZ1.jpg 1024w, https:\/\/static-blogs.lasprovincias.es\/wp-content\/uploads\/sites\/18\/2018\/01\/ARROZ1-300x200.jpg 300w, https:\/\/static-blogs.lasprovincias.es\/wp-content\/uploads\/sites\/18\/2018\/01\/ARROZ1-768x512.jpg 768w\" sizes=\"(max-width: 1024px) 100vw, 1024px\" \/><\/a><p id=\"caption-attachment-14819\" class=\"wp-caption-text\">Arroz con sepia y callos de bacalao? de Vicente Pati\u00f1o del men\u00fa de verano de 2017.<\/p><\/div>\n<p><strong>LAS FIBRAS DE SANDOVAL.<\/strong> <strong>Mario Sandoval<\/strong>, el alma de la cocina del impecable Coque (que ya se ha convertido en toda una instituci\u00f3n en su nuevo emplazamiento en Madrid), aterrizar\u00e1 este a\u00f1o con las fibras como protagonistas. &#8220;El ingrediente oculto de los alimentos&#8221;, titula. Ser\u00e1, como suele ser habitual en sus ponencias, muy interesante.<\/p>\n<p><strong>LOS CHILES DE PUNTO MX.<\/strong> Y por \u00faltimo, Reale Seguro Madrid Fusi\u00f3n te mostrar\u00e1 tambi\u00e9n, a trav\u00e9s de un taller de <strong>Roberto Ruiz (Punto Mx)<\/strong> el mundo de los chiles. \u00c9l lo dice claro: &#8220;otra dimensi\u00f3n&#8221;.<\/p>\n<p>&nbsp;<\/p>\n<p style=\"text-align: right;\"><span style=\"color: #d4a44c;\">SEGUNDO BANQUETE.\u00a0<\/span><span style=\"color: #d4a44c;\"><strong>EL FEST\u00cdN DEL MARTES<\/strong> (23 DE ENERO)<\/span><\/p>\n<p>Te dir\u00eda que del men\u00fa del d\u00eda me gusta todo. Se me aturulla en las manos todo lo que hay que contar. Empezar\u00e1 la cosa con <strong>SABORES SALVAJES DE FILIPINAS<\/strong>, que me seduce much\u00edsimo. Promete el mundo de <strong>LAS PROTEINAS Y LAS GRASAS<\/strong> sobre lo que disertar\u00e1 <strong>Diego Guerrero<\/strong> (Dstage). Y, por supuesto, para un trota mesas como quien te escribe, parece provocador adentrarse en esa ponencia de <strong>Ian Millar<\/strong>\u00a0bajo el titulo de: <strong>EL RESTAURANTE DEL FUTURO<\/strong>.<\/p>\n<p>Aunque si algo me seduce de verdad es la ponencia del <strong>CHEF DE LAS MAREAS<\/strong>. La impartir\u00e1 <strong>Alexandre Couillon<\/strong> (La Marine, Francia). Y me parece po\u00e9tico, atractivo, bucear en su propuesta.<\/p>\n<p>Igual que, de nuevo orgullo patrio, ser\u00e1 un orgullo ver a <strong>Ricard Camarena<\/strong> hablando de<strong> NUEVAS SALSAS CL\u00c1SICAS DE JUGOS ESENCIALES<\/strong>. O al grande de <strong>Dani Fr\u00edas<\/strong>, poniendo en valor su cocina de <strong>TERRITORIO Y CULTURA<\/strong>. Esa que practica desde su emblem\u00e1tico restaurante Ereta en Alicante.<\/p>\n<div id=\"attachment_14825\" style=\"width: 1034px\" class=\"wp-caption alignnone\"><a href=\"https:\/\/static-blogs.lasprovincias.es\/wp-content\/uploads\/sites\/18\/2018\/01\/IMG_1771-1280x853.jpg\"><img aria-describedby=\"caption-attachment-14825\" loading=\"lazy\" class=\"size-large wp-image-14825\" src=\"https:\/\/static-blogs.lasprovincias.es\/wp-content\/uploads\/sites\/18\/2018\/01\/IMG_1771-1280x853-1024x682.jpg\" alt=\"El plato de Dani Fr\u00edas que rinde homenaje a las tradicionales cenas de san Juan de Alicante.\" width=\"1024\" height=\"682\" srcset=\"https:\/\/static-blogs.lasprovincias.es\/wp-content\/uploads\/sites\/18\/2018\/01\/IMG_1771-1280x853-1024x682.jpg 1024w, https:\/\/static-blogs.lasprovincias.es\/wp-content\/uploads\/sites\/18\/2018\/01\/IMG_1771-1280x853-300x200.jpg 300w, https:\/\/static-blogs.lasprovincias.es\/wp-content\/uploads\/sites\/18\/2018\/01\/IMG_1771-1280x853-768x512.jpg 768w, https:\/\/static-blogs.lasprovincias.es\/wp-content\/uploads\/sites\/18\/2018\/01\/IMG_1771-1280x853.jpg 1280w\" sizes=\"(max-width: 1024px) 100vw, 1024px\" \/><\/a><p id=\"caption-attachment-14825\" class=\"wp-caption-text\">El plato de Dani Fr\u00edas que rinde homenaje a las tradicionales cenas de San Juan de Alicante.<\/p><\/div>\n<p>Se hablar\u00e1 de cocina cineg\u00e9tica, de barras con estrellas, de la cocina de cuchara, de salazones, de los vinagres de \u00faltima generaci\u00f3n de <strong>Jes\u00fas Segura<\/strong> (Trivio) y hasta de las mil caras del bacalao. Pero dicho esto, si habr\u00e1 un momentazo en <strong>MADRID FUSI\u00d3N<\/strong> el martes ser\u00e1 ver juntos a<strong><span style=\"color: #ab1010;\"> JOAN ROCA y su madre, MONTSERRAT FONTAN\u00c9<\/span><\/strong> en el escenario hablando de la importancia del origen.<\/p>\n<p>&nbsp;<\/p>\n<p style=\"text-align: right;\"><span style=\"color: #d4a44c;\">TERCER BANQUETE.\u00a0\u00a0<\/span><span style=\"color: #d4a44c;\"><strong>EL FEST\u00cdN DEL MI\u00c9RCOLES<\/strong> (24 DE ENERO)<\/span><\/p>\n<p>Voy a intentar volver a ordenarme. Pero&#8230; no lo garantizo. El tercer d\u00eda de banquete promete ser muy viajero.<\/p>\n<p><strong>TEL AVIV.<\/strong> La cocina israel\u00ed abrir\u00e1 brecha el mi\u00e9rcoles. Habr\u00e1 dos ponencias y yo me quedo con la que titular: l<strong>a transgresi\u00f3n vegetal.<\/strong> Me interesa&#8230; mucho.<\/p>\n<p><strong>SANT PETESBURGO.<\/strong> Seguimos viajando. La nueva cocina rusa ense\u00f1ar\u00e1 su patita en Madrid Fusi\u00f3n. Y promete. Es otra manera de hacer&#8230; As\u00ed lo dijo el propio <strong>Dmitry Blinov<\/strong> (que imparte una de las ponencias) en una entrevista de\u00a0<strong>V\u00edctor N\u00fa\u00f1ez Jaime<\/strong>:<\/p>\n<p style=\"text-align: center;\"><strong><span style=\"color: #808080;\"><em>&#8220;El bloqueo de Rusia a los productos <\/em><\/span><\/strong><\/p>\n<p style=\"text-align: center;\"><strong><span style=\"color: #808080;\"><em>me ha hecho m\u00e1s creativo&#8221;.<\/em><\/span><\/strong><\/p>\n<p><strong>LA COCINA DEL TE.<\/strong> Por seguir de ruta. <strong>Tomoya Kawada<\/strong> propone esa ponencia tan sugerente. Apetece.<\/p>\n<p>Y entre pa\u00eds y pa\u00eds volveremos a casa, para ir m\u00e1s all\u00e1&#8230;.<\/p>\n<p><strong>ENEKO Y EL M\u00c1S ALL\u00c1&#8230;<\/strong>. Bueno, el m\u00e1s all\u00e1 de la cocina. Un placer, siempre, ver a Eneko Atxa tomar el escenario y dejar que sobre \u00e9l impregne todo de su filosof\u00eda culinaria. Ya sabes que adoro su casa. Aunque deber\u00eda volver pronto&#8230;<\/p>\n<p><a href=\"https:\/\/static-blogs.lasprovincias.es\/wp-content\/uploads\/sites\/18\/2018\/01\/IMG_20150730_094202-1024x1024.jpg\"><img loading=\"lazy\" class=\"alignnone size-full wp-image-14826\" src=\"https:\/\/static-blogs.lasprovincias.es\/wp-content\/uploads\/sites\/18\/2018\/01\/IMG_20150730_094202-1024x1024.jpg\" alt=\"img_20150730_094202-1024x1024\" width=\"1024\" height=\"1024\" srcset=\"https:\/\/static-blogs.lasprovincias.es\/wp-content\/uploads\/sites\/18\/2018\/01\/IMG_20150730_094202-1024x1024.jpg 1024w, https:\/\/static-blogs.lasprovincias.es\/wp-content\/uploads\/sites\/18\/2018\/01\/IMG_20150730_094202-1024x1024-150x150.jpg 150w, https:\/\/static-blogs.lasprovincias.es\/wp-content\/uploads\/sites\/18\/2018\/01\/IMG_20150730_094202-1024x1024-300x300.jpg 300w, https:\/\/static-blogs.lasprovincias.es\/wp-content\/uploads\/sites\/18\/2018\/01\/IMG_20150730_094202-1024x1024-768x768.jpg 768w\" sizes=\"(max-width: 1024px) 100vw, 1024px\" \/><\/a><\/p>\n<p>&nbsp;<\/p>\n<p><strong>Sergio Bastard<\/strong> hablar\u00e1 de las aplicaciones de La Salmuria, <strong>Rodrigo de la Calle\u00a0<\/strong>promete impactar con <strong>LA COCINA AZUL y \u00c1ngel Le\u00f3n\u00a0<\/strong>volver\u00e1 a revolucionar la sala con sus <strong>CRUST\u00c1CEOS<\/strong> y esa ponencia que titula: <strong>LOS CAPARAZONES TAMBI\u00c9N SE COMEN<\/strong><\/p>\n<p>Todo recuerda a cuentos, a historias, a viajes repletos de aventuras, a magos y brujas, a alquimias. \u00bfQu\u00e9 es si no esa propuesta que lanza el gran de <strong>PACO MORALES<\/strong>, que acude para impregnar todo Madrid Fusi\u00f3n de <strong>LAS HIERBAS Y FRAGANCIAS DE LA COCINA ANDALUS\u00cd<\/strong>?<\/p>\n<p>&nbsp;<\/p>\n<hr \/>\n<p>&nbsp;<\/p>\n<p>Ese d\u00eda sabremos qui\u00e9n es el cocinero revelaci\u00f3n. Y volveremos a casa, tras tres contundentes banquetes, para hacer la digesti\u00f3n de todo. Te aseguro que precisaremos tiempo y mucha reflexi\u00f3n. Pero esa ser\u00e1 otra historia. De momento, como si \u00e9sta fuera nuestra gran cena de los 10.000 francos, gocemos. Y que la luz ilumine este delantal para que te pueda contar lo que no te cuente nadie. Ya sabes, con la libertad que da ser un esp\u00eda chiflado que, de pronto, se enamora de una sirena que se le escapa a \u00c1ngel Le\u00f3n de la ponencia. Cosas del #MrCooking&#8230;<\/p>\n<p>&nbsp;<\/p>\n<p><strong>Seguro acabamos, en cualquier caso y como te dec\u00eda al principio, como en las grandes celebraciones: <span style=\"color: #ab1010;\">con los brindis de rigor. &#8220;Hasta el pr\u00f3ximo a\u00f1o&#8221;, se alzar\u00e1 alguna voz. <\/span><\/strong><\/p>\n<p style=\"text-align: right;\"><strong><span style=\"color: #000000;\"><span style=\"color: #ab1010;\">Y\u00a0quiz\u00e1s, en ese instante, yo recuerde aquel libro y a Babette.<\/span><\/span><\/strong><\/p>\n<div id=\"attachment_14821\" style=\"width: 1034px\" class=\"wp-caption aligncenter\"><a style=\"color: #000000;\" href=\"https:\/\/static-blogs.lasprovincias.es\/wp-content\/uploads\/sites\/18\/2018\/01\/madrid-fusion.jpg\"><img aria-describedby=\"caption-attachment-14821\" loading=\"lazy\" class=\"size-large wp-image-14821\" src=\"https:\/\/static-blogs.lasprovincias.es\/wp-content\/uploads\/sites\/18\/2018\/01\/madrid-fusion-1024x683.jpg\" alt=\"Susi D\u00edaz, durante su ponencia en la segunda jornada de Madrid Fusi\u00f3n del pasado a\u00f1o,. EFE\/J.J. Guillen\" width=\"1024\" height=\"683\" srcset=\"https:\/\/static-blogs.lasprovincias.es\/wp-content\/uploads\/sites\/18\/2018\/01\/madrid-fusion-1024x683.jpg 1024w, https:\/\/static-blogs.lasprovincias.es\/wp-content\/uploads\/sites\/18\/2018\/01\/madrid-fusion-300x200.jpg 300w, https:\/\/static-blogs.lasprovincias.es\/wp-content\/uploads\/sites\/18\/2018\/01\/madrid-fusion-768x512.jpg 768w\" sizes=\"(max-width: 1024px) 100vw, 1024px\" \/><\/a><p id=\"caption-attachment-14821\" class=\"wp-caption-text\"><span style=\"color: #000000;\">Susi D\u00edaz, durante su ponencia en la segunda jornada de Reale Seguros Madrid Fusi\u00f3n del pasado a\u00f1o,. EFE\/J.J. Guillen<\/span><\/p><\/div>\n<hr \/>\n<p><a href=\"https:\/\/static-blogs.lasprovincias.es\/wp-content\/uploads\/sites\/18\/2018\/01\/taberna1-1.jpeg\"><img loading=\"lazy\" class=\"size-large wp-image-14796\" src=\"https:\/\/static-blogs.lasprovincias.es\/wp-content\/uploads\/sites\/18\/2018\/01\/taberna1-1-1024x602.jpeg\" alt=\"??????????????????????????????????????????????????????????????????????????????????????????????????????????????????????????????????????????????????????????????????????????????????????????????????????????????????????????????????????????????????????????????????????????????????????????????????????????????????????????????????????????????????????????????????????????????????????????????????????????????????????????????????????????????????????????????????????????????????????????????????????????????????????????????????????????????????????????????????????????????????????????????????????????????????????????????????????????????????????????????????????????????????????????????????????????????????????????????????????\" width=\"1024\" height=\"602\" srcset=\"https:\/\/static-blogs.lasprovincias.es\/wp-content\/uploads\/sites\/18\/2018\/01\/taberna1-1.jpeg 1024w, https:\/\/static-blogs.lasprovincias.es\/wp-content\/uploads\/sites\/18\/2018\/01\/taberna1-1-300x176.jpeg 300w, https:\/\/static-blogs.lasprovincias.es\/wp-content\/uploads\/sites\/18\/2018\/01\/taberna1-1-768x452.jpeg 768w\" sizes=\"(max-width: 1024px) 100vw, 1024px\" \/><\/a><\/p>\n<!-- AddThis Advanced Settings generic via filter on the_content --><!-- AddThis Share Buttons generic via filter on the_content -->","protected":false},"excerpt":{"rendered":"<p>Tres d\u00edas como tres grandes banquetes. Reale Seguros Madrid Fusi\u00f3n abre sus puertas convertido en todo un fest\u00edn gastron\u00f3mico en el que, seguro, acabamos -como en las grandes celebraciones- con los brindis de rigor. &#8220;Hasta el pr\u00f3ximo a\u00f1o&#8221;, se alzar\u00e1 alguna voz. Atr\u00e1s quedar\u00e1n momentos posiblemente trepidantes y m\u00e1gicos, como en los que descubramos los [&hellip;]<!-- AddThis Advanced Settings generic via filter on get_the_excerpt --><!-- AddThis Share Buttons generic via filter on get_the_excerpt --><\/p>\n","protected":false},"author":23,"featured_media":0,"comment_status":"open","ping_status":"open","sticky":false,"template":"","format":"standard","meta":[],"categories":[3,4,5,1,7],"tags":[1401,1402,1400],"_links":{"self":[{"href":"https:\/\/blogs.lasprovincias.es\/historiascondelantal\/wp-json\/wp\/v2\/posts\/14799"}],"collection":[{"href":"https:\/\/blogs.lasprovincias.es\/historiascondelantal\/wp-json\/wp\/v2\/posts"}],"about":[{"href":"https:\/\/blogs.lasprovincias.es\/historiascondelantal\/wp-json\/wp\/v2\/types\/post"}],"author":[{"embeddable":true,"href":"https:\/\/blogs.lasprovincias.es\/historiascondelantal\/wp-json\/wp\/v2\/users\/23"}],"replies":[{"embeddable":true,"href":"https:\/\/blogs.lasprovincias.es\/historiascondelantal\/wp-json\/wp\/v2\/comments?post=14799"}],"version-history":[{"count":13,"href":"https:\/\/blogs.lasprovincias.es\/historiascondelantal\/wp-json\/wp\/v2\/posts\/14799\/revisions"}],"predecessor-version":[{"id":14837,"href":"https:\/\/blogs.lasprovincias.es\/historiascondelantal\/wp-json\/wp\/v2\/posts\/14799\/revisions\/14837"}],"wp:attachment":[{"href":"https:\/\/blogs.lasprovincias.es\/historiascondelantal\/wp-json\/wp\/v2\/media?parent=14799"}],"wp:term":[{"taxonomy":"category","embeddable":true,"href":"https:\/\/blogs.lasprovincias.es\/historiascondelantal\/wp-json\/wp\/v2\/categories?post=14799"},{"taxonomy":"post_tag","embeddable":true,"href":"https:\/\/blogs.lasprovincias.es\/historiascondelantal\/wp-json\/wp\/v2\/tags?post=14799"}],"curies":[{"name":"wp","href":"https:\/\/api.w.org\/{rel}","templated":true}]}}