{"id":15120,"date":"2018-02-16T20:38:05","date_gmt":"2018-02-16T18:38:05","guid":{"rendered":"http:\/\/blogs.lasprovincias.es\/historiascondelantal\/?p=15120"},"modified":"2018-02-17T09:03:07","modified_gmt":"2018-02-17T07:03:07","slug":"la-tasquita-de-enfrente-la-cocina-de-los-versos-descalzos","status":"publish","type":"post","link":"https:\/\/blogs.lasprovincias.es\/historiascondelantal\/2018\/02\/16\/la-tasquita-de-enfrente-la-cocina-de-los-versos-descalzos\/","title":{"rendered":"La Tasquita de Enfrente: la cocina de los versos descalzos"},"content":{"rendered":"<p style=\"text-align: right;\"><strong><span style=\"color: #ab1010;\">&#8220;\u00bfPara qu\u00e9 voy a escribir de la Tasquita de Enfrente si ella lo dice todo sin decir nada?&#8221;, me dije.<\/span><\/strong><\/p>\n<p><strong>De hecho, sal\u00ed de all\u00ed pensando que sobran las palabras porque su historia la escribe su propia energ\u00eda: esa que se escapa a raudales por los entresijos de esta casa de comidas de la calle Ballesta de Madrid. Una casa de comidas que ha ido encadenando vivencias, relevo de existencias,\u00a0 alrededor de ocho mesas. &#8220;Lo que m\u00e1s me ha gustado no ha sido la comida, que tambi\u00e9n; lo que m\u00e1s me ha cautivado ha sido tu Tasquita, el espacio, la experiencia&#8221;, le dije a <span style=\"color: #997b2f;\">Juanjo L\u00f3pez<\/span> cuando me desped\u00eda. \u00a0<\/strong><\/p>\n<p><strong>A la derecha, en una esquina, junto a la puerta, en la zona de tapeo, una mesa rodeada de cuadros y una urna en la repisa. All\u00ed, toda su historia. Su vida. Esa que flu\u00eda por el peque\u00f1o local en cada esquina, en cada trazo de esos lienzos llenos de historias, en cada plato que era como un verso.\u00a0 M\u00ednimo. <span style=\"color: #ab1010;\">Descalzo.<\/span> Limpio. Morrillo, chiriv\u00eda, trufa y aceite de oliva.\u00a0<span style=\"color: #997b2f;\"> \u00bfPara qu\u00e9 voy a escribir de la Tasquita, si ella lo dice todo sin decir nada?<\/span><\/strong><\/p>\n<p style=\"text-align: center;\"><a href=\"https:\/\/static-blogs.lasprovincias.es\/wp-content\/uploads\/sites\/18\/2018\/02\/IMG_6021.jpg\"><img loading=\"lazy\" class=\"alignnone size-large wp-image-15142\" src=\"https:\/\/static-blogs.lasprovincias.es\/wp-content\/uploads\/sites\/18\/2018\/02\/IMG_6021-1024x663.jpg\" alt=\"img_6021\" width=\"1024\" height=\"663\" srcset=\"https:\/\/static-blogs.lasprovincias.es\/wp-content\/uploads\/sites\/18\/2018\/02\/IMG_6021.jpg 1024w, https:\/\/static-blogs.lasprovincias.es\/wp-content\/uploads\/sites\/18\/2018\/02\/IMG_6021-300x194.jpg 300w, https:\/\/static-blogs.lasprovincias.es\/wp-content\/uploads\/sites\/18\/2018\/02\/IMG_6021-768x497.jpg 768w\" sizes=\"(max-width: 1024px) 100vw, 1024px\" \/><\/a><\/p>\n<p style=\"text-align: center;\"><a href=\"https:\/\/static-blogs.lasprovincias.es\/wp-content\/uploads\/sites\/18\/2018\/02\/1518560415016.jpeg\"><img loading=\"lazy\" class=\"alignnone size-full wp-image-15143\" src=\"https:\/\/static-blogs.lasprovincias.es\/wp-content\/uploads\/sites\/18\/2018\/02\/1518560415016.jpeg\" alt=\"1518560415016\" width=\"640\" height=\"480\" srcset=\"https:\/\/static-blogs.lasprovincias.es\/wp-content\/uploads\/sites\/18\/2018\/02\/1518560415016.jpeg 640w, https:\/\/static-blogs.lasprovincias.es\/wp-content\/uploads\/sites\/18\/2018\/02\/1518560415016-300x225.jpeg 300w\" sizes=\"(max-width: 640px) 100vw, 640px\" \/><\/a><\/p>\n<p><!--more--><\/p>\n<hr \/>\n<p>&nbsp;<\/p>\n<p><span style=\"color: #ab1010;\">I. <strong>&#8220;\u00bfPara qu\u00e9 voy a escribir de la Tasquita de Enfrente si ella lo dice todo sin decir nada?&#8221;<\/strong>, me dije.<\/span><\/p>\n<p>&#8220;All\u00e1 al fondo est\u00e1 la muerte, pero no tenga miedo. Sujete con una mano, tome con dos dedos la llave de la cuerda, rem\u00f3ntela suavemente&#8221;. Rele\u00eda a <strong>Julio Cort\u00e1zar<\/strong> mientras dejaba pasar el tiempo a la espera de que llegara la inspiraci\u00f3n y se sentara junto a m\u00ed en la mesa. Sobre ella, reposaban los recuerdos de la Tasquita como una botella de vino que necesita airearse para recuperar todo su arte.<\/p>\n<p>Record\u00e9 ante<strong> los Cronopios y las Famas<\/strong>, los platos de aquel lugar al que llegu\u00e9 un poco aturullado. O m\u00e1s bien, nervioso. Ansioso por conocerlo y disfrutarlo. \u00a1Me hab\u00eda hablado tanto! De hecho, me qued\u00e9 al poco de estar en casa de Juanjo y los suyos, <span style=\"color: #997b2f;\">tras<\/span> los primeros pasos de plato en plato, como noqueado. No por la sorpresa (que la hubo en alg\u00fan caso), sino por la absoluta<strong><span style=\"color: #ab1010;\">\u00a0<span style=\"color: #997b2f;\">FRANQUEZA<\/span><\/span><\/strong>\u00a0de cada una de sus propuestas.<\/p>\n<p><span style=\"color: #997b2f;\"><strong>Sus platos se mostraron ante m\u00ed como versos descalzos.<\/strong><\/span> Versos sueltos, poemas m\u00ednimos, a los que no les hac\u00eda falta rima, ni el cors\u00e9 de un soneto, ni ser acotados por notas a pie de p\u00e1gina que te expliquen qu\u00e9 te est\u00e1 pasando. <strong>Cada plato era un verso libre en toda su plenitud. Empezaba y acaba en \u00e9l. Silencioso, pero intenso. Refinado. <\/strong>Como un abrazo con el que Juanjo te quiere dejar claro que en un solo producto, en una \u00fanica palabra, \u00a0se puede esconder un oc\u00e9ano, un para\u00edso, la esencia de todo, el alma.<strong> <span style=\"color: #997b2f;\">Un oc\u00e9ano en un boquer\u00f3n<\/span>;<span style=\"color: #333333;\"> un para\u00edso en unos guisantes;\u00a0<\/span>la esencia de un todo en un calamar, y el alma en un morillo memorable.<\/strong> Versos descalzos.<\/p>\n<p><a href=\"https:\/\/static-blogs.lasprovincias.es\/wp-content\/uploads\/sites\/18\/2018\/02\/IMG_20180123_210743.jpg\"><img loading=\"lazy\" class=\"size-large wp-image-15147 aligncenter\" src=\"https:\/\/static-blogs.lasprovincias.es\/wp-content\/uploads\/sites\/18\/2018\/02\/IMG_20180123_210743-1024x768.jpg\" alt=\"dav\" width=\"1024\" height=\"768\" srcset=\"https:\/\/static-blogs.lasprovincias.es\/wp-content\/uploads\/sites\/18\/2018\/02\/IMG_20180123_210743.jpg 1024w, https:\/\/static-blogs.lasprovincias.es\/wp-content\/uploads\/sites\/18\/2018\/02\/IMG_20180123_210743-300x225.jpg 300w, https:\/\/static-blogs.lasprovincias.es\/wp-content\/uploads\/sites\/18\/2018\/02\/IMG_20180123_210743-768x576.jpg 768w\" sizes=\"(max-width: 1024px) 100vw, 1024px\" \/><\/a><\/p>\n<p>&nbsp;<\/p>\n<hr \/>\n<p>&nbsp;<\/p>\n<p><span style=\"color: #ab1010;\">II. <strong>&#8220;\u00bfPara qu\u00e9 voy a escribir de la Tasquita de Enfrente si ella lo dice todo sin decir nada?&#8221;<\/strong>, me <strong>dije.<\/strong><\/span><\/p>\n<p><strong><span style=\"color: #997b2f;\">&#8220;\u00bfLo notas?&#8221;<\/span><\/strong>, me pregunt\u00f3 Cillero (<strong>Enrique Cillero de\u00a0 <a href=\"https:\/\/blogs.lasprovincias.es\/historiascondelantal\/2017\/02\/25\/cillero-de-motta-el-arte-de-descifrar-la-gastronomia\/\">Cillero&amp;Motta<\/a><\/strong>) ante un carabinero al papillote que se despleg\u00f3 ante m\u00ed, abierto en canal. Cen\u00e1bamos juntos, por esas coincidencias de la vida -dos comensales solitarios que deciden compartir cena-,\u00a0 en la primera mesa del comedor a mano derecha. Un rinc\u00f3n a espaldas de la bodega y bajo dos lienzos que mostraban cuerpos desnudos descorchados y un general por un pez devorado. Todo desbocadamente literario.<\/p>\n<p><a href=\"https:\/\/static-blogs.lasprovincias.es\/wp-content\/uploads\/sites\/18\/2018\/02\/IMG_20180123_215535.jpg\"><img loading=\"lazy\" class=\"size-large wp-image-15149\" src=\"https:\/\/static-blogs.lasprovincias.es\/wp-content\/uploads\/sites\/18\/2018\/02\/IMG_20180123_215535-1024x627.jpg\" alt=\"dav\" width=\"1024\" height=\"627\" srcset=\"https:\/\/static-blogs.lasprovincias.es\/wp-content\/uploads\/sites\/18\/2018\/02\/IMG_20180123_215535.jpg 1024w, https:\/\/static-blogs.lasprovincias.es\/wp-content\/uploads\/sites\/18\/2018\/02\/IMG_20180123_215535-300x184.jpg 300w, https:\/\/static-blogs.lasprovincias.es\/wp-content\/uploads\/sites\/18\/2018\/02\/IMG_20180123_215535-768x470.jpg 768w\" sizes=\"(max-width: 1024px) 100vw, 1024px\" \/><\/a><\/p>\n<p>El carabinero era lo que era, pero no lo ve\u00eda. <span style=\"color: #333333;\"><strong>S\u00f3lo pude descifrarlo en toda su dimensi\u00f3n cuando bes\u00e9 su cabeza apasionadamente.<\/strong><\/span> (Con lengua, que dir\u00eda <strong>Abraham Garc\u00eda<\/strong>, maestro de guisos y de vida). &#8220;\u00bfSobrasada?&#8221;, le pregunt\u00e9 emocionado, descubriendo que lo que Juanjo hac\u00eda era chapotear contigo ofreci\u00e9ndote sabidur\u00eda. Sabidur\u00eda tan concentrada, como en cualquier cuadro de los que en su casa colgaba, cualquier recuerdo, cualquier poema de<strong> Gloria Fuertes<\/strong> que siempre me acompa\u00f1a. Y m\u00e1s en UN sitio como \u00e9ste, que rezuma alma;<\/p>\n<h2 style=\"text-align: center;\"><span style=\"color: #997b2f;\">No matemos al vecino<\/span><\/h2>\n<h2 style=\"text-align: center;\"><span style=\"color: #997b2f;\">invit\u00e9mosle a tocino.<\/span><\/h2>\n<p style=\"text-align: center;\"><span style=\"color: #997b2f;\">(De &#8216;Pacifista de verdad (Una que quiera llegar)&#8217;<\/span><\/p>\n<p style=\"text-align: center;\"><span style=\"color: #997b2f;\"><strong>siempre Gloria Fuertes<\/strong><\/span><\/p>\n<p><a href=\"https:\/\/static-blogs.lasprovincias.es\/wp-content\/uploads\/sites\/18\/2018\/02\/IMG_20180123_212659.jpg\"><img loading=\"lazy\" class=\"size-large wp-image-15150\" src=\"https:\/\/static-blogs.lasprovincias.es\/wp-content\/uploads\/sites\/18\/2018\/02\/IMG_20180123_212659-1024x676.jpg\" alt=\"dav\" width=\"1024\" height=\"676\" srcset=\"https:\/\/static-blogs.lasprovincias.es\/wp-content\/uploads\/sites\/18\/2018\/02\/IMG_20180123_212659.jpg 1024w, https:\/\/static-blogs.lasprovincias.es\/wp-content\/uploads\/sites\/18\/2018\/02\/IMG_20180123_212659-300x198.jpg 300w, https:\/\/static-blogs.lasprovincias.es\/wp-content\/uploads\/sites\/18\/2018\/02\/IMG_20180123_212659-768x507.jpg 768w\" sizes=\"(max-width: 1024px) 100vw, 1024px\" \/><\/a><\/p>\n<p>&nbsp;<\/p>\n<hr \/>\n<p>&nbsp;<\/p>\n<p><span style=\"color: #ab1010;\">III. <strong>&#8220;\u00bfPara qu\u00e9 voy a escribir de la Tasquita de Enfrente si ella lo dice todo sin decir nada?&#8221;<\/strong>, me dije. <\/span><\/p>\n<p>Descubr\u00ed, sabore\u00e9, toqu\u00e9, viv\u00ed en aquella mesa sus poemas m\u00ednimos, sus gui\u00f1os a anta\u00f1o, sus historias escondidas \u00a0en cada uno de sus bocados.\u00a0<strong>Y\u00a0 sent\u00ed <\/strong>observ\u00e1ndolos&#8230;<\/p>\n<p><strong>Sent\u00ed&#8230;<\/strong> emoci\u00f3n ante <strong><span style=\"color: #997b2f;\">la ensaladilla<\/span><\/strong>, que parece hecha para gozar con ella de tal manera que te llegues a preguntar: \u00bfpara qu\u00e9 m\u00e1s, si con ella puedes tocar con tus dedos el mejor de los tesoros que escondiera <strong>Al\u00ed Bab\u00e1<\/strong>?<\/p>\n<p><a href=\"https:\/\/static-blogs.lasprovincias.es\/wp-content\/uploads\/sites\/18\/2018\/02\/IMG_20180123_205956.jpg\"><img loading=\"lazy\" class=\"size-large wp-image-15151\" src=\"https:\/\/static-blogs.lasprovincias.es\/wp-content\/uploads\/sites\/18\/2018\/02\/IMG_20180123_205956-1024x768.jpg\" alt=\"dav\" width=\"1024\" height=\"768\" srcset=\"https:\/\/static-blogs.lasprovincias.es\/wp-content\/uploads\/sites\/18\/2018\/02\/IMG_20180123_205956.jpg 1024w, https:\/\/static-blogs.lasprovincias.es\/wp-content\/uploads\/sites\/18\/2018\/02\/IMG_20180123_205956-300x225.jpg 300w, https:\/\/static-blogs.lasprovincias.es\/wp-content\/uploads\/sites\/18\/2018\/02\/IMG_20180123_205956-768x576.jpg 768w\" sizes=\"(max-width: 1024px) 100vw, 1024px\" \/><\/a><\/p>\n<p><strong>Sent\u00ed&#8230;<\/strong> intensidad ante <strong><span style=\"color: #997b2f;\">la ostra<\/span><\/strong>, elegante como LA angora. <strong>Sent\u00ed<\/strong>&#8230; mariposas en el est\u00f3mago (frase tan redicha a la que no puedo ni debo renunciar) ante <strong><span style=\"color: #997b2f;\">el boquer\u00f3n<\/span><\/strong>, al descubrir c\u00f3mo me pod\u00eda cautivar tanto tan m\u00ednimo bocado (la elegancia de un escabeche mimado).<\/p>\n<p><strong>Sent\u00ed<\/strong>&#8230; pasi\u00f3n desbordada ante <strong><span style=\"color: #997b2f;\">los guisantes del Maresme con su chalota<\/span> <\/strong>casi invisible y su trufa casi imbatible. Pasi\u00f3n por sentir en tu paladar toda la sensualidad del mundo en un torrente de dulzura, frescor, huerta&#8230;<\/p>\n<p><a href=\"https:\/\/static-blogs.lasprovincias.es\/wp-content\/uploads\/sites\/18\/2018\/02\/IMG_6019.jpg\"><img loading=\"lazy\" class=\"size-large wp-image-15013 aligncenter\" src=\"https:\/\/static-blogs.lasprovincias.es\/wp-content\/uploads\/sites\/18\/2018\/02\/IMG_6019-1024x683.jpg\" alt=\"img_6019\" width=\"1024\" height=\"683\" srcset=\"https:\/\/static-blogs.lasprovincias.es\/wp-content\/uploads\/sites\/18\/2018\/02\/IMG_6019.jpg 1024w, https:\/\/static-blogs.lasprovincias.es\/wp-content\/uploads\/sites\/18\/2018\/02\/IMG_6019-300x200.jpg 300w, https:\/\/static-blogs.lasprovincias.es\/wp-content\/uploads\/sites\/18\/2018\/02\/IMG_6019-768x512.jpg 768w\" sizes=\"(max-width: 1024px) 100vw, 1024px\" \/><\/a><\/p>\n<p><strong>Sent\u00ed&#8230;<\/strong> una absoluta excitaci\u00f3n ante <strong><span style=\"color: #997b2f;\">el morrillo de salm\u00f3n con la crema de chiriv\u00eda, de nuevo con su trufa,<\/span><\/strong> que fue eso que llamamos placer en may\u00fasculas. (Perdonen mis pasiones desbordadas&#8230; ya me hago due\u00f1o yo de ellas).<\/p>\n<p>Poes\u00eda culinaria en un <strong><span style=\"color: #997b2f;\">carabinero al papillote<\/span><\/strong> con su cabeza tocada por la sobrasada que podr\u00eda ser un Brossa de la Tasquita. Poes\u00eda en su <span style=\"color: #997b2f;\"><strong>calamar plancha<\/strong> <\/span>que sintetiza todo de lo que te hablaba. Poes\u00eda en su <strong><span style=\"color: #997b2f;\">lenguado <em>a la meuni\u00e8re <\/em><\/span><\/strong>y <strong><span style=\"color: #ab1010;\">todo un poemario en sus callos.<\/span><\/strong> Y, para dejarte flotando, su <strong><span style=\"color: #997b2f;\">tarta de queso<\/span><\/strong> que, ya no exagero m\u00e1s, pero era digna de un buen alegato literario.<\/p>\n<div id=\"attachment_15152\" style=\"width: 1034px\" class=\"wp-caption aligncenter\"><a href=\"https:\/\/static-blogs.lasprovincias.es\/wp-content\/uploads\/sites\/18\/2018\/02\/IMG_20180123_213421.jpg\"><img aria-describedby=\"caption-attachment-15152\" loading=\"lazy\" class=\"size-large wp-image-15152\" src=\"https:\/\/static-blogs.lasprovincias.es\/wp-content\/uploads\/sites\/18\/2018\/02\/IMG_20180123_213421-1024x768.jpg\" alt=\"dav\" width=\"1024\" height=\"768\" srcset=\"https:\/\/static-blogs.lasprovincias.es\/wp-content\/uploads\/sites\/18\/2018\/02\/IMG_20180123_213421.jpg 1024w, https:\/\/static-blogs.lasprovincias.es\/wp-content\/uploads\/sites\/18\/2018\/02\/IMG_20180123_213421-300x225.jpg 300w, https:\/\/static-blogs.lasprovincias.es\/wp-content\/uploads\/sites\/18\/2018\/02\/IMG_20180123_213421-768x576.jpg 768w\" sizes=\"(max-width: 1024px) 100vw, 1024px\" \/><\/a><p id=\"caption-attachment-15152\" class=\"wp-caption-text\">Verso descalzo: el oc\u00e9ano en un calamar.<\/p><\/div>\n<div id=\"attachment_15153\" style=\"width: 1034px\" class=\"wp-caption aligncenter\"><a href=\"https:\/\/static-blogs.lasprovincias.es\/wp-content\/uploads\/sites\/18\/2018\/02\/IMG_20180123_214137.jpg\"><img aria-describedby=\"caption-attachment-15153\" loading=\"lazy\" class=\"size-large wp-image-15153\" src=\"https:\/\/static-blogs.lasprovincias.es\/wp-content\/uploads\/sites\/18\/2018\/02\/IMG_20180123_214137-1024x768.jpg\" alt=\"Verso descalzo: un lenguado en su propio mar.\" width=\"1024\" height=\"768\" srcset=\"https:\/\/static-blogs.lasprovincias.es\/wp-content\/uploads\/sites\/18\/2018\/02\/IMG_20180123_214137.jpg 1024w, https:\/\/static-blogs.lasprovincias.es\/wp-content\/uploads\/sites\/18\/2018\/02\/IMG_20180123_214137-300x225.jpg 300w, https:\/\/static-blogs.lasprovincias.es\/wp-content\/uploads\/sites\/18\/2018\/02\/IMG_20180123_214137-768x576.jpg 768w\" sizes=\"(max-width: 1024px) 100vw, 1024px\" \/><\/a><p id=\"caption-attachment-15153\" class=\"wp-caption-text\">Verso descalzo: un lenguado en su propio mar.<\/p><\/div>\n<div class=\"mceTemp\"><\/div>\n<div id=\"attachment_15154\" style=\"width: 1034px\" class=\"wp-caption aligncenter\"><a href=\"https:\/\/static-blogs.lasprovincias.es\/wp-content\/uploads\/sites\/18\/2018\/02\/IMG_20180123_215154.jpg\"><img aria-describedby=\"caption-attachment-15154\" loading=\"lazy\" class=\"size-large wp-image-15154\" src=\"https:\/\/static-blogs.lasprovincias.es\/wp-content\/uploads\/sites\/18\/2018\/02\/IMG_20180123_215154-1024x768.jpg\" alt=\"dav\" width=\"1024\" height=\"768\" srcset=\"https:\/\/static-blogs.lasprovincias.es\/wp-content\/uploads\/sites\/18\/2018\/02\/IMG_20180123_215154.jpg 1024w, https:\/\/static-blogs.lasprovincias.es\/wp-content\/uploads\/sites\/18\/2018\/02\/IMG_20180123_215154-300x225.jpg 300w, https:\/\/static-blogs.lasprovincias.es\/wp-content\/uploads\/sites\/18\/2018\/02\/IMG_20180123_215154-768x576.jpg 768w\" sizes=\"(max-width: 1024px) 100vw, 1024px\" \/><\/a><p id=\"caption-attachment-15154\" class=\"wp-caption-text\">Verso descalzo: con la verdad me callo. O callos de verdad.<\/p><\/div>\n<p>&nbsp;<\/p>\n<div id=\"attachment_15188\" style=\"width: 1034px\" class=\"wp-caption aligncenter\"><a href=\"https:\/\/static-blogs.lasprovincias.es\/wp-content\/uploads\/sites\/18\/2018\/02\/IMG_20180123_220049.jpg\"><img aria-describedby=\"caption-attachment-15188\" loading=\"lazy\" class=\"size-large wp-image-15188\" src=\"https:\/\/static-blogs.lasprovincias.es\/wp-content\/uploads\/sites\/18\/2018\/02\/IMG_20180123_220049-1024x768.jpg\" alt=\"Verso descalzo, una tarta que parece un abrazo.\" width=\"1024\" height=\"768\" srcset=\"https:\/\/static-blogs.lasprovincias.es\/wp-content\/uploads\/sites\/18\/2018\/02\/IMG_20180123_220049.jpg 1024w, https:\/\/static-blogs.lasprovincias.es\/wp-content\/uploads\/sites\/18\/2018\/02\/IMG_20180123_220049-300x225.jpg 300w, https:\/\/static-blogs.lasprovincias.es\/wp-content\/uploads\/sites\/18\/2018\/02\/IMG_20180123_220049-768x576.jpg 768w\" sizes=\"(max-width: 1024px) 100vw, 1024px\" \/><\/a><p id=\"caption-attachment-15188\" class=\"wp-caption-text\">Verso descalzo: una tarta que parece un abrazo.<\/p><\/div>\n<p>&nbsp;<\/p>\n<hr \/>\n<p style=\"text-align: center;\"><span style=\"color: #997b2f;\"><strong>LA TASQUITA A SORBOS<\/strong><\/span><\/p>\n<p style=\"text-align: center;\"><span style=\"color: #997b2f;\"><em>El primer vino que me sirvieron (nos sirvieron) fue un OVNI de bodegas Navazos. En la etiqueta, un funambulista lanzaba bolas al aire, tambi\u00e9n ejerciendo de equilibrista. Hommahe, Alsace Kientz, Sake, Pegasus Bay Riesling, Collates, Main Divide Pintor Gris 2014. <strong>Las Se\u00f1oras.<\/strong>\u00a0Fue como un espect\u00e1culo paralelo para el paladar. O quiz\u00e1 no paralelo, sino trenzado. Cada plato ten\u00eda su compa\u00f1\u00eda y val\u00eda la pena (mucho) disfrutar de ella; cada sorbo te contaba su novela. Aunque ando de retirada de maridajes trepidantes, casos como \u00e9ste son la grandiosa excepci\u00f3n.<\/em><\/span><\/p>\n<p style=\"text-align: center;\"><span style=\"color: #997b2f;\"><em>(A tus pies, Arturo).<\/em><\/span><\/p>\n<hr \/>\n<p>&nbsp;<\/p>\n<p><span style=\"color: #ab1010;\">IV.\u00a0 <strong>&#8220;\u00bfPara qu\u00e9 voy a escribir de la Tasquita de Enfrente si ella lo dice todo sin decir nada?&#8221;<\/strong>, me dije.<\/span><\/p>\n<p>En realidad s\u00ed que pod\u00eda decir algo. Superficial. Que Juanjo luce mocasines de cuero fino y chaquetilla blanco-impoluto que parece hasta almidonada. Como queriendo transmitir se\u00f1or\u00edo. Aunque cerca de \u00e9l, cuando empiezas a derribar la fachada, <strong>ves en Juanjo al cocinero que dej\u00f3 la corbata porque su verdad le empujaba hacia el c\u00e1lido fuego de la cocina <\/strong>que abrieron sus padres hace cincuenta a\u00f1os. <strong>Y la cocina le empuj\u00f3 a buscar en ella la franqueza que en muchos casos le falta a la gastronom\u00eda.<\/strong> No hay doble filo, ni mentira en su poes\u00eda. Ni siquiera met\u00e1fora. <span style=\"color: #997b2f;\"><strong>Todo es tan sencillo que roza lo magistral<\/strong> <\/span>cuando das cucharada a sus callos y el paladar llora EMOCIONADO.<\/p>\n<p>Sal\u00ed, s\u00ed, EMOCIONADO. Hab\u00eda cenado con <strong>Enrique Cillero<\/strong>, ya te dije. Esas conversaciones enriquecen. Hablamos hasta de la poes\u00eda de<strong> Rafa Brines<\/strong>. <em><span style=\"color: #997b2f;\">&#8220;Y el pecho se consuela, porque sabe\/\u00a0que el mundo pudo ser una bella verdad&#8221;<\/span><\/em>. Devoramos el tiempo de aquella noche en ese\u00a0templo de la cocina madrile\u00f1a, en el que en una sola noche observ\u00e9 -como esp\u00eda que uno es- que se dieron all\u00ed cita gentes de la gastronom\u00eda: los que editan las mejores historias al albor de la cocina en estas tierras <strong>desde 1905<\/strong>; quien mima como nadie al padre de las estrellas (<strong>Michelin<\/strong>, para darte m\u00e1s pistas); unos japoneses que lucen tres de ellas; un hostelero que hace con la trufa destellos por esa Huesca que a\u00f1oro; la buena gente de <strong>Murri<\/strong> (Alicante),\u00a0 y hasta el maestro de la luz, que en <strong>Noor<\/strong> crea la cocina vanguardista que da alas a la historia cordobesa.<\/p>\n<p style=\"text-align: center;\"><a href=\"https:\/\/static-blogs.lasprovincias.es\/wp-content\/uploads\/sites\/18\/2018\/02\/IMG_6033.jpg\"><img loading=\"lazy\" class=\"alignnone size-full wp-image-15155\" src=\"https:\/\/static-blogs.lasprovincias.es\/wp-content\/uploads\/sites\/18\/2018\/02\/IMG_6033.jpg\" alt=\"img_6033\" width=\"768\" height=\"812\" srcset=\"https:\/\/static-blogs.lasprovincias.es\/wp-content\/uploads\/sites\/18\/2018\/02\/IMG_6033.jpg 768w, https:\/\/static-blogs.lasprovincias.es\/wp-content\/uploads\/sites\/18\/2018\/02\/IMG_6033-284x300.jpg 284w\" sizes=\"(max-width: 768px) 100vw, 768px\" \/><\/a><\/p>\n<p>As\u00ed se mostr\u00f3 ante m\u00ed La Tasquita. <strong>Tan aparentemente sencilla como a su vez viva.<\/strong>\u00a0As\u00ed se mostr\u00f3 ante m\u00ed el alma de la Tasquita de Enfrente, esa que a\u00fan alguna noche me despierta con sus caricias. Unos guisantes, un boquer\u00f3n, un calamar desnudo y un sorbo de Las Se\u00f1oras.<\/p>\n<p>&nbsp;<\/p>\n<hr \/>\n<p>&nbsp;<\/p>\n<p><span style=\"color: #ab1010;\">V. <strong>&#8220;\u00bfPara qu\u00e9 voy a escribir de la Tasquita de Enfrente si ella lo dice todo sin decir nada?<\/strong>&#8220;, me pregunt\u00e9&#8230; hasta que le\u00ed unos versos de <strong><span style=\"color: #333333;\">\u00c1ngel Gonz\u00e1lez<\/span><\/strong> y encontr\u00e9 la respuesta:<\/span><\/p>\n<p style=\"text-align: right;\"><span style=\"color: #808080;\"><strong>&#8220;A veces, las palabras se posan sobre las cosas como una<\/strong><\/span><\/p>\n<p style=\"text-align: right;\"><span style=\"color: #808080;\"><strong>mariposa sobre una flor, y las recubren de colo-<\/strong><\/span><\/p>\n<p style=\"text-align: right; padding-left: 30px;\"><span style=\"color: #808080;\"><strong>res nuevos&#8221;.\u00a0 \u00a0 \u00a0 \u00a0 \u00a0 \u00a0 \u00a0 \u00a0 \u00a0 \u00a0 \u00a0 \u00a0 \u00a0 \u00a0 \u00a0 \u00a0 \u00a0 \u00a0 \u00a0 \u00a0 \u00a0 \u00a0 \u00a0 \u00a0 \u00a0 \u00a0 \u00a0 \u00a0 \u00a0 \u00a0 \u00a0 \u00a0 \u00a0 \u00a0 \u00a0 \u00a0 \u00a0 \u00a0 \u00a0 \u00a0 \u00a0 \u00a0<\/strong><\/span><\/p>\n<p>&nbsp;<\/p>\n<p style=\"text-align: center;\"><a href=\"https:\/\/static-blogs.lasprovincias.es\/wp-content\/uploads\/sites\/18\/2018\/02\/1518503047197.jpeg\"><img loading=\"lazy\" class=\"alignnone size-full wp-image-15121\" src=\"https:\/\/static-blogs.lasprovincias.es\/wp-content\/uploads\/sites\/18\/2018\/02\/1518503047197.jpeg\" alt=\"1518503047197\" width=\"640\" height=\"484\" srcset=\"https:\/\/static-blogs.lasprovincias.es\/wp-content\/uploads\/sites\/18\/2018\/02\/1518503047197.jpeg 640w, https:\/\/static-blogs.lasprovincias.es\/wp-content\/uploads\/sites\/18\/2018\/02\/1518503047197-300x227.jpeg 300w\" sizes=\"(max-width: 640px) 100vw, 640px\" \/><\/a><\/p>\n<!-- AddThis Advanced Settings generic via filter on the_content --><!-- AddThis Share Buttons generic via filter on the_content -->","protected":false},"excerpt":{"rendered":"<p>&#8220;\u00bfPara qu\u00e9 voy a escribir de la Tasquita de Enfrente si ella lo dice todo sin decir nada?&#8221;, me dije. De hecho, sal\u00ed de all\u00ed pensando que sobran las palabras porque su historia la escribe su propia energ\u00eda: esa que se escapa a raudales por los entresijos de esta casa de comidas de la calle [&hellip;]<!-- AddThis Advanced Settings generic via filter on get_the_excerpt --><!-- AddThis Share Buttons generic via filter on get_the_excerpt --><\/p>\n","protected":false},"author":23,"featured_media":0,"comment_status":"open","ping_status":"open","sticky":false,"template":"","format":"standard","meta":[],"categories":[3,4,5,1,7],"tags":[1445,1447,1444,1411,1442,1446],"_links":{"self":[{"href":"https:\/\/blogs.lasprovincias.es\/historiascondelantal\/wp-json\/wp\/v2\/posts\/15120"}],"collection":[{"href":"https:\/\/blogs.lasprovincias.es\/historiascondelantal\/wp-json\/wp\/v2\/posts"}],"about":[{"href":"https:\/\/blogs.lasprovincias.es\/historiascondelantal\/wp-json\/wp\/v2\/types\/post"}],"author":[{"embeddable":true,"href":"https:\/\/blogs.lasprovincias.es\/historiascondelantal\/wp-json\/wp\/v2\/users\/23"}],"replies":[{"embeddable":true,"href":"https:\/\/blogs.lasprovincias.es\/historiascondelantal\/wp-json\/wp\/v2\/comments?post=15120"}],"version-history":[{"count":20,"href":"https:\/\/blogs.lasprovincias.es\/historiascondelantal\/wp-json\/wp\/v2\/posts\/15120\/revisions"}],"predecessor-version":[{"id":15206,"href":"https:\/\/blogs.lasprovincias.es\/historiascondelantal\/wp-json\/wp\/v2\/posts\/15120\/revisions\/15206"}],"wp:attachment":[{"href":"https:\/\/blogs.lasprovincias.es\/historiascondelantal\/wp-json\/wp\/v2\/media?parent=15120"}],"wp:term":[{"taxonomy":"category","embeddable":true,"href":"https:\/\/blogs.lasprovincias.es\/historiascondelantal\/wp-json\/wp\/v2\/categories?post=15120"},{"taxonomy":"post_tag","embeddable":true,"href":"https:\/\/blogs.lasprovincias.es\/historiascondelantal\/wp-json\/wp\/v2\/tags?post=15120"}],"curies":[{"name":"wp","href":"https:\/\/api.w.org\/{rel}","templated":true}]}}