{"id":15126,"date":"2018-02-14T18:53:16","date_gmt":"2018-02-14T16:53:16","guid":{"rendered":"http:\/\/blogs.lasprovincias.es\/historiascondelantal\/?p=15126"},"modified":"2018-02-14T19:42:58","modified_gmt":"2018-02-14T17:42:58","slug":"carlos-medina-me-gustaria-poder-cocinar-semen-de-bacalao-es-de-lo-mas-delicioso-que-he-probado","status":"publish","type":"post","link":"https:\/\/blogs.lasprovincias.es\/historiascondelantal\/2018\/02\/14\/carlos-medina-me-gustaria-poder-cocinar-semen-de-bacalao-es-de-lo-mas-delicioso-que-he-probado\/","title":{"rendered":"Carlos Medina: \u00abMe gustar\u00eda poder cocinar semen de bacalao; es de lo m\u00e1s delicioso que he probado\u00bb"},"content":{"rendered":"<p><strong>Mientras afilaba los l\u00e1pices, Carlos deambulaba por un bajo destartalado que acoger\u00e1 su futuro estudio de asesoramiento gastron\u00f3mico. Oficinas que se convertir\u00e1n los fines de semana en un restaurante. Se llamar\u00e1 \u2018Leche el\u00e9ctrica\u2019 y el cocinero, que se dio a conocer como participante de Top Chef, mantiene que, junto a su socio, quiere hacer algo diferente: <span style=\"color: #ab1010;\">\u00abVan a ver platos que vuelan, platos invisibles<\/span>, mucha t\u00e9cnica, pero tambi\u00e9n mucho producto\u00bb. Con ese precedente nos lanzamos a descuartizarlo.<\/strong><\/p>\n<h3 style=\"text-align: right;\">#SALADE<strong>DESPIECE<\/strong><\/h3>\n<p style=\"text-align: right;\">1- JOAQU\u00cdN<strong>\u00a0SCHMIDT.<\/strong>\u00a0<span style=\"color: #808080;\"><a style=\"color: #808080;\" href=\"https:\/\/blogs.lasprovincias.es\/historiascondelantal\/2018\/01\/15\/joaquin-schmidt-creo-que-soy-un-poco-extraterrestre-pero-con-los-pies-en-el-suelo\/\">FUERA DE\u00a0<strong>GUI\u00d3N<\/strong><\/a><\/span><\/p>\n<p style=\"text-align: right;\">2- MANUEL\u00a0<strong>ALONSO<\/strong>. <span style=\"color: #808080;\"><a style=\"color: #808080;\" href=\"https:\/\/blogs.lasprovincias.es\/historiascondelantal\/2018\/01\/23\/manuel-alonso-me-gustaria-bailar-como-michael-jackson\/\">EXTRA DE\u00a0<strong>PASI\u00d3N<\/strong><\/a><\/span><\/p>\n<p style=\"text-align: right;\">3- ABRAHAM\u00a0<strong>GARC\u00cdA<\/strong>.\u00a0<a href=\"https:\/\/blogs.lasprovincias.es\/historiascondelantal\/2018\/02\/08\/abraham-garcia-las-pasiones-como-los-besos-y-los-callos-son-con-lengua-o-no-lo-son\/\"><span style=\"color: #808080;\">RE\/VERSO\u00a0<strong>LIBRE<\/strong><\/span><\/a><\/p>\n<p style=\"text-align: right;\">4. CARLOS<strong> MEDINA. <\/strong>COCINA<strong> EL\u00c9CTRICA<\/strong><\/p>\n<p style=\"text-align: right;\"><span style=\"color: #808080;\">(Reportaje fotogr\u00e1fico: Dami\u00e1n Torres\/LP)<\/span><\/p>\n<p>&nbsp;<\/p>\n<p><a href=\"https:\/\/static-blogs.lasprovincias.es\/wp-content\/uploads\/sites\/18\/2018\/02\/1403910296.jpg\"><img loading=\"lazy\" class=\"size-large wp-image-15130 aligncenter\" src=\"https:\/\/static-blogs.lasprovincias.es\/wp-content\/uploads\/sites\/18\/2018\/02\/1403910296-1024x648.jpg\" alt=\"Comunidad Valenciana. Valencia 18 de Enero de 2018. Carlos Medina. Fotograf\u2019a de: Damian Torres\" width=\"1024\" height=\"648\" srcset=\"https:\/\/static-blogs.lasprovincias.es\/wp-content\/uploads\/sites\/18\/2018\/02\/1403910296-1024x648.jpg 1024w, https:\/\/static-blogs.lasprovincias.es\/wp-content\/uploads\/sites\/18\/2018\/02\/1403910296-300x190.jpg 300w, https:\/\/static-blogs.lasprovincias.es\/wp-content\/uploads\/sites\/18\/2018\/02\/1403910296-768x486.jpg 768w\" sizes=\"(max-width: 1024px) 100vw, 1024px\" \/><\/a><a href=\"https:\/\/static-blogs.lasprovincias.es\/wp-content\/uploads\/sites\/18\/2018\/02\/1518529786592.jpeg\"><img loading=\"lazy\" class=\"alignnone size-large wp-image-15162 aligncenter\" src=\"https:\/\/static-blogs.lasprovincias.es\/wp-content\/uploads\/sites\/18\/2018\/02\/1518529786592-1024x250.jpeg\" alt=\"1518529786592\" width=\"1024\" height=\"250\" srcset=\"https:\/\/static-blogs.lasprovincias.es\/wp-content\/uploads\/sites\/18\/2018\/02\/1518529786592-1024x250.jpeg 1024w, https:\/\/static-blogs.lasprovincias.es\/wp-content\/uploads\/sites\/18\/2018\/02\/1518529786592-300x73.jpeg 300w, https:\/\/static-blogs.lasprovincias.es\/wp-content\/uploads\/sites\/18\/2018\/02\/1518529786592-768x187.jpeg 768w, https:\/\/static-blogs.lasprovincias.es\/wp-content\/uploads\/sites\/18\/2018\/02\/1518529786592.jpeg 2048w\" sizes=\"(max-width: 1024px) 100vw, 1024px\" \/><\/a><\/p>\n<h3 style=\"text-align: right;\"><\/h3>\n<h3 style=\"text-align: right;\"><\/h3>\n<p><!--more--><\/p>\n<h3><\/h3>\n<h3><span style=\"color: #ab1010;\">EXTREMIDADES<\/span><\/h3>\n<p><strong>A lo Mazinger Z, pu\u00f1os fuera. \u00bfHacia d\u00f3nde?<\/strong><\/p>\n<p>Hacia los blogueros que no saben de gastronom\u00eda.<\/p>\n<p><strong>\u00bfD\u00f3nde meter\u00edas un dedo?<\/strong><\/p>\n<p>En una salsa que est\u00e9 muy buena.<\/p>\n<p><strong>\u00bfNegar\u00edas la mano a&#8230;?<\/strong><\/p>\n<p>A nadie. El rencor es de gente poco inteligente.<\/p>\n<p><strong>\u00bfA qui\u00e9n te hubiese gustado d\u00e1rsela?<\/strong><\/p>\n<p>Nunca he tenido un \u00eddolo gigantesco y a quien lo he considerado como tal se la he podido dar.<\/p>\n<p><strong>\u00bfHaces pesas? Nunca. El \u00fanico ejercicio es levantar el cuchillo.<\/strong><\/p>\n<p>Te pones de puntillas, \u00bfbailar\u00edas ballet?<\/p>\n<p><strong>Me pongo de puntillas constantemente porque soy muy bajito. Hago ballet todos los d\u00edas.<\/strong><\/p>\n<p>Tus zapatos m\u00e1gicos&#8230;. Cuando era peque\u00f1o, unos de charol negro que me dec\u00eda mi madre que no me quitaba para nada. Me los pon\u00eda con el ch\u00e1ndal, cuando llov\u00eda, cuando no\u2026<\/p>\n<p><strong>\u00bfQui\u00e9n te dio un puntapi\u00e9?<\/strong><\/p>\n<p>Mucha gente.<\/p>\n<p><strong>Hablando de dar patadas, \u00bfcharlamos de f\u00fatbol?<\/strong><\/p>\n<p>No me gusta.<\/p>\n<p><strong>Pues sin hablar de f\u00fatbol, \u00bfqu\u00e9 te sugiere la palabra pelota? O pelotas.<\/strong><\/p>\n<p>Una esferificaci\u00f3n.<\/p>\n<h3><\/h3>\n<h3><span style=\"color: #ab1010;\">TRONCO <\/span><\/h3>\n<p><strong>Tat\u00faate algo en el tronco.<\/strong><\/p>\n<p>Tengo los brazos tatuados con palabras japonesas.<\/p>\n<p><strong>Los marineros se tatuaban sirenas.<\/strong><\/p>\n<p>La m\u00eda ser\u00eda un espeto malague\u00f1o.<\/p>\n<p><strong>Cocina algo con ri\u00f1ones, pulmones\u2026<\/strong><\/p>\n<p>Creo que buscar\u00eda el coraz\u00f3n. Hecho a baja temperatura, rollo anticucho, es una maravilla.<\/p>\n<p><strong>\u00bfQu\u00e9 otra parte del cuerpo te gusta cocinar?<\/strong><\/p>\n<p>De cuerpo humano no he comido\u2026 Lo que m\u00e1s me ha gustado, y me gustar\u00eda poder cocinar, es el semen de bacalao. Es de lo m\u00e1s delicioso que he probado. En Jap\u00f3n.<\/p>\n<p><strong>\u00bfTe miras el ombligo?<\/strong><\/p>\n<p>\u00daltimamente s\u00ed, porque me ha salido barriga<\/p>\n<p><strong>\u00bfLos chefs estrella se miran mucho el ombligo?<\/strong><\/p>\n<p>Creo que m\u00e1s que ellos, quienes les llevan las redes sociales.<\/p>\n<p><strong>\u00bfPor qu\u00e9 sacar\u00edas pecho?<\/strong><\/p>\n<p>Porque la gente pase hambre y por la alimentaci\u00f3n en los colegios, que creo que es p\u00e9sima.<\/p>\n<p><strong>\u00bfPor qui\u00e9n te lo partir\u00edas?<\/strong><\/p>\n<p>Supongo que me lo partir\u00eda por mi madre.<\/p>\n<p><strong>Mi plato preferido el pasado a\u00f1o es del Celler de Can Roca. \u00bfEl tuyo?<\/strong><\/p>\n<p>Uf&#8230; casi todos los d\u00edas como en restaurantes. Creo que unas croquetas de pulpo que hacemos nosotros. Es un poco eg\u00f3latra pero\u2026<\/p>\n<p><strong>\u00bfCon qu\u00e9 maltratas o maltrataste tu h\u00edgado?<\/strong><\/p>\n<p>El otro d\u00eda, con un chupito de mezcal.<\/p>\n<p>&nbsp;<\/p>\n<p style=\"text-align: center;\"><a href=\"https:\/\/static-blogs.lasprovincias.es\/wp-content\/uploads\/sites\/18\/2018\/02\/1403910313.jpg\"><img loading=\"lazy\" class=\"size-large wp-image-15132\" src=\"https:\/\/static-blogs.lasprovincias.es\/wp-content\/uploads\/sites\/18\/2018\/02\/1403910313-1024x660.jpg\" alt=\"Comunidad Valenciana. Valencia 18 de Enero de 2018. Carlos Medina. Fotograf\u2019a de: Damian Torres\" width=\"1024\" height=\"660\" srcset=\"https:\/\/static-blogs.lasprovincias.es\/wp-content\/uploads\/sites\/18\/2018\/02\/1403910313-1024x660.jpg 1024w, https:\/\/static-blogs.lasprovincias.es\/wp-content\/uploads\/sites\/18\/2018\/02\/1403910313-300x193.jpg 300w, https:\/\/static-blogs.lasprovincias.es\/wp-content\/uploads\/sites\/18\/2018\/02\/1403910313-768x495.jpg 768w\" sizes=\"(max-width: 1024px) 100vw, 1024px\" \/><\/a><\/p>\n<h3><\/h3>\n<h3><span style=\"color: #ab1010;\">CORAZ\u00d3N <\/span><\/h3>\n<p><strong>Te abro en canal, \u00bfqu\u00e9 encuentro en tu coraz\u00f3n?<\/strong><\/p>\n<p>Un mont\u00f3n de cocina, de libros, de recetas\u2026<\/p>\n<p><strong>\u00bfQui\u00e9n te lo parti\u00f3? <\/strong><\/p>\n<p>Mi carnicero Rafa. (R\u00ede) No quiero hablar de amores.<\/p>\n<p><strong>Con el coraz\u00f3n en la mano, \u00bfTop Chef fue bueno o malo?<\/strong><\/p>\n<p>Cincuenta por ciento bueno y cincuenta por ciento malo.<\/p>\n<p><strong>Con el coraz\u00f3n en la otra mano, \u00bfqu\u00e9 tal cocinero eres?<\/strong><\/p>\n<p>Soy muy diferente al resto, partiendo de la base que no puedo leer comandas porque tengo una dislexia de tres pares de cojones.<\/p>\n<p><strong>Cuando tu coraz\u00f3n era peque\u00f1o, \u00bfqu\u00e9 so\u00f1abas ser?<\/strong><\/p>\n<p>Con ser notario, aunque mi madre me dec\u00eda que quer\u00eda ser camarero.<\/p>\n<p><strong>La pel\u00edcula que te puso el coraz\u00f3n a mil.<\/strong><\/p>\n<p>Lobster<\/p>\n<p><strong>\u00bfY cu\u00e1ndo se te desboc\u00f3?<\/strong><\/p>\n<p>Ayer en las escaleras.<\/p>\n<h3><\/h3>\n<p>&nbsp;<\/p>\n<h3><span style=\"color: #ab1010;\">CABEZA <\/span><\/h3>\n<p><strong>Haz de Salom\u00e9, p\u00eddeme la cabeza de alguien.<\/strong><\/p>\n<p>La de todos los pol\u00edticos sin excepci\u00f3n. Todos son una panda de ladrones.<\/p>\n<p><strong>\u00bfQu\u00e9 me servir\u00edas t\u00fa en una bandeja?<\/strong><\/p>\n<p>Si fuera de plata, una langosta tournedo con sus mantequillitas y sus br\u00f3colis y zanahorias mini; todo muy franc\u00e9s y cl\u00e1sico.<\/p>\n<p><strong>Movamos las neuronas: ocho por ocho.<\/strong><\/p>\n<p>Ostras&#8230;64. \u00bfno?<\/p>\n<p>\u00bfQu\u00e9 sue\u00f1o se fragua?<\/p>\n<p>Mi restaurante. Leche el\u00e9ctrica.<\/p>\n<p><strong>\u00bfQu\u00e9 sue\u00f1o se te escap\u00f3?<\/strong><\/p>\n<p>Todo lo que me propongo lo acabo consiguiendo.<\/p>\n<p><strong>La cabeza de qu\u00e9 cocinero te gustar\u00eda tener &#8230;<\/strong><\/p>\n<p>Ser\u00eda una mezcla de Ferran Adri\u00e0, Eduard Xatruch, Mateu Casa\u00f1as, Oriol Castro, Diego Guerreo, Dani Garc\u00eda, Andoni Luis Aduriz\u2026<\/p>\n<p><strong>El peluquero te pregunta: \u00bfqu\u00e9 tal todo?<\/strong><\/p>\n<p>Bien. No soporto a quien siempre dice que todo mal.<\/p>\n<p><strong>Saca la navaja de afeitar, te la pone en el cuello y exige tu secreto.<\/strong><\/p>\n<p>Le dir\u00eda que tengo miedo a la sangre. Y es cierto.<\/p>\n<p><strong>Ponme la miel en la boca. Dame el titular.<\/strong><\/p>\n<p>Que voy a abrir un restaurante en Valencia.<\/p>\n<div id=\"attachment_15133\" style=\"width: 1034px\" class=\"wp-caption aligncenter\"><a href=\"https:\/\/static-blogs.lasprovincias.es\/wp-content\/uploads\/sites\/18\/2018\/02\/1403910278.jpg\"><img aria-describedby=\"caption-attachment-15133\" loading=\"lazy\" class=\"size-large wp-image-15133\" src=\"https:\/\/static-blogs.lasprovincias.es\/wp-content\/uploads\/sites\/18\/2018\/02\/1403910278-1024x658.jpg\" alt=\"Comunidad Valenciana. Valencia 18 de Enero de 2018. Carlos Medina. Fotograf\u2019a de: Damian Torres\" width=\"1024\" height=\"658\" srcset=\"https:\/\/static-blogs.lasprovincias.es\/wp-content\/uploads\/sites\/18\/2018\/02\/1403910278-1024x658.jpg 1024w, https:\/\/static-blogs.lasprovincias.es\/wp-content\/uploads\/sites\/18\/2018\/02\/1403910278-300x193.jpg 300w, https:\/\/static-blogs.lasprovincias.es\/wp-content\/uploads\/sites\/18\/2018\/02\/1403910278-768x494.jpg 768w\" sizes=\"(max-width: 1024px) 100vw, 1024px\" \/><\/a><p id=\"caption-attachment-15133\" class=\"wp-caption-text\">Carlos Medina. Fotograf\u00cda de: Damian Torres<\/p><\/div>\n<hr \/>\n<p style=\"text-align: center;\"><strong><span style=\"color: #ab1010;\">AUTOREPLATO<\/span><\/strong><\/p>\n<p style=\"text-align: center;\"><span style=\"color: #ab1010;\">\u00abPara no hacer una descripci\u00f3n de m\u00ed mismo, te dir\u00eda la que hace mi pareja, Laura, de m\u00ed. Dice que soy un t\u00edo raro, muy listo y que necesita centrarse a veces. Creo que soy as\u00ed. Una persona creativa, que sue\u00f1o con hacer muchas cosas y que algunos las ven como una locura\u00bb. Explica su plan de crear platos que vuelan, de que la tecnolog\u00eda lo permite y que, cuando lo cuenta, hay quien le dice que est\u00e1 \u00abcomo una cabra\u00bb. Aunque el tiempo, le avala. O le avalar\u00e1. De momento, habla de proyectos que danzan. \u00abDisfruto much\u00edsimo con lo que hago y soy incre\u00edblemente feliz. Cuando llegan los viernes, ahora que trabajo entre semana, me digo: qu\u00e9 pena\u00bb. Carlos se dibuja, \u00e9l tan transgresor, como un cl\u00e1sico: gorro, sart\u00e9n en la mano y huevo frito chapoteando. <span style=\"color: #333333;\">\u00c9ste es su <strong>AUTOREPLATO<\/strong><\/span><\/span><\/p>\n<p style=\"text-align: center;\"><a href=\"https:\/\/static-blogs.lasprovincias.es\/wp-content\/uploads\/sites\/18\/2018\/02\/1518616300141.png\"><img loading=\"lazy\" class=\"alignnone size-full wp-image-15169\" src=\"https:\/\/static-blogs.lasprovincias.es\/wp-content\/uploads\/sites\/18\/2018\/02\/1518616300141.png\" alt=\"1518616300141\" width=\"640\" height=\"640\" srcset=\"https:\/\/static-blogs.lasprovincias.es\/wp-content\/uploads\/sites\/18\/2018\/02\/1518616300141.png 640w, https:\/\/static-blogs.lasprovincias.es\/wp-content\/uploads\/sites\/18\/2018\/02\/1518616300141-150x150.png 150w, https:\/\/static-blogs.lasprovincias.es\/wp-content\/uploads\/sites\/18\/2018\/02\/1518616300141-300x300.png 300w\" sizes=\"(max-width: 640px) 100vw, 640px\" \/><\/a><\/p>\n<p>&nbsp;<\/p>\n<p>&nbsp;<\/p>\n<hr \/>\n<p style=\"text-align: center;\"><span style=\"color: #ab1010;\"><span style=\"color: #333333;\"><strong><a href=\"https:\/\/static-blogs.lasprovincias.es\/wp-content\/uploads\/sites\/18\/2018\/02\/1518503047197-1.jpeg\"><img loading=\"lazy\" class=\"alignnone size-full wp-image-15137\" src=\"https:\/\/static-blogs.lasprovincias.es\/wp-content\/uploads\/sites\/18\/2018\/02\/1518503047197-1.jpeg\" alt=\"1518503047197\" width=\"640\" height=\"484\" srcset=\"https:\/\/static-blogs.lasprovincias.es\/wp-content\/uploads\/sites\/18\/2018\/02\/1518503047197-1.jpeg 640w, https:\/\/static-blogs.lasprovincias.es\/wp-content\/uploads\/sites\/18\/2018\/02\/1518503047197-1-300x227.jpeg 300w\" sizes=\"(max-width: 640px) 100vw, 640px\" \/><\/a><\/strong><\/span><\/span><\/p>\n<!-- AddThis Advanced Settings generic via filter on the_content --><!-- AddThis Share Buttons generic via filter on the_content -->","protected":false},"excerpt":{"rendered":"<p>Mientras afilaba los l\u00e1pices, Carlos deambulaba por un bajo destartalado que acoger\u00e1 su futuro estudio de asesoramiento gastron\u00f3mico. Oficinas que se convertir\u00e1n los fines de semana en un restaurante. Se llamar\u00e1 \u2018Leche el\u00e9ctrica\u2019 y el cocinero, que se dio a conocer como participante de Top Chef, mantiene que, junto a su socio, quiere hacer algo [&hellip;]<!-- AddThis Advanced Settings generic via filter on get_the_excerpt --><!-- AddThis Share Buttons generic via filter on get_the_excerpt --><\/p>\n","protected":false},"author":23,"featured_media":0,"comment_status":"open","ping_status":"open","sticky":false,"template":"","format":"standard","meta":[],"categories":[3,5,1],"tags":[197,1443,1391],"_links":{"self":[{"href":"https:\/\/blogs.lasprovincias.es\/historiascondelantal\/wp-json\/wp\/v2\/posts\/15126"}],"collection":[{"href":"https:\/\/blogs.lasprovincias.es\/historiascondelantal\/wp-json\/wp\/v2\/posts"}],"about":[{"href":"https:\/\/blogs.lasprovincias.es\/historiascondelantal\/wp-json\/wp\/v2\/types\/post"}],"author":[{"embeddable":true,"href":"https:\/\/blogs.lasprovincias.es\/historiascondelantal\/wp-json\/wp\/v2\/users\/23"}],"replies":[{"embeddable":true,"href":"https:\/\/blogs.lasprovincias.es\/historiascondelantal\/wp-json\/wp\/v2\/comments?post=15126"}],"version-history":[{"count":18,"href":"https:\/\/blogs.lasprovincias.es\/historiascondelantal\/wp-json\/wp\/v2\/posts\/15126\/revisions"}],"predecessor-version":[{"id":15176,"href":"https:\/\/blogs.lasprovincias.es\/historiascondelantal\/wp-json\/wp\/v2\/posts\/15126\/revisions\/15176"}],"wp:attachment":[{"href":"https:\/\/blogs.lasprovincias.es\/historiascondelantal\/wp-json\/wp\/v2\/media?parent=15126"}],"wp:term":[{"taxonomy":"category","embeddable":true,"href":"https:\/\/blogs.lasprovincias.es\/historiascondelantal\/wp-json\/wp\/v2\/categories?post=15126"},{"taxonomy":"post_tag","embeddable":true,"href":"https:\/\/blogs.lasprovincias.es\/historiascondelantal\/wp-json\/wp\/v2\/tags?post=15126"}],"curies":[{"name":"wp","href":"https:\/\/api.w.org\/{rel}","templated":true}]}}