{"id":1517,"date":"2014-01-25T12:04:28","date_gmt":"2014-01-25T12:04:28","guid":{"rendered":"http:\/\/blogs.lasprovincias.es\/historiascondelantal\/?p=1517"},"modified":"2014-01-25T12:04:28","modified_gmt":"2014-01-25T12:04:28","slug":"descuartizando-a-eneko-entre-brochetas","status":"publish","type":"post","link":"https:\/\/blogs.lasprovincias.es\/historiascondelantal\/2014\/01\/25\/descuartizando-a-eneko-entre-brochetas\/","title":{"rendered":"DESCUARTIZANDO A ENEKO ENTRE BROCHETAS"},"content":{"rendered":"<p style=\"text-align: right;\"><a class=\"twitter-follow-button\" href=\"https:\/\/twitter.com\/JesusTrelis\" data-lang=\"es\" data-show-count=\"false\" rel=\"external nofollow\">Seguir a @JesusTrelis<\/a><\/p>\n<p><span style=\"font-family: Calibri;\"><strong>Quiz\u00e1s esto <\/strong><\/span><span style=\"font-family: Calibri;\">se tuviera que titular<\/span><span style=\"font-family: Calibri;\"> <strong><span style=\"text-decoration: underline;\">las Cuatro Estaciones de Eneko<\/span><\/strong> pero, como creo que sigue en su primavera, me quedar\u00eda a medio rodar. Posiblemente deber\u00eda tener un t\u00edtulo m\u00e1s sugerente:<span style=\"text-decoration: underline;\"><strong> El Plato 208. Hogar, Humildad, Origen<\/strong><\/span>. Pero ser\u00eda injusto reducir su obra a esta peque\u00f1a joya&#8230;<\/span><\/p>\n<p style=\"text-align: center;\"><a href=\"\/historiascondelantal\/wp-content\/uploads\/sites\/18\/2014\/01\/IMG_4723.jpg\"><img loading=\"lazy\" class=\" wp-image-1519  aligncenter\" title=\"IMG_4723\" src=\"\/historiascondelantal\/wp-content\/uploads\/sites\/18\/2014\/01\/IMG_4723.jpg\" alt=\"\" width=\"525\" height=\"798\" srcset=\"https:\/\/static-blogs.lasprovincias.es\/wp-content\/uploads\/sites\/18\/2014\/01\/IMG_4723.jpg 2362w, https:\/\/static-blogs.lasprovincias.es\/wp-content\/uploads\/sites\/18\/2014\/01\/IMG_4723-197x300.jpg 197w, https:\/\/static-blogs.lasprovincias.es\/wp-content\/uploads\/sites\/18\/2014\/01\/IMG_4723-768x1167.jpg 768w, https:\/\/static-blogs.lasprovincias.es\/wp-content\/uploads\/sites\/18\/2014\/01\/IMG_4723-674x1024.jpg 674w\" sizes=\"(max-width: 525px) 100vw, 525px\" \/><\/a><\/p>\n<p style=\"text-align: center;\"><sub>E<span style=\"color: #800000;\">l plato 208<\/span>. Fotograf\u00eda de <strong>Mikel Ponce\/Montagud Editores<\/strong><\/sub><\/p>\n<p style=\"text-align: center;\"><!--more--><\/p>\n<p><span style=\"font-size: medium;\"><span style=\"font-family: Calibri;\">Opt\u00e9 por la peor de las soluciones:<span style=\"text-decoration: underline;\"><strong> Descuartizar a Eneko<\/strong><\/span> (con permiso de<strong> Javi Antoja<\/strong>). \u00bfPor qu\u00e9 Eneko? Deb\u00eda demostrarme que mister Cooking no tiene l\u00edmites. Es un esp\u00eda sin\u00a0 fronteras. <span style=\"text-decoration: underline;\"><strong>La gastronom\u00eda es como un soplo de viento. Libre<\/strong><\/span>. Todo lo que no sea eso, es absurdo.<br \/>\n<\/span><\/span><\/p>\n<p><span style=\"font-size: medium;\"><a href=\"\/historiascondelantal\/wp-content\/uploads\/sites\/18\/2014\/01\/IMG_4761.jpg\"><img loading=\"lazy\" class=\"aligncenter  wp-image-1520\" title=\"IMG_4761 (960x960)\" src=\"\/historiascondelantal\/wp-content\/uploads\/sites\/18\/2014\/01\/IMG_4761.jpg\" alt=\"\" width=\"507\" height=\"507\" \/><\/a><\/span><sup>Las im\u00e1genes de esta recreaci\u00f3n est\u00e1n hechas a partir de la portada del libro en3ko atxa azurmendi. Portada de <strong>Mikel Ponce<\/strong><\/sup><\/p>\n<p>&nbsp;<\/p>\n<h1><\/h1>\n<h1 style=\"text-align: center;\"><span style=\"font-size: xx-large;\"><span style=\"color: #808000;\"><span style=\"color: #a3a347;\">(EM<\/span>PEZ<span style=\"color: #545424;\">AMO<\/span><\/span>S&#8230;<sup><span style=\"font-size: small;\">con<\/span> <span style=\"font-size: x-large;\">en<span style=\"color: #9e9e3d;\">3<\/span>ko<\/span>)<\/sup><\/span><\/h1>\n<p><span style=\"font-size: small;\"><span style=\"font-family: Calibri;\"><strong><span style=\"font-size: medium;\">Volv\u00ed a casa con mis brochetas de pollo<\/span><\/strong> que hab\u00eda robado esa noche en <a href=\"https:\/\/blogs.lasprovincias.es\/historiascondelantal\/2013\/11\/23\/carito-y-german-los-cocineros-de-moda-en-valencia\/\" target=\"_blank\"><em>Vuelve Carolina<\/em>.<\/a> No es que sea mi plato favorito del local de la calle Correos, lo hice m\u00e1s bien porque era lo m\u00e1s f\u00e1cil de transportar en mi viaje interestelar hasta el Pa\u00eds de las Gastrosof\u00edas. Y porque, en el fondo, es un plato divertido (aunque me da la sensaci\u00f3n de que est\u00e1 en el men\u00fa degustaci\u00f3n para que el comensal se qued\u00e9\u00a0satisfecho \u2013entendiendo por satisfecho, lleno-) y tiene ciertos gui\u00f1os que acaban atrap\u00e1ndote: el profundo aroma a barbacoa, el regusto a carb\u00f3n \u2013muy argentino, a lo Germ\u00e1n \ud83d\ude09 -,\u00a0el dulce intenso que lo embadurna, la carne suave y f\u00e1cil de comer que parece pollo empavado\u2026<br \/>\n<\/span><\/span><\/p>\n<p style=\"text-align: center;\"><span style=\"font-size: small;\"><span style=\"font-family: Calibri;\"><a href=\"\/historiascondelantal\/wp-content\/uploads\/sites\/18\/2014\/01\/IMG_4681.jpg\"><img loading=\"lazy\" class=\"aligncenter  wp-image-1521\" title=\"IMG_4681\" src=\"\/historiascondelantal\/wp-content\/uploads\/sites\/18\/2014\/01\/IMG_4681.jpg\" alt=\"\" width=\"430\" height=\"323\" srcset=\"https:\/\/static-blogs.lasprovincias.es\/wp-content\/uploads\/sites\/18\/2014\/01\/IMG_4681.jpg 1600w, https:\/\/static-blogs.lasprovincias.es\/wp-content\/uploads\/sites\/18\/2014\/01\/IMG_4681-300x225.jpg 300w, https:\/\/static-blogs.lasprovincias.es\/wp-content\/uploads\/sites\/18\/2014\/01\/IMG_4681-768x576.jpg 768w, https:\/\/static-blogs.lasprovincias.es\/wp-content\/uploads\/sites\/18\/2014\/01\/IMG_4681-1024x768.jpg 1024w\" sizes=\"(max-width: 430px) 100vw, 430px\" \/><\/a><\/span><\/span><\/p>\n<p style=\"text-align: center;\"><sup>Foto Jes\u00fas Trelis<\/sup><\/p>\n<p><span style=\"font-size: small;\"><span style=\"font-family: Calibri;\">En cualquier caso, yo quer\u00eda contarte otras cosas. El tema es que llegu\u00e9 con las brochetas de <em>Vuelve Carolina;<\/em> me dirig\u00ed a la mesa de trabajo de mi cocina \u2013una inmensa tabla de madera\u00a0que <strong>siempre so\u00f1\u00f3 con ser como el roble que Camarena tiene en su restaurante<\/strong> (calle Sumshi, 4)- ; saqu\u00e9 mis cuchillos y el material de disecci\u00f3n, y me fui directo a cerrar todas las persianas y ventanas de la casa.<strong> Quer\u00eda concentraci\u00f3n, silencio y oscuridad<\/strong>. Y sobre todo, \u00a1quer\u00eda\u00a0que las naranjas me dejaran en paz! <\/span><\/span><\/p>\n<p style=\"text-align: center;\"><a href=\"\/historiascondelantal\/wp-content\/uploads\/sites\/18\/2014\/01\/IMG_0221.jpg\"><img loading=\"lazy\" class=\" wp-image-1546   aligncenter\" title=\"IMG_0221\" src=\"\/historiascondelantal\/wp-content\/uploads\/sites\/18\/2014\/01\/IMG_0221.jpg\" alt=\"\" width=\"368\" height=\"277\" srcset=\"https:\/\/static-blogs.lasprovincias.es\/wp-content\/uploads\/sites\/18\/2014\/01\/IMG_0221.jpg 1600w, https:\/\/static-blogs.lasprovincias.es\/wp-content\/uploads\/sites\/18\/2014\/01\/IMG_0221-300x225.jpg 300w, https:\/\/static-blogs.lasprovincias.es\/wp-content\/uploads\/sites\/18\/2014\/01\/IMG_0221-768x576.jpg 768w, https:\/\/static-blogs.lasprovincias.es\/wp-content\/uploads\/sites\/18\/2014\/01\/IMG_0221-1024x768.jpg 1024w\" sizes=\"(max-width: 368px) 100vw, 368px\" \/><\/a><\/p>\n<p><span style=\"font-size: small;\"><span style=\"font-family: Calibri;\">Como bien sabes, estamos en plena explosi\u00f3n c\u00edtrica. Limones, mandarinas, limas, naranjas&#8230; est\u00e1n juguetonas. Tienen ganas de marcha. El otro d\u00eda se me presentaron casi en manifestaci\u00f3n reclam\u00e1ndome que hiciera de puente con <strong>Carito Louren\u00e7o<\/strong> (estruendosa creadora de postres m\u00e1gicos en <a href=\"https:\/\/blogs.lasprovincias.es\/historiascondelantal\/2013\/05\/11\/el-sueno-secreto-de-quique-dacosta\/\" target=\"_blank\">El Poblet<\/a>) para que le pidiera de que les montara un postre que fuera un homenaje a los c\u00edtricos. <span style=\"color: #ff6600;\"><strong>Una poes\u00eda a la naranja<\/strong><\/span>. Algo muy <strong>Neruda<\/strong>:<span style=\"text-decoration: underline;\"> \u201c<em>Veinte texturas de C\u00edtricos y un Pomelo de Amor<\/em>\u201d<\/span>. Le dije que har\u00eda lo posible pero que Carito ya hace muchos postres\u00a0rompedores (hasta les ense\u00f1\u00e9 mi album de <em>Dulces Finales<\/em>). Pero insisten<br \/>\n<\/span><\/span><\/p>\n<p style=\"text-align: center;\"><span style=\"font-size: small;\"><span style=\"font-family: Calibri;\"><a href=\"\/historiascondelantal\/wp-content\/uploads\/sites\/18\/2014\/01\/IMG_4744.gif\"><img loading=\"lazy\" class=\"aligncenter  wp-image-1522\" title=\"IMG_4744\" src=\"\/historiascondelantal\/wp-content\/uploads\/sites\/18\/2014\/01\/IMG_4744.gif\" alt=\"\" width=\"455\" height=\"322\" \/><\/a><\/span><\/span><\/p>\n<p style=\"text-align: center;\"><sub>Les ense\u00f1\u00e9 mi \u00e1lbum de postres rompedores by Carito Louren\u00e7o \ud83d\ude42<\/sub><\/p>\n<p><span style=\"font-size: small;\"><span style=\"font-family: Calibri;\"><span style=\"font-size: medium;\"><strong>Ya ando otra vez por las nubes<\/strong><\/span>. Te dec\u00eda que me\u00a0qued\u00e9 s\u00f3lo y a oscuras. Todo listo: brochetas, artilugios para operar, concentraci\u00f3n&#8230; S\u00f3lo\u00a0me faltaba la materia prima. Los ingredientes para empezar mi particular disecci\u00f3n. Me encaram\u00e9 entonces ante la <strong><span style=\"font-size: medium;\">Mister Cooking\u2019s Library<\/span><\/strong> y escog\u00ed a mis v\u00edctimas. Fue f\u00e1cil. Las tres \u00faltimas que hab\u00edan entrado en casa: un regalo del maestro <strong>Antonio Llorens<\/strong> (<em>Sabor a mar<\/em>); una sorpresa de <strong>Juan Lagardera<\/strong> (<em>Almanaque Gastron\u00f3mico<\/em> 2014) y un deseo que esper\u00e9 ansioso y que me enviaron hace un mes y pico desde\u00a0<strong>Montagud Ediciones<\/strong><strong><\/strong>\u2026 <\/span><\/span><\/p>\n<h1 style=\"text-align: center;\"><span style=\"color: #808000; font-size: large;\"><span style=\"font-family: Calibri;\"><strong>en3ko atxa \/ azurmendi<\/strong><\/span><\/span><\/h1>\n<p><span style=\"font-size: small;\"><span style=\"font-family: Calibri;\">S\u00ed. \u00c9l iba a ser la principal materia prima de mi historia. Hab\u00eda un porqu\u00e9 que \u00e9l me hab\u00eda desvelado. <em><span style=\"font-size: large;\">\u201cMis historias tienen esp\u00edritu local y una clara vocaci\u00f3n universal\u201d<\/span>,<\/em> me dije parafraseando a Eneko que define as\u00ed su restaurante.<\/span><\/span><\/p>\n<p style=\"text-align: center;\"><a href=\"\/historiascondelantal\/wp-content\/uploads\/sites\/18\/2014\/01\/IMG_2279.jpg\"><img loading=\"lazy\" class=\"aligncenter  wp-image-1523\" title=\"IMG_2279\" src=\"\/historiascondelantal\/wp-content\/uploads\/sites\/18\/2014\/01\/IMG_2279.jpg\" alt=\"\" width=\"430\" height=\"323\" srcset=\"https:\/\/static-blogs.lasprovincias.es\/wp-content\/uploads\/sites\/18\/2014\/01\/IMG_2279.jpg 1600w, https:\/\/static-blogs.lasprovincias.es\/wp-content\/uploads\/sites\/18\/2014\/01\/IMG_2279-300x225.jpg 300w, https:\/\/static-blogs.lasprovincias.es\/wp-content\/uploads\/sites\/18\/2014\/01\/IMG_2279-768x576.jpg 768w, https:\/\/static-blogs.lasprovincias.es\/wp-content\/uploads\/sites\/18\/2014\/01\/IMG_2279-1024x768.jpg 1024w\" sizes=\"(max-width: 430px) 100vw, 430px\" \/><\/a><span style=\"font-size: small;\"><span style=\"font-family: Calibri;\"><sup>Mis \u00bfv\u00edctimas? listas sobre la mesa de trabajo<\/sup><br \/>\n<\/span><\/span><\/p>\n<p><span style=\"font-size: small;\"><span style=\"font-family: Calibri;\"><strong><span style=\"font-size: medium;\">Acarici\u00e9 la impresionante portada<\/span><\/strong> del libro de Javi Antonja. La mirada del cocinero de Amorebieta me fulmin\u00f3. Rezumaba pasi\u00f3n culinaria. No en vano, cuando naci\u00f3 el 14 de septiembre de 1977 ya llevaba la chaquetilla de\u00a0cocinero puesta. Aunque <strong>Teresita<\/strong> y <strong>Jes\u00fas Mari<\/strong>, sus padres, no lo supieran. M\u00e1s bien pensar\u00edan que ten\u00edan por casa a un cr\u00edo con cierta estrella, algo vago \u2013lo dice \u00e9l en el libro\u2026 \u201c<em>que algo vago tambi\u00e9n era<\/em>\u201d- y que a los quince a\u00f1os lanz\u00f3 la moneda del destino al aire y decidi\u00f3 \u2013para suerte de la gastronom\u00eda global- dedicarse a esto de la cocina. Dedicarse y&#8230;. tener su propio &#8216;Ch\u00e2teau&#8217;. Ahora es el gran cocinero de <a href=\"http:\/\/www.azurmendi.biz\/restaurante-eneko-atxa-estrellas-michelin.php\" target=\"_blank\" rel=\"external nofollow\">Azurmendi<\/a> \ud83d\ude09<\/span><\/span><\/p>\n<p>&nbsp;<\/p>\n<p style=\"text-align: center;\"><span style=\"font-size: small;\"><span style=\"font-family: Calibri;\"><a href=\"\/historiascondelantal\/wp-content\/uploads\/sites\/18\/2014\/01\/IMG_4718.jpg\"><img loading=\"lazy\" class=\"aligncenter  wp-image-1524\" title=\"IMG_4718\" src=\"\/historiascondelantal\/wp-content\/uploads\/sites\/18\/2014\/01\/IMG_4718.jpg\" alt=\"\" width=\"380\" height=\"491\" srcset=\"https:\/\/static-blogs.lasprovincias.es\/wp-content\/uploads\/sites\/18\/2014\/01\/IMG_4718.jpg 1476w, https:\/\/static-blogs.lasprovincias.es\/wp-content\/uploads\/sites\/18\/2014\/01\/IMG_4718-232x300.jpg 232w, https:\/\/static-blogs.lasprovincias.es\/wp-content\/uploads\/sites\/18\/2014\/01\/IMG_4718-768x992.jpg 768w, https:\/\/static-blogs.lasprovincias.es\/wp-content\/uploads\/sites\/18\/2014\/01\/IMG_4718-793x1024.jpg 793w\" sizes=\"(max-width: 380px) 100vw, 380px\" \/><\/a><\/span><\/span><\/p>\n<p style=\"text-align: center;\"><sup>Fotograf\u00edas de Mikel Ponce\/Montagud Editores<\/sup><\/p>\n<p><span style=\"font-size: small;\"><span>Me qued\u00e9 mirando una de las fotos de <strong>Mikel Ponce<\/strong> -limpias y penetrantes-\u00a0en las que Eneko aparece como un helecho m\u00e1s de aquellos paisajes que rodean su restaurante.\u00a0\u201c<em>Estas historias con \u00e9xito, siempre tienen un sacrificio inmenso&#8230; El \u00e9xito siempre tiene tras de s\u00ed un sacrificio<\/em>\u201d, reflexion\u00e9 mientras pasaba p\u00e1gina con las finas pinzas de cocina \u2013de esas que los maestros utilizan para construir bosques animados y ensaladas microhermosas-.<\/span><\/span><\/p>\n<div id=\"attachment_1525\" style=\"width: 729px\" class=\"wp-caption aligncenter\"><a href=\"\/historiascondelantal\/wp-content\/uploads\/sites\/18\/2014\/01\/IMG_4719.jpg\"><img aria-describedby=\"caption-attachment-1525\" loading=\"lazy\" class=\" wp-image-1525   \" title=\"IMG_4719\" src=\"\/historiascondelantal\/wp-content\/uploads\/sites\/18\/2014\/01\/IMG_4719.jpg\" alt=\"\" width=\"719\" height=\"429\" srcset=\"https:\/\/static-blogs.lasprovincias.es\/wp-content\/uploads\/sites\/18\/2014\/01\/IMG_4719.jpg 2362w, https:\/\/static-blogs.lasprovincias.es\/wp-content\/uploads\/sites\/18\/2014\/01\/IMG_4719-300x179.jpg 300w, https:\/\/static-blogs.lasprovincias.es\/wp-content\/uploads\/sites\/18\/2014\/01\/IMG_4719-768x459.jpg 768w, https:\/\/static-blogs.lasprovincias.es\/wp-content\/uploads\/sites\/18\/2014\/01\/IMG_4719-1024x612.jpg 1024w\" sizes=\"(max-width: 719px) 100vw, 719px\" \/><\/a><p id=\"caption-attachment-1525\" class=\"wp-caption-text\">Restaurante Azurmendi. Foto Mikel Ponce\/Montagud editores<\/p><\/div>\n<p><span style=\"font-size: small;\"><span style=\"font-family: Calibri;\"><span style=\"font-size: medium;\"><strong>Eneko se puso a hablarme.<\/strong><\/span> O mejor dicho, su libro:<span style=\"font-size: medium;\">\u00a0 \u201c<em>Trabajo y trabajo, pensar y pensar, tratar de cuadrar y cuadrar\u2026<\/em>\u201d\u00a0<\/span>. El cocinero\u00a0se hab\u00eda escapado\u00a0del papel satinado; se sent\u00f3 al otro lado de mi mesa de trabajo, y se puso a contarme historias de \u00e9xitos y fracasos (que Javi Antoja va desgranando en su libro de manera envidiable). Me habl\u00f3 de gente que le dice que lo ha tenido f\u00e1cil, de lenguas venenosas que no pueden so\u00f1ar, de algo de su masa testicular y de sus sue\u00f1os\u2026\u00a0<strong>S\u00ed, sobre todo me habl\u00f3 de sue\u00f1os, de\u00a0trabajo y de honestidad<\/strong>. Me sent\u00ed entonces tan pr\u00f3ximo a \u00e9l que me relaj\u00e9. Sab\u00eda que pod\u00eda descuartizarle tranquilo porque en su coraz\u00f3n iba a encontrar la esencia de lo que es tambi\u00e9n para m\u00ed la cocina. Lo que debe ser la gastronom\u00eda. Y posiblemente, todo en la vida. <\/span><\/span><\/p>\n<p style=\"text-align: center;\"><span style=\"font-size: large; color: #808000;\"><strong><span style=\"font-family: Calibri;\">SU<\/span><\/strong><strong><span style=\"font-family: Calibri;\">E<\/span><\/strong><strong><span style=\"font-family: Calibri;\">\u00d1<\/span><\/strong><strong><span style=\"font-family: Calibri;\">OS,<\/span><\/strong><strong><span style=\"font-family: Calibri;\"> TRABAJO Y HONESTIDAD<\/span><\/strong><\/span><\/p>\n<p style=\"text-align: center;\"><a href=\"\/historiascondelantal\/wp-content\/uploads\/sites\/18\/2014\/01\/IMG_2277.jpg\"><img loading=\"lazy\" class=\"aligncenter  wp-image-1526\" title=\"IMG_2277\" src=\"\/historiascondelantal\/wp-content\/uploads\/sites\/18\/2014\/01\/IMG_2277.jpg\" alt=\"\" width=\"294\" height=\"222\" srcset=\"https:\/\/static-blogs.lasprovincias.es\/wp-content\/uploads\/sites\/18\/2014\/01\/IMG_2277.jpg 1600w, https:\/\/static-blogs.lasprovincias.es\/wp-content\/uploads\/sites\/18\/2014\/01\/IMG_2277-300x225.jpg 300w, https:\/\/static-blogs.lasprovincias.es\/wp-content\/uploads\/sites\/18\/2014\/01\/IMG_2277-768x576.jpg 768w, https:\/\/static-blogs.lasprovincias.es\/wp-content\/uploads\/sites\/18\/2014\/01\/IMG_2277-1024x768.jpg 1024w\" sizes=\"(max-width: 294px) 100vw, 294px\" \/><\/a><\/p>\n<p><span style=\"font-size: small;\"><span style=\"font-family: Calibri;\">Saqu\u00e9 entonces el cuchillo patatero y reban\u00e9 con cuidado una de sus frases: <\/span><\/span><\/p>\n<p style=\"text-align: center;\"><span style=\"color: #808000; font-size: small;\"><span style=\"font-family: Calibri;\"><strong><span style=\"font-size: medium;\"><em>&#8220;El verdadero \u00e9xito est\u00e1 en disfrutar en el camino, no en la meta&#8221;<\/em><\/span><\/strong> <span style=\"font-size: x-small;\">Eneko Atxa<\/span><\/span><\/span><\/p>\n<p style=\"text-align: left;\"><span style=\"font-size: small;\"><span style=\"font-family: Calibri;\">Par\u00e9 un instante. El momento lo merec\u00eda. Abr\u00ed mi caja de la m\u00fasica y le invit\u00e9 a\u00a0Lumineers a sumarse a la fiesta. S\u00ed, otra vez ellos&#8230;<br \/>\n<\/span><\/span><\/p>\n<p style=\"text-align: right;\"><iframe loading=\"lazy\" src=\"\/\/www.youtube.com\/embed\/EJN-rzytlYI\" frameborder=\"0\" width=\"560\" height=\"315\"><\/iframe><\/p>\n<p><span style=\"font-size: small;\"><span style=\"font-family: Calibri;\">Segu\u00ed hablando con Eneko y<span style=\"text-decoration: underline;\"><strong> b<\/strong><strong><span style=\"text-decoration: underline;\">u<\/span>ceando por sus palabras en busca de\u00a0ese mar de\u00a0musgo, madera y pizarra\u00a0que\u00a0se mece en\u00a0Azurmendi<\/strong><\/span>. Y s\u00ed,\u00a0me fui emocionando con sus palabras. Descuartiz\u00e1ndole: <\/span><\/span><\/p>\n<p style=\"text-align: center;\"><strong><span style=\"color: #808000;\"><span style=\"font-size: small;\"><span style=\"font-family: Calibri;\">\u201c<span style=\"font-size: medium;\"><em>Quien no sue\u00f1a no imagina; quien no imagina no puede crear. <\/em><\/span><\/span><\/span><span style=\"font-size: small;\"><span style=\"font-family: Calibri;\"><span style=\"font-size: medium;\"><em>Quien no crea s\u00f3lo puede soplar castillos de naipes<\/em><\/span>\u201d<\/span><\/span><\/span><\/strong><\/p>\n<p style=\"text-align: center;\"><a href=\"\/historiascondelantal\/wp-content\/uploads\/sites\/18\/2014\/01\/IMG_22762.jpg\"><img loading=\"lazy\" class=\"aligncenter  wp-image-1530\" title=\"IMG_2276\" src=\"\/historiascondelantal\/wp-content\/uploads\/sites\/18\/2014\/01\/IMG_22762.jpg\" alt=\"\" width=\"294\" height=\"222\" srcset=\"https:\/\/static-blogs.lasprovincias.es\/wp-content\/uploads\/sites\/18\/2014\/01\/IMG_22762.jpg 1600w, https:\/\/static-blogs.lasprovincias.es\/wp-content\/uploads\/sites\/18\/2014\/01\/IMG_22762-300x225.jpg 300w, https:\/\/static-blogs.lasprovincias.es\/wp-content\/uploads\/sites\/18\/2014\/01\/IMG_22762-768x576.jpg 768w, https:\/\/static-blogs.lasprovincias.es\/wp-content\/uploads\/sites\/18\/2014\/01\/IMG_22762-1024x768.jpg 1024w\" sizes=\"(max-width: 294px) 100vw, 294px\" \/><\/a><\/p>\n<p><span style=\"font-size: small;\"><span style=\"font-family: Calibri;\"><span style=\"font-size: medium;\"><strong>Cog\u00ed uno de mis paquetitos<\/strong><\/span> de brochetas que rob\u00e9 de la cocina de\u00a0Vuelve Carolina \ud83d\ude09\u00a0La magia de escribir historias imposibles permite que puedas imaginar que estaban a\u00fan calientes. Com\u00ed una de ellas. <span style=\"color: #333333;\">La engull\u00ed mejor dicho.<\/span> Y segu\u00ed descuartizando a Eneko. Recurr\u00ed en este caso al art\u00edculo que le dedicaba <span style=\"font-size: medium;\"><strong>Mar\u00eda Canabal,<\/strong><\/span> maestra de la profesi\u00f3n. Me dio una envidia terrible \u2013y al tiempo m\u00e1s sana que las hortalizas del huerto de Eneko- y segu\u00ed fisgoneando en el interior del cocinero de Amorebieta. Le pas\u00e9 por el microplane: \u201c<em>Su cocina es juguetona, curiosa y muy a menudo maliciosa<\/em>\u201d, dice Mar\u00eda. Le volv\u00ed a pasar por el rallador: &#8220;<em>Una obra cl\u00e1sica con instrumentos electr\u00f3nicos<\/em>\u201d. Y remat\u00e9 la jugada con un exprimidor: \u201c<em>Ir contracorriente parece ser el fuego que lo anima<\/em>\u201d. Entonces, Mar\u00eda rescat\u00f3 otro valor de esos que tengo en el escudo de armas de mi casa (de la del Pa\u00eds de la Gastrosof\u00eda y de la otra): <strong>Nobleza<\/strong>. Nobleza y discreci\u00f3n.<\/span><\/span><\/p>\n<p style=\"text-align: center;\">\u00a0<span style=\"font-size: x-small;\"><span style=\"color: #808000;\"><strong><span style=\"font-family: Calibri;\">Sue\u00f1os,<span style=\"font-size: small;\"> Trabajo, <\/span><\/span><\/strong><\/span><span style=\"font-size: medium;\"><span style=\"color: #808000;\"><strong><span style=\"font-family: Calibri;\">Honestidad,<\/span><\/strong><\/span><\/span><span style=\"font-size: large;\"><span style=\"color: #808000;\"><strong><span style=\"font-family: Calibri;\"> Nobleza<\/span><\/strong><\/span><\/span><span style=\"color: #808000;\"><strong><span style=\"font-family: Calibri;\"><span style=\"font-size: large;\">,<\/span> <span style=\"font-size: x-large;\">Discreci\u00f3n<\/span><\/span><\/strong><\/span><\/span><\/p>\n<p>\u00a0<span style=\"font-size: small;\"><span style=\"font-family: Calibri;\">Si a esto le a\u00f1ades <span style=\"font-size: xx-large;\"><strong><span style=\"color: #808000;\">Pasi\u00f3n<\/span><\/strong><\/span> es que estamos ante uno de los cocineros que m\u00e1s pueden cuadrar con mi visi\u00f3n del mundo. (Ya sabes que creo que todos aqu\u00ed somos cocineros, aunque a cada uno nos toca una materia prima diferente&#8230;) <\/span><\/span><\/p>\n<p style=\"text-align: center;\"><span style=\"font-size: medium; color: #808000;\">\u00a0<span style=\"font-family: Calibri;\"><strong><em>&#8220;Tiene una dulzura infinita que esconde su exacerbada obstinaci\u00f3n\u201d.<\/em><\/strong> <span style=\"font-size: x-small;\">Mar\u00eda Canabal<\/span><\/span><\/span><\/p>\n<div id=\"attachment_1531\" style=\"width: 624px\" class=\"wp-caption aligncenter\"><a href=\"\/historiascondelantal\/wp-content\/uploads\/sites\/18\/2014\/01\/IMG_4689.jpg\"><img aria-describedby=\"caption-attachment-1531\" loading=\"lazy\" class=\" wp-image-1531 \" title=\"IMG_4689\" src=\"\/historiascondelantal\/wp-content\/uploads\/sites\/18\/2014\/01\/IMG_4689.jpg\" alt=\"\" width=\"614\" height=\"461\" srcset=\"https:\/\/static-blogs.lasprovincias.es\/wp-content\/uploads\/sites\/18\/2014\/01\/IMG_4689.jpg 1024w, https:\/\/static-blogs.lasprovincias.es\/wp-content\/uploads\/sites\/18\/2014\/01\/IMG_4689-300x225.jpg 300w, https:\/\/static-blogs.lasprovincias.es\/wp-content\/uploads\/sites\/18\/2014\/01\/IMG_4689-768x576.jpg 768w\" sizes=\"(max-width: 614px) 100vw, 614px\" \/><\/a><p id=\"caption-attachment-1531\" class=\"wp-caption-text\">Una de las obstinaciones de Eneko para 2014. Twitter de Eneko.<\/p><\/div>\n<p>&nbsp;<\/p>\n<p><span style=\"font-size: small;\"><span style=\"font-family: Calibri;\"><strong><span style=\"font-size: medium;\">Dej\u00e9 todos los cuchillos, los guantes, las pinzas<\/span><\/strong> y los otros artilugios. Incluso dej\u00e9 de comer brochetas. Me puse una copa de vino blanco. Di un profundo sorbo al <strong>Louro de Bolos<\/strong>&#8230;<\/span><\/span><\/p>\n<p style=\"text-align: center;\"><span style=\"font-size: small;\"><span style=\"font-family: Calibri;\"> \u201c<em>No debo llegar al fondo. Si destripo toda la historia, Javi Antonja me mata. Y Eneko me coger\u00eda por las solapas y me preguntar\u00e1 de qu\u00e9 voy. \u00c9sta es su historia, no la m\u00eda<\/em>\u201d, medit\u00e9. <\/span><\/span><\/p>\n<p><span style=\"font-size: small;\"><span style=\"font-family: Calibri;\">Cerr\u00e9 los ojos. Lo imagin\u00e9 creando, trazando dibujos sobre su libreta, nuevos proyectos. <strong>Inventando<\/strong> postres para la nueva temporada. So\u00f1ando. Y jugando entre pimientos y tomates y alubias con <span style=\"font-size: medium;\"><strong>Nile y Nare<\/strong>.<\/span> All\u00ed, en su nuevo huerto&#8230; Y hablando con <strong><span style=\"font-size: medium;\">Amagoia<\/span><\/strong> de un t\u00edo que ha escrito desde un pa\u00eds que no sabe por\u00a0d\u00f3nde diantres est\u00e1 sobre su cocina\u00a0. \u201c<em>Maldito osado, si nunca nos ha visitado. \u00a1A d\u00f3nde vamos a llegar!<\/em>\u201d, pens\u00e9 que pensar\u00e1 \u00e9l. Y sent\u00ed un pellizquillo en mi coraz\u00f3n de superagente&#8230; Empec\u00e9 a imaginar sus platos para el nuevo curso. Y a so\u00f1ar a qu\u00e9 sabr\u00e1n. Incluso a so\u00f1ar que un d\u00eda los podr\u00e9 probar.<\/span><\/span><\/p>\n<div id=\"attachment_1532\" style=\"width: 440px\" class=\"wp-caption aligncenter\"><a href=\"\/historiascondelantal\/wp-content\/uploads\/sites\/18\/2014\/01\/IMG_4694.jpg\"><img aria-describedby=\"caption-attachment-1532\" loading=\"lazy\" class=\" wp-image-1532  \" title=\"IMG_4694\" src=\"\/historiascondelantal\/wp-content\/uploads\/sites\/18\/2014\/01\/IMG_4694.jpg\" alt=\"\" width=\"430\" height=\"323\" srcset=\"https:\/\/static-blogs.lasprovincias.es\/wp-content\/uploads\/sites\/18\/2014\/01\/IMG_4694.jpg 1024w, https:\/\/static-blogs.lasprovincias.es\/wp-content\/uploads\/sites\/18\/2014\/01\/IMG_4694-300x225.jpg 300w, https:\/\/static-blogs.lasprovincias.es\/wp-content\/uploads\/sites\/18\/2014\/01\/IMG_4694-768x576.jpg 768w\" sizes=\"(max-width: 430px) 100vw, 430px\" \/><\/a><p id=\"caption-attachment-1532\" class=\"wp-caption-text\">La libreta en la que Eneko sue\u00f1a. Del Twitter del cocinero<\/p><\/div>\n<div id=\"attachment_1533\" style=\"width: 452px\" class=\"wp-caption aligncenter\"><a href=\"\/historiascondelantal\/wp-content\/uploads\/sites\/18\/2014\/01\/IMG_4683.jpg\"><img aria-describedby=\"caption-attachment-1533\" loading=\"lazy\" class=\" wp-image-1533   \" title=\"IMG_4683\" src=\"\/historiascondelantal\/wp-content\/uploads\/sites\/18\/2014\/01\/IMG_4683.jpg\" alt=\"\" width=\"442\" height=\"332\" srcset=\"https:\/\/static-blogs.lasprovincias.es\/wp-content\/uploads\/sites\/18\/2014\/01\/IMG_4683.jpg 1024w, https:\/\/static-blogs.lasprovincias.es\/wp-content\/uploads\/sites\/18\/2014\/01\/IMG_4683-300x225.jpg 300w, https:\/\/static-blogs.lasprovincias.es\/wp-content\/uploads\/sites\/18\/2014\/01\/IMG_4683-768x576.jpg 768w\" sizes=\"(max-width: 442px) 100vw, 442px\" \/><\/a><p id=\"caption-attachment-1533\" class=\"wp-caption-text\">El nuevo huerto de Azurmendi. Foto Eneko.<\/p><\/div>\n<div id=\"attachment_1534\" style=\"width: 452px\" class=\"wp-caption aligncenter\"><a href=\"\/historiascondelantal\/wp-content\/uploads\/sites\/18\/2014\/01\/IMG_4687.jpg\"><img aria-describedby=\"caption-attachment-1534\" loading=\"lazy\" class=\" wp-image-1534   \" title=\"IMG_4687\" src=\"\/historiascondelantal\/wp-content\/uploads\/sites\/18\/2014\/01\/IMG_4687.jpg\" alt=\"\" width=\"442\" height=\"332\" srcset=\"https:\/\/static-blogs.lasprovincias.es\/wp-content\/uploads\/sites\/18\/2014\/01\/IMG_4687.jpg 1024w, https:\/\/static-blogs.lasprovincias.es\/wp-content\/uploads\/sites\/18\/2014\/01\/IMG_4687-300x225.jpg 300w, https:\/\/static-blogs.lasprovincias.es\/wp-content\/uploads\/sites\/18\/2014\/01\/IMG_4687-768x576.jpg 768w\" sizes=\"(max-width: 442px) 100vw, 442px\" \/><\/a><p id=\"caption-attachment-1534\" class=\"wp-caption-text\">M\u00e1s sue\u00f1os del rey de Azurmendi. Twitter de Eneko.<\/p><\/div>\n<p><span style=\"font-size: small;\"><span style=\"font-family: Calibri;\">La baba fue inundando mi cocina. Las gl\u00e1ndulas salivares iban locas. Intent\u00e9 cerrar los ojos y viajar hasta Azurmendi. Pero no.\u00a0Esto de las fantas\u00edas literato-gastron\u00f3mico\u00a0tiene sus<span style=\"color: #000000;\"> l\u00ed<\/span>mites. Abr\u00ed una de las ventanas selladas de mi casa y grit\u00e9 a mi Diosa (ya sabes, la Diosa de la Gastronom\u00eda<strong style=\"font-family: Calibri;\"><\/strong>): \u00a0\u201cAlg\u00fan <em>d\u00eda de estos tenemos que ir. No me puedo morir sin pisar Azurmendi\u201d.\u00a0 <\/em>Y me qued\u00e9 anclado en este plato.<strong> El plato 212<\/strong>. A modo de estofado de salazones: panceta, anchoas y vegetales con cremoso de Idiazabal. Esencia del mar y de la monta\u00f1a. Esencia de vida.<em><br \/>\n<\/em><\/span><\/span><\/p>\n<div id=\"attachment_1535\" style=\"width: 497px\" class=\"wp-caption aligncenter\"><a href=\"\/historiascondelantal\/wp-content\/uploads\/sites\/18\/2014\/01\/IMG_4720.jpg\"><img aria-describedby=\"caption-attachment-1535\" loading=\"lazy\" class=\" wp-image-1535 \" title=\"IMG_4720\" src=\"\/historiascondelantal\/wp-content\/uploads\/sites\/18\/2014\/01\/IMG_4720.jpg\" alt=\"\" width=\"487\" height=\"614\" srcset=\"https:\/\/static-blogs.lasprovincias.es\/wp-content\/uploads\/sites\/18\/2014\/01\/IMG_4720.jpg 1871w, https:\/\/static-blogs.lasprovincias.es\/wp-content\/uploads\/sites\/18\/2014\/01\/IMG_4720-238x300.jpg 238w, https:\/\/static-blogs.lasprovincias.es\/wp-content\/uploads\/sites\/18\/2014\/01\/IMG_4720-768x970.jpg 768w, https:\/\/static-blogs.lasprovincias.es\/wp-content\/uploads\/sites\/18\/2014\/01\/IMG_4720-811x1024.jpg 811w\" sizes=\"(max-width: 487px) 100vw, 487px\" \/><\/a><p id=\"caption-attachment-1535\" class=\"wp-caption-text\">A modo de estofado... Foto Mikel Ponce\/Montagud Editores<\/p><\/div>\n<p><span style=\"font-size: small;\"><span style=\"font-family: Calibri;\">Limpi\u00e9 la mesa\u00a0y, como hizo Eneko tras recibir su primera estrella Michelin (ahora tiene tres), me apliqu\u00e9 <strong>la 4R. <span style=\"color: #808000;\">Reflexi\u00f3n, Repliegue, Reinventarse, Reiniciar<\/span><span style=\"font-size: large;\">. Y cerr\u00e9 el libro.<\/span><\/strong><br \/>\n<\/span><\/span><\/p>\n<p style=\"text-align: right;\"><span style=\"text-decoration: underline; font-size: x-large; color: #808000;\"><span style=\"text-decoration: underline;\"><span style=\"font-family: Calibri;\"><strong>ENEKO ATXA<\/strong><\/span><\/span><\/span><\/p>\n<p style=\"text-align: right;\"><span style=\"color: #333300;\"><em><span style=\"font-size: small;\"><span style=\"font-family: Calibri;\">Cocinero. <span style=\"background-color: #ffff99;\">Guard\u00edan de un sue\u00f1o llamado <span style=\"color: #0000ff;\"><a href=\"http:\/\/www.azurmendi.biz\/restaurante-estrellas-michelin-vizcaya.php\" target=\"_blank\" rel=\"external nofollow\"><span style=\"color: #0000ff;\"><strong>Azurmendi<\/strong>.<\/span><\/a> <\/span><\/span> En la solapa: tres Estrellas Michel\u00edn. <span style=\"background-color: #ffff99;\"> Tiene cara de pirata<\/span> (con perilla incorporada) y un huerto\u00a0montado en el coraz\u00f3n. 35 a\u00f1os. De Amuribieta. No le va el jazz. Quiz\u00e1s le guste<span style=\"background-color: #ffff99;\"> tocar el txistu<\/span>. O escucharlo.\u00a0 Debe oler a perfume de txakol\u00ed. Bueno&#8230; como <a href=\"http:\/\/www.azurmendi.biz\/enoturismo-vinos-vizcaya.php\" target=\"_blank\" rel=\"external nofollow\">Gorka<\/a>.<\/span><\/span><\/em><span style=\"font-size: small;\"><span style=\"font-family: Calibri;\"> \ud83d\ude09<\/span><\/span><\/span><\/p>\n<p style=\"text-align: right;\"><span style=\"font-size: large; color: #808000;\">en3koatxa\/azurmendi<\/span><\/p>\n<p style=\"text-align: right;\"><span style=\"color: #333300; font-size: medium;\"><span><span style=\"font-size: small;\">EDITADO POR MONTAGUD EDICIONES<\/span> <span style=\"color: #000000; background-color: #ffff99;\"><a href=\"http:\/\/www.libreriagastronomica.com\/\" target=\"_blank\" rel=\"external nofollow\">www.montagud.com<\/a>. <\/span><\/span><\/span><\/p>\n<p style=\"text-align: right;\">\u00a0(Gracias Bel\u00e9n por tu ayuda)<\/p>\n<p><span style=\"color: #333300;\"><em><span style=\"font-size: small;\"><span style=\"font-family: Calibri;\"><a href=\"\/historiascondelantal\/wp-content\/uploads\/sites\/18\/2014\/01\/IMG_4721.jpg\"><img loading=\"lazy\" class=\"wp-image-1538 alignright\" title=\"IMG_4721\" src=\"\/historiascondelantal\/wp-content\/uploads\/sites\/18\/2014\/01\/IMG_4721.jpg\" alt=\"\" width=\"181\" height=\"206\" srcset=\"https:\/\/static-blogs.lasprovincias.es\/wp-content\/uploads\/sites\/18\/2014\/01\/IMG_4721.jpg 626w, https:\/\/static-blogs.lasprovincias.es\/wp-content\/uploads\/sites\/18\/2014\/01\/IMG_4721-263x300.jpg 263w\" sizes=\"(max-width: 181px) 100vw, 181px\" \/><\/a><\/span><\/span><\/em><\/span><\/p>\n<p>&nbsp;<\/p>\n<p><span style=\"font-size: small;\"><span style=\"font-family: Calibri;\">\u00a0<\/span><\/span><\/p>\n<p>&nbsp;<\/p>\n<p>&nbsp;<\/p>\n<p>&nbsp;<\/p>\n<p>&nbsp;<\/p>\n<p>&nbsp;<\/p>\n<p>&nbsp;<\/p>\n<p>&nbsp;<\/p>\n<h1 style=\"text-align: center;\"><\/h1>\n<h1 style=\"text-align: center;\"><span style=\"font-size: xx-large;\"><span style=\"background-color: #ffffff; color: #ffd83d;\">(&#8230;.S<\/span><span style=\"color: #ffd83d;\">E<\/span><span style=\"color: #ffcc00;\">GU<span style=\"color: #ad8a00;\">IM<\/span><\/span><span style=\"color: #665618;\">OS&#8230;<\/span><\/span><span style=\"color: #836800;\"><span style=\"font-size: medium;\"><sup>con el almanaque<\/sup><\/span><span style=\"font-size: x-large;\"> gastr<\/span><\/span><span style=\"font-size: x-large;\"><span style=\"color: #292100;\">on\u00f3mic<\/span>o&#8230;)<\/span><\/h1>\n<p>&nbsp;<\/p>\n<p style=\"text-align: center;\"><a href=\"\/historiascondelantal\/wp-content\/uploads\/sites\/18\/2014\/01\/IMG_2267.jpg\"><img loading=\"lazy\" class=\" wp-image-1539   aligncenter\" title=\"IMG_2267\" src=\"\/historiascondelantal\/wp-content\/uploads\/sites\/18\/2014\/01\/IMG_2267.jpg\" alt=\"\" width=\"277\" height=\"368\" srcset=\"https:\/\/static-blogs.lasprovincias.es\/wp-content\/uploads\/sites\/18\/2014\/01\/IMG_2267.jpg 1200w, https:\/\/static-blogs.lasprovincias.es\/wp-content\/uploads\/sites\/18\/2014\/01\/IMG_2267-225x300.jpg 225w, https:\/\/static-blogs.lasprovincias.es\/wp-content\/uploads\/sites\/18\/2014\/01\/IMG_2267-768x1024.jpg 768w\" sizes=\"(max-width: 277px) 100vw, 277px\" \/><\/a><\/p>\n<p style=\"text-align: center;\"><sup>Detalle de la portada del Almanaque editado por <strong>\u00c1ngela Pla.<\/strong><\/sup><\/p>\n<p><span style=\"font-size: small;\"><span style=\"font-family: Calibri;\"><strong><span style=\"font-size: medium;\">En mi mesa, junto al libro de Eneko, esperaba turno el Almanaq<\/span><span style=\"font-size: medium;\">ue Gastron\u00f3mico<\/span><\/strong> que me hab\u00eda enviado <strong>Juan Lagardera. <\/strong>Se\u00f1or de las letras.\u00a0\u00a0\u201c<em>Tranquilo, no voy a hacer lo mismo contigo<\/em>&#8220;, le dije. Empec\u00e9 a hojearlo. Me emocion\u00f3 encontrarme con mi admirado<span style=\"font-size: large; color: #e0b300;\"> <strong>Ricard Camarena<\/strong><\/span> nada m\u00e1s empezar a destripar el libro. Su restaurante <span style=\"font-size: large;\"><strong>Central Bar<\/strong><\/span> (Mercado Central) hab\u00eda sido elegido por la editorial <span style=\"text-decoration: underline;\">el mejor restaurante del a\u00f1o. <\/span>Me acord\u00e9 entonces de lo feliz que puede ser uno desayunando un bocata del trompetista de Barx en mitad del bullicio de ese lugar magistral llamado Mercado Central. La<span style=\"font-size: large; color: #cea400;\"> <strong>cotorra del Mercat<\/strong><\/span> (debes conocer que en el mercado tienen una veleta que es una cotorra :-)) se meti\u00f3 entonces en mi casa. Eso me pas\u00f3 por abrir la ventana.<em> <\/em>\u201c<em>Vente a visitarnos<\/em>&#8220;, me dijo. &#8220;\u00a1<em>Es temporada de alcachofas!<\/em>\u201d, me cotorre\u00f3. Y me acord\u00e9 de este plato divino\u00a0con alcachofas y trufa y yema de huevo de corral de Camarena&#8230;&#8221;<span style=\"font-size: medium;\"><em>Este podr\u00eda ser perfectamente para m\u00ed el mejor plato del a\u00f1o pasado<\/em><\/span>&#8220;, pens\u00e9.<br \/>\n<\/span><\/span><\/p>\n<p style=\"text-align: center;\"><a href=\"\/historiascondelantal\/wp-content\/uploads\/sites\/18\/2013\/12\/la-foto-18.jpg\"><img loading=\"lazy\" class=\"aligncenter  wp-image-1283\" title=\"la foto 1(8)\" src=\"\/historiascondelantal\/wp-content\/uploads\/sites\/18\/2013\/12\/la-foto-18.jpg\" alt=\"\" width=\"307\" height=\"614\" srcset=\"https:\/\/static-blogs.lasprovincias.es\/wp-content\/uploads\/sites\/18\/2013\/12\/la-foto-18.jpg 512w, https:\/\/static-blogs.lasprovincias.es\/wp-content\/uploads\/sites\/18\/2013\/12\/la-foto-18-150x300.jpg 150w\" sizes=\"(max-width: 307px) 100vw, 307px\" \/><\/a><\/p>\n<p><span style=\"font-size: small;\"><span style=\"font-family: Calibri;\">Le dije a la cotorra que era \u00e9poca de alcachofas pero tambi\u00e9n de an\u00e9monas y violetas.<strong> Y c\u00f3mo en mi casa pasan cosas m\u00e1gicas. Empezaron a volar a mi alrededor mariposas con alas de violeta\u2026. Y mariposas con p\u00e9talos de rosas\u2026<\/strong> \u00a1Qu\u00e9 cosa!<strong><span style=\"color: #e8c716; font-size: large;\"> Kiko Moya<\/span>, <\/strong>mi apreciado Kiko Moya, sali\u00f3 entonces del Almanaque Gastron\u00f3mico y me interrumpi\u00f3: \u201c\u00a1<em>Querido amigo, el mejor plato es el m\u00edo<\/em>!\u201d, me solt\u00f3. Y, en efecto, mir\u00e9 el libro de \u00c1ngela Pla y vi que una de sus creaciones hab\u00eda sido se\u00f1alada c<span style=\"text-decoration: underline;\">omo el m\u00e1s de lo m\u00e1s de 2014<\/span>: <strong><span style=\"color: #ffcc00; font-size: large;\">Pich\u00f3n reposado en agua de rosas, azafr\u00e1n y hierbabuena\u2026<\/span><\/strong>.<\/span><\/span><\/p>\n<p style=\"text-align: center;\"><a href=\"\/historiascondelantal\/wp-content\/uploads\/sites\/18\/2014\/01\/IMG_4679.jpg\"><img loading=\"lazy\" class=\"aligncenter  wp-image-1540\" title=\"IMG_4679\" src=\"\/historiascondelantal\/wp-content\/uploads\/sites\/18\/2014\/01\/IMG_4679.jpg\" alt=\"\" width=\"491\" height=\"310\" srcset=\"https:\/\/static-blogs.lasprovincias.es\/wp-content\/uploads\/sites\/18\/2014\/01\/IMG_4679.jpg 2048w, https:\/\/static-blogs.lasprovincias.es\/wp-content\/uploads\/sites\/18\/2014\/01\/IMG_4679-300x189.jpg 300w, https:\/\/static-blogs.lasprovincias.es\/wp-content\/uploads\/sites\/18\/2014\/01\/IMG_4679-768x485.jpg 768w, https:\/\/static-blogs.lasprovincias.es\/wp-content\/uploads\/sites\/18\/2014\/01\/IMG_4679-1024x646.jpg 1024w\" sizes=\"(max-width: 491px) 100vw, 491px\" \/><\/a><\/p>\n<p><span style=\"font-size: small;\"><span style=\"font-family: Calibri;\">Record\u00e9 que c<a href=\"https:\/\/blogs.lasprovincias.es\/historiascondelantal\/2013\/09\/07\/delirio-gastronomico-en-lescaleta\/\" target=\"_blank\">uando visit\u00e9 L&#8217;Escaleta el pasado verano <\/a>estaba en la carta, pero no lo prob\u00e9. Me matan sus arroces y opt\u00e9 por uno de ellos y, adem\u00e1s, ten\u00eda cita con una presa con cenizas de cebolla&#8230; Tengo que volver, claro.Desde que le dieron el premio, veo esas mariposas de rosas (perd\u00f3n, ese pich\u00f3n) por todos los lados&#8230; \ud83d\ude09 (\u00bfMe pasa algo, doctor?)<br \/>\n<\/span><\/span><\/p>\n<p style=\"text-align: center;\"><span style=\"font-size: small;\"><span style=\"font-family: Calibri;\"><a href=\"\/historiascondelantal\/wp-content\/uploads\/sites\/18\/2014\/01\/IMG_4759.png\"><img loading=\"lazy\" class=\"aligncenter  wp-image-1541\" title=\"IMG_4759\" src=\"\/historiascondelantal\/wp-content\/uploads\/sites\/18\/2014\/01\/IMG_4759.png\" alt=\"\" width=\"420\" height=\"280\" srcset=\"https:\/\/static-blogs.lasprovincias.es\/wp-content\/uploads\/sites\/18\/2014\/01\/IMG_4759.png 700w, https:\/\/static-blogs.lasprovincias.es\/wp-content\/uploads\/sites\/18\/2014\/01\/IMG_4759-300x200.png 300w\" sizes=\"(max-width: 420px) 100vw, 420px\" \/><\/a><\/span><\/span><\/p>\n<p><span style=\"font-size: small;\"><span style=\"font-family: Calibri;\">Fui repasando el almanaque y viendo viejos y futuros amigos gastron\u00f3micos. Y disfrutando de sus propuestas. Y de nuevo tuve un peque\u00f1o ataque de ansiedad. \u201c<em>No puedo ir a todos los sitios<\/em>\u2026\u201d, pens\u00e9 mirando la agenda \u00a1y la cartera!<strong><span style=\"color: #f4c300; font-size: medium;\"> \u201c<em>Esto de querer ser mago pero sin serlo es, en verdad, complicado.\u201d <\/em><\/span><\/strong><\/span><\/span><\/p>\n<p style=\"text-align: center;\"><span style=\"font-size: small; color: #000000;\"><span style=\"font-family: Calibri;\"><span style=\"font-size: medium;\">&#8230;y dej\u00e9 fluir la m\u00fasica de<\/span><strong><span style=\"font-size: medium;\"> Ben Harper<em><br \/>\n<\/em><\/span><\/strong><\/span><\/span><\/p>\n<p>&nbsp;<\/p>\n<p><iframe loading=\"lazy\" src=\"\/\/www.youtube.com\/embed\/fpns_a4Nuvo\" frameborder=\"0\" width=\"420\" height=\"315\"><\/iframe><\/p>\n<p><span style=\"font-size: small;\"><span style=\"font-family: Calibri;\">En el Almanaque vi quesos de lujo\u00a0 (mis amigos de<span style=\"color: #ffcc00;\"><strong> Cantagrulla<\/strong>s<\/span> incluidos), y vi catas de aceite ( <span style=\"color: #ff9900;\"><strong>Masia del Altet<\/strong><\/span> -un gran joya- incluido) y vinos de la tierra y cervezas artesanas&#8230;. pero sobre todo vi mucha, mucha gastronom\u00eda valenciana. Y eso, a un superagente como yo, le alegra el alma. <\/span><\/span><\/p>\n<p>&nbsp;<\/p>\n<p style=\"text-align: right;\"><span style=\"color: #ff6600; font-size: small;\"> <span style=\"font-size: large;\">almanaque gastron\u00f3mico 2014<\/span><\/span><\/p>\n<p style=\"text-align: right;\"><span style=\"font-size: small;\">EDITADO POR \u00c1NGELA PLA <\/span><\/p>\n<p style=\"text-align: right;\"><span style=\"font-size: small;\">DIRECCI\u00d3N: ALFREDO ARGIL\u00c9S Y SANTOS RU\u00cdZ<\/span><\/p>\n<p style=\"text-align: right;\"><a href=\"\/historiascondelantal\/wp-content\/uploads\/sites\/18\/2014\/01\/IMG_2264.jpg\"><img loading=\"lazy\" class=\"wp-image-1542 alignright\" title=\"IMG_2264\" src=\"\/historiascondelantal\/wp-content\/uploads\/sites\/18\/2014\/01\/IMG_2264.jpg\" alt=\"\" width=\"166\" height=\"221\" srcset=\"https:\/\/static-blogs.lasprovincias.es\/wp-content\/uploads\/sites\/18\/2014\/01\/IMG_2264.jpg 1200w, https:\/\/static-blogs.lasprovincias.es\/wp-content\/uploads\/sites\/18\/2014\/01\/IMG_2264-225x300.jpg 225w, https:\/\/static-blogs.lasprovincias.es\/wp-content\/uploads\/sites\/18\/2014\/01\/IMG_2264-768x1024.jpg 768w\" sizes=\"(max-width: 166px) 100vw, 166px\" \/><\/a><\/p>\n<p>&nbsp;<\/p>\n<p>&nbsp;<\/p>\n<p>&nbsp;<\/p>\n<p>&nbsp;<\/p>\n<p>&nbsp;<\/p>\n<p>&nbsp;<\/p>\n<p><span style=\"font-size: small;\"><span style=\"font-family: Calibri;\"><br \/>\n<\/span><\/span><\/p>\n<p style=\"text-align: center;\">\ud83d\ude09<\/p>\n<p style=\"text-align: center;\"><span style=\"color: #993366;\"><span style=\"font-size: xx-large;\"><span style=\"color: #b56c90;\"><span style=\"color: #e4cad7;\">(&#8230;.V<\/span>AMO<\/span>S ACAB<\/span><\/span><span style=\"font-size: xx-large;\"><span style=\"color: #a4919a;\">ANDO&#8230;<\/span><\/span><\/p>\n<p style=\"text-align: center;\"><span style=\"font-size: xx-large;\"><span style=\"color: #a4919a;\"><span style=\"font-size: small;\"> <sup>CON<\/sup><\/span><\/span><\/span><span style=\"color: #993366; font-size: x-large;\"> S<\/span><span style=\"color: #800080;\"><span style=\"font-size: x-large;\">ABOR A MAR<\/span>)<\/span><\/p>\n<p>&nbsp;<\/p>\n<p><span style=\"font-size: small;\"><span style=\"font-family: Calibri;\"><span style=\"font-size: medium;\"><strong>Entre tanto cocinero de renombre<\/strong><\/span>, no quiero olvidar a <span style=\"background-color: #cc99ff;\"><strong><span style=\"color: #000000; font-size: small; background-color: #ffffff;\">Carlo D&#8217;Anna <\/span><\/strong><span style=\"background-color: #ffffff;\"> cuya historia ya trataremos en otro momento y que fue premiado como personaje del a\u00f1o, me acord\u00e9 que mi castillo de naipes culinario de este a\u00f1o (p\u00f3ker de ases <\/span><\/span><\/span><\/span><span style=\"font-size: small;\"><span style=\"font-family: Calibri;\"><span style=\"font-size: xx-large;\"><span style=\"font-family: Calibri;\"><span style=\"color: #ff0000;\">\u2660 <\/span>\u2663 <span style=\"color: #ff0000;\">\u2665 <\/span>\u2666 <span style=\"font-size: small;\">), <span style=\"color: #000000; background-color: #ffffff;\">adem\u00e1s de por <\/span><span style=\"background-color: #ffffff;\">Camarena<\/span><span style=\"color: #000000; background-color: #ffffff;\"> y Kiko Moya, <\/span><\/span><\/span><\/span><span style=\"color: #000000; background-color: #ffffff;\"><span style=\"background-color: #cc99ff;\">pasa evidentemente por casa de Eneko;\u00a0 pasa por Madrid (hay que descuartizar tambi\u00e9n al caballero de<strong> Diverxo<\/strong>, sir David Mu\u00f1oz); pasa por D\u00e9nia (mi cita con <strong>Dacosta<\/strong> es inevitable), y pasa\u00a0 por C\u00e1diz (donde el Cocinero At\u00fan, al que algunos llaman<strong> \u00c1ngel Le\u00f3n<\/strong>, me tiene que contar historias de ultramar).<\/span><\/span><\/span><\/span><\/p>\n<p style=\"text-align: center;\"><span style=\"color: #61497a;\">&#8220;Las mareas marcan el ritmo de nuestras vidas&#8221; A. Le\u00f3n<\/span><\/p>\n<p style=\"font-size: medium;\"><span style=\"font-size: small;\"><span style=\"font-family: Calibri;\">Y fue mencionar la palabra ultramar cuando la portada del libro que me regal\u00f3 <strong>Antonio Lloren<\/strong>s cobr\u00f3 vida.\u00a0 Una ola me salpic\u00f3. Otra, me engull\u00f3.<\/span><\/span><\/p>\n<p style=\"text-align: center;\"><a href=\"\/historiascondelantal\/wp-content\/uploads\/sites\/18\/2014\/01\/cookk.jpg\"><img loading=\"lazy\" class=\"aligncenter  wp-image-1545\" title=\"cookk\" src=\"\/historiascondelantal\/wp-content\/uploads\/sites\/18\/2014\/01\/cookk.jpg\" alt=\"\" width=\"420\" height=\"286\" srcset=\"https:\/\/static-blogs.lasprovincias.es\/wp-content\/uploads\/sites\/18\/2014\/01\/cookk.jpg 700w, https:\/\/static-blogs.lasprovincias.es\/wp-content\/uploads\/sites\/18\/2014\/01\/cookk-300x204.jpg 300w\" sizes=\"(max-width: 420px) 100vw, 420px\" \/><\/a><\/p>\n<p><span style=\"font-size: small;\"><span style=\"font-family: Calibri;\">E<\/span><\/span><span style=\"font-size: small;\"><span style=\"font-family: Calibri;\">mpec\u00e9 a bucear por el libro de \u00c1ngeles Ruiz. Y a flotar entre sepias y dentones. Y aprend\u00ed el ronqueo del at\u00fan; las virtudes del boquer\u00f3n y que hay ratas de mar; vi la cara tristona del pargo, so\u00f1\u00e9 con tomar un &#8216;suquet de terna&#8217; y aprend\u00ed a preparar arroz caldoso con morena&#8230; Todo en ese libro con Sabor a Mar.<br \/>\n<\/span><\/span><\/p>\n<p style=\"text-align: right;\"><span style=\"color: #993366;\"><strong><span style=\"font-size: large;\">SABOR A MAR <\/span><\/strong><\/span><\/p>\n<p style=\"text-align: right;\"><span style=\"color: #993366;\">AUTORA: \u00c1NGELA RUIS GARC\u00cdA<\/span><\/p>\n<p style=\"text-align: right;\"><span style=\"color: #993366;\">Con la colaboraci\u00f3n de Antonio Llorens<\/span><\/p>\n<p><a href=\"\/historiascondelantal\/wp-content\/uploads\/sites\/18\/2014\/01\/pescado.jpg\"><img loading=\"lazy\" class=\"wp-image-1543 alignright\" title=\"pescado\" src=\"\/historiascondelantal\/wp-content\/uploads\/sites\/18\/2014\/01\/pescado.jpg\" alt=\"\" width=\"151\" height=\"201\" srcset=\"https:\/\/static-blogs.lasprovincias.es\/wp-content\/uploads\/sites\/18\/2014\/01\/pescado.jpg 698w, https:\/\/static-blogs.lasprovincias.es\/wp-content\/uploads\/sites\/18\/2014\/01\/pescado-225x300.jpg 225w\" sizes=\"(max-width: 151px) 100vw, 151px\" \/><\/a><\/p>\n<p>&nbsp;<\/p>\n<p>&nbsp;<\/p>\n<p>&nbsp;<\/p>\n<p>&nbsp;<\/p>\n<p>&nbsp;<\/p>\n<p>&nbsp;<\/p>\n<p style=\"text-align: right;\">\u00a0<span style=\"font-size: small;\"><span style=\"font-family: Calibri;\">.<\/span><\/span><\/p>\n<p style=\"text-align: left;\"><span style=\"font-size: small;\"><span style=\"font-family: Calibri;\">Por<span style=\"color: #800080; font-size: medium;\"> la \u00fanica ventana que hab\u00eda abierta<\/span> se fueron marchando las mariposas,\u00a0 se escap\u00f3 la cotorra del Mercat Central (supongo que a tomar un bocata canalla de Ricard) y se esfum\u00f3 el mar. Me qued\u00e9 s\u00f3lo con mis circunstancias. Bueno, Eneko permanec\u00eda all\u00ed tambi\u00e9n: <span style=\"font-size: medium; color: #800080;\"><em>&#8220;Est\u00e1s loco, pero quien no sue\u00f1a, no es nada<\/em>&#8220;<\/span>. Eso imagin\u00e9 que me dec\u00eda. Entonces, una mariposa con <span style=\"background-color: #cc99ff;\">alas de violeta<\/span> se me puso en la punta de mi <span style=\"font-size: x-large; color: #993366;\">narizota.<\/span><\/span><\/span><\/p>\n<p style=\"text-align: right;\"><span style=\"font-size: large;\"><span style=\"font-family: Calibri;\"> \u00a1C\u00e1spitas, qu\u00e9 cosas me pasan!<\/span><\/span><\/p>\n<p style=\"text-align: right;\"><a class=\"twitter-follow-button\" href=\"https:\/\/twitter.com\/JesusTrelis\" data-lang=\"es\" data-show-count=\"false\" rel=\"external nofollow\">Seguir a @JesusTrelis<\/a><\/p>\n<p style=\"text-align: center;\"><a href=\"\/historiascondelantal\/wp-content\/uploads\/sites\/18\/2014\/01\/IMG_4714.jpg\"><img loading=\"lazy\" class=\"aligncenter  wp-image-1544\" title=\"IMG_4714\" src=\"\/historiascondelantal\/wp-content\/uploads\/sites\/18\/2014\/01\/IMG_4714.jpg\" alt=\"\" width=\"271\" height=\"368\" srcset=\"https:\/\/static-blogs.lasprovincias.es\/wp-content\/uploads\/sites\/18\/2014\/01\/IMG_4714.jpg 881w, https:\/\/static-blogs.lasprovincias.es\/wp-content\/uploads\/sites\/18\/2014\/01\/IMG_4714-220x300.jpg 220w, https:\/\/static-blogs.lasprovincias.es\/wp-content\/uploads\/sites\/18\/2014\/01\/IMG_4714-768x1046.jpg 768w, https:\/\/static-blogs.lasprovincias.es\/wp-content\/uploads\/sites\/18\/2014\/01\/IMG_4714-752x1024.jpg 752w\" sizes=\"(max-width: 271px) 100vw, 271px\" \/><\/a><\/p>\n<p>&nbsp;<\/p>\n<!-- AddThis Advanced Settings generic via filter on the_content --><!-- AddThis Share Buttons generic via filter on the_content -->","protected":false},"excerpt":{"rendered":"<p>Seguir a @JesusTrelis Quiz\u00e1s esto se tuviera que titular las Cuatro Estaciones de Eneko pero, como creo que sigue en su primavera, me quedar\u00eda a medio rodar. Posiblemente deber\u00eda tener un t\u00edtulo m\u00e1s sugerente: El Plato 208. Hogar, Humildad, Origen. Pero ser\u00eda injusto reducir su obra a esta peque\u00f1a joya&#8230; El plato 208. Fotograf\u00eda de [&hellip;]<!-- AddThis Advanced Settings generic via filter on get_the_excerpt --><!-- AddThis Share Buttons generic via filter on get_the_excerpt --><\/p>\n","protected":false},"author":23,"featured_media":0,"comment_status":"open","ping_status":"open","sticky":false,"template":"","format":"standard","meta":[],"categories":[2,3,4,5,6],"tags":[47,106,150,192,383,582,745,958,979,1120],"_links":{"self":[{"href":"https:\/\/blogs.lasprovincias.es\/historiascondelantal\/wp-json\/wp\/v2\/posts\/1517"}],"collection":[{"href":"https:\/\/blogs.lasprovincias.es\/historiascondelantal\/wp-json\/wp\/v2\/posts"}],"about":[{"href":"https:\/\/blogs.lasprovincias.es\/historiascondelantal\/wp-json\/wp\/v2\/types\/post"}],"author":[{"embeddable":true,"href":"https:\/\/blogs.lasprovincias.es\/historiascondelantal\/wp-json\/wp\/v2\/users\/23"}],"replies":[{"embeddable":true,"href":"https:\/\/blogs.lasprovincias.es\/historiascondelantal\/wp-json\/wp\/v2\/comments?post=1517"}],"version-history":[{"count":0,"href":"https:\/\/blogs.lasprovincias.es\/historiascondelantal\/wp-json\/wp\/v2\/posts\/1517\/revisions"}],"wp:attachment":[{"href":"https:\/\/blogs.lasprovincias.es\/historiascondelantal\/wp-json\/wp\/v2\/media?parent=1517"}],"wp:term":[{"taxonomy":"category","embeddable":true,"href":"https:\/\/blogs.lasprovincias.es\/historiascondelantal\/wp-json\/wp\/v2\/categories?post=1517"},{"taxonomy":"post_tag","embeddable":true,"href":"https:\/\/blogs.lasprovincias.es\/historiascondelantal\/wp-json\/wp\/v2\/tags?post=1517"}],"curies":[{"name":"wp","href":"https:\/\/api.w.org\/{rel}","templated":true}]}}