{"id":15179,"date":"2018-02-22T09:25:12","date_gmt":"2018-02-22T07:25:12","guid":{"rendered":"http:\/\/blogs.lasprovincias.es\/historiascondelantal\/?p=15179"},"modified":"2018-02-22T09:25:12","modified_gmt":"2018-02-22T07:25:12","slug":"bernd-h-knoller-en-mi-fase-mas-loca-servia-corazon-de-lechal-crudo-con-atun-tambien-crudo","status":"publish","type":"post","link":"https:\/\/blogs.lasprovincias.es\/historiascondelantal\/2018\/02\/22\/bernd-h-knoller-en-mi-fase-mas-loca-servia-corazon-de-lechal-crudo-con-atun-tambien-crudo\/","title":{"rendered":"Bernd H. Kn\u00f6ller: \u00abEn mi fase m\u00e1s loca serv\u00eda coraz\u00f3n de lechal crudo con at\u00fan, tambi\u00e9n crudo\u00bb"},"content":{"rendered":"<p><b>MIENTRAS AFILABA LOS L\u00c1PICES, el cocinero alem\u00e1n m\u00e1s espa\u00f1ol remataba su yogur\u00a0con fruta fresca y nueces en Muez. La intensidad lleg\u00f3 despu\u00e9s. Se desbord\u00f3, incluso, al abrirle en canal con preguntas:<\/b><strong><span style=\"color: #ab1010;\"> \u00abes una putada lo que est\u00e1s haciendo; yo necesito semanas para buscar respuestas\u00bb<\/span><\/strong><b>. Comenzamos con abrazos; acabamos a mordiscos<\/b><\/p>\n<h3 style=\"text-align: right;\">#SALADE<strong>DESPIECE<\/strong><\/h3>\n<p style=\"text-align: right;\">1- JOAQU\u00cdN<strong>\u00a0SCHMIDT.<\/strong>\u00a0<span style=\"color: #808080;\"><a style=\"color: #808080;\" href=\"https:\/\/blogs.lasprovincias.es\/historiascondelantal\/2018\/01\/15\/joaquin-schmidt-creo-que-soy-un-poco-extraterrestre-pero-con-los-pies-en-el-suelo\/\">FUERA DE\u00a0<strong>GUI\u00d3N<\/strong><\/a><\/span><\/p>\n<p style=\"text-align: right;\">2- MANUEL\u00a0<strong>ALONSO<\/strong>.\u00a0<span style=\"color: #808080;\"><a style=\"color: #808080;\" href=\"https:\/\/blogs.lasprovincias.es\/historiascondelantal\/2018\/01\/23\/manuel-alonso-me-gustaria-bailar-como-michael-jackson\/\">EXTRA DE\u00a0<strong>PASI\u00d3N<\/strong><\/a><\/span><\/p>\n<p style=\"text-align: right;\">3- ABRAHAM\u00a0<strong>GARC\u00cdA<\/strong>.\u00a0<span style=\"color: #808080;\"><a style=\"color: #808080;\" href=\"https:\/\/blogs.lasprovincias.es\/historiascondelantal\/2018\/02\/08\/abraham-garcia-las-pasiones-como-los-besos-y-los-callos-son-con-lengua-o-no-lo-son\/\">RE\/VERSO\u00a0<strong>LIBRE<\/strong><\/a><\/span><\/p>\n<p style=\"text-align: right;\">4. CARLOS<strong>\u00a0MEDINA.<a href=\"https:\/\/blogs.lasprovincias.es\/historiascondelantal\/2018\/02\/14\/carlos-medina-me-gustaria-poder-cocinar-semen-de-bacalao-es-de-lo-mas-delicioso-que-he-probado\/\">\u00a0<\/a><\/strong><a href=\"https:\/\/blogs.lasprovincias.es\/historiascondelantal\/2018\/02\/14\/carlos-medina-me-gustaria-poder-cocinar-semen-de-bacalao-es-de-lo-mas-delicioso-que-he-probado\/\"><span style=\"color: #808080;\">COCINA<strong>\u00a0EL\u00c9CTRICA<\/strong><\/span><\/a><\/p>\n<p style=\"text-align: right;\">5. BERND H. <strong>KN\u00d6LLER<\/strong>. <span style=\"color: #808080;\"><strong>CATEDR\u00c1TICO<\/strong> EN MESA<\/span><\/p>\n<p style=\"text-align: right;\"><span style=\"color: #808080;\">(Reportaje fotogr\u00e1fico: Txema Rodr\u00edguez\/LP)<\/span><\/p>\n<p>&nbsp;<\/p>\n<p style=\"text-align: center;\"><a href=\"https:\/\/static-blogs.lasprovincias.es\/wp-content\/uploads\/sites\/18\/2018\/02\/1404533761.jpg\"><img loading=\"lazy\" class=\"alignnone size-large wp-image-15182\" src=\"https:\/\/static-blogs.lasprovincias.es\/wp-content\/uploads\/sites\/18\/2018\/02\/1404533761-1024x801.jpg\" alt=\"Bernd H. Knoller, resturante RIFF\" width=\"1024\" height=\"801\" srcset=\"https:\/\/static-blogs.lasprovincias.es\/wp-content\/uploads\/sites\/18\/2018\/02\/1404533761-1024x801.jpg 1024w, https:\/\/static-blogs.lasprovincias.es\/wp-content\/uploads\/sites\/18\/2018\/02\/1404533761-300x235.jpg 300w, https:\/\/static-blogs.lasprovincias.es\/wp-content\/uploads\/sites\/18\/2018\/02\/1404533761-768x601.jpg 768w\" sizes=\"(max-width: 1024px) 100vw, 1024px\" \/><\/a><\/p>\n<p><img loading=\"lazy\" class=\"alignnone size-large wp-image-15128 aligncenter\" src=\"https:\/\/static-blogs.lasprovincias.es\/wp-content\/uploads\/sites\/18\/2018\/02\/1518472067375-1024x250.jpeg\" alt=\"1518472067375\" width=\"1024\" height=\"250\" srcset=\"https:\/\/static-blogs.lasprovincias.es\/wp-content\/uploads\/sites\/18\/2018\/02\/1518472067375-1024x250.jpeg 1024w, https:\/\/static-blogs.lasprovincias.es\/wp-content\/uploads\/sites\/18\/2018\/02\/1518472067375-300x73.jpeg 300w, https:\/\/static-blogs.lasprovincias.es\/wp-content\/uploads\/sites\/18\/2018\/02\/1518472067375-768x187.jpeg 768w, https:\/\/static-blogs.lasprovincias.es\/wp-content\/uploads\/sites\/18\/2018\/02\/1518472067375.jpeg 2048w\" sizes=\"(max-width: 1024px) 100vw, 1024px\" \/><\/p>\n<hr \/>\n<p><!--more--><\/p>\n<h3><span style=\"color: #ab1010;\">EXTREMIDADES<\/span><\/h3>\n<p><strong>\u00bfA qui\u00e9n abrazar\u00edas?<\/strong><br \/>\nA mi mujer, a mi hija, a mi madre\u2026 Soy muy cl\u00e1sico en eso.<br \/>\n<strong>Mira las manos. \u00bfQu\u00e9 ves?<\/strong><br \/>\nLarga vida.<br \/>\n<strong>Coge tres ingredientes.<\/strong><br \/>\nSoy de tres ingredientes. Tomate, buen aceite de oliva y sal marina sin refinar. Con el tomate soy muy loco. Si est\u00e1 mezclado no lo puedo comer. No hay que moverlo.<br \/>\n<strong>\u00bfDerecha o izquierda?<\/strong><br \/>\nLa mano derecha.<br \/>\n<strong>\u00bfQui\u00e9n te neg\u00f3?<\/strong><br \/>\n\u00bfMi padre?<br \/>\n<strong>\u00bfDe qu\u00e9 lugar saliste corriendo?<\/strong><br \/>\nDe la cocina prefabricada.<br \/>\n<strong>Las piernas m\u00e1s bellas que has visto.<\/strong><br \/>\nLas de mi ni\u00f1a. (Sonr\u00ede).<br \/>\n<strong>Manitas de cerdo o pierna de cabrito.<\/strong><br \/>\n\u00a1Manitas, por supuesto!<\/p>\n<h3><span style=\"color: #ab1010;\">TRONCO<\/span><\/h3>\n<p><strong>V\u00edsceras. \u00bfEl mejor plato?<\/strong><br \/>\nUnas mollejas de ternera en el restaurante de Pierre Gagnaire en Par\u00eds.<br \/>\n<strong>Vi cocinar con una vejiga en tu restaurante. Tu plato m\u00e1s psicod\u00e9lico es&#8230;<\/strong><br \/>\nEn mi fase m\u00e1s loca, cocin\u00e9 coraz\u00f3n de ternera lechal crudo con at\u00fan. Crudo tambi\u00e9n.<br \/>\n<strong>\u00bfQu\u00e9 cocina te llen\u00f3 el est\u00f3mago de mariposas?<\/strong><br \/>\nPues elBulli en mi primera visita, en el a\u00f1o 96.<br \/>\n<strong>\u00bfY mala la tripa?<\/strong><br \/>\n\u00bfelBulli tambi\u00e9n en 2003?<br \/>\n<strong>\u00bfQu\u00e9 factura de una comida te cost\u00f3 un ri\u00f1\u00f3n?<\/strong><br \/>\nNo miro los precios.<br \/>\n<strong>Te salen alas de los om\u00f3platos, \u00bfsigues siendo el \u00c1ngel Azul?<\/strong><br \/>\nS\u00ed, me gusta serlo.<br \/>\n<strong>\u00bfD\u00f3nde volar\u00edas?<\/strong><br \/>\nTe podr\u00eda decir tres mil sitios, por los restaurantes. De Lommi Island a Australia, pasando por Copenhague, Berl\u00edn&#8230;<br \/>\n<strong>\u00bfQu\u00e9 ave que vuela te llevar\u00edas a la cazuela?<\/strong><br \/>\nTodas. En el Riff apenas ya hay carne\u2026. Salvo los corderos que cr\u00edo.<\/p>\n<p>&nbsp;<\/p>\n<div id=\"attachment_15181\" style=\"width: 755px\" class=\"wp-caption aligncenter\"><a href=\"https:\/\/static-blogs.lasprovincias.es\/wp-content\/uploads\/sites\/18\/2018\/02\/1404533760.jpg\"><img aria-describedby=\"caption-attachment-15181\" loading=\"lazy\" class=\"size-large wp-image-15181\" src=\"https:\/\/static-blogs.lasprovincias.es\/wp-content\/uploads\/sites\/18\/2018\/02\/1404533760-745x1024.jpg\" alt=\"03-02-2018. Comunidad Valenciana, Valencia. Bernd H. Knoller, chef del restaurante Riff. Fotograf\u00eda de Txema Rodr\u00edguez\" width=\"745\" height=\"1024\" srcset=\"https:\/\/static-blogs.lasprovincias.es\/wp-content\/uploads\/sites\/18\/2018\/02\/1404533760-745x1024.jpg 745w, https:\/\/static-blogs.lasprovincias.es\/wp-content\/uploads\/sites\/18\/2018\/02\/1404533760-218x300.jpg 218w, https:\/\/static-blogs.lasprovincias.es\/wp-content\/uploads\/sites\/18\/2018\/02\/1404533760-768x1055.jpg 768w\" sizes=\"(max-width: 745px) 100vw, 745px\" \/><\/a><p id=\"caption-attachment-15181\" class=\"wp-caption-text\">Bernd H. Knoller, chef del restaurante Riff. Fotograf\u00eda de Txema Rodr\u00edguez<\/p><\/div>\n<h3><span style=\"color: #ab1010;\">CORAZ\u00d3N<\/span><\/h3>\n<p><strong>\u00bfQui\u00e9n te meti\u00f3 el cuchillo por la espalda?<\/strong><br \/>\n\u00bfNombres y apellidos? (Se r\u00ede). Hab\u00eda algunos.<br \/>\n<strong>\u00bfQu\u00e9 nos falta a la cocina de esta tierra?<\/strong><br \/>\nTenemos de todo, es cuesti\u00f3n de saber interpretar.<br \/>\n<strong>Tu mejor cliente es\u2026<\/strong><br \/>\nTengo muy buenos clientes valencianos pero el mejor es un noruego que viene entre veinte y treinta veces al a\u00f1o. Tambi\u00e9n Gloria, que es la leche, es fant\u00e1stica. Ella viene sola\u2026<br \/>\n<strong>\u00bfRepetir\u00edas tu historia?<\/strong><br \/>\nCada diez a\u00f1os me veo era antes y me digo: \u00abpreoc\u00fapate menos\u00bb. Poco a poco lo consigo. Y no se trabaja peor por eso; es casi mejor.<br \/>\n<strong>\u00bfQu\u00e9 te acelera las pulsaciones?<\/strong><br \/>\nUna visita a un restaurante. Me pongo nervioso, como un ni\u00f1o en Navidad.<br \/>\n<strong>\u00bfQui\u00e9n tiene el coraz\u00f3n m\u00e1s fr\u00edo?<\/strong><br \/>\nLos peces. Y me parece triste. Recuerdo un d\u00eda que vi un salmonete y observ\u00e9 que ten\u00eda el h\u00edgado en un lado como nosotros. Me rompi\u00f3 el coraz\u00f3n.<br \/>\n<strong>\u00bfLa persona con el coraz\u00f3n m\u00e1s grande?<\/strong><br \/>\nCristian Lutto.<br \/>\n<strong>\u00bfPermites el amor entre fogones?<\/strong><br \/>\nSi perjudica el servicio, no.<br \/>\n<strong>Un libro que te apasione<\/strong><br \/>\nMuchos. Viv Albertine. \u2018Ropa, m\u00fasica, chicas\u2019. Me chifla. Es el \u00faltimo.<br \/>\n<strong>Gunter Grass en \u2018De la finitud\u2019, en sue\u00f1os, \u00aborde\u00f1a cefal\u00f3podos\u00bb. Me record\u00f3 tu arr\u00f2s brut. \u00bfT\u00fa que sue\u00f1as?<\/strong><br \/>\nEn general, despierto pensando sobre qu\u00e9 tengo que mejorar en el restaurante y anulo mis sue\u00f1os. Gunter Grass fue importante en mi vida. Soy, quiz\u00e1s, de la \u00faltima generaci\u00f3n que nos sentimos culpables por el holocausto nazi. Lo digo por m\u00ed y mis amigos. Nuestros hijos han cerrado eso.<br \/>\n<strong>El sentimiento que m\u00e1s f\u00e1cil te aflora.<\/strong><br \/>\nEl amor. S\u00e9 que es cursi pero si mi vida se redujera como una fracci\u00f3n, quedar\u00eda el amor en la cabeza y la meditaci\u00f3n en lo corporal.<\/p>\n<h3><span style=\"color: #ab1010;\">CABEZA<\/span><\/h3>\n<p><strong>La cabeza visible de la gastronom\u00eda en Valencia.<\/strong><br \/>\n\u00a1Ricard Camarena!<br \/>\n<strong>\u00bfY fuera de Valencia?<\/strong><br \/>\nHay tantas, no sabr\u00eda decir.<br \/>\n<strong>El pensamiento que siempre va contigo.<\/strong><br \/>\nDisfrutar. Muchas veces estoy tomando un caf\u00e9 y me digo: \u00a1qu\u00e9 gozo! Y adem\u00e1s, \u00a1qu\u00e9 gozo tan barato!<br \/>\n<strong>Una decisi\u00f3n inteligente.<\/strong><br \/>\nOtra vez, mi ni\u00f1a.<br \/>\n<strong>\u00bfY la m\u00e1s imprudente?<\/strong><br \/>\nDejar el nombre de \u00c1ngel Azul, cuando eres joven das poca importancia a lo que ha sucedido&#8230;<br \/>\n<strong>Una canita al aire.<\/strong><br \/>\nSer\u00eda un viaje gastron\u00f3mico. En este caso, Lummi Island en Estados Unidos, al restaurante The Willows.<br \/>\n<strong>Lo menos inteligente que se puede hacer en un restaurante.<\/strong><br \/>\nPara m\u00ed, no hacer lo que te pide tu coraz\u00f3n.<br \/>\n<strong>Lo m\u00e1s raro que comiste.<\/strong><br \/>\nHace poco, orejas de conejo en Sucede.<br \/>\n<strong>\u00bfNo dar\u00edas un mordisco a&#8230;?<\/strong><br \/>\nA un rottweiler.<\/p>\n<p>&nbsp;<\/p>\n<hr \/>\n<h3 style=\"text-align: center;\"><span style=\"color: #ff9900;\"><strong>LA PREGUNTA QUE RECHAZ\u00d3<\/strong><\/span><\/h3>\n<h3 style=\"text-align: center;\">\u00bfQui\u00e9n es tu mano derecha? (La dej\u00f3 aparcada&#8230; tanto que sin respuesta se qued\u00f3)<\/h3>\n<h3 style=\"text-align: center;\"><strong><span style=\"color: #ab1010;\">LA PREGUNTA QUE SE HAR\u00cdA<\/span><\/strong><\/h3>\n<h3 style=\"text-align: center;\">\u00bfTe gusta ser pol\u00edticamente incorrecto?<\/h3>\n<hr \/>\n<p style=\"text-align: center;\"><span style=\"color: #ab1010;\">AUTORE<\/span><strong><span style=\"color: #ab1010;\">PLATO<\/span><\/strong><\/p>\n<p style=\"text-align: center;\"><span style=\"color: #ab1010;\">No le gusta hablar de \u00e9l. Eso s\u00ed, le encanta conversar. Compartir reflexiones. Y proyectos. Desde sus futuros libros, que van a ver la luz bien pronto, hasta esa iniciativa casi rom\u00e1ntica de criar sus propios corderos. Bernd es mucho Bernd. \u00abCuando particip\u00e9 en un coaching, nos hac\u00edamos preguntas entre doce amigos y habl\u00e1bamos sobre lo bueno y lo malo de cada uno. Y t\u00fa mismo deb\u00edas decirlo sobre ti. El coach me dijo que le sorprend\u00eda que me viera como los doce de mi alrededor me ve\u00edan: un caos en organizaci\u00f3n que lo olvida todo pero, a la vez, con mucha creatividad, muy amigo de sus amigos, muy fiel, apasionado&#8230; Me dijo que no le sol\u00eda pasar esto porque la gente se ve muy diferente. Le sorprendi\u00f3 en mi caso&#8230; \u00bfEsto te sirve?\u00bb.<strong><span style=\"color: #000000;\"> \u00c9ste es su REPLATO.<\/span><\/strong><\/span><\/p>\n<p style=\"text-align: center;\"><a href=\"https:\/\/static-blogs.lasprovincias.es\/wp-content\/uploads\/sites\/18\/2018\/02\/1518616371903.png\"><img loading=\"lazy\" class=\"alignnone size-full wp-image-15183\" src=\"https:\/\/static-blogs.lasprovincias.es\/wp-content\/uploads\/sites\/18\/2018\/02\/1518616371903.png\" alt=\"1518616371903\" width=\"640\" height=\"603\" srcset=\"https:\/\/static-blogs.lasprovincias.es\/wp-content\/uploads\/sites\/18\/2018\/02\/1518616371903.png 640w, https:\/\/static-blogs.lasprovincias.es\/wp-content\/uploads\/sites\/18\/2018\/02\/1518616371903-300x283.png 300w\" sizes=\"(max-width: 640px) 100vw, 640px\" \/><\/a><\/p>\n<hr \/>\n<p style=\"text-align: center;\">\u00a0<a href=\"https:\/\/static-blogs.lasprovincias.es\/wp-content\/uploads\/sites\/18\/2018\/02\/1518503047197.jpeg\"><img loading=\"lazy\" class=\"alignnone size-full wp-image-15121\" src=\"https:\/\/static-blogs.lasprovincias.es\/wp-content\/uploads\/sites\/18\/2018\/02\/1518503047197.jpeg\" alt=\"1518503047197\" width=\"640\" height=\"484\" srcset=\"https:\/\/static-blogs.lasprovincias.es\/wp-content\/uploads\/sites\/18\/2018\/02\/1518503047197.jpeg 640w, https:\/\/static-blogs.lasprovincias.es\/wp-content\/uploads\/sites\/18\/2018\/02\/1518503047197-300x227.jpeg 300w\" sizes=\"(max-width: 640px) 100vw, 640px\" \/><\/a><\/p>\n<!-- AddThis Advanced Settings generic via filter on the_content --><!-- AddThis Share Buttons generic via filter on the_content -->","protected":false},"excerpt":{"rendered":"<p>MIENTRAS AFILABA LOS L\u00c1PICES, el cocinero alem\u00e1n m\u00e1s espa\u00f1ol remataba su yogur\u00a0con fruta fresca y nueces en Muez. La intensidad lleg\u00f3 despu\u00e9s. Se desbord\u00f3, incluso, al abrirle en canal con preguntas: \u00abes una putada lo que est\u00e1s haciendo; yo necesito semanas para buscar respuestas\u00bb. Comenzamos con abrazos; acabamos a mordiscos #SALADEDESPIECE 1- JOAQU\u00cdN\u00a0SCHMIDT.\u00a0FUERA DE\u00a0GUI\u00d3N 2- [&hellip;]<!-- AddThis Advanced Settings generic via filter on get_the_excerpt --><!-- AddThis Share Buttons generic via filter on get_the_excerpt --><\/p>\n","protected":false},"author":23,"featured_media":0,"comment_status":"open","ping_status":"open","sticky":false,"template":"","format":"standard","meta":[],"categories":[3,4,5,1],"tags":[126,965,1450],"_links":{"self":[{"href":"https:\/\/blogs.lasprovincias.es\/historiascondelantal\/wp-json\/wp\/v2\/posts\/15179"}],"collection":[{"href":"https:\/\/blogs.lasprovincias.es\/historiascondelantal\/wp-json\/wp\/v2\/posts"}],"about":[{"href":"https:\/\/blogs.lasprovincias.es\/historiascondelantal\/wp-json\/wp\/v2\/types\/post"}],"author":[{"embeddable":true,"href":"https:\/\/blogs.lasprovincias.es\/historiascondelantal\/wp-json\/wp\/v2\/users\/23"}],"replies":[{"embeddable":true,"href":"https:\/\/blogs.lasprovincias.es\/historiascondelantal\/wp-json\/wp\/v2\/comments?post=15179"}],"version-history":[{"count":6,"href":"https:\/\/blogs.lasprovincias.es\/historiascondelantal\/wp-json\/wp\/v2\/posts\/15179\/revisions"}],"predecessor-version":[{"id":15209,"href":"https:\/\/blogs.lasprovincias.es\/historiascondelantal\/wp-json\/wp\/v2\/posts\/15179\/revisions\/15209"}],"wp:attachment":[{"href":"https:\/\/blogs.lasprovincias.es\/historiascondelantal\/wp-json\/wp\/v2\/media?parent=15179"}],"wp:term":[{"taxonomy":"category","embeddable":true,"href":"https:\/\/blogs.lasprovincias.es\/historiascondelantal\/wp-json\/wp\/v2\/categories?post=15179"},{"taxonomy":"post_tag","embeddable":true,"href":"https:\/\/blogs.lasprovincias.es\/historiascondelantal\/wp-json\/wp\/v2\/tags?post=15179"}],"curies":[{"name":"wp","href":"https:\/\/api.w.org\/{rel}","templated":true}]}}