{"id":15443,"date":"2018-03-24T08:14:40","date_gmt":"2018-03-24T06:14:40","guid":{"rendered":"http:\/\/blogs.lasprovincias.es\/historiascondelantal\/?p=15443"},"modified":"2018-03-24T08:16:29","modified_gmt":"2018-03-24T06:16:29","slug":"lo-mejor-del-menu-de-ricard-camarena","status":"publish","type":"post","link":"https:\/\/blogs.lasprovincias.es\/historiascondelantal\/2018\/03\/24\/lo-mejor-del-menu-de-ricard-camarena\/","title":{"rendered":"Lo mejor del men\u00fa de Ricard Camarena"},"content":{"rendered":"<p><strong>En la cocina, un preludio elegante, seductor y repleto de contrastes en los que no falt\u00f3 su homenaje al tomate. Tras \u00e9l, diez platos como diez pu\u00f1etazos sobre la mesa con los que decir: \u00abaqu\u00ed estoy yo\u00bb. <span style=\"color: #ab1010;\">La huerta abierta en canal, el mar m\u00e1s l\u00facido, un arroz crecido y hasta un doble servicio de pato soberbio.<\/span> La sala engrasada como nunca y los vinos despuntando.<span style=\"color: #333333;\"> Camarena ya vuela<\/span>.<\/strong><\/p>\n<p>&nbsp;<\/p>\n<p style=\"text-align: center;\"><a href=\"https:\/\/static-blogs.lasprovincias.es\/wp-content\/uploads\/sites\/18\/2018\/03\/1521582462791.jpeg\"><img loading=\"lazy\" class=\"alignnone size-large wp-image-15445\" src=\"https:\/\/static-blogs.lasprovincias.es\/wp-content\/uploads\/sites\/18\/2018\/03\/1521582462791-1024x768.jpeg\" alt=\"1521582462791\" width=\"1024\" height=\"768\" srcset=\"https:\/\/static-blogs.lasprovincias.es\/wp-content\/uploads\/sites\/18\/2018\/03\/1521582462791-1024x768.jpeg 1024w, https:\/\/static-blogs.lasprovincias.es\/wp-content\/uploads\/sites\/18\/2018\/03\/1521582462791-300x225.jpeg 300w, https:\/\/static-blogs.lasprovincias.es\/wp-content\/uploads\/sites\/18\/2018\/03\/1521582462791-768x576.jpeg 768w, https:\/\/static-blogs.lasprovincias.es\/wp-content\/uploads\/sites\/18\/2018\/03\/1521582462791.jpeg 2048w\" sizes=\"(max-width: 1024px) 100vw, 1024px\" \/><\/a><\/p>\n<p style=\"text-align: center;\"><a href=\"https:\/\/static-blogs.lasprovincias.es\/wp-content\/uploads\/sites\/18\/2018\/03\/IMG_6842.jpg\"><img loading=\"lazy\" class=\"alignnone size-full wp-image-15446\" src=\"https:\/\/static-blogs.lasprovincias.es\/wp-content\/uploads\/sites\/18\/2018\/03\/IMG_6842.jpg\" alt=\"img_6842\" width=\"1020\" height=\"621\" srcset=\"https:\/\/static-blogs.lasprovincias.es\/wp-content\/uploads\/sites\/18\/2018\/03\/IMG_6842.jpg 1020w, https:\/\/static-blogs.lasprovincias.es\/wp-content\/uploads\/sites\/18\/2018\/03\/IMG_6842-300x183.jpg 300w, https:\/\/static-blogs.lasprovincias.es\/wp-content\/uploads\/sites\/18\/2018\/03\/IMG_6842-768x468.jpg 768w\" sizes=\"(max-width: 1020px) 100vw, 1020px\" \/><\/a><\/p>\n<p style=\"text-align: center;\"><!--more--><\/p>\n<hr \/>\n<h3 style=\"text-align: right;\">LOS MEN\u00daS DE<span style=\"color: #ab1010;\"><strong> 2018<\/strong><\/span><\/h3>\n<p style=\"text-align: right;\"><span style=\"color: #c2b378;\">I. Ricard Camarena.<strong>\u00a0(Una estrella que palpita)<\/strong>.<\/span><\/p>\n<p>&nbsp;<\/p>\n<p>\u00ab<em>Pasar del horizonte envejecido\/ Y mirar en el fondo de los sue\u00f1os\/ La estrella que palpita<\/em>\u00bb. Le robo estos versos a <strong>Vicente Huidobro<\/strong>, poeta chileno. \u00c9l trazaba emotivas certezas con palabras. Como hace Ricard Camarena con sus platos. Aunque, en realidad, esos versos me han recordado al cocinero por otra cosa: <strong>Ricard ha atravesado la frontera del ayer, se ha superado y, en el fondo de ese sue\u00f1o llamado Bombas Gens, ha encontrado unas alas que le han hecho volar.<\/strong> La experiencia que se puede vivir ahora en su restaurante es \u00fanica porque, sobre todo, m\u00e1s all\u00e1 de la excepcionalidad de los platos del cocinero \u2013que ya no es ning\u00fan misterio que cautivan\u2013 est\u00e1 el revulsivo absoluto al mundo de los vinos que le da <strong>David Rabasa<\/strong> con su regreso y esa maquinaria de la sala, que ya baila al son del local con naturalidad absoluta y con mucha profesionalidad. Sent\u00ed en Ricard que el cocinero se hab\u00eda liberado de la presi\u00f3n del cambio o de los reconocimientos de las gu\u00edas, y que era feliz cocinando y degustando su momento. Y eso se nota.<span style=\"color: #ab1010;\"><strong> Se nota que la estrella palpita<\/strong><\/span>.<\/p>\n<p style=\"text-align: center;\"><a href=\"https:\/\/static-blogs.lasprovincias.es\/wp-content\/uploads\/sites\/18\/2018\/03\/IMG_6803.jpg\"><img loading=\"lazy\" class=\"alignnone size-large wp-image-15448\" src=\"https:\/\/static-blogs.lasprovincias.es\/wp-content\/uploads\/sites\/18\/2018\/03\/IMG_6803-1024x683.jpg\" alt=\"img_6803\" width=\"1024\" height=\"683\" srcset=\"https:\/\/static-blogs.lasprovincias.es\/wp-content\/uploads\/sites\/18\/2018\/03\/IMG_6803.jpg 1024w, https:\/\/static-blogs.lasprovincias.es\/wp-content\/uploads\/sites\/18\/2018\/03\/IMG_6803-300x200.jpg 300w, https:\/\/static-blogs.lasprovincias.es\/wp-content\/uploads\/sites\/18\/2018\/03\/IMG_6803-768x512.jpg 768w\" sizes=\"(max-width: 1024px) 100vw, 1024px\" \/><\/a><\/p>\n<p>&nbsp;<\/p>\n<h2 style=\"text-align: center;\"><span style=\"color: #c2b378;\">LOS CINCO TOP<\/span><\/h2>\n<p><span style=\"color: #ab1010;\"><strong>1. Ensalada de quisquillas <\/strong><\/span><\/p>\n<p>Las ensaladas de Ricard son adictivas. En este caso, con su quisquilla y queso fresco sobre el que reposa las azuladas huevas, todav\u00eda m\u00e1s. Habitas tiernas, la fresita de Canals, las jud\u00edas baby&#8230; Es, sencillamente,<strong> un plato \u2018marca de la casa\u2019 que guarda el alma de lo que es la cocina de Camarena<\/strong>. Elegante en su presentaci\u00f3n y repleto de sutilidades por todos los lados. En \u00e9l, ofrece todo un abanico de texturas y sabores \u2013\u00e1cidos, dulces, marinos&#8230;\u2013. Es el mejor ejemplo de que su cocina est\u00e1 viva: pura temporada.<\/p>\n<p style=\"text-align: center;\"><a href=\"https:\/\/static-blogs.lasprovincias.es\/wp-content\/uploads\/sites\/18\/2018\/03\/IMG_6828.jpg\"><img loading=\"lazy\" class=\"alignnone size-large wp-image-15463\" src=\"https:\/\/static-blogs.lasprovincias.es\/wp-content\/uploads\/sites\/18\/2018\/03\/IMG_6828-1024x683.jpg\" alt=\"img_6828\" width=\"1024\" height=\"683\" srcset=\"https:\/\/static-blogs.lasprovincias.es\/wp-content\/uploads\/sites\/18\/2018\/03\/IMG_6828.jpg 1024w, https:\/\/static-blogs.lasprovincias.es\/wp-content\/uploads\/sites\/18\/2018\/03\/IMG_6828-300x200.jpg 300w, https:\/\/static-blogs.lasprovincias.es\/wp-content\/uploads\/sites\/18\/2018\/03\/IMG_6828-768x512.jpg 768w\" sizes=\"(max-width: 1024px) 100vw, 1024px\" \/><\/a><\/p>\n<p><span style=\"color: #ab1010;\"><strong>2. Cremoso de caviar y dent\u00f3n <\/strong><\/span><\/p>\n<p>En realidad el plato es un cremoso de caviar con dent\u00f3n marinado y leche de almendras. El resultado, una creaci\u00f3n muy cuidada y refinada, equilibrada, en que todo est\u00e1 perfectamente ensamblado y que resulta hasta sedosa, envolvente, en el paladar. <strong>Un plato tan f\u00e1cil de comer que te quedas con ganas de m\u00e1s.<\/strong> Y la demostraci\u00f3n de la importancia del producto \u2013vemos aqu\u00ed presente el caviar\u2013 y su debilidad por unir mar y huerta, que suele ser una constante en todos los platos. Elegancia absoluta.<\/p>\n<p style=\"text-align: center;\"><a href=\"https:\/\/static-blogs.lasprovincias.es\/wp-content\/uploads\/sites\/18\/2018\/03\/caviar-e1521731371978.jpg\"><img loading=\"lazy\" class=\"alignnone size-large wp-image-15462\" src=\"https:\/\/static-blogs.lasprovincias.es\/wp-content\/uploads\/sites\/18\/2018\/03\/caviar-e1521731371978-1024x683.jpg\" alt=\"caviar\" width=\"1024\" height=\"683\" srcset=\"https:\/\/static-blogs.lasprovincias.es\/wp-content\/uploads\/sites\/18\/2018\/03\/caviar-e1521731371978.jpg 1024w, https:\/\/static-blogs.lasprovincias.es\/wp-content\/uploads\/sites\/18\/2018\/03\/caviar-e1521731371978-300x200.jpg 300w, https:\/\/static-blogs.lasprovincias.es\/wp-content\/uploads\/sites\/18\/2018\/03\/caviar-e1521731371978-768x512.jpg 768w\" sizes=\"(max-width: 1024px) 100vw, 1024px\" \/><\/a><\/p>\n<p><span style=\"color: #ab1010;\"><strong>3. Cigala con guisantes a la crema <\/strong><\/span><\/p>\n<p>Que este plato es un espect\u00e1culo es dif\u00edcil esconderlo. S\u00f3lo decirte guisantes del Maresme, mimados en este caso por la cocina de Camarena, ya tienes sensaci\u00f3n de \u00e9xito. Pero es que adem\u00e1s, el juego con la cigala de Gand\u00eda (que es de una frescura excepcional) era perfecto. El remate lo puso esa crema de esp\u00e1rragos con coco que envolv\u00eda en el paladar, repleto de juegos dulzones.<strong> Me gust\u00f3 mucho. Perd\u00f3n, much\u00edsimo.<\/strong> (Cu\u00e1nto cuesta ponerle peros a este se\u00f1or. Qu\u00e9 maravilla&#8230;)<\/p>\n<p style=\"text-align: center;\"><a href=\"https:\/\/static-blogs.lasprovincias.es\/wp-content\/uploads\/sites\/18\/2018\/03\/guisantes.jpg\"><img loading=\"lazy\" class=\"alignnone size-large wp-image-15464\" src=\"https:\/\/static-blogs.lasprovincias.es\/wp-content\/uploads\/sites\/18\/2018\/03\/guisantes-1024x683.jpg\" alt=\"guisantes\" width=\"1024\" height=\"683\" srcset=\"https:\/\/static-blogs.lasprovincias.es\/wp-content\/uploads\/sites\/18\/2018\/03\/guisantes.jpg 1024w, https:\/\/static-blogs.lasprovincias.es\/wp-content\/uploads\/sites\/18\/2018\/03\/guisantes-300x200.jpg 300w, https:\/\/static-blogs.lasprovincias.es\/wp-content\/uploads\/sites\/18\/2018\/03\/guisantes-768x512.jpg 768w\" sizes=\"(max-width: 1024px) 100vw, 1024px\" \/><\/a><\/p>\n<p><span style=\"color: #ab1010;\"><strong>4. Cocochas a la brasa con alcachofas <\/strong><\/span><\/p>\n<p>Otra de las joyas de la corona (s\u00f3lo te he citado algunas) es este plato en el que <strong>unas impecables cocochas y unas magistrales alcachofitas<\/strong> con el sello de la huerta de Toni Misiano se dan la mano con la yema de huevo y el zaatar (una mezcla de especias cuyo empleo se centra en la cocina \u00e1rabe y que posiblemente Ricard se trajo de su viaje a Israel). En su conjunto es una propuesta imbatible. Una revisi\u00f3n de otras cocochas servidas por Ricard en temporadas pasadas pero quiz\u00e1 m\u00e1s madura y fina. Pura armon\u00eda.<\/p>\n<p style=\"text-align: center;\"><a href=\"https:\/\/static-blogs.lasprovincias.es\/wp-content\/uploads\/sites\/18\/2018\/03\/alcachofitas.jpg\"><img loading=\"lazy\" class=\"alignnone size-large wp-image-15460\" src=\"https:\/\/static-blogs.lasprovincias.es\/wp-content\/uploads\/sites\/18\/2018\/03\/alcachofitas-1024x683.jpg\" alt=\"alcachofitas\" width=\"1024\" height=\"683\" srcset=\"https:\/\/static-blogs.lasprovincias.es\/wp-content\/uploads\/sites\/18\/2018\/03\/alcachofitas.jpg 1024w, https:\/\/static-blogs.lasprovincias.es\/wp-content\/uploads\/sites\/18\/2018\/03\/alcachofitas-300x200.jpg 300w, https:\/\/static-blogs.lasprovincias.es\/wp-content\/uploads\/sites\/18\/2018\/03\/alcachofitas-768x512.jpg 768w\" sizes=\"(max-width: 1024px) 100vw, 1024px\" \/><\/a><\/p>\n<hr \/>\n<p style=\"text-align: center;\"><span style=\"text-decoration: underline; color: #c2b378;\"><strong>PLATO DE ORO<\/strong><\/span><\/p>\n<h3 style=\"text-align: center;\"><span style=\"color: #c2b378;\"><strong>5. Gamba y &#8216;meuniere&#8217; de sus corales <\/strong><\/span><\/h3>\n<p style=\"text-align: center;\"><em><span style=\"color: #c2b378;\">Una de estas propuestas que se te graban en la memoria y ya no olvidas. Fue (junto a media cigala que sirvi\u00f3 tal cual) el plato que m\u00e1s sorprendi\u00f3. Quiz\u00e1 porque sus cocochas, de las que te hablar\u00e9 luego, ya sab\u00eda que me iban a cautivar, por anteriores experiencias. Se trata de una gamba roja con una meuniere templada de sus corales que es algo m\u00e1s de una explosi\u00f3n de mar. Como meter la cabeza en mitad del oc\u00e9ano y, una vez all\u00ed, entre toda esa intensidad, ir saboreando todo un conjunto de texturas (con toques vegetales, especiados y tostados) jugueteando en la boca.<\/span><\/em><\/p>\n<p><a href=\"https:\/\/static-blogs.lasprovincias.es\/wp-content\/uploads\/sites\/18\/2018\/03\/IMG_6909.jpg\"><img loading=\"lazy\" class=\"alignnone size-large wp-image-15476\" src=\"https:\/\/static-blogs.lasprovincias.es\/wp-content\/uploads\/sites\/18\/2018\/03\/IMG_6909-1024x682.jpg\" alt=\"img_6909\" width=\"1024\" height=\"682\" srcset=\"https:\/\/static-blogs.lasprovincias.es\/wp-content\/uploads\/sites\/18\/2018\/03\/IMG_6909-1024x682.jpg 1024w, https:\/\/static-blogs.lasprovincias.es\/wp-content\/uploads\/sites\/18\/2018\/03\/IMG_6909-300x200.jpg 300w, https:\/\/static-blogs.lasprovincias.es\/wp-content\/uploads\/sites\/18\/2018\/03\/IMG_6909-768x512.jpg 768w, https:\/\/static-blogs.lasprovincias.es\/wp-content\/uploads\/sites\/18\/2018\/03\/IMG_6909.jpg 1280w\" sizes=\"(max-width: 1024px) 100vw, 1024px\" \/><\/a><\/p>\n<hr \/>\n<h3 style=\"text-align: center;\"><span style=\"color: #c2b378;\"><strong>Y ADEM\u00c1S&#8230;<\/strong><\/span><\/h3>\n<p><span style=\"color: #c2b378;\">CIGALA.<\/span> La sorpresa lleg\u00f3 cuando Ricard Camarena sac\u00f3, de pronto, media cigala salteada. Sin m\u00e1s. Producto tal cual. &#8220;Nos las han tra\u00eddo de Gand\u00eda vivas esta ma\u00f1ana&#8221;, coment\u00f3. <strong>Y fue una verdadera delicia.<\/strong> De esas que demuestran que la cocina de Ricard ha ganado en libertad. (Este plato complementa al de guisantes anterior, tambi\u00e9n con cigala).<\/p>\n<p style=\"text-align: center;\"><a href=\"https:\/\/static-blogs.lasprovincias.es\/wp-content\/uploads\/sites\/18\/2018\/03\/IMG_6868.jpg\"><img loading=\"lazy\" class=\"alignnone size-large wp-image-15465\" src=\"https:\/\/static-blogs.lasprovincias.es\/wp-content\/uploads\/sites\/18\/2018\/03\/IMG_6868-1024x683.jpg\" alt=\"img_6868\" width=\"1024\" height=\"683\" srcset=\"https:\/\/static-blogs.lasprovincias.es\/wp-content\/uploads\/sites\/18\/2018\/03\/IMG_6868.jpg 1024w, https:\/\/static-blogs.lasprovincias.es\/wp-content\/uploads\/sites\/18\/2018\/03\/IMG_6868-300x200.jpg 300w, https:\/\/static-blogs.lasprovincias.es\/wp-content\/uploads\/sites\/18\/2018\/03\/IMG_6868-768x512.jpg 768w\" sizes=\"(max-width: 1024px) 100vw, 1024px\" \/><\/a><\/p>\n<p><span style=\"color: #c2b378;\">CEBOLLA CON ANGULAS.<\/span> Este plato podr\u00eda colarse sin duda entre los mejores. Pero hay que elegir. La principal virtud de \u00e9l es toda <strong>la magia que se puede sacar de una cebolla<\/strong>\u00a0y que el cocinero equipara a sus otros ingredientes principales, las angulas y la trufa. \u00a1Tan nobles ellos! S\u00ed, Camarena se cree su historia y ya no tiene l\u00edmites. <strong>Es plato es muy TOP tambi\u00e9n<\/strong>&#8230;<\/p>\n<p><img loading=\"lazy\" class=\"alignnone size-large wp-image-15450 aligncenter\" src=\"https:\/\/static-blogs.lasprovincias.es\/wp-content\/uploads\/sites\/18\/2018\/03\/IMG_6847-1024x683.jpg\" alt=\"img_6847\" width=\"1024\" height=\"683\" srcset=\"https:\/\/static-blogs.lasprovincias.es\/wp-content\/uploads\/sites\/18\/2018\/03\/IMG_6847.jpg 1024w, https:\/\/static-blogs.lasprovincias.es\/wp-content\/uploads\/sites\/18\/2018\/03\/IMG_6847-300x200.jpg 300w, https:\/\/static-blogs.lasprovincias.es\/wp-content\/uploads\/sites\/18\/2018\/03\/IMG_6847-768x512.jpg 768w\" sizes=\"(max-width: 1024px) 100vw, 1024px\" \/><\/p>\n<p><span style=\"color: #c2b378;\">DOBLE SERVICIO DE PATO.<\/span> El doble servicio de pato que hace es de quitarse el sombrero. Intensidad y territorio en algo mucho m\u00e1s que elegante.<\/p>\n<p><img loading=\"lazy\" class=\"alignnone size-large wp-image-15452 aligncenter\" src=\"https:\/\/static-blogs.lasprovincias.es\/wp-content\/uploads\/sites\/18\/2018\/03\/IMG_6958-1024x683.jpg\" alt=\"img_6958\" width=\"1024\" height=\"683\" srcset=\"https:\/\/static-blogs.lasprovincias.es\/wp-content\/uploads\/sites\/18\/2018\/03\/IMG_6958.jpg 1024w, https:\/\/static-blogs.lasprovincias.es\/wp-content\/uploads\/sites\/18\/2018\/03\/IMG_6958-300x200.jpg 300w, https:\/\/static-blogs.lasprovincias.es\/wp-content\/uploads\/sites\/18\/2018\/03\/IMG_6958-768x512.jpg 768w\" sizes=\"(max-width: 1024px) 100vw, 1024px\" \/><\/p>\n<p><span style=\"color: #c2b378;\">ARROZ. <\/span>Y atentos, que la evoluci\u00f3n de Ricard con los arroces es trepidante. El de esta temporada, con sus toques tostados, me encanta.<\/p>\n<p style=\"text-align: center;\"><a href=\"https:\/\/static-blogs.lasprovincias.es\/wp-content\/uploads\/sites\/18\/2018\/03\/arroz.jpg\"><img loading=\"lazy\" class=\"alignnone size-large wp-image-15461\" src=\"https:\/\/static-blogs.lasprovincias.es\/wp-content\/uploads\/sites\/18\/2018\/03\/arroz-1024x621.jpg\" alt=\"arroz\" width=\"1024\" height=\"621\" srcset=\"https:\/\/static-blogs.lasprovincias.es\/wp-content\/uploads\/sites\/18\/2018\/03\/arroz.jpg 1024w, https:\/\/static-blogs.lasprovincias.es\/wp-content\/uploads\/sites\/18\/2018\/03\/arroz-300x182.jpg 300w, https:\/\/static-blogs.lasprovincias.es\/wp-content\/uploads\/sites\/18\/2018\/03\/arroz-768x466.jpg 768w\" sizes=\"(max-width: 1024px) 100vw, 1024px\" \/><\/a><\/p>\n<p>&nbsp;<\/p>\n<hr \/>\n<p style=\"text-align: center;\"><strong><span style=\"color: #ab1010;\">LOS CINCO PASOS<\/span><\/strong><\/p>\n<p><span style=\"color: #c2b378;\">COCINA.<\/span> Los platos de Camarena ya ten\u00edan alma. Y estrella. Ahora son a\u00fan m\u00e1s refinados y elegantes. M\u00e1s Ricard.<\/p>\n<p><span style=\"color: #c2b378;\">SALA.<\/span> Es uno de los grandes logros de esta nueva etapa: una sala rodada, muy profesional y que se siente c\u00f3moda. Quique, Carles&#8230;<\/p>\n<p><span style=\"color: #c2b378;\">BODEGA.<\/span> El regreso de <strong>David Rabasa<\/strong> a vuelto a dar alas a la bodega del restaurante y a sus maridajes. La guinda que le faltaba al pastel.<\/p>\n<p><span style=\"color: #c2b378;\">DIRECCI\u00d3N. <\/span>Ricard Camarena Restaurante se sit\u00faa en el complejo de Bombas Gens. Avenida Burjassot, 54.<\/p>\n<p><span style=\"color: #c2b378;\">MEN\u00da. <\/span>Ofrece dos men\u00fas de 155 y 120 euros. Los mediod\u00edas, otro de 55 euros con hist\u00f3ricos. Hay posibilidad de maridajes.<\/p>\n<p style=\"text-align: center;\"><span style=\"color: #ab1010;\"><strong>LAS CINCO ESTRELLAS<\/strong><\/span><\/p>\n<p><strong><span style=\"text-align: center; color: #ffcc00;\">SOBRESALIENTE <\/span><\/strong><span style=\"text-align: center; color: #ffcc00;\">(ALTO)<\/span><span style=\"text-align: center; color: #ffcc00;\">.<\/span><strong><span style=\"text-align: center; color: #ffcc00;\">\u00a0<\/span>Camarena se supera y ofrece una \u2018experiencia total\u2019 \u00fanica. Ha logrado lo que buscaba.\u00a0<\/strong><\/p>\n<hr \/>\n<h5 style=\"text-align: center;\"><\/h5>\n<h4 style=\"text-align: center;\"><span style=\"color: #ab1010;\">Y EN LA RE<strong>C\u00c1MARA&#8230;<\/strong><\/span><\/h4>\n<p style=\"text-align: center;\"><span style=\"color: #c2bf8d;\">(1. Ricard en acci\u00f3n&#8230;)<\/span><\/p>\n<p><a href=\"https:\/\/static-blogs.lasprovincias.es\/wp-content\/uploads\/sites\/18\/2018\/03\/IMG_6814.jpg\"><img loading=\"lazy\" class=\"alignnone size-large wp-image-15477\" src=\"https:\/\/static-blogs.lasprovincias.es\/wp-content\/uploads\/sites\/18\/2018\/03\/IMG_6814-1024x683.jpg\" alt=\"img_6814\" width=\"1024\" height=\"683\" srcset=\"https:\/\/static-blogs.lasprovincias.es\/wp-content\/uploads\/sites\/18\/2018\/03\/IMG_6814-1024x683.jpg 1024w, https:\/\/static-blogs.lasprovincias.es\/wp-content\/uploads\/sites\/18\/2018\/03\/IMG_6814-300x200.jpg 300w, https:\/\/static-blogs.lasprovincias.es\/wp-content\/uploads\/sites\/18\/2018\/03\/IMG_6814-768x512.jpg 768w, https:\/\/static-blogs.lasprovincias.es\/wp-content\/uploads\/sites\/18\/2018\/03\/IMG_6814.jpg 1620w\" sizes=\"(max-width: 1024px) 100vw, 1024px\" \/><\/a><\/p>\n<p style=\"text-align: center;\"><span style=\"color: #c2b378;\">(2. Kike a pie de mesa&#8230;)<\/span><\/p>\n<p><img loading=\"lazy\" class=\"size-large wp-image-15451 aligncenter\" src=\"https:\/\/static-blogs.lasprovincias.es\/wp-content\/uploads\/sites\/18\/2018\/03\/IMG_6954-1024x718.jpg\" alt=\"img_6954\" width=\"1024\" height=\"718\" srcset=\"https:\/\/static-blogs.lasprovincias.es\/wp-content\/uploads\/sites\/18\/2018\/03\/IMG_6954.jpg 1024w, https:\/\/static-blogs.lasprovincias.es\/wp-content\/uploads\/sites\/18\/2018\/03\/IMG_6954-300x210.jpg 300w, https:\/\/static-blogs.lasprovincias.es\/wp-content\/uploads\/sites\/18\/2018\/03\/IMG_6954-768x539.jpg 768w\" sizes=\"(max-width: 1024px) 100vw, 1024px\" \/><\/p>\n<p style=\"text-align: center;\"><span style=\"color: #c2bf8d;\">(3. Carles luci\u00e9ndose&#8230;)<\/span><\/p>\n<p style=\"text-align: center;\"><a href=\"https:\/\/static-blogs.lasprovincias.es\/wp-content\/uploads\/sites\/18\/2018\/03\/IMG_6914.jpg\"><img loading=\"lazy\" class=\"alignnone size-large wp-image-15478\" src=\"https:\/\/static-blogs.lasprovincias.es\/wp-content\/uploads\/sites\/18\/2018\/03\/IMG_6914-683x1024.jpg\" alt=\"img_6914\" width=\"683\" height=\"1024\" srcset=\"https:\/\/static-blogs.lasprovincias.es\/wp-content\/uploads\/sites\/18\/2018\/03\/IMG_6914-683x1024.jpg 683w, https:\/\/static-blogs.lasprovincias.es\/wp-content\/uploads\/sites\/18\/2018\/03\/IMG_6914-200x300.jpg 200w, https:\/\/static-blogs.lasprovincias.es\/wp-content\/uploads\/sites\/18\/2018\/03\/IMG_6914.jpg 720w\" sizes=\"(max-width: 683px) 100vw, 683px\" \/><\/a><\/p>\n<p style=\"text-align: center;\"><span style=\"color: #c2b378;\">(4. David Rabassa sali\u00e9ndose&#8230;)<\/span><\/p>\n<p style=\"text-align: center;\">\u00a0<img loading=\"lazy\" class=\"alignnone size-large wp-image-15453 aligncenter\" src=\"https:\/\/static-blogs.lasprovincias.es\/wp-content\/uploads\/sites\/18\/2018\/03\/IMG_6972-1024x683.jpg\" alt=\"img_6972\" width=\"1024\" height=\"683\" srcset=\"https:\/\/static-blogs.lasprovincias.es\/wp-content\/uploads\/sites\/18\/2018\/03\/IMG_6972.jpg 1024w, https:\/\/static-blogs.lasprovincias.es\/wp-content\/uploads\/sites\/18\/2018\/03\/IMG_6972-300x200.jpg 300w, https:\/\/static-blogs.lasprovincias.es\/wp-content\/uploads\/sites\/18\/2018\/03\/IMG_6972-768x512.jpg 768w\" sizes=\"(max-width: 1024px) 100vw, 1024px\" \/><\/p>\n<p style=\"text-align: center;\"><span style=\"color: #c2b378;\">(5. Flores en la entrada&#8230;)<\/span><\/p>\n<p style=\"text-align: center;\"><a href=\"https:\/\/static-blogs.lasprovincias.es\/wp-content\/uploads\/sites\/18\/2018\/03\/IMG_6978.jpg\"><img loading=\"lazy\" class=\"alignnone size-large wp-image-15454\" src=\"https:\/\/static-blogs.lasprovincias.es\/wp-content\/uploads\/sites\/18\/2018\/03\/IMG_6978-1024x635.jpg\" alt=\"img_6978\" width=\"1024\" height=\"635\" srcset=\"https:\/\/static-blogs.lasprovincias.es\/wp-content\/uploads\/sites\/18\/2018\/03\/IMG_6978.jpg 1024w, https:\/\/static-blogs.lasprovincias.es\/wp-content\/uploads\/sites\/18\/2018\/03\/IMG_6978-300x186.jpg 300w, https:\/\/static-blogs.lasprovincias.es\/wp-content\/uploads\/sites\/18\/2018\/03\/IMG_6978-768x476.jpg 768w\" sizes=\"(max-width: 1024px) 100vw, 1024px\" \/><\/a><\/p>\n<hr \/>\n<p style=\"text-align: center;\"><a href=\"https:\/\/static-blogs.lasprovincias.es\/wp-content\/uploads\/sites\/18\/2018\/03\/1521581786019-e1521730566629.jpeg\"><img loading=\"lazy\" class=\"alignnone size-large wp-image-15459\" src=\"https:\/\/static-blogs.lasprovincias.es\/wp-content\/uploads\/sites\/18\/2018\/03\/1521581786019-e1521730566629-1024x374.jpeg\" alt=\"1521581786019\" width=\"1024\" height=\"374\" srcset=\"https:\/\/static-blogs.lasprovincias.es\/wp-content\/uploads\/sites\/18\/2018\/03\/1521581786019-e1521730566629-1024x374.jpeg 1024w, https:\/\/static-blogs.lasprovincias.es\/wp-content\/uploads\/sites\/18\/2018\/03\/1521581786019-e1521730566629-300x109.jpeg 300w, https:\/\/static-blogs.lasprovincias.es\/wp-content\/uploads\/sites\/18\/2018\/03\/1521581786019-e1521730566629-768x280.jpeg 768w, https:\/\/static-blogs.lasprovincias.es\/wp-content\/uploads\/sites\/18\/2018\/03\/1521581786019-e1521730566629.jpeg 2048w\" sizes=\"(max-width: 1024px) 100vw, 1024px\" \/><\/a><\/p>\n<h4 style=\"text-align: right;\"><span style=\"color: #c2b378;\">&#8230; en el pr\u00f3ximo cap\u00edtulo. L&#8217;ESCALETA.\u00a0<\/span><\/h4>\n<!-- AddThis Advanced Settings generic via filter on the_content --><!-- AddThis Share Buttons generic via filter on the_content -->","protected":false},"excerpt":{"rendered":"<p>En la cocina, un preludio elegante, seductor y repleto de contrastes en los que no falt\u00f3 su homenaje al tomate. Tras \u00e9l, diez platos como diez pu\u00f1etazos sobre la mesa con los que decir: \u00abaqu\u00ed estoy yo\u00bb. La huerta abierta en canal, el mar m\u00e1s l\u00facido, un arroz crecido y hasta un doble servicio de [&hellip;]<!-- AddThis Advanced Settings generic via filter on get_the_excerpt --><!-- AddThis Share Buttons generic via filter on get_the_excerpt --><\/p>\n","protected":false},"author":23,"featured_media":0,"comment_status":"open","ping_status":"open","sticky":false,"template":"","format":"standard","meta":[],"categories":[3,4,5,1,7],"tags":[316,958,959],"_links":{"self":[{"href":"https:\/\/blogs.lasprovincias.es\/historiascondelantal\/wp-json\/wp\/v2\/posts\/15443"}],"collection":[{"href":"https:\/\/blogs.lasprovincias.es\/historiascondelantal\/wp-json\/wp\/v2\/posts"}],"about":[{"href":"https:\/\/blogs.lasprovincias.es\/historiascondelantal\/wp-json\/wp\/v2\/types\/post"}],"author":[{"embeddable":true,"href":"https:\/\/blogs.lasprovincias.es\/historiascondelantal\/wp-json\/wp\/v2\/users\/23"}],"replies":[{"embeddable":true,"href":"https:\/\/blogs.lasprovincias.es\/historiascondelantal\/wp-json\/wp\/v2\/comments?post=15443"}],"version-history":[{"count":12,"href":"https:\/\/blogs.lasprovincias.es\/historiascondelantal\/wp-json\/wp\/v2\/posts\/15443\/revisions"}],"predecessor-version":[{"id":15480,"href":"https:\/\/blogs.lasprovincias.es\/historiascondelantal\/wp-json\/wp\/v2\/posts\/15443\/revisions\/15480"}],"wp:attachment":[{"href":"https:\/\/blogs.lasprovincias.es\/historiascondelantal\/wp-json\/wp\/v2\/media?parent=15443"}],"wp:term":[{"taxonomy":"category","embeddable":true,"href":"https:\/\/blogs.lasprovincias.es\/historiascondelantal\/wp-json\/wp\/v2\/categories?post=15443"},{"taxonomy":"post_tag","embeddable":true,"href":"https:\/\/blogs.lasprovincias.es\/historiascondelantal\/wp-json\/wp\/v2\/tags?post=15443"}],"curies":[{"name":"wp","href":"https:\/\/api.w.org\/{rel}","templated":true}]}}