{"id":15481,"date":"2018-03-29T21:24:55","date_gmt":"2018-03-29T19:24:55","guid":{"rendered":"http:\/\/blogs.lasprovincias.es\/historiascondelantal\/?p=15481"},"modified":"2018-03-29T21:24:55","modified_gmt":"2018-03-29T19:24:55","slug":"rakel-cernicharo-no-estoy-mentalmente-preparada-para-ir-por-la-estrella-creo-que-estaria-insoportable","status":"publish","type":"post","link":"https:\/\/blogs.lasprovincias.es\/historiascondelantal\/2018\/03\/29\/rakel-cernicharo-no-estoy-mentalmente-preparada-para-ir-por-la-estrella-creo-que-estaria-insoportable\/","title":{"rendered":"Rakel Cernicharo: &#8220;No estoy mentalmente preparada para ir por la estrella; creo que estar\u00eda insoportable&#8221;"},"content":{"rendered":"<p><strong>MIENTRAS AFILABA LOS L\u00c1PICES, la cocinera de Karak sac\u00f3 una botella de agua y un par de vasos. A nuestras espaldas, su pareja ultimaba en el ordenador unos men\u00fas y el personal del restaurante se preparaba para el servicio de noche. La \u00faltima vez que hab\u00edamos hablado en persona fue para preguntarme si hac\u00eda bien march\u00e1ndose a concursar a Top Chef. A\u00f1o y medio despu\u00e9s, <span style=\"color: #ff0000;\">ha ganado, ha abierto un gran restaurante y ha serenado su anarqu\u00eda. Aunque quien tuvo, retuvo<\/span>.<\/strong><\/p>\n<h3 style=\"text-align: right;\">#SALADE<strong>DESPIECE<\/strong><\/h3>\n<p style=\"text-align: right;\">1- JOAQU\u00cdN<strong>\u00a0SCHMIDT.<\/strong>\u00a0<a href=\"https:\/\/blogs.lasprovincias.es\/historiascondelantal\/2018\/01\/15\/joaquin-schmidt-creo-que-soy-un-poco-extraterrestre-pero-con-los-pies-en-el-suelo\/\">FUERA DE\u00a0<strong>GUI\u00d3N<\/strong><\/a><\/p>\n<p style=\"text-align: right;\">2- MANUEL\u00a0<strong>ALONSO<\/strong>.\u00a0<a href=\"https:\/\/blogs.lasprovincias.es\/historiascondelantal\/2018\/01\/23\/manuel-alonso-me-gustaria-bailar-como-michael-jackson\/\">EXTRA DE\u00a0<strong>PASI\u00d3N<\/strong><\/a><\/p>\n<p style=\"text-align: right;\">3- ABRAHAM\u00a0<strong>GARC\u00cdA<\/strong>.\u00a0<a href=\"https:\/\/blogs.lasprovincias.es\/historiascondelantal\/2018\/02\/08\/abraham-garcia-las-pasiones-como-los-besos-y-los-callos-son-con-lengua-o-no-lo-son\/\">RE\/VERSO\u00a0<strong>LIBRE<\/strong><\/a><\/p>\n<p style=\"text-align: right;\">4. CARLOS<strong>\u00a0MEDINA.<a href=\"https:\/\/blogs.lasprovincias.es\/historiascondelantal\/2018\/02\/14\/carlos-medina-me-gustaria-poder-cocinar-semen-de-bacalao-es-de-lo-mas-delicioso-que-he-probado\/\">\u00a0<\/a><\/strong><a href=\"https:\/\/blogs.lasprovincias.es\/historiascondelantal\/2018\/02\/14\/carlos-medina-me-gustaria-poder-cocinar-semen-de-bacalao-es-de-lo-mas-delicioso-que-he-probado\/\">COCINA<strong>\u00a0EL\u00c9CTRICA<\/strong><\/a><\/p>\n<p style=\"text-align: right;\">5. BERND H.\u00a0<strong>KN\u00d6LLER<\/strong>.\u00a0<a href=\"https:\/\/blogs.lasprovincias.es\/historiascondelantal\/2018\/02\/22\/bernd-h-knoller-en-mi-fase-mas-loca-servia-corazon-de-lechal-crudo-con-atun-tambien-crudo\/\"><strong>CATEDR\u00c1TICO<\/strong>\u00a0EN MESA<\/a><\/p>\n<p style=\"text-align: right;\">6. MIGUEL \u00c1NGEL\u00a0<strong>MAYOR<\/strong>.\u00a0<a href=\"https:\/\/blogs.lasprovincias.es\/historiascondelantal\/2018\/03\/08\/miguel-angel-mayor-no-pretendo-que-me-entienda-cuando-a-veces-no-me-comprendo-ni-yo\/\"><strong>SOBREDOSIS<\/strong>\u00a0DE COCINA<\/a><\/p>\n<p style=\"text-align: right;\">7-RAKEL <strong>CERNICHARO<\/strong>. <strong>CICLOG\u00c9NISES<\/strong> AL PLATO<\/p>\n<p style=\"text-align: right;\">(Reportaje fotogr\u00e1fico: Irene Marsilla\/LP)<\/p>\n<p>&nbsp;<\/p>\n<p><a href=\"https:\/\/static-blogs.lasprovincias.es\/wp-content\/uploads\/sites\/18\/2018\/03\/1405343391.jpg\"><img loading=\"lazy\" class=\"size-large wp-image-15484\" src=\"https:\/\/static-blogs.lasprovincias.es\/wp-content\/uploads\/sites\/18\/2018\/03\/1405343391-1024x683.jpg\" alt=\"Rakel Cernicharo. Fotograf\u00eda de Irene Marsilla.\" width=\"1024\" height=\"683\" srcset=\"https:\/\/static-blogs.lasprovincias.es\/wp-content\/uploads\/sites\/18\/2018\/03\/1405343391-1024x683.jpg 1024w, https:\/\/static-blogs.lasprovincias.es\/wp-content\/uploads\/sites\/18\/2018\/03\/1405343391-300x200.jpg 300w, https:\/\/static-blogs.lasprovincias.es\/wp-content\/uploads\/sites\/18\/2018\/03\/1405343391-768x512.jpg 768w\" sizes=\"(max-width: 1024px) 100vw, 1024px\" \/><\/a><\/p>\n<p>&nbsp;<\/p>\n<p style=\"text-align: center;\"><a href=\"https:\/\/static-blogs.lasprovincias.es\/wp-content\/uploads\/sites\/18\/2018\/03\/1522096027227.jpeg\"><img loading=\"lazy\" class=\"alignnone size-large wp-image-15488\" src=\"https:\/\/static-blogs.lasprovincias.es\/wp-content\/uploads\/sites\/18\/2018\/03\/1522096027227-1024x250.jpeg\" alt=\"1522096027227\" width=\"1024\" height=\"250\" srcset=\"https:\/\/static-blogs.lasprovincias.es\/wp-content\/uploads\/sites\/18\/2018\/03\/1522096027227-1024x250.jpeg 1024w, https:\/\/static-blogs.lasprovincias.es\/wp-content\/uploads\/sites\/18\/2018\/03\/1522096027227-300x73.jpeg 300w, https:\/\/static-blogs.lasprovincias.es\/wp-content\/uploads\/sites\/18\/2018\/03\/1522096027227-768x187.jpeg 768w, https:\/\/static-blogs.lasprovincias.es\/wp-content\/uploads\/sites\/18\/2018\/03\/1522096027227.jpeg 2048w\" sizes=\"(max-width: 1024px) 100vw, 1024px\" \/><\/a><\/p>\n<p><!--more--><\/p>\n<h3 style=\"text-align: left;\"><span style=\"color: #ab1010;\">EXTREMIDADES <\/span><\/h3>\n<p style=\"text-align: left;\"><strong>Mete el dedo en algo. <\/strong><\/p>\n<p style=\"text-align: left;\">En todo lo que se pueda. Me encanta. Cuanto m\u00e1s viscoso y guarro mejor.<\/p>\n<p style=\"text-align: left;\"><strong>\u00bfQu\u00e9 ves en las l\u00edneas de tus manos? <\/strong><\/p>\n<p style=\"text-align: left;\">Trabajo. Y veo que las tengo jodidas. Que voy a vivir poco y que voy a tener artrosis en breve. (R\u00ede)<\/p>\n<p style=\"text-align: left;\"><strong>\u00bfTe las destrozas&#8230;? <\/strong><\/p>\n<p style=\"text-align: left;\">\u00a1 S\u00ed! Sigo limpiando platos. Y el otro d\u00eda, la campana.<\/p>\n<p style=\"text-align: left;\"><strong>\u00bfPu\u00f1etazos en la mesa? <\/strong><\/p>\n<p style=\"text-align: left;\">No, doy palmadas en la mesa y alguna en las puertas. Siempre por trabajo&#8230;<\/p>\n<p style=\"text-align: left;\"><strong> \u00bfY te han dado alg\u00fan pu\u00f1etazo?<\/strong><\/p>\n<p style=\"text-align: left;\">No, que recuerde. Si no es f\u00edsico, me han dado muchos. Algunos los esquiv\u00e9; otros me los he comido.<\/p>\n<p style=\"text-align: left;\"><strong> \u00bfZapatos de tac\u00f3n? <\/strong><\/p>\n<p style=\"text-align: left;\">En esta \u00e9poca de mi vida mejor zapatillas, para salir corriendo o permanecer aqu\u00ed. En otras, fue el tac\u00f3n.<\/p>\n<p style=\"text-align: left;\"><strong>Dale un puntapi\u00e9 a alguna actitud de la vida. <\/strong><\/p>\n<p style=\"text-align: left;\">Dar\u00eda muchos puntapi\u00e9s a algunas m\u00edas; pero todav\u00eda soy joven y puedo cambiar.<\/p>\n<h3 style=\"text-align: left;\"><span style=\"color: #ab1010;\">TRONCO <\/span><\/h3>\n<p style=\"text-align: left;\"><strong>Te salen alas en el om\u00f3plato, \u00bfd\u00f3nde vuelas?<\/strong><\/p>\n<p style=\"text-align: left;\">A alg\u00fan sitio donde no haya tel\u00e9fono m\u00f3vil y que el restaurante est\u00e9 cerrado.<\/p>\n<p style=\"text-align: left;\"><strong>\u00bfTe han metido alg\u00fan pu\u00f1al por la espalda? <\/strong><\/p>\n<p style=\"text-align: left;\">S\u00ed claro. A todos en esta vida nos han metido. A veces es m\u00e1s doloroso y a veces, menos. Un apu\u00f1alamiento por la espalda puede ser una oportunidad.<\/p>\n<p style=\"text-align: left;\"><strong>Y t\u00fa, \u00bflo has metido? <\/strong><\/p>\n<p style=\"text-align: left;\">No intencionadamente. Y s\u00ed que he sido vengativa en algunas circunstancias de la vida, pero de manera justificada.<\/p>\n<p style=\"text-align: left;\"><strong>\u00bfTe miras el ombligo? <\/strong><\/p>\n<p style=\"text-align: left;\">\u00bfSentirme el centro de todo? No me ha dado tiempo a disfrutar. Tengo m\u00e1s la sensaci\u00f3n de mirar hacia cu\u00e1ndo voy a parar. M\u00e1s que mirarme el ombligo, tiendo a mirar cu\u00e1nto de grande es la hostia que me voy a dar.<\/p>\n<p style=\"text-align: left;\"><strong>\u00bfV\u00e9rtigo? <\/strong><\/p>\n<p style=\"text-align: left;\">S\u00ed, todo lo que sube tiende a bajar y hay que preocuparse por la hostia.<\/p>\n<p style=\"text-align: left;\"><strong>\u00bfSoporta tus espaldas el peso de la fama?<\/strong><\/p>\n<p style=\"text-align: left;\">Creo que es m\u00e1s como un vaso que se va llenando. Estas cosas de la fama son como una estrella fugaz que va pasando.<\/p>\n<p style=\"text-align: left;\"><strong> \u00bfQu\u00e9 te revuelve el est\u00f3mago?<\/strong><\/p>\n<p style=\"text-align: left;\">Supongo que yo misma a veces, con lo que quiero, lo que no, lo que me da miedo&#8230; El no hacer bien mi trabajo, porque soy muy perfeccionista.<\/p>\n<p style=\"text-align: left;\"><strong>Prep\u00e1rame unas costillas.<\/strong><\/p>\n<p style=\"text-align: left;\">Las meter\u00eda en salmuera. Ahora lo hago todo en salmuera. Las dejar\u00eda all\u00ed unas semanas y luego las har\u00eda a la brasa con una salsa guarra de esas que me gustan.<\/p>\n<p style=\"text-align: left;\"><strong>\u00a0\u00bfEva es la costilla de Ad\u00e1n? <\/strong><\/p>\n<p style=\"text-align: left;\">\u00a1Qu\u00e9 pregunta! \u00a1Qu\u00e9 va a ser la costilla de Ad\u00e1n!<\/p>\n<p style=\"text-align: left;\"><strong>\u00bfTe preocupa la barriga? <\/strong><\/p>\n<p style=\"text-align: left;\">Hemos aprendido a convivir una con la otra. Alimenta la m\u00eda. Muchos peque\u00f1os bocados. Hasta colapsarte y que no\u00a0supieses con cu\u00e1l quedarte. Jugar\u00eda con tu mente.<\/p>\n<div id=\"attachment_15485\" style=\"width: 693px\" class=\"wp-caption aligncenter\"><a href=\"https:\/\/static-blogs.lasprovincias.es\/wp-content\/uploads\/sites\/18\/2018\/03\/1405343527.jpg\"><img aria-describedby=\"caption-attachment-15485\" loading=\"lazy\" class=\"size-large wp-image-15485\" src=\"https:\/\/static-blogs.lasprovincias.es\/wp-content\/uploads\/sites\/18\/2018\/03\/1405343527-683x1024.jpg\" alt=\"Valencia 14-03-2018. Rakel Cernicharo. Fotograf\u00eda de Irene Marsilla.\" width=\"683\" height=\"1024\" srcset=\"https:\/\/static-blogs.lasprovincias.es\/wp-content\/uploads\/sites\/18\/2018\/03\/1405343527-683x1024.jpg 683w, https:\/\/static-blogs.lasprovincias.es\/wp-content\/uploads\/sites\/18\/2018\/03\/1405343527-200x300.jpg 200w, https:\/\/static-blogs.lasprovincias.es\/wp-content\/uploads\/sites\/18\/2018\/03\/1405343527-768x1152.jpg 768w\" sizes=\"(max-width: 683px) 100vw, 683px\" \/><\/a><p id=\"caption-attachment-15485\" class=\"wp-caption-text\">Rakel Cernicharo. Fotograf\u00eda de Irene Marsilla\/LP.<\/p><\/div>\n<h3 style=\"text-align: left;\"><\/h3>\n<h3 style=\"text-align: left;\"><span style=\"color: #ab1010;\">CORAZ\u00d3N <\/span><\/h3>\n<p style=\"text-align: left;\"><strong>De coraz\u00f3n, punt\u00faate como cocinera. <\/strong><\/p>\n<p style=\"text-align: left;\">Bien, un bien&#8230; As\u00ed me sigo exigiendo.<\/p>\n<p style=\"text-align: left;\"><strong>\u00bfQu\u00e9 tanto por ciento hay de bondad en tu coraz\u00f3n? <\/strong><\/p>\n<p style=\"text-align: left;\">Todo el que se pueda, partiendo de la base de que por el mundo en el que vivo soy un ser ego\u00edsta. \u00a1Pero estas son unas preguntas muy trascendentales!<\/p>\n<p style=\"text-align: left;\"><strong>La personas con el coraz\u00f3n m\u00e1s grande. <\/strong><\/p>\n<p style=\"text-align: left;\">Muchas. Alguna trabaja conmigo, como Carolina. M\u00e1s que cocinera deber\u00eda ser Teresa de Calcuta. Y mi t\u00eda Piluca&#8230; Es dif\u00edcil.<\/p>\n<p style=\"text-align: left;\"><strong>\u00bfQu\u00e9 o qui\u00e9n te lo parti\u00f3? <\/strong><\/p>\n<p style=\"text-align: left;\">Imagino que algunas circunstancias familiares.<\/p>\n<p style=\"text-align: left;\"><strong>\u00bfY conquistado? <\/strong><\/p>\n<p style=\"text-align: left;\">Mi pareja, Javi. Me ha ense\u00f1ado lo que es conquistar un coraz\u00f3n. La paciencia de conocerse d\u00eda a d\u00eda.<\/p>\n<h3 style=\"text-align: left;\"><span style=\"color: #ab1010;\"> CABEZA <\/span><\/h3>\n<p style=\"text-align: left;\"><strong>\u00bfSe te va la cabeza? <\/strong><\/p>\n<p style=\"text-align: left;\">S\u00ed, claro. Y tengo momentos de ira y pasionales&#8230; El otro d\u00eda me qued\u00e9 encerrada y grit\u00e9 hasta las tres de la ma\u00f1ana. Pero viene bien a veces hacerlo.<\/p>\n<p style=\"text-align: left;\"><strong>\u00bfSe te llena de pajaritos? <\/strong><\/p>\n<p style=\"text-align: left;\">Siempre estoy so\u00f1ando, pero luego bajo a la tierra.<\/p>\n<p style=\"text-align: left;\"><strong>De cabeza, 6 por 7.<\/strong><\/p>\n<p style=\"text-align: left;\">Hostia, me has pillado&#8230; 42 (se r\u00ede) \u00a1Me lo han chivado! (Se r\u00ede mucho).<\/p>\n<p style=\"text-align: left;\"><strong>\u00bfCu\u00e1nto ganaste en Top Chef? <\/strong><\/p>\n<p style=\"text-align: left;\">\u00bfEn met\u00e1lico? Unos 17.000 o 18.000 euros. Y los meses que estuve all\u00ed, el sueldo m\u00ednimo interprofesional. Personalmente, mucha sabidur\u00eda, saber d\u00f3nde puede llegar el ser humano.<\/p>\n<p style=\"text-align: left;\"><strong>De cabeza tambi\u00e9n, \u00bfcu\u00e1ntas estrellas quieres tener? <\/strong><\/p>\n<p style=\"text-align: left;\">Michelines tengo tres (r\u00ede). Ahora no s\u00e9 si estoy preparada mentalmente para ir a por la estrella. Creo que estar\u00eda insoportable. Puede ser una meta, pero ahora pienso en ubicarme aqu\u00ed.<\/p>\n<div id=\"attachment_15486\" style=\"width: 1034px\" class=\"wp-caption aligncenter\"><a href=\"https:\/\/static-blogs.lasprovincias.es\/wp-content\/uploads\/sites\/18\/2018\/03\/1405343554.jpg\"><img aria-describedby=\"caption-attachment-15486\" loading=\"lazy\" class=\"size-large wp-image-15486\" src=\"https:\/\/static-blogs.lasprovincias.es\/wp-content\/uploads\/sites\/18\/2018\/03\/1405343554-1024x683.jpg\" alt=\"Valencia 14-03-2018. Rakel Cernicharo. Fotograf\u00eda de Irene Marsilla.\" width=\"1024\" height=\"683\" srcset=\"https:\/\/static-blogs.lasprovincias.es\/wp-content\/uploads\/sites\/18\/2018\/03\/1405343554-1024x683.jpg 1024w, https:\/\/static-blogs.lasprovincias.es\/wp-content\/uploads\/sites\/18\/2018\/03\/1405343554-300x200.jpg 300w, https:\/\/static-blogs.lasprovincias.es\/wp-content\/uploads\/sites\/18\/2018\/03\/1405343554-768x512.jpg 768w\" sizes=\"(max-width: 1024px) 100vw, 1024px\" \/><\/a><p id=\"caption-attachment-15486\" class=\"wp-caption-text\">Rakel Cernicharo. Fotograf\u00eda de Irene Marsilla\/LP.<\/p><\/div>\n<hr \/>\n<h3 style=\"text-align: center;\"><span style=\"color: #ff9900;\">LA PREGUNTA QUE RECHAZ\u00d3<\/span><\/h3>\n<h3 style=\"text-align: center;\">\u00bfA qui\u00e9n le meter\u00edas un dedo en el ojo?<\/h3>\n<h3 style=\"text-align: center;\"><span style=\"color: #ab1010;\">LA PREGUNTA QUE SE HUBIESE HECHO<\/span><\/h3>\n<h3 style=\"text-align: center;\">\u00bfD\u00f3nde me veo dentro de diez a\u00f1os? \u00bfQu\u00e9 es lo que m\u00e1s me gusta y odio de la cocina?<\/h3>\n<hr \/>\n<p style=\"text-align: center;\"><span style=\"color: #ab1010;\">\u00abSiempre me digo que cuanto m\u00e1s miedo te d\u00e9 una cosa, menos dudes en hacerla. Tengo comprobado que todo lo que me ha dado miedo a lanzarme es lo que m\u00e1s frutos me ha dado. Podr\u00edan haber sido las cagadas m\u00e1s importantes de mi vida, pero han sido los mayores aciertos\u00bb. Le pregunto de forma directa: \u00ab\u00bfY c\u00f3mo te ves?\u00bb. Y responde entre dudas: \u00abSupongo que infumable, incansable; supongo que soy as\u00ed. Una m\u00e1s de entre un mont\u00f3n\u00bb. Y rompe su descripci\u00f3n para centrarse en su dibujo: \u00abNo puedo parar, necesito ir haciendo puntos, bolas&#8230;\u00bb. Fue como estar cocinando. Casi una obsesi\u00f3n. En realidad, la cocinera que salt\u00f3 definitivamente a la fama tras ganar Top Chef es como una ciclog\u00e9nesis. Un universo danzante de emociones. <span style=\"color: #000000;\">\u00c9ste es su AUTOR<strong>REPLATO<\/strong><\/span><\/span><\/p>\n<p><a href=\"https:\/\/static-blogs.lasprovincias.es\/wp-content\/uploads\/sites\/18\/2018\/03\/IMG_20180315_072926.jpg\"><img loading=\"lazy\" class=\"size-large wp-image-15489\" src=\"https:\/\/static-blogs.lasprovincias.es\/wp-content\/uploads\/sites\/18\/2018\/03\/IMG_20180315_072926-1024x768.jpg\" alt=\"dav\" width=\"1024\" height=\"768\" srcset=\"https:\/\/static-blogs.lasprovincias.es\/wp-content\/uploads\/sites\/18\/2018\/03\/IMG_20180315_072926.jpg 1024w, https:\/\/static-blogs.lasprovincias.es\/wp-content\/uploads\/sites\/18\/2018\/03\/IMG_20180315_072926-300x225.jpg 300w, https:\/\/static-blogs.lasprovincias.es\/wp-content\/uploads\/sites\/18\/2018\/03\/IMG_20180315_072926-768x576.jpg 768w\" sizes=\"(max-width: 1024px) 100vw, 1024px\" \/><\/a><\/p>\n<p>&nbsp;<\/p>\n<hr \/>\n<p style=\"text-align: center;\"><a href=\"https:\/\/static-blogs.lasprovincias.es\/wp-content\/uploads\/sites\/18\/2018\/03\/1520285176288.jpeg\"><img loading=\"lazy\" class=\"alignnone size-full wp-image-15490\" src=\"https:\/\/static-blogs.lasprovincias.es\/wp-content\/uploads\/sites\/18\/2018\/03\/1520285176288.jpeg\" alt=\"1520285176288\" width=\"640\" height=\"328\" srcset=\"https:\/\/static-blogs.lasprovincias.es\/wp-content\/uploads\/sites\/18\/2018\/03\/1520285176288.jpeg 640w, https:\/\/static-blogs.lasprovincias.es\/wp-content\/uploads\/sites\/18\/2018\/03\/1520285176288-300x154.jpeg 300w\" sizes=\"(max-width: 640px) 100vw, 640px\" \/><\/a><\/p>\n<!-- AddThis Advanced Settings generic via filter on the_content --><!-- AddThis Share Buttons generic via filter on the_content -->","protected":false},"excerpt":{"rendered":"<p>MIENTRAS AFILABA LOS L\u00c1PICES, la cocinera de Karak sac\u00f3 una botella de agua y un par de vasos. A nuestras espaldas, su pareja ultimaba en el ordenador unos men\u00fas y el personal del restaurante se preparaba para el servicio de noche. La \u00faltima vez que hab\u00edamos hablado en persona fue para preguntarme si hac\u00eda bien [&hellip;]<!-- AddThis Advanced Settings generic via filter on get_the_excerpt --><!-- AddThis Share Buttons generic via filter on get_the_excerpt --><\/p>\n","protected":false},"author":23,"featured_media":0,"comment_status":"open","ping_status":"open","sticky":false,"template":"","format":"standard","meta":[],"categories":[3,5,1],"tags":[577,895],"_links":{"self":[{"href":"https:\/\/blogs.lasprovincias.es\/historiascondelantal\/wp-json\/wp\/v2\/posts\/15481"}],"collection":[{"href":"https:\/\/blogs.lasprovincias.es\/historiascondelantal\/wp-json\/wp\/v2\/posts"}],"about":[{"href":"https:\/\/blogs.lasprovincias.es\/historiascondelantal\/wp-json\/wp\/v2\/types\/post"}],"author":[{"embeddable":true,"href":"https:\/\/blogs.lasprovincias.es\/historiascondelantal\/wp-json\/wp\/v2\/users\/23"}],"replies":[{"embeddable":true,"href":"https:\/\/blogs.lasprovincias.es\/historiascondelantal\/wp-json\/wp\/v2\/comments?post=15481"}],"version-history":[{"count":5,"href":"https:\/\/blogs.lasprovincias.es\/historiascondelantal\/wp-json\/wp\/v2\/posts\/15481\/revisions"}],"predecessor-version":[{"id":15493,"href":"https:\/\/blogs.lasprovincias.es\/historiascondelantal\/wp-json\/wp\/v2\/posts\/15481\/revisions\/15493"}],"wp:attachment":[{"href":"https:\/\/blogs.lasprovincias.es\/historiascondelantal\/wp-json\/wp\/v2\/media?parent=15481"}],"wp:term":[{"taxonomy":"category","embeddable":true,"href":"https:\/\/blogs.lasprovincias.es\/historiascondelantal\/wp-json\/wp\/v2\/categories?post=15481"},{"taxonomy":"post_tag","embeddable":true,"href":"https:\/\/blogs.lasprovincias.es\/historiascondelantal\/wp-json\/wp\/v2\/tags?post=15481"}],"curies":[{"name":"wp","href":"https:\/\/api.w.org\/{rel}","templated":true}]}}