{"id":15673,"date":"2018-04-12T20:27:19","date_gmt":"2018-04-12T18:27:19","guid":{"rendered":"http:\/\/blogs.lasprovincias.es\/historiascondelantal\/?p=15673"},"modified":"2018-04-12T20:27:19","modified_gmt":"2018-04-12T18:27:19","slug":"german-carrizo-dentro-de-diez-anos-me-veo-con-dos-hijos-mi-mujer-y-feliz-haciendo-lo-que-me-gusta","status":"publish","type":"post","link":"https:\/\/blogs.lasprovincias.es\/historiascondelantal\/2018\/04\/12\/german-carrizo-dentro-de-diez-anos-me-veo-con-dos-hijos-mi-mujer-y-feliz-haciendo-lo-que-me-gusta\/","title":{"rendered":"Germ\u00e1n Carrizo: &#8220;Dentro de diez a\u00f1os me veo con dos hijos, mi mujer y feliz haciendo lo que me gusta&#8221;"},"content":{"rendered":"<p><strong>MIENTRAS AFILABA LOS L\u00c1PICES, Germ\u00e1n salud\u00f3 al personal de Do\u00f1a Petrona, su Petrona, y pidi\u00f3 el desayuno. En una mesa, Ricardo Gadea, el alma de ese templo gastron\u00f3mico llamado Askua, tomaba caf\u00e9 y le\u00eda la prensa. \u00abVengo todas las ma\u00f1anas, lo hacen muy bien\u00bb. Hablaron los dos de f\u00fatbol y desconect\u00e9. Al rato, le invit\u00e9 a ir al grano y<span style=\"color: #ab1010;\"> el cocinero me mir\u00f3 y me advirti\u00f3: \u00abAcabamos el servicio ayer en Fierro a las tres de la madrugada\u00bb<\/span>. Eran las nueve y media. No tuve piedad:\u00abque sea lo que sea\u00bb<\/strong><\/p>\n<h3 style=\"text-align: right;\"><a href=\"https:\/\/static-blogs.lasprovincias.es\/wp-content\/uploads\/sites\/18\/2018\/04\/1405344839.jpg\"><img loading=\"lazy\" class=\"size-large wp-image-15676 aligncenter\" src=\"https:\/\/static-blogs.lasprovincias.es\/wp-content\/uploads\/sites\/18\/2018\/04\/1405344839-1024x682.jpg\" alt=\"Germ\u00e1n Carrizo en Fierro.Fotograf\u00eda de Jes\u00fas Signes.\" width=\"1024\" height=\"682\" srcset=\"https:\/\/static-blogs.lasprovincias.es\/wp-content\/uploads\/sites\/18\/2018\/04\/1405344839.jpg 1024w, https:\/\/static-blogs.lasprovincias.es\/wp-content\/uploads\/sites\/18\/2018\/04\/1405344839-300x200.jpg 300w, https:\/\/static-blogs.lasprovincias.es\/wp-content\/uploads\/sites\/18\/2018\/04\/1405344839-768x512.jpg 768w\" sizes=\"(max-width: 1024px) 100vw, 1024px\" \/><\/a><a href=\"https:\/\/static-blogs.lasprovincias.es\/wp-content\/uploads\/sites\/18\/2018\/04\/1522845943999.jpeg\"><img loading=\"lazy\" class=\"alignnone size-large wp-image-15678 aligncenter\" src=\"https:\/\/static-blogs.lasprovincias.es\/wp-content\/uploads\/sites\/18\/2018\/04\/1522845943999-1024x250.jpeg\" alt=\"1522845943999\" width=\"1024\" height=\"250\" srcset=\"https:\/\/static-blogs.lasprovincias.es\/wp-content\/uploads\/sites\/18\/2018\/04\/1522845943999-1024x250.jpeg 1024w, https:\/\/static-blogs.lasprovincias.es\/wp-content\/uploads\/sites\/18\/2018\/04\/1522845943999-300x73.jpeg 300w, https:\/\/static-blogs.lasprovincias.es\/wp-content\/uploads\/sites\/18\/2018\/04\/1522845943999-768x187.jpeg 768w, https:\/\/static-blogs.lasprovincias.es\/wp-content\/uploads\/sites\/18\/2018\/04\/1522845943999.jpeg 2048w\" sizes=\"(max-width: 1024px) 100vw, 1024px\" \/><\/a><\/h3>\n<p>&nbsp;<\/p>\n<h3 style=\"text-align: right;\">#SALADE<strong>DESPIECE<\/strong><\/h3>\n<p style=\"text-align: right;\">1- JOAQU\u00cdN<strong>\u00a0SCHMIDT.<\/strong>\u00a0<a href=\"https:\/\/blogs.lasprovincias.es\/historiascondelantal\/2018\/01\/15\/joaquin-schmidt-creo-que-soy-un-poco-extraterrestre-pero-con-los-pies-en-el-suelo\/\">FUERA DE\u00a0<strong>GUI\u00d3N<\/strong><\/a><\/p>\n<p style=\"text-align: right;\">2- MANUEL\u00a0<strong>ALONSO<\/strong>.\u00a0<a href=\"https:\/\/blogs.lasprovincias.es\/historiascondelantal\/2018\/01\/23\/manuel-alonso-me-gustaria-bailar-como-michael-jackson\/\">EXTRA DE\u00a0<strong>PASI\u00d3N<\/strong><\/a><\/p>\n<p style=\"text-align: right;\">3- ABRAHAM\u00a0<strong>GARC\u00cdA<\/strong>.\u00a0<a href=\"https:\/\/blogs.lasprovincias.es\/historiascondelantal\/2018\/02\/08\/abraham-garcia-las-pasiones-como-los-besos-y-los-callos-son-con-lengua-o-no-lo-son\/\">RE\/VERSO\u00a0<strong>LIBRE<\/strong><\/a><\/p>\n<p style=\"text-align: right;\">4. CARLOS<strong>\u00a0MEDINA.<a href=\"https:\/\/blogs.lasprovincias.es\/historiascondelantal\/2018\/02\/14\/carlos-medina-me-gustaria-poder-cocinar-semen-de-bacalao-es-de-lo-mas-delicioso-que-he-probado\/\">\u00a0<\/a><\/strong><a href=\"https:\/\/blogs.lasprovincias.es\/historiascondelantal\/2018\/02\/14\/carlos-medina-me-gustaria-poder-cocinar-semen-de-bacalao-es-de-lo-mas-delicioso-que-he-probado\/\">COCINA<strong>\u00a0EL\u00c9CTRICA<\/strong><\/a><\/p>\n<p style=\"text-align: right;\">5. BERND H.\u00a0<strong>KN\u00d6LLER<\/strong>.\u00a0<a href=\"https:\/\/blogs.lasprovincias.es\/historiascondelantal\/2018\/02\/22\/bernd-h-knoller-en-mi-fase-mas-loca-servia-corazon-de-lechal-crudo-con-atun-tambien-crudo\/\"><strong>CATEDR\u00c1TICO<\/strong>\u00a0EN MESA<\/a><\/p>\n<p style=\"text-align: right;\">6. MIGUEL \u00c1NGEL\u00a0<strong>MAYOR<\/strong>.\u00a0<a href=\"https:\/\/blogs.lasprovincias.es\/historiascondelantal\/2018\/03\/08\/miguel-angel-mayor-no-pretendo-que-me-entienda-cuando-a-veces-no-me-comprendo-ni-yo\/\"><strong>SOBREDOSIS<\/strong>\u00a0DE COCINA<\/a><\/p>\n<p style=\"text-align: right;\">7. RAKEL\u00a0<strong>CERNICHARO<\/strong>.\u00a0<a href=\"https:\/\/blogs.lasprovincias.es\/historiascondelantal\/2018\/03\/29\/rakel-cernicharo-no-estoy-mentalmente-preparada-para-ir-por-la-estrella-creo-que-estaria-insoportable\/\"><strong>CICLOG\u00c9NESIS<\/strong>\u00a0EN LA COCINA<\/a><\/p>\n<p style=\"text-align: right;\">8. PERFECTE\u00a0<strong>ROCHER<\/strong>. <a href=\"https:\/\/blogs.lasprovincias.es\/historiascondelantal\/2018\/04\/02\/perfecte-rocher-hay-estrellitas-y-estrellados-gente-que-se-cree-que-ser-cocinero-es-algo-mas-que-dar-de-comer\/\">PURA\u00a0<strong>RA\u00cdZ<\/strong><\/a><\/p>\n<p style=\"text-align: right;\">9. GERM\u00c1N <strong>CARRIZO<\/strong>.\u00a0 <strong>BUCLE<\/strong> DE PASIONES<\/p>\n<p style=\"text-align: right;\">(Reportaje fotogr\u00e1fico: Jes\u00fas Signes)<\/p>\n<p>&nbsp;<\/p>\n<p>&nbsp;<\/p>\n<p style=\"text-align: center;\">\n<p><!--more--><\/p>\n<hr \/>\n<h3><span style=\"color: #ab1010;\">EXTREMIDADES<\/span><\/h3>\n<p><strong>Tu mano derecha.<\/strong><br \/>\nPiero Ronconi, le da un alma especial a Fierro.<br \/>\n<strong>\u00bfY tu mano izquierda?<\/strong><br \/>\nCarlos Puig, el jefe de cocina de do\u00f1a Petrona.<br \/>\n<strong>\u00bfA qui\u00e9n coger\u00edas de las solapas para zarandearle?<\/strong><br \/>\nA mi mejor amigo; est\u00e1 con depresi\u00f3n en Argentina.<br \/>\n<strong>Un toro pendiente de coger por los cuernos.<\/strong><br \/>\nCreo que Fierro, es algo que no busc\u00e1bamos pero quer\u00edamos.<br \/>\n<strong>\u00bfQu\u00e9 tienes tatuado en tu antebrazo derecho?<\/strong><br \/>\nQue los sue\u00f1os est\u00e1n hechos para cumplirse.<br \/>\n\u00bf<strong>Qu\u00e9 tatuar\u00edas en el otro?<\/strong><br \/>\nLo ando pensando; creo que va a ser \u2018Los Hermanos sean Unidos\u2019. Es una frase del libro de Mart\u00edn Fierro. Es la primera ley: si los hermanos no se ayudan entre ellos, los devoran los de afuera.<br \/>\n<strong>Vamos con las piernas. Salta a dentro de diez a\u00f1os.<\/strong><br \/>\nMe veo con dos hijos, mi mujer y feliz haciendo lo que me gusta. Espero&#8230;<br \/>\n<strong>Salta diez a\u00f1os atr\u00e1s, \u00bfqu\u00e9 cambiar\u00edas?<\/strong><br \/>\nNada absolutamente.<br \/>\n<strong>Ponte de puntillas y alcanza el estante de los sue\u00f1os. Escoge uno.<\/strong><br \/>\nUna m\u00e1quina que me pudiera teletransportar m\u00e1s veces a Argentina. Profesionalmente hemos logrado muchas cosas; familiarmente nos falta alguna.<br \/>\n<strong>Da una patada a algo.<\/strong><br \/>\nA la desigualdad. Todos deber\u00edamos ser iguales en todo y en todo momento.<\/p>\n<p>&nbsp;<\/p>\n<h3><span style=\"color: #ab1010;\">TRONCO<\/span><\/h3>\n<p><strong>Te pone de mala bilis&#8230;<\/strong><br \/>\nLa desgana, la gente que no tiene ilusi\u00f3n de hacer algo.<br \/>\n<strong>Leamos las entra\u00f1as, como los romanos. \u00bfQu\u00e9 va a pasar con la gastronom\u00eda?<\/strong><br \/>\nVa a seguir subiendo. Creo que se purgar\u00e1 un poco, los que no aman la gastronom\u00eda lo seguir\u00e1n tratando como un business, pero seguir\u00e1 en alza. Va a ir a m\u00e1s.<br \/>\n<strong>Abrimos la gastronom\u00eda valenciana en canal. Saca del interior tres palabras.<\/strong><br \/>\nhay riesgo, porque hay cosas que nunca se han hecho antes; hay implicaci\u00f3n por hacer de Valencia algo que va m\u00e1s all\u00e1, y creo que nos falta compa\u00f1erismo.<br \/>\n<strong>\u00bfQu\u00e9 descartar\u00edas de ella?<\/strong><br \/>\nEl af\u00e1n de ser uno por ser uno mismo.<br \/>\n<strong>\u00bfQu\u00e9 losa cargas en tu espalda?<\/strong><br \/>\nLa \u00fanica es el compromiso de intentar hacer las cosas cada vez mejor. Y eso, a veces, me pasa factura.<br \/>\n<strong>Un plato para alegrar mi barriga.<\/strong><br \/>\nLas perlas de tapioca con berberechos que tenemos esta temporada en Fierro.<br \/>\n<strong>\u00bfTuviste tableta de chocolate alguna vez?<\/strong><br \/>\nS\u00ed, a los diez a\u00f1os. Fui gran deportista hasta los dieciocho, pero despu\u00e9s la cocina ya hizo estragos.<\/p>\n<div id=\"attachment_15675\" style=\"width: 1034px\" class=\"wp-caption aligncenter\"><a href=\"https:\/\/static-blogs.lasprovincias.es\/wp-content\/uploads\/sites\/18\/2018\/04\/1405344836.jpg\"><img aria-describedby=\"caption-attachment-15675\" loading=\"lazy\" class=\"size-large wp-image-15675\" src=\"https:\/\/static-blogs.lasprovincias.es\/wp-content\/uploads\/sites\/18\/2018\/04\/1405344836-1024x683.jpg\" alt=\"Fotograf\u00eda de Jes\u00fas Signes.\" width=\"1024\" height=\"683\" srcset=\"https:\/\/static-blogs.lasprovincias.es\/wp-content\/uploads\/sites\/18\/2018\/04\/1405344836.jpg 1024w, https:\/\/static-blogs.lasprovincias.es\/wp-content\/uploads\/sites\/18\/2018\/04\/1405344836-300x200.jpg 300w, https:\/\/static-blogs.lasprovincias.es\/wp-content\/uploads\/sites\/18\/2018\/04\/1405344836-768x512.jpg 768w\" sizes=\"(max-width: 1024px) 100vw, 1024px\" \/><\/a><p id=\"caption-attachment-15675\" class=\"wp-caption-text\">Fotograf\u00eda de Jes\u00fas Signes.<\/p><\/div>\n<p>&nbsp;<\/p>\n<h3><span style=\"color: #ab1010;\">CORAZ\u00d3N<\/span><\/h3>\n<p><strong>\u00bfPor qui\u00e9n palpita?<\/strong><br \/>\nPor Carito (su esposa).<br \/>\n<strong>\u00bfQu\u00e9 ni\u00f1o quieres m\u00e1s: Fierro, Tandem, Petrona?<\/strong><br \/>\nCreo que Fierro es mi ni\u00f1o.<br \/>\n<strong>\u00bfA d\u00f3nde ir\u00edas a relajar tu coraz\u00f3n?<\/strong><br \/>\nEstuve esta semana en San Jos\u00e9, Gata de Gorgos. Si me pierdo, encontrarme all\u00ed.<br \/>\n<strong>De coraz\u00f3n, \u00bfqu\u00e9 chef te ense\u00f1\u00f3 lo que sabes?<\/strong><br \/>\nVicente Torres. Trabajamos juntos en el Submarino hace unos diez a\u00f1os. Me ubic\u00f3 y me centr\u00f3. \u00c9l y su segundo, Adri\u00e1n L. Bassi.<br \/>\n<strong>\u00bfQu\u00e9 chef es un fiasco?<\/strong><br \/>\nEl que no da de comer a la gente lo mejor que tiene en su cocina.<br \/>\n<strong>\u00bfEres un ni\u00f1o mimado por la cr\u00edtica?<\/strong><br \/>\nPara nada. De hecho no hemos sido visitados por mucha cr\u00edtica.<br \/>\n<strong>\u00bfTu coraz\u00f3n es apasionado, calculador&#8230; ambos?<\/strong><br \/>\nApasionado al cien por cien.<br \/>\n<strong>\u00bfQu\u00e9 espinita tienes clavado en \u00e9l?<\/strong><br \/>\nUna amistad que cre\u00eda que era una amistad y no lo es.<\/p>\n<h3><span style=\"color: #ab1010;\">CABEZA<\/span><\/h3>\n<p><strong>\u00bfCu\u00e1ntas estrellas adeuda Michelin a Valencia?<\/strong><br \/>\nCreo que tres. Una para Ricard, otra para Saiti y otra para Fierro&#8230; (R\u00ede).<br \/>\n<strong>\u00bfPor qu\u00e9 no hay mujeres con estrella en Valencia?<\/strong><br \/>\nHubo una, Carito Louren\u00e7o logr\u00f3 una estrella para El Poblet en 2011.<br \/>\n<strong>\u00bfQu\u00e9 te hace perder la cabeza?<\/strong><br \/>\nLa cocina, la gastronom\u00eda, la ilusi\u00f3n por dar trabajo, formar nuevos proyectos&#8230;<br \/>\n<strong>El \u00faltimo plato que sedujo tu boca.<\/strong><br \/>\nGuacamole de algas de Nazario Cano.<br \/>\n<strong>El \u00faltimo que tu paladar no entendi\u00f3.<\/strong><br \/>\nUn nigiri de pi\u00f1a&#8230;<br \/>\n<strong>Muerde un bocadillo&#8230;<\/strong><br \/>\nSer\u00eda un blanco y negro.<br \/>\n<strong>Recuerda un tango.<\/strong><br \/>\n\u00ab<em>De chiquit\u00edn te miraba de afuera&#8230;<\/em>\u00bb (Canturrea el Cafet\u00edn de Buenos Aires).<br \/>\n<strong>Un lugar de Argentina.<\/strong><br \/>\nMendoza, sin duda.<br \/>\n<strong>\u00bfY de estas tierras?<\/strong><br \/>\nValencia.<br \/>\n<strong>La mesa a la que ir\u00edas ya.<\/strong><br \/>\nEtxebarri, no he estado y es lo que me ronda.<\/p>\n<hr \/>\n<h3 style=\"text-align: center;\"><\/h3>\n<h3 style=\"text-align: center;\"><span style=\"color: #ffcc00;\">LO QUE NO CONTESTA\u00a0<\/span><\/h3>\n<h3 style=\"text-align: center;\">\u00ab\u00bfQu\u00e9 cocinero se mira demasiado el ombligo?\u00bb<\/h3>\n<h3 style=\"text-align: center;\"><span style=\"color: #ab1010;\">LO QUE SE PREGUNTAR\u00cdA<\/span><\/h3>\n<h3 style=\"text-align: center;\">\u00ab\u00bfEres feliz con lo que haces? me lo preguntaste hace cuatro a\u00f1os y te contest\u00e9\u00bb<\/h3>\n<div id=\"attachment_15674\" style=\"width: 1034px\" class=\"wp-caption aligncenter\"><a href=\"https:\/\/static-blogs.lasprovincias.es\/wp-content\/uploads\/sites\/18\/2018\/04\/1405344835.jpg\"><img aria-describedby=\"caption-attachment-15674\" loading=\"lazy\" class=\"size-large wp-image-15674\" src=\"https:\/\/static-blogs.lasprovincias.es\/wp-content\/uploads\/sites\/18\/2018\/04\/1405344835-1024x683.jpg\" alt=\"Carrizo en Fierro.Fotograf\u00eda de Jes\u00fas Signes.\" width=\"1024\" height=\"683\" srcset=\"https:\/\/static-blogs.lasprovincias.es\/wp-content\/uploads\/sites\/18\/2018\/04\/1405344835.jpg 1024w, https:\/\/static-blogs.lasprovincias.es\/wp-content\/uploads\/sites\/18\/2018\/04\/1405344835-300x200.jpg 300w, https:\/\/static-blogs.lasprovincias.es\/wp-content\/uploads\/sites\/18\/2018\/04\/1405344835-768x512.jpg 768w\" sizes=\"(max-width: 1024px) 100vw, 1024px\" \/><\/a><p id=\"caption-attachment-15674\" class=\"wp-caption-text\">Carrizo en Fierro.Fotograf\u00eda de Jes\u00fas Signes.<\/p><\/div>\n<hr \/>\n<p style=\"text-align: center;\"><strong><span style=\"color: #ab1010;\">\u00abSoy directo, transparente y pasional. Creo que son tres de las caracter\u00edsticas que me definen\u00bb, asegur\u00f3 el cocinero que, junto a su pareja, Carito Louren\u00e7o, capitanea en Valencia diversos proyectos gastron\u00f3micos: Fierro, Do\u00f1a Petrona, Central de Postres y Tandem. \u00abQuer\u00edamos vivir la vida loca y, al final, lo que nos gusta es esto: cocinar\u00bb. Quiz\u00e1s por ello, cuando el chef argentino se enfrenta a crear su autorreplato, acaba silueteando lo que siempre ronda su cabeza. \u00abUn cuchillo, una cuchara y un tenedor, qu\u00e9 voy a hacer\u00bb, vino a decir a medida que deslizaba el rotulador alrededor de los cubiertos. Un plato que se come al plato. Como la cocina que cocina al cocinero. Eso es Germ\u00e1n. Un entresijo de gastronom\u00eda que pendula de ac\u00e1 a all\u00e1. Bucle apasionado de alquimia.<\/span> Este es su AUTORREPLATO.<\/strong><\/p>\n<p><a href=\"https:\/\/static-blogs.lasprovincias.es\/wp-content\/uploads\/sites\/18\/2018\/04\/IMG_20180326_101732.jpg\"><img loading=\"lazy\" class=\"size-full wp-image-15677 aligncenter\" src=\"https:\/\/static-blogs.lasprovincias.es\/wp-content\/uploads\/sites\/18\/2018\/04\/IMG_20180326_101732.jpg\" alt=\"dav\" width=\"922\" height=\"726\" srcset=\"https:\/\/static-blogs.lasprovincias.es\/wp-content\/uploads\/sites\/18\/2018\/04\/IMG_20180326_101732.jpg 922w, https:\/\/static-blogs.lasprovincias.es\/wp-content\/uploads\/sites\/18\/2018\/04\/IMG_20180326_101732-300x236.jpg 300w, https:\/\/static-blogs.lasprovincias.es\/wp-content\/uploads\/sites\/18\/2018\/04\/IMG_20180326_101732-768x605.jpg 768w\" sizes=\"(max-width: 922px) 100vw, 922px\" \/><\/a><\/p>\n<hr \/>\n<p style=\"text-align: center;\"><a href=\"https:\/\/static-blogs.lasprovincias.es\/wp-content\/uploads\/sites\/18\/2018\/03\/1520285176288.jpeg\"><img loading=\"lazy\" class=\"alignnone size-full wp-image-15490\" src=\"https:\/\/static-blogs.lasprovincias.es\/wp-content\/uploads\/sites\/18\/2018\/03\/1520285176288.jpeg\" alt=\"1520285176288\" width=\"640\" height=\"328\" srcset=\"https:\/\/static-blogs.lasprovincias.es\/wp-content\/uploads\/sites\/18\/2018\/03\/1520285176288.jpeg 640w, https:\/\/static-blogs.lasprovincias.es\/wp-content\/uploads\/sites\/18\/2018\/03\/1520285176288-300x154.jpeg 300w\" sizes=\"(max-width: 640px) 100vw, 640px\" \/><\/a><\/p>\n<!-- AddThis Advanced Settings generic via filter on the_content --><!-- AddThis Share Buttons generic via filter on the_content -->","protected":false},"excerpt":{"rendered":"<p>MIENTRAS AFILABA LOS L\u00c1PICES, Germ\u00e1n salud\u00f3 al personal de Do\u00f1a Petrona, su Petrona, y pidi\u00f3 el desayuno. En una mesa, Ricardo Gadea, el alma de ese templo gastron\u00f3mico llamado Askua, tomaba caf\u00e9 y le\u00eda la prensa. \u00abVengo todas las ma\u00f1anas, lo hacen muy bien\u00bb. Hablaron los dos de f\u00fatbol y desconect\u00e9. Al rato, le invit\u00e9 [&hellip;]<!-- AddThis Advanced Settings generic via filter on get_the_excerpt --><!-- AddThis Share Buttons generic via filter on get_the_excerpt --><\/p>\n","protected":false},"author":23,"featured_media":0,"comment_status":"open","ping_status":"open","sticky":false,"template":"","format":"standard","meta":[],"categories":[2,3,4,5,7],"tags":[415,445,1038],"_links":{"self":[{"href":"https:\/\/blogs.lasprovincias.es\/historiascondelantal\/wp-json\/wp\/v2\/posts\/15673"}],"collection":[{"href":"https:\/\/blogs.lasprovincias.es\/historiascondelantal\/wp-json\/wp\/v2\/posts"}],"about":[{"href":"https:\/\/blogs.lasprovincias.es\/historiascondelantal\/wp-json\/wp\/v2\/types\/post"}],"author":[{"embeddable":true,"href":"https:\/\/blogs.lasprovincias.es\/historiascondelantal\/wp-json\/wp\/v2\/users\/23"}],"replies":[{"embeddable":true,"href":"https:\/\/blogs.lasprovincias.es\/historiascondelantal\/wp-json\/wp\/v2\/comments?post=15673"}],"version-history":[{"count":4,"href":"https:\/\/blogs.lasprovincias.es\/historiascondelantal\/wp-json\/wp\/v2\/posts\/15673\/revisions"}],"predecessor-version":[{"id":15688,"href":"https:\/\/blogs.lasprovincias.es\/historiascondelantal\/wp-json\/wp\/v2\/posts\/15673\/revisions\/15688"}],"wp:attachment":[{"href":"https:\/\/blogs.lasprovincias.es\/historiascondelantal\/wp-json\/wp\/v2\/media?parent=15673"}],"wp:term":[{"taxonomy":"category","embeddable":true,"href":"https:\/\/blogs.lasprovincias.es\/historiascondelantal\/wp-json\/wp\/v2\/categories?post=15673"},{"taxonomy":"post_tag","embeddable":true,"href":"https:\/\/blogs.lasprovincias.es\/historiascondelantal\/wp-json\/wp\/v2\/tags?post=15673"}],"curies":[{"name":"wp","href":"https:\/\/api.w.org\/{rel}","templated":true}]}}