{"id":15784,"date":"2018-04-20T15:51:33","date_gmt":"2018-04-20T13:51:33","guid":{"rendered":"http:\/\/blogs.lasprovincias.es\/historiascondelantal\/?p=15784"},"modified":"2018-04-20T19:02:16","modified_gmt":"2018-04-20T17:02:16","slug":"la-merienda-de-los-diez-libros-imprescindibles","status":"publish","type":"post","link":"https:\/\/blogs.lasprovincias.es\/historiascondelantal\/2018\/04\/20\/la-merienda-de-los-diez-libros-imprescindibles\/","title":{"rendered":"La merienda de los diez libros (imprescindibles)"},"content":{"rendered":"<p><strong>Tomar el t\u00e9 con Babette, con Fran\u00e7ois Chartier, con S\u00f3crates y con un trozo de Beaufort Chalet d&#8217;Alpage; ponerte quisquilloso eligiendo un buen vino de una bodega distinguida; compartir pan de pueblo con Ib\u00e1n Yarza; <span style=\"color: #ff9900;\"><span style=\"color: #333333;\">viajar al fascinante mundo de la cocina de hace 300 a\u00f1os, cuando un fraile llamado Altamiras era el que cocinaba;<\/span> hablar con una tetera, abrir la ventana a un pez volador, pasar el rato escuchando Milord de Edith Piaf&#8230; <\/span>Te propongo una merienda con libros apetecibles y lo que hay detr\u00e1s.\u00a0<\/strong><\/p>\n<p style=\"text-align: center;\"><a href=\"https:\/\/static-blogs.lasprovincias.es\/wp-content\/uploads\/sites\/18\/2018\/04\/1524086246516-copia.jpeg\"><img loading=\"lazy\" class=\"alignnone size-large wp-image-15835\" src=\"https:\/\/static-blogs.lasprovincias.es\/wp-content\/uploads\/sites\/18\/2018\/04\/1524086246516-copia-1024x772.jpeg\" alt=\"1524086246516-copia\" width=\"1024\" height=\"772\" srcset=\"https:\/\/static-blogs.lasprovincias.es\/wp-content\/uploads\/sites\/18\/2018\/04\/1524086246516-copia-1024x772.jpeg 1024w, https:\/\/static-blogs.lasprovincias.es\/wp-content\/uploads\/sites\/18\/2018\/04\/1524086246516-copia-300x226.jpeg 300w, https:\/\/static-blogs.lasprovincias.es\/wp-content\/uploads\/sites\/18\/2018\/04\/1524086246516-copia-768x579.jpeg 768w, https:\/\/static-blogs.lasprovincias.es\/wp-content\/uploads\/sites\/18\/2018\/04\/1524086246516-copia.jpeg 2048w\" sizes=\"(max-width: 1024px) 100vw, 1024px\" \/><\/a><\/p>\n<h4 style=\"text-align: left;\">No te traigo la mejor biblioteca gastron\u00f3mica del mundo mundial, s\u00f3lo algunos de esos libros que se han colado en mi biblioteca en los \u00faltimos meses y se asentaron en el estante de los imprescindibles. Mis imprescindibles. Como lo son los versos en general y los de Xoel (L\u00f3pez), que estos d\u00edas se manifiestan en mi memoria, en particular&#8230;<\/h4>\n<h4 style=\"text-align: right; padding-left: 30px;\"><strong><em>&#8220;&#8230;Con suerte te ba\u00f1ar\u00e1s en los tonos m\u00e1s vivos<\/em><\/strong><\/h4>\n<p style=\"text-align: right;\"><strong><em>y fluir\u00e1s rojo entre las cerezas,<\/em><\/strong><\/p>\n<p style=\"text-align: right;\"><strong><em>verde entre los olivos,\u00a0<\/em><\/strong><\/p>\n<p style=\"text-align: right;\"><strong><em>azul celeste,<\/em><\/strong><\/p>\n<p style=\"text-align: right;\"><strong><em>amarillo&#8221;<\/em><\/strong><\/p>\n<p style=\"text-align: right;\"><span style=\"color: #ff9900;\"><strong>BAILAR\u00c1S COMETAS BAJO EL MAR.<\/strong> XOEL L\u00d3PEZ. COL. ESPASA ES POES\u00cdA. EDITORIAL ESPASA. 13,90 EUROS.\u00a0<\/span><\/p>\n<p>&nbsp;<\/p>\n<p><a href=\"https:\/\/static-blogs.lasprovincias.es\/wp-content\/uploads\/sites\/18\/2018\/04\/1524207943683.jpeg\"><img loading=\"lazy\" class=\"size-large wp-image-15838 aligncenter\" src=\"https:\/\/static-blogs.lasprovincias.es\/wp-content\/uploads\/sites\/18\/2018\/04\/1524207943683-1024x708.jpeg\" alt=\"1524207943683\" width=\"1024\" height=\"708\" srcset=\"https:\/\/static-blogs.lasprovincias.es\/wp-content\/uploads\/sites\/18\/2018\/04\/1524207943683-1024x708.jpeg 1024w, https:\/\/static-blogs.lasprovincias.es\/wp-content\/uploads\/sites\/18\/2018\/04\/1524207943683-300x207.jpeg 300w, https:\/\/static-blogs.lasprovincias.es\/wp-content\/uploads\/sites\/18\/2018\/04\/1524207943683-768x531.jpeg 768w, https:\/\/static-blogs.lasprovincias.es\/wp-content\/uploads\/sites\/18\/2018\/04\/1524207943683.jpeg 1040w\" sizes=\"(max-width: 1024px) 100vw, 1024px\" \/><\/a><\/p>\n<p><!--more--><\/p>\n<p style=\"text-align: right;\"><span style=\"color: #ab1010;\"><em>Un d\u00eda cualquiera, <\/em><\/span><\/p>\n<p style=\"text-align: right;\"><span style=\"color: #ab1010;\"><em>en el refugio de Mister Cooking. <strong>Pa\u00eds de las Gastrosof\u00edas.<\/strong><\/em><\/span><\/p>\n<p>&#8220;Toma asiento&#8221;, le dije a mi tetera m\u00e1s dicharachera. La pobre andaba, tras de m\u00ed, cocina arriba, cocina abajo. &#8220;Vamos a pasar un buen rato juntos&#8221;, le mascull\u00e9. Ella suspiraba aromas a alg\u00fan t\u00e9 con jengibre. &#8220;Siempre te gust\u00f3 ese toque picante&#8230; Me he tomado la libertad de prepar\u00e1rtelo con c\u00edtricos y regaliz&#8221;, fue mascullando ella, muy floreada y Rococ\u00f3 pero muy maja.<\/p>\n<p>&#8220;Este a\u00f1o he llevado un buen pu\u00f1ado de libros entre manos&#8221;, le dije. &#8220;Te voy a sacar la taza que le robaste a<strong> Ricard Camarena<\/strong>&#8220;, me dijo ella, a la suya. Le mir\u00e9 sorprendido. &#8220;No se la rob\u00e9, la fotografi\u00e9&#8221;, le respond\u00ed. &#8220;Cuando haces una foto a algo que no es tuyo se lo est\u00e1s robando&#8230; porque est\u00e1s tomando prestada el alma de algo que no es tuyo&#8230; \u00bfme explico?&#8221;, cotilleaba sin parar la tetera dicharachera. &#8220;Bueno, no s\u00e9&#8230; toma asiento&#8230; hemos venido a merendar libros&#8221;, le contest\u00e9 intentando no darle juego. Ella humeaba. <strong><span style=\"color: #ab1010;\">Los aromas frutales y especiados de la infusi\u00f3n se expand\u00edan por la cocina. Mir\u00e9 hacia mi biblioteca m\u00e1s sabrosa, me puse de puntillas y alcanc\u00e9 mi primera historieta. O historia.<\/span> <\/strong>La taza, o su alma, esperaba boca abajo para ser bautizada. &#8220;Toma asiento&#8221;, le insist\u00ed.<\/p>\n<p style=\"text-align: center;\"><a href=\"https:\/\/static-blogs.lasprovincias.es\/wp-content\/uploads\/sites\/18\/2018\/04\/IMG_6990.jpg\"><img loading=\"lazy\" class=\"alignnone size-large wp-image-15812\" src=\"https:\/\/static-blogs.lasprovincias.es\/wp-content\/uploads\/sites\/18\/2018\/04\/IMG_6990-1024x683.jpg\" alt=\"img_6990\" width=\"1024\" height=\"683\" srcset=\"https:\/\/static-blogs.lasprovincias.es\/wp-content\/uploads\/sites\/18\/2018\/04\/IMG_6990.jpg 1024w, https:\/\/static-blogs.lasprovincias.es\/wp-content\/uploads\/sites\/18\/2018\/04\/IMG_6990-300x200.jpg 300w, https:\/\/static-blogs.lasprovincias.es\/wp-content\/uploads\/sites\/18\/2018\/04\/IMG_6990-768x512.jpg 768w\" sizes=\"(max-width: 1024px) 100vw, 1024px\" \/><\/a><\/p>\n<hr \/>\n<h3><\/h3>\n<h3><span style=\"color: #ab1010;\">BABETTE.<\/span><\/h3>\n<p>&#8220;Mira, vamos a empezar por &#8216;El Fest\u00edn de Babette&#8217;. Esta edici\u00f3n me la aprecio much\u00edsimo; que no se entere nadie, pero me la regal\u00f3 <strong>Joaquin Schmitd<\/strong>, el de la gallina <strong>ArtCream<\/strong>&#8220;, le mascull\u00e9. El cuc\u00fa del reloj de pared asom\u00f3 raudo. &#8220;Me encanta, lee algo, lee&#8221;, exclam\u00f3 el cuc\u00fa\u00a0 (cucurreando \ud83d\ude42 ).<\/p>\n<p>Abr\u00ed el libro, editado delicadamente con maravillosas ilustraciones de <a href=\"http:\/\/www.noemivillamuza.com\/portfolio_page\/el-festin-de-babette\/\" rel=\"external nofollow\">Noem\u00ed Villamuza<\/a>\u00a0(de trazo desgarrador a veces, tierno otras, pero siempre tocando fibra) y me puse a leer una de sus descripciones m\u00e1s envolventes:<\/p>\n<p style=\"padding-left: 30px;\">&#8220;<em>A medida que com\u00edan y beb\u00edan, los &#8216;convives&#8217; se sent\u00edan cada vez m\u00e1s ligeros de peso y de coraz\u00f3n<\/em>&#8220;<\/p>\n<p style=\"text-align: right;\"><span style=\"color: #ff9900;\"><strong>EL FEST\u00cdN DE BABETTE. <\/strong><a style=\"color: #ff9900;\" href=\"https:\/\/www.casadellibro.com\/libros-ebooks\/isak-dinesen\/23477\" rel=\"external nofollow\">ISAK DINESEN<\/a>, 2005. ILUSTRACIONES DE NOEM\u00cd VILLAMUZA. EDITORIAL N\u00d3RDICA. 100 PAG. 15 EUROS.<\/span><\/p>\n<p style=\"text-align: center;\"><a href=\"https:\/\/static-blogs.lasprovincias.es\/wp-content\/uploads\/sites\/18\/2018\/04\/9788493557898.jpg\"><img loading=\"lazy\" class=\"alignnone size-full wp-image-15785\" src=\"https:\/\/static-blogs.lasprovincias.es\/wp-content\/uploads\/sites\/18\/2018\/04\/9788493557898.jpg\" alt=\"9788493557898\" width=\"450\" height=\"641\" srcset=\"https:\/\/static-blogs.lasprovincias.es\/wp-content\/uploads\/sites\/18\/2018\/04\/9788493557898.jpg 450w, https:\/\/static-blogs.lasprovincias.es\/wp-content\/uploads\/sites\/18\/2018\/04\/9788493557898-211x300.jpg 211w\" sizes=\"(max-width: 450px) 100vw, 450px\" \/><\/a><\/p>\n<hr \/>\n<h3><\/h3>\n<h3><span style=\"color: #ab1010;\">PAPILAS.<\/span><\/h3>\n<p>Sabore\u00e9 el texto de Dinesen. Y el t\u00e9. Y record\u00e9 en ese instante el libro de <strong>Fran\u00e7ois Chartier<\/strong> que anda por casa y que a\u00fan est\u00e1 algo virgen. &#8220;Lo tengo que destripar todav\u00eda; me lo compr\u00e9\u00a0 porque me atrae mucho, es muy interesante&#8221;, le dije a la tetera. La realidad es que es fascinante ir adentr\u00e1ndose por la p\u00e1ginas de esta obra del investigador canadiense que logr\u00f3 el premio Gourmand CookBook Awards en 2010 y reedit\u00f3 Planeta Gastro el pasado a\u00f1o -estos chicos trabajan bien esto de los libros con delantal \ud83d\ude09 -.<\/p>\n<p>&#8220;En este libro doy a conocer los primeros resultados de mis investigaciones cient\u00edficas gastron\u00f3micas de maridaje y sumiller\u00eda molecular&#8221;, dice en su introducci\u00f3n. Y s\u00ed, el palabro molecular junto a algo tan pasional como los vinos y la cocina me caus\u00f3 respeto. Y hasta cierto temor. Aunque en el pr\u00f3logo que firman <strong>Ferran Adri\u00e0 y Julio Soler<\/strong> (siempre en el recuerdo), encontr\u00e9 alivio y razones para deambular por las p\u00e1ginas de esta obra que promete y mucho. &#8220;L\u00f3gicamente habr\u00e1 alguien que dir\u00e1 que no podemos reducir la magia del vino, de la cocina, de los sabores en general, a simples f\u00f3rmulas qu\u00edmicas. Y, efectivamente, es mucho m\u00e1s que eso, pero siempre lo hemos dicho,<strong><span style=\"color: #ab1010;\"> el conocimiento es una de nuestras herramientas fundamentales y cuanto m\u00e1s dominemos la materia (&#8230;), mejor podremos satisfacer las expectativas de creatividad<\/span><\/strong> (&#8230;)&#8221;.<\/p>\n<p>Le\u00ed jengibre, como el del t\u00e9 que andaba tomando&#8230; &#8220;un seductor con un gran poder de atracci\u00f3n&#8221;. Me emocion\u00e9 y me descubri\u00f3 que hay 700 especies, que su sabor es c\u00e1lido, a c\u00e1scara de c\u00edtrico, agrio, arom\u00e1tico&#8230;. Especiado, picante, madera&#8230;. &#8220;Me estoy entusiasmando&#8221;, farfull\u00e9.\u00a0 Y me acab\u00e9 el te. &#8220;No te encantes Cooking, que la merienda s\u00f3lo acaba de empezar&#8221;, me sobresalt\u00f3 la tetera dicharachera.<\/p>\n<p style=\"text-align: right;\"><span style=\"color: #ff9900;\"><strong>PAPILAS Y MOL\u00c9CULAS. LA CIENCIA AROM\u00c1TICA DE LOS ALIMENTOS Y EL VINO.<\/strong>\u00a0 FRAN\u00c7OIS CHARTIER. PLANETA GASTRO. 232 PAG. 29,95 EUROS.<\/span><\/p>\n<p style=\"text-align: center;\"><a href=\"https:\/\/static-blogs.lasprovincias.es\/wp-content\/uploads\/sites\/18\/2018\/04\/portada_papilas-y-moleculas_jose-luis-diez-lerma_201705171751.jpg\"><img loading=\"lazy\" class=\"alignnone size-large wp-image-15801\" src=\"https:\/\/static-blogs.lasprovincias.es\/wp-content\/uploads\/sites\/18\/2018\/04\/portada_papilas-y-moleculas_jose-luis-diez-lerma_201705171751-1024x1024.jpg\" alt=\"portada_papilas-y-moleculas_\" width=\"1024\" height=\"1024\" srcset=\"https:\/\/static-blogs.lasprovincias.es\/wp-content\/uploads\/sites\/18\/2018\/04\/portada_papilas-y-moleculas_jose-luis-diez-lerma_201705171751-1024x1024.jpg 1024w, https:\/\/static-blogs.lasprovincias.es\/wp-content\/uploads\/sites\/18\/2018\/04\/portada_papilas-y-moleculas_jose-luis-diez-lerma_201705171751-150x150.jpg 150w, https:\/\/static-blogs.lasprovincias.es\/wp-content\/uploads\/sites\/18\/2018\/04\/portada_papilas-y-moleculas_jose-luis-diez-lerma_201705171751-300x300.jpg 300w, https:\/\/static-blogs.lasprovincias.es\/wp-content\/uploads\/sites\/18\/2018\/04\/portada_papilas-y-moleculas_jose-luis-diez-lerma_201705171751-768x768.jpg 768w, https:\/\/static-blogs.lasprovincias.es\/wp-content\/uploads\/sites\/18\/2018\/04\/portada_papilas-y-moleculas_jose-luis-diez-lerma_201705171751.jpg 2000w\" sizes=\"(max-width: 1024px) 100vw, 1024px\" \/><\/a><\/p>\n<hr \/>\n<h3><\/h3>\n<h3><span style=\"color: #ab1010;\">FRUTAS.<\/span><\/h3>\n<p>Son\u00f3 un golpe seco en la ventana. &#8220;Soy la paloma mensajera de <strong>Montagud Editores<\/strong>&#8220;, me dijo. &#8220;Cucurrucuc\u00fa palomaaaaa&#8230;.&#8221;, cant\u00f3 el cuc\u00fa del reloj que est\u00e1 como una chota. Me trajo una carta de su parte.<strong><span style=\"color: #ab1010;\"> &#8220;Queremos endulzarte el d\u00eda del libro&#8221;, me dec\u00edan. Y en la carta hablaban de esa maravilla de libro de C\u00e9dric Grolet (Le Meurice)<\/span><\/strong>, que ostenta en su solapa el t\u00edtulo de mejor pastelero del\u00a0 mundo. En el libro se deshojan, como una margarita, sus hermosos secretos dulces: &#8220;no s\u00f3lo sus postres, sino tambi\u00e9n sus frutas reconstruidas y elaboraciones tradicionales&#8221;. Y empec\u00e9 a leer algunos de los extractos del libro:<\/p>\n<p style=\"padding-left: 30px;\">&#8220;<em>Comenc\u00e9 a hacer pasteles a los 13 a\u00f1os. Fue con mi abuelo, que ten\u00eda un hotel muy grande en el que cocinaba<\/em>&#8220;.<\/p>\n<p>La imaginaci\u00f3n se dispar\u00f3. &#8220;\u00bfSabes? Alg\u00fan d\u00eda me gustar\u00eda contar la historia de un pastelero pasada por el tamiz de las cosas imposibles&#8230; no s\u00e9&#8230; sue\u00f1os de pastelero&#8230; &#8220;, le dije al cuc\u00fa que me escuchaba at\u00f3nito. Y segu\u00ed leyendo:<\/p>\n<p style=\"padding-left: 30px;\">&#8220;<em>Mi filosof\u00eda es simple: doy un paso atr\u00e1s, dibujo mucho y creo. Pienso en t\u00e9rminos de temporada, de forma y de audacia, y los asocio para dise\u00f1ar mis elaboraciones<\/em>&#8220;.<\/p>\n<p>Yo tambi\u00e9n di un paso atr\u00e1s. Me sent\u00e9 en la mecedora de la cocina y dej\u00e9 que la tetera chismosa llenara la bonita taza una vez m\u00e1s&#8230; &#8220;Disfruta, querido&#8221;, me dijo ella. De la gramola empez\u00f3 a sonar <strong>Milord<\/strong> de <strong>Edith Piaf<\/strong>.<\/p>\n<p style=\"text-align: right;\"><span style=\"color: #ff9900;\"><strong>FRUTAS.<\/strong> C\u00c9DRIC GROLET. MONTAGUD EDITORES. 336 PAG. 54 EUROS<\/span><\/p>\n<p style=\"text-align: center;\"><a href=\"https:\/\/static-blogs.lasprovincias.es\/wp-content\/uploads\/sites\/18\/2018\/04\/PORTADA_FRUTAS_\u00a9MONTAGUDEDITORES-e1524070499173.jpg\"><img loading=\"lazy\" class=\"alignnone size-full wp-image-15788\" src=\"https:\/\/static-blogs.lasprovincias.es\/wp-content\/uploads\/sites\/18\/2018\/04\/PORTADA_FRUTAS_\u00a9MONTAGUDEDITORES-e1524070499173.jpg\" alt=\"portada_frutas_montagudeditores\" width=\"534\" height=\"689\" srcset=\"https:\/\/static-blogs.lasprovincias.es\/wp-content\/uploads\/sites\/18\/2018\/04\/PORTADA_FRUTAS_\u00a9MONTAGUDEDITORES-e1524070499173.jpg 534w, https:\/\/static-blogs.lasprovincias.es\/wp-content\/uploads\/sites\/18\/2018\/04\/PORTADA_FRUTAS_\u00a9MONTAGUDEDITORES-e1524070499173-233x300.jpg 233w\" sizes=\"(max-width: 534px) 100vw, 534px\" \/><\/a><\/p>\n<h3 style=\"text-align: left;\"><\/h3>\n<hr \/>\n<h3 style=\"text-align: left;\"><\/h3>\n<h3 style=\"text-align: left;\"><span style=\"color: #ab1010;\">\u00a0\u00c1NIMA.<\/span><\/h3>\n<p style=\"text-align: left;\">Acord\u00e1ndome de los libros de Montagud Editores (ya sabes que los vivo con pasi\u00f3n, quiz\u00e1s por la propia pasi\u00f3n que ellos ponen en elaborarlos), record\u00e9 el \u00faltimo suyo que hab\u00eda le\u00eddo. Y que me hab\u00eda fascinado. &#8220;\u00bfD\u00f3nde est\u00e1 \u00c1nima?&#8221;, pregunt\u00e9 a la estanter\u00eda de libros que danzan por la cocina. &#8220;<a href=\"https:\/\/blogs.lasprovincias.es\/historiascondelantal\/2014\/01\/25\/descuartizando-a-eneko-entre-brochetas\/\">Al lado del de Eneko<\/a>&#8230; ya lo sabes&#8230; &#8216;El estante de los favoritos'&#8221;, me advirti\u00f3 la tetera. &#8220;\u00bfQuiere m\u00e1s t\u00e9 el se\u00f1orito o puedo retirarme?&#8221;, solt\u00f3 con retint\u00edn.<\/p>\n<p style=\"text-align: left;\">Lo que en verdad quer\u00eda era recordar las p\u00e1ginas que devor\u00e9 en su d\u00eda del libro del restaurante de la Garrotxa. Y reencontrarme, entre otras cosas,\u00a0 con esa m\u00e1gica atm\u00f3sfera que\u00a0se intuye en <a href=\"https:\/\/blogs.lasprovincias.es\/historiascondelantal\/2017\/11\/18\/la-atmosfera-de-un-lugar-llamado-les-cols\/\">Les Cols<\/a> y que la obra transmite tan bien. Es un libro, como su propio t\u00edtulo indica, con \u00e1nima. Recuerdo que as\u00ed lo describ\u00ed en su momento:<\/p>\n<p style=\"text-align: left; padding-left: 30px;\"><em>\u00abSe puede tener, en lo m\u00e1s profundo del alma, un coraz\u00f3n c\u00e1lido, y sin embargo puede ser que nadie acuda a \u00e9l\u00bb, dijo\u00a0<strong>Vicent Van Gogh<\/strong>\u00a0y se repite entre las p\u00e1ginas de la obra que radiograf\u00eda el \u00e1nima de\u00a0<strong>Fina Puigdevall y Manuel Puigvert<\/strong>. Cita que no es casual; m\u00e1s bien, esencial para entender lo que el libro quiere contar. Cita que habla de almas ocultas, pero c\u00e1lidas, que duermen en esas cosas de la vida que por cotidianas acaban denostadas. Olvidadas.<span style=\"color: #ab1010;\">\u00a0<strong>Les Cols tiene Anima. Y en ella hay atm\u00f3sfera.<\/strong><\/span>\u00a0&#8220;<\/em><\/p>\n<p style=\"text-align: right;\"><span style=\"color: #ff9900;\"><strong>ANIMA.<\/strong> FINA PUIGDEVALL Y MANUEL PUIgVERT. MONTAGUD EDITORES.\u00a0384 PAG. 82 RECETAS. 50,90 EUROS.<\/span><\/p>\n<p style=\"text-align: center;\"><a href=\"https:\/\/static-blogs.lasprovincias.es\/wp-content\/uploads\/sites\/18\/2018\/04\/ANIMALESCOLS_PORTADA-\u00a9MONTAGUDEDITORES-e1524074552499.jpg\"><img loading=\"lazy\" class=\"alignnone size-full wp-image-15790\" src=\"https:\/\/static-blogs.lasprovincias.es\/wp-content\/uploads\/sites\/18\/2018\/04\/ANIMALESCOLS_PORTADA-\u00a9MONTAGUDEDITORES-e1524074552499.jpg\" alt=\"animalescols_portada-montagudeditores\" width=\"550\" height=\"767\" srcset=\"https:\/\/static-blogs.lasprovincias.es\/wp-content\/uploads\/sites\/18\/2018\/04\/ANIMALESCOLS_PORTADA-\u00a9MONTAGUDEDITORES-e1524074552499.jpg 550w, https:\/\/static-blogs.lasprovincias.es\/wp-content\/uploads\/sites\/18\/2018\/04\/ANIMALESCOLS_PORTADA-\u00a9MONTAGUDEDITORES-e1524074552499-215x300.jpg 215w\" sizes=\"(max-width: 550px) 100vw, 550px\" \/><\/a><\/p>\n<hr \/>\n<h3 style=\"text-align: left;\"><\/h3>\n<h3 style=\"text-align: left;\"><span style=\"color: #ab1010;\">UN\u00c1NIME (PR\u00d3XIMAMENTE)<\/span><\/h3>\n<p style=\"text-align: left;\">Otra vez son\u00f3 un seco golpe en la ventana. &#8220;<strong><span style=\"color: #ab1010;\">\u00bfOtra paloma?&#8221;, pens\u00e9. Pero no, era un pez volador. S\u00ed, un pez. \u00bfPor qu\u00e9 no?<\/span> <\/strong>Golpeaba con su cola al cristal. Al abrir y asomar mi cabeza, el pez me bes\u00f3 con sus labios, carnosos como los de una rana. &#8220;Me siento una princesa a la que le ha llegado su pr\u00edncipe azul&#8221;, el dije estupefacto. Me contest\u00f3\u00a0 que no era para tanto, que ven\u00eda a decirme que pronto tendr\u00eda noticias del libro que anda ultimando <strong>Bernd H. Kn\u00f6ller. <span style=\"color: #ab1010;\">Y de su aleta sac\u00f3 la portada&#8230;<\/span> <\/strong>Y yo, que hab\u00eda hablado con el chef del Riff de su nueva obra -de \u00e9l y <strong>Xavier Moll\u00e0-<\/strong>. pues me emocion\u00e9 al verlo&#8230;. Y segu\u00ed con mi merienda. Que empezaba a tener tintes de cena.<\/p>\n<p style=\"text-align: right;\"><span style=\"color: #ff9900;\"><strong>UN\u00c1NIME. CUINA I FOTOGRAFIA.<\/strong>\u00a0PR\u00d3XIMAMENTE.<\/span><\/p>\n<div id=\"attachment_15797\" style=\"width: 710px\" class=\"wp-caption aligncenter\"><a href=\"https:\/\/static-blogs.lasprovincias.es\/wp-content\/uploads\/sites\/18\/2018\/04\/30725184_2034113219951900_6226716626507530240_n.jpg\"><img aria-describedby=\"caption-attachment-15797\" loading=\"lazy\" class=\"wp-image-15797 size-full\" src=\"https:\/\/static-blogs.lasprovincias.es\/wp-content\/uploads\/sites\/18\/2018\/04\/30725184_2034113219951900_6226716626507530240_n.jpg\" alt=\"30725184_2034113219951900_6226716626507530240_n\" width=\"700\" height=\"700\" srcset=\"https:\/\/static-blogs.lasprovincias.es\/wp-content\/uploads\/sites\/18\/2018\/04\/30725184_2034113219951900_6226716626507530240_n.jpg 700w, https:\/\/static-blogs.lasprovincias.es\/wp-content\/uploads\/sites\/18\/2018\/04\/30725184_2034113219951900_6226716626507530240_n-150x150.jpg 150w, https:\/\/static-blogs.lasprovincias.es\/wp-content\/uploads\/sites\/18\/2018\/04\/30725184_2034113219951900_6226716626507530240_n-300x300.jpg 300w\" sizes=\"(max-width: 700px) 100vw, 700px\" \/><\/a><p id=\"caption-attachment-15797\" class=\"wp-caption-text\">La imagen la he tomado prestada de las redes sociales del chef \ud83d\ude09<\/p><\/div>\n<hr \/>\n<h3 style=\"text-align: left;\"><\/h3>\n<h3 style=\"text-align: left;\"><span style=\"color: #ab1010;\">PAN.<\/span><\/h3>\n<p style=\"text-align: left;\">El libro de Bernd y Xavier est\u00e1 por llegar. El que s\u00ed que reclamaba su espacio en esta merienda gastroliteraria es el de <strong>Ib\u00e1n Yarza.<\/strong>\u00a0&#8220;Cu\u00e1nto me emocion\u00e9 cuando lo descubr\u00ed, y cuando hice de telonero en su presentaci\u00f3n en la feria de Gastr\u00f3noma&#8221;, le dije a la nada (o al todo) de mi cocina.<\/p>\n<p style=\"text-align: left;\">Lo m\u00e1s impresionante de la obra de este maestro #panarra es que te lleva a vivir una ruta real de los<a href=\"https:\/\/blogs.lasprovincias.es\/historiascondelantal\/2017\/11\/12\/lo-que-nadie-te-ha-contado-de-gastronoma\/\"> panes de pueblo<\/a>. Y que <strong><span style=\"color: #ab1010;\">en ella est\u00e1n ellos, los panes y los hornos de donde salen, y las manos de quienes los amasan y los cuecen, y sus rostros, y sus historias&#8230;<\/span><\/strong> y que es muy emocionante. Much\u00edsimo. Tanto como fue ver a su autor, a Ib\u00e1n, llorar en la primera presentaci\u00f3n de esta biblia del pan de verdad. La harina hecha un amasijo de sensibilidad.<\/p>\n<p style=\"text-align: right;\"><span style=\"color: #ff9900;\"><strong>PAN DE PUEBLO.<\/strong> RECETAS E HISTORIAS DE LOS PANES Y PANADER\u00cdAS DE ESPA\u00d1A. IB\u00c1N YARZA. EDITORIAL GRIJALBO. 21,75 EUROS.<\/span><\/p>\n<p style=\"text-align: left;\"><img loading=\"lazy\" class=\"alignnone size-large wp-image-15806 aligncenter\" src=\"https:\/\/static-blogs.lasprovincias.es\/wp-content\/uploads\/sites\/18\/2018\/04\/IMG_20171103_095139-1024x688.jpg\" alt=\"dav\" width=\"1024\" height=\"688\" srcset=\"https:\/\/static-blogs.lasprovincias.es\/wp-content\/uploads\/sites\/18\/2018\/04\/IMG_20171103_095139.jpg 1024w, https:\/\/static-blogs.lasprovincias.es\/wp-content\/uploads\/sites\/18\/2018\/04\/IMG_20171103_095139-300x202.jpg 300w, https:\/\/static-blogs.lasprovincias.es\/wp-content\/uploads\/sites\/18\/2018\/04\/IMG_20171103_095139-768x516.jpg 768w\" sizes=\"(max-width: 1024px) 100vw, 1024px\" \/><\/p>\n<hr \/>\n<h3 style=\"text-align: left;\"><\/h3>\n<h3 style=\"text-align: left;\"><span style=\"color: #ab1010;\">QUESOS.<\/span><\/h3>\n<p style=\"text-align: left;\">Te tengo que confesar que este libro me entr\u00f3 por los ojos nada m\u00e1s ver la portada. Lo compr\u00e9 sin tener demasiado claro que iba a descubrir en \u00e9l. Y la verdad, es un delicioso viaje quesero, que me record\u00f3 antiguas andazas de Mr. Cooking: cuando descubr\u00ed a nuestro maestro de referencia (<strong>Rub\u00e9n Valbuena<\/strong>) y me abri\u00f3 de par en par<a href=\"https:\/\/blogs.lasprovincias.es\/historiascondelantal\/2014\/06\/28\/memorias-de-un-queso\/\"> las puertas del mundo de los quesos artesanos<\/a> de estas tierras. La obra de <strong>Patricia Michelson<\/strong> la venden como una especie de biblia de las pastas l\u00e1cteas. Y lo cierto, algo de ello tiene. Sobre todo, tiene la virtud de desatarte el apetito y so\u00f1ar con quesear. Fant\u00e1stico para iniciarse en este mundillo. Y adem\u00e1s&#8230; no es caro \ud83d\ude42<\/p>\n<p style=\"text-align: left;\">A m\u00ed, la manera de entender los quesos, de amarlos, de disfrutarlos me cambi\u00f3 tras conocer a Rub\u00e9n (Cantragullas, Cultivo&#8230; y qu\u00e9 se yo); a ella, a Patricia Michelson le cambi\u00f3- parece ser- una ca\u00edda con los esqu\u00eds en los Alpes franceses. &#8220;Caminando fatigosamente fui a parar, agotada y hambrienta, a la aldea de Meribel de Savoie. La luz dorada que proyectaba el escaparate de la queser\u00eda me atrajo de un modo irresistible&#8230;&#8221;. <strong><span style=\"color: #ab1010;\">Se compr\u00f3 un pedazo de beafourt. Y lo tom\u00f3 de regreso. Ese queso le cambi\u00f3 la vida.<\/span><\/strong> Y la forma de gan\u00e1rsela. Es el queso m\u00e1s emblem\u00e1tico de <em>La Fromaguerie<\/em>. Su fromagerie.<\/p>\n<p style=\"text-align: right;\"><span style=\"color: #ff9900;\"><strong>LOS MEJORES QUESOS ARTESANOS DEL MUNDO.<\/strong> PATRICIA MICHELSON. EDITORIAL BLUME.PAG. 304<\/span><\/p>\n<p style=\"text-align: center;\"><a href=\"https:\/\/static-blogs.lasprovincias.es\/wp-content\/uploads\/sites\/18\/2018\/04\/IMG_4416.jpg\"><img loading=\"lazy\" class=\"alignnone size-full wp-image-15817\" src=\"https:\/\/static-blogs.lasprovincias.es\/wp-content\/uploads\/sites\/18\/2018\/04\/IMG_4416.jpg\" alt=\"img_4416\" width=\"768\" height=\"953\" srcset=\"https:\/\/static-blogs.lasprovincias.es\/wp-content\/uploads\/sites\/18\/2018\/04\/IMG_4416.jpg 768w, https:\/\/static-blogs.lasprovincias.es\/wp-content\/uploads\/sites\/18\/2018\/04\/IMG_4416-242x300.jpg 242w\" sizes=\"(max-width: 768px) 100vw, 768px\" \/><\/a><\/p>\n<hr \/>\n<h3 style=\"text-align: left;\"><\/h3>\n<h3 style=\"text-align: left;\"><span style=\"color: #ab1010;\">VINO.<\/span><\/h3>\n<p style=\"text-align: left;\">A estas alturas, la merienda se hab\u00eda diluido. Ya todo ten\u00eda tintes de cena. Lo del queso hab\u00eda abierto en canal el apetito. Y este mont\u00f3n de letras, palabras a libre albedr\u00edo, reclamaban&#8230; \u00bfc\u00f3mo te lo dir\u00eda? <span style=\"color: #ab1010;\"><strong>Un descorche.<\/strong> <\/span>Un vino para celebrar el pase\u00edllo por la estanter\u00eda de libros. Fue as\u00ed como recurr\u00ed a otra biblia, en este caso vin\u00edcola, que me hicieron llegar los amigos de grupo Gourmets. Y claro, que es un lujazo.<\/p>\n<p style=\"text-align: left;\">En la propia portada ya te adelantan algunos datos, pero ya te adelanto, sin entrar en mucho m\u00e1s detalle porque lo importante es que cada uno lo sabore\u00e9 a su manera, que es todo un viaje por Espa\u00f1a a trav\u00e9s de los vinos. Y que uno puede encontrar decenas de cosas interesantes que descorchar, catar, saborear&#8230; S\u00f3lo con decirte que<strong><span style=\"color: #ab1010;\"> hay catalogados m\u00e1s de 4.000 vinos de Espa\u00f1a<\/span> <\/strong>te lo digo todo. Y claro&#8230;\u00a0 yo descorch\u00e9 uno de los m\u00edos.<\/p>\n<p style=\"text-align: right;\"><span style=\"color: #ff9900;\"><strong>GU\u00cdA DE VINOS GOURMETS 2018.<\/strong>\u00a0 GRUPO GOURMETS.\u00a01.148 PAG. 19 EUROS.<\/span><\/p>\n<p style=\"text-align: center;\"><a href=\"https:\/\/static-blogs.lasprovincias.es\/wp-content\/uploads\/sites\/18\/2018\/04\/00106510916536____1__1200x1200.jpg\"><img loading=\"lazy\" class=\"alignnone size-large wp-image-15820\" src=\"https:\/\/static-blogs.lasprovincias.es\/wp-content\/uploads\/sites\/18\/2018\/04\/00106510916536____1__1200x1200-1024x1024.jpg\" alt=\"00106510916536____1__1200x1200\" width=\"1024\" height=\"1024\" srcset=\"https:\/\/static-blogs.lasprovincias.es\/wp-content\/uploads\/sites\/18\/2018\/04\/00106510916536____1__1200x1200-1024x1024.jpg 1024w, https:\/\/static-blogs.lasprovincias.es\/wp-content\/uploads\/sites\/18\/2018\/04\/00106510916536____1__1200x1200-150x150.jpg 150w, https:\/\/static-blogs.lasprovincias.es\/wp-content\/uploads\/sites\/18\/2018\/04\/00106510916536____1__1200x1200-300x300.jpg 300w, https:\/\/static-blogs.lasprovincias.es\/wp-content\/uploads\/sites\/18\/2018\/04\/00106510916536____1__1200x1200-768x768.jpg 768w, https:\/\/static-blogs.lasprovincias.es\/wp-content\/uploads\/sites\/18\/2018\/04\/00106510916536____1__1200x1200.jpg 1200w\" sizes=\"(max-width: 1024px) 100vw, 1024px\" \/><\/a><\/p>\n<hr \/>\n<h3 style=\"text-align: left;\"><span style=\"color: #ab1010;\">ALTAMIRAS.<\/span><\/h3>\n<p style=\"text-align: left;\">&#8220;Querido, esto se te est\u00e1 yendo de las manos&#8221;, me dijo el cuc\u00fa, silbando m\u00e1s all\u00e1 de las diez, mientras la tetera empezaba a roncar y yo apuraba una copa. &#8220;Me encanta hablar de libros&#8221;, le contest\u00e9. Y saqu\u00e9 uno de esos que me han robado el alma este a\u00f1o.<strong><span style=\"color: #ab1010;\"> &#8220;\u00c9ste tiene historia e historias&#8221;, me dije acariciando la car\u00e1tula del libro de <a style=\"color: #ab1010;\" href=\"https:\/\/blogs.lasprovincias.es\/historiascondelantal\/2017\/10\/29\/las-recetas-de-fray-altamiras-la-mejor-tortilla-de-papa-y-el-frasquito-de-aduriz\/\">Juan Altamiras <\/a><\/span><\/strong>y sus recetas. &#8220;Ya he hablado en varias ocasiones de \u00e9l&#8221;, le susurr\u00e9 al cuc\u00fa, y al pez volador que continuaba asomado a la ventana. La tetera roncaba. &#8220;<strong>Vicky Hayward<\/strong> ha hecho un gran trabajo en \u00e9l&#8230; Y gracias a \u00e9l conoc\u00ed a <strong>fray \u00c1ngel<\/strong>&#8230; Recuerdo que cuando le entrevist\u00e9 me dijo: <a href=\"https:\/\/blogs.lasprovincias.es\/historiascondelantal\/2017\/12\/24\/fray-angel-un-banquete-de-humanidad\/\">&#8220;No importa qu\u00e9 se cocina sino c\u00f3mo<\/a>&#8220;.<\/p>\n<p style=\"text-align: left;\">Este libro, y todo lo que le ha acompa\u00f1ado, me ha aportado emoci\u00f3n, me ha ense\u00f1ado cosas apasionantes y me ha hecho, sobre todo, pensar: el vino del <a href=\"https:\/\/blogs.lasprovincias.es\/historiascondelantal\/2017\/11\/25\/el-vino-de-los-300-anos\/\">T\u00edo Pancho<\/a> del que habla <strong>Andoni Luis Aduriz<\/strong> en el pr\u00f3logo, la presentaci\u00f3n del libro con Vicky en Valencia, la visita al Monasterio del Santo Esp\u00edritu, y hasta esa perdiz que me com\u00ed el otro d\u00eda en <strong>L&#8217;Escaleta<\/strong> y que Kiko Moya hace inspirada en el recetario de este libro&#8230;. <strong><span style=\"color: #ab1010;\">Todo me cautiva<\/span><\/strong>&#8220;.<\/p>\n<p style=\"text-align: right;\"><span style=\"color: #ff9900;\"><strong>NUEVO ARTE DE LA COCINA ESPA\u00d1OLA DE JUAN ALTAMIRAS.<\/strong> VICKY HAYWARD. EDITORIAL ARIEL. PAG. 24 EUROS.<\/span><\/p>\n<p style=\"text-align: center;\"><a href=\"https:\/\/static-blogs.lasprovincias.es\/wp-content\/uploads\/sites\/18\/2018\/04\/DMcugnLWAAAIKP4.jpg\"><img loading=\"lazy\" class=\"alignnone size-large wp-image-15821\" src=\"https:\/\/static-blogs.lasprovincias.es\/wp-content\/uploads\/sites\/18\/2018\/04\/DMcugnLWAAAIKP4-1024x768.jpg\" alt=\"dmcugnlwaaaikp4\" width=\"1024\" height=\"768\" srcset=\"https:\/\/static-blogs.lasprovincias.es\/wp-content\/uploads\/sites\/18\/2018\/04\/DMcugnLWAAAIKP4-1024x768.jpg 1024w, https:\/\/static-blogs.lasprovincias.es\/wp-content\/uploads\/sites\/18\/2018\/04\/DMcugnLWAAAIKP4-300x225.jpg 300w, https:\/\/static-blogs.lasprovincias.es\/wp-content\/uploads\/sites\/18\/2018\/04\/DMcugnLWAAAIKP4-768x576.jpg 768w, https:\/\/static-blogs.lasprovincias.es\/wp-content\/uploads\/sites\/18\/2018\/04\/DMcugnLWAAAIKP4.jpg 1200w\" sizes=\"(max-width: 1024px) 100vw, 1024px\" \/><\/a><\/p>\n<hr \/>\n<h3 style=\"text-align: left;\"><\/h3>\n<h3 style=\"text-align: left;\"><span style=\"color: #ab1010;\">38502B<\/span><\/h3>\n<p style=\"text-align: left;\">Recordando todo aquello, sobre la mecedora, me balance\u00e9 un rato. La merienda de los diez se hab\u00eda convertido en un fest\u00edn (no tengo claro si como el de Babette) en el que libros y palabras fueron volando. Suspir\u00e9, me levant\u00e9, me puse de puntillas y saqu\u00e9 de la zona de libros pendientes un peque\u00f1o texto, modestamente encuadernado, firmado por <strong>Domingo Chinchilla<\/strong> que, casualmente, como el primero del que te he hablado, me lo regal\u00f3 Joaqu\u00edn, el de ArtCream. \ud83d\ude42 Su t\u00edtulo ya, de por si, era perturbador. &#8220;\u00bfPero es de gastronom\u00eda?&#8221;, le pregunt\u00e9 cuando me lo dio el chef. Y \u00e9l, a su manera, me lo confirm\u00f3. La primera se\u00f1al del libro, siempre se\u00f1alo las cosas que me dicen algo, la puse cuando le\u00ed:<\/p>\n<p style=\"text-align: left; padding-left: 30px;\"><em> &#8220;S\u00f3crates y Lorca en una imaginaria, conversaban sobre el destino que nos marcan los dioses&#8230;&#8221;.<\/em><\/p>\n<p style=\"text-align: right;\"><span style=\"color: #ff9900;\"><strong>38502B<\/strong> DOMINGO CHINCHILLA. EDITORIAL SENDA<\/span><\/p>\n<p>&nbsp;<\/p>\n<p><a href=\"https:\/\/static-blogs.lasprovincias.es\/wp-content\/uploads\/sites\/18\/2018\/04\/IMG_20180419_130829-e1524136907647.jpg\"><img loading=\"lazy\" class=\"size-large wp-image-15803 aligncenter\" src=\"https:\/\/static-blogs.lasprovincias.es\/wp-content\/uploads\/sites\/18\/2018\/04\/IMG_20180419_130829-e1524136907647-1024x812.jpg\" alt=\"dav\" width=\"1024\" height=\"812\" srcset=\"https:\/\/static-blogs.lasprovincias.es\/wp-content\/uploads\/sites\/18\/2018\/04\/IMG_20180419_130829-e1524136907647-1024x812.jpg 1024w, https:\/\/static-blogs.lasprovincias.es\/wp-content\/uploads\/sites\/18\/2018\/04\/IMG_20180419_130829-e1524136907647-300x238.jpg 300w, https:\/\/static-blogs.lasprovincias.es\/wp-content\/uploads\/sites\/18\/2018\/04\/IMG_20180419_130829-e1524136907647-768x609.jpg 768w\" sizes=\"(max-width: 1024px) 100vw, 1024px\" \/><\/a><\/p>\n<hr \/>\n<p style=\"text-align: left;\"><strong>Cuando termin\u00e9 de leer a Domingo tuve la sensaci\u00f3n de haberme tomado un gran tinto. Un Ch\u00e2teauneuf-du-Pape de los que te desgarran el alma.\u00a0 Y dej\u00e9 que la noche nos inundara. La luna de un color verdoso que me parec\u00eda ins\u00f3lito se asomaba por la ventana. En la gramola Silvia Cruz cantaba &#8216;Ojos verdes&#8217;: <\/strong><\/p>\n<p style=\"text-align: center;\"><em>&#8220;verde como el trigo verde <\/em><\/p>\n<p style=\"text-align: center;\"><em>y el verde verde lim\u00f3n&#8221;.<\/em><\/p>\n<p style=\"text-align: right;\"><strong>&#8230; y a mi alrededor volaban palabras. Como si fueran colibr\u00edes. Pero esa es otra historia.<\/strong><\/p>\n<p style=\"text-align: right;\"><strong>Quiz\u00e1s mi pr\u00f3xima historia.\u00a0<\/strong><\/p>\n<p>&nbsp;<\/p>\n<p>&nbsp;<\/p>\n<p><img loading=\"lazy\" class=\"alignnone size-large wp-image-15839 aligncenter\" src=\"https:\/\/static-blogs.lasprovincias.es\/wp-content\/uploads\/sites\/18\/2018\/04\/1524208013244-copia-1024x654.jpeg\" alt=\"1524208013244-copia\" width=\"1024\" height=\"654\" srcset=\"https:\/\/static-blogs.lasprovincias.es\/wp-content\/uploads\/sites\/18\/2018\/04\/1524208013244-copia-1024x654.jpeg 1024w, https:\/\/static-blogs.lasprovincias.es\/wp-content\/uploads\/sites\/18\/2018\/04\/1524208013244-copia-300x191.jpeg 300w, https:\/\/static-blogs.lasprovincias.es\/wp-content\/uploads\/sites\/18\/2018\/04\/1524208013244-copia-768x490.jpeg 768w, https:\/\/static-blogs.lasprovincias.es\/wp-content\/uploads\/sites\/18\/2018\/04\/1524208013244-copia.jpeg 1128w\" sizes=\"(max-width: 1024px) 100vw, 1024px\" \/><\/p>\n<p>&nbsp;<\/p>\n<!-- AddThis Advanced Settings generic via filter on the_content --><!-- AddThis Share Buttons generic via filter on the_content -->","protected":false},"excerpt":{"rendered":"<p>Tomar el t\u00e9 con Babette, con Fran\u00e7ois Chartier, con S\u00f3crates y con un trozo de Beaufort Chalet d&#8217;Alpage; ponerte quisquilloso eligiendo un buen vino de una bodega distinguida; compartir pan de pueblo con Ib\u00e1n Yarza; viajar al fascinante mundo de la cocina de hace 300 a\u00f1os, cuando un fraile llamado Altamiras era el que cocinaba; [&hellip;]<!-- AddThis Advanced Settings generic via filter on get_the_excerpt --><!-- AddThis Share Buttons generic via filter on get_the_excerpt --><\/p>\n","protected":false},"author":23,"featured_media":0,"comment_status":"open","ping_status":"open","sticky":false,"template":"","format":"standard","meta":[],"categories":[3,4,5,7],"tags":[1490,1492,1491,1487,1488,1315,524,1326,1494,745,1489,1493,856,1301],"_links":{"self":[{"href":"https:\/\/blogs.lasprovincias.es\/historiascondelantal\/wp-json\/wp\/v2\/posts\/15784"}],"collection":[{"href":"https:\/\/blogs.lasprovincias.es\/historiascondelantal\/wp-json\/wp\/v2\/posts"}],"about":[{"href":"https:\/\/blogs.lasprovincias.es\/historiascondelantal\/wp-json\/wp\/v2\/types\/post"}],"author":[{"embeddable":true,"href":"https:\/\/blogs.lasprovincias.es\/historiascondelantal\/wp-json\/wp\/v2\/users\/23"}],"replies":[{"embeddable":true,"href":"https:\/\/blogs.lasprovincias.es\/historiascondelantal\/wp-json\/wp\/v2\/comments?post=15784"}],"version-history":[{"count":39,"href":"https:\/\/blogs.lasprovincias.es\/historiascondelantal\/wp-json\/wp\/v2\/posts\/15784\/revisions"}],"predecessor-version":[{"id":15860,"href":"https:\/\/blogs.lasprovincias.es\/historiascondelantal\/wp-json\/wp\/v2\/posts\/15784\/revisions\/15860"}],"wp:attachment":[{"href":"https:\/\/blogs.lasprovincias.es\/historiascondelantal\/wp-json\/wp\/v2\/media?parent=15784"}],"wp:term":[{"taxonomy":"category","embeddable":true,"href":"https:\/\/blogs.lasprovincias.es\/historiascondelantal\/wp-json\/wp\/v2\/categories?post=15784"},{"taxonomy":"post_tag","embeddable":true,"href":"https:\/\/blogs.lasprovincias.es\/historiascondelantal\/wp-json\/wp\/v2\/tags?post=15784"}],"curies":[{"name":"wp","href":"https:\/\/api.w.org\/{rel}","templated":true}]}}