{"id":16174,"date":"2018-05-24T17:39:38","date_gmt":"2018-05-24T15:39:38","guid":{"rendered":"http:\/\/blogs.lasprovincias.es\/historiascondelantal\/?p=16174"},"modified":"2018-05-24T18:03:06","modified_gmt":"2018-05-24T16:03:06","slug":"lo-mejor-del-menu-de-casa-manolo","status":"publish","type":"post","link":"https:\/\/blogs.lasprovincias.es\/historiascondelantal\/2018\/05\/24\/lo-mejor-del-menu-de-casa-manolo\/","title":{"rendered":"Lo mejor del men\u00fa de Casa Manolo"},"content":{"rendered":"<p><strong>Su restaurante es una c\u00e1psula de felicidad. El cocinero de Daim\u00fas y su equipo logran seducir con platos \u2013elegantes, delicados y reflexionados\u2013 que son caricias al comensal. Hay sensibilidad, territorio \u2013con los c\u00edtricos y el mar ganando protagonismo\u2013, calidad y mucha honestidad. <span style=\"color: #ab1010;\">Alonso ya est\u00e1 listo: su primera estrella Michelin comienza a quedarse corta.<\/span> Su paseo por las nubes merece m\u00e1s.<\/strong><\/p>\n<p style=\"text-align: center;\"><a href=\"https:\/\/static-blogs.lasprovincias.es\/wp-content\/uploads\/sites\/18\/2018\/05\/image2.jpeg\"><img loading=\"lazy\" class=\"alignnone size-large wp-image-16233\" src=\"https:\/\/static-blogs.lasprovincias.es\/wp-content\/uploads\/sites\/18\/2018\/05\/image2-1024x768.jpeg\" alt=\"image2\" width=\"1024\" height=\"768\" srcset=\"https:\/\/static-blogs.lasprovincias.es\/wp-content\/uploads\/sites\/18\/2018\/05\/image2-1024x768.jpeg 1024w, https:\/\/static-blogs.lasprovincias.es\/wp-content\/uploads\/sites\/18\/2018\/05\/image2-300x225.jpeg 300w, https:\/\/static-blogs.lasprovincias.es\/wp-content\/uploads\/sites\/18\/2018\/05\/image2-768x576.jpeg 768w, https:\/\/static-blogs.lasprovincias.es\/wp-content\/uploads\/sites\/18\/2018\/05\/image2.jpeg 2048w\" sizes=\"(max-width: 1024px) 100vw, 1024px\" \/><\/a><\/p>\n<h3 style=\"text-align: right;\"><span style=\"color: #b89f6e;\">LOS MEN\u00daS DE 2018<\/span><\/h3>\n<p style=\"text-align: right;\"><span style=\"color: #b89f6e;\">1.\u00a0<span style=\"color: #ab1010;\"><a style=\"color: #ab1010;\" href=\"https:\/\/blogs.lasprovincias.es\/historiascondelantal\/2018\/03\/24\/lo-mejor-del-menu-de-ricard-camarena\/\">Ricard Camarena<\/a>.<\/span> Una estrella que palpita.<\/span><\/p>\n<p style=\"text-align: right;\"><span style=\"color: #b89f6e;\">2.\u00a0<span style=\"color: #ab1010;\"><a style=\"color: #ab1010;\" href=\"https:\/\/blogs.lasprovincias.es\/historiascondelantal\/2018\/04\/06\/lo-mejor-del-menu-de-lescaleta\/\">L&#8217;Escaleta<\/a>.<\/span> El \u00e9xito del silencio.<\/span><\/p>\n<p style=\"text-align: right;\"><span style=\"color: #b89f6e;\">3.\u00a0<span style=\"color: #ab1010;\"><a style=\"color: #ab1010;\" href=\"https:\/\/blogs.lasprovincias.es\/historiascondelantal\/2018\/04\/21\/lo-mejor-del-menu-de-bonamb\/\">Bon Amb<\/a>.<\/span> Una cocina llena de luces.<\/span><\/p>\n<p style=\"text-align: right;\"><span style=\"color: #b89f6e;\">4.\u00a0<span style=\"color: #ab1010;\"><a style=\"color: #ab1010;\" href=\"https:\/\/blogs.lasprovincias.es\/historiascondelantal\/2018\/04\/29\/lo-mejor-del-menu-de-quique-dacosta\/\">Quique Dacosta<\/a>.<\/span> El reto de la excelencia<\/span><\/p>\n<p style=\"text-align: right;\"><span style=\"color: #b89f6e;\">5.\u00a0<span style=\"color: #ab1010;\"><a style=\"color: #ab1010;\" href=\"https:\/\/blogs.lasprovincias.es\/historiascondelantal\/2018\/05\/11\/lo-mejor-del-menu-de-diego-guerrero\/\">DSTAgE<\/a><\/span>. Una sacudida inesperada.<\/span><\/p>\n<p style=\"text-align: right;\"><span style=\"color: #b89f6e;\">6. <strong>Casa Manolo.<\/strong> Un sue\u00f1o sin orillas.\u00a0<\/span><\/p>\n<p><!--more--><\/p>\n<p>Todo en Casa Manolo es seductor, delicado, impecable: los platos pulcros, el mantel deslumbrante, bocados hechos para encandilarte. Unos versos de <strong>Jos\u00e9 Hierro<\/strong> susurran lo que se vive en el restaurante de <a href=\"https:\/\/blogs.lasprovincias.es\/historiascondelantal\/2018\/01\/23\/manuel-alonso-me-gustaria-bailar-como-michael-jackson\/\"><strong>Manuel Alonso<\/strong><\/a>:<em> \u00abQue la vida no es m\u00e1s que una quimera; \/ Una ilusi\u00f3n, un sue\u00f1o sin orillas,\/ una peque\u00f1a nube pasajera\u00bb<\/em>. All\u00ed, en esta casa de comidas junto al mar de Daim\u00fas, todo es un remanso de caricias: el sol llenando de luz el instante, el Mediterr\u00e1neo meci\u00e9ndose tranquilo sobre el blanco mantel, una amabilidad extrema, un men\u00fa que tontea con lo impoluto. Hay galeras a la plancha bajo un velo de caf\u00e9, <strong>un particular &#8216;aspencat&#8217;<\/strong>, una gamba roja ba\u00f1ada en salvia, un arroz de pato y angula que te lleva al humedad, una oda a la horchata, nieve de rosas e hibiscos y decenas de reflexiones culinarias que parecen querer ser un poema masticable. Todo pensando para hacerte subir hasta las nubes y, desde all\u00ed arriba, hacer que disfrutes del momento como algo \u00fanico. Quiz\u00e1s irrepetible. Despu\u00e9s de todo es el sue\u00f1o de un cocinero hecho carne. Un sue\u00f1o sin orillas, que dec\u00eda Hierro. Sin fin.<\/p>\n<p style=\"text-align: center;\"><a href=\"https:\/\/static-blogs.lasprovincias.es\/wp-content\/uploads\/sites\/18\/2018\/05\/IMG_9377.jpg\"><img loading=\"lazy\" class=\"alignnone size-large wp-image-16205\" src=\"https:\/\/static-blogs.lasprovincias.es\/wp-content\/uploads\/sites\/18\/2018\/05\/IMG_9377-1024x683.jpg\" alt=\"img_9377\" width=\"1024\" height=\"683\" srcset=\"https:\/\/static-blogs.lasprovincias.es\/wp-content\/uploads\/sites\/18\/2018\/05\/IMG_9377.jpg 1024w, https:\/\/static-blogs.lasprovincias.es\/wp-content\/uploads\/sites\/18\/2018\/05\/IMG_9377-300x200.jpg 300w, https:\/\/static-blogs.lasprovincias.es\/wp-content\/uploads\/sites\/18\/2018\/05\/IMG_9377-768x512.jpg 768w\" sizes=\"(max-width: 1024px) 100vw, 1024px\" \/><\/a><\/p>\n<hr \/>\n<p>&nbsp;<\/p>\n<h2 style=\"text-align: center;\"><span style=\"color: #c4ac82;\"><strong>LOS CINCO TOP<\/strong><\/span><\/h2>\n<h3><span style=\"color: #ab1010;\">1. Mogote de cerdo ib\u00e9rico<\/span><\/h3>\n<p>La secuencia de snacks que ofrece Manuel Alonso es redonda. Pr\u00e1cticamente todos te dicen algo. Pero hay uno que m\u00e1s que decirte te recita. El mogote de cerdo es una explosi\u00f3n deliciosa de sabores que, la verdad, me queda corta. O lo que es lo mismo, te quedas con ganas de m\u00e1s. Hay \u00e1cidos, picantes, frescor&#8230; un revoltijo de sensaciones alrededor de un bocado de carne supremo. Un mogote de cerdo ib\u00e9rico que se deshace en boca. El regusto es intenso. Muy interesante.<\/p>\n<p style=\"text-align: center;\"><a href=\"https:\/\/static-blogs.lasprovincias.es\/wp-content\/uploads\/sites\/18\/2018\/05\/IMG_9373.jpg\"><img loading=\"lazy\" class=\"alignnone size-large wp-image-16203\" src=\"https:\/\/static-blogs.lasprovincias.es\/wp-content\/uploads\/sites\/18\/2018\/05\/IMG_9373-1024x683.jpg\" alt=\"img_9373\" width=\"1024\" height=\"683\" srcset=\"https:\/\/static-blogs.lasprovincias.es\/wp-content\/uploads\/sites\/18\/2018\/05\/IMG_9373.jpg 1024w, https:\/\/static-blogs.lasprovincias.es\/wp-content\/uploads\/sites\/18\/2018\/05\/IMG_9373-300x200.jpg 300w, https:\/\/static-blogs.lasprovincias.es\/wp-content\/uploads\/sites\/18\/2018\/05\/IMG_9373-768x512.jpg 768w\" sizes=\"(max-width: 1024px) 100vw, 1024px\" \/><\/a><\/p>\n<h3><span style=\"color: #ab1010;\">2. Ostra con pimiento en salmuera<\/span><\/h3>\n<p>Sorprender <a href=\"https:\/\/blogs.lasprovincias.es\/historiascondelantal\/2017\/11\/10\/que-pueden-hacer-los-chefs-con-una-docena-de-ostras\/\">con una ostra<\/a> me parece ya dif\u00edcil. \u00a1Hay tantas propuestas y tantas repetidas, que empieza a ser un riesgo el intentarlo! Pero Manuel Alonso logra cautivar con su propuesta. Una ostra carnosa acompa\u00f1ada por una espuma de pimiento en salmuera (elaborado por ellos mismos). La acidez del vinagre la potencia y acaba desembocando en un plato muy equilibrado, refrescante, potente y sabroso. Y adem\u00e1s, arraigado al territorio (por los encurtidos) y est\u00e9ticamente seductor. Me gusta.<\/p>\n<p style=\"text-align: center;\"><a href=\"https:\/\/static-blogs.lasprovincias.es\/wp-content\/uploads\/sites\/18\/2018\/05\/IMG_9406.jpg\"><img loading=\"lazy\" class=\"alignnone size-large wp-image-16207\" src=\"https:\/\/static-blogs.lasprovincias.es\/wp-content\/uploads\/sites\/18\/2018\/05\/IMG_9406-1024x683.jpg\" alt=\"img_9406\" width=\"1024\" height=\"683\" srcset=\"https:\/\/static-blogs.lasprovincias.es\/wp-content\/uploads\/sites\/18\/2018\/05\/IMG_9406.jpg 1024w, https:\/\/static-blogs.lasprovincias.es\/wp-content\/uploads\/sites\/18\/2018\/05\/IMG_9406-300x200.jpg 300w, https:\/\/static-blogs.lasprovincias.es\/wp-content\/uploads\/sites\/18\/2018\/05\/IMG_9406-768x512.jpg 768w\" sizes=\"(max-width: 1024px) 100vw, 1024px\" \/><\/a><\/p>\n<h3><span style=\"color: #ab1010;\">3. Gamba amb bleda<\/span><\/h3>\n<p>Ya he comentado que se codea con el anterior como platazo. Los dos son propuestas dignas de estar en el men\u00fa de lo mejor de 2018. La versi\u00f3n que Alonso y <strong>Nando Mesas<\/strong> (su segundo en cocina) ofrecen de la tradicional gamba amb bleda es soberbia. Juega con c\u00edtricos, crujientes, la gamba fresca que mantiene su dulzura, un toque picante muy medido que perdura, una est\u00e9tica perfecta&#8230; Juega con todo ello y acaba cautivando. Conquista el paladar y los recuerdos. Tanto que se hace inolvidable.<\/p>\n<p style=\"text-align: center;\"><a href=\"https:\/\/static-blogs.lasprovincias.es\/wp-content\/uploads\/sites\/18\/2018\/05\/IMG_9456.jpg\"><img loading=\"lazy\" class=\"alignnone size-large wp-image-16208\" src=\"https:\/\/static-blogs.lasprovincias.es\/wp-content\/uploads\/sites\/18\/2018\/05\/IMG_9456-1024x693.jpg\" alt=\"img_9456\" width=\"1024\" height=\"693\" srcset=\"https:\/\/static-blogs.lasprovincias.es\/wp-content\/uploads\/sites\/18\/2018\/05\/IMG_9456.jpg 1024w, https:\/\/static-blogs.lasprovincias.es\/wp-content\/uploads\/sites\/18\/2018\/05\/IMG_9456-300x203.jpg 300w, https:\/\/static-blogs.lasprovincias.es\/wp-content\/uploads\/sites\/18\/2018\/05\/IMG_9456-768x520.jpg 768w\" sizes=\"(max-width: 1024px) 100vw, 1024px\" \/><\/a><\/p>\n<h3><span style=\"color: #ab1010;\">4. Tupinambo, chufa y horchata<\/span><\/h3>\n<p>\u00abQuer\u00eda hacer algo con el tupinambo\u00bb, dijo Alonso. Y ese algo fue este postre que es, de nuevo, una fotograf\u00eda del territorio. En este caso, poniendo en valor un producto tan valenciano como la chufa. Ah\u00ed radica la admiraci\u00f3n por la propuesta. No s\u00f3lo porque es un buen postre, equilibrado y bien pensado, sino por el hecho de recuperar para la alta gastronom\u00eda algo tan olvidado como la chufa. Es un batiburrillo de sensaciones dulces que llena la cabeza de regusto por la infancia. Siempre idealizada, claro.<\/p>\n<p><a href=\"https:\/\/static-blogs.lasprovincias.es\/wp-content\/uploads\/sites\/18\/2018\/05\/BOCADO6A.jpg\"><img loading=\"lazy\" class=\"size-large wp-image-16199 aligncenter\" src=\"https:\/\/static-blogs.lasprovincias.es\/wp-content\/uploads\/sites\/18\/2018\/05\/BOCADO6A-1024x768.jpg\" alt=\"dav\" width=\"1024\" height=\"768\" srcset=\"https:\/\/static-blogs.lasprovincias.es\/wp-content\/uploads\/sites\/18\/2018\/05\/BOCADO6A.jpg 1024w, https:\/\/static-blogs.lasprovincias.es\/wp-content\/uploads\/sites\/18\/2018\/05\/BOCADO6A-300x225.jpg 300w, https:\/\/static-blogs.lasprovincias.es\/wp-content\/uploads\/sites\/18\/2018\/05\/BOCADO6A-768x576.jpg 768w\" sizes=\"(max-width: 1024px) 100vw, 1024px\" \/><\/a><\/p>\n<p>&nbsp;<\/p>\n<hr \/>\n<p style=\"text-align: center;\"><span style=\"color: #c4ac82;\"><strong>PLATO DE ORO<\/strong><\/span><\/p>\n<h3 style=\"text-align: center;\"><strong><span style=\"color: #c4ac82;\">5. Angula frita, yema encurtida y caldo de jam\u00f3n<\/span><\/strong><\/h3>\n<p style=\"text-align: center;\"><span style=\"color: #c4ac82;\">Dudaba entre este plato y el que leer\u00e1s debajo a la hora de escoger el mejor. Y dudar es bueno, porque ambos ser\u00edan, siguiendo un s\u00edmil futbol\u00edstico (que no es lo m\u00edo), merecedores del bal\u00f3n de oro. Pero me quedo con \u00e9ste porque \u2018menos es m\u00e1s\u2019, con el producto como m\u00e1xima, la ejecuci\u00f3n perfecta y un resultado de los que te pone la carne de gallina. Pura emoci\u00f3n. Tanto que el s\u00f3lo hecho de hacer crujir las angulas fritas ya te sobrecoge. Y mezclarlas con la yema encurtida te hace sentirte enormemente afortunado. Es un plato especial. Muy especial.<\/span><\/p>\n<p style=\"text-align: center;\"><a href=\"https:\/\/static-blogs.lasprovincias.es\/wp-content\/uploads\/sites\/18\/2018\/05\/BOCADO4.jpg\"><img loading=\"lazy\" class=\"alignnone size-large wp-image-16197\" src=\"https:\/\/static-blogs.lasprovincias.es\/wp-content\/uploads\/sites\/18\/2018\/05\/BOCADO4-1024x683.jpg\" alt=\"bocado4\" width=\"1024\" height=\"683\" srcset=\"https:\/\/static-blogs.lasprovincias.es\/wp-content\/uploads\/sites\/18\/2018\/05\/BOCADO4.jpg 1024w, https:\/\/static-blogs.lasprovincias.es\/wp-content\/uploads\/sites\/18\/2018\/05\/BOCADO4-300x200.jpg 300w, https:\/\/static-blogs.lasprovincias.es\/wp-content\/uploads\/sites\/18\/2018\/05\/BOCADO4-768x512.jpg 768w\" sizes=\"(max-width: 1024px) 100vw, 1024px\" \/><\/a><\/p>\n<h3 style=\"text-align: center;\">Y ADEM\u00c1S\u2026.<\/h3>\n<p><span style=\"color: #c4ac82;\">PAN.\u00a0<span style=\"color: #333333;\">El servicio de pan es altamente interesante. Pero a la vez muy peligroso. El pan est\u00e1 rico (con su toque salino y de miel), peor tanto que hay que pedir que te lo quiten de delante. &#8220;Me lo voy a comer todo&#8221;.<\/span><\/span><\/p>\n<p style=\"text-align: center;\"><a href=\"https:\/\/static-blogs.lasprovincias.es\/wp-content\/uploads\/sites\/18\/2018\/05\/IMG_9357.jpg\"><img loading=\"lazy\" class=\"alignnone size-large wp-image-16209\" src=\"https:\/\/static-blogs.lasprovincias.es\/wp-content\/uploads\/sites\/18\/2018\/05\/IMG_9357-1024x664.jpg\" alt=\"img_9357\" width=\"1024\" height=\"664\" srcset=\"https:\/\/static-blogs.lasprovincias.es\/wp-content\/uploads\/sites\/18\/2018\/05\/IMG_9357.jpg 1024w, https:\/\/static-blogs.lasprovincias.es\/wp-content\/uploads\/sites\/18\/2018\/05\/IMG_9357-300x195.jpg 300w, https:\/\/static-blogs.lasprovincias.es\/wp-content\/uploads\/sites\/18\/2018\/05\/IMG_9357-768x498.jpg 768w\" sizes=\"(max-width: 1024px) 100vw, 1024px\" \/><\/a><\/p>\n<p><span style=\"color: #c4ac82;\">SNACKS.\u00a0<\/span>Ya te he apuntado algo al principio, pero es cierto que Manuel y su equipo han redondeado los bocados de bienvenida. Todos te transmiten algo. Y alguno est\u00e1 muy rico. Necesitar\u00eda un poco m\u00e1s de pausa para degustarlos bien. Alguno podr\u00eda ser un platazo.<\/p>\n<p style=\"text-align: center;\"><a href=\"https:\/\/static-blogs.lasprovincias.es\/wp-content\/uploads\/sites\/18\/2018\/05\/IMG_9356.jpg\"><img loading=\"lazy\" class=\"alignnone size-large wp-image-16201\" src=\"https:\/\/static-blogs.lasprovincias.es\/wp-content\/uploads\/sites\/18\/2018\/05\/IMG_9356-1024x671.jpg\" alt=\"img_9356\" width=\"1024\" height=\"671\" srcset=\"https:\/\/static-blogs.lasprovincias.es\/wp-content\/uploads\/sites\/18\/2018\/05\/IMG_9356.jpg 1024w, https:\/\/static-blogs.lasprovincias.es\/wp-content\/uploads\/sites\/18\/2018\/05\/IMG_9356-300x197.jpg 300w, https:\/\/static-blogs.lasprovincias.es\/wp-content\/uploads\/sites\/18\/2018\/05\/IMG_9356-768x503.jpg 768w\" sizes=\"(max-width: 1024px) 100vw, 1024px\" \/><\/a><\/p>\n<p><span style=\"color: #c4ac82;\">GAMBA.\u00a0<\/span>El doble servicio de la gamba roja merecer\u00eda tener su espacio en el podium de los mejores platos. Pero claro, debemos elegir. Fant\u00e1stico el cuerpo servido en una salsa de salvia con sus verduras frescas y c\u00edtricos. Y genial la cabeza que mantiene su frescura y todo el mar.<\/p>\n<p><a href=\"https:\/\/static-blogs.lasprovincias.es\/wp-content\/uploads\/sites\/18\/2018\/05\/IMG_9471.jpg\"><img loading=\"lazy\" class=\"size-large wp-image-16217 aligncenter\" src=\"https:\/\/static-blogs.lasprovincias.es\/wp-content\/uploads\/sites\/18\/2018\/05\/IMG_9471-1024x683.jpg\" alt=\"img_9471\" width=\"1024\" height=\"683\" srcset=\"https:\/\/static-blogs.lasprovincias.es\/wp-content\/uploads\/sites\/18\/2018\/05\/IMG_9471.jpg 1024w, https:\/\/static-blogs.lasprovincias.es\/wp-content\/uploads\/sites\/18\/2018\/05\/IMG_9471-300x200.jpg 300w, https:\/\/static-blogs.lasprovincias.es\/wp-content\/uploads\/sites\/18\/2018\/05\/IMG_9471-768x512.jpg 768w\" sizes=\"(max-width: 1024px) 100vw, 1024px\" \/><\/a><\/p>\n<p>&nbsp;<\/p>\n<p><a href=\"https:\/\/static-blogs.lasprovincias.es\/wp-content\/uploads\/sites\/18\/2018\/05\/IMG_9478.jpg\"><img loading=\"lazy\" class=\"size-large wp-image-16218 aligncenter\" src=\"https:\/\/static-blogs.lasprovincias.es\/wp-content\/uploads\/sites\/18\/2018\/05\/IMG_9478-1024x683.jpg\" alt=\"img_9478\" width=\"1024\" height=\"683\" srcset=\"https:\/\/static-blogs.lasprovincias.es\/wp-content\/uploads\/sites\/18\/2018\/05\/IMG_9478.jpg 1024w, https:\/\/static-blogs.lasprovincias.es\/wp-content\/uploads\/sites\/18\/2018\/05\/IMG_9478-300x200.jpg 300w, https:\/\/static-blogs.lasprovincias.es\/wp-content\/uploads\/sites\/18\/2018\/05\/IMG_9478-768x512.jpg 768w\" sizes=\"(max-width: 1024px) 100vw, 1024px\" \/><\/a><\/p>\n<p>&nbsp;<\/p>\n<p><span style=\"color: #c4ac82;\">CIGALA.\u00a0<\/span>Que te sirvan una cigala tal cual siempre es una alegr\u00eda. As\u00ed, partida en dos. Manuel le sum\u00f3 una peculiar salsa&#8230; (no doy m\u00e1s pistas).<\/p>\n<p style=\"text-align: center;\"><a href=\"https:\/\/static-blogs.lasprovincias.es\/wp-content\/uploads\/sites\/18\/2018\/05\/IMG_9515.jpg\"><img loading=\"lazy\" class=\"alignnone size-large wp-image-16220\" src=\"https:\/\/static-blogs.lasprovincias.es\/wp-content\/uploads\/sites\/18\/2018\/05\/IMG_9515-1024x683.jpg\" alt=\"img_9515\" width=\"1024\" height=\"683\" srcset=\"https:\/\/static-blogs.lasprovincias.es\/wp-content\/uploads\/sites\/18\/2018\/05\/IMG_9515.jpg 1024w, https:\/\/static-blogs.lasprovincias.es\/wp-content\/uploads\/sites\/18\/2018\/05\/IMG_9515-300x200.jpg 300w, https:\/\/static-blogs.lasprovincias.es\/wp-content\/uploads\/sites\/18\/2018\/05\/IMG_9515-768x512.jpg 768w\" sizes=\"(max-width: 1024px) 100vw, 1024px\" \/><\/a><\/p>\n<p><span style=\"color: #c4ac82;\">PESCADO. <\/span>El pescado con una salsa de pollo al ajillo (como el que hac\u00eda <a href=\"https:\/\/blogs.lasprovincias.es\/historiascondelantal\/2018\/05\/21\/raul-aleixandre-a-en-bogabar-los-huevos-de-mati-y-manolo-y-la-tapa-de-alejandro-platero\/\">su madre<\/a>). Una de las osad\u00edas de la propuesta. De esas que me hace pensar que eso es lo que me gustar\u00eda verle a\u00fan m\u00e1s a Manuel: osad\u00eda, atrevimiento, personalidad. Es lo que marca la diferencia.<\/p>\n<p style=\"text-align: center;\"><a href=\"https:\/\/static-blogs.lasprovincias.es\/wp-content\/uploads\/sites\/18\/2018\/05\/IMG_9505.jpg\"><img loading=\"lazy\" class=\"alignnone size-large wp-image-16219\" src=\"https:\/\/static-blogs.lasprovincias.es\/wp-content\/uploads\/sites\/18\/2018\/05\/IMG_9505-1024x683.jpg\" alt=\"img_9505\" width=\"1024\" height=\"683\" srcset=\"https:\/\/static-blogs.lasprovincias.es\/wp-content\/uploads\/sites\/18\/2018\/05\/IMG_9505.jpg 1024w, https:\/\/static-blogs.lasprovincias.es\/wp-content\/uploads\/sites\/18\/2018\/05\/IMG_9505-300x200.jpg 300w, https:\/\/static-blogs.lasprovincias.es\/wp-content\/uploads\/sites\/18\/2018\/05\/IMG_9505-768x512.jpg 768w\" sizes=\"(max-width: 1024px) 100vw, 1024px\" \/><\/a><\/p>\n<p>&nbsp;<\/p>\n<hr \/>\n<p>&nbsp;<\/p>\n<p><span style=\"color: #c4ac82;\">COCINA<\/span>. Manuel siempre transmite. Su cocina es el espejo de su personalidad. Hay producto, sensibilidad y creatividad<\/p>\n<p><span style=\"color: #c4ac82;\">SALA.<\/span> El fuerte es la simpat\u00eda y su cercan\u00eda. Te hacen sentir en casa. Una pizca de seguridad m\u00e1s y listo. Gracias Lourdes.<\/p>\n<p><span style=\"color: #c4ac82;\">BODEGA.<\/span> M\u00e1s de 500 referencias son un buen aval. Hay que sacar el br\u00edo que tiene a bailar. Que el maridaje gane protagonismo.<\/p>\n<p><span style=\"color: #c4ac82;\">DIRECCI\u00d3N<\/span>. Casa Manolo est\u00e1 en el Paseo de Daim\u00fas, 5. Casi tocando con las manos la espuma del mar. Tel\u00e9fono: 962 818 568<\/p>\n<p><span style=\"color: #c4ac82;\">CARTA. <\/span>Cuenta con una carta muy flexible pero siempre es recomendable su men\u00fa degustaci\u00f3n, de unos 90 euros.<\/p>\n<p style=\"text-align: center;\"><strong><span style=\"color: #c4ac82;\">LAS CINCO ESTRELLAS<\/span><\/strong><\/p>\n<p><span style=\"color: #ffcc00;\">SOBRESALIENTE.<\/span> <strong>La hoja de ruta de Manuel Alonso sigue su camino con paso firme. S\u00f3lo hay que evoluci\u00f3n.<\/strong><\/p>\n<hr \/>\n<p style=\"text-align: center;\"><span style=\"color: #ab1010;\">Y EN LA REC\u00c1MARA&#8230;<\/span><\/p>\n<p style=\"text-align: center;\"><span style=\"color: #c4ac82;\">(1.Entorno)<\/span><\/p>\n<p style=\"text-align: center;\"><a href=\"https:\/\/static-blogs.lasprovincias.es\/wp-content\/uploads\/sites\/18\/2018\/05\/IMG_5051.jpg\"><img loading=\"lazy\" class=\"alignnone size-large wp-image-16222\" src=\"https:\/\/static-blogs.lasprovincias.es\/wp-content\/uploads\/sites\/18\/2018\/05\/IMG_5051-1024x683.jpg\" alt=\"img_5051\" width=\"1024\" height=\"683\" srcset=\"https:\/\/static-blogs.lasprovincias.es\/wp-content\/uploads\/sites\/18\/2018\/05\/IMG_5051.jpg 1024w, https:\/\/static-blogs.lasprovincias.es\/wp-content\/uploads\/sites\/18\/2018\/05\/IMG_5051-300x200.jpg 300w, https:\/\/static-blogs.lasprovincias.es\/wp-content\/uploads\/sites\/18\/2018\/05\/IMG_5051-768x512.jpg 768w\" sizes=\"(max-width: 1024px) 100vw, 1024px\" \/><\/a><\/p>\n<p style=\"text-align: center;\"><span style=\"color: #c4ac82;\">(2. Luz)<\/span><\/p>\n<p style=\"text-align: center;\"><a href=\"https:\/\/static-blogs.lasprovincias.es\/wp-content\/uploads\/sites\/18\/2018\/05\/IMG_9354.jpg\"><img loading=\"lazy\" class=\"alignnone size-large wp-image-16183\" src=\"https:\/\/static-blogs.lasprovincias.es\/wp-content\/uploads\/sites\/18\/2018\/05\/IMG_9354-1024x683.jpg\" alt=\"img_9354\" width=\"1024\" height=\"683\" srcset=\"https:\/\/static-blogs.lasprovincias.es\/wp-content\/uploads\/sites\/18\/2018\/05\/IMG_9354.jpg 1024w, https:\/\/static-blogs.lasprovincias.es\/wp-content\/uploads\/sites\/18\/2018\/05\/IMG_9354-300x200.jpg 300w, https:\/\/static-blogs.lasprovincias.es\/wp-content\/uploads\/sites\/18\/2018\/05\/IMG_9354-768x512.jpg 768w\" sizes=\"(max-width: 1024px) 100vw, 1024px\" \/><\/a><\/p>\n<p style=\"text-align: center;\"><span style=\"color: #c4ac82;\">(3. Equipo)<\/span><\/p>\n<p style=\"text-align: center;\"><a href=\"https:\/\/static-blogs.lasprovincias.es\/wp-content\/uploads\/sites\/18\/2018\/05\/IMG_9346.jpg\"><img loading=\"lazy\" class=\"alignnone size-large wp-image-16230\" src=\"https:\/\/static-blogs.lasprovincias.es\/wp-content\/uploads\/sites\/18\/2018\/05\/IMG_9346-1024x683.jpg\" alt=\"img_9346\" width=\"1024\" height=\"683\" srcset=\"https:\/\/static-blogs.lasprovincias.es\/wp-content\/uploads\/sites\/18\/2018\/05\/IMG_9346.jpg 1024w, https:\/\/static-blogs.lasprovincias.es\/wp-content\/uploads\/sites\/18\/2018\/05\/IMG_9346-300x200.jpg 300w, https:\/\/static-blogs.lasprovincias.es\/wp-content\/uploads\/sites\/18\/2018\/05\/IMG_9346-768x512.jpg 768w\" sizes=\"(max-width: 1024px) 100vw, 1024px\" \/><\/a><\/p>\n<p style=\"text-align: center;\"><span style=\"color: #c4ac82;\">(4.Honestidad)<\/span><\/p>\n<p style=\"text-align: center;\"><a href=\"https:\/\/static-blogs.lasprovincias.es\/wp-content\/uploads\/sites\/18\/2018\/05\/IMG_9582.jpg\"><img loading=\"lazy\" class=\"alignnone size-large wp-image-16221\" src=\"https:\/\/static-blogs.lasprovincias.es\/wp-content\/uploads\/sites\/18\/2018\/05\/IMG_9582-1024x683.jpg\" alt=\"img_9582\" width=\"1024\" height=\"683\" srcset=\"https:\/\/static-blogs.lasprovincias.es\/wp-content\/uploads\/sites\/18\/2018\/05\/IMG_9582.jpg 1024w, https:\/\/static-blogs.lasprovincias.es\/wp-content\/uploads\/sites\/18\/2018\/05\/IMG_9582-300x200.jpg 300w, https:\/\/static-blogs.lasprovincias.es\/wp-content\/uploads\/sites\/18\/2018\/05\/IMG_9582-768x512.jpg 768w\" sizes=\"(max-width: 1024px) 100vw, 1024px\" \/><\/a><\/p>\n<hr \/>\n<p style=\"text-align: center;\"><span style=\"color: #ff9900;\">Y un juego para acabar&#8230;<\/span><\/p>\n<h3 style=\"text-align: center;\">\u00bfCu\u00e1l de estos seis platos no es de Manuel Alonso?<\/h3>\n<p>&nbsp;<\/p>\n\n\t\t<style type=\"text\/css\">\n\t\t\t#gallery-1 {\n\t\t\t\tmargin: auto;\n\t\t\t}\n\t\t\t#gallery-1 .gallery-item {\n\t\t\t\tfloat: left;\n\t\t\t\tmargin-top: 10px;\n\t\t\t\ttext-align: center;\n\t\t\t\twidth: 33%;\n\t\t\t}\n\t\t\t#gallery-1 img {\n\t\t\t\tborder: 2px solid #cfcfcf;\n\t\t\t}\n\t\t\t#gallery-1 .gallery-caption {\n\t\t\t\tmargin-left: 0;\n\t\t\t}\n\t\t\t\/* see gallery_shortcode() in wp-includes\/media.php *\/\n\t\t<\/style>\n\t\t<div id='gallery-1' class='gallery galleryid-16174 gallery-columns-3 gallery-size-thumbnail'><dl class='gallery-item'>\n\t\t\t<dt class='gallery-icon landscape'>\n\t\t\t\t<a href=\"https:\/\/blogs.lasprovincias.es\/historiascondelantal\/2018\/05\/24\/lo-mejor-del-menu-de-casa-manolo\/img_9368\/\"><img width=\"150\" height=\"150\" src=\"https:\/\/static-blogs.lasprovincias.es\/wp-content\/uploads\/sites\/18\/2018\/05\/IMG_9368-150x150.jpg\" class=\"attachment-thumbnail size-thumbnail\" alt=\"\" loading=\"lazy\" aria-describedby=\"gallery-1-16240\" \/><\/a>\n\t\t\t<\/dt>\n\t\t\t\t<dd class='wp-caption-text gallery-caption' id='gallery-1-16240'>\n\t\t\t\t1\n\t\t\t\t<\/dd><\/dl><dl class='gallery-item'>\n\t\t\t<dt class='gallery-icon landscape'>\n\t\t\t\t<a href=\"https:\/\/blogs.lasprovincias.es\/historiascondelantal\/2018\/05\/24\/lo-mejor-del-menu-de-casa-manolo\/img_9380\/\"><img width=\"150\" height=\"150\" src=\"https:\/\/static-blogs.lasprovincias.es\/wp-content\/uploads\/sites\/18\/2018\/05\/IMG_9380-150x150.jpg\" class=\"attachment-thumbnail size-thumbnail\" alt=\"\" loading=\"lazy\" aria-describedby=\"gallery-1-16241\" \/><\/a>\n\t\t\t<\/dt>\n\t\t\t\t<dd class='wp-caption-text gallery-caption' id='gallery-1-16241'>\n\t\t\t\t2\n\t\t\t\t<\/dd><\/dl><dl class='gallery-item'>\n\t\t\t<dt class='gallery-icon landscape'>\n\t\t\t\t<a href=\"https:\/\/blogs.lasprovincias.es\/historiascondelantal\/2018\/04\/21\/lo-mejor-del-menu-de-bonamb\/dav-475\/\"><img width=\"150\" height=\"150\" src=\"https:\/\/static-blogs.lasprovincias.es\/wp-content\/uploads\/sites\/18\/2018\/04\/IMG_20180329_141230-150x150.jpg\" class=\"attachment-thumbnail size-thumbnail\" alt=\"\" loading=\"lazy\" aria-describedby=\"gallery-1-15761\" \/><\/a>\n\t\t\t<\/dt>\n\t\t\t\t<dd class='wp-caption-text gallery-caption' id='gallery-1-15761'>\n\t\t\t\t3\n\t\t\t\t<\/dd><\/dl><br style=\"clear: both\" \/><dl class='gallery-item'>\n\t\t\t<dt class='gallery-icon landscape'>\n\t\t\t\t<a href=\"https:\/\/blogs.lasprovincias.es\/historiascondelantal\/2018\/05\/24\/lo-mejor-del-menu-de-casa-manolo\/img_9443\/\"><img width=\"150\" height=\"150\" src=\"https:\/\/static-blogs.lasprovincias.es\/wp-content\/uploads\/sites\/18\/2018\/05\/IMG_9443-150x150.jpg\" class=\"attachment-thumbnail size-thumbnail\" alt=\"\" loading=\"lazy\" aria-describedby=\"gallery-1-16242\" \/><\/a>\n\t\t\t<\/dt>\n\t\t\t\t<dd class='wp-caption-text gallery-caption' id='gallery-1-16242'>\n\t\t\t\t4\n\t\t\t\t<\/dd><\/dl><dl class='gallery-item'>\n\t\t\t<dt class='gallery-icon landscape'>\n\t\t\t\t<a href=\"https:\/\/blogs.lasprovincias.es\/historiascondelantal\/2018\/05\/24\/lo-mejor-del-menu-de-casa-manolo\/img_9529\/\"><img width=\"150\" height=\"150\" src=\"https:\/\/static-blogs.lasprovincias.es\/wp-content\/uploads\/sites\/18\/2018\/05\/IMG_9529-150x150.jpg\" class=\"attachment-thumbnail size-thumbnail\" alt=\"\" loading=\"lazy\" aria-describedby=\"gallery-1-16248\" \/><\/a>\n\t\t\t<\/dt>\n\t\t\t\t<dd class='wp-caption-text gallery-caption' id='gallery-1-16248'>\n\t\t\t\t5\n\t\t\t\t<\/dd><\/dl><dl class='gallery-item'>\n\t\t\t<dt class='gallery-icon landscape'>\n\t\t\t\t<a href=\"https:\/\/blogs.lasprovincias.es\/historiascondelantal\/2018\/05\/24\/lo-mejor-del-menu-de-casa-manolo\/img_9564-2\/\"><img width=\"150\" height=\"150\" src=\"https:\/\/static-blogs.lasprovincias.es\/wp-content\/uploads\/sites\/18\/2018\/05\/IMG_9564-150x150.jpg\" class=\"attachment-thumbnail size-thumbnail\" alt=\"\" loading=\"lazy\" aria-describedby=\"gallery-1-16249\" \/><\/a>\n\t\t\t<\/dt>\n\t\t\t\t<dd class='wp-caption-text gallery-caption' id='gallery-1-16249'>\n\t\t\t\t6\n\t\t\t\t<\/dd><\/dl><br style=\"clear: both\" \/>\n\t\t<\/div>\n\n<!-- AddThis Advanced Settings generic via filter on the_content --><!-- AddThis Share Buttons generic via filter on the_content -->","protected":false},"excerpt":{"rendered":"<p>Su restaurante es una c\u00e1psula de felicidad. El cocinero de Daim\u00fas y su equipo logran seducir con platos \u2013elegantes, delicados y reflexionados\u2013 que son caricias al comensal. Hay sensibilidad, territorio \u2013con los c\u00edtricos y el mar ganando protagonismo\u2013, calidad y mucha honestidad. Alonso ya est\u00e1 listo: su primera estrella Michelin comienza a quedarse corta. Su [&hellip;]<!-- AddThis Advanced Settings generic via filter on get_the_excerpt --><!-- AddThis Share Buttons generic via filter on get_the_excerpt --><\/p>\n","protected":false},"author":23,"featured_media":16243,"comment_status":"open","ping_status":"open","sticky":false,"template":"","format":"standard","meta":[],"categories":[3,4,5,1],"tags":[211,308,1521,672],"_links":{"self":[{"href":"https:\/\/blogs.lasprovincias.es\/historiascondelantal\/wp-json\/wp\/v2\/posts\/16174"}],"collection":[{"href":"https:\/\/blogs.lasprovincias.es\/historiascondelantal\/wp-json\/wp\/v2\/posts"}],"about":[{"href":"https:\/\/blogs.lasprovincias.es\/historiascondelantal\/wp-json\/wp\/v2\/types\/post"}],"author":[{"embeddable":true,"href":"https:\/\/blogs.lasprovincias.es\/historiascondelantal\/wp-json\/wp\/v2\/users\/23"}],"replies":[{"embeddable":true,"href":"https:\/\/blogs.lasprovincias.es\/historiascondelantal\/wp-json\/wp\/v2\/comments?post=16174"}],"version-history":[{"count":32,"href":"https:\/\/blogs.lasprovincias.es\/historiascondelantal\/wp-json\/wp\/v2\/posts\/16174\/revisions"}],"predecessor-version":[{"id":16265,"href":"https:\/\/blogs.lasprovincias.es\/historiascondelantal\/wp-json\/wp\/v2\/posts\/16174\/revisions\/16265"}],"wp:featuredmedia":[{"embeddable":true,"href":"https:\/\/blogs.lasprovincias.es\/historiascondelantal\/wp-json\/wp\/v2\/media\/16243"}],"wp:attachment":[{"href":"https:\/\/blogs.lasprovincias.es\/historiascondelantal\/wp-json\/wp\/v2\/media?parent=16174"}],"wp:term":[{"taxonomy":"category","embeddable":true,"href":"https:\/\/blogs.lasprovincias.es\/historiascondelantal\/wp-json\/wp\/v2\/categories?post=16174"},{"taxonomy":"post_tag","embeddable":true,"href":"https:\/\/blogs.lasprovincias.es\/historiascondelantal\/wp-json\/wp\/v2\/tags?post=16174"}],"curies":[{"name":"wp","href":"https:\/\/api.w.org\/{rel}","templated":true}]}}