{"id":16662,"date":"2018-06-16T08:50:41","date_gmt":"2018-06-16T06:50:41","guid":{"rendered":"http:\/\/blogs.lasprovincias.es\/historiascondelantal\/?p=16662"},"modified":"2018-06-16T08:53:53","modified_gmt":"2018-06-16T06:53:53","slug":"los-ajos-de-francisca-las-lagrimas-del-sumiller-y-las-verdades-de-aduriz","status":"publish","type":"post","link":"https:\/\/blogs.lasprovincias.es\/historiascondelantal\/2018\/06\/16\/los-ajos-de-francisca-las-lagrimas-del-sumiller-y-las-verdades-de-aduriz\/","title":{"rendered":"Los ajos de Francisca, las l\u00e1grimas del sumiller y las verdades de Aduriz"},"content":{"rendered":"<p>&#8220;Cuenta una buena historia sobre nosotros&#8221;, me dijo Paco Robles. Pensando en eso, me sent\u00e9 sobre la mesa de mi refugio de los pensamientos. Part\u00ed mi pecho con mis l\u00e1pices afilados de imaginaci\u00f3n, rebusqu\u00e9 en mis interiores y saqu\u00e9 el coraz\u00f3n. Y dije, &#8220;vamos&#8221;. &#8220;A la m\u00eda&#8221;, sentenci\u00e9. Y pens\u00e9 en <span style=\"color: #ab1010;\">Tomasito<\/span> cantando aquello de <span style=\"color: #e0b080;\">&#8220;quiero ser libre y vivir a mi manera&#8221;<\/span>. <strong>Y de ese instante naci\u00f3 esta historia sobre Francisca pelando ajos, sobre las l\u00e1grimas del sumiller que da de beber a las sirenas, sobre Paco, sobre Pepe y sus espetos, sobre los camareros que me hablan con su mirada del barrio de M\u00e1laga donde trabajan. Un panal de miel, el \u00faltimo de la\u00a0levant\u00e1 y el sol besando al mar. Una historia de historias descosidas y descontroladas. Que son todo y a la vez son nada.<\/strong> Como dec\u00eda <span style=\"color: #ab1010;\">Jos\u00e9 Hierro<\/span>, en su poema Vida.<\/p>\n<blockquote>\n<p style=\"text-align: left;\"><span style=\"color: #e0b080;\"><strong>Grito \u00ab\u00a1Todo!\u00bb, y el eco dice \u00ab\u00a1Nada!\u00bb. <\/strong><\/span><br \/>\n<span style=\"color: #e0b080;\"><strong>Grito \u00ab\u00a1Nada!\u00bb, y el eco dice \u00ab\u00a1Todo!\u00bb. <\/strong><\/span><br \/>\n<span style=\"color: #e0b080;\"><strong>Ahora s\u00e9 que la nada lo era todo, <\/strong><\/span><br \/>\n<span style=\"color: #e0b080;\"><strong>y todo era ceniza de la nada.<\/strong><\/span><\/p>\n<p style=\"text-align: left;\">\n<\/blockquote>\n<p style=\"text-align: left;\"><a href=\"https:\/\/static-blogs.lasprovincias.es\/wp-content\/uploads\/sites\/18\/2018\/06\/1529125514302.jpeg\"><img loading=\"lazy\" class=\"alignnone size-large wp-image-16689\" src=\"https:\/\/static-blogs.lasprovincias.es\/wp-content\/uploads\/sites\/18\/2018\/06\/1529125514302-1024x1024.jpeg\" alt=\"1529125514302\" width=\"1024\" height=\"1024\" srcset=\"https:\/\/static-blogs.lasprovincias.es\/wp-content\/uploads\/sites\/18\/2018\/06\/1529125514302-1024x1024.jpeg 1024w, https:\/\/static-blogs.lasprovincias.es\/wp-content\/uploads\/sites\/18\/2018\/06\/1529125514302-150x150.jpeg 150w, https:\/\/static-blogs.lasprovincias.es\/wp-content\/uploads\/sites\/18\/2018\/06\/1529125514302-300x300.jpeg 300w, https:\/\/static-blogs.lasprovincias.es\/wp-content\/uploads\/sites\/18\/2018\/06\/1529125514302-768x768.jpeg 768w\" sizes=\"(max-width: 1024px) 100vw, 1024px\" \/><\/a><\/p>\n<h3 style=\"text-align: right;\"><\/h3>\n<h3 style=\"text-align: right;\"><\/h3>\n<blockquote>\n<h3 style=\"text-align: left;\"><span style=\"color: #e0b080;\">M\u00c1LAGA.<\/span> Junio de 2018<\/h3>\n<p>La <strong>Academia Andaluza de Gastronom\u00eda<\/strong> saca pecho<\/p><\/blockquote>\n<hr \/>\n<p>&nbsp;<\/p>\n<p style=\"text-align: left;\">El d\u00eda del adi\u00f3s escuch\u00e9 decir:<\/p>\n<blockquote>\n<p style=\"text-align: left;\"><span style=\"color: #deba97;\"><strong>&#8220;<em>Yo que soy muy simple, siempre me ha gustado dividir el mundo en bloques. En el mundo hay gente que tiene sue\u00f1os y, por otro lado, est\u00e1 la gente que se dedica a estropear los sue\u00f1os de los dem\u00e1s. En el mundo hay gente que te hace sentir grande, y luego hay quien te hace sentir peque\u00f1o. Y en el mundo hay gente que te pone todos los problemas (posibles) y hay gente facilitadora<\/em>&#8220;.<\/strong><\/span><\/p>\n<\/blockquote>\n<p>Lo dijo, sobre el escenario del imponente jard\u00edn bot\u00e1nico de M\u00e1laga, Luis Andoni Aduriz. Justo cuando la Academia Andaluza de Gastronom\u00eda entregaba sus premios de este a\u00f1o. All\u00ed, les pidi\u00f3 a los acad\u00e9micos, pero al tiempo a todos aquellos que tienen opciones de decidir, que fueran facilitadores.<\/p>\n<blockquote><p><span style=\"color: #deba97;\"><strong><em>&#8220;Lo que yo siempre me llevo es el esp\u00edritu de la gente; lo que no olvidar\u00e9 nunca es c\u00f3mo me hac\u00e9is sentir al llegar a esta tierra y c\u00f3mo se gana de esta manera un embajador&#8221;. <\/em><\/strong><\/span><\/p><\/blockquote>\n<p>El reci\u00e9n galardonado con el premio nacional de Gastronom\u00eda clam\u00f3 porque se pusiera en valor y se cuidaran <strong><span style=\"color: #ab1010;\">&#8220;las personas&#8221;<\/span>.<\/strong> Y de eso va esta historia. M\u00e1s all\u00e1 de platos y bocados, de ingredientes y de mesas, esto va de <strong><span style=\"color: #ab1010;\">rostros<\/span><\/strong>. Un viaje trepidante entre almas que te atrapan. Historias que te son tan cercanas que te hacen formar parte de ellas. Que te hacen ser persona entre personas.<\/p>\n<p>&nbsp;<\/p>\n<p><a href=\"https:\/\/static-blogs.lasprovincias.es\/wp-content\/uploads\/sites\/18\/2018\/06\/Espetos2.jpg\"><img loading=\"lazy\" class=\"alignnone size-large wp-image-16686\" src=\"https:\/\/static-blogs.lasprovincias.es\/wp-content\/uploads\/sites\/18\/2018\/06\/Espetos2-1024x683.jpg\" alt=\"espetos2\" width=\"1024\" height=\"683\" srcset=\"https:\/\/static-blogs.lasprovincias.es\/wp-content\/uploads\/sites\/18\/2018\/06\/Espetos2-1024x683.jpg 1024w, https:\/\/static-blogs.lasprovincias.es\/wp-content\/uploads\/sites\/18\/2018\/06\/Espetos2-300x200.jpg 300w, https:\/\/static-blogs.lasprovincias.es\/wp-content\/uploads\/sites\/18\/2018\/06\/Espetos2-768x512.jpg 768w, https:\/\/static-blogs.lasprovincias.es\/wp-content\/uploads\/sites\/18\/2018\/06\/Espetos2.jpg 1200w\" sizes=\"(max-width: 1024px) 100vw, 1024px\" \/><\/a><\/p>\n<p>&nbsp;<\/p>\n<h3 style=\"text-align: center;\"><span style=\"color: #deba97;\"><strong>I. FRANCISCA ENTRE AJOS<\/strong><\/span><\/h3>\n<p><span style=\"color: #ab1010;\"><strong>Venta Galwey.<\/strong> <\/span>Est\u00e1 a 19 kil\u00f3metros de M\u00e1laga tras un considerable ascenso, digno de aguerrida carrera de ciclistas. En la venta, los que realicen la serpenteante traves\u00eda, recibir\u00e1n su premio. <strong>Hay en su carta cocina aut\u00e9ntica. Sin miramientos.<\/strong> Un gustoso lomo con manteca color\u00e1, impecables pimientos verdes, sus majestuosas migas&#8230; &#8220;Hay que ponerse de todo un poco y mezclar&#8221;, me advirti\u00f3 Antonio, que andaba con una bandeja de huevos fritos reci\u00e9n hechos, que serv\u00edan de guinda. &#8220;El huevo, un poco de chorizo, una rodaja de naranja&#8230; y listo&#8221;, me dije siguiendo a pies juntillas la recomendaci\u00f3n del jefe -su gente le llama as\u00ed- de la Venta.<\/p>\n<p><a href=\"https:\/\/static-blogs.lasprovincias.es\/wp-content\/uploads\/sites\/18\/2018\/06\/PLATO.jpg\"><img loading=\"lazy\" class=\"size-large wp-image-16665\" src=\"https:\/\/static-blogs.lasprovincias.es\/wp-content\/uploads\/sites\/18\/2018\/06\/PLATO-1024x843.jpg\" alt=\"dav\" width=\"1024\" height=\"843\" srcset=\"https:\/\/static-blogs.lasprovincias.es\/wp-content\/uploads\/sites\/18\/2018\/06\/PLATO-1024x843.jpg 1024w, https:\/\/static-blogs.lasprovincias.es\/wp-content\/uploads\/sites\/18\/2018\/06\/PLATO-300x247.jpg 300w, https:\/\/static-blogs.lasprovincias.es\/wp-content\/uploads\/sites\/18\/2018\/06\/PLATO-768x632.jpg 768w, https:\/\/static-blogs.lasprovincias.es\/wp-content\/uploads\/sites\/18\/2018\/06\/PLATO.jpg 1200w\" sizes=\"(max-width: 1024px) 100vw, 1024px\" \/><\/a><\/p>\n<p>Antonio Monta\u00f1ez habla con pasi\u00f3n de su local. Y de la vida que all\u00ed se esconde. <span style=\"color: #333333;\"><strong>&#8220;Ahora os voy a dar a probar la miel&#8221;, me dijo.<\/strong> <\/span>Era el postre final a la contundente comida, esa que era una radiograf\u00eda de los montes malague\u00f1os. Y s\u00ed, era miel. Pero miel que todav\u00eda rebosaba del propio panal. Y la prob\u00e9. Y la chup\u00e9. Y la masqu\u00e9 hasta convertir aquel bocado en trozos de cera, cera de abeja que me fue emocionando.<\/p>\n<p><a href=\"https:\/\/static-blogs.lasprovincias.es\/wp-content\/uploads\/sites\/18\/2018\/06\/IMG_0801.jpg\"><img loading=\"lazy\" class=\"alignnone size-large wp-image-16668\" src=\"https:\/\/static-blogs.lasprovincias.es\/wp-content\/uploads\/sites\/18\/2018\/06\/IMG_0801-1024x683.jpg\" alt=\"img_0801\" width=\"1024\" height=\"683\" srcset=\"https:\/\/static-blogs.lasprovincias.es\/wp-content\/uploads\/sites\/18\/2018\/06\/IMG_0801-1024x683.jpg 1024w, https:\/\/static-blogs.lasprovincias.es\/wp-content\/uploads\/sites\/18\/2018\/06\/IMG_0801-300x200.jpg 300w, https:\/\/static-blogs.lasprovincias.es\/wp-content\/uploads\/sites\/18\/2018\/06\/IMG_0801-768x512.jpg 768w, https:\/\/static-blogs.lasprovincias.es\/wp-content\/uploads\/sites\/18\/2018\/06\/IMG_0801.jpg 1200w\" sizes=\"(max-width: 1024px) 100vw, 1024px\" \/><\/a><\/p>\n<p>Aquel instante me traslad\u00f3 hasta la colmena, me sent\u00ed cerca de las abejas, sent\u00ed el campo que le rodea. Vi a trav\u00e9s de ella, el paisaje de la serran\u00eda. Los barrancos con sus olivos, sus carracas, los almendros&#8230; la vida en vivo. Y sent\u00ed, yo siempre anclado en mi locura, la necesidad de chapurrear aquella canci\u00f3n de <strong>Quint\u00edn Cabrera<\/strong>:<\/p>\n<blockquote><p><em><span style=\"color: #deba97;\"><strong>&#8220;Cualquier d\u00eda de estos Ferr\u00e1n; sin preparar las maletas; montados en una abeja, nos vamos a nuestra tierra&#8230;&#8221;.<\/strong><\/span><\/em><\/p><\/blockquote>\n<p><strong>&#8220;Tenemos 200 colmenas distribuidas por el campo, con doce panales cada una&#8221;, me dijo Antonio,<\/strong> que apresurado sac\u00f3 del congelador un bote con polen congelado. Prueba. Y lo hice. Y me sent\u00ed, sencillamente, halagado. Como si te estuvieran regalando un tesoro y as\u00ed lo recibieras. Era una fiesta de autenticidad. Quiz\u00e1 eso que tanto echamos de menos en la traves\u00eda&#8230;<\/p>\n<p><a href=\"https:\/\/static-blogs.lasprovincias.es\/wp-content\/uploads\/sites\/18\/2018\/06\/antonio.jpg\"><img loading=\"lazy\" class=\"size-large wp-image-16671\" src=\"https:\/\/static-blogs.lasprovincias.es\/wp-content\/uploads\/sites\/18\/2018\/06\/antonio-1024x767.jpg\" alt=\"dav\" width=\"1024\" height=\"767\" srcset=\"https:\/\/static-blogs.lasprovincias.es\/wp-content\/uploads\/sites\/18\/2018\/06\/antonio-1024x767.jpg 1024w, https:\/\/static-blogs.lasprovincias.es\/wp-content\/uploads\/sites\/18\/2018\/06\/antonio-300x225.jpg 300w, https:\/\/static-blogs.lasprovincias.es\/wp-content\/uploads\/sites\/18\/2018\/06\/antonio-768x575.jpg 768w, https:\/\/static-blogs.lasprovincias.es\/wp-content\/uploads\/sites\/18\/2018\/06\/antonio.jpg 1200w\" sizes=\"(max-width: 1024px) 100vw, 1024px\" \/><\/a><\/p>\n<p>En la cocina, las migas en una enorme cazuela. Junto a ellas, en otro cazo, <strong>un guiso estratosf\u00e9rico de carne de venado<\/strong> (elaborada con una m\u00e1s que exquisita salsa de almendras) dispuesta para ser probada. Por la venta, en las paredes, una hermosa colecci\u00f3n de viejas radios -que envidia- <strong>y en una mesa, junto a una venta, al sol, la madre de Antonio.<\/strong> Creo que me dijo que se llamaba Francisca. Aunque ella era m\u00e1s de ir a la suya, de trabajar y de no hablar. Pelaba ajos. Uno detr\u00e1s de otro. Con sus manos y un peque\u00f1o cuchillo. A su ritmo. Viendo pasar la vida. Como quien la acaricia serena. <span style=\"color: #ab1010;\"><strong>Antonio, Francisca,<\/strong><\/span> sus gentes. <strong><span style=\"color: #ab1010;\">Rostros. Personas.<\/span><\/strong><\/p>\n<p><a href=\"https:\/\/static-blogs.lasprovincias.es\/wp-content\/uploads\/sites\/18\/2018\/06\/francisca.jpg\"><img loading=\"lazy\" class=\"alignnone size-large wp-image-16670\" src=\"https:\/\/static-blogs.lasprovincias.es\/wp-content\/uploads\/sites\/18\/2018\/06\/francisca-1024x683.jpg\" alt=\"francisca\" width=\"1024\" height=\"683\" srcset=\"https:\/\/static-blogs.lasprovincias.es\/wp-content\/uploads\/sites\/18\/2018\/06\/francisca-1024x683.jpg 1024w, https:\/\/static-blogs.lasprovincias.es\/wp-content\/uploads\/sites\/18\/2018\/06\/francisca-300x200.jpg 300w, https:\/\/static-blogs.lasprovincias.es\/wp-content\/uploads\/sites\/18\/2018\/06\/francisca-768x512.jpg 768w, https:\/\/static-blogs.lasprovincias.es\/wp-content\/uploads\/sites\/18\/2018\/06\/francisca.jpg 1200w\" sizes=\"(max-width: 1024px) 100vw, 1024px\" \/><\/a><\/p>\n<h3 style=\"text-align: center;\"><\/h3>\n<h3 style=\"text-align: center;\"><span style=\"color: #deba97;\"><strong>II. BOQUERONES CON PACO<\/strong><\/span><\/h3>\n<p><span style=\"color: #ab1010;\"><strong>Noray II.<\/strong> <\/span>Esa misma tarde, la buena gente de la Academia nos cit\u00f3 en un local con regusto a taberna de toda la vida. De esos de los que uno no saldr\u00eda de all\u00ed porque, no lo dudes, a pie de mesa o de barra, uno siempre encontrar\u00e1 motivos para ser feliz. Es, de nuevo, el irresistible encanto de la autenticidad.<\/p>\n<p><a href=\"https:\/\/static-blogs.lasprovincias.es\/wp-content\/uploads\/sites\/18\/2018\/06\/paco-dos.jpg\"><img loading=\"lazy\" class=\"size-large wp-image-16674\" src=\"https:\/\/static-blogs.lasprovincias.es\/wp-content\/uploads\/sites\/18\/2018\/06\/paco-dos-1024x767.jpg\" alt=\"dav\" width=\"1024\" height=\"767\" srcset=\"https:\/\/static-blogs.lasprovincias.es\/wp-content\/uploads\/sites\/18\/2018\/06\/paco-dos-1024x767.jpg 1024w, https:\/\/static-blogs.lasprovincias.es\/wp-content\/uploads\/sites\/18\/2018\/06\/paco-dos-300x225.jpg 300w, https:\/\/static-blogs.lasprovincias.es\/wp-content\/uploads\/sites\/18\/2018\/06\/paco-dos-768x575.jpg 768w, https:\/\/static-blogs.lasprovincias.es\/wp-content\/uploads\/sites\/18\/2018\/06\/paco-dos.jpg 1200w\" sizes=\"(max-width: 1024px) 100vw, 1024px\" \/><\/a><\/p>\n<p>&#8220;Paco, me llaman Paco Robles. Aunque la gente me conoce como Paco Noray&#8221;, me asegur\u00f3 el due\u00f1o del local al otro lado de la barra. S\u00f3lo verle, moverse, vivirlo, contarte, ya supe que estaba ante una de esas personas a las que su profesi\u00f3n corre\u00a0por las venas. \u00a0Mejor dicho, <strong>su profesi\u00f3n es su vida. No en vano, Paco junto a su hermano Miguel se cri\u00f3 en el criadero de marisco de su padre.<\/strong> Que a la vez cogi\u00f3 el testigo de acariciar el mar y sus frutos del suyo. As\u00ed empez\u00f3 todo:<\/p>\n<blockquote><p><em><strong><span style=\"color: #deba97;\">&#8220;El negocio del marisco lo inici\u00f3 en los a\u00f1os 40 el padre de Miguel: el abuelo Juan Robles, que era cenachero y vend\u00eda las caracolas a gorda (10 c\u00e9ntimos de peseta) en frente del Hotel M\u00e1laga Palacio&#8221;.<\/span><\/strong><\/em><\/p>\n<p><a href=\"https:\/\/static-blogs.lasprovincias.es\/wp-content\/uploads\/sites\/18\/2018\/06\/paco-noray.jpg\"><img loading=\"lazy\" class=\"size-large wp-image-16672\" src=\"https:\/\/static-blogs.lasprovincias.es\/wp-content\/uploads\/sites\/18\/2018\/06\/paco-noray-1024x767.jpg\" alt=\"dav\" width=\"1024\" height=\"767\" srcset=\"https:\/\/static-blogs.lasprovincias.es\/wp-content\/uploads\/sites\/18\/2018\/06\/paco-noray-1024x767.jpg 1024w, https:\/\/static-blogs.lasprovincias.es\/wp-content\/uploads\/sites\/18\/2018\/06\/paco-noray-300x225.jpg 300w, https:\/\/static-blogs.lasprovincias.es\/wp-content\/uploads\/sites\/18\/2018\/06\/paco-noray-768x575.jpg 768w, https:\/\/static-blogs.lasprovincias.es\/wp-content\/uploads\/sites\/18\/2018\/06\/paco-noray.jpg 1200w\" sizes=\"(max-width: 1024px) 100vw, 1024px\" \/><\/a><\/p><\/blockquote>\n<p>&#8220;Somos ya cuatro generaciones de marisqueros&#8221;, me confiesa. Cocedores de marisco. Se nota. Su estante es como un viaje a la gloria del mar. \u00a0&#8220;D\u00e9jame probar un bolo&#8221;, le ped\u00ed. Me lo abri\u00f3, lo sabore\u00e9 y buce\u00e9 por espuma marina. Por el oc\u00e9ano refinado, casi elegante. Sabor domesticado. En realidad, en Noray no paras de chapotear: con sus salmonetes, con su quisquilla, con su magistral ensaladilla&#8230;\u00a1los boquerones! \u00a0<strong>Paco te sonr\u00ede feliz al ver que te hace feliz a ti.<\/strong> Su cara resplandece de satisfacci\u00f3n. Es de esa buena gente de M\u00e1laga que, si la conoces, te aporta. Porque tiene historia. Vida. Esa de la que no paramos de hablar. <strong><span style=\"color: #ab1010;\">Paco<\/span> <\/strong>y los suyos. <span style=\"color: #ab1010;\"><strong>Rostros.<\/strong><\/span>\u00a0<strong><span style=\"color: #ab1010;\">Personas.<\/span><\/strong><\/p>\n<p><a href=\"https:\/\/static-blogs.lasprovincias.es\/wp-content\/uploads\/sites\/18\/2018\/06\/boqueron.jpg\"><img loading=\"lazy\" class=\"size-large wp-image-16673\" src=\"https:\/\/static-blogs.lasprovincias.es\/wp-content\/uploads\/sites\/18\/2018\/06\/boqueron-1024x767.jpg\" alt=\"dav\" width=\"1024\" height=\"767\" srcset=\"https:\/\/static-blogs.lasprovincias.es\/wp-content\/uploads\/sites\/18\/2018\/06\/boqueron-1024x767.jpg 1024w, https:\/\/static-blogs.lasprovincias.es\/wp-content\/uploads\/sites\/18\/2018\/06\/boqueron-300x225.jpg 300w, https:\/\/static-blogs.lasprovincias.es\/wp-content\/uploads\/sites\/18\/2018\/06\/boqueron-768x575.jpg 768w, https:\/\/static-blogs.lasprovincias.es\/wp-content\/uploads\/sites\/18\/2018\/06\/boqueron.jpg 1200w\" sizes=\"(max-width: 1024px) 100vw, 1024px\" \/><\/a><\/p>\n<h3 style=\"text-align: center;\"><\/h3>\n<h3 style=\"text-align: center;\"><span style=\"color: #deba97;\"><strong>III. COTIDIANO Y COSMOPOLITA<\/strong><\/span><\/h3>\n<p><span style=\"color: #ab1010;\"><strong>La Cosmopolita.<\/strong><\/span> Aterric\u00e9 en <strong>este santuario de la cocina sin cors\u00e9<\/strong> que es La Cosmopolita. Sin cors\u00e9 porque su comida, siendo\u00a0 gloriosa es desenfadada. Siendo adaptable a un men\u00fa de alta gastronom\u00eda, es a veces magistralmente cotidiana. Como lo es <strong>su sala<\/strong>. Para m\u00ed, con permiso de la maravillosa cocina de <strong>Dani Carnero<\/strong> <span style=\"color: #ff9900;\">-de la que te hablar\u00e9 en mi pr\u00f3xima historia<\/span>&#8211; es su gran tesoro. Est\u00e1 <strong>Jorge<\/strong>, lo recuerdo. Con su sonrisa amplia. Pero con \u00e9l, muchos otros. Muchos. Y todos me recuerdan a la gente cotidiana. Gente del barrio. Como t\u00fa. Como yo. Tan naturales como nosotros que nos hacen sentir bien. La magia de las personas. Ya sabes&#8230;. <strong><span style=\"color: #ab1010;\">Jorge. Dani.<\/span> <\/strong>El resto. <span style=\"color: #ab1010;\"><strong>Rostros. Personas.<\/strong><\/span><\/p>\n<p><a href=\"https:\/\/static-blogs.lasprovincias.es\/wp-content\/uploads\/sites\/18\/2018\/06\/jorge.jpg\"><img loading=\"lazy\" class=\"alignnone size-large wp-image-16678\" src=\"https:\/\/static-blogs.lasprovincias.es\/wp-content\/uploads\/sites\/18\/2018\/06\/jorge-1024x682.jpg\" alt=\"jorge\" width=\"1024\" height=\"682\" srcset=\"https:\/\/static-blogs.lasprovincias.es\/wp-content\/uploads\/sites\/18\/2018\/06\/jorge-1024x682.jpg 1024w, https:\/\/static-blogs.lasprovincias.es\/wp-content\/uploads\/sites\/18\/2018\/06\/jorge-300x200.jpg 300w, https:\/\/static-blogs.lasprovincias.es\/wp-content\/uploads\/sites\/18\/2018\/06\/jorge-768x511.jpg 768w, https:\/\/static-blogs.lasprovincias.es\/wp-content\/uploads\/sites\/18\/2018\/06\/jorge.jpg 1200w\" sizes=\"(max-width: 1024px) 100vw, 1024px\" \/><\/a><\/p>\n<h3 style=\"text-align: center;\"><span style=\"color: #deba97;\"><b>IV. LOS ROSTROS DE PICASSO<\/b><\/span><\/h3>\n<p><strong><span style=\"color: #ab1010;\">Museo Picasso.<\/span> <\/strong>Pablo Picasso pint\u00f3 los rostros de su gente. Sus amantes se deslizan por los cuadros del Museo de M\u00e1laga. Tambi\u00e9n hay bodegones que hablan de la cocina. La cocina de postguerra. De la vida. \u00a0Y hay magia liberada, que parece querer pervivir m\u00e1s all\u00e1 del tiempo y ba\u00f1ar la tierra a la que tanto amaba. Una gallina: naturaleza muerta con gancho y cuchillo. Un ni\u00f1o con una pala. <strong>Mujeres, musas y m\u00e1scaras. Jacqueline con sombrero de paja.<\/strong> Una paloma al que el pincel traza. \u00a0En M\u00e1laga los rostros brotan, hasta de la magia de un pintor que te atraviesa el alma. <span style=\"color: #ab1010;\"><strong>Jacqueline. Pablo.\u00a0Rostros. Personas.<\/strong><\/span><\/p>\n<p><iframe loading=\"lazy\" width=\"500\" height=\"281\" src=\"https:\/\/www.youtube.com\/embed\/RBFNDPPQv58?feature=oembed\" frameborder=\"0\" allow=\"autoplay; encrypted-media\" allowfullscreen><\/iframe><\/p>\n<p>&nbsp;<\/p>\n<h3 style=\"text-align: center;\"><span style=\"color: #deba97;\">V. PEPE, LOS ESPETOS, LA VIDA.<\/span><\/h3>\n<p><strong><span style=\"color: #ab1010;\">Candado Beach.<\/span><\/strong> La Academia Andaluza de Gastronom\u00eda celebr\u00f3 una fiesta marinera a pie de mar en un lugar llamado el Candado Beach. <strong>Hab\u00eda fiesta. Fiesta Morgana, le llaman ellos.<\/strong> Eso es as\u00ed. Pero m\u00e1s all\u00e1 de ello, encontr\u00e9 gente. Entre los invitados, un buen n\u00famero de cocineros, muchos acad\u00e9micos e invitados. Compa\u00f1eros de relatos. Periodistas y sabios. Y camareros. <strong>Carlos<\/strong> serv\u00eda gin t\u00f3nics. Por ejemplo. Eso s\u00ed, cuando la tarde ca\u00eda.<\/p>\n<p><a href=\"https:\/\/static-blogs.lasprovincias.es\/wp-content\/uploads\/sites\/18\/2018\/06\/carlos.jpg\"><img loading=\"lazy\" class=\"alignnone size-large wp-image-16679\" src=\"https:\/\/static-blogs.lasprovincias.es\/wp-content\/uploads\/sites\/18\/2018\/06\/carlos-1024x683.jpg\" alt=\"carlos\" width=\"1024\" height=\"683\" srcset=\"https:\/\/static-blogs.lasprovincias.es\/wp-content\/uploads\/sites\/18\/2018\/06\/carlos-1024x683.jpg 1024w, https:\/\/static-blogs.lasprovincias.es\/wp-content\/uploads\/sites\/18\/2018\/06\/carlos-300x200.jpg 300w, https:\/\/static-blogs.lasprovincias.es\/wp-content\/uploads\/sites\/18\/2018\/06\/carlos-768x512.jpg 768w, https:\/\/static-blogs.lasprovincias.es\/wp-content\/uploads\/sites\/18\/2018\/06\/carlos.jpg 1200w\" sizes=\"(max-width: 1024px) 100vw, 1024px\" \/><\/a><\/p>\n<p>Carlos y todos los que hicieron posible aquello eran los protagonistas del evento. Nosotros, los emocionados. <strong>Los elevados al rango de privilegiados absolutos.<\/strong> Tanto que mir\u00e9 al mar y pregunt\u00e9 a las olas que andaban serenas, como ese hermoso d\u00eda de primavera, si yo merec\u00eda eso. <strong>Quiz\u00e1, el destino y la fortuna me hizo un gui\u00f1o. Y yo decid\u00ed besarle a la boca.<\/strong> Como quien besa apasionado a la vida. Qu\u00e9 diantres&#8230; <strong>Jos\u00e9 Hierro<\/strong> te dec\u00eda antes:<\/p>\n<blockquote><p><strong><span style=\"color: #deba97;\"><em>Despu\u00e9s de todo, todo ha sido nada, <\/em><\/span><\/strong><br \/>\n<strong><span style=\"color: #deba97;\"><em>a pesar de que un d\u00eda lo fue todo. <\/em><\/span><\/strong><\/p><\/blockquote>\n<p>Conchas finas, bolos, langostinos, ostras, caviar, gazpachos en sus pasillos, tartar de at\u00fan y huevas&#8230; Y en una esquina, mi sonrisa. \u00a0Los hermanos de Los Marinos, <strong>Jos\u00e9 y Pablo S\u00e1nchez<\/strong>, ofrecieron su espect\u00e1culo repleto de conchas y sirenas, bandejas de Neptuno. Mar al que Alberti le escribiera. <strong>Luis<\/strong>\u00a0Ure\u00f1a, de <strong>Primeria<\/strong>, puso un altar a sus ostras y no entendi\u00f3 por qu\u00e9 el mar tiene sirenas y hay perlas y coral y otras cosas bellas&#8230;<\/p>\n<p><a href=\"https:\/\/static-blogs.lasprovincias.es\/wp-content\/uploads\/sites\/18\/2018\/06\/los-marinos.jpg\"><img loading=\"lazy\" class=\"alignnone size-large wp-image-16681\" src=\"https:\/\/static-blogs.lasprovincias.es\/wp-content\/uploads\/sites\/18\/2018\/06\/los-marinos-1024x683.jpg\" alt=\"los-marinos\" width=\"1024\" height=\"683\" srcset=\"https:\/\/static-blogs.lasprovincias.es\/wp-content\/uploads\/sites\/18\/2018\/06\/los-marinos-1024x683.jpg 1024w, https:\/\/static-blogs.lasprovincias.es\/wp-content\/uploads\/sites\/18\/2018\/06\/los-marinos-300x200.jpg 300w, https:\/\/static-blogs.lasprovincias.es\/wp-content\/uploads\/sites\/18\/2018\/06\/los-marinos-768x512.jpg 768w, https:\/\/static-blogs.lasprovincias.es\/wp-content\/uploads\/sites\/18\/2018\/06\/los-marinos.jpg 1200w\" sizes=\"(max-width: 1024px) 100vw, 1024px\" \/><\/a><\/p>\n<p><a href=\"https:\/\/static-blogs.lasprovincias.es\/wp-content\/uploads\/sites\/18\/2018\/06\/Ostras.jpg\"><img loading=\"lazy\" class=\"alignnone size-large wp-image-16682\" src=\"https:\/\/static-blogs.lasprovincias.es\/wp-content\/uploads\/sites\/18\/2018\/06\/Ostras-1024x683.jpg\" alt=\"ostras\" width=\"1024\" height=\"683\" srcset=\"https:\/\/static-blogs.lasprovincias.es\/wp-content\/uploads\/sites\/18\/2018\/06\/Ostras-1024x683.jpg 1024w, https:\/\/static-blogs.lasprovincias.es\/wp-content\/uploads\/sites\/18\/2018\/06\/Ostras-300x200.jpg 300w, https:\/\/static-blogs.lasprovincias.es\/wp-content\/uploads\/sites\/18\/2018\/06\/Ostras-768x512.jpg 768w, https:\/\/static-blogs.lasprovincias.es\/wp-content\/uploads\/sites\/18\/2018\/06\/Ostras.jpg 1200w\" sizes=\"(max-width: 1024px) 100vw, 1024px\" \/><\/a><\/p>\n<p>Me qued\u00e9 sentado viendo un ronqueo. Disfrute ver trabajar a <strong>Pedro<\/strong> con un ejemplar espectacular de at\u00fan que proven\u00eda de la \u00faltima levant\u00e1 de Barbate. El chaval, que me sacaba metro y medio, se le ve\u00eda satisfecho. Y eso val\u00eda todo&#8230; Eso lo era todo.<\/p>\n<p><a href=\"https:\/\/static-blogs.lasprovincias.es\/wp-content\/uploads\/sites\/18\/2018\/06\/At\u00fan.jpg\"><img loading=\"lazy\" class=\"alignnone size-large wp-image-16683\" src=\"https:\/\/static-blogs.lasprovincias.es\/wp-content\/uploads\/sites\/18\/2018\/06\/At\u00fan-1024x708.jpg\" alt=\"atun\" width=\"1024\" height=\"708\" srcset=\"https:\/\/static-blogs.lasprovincias.es\/wp-content\/uploads\/sites\/18\/2018\/06\/At\u00fan-1024x708.jpg 1024w, https:\/\/static-blogs.lasprovincias.es\/wp-content\/uploads\/sites\/18\/2018\/06\/At\u00fan-300x208.jpg 300w, https:\/\/static-blogs.lasprovincias.es\/wp-content\/uploads\/sites\/18\/2018\/06\/At\u00fan-768x531.jpg 768w, https:\/\/static-blogs.lasprovincias.es\/wp-content\/uploads\/sites\/18\/2018\/06\/At\u00fan.jpg 1200w\" sizes=\"(max-width: 1024px) 100vw, 1024px\" \/><\/a><\/p>\n<p><a href=\"https:\/\/static-blogs.lasprovincias.es\/wp-content\/uploads\/sites\/18\/2018\/06\/Pedro.jpg\"><img loading=\"lazy\" class=\"alignnone size-large wp-image-16684\" src=\"https:\/\/static-blogs.lasprovincias.es\/wp-content\/uploads\/sites\/18\/2018\/06\/Pedro-1024x631.jpg\" alt=\"pedro\" width=\"1024\" height=\"631\" srcset=\"https:\/\/static-blogs.lasprovincias.es\/wp-content\/uploads\/sites\/18\/2018\/06\/Pedro-1024x631.jpg 1024w, https:\/\/static-blogs.lasprovincias.es\/wp-content\/uploads\/sites\/18\/2018\/06\/Pedro-300x185.jpg 300w, https:\/\/static-blogs.lasprovincias.es\/wp-content\/uploads\/sites\/18\/2018\/06\/Pedro-768x474.jpg 768w, https:\/\/static-blogs.lasprovincias.es\/wp-content\/uploads\/sites\/18\/2018\/06\/Pedro.jpg 1200w\" sizes=\"(max-width: 1024px) 100vw, 1024px\" \/><\/a><\/p>\n<p>Pero me perdonar\u00e1n que me deje muchos otros y que acabe hablando de Pepe. <strong>Pepe Rodr\u00edguez.<\/strong> \u00c9l fue uno de los protagonistas encargados de poner en valor <strong>el arte de hacer espetos<\/strong>. De poner en valor y de sufrirlo. <strong>&#8220;Lo importante es que las sardinas sean de un tama\u00f1o peque\u00f1o&#8221;, asegur\u00f3.<\/strong><\/p>\n<p><a href=\"https:\/\/static-blogs.lasprovincias.es\/wp-content\/uploads\/sites\/18\/2018\/06\/Espetos2.jpg\"><img loading=\"lazy\" class=\"alignnone size-large wp-image-16686\" src=\"https:\/\/static-blogs.lasprovincias.es\/wp-content\/uploads\/sites\/18\/2018\/06\/Espetos2-1024x683.jpg\" alt=\"espetos2\" width=\"1024\" height=\"683\" srcset=\"https:\/\/static-blogs.lasprovincias.es\/wp-content\/uploads\/sites\/18\/2018\/06\/Espetos2-1024x683.jpg 1024w, https:\/\/static-blogs.lasprovincias.es\/wp-content\/uploads\/sites\/18\/2018\/06\/Espetos2-300x200.jpg 300w, https:\/\/static-blogs.lasprovincias.es\/wp-content\/uploads\/sites\/18\/2018\/06\/Espetos2-768x512.jpg 768w, https:\/\/static-blogs.lasprovincias.es\/wp-content\/uploads\/sites\/18\/2018\/06\/Espetos2.jpg 1200w\" sizes=\"(max-width: 1024px) 100vw, 1024px\" \/><\/a><\/p>\n<p>En un d\u00eda de espetos, con un centenar de invitados como aquella jornada, pueden hacer centenares de ellos. Centenares son centenares. No lo recuerdo. <strong>Siempre, bajo el desbocado sol del verano y a un palmo de las brasas.<\/strong> Piel curtida, quemada. Quiz\u00e1 por eso, son m\u00e1s bien pocos lo que quieren hacerlo. Ellos&#8230; Les admiro, caballeros. Y gracias por tanto esfuerzo.<\/p>\n<p><a href=\"https:\/\/static-blogs.lasprovincias.es\/wp-content\/uploads\/sites\/18\/2018\/06\/Pareja.jpg\"><img loading=\"lazy\" class=\"alignnone size-large wp-image-16685\" src=\"https:\/\/static-blogs.lasprovincias.es\/wp-content\/uploads\/sites\/18\/2018\/06\/Pareja-1024x682.jpg\" alt=\"pareja\" width=\"1024\" height=\"682\" srcset=\"https:\/\/static-blogs.lasprovincias.es\/wp-content\/uploads\/sites\/18\/2018\/06\/Pareja-1024x682.jpg 1024w, https:\/\/static-blogs.lasprovincias.es\/wp-content\/uploads\/sites\/18\/2018\/06\/Pareja-300x200.jpg 300w, https:\/\/static-blogs.lasprovincias.es\/wp-content\/uploads\/sites\/18\/2018\/06\/Pareja-768x511.jpg 768w, https:\/\/static-blogs.lasprovincias.es\/wp-content\/uploads\/sites\/18\/2018\/06\/Pareja.jpg 1200w\" sizes=\"(max-width: 1024px) 100vw, 1024px\" \/><\/a><\/p>\n<p>&#8220;Yo ahora vengo de tanto en tanto, lo que me gusta es salir a la mar a pescar&#8221;, me confes\u00f3. Eso y algunas cosas m\u00e1s de su vida, que compart\u00ed con una gran periodista. Mano a mano, <strong>Pilar Salas<\/strong> y este esp\u00eda, hablando con Pepe de espetos y de vida. <strong><span style=\"color: #ab1010;\">De rostros. De personas.\u00a0<\/span><\/strong><\/p>\n<p>&nbsp;<\/p>\n<h3 style=\"text-align: center;\"><span style=\"color: #deba97;\">VI. LA ENSALADILLA DE FRANCISCO<\/span><\/h3>\n<p><span style=\"color: #ab1010;\"><strong>Jard\u00edn bot\u00e1nico de M\u00e1laga.<\/strong> <\/span>El d\u00eda que se dieron los galardones acabaron de brillar. <strong>Las personas.<\/strong> Lo que nos importa. Entre ellas, irremediablemente <strong>Francisco Ram\u00edrez.<\/strong> Fue al verlo salir al escenario, acompa\u00f1ado de su familia, a recoger el premio a su trayectoria en el mundo de la hosteler\u00eda (<strong>Grupo refectorium)<\/strong>, cuando esto de lo que hablamos alcanz\u00f3 a\u00fan m\u00e1s valor. Francisco andaba pausado. Sus setenta y pico a\u00f1os, -setenta y seis, creo-, le pasan factura. Como me explic\u00f3 su hija, la entrega a su casa de comidas ha sido tal que el cuerpo lo nota. Francisco, con emoci\u00f3n, sac\u00f3 de su bolsillo un papel:<strong> &#8220;La ensaladilla me sale bien, pero para hablar en p\u00fablico necesito leer&#8221;.<\/strong> Y lo hizo. Lo hizo claro, conciso, emotivo. Tanto que a todos, su vida nos encogi\u00f3. <span style=\"color: #ab1010;\"><strong>Francisco. Rostros. Personas.<\/strong><\/span><\/p>\n<div id=\"attachment_16691\" style=\"width: 1034px\" class=\"wp-caption alignnone\"><a href=\"https:\/\/static-blogs.lasprovincias.es\/wp-content\/uploads\/sites\/18\/2018\/06\/Premios.jpg\"><img aria-describedby=\"caption-attachment-16691\" loading=\"lazy\" class=\"wp-image-16691 size-large\" src=\"https:\/\/static-blogs.lasprovincias.es\/wp-content\/uploads\/sites\/18\/2018\/06\/Premios-1024x514.jpg\" alt=\"premios\" width=\"1024\" height=\"514\" srcset=\"https:\/\/static-blogs.lasprovincias.es\/wp-content\/uploads\/sites\/18\/2018\/06\/Premios-1024x514.jpg 1024w, https:\/\/static-blogs.lasprovincias.es\/wp-content\/uploads\/sites\/18\/2018\/06\/Premios-300x151.jpg 300w, https:\/\/static-blogs.lasprovincias.es\/wp-content\/uploads\/sites\/18\/2018\/06\/Premios-768x385.jpg 768w, https:\/\/static-blogs.lasprovincias.es\/wp-content\/uploads\/sites\/18\/2018\/06\/Premios.jpg 1200w\" sizes=\"(max-width: 1024px) 100vw, 1024px\" \/><\/a><p id=\"caption-attachment-16691\" class=\"wp-caption-text\">Francisco en el centro, junto al resto de premiados. Imagen de la Academia.<\/p><\/div>\n<p>&nbsp;<\/p>\n<h3 style=\"text-align: center;\"><span style=\"color: #deba97;\">VII. LAS L\u00c1GRIMAS DEL SUMILLER<\/span><\/h3>\n<p>Lo mismo pas\u00f3 cuando sali\u00f3 al escenario <strong>Juan Ruiz Henestrosa<\/strong>. Es el sumiller de <a href=\"https:\/\/blogs.lasprovincias.es\/historiascondelantal\/2017\/07\/08\/aponiente-entre-sirenas-y-sal\/\">Aponiente<\/a>. Ya te he hablado de \u00e9l en varias ocasiones. Fue sincero.<\/p>\n<blockquote><p><strong><span style=\"color: #deba97;\"><em>&#8220;Esta ah\u00ed sentado pensando cuantas veces en mi vida he estado tan nervioso como ahora; le doy muchas vueltas a las cosas&#8230; y al final he pensado que he estado en esta situaci\u00f3n tres o cuatro veces&#8221;, comenz\u00f3 a narrar. \u00a0<\/em><\/span><\/strong><\/p><\/blockquote>\n<p>La primera fue cuando le llamaron de la escuela de Hosteler\u00eda de C\u00e1diz para decirle que ten\u00eda una plaza. La segunda narr\u00f3 que fue: &#8220;el d\u00eda en el que en la terraza de mi t\u00edo, me dijo: &#8216;<strong><span style=\"color: #ab1010;\">Juanito la terraza es tuya&#8217;<\/span><\/strong>. Y me di cuenta que ese iba a ser mi modo de vida&#8221;. Y la \u00faltima, o la \u00faltima que pudo narrar al menos, fue cuando &#8220;en la guarder\u00eda de mi peque cuando fui a hablar de mi profesi\u00f3n&#8221;. Y hasta ah\u00ed pudo leer.<\/p>\n<div id=\"attachment_16694\" style=\"width: 1034px\" class=\"wp-caption alignnone\"><a href=\"https:\/\/static-blogs.lasprovincias.es\/wp-content\/uploads\/sites\/18\/2018\/06\/Imagen-PNG-1F2D7B3F31DE-1-e1529127727403.png\"><img aria-describedby=\"caption-attachment-16694\" loading=\"lazy\" class=\"size-large wp-image-16694\" src=\"https:\/\/static-blogs.lasprovincias.es\/wp-content\/uploads\/sites\/18\/2018\/06\/Imagen-PNG-1F2D7B3F31DE-1-1024x682.png\" alt=\"Fernando Huidobro abraza a Juan Ruiz, emocionado. La fotograf\u00eda es prestada por el propio premiado. \" width=\"1024\" height=\"682\" \/><\/a><p id=\"caption-attachment-16694\" class=\"wp-caption-text\">Fernando Huidobro abraza a Juan Ruiz, emocionado. La fotograf\u00eda es prestada por el propio premiado.<\/p><\/div>\n<p>Luego, tras respirar, ya fue todo un vendaval de verdad:<strong> &#8220;me siento un privilegiado pudiendo trabajar en lo que me gusta y que encima me lo reconozcan&#8221;<\/strong>. Le vi despu\u00e9s abrazarse a su madre y a su padre. Y pasear con su peque entre la gente. Le vi feliz. Otro rostro radiante tras esa barba mimada y tras esa mirada emocionada. <strong><span style=\"color: #ab1010;\">Rostros. Personas.<\/span><\/strong><\/p>\n<p><img loading=\"lazy\" class=\"wp-image-16693 size-large\" src=\"https:\/\/static-blogs.lasprovincias.es\/wp-content\/uploads\/sites\/18\/2018\/06\/IMG_7265-1024x576.jpg\" alt=\"img_7265\" width=\"1024\" height=\"576\" srcset=\"https:\/\/static-blogs.lasprovincias.es\/wp-content\/uploads\/sites\/18\/2018\/06\/IMG_7265-1024x576.jpg 1024w, https:\/\/static-blogs.lasprovincias.es\/wp-content\/uploads\/sites\/18\/2018\/06\/IMG_7265-300x169.jpg 300w, https:\/\/static-blogs.lasprovincias.es\/wp-content\/uploads\/sites\/18\/2018\/06\/IMG_7265-768x432.jpg 768w, https:\/\/static-blogs.lasprovincias.es\/wp-content\/uploads\/sites\/18\/2018\/06\/IMG_7265.jpg 1200w\" sizes=\"(max-width: 1024px) 100vw, 1024px\" \/><\/p>\n<h3 style=\"text-align: center;\"><span style=\"color: #deba97;\">VIII. EL CLAUSTRO&#8230; ABIERTO Y LIBRE<\/span><\/h3>\n<p><strong>No somos un claustro cerrado, absorto.<\/strong> Lo dijo <a href=\"https:\/\/blogs.lasprovincias.es\/historiascondelantal\/2017\/04\/08\/el-cielo-de-jabugo-la-yema-de-rufino-y-los-pata-negra-de-huidobro\/\">Fernando Huidobro<\/a>, presidente de la Academia Andaluza de Gastronom\u00eda en su discurso de bienvenida a los premios. Y lo dijo parafraseando un discurso del rey a las reales academias.<\/p>\n<blockquote><p><span style=\"color: #deba97;\">&#8220;Nosotros, que hemos pretendido abrirse a la sociedad, no estamos tan locos. <strong>Tenemos que ser academias pero tenemos tambi\u00e9n que estar abiertas a la calle.<\/strong> Que la gente las conozca, ser vistas&#8230; lo dem\u00e1s ser\u00eda convertirse en un claustro cerrado y absorto&#8221;.<\/span><\/p><\/blockquote>\n<p><span style=\"color: #333333;\">Y el presidente, ten\u00eda raz\u00f3n. No s\u00f3lo la academia andaluza, sino todas y todos debemos ser abiertos al mundo. <strong>Abrir las ventanas para que el aire fresco entre constantemente y nos alimente a unos y otros.<\/strong> Como alimenta la mesa, la buena mesa, con su autenticidad, con la verdad, con la cultura intr\u00ednseca que se esconde debajo del mantel. Abrir las puertas, compartir y aprender. Eso es lo que pas\u00f3 en M\u00e1laga. Y lo que predican los acad\u00e9micos de esta entidad. Lecci\u00f3n a absorber y a predicar&#8230;.\u00a0<\/span><\/p>\n<p><a href=\"https:\/\/static-blogs.lasprovincias.es\/wp-content\/uploads\/sites\/18\/2018\/06\/IMG_0946.jpg\"><img loading=\"lazy\" class=\"alignnone size-large wp-image-16690\" src=\"https:\/\/static-blogs.lasprovincias.es\/wp-content\/uploads\/sites\/18\/2018\/06\/IMG_0946-1024x696.jpg\" alt=\"img_0946\" width=\"1024\" height=\"696\" srcset=\"https:\/\/static-blogs.lasprovincias.es\/wp-content\/uploads\/sites\/18\/2018\/06\/IMG_0946-1024x696.jpg 1024w, https:\/\/static-blogs.lasprovincias.es\/wp-content\/uploads\/sites\/18\/2018\/06\/IMG_0946-300x204.jpg 300w, https:\/\/static-blogs.lasprovincias.es\/wp-content\/uploads\/sites\/18\/2018\/06\/IMG_0946-768x522.jpg 768w\" sizes=\"(max-width: 1024px) 100vw, 1024px\" \/><\/a><\/p>\n<p>&nbsp;<\/p>\n<h3 style=\"text-align: center;\"><span style=\"color: #deba97;\">EL SOL, ADURIZ Y TOMASITO<\/span><\/h3>\n<p><a href=\"https:\/\/blogs.lasprovincias.es\/historiascondelantal\/2017\/12\/02\/en-el-divan-de-andoni-aduriz\/\"><strong>Andoni Luis Aduriz<\/strong><\/a> dijo \u00a0que la gente del sur, la que nos hab\u00eda recibido, tienen en sus carnes infiltrado <strong>&#8220;el sol y la frescura&#8221;<\/strong>. Y es cierto. Esta historia intentaba hablar de eso. De sol y de frescura. Y ante todo de personas y de rostros. Y no s\u00e9, querido Fernando, \u00c1lvaro, Eva, Quillo&#8230; No s\u00e9 Almudena, Alberto, Yolanda, do\u00f1a Francisca&#8230; No s\u00e9 si al final lo hemos conseguido. \u00a0S\u00ed que s\u00e9 que, como la canci\u00f3n de\u00a0<strong>Tomasito hemos sido libres<\/strong>: \u00a0&#8220;Quiero ser libre y vivir a mi manera&#8230;&#8221;.<\/p>\n<p><strong><img loading=\"lazy\" class=\"alignnone size-large wp-image-16692\" src=\"https:\/\/static-blogs.lasprovincias.es\/wp-content\/uploads\/sites\/18\/2018\/06\/Andoni-1024x683.jpg\" alt=\"andoni\" width=\"1024\" height=\"683\" srcset=\"https:\/\/static-blogs.lasprovincias.es\/wp-content\/uploads\/sites\/18\/2018\/06\/Andoni-1024x683.jpg 1024w, https:\/\/static-blogs.lasprovincias.es\/wp-content\/uploads\/sites\/18\/2018\/06\/Andoni-300x200.jpg 300w, https:\/\/static-blogs.lasprovincias.es\/wp-content\/uploads\/sites\/18\/2018\/06\/Andoni-768x512.jpg 768w, https:\/\/static-blogs.lasprovincias.es\/wp-content\/uploads\/sites\/18\/2018\/06\/Andoni.jpg 1200w\" sizes=\"(max-width: 1024px) 100vw, 1024px\" \/><\/strong><\/p>\n<p>Libres para gritar, pese a los silencios que nos rodean, que lo importante son las personas. <strong><span style=\"color: #ab1010;\">Pepe<\/span> montando espetos, <span style=\"color: #ab1010;\">Carlos<\/span> sirviendo el gin, <span style=\"color: #ab1010;\">Francisca<\/span> pelando ajos, su hijo recolectando miel, la <span style=\"color: #ab1010;\">Garbi<\/span> bailando, <span style=\"color: #ab1010;\">Picasso<\/span> asomando sus pinceles&#8230; y un esp\u00eda escribiendo con los l\u00e1pices de la\u00a0<\/strong><b>imaginaci\u00f3n una historia sobre <span style=\"color: #ab1010;\">ROSTROS. PERSONAS.\u00a0<\/span><\/b><\/p>\n<h3 style=\"text-align: right;\"><span style=\"color: #ab1010;\">LO AUT\u00c9NTICO.<\/span><\/h3>\n<h3 style=\"text-align: right;\"><em>Juanito, la terraza es tuya<\/em><\/h3>\n<p><a href=\"https:\/\/static-blogs.lasprovincias.es\/wp-content\/uploads\/sites\/18\/2018\/06\/panal-1.jpg\"><img loading=\"lazy\" class=\"alignnone size-large wp-image-16696\" src=\"https:\/\/static-blogs.lasprovincias.es\/wp-content\/uploads\/sites\/18\/2018\/06\/panal-1-1024x683.jpg\" alt=\"panal\" width=\"1024\" height=\"683\" srcset=\"https:\/\/static-blogs.lasprovincias.es\/wp-content\/uploads\/sites\/18\/2018\/06\/panal-1-1024x683.jpg 1024w, https:\/\/static-blogs.lasprovincias.es\/wp-content\/uploads\/sites\/18\/2018\/06\/panal-1-300x200.jpg 300w, https:\/\/static-blogs.lasprovincias.es\/wp-content\/uploads\/sites\/18\/2018\/06\/panal-1-768x512.jpg 768w, https:\/\/static-blogs.lasprovincias.es\/wp-content\/uploads\/sites\/18\/2018\/06\/panal-1.jpg 1200w\" sizes=\"(max-width: 1024px) 100vw, 1024px\" \/><\/a><\/p>\n<!-- AddThis Advanced Settings generic via filter on the_content --><!-- AddThis Share Buttons generic via filter on the_content -->","protected":false},"excerpt":{"rendered":"<p>&#8220;Cuenta una buena historia sobre nosotros&#8221;, me dijo Paco Robles. Pensando en eso, me sent\u00e9 sobre la mesa de mi refugio de los pensamientos. Part\u00ed mi pecho con mis l\u00e1pices afilados de imaginaci\u00f3n, rebusqu\u00e9 en mis interiores y saqu\u00e9 el coraz\u00f3n. Y dije, &#8220;vamos&#8221;. &#8220;A la m\u00eda&#8221;, sentenci\u00e9. Y pens\u00e9 en Tomasito cantando aquello de [&hellip;]<!-- AddThis Advanced Settings generic via filter on get_the_excerpt --><!-- AddThis Share Buttons generic via filter on get_the_excerpt --><\/p>\n","protected":false},"author":23,"featured_media":16703,"comment_status":"open","ping_status":"open","sticky":false,"template":"","format":"standard","meta":[],"categories":[3,4,5,1,7],"tags":[13,1541,1538,1539,1296,1540,1537,1536],"_links":{"self":[{"href":"https:\/\/blogs.lasprovincias.es\/historiascondelantal\/wp-json\/wp\/v2\/posts\/16662"}],"collection":[{"href":"https:\/\/blogs.lasprovincias.es\/historiascondelantal\/wp-json\/wp\/v2\/posts"}],"about":[{"href":"https:\/\/blogs.lasprovincias.es\/historiascondelantal\/wp-json\/wp\/v2\/types\/post"}],"author":[{"embeddable":true,"href":"https:\/\/blogs.lasprovincias.es\/historiascondelantal\/wp-json\/wp\/v2\/users\/23"}],"replies":[{"embeddable":true,"href":"https:\/\/blogs.lasprovincias.es\/historiascondelantal\/wp-json\/wp\/v2\/comments?post=16662"}],"version-history":[{"count":17,"href":"https:\/\/blogs.lasprovincias.es\/historiascondelantal\/wp-json\/wp\/v2\/posts\/16662\/revisions"}],"predecessor-version":[{"id":16706,"href":"https:\/\/blogs.lasprovincias.es\/historiascondelantal\/wp-json\/wp\/v2\/posts\/16662\/revisions\/16706"}],"wp:featuredmedia":[{"embeddable":true,"href":"https:\/\/blogs.lasprovincias.es\/historiascondelantal\/wp-json\/wp\/v2\/media\/16703"}],"wp:attachment":[{"href":"https:\/\/blogs.lasprovincias.es\/historiascondelantal\/wp-json\/wp\/v2\/media?parent=16662"}],"wp:term":[{"taxonomy":"category","embeddable":true,"href":"https:\/\/blogs.lasprovincias.es\/historiascondelantal\/wp-json\/wp\/v2\/categories?post=16662"},{"taxonomy":"post_tag","embeddable":true,"href":"https:\/\/blogs.lasprovincias.es\/historiascondelantal\/wp-json\/wp\/v2\/tags?post=16662"}],"curies":[{"name":"wp","href":"https:\/\/api.w.org\/{rel}","templated":true}]}}