{"id":16731,"date":"2018-06-28T17:47:33","date_gmt":"2018-06-28T15:47:33","guid":{"rendered":"http:\/\/blogs.lasprovincias.es\/historiascondelantal\/?p=16731"},"modified":"2018-06-28T17:48:40","modified_gmt":"2018-06-28T15:48:40","slug":"la-almendra-se-reivindica-de-la-majada-a-la-alta-cocina","status":"publish","type":"post","link":"https:\/\/blogs.lasprovincias.es\/historiascondelantal\/2018\/06\/28\/la-almendra-se-reivindica-de-la-majada-a-la-alta-cocina\/","title":{"rendered":"La almendra se reivindica: de la majada a la alta cocina"},"content":{"rendered":"<p><strong>De fray Juan Altamiras a Mugaritz, de Abraham Garc\u00eda al Lido 84.<span style=\"color: #c2ae7c;\">\u00a0El fruto seco por excelencia del Mediterr\u00e1neo saca m\u00fasculo<\/span> y, m\u00e1s all\u00e1 de los dulces tradicionales y de los guisos t\u00edpicos, se cuela en las cartas de los restaurantes m\u00e1s reputados. <span style=\"color: #ab1010;\">La<\/span> <span style=\"color: #ab1010;\">almendra sigue m\u00e1s vivaz que nunca.<\/span>\u00a0Virtuosa y deliciosa.\u00a0 Una gota de agua densa al nacer; un crujiente estallido de sabores al madurar. Sencillamente, imprescindible. \u00danica.<\/strong><\/p>\n<p><a href=\"https:\/\/static-blogs.lasprovincias.es\/wp-content\/uploads\/sites\/18\/2018\/06\/1530084121214.jpg\"><img loading=\"lazy\" class=\"size-large wp-image-16805 aligncenter\" src=\"https:\/\/static-blogs.lasprovincias.es\/wp-content\/uploads\/sites\/18\/2018\/06\/1530084121214-1024x688.jpg\" alt=\"{&quot;source&quot;:&quot;editor&quot;,&quot;effects_tried&quot;:0,&quot;photos_added&quot;:0,&quot;origin&quot;:&quot;gallery&quot;,&quot;total_effects_actions&quot;:0,&quot;remix_data&quot;:[&quot;add_photo_directory&quot;],&quot;tools_used&quot;:{&quot;tilt_shift&quot;:0,&quot;resize&quot;:0,&quot;adjust&quot;:0,&quot;curves&quot;:0,&quot;motion&quot;:0,&quot;perspective&quot;:0,&quot;clone&quot;:0,&quot;crop&quot;:0,&quot;enhance&quot;:0,&quot;selection&quot;:0,&quot;free_crop&quot;:0,&quot;flip_rotate&quot;:0,&quot;shape_crop&quot;:0,&quot;stretch&quot;:0},&quot;total_draw_actions&quot;:0,&quot;total_editor_actions&quot;:{&quot;border&quot;:1,&quot;frame&quot;:0,&quot;mask&quot;:0,&quot;lensflare&quot;:0,&quot;clipart&quot;:0,&quot;text&quot;:0,&quot;square_fit&quot;:0,&quot;shape_mask&quot;:0,&quot;callout&quot;:0},&quot;entry_point&quot;:&quot;create_flow_fte&quot;,&quot;total_editor_time&quot;:435,&quot;total_draw_time&quot;:0,&quot;effects_applied&quot;:0,&quot;uid&quot;:&quot;7822F03B-0880-4C22-839F-DADE9670D5C4_1530083644862&quot;,&quot;total_effects_time&quot;:0,&quot;brushes_used&quot;:0,&quot;sources&quot;:[],&quot;layers_used&quot;:0,&quot;width&quot;:2048,&quot;height&quot;:1375,&quot;subsource&quot;:&quot;done_button&quot;}\" width=\"1024\" height=\"688\" srcset=\"https:\/\/static-blogs.lasprovincias.es\/wp-content\/uploads\/sites\/18\/2018\/06\/1530084121214.jpg 1024w, https:\/\/static-blogs.lasprovincias.es\/wp-content\/uploads\/sites\/18\/2018\/06\/1530084121214-300x202.jpg 300w, https:\/\/static-blogs.lasprovincias.es\/wp-content\/uploads\/sites\/18\/2018\/06\/1530084121214-768x516.jpg 768w\" sizes=\"(max-width: 1024px) 100vw, 1024px\" \/><\/a><\/p>\n<p style=\"text-align: center;\"><span style=\"color: #c2ae7c;\">DE LOS <strong>GUISOS<\/strong> TRADICIONALES&#8230;<\/span><\/p>\n<div id=\"attachment_16795\" style=\"width: 1034px\" class=\"wp-caption aligncenter\"><a href=\"https:\/\/static-blogs.lasprovincias.es\/wp-content\/uploads\/sites\/18\/2018\/06\/IMG_0795-1.jpg\"><img aria-describedby=\"caption-attachment-16795\" loading=\"lazy\" class=\"wp-image-16795 size-large\" src=\"https:\/\/static-blogs.lasprovincias.es\/wp-content\/uploads\/sites\/18\/2018\/06\/IMG_0795-1-1024x683.jpg\" alt=\"img_0795\" width=\"1024\" height=\"683\" srcset=\"https:\/\/static-blogs.lasprovincias.es\/wp-content\/uploads\/sites\/18\/2018\/06\/IMG_0795-1.jpg 1024w, https:\/\/static-blogs.lasprovincias.es\/wp-content\/uploads\/sites\/18\/2018\/06\/IMG_0795-1-300x200.jpg 300w, https:\/\/static-blogs.lasprovincias.es\/wp-content\/uploads\/sites\/18\/2018\/06\/IMG_0795-1-768x512.jpg 768w\" sizes=\"(max-width: 1024px) 100vw, 1024px\" \/><\/a><p id=\"caption-attachment-16795\" class=\"wp-caption-text\">Venado con salsa de almendras en venta Galwey, M\u00e1laga.<\/p><\/div>\n<p style=\"text-align: center;\"><span style=\"color: #c2ae7c;\">A LOS MEN\u00daS M\u00c1S <strong>VANGUARDISTAS<\/strong><\/span><\/p>\n<div id=\"attachment_16790\" style=\"width: 1034px\" class=\"wp-caption aligncenter\"><a href=\"https:\/\/static-blogs.lasprovincias.es\/wp-content\/uploads\/sites\/18\/2018\/06\/IMG_9127-2.jpg\"><img aria-describedby=\"caption-attachment-16790\" loading=\"lazy\" class=\"wp-image-16790 size-large\" src=\"https:\/\/static-blogs.lasprovincias.es\/wp-content\/uploads\/sites\/18\/2018\/06\/IMG_9127-2-1024x683.jpg\" alt=\"img_9127-2\" width=\"1024\" height=\"683\" srcset=\"https:\/\/static-blogs.lasprovincias.es\/wp-content\/uploads\/sites\/18\/2018\/06\/IMG_9127-2.jpg 1024w, https:\/\/static-blogs.lasprovincias.es\/wp-content\/uploads\/sites\/18\/2018\/06\/IMG_9127-2-300x200.jpg 300w, https:\/\/static-blogs.lasprovincias.es\/wp-content\/uploads\/sites\/18\/2018\/06\/IMG_9127-2-768x512.jpg 768w\" sizes=\"(max-width: 1024px) 100vw, 1024px\" \/><\/a><p id=\"caption-attachment-16790\" class=\"wp-caption-text\">P\u00e9talos blancos, de Quique Dacosta. De su men\u00fa de 2018. Un paseo entre almendros.<\/p><\/div>\n<p><!--more--><\/p>\n<p>Hay una cancioncilla popular que dice: <strong>\u00abEl d\u00eda de san Juan, madre,\/ cuaja la almendra y la nuez.\/ Tambi\u00e9n cuajan los amores\/de los que se quieren bien\u00bb<\/strong>. A la almendra, la cocina le adora. Los fogones y el fruto seco por excelencia del Mediterr\u00e1neo, como dice la rima, \u00abse quieren bien\u00bb. Tanto que su historia de amor viene de lejos. De muy lejos. De hecho, estos versillos aparecen en la reedici\u00f3n de un viejo recetario de 1745, firmado por <a href=\"https:\/\/blogs.lasprovincias.es\/historiascondelantal\/2017\/10\/29\/las-recetas-de-fray-altamiras-la-mejor-tortilla-de-papa-y-el-frasquito-de-aduriz\/\"><strong><span style=\"color: #c2ae7c;\">Juan Altamiras<\/span><\/strong>,<\/a> un fraile de Arag\u00f3n que recopil\u00f3 la cocina popular y logr\u00f3 firmar uno de los primeros superventas de la historia de los libros de gastronom\u00eda.<\/p>\n<p>La obra, reeditada por la hispanista <strong><span style=\"color: #c2ae7c;\"><a style=\"color: #c2ae7c;\" href=\"https:\/\/blogs.lasprovincias.es\/historiascondelantal\/2017\/12\/09\/el-fraile-que-sedujo-a-la-hispanista-con-sus-recetas\/\">Vicky Hayward <\/a><\/span><\/strong>y que acaba de ser galardonada por el Premio Nacional de Gastronom\u00eda a la mejor publicaci\u00f3n, dedica un apartado a la almendra. En \u00e9l, se deslizan las recetas del monje. Una de ellas, almendras verdes, que se lavan bien y se cuecen, para luego pocharlas con cebolla. \u00abTomar\u00e1s las almendras antes que se quaxen los huessos, las estregar\u00e1s con un pa\u00f1o, para quitarles el vello, y quedar\u00e1n bellas\u00bb, dice. Otra receta, la leche de almendras, cuya t\u00e9cnica tradicional pervive hasta la actualidad. Un producto que era, en aquella \u00e9poca, conocido como el \u2018manjar blanco\u2019; fundamental durante la abstinencia.<\/p>\n<p>Esa misma leche de almendras se puede encontrar en propuestas gastron\u00f3micas de los mejores restaurantes del pa\u00eds. Y como entonces, es tratada como un manjar. Por ejemplo, en el siempre puntero, reflexivo y rompedor<a href=\"https:\/\/blogs.lasprovincias.es\/historiascondelantal\/2017\/12\/02\/en-el-divan-de-andoni-aduriz\/\"><strong> Mugaritz<\/strong><\/a>. All\u00ed, <strong><span style=\"color: #c2ae7c;\">Andoni Luis Aduriz<\/span><\/strong> propon\u00eda el pasado a\u00f1o disfrutar con un cardo \u2013s\u00ed, un cardo\u2013 recubierto con una suculenta leche de almendras. M\u00e1s cerca,<span style=\"color: #c2ae7c;\"><strong> Ricard Camarena<\/strong><\/span> trabaja esta temporada en Bombas Gens un cremoso de caviar y dent\u00f3n embadurnado, con la maestr\u00eda habitual del de Barx, con una intensa esencia del almendro. Aunque quiz\u00e1, y siguiendo con esa leche que es casi crema, una en la que m\u00e1s potencia he podido encontrar es la que el cocinero italiano <span style=\"color: #c2ae7c;\"><strong>Ricardo Camanini<\/strong><\/span>, de <a href=\"https:\/\/blogs.lasprovincias.es\/historiascondelantal\/2017\/03\/04\/los-mejores-espaguetis-jamas-probados\/\">Lido84<\/a>, elabor\u00f3 con ginebra para un evento en el Riff en 2016.<\/p>\n<div id=\"attachment_16796\" style=\"width: 1034px\" class=\"wp-caption aligncenter\"><a href=\"https:\/\/static-blogs.lasprovincias.es\/wp-content\/uploads\/sites\/18\/2018\/06\/RICARDO-CAMANINI-117.jpg\"><img aria-describedby=\"caption-attachment-16796\" loading=\"lazy\" class=\"size-large wp-image-16796\" src=\"https:\/\/static-blogs.lasprovincias.es\/wp-content\/uploads\/sites\/18\/2018\/06\/RICARDO-CAMANINI-117-1024x768.jpg\" alt=\"dav\" width=\"1024\" height=\"768\" srcset=\"https:\/\/static-blogs.lasprovincias.es\/wp-content\/uploads\/sites\/18\/2018\/06\/RICARDO-CAMANINI-117.jpg 1024w, https:\/\/static-blogs.lasprovincias.es\/wp-content\/uploads\/sites\/18\/2018\/06\/RICARDO-CAMANINI-117-300x225.jpg 300w, https:\/\/static-blogs.lasprovincias.es\/wp-content\/uploads\/sites\/18\/2018\/06\/RICARDO-CAMANINI-117-768x576.jpg 768w\" sizes=\"(max-width: 1024px) 100vw, 1024px\" \/><\/a><p id=\"caption-attachment-16796\" class=\"wp-caption-text\">Crema de almendras con ginebra, de Ricardo Camanini. Foto J. Trelis.<\/p><\/div>\n<p>Sea como sea, la realidad es que <strong>cada vez que la boca siente deambular por ella los sabores de una almendra, la cabeza se llena de recuerdos. Y dir\u00eda que hasta de melancol\u00eda.<\/strong> Su sabor te lleva a esa infancia pululando entre campos de almendros: en flor, en primavera, o con sus frutos cuajando, a inicios de verano. Aquel tiempo de juego entre sus ramas, de haza\u00f1as con su resina, de tardes recolectando y de m\u00e1s tardes separando, una a una, su piel pringosa y rugosa.<\/p>\n<blockquote>\n<h3 style=\"text-align: center;\"><span style=\"color: #c2ae7c;\">&#8220;Aquel tiempo de juego entre<\/span><\/h3>\n<h3 style=\"text-align: center;\"><span style=\"color: #c2ae7c;\">sus ramas, de haza\u00f1as con su resina&#8221;<\/span><\/h3>\n<\/blockquote>\n<p>La almendra es paisaje. Y entorno. Es cultura. De esos productos que, como el aceite, algunos pescados o la huerta en si, forman parte irrefutable del ADN culinario de un pueblo. En este caso, del ADN gastron\u00f3mico del Mediterr\u00e1neo.<strong><span style=\"color: #c2ae7c;\"> Kiko Moya<\/span><\/strong>, el cocinero de\u00a0 <a href=\"https:\/\/blogs.lasprovincias.es\/historiascondelantal\/2018\/04\/06\/lo-mejor-del-menu-de-lescaleta\/\">L\u2019Escaleta<\/a>, es muy consciente de ello.\u00a0 Sus platos, en general, est\u00e1n tocados por lo terru\u00f1o de forma descarnada y recurrente. En el caso de la almendra,\u00a0 la trabaja de varias maneras y, siempre, de forma magistral. De hecho, <strong>Moya te lleva a los campos de Cocentaina plagados de almendros. Y te los ofrece, como quien da un abrazo a su entorno, a trav\u00e9s de platos<\/strong> en los que tienen protagonismo los p\u00e9talos rosados del \u00e1rbol en marzo o sus primeras almendras verdes y tiernas en mayo.\u00a0 En l\u2019Escaleta, encontrar\u00e1s su turr\u00f3n ligero y salado (en doble versi\u00f3n Alicante y Xixona), un queso fresco de almendras con hidromiel (que es pura delicadeza), un excitante postre que es un paseo por el Montcabrer nevado a donde el almendro fluye en diversa texturas y tratado con diversas t\u00e9cnicas&#8230;<\/p>\n<div id=\"attachment_16774\" style=\"width: 1034px\" class=\"wp-caption aligncenter\"><a href=\"https:\/\/static-blogs.lasprovincias.es\/wp-content\/uploads\/sites\/18\/2018\/06\/IMG_6344.jpg\"><img aria-describedby=\"caption-attachment-16774\" loading=\"lazy\" class=\"wp-image-16774 size-large\" src=\"https:\/\/static-blogs.lasprovincias.es\/wp-content\/uploads\/sites\/18\/2018\/06\/IMG_6344-1024x683.jpg\" alt=\"img_6344\" width=\"1024\" height=\"683\" srcset=\"https:\/\/static-blogs.lasprovincias.es\/wp-content\/uploads\/sites\/18\/2018\/06\/IMG_6344.jpg 1024w, https:\/\/static-blogs.lasprovincias.es\/wp-content\/uploads\/sites\/18\/2018\/06\/IMG_6344-300x200.jpg 300w, https:\/\/static-blogs.lasprovincias.es\/wp-content\/uploads\/sites\/18\/2018\/06\/IMG_6344-768x512.jpg 768w\" sizes=\"(max-width: 1024px) 100vw, 1024px\" \/><\/a><p id=\"caption-attachment-16774\" class=\"wp-caption-text\">Almendra en diversos preparados y texturas antes de formar parte de un plato, en L&#8217;Escaleta.<\/p><\/div>\n<p>Aunque, hablando de ellos, de los campos del interior de Alicante, irremediablemente hay que acordarse del que fue \u2013posiblemente es\u2013 el mejor pastelero del mundo. El hombre que adora el chocolate, que est\u00e1 enamorado de su milhojas (con raz\u00f3n) y que se emociona al hablar de la almendra. El pastelero <a href=\"https:\/\/blogs.lasprovincias.es\/historiascondelantal\/2018\/05\/28\/paco-torreblanca-cuando-uno-se-dedica-a-mirarse-el-ombligo-el-mundo-se-acaba\/\"><strong><span style=\"color: #c2ae7c;\">Paco Torreblanca<\/span><\/strong><\/a> ha sido, durante los \u00faltimos a\u00f1os, el gran defensor del almendro y sus frutos a trav\u00e9s de sus impecables postres.<\/p>\n<div id=\"attachment_16166\" style=\"width: 1034px\" class=\"wp-caption aligncenter\"><a href=\"https:\/\/static-blogs.lasprovincias.es\/wp-content\/uploads\/sites\/18\/2018\/05\/1406836145.jpg\"><img aria-describedby=\"caption-attachment-16166\" loading=\"lazy\" class=\"size-large wp-image-16166\" src=\"https:\/\/static-blogs.lasprovincias.es\/wp-content\/uploads\/sites\/18\/2018\/05\/1406836145-1024x683.jpg\" alt=\"Comunidad Valenciana. Valencia. Valencia 14-05-2018. Paco Torreblanca. Fotograf\u00eda de Irene Marsilla.\" width=\"1024\" height=\"683\" srcset=\"https:\/\/static-blogs.lasprovincias.es\/wp-content\/uploads\/sites\/18\/2018\/05\/1406836145-1024x683.jpg 1024w, https:\/\/static-blogs.lasprovincias.es\/wp-content\/uploads\/sites\/18\/2018\/05\/1406836145-300x200.jpg 300w, https:\/\/static-blogs.lasprovincias.es\/wp-content\/uploads\/sites\/18\/2018\/05\/1406836145-768x512.jpg 768w\" sizes=\"(max-width: 1024px) 100vw, 1024px\" \/><\/a><p id=\"caption-attachment-16166\" class=\"wp-caption-text\">Paco Torreblanca. Fotograf\u00eda de Irene Marsilla.<\/p><\/div>\n<p>Hablar de la cocina dulce del repostero de Villena, me trae a la memoria uno de los grandes postres de este a\u00f1o, en el que la almendra es la absoluta protagonista. Una joya de esta temporada en Bon Amb que es sencillamente una genialidad para el paladar: almendra salada y lim\u00f3n maduro. Una creaci\u00f3n que Alberto ha elaborado junto a una disc\u00edpula\u00a0 de la casa de Torreblanca, que ahora trabaja con <strong><span style=\"color: #c2ae7c;\">Alberto Ferruz<\/span><\/strong>, <strong><span style=\"color: #c2ae7c;\">Laura Garc\u00eda<\/span><\/strong>. Eso es equipo.<\/p>\n<p>Aunque, este bocado me fascin\u00f3, otro de los que m\u00e1s me emocion\u00f3 fue una creaci\u00f3n, en este caso, con almendras tan tiernas que eran como gotas de agua condensada. Agua de almendra refrescante y maravillosa. Estremecedora. Acompa\u00f1ando una quisquilla que era, vamos a desatarnos del todo, celestial. <strong>\u00ab\u00bfEl \u00faltimo plato que has creado?\u00bb, le pregunt\u00e9 entonces a Ferruz. \u00abEl de las almendras que tanto te ha gustado, no sab\u00eda qu\u00e9 hacer con ellas\u2026\u00bb, dijo entre risas<\/strong>. Cosas de la magia.<\/p>\n<p style=\"text-align: center;\"><a href=\"https:\/\/static-blogs.lasprovincias.es\/wp-content\/uploads\/sites\/18\/2018\/06\/IMG_7994.jpg\"><img loading=\"lazy\" class=\"alignnone size-large wp-image-16783\" src=\"https:\/\/static-blogs.lasprovincias.es\/wp-content\/uploads\/sites\/18\/2018\/06\/IMG_7994-1024x683.jpg\" alt=\"img_7994\" width=\"1024\" height=\"683\" srcset=\"https:\/\/static-blogs.lasprovincias.es\/wp-content\/uploads\/sites\/18\/2018\/06\/IMG_7994.jpg 1024w, https:\/\/static-blogs.lasprovincias.es\/wp-content\/uploads\/sites\/18\/2018\/06\/IMG_7994-300x200.jpg 300w, https:\/\/static-blogs.lasprovincias.es\/wp-content\/uploads\/sites\/18\/2018\/06\/IMG_7994-768x512.jpg 768w\" sizes=\"(max-width: 1024px) 100vw, 1024px\" \/><\/a><\/p>\n<p>Una magia en la que confluye el arte del chef de BonAmb con la esencia de las almendras. Magia como la que hace en todo su men\u00fa, de principio a fin, <strong><span style=\"color: #c2ae7c;\">Quique Dacosta<\/span><\/strong>. La muestra de c\u00f3mo la almendra puede ser absoluta vanguardia y a la vez indiscutible tradici\u00f3n. <a href=\"https:\/\/blogs.lasprovincias.es\/historiascondelantal\/2018\/04\/29\/lo-mejor-del-menu-de-quique-dacosta\/\">Vanguardia y arte<\/a> que se encuentra en un postre de un nivel extraordinario, que denomina flores blancas y que es una impecable oda al Mediterr\u00e1neo m\u00e1s sutil. Aunque, no es un caso aislado. Dacosta recurre constantemente a ella. Incluso, cuando te sientas ante \u00e9l y<strong> te saca un trozo de hueva de at\u00fan y coloca, junto a una gota de aceite<\/strong>, un trozo m\u00ednimo de almendra tal cual.<\/p>\n<p style=\"text-align: center;\"><a href=\"https:\/\/static-blogs.lasprovincias.es\/wp-content\/uploads\/sites\/18\/2018\/06\/IMG_1908.jpg\"><img loading=\"lazy\" class=\"alignnone size-large wp-image-16769\" src=\"https:\/\/static-blogs.lasprovincias.es\/wp-content\/uploads\/sites\/18\/2018\/06\/IMG_1908-1024x683.jpg\" alt=\"img_1908\" width=\"1024\" height=\"683\" srcset=\"https:\/\/static-blogs.lasprovincias.es\/wp-content\/uploads\/sites\/18\/2018\/06\/IMG_1908.jpg 1024w, https:\/\/static-blogs.lasprovincias.es\/wp-content\/uploads\/sites\/18\/2018\/06\/IMG_1908-300x200.jpg 300w, https:\/\/static-blogs.lasprovincias.es\/wp-content\/uploads\/sites\/18\/2018\/06\/IMG_1908-768x512.jpg 768w\" sizes=\"(max-width: 1024px) 100vw, 1024px\" \/><\/a><\/p>\n<p>La que se esconde bajo las flores de Quique, la que es un viaje a la memoria de Kiko, la l\u00edquida de Ricard o la que prob\u00e9 hace unos d\u00edas en los montes de M\u00e1laga, saboreando un guiso de venado en la <a href=\"https:\/\/blogs.lasprovincias.es\/historiascondelantal\/2018\/06\/16\/los-ajos-de-francisca-las-lagrimas-del-sumiller-y-las-verdades-de-aduriz\/\">Venta Galwey<\/a>.\u00a0\u00a0 <strong>La almendra, esa que cuaja, como los amores, cuando llega San Juan, es un manjar.<\/strong> Hasta en la majada de las lentejas que hac\u00eda mam\u00e1.<\/p>\n<h3 style=\"text-align: center;\"><\/h3>\n<hr \/>\n<p style=\"text-align: center;\"><span style=\"color: #ab1010;\">UN MEN\u00da<\/span><\/p>\n<h2 style=\"text-align: center;\"><span style=\"color: #ab1010;\">#<strong>SUPER<\/strong>ALMENDRADO<\/span><\/h2>\n<hr \/>\n<h4 style=\"text-align: center;\"><span style=\"text-decoration: underline;\"><span style=\"color: #c2ae7c; text-decoration: underline;\">I. ENTRANTES<\/span><\/span><\/h4>\n<h3 style=\"text-align: center;\"><span style=\"color: #c2ae7c;\">Queso de almendra<\/span><\/h3>\n<p style=\"text-align: center;\"><span style=\"color: #ab1010;\">De Kiko Moya<\/span><\/p>\n<p style=\"text-align: center;\">Ya es uno de los cl\u00e1sicos del cocinero de Cocentaina, junto a su turr\u00f3n de bienvenida. Una delicia que Kiko Moya suele servir a modo de bienvenida con una gota de hidromiel y un peque\u00f1o toque de almendra cruda. Muchas veces, tierna. Seg\u00fan la temporada.<\/p>\n<p style=\"text-align: center;\"><a href=\"https:\/\/static-blogs.lasprovincias.es\/wp-content\/uploads\/sites\/18\/2018\/06\/IMG_6213.jpg\"><img loading=\"lazy\" class=\"alignnone size-large wp-image-16772\" src=\"https:\/\/static-blogs.lasprovincias.es\/wp-content\/uploads\/sites\/18\/2018\/06\/IMG_6213-1024x683.jpg\" alt=\"img_6213\" width=\"1024\" height=\"683\" srcset=\"https:\/\/static-blogs.lasprovincias.es\/wp-content\/uploads\/sites\/18\/2018\/06\/IMG_6213.jpg 1024w, https:\/\/static-blogs.lasprovincias.es\/wp-content\/uploads\/sites\/18\/2018\/06\/IMG_6213-300x200.jpg 300w, https:\/\/static-blogs.lasprovincias.es\/wp-content\/uploads\/sites\/18\/2018\/06\/IMG_6213-768x512.jpg 768w\" sizes=\"(max-width: 1024px) 100vw, 1024px\" \/><\/a><\/p>\n<h3 style=\"text-align: center;\"><span style=\"color: #c2ae7c;\">Cardo con leche de almendras<\/span><\/h3>\n<p style=\"text-align: center;\"><span style=\"color: #ab1010;\">De Luis A. Aduriz<\/span><\/p>\n<p style=\"text-align: center;\">Uno de los bocados del men\u00fa de 2o17 de Mugaritz que genera inquietud, que te hace pensar. \u00a1<strong>Pensar!\u00a0<\/strong>Esa gran obsesi\u00f3n de Andoni que acaba emocion\u00e1ndote hasta descubrir que detr\u00e1s ello, de un cardo con su leche de almendras, hay mucho m\u00e1s. Por muy raro que a algunos les parezca&#8230; A m\u00ed, esa frontera sin fronteras que es la cocina de Mugartiz me fascina. Con leche de almendras, m\u00e1s.<\/p>\n<p style=\"text-align: center;\"><img loading=\"lazy\" class=\"alignnone size-large wp-image-16770\" src=\"https:\/\/static-blogs.lasprovincias.es\/wp-content\/uploads\/sites\/18\/2018\/06\/IMG_4014-1024x683.jpg\" alt=\"img_4014\" width=\"1024\" height=\"683\" srcset=\"https:\/\/static-blogs.lasprovincias.es\/wp-content\/uploads\/sites\/18\/2018\/06\/IMG_4014.jpg 1024w, https:\/\/static-blogs.lasprovincias.es\/wp-content\/uploads\/sites\/18\/2018\/06\/IMG_4014-300x200.jpg 300w, https:\/\/static-blogs.lasprovincias.es\/wp-content\/uploads\/sites\/18\/2018\/06\/IMG_4014-768x512.jpg 768w\" sizes=\"(max-width: 1024px) 100vw, 1024px\" \/><\/p>\n<h3 style=\"text-align: center;\"><span style=\"color: #c2ae7c;\">Quisquilla\u00a0y grasa<\/span><\/h3>\n<p style=\"text-align: center;\"><span style=\"color: #ab1010;\">De Alberto Ferruz<\/span><\/p>\n<p style=\"text-align: center;\">Almendras cuando andan naciendo con quisquilla y grasa de vaca. Un plato con la emoci\u00f3n desbordada. De hecho, a mi me puso la carne de gallina. La culpa, esas almendras que casi son non-natas. Puro recuerdo de infancia, totalmente cobijado por un plato que, como Alberto me dijo, fue improvisado. <strong>Bendita inspiraci\u00f3n<\/strong>.<\/p>\n<p style=\"text-align: center;\"><a href=\"https:\/\/static-blogs.lasprovincias.es\/wp-content\/uploads\/sites\/18\/2018\/06\/IMG_7272.jpg\"><img loading=\"lazy\" class=\"alignnone size-large wp-image-16777\" src=\"https:\/\/static-blogs.lasprovincias.es\/wp-content\/uploads\/sites\/18\/2018\/06\/IMG_7272-1024x683.jpg\" alt=\"img_7272\" width=\"1024\" height=\"683\" srcset=\"https:\/\/static-blogs.lasprovincias.es\/wp-content\/uploads\/sites\/18\/2018\/06\/IMG_7272.jpg 1024w, https:\/\/static-blogs.lasprovincias.es\/wp-content\/uploads\/sites\/18\/2018\/06\/IMG_7272-300x200.jpg 300w, https:\/\/static-blogs.lasprovincias.es\/wp-content\/uploads\/sites\/18\/2018\/06\/IMG_7272-768x512.jpg 768w\" sizes=\"(max-width: 1024px) 100vw, 1024px\" \/><\/a><\/p>\n<h3 style=\"text-align: center;\"><span style=\"color: #c2ae7c;\">Dent\u00f3n y caviar<\/span><\/h3>\n<p style=\"text-align: center;\"><span style=\"color: #ab1010;\">De Ricard Camarena<\/span><br \/>\nUn plato hijo de la reflexi\u00f3n en el que la leche de almendras abraza perfectamente al dent\u00f3n y el cremoso de caviar te lleva de chapuz\u00f3n. (En su \u00faltimo men\u00fa he probado uan evoluci\u00f3n de este plato con pez mantequilla y crema de chufa. Tambi\u00e9n muy interesante).<\/p>\n<h3 style=\"text-align: center;\"><a href=\"https:\/\/static-blogs.lasprovincias.es\/wp-content\/uploads\/sites\/18\/2018\/06\/IMG_6845.jpg\"><img loading=\"lazy\" class=\"alignnone size-large wp-image-16776\" src=\"https:\/\/static-blogs.lasprovincias.es\/wp-content\/uploads\/sites\/18\/2018\/06\/IMG_6845-1024x683.jpg\" alt=\"img_6845\" width=\"1024\" height=\"683\" srcset=\"https:\/\/static-blogs.lasprovincias.es\/wp-content\/uploads\/sites\/18\/2018\/06\/IMG_6845.jpg 1024w, https:\/\/static-blogs.lasprovincias.es\/wp-content\/uploads\/sites\/18\/2018\/06\/IMG_6845-300x200.jpg 300w, https:\/\/static-blogs.lasprovincias.es\/wp-content\/uploads\/sites\/18\/2018\/06\/IMG_6845-768x512.jpg 768w\" sizes=\"(max-width: 1024px) 100vw, 1024px\" \/><\/a><\/h3>\n<h4 style=\"text-align: center;\"><\/h4>\n<hr \/>\n<h4 style=\"text-align: center;\"><span style=\"text-decoration: underline;\"><span style=\"color: #c2ae7c; text-decoration: underline;\">II. GUISOS<\/span><\/span><\/h4>\n<h3 style=\"text-align: center;\"><span style=\"color: #c2ae7c;\">Garbanzos fritos con ajoblanco de almendras<\/span><\/h3>\n<p style=\"text-align: center;\"><span style=\"color: #ab1010;\">De Abraham Garc\u00eda<\/span><\/p>\n<p style=\"text-align: center;\">Esto ya es para redoble de tambores. De hecho, ir a casa de <a href=\"https:\/\/blogs.lasprovincias.es\/historiascondelantal\/2018\/02\/08\/abraham-garcia-las-pasiones-como-los-besos-y-los-callos-son-con-lengua-o-no-lo-son\/\">Abraham Garc\u00eda<\/a> siempre merece un redoble de tambores previo. Creo que desde mi \u00faltima visita a <a href=\"https:\/\/blogs.lasprovincias.es\/historiascondelantal\/2018\/02\/10\/viridiana-exuberancia-gastronomica\/\">Viridiana<\/a> a\u00fan ando en la nube. Entre el mar de platos servidos, estos garbanzos fritos con langostinos salteados y su ajoblanco de almendras. D\u00e9jenme recordarlos, y d\u00e9jenme volver a emocionarme.<\/p>\n<p style=\"text-align: center;\"><a href=\"https:\/\/static-blogs.lasprovincias.es\/wp-content\/uploads\/sites\/18\/2018\/06\/IMG_5802.jpg\"><img loading=\"lazy\" class=\"alignnone size-large wp-image-16771\" src=\"https:\/\/static-blogs.lasprovincias.es\/wp-content\/uploads\/sites\/18\/2018\/06\/IMG_5802-1024x683.jpg\" alt=\"img_5802\" width=\"1024\" height=\"683\" srcset=\"https:\/\/static-blogs.lasprovincias.es\/wp-content\/uploads\/sites\/18\/2018\/06\/IMG_5802.jpg 1024w, https:\/\/static-blogs.lasprovincias.es\/wp-content\/uploads\/sites\/18\/2018\/06\/IMG_5802-300x200.jpg 300w, https:\/\/static-blogs.lasprovincias.es\/wp-content\/uploads\/sites\/18\/2018\/06\/IMG_5802-768x512.jpg 768w\" sizes=\"(max-width: 1024px) 100vw, 1024px\" \/><\/a><\/p>\n<h3 style=\"text-align: center;\"><span style=\"color: #c2ae7c;\">Guiso de venado<\/span><\/h3>\n<p style=\"text-align: center;\"><span style=\"color: #ab1010;\">De Venta Galwey<\/span><\/p>\n<p style=\"text-align: center;\">Una muestra de las propuestas tradicionales:\u00a0 venado con salsa de almendras en los montes de M\u00e1laga. Con los garbanzos de Abraham y este maravilloso guiso de los montes de M\u00e1laga ya estamos listos. Un venado con una salsa impecable en el que la almendra con sus toques tostados lo es todo. Lo firma la Venta Galwey.<\/p>\n<h3 style=\"text-align: center;\">\u00a0<img loading=\"lazy\" class=\"alignnone size-large wp-image-16768\" src=\"https:\/\/static-blogs.lasprovincias.es\/wp-content\/uploads\/sites\/18\/2018\/06\/IMG_0796-1024x683.jpg\" alt=\"img_0796\" width=\"1024\" height=\"683\" srcset=\"https:\/\/static-blogs.lasprovincias.es\/wp-content\/uploads\/sites\/18\/2018\/06\/IMG_0796.jpg 1024w, https:\/\/static-blogs.lasprovincias.es\/wp-content\/uploads\/sites\/18\/2018\/06\/IMG_0796-300x200.jpg 300w, https:\/\/static-blogs.lasprovincias.es\/wp-content\/uploads\/sites\/18\/2018\/06\/IMG_0796-768x512.jpg 768w\" sizes=\"(max-width: 1024px) 100vw, 1024px\" \/><\/h3>\n<hr \/>\n<p style=\"text-align: center;\"><span style=\"text-decoration: underline; color: #c2ae7c;\">III. POSTRES<\/span><\/p>\n<h3 style=\"text-align: center;\"><span style=\"color: #c2ae7c;\">cerezas con almendra<\/span><\/h3>\n<p style=\"text-align: center;\"><span style=\"color: #ab1010;\">Ricard\u00a0 Camarena<\/span><\/p>\n<p style=\"text-align: center;\">Una explosi\u00f3n de sabores, puro verano y puro viaje. De esos postres inolvidables de Ricard. Postre de temporada. Una versi\u00f3n del que ya prob\u00e9 por estas mismas fechas el pasado verano. Cerezas y almendras de la mano. Para m\u00ed, lo m\u00e1s. Y a llorar.<\/p>\n<h3 style=\"text-align: center;\"><a href=\"https:\/\/static-blogs.lasprovincias.es\/wp-content\/uploads\/sites\/18\/2018\/06\/IMG_1487.jpg\"><img loading=\"lazy\" class=\"alignnone size-large wp-image-16808\" src=\"https:\/\/static-blogs.lasprovincias.es\/wp-content\/uploads\/sites\/18\/2018\/06\/IMG_1487-1024x683.jpg\" alt=\"img_1487\" width=\"1024\" height=\"683\" srcset=\"https:\/\/static-blogs.lasprovincias.es\/wp-content\/uploads\/sites\/18\/2018\/06\/IMG_1487.jpg 1024w, https:\/\/static-blogs.lasprovincias.es\/wp-content\/uploads\/sites\/18\/2018\/06\/IMG_1487-300x200.jpg 300w, https:\/\/static-blogs.lasprovincias.es\/wp-content\/uploads\/sites\/18\/2018\/06\/IMG_1487-768x512.jpg 768w\" sizes=\"(max-width: 1024px) 100vw, 1024px\" \/><\/a><\/h3>\n<h3 style=\"text-align: center;\"><span style=\"color: #c2ae7c;\">Nevero de almendra<\/span><\/h3>\n<p style=\"text-align: center;\"><span style=\"color: #ab1010;\">De Kiko \u00a0Moya<\/span><br \/>\nEs melancol\u00eda gastron\u00f3mica, con la almendra como espuela para dejar correr los recuerdos. Un paseo por los montes y campos de la Mariola. Y mire, para m\u00ed es un bucear y no parar por mi pasado. Que para algo el Mister Cooking este es de esas tierras. Sencillamente magistral. Cada vez m\u00e1s logrado. Y eso que Kiko ha ido trabajando varias versiones de \u00e9l. Me tiene fascinado. Encurtidos y dulces de la mano. Como la vida.<\/p>\n<div id=\"attachment_16792\" style=\"width: 1034px\" class=\"wp-caption aligncenter\"><a href=\"https:\/\/static-blogs.lasprovincias.es\/wp-content\/uploads\/sites\/18\/2018\/06\/IMG_20180224_165803.jpg\"><img aria-describedby=\"caption-attachment-16792\" loading=\"lazy\" class=\"size-large wp-image-16792\" src=\"https:\/\/static-blogs.lasprovincias.es\/wp-content\/uploads\/sites\/18\/2018\/06\/IMG_20180224_165803-1024x768.jpg\" alt=\"dav\" width=\"1024\" height=\"768\" srcset=\"https:\/\/static-blogs.lasprovincias.es\/wp-content\/uploads\/sites\/18\/2018\/06\/IMG_20180224_165803.jpg 1024w, https:\/\/static-blogs.lasprovincias.es\/wp-content\/uploads\/sites\/18\/2018\/06\/IMG_20180224_165803-300x225.jpg 300w, https:\/\/static-blogs.lasprovincias.es\/wp-content\/uploads\/sites\/18\/2018\/06\/IMG_20180224_165803-768x576.jpg 768w\" sizes=\"(max-width: 1024px) 100vw, 1024px\" \/><\/a><p id=\"caption-attachment-16792\" class=\"wp-caption-text\">El postre.<\/p><\/div>\n<div id=\"attachment_16773\" style=\"width: 1034px\" class=\"wp-caption aligncenter\"><a href=\"https:\/\/static-blogs.lasprovincias.es\/wp-content\/uploads\/sites\/18\/2018\/06\/IMG_6342.jpg\"><img aria-describedby=\"caption-attachment-16773\" loading=\"lazy\" class=\"wp-image-16773 size-large\" src=\"https:\/\/static-blogs.lasprovincias.es\/wp-content\/uploads\/sites\/18\/2018\/06\/IMG_6342-1024x683.jpg\" alt=\"img_6342\" width=\"1024\" height=\"683\" srcset=\"https:\/\/static-blogs.lasprovincias.es\/wp-content\/uploads\/sites\/18\/2018\/06\/IMG_6342.jpg 1024w, https:\/\/static-blogs.lasprovincias.es\/wp-content\/uploads\/sites\/18\/2018\/06\/IMG_6342-300x200.jpg 300w, https:\/\/static-blogs.lasprovincias.es\/wp-content\/uploads\/sites\/18\/2018\/06\/IMG_6342-768x512.jpg 768w\" sizes=\"(max-width: 1024px) 100vw, 1024px\" \/><\/a><p id=\"caption-attachment-16773\" class=\"wp-caption-text\">La previa.<\/p><\/div>\n<h3 style=\"text-align: center;\"><span style=\"color: #c2ae7c;\">Almendra y lim\u00f3n<\/span><\/h3>\n<p style=\"text-align: center;\"><span style=\"color: #ab1010;\">De Alberto Ferruz<\/span><\/p>\n<p style=\"text-align: center;\">Pura excelencia. La almendra al servicio de la cocina dulce, que en este caso le lleva al l\u00edmite de espectacular. Es uno de los postres del a\u00f1o. Sin dudarlo. Redondo a rabiar. Almendra destripada. <strong>Maravillas maravillosas.<\/strong> \u00bfC\u00f3mo decirte m\u00e1s?<\/p>\n<p style=\"text-align: center;\"><a href=\"https:\/\/static-blogs.lasprovincias.es\/wp-content\/uploads\/sites\/18\/2018\/06\/IMG_8159.jpg\"><img loading=\"lazy\" class=\"alignnone size-large wp-image-16786\" src=\"https:\/\/static-blogs.lasprovincias.es\/wp-content\/uploads\/sites\/18\/2018\/06\/IMG_8159-1024x683.jpg\" alt=\"img_8159\" width=\"1024\" height=\"683\" srcset=\"https:\/\/static-blogs.lasprovincias.es\/wp-content\/uploads\/sites\/18\/2018\/06\/IMG_8159.jpg 1024w, https:\/\/static-blogs.lasprovincias.es\/wp-content\/uploads\/sites\/18\/2018\/06\/IMG_8159-300x200.jpg 300w, https:\/\/static-blogs.lasprovincias.es\/wp-content\/uploads\/sites\/18\/2018\/06\/IMG_8159-768x512.jpg 768w\" sizes=\"(max-width: 1024px) 100vw, 1024px\" \/><\/a><\/p>\n<h3 style=\"text-align: center;\"><span style=\"color: #c2ae7c;\">P\u00e9talos blancos<\/span><\/h3>\n<p style=\"text-align: center;\"><span style=\"color: #ab1010;\">Quique Dacosta<\/span><\/p>\n<p style=\"text-align: center;\"><span style=\"color: #333333;\">La \u00faltima obra maestra de nuestro cocinero de las estrellas. Arte y almendra, naturaleza y plato. Es la excelencia del sabor vestida con la est\u00e9tica inconfundible de los platos del chef afincado en D\u00e9nia. Al final, quiz\u00e1s, la vida sea eso. O deber\u00eda ser eso. P\u00e9talos blancos que te miman, te acarician, te seducen, te abrazan&#8230; y te hacen ser feliz. <strong>Todo tan simple y complejo como una almendra.\u00a0<\/strong><\/span><\/p>\n<p style=\"text-align: center;\"><a href=\"https:\/\/static-blogs.lasprovincias.es\/wp-content\/uploads\/sites\/18\/2018\/06\/IMG_9127-2.jpg\"><img loading=\"lazy\" class=\"alignnone size-large wp-image-16790\" src=\"https:\/\/static-blogs.lasprovincias.es\/wp-content\/uploads\/sites\/18\/2018\/06\/IMG_9127-2-1024x683.jpg\" alt=\"img_9127-2\" width=\"1024\" height=\"683\" srcset=\"https:\/\/static-blogs.lasprovincias.es\/wp-content\/uploads\/sites\/18\/2018\/06\/IMG_9127-2.jpg 1024w, https:\/\/static-blogs.lasprovincias.es\/wp-content\/uploads\/sites\/18\/2018\/06\/IMG_9127-2-300x200.jpg 300w, https:\/\/static-blogs.lasprovincias.es\/wp-content\/uploads\/sites\/18\/2018\/06\/IMG_9127-2-768x512.jpg 768w\" sizes=\"(max-width: 1024px) 100vw, 1024px\" \/><\/a><\/p>\n<hr \/>\n<p style=\"text-align: center;\"><a href=\"https:\/\/static-blogs.lasprovincias.es\/wp-content\/uploads\/sites\/18\/2018\/06\/IMG_6207.jpg\"><img loading=\"lazy\" class=\"alignnone size-large wp-image-16809\" src=\"https:\/\/static-blogs.lasprovincias.es\/wp-content\/uploads\/sites\/18\/2018\/06\/IMG_6207-1024x683.jpg\" alt=\"img_6207\" width=\"1024\" height=\"683\" srcset=\"https:\/\/static-blogs.lasprovincias.es\/wp-content\/uploads\/sites\/18\/2018\/06\/IMG_6207.jpg 1024w, https:\/\/static-blogs.lasprovincias.es\/wp-content\/uploads\/sites\/18\/2018\/06\/IMG_6207-300x200.jpg 300w, https:\/\/static-blogs.lasprovincias.es\/wp-content\/uploads\/sites\/18\/2018\/06\/IMG_6207-768x512.jpg 768w\" sizes=\"(max-width: 1024px) 100vw, 1024px\" \/><\/a><\/p>\n<!-- AddThis Advanced Settings generic via filter on the_content --><!-- AddThis Share Buttons generic via filter on the_content -->","protected":false},"excerpt":{"rendered":"<p>De fray Juan Altamiras a Mugaritz, de Abraham Garc\u00eda al Lido 84.\u00a0El fruto seco por excelencia del Mediterr\u00e1neo saca m\u00fasculo y, m\u00e1s all\u00e1 de los dulces tradicionales y de los guisos t\u00edpicos, se cuela en las cartas de los restaurantes m\u00e1s reputados. La almendra sigue m\u00e1s vivaz que nunca.\u00a0Virtuosa y deliciosa.\u00a0 Una gota de agua [&hellip;]<!-- AddThis Advanced Settings generic via filter on get_the_excerpt --><!-- AddThis Share Buttons generic via filter on get_the_excerpt --><\/p>\n","protected":false},"author":23,"featured_media":16794,"comment_status":"open","ping_status":"open","sticky":false,"template":"","format":"standard","meta":[],"categories":[3,4,5,1,7],"tags":[1430,29,1547,60,142,1300,582,590,753,807,889,958,1383,1536,1301,1431],"_links":{"self":[{"href":"https:\/\/blogs.lasprovincias.es\/historiascondelantal\/wp-json\/wp\/v2\/posts\/16731"}],"collection":[{"href":"https:\/\/blogs.lasprovincias.es\/historiascondelantal\/wp-json\/wp\/v2\/posts"}],"about":[{"href":"https:\/\/blogs.lasprovincias.es\/historiascondelantal\/wp-json\/wp\/v2\/types\/post"}],"author":[{"embeddable":true,"href":"https:\/\/blogs.lasprovincias.es\/historiascondelantal\/wp-json\/wp\/v2\/users\/23"}],"replies":[{"embeddable":true,"href":"https:\/\/blogs.lasprovincias.es\/historiascondelantal\/wp-json\/wp\/v2\/comments?post=16731"}],"version-history":[{"count":17,"href":"https:\/\/blogs.lasprovincias.es\/historiascondelantal\/wp-json\/wp\/v2\/posts\/16731\/revisions"}],"predecessor-version":[{"id":16823,"href":"https:\/\/blogs.lasprovincias.es\/historiascondelantal\/wp-json\/wp\/v2\/posts\/16731\/revisions\/16823"}],"wp:featuredmedia":[{"embeddable":true,"href":"https:\/\/blogs.lasprovincias.es\/historiascondelantal\/wp-json\/wp\/v2\/media\/16794"}],"wp:attachment":[{"href":"https:\/\/blogs.lasprovincias.es\/historiascondelantal\/wp-json\/wp\/v2\/media?parent=16731"}],"wp:term":[{"taxonomy":"category","embeddable":true,"href":"https:\/\/blogs.lasprovincias.es\/historiascondelantal\/wp-json\/wp\/v2\/categories?post=16731"},{"taxonomy":"post_tag","embeddable":true,"href":"https:\/\/blogs.lasprovincias.es\/historiascondelantal\/wp-json\/wp\/v2\/tags?post=16731"}],"curies":[{"name":"wp","href":"https:\/\/api.w.org\/{rel}","templated":true}]}}