{"id":16761,"date":"2018-06-30T07:42:59","date_gmt":"2018-06-30T05:42:59","guid":{"rendered":"http:\/\/blogs.lasprovincias.es\/historiascondelantal\/?p=16761"},"modified":"2018-06-29T18:49:19","modified_gmt":"2018-06-29T16:49:19","slug":"ulises-menezo-quiero-hacer-paella-de-fetge-de-waygu-en-la-granja-de-mi-proveedor-en-japon","status":"publish","type":"post","link":"https:\/\/blogs.lasprovincias.es\/historiascondelantal\/2018\/06\/30\/ulises-menezo-quiero-hacer-paella-de-fetge-de-waygu-en-la-granja-de-mi-proveedor-en-japon\/","title":{"rendered":"Ulises Menezo: \u00abQuiero hacer paella de \u2018fetge de waygu\u2019 en la granja de mi proveedor en Jap\u00f3n\u00bb"},"content":{"rendered":"<p><strong>MIENTRAS AFILABA LOS L\u00c1PICES, este entusiasta hostelero e importador de carne nipona, limpiaba el polvo de uno de sus locales en Valencia. Fue quien abri\u00f3 el primer japon\u00e9s en la ciudad, <a href=\"https:\/\/blogs.lasprovincias.es\/historiascondelantal\/2016\/05\/07\/la-fiesta-de-la-gastronomia-japonesa-en-valencia\/\">Tastem<\/a>, cuando nadie cre\u00eda con la cocina del sushi.<span style=\"color: #ab1010;\"> Cuando llegu\u00e9 a su restaurante, estaba pintando una pared. Al despedirme le dej\u00e9 sirviendo mesas.<\/span> \u00abEstoy atacado, voy tapando huecos\u00bb, me confes\u00f3. De remate, le despedazamos. De pies a cabeza.<\/strong><\/p>\n<p style=\"text-align: center;\"><a href=\"https:\/\/static-blogs.lasprovincias.es\/wp-content\/uploads\/sites\/18\/2018\/06\/1518471959405.jpeg\"><img loading=\"lazy\" class=\"alignnone size-large wp-image-16492\" src=\"https:\/\/static-blogs.lasprovincias.es\/wp-content\/uploads\/sites\/18\/2018\/06\/1518471959405-1024x250.jpeg\" alt=\"1518471959405\" width=\"1024\" height=\"250\" srcset=\"https:\/\/static-blogs.lasprovincias.es\/wp-content\/uploads\/sites\/18\/2018\/06\/1518471959405-1024x250.jpeg 1024w, https:\/\/static-blogs.lasprovincias.es\/wp-content\/uploads\/sites\/18\/2018\/06\/1518471959405-300x73.jpeg 300w, https:\/\/static-blogs.lasprovincias.es\/wp-content\/uploads\/sites\/18\/2018\/06\/1518471959405-768x187.jpeg 768w, https:\/\/static-blogs.lasprovincias.es\/wp-content\/uploads\/sites\/18\/2018\/06\/1518471959405.jpeg 2048w\" sizes=\"(max-width: 1024px) 100vw, 1024px\" \/><\/a><\/p>\n<h3 style=\"text-align: right;\"><\/h3>\n<p style=\"text-align: right;\">1- JOAQU\u00cdN<strong>\u00a0SCHMIDT.<\/strong>\u00a0<a href=\"https:\/\/blogs.lasprovincias.es\/historiascondelantal\/2018\/01\/15\/joaquin-schmidt-creo-que-soy-un-poco-extraterrestre-pero-con-los-pies-en-el-suelo\/\">FUERA DE\u00a0<strong>GUI\u00d3N<\/strong><\/a><\/p>\n<p style=\"text-align: right;\">2- MANUEL\u00a0<strong>ALONSO<\/strong>.\u00a0<a href=\"https:\/\/blogs.lasprovincias.es\/historiascondelantal\/2018\/01\/23\/manuel-alonso-me-gustaria-bailar-como-michael-jackson\/\">EXTRA DE\u00a0<strong>PASI\u00d3N<\/strong><\/a><\/p>\n<p style=\"text-align: right;\">3- ABRAHAM\u00a0<strong>GARC\u00cdA<\/strong>.\u00a0<a href=\"https:\/\/blogs.lasprovincias.es\/historiascondelantal\/2018\/02\/08\/abraham-garcia-las-pasiones-como-los-besos-y-los-callos-son-con-lengua-o-no-lo-son\/\">RE\/VERSO\u00a0<strong>LIBRE<\/strong><\/a><\/p>\n<p style=\"text-align: right;\">4. CARLOS<strong>\u00a0MEDINA.<a href=\"https:\/\/blogs.lasprovincias.es\/historiascondelantal\/2018\/02\/14\/carlos-medina-me-gustaria-poder-cocinar-semen-de-bacalao-es-de-lo-mas-delicioso-que-he-probado\/\">\u00a0<\/a><\/strong><a href=\"https:\/\/blogs.lasprovincias.es\/historiascondelantal\/2018\/02\/14\/carlos-medina-me-gustaria-poder-cocinar-semen-de-bacalao-es-de-lo-mas-delicioso-que-he-probado\/\">COCINA<strong>\u00a0EL\u00c9CTRICA<\/strong><\/a><\/p>\n<p style=\"text-align: right;\">5. BERND H.\u00a0<strong>KN\u00d6LLER<\/strong>.\u00a0<a href=\"https:\/\/blogs.lasprovincias.es\/historiascondelantal\/2018\/02\/22\/bernd-h-knoller-en-mi-fase-mas-loca-servia-corazon-de-lechal-crudo-con-atun-tambien-crudo\/\"><strong>CATEDR\u00c1TICO<\/strong>\u00a0EN MESA<\/a><\/p>\n<p style=\"text-align: right;\">6. MIGUEL \u00c1NGEL\u00a0<strong>MAYOR<\/strong>.\u00a0<a href=\"https:\/\/blogs.lasprovincias.es\/historiascondelantal\/2018\/03\/08\/miguel-angel-mayor-no-pretendo-que-me-entienda-cuando-a-veces-no-me-comprendo-ni-yo\/\"><strong>SOBREDOSIS<\/strong>\u00a0DE COCINA<\/a><\/p>\n<p style=\"text-align: right;\">7. RAKEL\u00a0<strong>CERNICHARO<\/strong>.\u00a0<a href=\"https:\/\/blogs.lasprovincias.es\/historiascondelantal\/2018\/03\/29\/rakel-cernicharo-no-estoy-mentalmente-preparada-para-ir-por-la-estrella-creo-que-estaria-insoportable\/\"><strong>CICLOG\u00c9NESIS<\/strong>\u00a0EN LA COCINA<\/a><\/p>\n<p style=\"text-align: right;\">8. PERFECTE\u00a0<strong>ROCHER<\/strong>.\u00a0<a href=\"https:\/\/blogs.lasprovincias.es\/historiascondelantal\/2018\/04\/02\/perfecte-rocher-hay-estrellitas-y-estrellados-gente-que-se-cree-que-ser-cocinero-es-algo-mas-que-dar-de-comer\/\">PURA\u00a0<strong>RA\u00cdZ<\/strong><\/a><\/p>\n<p style=\"text-align: right;\">9. GERM\u00c1N\u00a0<strong>CARRIZO<\/strong>.\u00a0\u00a0<a href=\"https:\/\/blogs.lasprovincias.es\/historiascondelantal\/2018\/04\/12\/german-carrizo-dentro-de-diez-anos-me-veo-con-dos-hijos-mi-mujer-y-feliz-haciendo-lo-que-me-gusta\/\"><strong>BUCLE<\/strong>\u00a0DE PASIONES<\/a><\/p>\n<p style=\"text-align: right;\">10. PABLO\u00a0<strong>MARG\u00d3S<\/strong>.\u00a0<a href=\"https:\/\/blogs.lasprovincias.es\/historiascondelantal\/2018\/03\/08\/miguel-angel-mayor-no-pretendo-que-me-entienda-cuando-a-veces-no-me-comprendo-ni-yo\/\">MIL\u00a0<strong>HORAS<\/strong><\/a><\/p>\n<p style=\"text-align: right;\">11. MAR\u00cdA JOS\u00c9\u00a0<strong>MART\u00cdNEZ<\/strong>.\u00a0<a href=\"https:\/\/blogs.lasprovincias.es\/historiascondelantal\/2018\/05\/18\/maria-jose-martinez-la-excelencia-no-es-cosa-de-hombes-ni-de-nadie-no-tiene-genero\/\">COGIENDO\u00a0<strong>BR\u00cdO<\/strong><\/a><\/p>\n<p style=\"text-align: right;\">12. PACO\u00a0<strong>TORREBLANCA<\/strong>.\u00a0\u00a0<a href=\"https:\/\/blogs.lasprovincias.es\/historiascondelantal\/2018\/05\/28\/paco-torreblanca-cuando-uno-se-dedica-a-mirarse-el-ombligo-el-mundo-se-acaba\/\">ALMA DE\u00a0<strong>ALQUIMISTA<\/strong><\/a><\/p>\n<p style=\"text-align: right;\">13. ALBERTO\u00a0<strong>FERRUZ<\/strong>.\u00a0\u00a0<a href=\"https:\/\/blogs.lasprovincias.es\/historiascondelantal\/2018\/06\/07\/alberto-ferruz-cuando-me-pongo-nervioso-como-sal-durante-el-servicio-mi-equipo-flipa\/\"><strong>TORBELLINO<\/strong> DISCRETO<\/a><\/p>\n<p style=\"text-align: right;\">14, LUCAS\u00a0<strong>BUSTOS<\/strong>. <a href=\"https:\/\/blogs.lasprovincias.es\/historiascondelantal\/2018\/06\/18\/lucas-bustos-creo-que-mi-primer-restaurante-fue-un-gol-en-contra-estuve-tres-anos-pagando-deudas\/\">SIN MEDIAS <strong>TINTAS<\/strong><\/a><\/p>\n<p style=\"text-align: right;\">15. ULISES <strong>MENEZO<\/strong>. TRANQUILIDAD NIPONA<\/p>\n<div class=\"col-xs-12 col-sm-12 col-md-8 col-lg-8 col-md-push-4 voc-blogs-content\">\n<div class=\"voc-detail voc-detail-grid-inverted\" data-voc-share-selection=\"\">\n<hr \/>\n<\/div>\n<\/div>\n<p><!--more--><\/p>\n<p>&nbsp;<\/p>\n<h3><span style=\"color: #ab1010;\">EXTREMIDADES<\/span><\/h3>\n<p><strong>\u00bfCuentas con los dedos?<\/strong><\/p>\n<p>S\u00ed. Tambi\u00e9n a lo japon\u00e9s.<\/p>\n<p><strong>Haz una peineta a alguien.<\/strong><\/p>\n<p>Ahora mismo, a los pol\u00edticos en general.<\/p>\n<p><strong>\u00bfY a qui\u00e9n le aplaudir\u00edas?<\/strong><\/p>\n<p>A las personas mayores. Estamos donde estamos por ellos, y creo que la gente no se da cuenta.<\/p>\n<p><strong>\u00bfQu\u00e9 se debe comer siempre con las manos?<\/strong><\/p>\n<p>Todo lo que puedas. Hay que sentirlo.<\/p>\n<p><strong>\u00bfHas dado alguna vez alg\u00fan pu\u00f1etazo?<\/strong><\/p>\n<p>\u00bfA una mesa? S\u00ed (r\u00ede).<\/p>\n<p><strong>\u00bfY te han puesto alguna zancadilla?<\/strong><\/p>\n<p>S\u00ed, alguna vez.<\/p>\n<p><strong>\u00bfY t\u00fa has puesto?<\/strong><\/p>\n<p>No suelo poner, creo. Y eso que corr\u00eda mucho. Cuando corres en grupo siempre acabas recibiendo alguna.<\/p>\n<p><strong>\u00bfTe depilas las piernas?<\/strong><\/p>\n<p>No (rotundo)<\/p>\n<p><strong>Pierna de cordero o pata de pulpo.<\/strong><\/p>\n<p>Pata de pulpo. A la brasa.<\/p>\n<p>&nbsp;<\/p>\n<h3><span style=\"color: #ab1010;\">TRONCO<\/span><\/h3>\n<p><strong>\u00bfC\u00f3mo me servir\u00edas un costillar?<\/strong><\/p>\n<p>A baja temperatura, que se ponga meloso y se deshaga en la boca.<\/p>\n<p><strong>\u00bfQu\u00e9 te da mala bilis?<\/strong><\/p>\n<p>Las excusas.<\/p>\n<p><strong>\u00bf\u00dalceras en el est\u00f3mago?<\/strong><\/p>\n<p>Que yo sepa, no. Nunca he tenido. Lo tengo fuerte. Soporta de todo.<\/p>\n<p><strong>\u00bfQu\u00e9 v\u00edsceras te comes?<\/strong><\/p>\n<p>Oh, todas, todas. Me gusta mucho el h\u00edgado; y los ri\u00f1ones, que de peque\u00f1o mi madre nos daba.<\/p>\n<p><strong>Lo m\u00e1s raro que comiste.<\/strong><\/p>\n<p>Muchas cosas. Una vez en Jap\u00f3n nos sacaron un pescado (funazushi) y que est\u00e1 en estado de putrefacci\u00f3n. El olor es una pasada. Te da arcadas. Pero luego est\u00e1 bueno.<\/p>\n<p><strong>\u00bfTe importan tus abdominales?<\/strong><\/p>\n<p>No s\u00e9 si te refieres a marcarlos, pero para m\u00ed lo que\u00a0 es importante es tenerlos fuertes porque consigues un equilibrio en tu cuerpo. Te evita problemas de espaldas. Tener abdominales, no a nivel est\u00e9tico, pero s\u00ed por salud, es importante para tu equilibrio.<\/p>\n<p><strong>Me fascin\u00f3 un plato de\u00a0 barriga de rodaballo en el <a href=\"https:\/\/blogs.lasprovincias.es\/historiascondelantal\/2017\/06\/04\/viaje-estratosferico-al-celler-de-can-roca\/\">Celler de Can Roca<\/a>.<\/strong><\/p>\n<p>Creo que com\u00ed\u00a0 barriga a la barbacoa en Corea, no s\u00e9&#8230;<\/p>\n<p>&nbsp;<\/p>\n<div id=\"attachment_16818\" style=\"width: 698px\" class=\"wp-caption aligncenter\"><a href=\"https:\/\/static-blogs.lasprovincias.es\/wp-content\/uploads\/sites\/18\/2018\/06\/1407726310-1.jpg\"><img aria-describedby=\"caption-attachment-16818\" loading=\"lazy\" class=\"size-large wp-image-16818\" src=\"https:\/\/static-blogs.lasprovincias.es\/wp-content\/uploads\/sites\/18\/2018\/06\/1407726310-1-688x1024.jpg\" alt=\"Comunidad Valenciana. Valencia 19 de Junio de 2018. Restaurante HONOO. Fotograf\u2019a de: Damian Torres\" width=\"688\" height=\"1024\" srcset=\"https:\/\/static-blogs.lasprovincias.es\/wp-content\/uploads\/sites\/18\/2018\/06\/1407726310-1-688x1024.jpg 688w, https:\/\/static-blogs.lasprovincias.es\/wp-content\/uploads\/sites\/18\/2018\/06\/1407726310-1-202x300.jpg 202w, https:\/\/static-blogs.lasprovincias.es\/wp-content\/uploads\/sites\/18\/2018\/06\/1407726310-1-768x1143.jpg 768w\" sizes=\"(max-width: 688px) 100vw, 688px\" \/><\/a><p id=\"caption-attachment-16818\" class=\"wp-caption-text\">Ulises Menezo. Fotograf\u00eda de: Dami\u00e1n Torres<\/p><\/div>\n<p>&nbsp;<\/p>\n<h3><span style=\"color: #ab1010;\">CORAZ\u00d3N<\/span><\/h3>\n<p><strong>\u00bfQu\u00e9 te da taquicardia?<\/strong><\/p>\n<p>El mal orden. Soy un obsesionado del orden, de la limpieza. Eso me produce un poco de taquicardia porque no puedo estar siempre encima.<\/p>\n<p><strong>El plato que te apasiona.<\/strong><\/p>\n<p>Me apasiona, en realidad, la paella. Siempre buscas la paella perfecta. El sabor, si el arroz est\u00e1 m\u00e1s duro, la proporci\u00f3n del socarrat. Eso es la bomba.<\/p>\n<p><strong>\u00bfQu\u00e9 imagen te parti\u00f3 el coraz\u00f3n?<\/strong><\/p>\n<p>M\u00e1s que una imagen, lo que me lo parte es c\u00f3mo hemos cambiado. La evoluci\u00f3n que tenemos. Me decepciona ver que hemos adelantado a nivel tecnol\u00f3gico pero humanamente vamos hacia atr\u00e1s. Hemos complicado las cosas, todo es m\u00e1s sencillo.<\/p>\n<p><strong>\u00bfQu\u00e9 coraz\u00f3n cocinar\u00edas\u00a0 a la brasa?<\/strong><\/p>\n<p>De waygu. Es incre\u00edble. Quiero hacer paella de \u2018fetge\u2019 de waygu en la granja de mi proveedor en Jap\u00f3n.<\/p>\n<p><strong>Un <a href=\"https:\/\/blogs.lasprovincias.es\/historiascondelantal\/2016\/05\/07\/cuatro-niguiris-que-hay-que-probar\/\">niguiri <\/a>que enamora.<\/strong><\/p>\n<p>De anguila. Es una pasada. Pero de anguila de verdad y bien hecho.<\/p>\n<p><strong>Una ciudad<\/strong><\/p>\n<p>Te dir\u00eda Valencia, que es la que tengo en el coraz\u00f3n. Pero te dir\u00eda alguna de Jap\u00f3n. No de las grandes.<\/p>\n<p><strong>\u00bfMal de amores?<\/strong><\/p>\n<p>No, no, eso no.<\/p>\n<p><strong>\u00bfHas dibujado corazones?<\/strong><\/p>\n<p>S\u00ed, alguna vez.<\/p>\n<p>&nbsp;<\/p>\n<h3><span style=\"color: #ab1010;\">CABEZA<\/span><\/h3>\n<p><strong>De cabeza y r\u00e1pido. Tenemos 200 niguiris para cinco, \u00bfa cu\u00e1ntos salimos?<\/strong><\/p>\n<p>Eh, no s\u00e9. Salimos a un huevo. Doscientos entre cinco&#8230; a cuarenta. (Suspira)<\/p>\n<p><strong>\u00bfQui\u00e9n te toma el pelo?<\/strong><\/p>\n<p>Uff, todos los d\u00edas me lo toman. Si no es uno es otro.<\/p>\n<p><strong>Y t\u00fa, \u00bfa qui\u00e9n se lo has tomado?<\/strong><\/p>\n<p>Si hablamos de cachondeo a mucha gente; pero no suelo hacerlo.<\/p>\n<p><strong>El men\u00fa que te cost\u00f3 un ojo de la cara.<\/strong><\/p>\n<p>En Tokyo en un restaurante. Fue demasiado caro. El plato principal era waygu&#8230; era una locura.<\/p>\n<p><strong>Tu taco preferido que suele salir de tu boca.<\/strong><\/p>\n<p>Me cago en la puta.<\/p>\n<p><strong>Un sue\u00f1o en tu cabeza.<\/strong><\/p>\n<p>Me gustar\u00eda conseguir tener mi restaurante en Jap\u00f3n. Ese es mi sue\u00f1o. Un restaurante espa\u00f1ol. Es hacer el viaje inverso.<\/p>\n<p><strong>\u00bfCu\u00e1ntas veces has estado en Jap\u00f3n?<\/strong><\/p>\n<p>No recuerdo. Son casi veinte a\u00f1os viajando a all\u00ed, a veces hasta cinco veces en un a\u00f1o.<\/p>\n<p><strong>\u00bfY d\u00f3nde comer lo mejor de lo mejor?<\/strong><\/p>\n<p>Aqu\u00ed, hay que buscar buena cocina de mercado. Y fuera, siempre ir donde el producto es excelente. La clave es el producto.<\/p>\n<div id=\"attachment_16817\" style=\"width: 1034px\" class=\"wp-caption aligncenter\"><a href=\"https:\/\/static-blogs.lasprovincias.es\/wp-content\/uploads\/sites\/18\/2018\/06\/1407726153-1.jpg\"><img aria-describedby=\"caption-attachment-16817\" loading=\"lazy\" class=\"size-large wp-image-16817\" src=\"https:\/\/static-blogs.lasprovincias.es\/wp-content\/uploads\/sites\/18\/2018\/06\/1407726153-1-1024x683.jpg\" alt=\"Comunidad Valenciana. Valencia 19 de Junio de 2018. Restaurante HONOO. Fotograf\u2019a de: Damian Torres\" width=\"1024\" height=\"683\" srcset=\"https:\/\/static-blogs.lasprovincias.es\/wp-content\/uploads\/sites\/18\/2018\/06\/1407726153-1-1024x683.jpg 1024w, https:\/\/static-blogs.lasprovincias.es\/wp-content\/uploads\/sites\/18\/2018\/06\/1407726153-1-300x200.jpg 300w, https:\/\/static-blogs.lasprovincias.es\/wp-content\/uploads\/sites\/18\/2018\/06\/1407726153-1-768x512.jpg 768w\" sizes=\"(max-width: 1024px) 100vw, 1024px\" \/><\/a><p id=\"caption-attachment-16817\" class=\"wp-caption-text\">Fotograf\u00eda de: Dami\u00e1n Torres<\/p><\/div>\n<h3 style=\"text-align: center;\"><span style=\"color: #ab1010;\"><strong>LA PREGUNTA QUE RECHAZ\u00d3<\/strong><\/span><\/h3>\n<h3 style=\"text-align: center;\">\u00ab\u00bfQu\u00e9 te tatuar\u00edas en el pecho?\u00bb (Me confes\u00f3 que no le van los tatuajes: \u00abes algo muy complicado\u00bb)<\/h3>\n<h3 style=\"text-align: center;\"><span style=\"color: #ff9900;\"><strong>LA PREGUNTA QUE SE HUBIESE HECHO<\/strong><\/span><\/h3>\n<h3 style=\"text-align: center;\">\u00abCreo que deber\u00edas haber hecho una pregunta m\u00e1s personal, m\u00e1s familiar&#8230;\u00bb Quiz\u00e1, al sacarle el coraz\u00f3n.<\/h3>\n<hr \/>\n<p style=\"text-align: center;\"><span style=\"color: #ab1010;\">\u00abUlises creo que es una persona tranquila, sincera; como dice la gente: pienso que es un buen t\u00edo\u00bb, confes\u00f3 Menezo tras encararle la grabadora de esp\u00eda aturullado y lanzarle la pregunta: \u00abY t\u00fa, \u00bfc\u00f3mo te ves?\u00bb.\u00a0 Pausado, como si el Jap\u00f3n que le enganch\u00f3 hace ya casi veinte a\u00f1os hubiese hecho mecha en \u00e9l, empez\u00f3 a reflexionar sobre su forma de ser. \u00abNunca he tenido maldad; me gusta mucho los retos. Siempre hacer algo nuevo, crear, pensar en proyectos. En eso soy muy din\u00e1mico\u00bb, sentenci\u00f3. Cont\u00f3 que su cabeza no para. Y se nota al estar con \u00e9l. Y que le gusta hacer las cosa f\u00e1ciles. Y esa parece su gran premisa. \u00abA nivel personal, soy una persona simple. Estoy en contra de lo que pasa en la vida, en la que todo se hace tan complicado. Eso no me cuadra. El \u00e9xito est\u00e1 en la simplicidad\u00bb. <\/span><strong>Este es su AUTORREPLATO<\/strong><\/p>\n<p><a href=\"https:\/\/static-blogs.lasprovincias.es\/wp-content\/uploads\/sites\/18\/2018\/06\/IMG_20180619_154624.jpg\"><img loading=\"lazy\" class=\"size-full wp-image-16819\" src=\"https:\/\/static-blogs.lasprovincias.es\/wp-content\/uploads\/sites\/18\/2018\/06\/IMG_20180619_154624.jpg\" alt=\"dav\" width=\"944\" height=\"768\" srcset=\"https:\/\/static-blogs.lasprovincias.es\/wp-content\/uploads\/sites\/18\/2018\/06\/IMG_20180619_154624.jpg 944w, https:\/\/static-blogs.lasprovincias.es\/wp-content\/uploads\/sites\/18\/2018\/06\/IMG_20180619_154624-300x244.jpg 300w, https:\/\/static-blogs.lasprovincias.es\/wp-content\/uploads\/sites\/18\/2018\/06\/IMG_20180619_154624-768x625.jpg 768w\" sizes=\"(max-width: 944px) 100vw, 944px\" \/><\/a><\/p>\n<hr \/>\n<!-- AddThis Advanced Settings generic via filter on the_content --><!-- AddThis Share Buttons generic via filter on the_content -->","protected":false},"excerpt":{"rendered":"<p>MIENTRAS AFILABA LOS L\u00c1PICES, este entusiasta hostelero e importador de carne nipona, limpiaba el polvo de uno de sus locales en Valencia. Fue quien abri\u00f3 el primer japon\u00e9s en la ciudad, Tastem, cuando nadie cre\u00eda con la cocina del sushi. Cuando llegu\u00e9 a su restaurante, estaba pintando una pared. Al despedirme le dej\u00e9 sirviendo mesas. [&hellip;]<!-- AddThis Advanced Settings generic via filter on get_the_excerpt --><!-- AddThis Share Buttons generic via filter on get_the_excerpt --><\/p>\n","protected":false},"author":23,"featured_media":16815,"comment_status":"open","ping_status":"open","sticky":false,"template":"","format":"standard","meta":[],"categories":[3,5,1],"tags":[261,475,1549,1046,1548],"_links":{"self":[{"href":"https:\/\/blogs.lasprovincias.es\/historiascondelantal\/wp-json\/wp\/v2\/posts\/16761"}],"collection":[{"href":"https:\/\/blogs.lasprovincias.es\/historiascondelantal\/wp-json\/wp\/v2\/posts"}],"about":[{"href":"https:\/\/blogs.lasprovincias.es\/historiascondelantal\/wp-json\/wp\/v2\/types\/post"}],"author":[{"embeddable":true,"href":"https:\/\/blogs.lasprovincias.es\/historiascondelantal\/wp-json\/wp\/v2\/users\/23"}],"replies":[{"embeddable":true,"href":"https:\/\/blogs.lasprovincias.es\/historiascondelantal\/wp-json\/wp\/v2\/comments?post=16761"}],"version-history":[{"count":10,"href":"https:\/\/blogs.lasprovincias.es\/historiascondelantal\/wp-json\/wp\/v2\/posts\/16761\/revisions"}],"predecessor-version":[{"id":16857,"href":"https:\/\/blogs.lasprovincias.es\/historiascondelantal\/wp-json\/wp\/v2\/posts\/16761\/revisions\/16857"}],"wp:featuredmedia":[{"embeddable":true,"href":"https:\/\/blogs.lasprovincias.es\/historiascondelantal\/wp-json\/wp\/v2\/media\/16815"}],"wp:attachment":[{"href":"https:\/\/blogs.lasprovincias.es\/historiascondelantal\/wp-json\/wp\/v2\/media?parent=16761"}],"wp:term":[{"taxonomy":"category","embeddable":true,"href":"https:\/\/blogs.lasprovincias.es\/historiascondelantal\/wp-json\/wp\/v2\/categories?post=16761"},{"taxonomy":"post_tag","embeddable":true,"href":"https:\/\/blogs.lasprovincias.es\/historiascondelantal\/wp-json\/wp\/v2\/tags?post=16761"}],"curies":[{"name":"wp","href":"https:\/\/api.w.org\/{rel}","templated":true}]}}