{"id":16873,"date":"2018-07-05T15:56:08","date_gmt":"2018-07-05T13:56:08","guid":{"rendered":"http:\/\/blogs.lasprovincias.es\/historiascondelantal\/?p=16873"},"modified":"2018-07-05T16:00:55","modified_gmt":"2018-07-05T14:00:55","slug":"lo-mejor-del-menu-de-fierro","status":"publish","type":"post","link":"https:\/\/blogs.lasprovincias.es\/historiascondelantal\/2018\/07\/05\/lo-mejor-del-menu-de-fierro\/","title":{"rendered":"Lo mejor del men\u00fa de Fierro"},"content":{"rendered":"<p><strong>Temporada cuarta en la casa de la mesa para doce. Un aguacate templado puso la sorpresa. Eso y quiz\u00e1 la falsa lasa\u00f1a con oreja. La parte dulce m\u00e1s gloriosa, la trilog\u00eda del cacao con fondill\u00f3n. En cualquier caso, lo mejor de la cena es lo que podr\u00eda parecer el gran inconveniente: <span style=\"color: #ab1010;\">compartir con gente que no conoces un men\u00fa que rezuma pasi\u00f3n<\/span>. El triunfo de creer en lo que haces. Y en eso, Germ\u00e1n y Carito san una lecci\u00f3n constante.<span style=\"color: #c2ae7c;\"> Ir a Fierro siempre es algo vibrante.<\/span> Vale la pena.<\/strong><\/p>\n<p style=\"text-align: center;\"><a href=\"https:\/\/static-blogs.lasprovincias.es\/wp-content\/uploads\/sites\/18\/2018\/07\/IMG_1583.jpg\"><img loading=\"lazy\" class=\"alignnone size-large wp-image-16898\" src=\"https:\/\/static-blogs.lasprovincias.es\/wp-content\/uploads\/sites\/18\/2018\/07\/IMG_1583-1024x634.jpg\" alt=\"img_1583\" width=\"1024\" height=\"634\" srcset=\"https:\/\/static-blogs.lasprovincias.es\/wp-content\/uploads\/sites\/18\/2018\/07\/IMG_1583.jpg 1024w, https:\/\/static-blogs.lasprovincias.es\/wp-content\/uploads\/sites\/18\/2018\/07\/IMG_1583-300x186.jpg 300w, https:\/\/static-blogs.lasprovincias.es\/wp-content\/uploads\/sites\/18\/2018\/07\/IMG_1583-768x476.jpg 768w\" sizes=\"(max-width: 1024px) 100vw, 1024px\" \/><\/a><\/p>\n<p>&nbsp;<\/p>\n<h3 style=\"text-align: right;\"><span style=\"color: #c9af81;\">LOS MEN\u00daS DE 2018<\/span><\/h3>\n<p style=\"text-align: right;\"><span style=\"color: #dbc297;\">1.\u00a0<span style=\"color: #ab1010;\"><a style=\"color: #ab1010;\" href=\"https:\/\/blogs.lasprovincias.es\/historiascondelantal\/2018\/03\/24\/lo-mejor-del-menu-de-ricard-camarena\/\">Ricard Camarena<\/a>.<\/span>\u00a0<span style=\"color: #c9af81;\">Una estrella que palpita.<\/span><\/span><\/p>\n<p style=\"text-align: right;\"><span style=\"color: #dbc297;\">2.<span style=\"color: #ab1010;\">\u00a0<a style=\"color: #ab1010;\" href=\"https:\/\/blogs.lasprovincias.es\/historiascondelantal\/2018\/04\/06\/lo-mejor-del-menu-de-lescaleta\/\">L\u2019Escaleta<\/a><\/span>.\u00a0<span style=\"color: #c9af81;\">El \u00e9xito del silencio<\/span>.<\/span><\/p>\n<p style=\"text-align: right;\"><span style=\"color: #dbc297;\">3.\u00a0<span style=\"color: #ab1010;\"><a style=\"color: #ab1010;\" href=\"https:\/\/blogs.lasprovincias.es\/historiascondelantal\/2018\/04\/21\/lo-mejor-del-menu-de-bonamb\/\">Bon Amb<\/a><\/span>.\u00a0<span style=\"color: #c9af81;\">Una cocina llena de luces.<\/span><\/span><\/p>\n<p style=\"text-align: right;\"><span style=\"color: #dbc297;\">4.\u00a0<span style=\"color: #ab1010;\"><a style=\"color: #ab1010;\" href=\"https:\/\/blogs.lasprovincias.es\/historiascondelantal\/2018\/04\/29\/lo-mejor-del-menu-de-quique-dacosta\/\">Quique Dacosta<\/a><\/span>.\u00a0<span style=\"color: #c9af81;\">El reto de la excelencia<\/span><\/span><\/p>\n<p style=\"text-align: right;\"><span style=\"color: #dbc297;\">5.\u00a0<span style=\"color: #ab1010;\"><a style=\"color: #ab1010;\" href=\"https:\/\/blogs.lasprovincias.es\/historiascondelantal\/2018\/05\/11\/lo-mejor-del-menu-de-diego-guerrero\/\">DSTAgE<\/a>.<\/span>\u00a0<span style=\"color: #c9af81;\">Una sacudida inesperada.<\/span><\/span><\/p>\n<p style=\"text-align: right;\"><span style=\"color: #dbc297;\">6.\u00a0<span style=\"color: #ab1010;\"><a style=\"color: #ab1010;\" href=\"https:\/\/blogs.lasprovincias.es\/historiascondelantal\/2018\/05\/24\/lo-mejor-del-menu-de-casa-manolo\/\">Casa Manolo.<\/a><\/span>\u00a0<span style=\"color: #c9af81;\">Un sue\u00f1o sin orillas.<\/span><\/span><\/p>\n<p style=\"text-align: right;\"><span style=\"color: #c9af81;\">7.\u00a0<span style=\"color: #ab1010;\"><a style=\"color: #ab1010;\" href=\"https:\/\/blogs.lasprovincias.es\/historiascondelantal\/2018\/06\/01\/juanen-benavent-la-cocina-sincera-de-sao\/\">Sa\u00f3.\u00a0<\/a><\/span>La cocina sincera<\/span><\/p>\n<p style=\"text-align: right;\"><span style=\"color: #dbc297;\">8.<span style=\"color: #ab1010;\"><a style=\"color: #ab1010;\" href=\"https:\/\/blogs.lasprovincias.es\/historiascondelantal\/2018\/06\/14\/disfrutar-un-restaurante-con-chistera\/\">\u00a0Disfrutar.\u00a0<\/a><\/span><span style=\"color: #c9af81;\">Un restaurante con sombrero.\u00a0<\/span><\/span><\/p>\n<p style=\"text-align: right;\"><span style=\"color: #dbc297;\">9.\u00a0<a style=\"color: #dbc297;\" href=\"https:\/\/blogs.lasprovincias.es\/historiascondelantal\/2018\/06\/04\/erase-una-vez-el-celler-de-can-roca\/\"><span style=\"color: #ab1010;\">Celler de Can Roca<\/span>.<\/a>\u00a0<span style=\"color: #c9af81;\">F\u00e1bulas de Roca.<\/span><\/span><\/p>\n<p style=\"text-align: right;\"><span style=\"color: #c9af81;\">10. <span style=\"color: #ab1010;\"><a style=\"color: #ab1010;\" href=\"https:\/\/blogs.lasprovincias.es\/historiascondelantal\/2018\/06\/23\/la-cosmopolita-donde-el-alma-goza\/\">La Cosmopolita.<\/a><\/span> Donde el alma goza<\/span><\/p>\n<p style=\"text-align: right;\"><span style=\"color: #c2ae7c;\"><strong>11. Fierro. Un salto a la ilusi\u00f3n<\/strong><\/span><\/p>\n<p><!--more--><\/p>\n<p>Hay un tango hermoso titulado <strong>\u2018Balada para un loco\u2019<\/strong>. Lo escuch\u00e9 por primera vez en el coraz\u00f3n de Buenos Aires y le tengo cari\u00f1o. Como a los cocineros <strong><a href=\"https:\/\/blogs.lasprovincias.es\/historiascondelantal\/2018\/04\/12\/german-carrizo-dentro-de-diez-anos-me-veo-con-dos-hijos-mi-mujer-y-feliz-haciendo-lo-que-me-gusta\/\">Germ\u00e1n Carrizo<\/a> y Carito Louren\u00e7o<\/strong>, a los que de alguna manera he ido viviendo de cerca su evoluci\u00f3n por estas tierras. Hace un par de a\u00f1os, me contaron un sue\u00f1o osado llamado Fierro: una mesa para doce comensales con un men\u00fa cerrado. Una experiencia compartida en la que \u2013eso cre\u00eda-\u2013te la juegas: sale bien o no. Me equivoqu\u00e9. Siempre sale bien. Esa mesa tiene im\u00e1n. Y magia. A\u00fana. Quiz\u00e1, precisamente, por compartirla con gente que no conoces pero a los que nos une la gastronom\u00eda. <strong>Su proyecto era, como el tango, la balada de un loco. Pero de una locura de la que disfrutas: hay buenos platos, alguna osad\u00eda, sorpresa, relato, cosas que s\u00ed y otras que no. Pero, sobre todo, hay pasi\u00f3n.<\/strong> \u00abSubite a mi ilusi\u00f3n supersport,\/ y vamos a correr por las cornisas\u00bb, dice la balada. Y tambi\u00e9n Germ\u00e1n y Carito, junto a Eva con los vinos y Piero en la cocina. Y t\u00fa te subes y les escuchas: \u00abVen\u00ed, vol\u00e1, ven\u00ed! \/\u00a1Trai-lai-lai-larar\u00e1!\u00bb. Y te dejas llevar.<\/p>\n<p style=\"text-align: center;\"><a href=\"https:\/\/static-blogs.lasprovincias.es\/wp-content\/uploads\/sites\/18\/2018\/07\/IMG_1586.jpg\"><img loading=\"lazy\" class=\"alignnone size-large wp-image-16899\" src=\"https:\/\/static-blogs.lasprovincias.es\/wp-content\/uploads\/sites\/18\/2018\/07\/IMG_1586-1024x683.jpg\" alt=\"img_1586\" width=\"1024\" height=\"683\" srcset=\"https:\/\/static-blogs.lasprovincias.es\/wp-content\/uploads\/sites\/18\/2018\/07\/IMG_1586.jpg 1024w, https:\/\/static-blogs.lasprovincias.es\/wp-content\/uploads\/sites\/18\/2018\/07\/IMG_1586-300x200.jpg 300w, https:\/\/static-blogs.lasprovincias.es\/wp-content\/uploads\/sites\/18\/2018\/07\/IMG_1586-768x512.jpg 768w\" sizes=\"(max-width: 1024px) 100vw, 1024px\" \/><\/a><\/p>\n<hr \/>\n<h2 style=\"text-align: center;\"><span style=\"color: #c9af81;\"><strong>LOS CINCO TOP<\/strong><\/span><\/h2>\n<p><strong><span style=\"color: #ab1010;\">1. Aceitunas y empanada<\/span><\/strong><\/p>\n<p>Su empanada es un cl\u00e1sico de la casa, directamente atado a los or\u00edgenes argentinos de<a href=\"https:\/\/blogs.lasprovincias.es\/historiascondelantal\/2013\/11\/23\/carito-y-german-los-cocineros-de-moda-en-valencia\/\"> Carito y Germ\u00e1n<\/a>. De hecho la elaboran siguiendo la receta familiar. Muy rica. Pero en este caso, la sorpresa de la propuesta en su conjunto la trae la esferificaci\u00f3n de la aceituna (algo que se puede ver en muchos restaurantes de alta cocina, como el Celler o Disfrutar, por ejemplo). Un bocado muy logrado. Muy fino y bien ejecutado. La demostraci\u00f3n de que los chicos de Fierro esconden mucha experiencia.<\/p>\n<p style=\"text-align: center;\"><a href=\"https:\/\/static-blogs.lasprovincias.es\/wp-content\/uploads\/sites\/18\/2018\/07\/IMG_1611.jpg\"><img loading=\"lazy\" class=\"alignnone size-large wp-image-16904\" src=\"https:\/\/static-blogs.lasprovincias.es\/wp-content\/uploads\/sites\/18\/2018\/07\/IMG_1611-1024x683.jpg\" alt=\"img_1611\" width=\"1024\" height=\"683\" srcset=\"https:\/\/static-blogs.lasprovincias.es\/wp-content\/uploads\/sites\/18\/2018\/07\/IMG_1611.jpg 1024w, https:\/\/static-blogs.lasprovincias.es\/wp-content\/uploads\/sites\/18\/2018\/07\/IMG_1611-300x200.jpg 300w, https:\/\/static-blogs.lasprovincias.es\/wp-content\/uploads\/sites\/18\/2018\/07\/IMG_1611-768x512.jpg 768w\" sizes=\"(max-width: 1024px) 100vw, 1024px\" \/><\/a><\/p>\n<p><span style=\"color: #ab1010;\"><strong>2. Falsa lasa\u00f1a de oreja<\/strong><\/span><\/p>\n<p>Es una propuesta divertida, muy oto\u00f1al, en la que la seta tiene un gran protagonismo y oculta bajo el manto del hongo la sorpresa de una oreja de cerdo, tambi\u00e9n bien ejecutada. Nos confes\u00f3 Germ\u00e1n que en la \u00e9poca de invierno se acaba de ejecutar con trufa. En este caso, por la temporada, la han sustituido por perrochicos crudos rallados por encima. La realidad es que el resultado es grato. Le da un toque de bosque fresco. La salsa que lo embadurna, una genialidad. Un buen plato.<\/p>\n<p style=\"text-align: center;\"><a href=\"https:\/\/static-blogs.lasprovincias.es\/wp-content\/uploads\/sites\/18\/2018\/07\/IMG_1629.jpg\"><img loading=\"lazy\" class=\"alignnone size-large wp-image-16906\" src=\"https:\/\/static-blogs.lasprovincias.es\/wp-content\/uploads\/sites\/18\/2018\/07\/IMG_1629-1024x683.jpg\" alt=\"img_1629\" width=\"1024\" height=\"683\" srcset=\"https:\/\/static-blogs.lasprovincias.es\/wp-content\/uploads\/sites\/18\/2018\/07\/IMG_1629.jpg 1024w, https:\/\/static-blogs.lasprovincias.es\/wp-content\/uploads\/sites\/18\/2018\/07\/IMG_1629-300x200.jpg 300w, https:\/\/static-blogs.lasprovincias.es\/wp-content\/uploads\/sites\/18\/2018\/07\/IMG_1629-768x512.jpg 768w\" sizes=\"(max-width: 1024px) 100vw, 1024px\" \/><\/a><\/p>\n<p><span style=\"color: #ab1010;\"><strong>3. Carne con ostras y chimichurri<\/strong><\/span><\/p>\n<p>Una buena carne de vaca cocinada en el punto, un chimichurri d\u00e1ndole textura y refrescando el bocado, una col rizada crujiente y los toques marinos que le daban peque\u00f1os pedazos de ostras a su alrededor. Una propuesta con buena base, en la que es fundamental la calidad de la carne que se sirve, y el toque de gracia que le da la ostra. En el caso de la carne, de nuevo, hay que ir a sus ra\u00edces argentinas: se nota que hay bagaje a la hora de trabajarla. Otro plato notable.<\/p>\n<p style=\"text-align: center;\"><a href=\"https:\/\/static-blogs.lasprovincias.es\/wp-content\/uploads\/sites\/18\/2018\/07\/IMG_1643.jpg\"><img loading=\"lazy\" class=\"alignnone size-large wp-image-16908\" src=\"https:\/\/static-blogs.lasprovincias.es\/wp-content\/uploads\/sites\/18\/2018\/07\/IMG_1643-1024x683.jpg\" alt=\"img_1643\" width=\"1024\" height=\"683\" srcset=\"https:\/\/static-blogs.lasprovincias.es\/wp-content\/uploads\/sites\/18\/2018\/07\/IMG_1643.jpg 1024w, https:\/\/static-blogs.lasprovincias.es\/wp-content\/uploads\/sites\/18\/2018\/07\/IMG_1643-300x200.jpg 300w, https:\/\/static-blogs.lasprovincias.es\/wp-content\/uploads\/sites\/18\/2018\/07\/IMG_1643-768x512.jpg 768w\" sizes=\"(max-width: 1024px) 100vw, 1024px\" \/><\/a><\/p>\n<p><span style=\"color: #ab1010;\"><strong>4. Trilog\u00eda del cacao<\/strong><\/span><\/p>\n<p>En realidad es un juego dulce \u00edntimamente ligado al maridaje. En este caso, <a href=\"https:\/\/blogs.lasprovincias.es\/historiascondelantal\/2018\/03\/31\/fondillon-el-resurgir-de-un-vino-de-reyes\/\">un fondill\u00f3n de Roberto Brotons<\/a>, que es el hilo conductor de los tres bocados. El primero (por la izquierda), para m\u00ed demasiado goloso. Hecho a base de d\u00e1til. El segundo, soberbio: es un homenaje a la sacher. Es delicioso, la verdad. Y el \u00faltimo, puro cacao, que embadurna toda la boca y te hace enloquecer. En general, una triolog\u00eda fant\u00e1stica que lleva el sello chocolatero de Carito. Para repetir.<\/p>\n<p style=\"text-align: center;\"><a href=\"https:\/\/static-blogs.lasprovincias.es\/wp-content\/uploads\/sites\/18\/2018\/07\/IMG_1653.jpg\"><img loading=\"lazy\" class=\"alignnone size-large wp-image-16910\" src=\"https:\/\/static-blogs.lasprovincias.es\/wp-content\/uploads\/sites\/18\/2018\/07\/IMG_1653-1024x683.jpg\" alt=\"img_1653\" width=\"1024\" height=\"683\" srcset=\"https:\/\/static-blogs.lasprovincias.es\/wp-content\/uploads\/sites\/18\/2018\/07\/IMG_1653.jpg 1024w, https:\/\/static-blogs.lasprovincias.es\/wp-content\/uploads\/sites\/18\/2018\/07\/IMG_1653-300x200.jpg 300w, https:\/\/static-blogs.lasprovincias.es\/wp-content\/uploads\/sites\/18\/2018\/07\/IMG_1653-768x512.jpg 768w\" sizes=\"(max-width: 1024px) 100vw, 1024px\" \/><\/a><\/p>\n<h3 style=\"text-align: center;\"><span style=\"color: #c9af81;\">PLATO DE ORO<\/span><\/h3>\n<p style=\"text-align: center;\"><span style=\"color: #c2ae7c;\"><strong>5. El guacamole templado<\/strong><\/span><\/p>\n<p style=\"text-align: center;\"><span style=\"color: #c2ae7c;\">Este fue, sin duda, el gran bocado de la noche. Un plato muy redondo en el que encontrabas sorpresa, muy buena ejecuci\u00f3n, sabor, equilibrio en las texturas y puesta en valor del producto (en este caso, el aguacate). Un guacamole templado que fue un como una acaricia para el paladar, que impuso el silencio en la mesa de los doce y que dio paso por un rato al sonido de la cucharilla sobre la loza. Como dec\u00eda uno de los comensales, \u00abbrutal\u00bb. S\u00ed, fue el plato realmente brutal. Ese en el que se puede ver la potencia, el ingenio y las posibilidades que esconden los cocineros de Fierro.<\/span><\/p>\n<p><a href=\"https:\/\/static-blogs.lasprovincias.es\/wp-content\/uploads\/sites\/18\/2018\/07\/IMG_20180623_224112.jpg\"><img loading=\"lazy\" class=\"size-full wp-image-16913\" src=\"https:\/\/static-blogs.lasprovincias.es\/wp-content\/uploads\/sites\/18\/2018\/07\/IMG_20180623_224112.jpg\" alt=\"dav\" width=\"908\" height=\"688\" srcset=\"https:\/\/static-blogs.lasprovincias.es\/wp-content\/uploads\/sites\/18\/2018\/07\/IMG_20180623_224112.jpg 908w, https:\/\/static-blogs.lasprovincias.es\/wp-content\/uploads\/sites\/18\/2018\/07\/IMG_20180623_224112-300x227.jpg 300w, https:\/\/static-blogs.lasprovincias.es\/wp-content\/uploads\/sites\/18\/2018\/07\/IMG_20180623_224112-768x582.jpg 768w\" sizes=\"(max-width: 908px) 100vw, 908px\" \/><\/a><\/p>\n<p style=\"text-align: center;\"><strong>OTROS BOCADOS A NO OLVIDAR<\/strong><\/p>\n<p style=\"text-align: center;\"><span style=\"color: #c2ae7c;\">(1) Su bolita de berenjena con arroz. Interesante.<a href=\"https:\/\/static-blogs.lasprovincias.es\/wp-content\/uploads\/sites\/18\/2018\/07\/IMG_1589.jpg\"><img loading=\"lazy\" class=\"alignnone size-large wp-image-16914\" src=\"https:\/\/static-blogs.lasprovincias.es\/wp-content\/uploads\/sites\/18\/2018\/07\/IMG_1589-1024x683.jpg\" alt=\"img_1589\" width=\"1024\" height=\"683\" srcset=\"https:\/\/static-blogs.lasprovincias.es\/wp-content\/uploads\/sites\/18\/2018\/07\/IMG_1589.jpg 1024w, https:\/\/static-blogs.lasprovincias.es\/wp-content\/uploads\/sites\/18\/2018\/07\/IMG_1589-300x200.jpg 300w, https:\/\/static-blogs.lasprovincias.es\/wp-content\/uploads\/sites\/18\/2018\/07\/IMG_1589-768x512.jpg 768w\" sizes=\"(max-width: 1024px) 100vw, 1024px\" \/><\/a> <\/span><\/p>\n<p style=\"text-align: center;\"><span style=\"color: #c2ae7c;\">(2) Probar s\u00ed o s\u00ed su mortadela de pistachos.<\/span><\/p>\n<p style=\"text-align: center;\"><a href=\"https:\/\/static-blogs.lasprovincias.es\/wp-content\/uploads\/sites\/18\/2018\/07\/IMG_1592.jpg\"><img loading=\"lazy\" class=\"alignnone size-large wp-image-16915\" src=\"https:\/\/static-blogs.lasprovincias.es\/wp-content\/uploads\/sites\/18\/2018\/07\/IMG_1592-1024x683.jpg\" alt=\"img_1592\" width=\"1024\" height=\"683\" srcset=\"https:\/\/static-blogs.lasprovincias.es\/wp-content\/uploads\/sites\/18\/2018\/07\/IMG_1592.jpg 1024w, https:\/\/static-blogs.lasprovincias.es\/wp-content\/uploads\/sites\/18\/2018\/07\/IMG_1592-300x200.jpg 300w, https:\/\/static-blogs.lasprovincias.es\/wp-content\/uploads\/sites\/18\/2018\/07\/IMG_1592-768x512.jpg 768w\" sizes=\"(max-width: 1024px) 100vw, 1024px\" \/><\/a><\/p>\n<p style=\"text-align: center;\"><span style=\"color: #c2ae7c;\">(3)<\/span><span style=\"color: #c2ae7c;\">\u00a0Una delicia su alcachofa.<\/span><\/p>\n<p style=\"text-align: center;\"><a href=\"https:\/\/static-blogs.lasprovincias.es\/wp-content\/uploads\/sites\/18\/2018\/07\/IMG_1604.jpg\"><img loading=\"lazy\" class=\"alignnone size-large wp-image-16917\" src=\"https:\/\/static-blogs.lasprovincias.es\/wp-content\/uploads\/sites\/18\/2018\/07\/IMG_1604-1024x724.jpg\" alt=\"img_1604\" width=\"1024\" height=\"724\" srcset=\"https:\/\/static-blogs.lasprovincias.es\/wp-content\/uploads\/sites\/18\/2018\/07\/IMG_1604.jpg 1024w, https:\/\/static-blogs.lasprovincias.es\/wp-content\/uploads\/sites\/18\/2018\/07\/IMG_1604-300x212.jpg 300w, https:\/\/static-blogs.lasprovincias.es\/wp-content\/uploads\/sites\/18\/2018\/07\/IMG_1604-768x543.jpg 768w\" sizes=\"(max-width: 1024px) 100vw, 1024px\" \/><\/a><\/p>\n<p style=\"text-align: center;\"><span style=\"color: #c2ae7c;\">(4) La pizza invertida<\/span><\/p>\n<p style=\"text-align: center;\"><a href=\"https:\/\/static-blogs.lasprovincias.es\/wp-content\/uploads\/sites\/18\/2018\/07\/IMG_1601.jpg\"><img loading=\"lazy\" class=\"alignnone size-large wp-image-16916\" src=\"https:\/\/static-blogs.lasprovincias.es\/wp-content\/uploads\/sites\/18\/2018\/07\/IMG_1601-1024x683.jpg\" alt=\"img_1601\" width=\"1024\" height=\"683\" srcset=\"https:\/\/static-blogs.lasprovincias.es\/wp-content\/uploads\/sites\/18\/2018\/07\/IMG_1601.jpg 1024w, https:\/\/static-blogs.lasprovincias.es\/wp-content\/uploads\/sites\/18\/2018\/07\/IMG_1601-300x200.jpg 300w, https:\/\/static-blogs.lasprovincias.es\/wp-content\/uploads\/sites\/18\/2018\/07\/IMG_1601-768x512.jpg 768w\" sizes=\"(max-width: 1024px) 100vw, 1024px\" \/><\/a><\/p>\n<p style=\"text-align: center;\"><span style=\"color: #c2ae7c;\">(5) Y un plato que podr\u00eda, refin\u00e1ndnole un poco, ser de los top. \ud83d\ude09<\/span><\/p>\n<p><a href=\"https:\/\/static-blogs.lasprovincias.es\/wp-content\/uploads\/sites\/18\/2018\/07\/IMG_20180623_223139-1.jpg\"><img loading=\"lazy\" class=\"size-large wp-image-16927\" src=\"https:\/\/static-blogs.lasprovincias.es\/wp-content\/uploads\/sites\/18\/2018\/07\/IMG_20180623_223139-1-1024x768.jpg\" alt=\"dav\" width=\"1024\" height=\"768\" srcset=\"https:\/\/static-blogs.lasprovincias.es\/wp-content\/uploads\/sites\/18\/2018\/07\/IMG_20180623_223139-1.jpg 1024w, https:\/\/static-blogs.lasprovincias.es\/wp-content\/uploads\/sites\/18\/2018\/07\/IMG_20180623_223139-1-300x225.jpg 300w, https:\/\/static-blogs.lasprovincias.es\/wp-content\/uploads\/sites\/18\/2018\/07\/IMG_20180623_223139-1-768x576.jpg 768w\" sizes=\"(max-width: 1024px) 100vw, 1024px\" \/><\/a><\/p>\n<hr \/>\n<p style=\"text-align: center;\"><span style=\"color: #ab1010;\"><strong>LOS CINCO PASOS<\/strong><\/span><\/p>\n<p style=\"text-align: left;\"><strong><span style=\"color: #c2ae7c;\">COCINA.<\/span><\/strong> La sala es la cocina. Quiz\u00e1 lo que le da m\u00e1s encanto a la experiencia. Todo es uno por obligaci\u00f3n. Ese es su \u00e9xito.<\/p>\n<p style=\"text-align: left;\"><span style=\"color: #c2ae7c;\"><strong>SALA.<\/strong>\u00a0<\/span><strong>Eva Pizarro<\/strong> es quien, siguiendo la marca de la casa, le da emoci\u00f3n a la bodega. Intenta sorprender. Hay buenos gestos.<\/p>\n<p style=\"text-align: left;\"><strong><span style=\"color: #c2ae7c;\">BODEGA.<\/span><\/strong>\u00a0Fierro suele abrir los viernes y s\u00e1bado bajo reserva previa. S\u00f3lo doce plazas. Calle Doctor Serrano, 4 bajo dcha.<\/p>\n<p style=\"text-align: left;\"><span style=\"color: #c2ae7c;\"><strong>DIRECCI\u00d3N.<\/strong>\u00a0<\/span>Men\u00fa \u00fanico, que va variando por temporada. Ahora finalizan la cuarta y ya preparan la quinta entrega. 80 euros.<\/p>\n<p style=\"text-align: center;\"><strong><span style=\"color: #ab1010;\">LAS CINCO ESTRELLAS<\/span><\/strong><\/p>\n<p style=\"text-align: left;\"><span style=\"color: #ffcc00;\"><strong>NOTABLE ALTO.<\/strong><\/span>\u00a0<strong>Cocina y personal son la base de una experiencia, m\u00e1s que gastron\u00f3mica, vivencial. <span style=\"color: #ab1010;\">\u00danica<\/span>.<\/strong><\/p>\n<hr \/>\n<p style=\"text-align: center;\"><strong><span style=\"color: #ab1010;\">Y EN LA REC\u00c1MARA\u2026<\/span><\/strong><\/p>\n<p style=\"text-align: center;\"><strong><span style=\"color: #c2ae7c;\">Seguimos subiendo, seguimos haciendo camino&#8230;\u00a0<\/span><\/strong><\/p>\n<p style=\"text-align: center;\"><a href=\"https:\/\/static-blogs.lasprovincias.es\/wp-content\/uploads\/sites\/18\/2018\/07\/IMG_1585.jpg\"><img loading=\"lazy\" class=\"alignnone size-large wp-image-16929\" src=\"https:\/\/static-blogs.lasprovincias.es\/wp-content\/uploads\/sites\/18\/2018\/07\/IMG_1585-683x1024.jpg\" alt=\"img_1585\" width=\"683\" height=\"1024\" srcset=\"https:\/\/static-blogs.lasprovincias.es\/wp-content\/uploads\/sites\/18\/2018\/07\/IMG_1585.jpg 683w, https:\/\/static-blogs.lasprovincias.es\/wp-content\/uploads\/sites\/18\/2018\/07\/IMG_1585-200x300.jpg 200w\" sizes=\"(max-width: 683px) 100vw, 683px\" \/><\/a><\/p>\n<hr \/>\n<p style=\"text-align: center;\"><span style=\"color: #ff00ff;\"><strong>#MUYPRONTO<\/strong><\/span><\/p>\n<p style=\"text-align: center;\"><a href=\"https:\/\/static-blogs.lasprovincias.es\/wp-content\/uploads\/sites\/18\/2018\/07\/image1.jpeg\"><img loading=\"lazy\" class=\"alignnone size-full wp-image-16936\" src=\"https:\/\/static-blogs.lasprovincias.es\/wp-content\/uploads\/sites\/18\/2018\/07\/image1.jpeg\" alt=\"image1\" width=\"640\" height=\"466\" srcset=\"https:\/\/static-blogs.lasprovincias.es\/wp-content\/uploads\/sites\/18\/2018\/07\/image1.jpeg 640w, https:\/\/static-blogs.lasprovincias.es\/wp-content\/uploads\/sites\/18\/2018\/07\/image1-300x218.jpeg 300w\" sizes=\"(max-width: 640px) 100vw, 640px\" \/><\/a><\/p>\n<!-- AddThis Advanced Settings generic via filter on the_content --><!-- AddThis Share Buttons generic via filter on the_content -->","protected":false},"excerpt":{"rendered":"<p>Temporada cuarta en la casa de la mesa para doce. Un aguacate templado puso la sorpresa. Eso y quiz\u00e1 la falsa lasa\u00f1a con oreja. La parte dulce m\u00e1s gloriosa, la trilog\u00eda del cacao con fondill\u00f3n. En cualquier caso, lo mejor de la cena es lo que podr\u00eda parecer el gran inconveniente: compartir con gente que [&hellip;]<!-- AddThis Advanced Settings generic via filter on get_the_excerpt --><!-- AddThis Share Buttons generic via filter on get_the_excerpt --><\/p>\n","protected":false},"author":23,"featured_media":16943,"comment_status":"open","ping_status":"open","sticky":false,"template":"","format":"standard","meta":[],"categories":[3,4,5,1,7],"tags":[192,398,415,444,1552],"_links":{"self":[{"href":"https:\/\/blogs.lasprovincias.es\/historiascondelantal\/wp-json\/wp\/v2\/posts\/16873"}],"collection":[{"href":"https:\/\/blogs.lasprovincias.es\/historiascondelantal\/wp-json\/wp\/v2\/posts"}],"about":[{"href":"https:\/\/blogs.lasprovincias.es\/historiascondelantal\/wp-json\/wp\/v2\/types\/post"}],"author":[{"embeddable":true,"href":"https:\/\/blogs.lasprovincias.es\/historiascondelantal\/wp-json\/wp\/v2\/users\/23"}],"replies":[{"embeddable":true,"href":"https:\/\/blogs.lasprovincias.es\/historiascondelantal\/wp-json\/wp\/v2\/comments?post=16873"}],"version-history":[{"count":6,"href":"https:\/\/blogs.lasprovincias.es\/historiascondelantal\/wp-json\/wp\/v2\/posts\/16873\/revisions"}],"predecessor-version":[{"id":16944,"href":"https:\/\/blogs.lasprovincias.es\/historiascondelantal\/wp-json\/wp\/v2\/posts\/16873\/revisions\/16944"}],"wp:featuredmedia":[{"embeddable":true,"href":"https:\/\/blogs.lasprovincias.es\/historiascondelantal\/wp-json\/wp\/v2\/media\/16943"}],"wp:attachment":[{"href":"https:\/\/blogs.lasprovincias.es\/historiascondelantal\/wp-json\/wp\/v2\/media?parent=16873"}],"wp:term":[{"taxonomy":"category","embeddable":true,"href":"https:\/\/blogs.lasprovincias.es\/historiascondelantal\/wp-json\/wp\/v2\/categories?post=16873"},{"taxonomy":"post_tag","embeddable":true,"href":"https:\/\/blogs.lasprovincias.es\/historiascondelantal\/wp-json\/wp\/v2\/tags?post=16873"}],"curies":[{"name":"wp","href":"https:\/\/api.w.org\/{rel}","templated":true}]}}