{"id":17413,"date":"2018-09-20T19:58:25","date_gmt":"2018-09-20T17:58:25","guid":{"rendered":"https:\/\/blogs.lasprovincias.es\/historiascondelantal\/?p=17413"},"modified":"2018-09-20T20:03:20","modified_gmt":"2018-09-20T18:03:20","slug":"asi-se-come-en-diverxo-el-viaje-de-la-pirana","status":"publish","type":"post","link":"https:\/\/blogs.lasprovincias.es\/historiascondelantal\/2018\/09\/20\/asi-se-come-en-diverxo-el-viaje-de-la-pirana\/","title":{"rendered":"As\u00ed se come en DiverXO: el viaje de la pira\u00f1a"},"content":{"rendered":"<p>Un mantel hecho oc\u00e9ano. Un mar de sabores, texturas, locuras. Un chef bajo la piel de un mercader: astuto, provocador, incluso sabio. Y un tesoro culinario, que ya quisiera <span style=\"color: #ab1010;\"><strong><span style=\"color: #333333;\">Ali Baba<\/span><\/strong><span style=\"color: #333333;\">.<\/span><strong> As\u00ed se come en casa de Dabiz.\u00a0<\/strong><\/span><\/p>\n<p><a href=\"https:\/\/static-blogs.lasprovincias.es\/wp-content\/uploads\/sites\/18\/2018\/09\/1537086133534.jpg\"><img loading=\"lazy\" class=\"size-large wp-image-17436 aligncenter\" src=\"https:\/\/static-blogs.lasprovincias.es\/wp-content\/uploads\/sites\/18\/2018\/09\/1537086133534-1024x772.jpg\" alt=\"1537086133534\" width=\"1024\" height=\"772\" srcset=\"https:\/\/static-blogs.lasprovincias.es\/wp-content\/uploads\/sites\/18\/2018\/09\/1537086133534-1024x772.jpg 1024w, https:\/\/static-blogs.lasprovincias.es\/wp-content\/uploads\/sites\/18\/2018\/09\/1537086133534-300x226.jpg 300w, https:\/\/static-blogs.lasprovincias.es\/wp-content\/uploads\/sites\/18\/2018\/09\/1537086133534-768x579.jpg 768w, https:\/\/static-blogs.lasprovincias.es\/wp-content\/uploads\/sites\/18\/2018\/09\/1537086133534.jpg 2048w\" sizes=\"(max-width: 1024px) 100vw, 1024px\" \/><\/a><\/p>\n<pre style=\"text-align: right;\"><span style=\"color: #033d20;\"><strong>- ESPECIAL DABIZ MU\u00d1OZ<\/strong><\/span>\r\n\r\n<span style=\"color: #033d20;\"><strong>Cara A. <span style=\"color: #033d20;\"><a style=\"color: #033d20;\" href=\"https:\/\/blogs.lasprovincias.es\/historiascondelantal\/2018\/07\/14\/dabiz-munoz-la-bacanal-del-funambulista\/\">La bacanal del funambulista<\/a><\/span><\/strong><\/span>\r\n\r\n<span style=\"color: #033d20;\"><strong>Cara B. Diverxo, el viaje de la pira\u00f1a\u00a0<\/strong><\/span><\/pre>\n<p><!--more--><\/p>\n<hr \/>\n<p><strong>Si fuera escritor<\/strong>, crear\u00eda un relato trepidante: \u00abErase una vez un hombre a un mantel anclado que se convirti\u00f3 en pira\u00f1a y devor\u00f3 la mesa a dentelladas aceleradas\u00bb. <strong>Si fuera un lobo de mar<\/strong>, anotar\u00eda en mi bit\u00e1cora: \u00abPor el arrecife del caviar asado, todo recto hasta las lentejas Masala\u00bb.<strong> Si fuera bailar\u00edn<\/strong>, danzar\u00eda claqu\u00e9 entre cazuelas.<strong> Y si fuera pintor<\/strong>, a lo <strong>Basquiat<\/strong> o a lo <strong>Gauguin<\/strong>, har\u00eda un lienzo en el que estallar\u00edan mil colores con su mil sabores: currys y pimientas, acuarela de regaliz, fluorescentes con medias de seda. Bajo la piel de cualquiera \u2013escritor, bailar\u00edn, pintor\u2013, me postro ante la mesa de Diverxo para narrarte la aventura \u2018gastros\u00f3fica\u2019 de un glot\u00f3n convertido en pez carn\u00edvoro que, empujado por su gula, devor\u00f3 los sue\u00f1os de un pirata de la cocina, contrabandista de pasiones, <strong>Marco Polo<\/strong> del delantal. Un mercader de cara simp\u00e1tica y con el ingenio en su escudo de armas que todos llaman Dabiz. <strong><span style=\"color: #ab1010;\">Dabiz Mu\u00f1oz.<\/span><\/strong> Tres, dos, uno&#8230; \u00a1levantamos el tel\u00f3n!<\/p>\n<p><a href=\"https:\/\/static-blogs.lasprovincias.es\/wp-content\/uploads\/sites\/18\/2018\/09\/manos.jpg\"><img loading=\"lazy\" class=\"size-large wp-image-17415 aligncenter\" src=\"https:\/\/static-blogs.lasprovincias.es\/wp-content\/uploads\/sites\/18\/2018\/09\/manos-1024x639.jpg\" alt=\"manos\" width=\"1024\" height=\"639\" srcset=\"https:\/\/static-blogs.lasprovincias.es\/wp-content\/uploads\/sites\/18\/2018\/09\/manos.jpg 1024w, https:\/\/static-blogs.lasprovincias.es\/wp-content\/uploads\/sites\/18\/2018\/09\/manos-300x187.jpg 300w, https:\/\/static-blogs.lasprovincias.es\/wp-content\/uploads\/sites\/18\/2018\/09\/manos-768x479.jpg 768w\" sizes=\"(max-width: 1024px) 100vw, 1024px\" \/><\/a><\/p>\n<p><a href=\"https:\/\/static-blogs.lasprovincias.es\/wp-content\/uploads\/sites\/18\/2018\/09\/diverxo2.jpg\"><img loading=\"lazy\" class=\"size-large wp-image-17437\" src=\"https:\/\/static-blogs.lasprovincias.es\/wp-content\/uploads\/sites\/18\/2018\/09\/diverxo2-1024x387.jpg\" alt=\"????????????????????????????????????????????????????????????????????????????????????????????????????????????????????????????????????????????????????????????????????????????????????????????????????????????????????????????????????????????????????????????????????????????????????????????????????????????????????????????????????????????????????????????????????????????????????????????????????????????????????????????????????????????????????????????????????????????????????????????????????????????????????????????????????????????????????????????????????????????????????????????????????????????????????????????????????????????????????????????????????????????????????????????????????????????????????????????????????????????????????????????????????????\" width=\"1024\" height=\"387\" srcset=\"https:\/\/static-blogs.lasprovincias.es\/wp-content\/uploads\/sites\/18\/2018\/09\/diverxo2-1024x387.jpg 1024w, https:\/\/static-blogs.lasprovincias.es\/wp-content\/uploads\/sites\/18\/2018\/09\/diverxo2-300x113.jpg 300w, https:\/\/static-blogs.lasprovincias.es\/wp-content\/uploads\/sites\/18\/2018\/09\/diverxo2-768x290.jpg 768w, https:\/\/static-blogs.lasprovincias.es\/wp-content\/uploads\/sites\/18\/2018\/09\/diverxo2.jpg 2048w\" sizes=\"(max-width: 1024px) 100vw, 1024px\" \/><\/a><\/p>\n<h1><span style=\"color: #033d20;\">I<\/span><\/h1>\n<h3><span style=\"color: #033d20;\">Amores repentinos<\/span><\/h3>\n<p>La mesa. En medio del blanco del mantel, el esqueleto de un pez feroz se pavonea entre terror\u00edfico y divertido. Como la vida. Metido entre sus huesos \u2013que no espinas\u2013, empec\u00e9 a bucear por las quimeras de Diverxo. \u00ab\u00a1Presa a la vista!\u00bb, grit\u00e9 al avistar un aguacate. Luc\u00eda asado con<span style=\"color: #ab1010;\"><strong> chutney caliente de menta escabechada y tomates verdes, piel de oveja Malai, Massala y azafr\u00e1n<\/strong>.<\/span> Hermoso, como un poema gastron\u00f3mico que parec\u00eda una declaraci\u00f3n de amor. A lo salvaje. Sin proleg\u00f3menos. Fue la primera presa y mis escamas ya eran escarpias. Tem\u00ed, entonces, sorpresas encadenadas. Desbocadas. Y ocurri\u00f3: un bocado de caviar asado al horno tandoori, me sobrecogi\u00f3; unas lentejas con especias, me entusiasmaron; unas ancas de rana, me hicieron sentir como un pr\u00edncipe encantado que se auto devoraba, y\u00a0 un queso al vapor con trufa y ma\u00edz, me hizo cantar: \u00abgloria, aleluya\u00bb. Fue un remolino de sensaciones. Quer\u00eda m\u00e1s. Era feliz.<\/p>\n<h1 style=\"text-align: center;\">\u00a0<a href=\"https:\/\/static-blogs.lasprovincias.es\/wp-content\/uploads\/sites\/18\/2018\/09\/Mu\u00f1oz1.jpg\"><img loading=\"lazy\" class=\"alignnone size-large wp-image-17419\" src=\"https:\/\/static-blogs.lasprovincias.es\/wp-content\/uploads\/sites\/18\/2018\/09\/Mu\u00f1oz1-1024x683.jpg\" alt=\"munoz1\" width=\"1024\" height=\"683\" srcset=\"https:\/\/static-blogs.lasprovincias.es\/wp-content\/uploads\/sites\/18\/2018\/09\/Mu\u00f1oz1.jpg 1024w, https:\/\/static-blogs.lasprovincias.es\/wp-content\/uploads\/sites\/18\/2018\/09\/Mu\u00f1oz1-300x200.jpg 300w, https:\/\/static-blogs.lasprovincias.es\/wp-content\/uploads\/sites\/18\/2018\/09\/Mu\u00f1oz1-768x512.jpg 768w\" sizes=\"(max-width: 1024px) 100vw, 1024px\" \/><\/a><\/h1>\n<h1><span style=\"color: #033d20;\">II<\/span><\/h1>\n<h3><span style=\"color: #033d20;\">Como un verso de Bukowski<\/span><\/h3>\n<p>Segu\u00ed por el mantel la sombra de una sirena. Me llev\u00f3 hasta su oasis: un gazpacho de jalape\u00f1os con ventresca de bonito. Me arrodill\u00e9 ante \u00e9l. Con mis labios recorr\u00ed su cuerpo. Ceremonioso. Hasta que, de un suspiro, lo devor\u00e9. Como un camale\u00f3n engulle un mosquito. Entonces, por la espalda, lleg\u00f3 algo m\u00e1s salvaje, pasional, otra presa. M\u00e1s <strong>Bukowski<\/strong>. Tanto que pervive intacta en mi memoria. Como el tatuaje de una sirena en el antebrazo de un corsario. Era una inocente\u00a0 <strong><span style=\"color: #ab1010;\">ensalada de esp\u00e1rragos con berberechos al vapor, ventresca de cochinillo crujiente y otros juegos de seducci\u00f3n<\/span><\/strong>. Primero me sorprendi\u00f3; luego me abri\u00f3 el paladar en canal. Como una ola que te salpica la cara, se cuela salina por los ojos y luego\u00a0 te suscita un profundo frescor de alivio. Magistral. Embriagador hasta la borrachera, como los pensamientos de Charles (Bukowski): \u00abQuer\u00eda todo el mundo o nada\u00bb. Y como Mu\u00f1oz, coraz\u00f3n de Dabiz.<\/p>\n<h1 style=\"text-align: center;\">\u00a0<a href=\"https:\/\/static-blogs.lasprovincias.es\/wp-content\/uploads\/sites\/18\/2018\/09\/MU\u00d1OZ2.jpg\"><img loading=\"lazy\" class=\"alignnone size-large wp-image-17420\" src=\"https:\/\/static-blogs.lasprovincias.es\/wp-content\/uploads\/sites\/18\/2018\/09\/MU\u00d1OZ2-1024x683.jpg\" alt=\"munoz2\" width=\"1024\" height=\"683\" srcset=\"https:\/\/static-blogs.lasprovincias.es\/wp-content\/uploads\/sites\/18\/2018\/09\/MU\u00d1OZ2.jpg 1024w, https:\/\/static-blogs.lasprovincias.es\/wp-content\/uploads\/sites\/18\/2018\/09\/MU\u00d1OZ2-300x200.jpg 300w, https:\/\/static-blogs.lasprovincias.es\/wp-content\/uploads\/sites\/18\/2018\/09\/MU\u00d1OZ2-768x512.jpg 768w\" sizes=\"(max-width: 1024px) 100vw, 1024px\" \/><\/a><\/h1>\n<h1><span style=\"color: #033d20;\">III<\/span><\/h1>\n<h3><span style=\"color: #033d20;\">Una sirena vestida de geisha<\/span><\/h3>\n<p>La resaca emocional me llev\u00f3 hasta otro bocado que escond\u00eda en sus carnes esencia de sabio:<span style=\"color: #ab1010;\"><strong> su cap\u00f3n-salm\u00f3n<\/strong><\/span>. Un plato que era t\u00e9cnica, coherencia, atrevimiento. Un ensayo comestible que firmaba el mercader, sabedor de que no hay l\u00edmites en el paladar. Grasas fusion\u00e1ndose, tierra y mar am\u00e1ndose, cap\u00f3n y salm\u00f3n bes\u00e1ndose&#8230; Todo emoci\u00f3n. La misma\u00a0 que estall\u00f3 cuando apareci\u00f3 el cocinero, despleg\u00f3 sus sue\u00f1os comestibles y exclam\u00f3: \u00ab\u00a1rumbo a Tsukiji!\u00bb. All\u00ed, en medio de un mercado imaginario, me dio a probar con la mano un explosivo<span style=\"color: #ab1010;\"><strong> erizo con caviar c\u00edtrico, velo de regaliz y ajo negro, una bearnesa japonesa y perfume de Bergamota<\/strong><\/span>. Como si una sirena se hubiese vestido de geisha y me diera un sensual mordisco en el l\u00f3bulo de la oreja. Cerr\u00e9 los ojos y goc\u00e9.<\/p>\n<h1>\u00a0<a href=\"https:\/\/static-blogs.lasprovincias.es\/wp-content\/uploads\/sites\/18\/2018\/09\/mU\u00d1OZ3.jpg\"><img loading=\"lazy\" class=\"size-large wp-image-17421 aligncenter\" src=\"https:\/\/static-blogs.lasprovincias.es\/wp-content\/uploads\/sites\/18\/2018\/09\/mU\u00d1OZ3-1024x683.jpg\" alt=\"munoz3\" width=\"1024\" height=\"683\" srcset=\"https:\/\/static-blogs.lasprovincias.es\/wp-content\/uploads\/sites\/18\/2018\/09\/mU\u00d1OZ3.jpg 1024w, https:\/\/static-blogs.lasprovincias.es\/wp-content\/uploads\/sites\/18\/2018\/09\/mU\u00d1OZ3-300x200.jpg 300w, https:\/\/static-blogs.lasprovincias.es\/wp-content\/uploads\/sites\/18\/2018\/09\/mU\u00d1OZ3-768x512.jpg 768w\" sizes=\"(max-width: 1024px) 100vw, 1024px\" \/><\/a><\/h1>\n<h1><a href=\"https:\/\/static-blogs.lasprovincias.es\/wp-content\/uploads\/sites\/18\/2018\/09\/MU\u00d1OZ5.jpg\"><img loading=\"lazy\" class=\"size-large wp-image-17422 aligncenter\" src=\"https:\/\/static-blogs.lasprovincias.es\/wp-content\/uploads\/sites\/18\/2018\/09\/MU\u00d1OZ5-1024x683.jpg\" alt=\"munoz5\" width=\"1024\" height=\"683\" srcset=\"https:\/\/static-blogs.lasprovincias.es\/wp-content\/uploads\/sites\/18\/2018\/09\/MU\u00d1OZ5.jpg 1024w, https:\/\/static-blogs.lasprovincias.es\/wp-content\/uploads\/sites\/18\/2018\/09\/MU\u00d1OZ5-300x200.jpg 300w, https:\/\/static-blogs.lasprovincias.es\/wp-content\/uploads\/sites\/18\/2018\/09\/MU\u00d1OZ5-768x512.jpg 768w\" sizes=\"(max-width: 1024px) 100vw, 1024px\" \/><\/a><\/h1>\n<h1><span style=\"color: #033d20;\">IV<\/span><\/h1>\n<h3><span style=\"color: #033d20;\">El ladr\u00f3n de paladares<\/span><\/h3>\n<p>Sent\u00ed, en medio del goce, un carrusel de sutiles caricias. \u00abLlegamos al banco de gambas\u00bb, advirti\u00f3 mi sirena. \u00abGambas a la quinta potencia\u00bb, a\u00f1adi\u00f3. Las mariposas tomaron mi est\u00f3mago. Apareci\u00f3 entonces una bolo\u00f1esa de esencia de carabineros, sashimi de quisquilla de Motril, macarrones de albahaca y jugo de ossobuco estofado. La sell\u00e9 a fuego en mi memoria para no olvidar su sabor y tuve la sensaci\u00f3n de haberle robado a este ladr\u00f3n de paladares, <strong>Ali Bab\u00e1<\/strong> de las cocinas, uno de sus tesoros. Fue tan intenso que el chiguato baby con polvo de galeras, que vino detr\u00e1s, me supo m\u00e1s a nostalgia que a otra cosa. Nostalgia que me llev\u00f3 a<strong> Sanl\u00facar de Barrameda<\/strong>, a <a href=\"https:\/\/blogs.lasprovincias.es\/historiascondelantal\/2017\/07\/21\/retinta-morena-chiguatos-pistas-para-comerse-cadiz\/\">El Bigotes<\/a>, a un atardecer con Do\u00f1ana al fondo&#8230;<\/p>\n<h1 style=\"text-align: center;\">\u00a0<a href=\"https:\/\/static-blogs.lasprovincias.es\/wp-content\/uploads\/sites\/18\/2018\/09\/mU\u00d1OZ6.jpg\"><img loading=\"lazy\" class=\"alignnone size-large wp-image-17423\" src=\"https:\/\/static-blogs.lasprovincias.es\/wp-content\/uploads\/sites\/18\/2018\/09\/mU\u00d1OZ6-1024x683.jpg\" alt=\"munoz6\" width=\"1024\" height=\"683\" srcset=\"https:\/\/static-blogs.lasprovincias.es\/wp-content\/uploads\/sites\/18\/2018\/09\/mU\u00d1OZ6.jpg 1024w, https:\/\/static-blogs.lasprovincias.es\/wp-content\/uploads\/sites\/18\/2018\/09\/mU\u00d1OZ6-300x200.jpg 300w, https:\/\/static-blogs.lasprovincias.es\/wp-content\/uploads\/sites\/18\/2018\/09\/mU\u00d1OZ6-768x512.jpg 768w\" sizes=\"(max-width: 1024px) 100vw, 1024px\" \/><\/a><\/h1>\n<h1 style=\"text-align: center;\"><a href=\"https:\/\/static-blogs.lasprovincias.es\/wp-content\/uploads\/sites\/18\/2018\/09\/mu\u00f1oz7.jpg\"><img loading=\"lazy\" class=\"alignnone size-large wp-image-17425\" src=\"https:\/\/static-blogs.lasprovincias.es\/wp-content\/uploads\/sites\/18\/2018\/09\/mu\u00f1oz7-1024x683.jpg\" alt=\"munoz7\" width=\"1024\" height=\"683\" srcset=\"https:\/\/static-blogs.lasprovincias.es\/wp-content\/uploads\/sites\/18\/2018\/09\/mu\u00f1oz7.jpg 1024w, https:\/\/static-blogs.lasprovincias.es\/wp-content\/uploads\/sites\/18\/2018\/09\/mu\u00f1oz7-300x200.jpg 300w, https:\/\/static-blogs.lasprovincias.es\/wp-content\/uploads\/sites\/18\/2018\/09\/mu\u00f1oz7-768x512.jpg 768w\" sizes=\"(max-width: 1024px) 100vw, 1024px\" \/><\/a><\/h1>\n<h1><span style=\"color: #033d20;\">V<\/span><\/h1>\n<h3><span style=\"color: #033d20;\">Tormenta en Hong Kong<\/span><\/h3>\n<p>Era una pira\u00f1a melanc\u00f3lica, aunque el ensimismamiento dur\u00f3 un suspiro. Baj\u00e9 veloz de la parra cuando me sorprendi\u00f3, entre un ba\u00f1o de vapor, una maravillosa tormenta de dumpligs, como los de una \u2018yamcha\u2019 de Hong Kong. Dumplings, eso s\u00ed, con el sello de este pirata con cuchara de palo y alma de <strong>Jack Sparrow<\/strong>:\u00a0 de gallina de Guinea estofada; de bocata (sublime)_de calamares; de sopa de pata negra, cerdo ib\u00e9rico y vaca confitada; de liebre, escabeche de mejillones y sesitos de conejo&#8230; As\u00ed, trece creaciones trepidantes. Peque\u00f1as obras de arte dise\u00f1adas para seducir el paladar. De ellas, tres dignas de tener en una urna de cristal. Como a los santos. <strong><span style=\"color: #ab1010;\">El dumpling de n\u00e9cora versi\u00f3n chilli crab con kokotxa en romana de yema de pato<\/span><\/strong>; su \u2018spanish toltilla 2018\u2019 con callos de bacalao y puntilla de huevo frito, y su cigala de tronco asada y reposada con su dordalesa&#8230; Am\u00e9n.<\/p>\n<h1 style=\"text-align: center;\">\u00a0<a href=\"https:\/\/static-blogs.lasprovincias.es\/wp-content\/uploads\/sites\/18\/2018\/09\/mu\u00f1oz9.jpg\"><img loading=\"lazy\" class=\"alignnone size-large wp-image-17424\" src=\"https:\/\/static-blogs.lasprovincias.es\/wp-content\/uploads\/sites\/18\/2018\/09\/mu\u00f1oz9-1024x683.jpg\" alt=\"munoz9\" width=\"1024\" height=\"683\" srcset=\"https:\/\/static-blogs.lasprovincias.es\/wp-content\/uploads\/sites\/18\/2018\/09\/mu\u00f1oz9.jpg 1024w, https:\/\/static-blogs.lasprovincias.es\/wp-content\/uploads\/sites\/18\/2018\/09\/mu\u00f1oz9-300x200.jpg 300w, https:\/\/static-blogs.lasprovincias.es\/wp-content\/uploads\/sites\/18\/2018\/09\/mu\u00f1oz9-768x512.jpg 768w\" sizes=\"(max-width: 1024px) 100vw, 1024px\" \/><\/a><\/h1>\n<h1><span style=\"color: #033d20;\">VI<\/span><\/h1>\n<h3><span style=\"color: #033d20;\">Un trozo del para\u00edso<\/span><\/h3>\n<p>Pero quedaba otro dumpling: un <strong><span style=\"color: #ab1010;\">clam chouwder de b\u00fafala al resiling, mejillones de roca envueltos en papada, guisantes tiernos y perifollo<\/span><\/strong>. Eso s\u00ed, era m\u00e1s que un plato, una haza\u00f1a. Una victoria descarnada en la batalla de Dabiz por ir m\u00e1s all\u00e1. Era una porci\u00f3n de para\u00edso: b\u00fafala que fue seda; el mejill\u00f3n entre papada que fue levitaci\u00f3n; los guisantes que fueron un regalo de alg\u00fan dios&#8230; Y la pira\u00f1a soltando l\u00e1grimas.<\/p>\n<h1 style=\"text-align: center;\">\u00a0<a href=\"https:\/\/static-blogs.lasprovincias.es\/wp-content\/uploads\/sites\/18\/2018\/09\/mu\u00f1oz10.jpg\"><img loading=\"lazy\" class=\"alignnone size-large wp-image-17426\" src=\"https:\/\/static-blogs.lasprovincias.es\/wp-content\/uploads\/sites\/18\/2018\/09\/mu\u00f1oz10-1024x683.jpg\" alt=\"munoz10\" width=\"1024\" height=\"683\" srcset=\"https:\/\/static-blogs.lasprovincias.es\/wp-content\/uploads\/sites\/18\/2018\/09\/mu\u00f1oz10.jpg 1024w, https:\/\/static-blogs.lasprovincias.es\/wp-content\/uploads\/sites\/18\/2018\/09\/mu\u00f1oz10-300x200.jpg 300w, https:\/\/static-blogs.lasprovincias.es\/wp-content\/uploads\/sites\/18\/2018\/09\/mu\u00f1oz10-768x512.jpg 768w\" sizes=\"(max-width: 1024px) 100vw, 1024px\" \/><\/a><\/h1>\n<h1><span style=\"color: #033d20;\">VII<\/span><\/h1>\n<h3><span style=\"color: #033d20;\">De puntillas<\/span><\/h3>\n<p>El oc\u00e9ano blanco, ll\u00e1malo mantel, qued\u00f3 relajado. Como si fuera m\u00e1s que mar, un lago. Una espardenya con aj\u00ed tonteando con salmonetes y chapoteando con leche de tigre fue como un ballet en mi paladar. Suave, elegante, con la maestr\u00eda del mejor Bolshoi. Por la retaguardia, haciendo un cabriol\u00e9, lleg\u00f3 un <span style=\"color: #ab1010;\"><strong>besugo salvaje y una ensalada de lechuga viva con jugo de las espinas<\/strong><\/span>&#8230; Y, de nuevo, sent\u00ed sus caricias. Puntillas. El lago. Los cisnes.<\/p>\n<h1 style=\"text-align: center;\">\u00a0<a href=\"https:\/\/static-blogs.lasprovincias.es\/wp-content\/uploads\/sites\/18\/2018\/09\/Mu\u00f1oz11.jpg\"><img loading=\"lazy\" class=\"alignnone size-large wp-image-17427\" src=\"https:\/\/static-blogs.lasprovincias.es\/wp-content\/uploads\/sites\/18\/2018\/09\/Mu\u00f1oz11-1024x683.jpg\" alt=\"munoz11\" width=\"1024\" height=\"683\" srcset=\"https:\/\/static-blogs.lasprovincias.es\/wp-content\/uploads\/sites\/18\/2018\/09\/Mu\u00f1oz11.jpg 1024w, https:\/\/static-blogs.lasprovincias.es\/wp-content\/uploads\/sites\/18\/2018\/09\/Mu\u00f1oz11-300x200.jpg 300w, https:\/\/static-blogs.lasprovincias.es\/wp-content\/uploads\/sites\/18\/2018\/09\/Mu\u00f1oz11-768x512.jpg 768w\" sizes=\"(max-width: 1024px) 100vw, 1024px\" \/><\/a><\/h1>\n<h1><span style=\"color: #033d20;\">VIII<\/span><\/h1>\n<h3><span style=\"color: #033d20;\">La rebeli\u00f3n<\/span><\/h3>\n<p>Quiz\u00e1, para que no me relajara tanto, la sirena sac\u00f3 sus espuelas y con ella, dej\u00f3 las carnes correr. \u00ab\u00bfA qu\u00e9 sabe un \u2018g\u00fcoper\u2019 en Diverxo?\u00bb, me pregunt\u00f3. Y sali\u00f3 un pato a las cinco especias con br\u00edo\u00a0 (y esta pira\u00f1a lo devor\u00f3); y salieron unas patatas fritas de pato (la pira\u00f1a se las zamp\u00f3), y un conmovedor<span style=\"color: #ab1010;\"><strong> wagyu con sashimi de bonito y huevo con tuber melanosprorum,<\/strong><\/span> y la pira\u00f1a sencillamente se sobrecogi\u00f3. Un s\u00e1ndwich de rabo, una provocadora <span style=\"color: #ab1010;\"><strong>pata de pich\u00f3n<\/strong> <\/span>(\u00abc\u00f3meme, glot\u00f3n\u00bb, me susurr\u00f3) y un niguiri socarrat de pich\u00f3n con su h\u00edgado y jugo canton\u00e9s que me hizo exclamar: \u00abOleee\u00bb. Y respir\u00e9. Llegaba la parte dulce y hac\u00eda surf sobre el mar bravo del entusiasmo.<\/p>\n<p><a href=\"https:\/\/static-blogs.lasprovincias.es\/wp-content\/uploads\/sites\/18\/2018\/09\/mu\u00f1oz13.jpg\"><img loading=\"lazy\" class=\"size-large wp-image-17428 aligncenter\" src=\"https:\/\/static-blogs.lasprovincias.es\/wp-content\/uploads\/sites\/18\/2018\/09\/mu\u00f1oz13-1024x683.jpg\" alt=\"munoz13\" width=\"1024\" height=\"683\" srcset=\"https:\/\/static-blogs.lasprovincias.es\/wp-content\/uploads\/sites\/18\/2018\/09\/mu\u00f1oz13.jpg 1024w, https:\/\/static-blogs.lasprovincias.es\/wp-content\/uploads\/sites\/18\/2018\/09\/mu\u00f1oz13-300x200.jpg 300w, https:\/\/static-blogs.lasprovincias.es\/wp-content\/uploads\/sites\/18\/2018\/09\/mu\u00f1oz13-768x512.jpg 768w\" sizes=\"(max-width: 1024px) 100vw, 1024px\" \/><\/a><\/p>\n<p>&nbsp;<\/p>\n<p><a href=\"https:\/\/static-blogs.lasprovincias.es\/wp-content\/uploads\/sites\/18\/2018\/09\/mu\u00f1oz19.jpg\"><img loading=\"lazy\" class=\"alignnone size-large wp-image-17430 aligncenter\" src=\"https:\/\/static-blogs.lasprovincias.es\/wp-content\/uploads\/sites\/18\/2018\/09\/mu\u00f1oz19-1024x683.jpg\" alt=\"munoz19\" width=\"1024\" height=\"683\" srcset=\"https:\/\/static-blogs.lasprovincias.es\/wp-content\/uploads\/sites\/18\/2018\/09\/mu\u00f1oz19.jpg 1024w, https:\/\/static-blogs.lasprovincias.es\/wp-content\/uploads\/sites\/18\/2018\/09\/mu\u00f1oz19-300x200.jpg 300w, https:\/\/static-blogs.lasprovincias.es\/wp-content\/uploads\/sites\/18\/2018\/09\/mu\u00f1oz19-768x512.jpg 768w\" sizes=\"(max-width: 1024px) 100vw, 1024px\" \/><\/a><\/p>\n<p>&nbsp;<\/p>\n<h1 style=\"text-align: center;\"><a href=\"https:\/\/static-blogs.lasprovincias.es\/wp-content\/uploads\/sites\/18\/2018\/09\/mu\u00f1oz16.jpg\"><img loading=\"lazy\" class=\"alignnone size-large wp-image-17429\" src=\"https:\/\/static-blogs.lasprovincias.es\/wp-content\/uploads\/sites\/18\/2018\/09\/mu\u00f1oz16-1024x683.jpg\" alt=\"munoz16\" width=\"1024\" height=\"683\" srcset=\"https:\/\/static-blogs.lasprovincias.es\/wp-content\/uploads\/sites\/18\/2018\/09\/mu\u00f1oz16.jpg 1024w, https:\/\/static-blogs.lasprovincias.es\/wp-content\/uploads\/sites\/18\/2018\/09\/mu\u00f1oz16-300x200.jpg 300w, https:\/\/static-blogs.lasprovincias.es\/wp-content\/uploads\/sites\/18\/2018\/09\/mu\u00f1oz16-768x512.jpg 768w\" sizes=\"(max-width: 1024px) 100vw, 1024px\" \/><\/a><\/h1>\n<h1><\/h1>\n<h1><span style=\"color: #033d20;\">IX<\/span><\/h1>\n<h3><span style=\"color: #033d20;\"><strong>Como un beso de Jessica Roger<\/strong><\/span><\/h3>\n<p>Inicie la traves\u00eda final del viaje incr\u00e9dulo: pensaba que\u00a0 iba a ser dif\u00edcil sorprenderme. \u00abCon lo que llevo vivido\u00bb, me dije engre\u00eddo. Pero me met\u00ed en ese mundo dulce del oc\u00e9ano de Diverxo y sal\u00ed de \u00e9l con la sensaci\u00f3n de haber estado en un t\u00fanel del tiempo: viaje directo a la infancia. Sent\u00ed, entre bocados animados \u2013como los dibujos de la Cartoon\u2013, que volv\u00eda a trasladar a mi paladar aquellas<em> chuches<\/em> que me enloquec\u00edan cuando era un chaval. No, no era la magdalena de la abuela, ni el chocolate caliente de mam\u00e1. Era regaliz (negra), nubes de nata y fresa, golosinas con sabor a frambuesa y algod\u00f3n de feria. Y s\u00ed, me sent\u00ed como pira\u00f1a panza arriba. Especialmente cuando engull\u00ed aquel plato que parec\u00eda quebrado, cual trampantojo del entusiasmo. Ese que te hac\u00eda disfrutar con una <strong><span style=\"color: #ab1010;\">ganache de coco, ajo negro, chicle de grosella, albahaca, regaliz&#8230; y helado de cenizas con coco-yuz\u00fa<\/span><\/strong>. Como un beso apasionado en la boca de <strong>Jessica Rabbit<\/strong>.<\/p>\n<h1><a href=\"https:\/\/static-blogs.lasprovincias.es\/wp-content\/uploads\/sites\/18\/2018\/09\/mu\u00f1oztop.jpg\"><img loading=\"lazy\" class=\"size-large wp-image-17431 aligncenter\" src=\"https:\/\/static-blogs.lasprovincias.es\/wp-content\/uploads\/sites\/18\/2018\/09\/mu\u00f1oztop-1024x683.jpg\" alt=\"munoztop\" width=\"1024\" height=\"683\" srcset=\"https:\/\/static-blogs.lasprovincias.es\/wp-content\/uploads\/sites\/18\/2018\/09\/mu\u00f1oztop.jpg 1024w, https:\/\/static-blogs.lasprovincias.es\/wp-content\/uploads\/sites\/18\/2018\/09\/mu\u00f1oztop-300x200.jpg 300w, https:\/\/static-blogs.lasprovincias.es\/wp-content\/uploads\/sites\/18\/2018\/09\/mu\u00f1oztop-768x512.jpg 768w\" sizes=\"(max-width: 1024px) 100vw, 1024px\" \/><\/a><\/h1>\n<h1><span style=\"color: #033d20;\">X<\/span><\/h1>\n<h3><span style=\"color: #033d20;\">Tel\u00f3n de sue\u00f1os\u00a0<\/span><\/h3>\n<p><strong>Si fuera poeta<\/strong>, escribir\u00eda versos con cresta. Y rimas canallas. <strong>Si fuera<\/strong> <strong>Lewis Carroll<\/strong>, contar\u00eda cuentos de sus platos. <strong>Si fuera Lord Byron<\/strong>, saldr\u00eda\u00a0 a remar al viento mientras me empapan las olas de los recuerdos de esa comida que sabe a sue\u00f1o. Tres, dos uno. Se cierra el tel\u00f3n.<\/p>\n<p style=\"text-align: center;\"><a href=\"https:\/\/static-blogs.lasprovincias.es\/wp-content\/uploads\/sites\/18\/2018\/09\/mu\u00f1ozxo.jpeg\"><img loading=\"lazy\" class=\"alignnone size-full wp-image-17432\" src=\"https:\/\/static-blogs.lasprovincias.es\/wp-content\/uploads\/sites\/18\/2018\/09\/mu\u00f1ozxo.jpeg\" alt=\"munozxo\" width=\"824\" height=\"768\" srcset=\"https:\/\/static-blogs.lasprovincias.es\/wp-content\/uploads\/sites\/18\/2018\/09\/mu\u00f1ozxo.jpeg 824w, https:\/\/static-blogs.lasprovincias.es\/wp-content\/uploads\/sites\/18\/2018\/09\/mu\u00f1ozxo-300x280.jpeg 300w, https:\/\/static-blogs.lasprovincias.es\/wp-content\/uploads\/sites\/18\/2018\/09\/mu\u00f1ozxo-768x716.jpeg 768w\" sizes=\"(max-width: 824px) 100vw, 824px\" \/><\/a><\/p>\n<p>&nbsp;<\/p>\n<hr \/>\n<p><a href=\"https:\/\/static-blogs.lasprovincias.es\/wp-content\/uploads\/sites\/18\/2018\/09\/1535916544596.jpg\"><img loading=\"lazy\" class=\"size-large wp-image-17396 aligncenter\" src=\"https:\/\/static-blogs.lasprovincias.es\/wp-content\/uploads\/sites\/18\/2018\/09\/1535916544596-1024x389.jpg\" alt=\"1535916544596\" width=\"1024\" height=\"389\" srcset=\"https:\/\/static-blogs.lasprovincias.es\/wp-content\/uploads\/sites\/18\/2018\/09\/1535916544596-1024x389.jpg 1024w, https:\/\/static-blogs.lasprovincias.es\/wp-content\/uploads\/sites\/18\/2018\/09\/1535916544596-300x114.jpg 300w, https:\/\/static-blogs.lasprovincias.es\/wp-content\/uploads\/sites\/18\/2018\/09\/1535916544596-768x292.jpg 768w, https:\/\/static-blogs.lasprovincias.es\/wp-content\/uploads\/sites\/18\/2018\/09\/1535916544596.jpg 2048w\" sizes=\"(max-width: 1024px) 100vw, 1024px\" \/><\/a><\/p>\n<!-- AddThis Advanced Settings generic via filter on the_content --><!-- AddThis Share Buttons generic via filter on the_content -->","protected":false},"excerpt":{"rendered":"<p>Un mantel hecho oc\u00e9ano. Un mar de sabores, texturas, locuras. Un chef bajo la piel de un mercader: astuto, provocador, incluso sabio. Y un tesoro culinario, que ya quisiera Ali Baba. As\u00ed se come en casa de Dabiz.\u00a0 &#8211; ESPECIAL DABIZ MU\u00d1OZ Cara A. La bacanal del funambulista Cara B. Diverxo, el viaje de la [&hellip;]<!-- AddThis Advanced Settings generic via filter on get_the_excerpt --><!-- AddThis Share Buttons generic via filter on get_the_excerpt --><\/p>\n","protected":false},"author":23,"featured_media":17416,"comment_status":"open","ping_status":"open","sticky":false,"template":"","format":"standard","meta":[],"categories":[2,3,4,5,6,1,7],"tags":[1555,335,434,722],"_links":{"self":[{"href":"https:\/\/blogs.lasprovincias.es\/historiascondelantal\/wp-json\/wp\/v2\/posts\/17413"}],"collection":[{"href":"https:\/\/blogs.lasprovincias.es\/historiascondelantal\/wp-json\/wp\/v2\/posts"}],"about":[{"href":"https:\/\/blogs.lasprovincias.es\/historiascondelantal\/wp-json\/wp\/v2\/types\/post"}],"author":[{"embeddable":true,"href":"https:\/\/blogs.lasprovincias.es\/historiascondelantal\/wp-json\/wp\/v2\/users\/23"}],"replies":[{"embeddable":true,"href":"https:\/\/blogs.lasprovincias.es\/historiascondelantal\/wp-json\/wp\/v2\/comments?post=17413"}],"version-history":[{"count":7,"href":"https:\/\/blogs.lasprovincias.es\/historiascondelantal\/wp-json\/wp\/v2\/posts\/17413\/revisions"}],"predecessor-version":[{"id":17439,"href":"https:\/\/blogs.lasprovincias.es\/historiascondelantal\/wp-json\/wp\/v2\/posts\/17413\/revisions\/17439"}],"wp:featuredmedia":[{"embeddable":true,"href":"https:\/\/blogs.lasprovincias.es\/historiascondelantal\/wp-json\/wp\/v2\/media\/17416"}],"wp:attachment":[{"href":"https:\/\/blogs.lasprovincias.es\/historiascondelantal\/wp-json\/wp\/v2\/media?parent=17413"}],"wp:term":[{"taxonomy":"category","embeddable":true,"href":"https:\/\/blogs.lasprovincias.es\/historiascondelantal\/wp-json\/wp\/v2\/categories?post=17413"},{"taxonomy":"post_tag","embeddable":true,"href":"https:\/\/blogs.lasprovincias.es\/historiascondelantal\/wp-json\/wp\/v2\/tags?post=17413"}],"curies":[{"name":"wp","href":"https:\/\/api.w.org\/{rel}","templated":true}]}}