{"id":17928,"date":"2018-11-16T22:40:15","date_gmt":"2018-11-16T20:40:15","guid":{"rendered":"https:\/\/blogs.lasprovincias.es\/historiascondelantal\/?p=17928"},"modified":"2018-11-16T22:44:37","modified_gmt":"2018-11-16T20:44:37","slug":"trovadores-del-producto-diez-mesas-a-las-que-peregrinar","status":"publish","type":"post","link":"https:\/\/blogs.lasprovincias.es\/historiascondelantal\/2018\/11\/16\/trovadores-del-producto-diez-mesas-a-las-que-peregrinar\/","title":{"rendered":"Trovadores del producto: diez mesas a las que peregrinar"},"content":{"rendered":"<p><b>De Ribadesella a M\u00e1laga, de Madrid a Bilbao, de Askua a Bocamada pasando por el Mercado Central y sin salir de Valencia.<span style=\"color: #ab1010;\"> Una ruta por los platos desnudos<\/span>, en la que el pescador, el agricultor, el entorno&#8230; se imponen al cocinero en defensa de una gastronom\u00eda hecha de esencias. Una ruta, que no la ruta, porque ser\u00eda absurdo. Son sencillamente algunos de los sitios cuyos desnudos se quedan, como una fotograf\u00eda antigua, en el porta-retratos\u00a0de la memoria. All\u00ed, recitando sus \u00e9picas entre recuerdos.<span style=\"color: #a38048;\"> Trovadores del producto. <span style=\"color: #333333;\">Juglares de los aut\u00e9ntico.<\/span><\/span><\/b><\/p>\n<h3 style=\"text-align: right;\"><span style=\"text-decoration: underline;\"><span style=\"color: #a38048; text-decoration: underline;\"><strong>PEREGRINAJE AL PRODUCTO<\/strong><\/span><\/span><\/h3>\n<p style=\"text-align: right;\"><span style=\"color: #ab1010;\">I. Elkano y el \u00e1rbol de Aitor<\/span><\/p>\n<p style=\"text-align: right;\"><strong><span style=\"color: #ab1010;\">II.\u00a0Los trovadores de los aut\u00e9ntico<\/span><\/strong><\/p>\n<p style=\"text-align: right;\"><em><span style=\"color: #a38048;\">-\u2026 y pr\u00f3ximamente:<\/span><\/em><\/p>\n<p style=\"text-align: right;\"><span style=\"color: #a38048;\"><strong>III.<\/strong>\u00a0El desnudo de la Tasquita.<\/span><\/p>\n<p style=\"text-align: right;\"><span style=\"color: #a38048;\"><strong>IV.<\/strong>\u00a0Los tesoros de\u00a0<a style=\"color: #a38048;\" href=\"https:\/\/blogs.lasprovincias.es\/historiascondelantal\/2018\/09\/23\/asi-es-llisa-negra-el-nuevo-restaurante-de-quique-dacosta-en-valencia\/\">Llisa Negra<\/a><\/span><\/p>\n<p style=\"text-align: center;\"><a href=\"https:\/\/static-blogs.lasprovincias.es\/wp-content\/uploads\/sites\/18\/2018\/11\/Tasquita.jpeg\"><img loading=\"lazy\" class=\"alignnone size-large wp-image-18004\" src=\"https:\/\/static-blogs.lasprovincias.es\/wp-content\/uploads\/sites\/18\/2018\/11\/Tasquita-1024x683.jpeg\" alt=\"tasquita\" width=\"1024\" height=\"683\" srcset=\"https:\/\/static-blogs.lasprovincias.es\/wp-content\/uploads\/sites\/18\/2018\/11\/Tasquita.jpeg 1024w, https:\/\/static-blogs.lasprovincias.es\/wp-content\/uploads\/sites\/18\/2018\/11\/Tasquita-300x200.jpeg 300w, https:\/\/static-blogs.lasprovincias.es\/wp-content\/uploads\/sites\/18\/2018\/11\/Tasquita-768x512.jpeg 768w\" sizes=\"(max-width: 1024px) 100vw, 1024px\" \/><\/a><\/p>\n<hr \/>\n<h3 style=\"text-align: center;\"><\/h3>\n<h3 style=\"text-align: center;\"><span style=\"color: #ab1010;\">&#8220;&#8230;estava don Carnal ricamente assentado&#8221;\u00a0<\/span><\/h3>\n<p>&nbsp;<\/p>\n<hr \/>\n<h3><span style=\"color: #a38048;\">Askua.<\/span><\/h3>\n<p>Hablamos de peregrinaje al producto. Y dentro de \u00e9l, parada obligada para cualquier amante de la buena mesa es Askua. Producto en may\u00fasculas. Sin duda. Con nombre propio. All\u00ed se pueden probar las kokotxas que sirven en Elkano. Eso y mucho m\u00e1s: carne premium de Luismi, sus guisantes de Getaria, chistorra de Lasarte embutido de Onil&#8230; Los proveedores son los protagonistas en una cocina impoluta en la que <strong>Ricardo Gadea<\/strong> est\u00e1 al frente del cotarro. Su manera de ser, de lidiar mesas y negocio, acaban convirtiendo el instante en una especie de glosa al hedonismo. Producto hecho verso.\u00a0 S\u00f3lo fuego.<\/p>\n<blockquote>\n<p style=\"text-align: right;\"><span style=\"color: #a38048;\"><em>Hay fuegos grandes y fuegos chicos<\/em><\/span><br \/>\n<span style=\"color: #a38048;\"><em>y fuegos de todos los colores<\/em><\/span><\/p>\n<p style=\"text-align: right;\"><span style=\"color: #808080;\"><em>&#8216;Fuego&#8217;. Eduardo Galeano. Del &#8216;Libro de los abrazos&#8217;<\/em><\/span><\/p>\n<\/blockquote>\n<p>&nbsp;<\/p>\n<p style=\"text-align: center;\"><a href=\"https:\/\/static-blogs.lasprovincias.es\/wp-content\/uploads\/sites\/18\/2018\/11\/askua.jpeg\"><img loading=\"lazy\" class=\"alignnone size-large wp-image-17997\" src=\"https:\/\/static-blogs.lasprovincias.es\/wp-content\/uploads\/sites\/18\/2018\/11\/askua-1024x576.jpeg\" alt=\"askua\" width=\"1024\" height=\"576\" srcset=\"https:\/\/static-blogs.lasprovincias.es\/wp-content\/uploads\/sites\/18\/2018\/11\/askua-1024x576.jpeg 1024w, https:\/\/static-blogs.lasprovincias.es\/wp-content\/uploads\/sites\/18\/2018\/11\/askua-300x169.jpeg 300w, https:\/\/static-blogs.lasprovincias.es\/wp-content\/uploads\/sites\/18\/2018\/11\/askua-768x432.jpeg 768w, https:\/\/static-blogs.lasprovincias.es\/wp-content\/uploads\/sites\/18\/2018\/11\/askua.jpeg 1328w\" sizes=\"(max-width: 1024px) 100vw, 1024px\" \/><\/a><\/p>\n<hr \/>\n<h3><strong><span style=\"color: #a38048;\">Rausell.<\/span><\/strong><\/h3>\n<p>Seguimos de ruta. Otra parada y fondo en un lugar donde el producto es, sobre todo, sin\u00f3nimo de respeto. El producto tratado de forma festiva, cercana, con el esp\u00edritu de las viejas tabernas, que siempre acababan desatando la felicidad. Esa cercan\u00eda que <strong>Jos\u00e9 y Miguel Rausell<\/strong> transmiten a sus clientes, sazonada con una oferta culinaria impecable, hacen que su casa de comidas sea uno de esos altares de Valencia al gozo. Nunca me cansod e decirlo. M\u00e1s all\u00e1 de su barra, me gusta el espacio. Sus gentes, el lugar. El sentirte como en casa. Y en medio de ello: unos rebollones, unas almejas en salsa verde, una quisquilla, un tomate, un milhojas maravilloso con el sello de <a href=\"https:\/\/blogs.lasprovincias.es\/historiascondelantal\/2018\/05\/28\/paco-torreblanca-cuando-uno-se-dedica-a-mirarse-el-ombligo-el-mundo-se-acaba\/\">Paco Torreblanca<\/a>&#8230; Lo mismo da lo que hablemos, siempre predomina la calidad. Un lugar para ser feliz. Desconectar&#8230;<\/p>\n<blockquote>\n<p style=\"text-align: right;\"><span style=\"color: #a38048;\"><em>un caminar tranquilo\u00a0<\/em><\/span><br \/>\n<span style=\"color: #a38048;\"><em>de estrella o primavera sin premura<\/em><\/span><\/p>\n<p style=\"text-align: right;\"><span style=\"color: #808080;\"><em>Piedra de Sol. Octavio Paz.<\/em><\/span><\/p>\n<\/blockquote>\n<blockquote><p><a href=\"https:\/\/static-blogs.lasprovincias.es\/wp-content\/uploads\/sites\/18\/2018\/11\/Rausell1.jpg\"><img loading=\"lazy\" class=\"size-large wp-image-18006\" src=\"https:\/\/static-blogs.lasprovincias.es\/wp-content\/uploads\/sites\/18\/2018\/11\/Rausell1-1024x768.jpg\" alt=\"nfd\" width=\"1024\" height=\"768\" srcset=\"https:\/\/static-blogs.lasprovincias.es\/wp-content\/uploads\/sites\/18\/2018\/11\/Rausell1.jpg 1024w, https:\/\/static-blogs.lasprovincias.es\/wp-content\/uploads\/sites\/18\/2018\/11\/Rausell1-300x225.jpg 300w, https:\/\/static-blogs.lasprovincias.es\/wp-content\/uploads\/sites\/18\/2018\/11\/Rausell1-768x576.jpg 768w\" sizes=\"(max-width: 1024px) 100vw, 1024px\" \/><\/a><\/p>\n<p>&nbsp;<\/p>\n<p><a href=\"https:\/\/static-blogs.lasprovincias.es\/wp-content\/uploads\/sites\/18\/2018\/11\/Rausell2.jpg\"><img loading=\"lazy\" class=\"size-large wp-image-18007\" src=\"https:\/\/static-blogs.lasprovincias.es\/wp-content\/uploads\/sites\/18\/2018\/11\/Rausell2-1024x768.jpg\" alt=\"nfd\" width=\"1024\" height=\"768\" srcset=\"https:\/\/static-blogs.lasprovincias.es\/wp-content\/uploads\/sites\/18\/2018\/11\/Rausell2.jpg 1024w, https:\/\/static-blogs.lasprovincias.es\/wp-content\/uploads\/sites\/18\/2018\/11\/Rausell2-300x225.jpg 300w, https:\/\/static-blogs.lasprovincias.es\/wp-content\/uploads\/sites\/18\/2018\/11\/Rausell2-768x576.jpg 768w\" sizes=\"(max-width: 1024px) 100vw, 1024px\" \/><\/a><\/p><\/blockquote>\n<hr \/>\n<h3><strong><span style=\"color: #a38048;\">Bocamada.<\/span><\/strong><\/h3>\n<p>Otra manera de hablar del producto y otra manera de hacerle oda. Bocamada es una casa de comida especial, de esas que siguen ah\u00ed sin hacer ruido, con much\u00edsima personalidad. En ella, el producto tambi\u00e9n cuenta y mucho. Desde sus ostras (con el sello de autenticidad grabado a l\u00e1ser en su concha) hasta las bandejas de marisco que lucen sobre el hielo. Aunque te debo confesar que a m\u00ed, lo que me encanta de Bocamada es que saquen esa bandeja con la lubina salvaje a la sal habl\u00e1ndote de tradici\u00f3n&#8230; Una lubina deliciosa que, a trav\u00e9s de sus lomos, te transmite todas las esencias del mar. Otra vez, autenticidad.<\/p>\n<blockquote>\n<p style=\"text-align: right;\"><span style=\"color: #a38048;\"><em>\u00bfPor qu\u00e9 me desenterraste\u00a0<\/em><\/span><br \/>\n<span style=\"color: #a38048;\"><em>del mar?<\/em><\/span><br \/>\n<span style=\"color: #a38048;\"><em>En sue\u00f1os la marejada\u00a0<\/em><\/span><br \/>\n<span style=\"color: #a38048;\"><em>me tira del coraz\u00f3n<\/em><\/span><\/p>\n<p style=\"text-align: right;\"><span style=\"color: #808080;\"><em>&#8216;El Mar&#8217;. Rafael Alberti<\/em><\/span><\/p>\n<\/blockquote>\n<p>&nbsp;<\/p>\n<p><a href=\"https:\/\/static-blogs.lasprovincias.es\/wp-content\/uploads\/sites\/18\/2018\/11\/Bocamada.jpg\"><img loading=\"lazy\" class=\"size-full wp-image-18008\" src=\"https:\/\/static-blogs.lasprovincias.es\/wp-content\/uploads\/sites\/18\/2018\/11\/Bocamada.jpg\" alt=\"rptnb\" width=\"768\" height=\"970\" srcset=\"https:\/\/static-blogs.lasprovincias.es\/wp-content\/uploads\/sites\/18\/2018\/11\/Bocamada.jpg 768w, https:\/\/static-blogs.lasprovincias.es\/wp-content\/uploads\/sites\/18\/2018\/11\/Bocamada-238x300.jpg 238w\" sizes=\"(max-width: 768px) 100vw, 768px\" \/><\/a><\/p>\n<p><a href=\"https:\/\/static-blogs.lasprovincias.es\/wp-content\/uploads\/sites\/18\/2018\/11\/Bocamada2.jpg\"><img loading=\"lazy\" class=\"size-large wp-image-17998\" src=\"https:\/\/static-blogs.lasprovincias.es\/wp-content\/uploads\/sites\/18\/2018\/11\/Bocamada2-1024x768.jpg\" alt=\"nfd\" width=\"1024\" height=\"768\" srcset=\"https:\/\/static-blogs.lasprovincias.es\/wp-content\/uploads\/sites\/18\/2018\/11\/Bocamada2-1024x768.jpg 1024w, https:\/\/static-blogs.lasprovincias.es\/wp-content\/uploads\/sites\/18\/2018\/11\/Bocamada2-300x225.jpg 300w, https:\/\/static-blogs.lasprovincias.es\/wp-content\/uploads\/sites\/18\/2018\/11\/Bocamada2-768x576.jpg 768w\" sizes=\"(max-width: 1024px) 100vw, 1024px\" \/><\/a><\/p>\n<p>&nbsp;<\/p>\n<hr \/>\n<h3><span style=\"color: #a38048;\">La Cosmopolita. <\/span><\/h3>\n<p>Dejamos de momento Valencia. Peregrinamos ahora hasta M\u00e1laga. A <a href=\"https:\/\/blogs.lasprovincias.es\/historiascondelantal\/2018\/06\/23\/la-cosmopolita-donde-el-alma-goza\/\">La Cosmopolita<\/a>. All\u00ed, el trovador se llama <strong>Dani Carnero<\/strong> y sabe acariciar el producto con un manto personal que le impregna de mimos: el salmonete con sus interiores, el calamar encebollado, su bocata de barriga de chivito&#8230; o esa panacotta. Todo haciendo grande el producto. Muy taberna, muy Andaluc\u00eda y muy tasquita. Dani es un enamorado de eso, del producto. Y de tratarlo. Y jugando con \u00e9l aprendi\u00f3 y creci\u00f3. Jugando y respet\u00e1ndolo. Como jugaba <strong>Gloria Fuertes<\/strong> con los versos y te acababa encandilando.<\/p>\n<blockquote>\n<p style=\"text-align: right;\"><span style=\"color: #a38048;\"><em>Con mis ojos veo todo,<\/em><\/span><\/p>\n<p style=\"text-align: right;\"><span style=\"color: #a38048;\"><em>con la nariz hago ach\u00eds,<\/em><\/span><\/p>\n<p style=\"text-align: right;\"><span style=\"color: #a38048;\"><em>con mi boca como como<\/em><\/span><\/p>\n<p style=\"text-align: right;\"><span style=\"color: #a38048;\"><em>palomitas de ma\u00edz<\/em><\/span><\/p>\n<p style=\"text-align: right;\"><span style=\"color: #808080;\"><em>Mi cara. Gloria Fuertes.<\/em><\/span><\/p>\n<\/blockquote>\n<p style=\"text-align: center;\"><a href=\"https:\/\/static-blogs.lasprovincias.es\/wp-content\/uploads\/sites\/18\/2018\/11\/cosmopolita2.jpeg\"><img loading=\"lazy\" class=\"alignnone size-large wp-image-18000\" src=\"https:\/\/static-blogs.lasprovincias.es\/wp-content\/uploads\/sites\/18\/2018\/11\/cosmopolita2-1024x683.jpeg\" alt=\"cosmopolita2\" width=\"1024\" height=\"683\" srcset=\"https:\/\/static-blogs.lasprovincias.es\/wp-content\/uploads\/sites\/18\/2018\/11\/cosmopolita2.jpeg 1024w, https:\/\/static-blogs.lasprovincias.es\/wp-content\/uploads\/sites\/18\/2018\/11\/cosmopolita2-300x200.jpeg 300w, https:\/\/static-blogs.lasprovincias.es\/wp-content\/uploads\/sites\/18\/2018\/11\/cosmopolita2-768x512.jpeg 768w\" sizes=\"(max-width: 1024px) 100vw, 1024px\" \/><\/a><\/p>\n<hr \/>\n<h3><span style=\"color: #a38048;\">La Tasquita de Enfrente.<\/span><\/h3>\n<p>Te dije que La Cosmopolita me sab\u00eda a tasquita. No era casualidad. Es una misma filosof\u00eda, una forma de hacer, de trabajar el producto especial. Con \u00e1ngel. Eso tiene la Tasquita de Enfrente: una cocina con \u00e1ngel. De ella te voy a hablar pronto, detallando lo que hay detr\u00e1s de su libro que acaban de publicar. Pero ya que estamos de ruta por los platos desnudos, deja que parecemos, aunque sea un momento, para dejar que las palabras de esta historia peregrinen sobre su mesa y grite, que all\u00ed, el producto, tiene su altar. Un hermoso y grandioso altar. Y a la vez, silencioso y peque\u00f1o. Maravillosamente min\u00fasculo. Como un verso que se esfuma&#8230;<\/p>\n<blockquote>\n<p style=\"text-align: right;\"><span style=\"color: #a38048;\"><em>Me comer\u00e1s entonces dulcemente<\/em><\/span><br \/>\n<span style=\"color: #a38048;\"><em>pedazo por pedazo.<\/em><\/span><\/p>\n<p style=\"text-align: right;\"><span style=\"color: #808080;\"><em>Pedazo de amor. Juan Gelman.<\/em><\/span><\/p>\n<\/blockquote>\n<p>&nbsp;<\/p>\n<p style=\"text-align: center;\"><a href=\"https:\/\/static-blogs.lasprovincias.es\/wp-content\/uploads\/sites\/18\/2018\/11\/Tasquita4.jpg\"><img loading=\"lazy\" class=\"alignnone size-large wp-image-18005\" src=\"https:\/\/static-blogs.lasprovincias.es\/wp-content\/uploads\/sites\/18\/2018\/11\/Tasquita4-1024x663.jpg\" alt=\"tasquita4\" width=\"1024\" height=\"663\" srcset=\"https:\/\/static-blogs.lasprovincias.es\/wp-content\/uploads\/sites\/18\/2018\/11\/Tasquita4.jpg 1024w, https:\/\/static-blogs.lasprovincias.es\/wp-content\/uploads\/sites\/18\/2018\/11\/Tasquita4-300x194.jpg 300w, https:\/\/static-blogs.lasprovincias.es\/wp-content\/uploads\/sites\/18\/2018\/11\/Tasquita4-768x497.jpg 768w\" sizes=\"(max-width: 1024px) 100vw, 1024px\" \/><\/a><\/p>\n<hr \/>\n<h3><span style=\"color: #a38048;\">\u00a0El Adobo.<\/span><\/h3>\n<p>Viaje hasta C\u00e1diz. All\u00ed m\u00e1s que contar \u00e9picas, cantaremos chirigotas muy serias sobre el producto. Tan serio como el que sirve <strong>Paquito<\/strong> en la Bodeguita El Adobo. Producto con sabor a fiesta, a sorbos de Maruja de Bodegas de <strong>Juan Pi\u00f1ero<\/strong>, a noches a la fresca, a algarab\u00eda. Alex susurr\u00e1ndote sus cancioncillas. All\u00ed la morena, la gallineta frita, los plateritos que saben al fango del mar que ba\u00f1a la cocina de El Adobo. Frescura. Vida. Puro producto. Mucha verdad.<\/p>\n<blockquote>\n<p style=\"text-align: right;\"><span style=\"color: #a38048;\"><em>la boca llena de sal<\/em><\/span><br \/>\n<span style=\"color: #a38048;\"><em>y el sue\u00f1o lleno de peces<\/em><\/span><\/p>\n<p style=\"text-align: right;\"><span style=\"color: #808080;\"><em>Canci\u00f3n\u00a0 de pescadoras. Gabriela Mistral<\/em><\/span><\/p>\n<\/blockquote>\n<p style=\"text-align: center;\"><a href=\"https:\/\/static-blogs.lasprovincias.es\/wp-content\/uploads\/sites\/18\/2018\/11\/4.La-morena-pisa-fuerte.jpg\"><img loading=\"lazy\" class=\"alignnone size-large wp-image-18010\" src=\"https:\/\/static-blogs.lasprovincias.es\/wp-content\/uploads\/sites\/18\/2018\/11\/4.La-morena-pisa-fuerte-1024x768.jpg\" alt=\"\" width=\"1024\" height=\"768\" srcset=\"https:\/\/static-blogs.lasprovincias.es\/wp-content\/uploads\/sites\/18\/2018\/11\/4.La-morena-pisa-fuerte.jpg 1024w, https:\/\/static-blogs.lasprovincias.es\/wp-content\/uploads\/sites\/18\/2018\/11\/4.La-morena-pisa-fuerte-300x225.jpg 300w, https:\/\/static-blogs.lasprovincias.es\/wp-content\/uploads\/sites\/18\/2018\/11\/4.La-morena-pisa-fuerte-768x576.jpg 768w\" sizes=\"(max-width: 1024px) 100vw, 1024px\" \/><\/a><\/p>\n<hr \/>\n<h3><span style=\"color: #a38048;\">G\u00fceyu.<\/span><\/h3>\n<p>Para un instante ahora en el Ribadesella, aunque sea de puntillas, porque otro d\u00eda te contar\u00e9 con todo lujo de detalles lo que viv\u00ed en este local que, inevitablemente te roba el alma. Estuve hace apenas una semana, y ah\u00ed se ha quedado. Trovador de lo aut\u00e9ntico instalado en la memoria. Sus pescados, su rey, es un lujo extraordinario. De esos lujos que te ponen la emoci\u00f3n a flor de piel: brasa y producto impecable. Tratado en su punto, jugoso, gustoso&#8230;\u00a0 \u00a1Ya te contar\u00e9, ya!<\/p>\n<blockquote>\n<p style=\"text-align: right;\"><span style=\"color: #a38048;\"><em>Si\u00e9ntate y comamos,<\/em><\/span><\/p>\n<p style=\"text-align: right;\"><span style=\"color: #a38048;\"><em>celebremos y comamos<\/em><\/span><\/p>\n<p style=\"text-align: right;\"><span style=\"color: #a38048;\"><em>ver\u00e1s c\u00f3mo disfrutamos<\/em><\/span><\/p>\n<p style=\"text-align: right;\"><span style=\"color: #808080;\"><em>El mercado de los duendes. Christina Rossetti<\/em><\/span><\/p>\n<\/blockquote>\n<p><a href=\"https:\/\/static-blogs.lasprovincias.es\/wp-content\/uploads\/sites\/18\/2018\/11\/IMG_20181116_200711.jpg\"><img loading=\"lazy\" class=\"size-large wp-image-18012\" src=\"https:\/\/static-blogs.lasprovincias.es\/wp-content\/uploads\/sites\/18\/2018\/11\/IMG_20181116_200711-1024x657.jpg\" alt=\"nfd\" width=\"1024\" height=\"657\" srcset=\"https:\/\/static-blogs.lasprovincias.es\/wp-content\/uploads\/sites\/18\/2018\/11\/IMG_20181116_200711-1024x657.jpg 1024w, https:\/\/static-blogs.lasprovincias.es\/wp-content\/uploads\/sites\/18\/2018\/11\/IMG_20181116_200711-300x192.jpg 300w, https:\/\/static-blogs.lasprovincias.es\/wp-content\/uploads\/sites\/18\/2018\/11\/IMG_20181116_200711-768x493.jpg 768w, https:\/\/static-blogs.lasprovincias.es\/wp-content\/uploads\/sites\/18\/2018\/11\/IMG_20181116_200711.jpg 1300w\" sizes=\"(max-width: 1024px) 100vw, 1024px\" \/><\/a><\/p>\n<hr \/>\n<h3><span style=\"color: #a38048;\">Nerua.<\/span><\/h3>\n<p>Otra forma de vivir el producto; otra manera de extraer de \u00e9l toda su excelencia; de hacer que en el plato se imponga el alma de un esp\u00e1rrago, de unos guisantes, del chipir\u00f3n. Lo que hace <a href=\"https:\/\/blogs.lasprovincias.es\/historiascondelantal\/2015\/08\/01\/josean-alija-el-cazador-de-almas\/\">Josean Alija <\/a>en el restaurante ubicado junto al Guggenheim (Bilbao) es sencillamente m\u00e1gico: extraer la esencia al producto para darle una nueva vida que resultar\u00e1 ef\u00edmera en el paladar y eterna en la memoria. Lo logra con su merluza (inolvidable), con unas pochas (que me atraviesan el alma), con su foie, sus tomatitos&#8230; Un lugar impecable. \u00danico.<\/p>\n<blockquote>\n<p style=\"text-align: right;\"><span style=\"color: #a38048;\"><em>Despu\u00e9s del acabose, \u00bfqu\u00e9 puede preocuparnos si todo ser\u00e1 nada?<\/em><\/span><\/p>\n<p style=\"text-align: right;\"><span style=\"color: #808080;\"><em>Acabose. Mario Benedetti<\/em><\/span><\/p>\n<\/blockquote>\n<p style=\"text-align: center;\"><a href=\"https:\/\/static-blogs.lasprovincias.es\/wp-content\/uploads\/sites\/18\/2018\/11\/Nerua2.jpg\"><img loading=\"lazy\" class=\"alignnone size-full wp-image-18003\" src=\"https:\/\/static-blogs.lasprovincias.es\/wp-content\/uploads\/sites\/18\/2018\/11\/Nerua2.jpg\" alt=\"nerua2\" width=\"640\" height=\"480\" srcset=\"https:\/\/static-blogs.lasprovincias.es\/wp-content\/uploads\/sites\/18\/2018\/11\/Nerua2.jpg 640w, https:\/\/static-blogs.lasprovincias.es\/wp-content\/uploads\/sites\/18\/2018\/11\/Nerua2-300x225.jpg 300w\" sizes=\"(max-width: 640px) 100vw, 640px\" \/><\/a><\/p>\n<hr \/>\n<h3><span style=\"color: #a38048;\">Llisa Negra. <\/span><\/h3>\n<p><span style=\"color: #333333;\">Y de Bilbao, volvemos al Mediterr\u00e1neo. Valencia, en el centro, ha nacido Llisa Negra y aun que tengo todos sus secretos (culinarios) por contarte, ya te puedo decir que el producto danza por all\u00ed la mar de feliz. Y que hay de todo y todo m\u00e1s que bueno. A m\u00ed me ha robado un pedazo de coraz\u00f3n. Especialmente este guiso, que ya et desvelo hoy, de pochas (frescas) y espardenyes. Lo probamos y le faltaba una pizca de sal. Pero qu\u00e9 m\u00e1s daba&#8230;. era primordial. Producto al servicio de la felicidad. Eso es Llisa Negra, con permiso de su pap\u00e1. (Felicidades Dacosta). Llisa Negra, como el verso de Graves:<\/span><\/p>\n<blockquote>\n<p style=\"text-align: right;\"><span style=\"color: #a38048;\"><em>En el mejor de lo caso, poetas; en el peor, hechiceros.<\/em><\/span><\/p>\n<p style=\"text-align: right;\"><span style=\"color: #808080;\"><em>Robert Graves<\/em><\/span><\/p>\n<\/blockquote>\n<p><a href=\"https:\/\/static-blogs.lasprovincias.es\/wp-content\/uploads\/sites\/18\/2018\/11\/IMG_20181109_155546.jpg\"><img loading=\"lazy\" class=\"size-large wp-image-18014\" src=\"https:\/\/static-blogs.lasprovincias.es\/wp-content\/uploads\/sites\/18\/2018\/11\/IMG_20181109_155546-1024x768.jpg\" alt=\"nfd\" width=\"1024\" height=\"768\" srcset=\"https:\/\/static-blogs.lasprovincias.es\/wp-content\/uploads\/sites\/18\/2018\/11\/IMG_20181109_155546-1024x768.jpg 1024w, https:\/\/static-blogs.lasprovincias.es\/wp-content\/uploads\/sites\/18\/2018\/11\/IMG_20181109_155546-300x225.jpg 300w, https:\/\/static-blogs.lasprovincias.es\/wp-content\/uploads\/sites\/18\/2018\/11\/IMG_20181109_155546-768x576.jpg 768w, https:\/\/static-blogs.lasprovincias.es\/wp-content\/uploads\/sites\/18\/2018\/11\/IMG_20181109_155546.jpg 1300w\" sizes=\"(max-width: 1024px) 100vw, 1024px\" \/><\/a><\/p>\n<hr \/>\n<h3><span style=\"color: #a38048;\">Central Bar.<\/span><\/h3>\n<p>Y acabemos esta ruta en ese lugar donde los altares al producto se acumulan y que se llama: <strong><span style=\"color: #ab1010;\">Mercat Central<\/span><\/strong>. Y all\u00ed, m\u00e1s que una mesa, busca sitio en una barra. En la barra de Central Bar. Mira su pizarra y pide, d\u00e9jate llevar: unas gambas rojas, un conejo con tomate, sus alcachofas&#8230; Producto que firma la gente de <a href=\"https:\/\/blogs.lasprovincias.es\/historiascondelantal\/2018\/11\/06\/ricard-camarena-tengo-la-sensacion-de-que-estamos-comenzando-lo-tenemos-todo-por-hacer\/\">Ricard (Camarena).<\/a> Con el acabamos el peregrinaje, que es s\u00f3lo un juego, insisto, por que hay tantos sitios que vale la pena no parar. Caminar, buscar, recitar&#8230; como los juglares. <strong><span style=\"color: #ab1010;\">Trovadores de los aut\u00e9ntico.<\/span><\/strong><\/p>\n<p>&nbsp;<\/p>\n<blockquote>\n<p style=\"text-align: right;\"><span style=\"color: #a38048;\"><em>estava don Carnal ricamente assentado,<\/em><\/span><\/p>\n<p style=\"text-align: right;\"><span style=\"color: #a38048;\"><em>a mesa mucho farta, en un rico estrado,<\/em><\/span><\/p>\n<p style=\"text-align: right;\"><span style=\"color: #a38048;\"><em>delante sus juglares, commo omne onrrado;<\/em><\/span><\/p>\n<p style=\"text-align: right;\"><span style=\"color: #a38048;\"><em>desas muchas viandas era bien\u00a0<\/em><\/span><\/p>\n<p style=\"text-align: right;\"><span style=\"color: #a38048;\"><em><span style=\"color: #808080;\">Arcipestre de Hit<\/span>a<\/em><\/span><\/p>\n<\/blockquote>\n<p style=\"text-align: right;\"><a href=\"https:\/\/static-blogs.lasprovincias.es\/wp-content\/uploads\/sites\/18\/2018\/11\/15424000297932892337493572496221.png\"><img loading=\"lazy\" class=\"alignnone size-large wp-image-18015\" src=\"https:\/\/static-blogs.lasprovincias.es\/wp-content\/uploads\/sites\/18\/2018\/11\/15424000297932892337493572496221-1024x768.png\" alt=\"15424000297932892337493572496221\" width=\"1024\" height=\"768\" srcset=\"https:\/\/static-blogs.lasprovincias.es\/wp-content\/uploads\/sites\/18\/2018\/11\/15424000297932892337493572496221.png 1024w, https:\/\/static-blogs.lasprovincias.es\/wp-content\/uploads\/sites\/18\/2018\/11\/15424000297932892337493572496221-300x225.png 300w, https:\/\/static-blogs.lasprovincias.es\/wp-content\/uploads\/sites\/18\/2018\/11\/15424000297932892337493572496221-768x576.png 768w\" sizes=\"(max-width: 1024px) 100vw, 1024px\" \/><\/a><\/p>\n<hr \/>\n<p style=\"text-align: right;\"><span style=\"color: #808080;\"><strong>Todo esto que te cuento, empez\u00f3 hablando de Elkano. Y seguir\u00e1. Porque la ruta del producto la hemos empezado y ya no quiere nunca encontrar su final. Pr\u00f3ximo cap\u00edtulo: <span style=\"color: #a38048;\">El desnudo de la Tasquita<\/span>. Te dejo a lomos de un salmonete de la casa de Aitor.<\/strong><\/span><\/p>\n<p style=\"text-align: right;\"><span style=\"color: #808080;\"><strong><a href=\"https:\/\/static-blogs.lasprovincias.es\/wp-content\/uploads\/sites\/18\/2018\/11\/IMG_20180908_144035-e1542278205255.jpg\"><img loading=\"lazy\" class=\"alignnone size-full wp-image-17963\" src=\"https:\/\/static-blogs.lasprovincias.es\/wp-content\/uploads\/sites\/18\/2018\/11\/IMG_20180908_144035-e1542278205255.jpg\" alt=\"nfd\" width=\"1011\" height=\"369\" srcset=\"https:\/\/static-blogs.lasprovincias.es\/wp-content\/uploads\/sites\/18\/2018\/11\/IMG_20180908_144035-e1542278205255.jpg 1011w, https:\/\/static-blogs.lasprovincias.es\/wp-content\/uploads\/sites\/18\/2018\/11\/IMG_20180908_144035-e1542278205255-300x109.jpg 300w, https:\/\/static-blogs.lasprovincias.es\/wp-content\/uploads\/sites\/18\/2018\/11\/IMG_20180908_144035-e1542278205255-768x280.jpg 768w\" sizes=\"(max-width: 1011px) 100vw, 1011px\" \/><\/a>\u00a0<\/strong><\/span><\/p>\n<p><a href=\"https:\/\/static-blogs.lasprovincias.es\/wp-content\/uploads\/sites\/18\/2018\/10\/1537248120676.jpg\"><img loading=\"lazy\" class=\"alignnone size-large wp-image-17653\" src=\"https:\/\/static-blogs.lasprovincias.es\/wp-content\/uploads\/sites\/18\/2018\/10\/1537248120676-1024x316.jpg\" alt=\"1537248120676\" width=\"1024\" height=\"316\" srcset=\"https:\/\/static-blogs.lasprovincias.es\/wp-content\/uploads\/sites\/18\/2018\/10\/1537248120676-1024x316.jpg 1024w, https:\/\/static-blogs.lasprovincias.es\/wp-content\/uploads\/sites\/18\/2018\/10\/1537248120676-300x93.jpg 300w, https:\/\/static-blogs.lasprovincias.es\/wp-content\/uploads\/sites\/18\/2018\/10\/1537248120676-768x237.jpg 768w, https:\/\/static-blogs.lasprovincias.es\/wp-content\/uploads\/sites\/18\/2018\/10\/1537248120676.jpg 1995w\" sizes=\"(max-width: 1024px) 100vw, 1024px\" \/><\/a><\/p>\n<hr \/>\n<!-- AddThis Advanced Settings generic via filter on the_content --><!-- AddThis Share Buttons generic via filter on the_content -->","protected":false},"excerpt":{"rendered":"<p>De Ribadesella a M\u00e1laga, de Madrid a Bilbao, de Askua a Bocamada pasando por el Mercado Central y sin salir de Valencia. Una ruta por los platos desnudos, en la que el pescador, el agricultor, el entorno&#8230; se imponen al cocinero en defensa de una gastronom\u00eda hecha de esencias. Una ruta, que no la ruta, [&hellip;]<!-- AddThis Advanced Settings generic via filter on get_the_excerpt --><!-- AddThis Share Buttons generic via filter on get_the_excerpt --><\/p>\n","protected":false},"author":23,"featured_media":17999,"comment_status":"open","ping_status":"open","sticky":false,"template":"","format":"standard","meta":[],"categories":[3,4,5,6,7],"tags":[97,1616,230,1457,1614,1617,1540,1411,1583,773,1442,902],"_links":{"self":[{"href":"https:\/\/blogs.lasprovincias.es\/historiascondelantal\/wp-json\/wp\/v2\/posts\/17928"}],"collection":[{"href":"https:\/\/blogs.lasprovincias.es\/historiascondelantal\/wp-json\/wp\/v2\/posts"}],"about":[{"href":"https:\/\/blogs.lasprovincias.es\/historiascondelantal\/wp-json\/wp\/v2\/types\/post"}],"author":[{"embeddable":true,"href":"https:\/\/blogs.lasprovincias.es\/historiascondelantal\/wp-json\/wp\/v2\/users\/23"}],"replies":[{"embeddable":true,"href":"https:\/\/blogs.lasprovincias.es\/historiascondelantal\/wp-json\/wp\/v2\/comments?post=17928"}],"version-history":[{"count":9,"href":"https:\/\/blogs.lasprovincias.es\/historiascondelantal\/wp-json\/wp\/v2\/posts\/17928\/revisions"}],"predecessor-version":[{"id":18019,"href":"https:\/\/blogs.lasprovincias.es\/historiascondelantal\/wp-json\/wp\/v2\/posts\/17928\/revisions\/18019"}],"wp:featuredmedia":[{"embeddable":true,"href":"https:\/\/blogs.lasprovincias.es\/historiascondelantal\/wp-json\/wp\/v2\/media\/17999"}],"wp:attachment":[{"href":"https:\/\/blogs.lasprovincias.es\/historiascondelantal\/wp-json\/wp\/v2\/media?parent=17928"}],"wp:term":[{"taxonomy":"category","embeddable":true,"href":"https:\/\/blogs.lasprovincias.es\/historiascondelantal\/wp-json\/wp\/v2\/categories?post=17928"},{"taxonomy":"post_tag","embeddable":true,"href":"https:\/\/blogs.lasprovincias.es\/historiascondelantal\/wp-json\/wp\/v2\/tags?post=17928"}],"curies":[{"name":"wp","href":"https:\/\/api.w.org\/{rel}","templated":true}]}}