{"id":17930,"date":"2018-11-18T20:02:37","date_gmt":"2018-11-18T18:02:37","guid":{"rendered":"https:\/\/blogs.lasprovincias.es\/historiascondelantal\/?p=17930"},"modified":"2018-11-18T22:49:35","modified_gmt":"2018-11-18T20:49:35","slug":"el-desnudo-de-la-tasquita-de-enfrente","status":"publish","type":"post","link":"https:\/\/blogs.lasprovincias.es\/historiascondelantal\/2018\/11\/18\/el-desnudo-de-la-tasquita-de-enfrente\/","title":{"rendered":"El desnudo de la Tasquita de Enfrente"},"content":{"rendered":"<p>Dice Mark Twain que la honestidad es \u00abla mejor de todas las artes perdidas\u00bb. La cita la utiliza <strong>Juanjo L\u00f3pez<\/strong> en uno de los cap\u00edtulos de su libro sobre la Tasquita de Enfrente, que acaba de editar <strong>Montagud Editores<\/strong>. En \u00e9l, el propietario de este local emblem\u00e1tico en Madrid, en el que el producto aparece desnudo y casi impoluto, asegura que cada d\u00eda, en su casa de comidas, se trabaja con honestidad desde la humildad; y se hace de forma transversal: <strong>\u00abprocuramos que cada uno de nuestros pilares est\u00e9 completamente revestido de esta cualidad. Uno de esos pilares es el producto\u00bb.<\/strong><\/p>\n<p><a href=\"https:\/\/static-blogs.lasprovincias.es\/wp-content\/uploads\/sites\/18\/2018\/11\/Tasquita.jpeg\"><img loading=\"lazy\" class=\"alignnone size-large wp-image-18004\" src=\"https:\/\/static-blogs.lasprovincias.es\/wp-content\/uploads\/sites\/18\/2018\/11\/Tasquita-1024x683.jpeg\" alt=\"tasquita\" width=\"1024\" height=\"683\" srcset=\"https:\/\/static-blogs.lasprovincias.es\/wp-content\/uploads\/sites\/18\/2018\/11\/Tasquita.jpeg 1024w, https:\/\/static-blogs.lasprovincias.es\/wp-content\/uploads\/sites\/18\/2018\/11\/Tasquita-300x200.jpeg 300w, https:\/\/static-blogs.lasprovincias.es\/wp-content\/uploads\/sites\/18\/2018\/11\/Tasquita-768x512.jpeg 768w\" sizes=\"(max-width: 1024px) 100vw, 1024px\" \/><\/a><\/p>\n<p>Dice en su libro, una verdadera joya para los amantes de la gastronom\u00eda y la literatura, que en veinte a\u00f1os ha tejido una red de proveedores. Y habla de quien le trae la gamba de La Garrucha, de Jaime y su huerto, de \u00c1ngel y los percebes, y hasta de los d\u00edas en los que vive con ellos de cerca la aventura de ensalzar el producto: \u00abNo son pocos los domingos en los que me voy a las cinco de la ma\u00f1ana a coger setas con el se\u00f1or que las proporciona\u00bb. Con ese respeto a lo que se sirve, se entiende que el resultado sea tan excelso. <strong><span style=\"color: #a38048;\">La Tasquita y su historia te conquistan.<\/span> <\/strong>Vale la pena peregrinar. Por eso los que saben comer lo hacen. No es cosa de broma. Es un lujo. Inmenso.<\/p>\n<hr \/>\n<h3 style=\"text-align: left;\"><span style=\"color: #808080;\">I. MI PRIMER DESNUDO EN LA TASQUITA&#8230; Y LO QUE ACONTECI\u00d3.<\/span><\/h3>\n<p style=\"text-align: left;\">Me he sentado en sus mesas una vez. Lo hice con <a href=\"https:\/\/blogs.lasprovincias.es\/historiascondelantal\/2017\/02\/25\/cillero-de-motta-el-arte-de-descifrar-la-gastronomia\/\">Enrique Cillero<\/a>. Llegu\u00e9 en realidad a la m\u00eda, con una reserva que hab\u00eda hecho con motivo de Madrid Fusi\u00f3n 2018. Y lo hice motivado por la avalancha de buenas palabras que se hab\u00eda lanzando sobre ese lugar situado en una de las callejas del centro e Madrid. Un lugar que parece querer pasar desapercibido. El silencio en medio del ajetreo.<\/p>\n<p style=\"text-align: left;\">Fui, en resumidas cuentas, porque, si tantas bendiciones ten\u00eda el lugar, sent\u00eda que deb\u00eda conocerlo. A los que nos gusta esto de la gastronom\u00eda, tenemos una insaciable costumbre de probar y volver a probar y descubrir y luego, si es posible, contarlo, para que quede claro que hemos estado. Casi enfermizo, la verdad.<\/p>\n<p style=\"text-align: left;\">Y s\u00ed, fui s\u00f3lo a la Tasquita y me encontr\u00e9 con Enrique; decidimos compartir mesa y goc\u00e9. M\u00e1s all\u00e1 de lo que pas\u00f3 sobre el mantel. Goc\u00e9, y se lo dije a Juanjo L\u00f3pez a la salida, no s\u00f3lo por lo que cenamos y compartimos, si no por lo que me transmiti\u00f3 aquel lugar con trazas de m\u00e1gico, en el que -haciendo honor a Unamuno, al que cita en el libro de Montagud- el pensamiento se fusionaba con el sentimiento y el sentimiento era pensamiento. Tan complejo como sencillo. Como aquella experiencia m\u00eda que resum\u00ed como <a href=\"https:\/\/blogs.lasprovincias.es\/historiascondelantal\/2018\/02\/16\/la-tasquita-de-enfrente-la-cocina-de-los-versos-descalzos\/\">la cocina de los versos descalzos<\/a>.<\/p>\n<blockquote>\n<h3 style=\"text-align: left;\"><span style=\"color: #808080;\">Sentir el pensamiento, pensar el sentimiento<\/span><\/h3>\n<\/blockquote>\n<p style=\"text-align: left;\">Tengo la sensaci\u00f3n despu\u00e9s de haber visitado aquel d\u00eda la Tasquita, de haberme intercambiado un par de mensajes con Juanjo cuando escrib\u00ed sobre lo vivido y, especialmente ahora, tras ir leyendo y subrayando su libro (y sus pensamientos) que tengo una afinidad y una qu\u00edmica tan pr\u00f3xima a lo que all\u00ed se busca, que ese peque\u00f1o local me es ya hasta familiar.<\/p>\n<p style=\"text-align: left;\">Me bast\u00f3 aquella noche para entenderlo todo. Ver fluir por sus paredes su historia, su sensibilidad, su magia. Y me ha servido el libro de Montagud para fijar todas esas ideas que sobre la Tasquita quedaron. He encontrado en ese texto todo de lo que susurra la Tasquita: honestidad, magia, Madrid, producto, esencialidad&#8230;<\/p>\n<p style=\"text-align: left;\"><a href=\"https:\/\/static-blogs.lasprovincias.es\/wp-content\/uploads\/sites\/18\/2018\/11\/Tasquita4.jpg\"><img loading=\"lazy\" class=\"alignnone size-large wp-image-18005\" src=\"https:\/\/static-blogs.lasprovincias.es\/wp-content\/uploads\/sites\/18\/2018\/11\/Tasquita4-1024x663.jpg\" alt=\"tasquita4\" width=\"1024\" height=\"663\" srcset=\"https:\/\/static-blogs.lasprovincias.es\/wp-content\/uploads\/sites\/18\/2018\/11\/Tasquita4.jpg 1024w, https:\/\/static-blogs.lasprovincias.es\/wp-content\/uploads\/sites\/18\/2018\/11\/Tasquita4-300x194.jpg 300w, https:\/\/static-blogs.lasprovincias.es\/wp-content\/uploads\/sites\/18\/2018\/11\/Tasquita4-768x497.jpg 768w\" sizes=\"(max-width: 1024px) 100vw, 1024px\" \/><\/a><\/p>\n<p style=\"text-align: left;\">Dice en el libro Juanjo que, aunque su restaurante es un lugar peque\u00f1o -que lo es, maravillosamente peque\u00f1o, un lujo (que no el lujo) de la concentraci\u00f3n)-, \u00e9l lo sue\u00f1a, lo fantasea y lo siente a lo grande. As\u00ed lo recuerdo yo. Tan grande como un poema en el que se concentran todas las esencias.\u00a0Deja que, en medio de tantos compa\u00f1eros que hablan de ellos -de Juanjo, su equipo, su cocina&#8230; &#8211; te hable yo del sentimiento. Porque la Tasquita me susurra eso: sentimiento. Ese que me dice que la vida pasa y que a m\u00ed, \u00a0tambi\u00e9n me entran ganas de colgar m8 metaf\u00f3rica corbata y bucear en la magia. Ser exclusivamente feliz, vaya. Pero eso es casi ut\u00f3pico. O no.<\/p>\n<blockquote>\n<p style=\"text-align: center;\"><span style=\"color: #a38048;\"><em>&#8220;La vida pasa de prisa.<\/em><\/span><\/p>\n<p style=\"text-align: center;\"><span style=\"color: #a38048;\"><em>La vida pasa sin vuelta&#8221;<\/em><\/span><\/p>\n<p style=\"text-align: center;\"><span style=\"color: #808080;\">&#8216;La viuda joven&#8217;. Gabriel Celaya.<\/span><\/p>\n<\/blockquote>\n<hr \/>\n<h3 style=\"text-align: left;\"><span style=\"color: #808080;\">II. OCHO FRASES (CASI AL AZAR) DE SU LIBRO<\/span><\/h3>\n<p style=\"text-align: center;\"><em><strong>1.<\/strong> &#8220;Cualquiera podr\u00eda refutar el discurso de mi cocina: proviene <span style=\"color: #ab1010;\"><strong>del coraz\u00f3n y del alma<\/strong><\/span>. \u00bfAcaso hay algo mesa atemporal que eso?&#8221;<\/em><\/p>\n<p style=\"text-align: center;\"><span style=\"color: #808080;\">Discurso, coraz\u00f3n y alma. Tres palabras para una cocina que, adem\u00e1s de sabrosa, se me antoja hermosa. La belleza de la sencillez, de la desnudez. Como estos versos de un poema de mi adorada Gloria (Fuertes) que me encantan. De &#8216;Po\u00e9tica&#8217;:\u00a0<\/span><\/p>\n<p style=\"text-align: center;\"><span style=\"color: #808080;\"><strong><em>Escribir sobre tu cuerpo<\/em><\/strong><\/span><\/p>\n<p style=\"text-align: center;\"><span style=\"color: #808080;\"><strong><em>con los dedos mojados de vino<\/em><\/strong><\/span><\/p>\n<p style=\"text-align: center;\"><strong>2.<\/strong> &#8220;<em>Hacemos cosas con sensibilidad, sentimiento y aspirando a la m\u00e1xima sencillez<\/em>&#8220;<\/p>\n<p style=\"text-align: center;\"><span style=\"color: #808080;\">Me record\u00f3 leer esto a su calamar. Todo dicho all\u00ed, en un calamar desnudo. Con sus tonos provocadores para mi paladar, sus colores sensuales, sus formas envolventes, su punto exacto, el mar p\u00e1lido&#8230; Hermoso.\u00a0<\/span><\/p>\n<p><a href=\"https:\/\/static-blogs.lasprovincias.es\/wp-content\/uploads\/sites\/18\/2018\/11\/IMG_20180123_213421.jpg\"><img loading=\"lazy\" class=\"size-large wp-image-18022\" src=\"https:\/\/static-blogs.lasprovincias.es\/wp-content\/uploads\/sites\/18\/2018\/11\/IMG_20180123_213421-1024x768.jpg\" alt=\"dav\" width=\"1024\" height=\"768\" srcset=\"https:\/\/static-blogs.lasprovincias.es\/wp-content\/uploads\/sites\/18\/2018\/11\/IMG_20180123_213421.jpg 1024w, https:\/\/static-blogs.lasprovincias.es\/wp-content\/uploads\/sites\/18\/2018\/11\/IMG_20180123_213421-300x225.jpg 300w, https:\/\/static-blogs.lasprovincias.es\/wp-content\/uploads\/sites\/18\/2018\/11\/IMG_20180123_213421-768x576.jpg 768w\" sizes=\"(max-width: 1024px) 100vw, 1024px\" \/><\/a><\/p>\n<p style=\"text-align: center;\"><strong>3.<\/strong> <em>&#8220;La honestidad no es, ni de lejos, cuesti\u00f3n de grandes discursos rimbombantes. Lo es de peque\u00f1os actos cotidianos&#8221;<\/em><\/p>\n<p style=\"text-align: center;\"><span style=\"color: #808080;\">El d\u00eda que fui a la Tasquita estuve caminando por los alrededores del restaurante de Juanjo como treinta minutos. Esperando que abriera sus puertas y, sobre todo, observando el lugar, la zona. Entendiendo cosas. Lo cotidiano estaba all\u00ed. En la puerta de su local le vi a \u00e9l con su equipo, tomando caf\u00e9, unos cigarrillos, hablando, esperando abrir las puertas del gran teatro para, una noche m\u00e1s, dar de cenar. Era una noche complicada. Estaban all\u00ed cenando precisamente quienes ahora editan su libro (Montagud Editores), <strong>Paco Morales<\/strong> y la gente de Murri. <a href=\"https:\/\/blogs.lasprovincias.es\/historiascondelantal\/2018\/01\/19\/nanin-perez-a-la-conquista-del-cocinero-revelacion-en-reale-seguros-madrid-fusion\/\"><strong>Nan\u00edn P\u00e9rez<\/strong><\/a> iba a ser elegido el d\u00eda despu\u00e9s cocinero revelaci\u00f3n. Todo fluy\u00f3 con esa honestidad que barniza la Tasquita. Si no fuera as\u00ed, no ser\u00eda la de Enfrente. Ser\u00eda otra cosa.\u00a0<\/span><\/p>\n<p style=\"text-align: center;\">\u00a0<a href=\"https:\/\/static-blogs.lasprovincias.es\/wp-content\/uploads\/sites\/18\/2018\/11\/IMG_6033.jpg\"><img loading=\"lazy\" class=\"alignnone size-full wp-image-18023\" src=\"https:\/\/static-blogs.lasprovincias.es\/wp-content\/uploads\/sites\/18\/2018\/11\/IMG_6033.jpg\" alt=\"img_6033\" width=\"768\" height=\"812\" srcset=\"https:\/\/static-blogs.lasprovincias.es\/wp-content\/uploads\/sites\/18\/2018\/11\/IMG_6033.jpg 768w, https:\/\/static-blogs.lasprovincias.es\/wp-content\/uploads\/sites\/18\/2018\/11\/IMG_6033-284x300.jpg 284w\" sizes=\"(max-width: 768px) 100vw, 768px\" \/><\/a><\/p>\n<p style=\"text-align: center;\"><strong>4.<\/strong> <em>&#8220;Buscamos recuperar sabores, rescatar productos, que los que prueben los platos se sorprendan y, por supuesto, se lo pasen bien&#8221;<\/em><\/p>\n<p style=\"text-align: center;\"><span style=\"color: #808080;\">A m\u00ed me ocurri\u00f3 todo eso. Se desnudaron ante la mesa (los platos) y se desat\u00f3 la emoci\u00f3n. Hasta un carabinero quiso ser m\u00e1gico.<\/span><\/p>\n<p style=\"text-align: center;\"><img loading=\"lazy\" class=\"size-large wp-image-18025\" src=\"https:\/\/static-blogs.lasprovincias.es\/wp-content\/uploads\/sites\/18\/2018\/11\/IMG_20180123_212659-1024x676.jpg\" alt=\"dav\" width=\"1024\" height=\"676\" srcset=\"https:\/\/static-blogs.lasprovincias.es\/wp-content\/uploads\/sites\/18\/2018\/11\/IMG_20180123_212659.jpg 1024w, https:\/\/static-blogs.lasprovincias.es\/wp-content\/uploads\/sites\/18\/2018\/11\/IMG_20180123_212659-300x198.jpg 300w, https:\/\/static-blogs.lasprovincias.es\/wp-content\/uploads\/sites\/18\/2018\/11\/IMG_20180123_212659-768x507.jpg 768w\" sizes=\"(max-width: 1024px) 100vw, 1024px\" \/><\/p>\n<p style=\"text-align: center;\"><strong>5.<\/strong> &#8220;<em>La cocina es un oficio que requiere cualidades relacionadas con la est\u00e9tica y con la sensibilidad<\/em>&#8220;<\/p>\n<p style=\"text-align: center;\"><span style=\"color: #808080;\">En su caso, ya sabes lo que opino, hay tanto de ambas cosas, de est\u00e9tica y sensibilidad, que es po\u00e9tico. Ya te lo dije. Po\u00e9tico y a la vez <strong><span style=\"color: #ab1010;\">aut\u00e9ntico<\/span><\/strong>. Es quiz\u00e1s lo que se esconde bajo su piel.\u00a0<\/span><\/p>\n<p style=\"text-align: center;\"><a href=\"https:\/\/static-blogs.lasprovincias.es\/wp-content\/uploads\/sites\/18\/2018\/11\/IMG_ffcoum.jpg\"><img loading=\"lazy\" class=\"alignnone size-large wp-image-18024\" src=\"https:\/\/static-blogs.lasprovincias.es\/wp-content\/uploads\/sites\/18\/2018\/11\/IMG_ffcoum-1024x844.jpg\" alt=\"img_ffcoum\" width=\"1024\" height=\"844\" srcset=\"https:\/\/static-blogs.lasprovincias.es\/wp-content\/uploads\/sites\/18\/2018\/11\/IMG_ffcoum.jpg 1024w, https:\/\/static-blogs.lasprovincias.es\/wp-content\/uploads\/sites\/18\/2018\/11\/IMG_ffcoum-300x247.jpg 300w, https:\/\/static-blogs.lasprovincias.es\/wp-content\/uploads\/sites\/18\/2018\/11\/IMG_ffcoum-768x633.jpg 768w\" sizes=\"(max-width: 1024px) 100vw, 1024px\" \/><\/a><\/p>\n<p style=\"text-align: center;\"><strong>6.<\/strong> &#8220;<em>La mesa es una gran verdad ante la que uno se desnuda, metaf\u00f3ricamente, ante las personas que tiene delante&#8221;<\/em><\/p>\n<p style=\"text-align: center;\"><span style=\"color: #808080;\">El d\u00eda que visit\u00e9 la Tasquita habl\u00e9 con Cillero de arte, de cocina, de hedonismo, de comida, de palabras, de vino, de poes\u00eda, de Rafa Brines&#8230; &#8220;Me has de enviar algo de tu poes\u00eda\u201d, le ped\u00ed a Enrique. Pasaron los meses. El 19 de septiembre, por wasap, me lleg\u00f3 esto sin m\u00e1s explicaciones:<\/span><\/p>\n<p style=\"text-align: center;\"><span style=\"color: #a38048;\"><em>UN ARTE DE VIDA<\/em><\/span><\/p>\n<p style=\"text-align: center;\"><span style=\"color: #a38048;\"><em>Vivir sin hacer nada, cuidar lo que no importa, tu corbata de tarde, la carta q le escribes a un amigo. \/\u00a0<\/em><\/span><span style=\"color: #a38048;\"><em>La opini\u00f3n sobre un lienzo, q dir\u00e1s en la charla, pero q no tendr\u00e1s el torpe gusto de pretender escrita. \/\u00a0<\/em><\/span><span style=\"color: #a38048;\"><em>Beber, q es un placer ef\u00edmero. Amar el sol y desear veranos.<\/em><\/span><\/p>\n<p style=\"text-align: center;\"><span style=\"color: #808080;\">Aquella mesa sigue viva. Esas cosas m\u00e1gicas de la Tasquita.<\/span><\/p>\n<p style=\"text-align: center;\"><strong>7 y pen\u00faltima.<\/strong> <em>&#8220;\u00bfMe permiten que les haga un truco? Tengo aqu\u00ed a unos duendes peque\u00f1itos, casi invisibles. Voy a dar uno a cada uno de ustedes, para que se lo metan en las cabezas, le abran las mentes y comience a fluir la magia de la mesa&#8221;<\/em><\/p>\n<p style=\"text-align: center;\"><span style=\"color: #808080;\">Dice Juanjo que es algo que propone en algunas mesas para que disfruten m\u00e1s. En eso consiste la magia. En dejarse llevar, tener fe y creer que la felicidad es posible. La quimera.<\/span><\/p>\n<p style=\"text-align: center;\"><span style=\"color: #808080;\">&#8220;Pas\u00f3 un poco de tiempo y vieron c\u00f3mo algunas de las hojas empezaban a te\u00f1irse de naranja&#8230;&#8221; Industrias y Andanza de Alfanhu\u00ed, de <strong>S\u00e1nchez Ferlosio<\/strong>.<\/span><\/p>\n<p style=\"text-align: center;\"><a href=\"https:\/\/static-blogs.lasprovincias.es\/wp-content\/uploads\/sites\/18\/2018\/11\/fullsizeoutput_13e3.jpeg\"><img loading=\"lazy\" class=\"alignnone size-large wp-image-18026\" src=\"https:\/\/static-blogs.lasprovincias.es\/wp-content\/uploads\/sites\/18\/2018\/11\/fullsizeoutput_13e3-683x1024.jpeg\" alt=\"fullsizeoutput_13e3\" width=\"683\" height=\"1024\" srcset=\"https:\/\/static-blogs.lasprovincias.es\/wp-content\/uploads\/sites\/18\/2018\/11\/fullsizeoutput_13e3.jpeg 683w, https:\/\/static-blogs.lasprovincias.es\/wp-content\/uploads\/sites\/18\/2018\/11\/fullsizeoutput_13e3-200x300.jpeg 200w\" sizes=\"(max-width: 683px) 100vw, 683px\" \/><\/a><\/p>\n<p style=\"text-align: center;\"><em><strong>8 y fin.<\/strong> La dijo tras la muerte de su padre, cuando colg\u00f3 la corbata y dej\u00f3 que \u00e9l reposara a su lado en la Tasquita para siempre.\u00a0<\/em><\/p>\n<p style=\"text-align: center;\"><span style=\"color: #333333;\"><strong><em>&#8220;Voy a convertir la Tasquita en un restaurante del que te sientas orgulloso&#8221;.<\/em><\/strong><\/span><\/p>\n<p style=\"text-align: center;\"><span style=\"color: #808080;\">Algunos escribimos de \u00e9l: del restaurante y de su hijo; muchos otros sencillamente lo gozan. Y Juanjo sigue fiel a lo que cree. S\u00ed, Seraf\u00edn estar\u00e1 orgulloso. Seguro.<\/span><\/p>\n<hr \/>\n<p style=\"text-align: left;\"><span style=\"color: #808080;\"><strong>III. EL LIBRO<\/strong><\/span><\/p>\n<p style=\"text-align: left;\"><strong><span style=\"color: #a38048;\">Juanjo L\u00f3pez. La Tasquita de Enfrente.<\/span> <span style=\"color: #ab1010;\">La sencilla desnudez.<em><span style=\"color: #a38048;\">\u00a0<\/span><\/em><\/span><\/strong><em><span style=\"color: #a38048;\">Edici\u00f3n Espa\u00f1ol\/Ingl\u00e9s.\u00a0256 p\u00e1ginas.\u00a023 x 29 cm.\u00a0Tapa dura &#8211; Hardcover. 58 euros.\u00a0<\/span><\/em><\/p>\n<p style=\"text-align: center;\"><a href=\"https:\/\/static-blogs.lasprovincias.es\/wp-content\/uploads\/sites\/18\/2018\/11\/la-tasquita-de-enfrente-portada.jpg\"><img loading=\"lazy\" class=\"alignnone size-full wp-image-18027\" src=\"https:\/\/static-blogs.lasprovincias.es\/wp-content\/uploads\/sites\/18\/2018\/11\/la-tasquita-de-enfrente-portada.jpg\" alt=\"la-tasquita-de-enfrente-portada\" width=\"608\" height=\"702\" srcset=\"https:\/\/static-blogs.lasprovincias.es\/wp-content\/uploads\/sites\/18\/2018\/11\/la-tasquita-de-enfrente-portada.jpg 608w, https:\/\/static-blogs.lasprovincias.es\/wp-content\/uploads\/sites\/18\/2018\/11\/la-tasquita-de-enfrente-portada-260x300.jpg 260w\" sizes=\"(max-width: 608px) 100vw, 608px\" \/><\/a><\/p>\n<hr \/>\n<h3 style=\"text-align: right;\"><span style=\"color: #a38048;\"><strong>PEREGRINAJE AL PRODUCTO<\/strong><\/span><\/h3>\n<p style=\"text-align: right;\"><span style=\"color: #ab1010;\">I. Elkano y el \u00e1rbol de Aitor<\/span><\/p>\n<div class=\"teads-adCall\" style=\"text-align: right;\"><span style=\"color: #ab1010;\">\u00a0<strong>II.\u00a0<\/strong>Los trovadores de los aut\u00e9ntico<\/span><\/div>\n<p style=\"text-align: right;\"><span style=\"color: #ab1010;\"><strong>III.<\/strong>\u00a0<strong>El desnudo de la Tasquita.<\/strong><\/span><\/p>\n<p style=\"text-align: right;\"><em><span style=\"color: #a38048;\"><strong>-\u2026 y pr\u00f3ximamente:<\/strong><\/span><\/em><\/p>\n<p style=\"text-align: right;\"><em><span style=\"color: #a38048;\"><strong>IV.<\/strong>\u00a0Los tesoros de\u00a0<a style=\"color: #a38048;\" href=\"https:\/\/blogs.lasprovincias.es\/historiascondelantal\/2018\/09\/23\/asi-es-llisa-negra-el-nuevo-restaurante-de-quique-dacosta-en-valencia\/\">Llisa Negra<\/a><\/span><\/em><\/p>\n<!-- AddThis Advanced Settings generic via filter on the_content --><!-- AddThis Share Buttons generic via filter on the_content -->","protected":false},"excerpt":{"rendered":"<p>Dice Mark Twain que la honestidad es \u00abla mejor de todas las artes perdidas\u00bb. La cita la utiliza Juanjo L\u00f3pez en uno de los cap\u00edtulos de su libro sobre la Tasquita de Enfrente, que acaba de editar Montagud Editores. En \u00e9l, el propietario de este local emblem\u00e1tico en Madrid, en el que el producto aparece [&hellip;]<!-- AddThis Advanced Settings generic via filter on get_the_excerpt --><!-- AddThis Share Buttons generic via filter on get_the_excerpt --><\/p>\n","protected":false},"author":23,"featured_media":18028,"comment_status":"open","ping_status":"open","sticky":false,"template":"","format":"standard","meta":[],"categories":[2,3,4,5,1,7],"tags":[1444,1411,745],"_links":{"self":[{"href":"https:\/\/blogs.lasprovincias.es\/historiascondelantal\/wp-json\/wp\/v2\/posts\/17930"}],"collection":[{"href":"https:\/\/blogs.lasprovincias.es\/historiascondelantal\/wp-json\/wp\/v2\/posts"}],"about":[{"href":"https:\/\/blogs.lasprovincias.es\/historiascondelantal\/wp-json\/wp\/v2\/types\/post"}],"author":[{"embeddable":true,"href":"https:\/\/blogs.lasprovincias.es\/historiascondelantal\/wp-json\/wp\/v2\/users\/23"}],"replies":[{"embeddable":true,"href":"https:\/\/blogs.lasprovincias.es\/historiascondelantal\/wp-json\/wp\/v2\/comments?post=17930"}],"version-history":[{"count":12,"href":"https:\/\/blogs.lasprovincias.es\/historiascondelantal\/wp-json\/wp\/v2\/posts\/17930\/revisions"}],"predecessor-version":[{"id":18037,"href":"https:\/\/blogs.lasprovincias.es\/historiascondelantal\/wp-json\/wp\/v2\/posts\/17930\/revisions\/18037"}],"wp:featuredmedia":[{"embeddable":true,"href":"https:\/\/blogs.lasprovincias.es\/historiascondelantal\/wp-json\/wp\/v2\/media\/18028"}],"wp:attachment":[{"href":"https:\/\/blogs.lasprovincias.es\/historiascondelantal\/wp-json\/wp\/v2\/media?parent=17930"}],"wp:term":[{"taxonomy":"category","embeddable":true,"href":"https:\/\/blogs.lasprovincias.es\/historiascondelantal\/wp-json\/wp\/v2\/categories?post=17930"},{"taxonomy":"post_tag","embeddable":true,"href":"https:\/\/blogs.lasprovincias.es\/historiascondelantal\/wp-json\/wp\/v2\/tags?post=17930"}],"curies":[{"name":"wp","href":"https:\/\/api.w.org\/{rel}","templated":true}]}}