{"id":17991,"date":"2018-11-23T17:03:36","date_gmt":"2018-11-23T15:03:36","guid":{"rendered":"https:\/\/blogs.lasprovincias.es\/historiascondelantal\/?p=17991"},"modified":"2018-11-23T17:03:36","modified_gmt":"2018-11-23T15:03:36","slug":"los-secretos-de-llisa-negra-el-ultimo-sueno-de-dacosta","status":"publish","type":"post","link":"https:\/\/blogs.lasprovincias.es\/historiascondelantal\/2018\/11\/23\/los-secretos-de-llisa-negra-el-ultimo-sueno-de-dacosta\/","title":{"rendered":"Los secretos de Llisa Negra: el \u00faltimo sue\u00f1o de Dacosta"},"content":{"rendered":"<p><strong>Tres de la tarde. Una semana antes de que Llisa Negra abriera sus puertas de forma definitiva. Ten\u00eda cita en su nuevo local con <span style=\"color: #ab1010;\">Quique Dacosta<\/span>. En su interior andaban ultimando detalles de la decoraci\u00f3n, haciendo fotograf\u00edas de platos para su promoci\u00f3n y puliendo creaciones culinarias en la cocina. La cuenta atr\u00e1s de este proyecto, cuyos primeros secretos desvelamos hace ya una semanas, hab\u00eda empezado. <span style=\"color: #808080;\">Secretos como sus platos con alma, sus rincones con encanto, su filosof\u00eda de brazos abiertos (que es su carta). Secretos como el por qu\u00e9 de su nombre.<\/span> Por \u00e9l empezamos. Buceamos. Hasta llegar a la luna negra.\u00a0<\/strong><\/p>\n<p style=\"text-align: center;\"><a href=\"https:\/\/static-blogs.lasprovincias.es\/wp-content\/uploads\/sites\/18\/2018\/11\/1542981674193.jpg\"><img loading=\"lazy\" class=\"alignnone size-large wp-image-18063\" src=\"https:\/\/static-blogs.lasprovincias.es\/wp-content\/uploads\/sites\/18\/2018\/11\/1542981674193-1024x509.jpg\" alt=\"1542981674193\" width=\"1024\" height=\"509\" srcset=\"https:\/\/static-blogs.lasprovincias.es\/wp-content\/uploads\/sites\/18\/2018\/11\/1542981674193.jpg 1024w, https:\/\/static-blogs.lasprovincias.es\/wp-content\/uploads\/sites\/18\/2018\/11\/1542981674193-300x149.jpg 300w, https:\/\/static-blogs.lasprovincias.es\/wp-content\/uploads\/sites\/18\/2018\/11\/1542981674193-768x382.jpg 768w\" sizes=\"(max-width: 1024px) 100vw, 1024px\" \/><\/a><\/p>\n<p><a href=\"https:\/\/static-blogs.lasprovincias.es\/wp-content\/uploads\/sites\/18\/2018\/11\/IMG_20181109_154231.jpg\"><img loading=\"lazy\" class=\"size-large wp-image-18065 aligncenter\" src=\"https:\/\/static-blogs.lasprovincias.es\/wp-content\/uploads\/sites\/18\/2018\/11\/IMG_20181109_154231-1024x768.jpg\" alt=\"nfd\" width=\"1024\" height=\"768\" srcset=\"https:\/\/static-blogs.lasprovincias.es\/wp-content\/uploads\/sites\/18\/2018\/11\/IMG_20181109_154231.jpg 1024w, https:\/\/static-blogs.lasprovincias.es\/wp-content\/uploads\/sites\/18\/2018\/11\/IMG_20181109_154231-300x225.jpg 300w, https:\/\/static-blogs.lasprovincias.es\/wp-content\/uploads\/sites\/18\/2018\/11\/IMG_20181109_154231-768x576.jpg 768w\" sizes=\"(max-width: 1024px) 100vw, 1024px\" \/><\/a><\/p>\n<hr \/>\n<h3>El sue\u00f1o de Ugo<\/h3>\n<p>Quiz\u00e1s ya sabr\u00e1s \u2013y ser\u00e1 buena se\u00f1al porque significar\u00e1 que has le\u00eddo a este esp\u00eda\u2013 que el nombre del cuatro restaurante de Dacosta en Valencia naci\u00f3 un d\u00eda de pesca en verano. Cuando su hijo Ugo (sin H) captur\u00f3 una llisa y, al verle su piel oscura en la parte de la barriga, la bautiz\u00f3 como Llisa Negra. \u00abFue el primer pescado que captur\u00f3 mi hijo en D\u00e9nia\u00bb, coment\u00f3 Quique. Y eso merec\u00eda dar nombre a un sue\u00f1o. <span style=\"color: #808080;\"><strong>Llisa Negra es el sue\u00f1o de Quique y de Ugo<\/strong>.<\/span><\/p>\n<p><a href=\"https:\/\/static-blogs.lasprovincias.es\/wp-content\/uploads\/sites\/18\/2018\/11\/IMG_20181109_1606151.jpg\"><img loading=\"lazy\" class=\"size-full wp-image-18069\" src=\"https:\/\/static-blogs.lasprovincias.es\/wp-content\/uploads\/sites\/18\/2018\/11\/IMG_20181109_1606151.jpg\" alt=\"rptnb\" width=\"965\" height=\"575\" srcset=\"https:\/\/static-blogs.lasprovincias.es\/wp-content\/uploads\/sites\/18\/2018\/11\/IMG_20181109_1606151.jpg 965w, https:\/\/static-blogs.lasprovincias.es\/wp-content\/uploads\/sites\/18\/2018\/11\/IMG_20181109_1606151-300x179.jpg 300w, https:\/\/static-blogs.lasprovincias.es\/wp-content\/uploads\/sites\/18\/2018\/11\/IMG_20181109_1606151-768x458.jpg 768w\" sizes=\"(max-width: 965px) 100vw, 965px\" \/><\/a><\/p>\n<p>&nbsp;<\/p>\n<hr \/>\n<h3><strong>El humo como hilo conductor<\/strong><\/h3>\n<p>Dacosta tuvo claro que la llisa negra de Ugo deb\u00eda bautizar su nuevo proyecto. Ese restaurante que el propio chef confiesa es un lugar donde va a ser feliz: \u00abestar\u00e9 en D\u00e9nia, pero voy a tener la necesidad de venir aqu\u00ed a cocinar\u00bb. Y esa necesidad existe porque es un lugar de cocina divertida. Como esa cocina que nace en nuestras casas aunque ba\u00f1ada por su ingenio. Una cocina en el que todo est\u00e1 marcado por el fuego directo, la llama, el humo, las brasas. La parte m\u00e1s ancestral de la gastronom\u00eda. Una cocina que es una liberaci\u00f3n para un chef tan meticuloso y con tanta t\u00e9cnica como \u00e9l. De hecho, se le ve disfrutar ante sus brasas. A \u00e9l y a su equipo. \u00abEs una gran oportunidad estar al frente de esto\u00bb, me dice Juan Ramos, su jefe de cocina. <span style=\"color: #808080;\"><strong>\u00abEl humo ser\u00e1 el hilo conductor de todo\u00bb, resalta mientras el de Jarandilla de la Vera<\/strong><\/span>.<\/p>\n<p><a href=\"https:\/\/static-blogs.lasprovincias.es\/wp-content\/uploads\/sites\/18\/2018\/11\/IMG_20181109_160048.jpg\"><img loading=\"lazy\" class=\"size-large wp-image-18068\" src=\"https:\/\/static-blogs.lasprovincias.es\/wp-content\/uploads\/sites\/18\/2018\/11\/IMG_20181109_160048-1024x768.jpg\" alt=\"dav\" width=\"1024\" height=\"768\" srcset=\"https:\/\/static-blogs.lasprovincias.es\/wp-content\/uploads\/sites\/18\/2018\/11\/IMG_20181109_160048.jpg 1024w, https:\/\/static-blogs.lasprovincias.es\/wp-content\/uploads\/sites\/18\/2018\/11\/IMG_20181109_160048-300x225.jpg 300w, https:\/\/static-blogs.lasprovincias.es\/wp-content\/uploads\/sites\/18\/2018\/11\/IMG_20181109_160048-768x576.jpg 768w\" sizes=\"(max-width: 1024px) 100vw, 1024px\" \/><\/a><\/p>\n<p>&nbsp;<\/p>\n<hr \/>\n<h3><strong>La esquina m\u00e1gica<\/strong><\/h3>\n<p>El paellero, la parte de las brasas, el asador asi\u00e1tico&#8230; en una esquina se une toda la magia de lo que es la cocina de Llisa Negra. Ese humo como hilo conductor. En esa esquina m\u00e1gica prob\u00e9 algunas de las propuestas de su carta.<strong><span style=\"color: #808080;\"> Desde una contundente cigala (sencillamente maravillosa y sin ning\u00fan tipo de injerencia) a un all i pebre, con la anguila rematada a la llama, que estaba espectacular<\/span><\/strong>; desde una alcachofa a las brasas, que mantienen impoluto (y sabroso) su coraz\u00f3n, a un peque\u00f1o rape entero, cocinado como los rodaballos de Elkano, sobre los hierros de forma suave. Todo, platos en los que manda el producto (pura lonja) y la tradici\u00f3n. Pero, eso s\u00ed, con ese ADN especial de la cocina de Dacosta que le da una aureola m\u00e1gica.<\/p>\n<p><a href=\"https:\/\/static-blogs.lasprovincias.es\/wp-content\/uploads\/sites\/18\/2018\/11\/IMG_20181109_153539.jpg\"><img loading=\"lazy\" class=\"size-large wp-image-18043 aligncenter\" src=\"https:\/\/static-blogs.lasprovincias.es\/wp-content\/uploads\/sites\/18\/2018\/11\/IMG_20181109_153539-1024x768.jpg\" alt=\"dav\" width=\"1024\" height=\"768\" srcset=\"https:\/\/static-blogs.lasprovincias.es\/wp-content\/uploads\/sites\/18\/2018\/11\/IMG_20181109_153539.jpg 1024w, https:\/\/static-blogs.lasprovincias.es\/wp-content\/uploads\/sites\/18\/2018\/11\/IMG_20181109_153539-300x225.jpg 300w, https:\/\/static-blogs.lasprovincias.es\/wp-content\/uploads\/sites\/18\/2018\/11\/IMG_20181109_153539-768x576.jpg 768w\" sizes=\"(max-width: 1024px) 100vw, 1024px\" \/><\/a><\/p>\n<p>&nbsp;<\/p>\n<p><a href=\"https:\/\/static-blogs.lasprovincias.es\/wp-content\/uploads\/sites\/18\/2018\/11\/IMG_20181109_160701.jpg\"><img loading=\"lazy\" class=\"size-large wp-image-18050 aligncenter\" src=\"https:\/\/static-blogs.lasprovincias.es\/wp-content\/uploads\/sites\/18\/2018\/11\/IMG_20181109_160701-1024x768.jpg\" alt=\"nfd\" width=\"1024\" height=\"768\" srcset=\"https:\/\/static-blogs.lasprovincias.es\/wp-content\/uploads\/sites\/18\/2018\/11\/IMG_20181109_160701.jpg 1024w, https:\/\/static-blogs.lasprovincias.es\/wp-content\/uploads\/sites\/18\/2018\/11\/IMG_20181109_160701-300x225.jpg 300w, https:\/\/static-blogs.lasprovincias.es\/wp-content\/uploads\/sites\/18\/2018\/11\/IMG_20181109_160701-768x576.jpg 768w\" sizes=\"(max-width: 1024px) 100vw, 1024px\" \/><\/a><\/p>\n<p>&nbsp;<\/p>\n<p><a href=\"https:\/\/static-blogs.lasprovincias.es\/wp-content\/uploads\/sites\/18\/2018\/11\/IMG_20181109_154949.jpg\"><img loading=\"lazy\" class=\"size-large wp-image-18067\" src=\"https:\/\/static-blogs.lasprovincias.es\/wp-content\/uploads\/sites\/18\/2018\/11\/IMG_20181109_154949-1024x768.jpg\" alt=\"dav\" width=\"1024\" height=\"768\" srcset=\"https:\/\/static-blogs.lasprovincias.es\/wp-content\/uploads\/sites\/18\/2018\/11\/IMG_20181109_154949.jpg 1024w, https:\/\/static-blogs.lasprovincias.es\/wp-content\/uploads\/sites\/18\/2018\/11\/IMG_20181109_154949-300x225.jpg 300w, https:\/\/static-blogs.lasprovincias.es\/wp-content\/uploads\/sites\/18\/2018\/11\/IMG_20181109_154949-768x576.jpg 768w\" sizes=\"(max-width: 1024px) 100vw, 1024px\" \/><\/a><\/p>\n<hr \/>\n<h3>Parece pero no es<\/h3>\n<p>No comento lo de \u00abaureola m\u00e1gica\u00bb por exagerar sin motivo. Es as\u00ed. Hay un algo de Disfrutar en sus platos, pero partiendo de lo tradicional. Y hay un algo de<a href=\"https:\/\/blogs.lasprovincias.es\/historiascondelantal\/2018\/11\/15\/las-brasas-de-elkano-y-el-arbol-de-aitor\/\"> Elkano<\/a> y de la <a href=\"https:\/\/blogs.lasprovincias.es\/historiascondelantal\/2018\/02\/16\/la-tasquita-de-enfrente-la-cocina-de-los-versos-descalzos\/\">Tasquita<\/a>&#8230; pero sobre todo hay mucho Quique. Y eso se ve en su ensaladilla caramelizada, que parece una crema catalana; en su all i oli, que hace pensar que est\u00e1s ante una mantequilla, y hasta en su paulova.<\/p>\n<p><a href=\"https:\/\/static-blogs.lasprovincias.es\/wp-content\/uploads\/sites\/18\/2018\/11\/IMG_20181109_162508.jpg\"><img loading=\"lazy\" class=\"size-large wp-image-18058\" src=\"https:\/\/static-blogs.lasprovincias.es\/wp-content\/uploads\/sites\/18\/2018\/11\/IMG_20181109_162508-1024x768.jpg\" alt=\"dav\" width=\"1024\" height=\"768\" srcset=\"https:\/\/static-blogs.lasprovincias.es\/wp-content\/uploads\/sites\/18\/2018\/11\/IMG_20181109_162508.jpg 1024w, https:\/\/static-blogs.lasprovincias.es\/wp-content\/uploads\/sites\/18\/2018\/11\/IMG_20181109_162508-300x225.jpg 300w, https:\/\/static-blogs.lasprovincias.es\/wp-content\/uploads\/sites\/18\/2018\/11\/IMG_20181109_162508-768x576.jpg 768w\" sizes=\"(max-width: 1024px) 100vw, 1024px\" \/><\/a><\/p>\n<hr \/>\n<h3>Las joyas que coronan la llisa<\/h3>\n<p>Reservo para encarar el final las joyas que entronan a la llisa. No prob\u00e9 los arroces, as\u00ed que no puedo opinar. Pero de todo lo que pude catar, all\u00ed en la cuenta atr\u00e1s, apunta como magistral: las pochas con espardenyes de Castell\u00f3n (a las que les faltaba un punto de sal pero que daban vida a un guiso soberbio) y su sublime tarta de queso, que s\u00f3lo acordarme de ella me da ganas de volver para comprobar que est\u00e1 tan rica como la recuerdo.<\/p>\n<p><a href=\"https:\/\/static-blogs.lasprovincias.es\/wp-content\/uploads\/sites\/18\/2018\/11\/IMG_20181109_155553.jpg\"><img loading=\"lazy\" class=\"size-large wp-image-18046 aligncenter\" src=\"https:\/\/static-blogs.lasprovincias.es\/wp-content\/uploads\/sites\/18\/2018\/11\/IMG_20181109_155553-1024x768.jpg\" alt=\"nfd\" width=\"1024\" height=\"768\" srcset=\"https:\/\/static-blogs.lasprovincias.es\/wp-content\/uploads\/sites\/18\/2018\/11\/IMG_20181109_155553.jpg 1024w, https:\/\/static-blogs.lasprovincias.es\/wp-content\/uploads\/sites\/18\/2018\/11\/IMG_20181109_155553-300x225.jpg 300w, https:\/\/static-blogs.lasprovincias.es\/wp-content\/uploads\/sites\/18\/2018\/11\/IMG_20181109_155553-768x576.jpg 768w\" sizes=\"(max-width: 1024px) 100vw, 1024px\" \/><\/a><\/p>\n<hr \/>\n<h3>La bodega de Manuela<\/h3>\n<p>Dejamos la mesa y metemos la cabeza en la bodega. Situada en el tercer piso se podr\u00eda decir que es como un bello para\u00edso l\u00edquido. &#8220;Contaremos con unas 150 referencias; todas ellas muy reconocibles&#8221;, me cont\u00f3 Dacosta bajo la atenta mirada de <strong>Manuela Romeralo<\/strong>. A nadie se le esconde ya que ella es una garant\u00eda absoluta de que se va a poder disfrutar de un maridaje de absoluta calidad. Vaya, un maridaje digno de estrellas&#8230;\u00a0 Como todo lo que rodea al chef que edific\u00f3 sus sue\u00f1os en D\u00e9nia. <strong><span style=\"color: #ab1010;\">Estrellas<\/span><\/strong>.<\/p>\n<p style=\"text-align: center;\"><a href=\"https:\/\/static-blogs.lasprovincias.es\/wp-content\/uploads\/sites\/18\/2018\/11\/IMG_20181109_160445.jpg\"><img loading=\"lazy\" class=\"alignnone size-large wp-image-18048\" src=\"https:\/\/static-blogs.lasprovincias.es\/wp-content\/uploads\/sites\/18\/2018\/11\/IMG_20181109_160445-1024x768.jpg\" alt=\"rptnb\" width=\"1024\" height=\"768\" srcset=\"https:\/\/static-blogs.lasprovincias.es\/wp-content\/uploads\/sites\/18\/2018\/11\/IMG_20181109_160445.jpg 1024w, https:\/\/static-blogs.lasprovincias.es\/wp-content\/uploads\/sites\/18\/2018\/11\/IMG_20181109_160445-300x225.jpg 300w, https:\/\/static-blogs.lasprovincias.es\/wp-content\/uploads\/sites\/18\/2018\/11\/IMG_20181109_160445-768x576.jpg 768w\" sizes=\"(max-width: 1024px) 100vw, 1024px\" \/><\/a><\/p>\n<p><a href=\"https:\/\/static-blogs.lasprovincias.es\/wp-content\/uploads\/sites\/18\/2018\/11\/IMG_20181109_163105.jpg\"><img loading=\"lazy\" class=\"size-large wp-image-18071\" src=\"https:\/\/static-blogs.lasprovincias.es\/wp-content\/uploads\/sites\/18\/2018\/11\/IMG_20181109_163105-1024x765.jpg\" alt=\"rptnb\" width=\"1024\" height=\"765\" srcset=\"https:\/\/static-blogs.lasprovincias.es\/wp-content\/uploads\/sites\/18\/2018\/11\/IMG_20181109_163105.jpg 1024w, https:\/\/static-blogs.lasprovincias.es\/wp-content\/uploads\/sites\/18\/2018\/11\/IMG_20181109_163105-300x224.jpg 300w, https:\/\/static-blogs.lasprovincias.es\/wp-content\/uploads\/sites\/18\/2018\/11\/IMG_20181109_163105-768x574.jpg 768w\" sizes=\"(max-width: 1024px) 100vw, 1024px\" \/><\/a><\/p>\n<hr \/>\n<h3><strong>El gran escenario<\/strong><\/h3>\n<p>La bodega es, como te apunt\u00e9, uno de los atractivos de Llisa Negra, pero en realidad todo en el tiene unos tintes de gran escenograf\u00eda: un teatro del disfrute. De hecho, desde Felix Pizcueta puedes observar al transitar por su lado, y a trav\u00e9s de hermosas cristaleras, el espect\u00e1culo que se alza en su interior. Llisa Negra est\u00e9 llena de gui\u00f1os, de detalles\u00a0 que le dan distinci\u00f3n sin dejar de mostrar cercan\u00eda y confort: hay blancos casi tostados, negros casi universo, dorados llenado todo de destellos&#8230;<span style=\"color: #808080;\"> <strong>Como un gran teatro<\/strong>.<\/span><\/p>\n<p>&nbsp;<\/p>\n<p><a href=\"https:\/\/static-blogs.lasprovincias.es\/wp-content\/uploads\/sites\/18\/2018\/11\/IMG_20181109_162934.jpg\"><img loading=\"lazy\" class=\"size-full wp-image-18070\" src=\"https:\/\/static-blogs.lasprovincias.es\/wp-content\/uploads\/sites\/18\/2018\/11\/IMG_20181109_162934.jpg\" alt=\"cof\" width=\"906\" height=\"646\" srcset=\"https:\/\/static-blogs.lasprovincias.es\/wp-content\/uploads\/sites\/18\/2018\/11\/IMG_20181109_162934.jpg 906w, https:\/\/static-blogs.lasprovincias.es\/wp-content\/uploads\/sites\/18\/2018\/11\/IMG_20181109_162934-300x214.jpg 300w, https:\/\/static-blogs.lasprovincias.es\/wp-content\/uploads\/sites\/18\/2018\/11\/IMG_20181109_162934-768x548.jpg 768w\" sizes=\"(max-width: 906px) 100vw, 906px\" \/><\/a><\/p>\n<hr \/>\n<h3>Lunas negras<\/h3>\n<p>Ese d\u00eda que vi nacer a Llisa Negra, en las paredes de sus escaleras cambiaban focos y colocaban <strong><span style=\"color: #ab1010;\">lunas, lunas negras<\/span><\/strong>. Cuando empec\u00e9 a bucear por el universo de Dacosta, hace ya unos a\u00f1os, descubr\u00ed c\u00f3mo ella se colaba en sus sue\u00f1os, en sus reflexiones, entre sus palabras. Lunas nuevas y llenas, menguantes y crecientes, como su vida y la de todos.<span style=\"color: #808080;\"><strong> Lunas que dejan su influjo haciendo vestir los d\u00edas de magia. Los de Quique, el Quique m\u00e1s feliz que he conocido, la tienen.<\/strong> <\/span>Por eso, nacen llisas negras en su vida con vocaci\u00f3n de bucear hasta muy lejos.<\/p>\n<p><a href=\"https:\/\/static-blogs.lasprovincias.es\/wp-content\/uploads\/sites\/18\/2018\/11\/IMG_20181109_162404.jpg\"><img loading=\"lazy\" class=\"size-large wp-image-18057\" src=\"https:\/\/static-blogs.lasprovincias.es\/wp-content\/uploads\/sites\/18\/2018\/11\/IMG_20181109_162404-1024x768.jpg\" alt=\"dav\" width=\"1024\" height=\"768\" srcset=\"https:\/\/static-blogs.lasprovincias.es\/wp-content\/uploads\/sites\/18\/2018\/11\/IMG_20181109_162404.jpg 1024w, https:\/\/static-blogs.lasprovincias.es\/wp-content\/uploads\/sites\/18\/2018\/11\/IMG_20181109_162404-300x225.jpg 300w, https:\/\/static-blogs.lasprovincias.es\/wp-content\/uploads\/sites\/18\/2018\/11\/IMG_20181109_162404-768x576.jpg 768w\" sizes=\"(max-width: 1024px) 100vw, 1024px\" \/><\/a><\/p>\n<p>&nbsp;<\/p>\n<\/div>\n<hr \/>\n<h3 style=\"text-align: right;\"><span style=\"color: #a38048;\"><strong>PEREGRINAJE AL PRODUCTO<\/strong><\/span><\/h3>\n<p style=\"text-align: right;\"><span style=\"color: #999999;\">I. Elkano y el \u00e1rbol de Aitor<\/span><\/p>\n<div class=\"teads-adCall\" style=\"text-align: right;\"><span style=\"color: #999999;\">\u00a0<strong>II.\u00a0<\/strong>Los trovadores de los aut\u00e9ntico<\/span><\/div>\n<p style=\"text-align: right;\"><span style=\"color: #999999;\">III.\u00a0El desnudo de la Tasquita<strong>.<\/strong><\/span><\/p>\n<p style=\"text-align: right;\"><strong><span style=\"color: #999999;\">IV.\u00a0Los tesoros de\u00a0<a style=\"color: #999999;\" href=\"https:\/\/blogs.lasprovincias.es\/historiascondelantal\/2018\/09\/23\/asi-es-llisa-negra-el-nuevo-restaurante-de-quique-dacosta-en-valencia\/\">Llisa Negra<\/a><\/span><\/strong><\/p>\n<hr \/>\n<p style=\"text-align: right;\"><span style=\"color: #a38048;\">y en el pr\u00f3ximo cap\u00edtulo.\u00a0<\/span><\/p>\n<p style=\"text-align: right;\"><span style=\"color: #ab1010;\"><strong>CASA MARCIAL<\/strong><\/span>.<span style=\"color: #a38048;\"> LA ECLOSI\u00d3N DEL TERRITORIO<\/span><\/p>\n<hr \/>\n<p style=\"text-align: center;\"><a href=\"https:\/\/static-blogs.lasprovincias.es\/wp-content\/uploads\/sites\/18\/2018\/11\/1515571962607.jpg\"><img loading=\"lazy\" class=\"alignnone size-full wp-image-17876\" src=\"https:\/\/static-blogs.lasprovincias.es\/wp-content\/uploads\/sites\/18\/2018\/11\/1515571962607.jpg\" alt=\"1515571962607\" width=\"1007\" height=\"396\" srcset=\"https:\/\/static-blogs.lasprovincias.es\/wp-content\/uploads\/sites\/18\/2018\/11\/1515571962607.jpg 1007w, https:\/\/static-blogs.lasprovincias.es\/wp-content\/uploads\/sites\/18\/2018\/11\/1515571962607-300x118.jpg 300w, https:\/\/static-blogs.lasprovincias.es\/wp-content\/uploads\/sites\/18\/2018\/11\/1515571962607-768x302.jpg 768w\" sizes=\"(max-width: 1007px) 100vw, 1007px\" \/><\/a><\/p>\n<!-- AddThis Advanced Settings generic via filter on the_content --><!-- AddThis Share Buttons generic via filter on the_content -->","protected":false},"excerpt":{"rendered":"<p>Tres de la tarde. Una semana antes de que Llisa Negra abriera sus puertas de forma definitiva. Ten\u00eda cita en su nuevo local con Quique Dacosta. En su interior andaban ultimando detalles de la decoraci\u00f3n, haciendo fotograf\u00edas de platos para su promoci\u00f3n y puliendo creaciones culinarias en la cocina. La cuenta atr\u00e1s de este proyecto, [&hellip;]<!-- AddThis Advanced Settings generic via filter on get_the_excerpt --><!-- AddThis Share Buttons generic via filter on get_the_excerpt --><\/p>\n","protected":false},"author":23,"featured_media":18042,"comment_status":"open","ping_status":"open","sticky":false,"template":"","format":"standard","meta":[],"categories":[3,4,5,1,7],"tags":[397,1583,1442,889],"_links":{"self":[{"href":"https:\/\/blogs.lasprovincias.es\/historiascondelantal\/wp-json\/wp\/v2\/posts\/17991"}],"collection":[{"href":"https:\/\/blogs.lasprovincias.es\/historiascondelantal\/wp-json\/wp\/v2\/posts"}],"about":[{"href":"https:\/\/blogs.lasprovincias.es\/historiascondelantal\/wp-json\/wp\/v2\/types\/post"}],"author":[{"embeddable":true,"href":"https:\/\/blogs.lasprovincias.es\/historiascondelantal\/wp-json\/wp\/v2\/users\/23"}],"replies":[{"embeddable":true,"href":"https:\/\/blogs.lasprovincias.es\/historiascondelantal\/wp-json\/wp\/v2\/comments?post=17991"}],"version-history":[{"count":6,"href":"https:\/\/blogs.lasprovincias.es\/historiascondelantal\/wp-json\/wp\/v2\/posts\/17991\/revisions"}],"predecessor-version":[{"id":18074,"href":"https:\/\/blogs.lasprovincias.es\/historiascondelantal\/wp-json\/wp\/v2\/posts\/17991\/revisions\/18074"}],"wp:featuredmedia":[{"embeddable":true,"href":"https:\/\/blogs.lasprovincias.es\/historiascondelantal\/wp-json\/wp\/v2\/media\/18042"}],"wp:attachment":[{"href":"https:\/\/blogs.lasprovincias.es\/historiascondelantal\/wp-json\/wp\/v2\/media?parent=17991"}],"wp:term":[{"taxonomy":"category","embeddable":true,"href":"https:\/\/blogs.lasprovincias.es\/historiascondelantal\/wp-json\/wp\/v2\/categories?post=17991"},{"taxonomy":"post_tag","embeddable":true,"href":"https:\/\/blogs.lasprovincias.es\/historiascondelantal\/wp-json\/wp\/v2\/tags?post=17991"}],"curies":[{"name":"wp","href":"https:\/\/api.w.org\/{rel}","templated":true}]}}