{"id":19032,"date":"2019-03-09T12:59:22","date_gmt":"2019-03-09T10:59:22","guid":{"rendered":"https:\/\/blogs.lasprovincias.es\/historiascondelantal\/?p=19032"},"modified":"2019-03-10T11:32:10","modified_gmt":"2019-03-10T09:32:10","slug":"el-gran-circo-de-los-fogones-clowns-ilusionistas-y-trapecistas-sin-red","status":"publish","type":"post","link":"https:\/\/blogs.lasprovincias.es\/historiascondelantal\/2019\/03\/09\/el-gran-circo-de-los-fogones-clowns-ilusionistas-y-trapecistas-sin-red\/","title":{"rendered":"El gran circo de los fogones (clowns, ilusionistas y trapecistas sin red)"},"content":{"rendered":"<p><strong><span style=\"color: #ff0000;\">Bajo los focos:<\/span>\u00a0fortachones que abren latas donde duermen sirenas; domadores que hacen piruetas con las ostras; contorsionistas que meten la cabeza bajo tierra y sacan, de ella, <span style=\"color: #ff0000;\">magia. Y magos<\/span>, magos que llenan de historias su espect\u00e1culo: un plato de vigilia que est\u00e1 de pecado, unas patatas (rat\u00f3n) con ojera y rabo, un plato que te lleva al califato.<\/strong><\/p>\n<p><a href=\"https:\/\/static-blogs.lasprovincias.es\/wp-content\/uploads\/sites\/18\/2019\/03\/1551994079345.jpeg\"><img loading=\"lazy\" class=\"alignnone size-large wp-image-19044\" src=\"https:\/\/static-blogs.lasprovincias.es\/wp-content\/uploads\/sites\/18\/2019\/03\/1551994079345-1024x768.jpeg\" alt=\"Trelis\" width=\"1024\" height=\"768\" srcset=\"https:\/\/static-blogs.lasprovincias.es\/wp-content\/uploads\/sites\/18\/2019\/03\/1551994079345-1024x768.jpeg 1024w, https:\/\/static-blogs.lasprovincias.es\/wp-content\/uploads\/sites\/18\/2019\/03\/1551994079345-300x225.jpeg 300w, https:\/\/static-blogs.lasprovincias.es\/wp-content\/uploads\/sites\/18\/2019\/03\/1551994079345-768x576.jpeg 768w\" sizes=\"(max-width: 1024px) 100vw, 1024px\" \/><\/a><\/p>\n<p><strong>En el mundo de los fogones, sigue vivo el espect\u00e1culo. Hay trapecistas que arriesgan &#8211; <\/strong>\u00a1berberechos, alcachofas y salsa de foie!-<strong> y otros que hasta hipnotizan al pescado: <\/strong>\u00a1abracadabra, lorito a la brasa!<strong>\u00a0Que empiece el espect\u00e1culo.\u00a0<\/strong><\/p>\n<p style=\"text-align: center;\">Se\u00f1oras y se\u00f1ores, con ustedes&#8230;<\/p>\n<p><a href=\"https:\/\/static-blogs.lasprovincias.es\/wp-content\/uploads\/sites\/18\/2019\/03\/1552120612640.jpeg\"><img loading=\"lazy\" class=\"alignnone size-large wp-image-19039\" src=\"https:\/\/static-blogs.lasprovincias.es\/wp-content\/uploads\/sites\/18\/2019\/03\/1552120612640-1024x391.jpeg\" alt=\"1552120612640\" width=\"1024\" height=\"391\" srcset=\"https:\/\/static-blogs.lasprovincias.es\/wp-content\/uploads\/sites\/18\/2019\/03\/1552120612640-1024x391.jpeg 1024w, https:\/\/static-blogs.lasprovincias.es\/wp-content\/uploads\/sites\/18\/2019\/03\/1552120612640-300x114.jpeg 300w, https:\/\/static-blogs.lasprovincias.es\/wp-content\/uploads\/sites\/18\/2019\/03\/1552120612640-768x293.jpeg 768w, https:\/\/static-blogs.lasprovincias.es\/wp-content\/uploads\/sites\/18\/2019\/03\/1552120612640.jpeg 2048w\" sizes=\"(max-width: 1024px) 100vw, 1024px\" \/><\/a><\/p>\n<p><a href=\"https:\/\/static-blogs.lasprovincias.es\/wp-content\/uploads\/sites\/18\/2019\/03\/1552083915235.jpeg\"><img loading=\"lazy\" class=\"alignnone size-large wp-image-19038\" src=\"https:\/\/static-blogs.lasprovincias.es\/wp-content\/uploads\/sites\/18\/2019\/03\/1552083915235-1024x768.jpeg\" alt=\"1552083915235\" width=\"1024\" height=\"768\" srcset=\"https:\/\/static-blogs.lasprovincias.es\/wp-content\/uploads\/sites\/18\/2019\/03\/1552083915235-1024x768.jpeg 1024w, https:\/\/static-blogs.lasprovincias.es\/wp-content\/uploads\/sites\/18\/2019\/03\/1552083915235-300x225.jpeg 300w, https:\/\/static-blogs.lasprovincias.es\/wp-content\/uploads\/sites\/18\/2019\/03\/1552083915235-768x576.jpeg 768w, https:\/\/static-blogs.lasprovincias.es\/wp-content\/uploads\/sites\/18\/2019\/03\/1552083915235.jpeg 2048w\" sizes=\"(max-width: 1024px) 100vw, 1024px\" \/><\/a><\/p>\n<hr \/>\n<p style=\"text-align: center;\"><strong>CIRCUS <span style=\"color: #ff0000;\">I. PARTE. <\/span><\/strong><\/p>\n<h2 style=\"text-align: center;\"><span style=\"color: #ff0000;\"><span style=\"color: #808080;\">BAJO LOS FOCOS<\/span><\/span><\/h2>\n<p>Saboreando las \u00faltimas horas del d\u00eda pens\u00e9 c\u00f3mo el tiempo se precipita sobre la pista de la vida cual trapecista. Y al tiempo, pens\u00e9 que en ella, en la vida, las historias se encadenan como peque\u00f1as obras de teatro. Algunas con regusto de espect\u00e1culo circense. De hecho, todo a nuestro alrededor lo es. Un circo donde nada es lo que ves. O s\u00ed.<\/p>\n<p><a href=\"https:\/\/static-blogs.lasprovincias.es\/wp-content\/uploads\/sites\/18\/2019\/03\/1552082207253.jpeg\"><img loading=\"lazy\" class=\"alignnone size-large wp-image-19048\" src=\"https:\/\/static-blogs.lasprovincias.es\/wp-content\/uploads\/sites\/18\/2019\/03\/1552082207253-1024x768.jpeg\" alt=\"1552082207253\" width=\"1024\" height=\"768\" srcset=\"https:\/\/static-blogs.lasprovincias.es\/wp-content\/uploads\/sites\/18\/2019\/03\/1552082207253-1024x768.jpeg 1024w, https:\/\/static-blogs.lasprovincias.es\/wp-content\/uploads\/sites\/18\/2019\/03\/1552082207253-300x225.jpeg 300w, https:\/\/static-blogs.lasprovincias.es\/wp-content\/uploads\/sites\/18\/2019\/03\/1552082207253-768x576.jpeg 768w, https:\/\/static-blogs.lasprovincias.es\/wp-content\/uploads\/sites\/18\/2019\/03\/1552082207253.jpeg 2048w\" sizes=\"(max-width: 1024px) 100vw, 1024px\" \/><\/a><\/p>\n<p>La vida est\u00e1 repleta de ellos. En el mundo del espect\u00e1culo, en la televisi\u00f3n, en la pol\u00edtica, en el trabajo, en la literatura, en la poes\u00eda y en la canci\u00f3n&#8230; En la voz de Gardel.<\/p>\n<blockquote>\n<p style=\"text-align: center;\"><span style=\"color: #808080;\"><em>Colgada del fr\u00e1gil trapecio,<\/em><\/span><\/p>\n<p style=\"text-align: center;\"><span style=\"color: #808080;\"><em>su cuerpo elegante parece al saltar<\/em><\/span><\/p>\n<p style=\"text-align: center;\"><span style=\"color: #808080;\"><em>una paloma blanca que al cielo<\/em><\/span><\/p>\n<p style=\"text-align: center;\"><span style=\"color: #808080;\"><em>con ansias locas quisiera llegar.<\/em><\/span><\/p>\n<\/blockquote>\n<p>La cocina tambi\u00e9n tiene montado su circo y se vive en una carpa de grandes dimensiones. De Sydney a Alcoi, de Valencia a Nueva York; de una isla del Jap\u00f3n a los pies de un volc\u00e1n de Ecuador. <strong>Siempre hay fogones con magos. Y lanzadores de cuchillos y trepidantes hombres bala<\/strong> que van veloces entre sartenes, aceites, humaredas y ba\u00f1os de vapor. <strong>Siempre hay magia, y sabores sobre el alambre, y platos que se la juegan ante un comensal con piel de cordero.<\/strong> O un simple inspector: &#8220;toc, toc, soy de la gu\u00eda&#8221;. &#8220;Pues que empiece el espect\u00e1culo&#8221;, yo le contestar\u00eda.<\/p>\n<p><a href=\"https:\/\/static-blogs.lasprovincias.es\/wp-content\/uploads\/sites\/18\/2019\/03\/1552082153995.jpeg\"><img loading=\"lazy\" class=\"alignnone size-large wp-image-19049\" src=\"https:\/\/static-blogs.lasprovincias.es\/wp-content\/uploads\/sites\/18\/2019\/03\/1552082153995-1024x683.jpeg\" alt=\"1552082153995\" width=\"1024\" height=\"683\" srcset=\"https:\/\/static-blogs.lasprovincias.es\/wp-content\/uploads\/sites\/18\/2019\/03\/1552082153995-1024x683.jpeg 1024w, https:\/\/static-blogs.lasprovincias.es\/wp-content\/uploads\/sites\/18\/2019\/03\/1552082153995-300x200.jpeg 300w, https:\/\/static-blogs.lasprovincias.es\/wp-content\/uploads\/sites\/18\/2019\/03\/1552082153995-768x512.jpeg 768w, https:\/\/static-blogs.lasprovincias.es\/wp-content\/uploads\/sites\/18\/2019\/03\/1552082153995.jpeg 2048w\" sizes=\"(max-width: 1024px) 100vw, 1024px\" \/><\/a><\/p>\n<p style=\"text-align: center;\">As\u00ed que&#8230; pues eso&#8230;<\/p>\n<h3 style=\"text-align: center;\"><span style=\"color: #ff0000;\">QUE EMPIECE EL ESPECT\u00c1CULO<\/span><\/h3>\n<p>&nbsp;<\/p>\n<hr \/>\n<p><span style=\"color: #ff0000;\"><strong>Bajo los focos.<\/strong><\/span>\u00a0<strong>Un\u00a0mago.<\/strong>\u00a0Se llama<a href=\"https:\/\/blogs.lasprovincias.es\/historiascondelantal\/2018\/01\/15\/joaquin-schmidt-creo-que-soy-un-poco-extraterrestre-pero-con-los-pies-en-el-suelo\/\"> Joaqu\u00edn Schmitd<\/a>. Es un tipo reputado pero silenciado. O mejor dicho, es un mago que se silenci\u00f3. Porque quiso.<strong> Su casa es as\u00ed, circo de circos.<\/strong> Sus paredes est\u00e1n repletas de historias y sus historias son tan apasionantes que te atrapan por todas partes.<\/p>\n<p>&nbsp;<\/p>\n<p>\u00c9l, con su malet\u00edn de mago metido en el coraz\u00f3n, se mete en la cocina y deja fluir su imaginaci\u00f3n (suele apostar por los cl\u00e1sicos); sale a la sala y te mete en su relato (ArtCream de primero, ArtCream de segundo y ArtCream de regalo), y acaba jugando contigo a trav\u00e9s de las palabras y los pactos. &#8220;\u00bfHas le\u00eddo a Robert Graves?&#8221;, le dir\u00eda ahora si lo tuviera a mi lado. Y le leer\u00eda este verso (maravilloso) del poeta londinense&#8230;<\/p>\n<p style=\"text-align: center;\"><span style=\"color: #808080;\"><em>&#8220;mi cuerpo anda proscrito entre las estrellas&#8221;<\/em><\/span><\/p>\n<p style=\"text-align: center;\"><span style=\"color: #808080;\"><em>(De atrasos de luz de Luna)<\/em><\/span><\/p>\n<p>Te servir\u00e1 un aperitivo a su manera, donde el vermut se come y los berberechos, casi que se beben. Y har\u00e1 de una carrillera, un espect\u00e1culo. Donde a veces saca de la patata unas bolas y te fr\u00ede el enrejado. Como si el rat\u00f3n se la hubiese jalado. Cosas de mago. O genios.<\/p>\n<div id=\"attachment_19051\" style=\"width: 1034px\" class=\"wp-caption alignnone\"><a href=\"https:\/\/static-blogs.lasprovincias.es\/wp-content\/uploads\/sites\/18\/2019\/03\/1403509772.jpg\"><img aria-describedby=\"caption-attachment-19051\" loading=\"lazy\" class=\"size-large wp-image-19051\" src=\"https:\/\/static-blogs.lasprovincias.es\/wp-content\/uploads\/sites\/18\/2019\/03\/1403509772-1024x694.jpg\" alt=\"Historias con Delantal - Joaquin Schmidt.Fotograf\u00eda de Jesus Signes.\" width=\"1024\" height=\"694\" srcset=\"https:\/\/static-blogs.lasprovincias.es\/wp-content\/uploads\/sites\/18\/2019\/03\/1403509772.jpg 1024w, https:\/\/static-blogs.lasprovincias.es\/wp-content\/uploads\/sites\/18\/2019\/03\/1403509772-300x203.jpg 300w, https:\/\/static-blogs.lasprovincias.es\/wp-content\/uploads\/sites\/18\/2019\/03\/1403509772-768x521.jpg 768w\" sizes=\"(max-width: 1024px) 100vw, 1024px\" \/><\/a><p id=\"caption-attachment-19051\" class=\"wp-caption-text\">Historias con Delantal &#8211; Joaquin Schmidt.Fotograf\u00eda de Jesus Signes.<\/p><\/div>\n<p>Aunque el plato fuerte -para m\u00ed- es ese <strong>potaje de vigilia (sin vigilia)<\/strong> donde garbanzos, espinacas (a penas salteadas) y un bacalao bajo un manto sagrado de una espuma de alioli muy suave te hacen sacar las alas. Y t\u00fa vuelas encantado por el circo&#8230; el circo de los fogones.<\/p>\n<p><a href=\"https:\/\/static-blogs.lasprovincias.es\/wp-content\/uploads\/sites\/18\/2019\/03\/IMG_20190224_134037.jpeg\"><img loading=\"lazy\" class=\"alignnone size-large wp-image-19052\" src=\"https:\/\/static-blogs.lasprovincias.es\/wp-content\/uploads\/sites\/18\/2019\/03\/IMG_20190224_134037-1024x768.jpeg\" alt=\"img_20190224_134037\" width=\"1024\" height=\"768\" srcset=\"https:\/\/static-blogs.lasprovincias.es\/wp-content\/uploads\/sites\/18\/2019\/03\/IMG_20190224_134037-1024x768.jpeg 1024w, https:\/\/static-blogs.lasprovincias.es\/wp-content\/uploads\/sites\/18\/2019\/03\/IMG_20190224_134037-300x225.jpeg 300w, https:\/\/static-blogs.lasprovincias.es\/wp-content\/uploads\/sites\/18\/2019\/03\/IMG_20190224_134037-768x576.jpeg 768w, https:\/\/static-blogs.lasprovincias.es\/wp-content\/uploads\/sites\/18\/2019\/03\/IMG_20190224_134037.jpeg 2048w\" sizes=\"(max-width: 1024px) 100vw, 1024px\" \/><\/a><\/p>\n<hr \/>\n<p><span style=\"color: #ff0000;\"><strong>Bajo los focos<\/strong><\/span> aparece un amigo del mago. Es&#8230;<strong> El lanzador de cuchillos.<\/strong>\u00a0<a href=\"https:\/\/blogs.lasprovincias.es\/historiascondelantal\/2018\/02\/08\/abraham-garcia-las-pasiones-como-los-besos-y-los-callos-son-con-lengua-o-no-lo-son\/\"><strong>Abraham Garc\u00eda.<\/strong><\/a> Joaqu\u00edn siempre me dice que le quiere con un hermano. En una visita nos hizo no un n\u00famero de digno del mejor de los circos, dir\u00eda que unos cuantos. Demostrando que <strong>la m\u00e1xima en el circo de los fogones no debe ser lo remilgado, sino el disfrute desbordado.<\/strong><\/p>\n<p>Lanza cuchillos por las mesas, que son sus cartas repletas de historias bellas, de a\u00f1oranzas y melancol\u00edas bien resueltas. Y sus platos son caballo ganador. Porque el lanzador de cuchillos ya apost\u00f3 en su momento y triunf\u00f3. (A veces s\u00ed, y a veces no).<\/p>\n<p><a href=\"https:\/\/static-blogs.lasprovincias.es\/wp-content\/uploads\/sites\/18\/2019\/03\/1551821598404.jpeg\"><img loading=\"lazy\" class=\"alignnone size-large wp-image-19050\" src=\"https:\/\/static-blogs.lasprovincias.es\/wp-content\/uploads\/sites\/18\/2019\/03\/1551821598404-1024x768.jpeg\" alt=\"1551821598404\" width=\"1024\" height=\"768\" srcset=\"https:\/\/static-blogs.lasprovincias.es\/wp-content\/uploads\/sites\/18\/2019\/03\/1551821598404-1024x768.jpeg 1024w, https:\/\/static-blogs.lasprovincias.es\/wp-content\/uploads\/sites\/18\/2019\/03\/1551821598404-300x225.jpeg 300w, https:\/\/static-blogs.lasprovincias.es\/wp-content\/uploads\/sites\/18\/2019\/03\/1551821598404-768x576.jpeg 768w, https:\/\/static-blogs.lasprovincias.es\/wp-content\/uploads\/sites\/18\/2019\/03\/1551821598404.jpeg 2048w\" sizes=\"(max-width: 1024px) 100vw, 1024px\" \/><\/a><\/p>\n<p>Es de esos <strong>GRANDES<\/strong> de la cocina que hay que elogiar sin rubor. A \u00e9l y a sus lentejas, a sus carnes, a su pat\u00e9 de t\u00f3rtola que es pura potencia.<strong> Platos de filo, de los que penetran<\/strong>, te parten el paladar en dos y se meten como un pu\u00f1al en la memoria para recordarlos con los a\u00f1os. Caracol, col, col&#8230;.<\/p>\n<p><a href=\"https:\/\/static-blogs.lasprovincias.es\/wp-content\/uploads\/sites\/18\/2019\/03\/1552123429122.jpeg\"><img loading=\"lazy\" class=\"alignnone size-large wp-image-19054\" src=\"https:\/\/static-blogs.lasprovincias.es\/wp-content\/uploads\/sites\/18\/2019\/03\/1552123429122-1024x768.jpeg\" alt=\"1552123429122\" width=\"1024\" height=\"768\" srcset=\"https:\/\/static-blogs.lasprovincias.es\/wp-content\/uploads\/sites\/18\/2019\/03\/1552123429122-1024x768.jpeg 1024w, https:\/\/static-blogs.lasprovincias.es\/wp-content\/uploads\/sites\/18\/2019\/03\/1552123429122-300x225.jpeg 300w, https:\/\/static-blogs.lasprovincias.es\/wp-content\/uploads\/sites\/18\/2019\/03\/1552123429122-768x576.jpeg 768w, https:\/\/static-blogs.lasprovincias.es\/wp-content\/uploads\/sites\/18\/2019\/03\/1552123429122.jpeg 2048w\" sizes=\"(max-width: 1024px) 100vw, 1024px\" \/><\/a><\/p>\n<p>Como a Abraham, inolvidable. <strong>Comer su arte, escuchar su conversaci\u00f3n y asistir en directo a su representaci\u00f3n de lo que es la vida.<\/strong>&#8230; &#8220;Sac\u00e1dles a estos amigos maravillas, que adem\u00e1s se las merecen&#8221;, exclama con ese coraz\u00f3n gigante que late en su interior impregnando Viridiana. Y \u00a0te saca las alas&#8230; y t\u00fa vuelas encantado.<\/p>\n<p><a href=\"https:\/\/static-blogs.lasprovincias.es\/wp-content\/uploads\/sites\/18\/2019\/03\/1552123483762.jpeg\"><img loading=\"lazy\" class=\"alignnone size-large wp-image-19053\" src=\"https:\/\/static-blogs.lasprovincias.es\/wp-content\/uploads\/sites\/18\/2019\/03\/1552123483762-768x1024.jpeg\" alt=\"1552123483762\" width=\"768\" height=\"1024\" srcset=\"https:\/\/static-blogs.lasprovincias.es\/wp-content\/uploads\/sites\/18\/2019\/03\/1552123483762-768x1024.jpeg 768w, https:\/\/static-blogs.lasprovincias.es\/wp-content\/uploads\/sites\/18\/2019\/03\/1552123483762-225x300.jpeg 225w, https:\/\/static-blogs.lasprovincias.es\/wp-content\/uploads\/sites\/18\/2019\/03\/1552123483762.jpeg 1536w\" sizes=\"(max-width: 768px) 100vw, 768px\" \/><\/a><\/p>\n<hr \/>\n<p><strong>Bajo los focos<\/strong>, en <a href=\"https:\/\/blogs.lasprovincias.es\/historiascondelantal\/2018\/06\/14\/disfrutar-un-restaurante-con-chistera\/\">Disfrutar<\/a>, tres magos del paladar: una luna que esconde un volc\u00e1n de caviar; un huevo que encapsula en su interior todo el corral, unos macarrones que no lo son, un <strong>tat\u00edn \u00a1tat\u00edn!!! de ma\u00edz&#8230;<\/strong> y el p\u00fablico que aplaude a rabiar.<\/p>\n<p><a href=\"https:\/\/static-blogs.lasprovincias.es\/wp-content\/uploads\/sites\/18\/2019\/03\/IMG_9881.jpg\"><img loading=\"lazy\" class=\"alignnone size-large wp-image-19055\" src=\"https:\/\/static-blogs.lasprovincias.es\/wp-content\/uploads\/sites\/18\/2019\/03\/IMG_9881-1024x683.jpg\" alt=\"img_9881\" width=\"1024\" height=\"683\" srcset=\"https:\/\/static-blogs.lasprovincias.es\/wp-content\/uploads\/sites\/18\/2019\/03\/IMG_9881.jpg 1024w, https:\/\/static-blogs.lasprovincias.es\/wp-content\/uploads\/sites\/18\/2019\/03\/IMG_9881-300x200.jpg 300w, https:\/\/static-blogs.lasprovincias.es\/wp-content\/uploads\/sites\/18\/2019\/03\/IMG_9881-768x512.jpg 768w\" sizes=\"(max-width: 1024px) 100vw, 1024px\" \/><\/a><\/p>\n<hr \/>\n<p><strong><span style=\"color: #ff0000;\">Bajo los focos,<\/span><\/strong> <strong>el n\u00famero de la ostra y el domador<\/strong>. <a href=\"https:\/\/blogs.lasprovincias.es\/historiascondelantal\/2017\/11\/10\/que-pueden-hacer-los-chefs-con-una-docena-de-ostras\/\">Cuando el cocinero juega con ella<\/a> y le hace hacer mil piruetas, hasta que sale&#8230;<\/p>\n<p>La ostra desnuda, que mola un primor. Y que te saca un buen amigo (<a href=\"https:\/\/blogs.lasprovincias.es\/historiascondelantal\/2017\/11\/07\/andres-soler-el-domador-de-ostras\/\">Andr\u00e9s Soler<\/a>, para dar mas indicaci\u00f3n). <strong>Que anda preparando algo nuevo y grande junto al mar a base de ostras y caviar.<\/strong> Cuando me de permiso, te lo voy a contar.\u00a0Aunque Andr\u00e9s, igual hace con ella un festival ahumado y que un granizado.<\/p>\n<div id=\"attachment_19056\" style=\"width: 1034px\" class=\"wp-caption alignnone\"><a href=\"https:\/\/static-blogs.lasprovincias.es\/wp-content\/uploads\/sites\/18\/2019\/03\/1402208705.jpg\"><img aria-describedby=\"caption-attachment-19056\" loading=\"lazy\" class=\"size-large wp-image-19056\" src=\"https:\/\/static-blogs.lasprovincias.es\/wp-content\/uploads\/sites\/18\/2019\/03\/1402208705-1024x683.jpg\" alt=\"Foto Manuel Molines\" width=\"1024\" height=\"683\" srcset=\"https:\/\/static-blogs.lasprovincias.es\/wp-content\/uploads\/sites\/18\/2019\/03\/1402208705.jpg 1024w, https:\/\/static-blogs.lasprovincias.es\/wp-content\/uploads\/sites\/18\/2019\/03\/1402208705-300x200.jpg 300w, https:\/\/static-blogs.lasprovincias.es\/wp-content\/uploads\/sites\/18\/2019\/03\/1402208705-768x512.jpg 768w\" sizes=\"(max-width: 1024px) 100vw, 1024px\" \/><\/a><p id=\"caption-attachment-19056\" class=\"wp-caption-text\">Foto Manuel Molines<\/p><\/div>\n<p>Juega con ella tambi\u00e9n, la buena de <strong>Maria Jos\u00e9 e<\/strong>n su <strong>Lienzo<\/strong>. Recuerdo aquella que parec\u00eda infiltrada, donde el sabor se le colaba poco a poco y sin necesidad de ir a tropel. O cada temporada -y con m\u00e1s acierto-, el ilusionista de la sensibilidad <a href=\"https:\/\/blogs.lasprovincias.es\/historiascondelantal\/2019\/01\/13\/casa-manolo-ascension-hasta-la-segunda-estrella\/\">Manuel Alonso<\/a>&#8230; Aunque de su \u00faltima temporada, el n\u00famero fuerte lo viv\u00ed con la parpatana de un ment\u00f3n (que s\u00e9 que no lo saca a todos, pero que telilla&#8230;) <strong>CIRCO MARAVILLAS<\/strong>.<\/p>\n<p><a href=\"https:\/\/static-blogs.lasprovincias.es\/wp-content\/uploads\/sites\/18\/2019\/03\/1551906780388.jpeg\"><img loading=\"lazy\" class=\"alignnone size-large wp-image-19040\" src=\"https:\/\/static-blogs.lasprovincias.es\/wp-content\/uploads\/sites\/18\/2019\/03\/1551906780388-1024x768.jpeg\" alt=\"1551906780388\" width=\"1024\" height=\"768\" srcset=\"https:\/\/static-blogs.lasprovincias.es\/wp-content\/uploads\/sites\/18\/2019\/03\/1551906780388-1024x768.jpeg 1024w, https:\/\/static-blogs.lasprovincias.es\/wp-content\/uploads\/sites\/18\/2019\/03\/1551906780388-300x225.jpeg 300w, https:\/\/static-blogs.lasprovincias.es\/wp-content\/uploads\/sites\/18\/2019\/03\/1551906780388-768x576.jpeg 768w, https:\/\/static-blogs.lasprovincias.es\/wp-content\/uploads\/sites\/18\/2019\/03\/1551906780388.jpeg 2048w\" sizes=\"(max-width: 1024px) 100vw, 1024px\" \/><\/a><\/p>\n<p><strong>La ostra vestida de blanco (blanco galanga)<\/strong>, que fue un cl\u00e1sico en la casa del cocinero que siendo picapedrero, sac\u00f3 la espada (m\u00e1gica) cual Merlin y, con el tiempo -y el sacrificio- triunf\u00f3. Y ya es un n\u00famero uno en este circo.<\/p>\n<p><a href=\"https:\/\/static-blogs.lasprovincias.es\/wp-content\/uploads\/sites\/18\/2019\/03\/IMG_1300-1024x756.jpg\"><img loading=\"lazy\" class=\"alignnone size-large wp-image-19057\" src=\"https:\/\/static-blogs.lasprovincias.es\/wp-content\/uploads\/sites\/18\/2019\/03\/IMG_1300-1024x756-1024x756.jpg\" alt=\"img_1300-1024x756\" width=\"1024\" height=\"756\" srcset=\"https:\/\/static-blogs.lasprovincias.es\/wp-content\/uploads\/sites\/18\/2019\/03\/IMG_1300-1024x756.jpg 1024w, https:\/\/static-blogs.lasprovincias.es\/wp-content\/uploads\/sites\/18\/2019\/03\/IMG_1300-1024x756-300x221.jpg 300w, https:\/\/static-blogs.lasprovincias.es\/wp-content\/uploads\/sites\/18\/2019\/03\/IMG_1300-1024x756-768x567.jpg 768w\" sizes=\"(max-width: 1024px) 100vw, 1024px\" \/><\/a><\/p>\n<p>La ostra que siempre recordar\u00e9, por todo el universo que se escond\u00eda en ella, fue de la <strong>Eneko Atxa<\/strong> en 2016. Tartar, sus salsas, la tempura que le acompa\u00f1aba&#8230;\u00a0Y la ostra que me enamor\u00f3, la del beso fr\u00edo&#8230; que era pura provocaci\u00f3n. <span style=\"color: #ff0000;\"><strong>Circo del pensamiento:<\/strong><\/span> Aduriz, <a href=\"https:\/\/blogs.lasprovincias.es\/historiascondelantal\/2017\/12\/02\/en-el-divan-de-andoni-aduriz\/\">Mugaritz<\/a>.<\/p>\n<p><a href=\"https:\/\/static-blogs.lasprovincias.es\/wp-content\/uploads\/sites\/18\/2019\/03\/IMG_9558.jpg\"><img loading=\"lazy\" class=\"alignnone size-large wp-image-19058\" src=\"https:\/\/static-blogs.lasprovincias.es\/wp-content\/uploads\/sites\/18\/2019\/03\/IMG_9558-1024x683.jpg\" alt=\"img_9558\" width=\"1024\" height=\"683\" srcset=\"https:\/\/static-blogs.lasprovincias.es\/wp-content\/uploads\/sites\/18\/2019\/03\/IMG_9558.jpg 1024w, https:\/\/static-blogs.lasprovincias.es\/wp-content\/uploads\/sites\/18\/2019\/03\/IMG_9558-300x200.jpg 300w, https:\/\/static-blogs.lasprovincias.es\/wp-content\/uploads\/sites\/18\/2019\/03\/IMG_9558-768x512.jpg 768w\" sizes=\"(max-width: 1024px) 100vw, 1024px\" \/><\/a><\/p>\n<p>&nbsp;<\/p>\n<p><a href=\"https:\/\/static-blogs.lasprovincias.es\/wp-content\/uploads\/sites\/18\/2019\/03\/IMG_4036.jpg\"><img loading=\"lazy\" class=\"alignnone size-large wp-image-19059\" src=\"https:\/\/static-blogs.lasprovincias.es\/wp-content\/uploads\/sites\/18\/2019\/03\/IMG_4036-1024x683.jpg\" alt=\"img_4036\" width=\"1024\" height=\"683\" srcset=\"https:\/\/static-blogs.lasprovincias.es\/wp-content\/uploads\/sites\/18\/2019\/03\/IMG_4036.jpg 1024w, https:\/\/static-blogs.lasprovincias.es\/wp-content\/uploads\/sites\/18\/2019\/03\/IMG_4036-300x200.jpg 300w, https:\/\/static-blogs.lasprovincias.es\/wp-content\/uploads\/sites\/18\/2019\/03\/IMG_4036-768x512.jpg 768w\" sizes=\"(max-width: 1024px) 100vw, 1024px\" \/><\/a><\/p>\n<hr \/>\n<p><span style=\"color: #ff0000;\"><strong>Bajos los focos,<\/strong><\/span> besos de hielo con ostra, pero tambi\u00e9n intr\u00e9pidos riesgos.<strong> El rey del trapecio<\/strong> sin red es<a href=\"https:\/\/blogs.lasprovincias.es\/historiascondelantal\/2018\/07\/14\/dabiz-munoz-la-bacanal-del-funambulista\/\"> Dabiz Mu\u00f1oz<\/a> (ya sabes, ese chico de DiverXo -de quien muy pronto\u00a0hablaremos&#8230; muy pronto, ya ver\u00e1s). Aunque hay un buen n\u00famero de ellos, trapecistas, que hacen de su cocina un hermoso juego de piruetas a\u00e9reas.<\/p>\n<p>&nbsp;<\/p>\n<p>El <strong>trapecista clandestino<\/strong>, <strong>Junior Franco,<\/strong> me sirvi\u00f3 unas alcachofas con berberechos y salsa de foie (que me record\u00f3 al cochinillo con berberechos de DiverXo) y que me pareci\u00f3 espectacular. (Tiene magia el saltador de <strong>Para\u00edso Travel<\/strong>).<\/p>\n<p><a href=\"https:\/\/static-blogs.lasprovincias.es\/wp-content\/uploads\/sites\/18\/2019\/03\/berberechos-y-alcachofa.jpg\"><img loading=\"lazy\" class=\"size-large wp-image-19018\" src=\"https:\/\/static-blogs.lasprovincias.es\/wp-content\/uploads\/sites\/18\/2019\/03\/berberechos-y-alcachofa-1024x768.jpg\" alt=\"ptr\" width=\"1024\" height=\"768\" srcset=\"https:\/\/static-blogs.lasprovincias.es\/wp-content\/uploads\/sites\/18\/2019\/03\/berberechos-y-alcachofa.jpg 1024w, https:\/\/static-blogs.lasprovincias.es\/wp-content\/uploads\/sites\/18\/2019\/03\/berberechos-y-alcachofa-300x225.jpg 300w, https:\/\/static-blogs.lasprovincias.es\/wp-content\/uploads\/sites\/18\/2019\/03\/berberechos-y-alcachofa-768x576.jpg 768w\" sizes=\"(max-width: 1024px) 100vw, 1024px\" \/><\/a><\/p>\n<p>Como la tiene el de<strong> Saiti<\/strong>, que de pronto saca arte de su interior y, cuando muestra su lado m\u00e1s propio, m\u00e1s personal, te logra encantar, casi hipnotizar. Como a estos loritos que se quedaron como durmiendo bajo las brasas felices en su trance culinario (en este caso en Sucar)&#8230; Vicente Pati\u00f1o, ilusionista del delantal. Bonach\u00f3n en la vida real.<\/p>\n<p><a href=\"https:\/\/static-blogs.lasprovincias.es\/wp-content\/uploads\/sites\/18\/2019\/03\/IMG_9460.jpg\"><img loading=\"lazy\" class=\"alignnone size-large wp-image-19045\" src=\"https:\/\/static-blogs.lasprovincias.es\/wp-content\/uploads\/sites\/18\/2019\/03\/IMG_9460-1024x1024.jpg\" alt=\"img_9460\" width=\"1024\" height=\"1024\" srcset=\"https:\/\/static-blogs.lasprovincias.es\/wp-content\/uploads\/sites\/18\/2019\/03\/IMG_9460-1024x1024.jpg 1024w, https:\/\/static-blogs.lasprovincias.es\/wp-content\/uploads\/sites\/18\/2019\/03\/IMG_9460-150x150.jpg 150w, https:\/\/static-blogs.lasprovincias.es\/wp-content\/uploads\/sites\/18\/2019\/03\/IMG_9460-300x300.jpg 300w, https:\/\/static-blogs.lasprovincias.es\/wp-content\/uploads\/sites\/18\/2019\/03\/IMG_9460-768x767.jpg 768w, https:\/\/static-blogs.lasprovincias.es\/wp-content\/uploads\/sites\/18\/2019\/03\/IMG_9460.jpg 1535w\" sizes=\"(max-width: 1024px) 100vw, 1024px\" \/><\/a><\/p>\n<p>Bonachones son <strong>Los hermanos Rausell<\/strong>, que estar\u00edan de acuerdo conmigo que s\u00f3lo con su apellido la cosa ya suena a familia de Circo. Son de esos \u00a0que, como Fele, te hacen so\u00f1ar y volar (siempre volando). Su casa es un total espect\u00e1culo. Ya lo he dicho una vez y otra vez y una m\u00e1s. En mi \u00faltima visita, triunf\u00f3 Miguel en el papel de <strong>El<\/strong> <strong>Fortach\u00f3n<\/strong>. <span style=\"color: #ff0000;\"><strong>Bajo los focos<\/strong><\/span>, abri\u00f3 con destreza y delicadeza una lata de anchoas de la casa y de ella sali\u00f3 un ballet de sirenas escondidas bajo la piel de una anchoa. (De) las mejores sirenas del condado, dignas de guardar en la caja fuerte. (<span style=\"color: #808080;\">Pronto os volver\u00e9 a hablar de anchoas&#8230;. \u00bfverdad Loles? pero esa es otra historia&#8230; ah\u00ed queda)<\/span>.<\/p>\n<p><a href=\"https:\/\/static-blogs.lasprovincias.es\/wp-content\/uploads\/sites\/18\/2019\/03\/1552126643380.jpeg\"><img loading=\"lazy\" class=\"alignnone size-large wp-image-19060\" src=\"https:\/\/static-blogs.lasprovincias.es\/wp-content\/uploads\/sites\/18\/2019\/03\/1552126643380-1024x387.jpeg\" alt=\"1552126643380\" width=\"1024\" height=\"387\" srcset=\"https:\/\/static-blogs.lasprovincias.es\/wp-content\/uploads\/sites\/18\/2019\/03\/1552126643380-1024x387.jpeg 1024w, https:\/\/static-blogs.lasprovincias.es\/wp-content\/uploads\/sites\/18\/2019\/03\/1552126643380-300x113.jpeg 300w, https:\/\/static-blogs.lasprovincias.es\/wp-content\/uploads\/sites\/18\/2019\/03\/1552126643380-768x290.jpeg 768w\" sizes=\"(max-width: 1024px) 100vw, 1024px\" \/><\/a><\/p>\n<p>&nbsp;<\/p>\n<hr \/>\n<p>Tenemos en el circo ahora, en estado de gracia absoluto, a <strong>Bego\u00f1a Rodrigo<\/strong> (La Salita), metida a <strong>contorsionista<\/strong>. Es capaz, <strong><span style=\"color: #ff0000;\">bajo los focos<\/span><\/strong>, de colar su cocina en las entra\u00f1as de la tierra y con tub\u00e9rculos y ra\u00edces hacer magia y fiesta, donde acaban aflorando las emociones.<\/p>\n<p><a href=\"https:\/\/static-blogs.lasprovincias.es\/wp-content\/uploads\/sites\/18\/2019\/02\/4....principal-3.jpg\"><img loading=\"lazy\" class=\"alignnone size-large wp-image-18991\" src=\"https:\/\/static-blogs.lasprovincias.es\/wp-content\/uploads\/sites\/18\/2019\/02\/4....principal-3-1024x768.jpg\" alt=\"nfd\" width=\"1024\" height=\"768\" srcset=\"https:\/\/static-blogs.lasprovincias.es\/wp-content\/uploads\/sites\/18\/2019\/02\/4....principal-3.jpg 1024w, https:\/\/static-blogs.lasprovincias.es\/wp-content\/uploads\/sites\/18\/2019\/02\/4....principal-3-300x225.jpg 300w, https:\/\/static-blogs.lasprovincias.es\/wp-content\/uploads\/sites\/18\/2019\/02\/4....principal-3-768x576.jpg 768w\" sizes=\"(max-width: 1024px) 100vw, 1024px\" \/><\/a><\/p>\n<p>Son <strong>equilibristas<\/strong>, sobre el alambre, <strong>Carito y Germ\u00e1n<\/strong>, creando su propia propuesta, apostando sobre &#8216;el <strong>Fierro&#8217;<\/strong> por una cocina sincera, apasionada, repleta de retos y de ilusi\u00f3n donde todo es posible y el destello aparece cuando menos te lo esperas. (Ya van <strong>por la quinta versi\u00f3n<\/strong> de las cenas de su mesa y promete esta nueva actuaci\u00f3n).<\/p>\n<div id=\"attachment_9833\" style=\"width: 1034px\" class=\"wp-caption alignnone\"><a href=\"https:\/\/static-blogs.lasprovincias.es\/wp-content\/uploads\/sites\/18\/2016\/12\/CzK8oSPWEAA8W3w.jpg\"><img aria-describedby=\"caption-attachment-9833\" loading=\"lazy\" class=\"size-large wp-image-9833\" src=\"https:\/\/static-blogs.lasprovincias.es\/wp-content\/uploads\/sites\/18\/2016\/12\/CzK8oSPWEAA8W3w-1024x682.jpg\" alt=\"Foto cortes\u00eda Fierro. Eva, Germ\u00e1n y Carito. \" width=\"1024\" height=\"682\" srcset=\"https:\/\/static-blogs.lasprovincias.es\/wp-content\/uploads\/sites\/18\/2016\/12\/CzK8oSPWEAA8W3w-1024x682.jpg 1024w, https:\/\/static-blogs.lasprovincias.es\/wp-content\/uploads\/sites\/18\/2016\/12\/CzK8oSPWEAA8W3w-300x200.jpg 300w, https:\/\/static-blogs.lasprovincias.es\/wp-content\/uploads\/sites\/18\/2016\/12\/CzK8oSPWEAA8W3w-768x511.jpg 768w, https:\/\/static-blogs.lasprovincias.es\/wp-content\/uploads\/sites\/18\/2016\/12\/CzK8oSPWEAA8W3w.jpg 1200w\" sizes=\"(max-width: 1024px) 100vw, 1024px\" \/><\/a><p id=\"caption-attachment-9833\" class=\"wp-caption-text\">Foto cortes\u00eda Fierro. Eva, Germ\u00e1n y Carito.<\/p><\/div>\n<p>Son <strong>acr\u00f3batas<\/strong> sobre el Lienzo, <strong>Maria Jos\u00e9 y Juanjo,<\/strong> que ahora han emprendido un nuevo vuelo con su <strong>J\u00e8ra<\/strong> (que tengo pendiente descubrir). (Bar con sabores murcianos). Son de esos actores de la gastronom\u00eda que no cesan. Juanjo hace equilibrios subi\u00e9ndoselos sobre una botella para sacar de ella el mago de la emoci\u00f3n. Y ella, hace piruetas en los platos, creando e inventando, sin traicionar a la cocina que lleva dentro y con lo que va conquistando, paso a paso, aplausos y m\u00e1s aplausos.<\/p>\n<div id=\"attachment_18451\" style=\"width: 1034px\" class=\"wp-caption alignnone\"><a href=\"https:\/\/static-blogs.lasprovincias.es\/wp-content\/uploads\/sites\/18\/2019\/01\/lienzo-2.jpg\"><img aria-describedby=\"caption-attachment-18451\" loading=\"lazy\" class=\"size-large wp-image-18451\" src=\"https:\/\/static-blogs.lasprovincias.es\/wp-content\/uploads\/sites\/18\/2019\/01\/lienzo-2-1024x683.jpg\" alt=\"Restaurante Lienzo.\" width=\"1024\" height=\"683\" srcset=\"https:\/\/static-blogs.lasprovincias.es\/wp-content\/uploads\/sites\/18\/2019\/01\/lienzo-2.jpg 1024w, https:\/\/static-blogs.lasprovincias.es\/wp-content\/uploads\/sites\/18\/2019\/01\/lienzo-2-300x200.jpg 300w, https:\/\/static-blogs.lasprovincias.es\/wp-content\/uploads\/sites\/18\/2019\/01\/lienzo-2-768x512.jpg 768w\" sizes=\"(max-width: 1024px) 100vw, 1024px\" \/><\/a><p id=\"caption-attachment-18451\" class=\"wp-caption-text\">Restaurante Lienzo.<\/p><\/div>\n<p>Est\u00e1,<span style=\"color: #ff0000;\"><strong> bajo los focos de este circo<\/strong><\/span>, \u00a0<strong>el hombre paella<\/strong>, que es la bomba (como el arroz). <a href=\"https:\/\/blogs.lasprovincias.es\/historiascondelantal\/2019\/02\/22\/lavoe-el-arroz-merece-su-estrella\/\">Toni Boix y su Lavoe<\/a> es de los \u00faltimos espect\u00e1culos que he descubierto y me fascin\u00f3. Sin red, <em>of course<\/em>; sin acompa\u00f1amiento. Arroz a capela sin distracci\u00f3n. Sobre el fuego y hierro, emoci\u00f3n.<\/p>\n<p><a href=\"https:\/\/static-blogs.lasprovincias.es\/wp-content\/uploads\/sites\/18\/2019\/03\/1551990299404.jpeg\"><img loading=\"lazy\" class=\"alignnone size-large wp-image-19043\" src=\"https:\/\/static-blogs.lasprovincias.es\/wp-content\/uploads\/sites\/18\/2019\/03\/1551990299404-1024x768.jpeg\" alt=\"1551990299404\" width=\"1024\" height=\"768\" srcset=\"https:\/\/static-blogs.lasprovincias.es\/wp-content\/uploads\/sites\/18\/2019\/03\/1551990299404-1024x768.jpeg 1024w, https:\/\/static-blogs.lasprovincias.es\/wp-content\/uploads\/sites\/18\/2019\/03\/1551990299404-300x225.jpeg 300w, https:\/\/static-blogs.lasprovincias.es\/wp-content\/uploads\/sites\/18\/2019\/03\/1551990299404-768x576.jpeg 768w, https:\/\/static-blogs.lasprovincias.es\/wp-content\/uploads\/sites\/18\/2019\/03\/1551990299404.jpeg 2048w\" sizes=\"(max-width: 1024px) 100vw, 1024px\" \/><\/a><\/p>\n<p>Y hay <strong>un hombre bala<\/strong>, que es el que est\u00e1 viendo la trepidante ascensi\u00f3n.<span style=\"color: #ff0000;\"><strong> Ricard, siempre.<\/strong><\/span> Y otro ya sabes, que es el circo entero: hace magia y equilibrios; te cautiva y te hipnotiza, te mete en el mar y en el Montg\u00f3&#8230; Espect\u00e1culo en vena: <strong><span style=\"color: #ff0000;\">Quique Dacosta<span style=\"color: #333333;\">, que ya anda culminando por Londres su proyecto (muy esperado) arrocero. Inminente, ya&#8230;.<\/span> \u00a1Triple salto mortal!<\/span><\/strong><\/p>\n<div id=\"attachment_13335\" style=\"width: 1034px\" class=\"wp-caption alignnone\"><a href=\"https:\/\/static-blogs.lasprovincias.es\/wp-content\/uploads\/sites\/18\/2017\/09\/IMG_20170819_161113.jpg\"><img aria-describedby=\"caption-attachment-13335\" loading=\"lazy\" class=\"size-large wp-image-13335\" src=\"https:\/\/static-blogs.lasprovincias.es\/wp-content\/uploads\/sites\/18\/2017\/09\/IMG_20170819_161113-1024x768.jpg\" alt=\"Uno de los mejores arroces de la historia culinaria de Dacosta. \" width=\"1024\" height=\"768\" srcset=\"https:\/\/static-blogs.lasprovincias.es\/wp-content\/uploads\/sites\/18\/2017\/09\/IMG_20170819_161113.jpg 1024w, https:\/\/static-blogs.lasprovincias.es\/wp-content\/uploads\/sites\/18\/2017\/09\/IMG_20170819_161113-300x225.jpg 300w, https:\/\/static-blogs.lasprovincias.es\/wp-content\/uploads\/sites\/18\/2017\/09\/IMG_20170819_161113-768x576.jpg 768w\" sizes=\"(max-width: 1024px) 100vw, 1024px\" \/><\/a><p id=\"caption-attachment-13335\" class=\"wp-caption-text\">Uno de los mejores arroces de la historia culinaria de Dacosta.<\/p><\/div>\n<p>Pero ya te habl\u00e9 mucho de ellos. Y tantos m\u00e1s.\u00a0<strong>Ferruz<\/strong>, hecho ilusionista, le est\u00e1 sacando en <strong>BonAmb<\/strong>, el alma al arroz; <strong>Nazario<\/strong>, siempre mago, seguro que anda tramando cosas de otra dimensi\u00f3n en El Rodat (que s\u00ed, que sigue por all\u00e1); <strong>Bel\u00e9n Mira<\/strong>, que ahora hace de <strong>ilusionista con la cuchara<\/strong> a pie de mar, en Altea, aunque esa es una historia que me reservo y te debo contar con m\u00e1s tranquilidad&#8230;.<\/p>\n<p>&nbsp;<\/p>\n<p><strong><span style=\"color: #ff0000;\">Circo, y m\u00e1s circo.<\/span> <\/strong>Del bueno, del de verdad. Ese circo en el que esperamos a Bernd volver a verle participar. Circo entre mesas, barras, bares, casas de comidas y selectos restaurantes. Y en medio, alg\u00fan\u00a0clown como quien te escribe, que se queda embobado bajo los focos viendo un encantador de vinos que cada copa que te sirve vale por dos <strong>(Navarrete o Redrado, Romeralo o Rabasa<\/strong>) o un <b>Harry Houdini de la cocina, <\/b>capaz de hacer de sus platos m\u00e1quinas del tiempo y llevarte de este momento hura\u00f1o a los\u00a0califatos a trav\u00e9s de su<b> Noor.\u00a0<\/b><\/p>\n<p><a href=\"https:\/\/static-blogs.lasprovincias.es\/wp-content\/uploads\/sites\/18\/2019\/03\/1552083774804.jpeg\"><img loading=\"lazy\" class=\"alignnone size-large wp-image-19067\" src=\"https:\/\/static-blogs.lasprovincias.es\/wp-content\/uploads\/sites\/18\/2019\/03\/1552083774804-1024x768.jpeg\" alt=\"1552083774804\" width=\"1024\" height=\"768\" srcset=\"https:\/\/static-blogs.lasprovincias.es\/wp-content\/uploads\/sites\/18\/2019\/03\/1552083774804-1024x768.jpeg 1024w, https:\/\/static-blogs.lasprovincias.es\/wp-content\/uploads\/sites\/18\/2019\/03\/1552083774804-300x225.jpeg 300w, https:\/\/static-blogs.lasprovincias.es\/wp-content\/uploads\/sites\/18\/2019\/03\/1552083774804-768x576.jpeg 768w, https:\/\/static-blogs.lasprovincias.es\/wp-content\/uploads\/sites\/18\/2019\/03\/1552083774804.jpeg 2048w\" sizes=\"(max-width: 1024px) 100vw, 1024px\" \/><\/a><\/p>\n<p>So\u00f1ar bajo la carpa. Como <a href=\"https:\/\/blogs.lasprovincias.es\/historiascondelantal\/2018\/06\/04\/erase-una-vez-el-celler-de-can-roca\/\">Jordi Roca <\/a>haciendo destilar un libro viejo para crear un postre que te habla, precisamente, de todo esto. <span style=\"color: #ff0000;\"><strong>De espect\u00e1culos trepidantes en el circo del paladar<\/strong><\/span><\/p>\n<p><em><img loading=\"lazy\" class=\"alignnone size-large wp-image-19063\" src=\"https:\/\/static-blogs.lasprovincias.es\/wp-content\/uploads\/sites\/18\/2019\/03\/1552125311128-1-1024x683.jpeg\" alt=\"1552125311128\" width=\"1024\" height=\"683\" srcset=\"https:\/\/static-blogs.lasprovincias.es\/wp-content\/uploads\/sites\/18\/2019\/03\/1552125311128-1-1024x683.jpeg 1024w, https:\/\/static-blogs.lasprovincias.es\/wp-content\/uploads\/sites\/18\/2019\/03\/1552125311128-1-300x200.jpeg 300w, https:\/\/static-blogs.lasprovincias.es\/wp-content\/uploads\/sites\/18\/2019\/03\/1552125311128-1-768x512.jpeg 768w\" sizes=\"(max-width: 1024px) 100vw, 1024px\" \/><\/em><\/p>\n<hr \/>\n<p><i>(Tengo,\u00a0como los magos, unos ases en la manga para que el circo no cese: una cocinera que va de aprendiz pero que ya toca las estrellas; un lugar habitual, al que quer\u00eda volver casi dos a\u00f1os despu\u00e9s y ver qu\u00e9 magia flu\u00eda por ah\u00ed&#8230;. y un ni\u00f1o travieso que da piruetas por la barra y que se llama StreetXo, y del que ya te voy a escribir)<\/i><\/p>\n<p><a href=\"https:\/\/static-blogs.lasprovincias.es\/wp-content\/uploads\/sites\/18\/2019\/03\/1551818962174-1.jpeg\"><img loading=\"lazy\" class=\"alignnone size-large wp-image-19069\" src=\"https:\/\/static-blogs.lasprovincias.es\/wp-content\/uploads\/sites\/18\/2019\/03\/1551818962174-1-1024x768.jpeg\" alt=\"1551818962174\" width=\"1024\" height=\"768\" srcset=\"https:\/\/static-blogs.lasprovincias.es\/wp-content\/uploads\/sites\/18\/2019\/03\/1551818962174-1-1024x768.jpeg 1024w, https:\/\/static-blogs.lasprovincias.es\/wp-content\/uploads\/sites\/18\/2019\/03\/1551818962174-1-300x225.jpeg 300w, https:\/\/static-blogs.lasprovincias.es\/wp-content\/uploads\/sites\/18\/2019\/03\/1551818962174-1-768x576.jpeg 768w, https:\/\/static-blogs.lasprovincias.es\/wp-content\/uploads\/sites\/18\/2019\/03\/1551818962174-1.jpeg 2048w\" sizes=\"(max-width: 1024px) 100vw, 1024px\" \/><\/a><\/p>\n<p>Espero que sigan disfrutando bajo los focos. Y, como escribe Graves -otra vez Robert-:<\/p>\n<h3 style=\"text-align: center;\">&#8220;en el mejor caso, poetas; en el peor, hechiceros&#8221;<\/h3>\n<p><a href=\"https:\/\/static-blogs.lasprovincias.es\/wp-content\/uploads\/sites\/18\/2019\/03\/1552125229641.jpeg\"><img loading=\"lazy\" class=\"size-large wp-image-19071\" src=\"https:\/\/static-blogs.lasprovincias.es\/wp-content\/uploads\/sites\/18\/2019\/03\/1552125229641-1024x683.jpeg\" alt=\"{&quot;total_effects_actions&quot;:0,&quot;total_draw_time&quot;:0,&quot;layers_used&quot;:0,&quot;effects_tried&quot;:0,&quot;total_draw_actions&quot;:0,&quot;total_editor_actions&quot;:{&quot;border&quot;:0,&quot;frame&quot;:0,&quot;mask&quot;:0,&quot;lensflare&quot;:0,&quot;clipart&quot;:0,&quot;square_fit&quot;:0,&quot;text&quot;:0,&quot;shape_mask&quot;:0,&quot;callout&quot;:0},&quot;effects_applied&quot;:0,&quot;uid&quot;:&quot;7822F03B-0880-4C22-839F-DADE9670D5C4_1552125164421&quot;,&quot;width&quot;:3888,&quot;photos_added&quot;:0,&quot;total_effects_time&quot;:0,&quot;tools_used&quot;:{&quot;tilt_shift&quot;:0,&quot;resize&quot;:0,&quot;adjust&quot;:0,&quot;curves&quot;:0,&quot;motion&quot;:0,&quot;perspective&quot;:0,&quot;clone&quot;:0,&quot;crop&quot;:0,&quot;flip_rotate&quot;:0,&quot;selection&quot;:0,&quot;enhance&quot;:0,&quot;free_crop&quot;:0,&quot;shape_crop&quot;:0,&quot;stretch&quot;:0},&quot;source&quot;:&quot;editor&quot;,&quot;origin&quot;:&quot;gallery&quot;,&quot;height&quot;:2592,&quot;subsource&quot;:&quot;done_button&quot;,&quot;total_editor_time&quot;:0,&quot;brushes_used&quot;:0}\" width=\"1024\" height=\"683\" srcset=\"https:\/\/static-blogs.lasprovincias.es\/wp-content\/uploads\/sites\/18\/2019\/03\/1552125229641-1024x683.jpeg 1024w, https:\/\/static-blogs.lasprovincias.es\/wp-content\/uploads\/sites\/18\/2019\/03\/1552125229641-300x200.jpeg 300w, https:\/\/static-blogs.lasprovincias.es\/wp-content\/uploads\/sites\/18\/2019\/03\/1552125229641-768x512.jpeg 768w, https:\/\/static-blogs.lasprovincias.es\/wp-content\/uploads\/sites\/18\/2019\/03\/1552125229641.jpeg 1600w\" sizes=\"(max-width: 1024px) 100vw, 1024px\" \/><\/a><\/p>\n<hr \/>\n<p>&nbsp;<\/p>\n<p>&nbsp;<\/p>\n<p><a href=\"https:\/\/static-blogs.lasprovincias.es\/wp-content\/uploads\/sites\/18\/2019\/03\/1517262949218.jpeg\"><img loading=\"lazy\" class=\"alignnone size-large wp-image-19028\" src=\"https:\/\/static-blogs.lasprovincias.es\/wp-content\/uploads\/sites\/18\/2019\/03\/1517262949218-1024x768.jpeg\" alt=\"1517262949218\" width=\"1024\" height=\"768\" srcset=\"https:\/\/static-blogs.lasprovincias.es\/wp-content\/uploads\/sites\/18\/2019\/03\/1517262949218-1024x768.jpeg 1024w, https:\/\/static-blogs.lasprovincias.es\/wp-content\/uploads\/sites\/18\/2019\/03\/1517262949218-300x225.jpeg 300w, https:\/\/static-blogs.lasprovincias.es\/wp-content\/uploads\/sites\/18\/2019\/03\/1517262949218-768x576.jpeg 768w, https:\/\/static-blogs.lasprovincias.es\/wp-content\/uploads\/sites\/18\/2019\/03\/1517262949218.jpeg 2048w\" sizes=\"(max-width: 1024px) 100vw, 1024px\" \/><\/a><\/p>\n<p>&nbsp;<\/p>\n<!-- AddThis Advanced Settings generic via filter on the_content --><!-- AddThis Share Buttons generic via filter on the_content -->","protected":false},"excerpt":{"rendered":"<p>Bajo los focos:\u00a0fortachones que abren latas donde duermen sirenas; domadores que hacen piruetas con las ostras; contorsionistas que meten la cabeza bajo tierra y sacan, de ella, magia. Y magos, magos que llenan de historias su espect\u00e1culo: un plato de vigilia que est\u00e1 de pecado, unas patatas (rat\u00f3n) con ojera y rabo, un plato que [&hellip;]<!-- AddThis Advanced Settings generic via filter on get_the_excerpt --><!-- AddThis Share Buttons generic via filter on get_the_excerpt --><\/p>\n","protected":false},"author":23,"featured_media":19070,"comment_status":"open","ping_status":"open","sticky":false,"template":"","format":"standard","meta":[],"categories":[3,4,5,1],"tags":[1430,1320,121,122,1661,1662,434,524,639,672,772,902,1663],"_links":{"self":[{"href":"https:\/\/blogs.lasprovincias.es\/historiascondelantal\/wp-json\/wp\/v2\/posts\/19032"}],"collection":[{"href":"https:\/\/blogs.lasprovincias.es\/historiascondelantal\/wp-json\/wp\/v2\/posts"}],"about":[{"href":"https:\/\/blogs.lasprovincias.es\/historiascondelantal\/wp-json\/wp\/v2\/types\/post"}],"author":[{"embeddable":true,"href":"https:\/\/blogs.lasprovincias.es\/historiascondelantal\/wp-json\/wp\/v2\/users\/23"}],"replies":[{"embeddable":true,"href":"https:\/\/blogs.lasprovincias.es\/historiascondelantal\/wp-json\/wp\/v2\/comments?post=19032"}],"version-history":[{"count":19,"href":"https:\/\/blogs.lasprovincias.es\/historiascondelantal\/wp-json\/wp\/v2\/posts\/19032\/revisions"}],"predecessor-version":[{"id":19083,"href":"https:\/\/blogs.lasprovincias.es\/historiascondelantal\/wp-json\/wp\/v2\/posts\/19032\/revisions\/19083"}],"wp:featuredmedia":[{"embeddable":true,"href":"https:\/\/blogs.lasprovincias.es\/historiascondelantal\/wp-json\/wp\/v2\/media\/19070"}],"wp:attachment":[{"href":"https:\/\/blogs.lasprovincias.es\/historiascondelantal\/wp-json\/wp\/v2\/media?parent=19032"}],"wp:term":[{"taxonomy":"category","embeddable":true,"href":"https:\/\/blogs.lasprovincias.es\/historiascondelantal\/wp-json\/wp\/v2\/categories?post=19032"},{"taxonomy":"post_tag","embeddable":true,"href":"https:\/\/blogs.lasprovincias.es\/historiascondelantal\/wp-json\/wp\/v2\/tags?post=19032"}],"curies":[{"name":"wp","href":"https:\/\/api.w.org\/{rel}","templated":true}]}}