{"id":19350,"date":"2019-04-27T20:57:07","date_gmt":"2019-04-27T18:57:07","guid":{"rendered":"https:\/\/blogs.lasprovincias.es\/historiascondelantal\/?p=19350"},"modified":"2019-04-28T11:54:51","modified_gmt":"2019-04-28T09:54:51","slug":"la-biblioteca-pantagruelica-devorar-libros-leer-platos","status":"publish","type":"post","link":"https:\/\/blogs.lasprovincias.es\/historiascondelantal\/2019\/04\/27\/la-biblioteca-pantagruelica-devorar-libros-leer-platos\/","title":{"rendered":"La biblioteca pantagru\u00e9lica: devorar libros, leer platos"},"content":{"rendered":"<p style=\"text-align: right;\"><em><span style=\"color: #808080;\">\u00ab&#8230;<\/span><strong>una olla de algo m\u00e1s vaca que carnero<\/strong><span style=\"color: #baa06c;\"><span style=\"color: #808080;\">, salpic\u00f3n las m\u00e1s noches, duelos y quebrantos los s\u00e1bados, lentejas los viernes, alg\u00fan palomino de a\u00f1adidura los domingos\u00bb<\/span><\/span><\/em><\/p>\n<p style=\"text-align: right;\"><span style=\"color: #808080;\"><em><strong>&#8216;Don Quijote de La Mancha&#8217;.<\/strong> Miguel de Cervantes<\/em><\/span><\/p>\n<p style=\"text-align: left;\"><strong>Hay un lugar donde los libros se devoran y los platos se leen<\/strong>. <strong>Un lugar donde las palabras se pochan y los cocineros escriben <em>best-sellers<\/em>\u00a0con emulsiones y sesudos ensayos con regusto a percebes. Hay un lugar donde gotean las comas y las frases humean entre estantes y bibliotecas yuxtapuestas. Un lugar donde el mantel es el papel sobre el que se escriben mil historias con delantal.\u00a0Es <span style=\"color: #ab1010;\">la biblioteca pantagru\u00e9lica, aquella que apila historias en tu paladar y guisos en la memoria<\/span>. <\/strong>\u00a0<strong>Quijotes con tenedor; cazuelas con rimas.\u00a0<\/strong><\/p>\n<p style=\"text-align: left;\"><a href=\"https:\/\/static-blogs.lasprovincias.es\/wp-content\/uploads\/sites\/18\/2019\/04\/1556049496589.jpeg\"><img loading=\"lazy\" class=\"alignnone size-large wp-image-19382\" src=\"https:\/\/static-blogs.lasprovincias.es\/wp-content\/uploads\/sites\/18\/2019\/04\/1556049496589-1024x772.jpeg\" alt=\"Historias con delantal\" width=\"1024\" height=\"772\" srcset=\"https:\/\/static-blogs.lasprovincias.es\/wp-content\/uploads\/sites\/18\/2019\/04\/1556049496589-1024x772.jpeg 1024w, https:\/\/static-blogs.lasprovincias.es\/wp-content\/uploads\/sites\/18\/2019\/04\/1556049496589-300x226.jpeg 300w, https:\/\/static-blogs.lasprovincias.es\/wp-content\/uploads\/sites\/18\/2019\/04\/1556049496589-768x579.jpeg 768w, https:\/\/static-blogs.lasprovincias.es\/wp-content\/uploads\/sites\/18\/2019\/04\/1556049496589.jpeg 2048w\" sizes=\"(max-width: 1024px) 100vw, 1024px\" \/><\/a><\/p>\n<hr \/>\n<h3><span style=\"color: #baa06c;\"><strong>p.<\/strong><\/span><\/h3>\n<p><span style=\"color: #baa06c;\">PR\u00d3LOGO.<\/span>\u00a0<span style=\"color: #baa06c;\"><em>Del\u00a0<span style=\"color: #baa06c;\"><abbr title=\"griego\">gr.<\/abbr><\/span>\u00a0\u03c0\u03c1\u03cc\u03bb\u03bf\u03b3\u03bf\u03c2\u00a0pr\u00f3logos.\u00a0<\/em><\/span><\/p>\n<p>\u00c9ste es un relato sin m\u00e1s. Una historia en la que la sal se a\u00fana con la tinta y el cuchillo con el teclado para poner en valor el libro y el fuego (a la par). Como si ambos fueran la misma cosa. <strong>Una biblioteca de sabores. Una despensa de relatos.<\/strong> Todo tan hiperb\u00f3lico como el mism\u00edsimo Pantagruel. Ahora que estamos en la semana de la feria, de Sant Jordi y de la oda al leer, abrimos esta biblioteca donde se come papel. Y qu\u00e9 corran los sue\u00f1os como caballos sobre el fuego y las letras fermenten entre <em>papardelles<\/em> de pergamino.<\/p>\n<div id=\"attachment_11118\" style=\"width: 1034px\" class=\"wp-caption alignnone\"><a href=\"https:\/\/static-blogs.lasprovincias.es\/wp-content\/uploads\/sites\/18\/2017\/03\/1200526903.jpg\"><img aria-describedby=\"caption-attachment-11118\" loading=\"lazy\" class=\"wp-image-11118 size-large\" src=\"https:\/\/static-blogs.lasprovincias.es\/wp-content\/uploads\/sites\/18\/2017\/03\/1200526903-1024x647.jpg\" alt=\"A1-1200526903.jpg\" width=\"1024\" height=\"647\" srcset=\"https:\/\/static-blogs.lasprovincias.es\/wp-content\/uploads\/sites\/18\/2017\/03\/1200526903-1024x647.jpg 1024w, https:\/\/static-blogs.lasprovincias.es\/wp-content\/uploads\/sites\/18\/2017\/03\/1200526903-300x190.jpg 300w, https:\/\/static-blogs.lasprovincias.es\/wp-content\/uploads\/sites\/18\/2017\/03\/1200526903-768x485.jpg 768w\" sizes=\"(max-width: 1024px) 100vw, 1024px\" \/><\/a><p id=\"caption-attachment-11118\" class=\"wp-caption-text\"><span style=\"color: #808080;\"><strong>MUEZ. <\/strong><em>Era una cafeter\u00eda en la que los libros se com\u00edan las mesas. O al rev\u00e9s. Para nuestra pena, cerr\u00f3. <\/em><\/span><\/p><\/div>\n<hr \/>\n<h3><span style=\"color: #baa06c;\"><strong>\u00a0a.<\/strong><\/span><\/h3>\n<p><span style=\"color: #baa06c;\">ARROZ. Del <abbr title=\"\u00e1rabe hisp\u00e1nico\">\u00e1r. hisp.<\/abbr> <em>arr\u00e1wz,<\/em> este del <abbr title=\"\u00e1rabe cl\u00e1sico\">\u00e1r. cl\u00e1s.<\/abbr> <em>\u0101ruz[z]<\/em> o <em>aruz[z],<\/em> este del <abbr title=\"griego\">gr.<\/abbr> \u1f44\u03c1\u03c5\u03b6\u03b1 <em>\u00f3ryza,<\/em> y este del tamil <em>arici.<\/em><\/span><\/p>\n<p><strong>Devorar libros. Leer platos. Y volverlos a releer.\u00a0<\/strong>Una feria de las palabras comestibles, una alacena de los cuentos golosos, un frasco de acentos garapi\u00f1ados. Literatura con cuchillo. La sopa de letras que escribe relatos flotando sobre delicados caldos.<\/p>\n<p>Escribir es cocinar exclamando, bramando, acariciando. Cocinar es escribir con trazo firme, reflexionado, cortando, pensando, catando. Sorbos de frases empapadas en vino. Poemas guisados a fuego lento. Fresas \u00e1cidas como los versos de despedida de un suicida. Cartas de amor a la pepitoria, que Cyrano firmar\u00eda. Un guiso de arroz que es como el relato de un viaje a un valle, a un pueblo, a un humedal que acaricia el mar&#8230;\u00a0<strong><span style=\"color: #ab1010;\">Arroz de cenizas\u2217.<\/span> <\/strong><span style=\"color: #baa06c;\">(Por <a style=\"color: #baa06c;\" href=\"https:\/\/blogs.lasprovincias.es\/historiascondelantal\/2018\/11\/23\/los-secretos-de-llisa-negra-el-ultimo-sueno-de-dacosta\/\">Quique Dacosta<\/a>. Para tomar, quiz\u00e1s, con un\u00a0\u00a0<em>Ch\u00e2teau Chalon 2004 Jean Macle, A.O.C. Jura, <\/em>recomendar\u00eda Manuela Romeralo).<\/span> La Albufera, la quema de la paja, <strong>&#8216;Ca\u00f1as y Barro&#8217;. Blasco Ib\u00e1\u00f1ez.<\/strong><\/p>\n<blockquote><p><span style=\"color: #baa06c;\"><em>\u201cSe asomaban a la puerta con paso vacilante, pues los m\u00e1s de ellos estaban ebrios despu\u00e9s de haber comido con los cazadores.<\/em><\/span><\/p>\n<p><span style=\"color: #baa06c;\"><em>\u2014Sangonera, Fill meu! Com est\u00e1s?&#8221;<\/em><\/span><\/p><\/blockquote>\n<div id=\"attachment_19365\" style=\"width: 1034px\" class=\"wp-caption alignnone\"><a href=\"https:\/\/static-blogs.lasprovincias.es\/wp-content\/uploads\/sites\/18\/2019\/04\/Arroz-Cenizas.jpg\"><img aria-describedby=\"caption-attachment-19365\" loading=\"lazy\" class=\"wp-image-19365 size-large\" src=\"https:\/\/static-blogs.lasprovincias.es\/wp-content\/uploads\/sites\/18\/2019\/04\/Arroz-Cenizas-1024x584.jpg\" alt=\"arroz-cenizas\" width=\"1024\" height=\"584\" srcset=\"https:\/\/static-blogs.lasprovincias.es\/wp-content\/uploads\/sites\/18\/2019\/04\/Arroz-Cenizas-1024x584.jpg 1024w, https:\/\/static-blogs.lasprovincias.es\/wp-content\/uploads\/sites\/18\/2019\/04\/Arroz-Cenizas-300x171.jpg 300w, https:\/\/static-blogs.lasprovincias.es\/wp-content\/uploads\/sites\/18\/2019\/04\/Arroz-Cenizas-768x438.jpg 768w, https:\/\/static-blogs.lasprovincias.es\/wp-content\/uploads\/sites\/18\/2019\/04\/Arroz-Cenizas.jpg 1500w\" sizes=\"(max-width: 1024px) 100vw, 1024px\" \/><\/a><p id=\"caption-attachment-19365\" class=\"wp-caption-text\"><span style=\"color: #808080;\">Imagen cortes\u00eda Quique Dacosta.<\/span><\/p><\/div>\n<p style=\"text-align: center;\"><span style=\"color: #baa06c;\">\u2022<\/span><\/p>\n<p style=\"text-align: center;\"><span style=\"color: #baa06c;\"><em>El arroz con Pitu de <a href=\"https:\/\/blogs.lasprovincias.es\/historiascondelantal\/2018\/11\/24\/casa-marcial-su-territorio-y-los-amigos-de-nacho-manzano\/\">Nacho Manzano<\/a> (1) con &#8216;<strong>La lluvia amarilla<\/strong>&#8216; de <strong>Julio Llamazares<\/strong>. El sancocho (2) de <strong>Junior Franco<\/strong> con las calles de <strong>Macondo<\/strong> atravesadas por Melquiades, con dos grandes imanes empujados con las mano. El conejo blanco de <strong>Alicia<\/strong> -que legaba tarde- y acab\u00f3 con su paletilla adobado en un lienzo de ese<strong> StreetXo<\/strong>, an\u00e1rquico (3). &#8220;Llego tarde, llego tarde&#8230;&#8221;<\/em><\/span><\/p>\n<blockquote><p><a href=\"https:\/\/static-blogs.lasprovincias.es\/wp-content\/uploads\/sites\/18\/2018\/12\/40.-Arroz-de-pitu-caleya.-Casa-Marcial.jpg\"><img loading=\"lazy\" class=\"alignnone size-large wp-image-18349\" src=\"https:\/\/static-blogs.lasprovincias.es\/wp-content\/uploads\/sites\/18\/2018\/12\/40.-Arroz-de-pitu-caleya.-Casa-Marcial-1024x768.jpg\" alt=\"Casa Marcial\" width=\"1024\" height=\"768\" srcset=\"https:\/\/static-blogs.lasprovincias.es\/wp-content\/uploads\/sites\/18\/2018\/12\/40.-Arroz-de-pitu-caleya.-Casa-Marcial.jpg 1024w, https:\/\/static-blogs.lasprovincias.es\/wp-content\/uploads\/sites\/18\/2018\/12\/40.-Arroz-de-pitu-caleya.-Casa-Marcial-300x225.jpg 300w, https:\/\/static-blogs.lasprovincias.es\/wp-content\/uploads\/sites\/18\/2018\/12\/40.-Arroz-de-pitu-caleya.-Casa-Marcial-768x576.jpg 768w\" sizes=\"(max-width: 1024px) 100vw, 1024px\" \/><\/a><span style=\"color: #808080;\">1.<strong>ARROZ PITU.<\/strong> Casa Marcial. Asturias abierta en canal.\u00a0<\/span><\/p>\n<p><span style=\"color: #808080;\"><em>&#8220;A veces, uno cree que todo lo ha olvidado, que el \u00f3xido y el polvo de los a\u00f1os han destruido ya completamente lo que, a su voracidad, un d\u00eda confiamos. Pero basta un sonido, un olor, un tacto repentino e inesperado, para que, de repente, el aluvi\u00f3n del tiempo caiga sin compasi\u00f3n sobre nosotros y la memoria se ilumine con el brillo y la rabia de un rel\u00e1mpago<\/em>&#8221;\u00a0 <strong>La Lluvia Amarilla. Julio Llamazares.<\/strong> Editorial Seix Barral.\u00a0<\/span><\/p>\n<p>&nbsp;<\/p><\/blockquote>\n<blockquote>\n<div id=\"attachment_19368\" style=\"width: 1034px\" class=\"wp-caption alignnone\"><a href=\"https:\/\/static-blogs.lasprovincias.es\/wp-content\/uploads\/sites\/18\/2019\/04\/sancocho.jpg\"><img aria-describedby=\"caption-attachment-19368\" loading=\"lazy\" class=\"size-large wp-image-19368\" src=\"https:\/\/static-blogs.lasprovincias.es\/wp-content\/uploads\/sites\/18\/2019\/04\/sancocho-1024x768.jpg\" alt=\"2. SANCOCHO. Para\u00edso Travel. Comerse un domingo colombiano. \" width=\"1024\" height=\"768\" srcset=\"https:\/\/static-blogs.lasprovincias.es\/wp-content\/uploads\/sites\/18\/2019\/04\/sancocho.jpg 1024w, https:\/\/static-blogs.lasprovincias.es\/wp-content\/uploads\/sites\/18\/2019\/04\/sancocho-300x225.jpg 300w, https:\/\/static-blogs.lasprovincias.es\/wp-content\/uploads\/sites\/18\/2019\/04\/sancocho-768x576.jpg 768w\" sizes=\"(max-width: 1024px) 100vw, 1024px\" \/><\/a><p id=\"caption-attachment-19368\" class=\"wp-caption-text\"><span style=\"color: #808080;\"><strong>2. SANCOCHO.<\/strong><\/span> <span style=\"color: #808080;\">Para\u00edso Travel. Comerse un domingo colombiano.<\/span><\/p><\/div>\n<p><span style=\"color: #808080;\">&#8220;<em>Fue de casa en casa arrastrando dos lingotes met\u00e1licos, y todo el mundo se espant\u00f3 al ver que los calderos, las pailas, las tenazas y los anafes\u00a0se ca\u00edan de su sitio&#8230;<\/em>&#8221; <strong>&#8216;Cien a\u00f1os de Soledad&#8217;. Gabriel Garc\u00eda M\u00e1rquez.<\/strong><\/span><\/p>\n<p>&nbsp;<\/p>\n<p><a href=\"https:\/\/static-blogs.lasprovincias.es\/wp-content\/uploads\/sites\/18\/2019\/04\/IMG_20190127_213627-1.jpeg\"><img loading=\"lazy\" class=\"size-large wp-image-19370\" src=\"https:\/\/static-blogs.lasprovincias.es\/wp-content\/uploads\/sites\/18\/2019\/04\/IMG_20190127_213627-1-1024x768.jpeg\" alt=\"PALETILLA DE CONEJO. StreetXo. Llego tarde, llego tarde...\" width=\"1024\" height=\"768\" srcset=\"https:\/\/static-blogs.lasprovincias.es\/wp-content\/uploads\/sites\/18\/2019\/04\/IMG_20190127_213627-1-1024x768.jpeg 1024w, https:\/\/static-blogs.lasprovincias.es\/wp-content\/uploads\/sites\/18\/2019\/04\/IMG_20190127_213627-1-300x225.jpeg 300w, https:\/\/static-blogs.lasprovincias.es\/wp-content\/uploads\/sites\/18\/2019\/04\/IMG_20190127_213627-1-768x576.jpeg 768w\" sizes=\"(max-width: 1024px) 100vw, 1024px\" \/><\/a><\/p>\n<p><span style=\"color: #808080;\"><strong>3.PALETILLA DE CONEJO.<\/strong> StreetXo. Llego tarde, llego tarde&#8230;<\/span><\/p>\n<p><span style=\"color: #808080;\">&#8220;<em>Sigue al conejo blanco&#8221;<\/em>. <strong>Alicia en el Pa\u00eds de las Maravillas. Lewis Carroll.\u00a0<\/strong><\/span><\/p><\/blockquote>\n<hr \/>\n<h3><span style=\"color: #baa06c;\"><strong>d.<\/strong><\/span><\/h3>\n<p><span style=\"color: #baa06c;\">DULCE. Del <abbr title=\"lat\u00edn\">lat.<\/abbr> <em>dulcis.<\/em><\/span><\/p>\n<p><strong>Devorar libros. Leer platos.<\/strong><strong> Releer a Proust<\/strong> como hizo <a href=\"https:\/\/blogs.lasprovincias.es\/historiascondelantal\/2018\/06\/04\/erase-una-vez-el-celler-de-can-roca\/\">Jordi Roca (o los Roca) <\/a>en su men\u00fa del Celler -todos en pie-. Un destilado de libro viejo, un postre que te lleva al bollo que te hace volar, la memoria en la cocina, los recuerdos, los sabores de anta\u00f1o&#8230; Todo ello, lo a\u00f1ejo y el sentimiento, fluyendo por un postre que m\u00e1s que rico -que tambi\u00e9n- era todo un universo literario, una biblioteca de reflexiones, de relatos, de historias&#8230;<\/p>\n<p><em style=\"color: #baa06c;\"><img loading=\"lazy\" class=\"alignnone size-large wp-image-19386\" src=\"https:\/\/static-blogs.lasprovincias.es\/wp-content\/uploads\/sites\/18\/2019\/04\/base2-1024x615.jpg\" alt=\"CELLER DE CAN ROCA\" width=\"1024\" height=\"615\" srcset=\"https:\/\/static-blogs.lasprovincias.es\/wp-content\/uploads\/sites\/18\/2019\/04\/base2.jpg 1024w, https:\/\/static-blogs.lasprovincias.es\/wp-content\/uploads\/sites\/18\/2019\/04\/base2-300x180.jpg 300w, https:\/\/static-blogs.lasprovincias.es\/wp-content\/uploads\/sites\/18\/2019\/04\/base2-768x461.jpg 768w\" sizes=\"(max-width: 1024px) 100vw, 1024px\" \/><span style=\"color: #808080;\">\u00abEn el mismo instante en que aquel trago, con las migas del bollo, toc\u00f3 mi paladar, me estremec\u00ed\u2026\u00bb\u00a0<\/span><\/em><span style=\"color: #808080;\"><strong style=\"color: #baa06c;\">&#8220;En busca del tiempo perdido&#8221;. Marcel Proust.\u00a0<\/strong><\/span><\/p>\n<p><a href=\"https:\/\/static-blogs.lasprovincias.es\/wp-content\/uploads\/sites\/18\/2019\/04\/7.dulces-el-importante2.jpg\"><img loading=\"lazy\" class=\"alignnone size-large wp-image-19388\" src=\"https:\/\/static-blogs.lasprovincias.es\/wp-content\/uploads\/sites\/18\/2019\/04\/7.dulces-el-importante2-738x1024.jpg\" alt=\"CELLER\" width=\"738\" height=\"1024\" srcset=\"https:\/\/static-blogs.lasprovincias.es\/wp-content\/uploads\/sites\/18\/2019\/04\/7.dulces-el-importante2.jpg 738w, https:\/\/static-blogs.lasprovincias.es\/wp-content\/uploads\/sites\/18\/2019\/04\/7.dulces-el-importante2-216x300.jpg 216w\" sizes=\"(max-width: 738px) 100vw, 738px\" \/><\/a><\/p>\n<p><span style=\"color: #808080;\"><em>&#8220;\u00bfC\u00f3mo es que existe el sol? \u00bfPor qu\u00e9 est\u00e1 tan alto que no se puede alcanzar? \u00bfY por qu\u00e9 se esconde en el mar? \u00bfNo tiene miedo de ahogarse?&#8221;<\/em><strong> &#8216;Viajes con Her\u00f3doto&#8217;. Ryszard Kapuscinski. Editorial Anagrama.<\/strong><\/span><\/p>\n<p><a href=\"https:\/\/static-blogs.lasprovincias.es\/wp-content\/uploads\/sites\/18\/2019\/04\/7.-dulces-el-importante.jpg\"><img loading=\"lazy\" class=\"alignnone size-large wp-image-19387\" src=\"https:\/\/static-blogs.lasprovincias.es\/wp-content\/uploads\/sites\/18\/2019\/04\/7.-dulces-el-importante-1024x683.jpg\" alt=\"CELLER\" width=\"1024\" height=\"683\" srcset=\"https:\/\/static-blogs.lasprovincias.es\/wp-content\/uploads\/sites\/18\/2019\/04\/7.-dulces-el-importante.jpg 1024w, https:\/\/static-blogs.lasprovincias.es\/wp-content\/uploads\/sites\/18\/2019\/04\/7.-dulces-el-importante-300x200.jpg 300w, https:\/\/static-blogs.lasprovincias.es\/wp-content\/uploads\/sites\/18\/2019\/04\/7.-dulces-el-importante-768x512.jpg 768w\" sizes=\"(max-width: 1024px) 100vw, 1024px\" \/><\/a><\/p>\n<p>&nbsp;<\/p>\n<p>Los postres de Jordi Roca suelen esconder esa impronta literaria siempre palpitando en su interior. Al menos, los que yo he probado. Un verso al atardecer en el <strong><span style=\"color: #ab1010;\"><em>sky line<\/em> de su Girona<\/span><\/strong>. Un viaje al centro de la tierra, al Universo, es su bola c\u00edtrica&#8230;\u00a0Al final de la partida: un <strong>Julio Verne<\/strong> goloso, que hace de cada una de sus propuestas <strong>una aventura para el paladar, una traves\u00eda para el cerebro, una reflexi\u00f3n escarchada en dulce<\/strong>.<\/p>\n<blockquote><p><strong><a href=\"https:\/\/static-blogs.lasprovincias.es\/wp-content\/uploads\/sites\/18\/2019\/04\/7.dulces6.jpg\"><img loading=\"lazy\" class=\"alignnone size-large wp-image-19389\" src=\"https:\/\/static-blogs.lasprovincias.es\/wp-content\/uploads\/sites\/18\/2019\/04\/7.dulces6-1024x550.jpg\" alt=\"Celler\" width=\"1024\" height=\"550\" srcset=\"https:\/\/static-blogs.lasprovincias.es\/wp-content\/uploads\/sites\/18\/2019\/04\/7.dulces6.jpg 1024w, https:\/\/static-blogs.lasprovincias.es\/wp-content\/uploads\/sites\/18\/2019\/04\/7.dulces6-300x161.jpg 300w, https:\/\/static-blogs.lasprovincias.es\/wp-content\/uploads\/sites\/18\/2019\/04\/7.dulces6-768x413.jpg 768w\" sizes=\"(max-width: 1024px) 100vw, 1024px\" \/><\/a><\/strong><\/p>\n<p><strong style=\"color: #808080;\">ANARKIA.<\/strong><span style=\"color: #808080;\"> S<\/span><em style=\"color: #808080;\">oberbia enciclopedia de lo goloso; una obra de arte de<\/em> <strong style=\"color: #808080;\">Montagud Editores<\/strong><span style=\"color: #808080;\"> q<\/span><i style=\"color: #808080;\">ue te excita s\u00f3lo al acariciarla. Busco en ella una frase&#8230;\u00a0<\/i><span style=\"color: #808080;\"><span style=\"caret-color: #808080;\"><i>encuentro<\/i><\/span><\/span><i style=\"color: #808080;\">\u00a0palabras y nos fundimos como el chocolate.<\/i><\/p>\n<p><span style=\"color: #baa06c;\"><strong><em>-Perfume, vino, producto, paisaje, humor, cromatismo, memoria, innovaci\u00f3n&#8230; libertad, dulce, poes\u00eda.<\/em><\/strong><\/span><\/p>\n<p>&nbsp;<\/p>\n<p><a href=\"https:\/\/static-blogs.lasprovincias.es\/wp-content\/uploads\/sites\/18\/2019\/04\/anarkia-jordi-roca-portada.jpg\"><img loading=\"lazy\" class=\"alignnone size-full wp-image-19390\" src=\"https:\/\/static-blogs.lasprovincias.es\/wp-content\/uploads\/sites\/18\/2019\/04\/anarkia-jordi-roca-portada.jpg\" alt=\"anarkia-jordi-roca-portada\" width=\"626\" height=\"702\" srcset=\"https:\/\/static-blogs.lasprovincias.es\/wp-content\/uploads\/sites\/18\/2019\/04\/anarkia-jordi-roca-portada.jpg 626w, https:\/\/static-blogs.lasprovincias.es\/wp-content\/uploads\/sites\/18\/2019\/04\/anarkia-jordi-roca-portada-268x300.jpg 268w\" sizes=\"(max-width: 626px) 100vw, 626px\" \/><\/a><\/p>\n<p>&nbsp;<\/p><\/blockquote>\n<p style=\"text-align: center;\"><span style=\"color: #baa06c;\">\u2022<\/span><\/p>\n<p style=\"text-align: center;\"><span style=\"color: #baa06c;\"><em>Los p\u00e9talos blancos de <strong>Dacosta (1)\u00a0<\/strong> y <strong>Alfanhu\u00ed<\/strong> llenado de colores las hojas del casta\u00f1o con su maestro. La nieve de <strong>L&#8217;Escaleta (2)<\/strong>, blanca como la protagonista de las <strong>Memorias de una Geisha<\/strong>. La brioche de <strong>Habitual<\/strong> (3) que firma Camarena y Valle-Incl\u00e1n escribiendo en el <strong>Caf\u00e9 Gij\u00f3n<\/strong>. \u00a0En la biblioteca, &#8216;Romance de Lobos, comedia b\u00e1rbara&#8221;<\/em><\/span><\/p>\n<p style=\"text-align: center;\"><a href=\"https:\/\/static-blogs.lasprovincias.es\/wp-content\/uploads\/sites\/18\/2018\/12\/46.-Flores-blancas.-Quique-dacosta.jpg\"><img loading=\"lazy\" class=\"alignnone size-full wp-image-18355\" src=\"https:\/\/static-blogs.lasprovincias.es\/wp-content\/uploads\/sites\/18\/2018\/12\/46.-Flores-blancas.-Quique-dacosta.jpg\" alt=\"46-flores-blancas-quique-dacosta\" width=\"940\" height=\"639\" srcset=\"https:\/\/static-blogs.lasprovincias.es\/wp-content\/uploads\/sites\/18\/2018\/12\/46.-Flores-blancas.-Quique-dacosta.jpg 940w, https:\/\/static-blogs.lasprovincias.es\/wp-content\/uploads\/sites\/18\/2018\/12\/46.-Flores-blancas.-Quique-dacosta-300x204.jpg 300w, https:\/\/static-blogs.lasprovincias.es\/wp-content\/uploads\/sites\/18\/2018\/12\/46.-Flores-blancas.-Quique-dacosta-768x522.jpg 768w\" sizes=\"(max-width: 940px) 100vw, 940px\" \/><\/a><\/p>\n<hr \/>\n<h3><span style=\"color: #baa06c;\"><strong>c.<\/strong><\/span><\/h3>\n<p><span style=\"color: #baa06c;\">CAF\u00c9. Del <abbr title=\"italiano\">it.<\/abbr> <em>caffe,<\/em> este del turco <em>kahve,<\/em> y este del <abbr title=\"\u00e1rabe cl\u00e1sico\">\u00e1r. cl\u00e1s.<\/abbr> <em>qahwah.<\/em><\/span><\/p>\n<p><strong>Devorar libros. Leer platos.<\/strong><strong>\u00a0Tomar caf\u00e9 con letras.\u00a0<\/strong>Los caf\u00e9s tienes el aroma literario navegando entre las mesas. Siempre so\u00f1\u00e9 con montar uno de ellos.<span style=\"color: #333333;\"> Lo bautizar\u00eda &#8216;Siete ballenas&#8217;. Aunque ese es otro relato. Literario. <\/span>Siete ballenas por cada uno de los siete que escrib\u00edan poemas en sus mesas a golpes de caf\u00e9s, vinos, destiler\u00edas de letras&#8230; Un caf\u00e9 rimbombante, como el de <a href=\"https:\/\/blogs.lasprovincias.es\/historiascondelantal\/2016\/07\/07\/el-sofisticado-cafe-de-las-horas\/\">Las Horas <\/a>(Valencia).<\/p>\n<p><a href=\"https:\/\/static-blogs.lasprovincias.es\/wp-content\/uploads\/sites\/18\/2016\/07\/LF1XVXJ1.jpg\"><img loading=\"lazy\" class=\"alignnone size-large wp-image-8070\" src=\"https:\/\/static-blogs.lasprovincias.es\/wp-content\/uploads\/sites\/18\/2016\/07\/LF1XVXJ1-1024x565.jpg\" alt=\"DOCU_LP\" width=\"1024\" height=\"565\" srcset=\"https:\/\/static-blogs.lasprovincias.es\/wp-content\/uploads\/sites\/18\/2016\/07\/LF1XVXJ1-1024x565.jpg 1024w, https:\/\/static-blogs.lasprovincias.es\/wp-content\/uploads\/sites\/18\/2016\/07\/LF1XVXJ1-300x165.jpg 300w, https:\/\/static-blogs.lasprovincias.es\/wp-content\/uploads\/sites\/18\/2016\/07\/LF1XVXJ1-768x423.jpg 768w\" sizes=\"(max-width: 1024px) 100vw, 1024px\" \/><\/a><\/p>\n<p>&nbsp;<\/p>\n<p>En cualquier caso, caf\u00e9s que transmiten algo m\u00e1s que la pura hosteler\u00eda: espacios que hablan, que cuentan cosa, repletos de aromas, boller\u00edas&#8230; Caf\u00e9 en los que se escucha la m\u00fasica templada, la conversaci\u00f3n relajada.<\/p>\n<blockquote><p><span style=\"color: #808080;\"><em>&#8220;Siempre he cre\u00eddo que hay lugares que son imanes y te atraen si pasas por las inmediaciones&#8221;. <\/em><strong>&#8216;En el caf\u00e9 de la Juventud perdida&#8217;. Patrick Modiano. Editorial Anagrama<\/strong><\/span><\/p><\/blockquote>\n<p>Recuerdo el aroma del caf\u00e9 verdadero como algo letal. Potente, casi adictivo. Como el que sirve <a href=\"https:\/\/blogs.lasprovincias.es\/historiascondelantal\/2016\/05\/14\/donde-tomar-un-buen-cafe-en-valencia\/\">Retrogusto<\/a>, en el<strong> mercado Central<\/strong>. Caf\u00e9 verdadero danzando entre la huerta y sus paradas, los pescados que te llevan al mar, las carnes, los quesos <strong>de<\/strong> <strong>Manglano o de Solaz<\/strong>. Y las especias de Domingo: el azafr\u00e1n, la canela, el clavo, las pimientas y la nuez moscada, que levanta un plato. Y hasta el alma.<\/p>\n<div id=\"attachment_9808\" style=\"width: 1034px\" class=\"wp-caption alignnone\"><a href=\"https:\/\/static-blogs.lasprovincias.es\/wp-content\/uploads\/sites\/18\/2016\/12\/56897427.jpg\"><img aria-describedby=\"caption-attachment-9808\" loading=\"lazy\" class=\"wp-image-9808 size-large\" src=\"https:\/\/static-blogs.lasprovincias.es\/wp-content\/uploads\/sites\/18\/2016\/12\/56897427-1024x683.jpg\" alt=\"M\" width=\"1024\" height=\"683\" srcset=\"https:\/\/static-blogs.lasprovincias.es\/wp-content\/uploads\/sites\/18\/2016\/12\/56897427.jpg 1024w, https:\/\/static-blogs.lasprovincias.es\/wp-content\/uploads\/sites\/18\/2016\/12\/56897427-300x200.jpg 300w, https:\/\/static-blogs.lasprovincias.es\/wp-content\/uploads\/sites\/18\/2016\/12\/56897427-768x512.jpg 768w\" sizes=\"(max-width: 1024px) 100vw, 1024px\" \/><\/a><p id=\"caption-attachment-9808\" class=\"wp-caption-text\"><span style=\"color: #808080;\">ESPECIAS. Foto Juanjo Monz\u00f3.<\/span><\/p><\/div>\n<p style=\"text-align: center;\"><span style=\"color: #baa06c;\">\u2022<\/span><\/p>\n<p style=\"text-align: center;\"><i style=\"color: #baa06c;\">La pasta que no es (o s\u00ed) de <\/i><strong style=\"color: #baa06c; font-style: italic;\">Disfrutar<\/strong><i style=\"color: #baa06c;\">\u00a0(1) como <\/i><strong style=\"color: #baa06c; font-style: italic;\">Harry Potter<\/strong><i style=\"color: #baa06c;\"> y toda su banda jugando a hacer magia (cuando todo empezaba). Las cerezas con caballa de <\/i><strong style=\"color: #baa06c; font-style: italic;\">Sa\u00f3<\/strong><i style=\"color: #baa06c;\">, hermosas como un poema &#8216;<\/i><span style=\"color: #baa06c;\"><span style=\"caret-color: #baa06c;\"><i>gallego<\/i><\/span><\/span><i style=\"color: #baa06c;\">&#8216; de Lorca. El caf\u00e9 con chocolate caliente de <\/i><a href=\"https:\/\/blogs.lasprovincias.es\/historiascondelantal\/2019\/02\/10\/santceloni-dialogos-con-la-excelencia\/\"><strong style=\"color: #baa06c; font-style: italic;\">SantCeloni<\/strong><\/a><i style=\"color: #baa06c;\">, digno de un poema de Gelman.<\/i><\/p>\n<blockquote>\n<p style=\"text-align: center;\"><a href=\"https:\/\/static-blogs.lasprovincias.es\/wp-content\/uploads\/sites\/18\/2018\/12\/43.-Macarrones-carbonara.-Disfrutar.jpg\"><img loading=\"lazy\" class=\"alignnone size-large wp-image-18352\" src=\"https:\/\/static-blogs.lasprovincias.es\/wp-content\/uploads\/sites\/18\/2018\/12\/43.-Macarrones-carbonara.-Disfrutar-1024x683.jpg\" alt=\"43-macarrones-carbonara-disfrutar\" width=\"1024\" height=\"683\" srcset=\"https:\/\/static-blogs.lasprovincias.es\/wp-content\/uploads\/sites\/18\/2018\/12\/43.-Macarrones-carbonara.-Disfrutar.jpg 1024w, https:\/\/static-blogs.lasprovincias.es\/wp-content\/uploads\/sites\/18\/2018\/12\/43.-Macarrones-carbonara.-Disfrutar-300x200.jpg 300w, https:\/\/static-blogs.lasprovincias.es\/wp-content\/uploads\/sites\/18\/2018\/12\/43.-Macarrones-carbonara.-Disfrutar-768x512.jpg 768w\" sizes=\"(max-width: 1024px) 100vw, 1024px\" \/><\/a><\/p>\n<\/blockquote>\n<blockquote><p><span class=\"whole-read-more\" style=\"color: #808080;\" data-can-replace-url=\"phrase\" data-url-param-0=\"jk-rowling-en-caso-de-duda-ve-a-la-biblioteca\" data-query=\"utm_source=internal&amp;utm_medium=link&amp;utm_campaign=phrase_snippet_wholetext\">\u201c<em>En caso de duda, ve a la bibliotec<\/em>a\u201d <strong>Harry Potter y la C\u00e1mara Secreta. J. K. Rowling<\/strong><\/span><\/p>\n<p><a href=\"https:\/\/static-blogs.lasprovincias.es\/wp-content\/uploads\/sites\/18\/2018\/12\/18.-Caballa-con-cerezas-y-aguacate.-sa\u00f3.jpg\"><img loading=\"lazy\" class=\"alignnone size-large wp-image-18327\" src=\"https:\/\/static-blogs.lasprovincias.es\/wp-content\/uploads\/sites\/18\/2018\/12\/18.-Caballa-con-cerezas-y-aguacate.-sa\u00f3-1024x683.jpg\" alt=\"18-caballa-con-cerezas-y-aguacate-sao\" width=\"1024\" height=\"683\" srcset=\"https:\/\/static-blogs.lasprovincias.es\/wp-content\/uploads\/sites\/18\/2018\/12\/18.-Caballa-con-cerezas-y-aguacate.-sa\u00f3.jpg 1024w, https:\/\/static-blogs.lasprovincias.es\/wp-content\/uploads\/sites\/18\/2018\/12\/18.-Caballa-con-cerezas-y-aguacate.-sa\u00f3-300x200.jpg 300w, https:\/\/static-blogs.lasprovincias.es\/wp-content\/uploads\/sites\/18\/2018\/12\/18.-Caballa-con-cerezas-y-aguacate.-sa\u00f3-768x512.jpg 768w\" sizes=\"(max-width: 1024px) 100vw, 1024px\" \/><\/a><\/p>\n<p><span style=\"color: #808080;\"><em>&#8220;\u00a1\u00c9rguete mica amiga \/ que xa cantan os galos do dia! \u00a1\u00c9rguete mica amada \/ porque o vento muse, como unha vaca!&#8221;<\/em> <strong>&#8216;Seis poemas galegos de Federico Garc\u00eda Lorca. Editorial Ara Solis<\/strong><\/span><\/p>\n<p><a href=\"https:\/\/static-blogs.lasprovincias.es\/wp-content\/uploads\/sites\/18\/2019\/02\/IMG_20190129_010230.jpg\"><img loading=\"lazy\" class=\"alignnone size-large wp-image-18799\" src=\"https:\/\/static-blogs.lasprovincias.es\/wp-content\/uploads\/sites\/18\/2019\/02\/IMG_20190129_010230-1024x768.jpg\" alt=\"SANTCELONI\" width=\"1024\" height=\"768\" srcset=\"https:\/\/static-blogs.lasprovincias.es\/wp-content\/uploads\/sites\/18\/2019\/02\/IMG_20190129_010230-1024x768.jpg 1024w, https:\/\/static-blogs.lasprovincias.es\/wp-content\/uploads\/sites\/18\/2019\/02\/IMG_20190129_010230-300x225.jpg 300w, https:\/\/static-blogs.lasprovincias.es\/wp-content\/uploads\/sites\/18\/2019\/02\/IMG_20190129_010230-768x576.jpg 768w, https:\/\/static-blogs.lasprovincias.es\/wp-content\/uploads\/sites\/18\/2019\/02\/IMG_20190129_010230.jpg 1500w\" sizes=\"(max-width: 1024px) 100vw, 1024px\" \/><\/a><\/p>\n<p><span style=\"color: #808080;\"><em>&#8220;Tal vez el mundo cabe en la cocina\/ donde hablamos del hijo.\/ El futuro es un rostro, un dulce nombre,\/ una sangre en camino a este camino&#8221;.<\/em> <strong>De &#8216;Amor se dice de un extra\u00f1o modo&#8217; Otromundo. Antolog\u00eda 1956-2007. Juan Gelman. Edita Fondo de Cultura Econ\u00f3mica.<\/strong> (Lo acabo de comprar&#8230; una joyita).<\/span><\/p>\n<p>&nbsp;<\/p><\/blockquote>\n<hr \/>\n<h3><span style=\"color: #baa06c;\"><strong>l.<\/strong><\/span><\/h3>\n<p><span style=\"color: #baa06c;\"><span style=\"caret-color: #baa06c;\">LIBRO. Del <abbr title=\"lat\u00edn\">lat.<\/abbr> <em>liber, libri.<\/em><\/span><\/span><\/p>\n<p><strong>Devorar libros. Leer platos.<\/strong><strong>\u00a0Libros volando por las paredes<\/strong>, algunos que quieren ser irreverentes, en el <a href=\"https:\/\/blogs.lasprovincias.es\/historiascondelantal\/2018\/07\/14\/dabiz-munoz-la-bacanal-del-funambulista\/\">Diverxo<\/a> latente de Madrid. Libros en las estanter\u00edas de la <a href=\"https:\/\/blogs.lasprovincias.es\/historiascondelantal\/2019\/04\/20\/la-taula-de-yoon-el-coreano-que-seduce-ruzafa\/\">Taula de Yoo<\/a>n (con sabor coreano), \u00a0que es un viaje por el mundo de t\u00fa a t\u00fa. Libros en <strong>Saiti<\/strong> que te saludan; libros en <b>casa de Camarena, biblioteca con trompeta<\/b>. Libros por los restaurantes que quieren hacerse leer, vivir, comer.<\/p>\n<p style=\"text-align: center;\"><span style=\"color: #808080;\">DIVERXO.<\/span><\/p>\n<p><a href=\"https:\/\/static-blogs.lasprovincias.es\/wp-content\/uploads\/sites\/18\/2019\/04\/1531059823015.jpeg\"><img loading=\"lazy\" class=\"alignnone size-large wp-image-19394\" src=\"https:\/\/static-blogs.lasprovincias.es\/wp-content\/uploads\/sites\/18\/2019\/04\/1531059823015.jpeg\" alt=\"1531059823015\" width=\"800\" height=\"450\" srcset=\"https:\/\/static-blogs.lasprovincias.es\/wp-content\/uploads\/sites\/18\/2019\/04\/1531059823015.jpeg 800w, https:\/\/static-blogs.lasprovincias.es\/wp-content\/uploads\/sites\/18\/2019\/04\/1531059823015-300x169.jpeg 300w, https:\/\/static-blogs.lasprovincias.es\/wp-content\/uploads\/sites\/18\/2019\/04\/1531059823015-768x432.jpeg 768w\" sizes=\"(max-width: 800px) 100vw, 800px\" \/><\/a><\/p>\n<p style=\"text-align: center;\"><span style=\"color: #808080;\">BOMBAS GENS. CAMARENA.<\/span><\/p>\n<p><a href=\"https:\/\/static-blogs.lasprovincias.es\/wp-content\/uploads\/sites\/18\/2019\/04\/IMG_1343.jpg\"><img loading=\"lazy\" class=\"alignnone size-large wp-image-19392\" src=\"https:\/\/static-blogs.lasprovincias.es\/wp-content\/uploads\/sites\/18\/2019\/04\/IMG_1343-1024x745.jpg\" alt=\"Ricard Camarena\" width=\"1024\" height=\"745\" srcset=\"https:\/\/static-blogs.lasprovincias.es\/wp-content\/uploads\/sites\/18\/2019\/04\/IMG_1343-1024x745.jpg 1024w, https:\/\/static-blogs.lasprovincias.es\/wp-content\/uploads\/sites\/18\/2019\/04\/IMG_1343-300x218.jpg 300w, https:\/\/static-blogs.lasprovincias.es\/wp-content\/uploads\/sites\/18\/2019\/04\/IMG_1343-768x559.jpg 768w, https:\/\/static-blogs.lasprovincias.es\/wp-content\/uploads\/sites\/18\/2019\/04\/IMG_1343.jpg 1790w\" sizes=\"(max-width: 1024px) 100vw, 1024px\" \/><\/a><\/p>\n<p>Libros en los restaurantes. Y restaurantes en los libros. <strong>Les Cols, <a href=\"https:\/\/blogs.lasprovincias.es\/historiascondelantal\/2019\/01\/01\/doce-cucharadas-y-un-festin-de-libros\/\">Punto MX<\/a>, Sollo&#8230;<\/strong> A la espera de que <strong>Paco Morales<\/strong> destape las tapas de su arte impreso y nos llegue el perfume de Noor. (Todo de nuevo de Montagud).<\/p>\n<p>&nbsp;<\/p>\n<p style=\"text-align: center;\"><a href=\"https:\/\/static-blogs.lasprovincias.es\/wp-content\/uploads\/sites\/18\/2019\/04\/punto-mx-portada.jpg\"><img loading=\"lazy\" class=\"alignnone size-full wp-image-19395\" src=\"https:\/\/static-blogs.lasprovincias.es\/wp-content\/uploads\/sites\/18\/2019\/04\/punto-mx-portada.jpg\" alt=\"punto-mx-portada\" width=\"608\" height=\"702\" srcset=\"https:\/\/static-blogs.lasprovincias.es\/wp-content\/uploads\/sites\/18\/2019\/04\/punto-mx-portada.jpg 608w, https:\/\/static-blogs.lasprovincias.es\/wp-content\/uploads\/sites\/18\/2019\/04\/punto-mx-portada-260x300.jpg 260w\" sizes=\"(max-width: 608px) 100vw, 608px\" \/><\/a><\/p>\n<p style=\"text-align: left;\">Libros, y m\u00e1s libros. De recetas o recetados. Para leer o para querer. Para intr\u00e9pidos. Como <strong>&#8216;La Cocina de los Valientes&#8217;<\/strong>\u00a0de <strong>Pau Aren\u00f3s<\/strong>, que en su edici\u00f3n ampliada acaba de editar <strong>Penguin Random House Editorial.<\/strong> Joyaza, sin duda. Te destaco c\u00f3mo comienza la presentaci\u00f3n de esta nueva edici\u00f3n. Vale la pena leerla&#8230; Y luego zamparse a bocados todo lo que viene detr\u00e1s&#8230; \ud83d\ude09<\/p>\n<blockquote>\n<p style=\"text-align: left;\"><span style=\"color: #808080;\"><em>&#8220;Hubo un tiempo en el que la gente iba al restaurante con hambre, ilusi\u00f3n y curiosidad. La experiencia se contaba despu\u00e9s con los recuerdos, sin importar las imprecisiones. Solo los profesionales tomaban nota&#8230;. \u00a0Esa minor\u00eda se ha transformado en legi\u00f3n y la llegada de un plato a un mantel es celebrada con alzamiento de m\u00f3viles&#8221;<\/em><\/span><\/p>\n<\/blockquote>\n<p style=\"text-align: left;\">Disfruten de Pau Aren\u00f3s, el de Castell\u00f3n en su salsa.<\/p>\n<p style=\"text-align: left;\"><a href=\"https:\/\/static-blogs.lasprovincias.es\/wp-content\/uploads\/sites\/18\/2019\/04\/IMG_0578.jpg\"><img loading=\"lazy\" class=\"alignnone size-large wp-image-19396\" src=\"https:\/\/static-blogs.lasprovincias.es\/wp-content\/uploads\/sites\/18\/2019\/04\/IMG_0578-1024x768.jpg\" alt=\"La Cocina de los Valientes\" width=\"1024\" height=\"768\" srcset=\"https:\/\/static-blogs.lasprovincias.es\/wp-content\/uploads\/sites\/18\/2019\/04\/IMG_0578-1024x768.jpg 1024w, https:\/\/static-blogs.lasprovincias.es\/wp-content\/uploads\/sites\/18\/2019\/04\/IMG_0578-300x225.jpg 300w, https:\/\/static-blogs.lasprovincias.es\/wp-content\/uploads\/sites\/18\/2019\/04\/IMG_0578-768x576.jpg 768w, https:\/\/static-blogs.lasprovincias.es\/wp-content\/uploads\/sites\/18\/2019\/04\/IMG_0578.jpg 2000w\" sizes=\"(max-width: 1024px) 100vw, 1024px\" \/><\/a><\/p>\n<hr \/>\n<p><span style=\"color: #baa06c;\"><strong>p.<\/strong><\/span><\/p>\n<p><span style=\"color: #baa06c;\">PASADO. <abbr title=\"Del participio de\">Del part. de<\/abbr> <em>pasar.<\/em><\/span><\/p>\n<p><strong>Devorar libros. Leer platos.\u00a0El pasado cocinado.<\/strong>\u00a0Como empez\u00f3 haciendo <a href=\"https:\/\/blogs.lasprovincias.es\/historiascondelantal\/2017\/10\/07\/lengua-cerebro-cartilago-sucede-estrena-el-menu-de-los-osados\/\">Sucede <\/a>con el desembarco de <strong>Miguel \u00c1ngel Mayor<\/strong> en Valencia. <strong>La historia de aquella Valentia. (<\/strong><em>Pendiente ando el volver a ver qu\u00e9 ha sido de \u00e9l, de aquel men\u00fa y de aquella historia que entr\u00f3 en la ciudad como un terremoto de frescura)<\/em>. Pasado y futuro de la mano. <strong><span style=\"color: #baa06c;\">As\u00ed se pintaba su relato&#8230;<\/span><\/strong><\/p>\n<p><a href=\"https:\/\/static-blogs.lasprovincias.es\/wp-content\/uploads\/sites\/18\/2019\/04\/1a863176-d73e-4692-acfa-c58f5d390627.jpg\"><img loading=\"lazy\" class=\"alignnone size-large wp-image-19398\" src=\"https:\/\/static-blogs.lasprovincias.es\/wp-content\/uploads\/sites\/18\/2019\/04\/1a863176-d73e-4692-acfa-c58f5d390627-1024x576.jpg\" alt=\"1a863176-d73e-4692-acfa-c58f5d390627\" width=\"1024\" height=\"576\" srcset=\"https:\/\/static-blogs.lasprovincias.es\/wp-content\/uploads\/sites\/18\/2019\/04\/1a863176-d73e-4692-acfa-c58f5d390627-1024x576.jpg 1024w, https:\/\/static-blogs.lasprovincias.es\/wp-content\/uploads\/sites\/18\/2019\/04\/1a863176-d73e-4692-acfa-c58f5d390627-300x169.jpg 300w, https:\/\/static-blogs.lasprovincias.es\/wp-content\/uploads\/sites\/18\/2019\/04\/1a863176-d73e-4692-acfa-c58f5d390627-768x432.jpg 768w, https:\/\/static-blogs.lasprovincias.es\/wp-content\/uploads\/sites\/18\/2019\/04\/1a863176-d73e-4692-acfa-c58f5d390627.jpg 1600w\" sizes=\"(max-width: 1024px) 100vw, 1024px\" \/><\/a><\/p>\n<p><strong><span style=\"color: #baa06c;\">y as\u00ed se cocinaba&#8230;\u00a0<\/span><\/strong><\/p>\n<div id=\"attachment_19399\" style=\"width: 1034px\" class=\"wp-caption alignnone\"><a href=\"https:\/\/static-blogs.lasprovincias.es\/wp-content\/uploads\/sites\/18\/2019\/04\/FOTOSVARIADASSUCEDE-364.jpg\"><img aria-describedby=\"caption-attachment-19399\" loading=\"lazy\" class=\"size-large wp-image-19399\" src=\"https:\/\/static-blogs.lasprovincias.es\/wp-content\/uploads\/sites\/18\/2019\/04\/FOTOSVARIADASSUCEDE-364-1024x768.jpg\" alt=\"LECHECILLAS Y HUEVAS DE CABALLA.\" width=\"1024\" height=\"768\" srcset=\"https:\/\/static-blogs.lasprovincias.es\/wp-content\/uploads\/sites\/18\/2019\/04\/FOTOSVARIADASSUCEDE-364.jpg 1024w, https:\/\/static-blogs.lasprovincias.es\/wp-content\/uploads\/sites\/18\/2019\/04\/FOTOSVARIADASSUCEDE-364-300x225.jpg 300w, https:\/\/static-blogs.lasprovincias.es\/wp-content\/uploads\/sites\/18\/2019\/04\/FOTOSVARIADASSUCEDE-364-768x576.jpg 768w\" sizes=\"(max-width: 1024px) 100vw, 1024px\" \/><\/a><p id=\"caption-attachment-19399\" class=\"wp-caption-text\"><span style=\"color: #808080;\">LECHECILLAS Y HUEVAS DE CABALLA.<\/span><\/p><\/div>\n<p>Ese pasado cocinado que nos vuelve a llevar hasta Paco. Morales, claro. \u00c9l, su equipo y ese\u00a0<a href=\"https:\/\/blogs.lasprovincias.es\/historiascondelantal\/2017\/07\/15\/noor-el-gran-festin-andalusi\/\">Noor<\/a> que no ha parado de cautivar paladares con sus historias del califato. A\u00fan recuerdo feliz su\u00a0<strong>cardo blanco con alcachofas y acelgas guisadas, acompa\u00f1adas de una emulsi\u00f3n de cilantro y lim\u00f3n en salmuera.<\/strong><\/p>\n<p><a href=\"https:\/\/static-blogs.lasprovincias.es\/wp-content\/uploads\/sites\/18\/2019\/04\/IMG_0922-1280x853-2-1024x682.jpg\"><img loading=\"lazy\" class=\"alignnone size-large wp-image-19400\" src=\"https:\/\/static-blogs.lasprovincias.es\/wp-content\/uploads\/sites\/18\/2019\/04\/IMG_0922-1280x853-2-1024x682-1024x682.jpg\" alt=\"img_0922-1280x853-2-1024x682\" width=\"1024\" height=\"682\" srcset=\"https:\/\/static-blogs.lasprovincias.es\/wp-content\/uploads\/sites\/18\/2019\/04\/IMG_0922-1280x853-2-1024x682.jpg 1024w, https:\/\/static-blogs.lasprovincias.es\/wp-content\/uploads\/sites\/18\/2019\/04\/IMG_0922-1280x853-2-1024x682-300x200.jpg 300w, https:\/\/static-blogs.lasprovincias.es\/wp-content\/uploads\/sites\/18\/2019\/04\/IMG_0922-1280x853-2-1024x682-768x512.jpg 768w\" sizes=\"(max-width: 1024px) 100vw, 1024px\" \/><\/a><\/p>\n<blockquote><p><span style=\"color: #808080;\"><em>&#8220;Se abre la rosa, alza el la\u00fad la voz, \/ llora la flauta, y a veces gime, \/ mientras los comensales comparten la boca\/ unidos por los lazos del amor&#8221;<\/em>.<strong> &#8216;Cantar al vino&#8217; Abu Nuw\u00e1s. Editorial C\u00e1tedra. Letras Universales<\/strong><\/span><\/p><\/blockquote>\n<p>La cocina y el pasado est\u00e1n tan atadas como los versos del 747 de <strong>Abu Nuw\u00e1s<\/strong> al vino.<strong> La gastronom\u00eda y la literatura siempre de la mano.<\/strong> Temas de Hoy recopila en un libro, de hace ya de unos a\u00f1os, las<strong> &#8216;Notas de cocina de Leonardo da Vinci&#8217;<\/strong> (ahora que hacen quinientos a\u00f1os de su muerte). All\u00ed te hablan del misterioso <strong>Codex Romanoff,<\/strong> donde te\u00f3ricamente el genio hizo sus anotaciones culinarias. Y en ellas encontrar\u00e1s de artilugios a recetas siderales que quiz\u00e1s fueran ahora muy actuales:<\/p>\n<blockquote><p><span style=\"color: #808080;\"><strong>Nabos incomestibles, intestinos hervidos, puerco esp\u00edn o oso<\/strong>:<em> &#8220;no quiero tratar el tema de la forma de cocinar osos. Sin embargo, dejadme aconsejar a todos aquellos con poco cabello que la grasa de oso, si se frotan con ella la cabeza, evitarla que lo sigan perdiendo&#8230;&#8221; \u00a0<\/em>(TOMO NOTA!!!)\u00a0<strong>&#8216;Notas de cocina de Leonardo&#8217;. Temas de hoy.<\/strong><\/span><\/p><\/blockquote>\n<div id=\"attachment_14961\" style=\"width: 1034px\" class=\"wp-caption alignnone\"><a href=\"https:\/\/static-blogs.lasprovincias.es\/wp-content\/uploads\/sites\/18\/2018\/02\/1403831889.jpg\"><img aria-describedby=\"caption-attachment-14961\" loading=\"lazy\" class=\"size-large wp-image-14961\" src=\"https:\/\/static-blogs.lasprovincias.es\/wp-content\/uploads\/sites\/18\/2018\/02\/1403831889-1024x683.jpg\" alt=\"Comunidad Valenciana Valencia 13\/01\/2018. ESCULTOR QUE UTILIZA MATERIAL DE COCINA RECICLADO. EN EL RTE JOAQUIN SCHMIDT. Fotografia de Manuel Molines.\" width=\"1024\" height=\"683\" srcset=\"https:\/\/static-blogs.lasprovincias.es\/wp-content\/uploads\/sites\/18\/2018\/02\/1403831889.jpg 1024w, https:\/\/static-blogs.lasprovincias.es\/wp-content\/uploads\/sites\/18\/2018\/02\/1403831889-300x200.jpg 300w, https:\/\/static-blogs.lasprovincias.es\/wp-content\/uploads\/sites\/18\/2018\/02\/1403831889-768x512.jpg 768w\" sizes=\"(max-width: 1024px) 100vw, 1024px\" \/><\/a><p id=\"caption-attachment-14961\" class=\"wp-caption-text\"><span style=\"color: #808080;\">ARTILUGIOS. <a href=\"https:\/\/blogs.lasprovincias.es\/historiascondelantal\/2018\/02\/02\/benjamin-carreres-el-geppetto-de-las-cazuelas\/\">Benjam\u00edn Carreres<\/a>, a lo Leonardo, crea a partir de artilugios sus esculturas. Es otra forma de crear historias, de dotar de vida lo que est\u00e1 dormido.<\/span><\/p><\/div>\n<h3><\/h3>\n<hr \/>\n<h3><span style=\"color: #baa06c;\">t.<\/span><\/h3>\n<p><span style=\"color: #baa06c;\">TIERRA.Del <abbr title=\"lat\u00edn\">lat.<\/abbr> <em>terra.<\/em><\/span><\/p>\n<p>Los platos est\u00e1n llenos de historias que hablan del pasado, de las ra\u00edces y de la tierra. Y hay libros que te hablan de todo ello con energ\u00eda. Del recetario de <a href=\"https:\/\/blogs.lasprovincias.es\/historiascondelantal\/2017\/10\/29\/las-recetas-de-fray-altamiras-la-mejor-tortilla-de-papa-y-el-frasquito-de-aduriz\/\">Juan Altamiras <\/a>(que ha reeditado <strong>Vicky Hayward<\/strong>) a las recetas de <strong>Pepe Carvahlo<\/strong>, que public\u00f3 <strong>Planeta<\/strong> y es una delicia. De <strong>&#8216;La cuina de les Comtesses&#8217;<\/strong> que acaba de publicar Paco Alonso a esa cocina de la mafia, que se sent\u00f3 en la mesa de la mano de <strong>Jacques Kermoal y Martine Bartolomei.<\/strong>.. \u00a0con cosas tan maravillosas como:<\/p>\n<blockquote><p><span style=\"color: #808080;\"><em>MEN\u00da N\u00ba2<\/em><\/span><\/p>\n<p><span style=\"color: #808080;\"><em>12 DE MARZO DE 1909, \u00a0comida privada que el diputado Petrani ofreci\u00f3 a Don Vito Cascio Ferro en su casa de Palermo.<\/em><\/span><\/p>\n<p><span style=\"color: #808080;\"><em>Aceitunas asadas<\/em><\/span><\/p>\n<p><span style=\"color: #808080;\"><em>Judias a la menta<\/em><\/span><\/p>\n<p><span style=\"color: #808080;\"><em>Salmonetes a las semillas de hinojo (&#8230;)<\/em><\/span><\/p><\/blockquote>\n<p>Historias de un pueblo. Como cuenta cada plato de <strong>Vicente Pati\u00f1o<\/strong>. <a href=\"https:\/\/blogs.lasprovincias.es\/historiascondelantal\/2018\/12\/02\/sucar-asalto-a-la-tradicion\/\">Sangre y cebolla<\/a> (como un poema de <strong>Miguel Hern\u00e1ndez<\/strong>). Como susurra una coca llevada a la excelencia en aquel puente seco, el <a href=\"https:\/\/blogs.lasprovincias.es\/historiascondelantal\/2018\/05\/19\/pont-sec-y-pep-romany-mucho-mas-que-coques\/\">Pont Sec<\/a> de <strong>Pep Romany,<\/strong> que parece una tierra que te quiera desvelar sus memorias. O como narra sus historias la tabla de tub\u00e9rculos que te ofrece <a href=\"https:\/\/blogs.lasprovincias.es\/historiascondelantal\/2019\/02\/24\/begona-rodrigo-piel-raiz-y-esencia\/\">Bego\u00f1a Rodrigo<\/a> en <strong>La Salita<\/strong> y que es un particular viaje al centro de la Tierra.<\/p>\n<p><a href=\"https:\/\/static-blogs.lasprovincias.es\/wp-content\/uploads\/sites\/18\/2019\/02\/4..principal.jpg\"><img loading=\"lazy\" class=\"alignnone size-large wp-image-18992\" src=\"https:\/\/static-blogs.lasprovincias.es\/wp-content\/uploads\/sites\/18\/2019\/02\/4..principal-1024x768.jpg\" alt=\"Bego\u00f1a Rodrigo- Trelis\" width=\"1024\" height=\"768\" srcset=\"https:\/\/static-blogs.lasprovincias.es\/wp-content\/uploads\/sites\/18\/2019\/02\/4..principal.jpg 1024w, https:\/\/static-blogs.lasprovincias.es\/wp-content\/uploads\/sites\/18\/2019\/02\/4..principal-300x225.jpg 300w, https:\/\/static-blogs.lasprovincias.es\/wp-content\/uploads\/sites\/18\/2019\/02\/4..principal-768x576.jpg 768w\" sizes=\"(max-width: 1024px) 100vw, 1024px\" \/><\/a><\/p>\n<hr \/>\n<h3><span style=\"color: #baa06c;\">f.<\/span><\/h3>\n<p><span style=\"color: #baa06c;\">FIN. Del <abbr title=\"lat\u00edn\">lat.<\/abbr> <em>finis.<\/em><\/span><\/p>\n<p>Libros helados, donde los textos c\u00e1lidos de los amigos de <strong>Fernando y Angelines f<\/strong>luyen llenos de gui\u00f1os (Textos helados, una joya de coleccionismo); libros apasionados, donde el vino embriaga al lector entregado, como el de <strong>Joan C. Mart\u00edn<\/strong>: en\u00f3logo, escritor y estudioso : &#8220;<em>El vino nos rodea, envuelve, penetra, influye en nuestra cultura<\/em>&#8221; (<strong>Pasi\u00f3n por el vino, editorial Lince<\/strong>); libros inesperados, como el que me acaban de regalar,<strong> &#8216;Guia del buen comer espa\u00f1ol&#8217;<\/strong>, de Dionisio P\u00e9rez, del que ya te hablar\u00e9, y libros que son poes\u00eda, versos antiguos, que firman -por ejemplo- <strong>Paul Val\u00e9ry (Colecci\u00f3n Visor de Poes\u00eda)<\/strong>:<\/p>\n<blockquote><p><span style=\"color: #808080;\"><em>&#8220;Bebido el vino, el hombre bosteza y rompe el frasco. <\/em><\/span><\/p>\n<p><span style=\"color: #808080;\"><em>Guarda un rencor en la belleza del vac\u00edo; <\/em><\/span><\/p>\n<p><span style=\"color: #808080;\"><em>Mas humea el encanto de la noche en el palco<\/em><\/span><\/p>\n<p><span style=\"color: #808080;\"><em>Una perturbaci\u00f3n de mujer y de copos&#8230;&#8221;<\/em><\/span><\/p><\/blockquote>\n<p><a href=\"https:\/\/static-blogs.lasprovincias.es\/wp-content\/uploads\/sites\/18\/2018\/08\/IMG_20180829_182351.jpg\"><img loading=\"lazy\" class=\"size-large wp-image-17352\" src=\"https:\/\/static-blogs.lasprovincias.es\/wp-content\/uploads\/sites\/18\/2018\/08\/IMG_20180829_182351-1024x728.jpg\" alt=\"Detalle del libro 'El Texto helado', que incluye uan imagen de Xoal. \" width=\"1024\" height=\"728\" srcset=\"https:\/\/static-blogs.lasprovincias.es\/wp-content\/uploads\/sites\/18\/2018\/08\/IMG_20180829_182351-1024x728.jpg 1024w, https:\/\/static-blogs.lasprovincias.es\/wp-content\/uploads\/sites\/18\/2018\/08\/IMG_20180829_182351-300x213.jpg 300w, https:\/\/static-blogs.lasprovincias.es\/wp-content\/uploads\/sites\/18\/2018\/08\/IMG_20180829_182351-768x546.jpg 768w\" sizes=\"(max-width: 1024px) 100vw, 1024px\" \/><\/a><span style=\"color: #808080;\">Detalle del libro &#8216;El Texto helado&#8217;, que incluye una imagen de Xose Castro.<\/span><\/p>\n<p style=\"text-align: center;\"><span style=\"color: #baa06c;\">\u2022<\/span><\/p>\n<p style=\"text-align: center;\"><span style=\"color: #baa06c;\">Versos embebidos, platos recitados, di\u00e1logo entre copas, tertulias de \u00e1cidos y amargos, sabores a tinta y met\u00e1foras sobre la vida; men\u00fa de textos imposibles, palabras cortadas en juliana, frases al vapor, sue\u00f1os con forma de melocot\u00f3n y, en honor a\u00a0<strong>Tim Burton<\/strong>, chicos que son ostras. Esto es, ya te dije, <strong>historias con delantal,<\/strong> que no encontrar\u00eda final en la inmensa biblioteca de <strong>Pantagruel<\/strong> y su familia. <\/span><\/p>\n<p style=\"text-align: center;\"><strong><span style=\"color: #ab1010;\">Esa donde los libros se devoran y los platos&#8230; se leen.<\/span><\/strong><\/p>\n<p style=\"text-align: center;\"><span style=\"color: #baa06c;\">\u2022<\/span><\/p>\n<h3 style=\"text-align: center;\"><span style=\"color: #baa06c;\">\u00bfCenamos juntos Mafalda?<\/span><\/h3>\n<p style=\"text-align: center;\"><a href=\"https:\/\/static-blogs.lasprovincias.es\/wp-content\/uploads\/sites\/18\/2015\/02\/mafalda.jpg\"><img loading=\"lazy\" class=\"alignnone size-large wp-image-3675\" src=\"https:\/\/static-blogs.lasprovincias.es\/wp-content\/uploads\/sites\/18\/2015\/02\/mafalda-1024x683.jpg\" alt=\"mafalda\" width=\"1024\" height=\"683\" srcset=\"https:\/\/static-blogs.lasprovincias.es\/wp-content\/uploads\/sites\/18\/2015\/02\/mafalda-1024x683.jpg 1024w, https:\/\/static-blogs.lasprovincias.es\/wp-content\/uploads\/sites\/18\/2015\/02\/mafalda-300x200.jpg 300w, https:\/\/static-blogs.lasprovincias.es\/wp-content\/uploads\/sites\/18\/2015\/02\/mafalda-768x512.jpg 768w, https:\/\/static-blogs.lasprovincias.es\/wp-content\/uploads\/sites\/18\/2015\/02\/mafalda.jpg 1600w\" sizes=\"(max-width: 1024px) 100vw, 1024px\" \/><\/a><\/p>\n<p>&nbsp;<\/p>\n<hr \/>\n<p><em><span style=\"color: #baa06c;\">Y en nuestro pr\u00f3ximo cap\u00edtulo&#8230; te contamos que hay detr\u00e1s de esta rosa&#8230;. \ud83d\ude42<\/span><\/em><\/p>\n<p><a href=\"https:\/\/static-blogs.lasprovincias.es\/wp-content\/uploads\/sites\/18\/2019\/04\/1556049063298-1.jpeg\"><img loading=\"lazy\" class=\"alignnone size-large wp-image-19403\" src=\"https:\/\/static-blogs.lasprovincias.es\/wp-content\/uploads\/sites\/18\/2019\/04\/1556049063298-1-1024x768.jpeg\" alt=\"1556049063298\" width=\"1024\" height=\"768\" srcset=\"https:\/\/static-blogs.lasprovincias.es\/wp-content\/uploads\/sites\/18\/2019\/04\/1556049063298-1-1024x768.jpeg 1024w, https:\/\/static-blogs.lasprovincias.es\/wp-content\/uploads\/sites\/18\/2019\/04\/1556049063298-1-300x225.jpeg 300w, https:\/\/static-blogs.lasprovincias.es\/wp-content\/uploads\/sites\/18\/2019\/04\/1556049063298-1-768x576.jpeg 768w, https:\/\/static-blogs.lasprovincias.es\/wp-content\/uploads\/sites\/18\/2019\/04\/1556049063298-1.jpeg 2048w\" sizes=\"(max-width: 1024px) 100vw, 1024px\" \/><\/a><\/p>\n<!-- AddThis Advanced Settings generic via filter on the_content --><!-- AddThis Share Buttons generic via filter on the_content -->","protected":false},"excerpt":{"rendered":"<p>\u00ab&#8230;una olla de algo m\u00e1s vaca que carnero, salpic\u00f3n las m\u00e1s noches, duelos y quebrantos los s\u00e1bados, lentejas los viernes, alg\u00fan palomino de a\u00f1adidura los domingos\u00bb &#8216;Don Quijote de La Mancha&#8217;. Miguel de Cervantes Hay un lugar donde los libros se devoran y los platos se leen. Un lugar donde las palabras se pochan y [&hellip;]<!-- AddThis Advanced Settings generic via filter on get_the_excerpt --><!-- AddThis Share Buttons generic via filter on get_the_excerpt --><\/p>\n","protected":false},"author":23,"featured_media":19394,"comment_status":"open","ping_status":"open","sticky":false,"template":"","format":"standard","meta":[],"categories":[2,3,4,5,6,1,7],"tags":[1694,1423,1693,1697,1692,1695,611,638,745,779,837,1696,994,1503,1301],"_links":{"self":[{"href":"https:\/\/blogs.lasprovincias.es\/historiascondelantal\/wp-json\/wp\/v2\/posts\/19350"}],"collection":[{"href":"https:\/\/blogs.lasprovincias.es\/historiascondelantal\/wp-json\/wp\/v2\/posts"}],"about":[{"href":"https:\/\/blogs.lasprovincias.es\/historiascondelantal\/wp-json\/wp\/v2\/types\/post"}],"author":[{"embeddable":true,"href":"https:\/\/blogs.lasprovincias.es\/historiascondelantal\/wp-json\/wp\/v2\/users\/23"}],"replies":[{"embeddable":true,"href":"https:\/\/blogs.lasprovincias.es\/historiascondelantal\/wp-json\/wp\/v2\/comments?post=19350"}],"version-history":[{"count":20,"href":"https:\/\/blogs.lasprovincias.es\/historiascondelantal\/wp-json\/wp\/v2\/posts\/19350\/revisions"}],"predecessor-version":[{"id":19409,"href":"https:\/\/blogs.lasprovincias.es\/historiascondelantal\/wp-json\/wp\/v2\/posts\/19350\/revisions\/19409"}],"wp:featuredmedia":[{"embeddable":true,"href":"https:\/\/blogs.lasprovincias.es\/historiascondelantal\/wp-json\/wp\/v2\/media\/19394"}],"wp:attachment":[{"href":"https:\/\/blogs.lasprovincias.es\/historiascondelantal\/wp-json\/wp\/v2\/media?parent=19350"}],"wp:term":[{"taxonomy":"category","embeddable":true,"href":"https:\/\/blogs.lasprovincias.es\/historiascondelantal\/wp-json\/wp\/v2\/categories?post=19350"},{"taxonomy":"post_tag","embeddable":true,"href":"https:\/\/blogs.lasprovincias.es\/historiascondelantal\/wp-json\/wp\/v2\/tags?post=19350"}],"curies":[{"name":"wp","href":"https:\/\/api.w.org\/{rel}","templated":true}]}}