{"id":20316,"date":"2019-09-19T15:26:17","date_gmt":"2019-09-19T13:26:17","guid":{"rendered":"https:\/\/blogs.lasprovincias.es\/historiascondelantal\/?p=20316"},"modified":"2019-09-20T19:05:52","modified_gmt":"2019-09-20T17:05:52","slug":"jordi-roca-el-pastelero-que-jugaba-con-dinosaurios","status":"publish","type":"post","link":"https:\/\/blogs.lasprovincias.es\/historiascondelantal\/2019\/09\/19\/jordi-roca-el-pastelero-que-jugaba-con-dinosaurios\/","title":{"rendered":"Jordi Roca, el pastelero que jugaba con dinosaurios"},"content":{"rendered":"<p>Llevaba tiempo queriendo hacer esto. Meses. Quiz\u00e1s a\u00f1os. Ten\u00eda ganas de escribir sobre \u00e9l. Aunque no ten\u00eda prisa. Mientras las manos pululen y la cabeza carbure, seguir\u00e1n fluyendo las palabras. Y con palabras, hay relato. Y con un relato, todo es posible. Hasta lo imposible. \u00c9l lo sabe bien.<span style=\"color: #ff6600;\"><span style=\"color: #333333;\"><strong>\u00a0<\/strong><\/span><\/span><\/p>\n<p style=\"text-align: right;\"><strong>Un sorbo de libro viejo. Una dulce dentellada al bosque. Una tarta con pantalones de campana. Verdes. Naranjas. Un volc\u00e1n de nieve. Y a<span style=\"color: #333333;\">bracadabra<\/span>.<\/strong><\/p>\n<p><strong>\u00a0<a href=\"https:\/\/static-blogs.lasprovincias.es\/wp-content\/uploads\/sites\/18\/2019\/09\/JUNIO-2019-TOTAL-5158.jpg\"><img loading=\"lazy\" class=\"alignnone size-large wp-image-20353\" src=\"https:\/\/static-blogs.lasprovincias.es\/wp-content\/uploads\/sites\/18\/2019\/09\/JUNIO-2019-TOTAL-5158-1024x768.jpg\" alt=\"Blanco. Jordi Roca. Celler Can Roca\" width=\"1024\" height=\"768\" srcset=\"https:\/\/static-blogs.lasprovincias.es\/wp-content\/uploads\/sites\/18\/2019\/09\/JUNIO-2019-TOTAL-5158.jpg 1024w, https:\/\/static-blogs.lasprovincias.es\/wp-content\/uploads\/sites\/18\/2019\/09\/JUNIO-2019-TOTAL-5158-300x225.jpg 300w, https:\/\/static-blogs.lasprovincias.es\/wp-content\/uploads\/sites\/18\/2019\/09\/JUNIO-2019-TOTAL-5158-768x576.jpg 768w\" sizes=\"(max-width: 1024px) 100vw, 1024px\" \/><\/a><\/strong><\/p>\n<hr \/>\n<p><a href=\"https:\/\/static-blogs.lasprovincias.es\/wp-content\/uploads\/sites\/18\/2019\/09\/7AFAE9CC-CC11-4137-A8AE-919B36BE2DB8-1.jpeg\"><img loading=\"lazy\" class=\"alignnone size-full wp-image-20389\" src=\"https:\/\/static-blogs.lasprovincias.es\/wp-content\/uploads\/sites\/18\/2019\/09\/7AFAE9CC-CC11-4137-A8AE-919B36BE2DB8-1.jpeg\" alt=\"\" width=\"3465\" height=\"2488\" \/><\/a><\/p>\n<p style=\"text-align: right;\"><strong>Girona, 1978<\/strong>.<\/p>\n<hr \/>\n<p><span style=\"color: #ff0000;\">I.<\/span> Pens\u00e9 en preparar mi relato de forma minuciosa. Una historia imposible como si fuera un cuadro de <strong>Escher<\/strong>. O un postre de los suyos. Rumi\u00e9 en hacer de <strong>Michael Ende<\/strong> y viajar a las entra\u00f1as de la fantas\u00eda. Esa que da vida a todo: a esta historia, al pastelero con chistera que se convirti\u00f3 en hechicero, a un laberinto de az\u00facares y destilados&#8230; fresas y rosas. Murmur\u00e9 todo eso y lo imagin\u00e9 de peque\u00f1o jugando con dinosaurios cuando empez\u00f3 a cuajar el pastelero.<\/p>\n<blockquote><p><span style=\"color: #333333;\"><em>\u201cEl hijo (\u2026) hab\u00eda so\u00f1ado con tener alas. Durante muchos a\u00f1os las hab\u00eda ido creando como un trabajo so\u00f1ado, en largas horas, pluma a pluma, m\u00fasculo a musculo, huesecillo a huesecillo\u2026\u201d<\/em><\/span><\/p>\n<p style=\"text-align: left;\"><span style=\"color: #808080;\">(\u2018El espejo en el espejo. Un laberinto. Michael Ende).<\/span><\/p>\n<\/blockquote>\n<p>Jordi Roca, quiz\u00e1s sin darse \u00e9l cuenta, tambi\u00e9n ha creado, paso a paso, unas alas con las que hacer volar sus creaciones. Y que sus creaciones fueran, m\u00e1s que meros dulces al final del banquete, un divertimiento absoluto, una f\u00e1bula con <em>mouse,<\/em> un cuento garrapi\u00f1ado.<\/p>\n<p><a href=\"https:\/\/static-blogs.lasprovincias.es\/wp-content\/uploads\/sites\/18\/2019\/09\/7.-dulces-3.jpg\"><img loading=\"lazy\" class=\"alignnone size-large wp-image-20358\" src=\"https:\/\/static-blogs.lasprovincias.es\/wp-content\/uploads\/sites\/18\/2019\/09\/7.-dulces-3-1024x683.jpg\" alt=\"7-dulces-3\" width=\"1024\" height=\"683\" srcset=\"https:\/\/static-blogs.lasprovincias.es\/wp-content\/uploads\/sites\/18\/2019\/09\/7.-dulces-3.jpg 1024w, https:\/\/static-blogs.lasprovincias.es\/wp-content\/uploads\/sites\/18\/2019\/09\/7.-dulces-3-300x200.jpg 300w, https:\/\/static-blogs.lasprovincias.es\/wp-content\/uploads\/sites\/18\/2019\/09\/7.-dulces-3-768x512.jpg 768w\" sizes=\"(max-width: 1024px) 100vw, 1024px\" \/><\/a><\/p>\n<p>Pens\u00e9 en preparar mi relato de forma minuciosa, te dec\u00eda. Escribir algo especial si la inspiraci\u00f3n me ayudaba. Sin embargo, al final ha sido el instinto y la necesidad quienes han movido los dedos. Y el pensamiento. Ellos han hecho que mi historia del pastelero con chistera estallara rodeada de\u00a0<em>Anark\u00eda<\/em>, como su postre emblem\u00e1tico. Una lluvia fina de ideas, de sensaciones, de sentimientos que despertaron en cada una de sus creaciones, platos, provocaciones\u2026 Postres (finales de fiesta) que he probado en los tres a\u00f1os -siempre ser\u00e9 un novato- en los que he tenido la fortuna de ir al Celler. Tres afortunados a\u00f1os.<\/p>\n<p><a href=\"https:\/\/static-blogs.lasprovincias.es\/wp-content\/uploads\/sites\/18\/2018\/06\/IMG_20180526_135804.jpg\"><img loading=\"lazy\" class=\"alignnone size-large wp-image-16439\" src=\"https:\/\/static-blogs.lasprovincias.es\/wp-content\/uploads\/sites\/18\/2018\/06\/IMG_20180526_135804-1024x768.jpg\" alt=\"\" width=\"1024\" height=\"768\" srcset=\"https:\/\/static-blogs.lasprovincias.es\/wp-content\/uploads\/sites\/18\/2018\/06\/IMG_20180526_135804.jpg 1024w, https:\/\/static-blogs.lasprovincias.es\/wp-content\/uploads\/sites\/18\/2018\/06\/IMG_20180526_135804-300x225.jpg 300w, https:\/\/static-blogs.lasprovincias.es\/wp-content\/uploads\/sites\/18\/2018\/06\/IMG_20180526_135804-768x576.jpg 768w\" sizes=\"(max-width: 1024px) 100vw, 1024px\" \/><\/a><\/p>\n<p>Pens\u00e9 en preparar mi relato de forma minuciosa, pero al final me siento sin red ante esta blonda blanca que es la pantalla del ordenador. Sobre ella me precipito a escribir la historia que nadie le cont\u00f3 sobre los dulces estallidos de Jordi. La historia que nadie le cont\u00f3 ni a usted, ni a \u00e9l; y que, sin duda, si llega a leerla le turbar\u00e1. Quiz\u00e1s ya saturado de tanta&#8230;\u00a0 \u00bfmemez?<\/p>\n<p>Pero me pasa como a\u00a0<strong>Michael Houellebecq<\/strong>\u00a0en este verso de su conmovedor poemario \u2018Configuraci\u00f3n de la \u00faltima orilla\u2019:<\/p>\n<blockquote>\n<p style=\"text-align: left;\"><span style=\"color: #333333;\"><em>\u201cYo no he sido nunca l\u00facido del todo\u201d<\/em><\/span><\/p>\n<\/blockquote>\n<hr \/>\n<p><span style=\"color: #ff0000;\">II.<\/span> Dice el escritor franc\u00e9s en ese mismo poema que la fascinaci\u00f3n &#8220;es una segunda vida&#8221;. Esa fascinaci\u00f3n ha resucitado cada vez que, despu\u00e9s de un inclasificable -estratosf\u00e9rico, quiz\u00e1s- banquete en el Celler llegaban sus postres poniendo la bandera en la cima. Era como pisar la luna tras un viaje sideral. Una luna llena de fascinaci\u00f3n&#8230;<\/p>\n<blockquote>\n<p style=\"text-align: left;\"><span style=\"color: #333333;\"><em>\u201cHay en la luna, junto a un poderoso continente, una peque\u00f1a isla (\u2026)\u201d. <\/em><\/span><\/p>\n<p style=\"text-align: left;\"><span style=\"color: #808080;\">De \u2018Una Isla en la Luna de William Blake.<\/span><\/p>\n<p style=\"text-align: left;\"><a href=\"https:\/\/static-blogs.lasprovincias.es\/wp-content\/uploads\/sites\/18\/2019\/09\/IMG_9567-1280x853.jpg\"><img loading=\"lazy\" class=\"alignnone size-large wp-image-20330\" src=\"https:\/\/static-blogs.lasprovincias.es\/wp-content\/uploads\/sites\/18\/2019\/09\/IMG_9567-1280x853-1024x682.jpg\" alt=\"\" width=\"1024\" height=\"682\" srcset=\"https:\/\/static-blogs.lasprovincias.es\/wp-content\/uploads\/sites\/18\/2019\/09\/IMG_9567-1280x853-1024x682.jpg 1024w, https:\/\/static-blogs.lasprovincias.es\/wp-content\/uploads\/sites\/18\/2019\/09\/IMG_9567-1280x853-300x200.jpg 300w, https:\/\/static-blogs.lasprovincias.es\/wp-content\/uploads\/sites\/18\/2019\/09\/IMG_9567-1280x853-768x512.jpg 768w, https:\/\/static-blogs.lasprovincias.es\/wp-content\/uploads\/sites\/18\/2019\/09\/IMG_9567-1280x853.jpg 1280w\" sizes=\"(max-width: 1024px) 100vw, 1024px\" \/><\/a><\/p>\n<\/blockquote>\n<p>Los postres del pastelero con chistera tienen Cara B. \u00c9l lo sabe, <em>of course<\/em>. Aunque se limite a bautizarlos como &#8216;Viaje a la Habana&#8217;, &#8216;Gol de Messi&#8217;, &#8216;Anarkia&#8217;&#8230; Dulces y famas de la mano. O cronopios. Como los de <strong>Julio Cort\u00e1zar<\/strong>.<\/p>\n<blockquote>\n<p style=\"text-align: left;\"><em>\u201cLos cronopios, en cambio, esos seres desordenados y tibios, dejan los recuerdos sueltos por casa, entre alegres gritos\u2026\u201d<\/em><\/p>\n<\/blockquote>\n<p>Muchas creaciones de Jordi Roca me suenan a ello: a algarab\u00eda de recuerdos, a momentos dulcificados que son viajes a nuestro pasado, a homenajes e instantes entra\u00f1ables. A veces m\u00e1gicos. Un helado oscuro (<em>The Force be with you<\/em>) que te hace revivir aquella guerra entre galaxias; una manzana caramelizada, que te hace zambullirte en los d\u00edas de feria y fiesta\u2026. O esa maravillosa, deliciosa y estremecedora, <strong>tarta al whisky<\/strong> que es una fotograf\u00eda de d\u00edas de playa, de nuestros padres vestidos de <strong>Lennon<\/strong>, de rodilleras y de jugar a canicas pro el suelo, de chapuz\u00f3n de agosto, de fiesta familiar, cumplea\u00f1os y jolgorio. <span style=\"color: #333333;\"><strong>Una tarta con pantalones de campana<\/strong>. <\/span>Como la suya. <span style=\"color: #333333;\">(Acompa\u00f1ada, con <strong>whisky a la tarta<\/strong>&#8230; que el humor forma parte del todo en la historia de este pastelero y de los suyos).<\/span><\/p>\n<p><a href=\"https:\/\/static-blogs.lasprovincias.es\/wp-content\/uploads\/sites\/18\/2019\/09\/9.-Tarta-whisky.jpg\"><img loading=\"lazy\" class=\"alignnone size-large wp-image-20327\" src=\"https:\/\/static-blogs.lasprovincias.es\/wp-content\/uploads\/sites\/18\/2019\/09\/9.-Tarta-whisky-1024x768.jpg\" alt=\"Celler\" width=\"1024\" height=\"768\" srcset=\"https:\/\/static-blogs.lasprovincias.es\/wp-content\/uploads\/sites\/18\/2019\/09\/9.-Tarta-whisky.jpg 1024w, https:\/\/static-blogs.lasprovincias.es\/wp-content\/uploads\/sites\/18\/2019\/09\/9.-Tarta-whisky-300x225.jpg 300w, https:\/\/static-blogs.lasprovincias.es\/wp-content\/uploads\/sites\/18\/2019\/09\/9.-Tarta-whisky-768x576.jpg 768w\" sizes=\"(max-width: 1024px) 100vw, 1024px\" \/><\/a><\/p>\n<p>S\u00ed, como dec\u00eda Cortazar\u2026 recuerdos sueltos por casa, entre alegres gritos\u2026<\/p>\n<p style=\"text-align: right;\"><strong>Un sorbo de libro viejo. Una dulce dentellada al bosque. Una tarta con pantalones de campana. Verdes. Naranjas. Un volc\u00e1n de nieve. Abracadabra.<\/strong><\/p>\n<hr \/>\n<p><span style=\"color: #ff0000;\">III.<\/span> En los postres de Roca he visto cosas que nunca cont\u00e9. Una bola blanca, que al romper, al estallar, dejaba fluir una estremecedora magia, una belleza extraordinaria, una est\u00e9tica descontrolada digna de una <em>performance. <\/em>Un bell\u00edsimo volc\u00e1n de nieve que inunda todo de\u00a0blancos y plata. La luna, el mar de espuma, la lluvia de flores que parecen haberse escapado de un jard\u00edn de Monet.<\/p>\n\n\t\t<style type=\"text\/css\">\n\t\t\t#gallery-1 {\n\t\t\t\tmargin: auto;\n\t\t\t}\n\t\t\t#gallery-1 .gallery-item {\n\t\t\t\tfloat: left;\n\t\t\t\tmargin-top: 10px;\n\t\t\t\ttext-align: center;\n\t\t\t\twidth: 33%;\n\t\t\t}\n\t\t\t#gallery-1 img {\n\t\t\t\tborder: 2px solid #cfcfcf;\n\t\t\t}\n\t\t\t#gallery-1 .gallery-caption {\n\t\t\t\tmargin-left: 0;\n\t\t\t}\n\t\t\t\/* see gallery_shortcode() in wp-includes\/media.php *\/\n\t\t<\/style>\n\t\t<div id='gallery-1' class='gallery galleryid-20316 gallery-columns-3 gallery-size-full'><dl class='gallery-item'>\n\t\t\t<dt class='gallery-icon landscape'>\n\t\t\t\t<a href=\"https:\/\/blogs.lasprovincias.es\/historiascondelantal\/2019\/09\/19\/jordi-roca-el-pastelero-que-jugaba-con-dinosaurios\/oznor-35\/\"><img width=\"1024\" height=\"768\" src=\"https:\/\/static-blogs.lasprovincias.es\/wp-content\/uploads\/sites\/18\/2019\/09\/JUNIO-2019-TOTAL-5128.jpg\" class=\"attachment-full size-full\" alt=\"\" loading=\"lazy\" srcset=\"https:\/\/static-blogs.lasprovincias.es\/wp-content\/uploads\/sites\/18\/2019\/09\/JUNIO-2019-TOTAL-5128.jpg 1024w, https:\/\/static-blogs.lasprovincias.es\/wp-content\/uploads\/sites\/18\/2019\/09\/JUNIO-2019-TOTAL-5128-300x225.jpg 300w, https:\/\/static-blogs.lasprovincias.es\/wp-content\/uploads\/sites\/18\/2019\/09\/JUNIO-2019-TOTAL-5128-768x576.jpg 768w\" sizes=\"(max-width: 1024px) 100vw, 1024px\" \/><\/a>\n\t\t\t<\/dt><\/dl><dl class='gallery-item'>\n\t\t\t<dt class='gallery-icon landscape'>\n\t\t\t\t<a href=\"https:\/\/blogs.lasprovincias.es\/historiascondelantal\/2019\/09\/19\/jordi-roca-el-pastelero-que-jugaba-con-dinosaurios\/oznor-36\/\"><img width=\"1024\" height=\"768\" src=\"https:\/\/static-blogs.lasprovincias.es\/wp-content\/uploads\/sites\/18\/2019\/09\/JUNIO-2019-TOTAL-5136.jpg\" class=\"attachment-full size-full\" alt=\"\" loading=\"lazy\" srcset=\"https:\/\/static-blogs.lasprovincias.es\/wp-content\/uploads\/sites\/18\/2019\/09\/JUNIO-2019-TOTAL-5136.jpg 1024w, https:\/\/static-blogs.lasprovincias.es\/wp-content\/uploads\/sites\/18\/2019\/09\/JUNIO-2019-TOTAL-5136-300x225.jpg 300w, https:\/\/static-blogs.lasprovincias.es\/wp-content\/uploads\/sites\/18\/2019\/09\/JUNIO-2019-TOTAL-5136-768x576.jpg 768w\" sizes=\"(max-width: 1024px) 100vw, 1024px\" \/><\/a>\n\t\t\t<\/dt><\/dl><dl class='gallery-item'>\n\t\t\t<dt class='gallery-icon landscape'>\n\t\t\t\t<a href=\"https:\/\/blogs.lasprovincias.es\/historiascondelantal\/2019\/09\/19\/jordi-roca-el-pastelero-que-jugaba-con-dinosaurios\/dav-775\/\"><img width=\"1024\" height=\"768\" src=\"https:\/\/static-blogs.lasprovincias.es\/wp-content\/uploads\/sites\/18\/2019\/09\/JUNIO-2019-TOTAL-5157-postres-1.jpg\" class=\"attachment-full size-full\" alt=\"\" loading=\"lazy\" srcset=\"https:\/\/static-blogs.lasprovincias.es\/wp-content\/uploads\/sites\/18\/2019\/09\/JUNIO-2019-TOTAL-5157-postres-1.jpg 1024w, https:\/\/static-blogs.lasprovincias.es\/wp-content\/uploads\/sites\/18\/2019\/09\/JUNIO-2019-TOTAL-5157-postres-1-300x225.jpg 300w, https:\/\/static-blogs.lasprovincias.es\/wp-content\/uploads\/sites\/18\/2019\/09\/JUNIO-2019-TOTAL-5157-postres-1-768x576.jpg 768w\" sizes=\"(max-width: 1024px) 100vw, 1024px\" \/><\/a>\n\t\t\t<\/dt><\/dl><br style=\"clear: both\" \/>\n\t\t<\/div>\n\n<p>Al rompe la esfera, sent\u00ed la imaginaci\u00f3n desbocada que emana de este tipo capaz de convertir sus helados en hermosas cuca\u00f1as, sobres sorpresa, seductoras propuestas&#8230; Esferas capaces de esconder en su interior desde la esencia de la primavera a la ternura de la belleza. La Venus de <strong>Botticelli<\/strong>\u00a0entre violetas y siemprevivas.<\/p>\n<p><a href=\"https:\/\/static-blogs.lasprovincias.es\/wp-content\/uploads\/sites\/18\/2019\/09\/3.-Bola-colores-A.jpg\"><img loading=\"lazy\" class=\"alignnone size-large wp-image-20320\" src=\"https:\/\/static-blogs.lasprovincias.es\/wp-content\/uploads\/sites\/18\/2019\/09\/3.-Bola-colores-A-1024x682.jpg\" alt=\"3-bola-colores-a\" width=\"1024\" height=\"682\" srcset=\"https:\/\/static-blogs.lasprovincias.es\/wp-content\/uploads\/sites\/18\/2019\/09\/3.-Bola-colores-A-1024x682.jpg 1024w, https:\/\/static-blogs.lasprovincias.es\/wp-content\/uploads\/sites\/18\/2019\/09\/3.-Bola-colores-A-300x200.jpg 300w, https:\/\/static-blogs.lasprovincias.es\/wp-content\/uploads\/sites\/18\/2019\/09\/3.-Bola-colores-A-768x512.jpg 768w, https:\/\/static-blogs.lasprovincias.es\/wp-content\/uploads\/sites\/18\/2019\/09\/3.-Bola-colores-A.jpg 1280w\" sizes=\"(max-width: 1024px) 100vw, 1024px\" \/><\/a><\/p>\n<p><a href=\"https:\/\/static-blogs.lasprovincias.es\/wp-content\/uploads\/sites\/18\/2019\/09\/3.-Bola-colroes.jpg\"><img loading=\"lazy\" class=\"alignnone size-large wp-image-20321\" src=\"https:\/\/static-blogs.lasprovincias.es\/wp-content\/uploads\/sites\/18\/2019\/09\/3.-Bola-colroes-1024x682.jpg\" alt=\"3-bola-colroes\" width=\"1024\" height=\"682\" srcset=\"https:\/\/static-blogs.lasprovincias.es\/wp-content\/uploads\/sites\/18\/2019\/09\/3.-Bola-colroes-1024x682.jpg 1024w, https:\/\/static-blogs.lasprovincias.es\/wp-content\/uploads\/sites\/18\/2019\/09\/3.-Bola-colroes-300x200.jpg 300w, https:\/\/static-blogs.lasprovincias.es\/wp-content\/uploads\/sites\/18\/2019\/09\/3.-Bola-colroes-768x512.jpg 768w, https:\/\/static-blogs.lasprovincias.es\/wp-content\/uploads\/sites\/18\/2019\/09\/3.-Bola-colroes.jpg 1280w\" sizes=\"(max-width: 1024px) 100vw, 1024px\" \/><\/a><\/p>\n<p>Un tipo -pastelero y creador, prestidigitador de alm\u00edbares- que es\u00a0es capaz de <strong>convertir su nariz en helado<\/strong> para ser devorada entre fresas, az\u00facar y agua de rosas\u2026 Una helado de narices en el que compara la suya -casi marca de la casa- con la de<strong> Rossy de Palma<\/strong>, la bruja del Oeste o <strong>Cyrano de Bergerac<\/strong>.<\/p>\n<blockquote>\n<p style=\"text-align: left;\"><em>&#8220;Una gran nariz podr\u00eda ser una indicaci\u00f3n de una gran alma&#8221;. <\/em><\/p>\n<p style=\"text-align: left;\"><span style=\"color: #808080;\">(Cyrano de Bergerac)<\/span><\/p>\n<\/blockquote>\n<p>Ten\u00eda raz\u00f3n el poeta y pensador franc\u00e9s. Una gran alma se esconde detr\u00e1s de este tr\u00edo de narices que tienen los Roca. Basta con visitar su casa para saber que uno se siente abrazado s\u00f3lo con cruzar el umbral. Y el paladar, afortunado. Tanto que siempre he intentado transmitir c\u00f3mo, esas alas que todos nos cosemos en la vida, a m\u00ed se me despliegan cuando voy all\u00ed. Y no s\u00f3lo por lo que sucede en la mesa del Celler, sino por lo que hay alrededor de ella. Y m\u00e1s all\u00e1 de ella. <a href=\"https:\/\/blogs.lasprovincias.es\/historiascondelantal\/2019\/06\/28\/ocho-horas-en-el-corazon-del-celler-de-can-roca\/\">La historia de esa casa familiar.<\/a> De ese matrimonio que abri\u00f3 un bar de carretera para poder vivir y acab\u00f3 sembrando la semilla de la coherencia (con Joan), de la constancia (con Josep) y de la magia (con Jordi). Y los cinco -ellos tres y <a href=\"https:\/\/blogs.lasprovincias.es\/historiascondelantal\/2018\/01\/29\/la-sopa-de-hierbabuena\/\">sus padres\u00a0<\/a>&#8211; acabaron sembrando un ejemplo a seguir, un espejo en el que mirarnos.<strong> Humildad, sacrificio y generosidad.<\/strong> <strong>Y alegr\u00eda<\/strong> para saber procesar la traves\u00eda. Tres rocas. O cinco.<\/p>\n<p><a href=\"https:\/\/static-blogs.lasprovincias.es\/wp-content\/uploads\/sites\/18\/2019\/09\/IMG_3751-1024x682.jpeg\"><img loading=\"lazy\" class=\"alignnone size-large wp-image-20329\" src=\"https:\/\/static-blogs.lasprovincias.es\/wp-content\/uploads\/sites\/18\/2019\/09\/IMG_3751-1024x682-1024x682.jpeg\" alt=\"img_3751-1024x682\" width=\"1024\" height=\"682\" srcset=\"https:\/\/static-blogs.lasprovincias.es\/wp-content\/uploads\/sites\/18\/2019\/09\/IMG_3751-1024x682.jpeg 1024w, https:\/\/static-blogs.lasprovincias.es\/wp-content\/uploads\/sites\/18\/2019\/09\/IMG_3751-1024x682-300x200.jpeg 300w, https:\/\/static-blogs.lasprovincias.es\/wp-content\/uploads\/sites\/18\/2019\/09\/IMG_3751-1024x682-768x512.jpeg 768w\" sizes=\"(max-width: 1024px) 100vw, 1024px\" \/><\/a><\/p>\n<p>Nadie lo expres\u00f3 mejor que \u00a0<strong>Gloria Fuertes<\/strong>, en uno de sus poemas con guinda. Como los pasteles.<\/p>\n<blockquote>\n<p style=\"text-align: left;\"><span style=\"color: #333333;\"><em>\u201cNuestro cuerpo no es m\u00e1s que el palacio, <\/em><\/span><\/p>\n<p style=\"text-align: left;\"><span style=\"color: #333333;\"><em>La casa\u00a0 o la chabola donde reside lo importante.<\/em><\/span><\/p>\n<p style=\"text-align: left;\"><span style=\"color: #333333;\"><em>Lo importante es el habitante,<\/em><\/span><\/p>\n<p style=\"text-align: left;\"><span style=\"color: #333333;\"><em>-nuestro esp\u00edritu<\/em><\/span><\/p>\n<p style=\"text-align: left;\"><span style=\"color: #333333;\"><em>Nuestra mente<\/em><\/span><\/p>\n<p style=\"text-align: left;\"><span style=\"color: #333333;\"><em>Nuestro talante-.\u201d<\/em><\/span><\/p>\n<p style=\"text-align: left;\"><span style=\"color: #808080;\">De \u201cEl libro de Gloria Fuertes\u2019. Editorial Blakie Books\u2019<\/span><\/p>\n<\/blockquote>\n<p>&nbsp;<\/p>\n<p style=\"text-align: right;\"><strong>Un sorbo de libro viejo. Una dulce dentellada al bosque. Una tarta con pantalones de campana. Verdes. Naranjas. Un volc\u00e1n de nieve. Y abracadabra.<\/strong><\/p>\n<p><a href=\"https:\/\/static-blogs.lasprovincias.es\/wp-content\/uploads\/sites\/18\/2019\/09\/IMG_3711.jpeg\"><img loading=\"lazy\" class=\"alignnone size-large wp-image-20328\" src=\"https:\/\/static-blogs.lasprovincias.es\/wp-content\/uploads\/sites\/18\/2019\/09\/IMG_3711-1024x705.jpeg\" alt=\"\" width=\"1024\" height=\"705\" srcset=\"https:\/\/static-blogs.lasprovincias.es\/wp-content\/uploads\/sites\/18\/2019\/09\/IMG_3711-1024x705.jpeg 1024w, https:\/\/static-blogs.lasprovincias.es\/wp-content\/uploads\/sites\/18\/2019\/09\/IMG_3711-300x207.jpeg 300w, https:\/\/static-blogs.lasprovincias.es\/wp-content\/uploads\/sites\/18\/2019\/09\/IMG_3711-768x529.jpeg 768w\" sizes=\"(max-width: 1024px) 100vw, 1024px\" \/><\/a><\/p>\n<hr \/>\n<p><span style=\"color: #ff0000;\">IV.<\/span><strong> Javi Antoja<\/strong> le describi\u00f3 en esa contundente &#8216;<a href=\"https:\/\/blogs.lasprovincias.es\/historiascondelantal\/2017\/01\/16\/gastrocotilleos-pepe-solla-que-abre-en-valencia-madrid-fusion-y-la-anarkia\/\">Anark\u00eda&#8217; de Montagud Editores<\/a>, como<strong> \u201cel sombrerero loco de la pasteler\u00eda\u201d.<\/strong> Ese que rompi\u00f3 la estricta disciplina de la reposter\u00eda para crear un mundo al rev\u00e9s. Dulces a trav\u00e9s de los que llevarte de paseo por su ciudad (su <em>skyline<\/em>) con las flores brotando a sus pies; de mostrarte el <em>cul de la lleona<\/em>, que quien visita Girona, lo toca; de adentrarte en sus bosques, en los verdes y su humedad. Darle <strong>una dentellada a un \u00e1rbol<\/strong>\u00a0destilado.<\/p>\n<p><a href=\"https:\/\/static-blogs.lasprovincias.es\/wp-content\/uploads\/sites\/18\/2019\/09\/5.dulces6.jpg\"><img loading=\"lazy\" class=\"alignnone size-large wp-image-20323\" src=\"https:\/\/static-blogs.lasprovincias.es\/wp-content\/uploads\/sites\/18\/2019\/09\/5.dulces6-1024x550.jpg\" alt=\"\" width=\"1024\" height=\"550\" srcset=\"https:\/\/static-blogs.lasprovincias.es\/wp-content\/uploads\/sites\/18\/2019\/09\/5.dulces6.jpg 1024w, https:\/\/static-blogs.lasprovincias.es\/wp-content\/uploads\/sites\/18\/2019\/09\/5.dulces6-300x161.jpg 300w, https:\/\/static-blogs.lasprovincias.es\/wp-content\/uploads\/sites\/18\/2019\/09\/5.dulces6-768x413.jpg 768w\" sizes=\"(max-width: 1024px) 100vw, 1024px\" \/><\/a><\/p>\n<p>&nbsp;<\/p>\n<p>Jordi es capaz de meterte dentro de \u00e9l, del \u00e1rbol, y llenarlo, como\u00a0<strong>Alfanhu\u00ed<\/strong>, de hojas de colores. Porque, en el fondo, es como el personaje del maravilloso libro de <strong>S\u00e1nchez Ferlosio<\/strong>. Ese que sentado frente a la chimenea escuchaba\u2026<\/p>\n<blockquote><p>\u201c<em>Hablaba el fuego con sus dientes antiguos; compon\u00eda espigas y las desgranaba. Cada espiga una historia, cada historia una sonrisa<\/em>\u201d.<\/p>\n<p><span style=\"color: #808080;\">(De \u2018Industrias y Andanzas de Alfanhu\u00ed\u2019)<\/span><\/p><\/blockquote>\n<p><a href=\"https:\/\/static-blogs.lasprovincias.es\/wp-content\/uploads\/sites\/18\/2019\/09\/7.-Bosque-licuado.jpg\"><img loading=\"lazy\" class=\"size-full wp-image-20325\" src=\"https:\/\/static-blogs.lasprovincias.es\/wp-content\/uploads\/sites\/18\/2019\/09\/7.-Bosque-licuado.jpg\" alt=\"\" width=\"999\" height=\"746\" srcset=\"https:\/\/static-blogs.lasprovincias.es\/wp-content\/uploads\/sites\/18\/2019\/09\/7.-Bosque-licuado.jpg 999w, https:\/\/static-blogs.lasprovincias.es\/wp-content\/uploads\/sites\/18\/2019\/09\/7.-Bosque-licuado-300x224.jpg 300w, https:\/\/static-blogs.lasprovincias.es\/wp-content\/uploads\/sites\/18\/2019\/09\/7.-Bosque-licuado-768x574.jpg 768w\" sizes=\"(max-width: 999px) 100vw, 999px\" \/><\/a><\/p>\n<p>Sus postres son como el fuego de la chimenea de Ferlosio, que te relata sus historias. Divertidas, ir\u00f3nicas, emocionantes, seductoras, provocadoras&#8230; Algunas tan trepidantes como la del\u00a0<strong>viejo libro de Marcel Proust,\u00a0<\/strong>que se convirti\u00f3 en un dulce sue\u00f1o. Un imposible posible.<\/p>\n\n\t\t<style type=\"text\/css\">\n\t\t\t#gallery-2 {\n\t\t\t\tmargin: auto;\n\t\t\t}\n\t\t\t#gallery-2 .gallery-item {\n\t\t\t\tfloat: left;\n\t\t\t\tmargin-top: 10px;\n\t\t\t\ttext-align: center;\n\t\t\t\twidth: 50%;\n\t\t\t}\n\t\t\t#gallery-2 img {\n\t\t\t\tborder: 2px solid #cfcfcf;\n\t\t\t}\n\t\t\t#gallery-2 .gallery-caption {\n\t\t\t\tmargin-left: 0;\n\t\t\t}\n\t\t\t\/* see gallery_shortcode() in wp-includes\/media.php *\/\n\t\t<\/style>\n\t\t<div id='gallery-2' class='gallery galleryid-20316 gallery-columns-2 gallery-size-full'><dl class='gallery-item'>\n\t\t\t<dt class='gallery-icon portrait'>\n\t\t\t\t<a href=\"https:\/\/blogs.lasprovincias.es\/historiascondelantal\/2019\/09\/19\/jordi-roca-el-pastelero-que-jugaba-con-dinosaurios\/7-dulces-el-importante2-3\/\"><img width=\"738\" height=\"1024\" src=\"https:\/\/static-blogs.lasprovincias.es\/wp-content\/uploads\/sites\/18\/2019\/09\/7.dulces-el-importante2.jpg\" class=\"attachment-full size-full\" alt=\"\" loading=\"lazy\" srcset=\"https:\/\/static-blogs.lasprovincias.es\/wp-content\/uploads\/sites\/18\/2019\/09\/7.dulces-el-importante2.jpg 738w, https:\/\/static-blogs.lasprovincias.es\/wp-content\/uploads\/sites\/18\/2019\/09\/7.dulces-el-importante2-216x300.jpg 216w\" sizes=\"(max-width: 738px) 100vw, 738px\" \/><\/a>\n\t\t\t<\/dt><\/dl><dl class='gallery-item'>\n\t\t\t<dt class='gallery-icon portrait'>\n\t\t\t\t<a href=\"https:\/\/blogs.lasprovincias.es\/historiascondelantal\/2019\/09\/19\/jordi-roca-el-pastelero-que-jugaba-con-dinosaurios\/7-dulce3\/\"><img width=\"720\" height=\"960\" src=\"https:\/\/static-blogs.lasprovincias.es\/wp-content\/uploads\/sites\/18\/2019\/09\/7.dulce3_.jpg\" class=\"attachment-full size-full\" alt=\"\" loading=\"lazy\" srcset=\"https:\/\/static-blogs.lasprovincias.es\/wp-content\/uploads\/sites\/18\/2019\/09\/7.dulce3_.jpg 720w, https:\/\/static-blogs.lasprovincias.es\/wp-content\/uploads\/sites\/18\/2019\/09\/7.dulce3_-225x300.jpg 225w\" sizes=\"(max-width: 720px) 100vw, 720px\" \/><\/a>\n\t\t\t<\/dt><\/dl><br style=\"clear: both\" \/>\n\t\t<\/div>\n\n<p>Imposibles que dejan de serlo, cuando se logra un destilado de libro viejo y a partir de \u00e9l se crea una obra maestra\u2026 que quiz\u00e1s a\u00fan no hemos vitoreado los suficiente. O s\u00ed, pero no me canso de hacerlo&#8230;<\/p>\n<p>&nbsp;<\/p>\n<blockquote><p><span style=\"color: #333333;\"><strong>\u2018El camino de Swann\u2019:<\/strong> \u00ab<em>en el mismo instante en que aquel trago, con las migas del bollo, toc\u00f3 mi paladar, me estremec\u00ed\u2026<\/em>\u00bb<\/span><\/p>\n<p><a href=\"https:\/\/static-blogs.lasprovincias.es\/wp-content\/uploads\/sites\/18\/2019\/09\/LIBRO.jpg\"><img loading=\"lazy\" class=\"alignnone size-large wp-image-20332\" src=\"https:\/\/static-blogs.lasprovincias.es\/wp-content\/uploads\/sites\/18\/2019\/09\/LIBRO-1024x615.jpg\" alt=\"\" width=\"1024\" height=\"615\" srcset=\"https:\/\/static-blogs.lasprovincias.es\/wp-content\/uploads\/sites\/18\/2019\/09\/LIBRO.jpg 1024w, https:\/\/static-blogs.lasprovincias.es\/wp-content\/uploads\/sites\/18\/2019\/09\/LIBRO-300x180.jpg 300w, https:\/\/static-blogs.lasprovincias.es\/wp-content\/uploads\/sites\/18\/2019\/09\/LIBRO-768x461.jpg 768w\" sizes=\"(max-width: 1024px) 100vw, 1024px\" \/><\/a><\/p><\/blockquote>\n<hr \/>\n<p><span style=\"color: #ff0000;\">V.<\/span> No es un cocinero del dulce, un simple alquimista de pasteles. Es m\u00e1s. Y lo es porque te deja tatuada su historia, sus relatos, sus creaciones. Como <strong>Freddie Mercury<\/strong> te deja su voz;\u00a0\u00a0<strong>Salvador Dal\u00ed<\/strong>\u00a0,sus elefantes jirafa caminando por tu costado;\u00a0<strong>Miquel Barcel\u00f3,\u00a0<\/strong>monos de barro, o <strong>Marcel Proust,<\/strong> un trozo de bollo gritando recuerdos. Es, como relata Antoja, el detonante de un cambio:<\/p>\n<blockquote><p><em> &#8220;La chispa de la revoluci\u00f3n dulce empez\u00f3 de la manera m\u00e1s inesperada. Fue con un joven de 19 a\u00f1os que iniciaba su andadura entre fogones junto a sus hermanos&#8221;. <\/em><\/p><\/blockquote>\n<p>&nbsp;<\/p>\n<p>Fue la chispa de la revoluci\u00f3n dulce. La guillotina al postre sin vida. El que puso a las guindas a bailar claqu\u00e9. Quien lleno de nata la s\u00e1tira y el helado de iron\u00eda.\u00a0Un poco de Gloria Fuertes y una cucharilla de Sabina. Electr\u00f3nico y, a la vez, rel\u00e1mpago. Trapecista entre quimeras. Pastelero con chistera. El que juega con dinosaurios.<\/p>\n<p style=\"text-align: right;\"><strong>Un sorbo de libro viejo. Una dulce dentellada al bosque. Una tarta con pantalones de campana. Verdes. Naranjas. Un volc\u00e1n de nieve. Y abracadabra.<\/strong><\/p>\n<p>&nbsp;<\/p>\n<p><a href=\"https:\/\/static-blogs.lasprovincias.es\/wp-content\/uploads\/sites\/18\/2019\/09\/IMG_9999-1280x853.jpg\"><img loading=\"lazy\" class=\"alignnone size-large wp-image-20331\" src=\"https:\/\/static-blogs.lasprovincias.es\/wp-content\/uploads\/sites\/18\/2019\/09\/IMG_9999-1280x853-1024x682.jpg\" alt=\"\" width=\"1024\" height=\"682\" srcset=\"https:\/\/static-blogs.lasprovincias.es\/wp-content\/uploads\/sites\/18\/2019\/09\/IMG_9999-1280x853-1024x682.jpg 1024w, https:\/\/static-blogs.lasprovincias.es\/wp-content\/uploads\/sites\/18\/2019\/09\/IMG_9999-1280x853-300x200.jpg 300w, https:\/\/static-blogs.lasprovincias.es\/wp-content\/uploads\/sites\/18\/2019\/09\/IMG_9999-1280x853-768x512.jpg 768w, https:\/\/static-blogs.lasprovincias.es\/wp-content\/uploads\/sites\/18\/2019\/09\/IMG_9999-1280x853.jpg 1280w\" sizes=\"(max-width: 1024px) 100vw, 1024px\" \/><\/a><\/p>\n<hr \/>\n<p style=\"text-align: left;\"><strong>#GrandesAlquimistas<\/strong><\/p>\n<ol>\n<li style=\"text-align: left;\"><span style=\"color: #808080;\">Jordi Roca. O el pastelero que jugaba con dinosaurios.<\/span><\/li>\n<\/ol>\n<p><span style=\"color: #ff0000;\">Te puede interesar:<\/span><\/p>\n<ul>\n<li><span style=\"color: #808080;\"><a style=\"color: #808080;\" href=\"https:\/\/blogs.lasprovincias.es\/historiascondelantal\/2018\/06\/04\/erase-una-vez-el-celler-de-can-roca\/\">\u00c9rase una vez el Celler<\/a><\/span><\/li>\n<li><span style=\"color: #808080;\"><a style=\"color: #808080;\" href=\"https:\/\/blogs.lasprovincias.es\/historiascondelantal\/2019\/08\/02\/salvador-monpla-la-nueva-vida-del-pastelero-que-toco-la-cima-v\/\">Monpla. La nueva vida del pastelero que toc\u00f3 la cima<\/a>.\u00a0<\/span><\/li>\n<\/ul>\n<hr \/>\n<p><a href=\"https:\/\/static-blogs.lasprovincias.es\/wp-content\/uploads\/sites\/18\/2019\/09\/A203C74A-D304-448F-BFF4-C5C817AF9A58.jpeg\"><img loading=\"lazy\" class=\"alignnone size-full wp-image-20385\" src=\"https:\/\/static-blogs.lasprovincias.es\/wp-content\/uploads\/sites\/18\/2019\/09\/A203C74A-D304-448F-BFF4-C5C817AF9A58.jpeg\" alt=\"\" width=\"3464\" height=\"3464\" \/><\/a><\/p>\n<p>&nbsp;<\/p>\n<!-- AddThis Advanced Settings generic via filter on the_content --><!-- AddThis Share Buttons generic via filter on the_content -->","protected":false},"excerpt":{"rendered":"<p>Llevaba tiempo queriendo hacer esto. Meses. Quiz\u00e1s a\u00f1os. Ten\u00eda ganas de escribir sobre \u00e9l. Aunque no ten\u00eda prisa. Mientras las manos pululen y la cabeza carbure, seguir\u00e1n fluyendo las palabras. Y con palabras, hay relato. Y con un relato, todo es posible. Hasta lo imposible. \u00c9l lo sabe bien.\u00a0 Un sorbo de libro viejo. Una [&hellip;]<!-- AddThis Advanced Settings generic via filter on get_the_excerpt --><!-- AddThis Share Buttons generic via filter on get_the_excerpt --><\/p>\n","protected":false},"author":23,"featured_media":20331,"comment_status":"open","ping_status":"open","sticky":false,"template":"","format":"standard","meta":[],"categories":[2,3,4,5,1,7],"tags":[1183,1738,537,1737,1520],"_links":{"self":[{"href":"https:\/\/blogs.lasprovincias.es\/historiascondelantal\/wp-json\/wp\/v2\/posts\/20316"}],"collection":[{"href":"https:\/\/blogs.lasprovincias.es\/historiascondelantal\/wp-json\/wp\/v2\/posts"}],"about":[{"href":"https:\/\/blogs.lasprovincias.es\/historiascondelantal\/wp-json\/wp\/v2\/types\/post"}],"author":[{"embeddable":true,"href":"https:\/\/blogs.lasprovincias.es\/historiascondelantal\/wp-json\/wp\/v2\/users\/23"}],"replies":[{"embeddable":true,"href":"https:\/\/blogs.lasprovincias.es\/historiascondelantal\/wp-json\/wp\/v2\/comments?post=20316"}],"version-history":[{"count":25,"href":"https:\/\/blogs.lasprovincias.es\/historiascondelantal\/wp-json\/wp\/v2\/posts\/20316\/revisions"}],"predecessor-version":[{"id":20425,"href":"https:\/\/blogs.lasprovincias.es\/historiascondelantal\/wp-json\/wp\/v2\/posts\/20316\/revisions\/20425"}],"wp:featuredmedia":[{"embeddable":true,"href":"https:\/\/blogs.lasprovincias.es\/historiascondelantal\/wp-json\/wp\/v2\/media\/20331"}],"wp:attachment":[{"href":"https:\/\/blogs.lasprovincias.es\/historiascondelantal\/wp-json\/wp\/v2\/media?parent=20316"}],"wp:term":[{"taxonomy":"category","embeddable":true,"href":"https:\/\/blogs.lasprovincias.es\/historiascondelantal\/wp-json\/wp\/v2\/categories?post=20316"},{"taxonomy":"post_tag","embeddable":true,"href":"https:\/\/blogs.lasprovincias.es\/historiascondelantal\/wp-json\/wp\/v2\/tags?post=20316"}],"curies":[{"name":"wp","href":"https:\/\/api.w.org\/{rel}","templated":true}]}}