{"id":2034,"date":"2014-05-03T05:24:43","date_gmt":"2014-05-03T05:24:43","guid":{"rendered":"http:\/\/blogs.lasprovincias.es\/historiascondelantal\/?p=2034"},"modified":"2014-05-03T05:24:43","modified_gmt":"2014-05-03T05:24:43","slug":"la-madre-de-todos-los-chefs","status":"publish","type":"post","link":"https:\/\/blogs.lasprovincias.es\/historiascondelantal\/2014\/05\/03\/la-madre-de-todos-los-chefs\/","title":{"rendered":"LA MADRE DE TODOS LOS CHEFS"},"content":{"rendered":"<p style=\"text-align: left;\"><a href=\"\/historiascondelantal\/wp-content\/uploads\/sites\/18\/2014\/05\/IMG_5945.jpg\"><br \/>\n<\/a><\/p>\n<p style=\"text-align: left;\"><span style=\"color: #888888;\"><em><span style=\"font-size: small;\">\u00c9sta es una historia escrita desde el coraz\u00f3n.<\/span> S\u00ed, como si se fuera a servir acompa\u00f1ando el men\u00fa-2014 de Francis Paniego en\u00a0<strong>El Portal de Echaurren. Un men\u00fa,\u00a0<\/strong>\u00a0<strong><span style=\"color: #ff7a7a;\">&#8220;Desde las entra\u00f1as&#8221;<\/span><\/strong>. Caser\u00eda de palabras para hacer latir el coraz\u00f3n de&#8230;.<br \/>\n<\/em><\/span><\/p>\n<p style=\"text-align: center;\"><span style=\"color: #888888;\"><em><\/em><span style=\"color: #ff7a7a;\"><span style=\"font-size: x-large;\"><strong>La Madre de Todos los Chefs<\/strong><\/span><em><span style=\"font-size: x-large;\">.<\/span> <\/em><\/span><\/span><\/p>\n<p style=\"text-align: center;\"><span style=\"color: #888888;\"><em>\u00a0 \u00a0 \u00a0 \u00a0 \u00a0 \u00a0 \u00a0 \u00a0 \u00a0 \u00a0 \u00a0 \u00a0 \u00a0 \u00a0 \u00a0 \u00a0 \u00a0 \u00a0 \u00a0 \u00a0 \u00a0 \u00a0 \u00a0 \u00a0 \u00a0 \u00a0 \u00a0 \u00a0 \u00a0 \u00a0 \u00a0 \u00a0 \u00a0 \u00a0 \u00a0 \u00a0 \u00a0 \u00a0 \u00a0 \u00a0 \u00a0 \u00a0 \u00a0 \u00a0 \u00a0O de las madres&#8230; \u00a0 <\/em><\/span><\/p>\n<p style=\"text-align: center;\"><span style=\"color: #888888;\"><em><a href=\"\/historiascondelantal\/wp-content\/uploads\/sites\/18\/2014\/05\/IMG_59472.jpg\"><img loading=\"lazy\" class=\"aligncenter  wp-image-2061\" title=\"IMG_5947\" src=\"\/historiascondelantal\/wp-content\/uploads\/sites\/18\/2014\/05\/IMG_59472.jpg\" alt=\"\" width=\"614\" height=\"314\" srcset=\"https:\/\/static-blogs.lasprovincias.es\/wp-content\/uploads\/sites\/18\/2014\/05\/IMG_59472.jpg 2448w, https:\/\/static-blogs.lasprovincias.es\/wp-content\/uploads\/sites\/18\/2014\/05\/IMG_59472-300x153.jpg 300w, https:\/\/static-blogs.lasprovincias.es\/wp-content\/uploads\/sites\/18\/2014\/05\/IMG_59472-768x393.jpg 768w, https:\/\/static-blogs.lasprovincias.es\/wp-content\/uploads\/sites\/18\/2014\/05\/IMG_59472-1024x524.jpg 1024w\" sizes=\"(max-width: 614px) 100vw, 614px\" \/><\/a><\/em><\/span><\/p>\n<p style=\"text-align: center;\"><span style=\"color: #888888;\"><em><!--more-->\u00a0<\/em><\/span><\/p>\n<p style=\"text-align: center;\"><a href=\"\/historiascondelantal\/wp-content\/uploads\/sites\/18\/2014\/05\/IMG_5846.jpg\"><img loading=\"lazy\" class=\"aligncenter  wp-image-2058\" title=\"IMG_5846\" src=\"\/historiascondelantal\/wp-content\/uploads\/sites\/18\/2014\/05\/IMG_5846.jpg\" alt=\"\" width=\"491\" height=\"369\" srcset=\"https:\/\/static-blogs.lasprovincias.es\/wp-content\/uploads\/sites\/18\/2014\/05\/IMG_5846.jpg 1024w, https:\/\/static-blogs.lasprovincias.es\/wp-content\/uploads\/sites\/18\/2014\/05\/IMG_5846-300x225.jpg 300w, https:\/\/static-blogs.lasprovincias.es\/wp-content\/uploads\/sites\/18\/2014\/05\/IMG_5846-768x576.jpg 768w\" sizes=\"(max-width: 491px) 100vw, 491px\" \/><\/a><\/p>\n<p style=\"text-align: center;\"><span style=\"color: #888888;\"><em><span style=\"font-size: small;\">\u00a0 \u00a0 \u00a0 \u00a0 \u00a0 \u00a0 \u00a0 \u00a0 \u00a0 \u00a0 \u00a0 \u00a0 \u00a0 \u00a0\u00a0 Estas dos fotos son propiedad de Francis Paniego. Igual que las que ver\u00e1s a continuaci\u00f3n, extra\u00eddas de su blog y de las redes sociales. Tantos de Francis como de El Grupo La Sucursal.<\/span><br \/>\n<\/em><\/span><\/p>\n<div style=\"text-align: center;\">\n<p style=\"text-align: right;\"><a href=\"https:\/\/twitter.com\/JesusTrelis\" data-show-count=\"false\" data-lang=\"es\" rel=\"external nofollow\">Seguir a m\u00edster Cooking: @JesusTrelis<\/a><\/p>\n<p style=\"text-align: left;\"><span style=\"color: #339966;\"><strong>Marisa S\u00e1nchez<\/strong><\/span> naci\u00f3 en Ezcaray en 1933, a las puertas de\u00a0la Guerra Civil. <span style=\"color: #3366ff;\"><strong>Loles Salvador<\/strong><\/span> vino al mundo en la calle Salamanca de Valencia un d\u00eda de bombardeo. Quiz\u00e1s el \u00faltimo que sufri\u00f3 la ciudad del Turia. Cada una emprend\u00eda viaje por una vida que, ellas no lo deben ni saber, iba a estar repletas de paralelismos. En el fondo, <strong>vidas ligadas por una misma traves\u00eda: la gastronom\u00eda<\/strong>. O la cocina, como prefieras. <strong>Y por un mismo objetivo:\u00a0 la familia<\/strong>. Numerosa, las dos. Grandes familias gastron\u00f3micas (en el m\u00e1s amplio sentido de la palabra <span style=\"color: #808080;\"><strong><span style=\"font-size: x-small;\">GRANDES)<\/span><\/strong><\/span>.<\/p>\n<p style=\"text-align: center;\"><a href=\"\/historiascondelantal\/wp-content\/uploads\/sites\/18\/2014\/05\/IMG_5950.jpg\"><img loading=\"lazy\" class=\"aligncenter  wp-image-2038\" title=\"IMG_5950\" src=\"\/historiascondelantal\/wp-content\/uploads\/sites\/18\/2014\/05\/IMG_5950.jpg\" alt=\"\" width=\"491\" height=\"491\" srcset=\"https:\/\/static-blogs.lasprovincias.es\/wp-content\/uploads\/sites\/18\/2014\/05\/IMG_5950.jpg 1024w, https:\/\/static-blogs.lasprovincias.es\/wp-content\/uploads\/sites\/18\/2014\/05\/IMG_5950-150x150.jpg 150w, https:\/\/static-blogs.lasprovincias.es\/wp-content\/uploads\/sites\/18\/2014\/05\/IMG_5950-300x300.jpg 300w, https:\/\/static-blogs.lasprovincias.es\/wp-content\/uploads\/sites\/18\/2014\/05\/IMG_5950-768x768.jpg 768w\" sizes=\"(max-width: 491px) 100vw, 491px\" \/><\/a><\/p>\n<p style=\"text-align: left;\">Las dos han sido <strong>pioneras<\/strong>. Marisa fue\u00a0la primera mujer Premio Nacional de Gastronom\u00eda. Loles, posiblemente la primera titulada de Espa\u00f1a en la Escuela de Hosteler\u00eda. Las dos se han convertido en un <strong>referente cultural y culinario\u00a0<\/strong>(si es\u00a0que no es lo mismo)<strong>\u00a0de su tierra<\/strong>. Y las dos son\u00a0<strong>ejemplo indiscutible<\/strong> de lo que es <strong><span style=\"color: #000000;\">sacrificio, pasi\u00f3n, trabajo y coherencia<\/span><\/strong>.<\/p>\n<p style=\"text-align: right;\"><strong><span style=\"color: #339966;\">\u2663 MARISA ES\u00a0<\/span><\/strong>\u00a0la Dama de la Gastronom\u00eda espa\u00f1ola y <strong><span style=\"color: #339966;\">Reina de la Croqueta Pluscuamperfecta<\/span><\/strong> (Croqueta by Echaurren).<\/p>\n<p style=\"text-align: right;\"><strong><span style=\"color: #3366ff;\">\u2660 LOLES ES\u00a0<\/span><\/strong>\u00a0la <strong><span style=\"color: #3366ff;\">Madre de la Cocina Valenciana.\u00a0<\/span><\/strong>El Hada Blanca que hac\u00eda de las ra\u00edces, vanguardia.<\/p>\n<p style=\"text-align: left;\">Y junto a ellas, una legi\u00f3n de mujeres que son las verdaderas responsables de que ho<strong>y, hablar de gastronom\u00eda en Espa\u00f1a, sea hablar de arte y de excelencia<\/strong>. Son Madres de Chefs.<\/p>\n<p style=\"text-align: center;\"><a href=\"\/historiascondelantal\/wp-content\/uploads\/sites\/18\/2014\/05\/IMG_59451.jpg\"><img loading=\"lazy\" class=\"aligncenter  wp-image-2039\" title=\"IMG_5945\" src=\"\/historiascondelantal\/wp-content\/uploads\/sites\/18\/2014\/05\/IMG_59451.jpg\" alt=\"\" width=\"614\" height=\"409\" srcset=\"https:\/\/static-blogs.lasprovincias.es\/wp-content\/uploads\/sites\/18\/2014\/05\/IMG_59451.jpg 2448w, https:\/\/static-blogs.lasprovincias.es\/wp-content\/uploads\/sites\/18\/2014\/05\/IMG_59451-300x200.jpg 300w, https:\/\/static-blogs.lasprovincias.es\/wp-content\/uploads\/sites\/18\/2014\/05\/IMG_59451-768x512.jpg 768w, https:\/\/static-blogs.lasprovincias.es\/wp-content\/uploads\/sites\/18\/2014\/05\/IMG_59451-1024x683.jpg 1024w\" sizes=\"(max-width: 614px) 100vw, 614px\" \/><\/a><\/p>\n<p style=\"text-align: center;\"><a href=\"\/historiascondelantal\/wp-content\/uploads\/sites\/18\/2014\/05\/IMG_5946.jpg\"><img loading=\"lazy\" class=\"aligncenter  wp-image-2040\" title=\"IMG_5946\" src=\"\/historiascondelantal\/wp-content\/uploads\/sites\/18\/2014\/05\/IMG_5946.jpg\" alt=\"\" width=\"460\" height=\"574\" srcset=\"https:\/\/static-blogs.lasprovincias.es\/wp-content\/uploads\/sites\/18\/2014\/05\/IMG_5946.jpg 1632w, https:\/\/static-blogs.lasprovincias.es\/wp-content\/uploads\/sites\/18\/2014\/05\/IMG_5946-241x300.jpg 241w, https:\/\/static-blogs.lasprovincias.es\/wp-content\/uploads\/sites\/18\/2014\/05\/IMG_5946-768x958.jpg 768w, https:\/\/static-blogs.lasprovincias.es\/wp-content\/uploads\/sites\/18\/2014\/05\/IMG_5946-821x1024.jpg 821w\" sizes=\"(max-width: 460px) 100vw, 460px\" \/><\/a><\/p>\n<p style=\"text-align: left;\">Son \u00a0madres de los chefs \u00a0que hacen grande la palabra\u00a0<strong>COCINERO<\/strong>.\u00a0Como <strong>Ana<\/strong>, la gran jefa del <strong>clan Rausell\u00a0<\/strong>, de la que nunca olvidar\u00e9 su tarta de queso \u2013porque la prob\u00e9 y creo que llor\u00e9 \ud83d\ude42 (\u00a1Que ganas de volver!). Y de <strong>Amparo Rabad\u00e1n\u00a0\u00a0<\/strong>-una especie de maravilloso <strong>Ratatouille que a veces se cuela en La Pitanza<\/strong>&#8211; capaz de hacer el mejor <span style=\"color: #99cc00;\">arroz &#8216;m\u00e1gico&#8217; al horno<\/span> de todo el planeta. O la madre de <strong>Germ\u00e1n Carrizo<\/strong>, el gran chef de<strong> El Poblet<\/strong>, con el que me encantar\u00eda viajar de esp\u00eda a su hermosa Mendoza para compartir unos canalones de su a\u00f1orada y querida mami, <strong>do\u00f1a Justina<\/strong>. \u00a1<span style=\"color: #99cc00;\">Canelones de Justina<\/span>!\u00a0 O como la\u00a0<strong>Steve Anderson<\/strong> \u2013chef de <strong>Xeu Serea<\/strong>-, a la que siempre recurre a la hora de recrear su cocina y explicar sus creaciones basadas en la fusi\u00f3n. A la que siempre alude a la hora de hacernos ver c\u00f3mo entiende la vida:<\/p>\n<p><span style=\"background-color: #ffffff; color: #808080;\">&#8220;<em>Mi madre me inculc\u00f3 desde peque\u00f1o la importancia de no desperdiciar la comida. Ella vivi\u00f3 las penurias de los refugiados cuando siendo ni\u00f1a sali\u00f3 de Birmania en el \u00faltimo vuelo antes de la llegada de las tropas japonesas&#8230;&#8221;\u00a0<\/em><\/span><\/p>\n<p>&nbsp;<\/p>\n<div id=\"attachment_2041\" style=\"width: 624px\" class=\"wp-caption aligncenter\"><a href=\"\/historiascondelantal\/wp-content\/uploads\/sites\/18\/2014\/05\/IMG_5958.jpg\"><img aria-describedby=\"caption-attachment-2041\" loading=\"lazy\" class=\" wp-image-2041 \" title=\"IMG_5958\" src=\"\/historiascondelantal\/wp-content\/uploads\/sites\/18\/2014\/05\/IMG_5958.jpg\" alt=\"\" width=\"614\" height=\"205\" srcset=\"https:\/\/static-blogs.lasprovincias.es\/wp-content\/uploads\/sites\/18\/2014\/05\/IMG_5958.jpg 3200w, https:\/\/static-blogs.lasprovincias.es\/wp-content\/uploads\/sites\/18\/2014\/05\/IMG_5958-300x100.jpg 300w, https:\/\/static-blogs.lasprovincias.es\/wp-content\/uploads\/sites\/18\/2014\/05\/IMG_5958-768x256.jpg 768w, https:\/\/static-blogs.lasprovincias.es\/wp-content\/uploads\/sites\/18\/2014\/05\/IMG_5958-1024x341.jpg 1024w\" sizes=\"(max-width: 614px) 100vw, 614px\" \/><\/a><p id=\"caption-attachment-2041\" class=\"wp-caption-text\">La mam\u00e1 del Rausell y sus hijos Miguel y Jos\u00e9.<\/p><\/div>\n<div id=\"attachment_2042\" style=\"width: 490px\" class=\"wp-caption aligncenter\"><a href=\"\/historiascondelantal\/wp-content\/uploads\/sites\/18\/2014\/05\/IMG_5959.jpg\"><img aria-describedby=\"caption-attachment-2042\" loading=\"lazy\" class=\" wp-image-2042\" title=\"IMG_5959\" src=\"\/historiascondelantal\/wp-content\/uploads\/sites\/18\/2014\/05\/IMG_5959.jpg\" alt=\"\" width=\"480\" height=\"269\" srcset=\"https:\/\/static-blogs.lasprovincias.es\/wp-content\/uploads\/sites\/18\/2014\/05\/IMG_5959.jpg 800w, https:\/\/static-blogs.lasprovincias.es\/wp-content\/uploads\/sites\/18\/2014\/05\/IMG_5959-300x168.jpg 300w, https:\/\/static-blogs.lasprovincias.es\/wp-content\/uploads\/sites\/18\/2014\/05\/IMG_5959-768x431.jpg 768w\" sizes=\"(max-width: 480px) 100vw, 480px\" \/><\/a><p id=\"caption-attachment-2042\" class=\"wp-caption-text\">La mam\u00e1 de La Pitanza, con su arroz de magia al forn \ud83d\ude42<\/p><\/div>\n<p style=\"text-align: left;\">Me entusiasma trabajar de esp\u00eda de El Pa\u00eds de las Gastrosof\u00edas, especialmente cuando tengo que aterrizar en la vida de otros (siempre <em>Sisters&#038;Brothers<\/em> del Club Del Delantal) y\u00a0descubrir con mis artilugios (lupas-guisante y croquetas-sat\u00e9lite) las andanzas de gente como <strong><span style=\"color: #339966;\">Marisa y su hijo Francis Paniego<\/span><\/strong> (dos estrellas Michelin por El Portal de Echaurren, un sue\u00f1o fascinante llamado Tondeluna y una generosidad inmensa) o<strong><span style=\"color: #3366ff;\"> Loles y todo el Clan De Andr\u00e9s<\/span><\/strong> (dos restaurantes con la estrellita, un carromato de pasi\u00f3n y una fascinante historia gastron\u00f3mica).<\/p>\n<p style=\"text-align: right;\">Con ellos me junt\u00e9 en mi imaginario -ese que tengo repleto de pajarillos- para celebrar el D\u00eda de la Madre&#8230;<\/p>\n<p style=\"text-align: right;\"><span style=\"font-size: small;\"><strong><span style=\"color: #808080;\">Eso s\u00ed,\u00a0 EL D\u00cdA DE LA MADRE DE TODOS LOS CHEFS<\/span><\/strong><\/span>.<\/p>\n<p><span style=\"font-size: large; color: #99cc00;\"><strong>\u2192Vamos a Ezcaray primero&#8230;<\/strong><\/span><\/p>\n<p style=\"text-align: center;\"><a href=\"\/historiascondelantal\/wp-content\/uploads\/sites\/18\/2014\/05\/IMG_5940.jpg\"><img loading=\"lazy\" class=\"aligncenter  wp-image-2043\" title=\"IMG_5940\" src=\"\/historiascondelantal\/wp-content\/uploads\/sites\/18\/2014\/05\/IMG_5940.jpg\" alt=\"\" width=\"614\" height=\"614\" srcset=\"https:\/\/static-blogs.lasprovincias.es\/wp-content\/uploads\/sites\/18\/2014\/05\/IMG_5940.jpg 1512w, https:\/\/static-blogs.lasprovincias.es\/wp-content\/uploads\/sites\/18\/2014\/05\/IMG_5940-150x150.jpg 150w, https:\/\/static-blogs.lasprovincias.es\/wp-content\/uploads\/sites\/18\/2014\/05\/IMG_5940-300x300.jpg 300w, https:\/\/static-blogs.lasprovincias.es\/wp-content\/uploads\/sites\/18\/2014\/05\/IMG_5940-768x768.jpg 768w, https:\/\/static-blogs.lasprovincias.es\/wp-content\/uploads\/sites\/18\/2014\/05\/IMG_5940-1024x1024.jpg 1024w\" sizes=\"(max-width: 614px) 100vw, 614px\" \/><\/a><\/p>\n<p><sup>La foto de grupo es del pasado oto\u00f1o, tras recibir la segunda estrella Michelin. Foto de Justo Rodr\u00edguez (La Rioja)<\/sup><\/p>\n<p style=\"text-align: left;\"><span style=\"color: #339966;\"><strong><br \/>\n<\/strong><\/span><\/p>\n<p style=\"text-align: left;\">A lo largo de mi conversaci\u00f3n como supergante con<strong> <span style=\"color: #339966;\">el\u00a0duendecillo del Valle de Ezcaray<\/span><\/strong>, m\u00e1s conocido en la Tierra como Francis Paniego, \u00e9ste me llen\u00f3 la cabeza de emociones. Las vive tanto que, al contarlas, te mete en su pel\u00edcula, en sus recuerdos, en su vida&#8230; Y entonces te da la sensaci\u00f3n de lograr que est\u00e9s con ella. Con su madre. Con do\u00f1a Marisa. (Todos en pie)<\/p>\n<p style=\"text-align: center;\"><a href=\"\/historiascondelantal\/wp-content\/uploads\/sites\/18\/2014\/05\/IMG_5887.png\"><img loading=\"lazy\" class=\"aligncenter  wp-image-2044\" title=\"IMG_5887\" src=\"\/historiascondelantal\/wp-content\/uploads\/sites\/18\/2014\/05\/IMG_5887.png\" alt=\"\" width=\"614\" height=\"461\" srcset=\"https:\/\/static-blogs.lasprovincias.es\/wp-content\/uploads\/sites\/18\/2014\/05\/IMG_5887.png 1024w, https:\/\/static-blogs.lasprovincias.es\/wp-content\/uploads\/sites\/18\/2014\/05\/IMG_5887-300x225.png 300w, https:\/\/static-blogs.lasprovincias.es\/wp-content\/uploads\/sites\/18\/2014\/05\/IMG_5887-768x576.png 768w\" sizes=\"(max-width: 614px) 100vw, 614px\" \/><\/a><\/p>\n<p style=\"text-align: left;\">De todos los recuerdos de Francis, mi croqueta-sat\u00e9lite capt\u00f3 con especial intensidad los de aquel d\u00eda en que dos cr\u00edticos gastron\u00f3micos (de esos de los que saben un mont\u00f3n, con apellidos tal como Ans\u00f3n y Domingo -no te digo m\u00e1s-), se colaron en la cocina del <strong><span style=\"color: #339966;\">Hotel Echaurren<\/span><\/strong>. All\u00ed, Marisa se multiplicaba ante sus guisos haciendo lo que entonces eran quimeras culinarias y ahora es Patrimonio Nacional de la Gastronom\u00eda.<strong><span style=\"color: #808080;\"> <em>\u201cEntraron y se la encontraron rodeada de chiquillos, de m\u00ed y de mis hermanos, y ella dici\u00e9ndonos que movi\u00e9ramos tal cuchar\u00f3n, que cuid\u00e1ramos tal fuego\u2026. \u00a1se quedaron admirados!\u201d<\/em><\/span>,<\/strong> asegura el genio de Tondeluna. Admirados de ella, de ver c\u00f3mo trabajaba junto a sus hijos y, claro, del bacalao a la riojana que se tomaron.\u00a0<strong><span style=\"color: #339966;\">Le hicieron la primera cr\u00edtica gastron\u00f3mica de su vida<\/span><\/strong><span style=\"color: #000000;\">. F<\/span>ue tan contundente que la catapult\u00f3 al estrellato gastron\u00f3mico.<\/p>\n<div id=\"attachment_2045\" style=\"width: 400px\" class=\"wp-caption aligncenter\"><a href=\"\/historiascondelantal\/wp-content\/uploads\/sites\/18\/2014\/05\/IMG_5823.jpg\"><img aria-describedby=\"caption-attachment-2045\" loading=\"lazy\" class=\" wp-image-2045 \" title=\"IMG_5823\" src=\"\/historiascondelantal\/wp-content\/uploads\/sites\/18\/2014\/05\/IMG_5823.jpg\" alt=\"\" width=\"390\" height=\"228\" srcset=\"https:\/\/static-blogs.lasprovincias.es\/wp-content\/uploads\/sites\/18\/2014\/05\/IMG_5823.jpg 650w, https:\/\/static-blogs.lasprovincias.es\/wp-content\/uploads\/sites\/18\/2014\/05\/IMG_5823-300x175.jpg 300w\" sizes=\"(max-width: 390px) 100vw, 390px\" \/><\/a><p id=\"caption-attachment-2045\" class=\"wp-caption-text\">Los padres de Francis en su cocina.<\/p><\/div>\n<p>.<\/p>\n<p>&nbsp;<\/p>\n<p><span style=\"font-size: large;\"><strong><span style=\"color: #3366ff;\">\u2192Nos vamos ahora con Loles&#8230;<\/span><\/strong><\/span><\/p>\n<p style=\"text-align: center;\"><a href=\"\/historiascondelantal\/wp-content\/uploads\/sites\/18\/2014\/05\/IMG_5955.jpg\"><img loading=\"lazy\" class=\"aligncenter  wp-image-2046\" title=\"IMG_5955\" src=\"\/historiascondelantal\/wp-content\/uploads\/sites\/18\/2014\/05\/IMG_5955.jpg\" alt=\"\" width=\"614\" height=\"614\" srcset=\"https:\/\/static-blogs.lasprovincias.es\/wp-content\/uploads\/sites\/18\/2014\/05\/IMG_5955.jpg 1512w, https:\/\/static-blogs.lasprovincias.es\/wp-content\/uploads\/sites\/18\/2014\/05\/IMG_5955-150x150.jpg 150w, https:\/\/static-blogs.lasprovincias.es\/wp-content\/uploads\/sites\/18\/2014\/05\/IMG_5955-300x300.jpg 300w, https:\/\/static-blogs.lasprovincias.es\/wp-content\/uploads\/sites\/18\/2014\/05\/IMG_5955-768x768.jpg 768w, https:\/\/static-blogs.lasprovincias.es\/wp-content\/uploads\/sites\/18\/2014\/05\/IMG_5955-1024x1024.jpg 1024w\" sizes=\"(max-width: 614px) 100vw, 614px\" \/><\/a><\/p>\n<p style=\"text-align: left;\">En casa de <span style=\"color: #000000;\">Loles Salvador<\/span> pasaba algo parecido.\u00a0\u00a0\u201c<strong><span style=\"color: #808080;\"><em>De peque\u00f1os ya estaban por el restaurante siempre echando una mano<\/em><\/span><\/strong>\u201d, me cuenta la propia jefa. \u00a0<strong><span style=\"color: #808080;\"><em>\u201cT\u00fa te pon\u00edas encima de una caja de Coca Cola y empezabas a preparar caf\u00e9s\u2026 \u00a1Un d\u00eda vendiste un cami\u00f3n entero\u00a0 de polos!\u201d,<\/em><\/span><\/strong>\u00a0asegur\u00f3 entre risas mientras miraba a su hijo Jorge. \u00a0Loles es la madre de <span style=\"color: #3366ff;\">Jorge de Andr\u00e9s <span style=\"color: #000000;\">(Vertical)<\/span><\/span>. Y de <span style=\"color: #3366ff;\">Javier<\/span> (nominado a mejor jefe de Sala del Premio Nacional de Gastronom\u00eda por su trabajo en La Sucursal). Y de <span style=\"color: #3366ff;\">Miriam<\/span> (que ahora triunfa con Coloniales La Huerta). Y de <span style=\"color: #3366ff;\">Cristina, <span style=\"color: #000000;\">y<\/span> Manolo<\/span>\u2026 y de otros hijos que prefirieron no ponerse el delantal, al menos a nivel profesional, aunque han mamado la cocina hasta la m\u00e9dula. Porque, con su madre, no ha habido otra opci\u00f3n.\u00a0<span style=\"color: #808080;\"><strong>&#8220;<\/strong><strong><em>Les dije que si el objetivo era\u00a0ganar dinero que mont\u00e1ramos una casa de comidas en un Pol\u00edgono y bastaba&#8230;&#8221;.<\/em><\/strong><em> <\/em><strong><span style=\"color: #000000;\"><span style=\"color: #3366ff;\">Optaron evidentemente por so\u00f1ar<\/span>.<\/span><\/strong><\/span><\/p>\n<p style=\"text-align: center;\"><a href=\"\/historiascondelantal\/wp-content\/uploads\/sites\/18\/2014\/05\/IMG_5889.jpg\"><img loading=\"lazy\" class=\"aligncenter  wp-image-2052\" title=\"IMG_5889\" src=\"\/historiascondelantal\/wp-content\/uploads\/sites\/18\/2014\/05\/IMG_5889.jpg\" alt=\"\" width=\"614\" height=\"614\" srcset=\"https:\/\/static-blogs.lasprovincias.es\/wp-content\/uploads\/sites\/18\/2014\/05\/IMG_5889.jpg 1512w, https:\/\/static-blogs.lasprovincias.es\/wp-content\/uploads\/sites\/18\/2014\/05\/IMG_5889-150x150.jpg 150w, https:\/\/static-blogs.lasprovincias.es\/wp-content\/uploads\/sites\/18\/2014\/05\/IMG_5889-300x300.jpg 300w, https:\/\/static-blogs.lasprovincias.es\/wp-content\/uploads\/sites\/18\/2014\/05\/IMG_5889-768x768.jpg 768w, https:\/\/static-blogs.lasprovincias.es\/wp-content\/uploads\/sites\/18\/2014\/05\/IMG_5889-1024x1024.jpg 1024w\" sizes=\"(max-width: 614px) 100vw, 614px\" \/><\/a><\/p>\n<p style=\"text-align: left;\">A la Madre de la Cocina Valenciana la conoc\u00ed personalmente en <strong><span style=\"color: #3366ff;\">Coloniales La Huerta<\/span><\/strong>. Estaba con sus hijos Miriam y Jorge y una de sus nietas (de diez a\u00f1itos y una sonrisa repleta de entusiasmo). Era mediod\u00eda, la hora del almuerzo y, ante nosotros, esperaba una tabla de embutidos ib\u00e9ricos y unas espectaculares manitas. En Coloniales ofrecen eso y mucha m\u00e1s magia gastron\u00f3mica. Pero quiz\u00e1s lo m\u00e1s emotivo son los <span style=\"color: #3366ff;\">tarros con los tomates secos<\/span>\u00a0y\u00a0<span style=\"color: #3366ff;\">pimientos cocinados a le\u00f1a\u00a0que Loles elabora en su retiro del Rinc\u00f3n de Ademuz\u00a0<\/span><\/p>\n<p style=\"text-align: center;\"><a href=\"\/historiascondelantal\/wp-content\/uploads\/sites\/18\/2014\/05\/IMG_5804.jpg\"><img loading=\"lazy\" class=\"aligncenter  wp-image-2059\" title=\"IMG_5804\" src=\"\/historiascondelantal\/wp-content\/uploads\/sites\/18\/2014\/05\/IMG_5804.jpg\" alt=\"\" width=\"316\" height=\"461\" srcset=\"https:\/\/static-blogs.lasprovincias.es\/wp-content\/uploads\/sites\/18\/2014\/05\/IMG_5804.jpg 659w, https:\/\/static-blogs.lasprovincias.es\/wp-content\/uploads\/sites\/18\/2014\/05\/IMG_5804-206x300.jpg 206w\" sizes=\"(max-width: 316px) 100vw, 316px\" \/><\/a><\/p>\n<p>Y que tal&#8230; \u00bfuna<span style=\"font-size: medium; color: #99cc00;\"> ensaladilla<\/span> <span style=\"font-size: x-large; color: #008080;\">rusa<\/span> <span style=\"color: #99cc00;\"><em>a su manera<\/em><\/span>?<\/p>\n<p style=\"text-align: center;\"><a href=\"\/historiascondelantal\/wp-content\/uploads\/sites\/18\/2014\/05\/IMG_5904.jpg\"><img loading=\"lazy\" class=\"aligncenter  wp-image-2051\" title=\"IMG_5904\" src=\"\/historiascondelantal\/wp-content\/uploads\/sites\/18\/2014\/05\/IMG_5904.jpg\" alt=\"\" width=\"370\" height=\"277\" srcset=\"https:\/\/static-blogs.lasprovincias.es\/wp-content\/uploads\/sites\/18\/2014\/05\/IMG_5904.jpg 528w, https:\/\/static-blogs.lasprovincias.es\/wp-content\/uploads\/sites\/18\/2014\/05\/IMG_5904-300x225.jpg 300w\" sizes=\"(max-width: 370px) 100vw, 370px\" \/><\/a><\/p>\n<p style=\"text-align: left;\">Estuve dos horas de conversaci\u00f3n con ellos, aunque hubiese pagado porque fuera el doble. O quiz\u00e1s todo un d\u00eda. Pero ya sabes c\u00f3mo somos de aguafiestas los esp\u00edas. Me tuve que ir, aunque antes de eso,\u00a0<strong><span style=\"color: #3366ff;\">Loles me pidi\u00f3 un minuto<\/span><\/strong>.<strong><span style=\"color: #808080;\">\u201c<\/span><span style=\"color: #808080;\"><em><strong><span style=\"color: #808080;\">Apunta<\/span><\/strong> Cooking\u201d<\/em><\/span><\/strong><span style=\"color: #000000;\">, me vino a decir con su mirada.<\/span><strong><span style=\"color: #808080;\"><em> \u201cEnvejezco pensando que ha valido la pena; volver\u00eda a empezar y no cambiar\u00eda nada\u201d.<\/em><\/span><\/strong><\/p>\n<p><img loading=\"lazy\" class=\"aligncenter size-full wp-image-2049\" title=\"IMG_5918\" src=\"\/historiascondelantal\/wp-content\/uploads\/sites\/18\/2014\/05\/IMG_5918.jpg\" alt=\"\" width=\"544\" height=\"457\" srcset=\"https:\/\/static-blogs.lasprovincias.es\/wp-content\/uploads\/sites\/18\/2014\/05\/IMG_5918.jpg 544w, https:\/\/static-blogs.lasprovincias.es\/wp-content\/uploads\/sites\/18\/2014\/05\/IMG_5918-300x252.jpg 300w\" sizes=\"(max-width: 544px) 100vw, 544px\" \/><\/p>\n<p style=\"text-align: left;\">Sent\u00ed admiraci\u00f3n. Satisfacci\u00f3n por su sinceridad y \u00a0por tanta belleza interior. Y creo que vi salir a su alrededor una especie de lucecillas, campanillas voladoras, que me anunciaban que estaba ante un hada.<strong>\u00a0<span style=\"color: #3366ff;\">El Hada Blanca de la Cocina de los Grandes<\/span><\/strong>. Y vi un peque\u00f1o le\u00f3n en su interior que se mov\u00eda paciente mientras Mumford&#038;Sons entonaban sus guitarras&#8230; Vi un hada, s\u00ed. Un Hada Blanca.<\/p>\n<p><iframe loading=\"lazy\" src=\"\/\/www.youtube.com\/embed\/X7bHe--mp1g\" frameborder=\"0\" width=\"741\" height=\"419\"><\/iframe><\/p>\n<p style=\"text-align: left;\">Me entraron ganas de quitarme el disfraz de superagente y abrazarla. Y decirle: <strong><span style=\"color: #808080;\"><em>\u201c\u00a1Claro que ha valido la pena!<\/em><\/span><\/strong>\u201d. Basta ver\u00a0a sus hijos manteniendo a flote un negocio de hosteler\u00eda inmenso en Valencia \u00a0y\u00a0a sus nueve\u00a0nietos empujando por detr\u00e1s, algunos de ellos amenazando ya con ponerse el delantal. Ha valido la pena. S\u00ed.<\/p>\n<p style=\"text-align: right;\">Mira si no que cosillas hacen sus hijos ahora&#8230;<\/p>\n<p style=\"text-align: center;\"><a href=\"\/historiascondelantal\/wp-content\/uploads\/sites\/18\/2014\/05\/IMG_5877.jpg\"><img loading=\"lazy\" class=\"aligncenter  wp-image-2060\" title=\"IMG_5877\" src=\"\/historiascondelantal\/wp-content\/uploads\/sites\/18\/2014\/05\/IMG_5877.jpg\" alt=\"\" width=\"716\" height=\"403\" srcset=\"https:\/\/static-blogs.lasprovincias.es\/wp-content\/uploads\/sites\/18\/2014\/05\/IMG_5877.jpg 1023w, https:\/\/static-blogs.lasprovincias.es\/wp-content\/uploads\/sites\/18\/2014\/05\/IMG_5877-300x169.jpg 300w, https:\/\/static-blogs.lasprovincias.es\/wp-content\/uploads\/sites\/18\/2014\/05\/IMG_5877-768x432.jpg 768w\" sizes=\"(max-width: 716px) 100vw, 716px\" \/><\/a><\/p>\n<p style=\"text-align: left;\">Si Loles es hada, Marisa ser\u00eda&#8230; <span style=\"font-size: large; color: #99cc00;\">\u00bfhechicera?<\/span>\u00a0<span style=\"color: #3366ff;\">Loles<\/span>\u00a0montaba su casa a donde abr\u00eda restaurante para tener a sus hijos cerca. Y <span style=\"color: #339966;\">Marisa<\/span> se multiplicaba para poder estar al tiempo en la cocina y con ellos. \u00a0&#8220;<strong><span style=\"color: #808080;\"><em>La recuerdo conmigo al brazo y, a la vez, sirviendo las alubias&#8221;<\/em><\/span><\/strong>, relata Francis. Su manera de hablar de su madre demuestra que lo suyo es pasi\u00f3n:<\/p>\n<p><span style=\"color: #808080;\"><strong>\u201c<em>Mi madre es amor, puro amor. Una mujer que ha currado como una leona y que ha querido a su familia como una leona\u2026 <span style=\"color: #99cc00;\">Mi madre es amor, y trabajo, y generosidad, y cordura, y elegancia<\/span>&#8230; pero de\u00a0<\/em><\/strong><\/span><span style=\"color: #808080;\"><strong><em>verdad&#8230; no es porque sea su hijo&#8230;<\/em><\/strong><\/span>\u201d.<\/p>\n<p style=\"text-align: left;\"><img loading=\"lazy\" class=\"aligncenter  wp-image-2053\" title=\"IMG_5888\" src=\"\/historiascondelantal\/wp-content\/uploads\/sites\/18\/2014\/05\/IMG_5888.jpg\" alt=\"\" width=\"614\" height=\"614\" srcset=\"https:\/\/static-blogs.lasprovincias.es\/wp-content\/uploads\/sites\/18\/2014\/05\/IMG_5888.jpg 1512w, https:\/\/static-blogs.lasprovincias.es\/wp-content\/uploads\/sites\/18\/2014\/05\/IMG_5888-150x150.jpg 150w, https:\/\/static-blogs.lasprovincias.es\/wp-content\/uploads\/sites\/18\/2014\/05\/IMG_5888-300x300.jpg 300w, https:\/\/static-blogs.lasprovincias.es\/wp-content\/uploads\/sites\/18\/2014\/05\/IMG_5888-768x768.jpg 768w, https:\/\/static-blogs.lasprovincias.es\/wp-content\/uploads\/sites\/18\/2014\/05\/IMG_5888-1024x1024.jpg 1024w\" sizes=\"(max-width: 614px) 100vw, 614px\" \/><\/p>\n<p style=\"text-align: left;\">En una visita al restaurante\u00a0<strong><span style=\"color: #339966;\">Tondeluna<\/span><\/strong> (el \u00faltimo sue\u00f1o culinario de Francis Paniego) que intercept\u00e9 con mi lupa-guisante, <strong>Bego\u00f1a Rodrigo<\/strong> (la superchef de <strong>La Salita<\/strong>) asegur\u00f3 que sent\u00eda debilidad por el chef de El Porta y por su relaci\u00f3n con su madre: <strong><span style=\"color: #808080;\"><em>\u00abMe encanta su filosof\u00eda. Yo no tengo eso del terru\u00f1o y la familia y a veces me da envidia c\u00f3mo habla de su madre, de las croquetas, de c\u00f3mo lo cri\u00f3<\/em><\/span><\/strong>\u00bb. Por declaraciones como esas, Marisa\u00a0es algo as\u00ed como la madre de todos los cocineros de Espa\u00f1a. Por eso se entienden las palabras de Francis. Se entiende que sea como un peque\u00f1o pich\u00f3n volando fuerte, libre, en\u00e9rgico, pero siempre recost\u00e1ndose bajo la confortable ala de su madre. Bajo el c\u00e1lido abrazo de Marisa. El lugar donde flotan y anidan sus sue\u00f1os y sus recuerdos. <span style=\"color: #339966;\"><strong>El lugar donde juntos\u00a0se imaginan a menudo c\u00f3mo su hermano, que un d\u00eda parti\u00f3 para cocinar en el cielo, sirve men\u00fas gloriosos a los mism\u00edsimos \u00e1ngeles<\/strong><\/span>.<\/p>\n<p style=\"text-align: center;\"><a href=\"\/historiascondelantal\/wp-content\/uploads\/sites\/18\/2014\/05\/IMG_5882.jpg\"><img loading=\"lazy\" class=\"aligncenter  wp-image-2054\" title=\"IMG_5882\" src=\"\/historiascondelantal\/wp-content\/uploads\/sites\/18\/2014\/05\/IMG_5882.jpg\" alt=\"\" width=\"430\" height=\"295\" srcset=\"https:\/\/static-blogs.lasprovincias.es\/wp-content\/uploads\/sites\/18\/2014\/05\/IMG_5882.jpg 1600w, https:\/\/static-blogs.lasprovincias.es\/wp-content\/uploads\/sites\/18\/2014\/05\/IMG_5882-300x206.jpg 300w, https:\/\/static-blogs.lasprovincias.es\/wp-content\/uploads\/sites\/18\/2014\/05\/IMG_5882-768x527.jpg 768w, https:\/\/static-blogs.lasprovincias.es\/wp-content\/uploads\/sites\/18\/2014\/05\/IMG_5882-1024x702.jpg 1024w\" sizes=\"(max-width: 430px) 100vw, 430px\" \/><\/a><\/p>\n<\/div>\n<div>\n<p style=\"text-align: left;\"><strong><span style=\"color: #3366ff;\">Loles tambi\u00e9n tiene pinta de dar esos abrazos c\u00e1lidos.<\/span><\/strong> Bueno, sobretodo tiene pinta de ser sinceridad al cien por cien. Una mujer contundente, convencida de lo que hace, decidida y terriblemente optimista. \u201c<span style=\"color: #808080;\"><strong><em>Cuando me preguntan en Navidad si quiero loter\u00eda digo no, porque a m\u00ed me ha tocado ya tres veces el gordo: una con mi marido; otra con mis hijos, y otra\u2026 que no te la voy a contar<\/em><\/strong><\/span>\u201d. Y aunque, como buen superagente, pude sospechar de que me hablaba&#8230; yo tampoco\u00a0te lo voy a contar.<\/p>\n<p style=\"text-align: right;\">Los esp\u00edas debemos saber callar. Y aprender a escuchar. De ellas, de Marisa y de Loles, de su cocina&#8230;.<\/p>\n<p style=\"text-align: center;\"><strong><span style=\"color: #3366ff;\">As\u00ed se las gastan en el Grupo La Sucursal&#8230;<\/span><\/strong><\/p>\n<p style=\"text-align: center;\"><a href=\"\/historiascondelantal\/wp-content\/uploads\/sites\/18\/2014\/05\/IMG_5962.jpg\"><img loading=\"lazy\" class=\"aligncenter  wp-image-2055\" title=\"IMG_5962\" src=\"\/historiascondelantal\/wp-content\/uploads\/sites\/18\/2014\/05\/IMG_5962.jpg\" alt=\"\" width=\"491\" height=\"491\" srcset=\"https:\/\/static-blogs.lasprovincias.es\/wp-content\/uploads\/sites\/18\/2014\/05\/IMG_5962.jpg 1512w, https:\/\/static-blogs.lasprovincias.es\/wp-content\/uploads\/sites\/18\/2014\/05\/IMG_5962-150x150.jpg 150w, https:\/\/static-blogs.lasprovincias.es\/wp-content\/uploads\/sites\/18\/2014\/05\/IMG_5962-300x300.jpg 300w, https:\/\/static-blogs.lasprovincias.es\/wp-content\/uploads\/sites\/18\/2014\/05\/IMG_5962-768x768.jpg 768w, https:\/\/static-blogs.lasprovincias.es\/wp-content\/uploads\/sites\/18\/2014\/05\/IMG_5962-1024x1024.jpg 1024w\" sizes=\"(max-width: 491px) 100vw, 491px\" \/><\/a><\/p>\n<p style=\"text-align: center;\"><strong><span style=\"color: #99cc00;\">As\u00ed se las gastan, los de Ezcaray&#8230;<\/span><\/strong><\/p>\n<p style=\"text-align: center;\"><a href=\"\/historiascondelantal\/wp-content\/uploads\/sites\/18\/2014\/05\/IMG_5939.jpg\"><img loading=\"lazy\" class=\"aligncenter  wp-image-2056\" title=\"IMG_5939\" src=\"\/historiascondelantal\/wp-content\/uploads\/sites\/18\/2014\/05\/IMG_5939.jpg\" alt=\"\" width=\"491\" height=\"491\" srcset=\"https:\/\/static-blogs.lasprovincias.es\/wp-content\/uploads\/sites\/18\/2014\/05\/IMG_5939.jpg 1512w, https:\/\/static-blogs.lasprovincias.es\/wp-content\/uploads\/sites\/18\/2014\/05\/IMG_5939-150x150.jpg 150w, https:\/\/static-blogs.lasprovincias.es\/wp-content\/uploads\/sites\/18\/2014\/05\/IMG_5939-300x300.jpg 300w, https:\/\/static-blogs.lasprovincias.es\/wp-content\/uploads\/sites\/18\/2014\/05\/IMG_5939-768x768.jpg 768w, https:\/\/static-blogs.lasprovincias.es\/wp-content\/uploads\/sites\/18\/2014\/05\/IMG_5939-1024x1024.jpg 1024w\" sizes=\"(max-width: 491px) 100vw, 491px\" \/><\/a><\/p>\n<p style=\"text-align: left;\">Apendrer de ellas dos, te dec\u00eda. Y de muchas m\u00e1s. \u00a1Habr\u00eda tantas madres por nombrar y tantas historias ocultas en sus delantales que desvelar que ser\u00eda eterno! Imagino, en cualquier\u00a0caso, que para ellas\u00a0la aventura de\u00a0sus hijos es tambi\u00e9n un maravilloso sue\u00f1o. Imagino a Montserrat, que todav\u00eda prepara men\u00fas a diez euros en el Can Roca original, flotando ante el espect\u00e1culo culinario que han logrado articular ante el mundo sus hijos\u00a0\u00a0<strong>Josep, Joan\u00a0<\/strong>y<strong>\u00a0Jordi<\/strong>. Un sue\u00f1o, <strong><span style=\"color: #ffcc00;\">El Somni<\/span><\/strong>\u2026 que llega, que siempre est\u00e1 y estar\u00e1&#8230; Como el sue\u00f1o de todos los que aman la cocina.<\/p>\n<p style=\"text-align: right;\"><span style=\"color: #ffcc00;\"><em>(El documental de los hermanos Roca se estrena el 9 de mayo)<\/em><\/span><\/p>\n<p><iframe loading=\"lazy\" src=\"\/\/www.youtube.com\/embed\/0fZ5ZtyA8yI\" frameborder=\"0\" width=\"706\" height=\"398\"><\/iframe><\/p>\n<p style=\"text-align: center;\"><span style=\"color: #99cc00; font-size: large;\">\u2192pues \u00a0vamos acabando&#8230;<\/span><\/p>\n<p style=\"text-align: left;\">\u201c<em><span style=\"color: #808080;\"><strong>Desde peque\u00f1o he visto a mis padres trabajar much\u00edsimo y trabajar felices\u2026 Y he visto a mi madre emocionarse cuando una persona volv\u00eda a comer al restaurante y le elogiaba los platos<\/strong><\/span><\/em>\u201d, comenta Francis. Loles tambi\u00e9n sent\u00eda esas sensaciones: \u201c<span style=\"color: #808080;\"><strong><em>El aplauso de los clientes es lo que hace que sigas ilusion\u00e1ndote, lo que hace que te enganches a esto de la cocina, que disfrutes de ella y te emociones&#8221;<\/em>. <\/strong><\/span><\/p>\n<p style=\"text-align: left;\"><span style=\"color: #808080;\"><span style=\"color: #000000;\">Esos aplausos aqu\u00ed nunca les faltar\u00e1. Ni la admiraci\u00f3n m\u00e1s sincera, ni el respeto m\u00e1s brutal. A ellas, por su vivencia, su coraje y su sabiduria. Y a sus hijos, por su magia y generosidad. Aplausos, queridos, de coraz\u00f3n. Como los del men\u00fa de Francis&#8230; \ud83d\ude09<\/span><\/span><\/p>\n<p style=\"text-align: center;\"><strong><span style=\"color: #99cc00; font-size: medium;\">\u00a1Qu\u00e9 t\u00edo m\u00e1s grande!<\/span><\/strong><\/p>\n<p style=\"text-align: center;\"><a href=\"\/historiascondelantal\/wp-content\/uploads\/sites\/18\/2014\/05\/IMG_59471.jpg\"><img loading=\"lazy\" class=\"aligncenter  wp-image-2037\" title=\"IMG_5947\" src=\"\/historiascondelantal\/wp-content\/uploads\/sites\/18\/2014\/05\/IMG_59471.jpg\" alt=\"\" width=\"614\" height=\"314\" srcset=\"https:\/\/static-blogs.lasprovincias.es\/wp-content\/uploads\/sites\/18\/2014\/05\/IMG_59471.jpg 2448w, https:\/\/static-blogs.lasprovincias.es\/wp-content\/uploads\/sites\/18\/2014\/05\/IMG_59471-300x153.jpg 300w, https:\/\/static-blogs.lasprovincias.es\/wp-content\/uploads\/sites\/18\/2014\/05\/IMG_59471-768x393.jpg 768w, https:\/\/static-blogs.lasprovincias.es\/wp-content\/uploads\/sites\/18\/2014\/05\/IMG_59471-1024x524.jpg 1024w\" sizes=\"(max-width: 614px) 100vw, 614px\" \/><\/a><\/p>\n<p style=\"text-align: center;\"><sup>Montaje hecho con una imagen propiedad de Francis Paniego.<\/sup><\/p>\n<p style=\"text-align: right;\"><a href=\"https:\/\/twitter.com\/JesusTrelis\" data-show-count=\"false\" data-lang=\"es\" rel=\"external nofollow\">Seguir a @JesusTrelis<\/a><\/p>\n<p style=\"text-align: left;\"><span style=\"color: #808080;\"><span style=\"color: #3366ff;\">GRACIAS<\/span> a la Familia Andr\u00e9s por permitirme algo tan maravillosos como fue sentarme con Loles, con dos de sus hijos y una nieta en la misma mesa s\u00f3lo para hablar. Y so\u00f1ar. <span style=\"color: #ffcc00;\"><em>Restaurante Vertical, La Sucursal, Coloniales La Huerta y \u00a0Restaurante Suma Rambleta (Valencia)<\/em><\/span><\/span><\/p>\n<p style=\"text-align: left;\"><span style=\"color: #808080;\"><span style=\"color: #339966;\">GRACIAS<\/span> a Francis por su complicidad, por su extrema amabilidad y su generosidad. Y por ser como es. El sue\u00f1o de mi viaje a Echaurren ha empezado a construirse. Un d\u00eda de estos, el hada me da un chispazo y me pone ante la mesa a comerme un men\u00fa desde las entra\u00f1as. <em><span style=\"color: #ffcc00;\">Hotel Echaurren (Restaurante Tradici\u00f3n, El Portal, Bistrot Comil\u00f3n) en Ezcaray y Tondeluna (Logro\u00f1o)<\/span><\/em><\/span><\/p>\n<p style=\"text-align: center;\"><a href=\"\/historiascondelantal\/wp-content\/uploads\/sites\/18\/2014\/05\/IMG_5960.jpg\"><img loading=\"lazy\" class=\"aligncenter  wp-image-2057\" title=\"IMG_5960\" src=\"\/historiascondelantal\/wp-content\/uploads\/sites\/18\/2014\/05\/IMG_5960.jpg\" alt=\"\" width=\"367\" height=\"367\" srcset=\"https:\/\/static-blogs.lasprovincias.es\/wp-content\/uploads\/sites\/18\/2014\/05\/IMG_5960.jpg 612w, https:\/\/static-blogs.lasprovincias.es\/wp-content\/uploads\/sites\/18\/2014\/05\/IMG_5960-150x150.jpg 150w, https:\/\/static-blogs.lasprovincias.es\/wp-content\/uploads\/sites\/18\/2014\/05\/IMG_5960-300x300.jpg 300w\" sizes=\"(max-width: 367px) 100vw, 367px\" \/><\/a><\/p>\n<p style=\"text-align: center;\"><span style=\"font-size: large; color: #99cc00;\">\u00a0\u00a1Ostras&#8230;!<\/span><\/p>\n<p>\u00bfY a la mami de Mister Cooking? Muuuuuchos aplausos. Si es que hace las mejores natillas, la mejores magdalenas, el mejor &#8216;arr\u00f2s\u00a0amb conill&#8217;, y\u00a0 una tortilla de patatas impresionante y&#8230;. Mamis no hay m\u00e1s que una&#8230; \ud83d\ude09<\/p>\n<p>&nbsp;<\/p>\n<\/div>\n<!-- AddThis Advanced Settings generic via filter on the_content --><!-- AddThis Share Buttons generic via filter on the_content -->","protected":false},"excerpt":{"rendered":"<p>\u00c9sta es una historia escrita desde el coraz\u00f3n. S\u00ed, como si se fuera a servir acompa\u00f1ando el men\u00fa-2014 de Francis Paniego en\u00a0El Portal de Echaurren. Un men\u00fa,\u00a0\u00a0&#8220;Desde las entra\u00f1as&#8221;. Caser\u00eda de palabras para hacer latir el coraz\u00f3n de&#8230;. La Madre de Todos los Chefs. \u00a0 \u00a0 \u00a0 \u00a0 \u00a0 \u00a0 \u00a0 \u00a0 \u00a0 \u00a0 \u00a0 [&hellip;]<!-- AddThis Advanced Settings generic via filter on get_the_excerpt --><!-- AddThis Share Buttons generic via filter on get_the_excerpt --><\/p>\n","protected":false},"author":23,"featured_media":0,"comment_status":"open","ping_status":"open","sticky":false,"template":"","format":"standard","meta":[],"categories":[3,4,5,6,7],"tags":[271,419,454,509,541,642,690,737],"_links":{"self":[{"href":"https:\/\/blogs.lasprovincias.es\/historiascondelantal\/wp-json\/wp\/v2\/posts\/2034"}],"collection":[{"href":"https:\/\/blogs.lasprovincias.es\/historiascondelantal\/wp-json\/wp\/v2\/posts"}],"about":[{"href":"https:\/\/blogs.lasprovincias.es\/historiascondelantal\/wp-json\/wp\/v2\/types\/post"}],"author":[{"embeddable":true,"href":"https:\/\/blogs.lasprovincias.es\/historiascondelantal\/wp-json\/wp\/v2\/users\/23"}],"replies":[{"embeddable":true,"href":"https:\/\/blogs.lasprovincias.es\/historiascondelantal\/wp-json\/wp\/v2\/comments?post=2034"}],"version-history":[{"count":0,"href":"https:\/\/blogs.lasprovincias.es\/historiascondelantal\/wp-json\/wp\/v2\/posts\/2034\/revisions"}],"wp:attachment":[{"href":"https:\/\/blogs.lasprovincias.es\/historiascondelantal\/wp-json\/wp\/v2\/media?parent=2034"}],"wp:term":[{"taxonomy":"category","embeddable":true,"href":"https:\/\/blogs.lasprovincias.es\/historiascondelantal\/wp-json\/wp\/v2\/categories?post=2034"},{"taxonomy":"post_tag","embeddable":true,"href":"https:\/\/blogs.lasprovincias.es\/historiascondelantal\/wp-json\/wp\/v2\/tags?post=2034"}],"curies":[{"name":"wp","href":"https:\/\/api.w.org\/{rel}","templated":true}]}}