{"id":2063,"date":"2014-05-10T14:11:49","date_gmt":"2014-05-10T14:11:49","guid":{"rendered":"http:\/\/blogs.lasprovincias.es\/historiascondelantal\/?p=2063"},"modified":"2014-05-10T14:11:49","modified_gmt":"2014-05-10T14:11:49","slug":"el-mejor-menu-de-valencia","status":"publish","type":"post","link":"https:\/\/blogs.lasprovincias.es\/historiascondelantal\/2014\/05\/10\/el-mejor-menu-de-valencia\/","title":{"rendered":"EL MEJOR MEN\u00da DE VALENCIA"},"content":{"rendered":"<p>&nbsp;<\/p>\n<p style=\"text-align: right;\">\u00a0<a href=\"https:\/\/twitter.com\/JesusTrelis\" data-show-count=\"false\" data-lang=\"es\" rel=\"external nofollow\">Seguir a m\u00edster Cooking: @JesusTrelis<\/a><\/p>\n<p><strong><span style=\"font-size: large;\"><span style=\"color: #ffcc00;\">Los jueves, Mi\u00e9rcoles come espaguetis a la carbonara.<\/span><\/span><\/strong> Lo s\u00e9 porque me he aprendido qu\u00e9 come a lo largo de toda la semana para acordarme de ella. Los jueves le sirven espaguetis, despu\u00e9s roti de pollo y fruta. Es el mejor men\u00fa que se puede disfrutar en Valencia. Ya me entender\u00e1s. Aunque muy posiblemente no me van a salir las palabras adecuadas para explic\u00e1rtelo. Al menos, no como se merecer\u00eda que te contara su historia. La historia, insisto, del mejor men\u00fa&#8230;<\/p>\n<p><a href=\"\/historiascondelantal\/wp-content\/uploads\/sites\/18\/2014\/05\/IMG_7794.jpg\"><img loading=\"lazy\" class=\"aligncenter  wp-image-2070\" title=\"IMG_7797 (1024x683)\" src=\"\/historiascondelantal\/wp-content\/uploads\/sites\/18\/2014\/05\/IMG_7797.jpg\" alt=\"\" width=\"614\" height=\"410\" \/><\/a><\/p>\n<p><!--more--><\/p>\n<p><a href=\"\/historiascondelantal\/wp-content\/uploads\/sites\/18\/2014\/05\/IMG_7794.jpg\"><img loading=\"lazy\" class=\"aligncenter  wp-image-2067\" title=\"IMG_7794 (792x1024)\" src=\"\/historiascondelantal\/wp-content\/uploads\/sites\/18\/2014\/05\/IMG_7794.jpg\" alt=\"\" width=\"475\" height=\"614\" \/><\/a><\/p>\n<p style=\"text-align: center;\">\u00a0<span style=\"font-size: medium;\">Un men\u00fa que va de <span style=\"font-size: large;\"><strong><span style=\"color: #ffcc00;\">aqu\u00ed<\/span><\/strong><\/span>&#8230;<\/span><\/p>\n<p style=\"text-align: center;\"><a href=\"\/historiascondelantal\/wp-content\/uploads\/sites\/18\/2014\/05\/IMG_7817.jpg\"><img loading=\"lazy\" class=\"aligncenter  wp-image-2071\" title=\"IMG_7817\" src=\"\/historiascondelantal\/wp-content\/uploads\/sites\/18\/2014\/05\/IMG_7817.jpg\" alt=\"\" width=\"430\" height=\"333\" srcset=\"https:\/\/static-blogs.lasprovincias.es\/wp-content\/uploads\/sites\/18\/2014\/05\/IMG_7817.jpg 2760w, https:\/\/static-blogs.lasprovincias.es\/wp-content\/uploads\/sites\/18\/2014\/05\/IMG_7817-300x232.jpg 300w, https:\/\/static-blogs.lasprovincias.es\/wp-content\/uploads\/sites\/18\/2014\/05\/IMG_7817-768x594.jpg 768w, https:\/\/static-blogs.lasprovincias.es\/wp-content\/uploads\/sites\/18\/2014\/05\/IMG_7817-1024x792.jpg 1024w\" sizes=\"(max-width: 430px) 100vw, 430px\" \/><\/a><\/p>\n<p style=\"text-align: center;\"><a href=\"\/historiascondelantal\/wp-content\/uploads\/sites\/18\/2014\/05\/IMG_7821.jpg\"><img loading=\"lazy\" class=\"aligncenter  wp-image-2077\" title=\"IMG_7821 (1024x683)\" src=\"\/historiascondelantal\/wp-content\/uploads\/sites\/18\/2014\/05\/IMG_7821.jpg\" alt=\"\" width=\"614\" height=\"410\" \/><\/a><\/p>\n<p style=\"text-align: center;\">hasta <span style=\"font-size: large;\"><strong><span style=\"color: #ffcc00;\">all\u00ed<\/span><\/strong><\/span>&#8230;<\/p>\n<p style=\"text-align: center;\"><span style=\"font-size: large;\">\u2665<\/span><\/p>\n<p><a href=\"\/historiascondelantal\/wp-content\/uploads\/sites\/18\/2014\/05\/IMG_2225.jpg\"><img loading=\"lazy\" class=\"aligncenter  wp-image-2076\" title=\"IMG_2225 (628x1024)\" src=\"\/historiascondelantal\/wp-content\/uploads\/sites\/18\/2014\/05\/IMG_2225.jpg\" alt=\"\" width=\"502\" height=\"819\" \/><\/a><\/p>\n<p>&nbsp;<\/p>\n<p>Quiz\u00e1s deber\u00eda vender mi alma a los maestros de las letras, ponerme en sus manos y pedirles que me inspiraran, que hicieran grande esta f\u00e1bula muy real y que con su ayuda logr\u00e1ramos que la leyeran cientos, miles de personas\u2026 No por m\u00ed, claro. Si no por ella. Y por sus hermanos. <strong><span style=\"color: #ffcc00;\">Los 70 se merecer\u00edan que todo el mundo les conociera.<\/span><\/strong> Que todos supieran que all\u00ed, en esa hermosa casa que rezuma una estremecedora felicidad silenciosa, vive un \u00e1ngel. Bueno, viven varios&#8230; y tienen la sonrisa eterna. Y la mirada serena.<\/p>\n<p>&nbsp;<\/p>\n<p style=\"text-align: center;\"><a href=\"\/historiascondelantal\/wp-content\/uploads\/sites\/18\/2014\/05\/IMG_6018.jpg\"><img loading=\"lazy\" class=\"aligncenter  wp-image-2072\" title=\"IMG_6018 (960x640)\" src=\"\/historiascondelantal\/wp-content\/uploads\/sites\/18\/2014\/05\/IMG_6018.jpg\" alt=\"\" width=\"691\" height=\"461\" \/><\/a><\/p>\n<p style=\"text-align: center;\"><span style=\"font-size: large;\">\u2665<\/span><\/p>\n<p>El mejor men\u00fa de Valencia se sirve en una casa en la que viven setenta personas. <strong><span style=\"color: #ffcc00;\">La m\u00e1s joven tiene tres a\u00f1os. La mayor, unos 90.<\/span><\/strong> Todos ellos comen lo que les preparan cinco hoteles de Valencia. A veces uno de lujo a orillas del mar, a veces un hotel que parece un palacio junto al viejo cauce del Turia. Siempre, en cualquier caso,\u00a0 men\u00fas con un objetivo:\u00a0 alimentar a gente muy especial. De esas que te perfora el alma, te zarandea el \u00e1nimo y acaba conquist\u00e1ndote hasta el aliento. Gente pobre de solemnidad. La m\u00e1s pobre. La que llega desamparada hasta esta casa despu\u00e9s de no encontrar a nadie que les de cobijo.<strong> Gente pobre y atada a una discapacidad<\/strong>, a una enfermedad incurable, a una limitaci\u00f3n que llena de vericuetos su traves\u00eda por la vida..<\/p>\n<p style=\"text-align: right;\"><span style=\"color: #ffcc00;\"><strong>Gente de la que te enamoras no por su belleza, ni por su dinero, ni por su forma de hablar\u2026 <\/strong><\/span><\/p>\n<p style=\"text-align: right;\"><span style=\"color: #ffcc00;\"><strong>sino <span style=\"font-size: x-large;\">porque son como son<\/span>. Sin m\u00e1s<\/strong>.<\/span><\/p>\n<p style=\"text-align: center;\"><span style=\"font-size: xx-large;\">\u2665<\/span><\/p>\n<p>No te voy a ense\u00f1ar sus rostros. No me lo han permitido. Tampoco quer\u00eda. Ni deb\u00eda. Pero s\u00ed quiero que te los imagines. Que cierres los ojos un instante y te vengas conmigo hasta los pasillos de su casa.<\/p>\n<p style=\"text-align: right; padding-left: 30px;\"><strong>Imag\u00ednate a una peque\u00f1a de tres a\u00f1os, en su silla de ruedas, empujada por una<\/strong> <strong><span style=\"color: #ffcc00; font-size: small;\">VOLUNTARIA<\/span><\/strong>,<\/p>\n<p style=\"text-align: right;\"><strong>atravesando el pasillo de la tercera planta del<\/strong> <span style=\"color: #ffcc00; font-size: large;\"><strong>Cottolengo<\/strong><\/span>.<\/p>\n<p style=\"text-align: center;\"><strong><span style=\"font-size: medium; color: #c19b00;\">All\u00ed iba ella, con sus tres a\u00f1itos&#8230;<\/span><\/strong><\/p>\n<p style=\"padding-left: 240px; text-align: center;\"><strong><span style=\"font-size: large; color: #e4c81a;\">\u00a0\u00a0\u00a0\u00a0\u00a0\u00a0\u00a0\u00a0\u00a0\u00a0\u00a0\u00a0\u00a0\u00a0\u00a0\u00a0\u00a0\u00a0\u00a0\u00a0\u00a0\u00a0\u00a0\u00a0\u00a0\u00a0\u00a0\u00a0\u00a0 Le toqu\u00e9<span style=\"color: #ffcc00;\"> la ma<\/span><\/span><\/strong><strong><span style=\"font-size: large; color: #e4c81a;\"><span style=\"color: #ffcc00;\">no<\/span> y <\/span><\/strong><span style=\"color: #cdb732; font-size: medium;\"><strong>el CORAZ\u00d3N me dio un vuelco.<\/strong><\/span><\/p>\n<p style=\"text-align: right;\">\u201c<em>Env\u00edales un beso<\/em>\u201d, le dijo Virginia. Ella se acerc\u00f3 sus dedos a la boquita y, con un fuerte impulso, <strong><span style=\"color: #ffcc00;\">el beso de mi peque\u00f1a sali\u00f3 volando por todo el Cottolengo<\/span><\/strong>, iluminando los pasillos, los rostros del resto de residentes, de las monjas, de los voluntarios, de los trabajadores\u2026 El beso sali\u00f3 volando de un sitio a otro como un b\u00e1lsamo de serenidad.<\/p>\n<p style=\"text-align: right;\">De felicidad.<\/p>\n<p style=\"text-align: right;\">DE ENERGIA POSITIVA.<\/p>\n<p>De pronto, <strong><span style=\"color: #ffcc00; font-size: large;\">lo sent\u00ed\u00a0 en mi mejilla.<\/span><\/strong> Y sent\u00ed dentro m\u00ed que <strong><span style=\"color: #ffcc00;\">la peque\u00f1a que llevaba puesto aquel babero blanco y amarillo<\/span><\/strong>\u00a0 se hab\u00eda colado en mi coraz\u00f3n. La peque\u00f1a del babero blanco y amarillo en el que ten\u00eda bordada la palabra <span style=\"font-size: large;\"><strong><span style=\"color: #ebc709;\">MI\u00c9RCOLES<\/span><\/strong><\/span> se col\u00f3 por mis venas, revoloteando por ellas, jugando con mis sensaciones, con mis sentimientos&#8230;<strong><span style=\"color: #ebc709; font-size: medium;\"> Sent\u00ed un escalofr\u00edo.<\/span><\/strong> Descubr\u00ed entonces que estaba ante un \u00e1ngel.<\/p>\n<p style=\"text-align: center;\"><span style=\"font-size: large;\"><strong><span style=\"color: #000000;\">Un \u00e1ngel llamado Mi\u00e9rcoles\u2026<\/span><\/strong><\/span><\/p>\n<p><strong>El \u00e1ngel del Cottolengo <\/strong>es una peque\u00f1a de tres a\u00f1os que padece una discapacidad mental y que ha logrado tener una hermosa familia con 69 hermanos&#8230;<\/p>\n<p style=\"text-align: center; padding-left: 180px;\"><a href=\"\/historiascondelantal\/wp-content\/uploads\/sites\/18\/2014\/05\/IMG_60061.jpg\"><img loading=\"lazy\" class=\"wp-image-2074\" title=\"IMG_6006\" src=\"\/historiascondelantal\/wp-content\/uploads\/sites\/18\/2014\/05\/IMG_60061.jpg\" alt=\"\" width=\"602\" height=\"452\" srcset=\"https:\/\/static-blogs.lasprovincias.es\/wp-content\/uploads\/sites\/18\/2014\/05\/IMG_60061.jpg 1600w, https:\/\/static-blogs.lasprovincias.es\/wp-content\/uploads\/sites\/18\/2014\/05\/IMG_60061-300x225.jpg 300w, https:\/\/static-blogs.lasprovincias.es\/wp-content\/uploads\/sites\/18\/2014\/05\/IMG_60061-768x576.jpg 768w, https:\/\/static-blogs.lasprovincias.es\/wp-content\/uploads\/sites\/18\/2014\/05\/IMG_60061-1024x768.jpg 1024w\" sizes=\"(max-width: 602px) 100vw, 602px\" \/><\/a><\/p>\n<p>\u00a0<em>\u201cLa gente dice: Pobrecitos, est\u00e1n enfermos, pobrecitos\u2026 pero yo les digo que no son pobres enfermos<\/em>\u201d, me dijo Virginia. Los habitantes del Cottolengo est\u00e1n por encima de eso. \u201c<em>A ellos los queremos no porque est\u00e9n enfermos, ni por su belleza, ni esas cosas\u2026; sino por ellos mismos. Hay mucha gente ah\u00ed fuera que aparenta ser feliz, que tienen muchas cosas, pero de verdad no lo son. Ellos s\u00ed. <strong><span style=\"color: #ffcc00;\">Aqu\u00ed son felices, tienen cubiertas sus necesidades b\u00e1sicas y encuentran el abrazo<\/span><\/strong><\/em><em><strong><span style=\"color: #ffcc00;\">, el cari\u00f1o<\/span><\/strong>\u2026<\/em>\u201d<\/p>\n<p><a href=\"\/historiascondelantal\/wp-content\/uploads\/sites\/18\/2014\/05\/IMG_60471.jpg\"><img loading=\"lazy\" class=\"aligncenter  wp-image-2075\" title=\"IMG_6047\" src=\"\/historiascondelantal\/wp-content\/uploads\/sites\/18\/2014\/05\/IMG_60471.jpg\" alt=\"\" width=\"614\" height=\"614\" srcset=\"https:\/\/static-blogs.lasprovincias.es\/wp-content\/uploads\/sites\/18\/2014\/05\/IMG_60471.jpg 1512w, https:\/\/static-blogs.lasprovincias.es\/wp-content\/uploads\/sites\/18\/2014\/05\/IMG_60471-150x150.jpg 150w, https:\/\/static-blogs.lasprovincias.es\/wp-content\/uploads\/sites\/18\/2014\/05\/IMG_60471-300x300.jpg 300w, https:\/\/static-blogs.lasprovincias.es\/wp-content\/uploads\/sites\/18\/2014\/05\/IMG_60471-768x768.jpg 768w, https:\/\/static-blogs.lasprovincias.es\/wp-content\/uploads\/sites\/18\/2014\/05\/IMG_60471-1024x1024.jpg 1024w\" sizes=\"(max-width: 614px) 100vw, 614px\" \/><\/a><\/p>\n<p>La <span style=\"color: #000000;\"><strong>hermana Virginia<\/strong>,<\/span> la jovenc\u00edsima directora del centro, es algo as\u00ed como la madre que organiza el engranaje de este gran hogar. No quiere protagonismo. Se considera s\u00f3lo una m\u00e1s de la familia. <span style=\"color: #ffcc00;\"><strong>Unas manos m\u00e1s<\/strong><\/span> en este peque\u00f1o inmenso mundo que los que deambulamos por la ciudad ignoramos,\u00a0 desconocemos o simplemente queremos olvidar para vivir tranquilos. <strong><span style=\"color: #ffcc00;\">Al margen y desalmados.<\/span><\/strong><\/p>\n<p><a href=\"\/historiascondelantal\/wp-content\/uploads\/sites\/18\/2014\/05\/IMG_6010.png\"><img loading=\"lazy\" class=\"aligncenter  wp-image-2065\" title=\"IMG_6010\" src=\"\/historiascondelantal\/wp-content\/uploads\/sites\/18\/2014\/05\/IMG_6010.png\" alt=\"\" width=\"610\" height=\"506\" \/><\/a><\/p>\n<p>Pues ah\u00ed se come el mejor men\u00fa de Valencia. Ah\u00ed, tras ese jard\u00edn que respira. En <strong><span style=\"color: #ffcc00;\">ese palacio de la dignidad llamado Cottolengo<\/span><\/strong>. En esa hermosa casa con tres plantas. En la primera, <strong><span style=\"color: #ffcc00;\">las Buenas Hijas<\/span><\/strong>. Las mujeres que viven con una dependencia m\u00e1s profunda. En la segunda, las m\u00e1s mayores y la capilla. <em>&#8220;Es el coraz\u00f3n del Cottolengo<\/em>&#8220;, me dice la hermana Virginia. En la tercera, las ni\u00f1as y las j\u00f3venes. <strong>All\u00ed vi precisamente a esa peque\u00f1a que decid\u00ed llamar Mi\u00e9rcoles<\/strong> (para mi historia). Mejor dicho, ese \u00e1ngel llamado Mi\u00e9rcoles. Que llen\u00f3 de luz y color mi historia&#8230;<\/p>\n<p style=\"text-align: center;\"><a href=\"\/historiascondelantal\/wp-content\/uploads\/sites\/18\/2014\/05\/IMG_6039.jpg\"><img loading=\"lazy\" class=\"aligncenter  wp-image-2079\" title=\"IMG_6039\" src=\"\/historiascondelantal\/wp-content\/uploads\/sites\/18\/2014\/05\/IMG_6039.jpg\" alt=\"\" width=\"614\" height=\"461\" srcset=\"https:\/\/static-blogs.lasprovincias.es\/wp-content\/uploads\/sites\/18\/2014\/05\/IMG_6039.jpg 1024w, https:\/\/static-blogs.lasprovincias.es\/wp-content\/uploads\/sites\/18\/2014\/05\/IMG_6039-300x225.jpg 300w, https:\/\/static-blogs.lasprovincias.es\/wp-content\/uploads\/sites\/18\/2014\/05\/IMG_6039-768x576.jpg 768w\" sizes=\"(max-width: 614px) 100vw, 614px\" \/><\/a><\/p>\n<p>En las tres plantas hay salas repletas de camas con sus mesillas de noche. Sobre una de ellas, de las mesas, reposa <strong>una fotograf\u00eda en blanco y negro<\/strong>. Quiz\u00e1s la herencia recibida de una madre que parti\u00f3. Y en todas ellas, en todas las camas, <span style=\"color: #ffcc00;\"><strong>un peluche<\/strong><\/span>, una mu\u00f1eca, una sonrisa\u2026 Un gui\u00f1o de felicidad, una manera de suavizar lo que, para los que venimos de fuera, nos parece una realidad impactante. Una realidad que despu\u00e9s, cuando la asimilas, se transforma en algo hermoso. En<strong><span style=\"color: #ffcc00;\"> un hermoso milagro<\/span><\/strong> \u2013aseguran las nueve hermanas de<span class=\"Apple-style-span\" style=\"color: #666666; font-family: Arial,Helvetica,sans-serif; font-size: small; font-style: normal; font-variant: normal; font-weight: normal; letter-spacing: normal; line-height: normal; orphans: 2; text-indent: 0px; text-transform: none; white-space: normal; widows: 2; word-spacing: 0px; background-color: #ffffff;\"><span style=\"color: #000000;\"> la Congregaci\u00f3n de Servidoras de Jes\u00fas del Cottolengo del P. Alegre<\/span><span class=\"Apple-converted-space\">\u00a0<\/span><\/span>&#8211;<strong><span style=\"color: #ffcc00;\"> fruto de la providencia<\/span>.<\/strong><\/p>\n<p style=\"text-align: center;\"><a href=\"\/historiascondelantal\/wp-content\/uploads\/sites\/18\/2014\/05\/IMG_6037.jpg\"><img loading=\"lazy\" class=\"aligncenter  wp-image-2078\" title=\"IMG_6037\" src=\"\/historiascondelantal\/wp-content\/uploads\/sites\/18\/2014\/05\/IMG_6037.jpg\" alt=\"\" width=\"530\" height=\"655\" srcset=\"https:\/\/static-blogs.lasprovincias.es\/wp-content\/uploads\/sites\/18\/2014\/05\/IMG_6037.jpg 828w, https:\/\/static-blogs.lasprovincias.es\/wp-content\/uploads\/sites\/18\/2014\/05\/IMG_6037-243x300.jpg 243w, https:\/\/static-blogs.lasprovincias.es\/wp-content\/uploads\/sites\/18\/2014\/05\/IMG_6037-768x950.jpg 768w\" sizes=\"(max-width: 530px) 100vw, 530px\" \/><\/a><\/p>\n<p>De pronto, un grito en mitad de uno de los pasillos: <span style=\"font-size: x-large; color: #ff6600;\"><em>\u201c\u00a1Guapo!<\/em>\u201d<\/span>\u2026 Mister Cooking que se crece. Ellas que r\u00eden felices.<span style=\"color: #ffcc00; font-size: medium;\"><strong> Todos intercambiamos miradas de complicidad.<\/strong><\/span> Es viernes, en unas horas llegar\u00e1 la comida del d\u00eda. Toca ensalada, legumbres, frutas&#8230; Si es<strong> lunes<\/strong>, comen alb\u00f3ndigas estofadas del Hotel Meli\u00e1. Si es <strong>martes<\/strong>, pollo con guarnici\u00f3n. Los <strong>mi\u00e9rcoles<\/strong>, del NH Center les env\u00edan setenta raciones de arroz. Los <strong>jueves<\/strong>, roti de pollo desde el Hotel Las Arenas. Y el <strong>viernes<\/strong>, ISS Soluciones C\u00e1tering les hace legumbres.<span style=\"color: #808080;\"> (S\u00f3lo he puesto los segundos platos).<\/span> Todo gracias al <strong>Rotary Club Valencia-Centro<\/strong>. Son los que hacen posible este peque\u00f1ito milagro dentro del gran milagro. Y los que me han abierto la puerta a esta inolvidable aventura.&#8221;<em>Es abundante el men\u00fa&#8221;<\/em>, me confiesa la directora del hogar. Ella nunca pedir\u00e1 nada. Siempre ver\u00eda abundante la aportaci\u00f3n de otro. Son as\u00ed. Pura esencia de vida. Yo lo har\u00eda por ella. Pedir ayuda. <strong><span style=\"color: #ffcc00;\">Dir\u00eda a la gente que se volcara en colaborar con ellos, en hacer todav\u00eda m\u00e1s especial el men\u00fa que all\u00ed se sirve. Un men\u00fa que, como el que gracias al Rotary Club Valencia-Centro llega cada d\u00eda, tiene como especial ingrediente la<span style=\"font-size: x-large;\"> dignidad<\/span><\/span><\/strong>. Dignidad sazonada con sonrisas, la dulzura de la tranquilidad, la sal de la felicidad&#8230; El aceite de la vida.<\/p>\n<p style=\"text-align: center;\"><strong>Eso que ellas llaman PROVIDENCIA.<\/strong><\/p>\n<p style=\"text-align: right;\">Acu\u00e9rdate&#8230; s<strong>i es jueves, Mi\u00e9rcoles comer\u00e1 espaguetis a la carbonara.<\/strong><\/p>\n<p style=\"text-align: center;\"><a href=\"\/historiascondelantal\/wp-content\/uploads\/sites\/18\/2014\/05\/IMG_6048.jpg\"><img loading=\"lazy\" class=\"aligncenter  wp-image-2080\" title=\"IMG_6048\" src=\"\/historiascondelantal\/wp-content\/uploads\/sites\/18\/2014\/05\/IMG_6048.jpg\" alt=\"\" width=\"614\" height=\"614\" srcset=\"https:\/\/static-blogs.lasprovincias.es\/wp-content\/uploads\/sites\/18\/2014\/05\/IMG_6048.jpg 1512w, https:\/\/static-blogs.lasprovincias.es\/wp-content\/uploads\/sites\/18\/2014\/05\/IMG_6048-150x150.jpg 150w, https:\/\/static-blogs.lasprovincias.es\/wp-content\/uploads\/sites\/18\/2014\/05\/IMG_6048-300x300.jpg 300w, https:\/\/static-blogs.lasprovincias.es\/wp-content\/uploads\/sites\/18\/2014\/05\/IMG_6048-768x768.jpg 768w, https:\/\/static-blogs.lasprovincias.es\/wp-content\/uploads\/sites\/18\/2014\/05\/IMG_6048-1024x1024.jpg 1024w\" sizes=\"(max-width: 614px) 100vw, 614px\" \/><\/a><sup>El equipo del Hotel La Arenas de Valencia, preparando el men\u00fa.<\/sup><\/p>\n<p>Le di la mano a Virginia antes de marcharme. <span style=\"color: #ffcc00;\"><strong>Ni siquiera me atrev\u00ed a darle dos besos de despedida<\/strong><\/span>. (Es el m\u00edster Cooking m\u00e1s cobarde que recuerdo de mis \u00faltimas aventuras). Pero prefer\u00eda la frialdad. <span style=\"color: #ffcc00;\">Era tanta la efervescencia que brota en mi interior que con un poco de calidez m\u00e1s igual me echaba a llorar<\/span>. Y eso delante de la Gran Familia del Cottolengo ser\u00eda una injusticia terrible.<\/p>\n<p style=\"text-align: center;\"><a href=\"\/historiascondelantal\/wp-content\/uploads\/sites\/18\/2014\/05\/IMG_6003.jpg\"><img loading=\"lazy\" class=\"aligncenter  wp-image-2085\" title=\"IMG_6003\" src=\"\/historiascondelantal\/wp-content\/uploads\/sites\/18\/2014\/05\/IMG_6003.jpg\" alt=\"\" width=\"614\" height=\"457\" srcset=\"https:\/\/static-blogs.lasprovincias.es\/wp-content\/uploads\/sites\/18\/2014\/05\/IMG_6003.jpg 1588w, https:\/\/static-blogs.lasprovincias.es\/wp-content\/uploads\/sites\/18\/2014\/05\/IMG_6003-300x223.jpg 300w, https:\/\/static-blogs.lasprovincias.es\/wp-content\/uploads\/sites\/18\/2014\/05\/IMG_6003-768x572.jpg 768w, https:\/\/static-blogs.lasprovincias.es\/wp-content\/uploads\/sites\/18\/2014\/05\/IMG_6003-1024x762.jpg 1024w\" sizes=\"(max-width: 614px) 100vw, 614px\" \/><\/a><\/p>\n<p>Me fui poco a poco. En mi cabeza flu\u00edan im\u00e1genes y palabras. Y cierta rabia interior por ser tan cobarde. Por no ponerme el delantal de la solidaridad y empezar a gritar fuerte: &#8220;<em>Hay que ayudar a esta gente&#8221;. &#8220;Y aplaudirla&#8230;.<\/em>&#8220;. Y entonces, mi cabeza entr\u00f3 en ebullici\u00f3n.\u00a0 &#8220;Deber\u00eda traerle a Mi\u00e9rcoles un postre de <strong><span style=\"color: #ffcc00;\">Carito Louren\u00e7o<\/span><\/strong> (El Poblet). Sus deliciosas violetas quiz\u00e1s&#8230; \u00bfY si un d\u00eda le enviamos un pastelazo de<strong><span style=\"color: #ffcc00;\"> Paco Torreblanca<\/span><\/strong> y en el Cottolengo celebran sus setenta y pico a\u00f1os de existencia? \u00bfY si hablo con <strong><span style=\"color: #ffcc00;\">Jes\u00fas Mach\u00ed<\/span><\/strong> y organizamos un desayuno solidario en la Casa Milagro? Pens\u00e9 en <span style=\"color: #ffcc00;\"><strong>Steve<\/strong><\/span>, y<strong> en el duende del Restaurante Riff<\/strong>, y en los hermanos <span style=\"color: #ffcc00;\"><strong>Rausell<\/strong><\/span>&#8230; En <strong><span style=\"color: #ffcc00;\">Quintana<\/span><\/strong> y en los amigos de <span style=\"color: #ffcc00;\"><strong>La Sucursal<\/strong><\/span>. En todos los que hacen grande el delantal de nuestra tierra&#8230;<\/p>\n<p style=\"text-align: center;\">&#8220;<em><span style=\"font-size: large;\"><strong><span style=\"color: #cca300;\">Un d\u00eda te voy a llevar a comer croquetas de <span style=\"color: #ffcc00;\">Pollo a L&#8217;Ast<\/span> a casa de <span style=\"color: #ffcc00;\">Ricard Camarena<\/span>, te encantar\u00e1n querida Mi\u00e9rcoles&#8230; Y ver\u00e1s qu\u00e9 <span style=\"color: #ffcc00;\">melocot\u00f3n m\u00e1gico<\/span> m\u00e1s delicioso tiene. E iremos a la playa, a D\u00e9nia, al castillo de <span style=\"color: #ffcc00;\">Quique Dacosta<\/span>. Y le diremos al Chef: \u00bfnos haces una sopa de cocodrilo como la de <span style=\"color: #ffcc00;\">Noa<\/span>? \u00bfY unos <span style=\"color: #ffcc00;\">huevos de oro<\/span>?&#8230;<\/span><\/strong><\/span><\/em>&#8220;<\/p>\n<p style=\"text-align: center;\"><a href=\"\/historiascondelantal\/wp-content\/uploads\/sites\/18\/2014\/05\/IMG_6052.jpg\"><img loading=\"lazy\" class=\"aligncenter  wp-image-2086\" title=\"IMG_6052\" src=\"\/historiascondelantal\/wp-content\/uploads\/sites\/18\/2014\/05\/IMG_6052.jpg\" alt=\"\" width=\"478\" height=\"478\" srcset=\"https:\/\/static-blogs.lasprovincias.es\/wp-content\/uploads\/sites\/18\/2014\/05\/IMG_6052.jpg 1512w, https:\/\/static-blogs.lasprovincias.es\/wp-content\/uploads\/sites\/18\/2014\/05\/IMG_6052-150x150.jpg 150w, https:\/\/static-blogs.lasprovincias.es\/wp-content\/uploads\/sites\/18\/2014\/05\/IMG_6052-300x300.jpg 300w, https:\/\/static-blogs.lasprovincias.es\/wp-content\/uploads\/sites\/18\/2014\/05\/IMG_6052-768x768.jpg 768w, https:\/\/static-blogs.lasprovincias.es\/wp-content\/uploads\/sites\/18\/2014\/05\/IMG_6052-1024x1024.jpg 1024w\" sizes=\"(max-width: 478px) 100vw, 478px\" \/><\/a><\/p>\n<p>Pero entonces apareci\u00f3 ella, mi \u00e1ngel del Cottolengo, en mitad de mi sue\u00f1o&#8230;<\/p>\n<p style=\"text-align: center;\"><span style=\"font-size: large; color: #cccc00;\">\u00a0&#8220;<strong><em>No hace falta tanta historia, ni tantos inventos&#8230; S\u00f3lo que sep\u00e1is que estamos aqu\u00ed, que <\/em><em><span style=\"color: #ffff00;\">somos felices<\/span><\/em><em><\/em><em>, que existimos..<\/em>. <em>Nada m\u00e1s<\/em>&#8220;<\/strong><\/span><\/p>\n<p>Le dije al \u00e1ngel del Cottolengo que podr\u00eda traerles a <strong><span style=\"color: #ffcc00;\">Quique Barella<\/span><\/strong> y hacerle un arroz de los suyos para todos. Y a<strong><span style=\"color: #ffcc00;\"> Elsa<\/span><\/strong>, su mujer, y repartir\u00edamos torrijas de horchata. O hablar\u00eda con <strong><span style=\"color: #ffcc00;\">Bego\u00f1a Rodrigo<\/span><\/strong> y seguro que les encantar\u00eda descubrir su tenderero de las maravillas. O <strong><span style=\"color: #ffcc00;\">Bel\u00e9n Mira<\/span><\/strong>, que les har\u00eda los garbanzos a la marinera de La Pitanza.<\/p>\n<p style=\"text-align: center;\"><span style=\"font-size: large; color: #d6ab00;\"><strong>&#8220;Si querida, \u00a1un d\u00eda nos vamos a comer ensaladilla a Saiti, de <span style=\"color: #ffcc00;\">Vicente Pati\u00f1o<\/span>&#8230;!&#8221;<\/strong><\/span><\/p>\n<p style=\"text-align: center;\"><a href=\"\/historiascondelantal\/wp-content\/uploads\/sites\/18\/2014\/05\/IMG_6054.jpg\"><img loading=\"lazy\" class=\"aligncenter  wp-image-2087\" title=\"IMG_6054\" src=\"\/historiascondelantal\/wp-content\/uploads\/sites\/18\/2014\/05\/IMG_6054.jpg\" alt=\"\" width=\"491\" height=\"491\" srcset=\"https:\/\/static-blogs.lasprovincias.es\/wp-content\/uploads\/sites\/18\/2014\/05\/IMG_6054.jpg 1512w, https:\/\/static-blogs.lasprovincias.es\/wp-content\/uploads\/sites\/18\/2014\/05\/IMG_6054-150x150.jpg 150w, https:\/\/static-blogs.lasprovincias.es\/wp-content\/uploads\/sites\/18\/2014\/05\/IMG_6054-300x300.jpg 300w, https:\/\/static-blogs.lasprovincias.es\/wp-content\/uploads\/sites\/18\/2014\/05\/IMG_6054-768x768.jpg 768w, https:\/\/static-blogs.lasprovincias.es\/wp-content\/uploads\/sites\/18\/2014\/05\/IMG_6054-1024x1024.jpg 1024w\" sizes=\"(max-width: 491px) 100vw, 491px\" \/><\/a><\/p>\n<p>\u00a0Pero ella, de nuevo, pidi\u00f3 silencio.<\/p>\n<p style=\"text-align: center;\"><span style=\"font-size: large;\"><strong><span style=\"color: #adad00;\">&#8220;No, no Cooking&#8230; No entiendes nada&#8221;<\/span><\/strong>, me dijo. <strong><span style=\"color: #adad00;\">&#8220;No es eso&#8221;. &#8220;Solo recordar que estamos aqu\u00ed, eso es lo que necesitamos&#8230; Ese es el mejor men\u00fa que nos pod\u00e9is servir, que me puedes servir. Que vivas recordando siempre que en lugar llamado Cottolengo est\u00e1 tu amiga Mi\u00e9rcoles&#8230; y <span style=\"color: #ffcc00;\">que nos ayudes s\u00f3lo a seguir viviendo con dignidad<\/span><\/span><\/strong><span style=\"color: #ffcc00;\">&#8220;<\/span><\/span><\/p>\n<p>&nbsp;<\/p>\n<p>Y enviando un beso al aire, el \u00e1ngel se esfum\u00f3. Feliz por haberla conocido y triste por lo injustos que somos, me march\u00e9 convencido de haber descubierto el mejor men\u00fa de Valencia&#8230;<\/p>\n<p style=\"text-align: center;\"><span style=\"font-size: xx-large;\"><strong><span style=\"color: #ffcc00;\">El Men\u00fa de la Dignidad<\/span><\/strong><\/span><\/p>\n<p style=\"text-align: center;\"><a href=\"\/historiascondelantal\/wp-content\/uploads\/sites\/18\/2014\/05\/IMG_6031.jpg\"><img loading=\"lazy\" class=\"aligncenter  wp-image-2088\" title=\"IMG_6031\" src=\"\/historiascondelantal\/wp-content\/uploads\/sites\/18\/2014\/05\/IMG_6031.jpg\" alt=\"\" width=\"428\" height=\"428\" srcset=\"https:\/\/static-blogs.lasprovincias.es\/wp-content\/uploads\/sites\/18\/2014\/05\/IMG_6031.jpg 612w, https:\/\/static-blogs.lasprovincias.es\/wp-content\/uploads\/sites\/18\/2014\/05\/IMG_6031-150x150.jpg 150w, https:\/\/static-blogs.lasprovincias.es\/wp-content\/uploads\/sites\/18\/2014\/05\/IMG_6031-300x300.jpg 300w\" sizes=\"(max-width: 428px) 100vw, 428px\" \/><\/a><\/p>\n<p>&nbsp;<\/p>\n<p><iframe loading=\"lazy\" src=\"\/\/www.youtube.com\/embed\/nMJUbZrNnA8\" frameborder=\"0\" width=\"640\" height=\"360\"><\/iframe><\/p>\n<p style=\"text-align: center;\"><strong>POR CIERTO&#8230;<\/strong><\/p>\n<ul>\n<li>El <strong>Hogar del Cottolengo<\/strong>, que fue inaugurado en 1943 y tiene capacidasd para 70 residentes, se financia de &#8220;la providencia&#8221;. (Por si quieres echarles un cable, est\u00e1n en calle Padre Jacinto Alegre, 2. En la actualidad C\/ Dr. Vicente Zaragoza n\u00ba 87).<\/li>\n<li>La iniciativa de ofrecerles el men\u00fa de lunes a viernes es del<strong> Rotary Club Valencia-Centro. Digna de aplauso.<br \/>\n<\/strong><\/li>\n<\/ul>\n<p>&nbsp;<\/p>\n<p style=\"text-align: right;\">\u00a0<a href=\"https:\/\/twitter.com\/JesusTrelis\" data-show-count=\"false\" data-lang=\"es\" rel=\"external nofollow\">Seguir a m\u00edster Cooking: @JesusTrelis<\/a><\/p>\n<p><a href=\"\/historiascondelantal\/wp-content\/uploads\/sites\/18\/2014\/05\/IMG_6016.png\"><img loading=\"lazy\" class=\"aligncenter  wp-image-2089\" title=\"IMG_6016\" src=\"\/historiascondelantal\/wp-content\/uploads\/sites\/18\/2014\/05\/IMG_6016.png\" alt=\"\" width=\"346\" height=\"230\" srcset=\"https:\/\/static-blogs.lasprovincias.es\/wp-content\/uploads\/sites\/18\/2014\/05\/IMG_6016.png 960w, https:\/\/static-blogs.lasprovincias.es\/wp-content\/uploads\/sites\/18\/2014\/05\/IMG_6016-300x200.png 300w, https:\/\/static-blogs.lasprovincias.es\/wp-content\/uploads\/sites\/18\/2014\/05\/IMG_6016-768x512.png 768w\" sizes=\"(max-width: 346px) 100vw, 346px\" \/><\/a><\/p>\n<p>&nbsp;<\/p>\n<!-- AddThis Advanced Settings generic via filter on the_content --><!-- AddThis Share Buttons generic via filter on the_content -->","protected":false},"excerpt":{"rendered":"<p>&nbsp; \u00a0Seguir a m\u00edster Cooking: @JesusTrelis Los jueves, Mi\u00e9rcoles come espaguetis a la carbonara. Lo s\u00e9 porque me he aprendido qu\u00e9 come a lo largo de toda la semana para acordarme de ella. Los jueves le sirven espaguetis, despu\u00e9s roti de pollo y fruta. Es el mejor men\u00fa que se puede disfrutar en Valencia. Ya [&hellip;]<!-- AddThis Advanced Settings generic via filter on get_the_excerpt --><!-- AddThis Share Buttons generic via filter on get_the_excerpt --><\/p>\n","protected":false},"author":23,"featured_media":0,"comment_status":"open","ping_status":"open","sticky":false,"template":"","format":"standard","meta":[],"categories":[3,4,6],"tags":[291,478,479,480,972,1018],"_links":{"self":[{"href":"https:\/\/blogs.lasprovincias.es\/historiascondelantal\/wp-json\/wp\/v2\/posts\/2063"}],"collection":[{"href":"https:\/\/blogs.lasprovincias.es\/historiascondelantal\/wp-json\/wp\/v2\/posts"}],"about":[{"href":"https:\/\/blogs.lasprovincias.es\/historiascondelantal\/wp-json\/wp\/v2\/types\/post"}],"author":[{"embeddable":true,"href":"https:\/\/blogs.lasprovincias.es\/historiascondelantal\/wp-json\/wp\/v2\/users\/23"}],"replies":[{"embeddable":true,"href":"https:\/\/blogs.lasprovincias.es\/historiascondelantal\/wp-json\/wp\/v2\/comments?post=2063"}],"version-history":[{"count":0,"href":"https:\/\/blogs.lasprovincias.es\/historiascondelantal\/wp-json\/wp\/v2\/posts\/2063\/revisions"}],"wp:attachment":[{"href":"https:\/\/blogs.lasprovincias.es\/historiascondelantal\/wp-json\/wp\/v2\/media?parent=2063"}],"wp:term":[{"taxonomy":"category","embeddable":true,"href":"https:\/\/blogs.lasprovincias.es\/historiascondelantal\/wp-json\/wp\/v2\/categories?post=2063"},{"taxonomy":"post_tag","embeddable":true,"href":"https:\/\/blogs.lasprovincias.es\/historiascondelantal\/wp-json\/wp\/v2\/tags?post=2063"}],"curies":[{"name":"wp","href":"https:\/\/api.w.org\/{rel}","templated":true}]}}