{"id":20790,"date":"2019-11-24T12:07:56","date_gmt":"2019-11-24T10:07:56","guid":{"rendered":"https:\/\/blogs.lasprovincias.es\/historiascondelantal\/?p=20790"},"modified":"2019-11-24T12:12:51","modified_gmt":"2019-11-24T10:12:51","slug":"el-poblet-el-menu-que-vale-dos-estrellas","status":"publish","type":"post","link":"https:\/\/blogs.lasprovincias.es\/historiascondelantal\/2019\/11\/24\/el-poblet-el-menu-que-vale-dos-estrellas\/","title":{"rendered":"El Poblet: El men\u00fa que vale dos estrellas"},"content":{"rendered":"<p><strong>Quique Dacosta dio alas a su equipo y su equipo ha puesto su restaurante de alta cocina en Valencia por las nubes. <span style=\"color: #debe8e;\">Platos que rozan la excelencia y que enloquecen la tradici\u00f3n con propuestas arriesgadas pero certeras y llenas de personalidad. <\/span>Detr\u00e1s de todo, un nombre propio a destacar: <span style=\"color: #debe8e;\">Luis Valls<\/span><\/strong><\/p>\n<p><a href=\"https:\/\/static-blogs.lasprovincias.es\/wp-content\/uploads\/sites\/18\/2019\/11\/IMG_20191116_152206.jpg\"><img loading=\"lazy\" class=\"alignnone size-large wp-image-20835\" src=\"https:\/\/static-blogs.lasprovincias.es\/wp-content\/uploads\/sites\/18\/2019\/11\/IMG_20191116_152206-768x1024.jpg\" alt=\"\" width=\"768\" height=\"1024\" srcset=\"https:\/\/static-blogs.lasprovincias.es\/wp-content\/uploads\/sites\/18\/2019\/11\/IMG_20191116_152206-768x1024.jpg 768w, https:\/\/static-blogs.lasprovincias.es\/wp-content\/uploads\/sites\/18\/2019\/11\/IMG_20191116_152206-225x300.jpg 225w, https:\/\/static-blogs.lasprovincias.es\/wp-content\/uploads\/sites\/18\/2019\/11\/IMG_20191116_152206.jpg 1500w\" sizes=\"(max-width: 768px) 100vw, 768px\" \/><\/a><\/p>\n<hr \/>\n<p><span style=\"color: #debe8e;\">I. POLVO DE MARIPOSAS\u00a0<\/span><\/p>\n<p>Acud\u00ed a El Poblet con Joan Margarit bajo el brazo. Hacia regusto a invierno en la ciudad. El poemario escogido tambi\u00e9n retumbaba g\u00e9lido. \u2018El primer fr\u00edo. Poes\u00eda (1975-1995)\u2019. En el restaurante de Quique Dacosta en Valencia todo parec\u00eda c\u00e1lido. Como si la primavera se hubiese instalado en el local. M\u00e1s sobrio, con su \u00faltima reforma. Pero coqueto, al estilo de las cosas del chef afincado en D\u00e9nia.<\/p>\n<p>Por azar di con versos de &#8216;Po\u00e9tica&#8217;. \u00abAl ir tras la belleza estar\u00e1s solo: \/ Si la encuentras, se desvanece y deja\/ polvo de mariposas en los dedos\u00bb. Durante toda la comida la belleza, en el m\u00e1s amplio sentido de la palabra, fue desliz\u00e1ndose por El Poblet. Quiz\u00e1s volando. Como mariposas. La belleza est\u00e9tica, pero por encima de ella, la belleza de los sabores equilibrados, de los relatos detr\u00e1s de cada plato, de la frescura de Luis Valls, que ha hecho florecer su cocina en medio de ese inmenso valle que es el mundo creativo de su jefe, de Dacosta. La belleza de la ilusi\u00f3n por un proyecto, que creen y viven quienes est\u00e1n implicados en \u00e9l. Desde la directora <a href=\"https:\/\/blogs.lasprovincias.es\/historiascondelantal\/2015\/03\/07\/la-gastronomia-es-cosa-de-mujeres\/\"><strong>Manuela Romeralo<\/strong><\/a> a quienes trabajan en la cocina limpiando platos. De <strong>Ana y Hern\u00e1n<\/strong> en la sala a <strong>Maite<\/strong>, de baja maternal.<\/p>\n<p><a href=\"https:\/\/static-blogs.lasprovincias.es\/wp-content\/uploads\/sites\/18\/2019\/11\/IMG_20191116_142232.jpg\"><img loading=\"lazy\" class=\"alignnone size-large wp-image-20827\" src=\"https:\/\/static-blogs.lasprovincias.es\/wp-content\/uploads\/sites\/18\/2019\/11\/IMG_20191116_142232-768x1024.jpg\" alt=\"\" width=\"768\" height=\"1024\" srcset=\"https:\/\/static-blogs.lasprovincias.es\/wp-content\/uploads\/sites\/18\/2019\/11\/IMG_20191116_142232-768x1024.jpg 768w, https:\/\/static-blogs.lasprovincias.es\/wp-content\/uploads\/sites\/18\/2019\/11\/IMG_20191116_142232-225x300.jpg 225w, https:\/\/static-blogs.lasprovincias.es\/wp-content\/uploads\/sites\/18\/2019\/11\/IMG_20191116_142232.jpg 1500w\" sizes=\"(max-width: 768px) 100vw, 768px\" \/><\/a><\/p>\n<p>El proyecto de <strong>El Poblet est\u00e1 m\u00e1s s\u00f3lido que nunca, tiene personalidad propia m\u00e1s all\u00e1 de las influencias de D\u00e9nia<\/strong> y, por encima de todo ello, seduce, atrapa, gusta, hace disfrutar\u2026 Y es coherente. Por eso, merec\u00eda esa segunda estrella que le Dacosta se trajo bordada en un chaquetilla desde Sevilla. Por eso y mucho m\u00e1s. Trabajo, trabajo y trabajo.<\/p>\n<p>\u00abMe gusta porque est\u00e1 el mundo de Quique, su forma de hacer y trabajar entre lo sublime y lo perfecto; pero a la vez, est\u00e1 la pasi\u00f3n y la impronta de Luis Valls, su nervio, la sutil imperfecci\u00f3n que da credibilidad a todo\u00bb, pens\u00e9 mientras marcaba p\u00e1ginas del libro de Margarit y ve\u00eda, polvo de mariposas en mis dedos. Ese que se desprend\u00eda de<strong> estos platos<\/strong>:<\/p>\n<p><a href=\"https:\/\/static-blogs.lasprovincias.es\/wp-content\/uploads\/sites\/18\/2019\/11\/IMG_20191116_134500.jpg\"><img loading=\"lazy\" class=\"alignnone size-large wp-image-20823\" src=\"https:\/\/static-blogs.lasprovincias.es\/wp-content\/uploads\/sites\/18\/2019\/11\/IMG_20191116_134500-1024x768.jpg\" alt=\"\" width=\"1024\" height=\"768\" srcset=\"https:\/\/static-blogs.lasprovincias.es\/wp-content\/uploads\/sites\/18\/2019\/11\/IMG_20191116_134500-1024x768.jpg 1024w, https:\/\/static-blogs.lasprovincias.es\/wp-content\/uploads\/sites\/18\/2019\/11\/IMG_20191116_134500-300x225.jpg 300w, https:\/\/static-blogs.lasprovincias.es\/wp-content\/uploads\/sites\/18\/2019\/11\/IMG_20191116_134500-768x576.jpg 768w, https:\/\/static-blogs.lasprovincias.es\/wp-content\/uploads\/sites\/18\/2019\/11\/IMG_20191116_134500.jpg 2000w\" sizes=\"(max-width: 1024px) 100vw, 1024px\" \/><\/a><\/p>\n<hr \/>\n<ol>\n<li>Embutidos de autor.<span style=\"color: #ff9900;\">\u2297\u2297\u2297\u2297<\/span>\u2297<\/li>\n<\/ol>\n<p>Abre brecha el men\u00fa con tres tipos de panes muy valencianos:_pataqueta reci\u00e9n horneada, pan de aceite y rosquilleta. Y, adem\u00e1s, un hilillo de aceite L\u00e1grima. Al instante, aparece Luis Valls gan\u00e1ndote ya de golpe con su bandeja de embutidos que bien merecer\u00edan una historia propia. (Lo dejamos en el caj\u00f3n). Como adelanto, decir que es una revisi\u00f3n de elaboraciones tradicionales. Una reinterpretaci\u00f3n siempre mirando de frente al territorio: fuet de conejo (tan nuestro, en la paella o \u2018espatarrat\u2019); longaniza de pascua de pato (intensa y muy rica); lomo embuchado de caballo (carne tan arraigada en la Comunitat y que a\u00fan cuenta con carnicer\u00edas especializadas en Valencia y varias localidades) y su sobrasada de figatell, blanquet y piment\u00f3n agridulce de la Vera (tra\u00eddo del pueblo de Quique Dacosta). Espect\u00e1culo.<\/p>\n<p><a href=\"https:\/\/static-blogs.lasprovincias.es\/wp-content\/uploads\/sites\/18\/2019\/11\/IMG_20191116_135742.jpg\"><img loading=\"lazy\" class=\"alignnone size-large wp-image-20846\" src=\"https:\/\/static-blogs.lasprovincias.es\/wp-content\/uploads\/sites\/18\/2019\/11\/IMG_20191116_135742-1024x768.jpg\" alt=\"\" width=\"1024\" height=\"768\" srcset=\"https:\/\/static-blogs.lasprovincias.es\/wp-content\/uploads\/sites\/18\/2019\/11\/IMG_20191116_135742-1024x768.jpg 1024w, https:\/\/static-blogs.lasprovincias.es\/wp-content\/uploads\/sites\/18\/2019\/11\/IMG_20191116_135742-300x225.jpg 300w, https:\/\/static-blogs.lasprovincias.es\/wp-content\/uploads\/sites\/18\/2019\/11\/IMG_20191116_135742-768x576.jpg 768w, https:\/\/static-blogs.lasprovincias.es\/wp-content\/uploads\/sites\/18\/2019\/11\/IMG_20191116_135742.jpg 2000w\" sizes=\"(max-width: 1024px) 100vw, 1024px\" \/><\/a><\/p>\n<p>&nbsp;<\/p>\n<ol start=\"2\">\n<li>Trilog\u00eda de destellos <span style=\"color: #ff9900;\">\u2297\u2297\u2297\u2297<\/span>\u2297<\/li>\n<\/ol>\n<p>Son tres bocados, pero a la vez tres destellos. Empieza con el<strong> salpic\u00f3n mediterr\u00e1neo<\/strong> en el que el mejill\u00f3n y el erizo mandan en una refrescante propuesta; juguetea contigo con un delicioso <strong>mochi de cangrejo azul<\/strong> e hinojo marino, que es muy sabroso y casa a la perfecci\u00f3n con el sake \u2013muy suave, elegante, de 15 grados tan solo\u2013 que me sirvi\u00f3 Hern\u00e1n, y remata la trilog\u00eda con una interesante esfera de queso \u2013un queso llamado <strong>luna mora<\/strong>, de Altura\u2013 que estalla en boca e impregna todo el paladar de los sabores de campo, de pastos. Una especie de luna gris creada con una t\u00e9cnica especialmente mimada \u2013es incre\u00edble el crujiente y el coraz\u00f3n l\u00edquido\u2013 y una est\u00e9tica absolutamente seductora.<\/p>\n<p><a href=\"https:\/\/static-blogs.lasprovincias.es\/wp-content\/uploads\/sites\/18\/2019\/11\/IMG_20191116_142045-1.jpg\"><img loading=\"lazy\" class=\"alignnone size-large wp-image-20847\" src=\"https:\/\/static-blogs.lasprovincias.es\/wp-content\/uploads\/sites\/18\/2019\/11\/IMG_20191116_142045-1-1024x768.jpg\" alt=\"\" width=\"1024\" height=\"768\" srcset=\"https:\/\/static-blogs.lasprovincias.es\/wp-content\/uploads\/sites\/18\/2019\/11\/IMG_20191116_142045-1-1024x768.jpg 1024w, https:\/\/static-blogs.lasprovincias.es\/wp-content\/uploads\/sites\/18\/2019\/11\/IMG_20191116_142045-1-300x225.jpg 300w, https:\/\/static-blogs.lasprovincias.es\/wp-content\/uploads\/sites\/18\/2019\/11\/IMG_20191116_142045-1-768x576.jpg 768w, https:\/\/static-blogs.lasprovincias.es\/wp-content\/uploads\/sites\/18\/2019\/11\/IMG_20191116_142045-1.jpg 2000w\" sizes=\"(max-width: 1024px) 100vw, 1024px\" \/><\/a><\/p>\n<p><a href=\"https:\/\/static-blogs.lasprovincias.es\/wp-content\/uploads\/sites\/18\/2019\/11\/IMG_20191116_142048-1.jpg\"><img loading=\"lazy\" class=\"alignnone size-large wp-image-20848\" src=\"https:\/\/static-blogs.lasprovincias.es\/wp-content\/uploads\/sites\/18\/2019\/11\/IMG_20191116_142048-1-1024x768.jpg\" alt=\"\" width=\"1024\" height=\"768\" srcset=\"https:\/\/static-blogs.lasprovincias.es\/wp-content\/uploads\/sites\/18\/2019\/11\/IMG_20191116_142048-1-1024x768.jpg 1024w, https:\/\/static-blogs.lasprovincias.es\/wp-content\/uploads\/sites\/18\/2019\/11\/IMG_20191116_142048-1-300x225.jpg 300w, https:\/\/static-blogs.lasprovincias.es\/wp-content\/uploads\/sites\/18\/2019\/11\/IMG_20191116_142048-1-768x576.jpg 768w, https:\/\/static-blogs.lasprovincias.es\/wp-content\/uploads\/sites\/18\/2019\/11\/IMG_20191116_142048-1.jpg 2000w\" sizes=\"(max-width: 1024px) 100vw, 1024px\" \/><\/a><\/p>\n<p><a href=\"https:\/\/static-blogs.lasprovincias.es\/wp-content\/uploads\/sites\/18\/2019\/11\/IMG_20191116_142255_1.jpg\"><img loading=\"lazy\" class=\"alignnone size-large wp-image-20849\" src=\"https:\/\/static-blogs.lasprovincias.es\/wp-content\/uploads\/sites\/18\/2019\/11\/IMG_20191116_142255_1-1024x768.jpg\" alt=\"\" width=\"1024\" height=\"768\" srcset=\"https:\/\/static-blogs.lasprovincias.es\/wp-content\/uploads\/sites\/18\/2019\/11\/IMG_20191116_142255_1-1024x768.jpg 1024w, https:\/\/static-blogs.lasprovincias.es\/wp-content\/uploads\/sites\/18\/2019\/11\/IMG_20191116_142255_1-300x225.jpg 300w, https:\/\/static-blogs.lasprovincias.es\/wp-content\/uploads\/sites\/18\/2019\/11\/IMG_20191116_142255_1-768x576.jpg 768w, https:\/\/static-blogs.lasprovincias.es\/wp-content\/uploads\/sites\/18\/2019\/11\/IMG_20191116_142255_1.jpg 2000w\" sizes=\"(max-width: 1024px) 100vw, 1024px\" \/><\/a><\/p>\n<p>&nbsp;<\/p>\n<ol start=\"3\">\n<li>Pez lim\u00f3n con salsa de piparras\u00a0\u00a0<span style=\"color: #ff9900;\">\u2297\u2297\u2297\u2297\u2297<\/span><\/li>\n<\/ol>\n<p>Platazo. Est\u00e9ticamente podr\u00eda ser hasta un centro de mesa. Un buqu\u00e9 de hierbas silvestres que transmiten un frescor absoluto y donde todas ellas aportan algo; unas l\u00e1minas de pescado, de una sutileza fant\u00e1stica, y una salsa de piparras exquisita que a\u00fana todo. Un plato equilibrado, muy redondo, refrescante, apetitoso. Para repetir una y otra vez.<\/p>\n<p><a href=\"https:\/\/static-blogs.lasprovincias.es\/wp-content\/uploads\/sites\/18\/2019\/11\/IMG_20191116_143337.jpg\"><img loading=\"lazy\" class=\"alignnone size-large wp-image-20828\" src=\"https:\/\/static-blogs.lasprovincias.es\/wp-content\/uploads\/sites\/18\/2019\/11\/IMG_20191116_143337-1024x768.jpg\" alt=\"\" width=\"1024\" height=\"768\" srcset=\"https:\/\/static-blogs.lasprovincias.es\/wp-content\/uploads\/sites\/18\/2019\/11\/IMG_20191116_143337-1024x768.jpg 1024w, https:\/\/static-blogs.lasprovincias.es\/wp-content\/uploads\/sites\/18\/2019\/11\/IMG_20191116_143337-300x225.jpg 300w, https:\/\/static-blogs.lasprovincias.es\/wp-content\/uploads\/sites\/18\/2019\/11\/IMG_20191116_143337-768x576.jpg 768w, https:\/\/static-blogs.lasprovincias.es\/wp-content\/uploads\/sites\/18\/2019\/11\/IMG_20191116_143337.jpg 2000w\" sizes=\"(max-width: 1024px) 100vw, 1024px\" \/><\/a><\/p>\n<p>&nbsp;<\/p>\n<ol start=\"4\">\n<li>Coliflor, emulsi\u00f3n de anguila y caviar<strong>\u00a0<span style=\"color: #ff9900;\">\u2297\u2297\u2297\u2297\u2297 <\/span><span style=\"color: #ff9900;\">TOP 2<\/span><\/strong><\/li>\n<\/ol>\n<p>Lleg\u00f3 entonces ella, la coliflor que escond\u00eda a la anguila, en una emulsi\u00f3n que parec\u00eda un mar suave, sedoso e intenso. Todo a la vez. Coronado por una cucharada de caviar que revolucionaba cada bocado de esta creaci\u00f3n con tintes de magistral. De esos platos para enmarcar. Sin duda, de lo mejor que me deja el a\u00f1o. La belleza de la exquisitez que se a\u00fana en una elaboraci\u00f3n donde hay: t\u00e9cnica a raudales, territorio por todos los lados (huerta y humedales, coliflor y anguila) y una est\u00e9tica incre\u00edble jugando con el cromatismo de los blancos, creando en si una hermos\u00edsima flor. Impresionante.<\/p>\n<p><a href=\"https:\/\/static-blogs.lasprovincias.es\/wp-content\/uploads\/sites\/18\/2019\/11\/IMG_20191116_144244.jpg\"><img loading=\"lazy\" class=\"alignnone size-large wp-image-20830\" src=\"https:\/\/static-blogs.lasprovincias.es\/wp-content\/uploads\/sites\/18\/2019\/11\/IMG_20191116_144244-1024x768.jpg\" alt=\"\" width=\"1024\" height=\"768\" srcset=\"https:\/\/static-blogs.lasprovincias.es\/wp-content\/uploads\/sites\/18\/2019\/11\/IMG_20191116_144244-1024x768.jpg 1024w, https:\/\/static-blogs.lasprovincias.es\/wp-content\/uploads\/sites\/18\/2019\/11\/IMG_20191116_144244-300x225.jpg 300w, https:\/\/static-blogs.lasprovincias.es\/wp-content\/uploads\/sites\/18\/2019\/11\/IMG_20191116_144244-768x576.jpg 768w, https:\/\/static-blogs.lasprovincias.es\/wp-content\/uploads\/sites\/18\/2019\/11\/IMG_20191116_144244.jpg 2000w\" sizes=\"(max-width: 1024px) 100vw, 1024px\" \/><\/a><\/p>\n\n\t\t<style type=\"text\/css\">\n\t\t\t#gallery-1 {\n\t\t\t\tmargin: auto;\n\t\t\t}\n\t\t\t#gallery-1 .gallery-item {\n\t\t\t\tfloat: left;\n\t\t\t\tmargin-top: 10px;\n\t\t\t\ttext-align: center;\n\t\t\t\twidth: 33%;\n\t\t\t}\n\t\t\t#gallery-1 img {\n\t\t\t\tborder: 2px solid #cfcfcf;\n\t\t\t}\n\t\t\t#gallery-1 .gallery-caption {\n\t\t\t\tmargin-left: 0;\n\t\t\t}\n\t\t\t\/* see gallery_shortcode() in wp-includes\/media.php *\/\n\t\t<\/style>\n\t\t<div id='gallery-1' class='gallery galleryid-20790 gallery-columns-3 gallery-size-full'><dl class='gallery-item'>\n\t\t\t<dt class='gallery-icon landscape'>\n\t\t\t\t<a href=\"https:\/\/blogs.lasprovincias.es\/historiascondelantal\/2019\/11\/24\/el-poblet-el-menu-que-vale-dos-estrellas\/img_20191116_144209_1\/\"><img width=\"2000\" height=\"1500\" src=\"https:\/\/static-blogs.lasprovincias.es\/wp-content\/uploads\/sites\/18\/2019\/11\/IMG_20191116_144209_1.jpg\" class=\"attachment-full size-full\" alt=\"\" loading=\"lazy\" srcset=\"https:\/\/static-blogs.lasprovincias.es\/wp-content\/uploads\/sites\/18\/2019\/11\/IMG_20191116_144209_1.jpg 2000w, https:\/\/static-blogs.lasprovincias.es\/wp-content\/uploads\/sites\/18\/2019\/11\/IMG_20191116_144209_1-300x225.jpg 300w, https:\/\/static-blogs.lasprovincias.es\/wp-content\/uploads\/sites\/18\/2019\/11\/IMG_20191116_144209_1-768x576.jpg 768w, https:\/\/static-blogs.lasprovincias.es\/wp-content\/uploads\/sites\/18\/2019\/11\/IMG_20191116_144209_1-1024x768.jpg 1024w\" sizes=\"(max-width: 2000px) 100vw, 2000px\" \/><\/a>\n\t\t\t<\/dt><\/dl><dl class='gallery-item'>\n\t\t\t<dt class='gallery-icon landscape'>\n\t\t\t\t<a href=\"https:\/\/blogs.lasprovincias.es\/historiascondelantal\/2019\/11\/24\/el-poblet-el-menu-que-vale-dos-estrellas\/img_20191116_144129_1\/\"><img width=\"2000\" height=\"1500\" src=\"https:\/\/static-blogs.lasprovincias.es\/wp-content\/uploads\/sites\/18\/2019\/11\/IMG_20191116_144129_1.jpg\" class=\"attachment-full size-full\" alt=\"\" loading=\"lazy\" srcset=\"https:\/\/static-blogs.lasprovincias.es\/wp-content\/uploads\/sites\/18\/2019\/11\/IMG_20191116_144129_1.jpg 2000w, https:\/\/static-blogs.lasprovincias.es\/wp-content\/uploads\/sites\/18\/2019\/11\/IMG_20191116_144129_1-300x225.jpg 300w, https:\/\/static-blogs.lasprovincias.es\/wp-content\/uploads\/sites\/18\/2019\/11\/IMG_20191116_144129_1-768x576.jpg 768w, https:\/\/static-blogs.lasprovincias.es\/wp-content\/uploads\/sites\/18\/2019\/11\/IMG_20191116_144129_1-1024x768.jpg 1024w\" sizes=\"(max-width: 2000px) 100vw, 2000px\" \/><\/a>\n\t\t\t<\/dt><\/dl><dl class='gallery-item'>\n\t\t\t<dt class='gallery-icon landscape'>\n\t\t\t\t<a href=\"https:\/\/blogs.lasprovincias.es\/historiascondelantal\/2019\/11\/24\/el-poblet-el-menu-que-vale-dos-estrellas\/img_20191116_144114\/\"><img width=\"2000\" height=\"1500\" src=\"https:\/\/static-blogs.lasprovincias.es\/wp-content\/uploads\/sites\/18\/2019\/11\/IMG_20191116_144114.jpg\" class=\"attachment-full size-full\" alt=\"\" loading=\"lazy\" srcset=\"https:\/\/static-blogs.lasprovincias.es\/wp-content\/uploads\/sites\/18\/2019\/11\/IMG_20191116_144114.jpg 2000w, https:\/\/static-blogs.lasprovincias.es\/wp-content\/uploads\/sites\/18\/2019\/11\/IMG_20191116_144114-300x225.jpg 300w, https:\/\/static-blogs.lasprovincias.es\/wp-content\/uploads\/sites\/18\/2019\/11\/IMG_20191116_144114-768x576.jpg 768w, https:\/\/static-blogs.lasprovincias.es\/wp-content\/uploads\/sites\/18\/2019\/11\/IMG_20191116_144114-1024x768.jpg 1024w\" sizes=\"(max-width: 2000px) 100vw, 2000px\" \/><\/a>\n\t\t\t<\/dt><\/dl><br style=\"clear: both\" \/>\n\t\t<\/div>\n\n<p>&nbsp;<\/p>\n<ol start=\"5\">\n<li>Piel de boniato, foie y whisky de malta (con su agua de Valencia) <strong><span style=\"color: #ff9900;\">\u2297\u2297\u2297\u2297\u2297 TOP3<\/span><\/strong><\/li>\n<\/ol>\n<p>Otra locura. Un plato que juega con todos los sentidos: los aromas, las texturas y los dulces del \u2018arrop\u2019 tontean con la maravillosa melosidad de foie y los puntazos de brasa y horno de la piel del boniato. Esa piel que, adem\u00e1s, rompe con sus toques crujientes la armon\u00eda del platazo. Al final, un espect\u00e1culo redondo, muy equilibrado, que te acaba fascinando. Que se desvanece en la boca. S\u00ed, polvo de mariposas en los dedos.<\/p>\n\n\t\t<style type=\"text\/css\">\n\t\t\t#gallery-2 {\n\t\t\t\tmargin: auto;\n\t\t\t}\n\t\t\t#gallery-2 .gallery-item {\n\t\t\t\tfloat: left;\n\t\t\t\tmargin-top: 10px;\n\t\t\t\ttext-align: center;\n\t\t\t\twidth: 50%;\n\t\t\t}\n\t\t\t#gallery-2 img {\n\t\t\t\tborder: 2px solid #cfcfcf;\n\t\t\t}\n\t\t\t#gallery-2 .gallery-caption {\n\t\t\t\tmargin-left: 0;\n\t\t\t}\n\t\t\t\/* see gallery_shortcode() in wp-includes\/media.php *\/\n\t\t<\/style>\n\t\t<div id='gallery-2' class='gallery galleryid-20790 gallery-columns-2 gallery-size-full'><dl class='gallery-item'>\n\t\t\t<dt class='gallery-icon landscape'>\n\t\t\t\t<a href=\"https:\/\/blogs.lasprovincias.es\/historiascondelantal\/2019\/11\/24\/el-poblet-el-menu-que-vale-dos-estrellas\/img_20191116_145255\/\"><img width=\"2000\" height=\"1500\" src=\"https:\/\/static-blogs.lasprovincias.es\/wp-content\/uploads\/sites\/18\/2019\/11\/IMG_20191116_145255.jpg\" class=\"attachment-full size-full\" alt=\"\" loading=\"lazy\" srcset=\"https:\/\/static-blogs.lasprovincias.es\/wp-content\/uploads\/sites\/18\/2019\/11\/IMG_20191116_145255.jpg 2000w, https:\/\/static-blogs.lasprovincias.es\/wp-content\/uploads\/sites\/18\/2019\/11\/IMG_20191116_145255-300x225.jpg 300w, https:\/\/static-blogs.lasprovincias.es\/wp-content\/uploads\/sites\/18\/2019\/11\/IMG_20191116_145255-768x576.jpg 768w, https:\/\/static-blogs.lasprovincias.es\/wp-content\/uploads\/sites\/18\/2019\/11\/IMG_20191116_145255-1024x768.jpg 1024w\" sizes=\"(max-width: 2000px) 100vw, 2000px\" \/><\/a>\n\t\t\t<\/dt><\/dl><dl class='gallery-item'>\n\t\t\t<dt class='gallery-icon landscape'>\n\t\t\t\t<a href=\"https:\/\/blogs.lasprovincias.es\/historiascondelantal\/2019\/11\/24\/el-poblet-el-menu-que-vale-dos-estrellas\/img_20191116_145223_1\/\"><img width=\"2000\" height=\"1500\" src=\"https:\/\/static-blogs.lasprovincias.es\/wp-content\/uploads\/sites\/18\/2019\/11\/IMG_20191116_145223_1.jpg\" class=\"attachment-full size-full\" alt=\"\" loading=\"lazy\" srcset=\"https:\/\/static-blogs.lasprovincias.es\/wp-content\/uploads\/sites\/18\/2019\/11\/IMG_20191116_145223_1.jpg 2000w, https:\/\/static-blogs.lasprovincias.es\/wp-content\/uploads\/sites\/18\/2019\/11\/IMG_20191116_145223_1-300x225.jpg 300w, https:\/\/static-blogs.lasprovincias.es\/wp-content\/uploads\/sites\/18\/2019\/11\/IMG_20191116_145223_1-768x576.jpg 768w, https:\/\/static-blogs.lasprovincias.es\/wp-content\/uploads\/sites\/18\/2019\/11\/IMG_20191116_145223_1-1024x768.jpg 1024w\" sizes=\"(max-width: 2000px) 100vw, 2000px\" \/><\/a>\n\t\t\t<\/dt><\/dl><br style=\"clear: both\" \/>\n\t\t<\/div>\n\n<p>&nbsp;<\/p>\n<ol start=\"6\">\n<li>Sepia bruta con tacones de Prada.\u00a0<span style=\"color: #ff9900;\">\u2297\u2297\u2297\u2297\u2297<\/span><\/li>\n<\/ol>\n<p>Un bocado breve, pero intenso. O eso parece a simple vista. Porque en realidad es m\u00e1s que la breve explosi\u00f3n que produce comerte este ravioli hecho con la propia sepia en la que todos sus interiores aparecen con una exagerada limpieza en el paladar. Sepia bruta vestida con una elegancia extraordinaria. Una sepia con tacones de Prada y un kimono que podr\u00eda dise\u00f1ar el propio<strong> Kenzo<\/strong>.<\/p>\n<p><a href=\"https:\/\/static-blogs.lasprovincias.es\/wp-content\/uploads\/sites\/18\/2019\/11\/IMG_20191116_150859.jpg\"><img loading=\"lazy\" class=\"alignnone size-large wp-image-20834\" src=\"https:\/\/static-blogs.lasprovincias.es\/wp-content\/uploads\/sites\/18\/2019\/11\/IMG_20191116_150859-1024x768.jpg\" alt=\"\" width=\"1024\" height=\"768\" srcset=\"https:\/\/static-blogs.lasprovincias.es\/wp-content\/uploads\/sites\/18\/2019\/11\/IMG_20191116_150859-1024x768.jpg 1024w, https:\/\/static-blogs.lasprovincias.es\/wp-content\/uploads\/sites\/18\/2019\/11\/IMG_20191116_150859-300x225.jpg 300w, https:\/\/static-blogs.lasprovincias.es\/wp-content\/uploads\/sites\/18\/2019\/11\/IMG_20191116_150859-768x576.jpg 768w, https:\/\/static-blogs.lasprovincias.es\/wp-content\/uploads\/sites\/18\/2019\/11\/IMG_20191116_150859.jpg 2000w\" sizes=\"(max-width: 1024px) 100vw, 1024px\" \/><\/a><\/p>\n<p>&nbsp;<\/p>\n<ol start=\"7\">\n<li>Imponente all i pebre\u00a0<strong><span style=\"color: #ff9900;\">\u2297\u2297\u2297\u2297\u2297 <\/span><\/strong><span style=\"color: #ff9900;\">TOP 1<\/span><\/li>\n<\/ol>\n<p>De nuevo, el cielo. De nuevo, la gloria. Y de nuevo, un plato que merece, un rato de mecedora y reflexi\u00f3n para saborearlo con tiempo, meditarlo con sosiego, como se meditan los guisos al fuego. Es sencillamente maravilloso. Otro de los bocados del a\u00f1o: Luis Valls dentro de \u00e9l, el paisaje que le rodea, la tradici\u00f3n pasada por el prisma de un restaurante que se ha convertido en una caja de sorpresas. Que te va subiendo y subiendo arriba. Imperdonable no probarlo. A m\u00ed, me tiene conquistado. Siempre me acabo enamorando. Hay motivos.<\/p>\n<p><a href=\"https:\/\/static-blogs.lasprovincias.es\/wp-content\/uploads\/sites\/18\/2019\/11\/IMG_20191116_154147.jpg\"><img loading=\"lazy\" class=\"alignnone size-large wp-image-20855\" src=\"https:\/\/static-blogs.lasprovincias.es\/wp-content\/uploads\/sites\/18\/2019\/11\/IMG_20191116_154147-1024x768.jpg\" alt=\"\" width=\"1024\" height=\"768\" srcset=\"https:\/\/static-blogs.lasprovincias.es\/wp-content\/uploads\/sites\/18\/2019\/11\/IMG_20191116_154147-1024x768.jpg 1024w, https:\/\/static-blogs.lasprovincias.es\/wp-content\/uploads\/sites\/18\/2019\/11\/IMG_20191116_154147-300x225.jpg 300w, https:\/\/static-blogs.lasprovincias.es\/wp-content\/uploads\/sites\/18\/2019\/11\/IMG_20191116_154147-768x576.jpg 768w, https:\/\/static-blogs.lasprovincias.es\/wp-content\/uploads\/sites\/18\/2019\/11\/IMG_20191116_154147.jpg 2000w\" sizes=\"(max-width: 1024px) 100vw, 1024px\" \/><\/a><\/p>\n<p>&nbsp;<\/p>\n<ol start=\"8\">\n<li>El baile de la escorpa <span style=\"color: #ff9900;\">\u2297\u2297\u2297\u2297\u2297<\/span><\/li>\n<\/ol>\n<p>La emoci\u00f3n culinaria se mantiene viva toda la comida. Quiz\u00e1 hay un instante en que se desborda. Cuando Luis Valls llega con una escorpa guisada en su jugo y la va despiezando: primero pruebas sus carrilleras, despu\u00e9s su parpatana que saboreas con tus dedos y la gozas, y rematas con el lomo del pescado y su jugo emulsionado con mantequilla de azafr\u00e1n de Ontinyent y napicol. \u00abEn casa de mi abuela nos pele\u00e1bamos todos por la cabeza del pescado; esto es como un homenaje a ello\u00bb, cont\u00f3. Y s\u00ed, se nota la ilusi\u00f3n, el ensue\u00f1o, la pasi\u00f3n&#8230; Hermoso y nost\u00e1lgico baile con una escorpa.<\/p>\n\n\t\t<style type=\"text\/css\">\n\t\t\t#gallery-3 {\n\t\t\t\tmargin: auto;\n\t\t\t}\n\t\t\t#gallery-3 .gallery-item {\n\t\t\t\tfloat: left;\n\t\t\t\tmargin-top: 10px;\n\t\t\t\ttext-align: center;\n\t\t\t\twidth: 50%;\n\t\t\t}\n\t\t\t#gallery-3 img {\n\t\t\t\tborder: 2px solid #cfcfcf;\n\t\t\t}\n\t\t\t#gallery-3 .gallery-caption {\n\t\t\t\tmargin-left: 0;\n\t\t\t}\n\t\t\t\/* see gallery_shortcode() in wp-includes\/media.php *\/\n\t\t<\/style>\n\t\t<div id='gallery-3' class='gallery galleryid-20790 gallery-columns-2 gallery-size-full'><dl class='gallery-item'>\n\t\t\t<dt class='gallery-icon landscape'>\n\t\t\t\t<a href=\"https:\/\/blogs.lasprovincias.es\/historiascondelantal\/2019\/11\/24\/el-poblet-el-menu-que-vale-dos-estrellas\/img_20191116_152225\/\"><img width=\"2000\" height=\"1500\" src=\"https:\/\/static-blogs.lasprovincias.es\/wp-content\/uploads\/sites\/18\/2019\/11\/IMG_20191116_152225.jpg\" class=\"attachment-full size-full\" alt=\"\" loading=\"lazy\" srcset=\"https:\/\/static-blogs.lasprovincias.es\/wp-content\/uploads\/sites\/18\/2019\/11\/IMG_20191116_152225.jpg 2000w, https:\/\/static-blogs.lasprovincias.es\/wp-content\/uploads\/sites\/18\/2019\/11\/IMG_20191116_152225-300x225.jpg 300w, https:\/\/static-blogs.lasprovincias.es\/wp-content\/uploads\/sites\/18\/2019\/11\/IMG_20191116_152225-768x576.jpg 768w, https:\/\/static-blogs.lasprovincias.es\/wp-content\/uploads\/sites\/18\/2019\/11\/IMG_20191116_152225-1024x768.jpg 1024w\" sizes=\"(max-width: 2000px) 100vw, 2000px\" \/><\/a>\n\t\t\t<\/dt><\/dl><dl class='gallery-item'>\n\t\t\t<dt class='gallery-icon landscape'>\n\t\t\t\t<a href=\"https:\/\/blogs.lasprovincias.es\/historiascondelantal\/2019\/11\/24\/el-poblet-el-menu-que-vale-dos-estrellas\/img_20191116_152902\/\"><img width=\"2000\" height=\"1500\" src=\"https:\/\/static-blogs.lasprovincias.es\/wp-content\/uploads\/sites\/18\/2019\/11\/IMG_20191116_152902.jpg\" class=\"attachment-full size-full\" alt=\"\" loading=\"lazy\" srcset=\"https:\/\/static-blogs.lasprovincias.es\/wp-content\/uploads\/sites\/18\/2019\/11\/IMG_20191116_152902.jpg 2000w, https:\/\/static-blogs.lasprovincias.es\/wp-content\/uploads\/sites\/18\/2019\/11\/IMG_20191116_152902-300x225.jpg 300w, https:\/\/static-blogs.lasprovincias.es\/wp-content\/uploads\/sites\/18\/2019\/11\/IMG_20191116_152902-768x576.jpg 768w, https:\/\/static-blogs.lasprovincias.es\/wp-content\/uploads\/sites\/18\/2019\/11\/IMG_20191116_152902-1024x768.jpg 1024w\" sizes=\"(max-width: 2000px) 100vw, 2000px\" \/><\/a>\n\t\t\t<\/dt><\/dl><br style=\"clear: both\" \/>\n\t\t<\/div>\n\n<p>&nbsp;<\/p>\n<ol start=\"9\">\n<li>Arroz bomba con pato Collverd y oto\u00f1o de remolachas asadas\u00a0\u00a0<span style=\"color: #ff9900;\">\u2297\u2297\u2297\u2297\u2297<\/span><\/li>\n<\/ol>\n<p>Una fascinante (otra) propuesta con el sello de casa; los arroces de Quique son inconfundibles. Intensidad a raudales, guisote en el fondo, frescura en los brotes de remolacha, crujientes (dulzones) en sus escamas que rematan la creaci\u00f3n. Una vez m\u00e1s, la belleza emplatada.<\/p>\n<p><a href=\"https:\/\/static-blogs.lasprovincias.es\/wp-content\/uploads\/sites\/18\/2019\/11\/IMG_20191116_155646.jpg\"><img loading=\"lazy\" class=\"alignnone size-large wp-image-20838\" src=\"https:\/\/static-blogs.lasprovincias.es\/wp-content\/uploads\/sites\/18\/2019\/11\/IMG_20191116_155646-1024x768.jpg\" alt=\"\" width=\"1024\" height=\"768\" srcset=\"https:\/\/static-blogs.lasprovincias.es\/wp-content\/uploads\/sites\/18\/2019\/11\/IMG_20191116_155646-1024x768.jpg 1024w, https:\/\/static-blogs.lasprovincias.es\/wp-content\/uploads\/sites\/18\/2019\/11\/IMG_20191116_155646-300x225.jpg 300w, https:\/\/static-blogs.lasprovincias.es\/wp-content\/uploads\/sites\/18\/2019\/11\/IMG_20191116_155646-768x576.jpg 768w, https:\/\/static-blogs.lasprovincias.es\/wp-content\/uploads\/sites\/18\/2019\/11\/IMG_20191116_155646.jpg 2000w\" sizes=\"(max-width: 1024px) 100vw, 1024px\" \/><\/a><\/p>\n<p>&nbsp;<\/p>\n<ol start=\"10\">\n<li>Pato\u00a0<span style=\"color: #ff9900;\">\u2297\u2297\u2297\u2297<\/span>\u2297<\/li>\n<\/ol>\n<p>A m\u00ed, el pato me encanta. Quiz\u00e1s, para mi gusto un poco menos hecho. Va por gustos, claro. Pero que te sirvan el pato as\u00ed es maravilloso. Limpio. Sin m\u00e1s. No necesita nada. S\u00f3lo dejar que sus carnes te susurren los sonidos de la Albufera.<\/p>\n<p><a href=\"https:\/\/static-blogs.lasprovincias.es\/wp-content\/uploads\/sites\/18\/2019\/11\/IMG_20191116_161211.jpg\"><img loading=\"lazy\" class=\"alignnone size-large wp-image-20839\" src=\"https:\/\/static-blogs.lasprovincias.es\/wp-content\/uploads\/sites\/18\/2019\/11\/IMG_20191116_161211-1024x768.jpg\" alt=\"\" width=\"1024\" height=\"768\" srcset=\"https:\/\/static-blogs.lasprovincias.es\/wp-content\/uploads\/sites\/18\/2019\/11\/IMG_20191116_161211-1024x768.jpg 1024w, https:\/\/static-blogs.lasprovincias.es\/wp-content\/uploads\/sites\/18\/2019\/11\/IMG_20191116_161211-300x225.jpg 300w, https:\/\/static-blogs.lasprovincias.es\/wp-content\/uploads\/sites\/18\/2019\/11\/IMG_20191116_161211-768x576.jpg 768w, https:\/\/static-blogs.lasprovincias.es\/wp-content\/uploads\/sites\/18\/2019\/11\/IMG_20191116_161211.jpg 2000w\" sizes=\"(max-width: 1024px) 100vw, 1024px\" \/><\/a><\/p>\n<p>&nbsp;<\/p>\n<ol start=\"11\">\n<li>Higos sobre hoja <span style=\"color: #ff9900;\">\u2297\u2297\u2297\u2297<\/span>\u2297<\/li>\n<\/ol>\n<p>Un postre que me record\u00f3 mucho las propuestas de Quique. Elegante, sabroso. Despidiendo su temporada. \u00abAhora ya ando con la calabaza\u00bb, me dijo Luis. En su cat\u00e1logo quedar\u00e1 un gran postre: meloso, sabores de queso untuoso, el higo, el final del verano. El inicio del fr\u00edo.<\/p>\n<p><a href=\"https:\/\/static-blogs.lasprovincias.es\/wp-content\/uploads\/sites\/18\/2019\/11\/IMG_20191116_162954.jpg\"><img loading=\"lazy\" class=\"alignnone size-large wp-image-20840\" src=\"https:\/\/static-blogs.lasprovincias.es\/wp-content\/uploads\/sites\/18\/2019\/11\/IMG_20191116_162954-1024x768.jpg\" alt=\"\" width=\"1024\" height=\"768\" srcset=\"https:\/\/static-blogs.lasprovincias.es\/wp-content\/uploads\/sites\/18\/2019\/11\/IMG_20191116_162954-1024x768.jpg 1024w, https:\/\/static-blogs.lasprovincias.es\/wp-content\/uploads\/sites\/18\/2019\/11\/IMG_20191116_162954-300x225.jpg 300w, https:\/\/static-blogs.lasprovincias.es\/wp-content\/uploads\/sites\/18\/2019\/11\/IMG_20191116_162954-768x576.jpg 768w, https:\/\/static-blogs.lasprovincias.es\/wp-content\/uploads\/sites\/18\/2019\/11\/IMG_20191116_162954.jpg 2000w\" sizes=\"(max-width: 1024px) 100vw, 1024px\" \/><\/a><\/p>\n<p>&nbsp;<\/p>\n<ol start=\"12\">\n<li>Un cremaet con arte <span style=\"color: #ff9900;\">\u2297\u2297\u2297\u2297<\/span>\u2297<\/li>\n<\/ol>\n<p>Divertido, intenso, muy logrado. Hay ron, especias, lim\u00f3n, caf\u00e9\u2026. Un seis doble para terminar lo que fue una comida m\u00e1gica. Un seis doble con el que me gan\u00f3 la partida. Fuego por todos los lados. Gui\u00f1os. Equilibrios, la calle y el paisaje, la experiencia personal de Luis y de Quique. Valencia, el cielo con estrellas. El Poblet. \u00abYo y la ciudad somos el mismo polvo dorado de la tarde\u00bb, me susurr\u00f3 un poema de Margarit en \u2018Conversaci\u00f3n en Alejandr\u00eda\u2019. Polvo de estrellas. Y mariposas.<\/p>\n<p><a href=\"https:\/\/static-blogs.lasprovincias.es\/wp-content\/uploads\/sites\/18\/2019\/11\/IMG_20191116_164006.jpg\"><img loading=\"lazy\" class=\"alignnone size-large wp-image-20841\" src=\"https:\/\/static-blogs.lasprovincias.es\/wp-content\/uploads\/sites\/18\/2019\/11\/IMG_20191116_164006-1024x768.jpg\" alt=\"\" width=\"1024\" height=\"768\" srcset=\"https:\/\/static-blogs.lasprovincias.es\/wp-content\/uploads\/sites\/18\/2019\/11\/IMG_20191116_164006-1024x768.jpg 1024w, https:\/\/static-blogs.lasprovincias.es\/wp-content\/uploads\/sites\/18\/2019\/11\/IMG_20191116_164006-300x225.jpg 300w, https:\/\/static-blogs.lasprovincias.es\/wp-content\/uploads\/sites\/18\/2019\/11\/IMG_20191116_164006-768x576.jpg 768w, https:\/\/static-blogs.lasprovincias.es\/wp-content\/uploads\/sites\/18\/2019\/11\/IMG_20191116_164006.jpg 2000w\" sizes=\"(max-width: 1024px) 100vw, 1024px\" \/><\/a><\/p>\n<hr \/>\n<p>&nbsp;<\/p>\n<p style=\"text-align: center;\"><span style=\"color: #debe8e;\"><strong>II. UN EQUIPO\u00a0 QUE VALE DOS ESTRELLAS<\/strong><\/span><\/p>\n<p style=\"text-align: center;\"><span style=\"color: #debe8e;\"><em>Cuando son\u00f3 sobre el escenario el nombre de El Poblet, Quique Dacosta subi\u00f3, cogi\u00f3 la chaquetilla con los dos macarons bordados y dijo: \u00abEsta chaquetilla no me la voy a poner porque es de Luis Valls y todo su equipo\u00bb. Y ese equipo, pilotado en la cocina por Luis Valls, por Teresa P\u00e9rez Tapia en la sala y Manuela Romeralo en la direcci\u00f3n, est\u00e1 formado por muchos otros rostros. Nombres propios, la mayor\u00eda j\u00f3venes, que viven con pasi\u00f3n su profesi\u00f3n. En la sala y en la cocina. Hern\u00e1n Menno, Ana, Fabio Legori&#8230; Un equipo que vive su d\u00eda a d\u00eda con intensidad. Y con ilusi\u00f3n. Eso se nota y tiene su premio. Sus dos estrellas<\/em>.<\/span><\/p>\n<p><a href=\"https:\/\/static-blogs.lasprovincias.es\/wp-content\/uploads\/sites\/18\/2019\/11\/IMG_20191116_171348.jpg\"><img loading=\"lazy\" class=\"alignnone size-large wp-image-20844\" src=\"https:\/\/static-blogs.lasprovincias.es\/wp-content\/uploads\/sites\/18\/2019\/11\/IMG_20191116_171348-1024x768.jpg\" alt=\"\" width=\"1024\" height=\"768\" srcset=\"https:\/\/static-blogs.lasprovincias.es\/wp-content\/uploads\/sites\/18\/2019\/11\/IMG_20191116_171348-1024x768.jpg 1024w, https:\/\/static-blogs.lasprovincias.es\/wp-content\/uploads\/sites\/18\/2019\/11\/IMG_20191116_171348-300x225.jpg 300w, https:\/\/static-blogs.lasprovincias.es\/wp-content\/uploads\/sites\/18\/2019\/11\/IMG_20191116_171348-768x576.jpg 768w, https:\/\/static-blogs.lasprovincias.es\/wp-content\/uploads\/sites\/18\/2019\/11\/IMG_20191116_171348.jpg 2000w\" sizes=\"(max-width: 1024px) 100vw, 1024px\" \/><\/a><\/p>\n<p><a href=\"https:\/\/static-blogs.lasprovincias.es\/wp-content\/uploads\/sites\/18\/2019\/11\/IMG_20191116_173801.jpg\"><img loading=\"lazy\" class=\"alignnone size-large wp-image-20845\" src=\"https:\/\/static-blogs.lasprovincias.es\/wp-content\/uploads\/sites\/18\/2019\/11\/IMG_20191116_173801-1024x768.jpg\" alt=\"\" width=\"1024\" height=\"768\" srcset=\"https:\/\/static-blogs.lasprovincias.es\/wp-content\/uploads\/sites\/18\/2019\/11\/IMG_20191116_173801-1024x768.jpg 1024w, https:\/\/static-blogs.lasprovincias.es\/wp-content\/uploads\/sites\/18\/2019\/11\/IMG_20191116_173801-300x225.jpg 300w, https:\/\/static-blogs.lasprovincias.es\/wp-content\/uploads\/sites\/18\/2019\/11\/IMG_20191116_173801-768x576.jpg 768w, https:\/\/static-blogs.lasprovincias.es\/wp-content\/uploads\/sites\/18\/2019\/11\/IMG_20191116_173801.jpg 2000w\" sizes=\"(max-width: 1024px) 100vw, 1024px\" \/><\/a><\/p>\n<div id=\"attachment_20816\" style=\"width: 1034px\" class=\"wp-caption alignnone\"><a href=\"https:\/\/static-blogs.lasprovincias.es\/wp-content\/uploads\/sites\/18\/2019\/11\/IMG_1240.jpg\"><img aria-describedby=\"caption-attachment-20816\" loading=\"lazy\" class=\"size-large wp-image-20816\" src=\"https:\/\/static-blogs.lasprovincias.es\/wp-content\/uploads\/sites\/18\/2019\/11\/IMG_1240-1024x768.jpg\" alt=\"\" width=\"1024\" height=\"768\" srcset=\"https:\/\/static-blogs.lasprovincias.es\/wp-content\/uploads\/sites\/18\/2019\/11\/IMG_1240.jpg 1024w, https:\/\/static-blogs.lasprovincias.es\/wp-content\/uploads\/sites\/18\/2019\/11\/IMG_1240-300x225.jpg 300w, https:\/\/static-blogs.lasprovincias.es\/wp-content\/uploads\/sites\/18\/2019\/11\/IMG_1240-768x576.jpg 768w\" sizes=\"(max-width: 1024px) 100vw, 1024px\" \/><\/a><p id=\"caption-attachment-20816\" class=\"wp-caption-text\">Foto propiedad del EL POBLET<\/p><\/div>\n<hr \/>\n<p>&nbsp;<\/p>\n<p style=\"text-align: center;\"><strong>La misma historia, desde otro punto de vista.\u00a0<\/strong><\/p>\n<h3 style=\"text-align: center;\"><span style=\"color: #debe8e;\">LA BELLEZA, SEG\u00daN MARGARIT<\/span><\/h3>\n<blockquote>\n<p style=\"text-align: center;\">\u00abHoy, al llegar la edad del fr\u00edo\/ \u2013la edad de valorar los libros ya le\u00eddos \/ y las calles tranquilas\u2013 la luz del patio cae con tristeza \/ en cada ventanal\u00bb. Lo escribe Joan Margarit en su poema \u2018La Oscura Melancol\u00eda de Robins\u00f3n Crusoe\u2019 (Colecci\u00f3n Visor). Y quiz\u00e1s, al leerlo, te hace sentirte un poco n\u00e1ufrago, a la deriva, pero a la vez un superviviente en mitad de una ciudad tan bulliciosa como vana, tan multitudinaria como solitaria. <strong>Una ciudad con mil ciudades. Tantas como sus habitantes<\/strong>.<\/p>\n<p style=\"text-align: center;\">\u2022<\/p>\n<p style=\"text-align: center;\">Me llev\u00e9 al flamante premio Cervantes un g\u00e9lido s\u00e1bado a comer. Fuimos a El Poblet. Cara a cara. \u00c9l se vino comprimido en un poemario que ten\u00eda hace ya un pu\u00f1ado de lustros. \u2018El primer fr\u00edo\u2019 se titula la obra. Treinta a\u00f1os de poes\u00edas (1975-1995). En la mesa, en una conversaci\u00f3n en la que los versos del poeta se maridaban con delicados vinos servidos por un joven sumiller llamado Hern\u00e1n, fui apoder\u00e1ndome de sus poes\u00edas, haciendo justicia a lo que \u00e9l predica: \u00abDe los poemas me apropi\u00e9\/ como si fuesen sombras de cipr\u00e9s, \/ o el resplandor del cielo en la ventana\u00bb (De \u2018Poetas\u2019).<br \/>\nSirvieron los peculiares embutidos que Luis Valls y su equipo elabora a base de carne de conejo, caballo y pato. <strong>Me sent\u00ed afortunado. Una especie de loco solitario, con un poemario y un restaurante lleno como \u00fanica compa\u00f1\u00eda.<\/strong> Fui probando de puntillas cada bocado que me serv\u00edan. Los versos se mezclaban entre salsas, hierbas silvestres, platos con anguilas que se hab\u00edan transformado en pura poes\u00eda culinaria. Como si la palabra se hiciera carne y la carne, verso. \u00abHe puesto rosas rojas en el umbral\/ de esta casa vac\u00eda donde he estado esper\u00e1ndote\u00bb (Ideal).<\/p>\n<p style=\"text-align: center;\">\u2022<br \/>\nLa soledad, en realidad, se hace a\u00f1icos cuando te acompa\u00f1a un buen libro. Y una buena comida es como un c\u00e1lido abrazo que combate el fr\u00edo del vac\u00edo. La soledad, esa que rompe almas y que se filtra por las vidas cuando el tiempo deshilacha los d\u00edas, puede quedar en barbecho cuando invitas a tu mesa a Brines, a Rossi, a Pinter. Todo depende del momento. <strong>Cada soledad tiene su compa\u00f1\u00eda. Como cada guiso.<\/strong> Unas lentejas se comparten; una sopa de ajo es para encerrarte. Los platos de El Poblet se reflexionan y son sublimes como el Cervantes. Los calderos de la ni\u00f1ez son entra\u00f1ables y melanc\u00f3licos, como las cucharadas escritas por Gloria Fuertes. Cada vac\u00edo tiene su luz, su plato, su verso, un beso.<\/p>\n<p><a href=\"https:\/\/static-blogs.lasprovincias.es\/wp-content\/uploads\/sites\/18\/2019\/11\/IMG_20191116_160411.jpg\"><img loading=\"lazy\" class=\"alignnone size-large wp-image-20856\" src=\"https:\/\/static-blogs.lasprovincias.es\/wp-content\/uploads\/sites\/18\/2019\/11\/IMG_20191116_160411-768x1024.jpg\" alt=\"\" width=\"768\" height=\"1024\" srcset=\"https:\/\/static-blogs.lasprovincias.es\/wp-content\/uploads\/sites\/18\/2019\/11\/IMG_20191116_160411-768x1024.jpg 768w, https:\/\/static-blogs.lasprovincias.es\/wp-content\/uploads\/sites\/18\/2019\/11\/IMG_20191116_160411-225x300.jpg 225w, https:\/\/static-blogs.lasprovincias.es\/wp-content\/uploads\/sites\/18\/2019\/11\/IMG_20191116_160411.jpg 1500w\" sizes=\"(max-width: 768px) 100vw, 768px\" \/><\/a><\/p><\/blockquote>\n<hr \/>\n<p style=\"text-align: right;\"><span style=\"color: #debe8e;\">TE PUEDE INTERESAR SOBRE <strong>MICHELIN 2020<\/strong><\/span><\/p>\n<p style=\"text-align: right;\"><a href=\"https:\/\/www.lasprovincias.es\/planes\/gastronomia\/directo-gala-estrellas-michelin-20191120163928-nt.html\" rel=\"external nofollow\">Dacosta y Rodrigo encumbran a las Michelin en Valencia<\/a><\/p>\n<p style=\"text-align: right;\"><a href=\"https:\/\/www.lasprovincias.es\/planes\/gastronomia\/poblet-encumbra-luis-20191121000023-ntvo.html#vca=modulos&amp;vso=lasprovincias&amp;vmc=noticias-rel-1-cmp&amp;vli=gastronom%C3%ADa\" rel=\"external nofollow\">El Poblet se encumbra con Luis Valls<\/a><\/p>\n<p style=\"text-align: right;\"><a href=\"https:\/\/blogs.lasprovincias.es\/historiascondelantal\/2019\/11\/23\/michelin-2020-lo-que-nadie-te-ha-contado-y-lo-que-queda-por-lograr\/\">Michelin 2020: lo que nadie te ha contado y lo que queda por lograr<\/a><\/p>\n<p style=\"text-align: right;\"><a href=\"https:\/\/static-blogs.lasprovincias.es\/wp-content\/uploads\/sites\/18\/2019\/11\/AB2F5032-259B-494E-855E-0B39F68E48D9.jpeg\"><img loading=\"lazy\" class=\"alignnone size-large wp-image-20815\" src=\"https:\/\/static-blogs.lasprovincias.es\/wp-content\/uploads\/sites\/18\/2019\/11\/AB2F5032-259B-494E-855E-0B39F68E48D9-1024x768.jpeg\" alt=\"\" width=\"1024\" height=\"768\" srcset=\"https:\/\/static-blogs.lasprovincias.es\/wp-content\/uploads\/sites\/18\/2019\/11\/AB2F5032-259B-494E-855E-0B39F68E48D9-1024x768.jpeg 1024w, https:\/\/static-blogs.lasprovincias.es\/wp-content\/uploads\/sites\/18\/2019\/11\/AB2F5032-259B-494E-855E-0B39F68E48D9-300x225.jpeg 300w, https:\/\/static-blogs.lasprovincias.es\/wp-content\/uploads\/sites\/18\/2019\/11\/AB2F5032-259B-494E-855E-0B39F68E48D9-768x576.jpeg 768w, https:\/\/static-blogs.lasprovincias.es\/wp-content\/uploads\/sites\/18\/2019\/11\/AB2F5032-259B-494E-855E-0B39F68E48D9.jpeg 2000w\" sizes=\"(max-width: 1024px) 100vw, 1024px\" \/><\/a><\/p>\n<!-- AddThis Advanced Settings generic via filter on the_content --><!-- AddThis Share Buttons generic via filter on the_content -->","protected":false},"excerpt":{"rendered":"<p>Quique Dacosta dio alas a su equipo y su equipo ha puesto su restaurante de alta cocina en Valencia por las nubes. Platos que rozan la excelencia y que enloquecen la tradici\u00f3n con propuestas arriesgadas pero certeras y llenas de personalidad. Detr\u00e1s de todo, un nombre propio a destacar: Luis Valls I. POLVO DE MARIPOSAS\u00a0 [&hellip;]<!-- AddThis Advanced Settings generic via filter on get_the_excerpt --><!-- AddThis Share Buttons generic via filter on get_the_excerpt --><\/p>\n","protected":false},"author":23,"featured_media":20822,"comment_status":"open","ping_status":"open","sticky":false,"template":"","format":"standard","meta":[],"categories":[3,4,5,1],"tags":[366,397,1764,654,1762,889],"_links":{"self":[{"href":"https:\/\/blogs.lasprovincias.es\/historiascondelantal\/wp-json\/wp\/v2\/posts\/20790"}],"collection":[{"href":"https:\/\/blogs.lasprovincias.es\/historiascondelantal\/wp-json\/wp\/v2\/posts"}],"about":[{"href":"https:\/\/blogs.lasprovincias.es\/historiascondelantal\/wp-json\/wp\/v2\/types\/post"}],"author":[{"embeddable":true,"href":"https:\/\/blogs.lasprovincias.es\/historiascondelantal\/wp-json\/wp\/v2\/users\/23"}],"replies":[{"embeddable":true,"href":"https:\/\/blogs.lasprovincias.es\/historiascondelantal\/wp-json\/wp\/v2\/comments?post=20790"}],"version-history":[{"count":7,"href":"https:\/\/blogs.lasprovincias.es\/historiascondelantal\/wp-json\/wp\/v2\/posts\/20790\/revisions"}],"predecessor-version":[{"id":20859,"href":"https:\/\/blogs.lasprovincias.es\/historiascondelantal\/wp-json\/wp\/v2\/posts\/20790\/revisions\/20859"}],"wp:featuredmedia":[{"embeddable":true,"href":"https:\/\/blogs.lasprovincias.es\/historiascondelantal\/wp-json\/wp\/v2\/media\/20822"}],"wp:attachment":[{"href":"https:\/\/blogs.lasprovincias.es\/historiascondelantal\/wp-json\/wp\/v2\/media?parent=20790"}],"wp:term":[{"taxonomy":"category","embeddable":true,"href":"https:\/\/blogs.lasprovincias.es\/historiascondelantal\/wp-json\/wp\/v2\/categories?post=20790"},{"taxonomy":"post_tag","embeddable":true,"href":"https:\/\/blogs.lasprovincias.es\/historiascondelantal\/wp-json\/wp\/v2\/tags?post=20790"}],"curies":[{"name":"wp","href":"https:\/\/api.w.org\/{rel}","templated":true}]}}