{"id":2096,"date":"2014-05-17T07:40:18","date_gmt":"2014-05-17T07:40:18","guid":{"rendered":"http:\/\/blogs.lasprovincias.es\/historiascondelantal\/?p=2096"},"modified":"2014-05-17T07:40:18","modified_gmt":"2014-05-17T07:40:18","slug":"que-hacen-siete-cocineros-en-un-ascensor","status":"publish","type":"post","link":"https:\/\/blogs.lasprovincias.es\/historiascondelantal\/2014\/05\/17\/que-hacen-siete-cocineros-en-un-ascensor\/","title":{"rendered":"\u00bfQU\u00c9 HACEN SIETE COCINEROS EN UN ASCENSOR?"},"content":{"rendered":"<p style=\"text-align: right;\"><span style=\"color: #333300;\"><a href=\"https:\/\/twitter.com\/JesusTrelis\" data-lang=\"es\" data-show-count=\"false\" rel=\"external nofollow\"><span style=\"color: #333300;\">Seguir a m\u00edster Cooking: @JesusTrelis<\/span><\/a><\/span><\/p>\n<p><span style=\"font-size: large; color: #888888;\"><strong>Andaba yo pintando sue\u00f1os<\/strong><\/span> \u2013lo que sin l\u00edrica se dir\u00eda, durmiendo como un tronco con la cabeza llena de f\u00e1bulas- cuando son\u00f3 alterado el <strong><span style=\"color: #ff0000;\">tel\u00e9fono rojo<\/span><\/strong>. Sonaba despiadado, como gallo madrugador. Tanto que me asust\u00e9. Dej\u00e9 los pinceles de mi imaginaci\u00f3n, un tigre se escap\u00f3 de mis sue\u00f1os y, sobresaltado, salt\u00e9 de la cama.<\/p>\n<p style=\"text-align: center;\">\n<p style=\"text-align: center;\"><a href=\"\/historiascondelantal\/wp-content\/uploads\/sites\/18\/2014\/05\/IMG_6207.jpg\"><img loading=\"lazy\" class=\"aligncenter  wp-image-2120\" title=\"IMG_6207\" src=\"\/historiascondelantal\/wp-content\/uploads\/sites\/18\/2014\/05\/IMG_6207.jpg\" alt=\"\" width=\"430\" height=\"430\" srcset=\"https:\/\/static-blogs.lasprovincias.es\/wp-content\/uploads\/sites\/18\/2014\/05\/IMG_6207.jpg 1512w, https:\/\/static-blogs.lasprovincias.es\/wp-content\/uploads\/sites\/18\/2014\/05\/IMG_6207-150x150.jpg 150w, https:\/\/static-blogs.lasprovincias.es\/wp-content\/uploads\/sites\/18\/2014\/05\/IMG_6207-300x300.jpg 300w, https:\/\/static-blogs.lasprovincias.es\/wp-content\/uploads\/sites\/18\/2014\/05\/IMG_6207-768x768.jpg 768w, https:\/\/static-blogs.lasprovincias.es\/wp-content\/uploads\/sites\/18\/2014\/05\/IMG_6207-1024x1024.jpg 1024w\" sizes=\"(max-width: 430px) 100vw, 430px\" \/><\/a><\/p>\n<p style=\"text-align: center;\"><!--more--><\/p>\n<p>Contest\u00e9. Al otro lado de la l\u00ednea, estaba ella. Mi diosa. La Diosa del Pa\u00eds de la Gastrosof\u00eda. M\u00e1s fr\u00eda de lo normal\u2026<\/p>\n<p style=\"padding-left: 30px;\"><strong>Mr. Cooking:<span style=\"color: #666699;\"> \u00bfQu\u00e9 pasa?<\/span><\/strong><br \/>\n<strong>Mi diosa:<span style=\"color: #808080;\"> \u00a1Qu\u00e9 hay siete chefs en un ascensor! \u00a1Siete!<\/span><\/strong><br \/>\n<strong>Mr. Cooking:<span style=\"color: #666699;\"> No entiendo nada\u2026 \u00bfSiete chefs en un ascensor? \u00bfQu\u00e9 hacen ah\u00ed?<\/span><\/strong><br \/>\n<strong>Mi diosa: <span style=\"color: #808080;\">Eso quiero saber yo\u2026 Para algo tengo un esp\u00eda en el planeta Tierra\u2026<\/span><\/strong><\/p>\n<p>Me colg\u00f3. Sin m\u00e1s. Y eso que ella no me suele hacer esas cosas. Abr\u00ed de inmediato mi <span style=\"color: #000000;\">Cacerola-Telescopio<\/span> y\u2026<span style=\"color: #ffcc00; font-size: large;\"> <strong>\u201c<\/strong><em><strong>\u00a1Por todos los Dioses!<\/strong>\u201d<\/em><\/span>. All\u00ed estaban\u2026<\/p>\n<p>&nbsp;<\/p>\n<p style=\"text-align: center;\"><a href=\"\/historiascondelantal\/wp-content\/uploads\/sites\/18\/2014\/05\/IMG_6089.jpg\"><img loading=\"lazy\" class=\"aligncenter  wp-image-2097\" title=\"IMG_6089\" src=\"\/historiascondelantal\/wp-content\/uploads\/sites\/18\/2014\/05\/IMG_6089.jpg\" alt=\"\" width=\"737\" height=\"553\" srcset=\"https:\/\/static-blogs.lasprovincias.es\/wp-content\/uploads\/sites\/18\/2014\/05\/IMG_6089.jpg 1024w, https:\/\/static-blogs.lasprovincias.es\/wp-content\/uploads\/sites\/18\/2014\/05\/IMG_6089-300x225.jpg 300w, https:\/\/static-blogs.lasprovincias.es\/wp-content\/uploads\/sites\/18\/2014\/05\/IMG_6089-768x576.jpg 768w\" sizes=\"(max-width: 737px) 100vw, 737px\" \/><\/a><em><span style=\"color: #888888;\"> Foto de Kiko Moya. Hermoso selfie<\/span><\/em><\/p>\n<p>\u00a0Me fui a mi agenda de superagente. Hice rodar los d\u00edas. Llegu\u00e9 al 14 de mayo.\u00a0 El <strong>Colegio de Ingeniero Agr\u00f3nomos<\/strong> premiaba a la <span style=\"color: #888888;\"><strong><span style=\"font-size: large;\">Academia Valenciana de Gastronom\u00eda<\/span><\/strong>.<\/span> La cita era en el<strong> hotel Astoria<\/strong>. Mis chivatos dicharacheros ya me hab\u00edan advertido que no iba a estar sola la presidenta de la entidad y su gente (entre\u00a0 ellos el incombustible Sergio Adelantado). Al contrario, <span style=\"font-size: large; color: #888888;\"><strong>Cuchita Lluch<\/strong><\/span> apareci\u00f3 acompa\u00f1a de una nutrida representaci\u00f3n de chefs valencianos. Entre ellos, estos siete muchachotes hijos del<span style=\"font-size: large; color: #888888;\"> <strong>Club de los Delantes Supers\u00f3nicos<\/strong><\/span>:<strong> Kiko Moya, Alberto Ferruz, Jorge de Andr\u00e9s, Alejandro Platero, Manolo Alonso, Bernd H. Kn\u00f6ller y Ricard Camarena<\/strong>. \u00a0Siete chefs \u2013siete- metidos juntos en un ascensor.<span style=\"color: #ff9900; font-size: large;\"> <strong>\u00a1<span style=\"color: #ffcc00;\">Toda una imprudencia, claro!<\/span><\/strong><\/span> Ellos deber\u00edan viajar por separado. Como el Rey y el Pr\u00edncipe. O como <strong>Barak Obama<\/strong> y su vicepresidente <strong>Joe Biden<\/strong>.<\/p>\n<p>&nbsp;<\/p>\n<p style=\"text-align: center;\"><a href=\"\/historiascondelantal\/wp-content\/uploads\/sites\/18\/2014\/05\/IMG_6170.png\"><img loading=\"lazy\" class=\"aligncenter  wp-image-2098\" title=\"IMG_6170\" src=\"\/historiascondelantal\/wp-content\/uploads\/sites\/18\/2014\/05\/IMG_6170.png\" alt=\"\" width=\"461\" height=\"346\" srcset=\"https:\/\/static-blogs.lasprovincias.es\/wp-content\/uploads\/sites\/18\/2014\/05\/IMG_6170.png 960w, https:\/\/static-blogs.lasprovincias.es\/wp-content\/uploads\/sites\/18\/2014\/05\/IMG_6170-300x225.png 300w, https:\/\/static-blogs.lasprovincias.es\/wp-content\/uploads\/sites\/18\/2014\/05\/IMG_6170-768x576.png 768w\" sizes=\"(max-width: 461px) 100vw, 461px\" \/><\/a><\/p>\n<p><span style=\"text-decoration: underline; font-size: large;\"><span style=\"background-color: #c0c0c0;\"><strong>CONVERSACIONES DE ASCENSOR<\/strong><\/span><\/span><\/p>\n<p>No podemos permitirnos que, en un momento dado, se queden los siete\u00a0 encerrados. Imag\u00ednate el panorama. \u00a1Nosotros hu\u00e9rfanos de sus platos mientras estuvieran all\u00ed! Y ellos\u2026 <strong>la que podr\u00edan armar con sus cabezas en ebullici\u00f3n<\/strong>\u2026<\/p>\n<p><span style=\"color: #000000;\"><strong>\u2663Kiko Moya<\/strong> (L&#8217;Escaleta):<\/span> \u201c<em>Nosotros aqu\u00ed y yo tengo un buen pu\u00f1ado de <span style=\"color: #ff0000;\">fresas<\/span> para poner a guisar&#8230;<\/em>\u201d<\/p>\n<p style=\"text-align: left;\"><a href=\"\/historiascondelantal\/wp-content\/uploads\/sites\/18\/2014\/05\/IMG_6101.jpg\"><img loading=\"lazy\" class=\"wp-image-2099\" title=\"IMG_6101\" src=\"\/historiascondelantal\/wp-content\/uploads\/sites\/18\/2014\/05\/IMG_6101.jpg\" alt=\"\" width=\"403\" height=\"403\" srcset=\"https:\/\/static-blogs.lasprovincias.es\/wp-content\/uploads\/sites\/18\/2014\/05\/IMG_6101.jpg 958w, https:\/\/static-blogs.lasprovincias.es\/wp-content\/uploads\/sites\/18\/2014\/05\/IMG_6101-150x150.jpg 150w, https:\/\/static-blogs.lasprovincias.es\/wp-content\/uploads\/sites\/18\/2014\/05\/IMG_6101-300x300.jpg 300w, https:\/\/static-blogs.lasprovincias.es\/wp-content\/uploads\/sites\/18\/2014\/05\/IMG_6101-768x770.jpg 768w\" sizes=\"(max-width: 403px) 100vw, 403px\" \/> <\/a><\/p>\n<p style=\"text-align: left;\"><span style=\"color: #808080;\"><strong>(<em>Cierto, Kiko puso esa misma tarde fresas al fuego&#8230; \u00bfqu\u00e9 sue\u00f1o en rojo saldr\u00eda de all\u00ed?\u00a0 Foto Kiko Moya)<\/em><\/strong><\/span><\/p>\n<p>&nbsp;<\/p>\n<p><span style=\"color: #000000;\"><strong>\u2660 Alejandro Platero<\/strong> Mulhandara):<\/span> \u201c<em>Pues a m\u00ed me va a llegar una caja de <span style=\"color: #ff0000;\">gamba roja<\/span> de esas de las que te hacen llorar\u2026\u201d<\/em><\/p>\n<p style=\"text-align: left;\"><a href=\"\/historiascondelantal\/wp-content\/uploads\/sites\/18\/2014\/05\/IMG_6103.jpg\"><img loading=\"lazy\" class=\"wp-image-2100\" title=\"IMG_6103\" src=\"\/historiascondelantal\/wp-content\/uploads\/sites\/18\/2014\/05\/IMG_6103.jpg\" alt=\"\" width=\"384\" height=\"384\" srcset=\"https:\/\/static-blogs.lasprovincias.es\/wp-content\/uploads\/sites\/18\/2014\/05\/IMG_6103.jpg 640w, https:\/\/static-blogs.lasprovincias.es\/wp-content\/uploads\/sites\/18\/2014\/05\/IMG_6103-150x150.jpg 150w, https:\/\/static-blogs.lasprovincias.es\/wp-content\/uploads\/sites\/18\/2014\/05\/IMG_6103-300x300.jpg 300w\" sizes=\"(max-width: 384px) 100vw, 384px\" \/><\/a><em><\/em><\/p>\n<p style=\"text-align: left;\"><em><span style=\"color: #808080;\"><strong>(Cierto, Alejandro recibi\u00e7o esta hermosa cajita&#8230; que vuelve loco a cualquiera !!!)<\/strong><\/span><\/em><\/p>\n<p>&nbsp;<\/p>\n<p><span style=\"color: #000000;\"><strong>\u2665\u00a0Manolo Alonso<\/strong> (Casa Manolo): <em>&#8220;Pues yo tengo esta tarde un curso en el CDT de legumbres al que no puedo faltar\u2026<\/em>&#8220;<\/span><\/p>\n<p>&nbsp;<\/p>\n<p><span style=\"color: #000000;\"><strong>\u2666\u00a0Ricard Camarena:<\/strong><\/span><span style=\"color: #000000;\"><em> \u201cPero que me vais a contar a m\u00ed que me voy en nada a M\u00e9xico con <strong>Mario Sandoval<\/strong>* y <strong>\u00c1lvaro Garrido<\/strong> para el congreso MesaAm\u00e9rica\u2026\u201d\u00a0<\/em>(*un d\u00eda nos metemos de lleno en el Caso Sandoval, \u00bfno?)<em><br \/>\n<\/em><\/span><\/p>\n<p style=\"text-align: left;\"><a href=\"\/historiascondelantal\/wp-content\/uploads\/sites\/18\/2014\/05\/IMG_6157.jpg\"><img loading=\"lazy\" class=\"wp-image-2101\" title=\"IMG_6157\" src=\"\/historiascondelantal\/wp-content\/uploads\/sites\/18\/2014\/05\/IMG_6157.jpg\" alt=\"\" width=\"446\" height=\"374\" srcset=\"https:\/\/static-blogs.lasprovincias.es\/wp-content\/uploads\/sites\/18\/2014\/05\/IMG_6157.jpg 744w, https:\/\/static-blogs.lasprovincias.es\/wp-content\/uploads\/sites\/18\/2014\/05\/IMG_6157-300x251.jpg 300w\" sizes=\"(max-width: 446px) 100vw, 446px\" \/><\/a><em><\/em><\/p>\n<p><strong>Bernd H. Kn\u00f6ller<\/strong>, <strong><span style=\"color: #ff9900;\"><a href=\"https:\/\/www.facebook.com\/RestauranteRiffValencia\" target=\"_blank\" rel=\"external nofollow\"><span style=\"color: #ff9900;\">el se\u00f1or del Riff<\/span><\/a><\/span><\/strong> \u2013con el que he quedado bastante mal porque le dije que un d\u00eda quedar\u00eda con \u00e9l para almorzar en el Bar de Camarena (ya sabes, en el Central)- , con su habitual optimismo vital romper\u00eda el hielo: <span style=\"color: #808080;\"><strong>\u201c<em>\u00bfHab\u00e9is estado en el Roc\u00edo? \u00a1Es fascinante!<\/em>\u201d<\/strong>.<\/span> Seguro que empezar\u00edan as\u00ed una conversaci\u00f3n repleta de an\u00e9cdotas, distendida, que acabar\u00eda con un buen pu\u00f1ado de risas&#8230;\u00a0 <span style=\"color: #888888;\"><em>(No se si Bernd me va a <strong><span style=\"font-size: large;\">decapitar<\/span><\/strong> por sacar esta foto suya del Facebook&#8230; pero est\u00e1 genial<\/em><\/span> \ud83d\ude42 )<\/p>\n<div id=\"attachment_2126\" style=\"width: 420px\" class=\"wp-caption alignleft\"><a href=\"\/historiascondelantal\/wp-content\/uploads\/sites\/18\/2014\/05\/IMG_62181.jpg\"><img aria-describedby=\"caption-attachment-2126\" loading=\"lazy\" class=\" wp-image-2126    \" title=\"IMG_6218\" src=\"\/historiascondelantal\/wp-content\/uploads\/sites\/18\/2014\/05\/IMG_62181.jpg\" alt=\"\" width=\"410\" height=\"615\" srcset=\"https:\/\/static-blogs.lasprovincias.es\/wp-content\/uploads\/sites\/18\/2014\/05\/IMG_62181.jpg 1024w, https:\/\/static-blogs.lasprovincias.es\/wp-content\/uploads\/sites\/18\/2014\/05\/IMG_62181-200x300.jpg 200w, https:\/\/static-blogs.lasprovincias.es\/wp-content\/uploads\/sites\/18\/2014\/05\/IMG_62181-768x1152.jpg 768w, https:\/\/static-blogs.lasprovincias.es\/wp-content\/uploads\/sites\/18\/2014\/05\/IMG_62181-683x1024.jpg 683w\" sizes=\"(max-width: 410px) 100vw, 410px\" \/><\/a><p id=\"caption-attachment-2126\" class=\"wp-caption-text\">Gran foto de M\u00f3nica de Gumm.<\/p><\/div>\n<p>&nbsp;<\/p>\n<p>&nbsp;<\/p>\n<p>&nbsp;<\/p>\n<p>&nbsp;<\/p>\n<p>&nbsp;<\/p>\n<p>&nbsp;<\/p>\n<p>&nbsp;<\/p>\n<p>&nbsp;<\/p>\n<p>&nbsp;<\/p>\n<p>&nbsp;<\/p>\n<p>&nbsp;<\/p>\n<p>&nbsp;<\/p>\n<p>&nbsp;<\/p>\n<p>&nbsp;<\/p>\n<p>&nbsp;<\/p>\n<p>&nbsp;<\/p>\n<p>&nbsp;<\/p>\n<p>&nbsp;<\/p>\n<p>&nbsp;<\/p>\n<p>&nbsp;<\/p>\n<p>&nbsp;<\/p>\n<p><span style=\"text-decoration: underline; background-color: #c0c0c0; font-size: large;\"><strong>HACIENDO MANITAS<\/strong><\/span><\/p>\n<p>Si algo caracteriza al<span style=\"color: #808080;\"><strong> Club de los Delantales Supers\u00f3nicos<\/strong><\/span> es la buena relaci\u00f3n que existe entre colegas. Los que estaban en el ascensor, los que estaban en el Astoria, los que no pudieron ir y los que est\u00e1n m\u00e1s all\u00e1 de tierras valencianas. <strong><span style=\"font-size: large; color: #ffcc00;\">De hecho, siempre est\u00e1n haciendo manitas<\/span><\/strong>. S\u00ed, s\u00ed\u2026 Besos no, pero manitas un mont\u00f3n. A cuatro, a seis y hasta ocho manos. Algunos incluso casi se dan de pu\u00f1etazos. Boxeo&#8230; pero gastron\u00f3mico claro:<\/p>\n<p>&nbsp;<\/p>\n<p><strong><span style=\"text-decoration: underline; color: #808080;\"><span style=\"text-decoration: underline;\">-Quique Barella (Q de Barella), Kiko Moya (L\u2019Escalta) y Manolo Alonso (Casa Manolo)<\/span><\/span><\/strong> se juntan el pr\u00f3ximo<strong> 22 de mayo<\/strong> para celebrar el primer aniversario de la apertura del local del bueno de Barella. \u00c9l es el claro ejemplo de lo que est\u00e1n haciendo los cocineros para seguir adelante con su sue\u00f1o: convertirse en empresarios\u00a0 (de esto habl\u00f3 Cuchita Lluch tambi\u00e9n en su discurso al recoger el premio). El men\u00fa es de 70 euros y sentir un Don Disfrut\u00f3n es algo que est\u00e1 asegurado<span style=\"color: #ff9900;\"><strong>. FOOD BATTLE.<\/strong><\/span><\/p>\n<p>&nbsp;<\/p>\n<p style=\"text-align: center;\"><a href=\"\/historiascondelantal\/wp-content\/uploads\/sites\/18\/2014\/05\/IMG_6148.jpg\"><img loading=\"lazy\" class=\"wp-image-2102\" title=\"IMG_6148\" src=\"\/historiascondelantal\/wp-content\/uploads\/sites\/18\/2014\/05\/IMG_6148.jpg\" alt=\"\" width=\"434\" height=\"614\" srcset=\"https:\/\/static-blogs.lasprovincias.es\/wp-content\/uploads\/sites\/18\/2014\/05\/IMG_6148.jpg 724w, https:\/\/static-blogs.lasprovincias.es\/wp-content\/uploads\/sites\/18\/2014\/05\/IMG_6148-212x300.jpg 212w\" sizes=\"(max-width: 434px) 100vw, 434px\" \/><\/a><\/p>\n<p>&nbsp;<\/p>\n<p><strong><span style=\"text-decoration: underline; color: #808080;\"><span style=\"text-decoration: underline;\">-Alejandro Platero (Mulandhara) y Toni Ramos (Cami Vell)<\/span><\/span><\/strong> hacen tambi\u00e9n su particular pulso. Un mano a mano el <strong>5 de junio<\/strong> que promete ser muuuuy emocionante.\u00a0 Snacks, cuatro entrantes, pescado, arroz, postres&#8230; hasta mini gin t\u00f3nics. Promete. Por cierto \u00bfMulandhara har\u00e1 mudanza? \u00bfReformas? \u00bfNada? Hay que espiar a este chef. Valor seguro.<\/p>\n<p style=\"text-align: center;\"><a href=\"\/historiascondelantal\/wp-content\/uploads\/sites\/18\/2014\/05\/IMG_6125.jpg\"><img loading=\"lazy\" class=\"wp-image-2103\" title=\"IMG_6125\" src=\"\/historiascondelantal\/wp-content\/uploads\/sites\/18\/2014\/05\/IMG_6125.jpg\" alt=\"\" width=\"448\" height=\"448\" srcset=\"https:\/\/static-blogs.lasprovincias.es\/wp-content\/uploads\/sites\/18\/2014\/05\/IMG_6125.jpg 640w, https:\/\/static-blogs.lasprovincias.es\/wp-content\/uploads\/sites\/18\/2014\/05\/IMG_6125-150x150.jpg 150w, https:\/\/static-blogs.lasprovincias.es\/wp-content\/uploads\/sites\/18\/2014\/05\/IMG_6125-300x300.jpg 300w\" sizes=\"(max-width: 448px) 100vw, 448px\" \/><\/a><\/p>\n<p style=\"text-align: left;\">-Pero si se est\u00e1 mascando un cuatro (o seis) manos que<strong> me tiene sin aliento<\/strong> -ya sabes que Cooking no sabe disimular- ese es el que va a celebrarse en <strong>EL POBLET<\/strong> el pr\u00f3ximo <strong>26 de mayo<\/strong>.<strong><span style=\"text-decoration: underline; color: #808080;\"> <span style=\"text-decoration: underline;\">Germ\u00e1n Carrizo y Carito Loure\u00e7o <\/span><\/span><\/strong><span style=\"text-decoration: underline; color: #808080;\"><span style=\"text-decoration: underline;\">juntan sus manos con las del gran<\/span><\/span><strong><span style=\"text-decoration: underline; color: #808080;\"><span style=\"text-decoration: underline;\"> Francis Paniego.<\/span><\/span><\/strong> Ya sabes, todo coraz\u00f3n. Bueno, todo casquer\u00eda&#8230; Ya te cont\u00e9 su historia. Mejor dicho la de su madre: <a href=\"https:\/\/blogs.lasprovincias.es\/historiascondelantal\/2014\/05\/03\/la-madre-de-todos-los-chefs\/\" target=\"_blank\">LA MADRE DE TODOS LOS CHEFS<\/a>.\u00a0 Ya huelo sus croquetas. <strong>Cien euros y 40 plazas<\/strong>. Cita de altura. Un milagro con la gran <strong>Manuela Romeralo<\/strong>, directora de<strong> Vuelve Carolina y El Poblet<\/strong>, poniendo orden en la sala (con una profesionalidad abrumadora). Me fascina esta se\u00f1ora :-).<\/p>\n<p style=\"text-align: center;\"><a href=\"\/historiascondelantal\/wp-content\/uploads\/sites\/18\/2014\/05\/IMG_6098.jpg\"><img loading=\"lazy\" class=\"aligncenter  wp-image-2104\" title=\"IMG_6098\" src=\"\/historiascondelantal\/wp-content\/uploads\/sites\/18\/2014\/05\/IMG_6098.jpg\" alt=\"\" width=\"574\" height=\"405\" srcset=\"https:\/\/static-blogs.lasprovincias.es\/wp-content\/uploads\/sites\/18\/2014\/05\/IMG_6098.jpg 1024w, https:\/\/static-blogs.lasprovincias.es\/wp-content\/uploads\/sites\/18\/2014\/05\/IMG_6098-300x212.jpg 300w, https:\/\/static-blogs.lasprovincias.es\/wp-content\/uploads\/sites\/18\/2014\/05\/IMG_6098-768x542.jpg 768w\" sizes=\"(max-width: 574px) 100vw, 574px\" \/><\/a><a href=\"\/historiascondelantal\/wp-content\/uploads\/sites\/18\/2014\/05\/IMG_6146.jpg\"><img loading=\"lazy\" class=\"aligncenter  wp-image-2105\" title=\"IMG_6146\" src=\"\/historiascondelantal\/wp-content\/uploads\/sites\/18\/2014\/05\/IMG_6146.jpg\" alt=\"\" width=\"491\" height=\"491\" srcset=\"https:\/\/static-blogs.lasprovincias.es\/wp-content\/uploads\/sites\/18\/2014\/05\/IMG_6146.jpg 1024w, https:\/\/static-blogs.lasprovincias.es\/wp-content\/uploads\/sites\/18\/2014\/05\/IMG_6146-150x150.jpg 150w, https:\/\/static-blogs.lasprovincias.es\/wp-content\/uploads\/sites\/18\/2014\/05\/IMG_6146-300x300.jpg 300w, https:\/\/static-blogs.lasprovincias.es\/wp-content\/uploads\/sites\/18\/2014\/05\/IMG_6146-768x768.jpg 768w\" sizes=\"(max-width: 491px) 100vw, 491px\" \/><\/a><strong><span style=\"color: #6c6c6c;\">Pues eso, mira bien la foto de Francis.\u00a0 Es FANT\u00c1STICA. (Imagen promocional del evento)<\/span><\/strong><\/p>\n<p>&nbsp;<\/p>\n<p><span style=\"text-decoration: underline; font-size: large; background-color: #c0c0c0;\"><strong>LA COMPETENCIA ES UN SUSPIRO<\/strong><\/span><\/p>\n<p>Lo dicho, la conexi\u00f3n que tienen los cocineros entre si es envidiable. Posiblemente se vea en muy pocas profesiones. Y m\u00e1s cuando existe <strong>competencia entre ellos<\/strong>. Eso es as\u00ed, porque yo me puedo levantar un d\u00eda y puedo irme hasta<strong> D\u00e9nia<\/strong>, meterme en casa del bueno de <span style=\"font-size: small;\"><strong><span style=\"color: #ff9900;\">Rafa Soler<\/span><\/strong><\/span>, en <span style=\"color: #808080;\"><a href=\"http:\/\/www.joelrestaurant.es\/\" target=\"_blank\" rel=\"external nofollow\"><span style=\"color: #808080;\"><strong>Jo\u00ebl Aticcook<\/strong><\/span><\/a>,<\/span> y pedirle su \u00faltimo men\u00fa (con sus inolvidables cebollas al aroma de caf\u00e9\u2026) o puedo optar por quedarme en Valencia e ir a visitar a esa pareja que me tiene enamorado desde que descubr\u00ed<span style=\"color: #808080;\"> <a href=\"http:\/\/www.restaurante-apicius.com\/cocina-tradicional-modernizada-con-productos-de-temporada\/\" target=\"_blank\" rel=\"external nofollow\"><span style=\"color: #808080;\"><strong>Apicius<\/strong>,<\/span><\/a><\/span> <span style=\"font-size: large;\"><span style=\"font-size: small;\"><strong><span style=\"color: #ffcc00;\">Yvonne Arcidiacono<\/span><\/strong> e <\/span><span style=\"color: #ffcc00; font-size: medium;\"><strong><span style=\"font-size: small;\">Enrique Medina.<\/span> <span style=\"color: #808080; font-size: small;\">El cliente decide siempre. Y no siempre puede ir a todos los sitios&#8230;<\/span><\/strong><span style=\"color: #000000; font-size: small;\"> La competencia aqu\u00ed, aparentemente, es muuuy sana. Un suspiro.<\/span><\/span> <\/span><\/p>\n<p style=\"text-align: center;\">\u2192De <strong><span style=\"color: #6c6c6c;\">Rafa Sole<\/span><\/strong>r&#8230; y sus sue\u00f1os<\/p>\n<p style=\"text-align: center;\"><a href=\"\/historiascondelantal\/wp-content\/uploads\/sites\/18\/2014\/03\/IMG_5267.jpg\"><img loading=\"lazy\" class=\"wp-image-1771\" title=\"IMG_5267\" src=\"\/historiascondelantal\/wp-content\/uploads\/sites\/18\/2014\/03\/IMG_5267.jpg\" alt=\"\" width=\"614\" height=\"548\" srcset=\"https:\/\/static-blogs.lasprovincias.es\/wp-content\/uploads\/sites\/18\/2014\/03\/IMG_5267.jpg 1222w, https:\/\/static-blogs.lasprovincias.es\/wp-content\/uploads\/sites\/18\/2014\/03\/IMG_5267-300x268.jpg 300w, https:\/\/static-blogs.lasprovincias.es\/wp-content\/uploads\/sites\/18\/2014\/03\/IMG_5267-768x685.jpg 768w, https:\/\/static-blogs.lasprovincias.es\/wp-content\/uploads\/sites\/18\/2014\/03\/IMG_5267-1024x913.jpg 1024w\" sizes=\"(max-width: 614px) 100vw, 614px\" \/><\/a><\/p>\n<p style=\"text-align: left;\">a <span style=\"color: #6c6c6c;\"><strong>Enrique Medina.<\/strong><\/span><\/p>\n<p style=\"text-align: left;\"><a href=\"\/historiascondelantal\/wp-content\/uploads\/sites\/18\/2014\/05\/IMG_6162.jpg\"><img loading=\"lazy\" class=\"wp-image-2106\" title=\"IMG_6162\" src=\"\/historiascondelantal\/wp-content\/uploads\/sites\/18\/2014\/05\/IMG_6162.jpg\" alt=\"\" width=\"409\" height=\"614\" srcset=\"https:\/\/static-blogs.lasprovincias.es\/wp-content\/uploads\/sites\/18\/2014\/05\/IMG_6162.jpg 1365w, https:\/\/static-blogs.lasprovincias.es\/wp-content\/uploads\/sites\/18\/2014\/05\/IMG_6162-200x300.jpg 200w, https:\/\/static-blogs.lasprovincias.es\/wp-content\/uploads\/sites\/18\/2014\/05\/IMG_6162-768x1152.jpg 768w, https:\/\/static-blogs.lasprovincias.es\/wp-content\/uploads\/sites\/18\/2014\/05\/IMG_6162-683x1024.jpg 683w\" sizes=\"(max-width: 409px) 100vw, 409px\" \/><\/a><strong><\/strong><\/p>\n<p style=\"text-align: left;\"><strong><span style=\"color: #6c6c6c;\"><em>(La foto es de Rte. Apicius y es la que usan para ilustrar la receta que ha volcado Enrique en su blog: <span style=\"color: #ff9900;\"><a href=\"http:\/\/www.restaurante-apicius.com\/receta-horchata-de-nueces-con-esparragos-blancos\/\" target=\"_blank\" rel=\"external nofollow\"><span style=\"color: #ff9900;\">Horchata de nueces con esp\u00e1rragos blancos<\/span><\/a>.<\/span> Vamos a decirlo claro: S<span style=\"color: #808080;\">e sal<\/span><\/em><\/span><span style=\"color: #808080;\"><em>e.<\/em>)<\/span><\/strong><\/p>\n<p>&nbsp;<\/p>\n<p><span style=\"text-decoration: underline; font-size: large; background-color: #c0c0c0;\"><strong>EL BOOM SEG\u00daN CAMARENA<\/strong><\/span><\/p>\n<p>En la entrega del pemio<span style=\"font-size: large; color: #808080;\"> <strong>Chefs Millesime, <\/strong><\/span>que en esta edici\u00f3n recay\u00f3 sobre <strong>Ricard Camarena<\/strong>, se vio al chef de Barx\u00a0 -yo no estuve porque soy un esp\u00eda muuuuy ocupado- junto a <strong>Alberto Ferruz<\/strong> (<strong><span style=\"color: #808080;\"><a href=\"http:\/\/www.bonamb.com\/index.php\/es\/\" target=\"_blank\" rel=\"external nofollow\"><span style=\"color: #808080;\">Bon Amb en J\u00e1vea<\/span><\/a><\/span><\/strong>\/ cocinero invitado) y <strong>Jorge de Andr\u00e9<\/strong>s (<strong><span style=\"color: #808080;\">Restaurante Vertical\/<\/span><\/strong>cocinero anfitri\u00f3n) en un seis manos que, cuentan los invitados (afortunados ellos), fue importante. <span style=\"color: #808080;\"><em>(Estas fotos son de The Spanish Food)<\/em><\/span><\/p>\n<p style=\"text-align: center;\"><em><br \/>\n<\/em><\/p>\n<p style=\"text-align: center;\"><a href=\"\/historiascondelantal\/wp-content\/uploads\/sites\/18\/2014\/05\/alberto.jpg\"><img loading=\"lazy\" class=\"wp-image-2108\" title=\"alberto\" src=\"\/historiascondelantal\/wp-content\/uploads\/sites\/18\/2014\/05\/alberto.jpg\" alt=\"\" width=\"498\" height=\"300\" srcset=\"https:\/\/static-blogs.lasprovincias.es\/wp-content\/uploads\/sites\/18\/2014\/05\/alberto.jpg 960w, https:\/\/static-blogs.lasprovincias.es\/wp-content\/uploads\/sites\/18\/2014\/05\/alberto-300x180.jpg 300w, https:\/\/static-blogs.lasprovincias.es\/wp-content\/uploads\/sites\/18\/2014\/05\/alberto-768x461.jpg 768w\" sizes=\"(max-width: 498px) 100vw, 498px\" \/><\/a><a href=\"\/historiascondelantal\/wp-content\/uploads\/sites\/18\/2014\/05\/camarena.jpg\"><img loading=\"lazy\" class=\"wp-image-2109\" title=\"camarena\" src=\"\/historiascondelantal\/wp-content\/uploads\/sites\/18\/2014\/05\/camarena.jpg\" alt=\"\" width=\"517\" height=\"292\" srcset=\"https:\/\/static-blogs.lasprovincias.es\/wp-content\/uploads\/sites\/18\/2014\/05\/camarena.jpg 960w, https:\/\/static-blogs.lasprovincias.es\/wp-content\/uploads\/sites\/18\/2014\/05\/camarena-300x169.jpg 300w, https:\/\/static-blogs.lasprovincias.es\/wp-content\/uploads\/sites\/18\/2014\/05\/camarena-768x432.jpg 768w\" sizes=\"(max-width: 517px) 100vw, 517px\" \/><\/a><a href=\"\/historiascondelantal\/wp-content\/uploads\/sites\/18\/2014\/05\/jorge.jpg\"><img loading=\"lazy\" class=\"wp-image-2110\" title=\"jorge\" src=\"\/historiascondelantal\/wp-content\/uploads\/sites\/18\/2014\/05\/jorge.jpg\" alt=\"\" width=\"461\" height=\"277\" srcset=\"https:\/\/static-blogs.lasprovincias.es\/wp-content\/uploads\/sites\/18\/2014\/05\/jorge.jpg 960w, https:\/\/static-blogs.lasprovincias.es\/wp-content\/uploads\/sites\/18\/2014\/05\/jorge-300x180.jpg 300w, https:\/\/static-blogs.lasprovincias.es\/wp-content\/uploads\/sites\/18\/2014\/05\/jorge-768x461.jpg 768w\" sizes=\"(max-width: 461px) 100vw, 461px\" \/><\/a><\/p>\n<p>\u00a0A Ricard, la verdad,<strong><span style=\"color: #808080;\"> no puedo evitar imagin\u00e1rmelo ya con las dos estrellas Michel\u00edn<\/span><\/strong> en su chaquetilla. Cerca del coraz\u00f3n. No dar\u00eda cr\u00e9dito a que no le diesen la segunda. Aunque bien pensado, qu\u00e9 m\u00e1s da\u2026.porque lo que este hombre hace en la cocina y desliza del hervidero de su cabeza no tiene nombre. Basta leer alguna de las frases de su discurso para saber que, m\u00e1s all\u00e1 de la cocina, tiene pensamientos de alto calibre:<\/p>\n<p style=\"text-align: left;\" align=\"right\"><span style=\"font-size: medium; color: #808080;\"><strong><em>\u201cSi vives exclusivamente de este boom es posible que cuando se acabe, mueras; para nosotros es una herramienta que nos ayuda a tener m\u00e1s visibilidad, pero el d\u00eda que esto pase seguiremos siendo los mismos\u201d. <\/em><\/strong><\/span><\/p>\n<p>En realidad, discrepo con el chef\u00a0 -que lo ve desde la perspectiva del cocinero-. Creo de verdad que <span style=\"font-size: large;\"><strong>este boom est\u00e1 aqu\u00ed para quedarse<\/strong>.<\/span> Lo digo convencido. La gente hemos aprendido (o estamos aprendiendo) a apreciar nuestra cocina y disfrutar con ella. Entre otras cosas, porque el sacrificio que han hecho los propios cocineros -han ajustado al m\u00e1ximo precios de sus men\u00fas, se han matado a trabajar por sus proyectos y los han impregado de honestidad- ha permitido que la gente se acerque cada vez m\u00e1s a la cocina. Y la cocina les ha hechizado. Un conjuro que puede ser para siempre&#8230;<\/p>\n<p style=\"text-align: center;\"><strong><span style=\"color: #ffcc00; font-size: large;\">\u00bfO ser\u00e1 que sue\u00f1o que es para siempre?<\/span><\/strong><\/p>\n<p style=\"text-align: left;\"><a href=\"\/historiascondelantal\/wp-content\/uploads\/sites\/18\/2014\/05\/IMG_61871.jpg\"><img loading=\"lazy\" class=\"wp-image-2112\" title=\"IMG_6187\" src=\"\/historiascondelantal\/wp-content\/uploads\/sites\/18\/2014\/05\/IMG_61871.jpg\" alt=\"\" width=\"614\" height=\"308\" srcset=\"https:\/\/static-blogs.lasprovincias.es\/wp-content\/uploads\/sites\/18\/2014\/05\/IMG_61871.jpg 2260w, https:\/\/static-blogs.lasprovincias.es\/wp-content\/uploads\/sites\/18\/2014\/05\/IMG_61871-300x150.jpg 300w, https:\/\/static-blogs.lasprovincias.es\/wp-content\/uploads\/sites\/18\/2014\/05\/IMG_61871-768x385.jpg 768w, https:\/\/static-blogs.lasprovincias.es\/wp-content\/uploads\/sites\/18\/2014\/05\/IMG_61871-1024x513.jpg 1024w\" sizes=\"(max-width: 614px) 100vw, 614px\" \/><\/a><strong><\/strong><\/p>\n<p style=\"text-align: left;\"><strong><span style=\"color: #808080;\"><em>Por interesarnos, hasta nos gusta observar las vajillas que se curran nuestros chefs. Mira esta que tiene en exclusiva Ricard&#8230; (Montaje con fotos de su Facebook).<\/em><\/span><\/strong><\/p>\n<p>&nbsp;<\/p>\n<p><span style=\"text-decoration: underline; font-size: large; background-color: #c0c0c0;\"><strong>TODOS FELICES, SE COMIERON LAS PERDICES<\/strong><\/span><\/p>\n<p>El ch<span style=\"color: #000000;\">ef <strong>Diego Guererro,<\/strong> en una entrevista para Terra, dec\u00eda:<\/span><span style=\"color: #808080;\"><strong> <em>\u201cNosotros queremos hacerte feliz pero t\u00fa debes querer ser feliz<\/em><\/strong>\u201d<\/span> . Y es verdad. El comensal debe ser feliz cuando acude a un restaurante \u2013M\u00edster Cooking lo es-, pero el cocinero tambi\u00e9n trabajando all\u00ed. Y ah\u00ed est\u00e1 la clave del \u00e9xito. Que ellos, los chefs se apasionen con su trabajo. Que el enorme sacrifio que supone ponerse la chaquetilla todos los d\u00edas para dar la cara -perd\u00f3n, el plato- a los clientes, le llenen tanto que cada noche, al acostarse de madrugada, pueda decir:<\/p>\n<p style=\"text-align: center;\"><span style=\"font-size: large;\"><strong><span style=\"color: #e1ba1d;\">&#8220;<span style=\"font-size: xx-large;\">Soy<\/span><\/span><\/strong><\/span> <strong><span style=\"color: #ffcc00; font-size: x-large;\">UN COCINERO <\/span><\/strong> <span style=\"font-size: xx-large;\"><em><span style=\"color: #ffd633;\">feliz&#8221;<\/span><\/em><\/span><\/p>\n<p style=\"text-align: center;\"><a href=\"\/historiascondelantal\/wp-content\/uploads\/sites\/18\/2014\/05\/IMG_6094.jpg\"><img loading=\"lazy\" class=\"aligncenter  wp-image-2119\" title=\"IMG_6094\" src=\"\/historiascondelantal\/wp-content\/uploads\/sites\/18\/2014\/05\/IMG_6094.jpg\" alt=\"\" width=\"717\" height=\"407\" srcset=\"https:\/\/static-blogs.lasprovincias.es\/wp-content\/uploads\/sites\/18\/2014\/05\/IMG_6094.jpg 1024w, https:\/\/static-blogs.lasprovincias.es\/wp-content\/uploads\/sites\/18\/2014\/05\/IMG_6094-300x171.jpg 300w, https:\/\/static-blogs.lasprovincias.es\/wp-content\/uploads\/sites\/18\/2014\/05\/IMG_6094-768x437.jpg 768w\" sizes=\"(max-width: 717px) 100vw, 717px\" \/><\/a><em><span style=\"color: #808080;\">\u00a1Hombre Don <strong>Jaime Sanz<\/strong>, qu\u00e9 grande&#8230; Bueno, todos.\u00a0 Foto proporcionada por \u00c1ngela Valero<\/span><\/em><\/p>\n<p>&nbsp;<\/p>\n<p><strong>Cuchita Lluch<\/strong>, en su discurso a la hora de recoger el premio de los Agr\u00f3nomos atin\u00f3 mucho:\u00a0 <span style=\"color: #800000;\"><strong><em><span style=\"color: #808080;\">\u201cEstos grandes cocineros han tenido que crear unidades de negocio que les alimentan luego los grandes restaurantes, que son lo que es dif\u00edcil de mantener (&#8230;) <span style=\"color: #ffcc00;\">Se han tenido que convertir en empresarios<\/span>. A la fuerza ahorcan&#8221;<\/span>.<\/em><\/strong><\/span><\/p>\n<p>Nuestra querida Mary Poppins de la Gastronom\u00eda -me mola llamarla as\u00ed, con todo el cari\u00f1o y admiraci\u00f3n por el trabajo que est\u00e1 desempe\u00f1ando- record\u00f3 que a los cocineros ahora se les pide<span style=\"font-size: medium; color: #ffcc00;\"> que sepan hablar, que sepan hacer ponencias, congresos&#8230;<\/span><span style=\"color: #800000;\"><span style=\"font-size: medium; color: #ff9900;\"><span style=\"color: #ffcc00;\"><strong><em> &#8220;se les exige de todo<\/em><\/strong>&#8220;<\/span>.<\/span><span style=\"color: #000000;\"> Hasta ponerse delante de las c\u00e1maras&#8230;<\/span><\/span><\/p>\n<p style=\"text-align: left;\"><a href=\"\/historiascondelantal\/wp-content\/uploads\/sites\/18\/2014\/05\/IMG_6182.jpg\"><img loading=\"lazy\" class=\"wp-image-2115\" title=\"IMG_6182\" src=\"\/historiascondelantal\/wp-content\/uploads\/sites\/18\/2014\/05\/IMG_6182.jpg\" alt=\"\" width=\"614\" height=\"614\" srcset=\"https:\/\/static-blogs.lasprovincias.es\/wp-content\/uploads\/sites\/18\/2014\/05\/IMG_6182.jpg 2266w, https:\/\/static-blogs.lasprovincias.es\/wp-content\/uploads\/sites\/18\/2014\/05\/IMG_6182-150x150.jpg 150w, https:\/\/static-blogs.lasprovincias.es\/wp-content\/uploads\/sites\/18\/2014\/05\/IMG_6182-300x300.jpg 300w, https:\/\/static-blogs.lasprovincias.es\/wp-content\/uploads\/sites\/18\/2014\/05\/IMG_6182-768x768.jpg 768w, https:\/\/static-blogs.lasprovincias.es\/wp-content\/uploads\/sites\/18\/2014\/05\/IMG_6182-1024x1024.jpg 1024w\" sizes=\"(max-width: 614px) 100vw, 614px\" \/><\/a><\/p>\n<p style=\"text-align: left;\"><span style=\"color: #808080;\">Montaje con fotos de los propios chefs&#8230;<\/span><\/p>\n<p>&nbsp;<\/p>\n<p><span style=\"color: #ffcc00;\"><strong>\u201c<em>A mis hijos les toca hacer muchos kil\u00f3metros por el mundo para poder mantener vivo el negocio<\/em>\u201d<\/strong><\/span>, me confes\u00f3<strong> Loles Salvador<\/strong> en aquella maravillosa conversaci\u00f3n que mantuve con ella en <strong>Coloniales Huerta<\/strong>. Las dos, Cuchita\u00a0 y Loles, coinciden en el diagn\u00f3stico. El \u00e9xito se trabaja, y trabaja, y trabaja&#8230; Incluso saliendo fuera de la cocina para darte a conocer y para conocer. M\u00e1s all\u00e1 de las fronteras. Por ejemplo<strong>, Jorge de Andr\u00e9s<\/strong> se va pronto a<span style=\"color: #808080;\"> Brasil<\/span> \u2013ya os contar\u00e9 un d\u00eda para qu\u00e9-\u00a0 dentro de esa parte del negocio culinario que es hacer bolos por el mundo. <strong>Al gran Jordi Ferrer (Jordi Cook) y\u00a0<\/strong><strong> Jos\u00e9 Montanejo<\/strong> (<a href=\"https:\/\/www.facebook.com\/pages\/PASTISSERIA-DESUCRE\/130647830349224\" target=\"_blank\" rel=\"external nofollow\"><span style=\"color: #808080;\">De Sucre<\/span> <\/a>\/Cocentaina&#8230;. \u00a1Le debo una visita!) los hemos visto estos d\u00edas conquistando paladares de <span style=\"color: #808080;\">Noruega<\/span>. O a <strong>Germ\u00e1n Carizo (El Poblet)<\/strong> lo tenemos ahora por <span style=\"color: #808080;\">M\u00e9xico<\/span> hablando de su cocina \u00a1y comiendo tacos en Monterrey!\u2026 Hasta la mism\u00edsima<strong> Bego\u00f1a Rodrigo<\/strong> (miss La Salita) se ha pasado la semana por <span style=\"color: #808080;\">Asturias<\/span> fascinando a quien se le acercaba con sus platos temperamentales, inteligentes e ilusionantes&#8230;<\/p>\n<p style=\"text-align: left;\"><a href=\"\/historiascondelantal\/wp-content\/uploads\/sites\/18\/2014\/05\/IMG_6199.jpg\"><img loading=\"lazy\" class=\"wp-image-2116\" title=\"IMG_6199\" src=\"\/historiascondelantal\/wp-content\/uploads\/sites\/18\/2014\/05\/IMG_6199.jpg\" alt=\"\" width=\"336\" height=\"448\" srcset=\"https:\/\/static-blogs.lasprovincias.es\/wp-content\/uploads\/sites\/18\/2014\/05\/IMG_6199.jpg 480w, https:\/\/static-blogs.lasprovincias.es\/wp-content\/uploads\/sites\/18\/2014\/05\/IMG_6199-225x300.jpg 225w\" sizes=\"(max-width: 336px) 100vw, 336px\" \/><\/a><\/p>\n<p style=\"text-align: left;\"><strong><span style=\"color: #808080;\">Foto de Jordi Cook<\/span><\/strong><\/p>\n<p style=\"text-align: left;\"><span style=\"color: #000000;\"><strong><span style=\"color: #808080;\">La otra cara de esa felicidad es la de los clientes<\/span><\/strong>,\u00a0 que con eso de los bolos podemos descubrir cosas tan maravillosas como la del mundo de los quesos&#8230; A m\u00ed me pas\u00f3 con la gente <span style=\"color: #ffcc00;\"><span style=\"color: #000000;\">del<\/span> <a href=\"https:\/\/blogs.lasprovincias.es\/historiascondelantal\/2014\/03\/01\/el-club-de-los-quesos-fantasticos\/\" target=\"_blank\"><span style=\"color: #ffcc00;\"><strong><span style=\"color: #ff6600; font-size: large;\">Club de los Quesos Fant\u00e1sticos<\/span><\/strong><\/span><\/a> &#8211;<\/span>ya te habl\u00e9 de ellos- y me conquistaron hasta lo m\u00e1s profundo del alma con su verdad. Su honestidad. Gente que es capaz de hacer del queso algo simplemente bello. Como ese proyecto que llaman\u00a0 <span style=\"color: #808080;\"><strong><span style=\"font-size: large;\"><a href=\"http:\/\/caminosdelqueso.com\/\" target=\"_blank\" rel=\"external nofollow\"><span style=\"color: #808080;\"> Caminos del Queso<\/span><\/a><\/span><\/strong><\/span> y que es una fascinante aventura con aroma a magia cuajada. Una ruta por queser\u00edas artesanales de <strong><span style=\"color: #808080;\">Valladolid<\/span><\/strong> a las que le une que est\u00e1n enamoradas, apasionadas con su trabajo. <\/span>Un recorrido por la <strong><span style=\"color: #808080;\">Granja Cantagrullas, Campovieja y Ca\u00f1arejal<\/span><\/strong>&#8230; (La imagen est\u00e1 tomada del blog de Caminos del Queso&#8230; Sue\u00f1o con ella \ud83d\ude42 )<\/p>\n<p style=\"color: #808080; text-align: center;\"><span style=\"color: #808080; font-size: large;\">\u00a1Pasi\u00f3n por el Queso!<\/span><\/p>\n<p><a href=\"\/historiascondelantal\/wp-content\/uploads\/sites\/18\/2014\/05\/IMG_6189.jpg\"><img loading=\"lazy\" class=\"size-full wp-image-2114 alignleft\" title=\"IMG_6189\" src=\"\/historiascondelantal\/wp-content\/uploads\/sites\/18\/2014\/05\/IMG_6189.jpg\" alt=\"\" width=\"980\" height=\"290\" srcset=\"https:\/\/static-blogs.lasprovincias.es\/wp-content\/uploads\/sites\/18\/2014\/05\/IMG_6189.jpg 980w, https:\/\/static-blogs.lasprovincias.es\/wp-content\/uploads\/sites\/18\/2014\/05\/IMG_6189-300x89.jpg 300w, https:\/\/static-blogs.lasprovincias.es\/wp-content\/uploads\/sites\/18\/2014\/05\/IMG_6189-768x227.jpg 768w\" sizes=\"(max-width: 980px) 100vw, 980px\" \/><\/a><\/p>\n<p style=\"text-align: center;\"><span style=\"text-decoration: underline; color: #ff9900;\"><strong><span style=\"text-decoration: underline;\">\u00a0 <\/span><\/strong><\/span><\/p>\n<p style=\"text-align: left;\"><span style=\"font-size: large; background-color: #c0c0c0;\"><strong><span style=\"text-decoration: underline; color: #000000;\"><span style=\"text-decoration: underline;\">EL SELFIE DE LA REVOLUCI\u00d3N DE LAS CUCHARAS<\/span><\/span><\/strong><\/span><\/p>\n<p><span style=\"font-size: large;\"><strong><span style=\"color: #808080;\">Todos tenemos que aprender de todos.<\/span><\/strong><\/span> Pero sin duda, al asomarme al telescopio y ver a esos tipos del cuchar\u00f3n metidos en el ascensor, descubr\u00ed que de ellos hay que aprender mucho. Sobre todo que <strong><em><span style=\"color: #ffcc00; font-size: x-large;\">juntos<\/span><\/em><\/strong> se pueden alcanzar metas que antes parec\u00edan quimeras\u2026 \u00a0Juntos<span style=\"color: #808080;\"><strong> LO IMPOSIBLE ES POSIBLE.<\/strong><\/span>\u00a0 Ellos lo saben y por eso cabalgan a una, por la misma traves\u00eda, de la mano. Y por eso, se ven de vez en cuando y se ayudan y comparten conocimiento y ciencia y experiencias y sonr\u00eden y hasta se fotograf\u00edan juntos&#8230;<\/p>\n<p><a href=\"\/historiascondelantal\/wp-content\/uploads\/sites\/18\/2014\/05\/IMG_6178.png\"><img loading=\"lazy\" class=\"aligncenter  wp-image-2113\" title=\"IMG_6178\" src=\"\/historiascondelantal\/wp-content\/uploads\/sites\/18\/2014\/05\/IMG_6178.png\" alt=\"\" width=\"576\" height=\"328\" srcset=\"https:\/\/static-blogs.lasprovincias.es\/wp-content\/uploads\/sites\/18\/2014\/05\/IMG_6178.png 960w, https:\/\/static-blogs.lasprovincias.es\/wp-content\/uploads\/sites\/18\/2014\/05\/IMG_6178-300x171.png 300w, https:\/\/static-blogs.lasprovincias.es\/wp-content\/uploads\/sites\/18\/2014\/05\/IMG_6178-768x437.png 768w\" sizes=\"(max-width: 576px) 100vw, 576px\" \/><\/a><\/p>\n<p style=\"text-align: center;\">En el ascensor, en una entrega de premios, en un viaje por el mundo&#8230; Selfies de todo coraz\u00f3n para hacer realidad&#8230;<span style=\"font-size: large;\"><strong><span style=\"color: #ff0000;\"><span style=\"color: #c19b00;\"> LA REVOLUCI\u00d3N<\/span><br \/>\n<\/span><\/strong><\/span><\/p>\n<p>&nbsp;<\/p>\n<p style=\"text-align: center;\"><a href=\"\/historiascondelantal\/wp-content\/uploads\/sites\/18\/2014\/05\/IMG_6198.jpg\"><img loading=\"lazy\" class=\"wp-image-2117\" title=\"IMG_6198\" src=\"\/historiascondelantal\/wp-content\/uploads\/sites\/18\/2014\/05\/IMG_6198.jpg\" alt=\"\" width=\"614\" height=\"614\" srcset=\"https:\/\/static-blogs.lasprovincias.es\/wp-content\/uploads\/sites\/18\/2014\/05\/IMG_6198.jpg 1512w, https:\/\/static-blogs.lasprovincias.es\/wp-content\/uploads\/sites\/18\/2014\/05\/IMG_6198-150x150.jpg 150w, https:\/\/static-blogs.lasprovincias.es\/wp-content\/uploads\/sites\/18\/2014\/05\/IMG_6198-300x300.jpg 300w, https:\/\/static-blogs.lasprovincias.es\/wp-content\/uploads\/sites\/18\/2014\/05\/IMG_6198-768x768.jpg 768w, https:\/\/static-blogs.lasprovincias.es\/wp-content\/uploads\/sites\/18\/2014\/05\/IMG_6198-1024x1024.jpg 1024w\" sizes=\"(max-width: 614px) 100vw, 614px\" \/><\/a><\/p>\n<p style=\"text-align: left;\"><strong><span style=\"font-size: medium; color: #808080;\">Selfies con otros chefs&#8230;<\/span><\/strong><\/p>\n<div id=\"attachment_2122\" style=\"width: 394px\" class=\"wp-caption alignleft\"><a href=\"\/historiascondelantal\/wp-content\/uploads\/sites\/18\/2014\/05\/IMG_6215.jpg\"><img aria-describedby=\"caption-attachment-2122\" loading=\"lazy\" class=\" wp-image-2122\" title=\"IMG_6215\" src=\"\/historiascondelantal\/wp-content\/uploads\/sites\/18\/2014\/05\/IMG_6215.jpg\" alt=\"\" width=\"384\" height=\"288\" srcset=\"https:\/\/static-blogs.lasprovincias.es\/wp-content\/uploads\/sites\/18\/2014\/05\/IMG_6215.jpg 640w, https:\/\/static-blogs.lasprovincias.es\/wp-content\/uploads\/sites\/18\/2014\/05\/IMG_6215-300x225.jpg 300w\" sizes=\"(max-width: 384px) 100vw, 384px\" \/><\/a><p id=\"caption-attachment-2122\" class=\"wp-caption-text\">Manolo Alonso, Jos\u00e9 Manglano, Pati\u00f1o al fondo y el gran Bernd. Foto del Se\u00f1or del Riff.<\/p><\/div>\n<div id=\"attachment_2127\" style=\"width: 490px\" class=\"wp-caption alignleft\"><a href=\"\/historiascondelantal\/wp-content\/uploads\/sites\/18\/2014\/05\/IMG_6213.jpg\"><img aria-describedby=\"caption-attachment-2127\" loading=\"lazy\" class=\"size-full wp-image-2127\" title=\"IMG_6213\" src=\"\/historiascondelantal\/wp-content\/uploads\/sites\/18\/2014\/05\/IMG_6213.jpg\" alt=\"\" width=\"480\" height=\"640\" srcset=\"https:\/\/static-blogs.lasprovincias.es\/wp-content\/uploads\/sites\/18\/2014\/05\/IMG_6213.jpg 480w, https:\/\/static-blogs.lasprovincias.es\/wp-content\/uploads\/sites\/18\/2014\/05\/IMG_6213-225x300.jpg 225w\" sizes=\"(max-width: 480px) 100vw, 480px\" \/><\/a><p id=\"caption-attachment-2127\" class=\"wp-caption-text\">Otra de Bernd y en este caso Camarena.<\/p><\/div>\n<p style=\"text-align: center;\"><span style=\"color: #ff9900; font-size: medium;\"><br \/>\n<\/span><\/p>\n<p>&nbsp;<\/p>\n<p>&nbsp;<\/p>\n<p>&nbsp;<\/p>\n<p>&nbsp;<\/p>\n<p>&nbsp;<\/p>\n<p>&nbsp;<\/p>\n<p>&nbsp;<\/p>\n<p>&nbsp;<\/p>\n<p>&nbsp;<\/p>\n<p>&nbsp;<\/p>\n<p>&nbsp;<\/p>\n<p>&nbsp;<\/p>\n<p>&nbsp;<\/p>\n<p>&nbsp;<\/p>\n<p>&nbsp;<\/p>\n<p>&nbsp;<\/p>\n<p>&nbsp;<\/p>\n<p>&nbsp;<\/p>\n<p>&nbsp;<\/p>\n<p>&nbsp;<\/p>\n<p>&nbsp;<\/p>\n<p>&nbsp;<\/p>\n<p>&nbsp;<\/p>\n<p>&nbsp;<\/p>\n<p>&nbsp;<\/p>\n<p>&nbsp;<\/p>\n<p>&nbsp;<\/p>\n<p>&nbsp;<\/p>\n<p>&nbsp;<\/p>\n<p>&nbsp;<\/p>\n<p>&nbsp;<\/p>\n<p>&nbsp;<\/p>\n<p><strong><span style=\"color: #888888;\">&#8230;. y tambi\u00e9n en EQUIPO<\/span><\/strong><\/p>\n<div id=\"attachment_2123\" style=\"width: 480px\" class=\"wp-caption alignleft\"><a href=\"\/historiascondelantal\/wp-content\/uploads\/sites\/18\/2014\/05\/IMG_6209.jpg\"><img aria-describedby=\"caption-attachment-2123\" loading=\"lazy\" class=\" wp-image-2123  \" title=\"IMG_6209\" src=\"\/historiascondelantal\/wp-content\/uploads\/sites\/18\/2014\/05\/IMG_6209.jpg\" alt=\"\" width=\"470\" height=\"470\" srcset=\"https:\/\/static-blogs.lasprovincias.es\/wp-content\/uploads\/sites\/18\/2014\/05\/IMG_6209.jpg 960w, https:\/\/static-blogs.lasprovincias.es\/wp-content\/uploads\/sites\/18\/2014\/05\/IMG_6209-150x150.jpg 150w, https:\/\/static-blogs.lasprovincias.es\/wp-content\/uploads\/sites\/18\/2014\/05\/IMG_6209-300x300.jpg 300w, https:\/\/static-blogs.lasprovincias.es\/wp-content\/uploads\/sites\/18\/2014\/05\/IMG_6209-768x768.jpg 768w\" sizes=\"(max-width: 470px) 100vw, 470px\" \/><\/a><p id=\"caption-attachment-2123\" class=\"wp-caption-text\">Foto Quique Dacosta. Con su equipo de Mercat Bar<\/p><\/div>\n<p>&nbsp;<\/p>\n<p>&nbsp;<\/p>\n<p>&nbsp;<\/p>\n<p>&nbsp;<\/p>\n<p>&nbsp;<\/p>\n<p>&nbsp;<\/p>\n<p>&nbsp;<\/p>\n<p>&nbsp;<\/p>\n<p>&nbsp;<\/p>\n<p>&nbsp;<\/p>\n<p>&nbsp;<\/p>\n<p>&nbsp;<\/p>\n<p>&nbsp;<\/p>\n<p>&nbsp;<\/p>\n<p>&nbsp;<\/p>\n<p>&nbsp;<\/p>\n<p style=\"text-align: left;\">Lo dicho esto es mucho m\u00e1s que un boom. Quiz\u00e1s un boom encerrado en un sue\u00f1o. Como en la canci\u00f3n de Xoel L\u00f3pez&#8230;<\/p>\n<p style=\"text-align: center;\"><strong><span style=\"color: #ffcc00; font-size: x-large;\">&#8220;Yo so\u00f1aba cada d\u00eda poder alcanzar la playa&#8230;&#8221;<\/span><\/strong><\/p>\n<p><iframe loading=\"lazy\" src=\"\/\/www.youtube.com\/embed\/Rk_gJ954iSk\" frameborder=\"0\" width=\"731\" height=\"412\"><\/iframe><\/p>\n<p>&nbsp;<\/p>\n<p><span style=\"color: #808080;\"><strong><span style=\"font-size: large;\">Aquel d\u00eda, cuando cay\u00f3 la noche, telefone\u00e9\u00a0 a mi Diosa<\/span><\/strong>.<\/span> Le cont\u00e9 lo que aqu\u00ed te cuento. Le insist\u00ed en que las cucharas la van a armar. &#8220;<em>He detectado nuevos movimientos<\/em>&#8220;, le dije. La Academia de Gastronom\u00eda prepara una importante por su X Aniversario&#8230; Y le dije que quiero seguir atrapado en esa alquimia.<span style=\"color: #808080;\"> <strong>Y con ella a mis espaldas, con ese sue\u00f1o, cog\u00ed los pinceles y volv\u00ed a trazar f\u00e1bulas y leyendas en mi cabeza repletas de <span style=\"color: #ffcc00;\">tigres sagrados y magos<\/span> que eran cocineros y guisaban hasta las estrellas&#8230;<\/strong><\/span><\/p>\n<p style=\"text-align: center;\"><a href=\"\/historiascondelantal\/wp-content\/uploads\/sites\/18\/2014\/05\/IMG_6203.jpg\"><img loading=\"lazy\" class=\"aligncenter  wp-image-2118\" title=\"IMG_6203\" src=\"\/historiascondelantal\/wp-content\/uploads\/sites\/18\/2014\/05\/IMG_6203.jpg\" alt=\"\" width=\"737\" height=\"737\" srcset=\"https:\/\/static-blogs.lasprovincias.es\/wp-content\/uploads\/sites\/18\/2014\/05\/IMG_6203.jpg 1512w, https:\/\/static-blogs.lasprovincias.es\/wp-content\/uploads\/sites\/18\/2014\/05\/IMG_6203-150x150.jpg 150w, https:\/\/static-blogs.lasprovincias.es\/wp-content\/uploads\/sites\/18\/2014\/05\/IMG_6203-300x300.jpg 300w, https:\/\/static-blogs.lasprovincias.es\/wp-content\/uploads\/sites\/18\/2014\/05\/IMG_6203-768x768.jpg 768w, https:\/\/static-blogs.lasprovincias.es\/wp-content\/uploads\/sites\/18\/2014\/05\/IMG_6203-1024x1024.jpg 1024w\" sizes=\"(max-width: 737px) 100vw, 737px\" \/><\/a><strong><span style=\"color: #888888;\">Foto Ignacio Trelis<\/span><\/strong><\/p>\n<p>&nbsp;<\/p>\n<p style=\"text-align: right;\"><a href=\"https:\/\/twitter.com\/JesusTrelis\" data-lang=\"es\" data-show-count=\"false\" rel=\"external nofollow\">Seguir a m\u00edster Cooking: @JesusTrelis<\/a><\/p>\n<p style=\"text-align: left;\">-Gracias <strong>a mi hermano<\/strong> una vez m\u00e1s, por dejarme prestado para mis historias estos detalles de sus cuadros \ud83d\ude42 !!<\/p>\n<p style=\"text-align: left;\">-Gracias <strong>a todos los chefs<\/strong>, a los que con y sin su permiso me he colado en sus redes sociales y con lo que ellos cuentan he hecho esta historia con ascensor. Que perdonen mi indiscreci\u00f3n. Besos y abrazos a todos ellos. Y vosotros&#8230;<\/p>\n<p style=\"text-align: right;\">Os dejo con la magia&#8230;.MAGIC de Colplay<\/p>\n<p><iframe loading=\"lazy\" src=\"\/\/www.youtube.com\/embed\/Qtb11P1FWnc\" frameborder=\"0\" width=\"682\" height=\"384\"><\/iframe><\/p>\n<p><a href=\"\/historiascondelantal\/wp-content\/uploads\/sites\/18\/2014\/05\/IMG_6188.jpg\"><img loading=\"lazy\" class=\"wp-image-2121\" title=\"IMG_6188\" src=\"\/historiascondelantal\/wp-content\/uploads\/sites\/18\/2014\/05\/IMG_6188.jpg\" alt=\"\" width=\"442\" height=\"181\" srcset=\"https:\/\/static-blogs.lasprovincias.es\/wp-content\/uploads\/sites\/18\/2014\/05\/IMG_6188.jpg 2266w, https:\/\/static-blogs.lasprovincias.es\/wp-content\/uploads\/sites\/18\/2014\/05\/IMG_6188-300x123.jpg 300w, https:\/\/static-blogs.lasprovincias.es\/wp-content\/uploads\/sites\/18\/2014\/05\/IMG_6188-768x314.jpg 768w, https:\/\/static-blogs.lasprovincias.es\/wp-content\/uploads\/sites\/18\/2014\/05\/IMG_6188-1024x418.jpg 1024w\" sizes=\"(max-width: 442px) 100vw, 442px\" \/><\/a><\/p>\n<!-- AddThis Advanced Settings generic via filter on the_content --><!-- AddThis Share Buttons generic via filter on the_content -->","protected":false},"excerpt":{"rendered":"<p>Seguir a m\u00edster Cooking: @JesusTrelis Andaba yo pintando sue\u00f1os \u2013lo que sin l\u00edrica se dir\u00eda, durmiendo como un tronco con la cabeza llena de f\u00e1bulas- cuando son\u00f3 alterado el tel\u00e9fono rojo. Sonaba despiadado, como gallo madrugador. Tanto que me asust\u00e9. Dej\u00e9 los pinceles de mi imaginaci\u00f3n, un tigre se escap\u00f3 de mis sue\u00f1os y, sobresaltado, [&hellip;]<!-- AddThis Advanced Settings generic via filter on get_the_excerpt --><!-- AddThis Share Buttons generic via filter on get_the_excerpt --><\/p>\n","protected":false},"author":23,"featured_media":0,"comment_status":"open","ping_status":"open","sticky":false,"template":"","format":"standard","meta":[],"categories":[3,4,5,6,7],"tags":[16,40,71,121,126,178,269,301,419,444,528,533,553,582,590,669,887,889,958],"_links":{"self":[{"href":"https:\/\/blogs.lasprovincias.es\/historiascondelantal\/wp-json\/wp\/v2\/posts\/2096"}],"collection":[{"href":"https:\/\/blogs.lasprovincias.es\/historiascondelantal\/wp-json\/wp\/v2\/posts"}],"about":[{"href":"https:\/\/blogs.lasprovincias.es\/historiascondelantal\/wp-json\/wp\/v2\/types\/post"}],"author":[{"embeddable":true,"href":"https:\/\/blogs.lasprovincias.es\/historiascondelantal\/wp-json\/wp\/v2\/users\/23"}],"replies":[{"embeddable":true,"href":"https:\/\/blogs.lasprovincias.es\/historiascondelantal\/wp-json\/wp\/v2\/comments?post=2096"}],"version-history":[{"count":0,"href":"https:\/\/blogs.lasprovincias.es\/historiascondelantal\/wp-json\/wp\/v2\/posts\/2096\/revisions"}],"wp:attachment":[{"href":"https:\/\/blogs.lasprovincias.es\/historiascondelantal\/wp-json\/wp\/v2\/media?parent=2096"}],"wp:term":[{"taxonomy":"category","embeddable":true,"href":"https:\/\/blogs.lasprovincias.es\/historiascondelantal\/wp-json\/wp\/v2\/categories?post=2096"},{"taxonomy":"post_tag","embeddable":true,"href":"https:\/\/blogs.lasprovincias.es\/historiascondelantal\/wp-json\/wp\/v2\/tags?post=2096"}],"curies":[{"name":"wp","href":"https:\/\/api.w.org\/{rel}","templated":true}]}}