{"id":2131,"date":"2014-05-24T11:19:19","date_gmt":"2014-05-24T11:19:19","guid":{"rendered":"http:\/\/blogs.lasprovincias.es\/historiascondelantal\/?p=2131"},"modified":"2014-05-24T11:19:19","modified_gmt":"2014-05-24T11:19:19","slug":"boxeo-en-la-cocina","status":"publish","type":"post","link":"https:\/\/blogs.lasprovincias.es\/historiascondelantal\/2014\/05\/24\/boxeo-en-la-cocina\/","title":{"rendered":"BOXEO EN LA COCINA"},"content":{"rendered":"<p>Muchas noches, cuando mi cabeza toca almohada &#8211;<span style=\"background-color: #ffffff; color: #ff9900;\"><strong>siempre despu\u00e9s de que el hechizo de la Cenicienta se haya ido al traste<\/strong><\/span>-, me acuerdo de \u00e9l. Del peque\u00f1o corredor con cara de <strong>Caillou<\/strong> y<strong> la cresta del Gallo Claudio<\/strong>. Pienso que a esa misma hora debe estar calz\u00e1ndose sus zapatillas, saltando al asfalto y disponi\u00e9ndose a correr 12 kil\u00f3metros en mitad del silencio. 12 kil\u00f3metros como 12 campanadas que cada d\u00eda le recuerdan que, antes que estrella, siempre debe intentar ser Cenicienta en <strong>Diverxo<\/strong>.<\/p>\n<p style=\"text-align: center;\"><span style=\"font-size: large;\"><strong>Soy mister Cooking y esto es&#8230; Historias Con Delantal<\/strong><\/span><\/p>\n<p style=\"text-align: right;\"><strong><span style=\"color: #800080;\">\u00a0<a href=\"https:\/\/twitter.com\/JesusTrelis\" data-lang=\"es\" data-show-count=\"false\" rel=\"external nofollow\"><span style=\"color: #800080;\">Seguir a m\u00edster Cooking: @JesusTrelis<\/span><\/a><\/span><\/strong><\/p>\n<p style=\"text-align: left;\"><a href=\"\/historiascondelantal\/wp-content\/uploads\/sites\/18\/2014\/05\/IMG_6540.jpg\"><img loading=\"lazy\" class=\"wp-image-2162\" title=\"IMG_6540 (1024x667)\" src=\"\/historiascondelantal\/wp-content\/uploads\/sites\/18\/2014\/05\/IMG_6540.jpg\" alt=\"\" width=\"614\" height=\"400\" \/><\/a><span style=\"color: #888888;\"><em>Foto Jes\u00fas Trelis<\/em><\/span><\/p>\n<p style=\"text-align: left;\">En ese instante, cuando mi cabeza toca almohada <span style=\"color: #ff9900;\"><strong>-ya sabes, siempre despu\u00e9s de que el hechizo de la Cenicienta se haya ido al traste<\/strong>&#8211;<\/span>, sus pensamientos se cruzan con los m\u00edos. Con los m\u00edos y con el del resto de gente que lleva y ama el fuego, el fruto y la alquimia. Que ama la cocina. Siempre es la misma hora. Cuando<strong> David Mu\u00f1oz<\/strong> se hace <em>runner<\/em>, <strong>Bego\u00f1a Rodrigo<\/strong> cierra La Salita, <strong>Miguel Rausell <\/strong>observa dormidas a sus hijas y <strong>Carito Louren\u00e7o<\/strong> deja libres sus \u00faltimas<strong><span style=\"font-size: large;\"><em><span style=\"color: #800080;\"> violetas caramelizadas<\/span><\/em><\/span><\/strong> para que se apoderen de los imposibles.<\/p>\n<p>\u00a0<!--more--><\/p>\n<p><a href=\"\/historiascondelantal\/wp-content\/uploads\/sites\/18\/2014\/05\/web.jpg\"><img loading=\"lazy\" class=\"size-full wp-image-2132 alignleft\" title=\"web\" src=\"\/historiascondelantal\/wp-content\/uploads\/sites\/18\/2014\/05\/web.jpg\" alt=\"\" width=\"520\" height=\"260\" srcset=\"https:\/\/static-blogs.lasprovincias.es\/wp-content\/uploads\/sites\/18\/2014\/05\/web.jpg 520w, https:\/\/static-blogs.lasprovincias.es\/wp-content\/uploads\/sites\/18\/2014\/05\/web-300x150.jpg 300w\" sizes=\"(max-width: 520px) 100vw, 520px\" \/><\/a><\/p>\n<p>&nbsp;<\/p>\n<p>&nbsp;<\/p>\n<p>&nbsp;<\/p>\n<p>&nbsp;<\/p>\n<p>&nbsp;<\/p>\n<p>&nbsp;<\/p>\n<p>&nbsp;<\/p>\n<p>&nbsp;<\/p>\n<p>Es el momento en el que todos los Rom\u00e1nticos con Delantal -intentando huir de negocios y negociantes- nos encontramos en el Pa\u00eds de las Gastrosof\u00edas para <strong><span style=\"color: #800080;\">so\u00f1ar sue\u00f1os del color de la mostaza, con el brillo del aceite bendecido, el punto de la sal de vida y la dulzura eterna de la miel de las abejas-poeta<\/span><\/strong>.<\/p>\n<p style=\"text-align: left;\"><a href=\"\/historiascondelantal\/wp-content\/uploads\/sites\/18\/2014\/05\/IMG_6562.jpg\"><img loading=\"lazy\" class=\"wp-image-2166\" title=\"IMG_6562 (1024x683)\" src=\"\/historiascondelantal\/wp-content\/uploads\/sites\/18\/2014\/05\/IMG_6562.jpg\" alt=\"\" width=\"614\" height=\"410\" \/><\/a><span style=\"color: #888888;\"><em>Foto Jes\u00fas Trelis<\/em><\/span><\/p>\n<p>En ese instante, te dec\u00eda, <strong><span style=\"color: #800080;\">el cocinero se hace boxeador y da su golpe de gracia<\/span><\/strong>; el corredor con chaquetilla (de <strong>Unipro<\/strong>) se acelera y rompe el asfalto a pies ligeros; y el rey de <strong>A Poniente<\/strong> despierta y deambula por encima del mar en busca de sirenas.<\/p>\n<p style=\"text-align: left;\"><a href=\"\/historiascondelantal\/wp-content\/uploads\/sites\/18\/2014\/05\/la-foto-2.jpg\"><img loading=\"lazy\" class=\"wp-image-2159\" title=\"la foto 2\" src=\"\/historiascondelantal\/wp-content\/uploads\/sites\/18\/2014\/05\/la-foto-2.jpg\" alt=\"\" width=\"576\" height=\"361\" srcset=\"https:\/\/static-blogs.lasprovincias.es\/wp-content\/uploads\/sites\/18\/2014\/05\/la-foto-2.jpg 960w, https:\/\/static-blogs.lasprovincias.es\/wp-content\/uploads\/sites\/18\/2014\/05\/la-foto-2-300x188.jpg 300w, https:\/\/static-blogs.lasprovincias.es\/wp-content\/uploads\/sites\/18\/2014\/05\/la-foto-2-768x482.jpg 768w\" sizes=\"(max-width: 576px) 100vw, 576px\" \/><\/a><em><\/em><\/p>\n<address style=\"text-align: left;\"><span style=\"font-size: small;\"><em><span style=\"color: #888888;\">La sirena de \u00c1ngel, de nuevo&#8230; \u00bfD\u00f3nde te fu\u00edste? Foto twitter A. Le\u00f3n<\/span><\/em><\/span><\/address>\n<p>La hora m\u00e1gica es ese instante en que <strong>\u00c1ngel Le\u00f3n<\/strong> se asoma a la Luna para llorar y liberar sus branquias. Ese momento en el que<strong> Jorge de Andr\u00e9s<\/strong> se deja caer de Vertical para ser un Central. El instante en que <strong>Quique Barella<\/strong> se hace p\u00fagil y lanza ganchos, con sus colegas ( <strong>Kiko Moya<\/strong> y <strong>Manolo Alonso<\/strong>), a las estrellas. El momento en que <strong>Francis<\/strong> trepa al <strong>Manzano<\/strong> y le reta a un duelo sin precedentes, siempre en busca de dignificar a esa doncella (por fuera crujiente, excitante por dentro) llamada<strong> C<\/strong><span><span style=\"font-size: small;\"><strong>roqueta. Una dama con liguero que conquista por doquier.<\/strong><\/span> <\/span><\/p>\n<p style=\"text-align: left;\"><a href=\"\/historiascondelantal\/wp-content\/uploads\/sites\/18\/2014\/05\/IMG_6529.jpg\"><img loading=\"lazy\" class=\"wp-image-2165\" title=\"IMG_6529 (669x1024)\" src=\"\/historiascondelantal\/wp-content\/uploads\/sites\/18\/2014\/05\/IMG_6529.jpg\" alt=\"\" width=\"428\" height=\"655\" \/><\/a><em><\/em><\/p>\n<p style=\"text-align: left;\"><em><span style=\"color: #888888;\">Dibujo de Hyuro<\/span><\/em><\/p>\n<p>&nbsp;<\/p>\n<p style=\"text-align: right;\"><em><span style=\"color: #800080; font-size: large;\">En la hora m\u00e1gica&#8230; el ni\u00f1o con cara de Caillou y la cresta del gallo Claudio sale a romper la ciudad con su cresta y a so\u00f1ar con el ma\u00f1ana&#8230;<\/span><\/em><\/p>\n<p style=\"text-align: center;\">\u00a0<a href=\"\/historiascondelantal\/wp-content\/uploads\/sites\/18\/2014\/05\/IMG_6298.jpg\"><img loading=\"lazy\" class=\"wp-image-2164\" title=\"IMG_6298\" src=\"\/historiascondelantal\/wp-content\/uploads\/sites\/18\/2014\/05\/IMG_6298.jpg\" alt=\"\" width=\"540\" height=\"540\" srcset=\"https:\/\/static-blogs.lasprovincias.es\/wp-content\/uploads\/sites\/18\/2014\/05\/IMG_6298.jpg 900w, https:\/\/static-blogs.lasprovincias.es\/wp-content\/uploads\/sites\/18\/2014\/05\/IMG_6298-150x150.jpg 150w, https:\/\/static-blogs.lasprovincias.es\/wp-content\/uploads\/sites\/18\/2014\/05\/IMG_6298-300x300.jpg 300w, https:\/\/static-blogs.lasprovincias.es\/wp-content\/uploads\/sites\/18\/2014\/05\/IMG_6298-768x768.jpg 768w\" sizes=\"(max-width: 540px) 100vw, 540px\" \/><\/a><\/p>\n<p>&nbsp;<\/p>\n<p><span style=\"color: #ffffff; font-size: large; background-color: #800080;\">BOXEANDO CON LAS ESTRELLAS EN LA COCINA<\/span><\/p>\n<p>Una noche de esas de almohada &#8211;<strong><span style=\"color: #ff9900;\">siempre despu\u00e9s de que el hechizo de la Cenicienta se haya ido al traste-<\/span><\/strong> se le escap\u00f3 un sue\u00f1o a Quique. Y con el tiempo, el sue\u00f1o se hizo carne. (Que dir\u00edan los b\u00edblicos). Y naci\u00f3 <strong>Q de Barella<\/strong>. Ahora hace un a\u00f1o. Para celebrarlo, antes de la hora m\u00e1gica me citaron. Y all\u00ed estaba \u00e9l, su mujer Elsa, su equipo y sus colegas: <strong>Kiko Moya y Manolo Alonso<\/strong>. Hab\u00eda combate gastron\u00f3mico.<\/p>\n<p>&nbsp;<\/p>\n<p style=\"text-align: center;\"><a href=\"\/historiascondelantal\/wp-content\/uploads\/sites\/18\/2014\/05\/IMG_6285.jpg\"><img loading=\"lazy\" class=\"wp-image-2136\" title=\"Processed with Moldiv\" src=\"\/historiascondelantal\/wp-content\/uploads\/sites\/18\/2014\/05\/IMG_6285.jpg\" alt=\"\" width=\"477\" height=\"717\" srcset=\"https:\/\/static-blogs.lasprovincias.es\/wp-content\/uploads\/sites\/18\/2014\/05\/IMG_6285.jpg 800w, https:\/\/static-blogs.lasprovincias.es\/wp-content\/uploads\/sites\/18\/2014\/05\/IMG_6285-200x300.jpg 200w, https:\/\/static-blogs.lasprovincias.es\/wp-content\/uploads\/sites\/18\/2014\/05\/IMG_6285-768x1152.jpg 768w\" sizes=\"(max-width: 477px) 100vw, 477px\" \/><\/a><\/p>\n<p style=\"text-align: left;\">\u2192<span style=\"text-decoration: underline;\">El anfitri\u00f3n:<\/span> <strong>BUENO BARELLA, EL LARGATO DE FILANDIA 7.<\/strong> Un se\u00f1or con un coraz\u00f3n que hay que tirar muros all\u00ed donde va porque no cabe. Y adem\u00e1s, sufridor. \u201c<em>Patidor<\/em>\u201d, dir\u00eda mi madre. Un velero que viaja suave. El boxeador que nunca te dar\u00eda un golpe.<\/p>\n<p>\u2192<span style=\"text-decoration: underline;\">El invitado del mar<\/span>. M<strong>ANOLO OPTIMISTA, EL POTRILLO DEL DAIM\u00daS<\/strong>. Manolo luce buenas vibraciones: gente que te da que de \u00e9l te puedes fiar y te puedes dejar llevar. Me queda mucho por espiarte (apreciado capit\u00e1n de mar). Mucho por descubrir&#8230; m\u00e1s all\u00e1 de los callos de mam\u00e1.<\/p>\n<p>\u2192<span style=\"text-decoration: underline;\">El invitado de las monta\u00f1as<\/span>. <strong>KIKO ROMPEPIEDRAS, EL MAGO DE MARIOLA<\/strong>. El que hace de las piedras, peces; de los peces, sue\u00f1os. Y de los sue\u00f1os, platos que son poemas. Un conquistador. Quien va a buscarle a L&#8217;Escaleta, nunca dejar\u00e1 de volver. El futuro le har\u00e1 estrella.<\/p>\n<p>&nbsp;<\/p>\n<p style=\"text-align: center;\"><a href=\"\/historiascondelantal\/wp-content\/uploads\/sites\/18\/2014\/05\/IMG_6263.jpg\"><img loading=\"lazy\" class=\"wp-image-2138\" title=\"IMG_6263\" src=\"\/historiascondelantal\/wp-content\/uploads\/sites\/18\/2014\/05\/IMG_6263.jpg\" alt=\"\" width=\"434\" height=\"614\" srcset=\"https:\/\/static-blogs.lasprovincias.es\/wp-content\/uploads\/sites\/18\/2014\/05\/IMG_6263.jpg 724w, https:\/\/static-blogs.lasprovincias.es\/wp-content\/uploads\/sites\/18\/2014\/05\/IMG_6263-212x300.jpg 212w\" sizes=\"(max-width: 434px) 100vw, 434px\" \/><\/a><\/p>\n<p>&nbsp;<\/p>\n<p style=\"text-align: left;\"><span style=\"text-decoration: underline; font-size: medium;\"><strong><span style=\"color: #800080; text-decoration: underline;\">EL CUADRIL\u00c1TERO:<\/span><\/strong><\/span><\/p>\n<p>Viv\u00ed el combate desde una de las esquinas del cuadril\u00e1tero. Bien acompa\u00f1ado. Con uno de esos sabios de la cocina de los que aprendes sin parar, <strong>Sergio Adelantado <em>\u2018El visionario\u2019<\/em><\/strong>. <strong><span style=\"color: #800080;\">Hablamos del bien y del mal de los pucheros y de sus derivadas<\/span><\/strong>. Creo que m\u00e1s del bien que del mal. O al menos, tras pasar terapia por su div\u00e1n, acab\u00e9 convencido de que esto de los delantales es un arte, pero no te debes dejar enga\u00f1ar.<\/p>\n<p style=\"text-align: center;\"><a href=\"\/historiascondelantal\/wp-content\/uploads\/sites\/18\/2014\/05\/IMG_6279.jpg\"><img loading=\"lazy\" class=\"wp-image-2139\" title=\"IMG_6279\" src=\"\/historiascondelantal\/wp-content\/uploads\/sites\/18\/2014\/05\/IMG_6279.jpg\" alt=\"\" width=\"291\" height=\"403\" srcset=\"https:\/\/static-blogs.lasprovincias.es\/wp-content\/uploads\/sites\/18\/2014\/05\/IMG_6279.jpg 692w, https:\/\/static-blogs.lasprovincias.es\/wp-content\/uploads\/sites\/18\/2014\/05\/IMG_6279-216x300.jpg 216w\" sizes=\"(max-width: 291px) 100vw, 291px\" \/><\/a><\/p>\n<p style=\"text-align: left;\">En el cuadril\u00e1tero \u2013o sea en la cocina- vi a <strong>Manolo Alonso<\/strong> (Casa Manolo\/ Gand\u00eda) apasionado con su platos. Vi a <strong>Quique<\/strong> (Q de Barella\/ Valencia) \u00a0d\u00e1ndolo todo. Y a <strong>Kiko<\/strong> (mi amada L\u2019Escaleta\/ Cocentaina) dejando desbordar los aromas de la Sierra de Mariola en mitad de una mesa\u00a0 tomada por el saber cocer (cada uno a su manera).<\/p>\n<p><a href=\"\/historiascondelantal\/wp-content\/uploads\/sites\/18\/2014\/05\/IMG_6287.jpg\"><img loading=\"lazy\" class=\"wp-image-2137 aligncenter\" title=\"Processed with Moldiv\" src=\"\/historiascondelantal\/wp-content\/uploads\/sites\/18\/2014\/05\/IMG_6287.jpg\" alt=\"\" width=\"477\" height=\"717\" srcset=\"https:\/\/static-blogs.lasprovincias.es\/wp-content\/uploads\/sites\/18\/2014\/05\/IMG_6287.jpg 800w, https:\/\/static-blogs.lasprovincias.es\/wp-content\/uploads\/sites\/18\/2014\/05\/IMG_6287-200x300.jpg 200w, https:\/\/static-blogs.lasprovincias.es\/wp-content\/uploads\/sites\/18\/2014\/05\/IMG_6287-768x1152.jpg 768w\" sizes=\"(max-width: 477px) 100vw, 477px\" \/><\/a><\/p>\n<p>&nbsp;<\/p>\n<p style=\"text-align: center;\"><a href=\"\/historiascondelantal\/wp-content\/uploads\/sites\/18\/2014\/05\/IMG_2641.jpg\"><img loading=\"lazy\" class=\"wp-image-2167\" title=\"IMG_2641\" src=\"\/historiascondelantal\/wp-content\/uploads\/sites\/18\/2014\/05\/IMG_2641.jpg\" alt=\"\" width=\"323\" height=\"430\" srcset=\"https:\/\/static-blogs.lasprovincias.es\/wp-content\/uploads\/sites\/18\/2014\/05\/IMG_2641.jpg 1200w, https:\/\/static-blogs.lasprovincias.es\/wp-content\/uploads\/sites\/18\/2014\/05\/IMG_2641-225x300.jpg 225w, https:\/\/static-blogs.lasprovincias.es\/wp-content\/uploads\/sites\/18\/2014\/05\/IMG_2641-768x1024.jpg 768w\" sizes=\"(max-width: 323px) 100vw, 323px\" \/><\/a><\/p>\n<p style=\"text-align: center;\"><a href=\"\/historiascondelantal\/wp-content\/uploads\/sites\/18\/2014\/05\/IMG_6283.jpg\"><img loading=\"lazy\" class=\"aligncenter  wp-image-2168\" title=\"IMG_6283\" src=\"\/historiascondelantal\/wp-content\/uploads\/sites\/18\/2014\/05\/IMG_6283.jpg\" alt=\"\" width=\"576\" height=\"384\" srcset=\"https:\/\/static-blogs.lasprovincias.es\/wp-content\/uploads\/sites\/18\/2014\/05\/IMG_6283.jpg 960w, https:\/\/static-blogs.lasprovincias.es\/wp-content\/uploads\/sites\/18\/2014\/05\/IMG_6283-300x200.jpg 300w, https:\/\/static-blogs.lasprovincias.es\/wp-content\/uploads\/sites\/18\/2014\/05\/IMG_6283-768x512.jpg 768w\" sizes=\"(max-width: 576px) 100vw, 576px\" \/><\/a><\/p>\n<p style=\"text-align: left;\"><span style=\"text-decoration: underline;\"><span style=\"color: #800080; font-size: medium; text-decoration: underline;\"><strong>EL COMBATE:<\/strong><\/span><\/span><\/p>\n<p><span style=\"background-color: #800080; color: #ffffff; font-size: medium;\"><em>Primer Round<\/em><\/span><\/p>\n<p>Se pusieron ante nosotros y empezaron a \u00a0dar los saltitos de rigor del boxeador. Lleg\u00f3 el primer golpecito<em>. <\/em><span style=\"color: #800080;\"><em>Zaaaassss<\/em><\/span>\u2026 (Divertido <strong>snack de algas<\/strong>). De pronto un <span style=\"color: #800080;\"><em>\u00a1\u00a1flasssssh!<\/em><\/span>!\u00a0<strong> Turr\u00f3n salado<\/strong> que siempre te desconcierta y enamora por su toque amargo Un golpe seco de Manolo y vi los primeros pajarillos sobrevolando mi cabeza: <strong>Bu\u00f1uelo de bacalao<\/strong>. \u2013\u201c<em>\u00a1S\u00edrvanme dos o tres docenas!<\/em>\u201d, pens\u00e9 aunque no lo grit\u00e9 para evitar que Adelantado me dijera que se iba a otra esquina-.<\/p>\n<p>&nbsp;<\/p>\n<p style=\"text-align: center;\"><a href=\"\/historiascondelantal\/wp-content\/uploads\/sites\/18\/2014\/05\/IMG_6286.jpg\"><img loading=\"lazy\" class=\"wp-image-2148\" title=\"Processed with Moldiv\" src=\"\/historiascondelantal\/wp-content\/uploads\/sites\/18\/2014\/05\/IMG_6286.jpg\" alt=\"\" width=\"409\" height=\"614\" srcset=\"https:\/\/static-blogs.lasprovincias.es\/wp-content\/uploads\/sites\/18\/2014\/05\/IMG_6286.jpg 800w, https:\/\/static-blogs.lasprovincias.es\/wp-content\/uploads\/sites\/18\/2014\/05\/IMG_6286-200x300.jpg 200w, https:\/\/static-blogs.lasprovincias.es\/wp-content\/uploads\/sites\/18\/2014\/05\/IMG_6286-768x1152.jpg 768w, https:\/\/static-blogs.lasprovincias.es\/wp-content\/uploads\/sites\/18\/2014\/05\/IMG_6286-683x1024.jpg 683w\" sizes=\"(max-width: 409px) 100vw, 409px\" \/><\/a><\/p>\n<p>&nbsp;<\/p>\n<p style=\"text-align: left;\"><span style=\"background-color: #800080; color: #ffffff; font-size: medium;\"><em>Segundo Round<\/em><\/span><\/p>\n<p>Casi sin darnos cuenta, nos enzarzamos de nuevo. \u201c<em>Pero Cooking, \u00bfde verdad t\u00fa crees que hay burbuja gastron\u00f3mica?<\/em>\u201d, me pregunt\u00f3 Sergio Adelantado. Le dije que tem\u00eda que pudiera ser as\u00ed con el tiempo, que el boom gastron\u00f3mico crec\u00eda, y crec\u00eda, y crec\u00eda sin l\u00edmites. Pero en mitad de la conversaci\u00f3n, el\u00a0 <strong>queso fresco de leche de almendras, hidromiel y AOVE<\/strong> irrumpi\u00f3. Y me tumb\u00f3 de un golpe. \u201c<strong><span style=\"color: #800080;\"><em>Esto es maravilloso<\/em><\/span><\/strong>\u201d, exclam\u00e9.<\/p>\n<p style=\"text-align: center;\">\u00a0<a href=\"\/historiascondelantal\/wp-content\/uploads\/sites\/18\/2014\/05\/IMG_6288.jpg\"><img loading=\"lazy\" class=\"wp-image-2142\" title=\"Processed with Moldiv\" src=\"\/historiascondelantal\/wp-content\/uploads\/sites\/18\/2014\/05\/IMG_6288.jpg\" alt=\"\" width=\"429\" height=\"645\" srcset=\"https:\/\/static-blogs.lasprovincias.es\/wp-content\/uploads\/sites\/18\/2014\/05\/IMG_6288.jpg 800w, https:\/\/static-blogs.lasprovincias.es\/wp-content\/uploads\/sites\/18\/2014\/05\/IMG_6288-200x300.jpg 200w, https:\/\/static-blogs.lasprovincias.es\/wp-content\/uploads\/sites\/18\/2014\/05\/IMG_6288-768x1152.jpg 768w\" sizes=\"(max-width: 429px) 100vw, 429px\" \/><\/a><\/p>\n<p style=\"text-align: left;\">Sin dar tregua, apareci\u00f3 un pedacito (\u00bfpor qu\u00e9 no era m\u00e1s grande Manolo?) de <strong>salm\u00f3n con piel de pomelo, salsa raifort y cebolla encurtida<\/strong>. Mir\u00e9 a mi compa\u00f1ero de mesa para rob\u00e1rselo, pero Sergio se lo zamp\u00f3 antes que yo.<\/p>\n<p style=\"text-align: center;\"><a href=\"\/historiascondelantal\/wp-content\/uploads\/sites\/18\/2014\/05\/IMG_6291.jpg\"><img loading=\"lazy\" class=\"wp-image-2145\" title=\"Processed with Moldiv\" src=\"\/historiascondelantal\/wp-content\/uploads\/sites\/18\/2014\/05\/IMG_6291.jpg\" alt=\"\" width=\"409\" height=\"614\" srcset=\"https:\/\/static-blogs.lasprovincias.es\/wp-content\/uploads\/sites\/18\/2014\/05\/IMG_6291.jpg 800w, https:\/\/static-blogs.lasprovincias.es\/wp-content\/uploads\/sites\/18\/2014\/05\/IMG_6291-200x300.jpg 200w, https:\/\/static-blogs.lasprovincias.es\/wp-content\/uploads\/sites\/18\/2014\/05\/IMG_6291-768x1152.jpg 768w, https:\/\/static-blogs.lasprovincias.es\/wp-content\/uploads\/sites\/18\/2014\/05\/IMG_6291-683x1024.jpg 683w\" sizes=\"(max-width: 409px) 100vw, 409px\" \/><\/a><\/p>\n<p style=\"text-align: left;\">Y entonces recib\u00ed un gancho de abajo hacia arriba, directamente al paladar. El acierto total de un plato de Quique Barella que me fascina: <strong>bonito en escabeche con alcachofas, edamame y cacao del collaret<\/strong>. Ca\u00ed rendido.<\/p>\n<p style=\"text-align: center;\"><a href=\"\/historiascondelantal\/wp-content\/uploads\/sites\/18\/2014\/05\/IMG_6289.jpg\"><img loading=\"lazy\" class=\"wp-image-2143\" title=\"Processed with Moldiv\" src=\"\/historiascondelantal\/wp-content\/uploads\/sites\/18\/2014\/05\/IMG_6289.jpg\" alt=\"\" width=\"473\" height=\"473\" srcset=\"https:\/\/static-blogs.lasprovincias.es\/wp-content\/uploads\/sites\/18\/2014\/05\/IMG_6289.jpg 1200w, https:\/\/static-blogs.lasprovincias.es\/wp-content\/uploads\/sites\/18\/2014\/05\/IMG_6289-150x150.jpg 150w, https:\/\/static-blogs.lasprovincias.es\/wp-content\/uploads\/sites\/18\/2014\/05\/IMG_6289-300x300.jpg 300w, https:\/\/static-blogs.lasprovincias.es\/wp-content\/uploads\/sites\/18\/2014\/05\/IMG_6289-768x768.jpg 768w, https:\/\/static-blogs.lasprovincias.es\/wp-content\/uploads\/sites\/18\/2014\/05\/IMG_6289-1024x1024.jpg 1024w\" sizes=\"(max-width: 473px) 100vw, 473px\" \/><\/a><\/p>\n<p style=\"text-align: left;\">\u201c<strong><span style=\"color: #800080;\"><em>Uno, dos, tres\u2026<\/em><\/span><\/strong>.\u201d Me pude levantar pese a todo. Un sorbo de vino (blanco <strong>F\u00e9liz Azpilicueta 2012<\/strong>). Un respiro. Me asom\u00e9 a la cocina. Cortaban pan, decoraban croquetas \u2013que ganas tengo que vengas, caballero<strong> Paniego<\/strong>&#8211; y marcaban merluzas\u2026.<\/p>\n<p style=\"text-align: center;\"><a href=\"\/historiascondelantal\/wp-content\/uploads\/sites\/18\/2014\/05\/IMG_2713.jpg\"><img loading=\"lazy\" class=\"wp-image-2146\" title=\"IMG_2713\" src=\"\/historiascondelantal\/wp-content\/uploads\/sites\/18\/2014\/05\/IMG_2713.jpg\" alt=\"\" width=\"491\" height=\"369\" srcset=\"https:\/\/static-blogs.lasprovincias.es\/wp-content\/uploads\/sites\/18\/2014\/05\/IMG_2713.jpg 1600w, https:\/\/static-blogs.lasprovincias.es\/wp-content\/uploads\/sites\/18\/2014\/05\/IMG_2713-300x225.jpg 300w, https:\/\/static-blogs.lasprovincias.es\/wp-content\/uploads\/sites\/18\/2014\/05\/IMG_2713-768x576.jpg 768w, https:\/\/static-blogs.lasprovincias.es\/wp-content\/uploads\/sites\/18\/2014\/05\/IMG_2713-1024x768.jpg 1024w\" sizes=\"(max-width: 491px) 100vw, 491px\" \/><\/a><\/p>\n<p>&nbsp;<\/p>\n<p style=\"text-align: left;\"><span style=\"background-color: #800080; color: #ffffff; font-size: medium;\"><em>Tercer Round<\/em><\/span><\/p>\n<p>\u201c<em>Estuve con Kiko Moya en una misi\u00f3n especial y volv\u00ed a caer en sus redes\u2026 Es tremendo. \u00a1Qu\u00e9 hierbas salvajes!<\/em>\u201d, le dije a Adelantado. \u201c<em>Para m\u00ed siempre ha sido un chef fetiche\u2026<\/em>\u201d, me confes\u00f3. Manolo Alonso contraatac\u00f3 nuestros pensamientos con unos callos brutales. <strong><span style=\"color: #800080;\">Alguno que otro, tras com\u00e9rselo, se quer\u00eda llevar las sobras en una tartera<\/span><\/strong>. Pero hab\u00eda llegado tarde. <strong>Los callos como los hac\u00eda mi madre<\/strong> (la de Manolo) le gustan hasta a quien no le gustan (los callos). Por la izquierda, reclamando su espacio, aterriz\u00f3 una <strong>merluza en llama con gambita y un caldo de galeras<\/strong> de esos que te hacer resucitar, y volver a resucitar, y resucitar por tercera vez. La merluza que se deshac\u00eda, la gambita que me maravillaba\u2026 \u00a1Menudo gancho, Barella! Aturdidos lleg\u00f3 el <strong>churrasco de cordero con berenjenas asadas<\/strong> (dulces como la miel de las abejas-poeta)&#8230;<\/p>\n<p style=\"text-align: center;\"><a href=\"\/historiascondelantal\/wp-content\/uploads\/sites\/18\/2014\/05\/IMG_6292.jpg\"><img loading=\"lazy\" class=\"wp-image-2141\" title=\"Processed with Moldiv\" src=\"\/historiascondelantal\/wp-content\/uploads\/sites\/18\/2014\/05\/IMG_6292.jpg\" alt=\"\" width=\"614\" height=\"614\" srcset=\"https:\/\/static-blogs.lasprovincias.es\/wp-content\/uploads\/sites\/18\/2014\/05\/IMG_6292.jpg 1200w, https:\/\/static-blogs.lasprovincias.es\/wp-content\/uploads\/sites\/18\/2014\/05\/IMG_6292-150x150.jpg 150w, https:\/\/static-blogs.lasprovincias.es\/wp-content\/uploads\/sites\/18\/2014\/05\/IMG_6292-300x300.jpg 300w, https:\/\/static-blogs.lasprovincias.es\/wp-content\/uploads\/sites\/18\/2014\/05\/IMG_6292-768x768.jpg 768w, https:\/\/static-blogs.lasprovincias.es\/wp-content\/uploads\/sites\/18\/2014\/05\/IMG_6292-1024x1024.jpg 1024w\" sizes=\"(max-width: 614px) 100vw, 614px\" \/><\/a><\/p>\n<p style=\"text-align: left;\">Tres golpes seguidos. El cuerpo que se desploma. El esp\u00eda vencido. El combate que finaliza. Los tres cocineros boxeadores que levantan sus brazos. La gente que grita excitada&#8230;.<\/p>\n<p style=\"text-align: center;\"><a href=\"\/historiascondelantal\/wp-content\/uploads\/sites\/18\/2014\/05\/IMG_6272.jpg\"><img loading=\"lazy\" class=\"wp-image-2140\" title=\"IMG_6272\" src=\"\/historiascondelantal\/wp-content\/uploads\/sites\/18\/2014\/05\/IMG_6272.jpg\" alt=\"\" width=\"444\" height=\"444\" srcset=\"https:\/\/static-blogs.lasprovincias.es\/wp-content\/uploads\/sites\/18\/2014\/05\/IMG_6272.jpg 528w, https:\/\/static-blogs.lasprovincias.es\/wp-content\/uploads\/sites\/18\/2014\/05\/IMG_6272-150x150.jpg 150w, https:\/\/static-blogs.lasprovincias.es\/wp-content\/uploads\/sites\/18\/2014\/05\/IMG_6272-300x300.jpg 300w\" sizes=\"(max-width: 444px) 100vw, 444px\" \/><\/a><\/p>\n<p style=\"text-align: left;\">Abro los ojos: \u201c<em>Aunque est\u00e9 K.O. quiero mi torrija de horchata con helado\u2026\u201d<\/em><strong> . Elsa Maravillosa Dulce Reina Samaritana<\/strong> se apiad\u00f3 de m\u00ed.<\/p>\n<p><span style=\"background-color: #800080; color: #ffffff; font-size: medium;\"><em>Despedida<\/em><\/span><\/p>\n<p style=\"text-align: left;\"><span style=\"background-color: #800080; color: #ffffff; font-size: medium;\"><em><a href=\"\/historiascondelantal\/wp-content\/uploads\/sites\/18\/2014\/05\/IMG_2773.jpg\"><img loading=\"lazy\" class=\"wp-image-2147\" title=\"IMG_2773\" src=\"\/historiascondelantal\/wp-content\/uploads\/sites\/18\/2014\/05\/IMG_2773.jpg\" alt=\"\" width=\"614\" height=\"461\" srcset=\"https:\/\/static-blogs.lasprovincias.es\/wp-content\/uploads\/sites\/18\/2014\/05\/IMG_2773.jpg 1600w, https:\/\/static-blogs.lasprovincias.es\/wp-content\/uploads\/sites\/18\/2014\/05\/IMG_2773-300x225.jpg 300w, https:\/\/static-blogs.lasprovincias.es\/wp-content\/uploads\/sites\/18\/2014\/05\/IMG_2773-768x576.jpg 768w, https:\/\/static-blogs.lasprovincias.es\/wp-content\/uploads\/sites\/18\/2014\/05\/IMG_2773-1024x768.jpg 1024w\" sizes=\"(max-width: 614px) 100vw, 614px\" \/><\/a><\/em><\/span><\/p>\n<p style=\"text-align: left;\"><span style=\"background-color: #800080; color: #ffffff; font-size: medium;\"><em><span style=\"color: #808080; background-color: #ffffff;\">Foto Jes\u00fas Trelis<\/span><br \/>\n<\/em><\/span><\/p>\n<p>Me acerqu\u00e9 a Quique y a su equipo. \u201c<em>Gracias por todo. Por dejarme hacer y por dejarme estar<\/em>\u201d, les dije con la mirada. \u201c<em>Voy a decir a la gente: Todos debemos volver a Quique Barella<\/em>\u201d, le coment\u00e9. \u00c9l no escuchaba. Pens\u00e9 que sonaba demasiado publicitario .. y olvid\u00e9 la idea. Intent\u00e9 pagar la entrada al combate, pero el lagarto se me escap\u00f3 por los escondrijos de Finlandia 7. <em>&#8220;Feliz aniversario&#8221;<\/em>, exclam\u00e9 en silencio. Y del cielo me cay\u00f3 este regalito para ellos y para ti. ( Gracias Miss Pitanza :-))<\/p>\n<p style=\"text-align: center;\">Anna Kendrick. Cups. <strong><span style=\"color: #ff9900;\">DISFRUTARLO, por favor&#8230;<\/span><\/strong><br \/>\n<iframe loading=\"lazy\" src=\"\/\/www.youtube.com\/embed\/cmSbXsFE3l8\" frameborder=\"0\" width=\"772\" height=\"435\"><\/iframe><\/p>\n<p>Veo el reloj. &#8220;<em>Sergio, pasan de las doce<\/em>\u201d, le comento. Quiz\u00e1s el no sepa lo de Cenicienta, pens\u00e9. Corr\u00ed entonces hacia mi casa. Era ya la hora m\u00e1gica. En medio de la Alameda pens\u00e9 que\u00a0 esos tres colegas me hab\u00edan dado hoy un buen capazo de golpes de ejemplaridad.\u00a0 Y pens\u00e9 que a Quique le falta ser algo m\u00e1s Sabina. Algo m\u00e1s canalla. Trozo de lima, \u00e1cido o picante. Mientras vuelo, como el de la cresta que rompe la noche corriendo por la Gran V\u00eda al salir de <strong>Diverxo<\/strong>, rectifico mi pensamiento. Quique debe ser como es&#8230; Ya lo dec\u00eda <strong><span style=\"color: #800080;\">Mafalda<\/span><\/strong>. <span style=\"color: #800080;\">&#8220;<strong><span style=\"font-size: medium;\"><em>Lo importante es ser uno mismo<\/em><\/span><\/strong><\/span>&#8220;. Como David. Runner en la medianoche&#8230; (que si lee esto no entender\u00e1 nada)<\/p>\n<p style=\"text-align: center;\"><a href=\"\/historiascondelantal\/wp-content\/uploads\/sites\/18\/2014\/05\/IMG_6293.jpg\"><img loading=\"lazy\" class=\"wp-image-2151\" title=\"Processed with Moldiv\" src=\"\/historiascondelantal\/wp-content\/uploads\/sites\/18\/2014\/05\/IMG_6293.jpg\" alt=\"\" width=\"546\" height=\"819\" srcset=\"https:\/\/static-blogs.lasprovincias.es\/wp-content\/uploads\/sites\/18\/2014\/05\/IMG_6293.jpg 800w, https:\/\/static-blogs.lasprovincias.es\/wp-content\/uploads\/sites\/18\/2014\/05\/IMG_6293-200x300.jpg 200w, https:\/\/static-blogs.lasprovincias.es\/wp-content\/uploads\/sites\/18\/2014\/05\/IMG_6293-768x1152.jpg 768w, https:\/\/static-blogs.lasprovincias.es\/wp-content\/uploads\/sites\/18\/2014\/05\/IMG_6293-683x1024.jpg 683w\" sizes=\"(max-width: 546px) 100vw, 546px\" \/><\/a><\/p>\n<p>&nbsp;<\/p>\n<p style=\"text-align: left;\">\u00a0<span style=\"background-color: #800080; color: #ffffff; font-size: large;\">JUGANDO AL FUTBOL EN EL CENTRAL<\/span><\/p>\n<p>En la hora m\u00e1gica <strong><span style=\"color: #ff9900;\">-siempre despu\u00e9s de que el hechizo de la Cenicienta se haya ido al traste-<\/span><\/strong>, te puedes encontrar deambulando por el Pa\u00eds de las Gastrosof\u00edas al genio del restaurante Vertical convertido en el mejor Central. Ya te advert\u00ed. <strong>Jorge de Andr\u00e9s<\/strong>, piel de futbolista, lanzando el bal\u00f3n del mundial a la c\u00fapula del <strong>Mercat Centra<\/strong>l, el mayor espect\u00e1culo de la ciudad; prepar\u00e1ndose para viajar a R\u00edo de Janeiro como parte de una selecci\u00f3n de cocineros (el ser\u00e1 el representante espa\u00f1ol) que dar\u00e1 de comer a gente guapa, muy vip, requetevips y otros menesteres. L\u00e1stima que los esp\u00edas no entremos en sus planes\u2026 <span style=\"color: #000000;\"><strong>Las fotos, querido Jorge,<\/strong> <\/span><strong>simplemente geniale<\/strong><span style=\"color: #000000;\">s<\/span>\u2026.<\/p>\n<p style=\"text-align: center;\"><a href=\"\/historiascondelantal\/wp-content\/uploads\/sites\/18\/2014\/05\/140505_176_JorgeDeAndres_Labadie.jpg\"><img loading=\"lazy\" class=\"wp-image-2153\" title=\"Jorge de Andres\" src=\"\/historiascondelantal\/wp-content\/uploads\/sites\/18\/2014\/05\/140505_176_JorgeDeAndres_Labadie.jpg\" alt=\"\" width=\"479\" height=\"717\" \/><\/a><\/p>\n<p style=\"text-align: center;\">\u00a0<a href=\"\/historiascondelantal\/wp-content\/uploads\/sites\/18\/2014\/05\/140505_290_JorgeDeAndres_Labadie1.jpg\"><img loading=\"lazy\" class=\"wp-image-2155\" title=\"Jorge de Andres\" src=\"\/historiascondelantal\/wp-content\/uploads\/sites\/18\/2014\/05\/140505_290_JorgeDeAndres_Labadie1.jpg\" alt=\"\" width=\"479\" height=\"717\" \/><\/a><\/p>\n<p><span style=\"background-color: #800080; color: #ffffff; font-size: large;\">CONQUISTANDO CROQUETAS CON LIGUERO<\/span><\/p>\n<p><strong><span style=\"color: #800080;\">En la cita con la almohada<\/span><\/strong>, me encontr\u00e9 con caballeros danzantes con sus delantales batallando mientras el p\u00fablico aplaude. Un torneo a lo medieval, con ese sabor extraordinariamente hist\u00f3rico que tiene Echaurren y todo lo que le alienta. <span style=\"background-color: #800080;\"><strong><span style=\"background-color: #ffffff; color: #800080;\">Torneo de croquetas, sexys y danzantes. A<\/span><\/strong><\/span> un lado, la de<strong> Francis Paniego<\/strong>. A otro, la de <strong>Nacho Manzano<\/strong>. Gan\u00f3 el torneo el primero. Jugaba en casa. Aunque defraudado de que entre los suyos, alguno al se\u00f1or Manzano le votara. <strong>Croqueta Paniego: 28 votos. Croqueta Manzano: 20<\/strong>.\u00a0 Grandes, Francis y Nacho.<\/p>\n<p style=\"text-align: center;\"><a href=\"\/historiascondelantal\/wp-content\/uploads\/sites\/18\/2014\/05\/IMG_6294.jpg\"><img loading=\"lazy\" class=\"wp-image-2156\" title=\"Processed with Moldiv\" src=\"\/historiascondelantal\/wp-content\/uploads\/sites\/18\/2014\/05\/IMG_6294.jpg\" alt=\"\" width=\"717\" height=\"717\" srcset=\"https:\/\/static-blogs.lasprovincias.es\/wp-content\/uploads\/sites\/18\/2014\/05\/IMG_6294.jpg 1200w, https:\/\/static-blogs.lasprovincias.es\/wp-content\/uploads\/sites\/18\/2014\/05\/IMG_6294-150x150.jpg 150w, https:\/\/static-blogs.lasprovincias.es\/wp-content\/uploads\/sites\/18\/2014\/05\/IMG_6294-300x300.jpg 300w, https:\/\/static-blogs.lasprovincias.es\/wp-content\/uploads\/sites\/18\/2014\/05\/IMG_6294-768x768.jpg 768w, https:\/\/static-blogs.lasprovincias.es\/wp-content\/uploads\/sites\/18\/2014\/05\/IMG_6294-1024x1024.jpg 1024w\" sizes=\"(max-width: 717px) 100vw, 717px\" \/><\/a><\/p>\n<div class=\"mceTemp mceIEcenter\" style=\"text-align: left;\">\n<dl id=\"attachment_2157\" class=\"wp-caption aligncenter\" style=\"width: 440px;\">\n<dt class=\"wp-caption-dt\"><a href=\"\/historiascondelantal\/wp-content\/uploads\/sites\/18\/2014\/05\/IMG_6234.jpg\"><img loading=\"lazy\" class=\" wp-image-2157  \" title=\"IMG_6234\" src=\"\/historiascondelantal\/wp-content\/uploads\/sites\/18\/2014\/05\/IMG_6234.jpg\" alt=\"\" width=\"430\" height=\"323\" srcset=\"https:\/\/static-blogs.lasprovincias.es\/wp-content\/uploads\/sites\/18\/2014\/05\/IMG_6234.jpg 1024w, https:\/\/static-blogs.lasprovincias.es\/wp-content\/uploads\/sites\/18\/2014\/05\/IMG_6234-300x225.jpg 300w, https:\/\/static-blogs.lasprovincias.es\/wp-content\/uploads\/sites\/18\/2014\/05\/IMG_6234-768x576.jpg 768w\" sizes=\"(max-width: 430px) 100vw, 430px\" \/><\/a><\/dt>\n<dd class=\"wp-caption-dd\">Foto de Tondeluna.<\/dd>\n<\/dl>\n<\/div>\n<p>&nbsp;<\/p>\n<p style=\"text-align: center;\"><span style=\"background-color: #800080; color: #ffffff; font-size: large;\">..Y DEJANDO QUE LOS SUE\u00d1OS SUE\u00d1EN<\/span><\/p>\n<p>En la hora de los sue\u00f1os del Pa\u00eds de la Gastrosof\u00eda, ya sabes qu\u00e9 pasa. <strong><span style=\"color: #ff9900;\">Siempre despu\u00e9s de que el hechizo de la Cenicienta se haya ido al traste<\/span><\/strong>, los sue\u00f1os se desatan. <strong>Camarena<\/strong> toca la trompeta. <strong>Alejandro Platero<\/strong> renueva su Mulhandara. Mi amigo <strong>Rafa Soler<\/strong> conquista las quimeras. <strong>Quique Dacosta<\/strong> peina olas con sus f\u00e1bulas. Y Cooking comparte el vino de las Hormigas con <strong>Manuela Romeralo<\/strong> y <strong>Campanilla Naiara<\/strong>.<strong> Y Altea y Roc\u00edo<\/strong>&#8230;<\/p>\n<p style=\"text-align: left;\"><a href=\"\/historiascondelantal\/wp-content\/uploads\/sites\/18\/2014\/05\/la-foto-34.jpg\"><img loading=\"lazy\" class=\"wp-image-2160\" title=\"la foto 3(4)\" src=\"\/historiascondelantal\/wp-content\/uploads\/sites\/18\/2014\/05\/la-foto-34.jpg\" alt=\"\" width=\"526\" height=\"394\" srcset=\"https:\/\/static-blogs.lasprovincias.es\/wp-content\/uploads\/sites\/18\/2014\/05\/la-foto-34.jpg 876w, https:\/\/static-blogs.lasprovincias.es\/wp-content\/uploads\/sites\/18\/2014\/05\/la-foto-34-300x225.jpg 300w, https:\/\/static-blogs.lasprovincias.es\/wp-content\/uploads\/sites\/18\/2014\/05\/la-foto-34-768x576.jpg 768w\" sizes=\"(max-width: 526px) 100vw, 526px\" \/><\/a><\/p>\n<p style=\"text-align: left;\"><span style=\"color: #888888;\"><em>Ricard sue\u00f1a com tocar su vieja trompeta&#8230;<\/em><\/span><\/p>\n<p>Altea y Roc\u00edo &#8211; peque\u00f1as fantasias culinarias con delantal- <strong><span style=\"color: #800080;\">crean platos con espuma del que nacen flores<\/span><\/strong>. Y las abejas-poetas sacan de ellas la miel que alimenta los sue\u00f1os de un esp\u00eda algo loco que a alguien le dio por llamar Cooking. Mister Cooking. Algo as\u00ed como el fabulador de sartenes. Algo as\u00ed.<\/p>\n<p>&nbsp;<\/p>\n<p style=\"text-align: center;\"><a href=\"\/historiascondelantal\/wp-content\/uploads\/sites\/18\/2014\/05\/IMG_6539.jpg\"><img loading=\"lazy\" class=\"wp-image-2161\" title=\"IMG_6539 (665x1024)\" src=\"\/historiascondelantal\/wp-content\/uploads\/sites\/18\/2014\/05\/IMG_6539.jpg\" alt=\"\" width=\"399\" height=\"614\" \/><\/a><\/p>\n<p style=\"text-align: center;\"><span style=\"color: #808080;\"><em>\u00a0Foto Jes\u00fas Trelis<\/em><\/span><\/p>\n<p>\u00a0<a href=\"\/historiascondelantal\/wp-content\/uploads\/sites\/18\/2014\/05\/2014-04-25_20-20-16_966.jpg\"><img loading=\"lazy\" class=\"wp-image-2169 alignleft\" title=\"2014-04-25_20-20-16_966\" src=\"\/historiascondelantal\/wp-content\/uploads\/sites\/18\/2014\/05\/2014-04-25_20-20-16_966.jpg\" alt=\"\" width=\"314\" height=\"502\" srcset=\"https:\/\/static-blogs.lasprovincias.es\/wp-content\/uploads\/sites\/18\/2014\/05\/2014-04-25_20-20-16_966.jpg 1733w, https:\/\/static-blogs.lasprovincias.es\/wp-content\/uploads\/sites\/18\/2014\/05\/2014-04-25_20-20-16_966-188x300.jpg 188w, https:\/\/static-blogs.lasprovincias.es\/wp-content\/uploads\/sites\/18\/2014\/05\/2014-04-25_20-20-16_966-768x1227.jpg 768w, https:\/\/static-blogs.lasprovincias.es\/wp-content\/uploads\/sites\/18\/2014\/05\/2014-04-25_20-20-16_966-641x1024.jpg 641w\" sizes=\"(max-width: 314px) 100vw, 314px\" \/><\/a><\/p>\n<p style=\"text-align: right;\">\u00a0<strong><span style=\"color: #800080;\"> <a href=\"https:\/\/twitter.com\/JesusTrelis\" data-lang=\"es\" data-show-count=\"false\" rel=\"external nofollow\"><span style=\"color: #800080;\">Seguir a m\u00edster Cooking: @JesusTrelis<\/span><\/a><\/span><\/strong><\/p>\n<p style=\"text-align: center;\">Esto es todo, familia. Pero vamos a tener m\u00e1s&#8230; Nos citamos en <strong>la hora m\u00e1gica<\/strong>. <strong><span style=\"color: #ff9900;\">Ya sabes, s<\/span><span style=\"color: #ff9900;\"><strong>i<\/strong>empre despu\u00e9s de que el hechizo de la Cenicienta se haya ido al traste.<\/span><\/strong><\/p>\n<p style=\"text-align: center;\">\u00bfUn poco de tiramis\u00fa para acabar?<\/p>\n<p style=\"text-align: center;\"><iframe loading=\"lazy\" src=\"\/\/www.youtube.com\/embed\/7ZYSjsjgfq4\" frameborder=\"0\" width=\"701\" height=\"395\"><\/iframe><\/p>\n<!-- AddThis Advanced Settings generic via filter on the_content --><!-- AddThis Share Buttons generic via filter on the_content -->","protected":false},"excerpt":{"rendered":"<p>Muchas noches, cuando mi cabeza toca almohada &#8211;siempre despu\u00e9s de que el hechizo de la Cenicienta se haya ido al traste-, me acuerdo de \u00e9l. Del peque\u00f1o corredor con cara de Caillou y la cresta del Gallo Claudio. Pienso que a esa misma hora debe estar calz\u00e1ndose sus zapatillas, saltando al asfalto y disponi\u00e9ndose a [&hellip;]<!-- AddThis Advanced Settings generic via filter on get_the_excerpt --><!-- AddThis Share Buttons generic via filter on get_the_excerpt --><\/p>\n","protected":false},"author":23,"featured_media":0,"comment_status":"open","ping_status":"open","sticky":false,"template":"","format":"standard","meta":[],"categories":[2,3,4,5,6],"tags":[146,192,211,419,541,581,590,669,727,767,868,887,889,958],"_links":{"self":[{"href":"https:\/\/blogs.lasprovincias.es\/historiascondelantal\/wp-json\/wp\/v2\/posts\/2131"}],"collection":[{"href":"https:\/\/blogs.lasprovincias.es\/historiascondelantal\/wp-json\/wp\/v2\/posts"}],"about":[{"href":"https:\/\/blogs.lasprovincias.es\/historiascondelantal\/wp-json\/wp\/v2\/types\/post"}],"author":[{"embeddable":true,"href":"https:\/\/blogs.lasprovincias.es\/historiascondelantal\/wp-json\/wp\/v2\/users\/23"}],"replies":[{"embeddable":true,"href":"https:\/\/blogs.lasprovincias.es\/historiascondelantal\/wp-json\/wp\/v2\/comments?post=2131"}],"version-history":[{"count":0,"href":"https:\/\/blogs.lasprovincias.es\/historiascondelantal\/wp-json\/wp\/v2\/posts\/2131\/revisions"}],"wp:attachment":[{"href":"https:\/\/blogs.lasprovincias.es\/historiascondelantal\/wp-json\/wp\/v2\/media?parent=2131"}],"wp:term":[{"taxonomy":"category","embeddable":true,"href":"https:\/\/blogs.lasprovincias.es\/historiascondelantal\/wp-json\/wp\/v2\/categories?post=2131"},{"taxonomy":"post_tag","embeddable":true,"href":"https:\/\/blogs.lasprovincias.es\/historiascondelantal\/wp-json\/wp\/v2\/tags?post=2131"}],"curies":[{"name":"wp","href":"https:\/\/api.w.org\/{rel}","templated":true}]}}