{"id":2170,"date":"2014-05-31T07:10:33","date_gmt":"2014-05-31T07:10:33","guid":{"rendered":"http:\/\/blogs.lasprovincias.es\/historiascondelantal\/?p=2170"},"modified":"2014-05-31T07:10:33","modified_gmt":"2014-05-31T07:10:33","slug":"el-show-de-la-croqueta","status":"publish","type":"post","link":"https:\/\/blogs.lasprovincias.es\/historiascondelantal\/2014\/05\/31\/el-show-de-la-croqueta\/","title":{"rendered":"EL SHOW DE LA CROQUETA"},"content":{"rendered":"<p>Buenas tardes, buenas noches, buenos d\u00edas.\u00a0 Sea la hora que sea, est\u00e1 usted ya en el <span style=\"color: #000000; font-size: medium;\"><strong>Teatro Imaginario del Pa\u00eds de las Gastrosof\u00edas<\/strong><\/span>. Tomen asiento y disfruten. Abrimos el tel\u00f3n.<\/p>\n<p style=\"text-align: center;\"><a href=\"\/historiascondelantal\/wp-content\/uploads\/sites\/18\/2014\/05\/IMG_63641.jpg\"><img loading=\"lazy\" class=\"wp-image-2211 aligncenter\" title=\"Processed with Rookie\" src=\"\/historiascondelantal\/wp-content\/uploads\/sites\/18\/2014\/05\/IMG_63641.jpg\" alt=\"\" width=\"721\" height=\"502\" srcset=\"https:\/\/static-blogs.lasprovincias.es\/wp-content\/uploads\/sites\/18\/2014\/05\/IMG_63641.jpg 1600w, https:\/\/static-blogs.lasprovincias.es\/wp-content\/uploads\/sites\/18\/2014\/05\/IMG_63641-300x209.jpg 300w, https:\/\/static-blogs.lasprovincias.es\/wp-content\/uploads\/sites\/18\/2014\/05\/IMG_63641-768x535.jpg 768w, https:\/\/static-blogs.lasprovincias.es\/wp-content\/uploads\/sites\/18\/2014\/05\/IMG_63641-1024x713.jpg 1024w\" sizes=\"(max-width: 721px) 100vw, 721px\" \/><\/a><\/p>\n<p style=\"text-align: right;\">\u00a0<strong><span style=\"color: #800080;\"> <a href=\"https:\/\/twitter.com\/JesusTrelis\" data-lang=\"es\" data-show-count=\"false\" rel=\"external nofollow\"><span style=\"color: #800080;\">Seguir a m\u00edster Cooking: @JesusTrelis<\/span><\/a><\/span><\/strong><\/p>\n<p>En el escenario, una mesa. Sobre ella, una historia repleta de enredos y enamoramientos, maravillas emplatadas y poemas sazonados. So\u00f1adoras y so\u00f1adores,\u00a0 con todos ustedes, desde el coraz\u00f3n de<strong><span style=\"color: #ff6600;\"> El Poblet<\/span><\/strong> y con el alma de <strong><span style=\"color: #808000;\">El Portal<\/span><\/strong>:<\/p>\n<p><!--more--><\/p>\n<p><a href=\"\/historiascondelantal\/wp-content\/uploads\/sites\/18\/2014\/05\/IMG_6368.jpg\"><img loading=\"lazy\" class=\"wp-image-2175 alignnone\" title=\"Processed with Rookie\" src=\"\/historiascondelantal\/wp-content\/uploads\/sites\/18\/2014\/05\/IMG_6368.jpg\" alt=\"\" width=\"516\" height=\"717\" srcset=\"https:\/\/static-blogs.lasprovincias.es\/wp-content\/uploads\/sites\/18\/2014\/05\/IMG_6368.jpg 1152w, https:\/\/static-blogs.lasprovincias.es\/wp-content\/uploads\/sites\/18\/2014\/05\/IMG_6368-216x300.jpg 216w, https:\/\/static-blogs.lasprovincias.es\/wp-content\/uploads\/sites\/18\/2014\/05\/IMG_6368-768x1067.jpg 768w, https:\/\/static-blogs.lasprovincias.es\/wp-content\/uploads\/sites\/18\/2014\/05\/IMG_6368-737x1024.jpg 737w\" sizes=\"(max-width: 516px) 100vw, 516px\" \/><\/a><\/p>\n<address>\u00a0<span style=\"font-size: medium;\"><sup><strong>Una historia basada en hechos reales<\/strong><\/sup><\/span><\/address>\n<address style=\"text-align: left;\"><span style=\"font-size: medium;\"><sup><em>#cuatro manos El Poblet\/El Portal de Echaurren (26 de mayo de 2014)<\/em><\/sup><\/span><\/address>\n<address style=\"text-align: left;\">\u00a0<\/address>\n<p><span style=\"color: #ff6600;\"><strong>\u2022\u00a0<strong>\u2192\u00a0<\/strong><\/strong><\/span>Con la chaquetilla de los de casa, <strong><span style=\"color: #ff6600;\">a la sombra del gran capit\u00e1n<\/span><\/strong> <strong>Quique Dacosta<\/strong>, <strong><span style=\"color: #ff6600;\">un tr\u00edo de ases<\/span><\/strong>: <strong>Germ\u00e1n Carrizo<\/strong> y <strong>Carito Louren\u00e7o<\/strong> (entre platos)\u00a0 y <strong>Manuela Romeralo<\/strong> (liberando brebajes m\u00e1gicos y coordinando el juego). \u00a0Y claro, el grand\u00edsimo equipo de <span style=\"text-decoration: underline;\"><strong><span style=\"color: #ff6600; text-decoration: underline;\">EL POBLET<\/span><\/strong><\/span> (sus platos los ver\u00e1s en naranja- molt valenci\u00e0).<\/p>\n<p style=\"text-align: center;\"><a href=\"\/historiascondelantal\/wp-content\/uploads\/sites\/18\/2014\/05\/IMG_6401.jpg\"><img loading=\"lazy\" class=\"wp-image-2174 aligncenter\" title=\"Processed with Rookie\" src=\"\/historiascondelantal\/wp-content\/uploads\/sites\/18\/2014\/05\/IMG_6401.jpg\" alt=\"\" width=\"514\" height=\"514\" srcset=\"https:\/\/static-blogs.lasprovincias.es\/wp-content\/uploads\/sites\/18\/2014\/05\/IMG_6401.jpg 612w, https:\/\/static-blogs.lasprovincias.es\/wp-content\/uploads\/sites\/18\/2014\/05\/IMG_6401-150x150.jpg 150w, https:\/\/static-blogs.lasprovincias.es\/wp-content\/uploads\/sites\/18\/2014\/05\/IMG_6401-300x300.jpg 300w\" sizes=\"(max-width: 514px) 100vw, 514px\" \/><\/a><\/p>\n<p style=\"text-align: left;\"><span style=\"color: #808000;\">\u2022\u00a0\u2192\u00a0<\/span>Con el delantal de los invitados, <strong><span style=\"color: #808000;\">el admirado<\/span><\/strong> <strong>Francis Paniego<\/strong>, <strong><span style=\"color: #808000;\">que lleg\u00f3 impregnado de la sabidur\u00eda de su madre\u00a0 (<span style=\"color: #000000;\">Marisa S\u00e1nchez<\/span>,<a href=\"https:\/\/blogs.lasprovincias.es\/historiascondelantal\/2014\/05\/03\/la-madre-de-todos-los-chefs\/\" target=\"_blank\"> \u00bfte acuerdas de ella?<\/a>) y la inspiraci\u00f3n de su chica (y esposa)\u00a0<\/span>Luisa Barrachina. <\/strong>Con los vinos, <strong>Alex<\/strong>, y en la cocina&#8230; otro gran equipo bajo el emblema de <span style=\"text-decoration: underline;\"><strong><span style=\"color: #808000; text-decoration: underline;\">EL PORTAL<\/span><\/strong><\/span> de Echaurren (sus referencias y platos los ver\u00e1s en verde, como el valle de Echaurren).<\/p>\n<p style=\"text-align: center;\"><a href=\"\/historiascondelantal\/wp-content\/uploads\/sites\/18\/2014\/05\/IMG_6400.jpg\"><img loading=\"lazy\" class=\"wp-image-2173 aligncenter\" title=\"Processed with Rookie\" src=\"\/historiascondelantal\/wp-content\/uploads\/sites\/18\/2014\/05\/IMG_6400.jpg\" alt=\"\" width=\"514\" height=\"514\" srcset=\"https:\/\/static-blogs.lasprovincias.es\/wp-content\/uploads\/sites\/18\/2014\/05\/IMG_6400.jpg 612w, https:\/\/static-blogs.lasprovincias.es\/wp-content\/uploads\/sites\/18\/2014\/05\/IMG_6400-150x150.jpg 150w, https:\/\/static-blogs.lasprovincias.es\/wp-content\/uploads\/sites\/18\/2014\/05\/IMG_6400-300x300.jpg 300w\" sizes=\"(max-width: 514px) 100vw, 514px\" \/><\/a><\/p>\n<p>\u00a0Ante ellos, <strong>una platea entregada<\/strong>, repleta de rostros conocidos -hola Bernd, hola Bel\u00e9n; hola Sergio, hola Terr\u00e9s- y dispuesta a dejarse querer y caer rendidos ante los irresistibles encantos de las <strong><span style=\"color: #808000;\">chicas croqueta<\/span><\/strong> y de los arroces que quer\u00edan ser cerezos, de las <strong><span style=\"color: #ff6600;\">ostras fritas<\/span><\/strong> que recitan versos y del gran circo de los melocotones fortachones.<\/p>\n<p><a href=\"\/historiascondelantal\/wp-content\/uploads\/sites\/18\/2014\/05\/IMG_6355.jpg\"><img loading=\"lazy\" class=\"wp-image-2176 aligncenter\" title=\"Processed with Rookie\" src=\"\/historiascondelantal\/wp-content\/uploads\/sites\/18\/2014\/05\/IMG_6355.jpg\" alt=\"\" width=\"614\" height=\"461\" srcset=\"https:\/\/static-blogs.lasprovincias.es\/wp-content\/uploads\/sites\/18\/2014\/05\/IMG_6355.jpg 1600w, https:\/\/static-blogs.lasprovincias.es\/wp-content\/uploads\/sites\/18\/2014\/05\/IMG_6355-300x225.jpg 300w, https:\/\/static-blogs.lasprovincias.es\/wp-content\/uploads\/sites\/18\/2014\/05\/IMG_6355-768x576.jpg 768w, https:\/\/static-blogs.lasprovincias.es\/wp-content\/uploads\/sites\/18\/2014\/05\/IMG_6355-1024x768.jpg 1024w\" sizes=\"(max-width: 614px) 100vw, 614px\" \/><\/a><\/p>\n<p style=\"text-align: center;\">Con ustedes,vestido como para ir de gala\u2026. el esp\u00eda m\u00e1s famoso del pa\u00eds de las Gastrosof\u00edas:<\/p>\n<p style=\"text-align: center;\"><span style=\"font-size: medium;\"><strong>M\u00edster Cookiiiiiiing\u2026 el <span style=\"color: #808080; font-size: x-large;\">Show de la Croqueta<\/span> y el <span style=\"color: #808080;\">Men\u00fa de la Felicidad<\/span><\/strong><\/span><\/p>\n<p>&nbsp;<\/p>\n<p><iframe loading=\"lazy\" src=\"\/\/www.youtube.com\/embed\/2oT96SAvFPg\" frameborder=\"0\" width=\"750\" height=\"423\"><\/iframe><\/p>\n<address>\u00a0<\/address>\n<address>\u00a0<\/address>\n<address>En este video he utilizado dos fotograf\u00edas que pertenecen a Quique Dacosta y a Germ\u00e1n Carrizo. Extra\u00eddas de sus redes sociales. Que quede dicho \ud83d\ude42<\/address>\n<p style=\"text-align: center;\"><strong><span style=\"font-size: medium;\"><span style=\"text-decoration: underline;\"><span style=\"color: #808000; text-decoration: underline;\">LAS CHICAS CROQUETA<\/span><\/span><\/span><\/strong><\/p>\n<p>Un mar de luces ilumin\u00f3 el escenario. <em>\u201cSean todos bienvenidos\u201d<\/em>, solt\u00f3 una voz chiripitifl\u00e1utica desde el escenario. La orquesta comenz\u00f3 a hacer sonar los dobles de tambor y aparecieron ellas, sobre una carroza de cristal. Sonaron aplausos y los flashes empezaron a estallar:<\/p>\n<p style=\"text-align: center;\"><span style=\"color: #808000;\"><strong><em>\u201cYa estamos aqu\u00ed, ya estamos se\u00f1or, las chicas croqueta somos un primor\u2026\u201d<\/em><\/strong><\/span><\/p>\n<p>&nbsp;<\/p>\n<p style=\"text-align: center;\"><a href=\"\/historiascondelantal\/wp-content\/uploads\/sites\/18\/2014\/05\/IMG_6326.jpg\"><img loading=\"lazy\" class=\"aligncenter  wp-image-2177\" title=\"IMG_6326\" src=\"\/historiascondelantal\/wp-content\/uploads\/sites\/18\/2014\/05\/IMG_6326.jpg\" alt=\"\" width=\"614\" height=\"614\" srcset=\"https:\/\/static-blogs.lasprovincias.es\/wp-content\/uploads\/sites\/18\/2014\/05\/IMG_6326.jpg 1024w, https:\/\/static-blogs.lasprovincias.es\/wp-content\/uploads\/sites\/18\/2014\/05\/IMG_6326-150x150.jpg 150w, https:\/\/static-blogs.lasprovincias.es\/wp-content\/uploads\/sites\/18\/2014\/05\/IMG_6326-300x300.jpg 300w, https:\/\/static-blogs.lasprovincias.es\/wp-content\/uploads\/sites\/18\/2014\/05\/IMG_6326-768x768.jpg 768w\" sizes=\"(max-width: 614px) 100vw, 614px\" \/><\/a><span style=\"color: #808080;\">Fant\u00e1stica foto propiedad de Quique Dacosta.<\/span><\/p>\n<p><em>\u201cQu\u00e9 guapo te has puesto, Cooking\u201d<\/em>, me dijo una de las croquetas. No pod\u00eda ser de otra forma&#8230; <em>\u201cPens\u00e9 en colocarme pajarita, pero era demasiado llamativo para un esp\u00eda<\/em>\u201d, le respond\u00ed. Ella me sonri\u00f3 desde la carroza de cristal y, de forma irremediable, <strong><span style=\"color: #808000;\">empec\u00e9 a com\u00e9rmela a besos.<\/span><\/strong><\/p>\n<p style=\"text-align: center;\"><a href=\"\/historiascondelantal\/wp-content\/uploads\/sites\/18\/2014\/05\/IMG_2786.jpg\"><img loading=\"lazy\" class=\"aligncenter  wp-image-2178\" title=\"IMG_2786\" src=\"\/historiascondelantal\/wp-content\/uploads\/sites\/18\/2014\/05\/IMG_2786.jpg\" alt=\"\" width=\"574\" height=\"430\" srcset=\"https:\/\/static-blogs.lasprovincias.es\/wp-content\/uploads\/sites\/18\/2014\/05\/IMG_2786.jpg 1600w, https:\/\/static-blogs.lasprovincias.es\/wp-content\/uploads\/sites\/18\/2014\/05\/IMG_2786-300x225.jpg 300w, https:\/\/static-blogs.lasprovincias.es\/wp-content\/uploads\/sites\/18\/2014\/05\/IMG_2786-768x576.jpg 768w, https:\/\/static-blogs.lasprovincias.es\/wp-content\/uploads\/sites\/18\/2014\/05\/IMG_2786-1024x768.jpg 1024w\" sizes=\"(max-width: 574px) 100vw, 574px\" \/><\/a><a href=\"\/historiascondelantal\/wp-content\/uploads\/sites\/18\/2014\/05\/IMG_2787.jpg\"><img loading=\"lazy\" class=\"aligncenter  wp-image-2179\" title=\"IMG_2787\" src=\"\/historiascondelantal\/wp-content\/uploads\/sites\/18\/2014\/05\/IMG_2787.jpg\" alt=\"\" width=\"573\" height=\"430\" srcset=\"https:\/\/static-blogs.lasprovincias.es\/wp-content\/uploads\/sites\/18\/2014\/05\/IMG_2787.jpg 1600w, https:\/\/static-blogs.lasprovincias.es\/wp-content\/uploads\/sites\/18\/2014\/05\/IMG_2787-300x225.jpg 300w, https:\/\/static-blogs.lasprovincias.es\/wp-content\/uploads\/sites\/18\/2014\/05\/IMG_2787-768x576.jpg 768w, https:\/\/static-blogs.lasprovincias.es\/wp-content\/uploads\/sites\/18\/2014\/05\/IMG_2787-1024x768.jpg 1024w\" sizes=\"(max-width: 573px) 100vw, 573px\" \/><\/a><\/p>\n<p>El techo de El Poblet se abri\u00f3 en dos, la gloria nos conquist\u00f3 y nos sentimos flotar por un fascinante mundo en el que las croquetas de Paniego eran las reinas y a su alrededor afloraban historias incre\u00edbles y personajes fascinantes. <span style=\"color: #808000;\"><strong>Ellas nos hab\u00edan trasladado al Ed\u00e9n<\/strong><\/span>.<\/p>\n<p><a href=\"\/historiascondelantal\/wp-content\/uploads\/sites\/18\/2014\/05\/IMG_2783.jpg\"><img loading=\"lazy\" class=\"aligncenter  wp-image-2180\" title=\"IMG_2783\" src=\"\/historiascondelantal\/wp-content\/uploads\/sites\/18\/2014\/05\/IMG_2783.jpg\" alt=\"\" width=\"502\" height=\"377\" srcset=\"https:\/\/static-blogs.lasprovincias.es\/wp-content\/uploads\/sites\/18\/2014\/05\/IMG_2783.jpg 1600w, https:\/\/static-blogs.lasprovincias.es\/wp-content\/uploads\/sites\/18\/2014\/05\/IMG_2783-300x225.jpg 300w, https:\/\/static-blogs.lasprovincias.es\/wp-content\/uploads\/sites\/18\/2014\/05\/IMG_2783-768x576.jpg 768w, https:\/\/static-blogs.lasprovincias.es\/wp-content\/uploads\/sites\/18\/2014\/05\/IMG_2783-1024x768.jpg 1024w\" sizes=\"(max-width: 502px) 100vw, 502px\" \/><\/a><a href=\"\/historiascondelantal\/wp-content\/uploads\/sites\/18\/2014\/05\/IMG_2777.jpg\"><img loading=\"lazy\" class=\"aligncenter  wp-image-2181\" title=\"IMG_2777\" src=\"\/historiascondelantal\/wp-content\/uploads\/sites\/18\/2014\/05\/IMG_2777.jpg\" alt=\"\" width=\"491\" height=\"369\" srcset=\"https:\/\/static-blogs.lasprovincias.es\/wp-content\/uploads\/sites\/18\/2014\/05\/IMG_2777.jpg 1600w, https:\/\/static-blogs.lasprovincias.es\/wp-content\/uploads\/sites\/18\/2014\/05\/IMG_2777-300x225.jpg 300w, https:\/\/static-blogs.lasprovincias.es\/wp-content\/uploads\/sites\/18\/2014\/05\/IMG_2777-768x576.jpg 768w, https:\/\/static-blogs.lasprovincias.es\/wp-content\/uploads\/sites\/18\/2014\/05\/IMG_2777-1024x768.jpg 1024w\" sizes=\"(max-width: 491px) 100vw, 491px\" \/><\/a><\/p>\n<p style=\"text-align: center;\"><span style=\"text-decoration: underline; font-size: medium; color: #ff6600;\"><span style=\"text-decoration: underline;\"><strong>ELVIS EL ERIZO Y LOS NIDOS DE GOLONDRINA<\/strong><\/span><\/span><\/p>\n<p>En aquel escenario convertido en para\u00edso brotaron<span style=\"color: #000000;\"> bosques de l\u00edquenes<\/span> repletos de nidos de golondrina&#8230;<\/p>\n<p>&#8211;<span style=\"color: #ff6600;\"><strong>Arbolillos de l\u00edquenes<\/strong><\/span> que cuando los mord\u00edas te hac\u00edan crujir hasta el cerebro, desatando en ese instante una escalada de sensaciones gustativas.<\/p>\n<p style=\"text-align: center;\"><a href=\"\/historiascondelantal\/wp-content\/uploads\/sites\/18\/2014\/05\/IMG_28011.jpg\"><img loading=\"lazy\" class=\"wp-image-2184 aligncenter\" title=\"IMG_2801\" src=\"\/historiascondelantal\/wp-content\/uploads\/sites\/18\/2014\/05\/IMG_28011.jpg\" alt=\"\" width=\"688\" height=\"382\" srcset=\"https:\/\/static-blogs.lasprovincias.es\/wp-content\/uploads\/sites\/18\/2014\/05\/IMG_28011.jpg 1600w, https:\/\/static-blogs.lasprovincias.es\/wp-content\/uploads\/sites\/18\/2014\/05\/IMG_28011-300x167.jpg 300w, https:\/\/static-blogs.lasprovincias.es\/wp-content\/uploads\/sites\/18\/2014\/05\/IMG_28011-768x426.jpg 768w, https:\/\/static-blogs.lasprovincias.es\/wp-content\/uploads\/sites\/18\/2014\/05\/IMG_28011-1024x568.jpg 1024w\" sizes=\"(max-width: 688px) 100vw, 688px\" \/><\/a><\/p>\n<p>\u00a0&#8211;<strong><span style=\"color: #ff6600;\">Nidos de golondrina<\/span><span style=\"color: #ff6600;\">s<\/span><\/strong> que, cuando los pruebas, descubres que son puro coraz\u00f3n de trufa. Y s\u00ed, entonces, te salen alas, y sales volando\u2026<\/p>\n<p>Aqu\u00ed siempre estamos flotando. Y llorando de felicidad.<\/p>\n<p><a href=\"\/historiascondelantal\/wp-content\/uploads\/sites\/18\/2014\/05\/IMG_2802.jpg\"><img loading=\"lazy\" class=\"wp-image-2182 aligncenter\" title=\"IMG_2802\" src=\"\/historiascondelantal\/wp-content\/uploads\/sites\/18\/2014\/05\/IMG_2802.jpg\" alt=\"\" width=\"614\" height=\"338\" srcset=\"https:\/\/static-blogs.lasprovincias.es\/wp-content\/uploads\/sites\/18\/2014\/05\/IMG_2802.jpg 1571w, https:\/\/static-blogs.lasprovincias.es\/wp-content\/uploads\/sites\/18\/2014\/05\/IMG_2802-300x165.jpg 300w, https:\/\/static-blogs.lasprovincias.es\/wp-content\/uploads\/sites\/18\/2014\/05\/IMG_2802-768x423.jpg 768w, https:\/\/static-blogs.lasprovincias.es\/wp-content\/uploads\/sites\/18\/2014\/05\/IMG_2802-1024x564.jpg 1024w\" sizes=\"(max-width: 614px) 100vw, 614px\" \/><\/a><\/p>\n<p style=\"text-align: center;\"><a href=\"\/historiascondelantal\/wp-content\/uploads\/sites\/18\/2014\/05\/IMG_2825.jpg\"><img loading=\"lazy\" class=\"wp-image-2212 aligncenter\" title=\"IMG_2825\" src=\"\/historiascondelantal\/wp-content\/uploads\/sites\/18\/2014\/05\/IMG_2825.jpg\" alt=\"\" width=\"574\" height=\"430\" srcset=\"https:\/\/static-blogs.lasprovincias.es\/wp-content\/uploads\/sites\/18\/2014\/05\/IMG_2825.jpg 1600w, https:\/\/static-blogs.lasprovincias.es\/wp-content\/uploads\/sites\/18\/2014\/05\/IMG_2825-300x225.jpg 300w, https:\/\/static-blogs.lasprovincias.es\/wp-content\/uploads\/sites\/18\/2014\/05\/IMG_2825-768x576.jpg 768w, https:\/\/static-blogs.lasprovincias.es\/wp-content\/uploads\/sites\/18\/2014\/05\/IMG_2825-1024x768.jpg 1024w\" sizes=\"(max-width: 574px) 100vw, 574px\" \/><\/a><\/p>\n<p style=\"text-align: left;\">En medio de aquel nirvana, apareci\u00f3 algo rechoncho y vestido con un traje de lentejuelas verde-profundo-mar, el mism\u00edsimo <strong><span style=\"color: #ff6600;\">Elvis de los Oc\u00e9anos<\/span><\/strong>. Un erizo que dej\u00f3 de serlo para convertirse de nuevo en erizo. S\u00ed, una loca historia pero real.\u00a0 A lo Quique Dacosta<a href=\"https:\/\/blogs.lasprovincias.es\/historiascondelantal\/2014\/04\/25\/quique-dacosta-cocinero-de-fabulas\/\" target=\"_blank\"> (no en vano es el Gran Fabulador \u00bfrecuerdas?<\/a>) Un erizo que cuando te lo comes desata un oleaje de sensaciones. Puzzle de sabores y texturas de una inexplicable f\u00e1bula. Puro <strong>Rock &#038; Roll<\/strong> con sello mediterr\u00e9aneo. Un juego divertido&#8230;<\/p>\n<p style=\"text-align: center;\"><a href=\"\/historiascondelantal\/wp-content\/uploads\/sites\/18\/2014\/05\/IMG_6393.jpg\"><img loading=\"lazy\" class=\"wp-image-2185 aligncenter\" title=\"IMG_6393\" src=\"\/historiascondelantal\/wp-content\/uploads\/sites\/18\/2014\/05\/IMG_6393.jpg\" alt=\"\" width=\"490\" height=\"490\" srcset=\"https:\/\/static-blogs.lasprovincias.es\/wp-content\/uploads\/sites\/18\/2014\/05\/IMG_6393.jpg 612w, https:\/\/static-blogs.lasprovincias.es\/wp-content\/uploads\/sites\/18\/2014\/05\/IMG_6393-150x150.jpg 150w, https:\/\/static-blogs.lasprovincias.es\/wp-content\/uploads\/sites\/18\/2014\/05\/IMG_6393-300x300.jpg 300w\" sizes=\"(max-width: 490px) 100vw, 490px\" \/><\/a> <a href=\"\/historiascondelantal\/wp-content\/uploads\/sites\/18\/2014\/05\/IMG_2795.jpg\"><img loading=\"lazy\" class=\"wp-image-2213 aligncenter\" title=\"IMG_2795\" src=\"\/historiascondelantal\/wp-content\/uploads\/sites\/18\/2014\/05\/IMG_2795.jpg\" alt=\"\" width=\"717\" height=\"538\" srcset=\"https:\/\/static-blogs.lasprovincias.es\/wp-content\/uploads\/sites\/18\/2014\/05\/IMG_2795.jpg 1600w, https:\/\/static-blogs.lasprovincias.es\/wp-content\/uploads\/sites\/18\/2014\/05\/IMG_2795-300x225.jpg 300w, https:\/\/static-blogs.lasprovincias.es\/wp-content\/uploads\/sites\/18\/2014\/05\/IMG_2795-768x576.jpg 768w, https:\/\/static-blogs.lasprovincias.es\/wp-content\/uploads\/sites\/18\/2014\/05\/IMG_2795-1024x768.jpg 1024w\" sizes=\"(max-width: 717px) 100vw, 717px\" \/><\/a><\/p>\n<p><strong><span style=\"color: #ff6600;\"><em>\u201cVamos a tocar un rock and roll en la plaza Dacosta\u2026 Vamos a tocar un rock and roll con sabor a ultra maaaar\u2026\u201d<\/em><\/span><\/strong> Empec\u00e9 a canturrear esa cancioncilla con poco acierto en mitad del espect\u00e1culo. De hecho, empez\u00f3 a llover. Eso s\u00ed, un sirimiri de vino y champ\u00e1n servido por la Gran Dama de La Sala. \u00a0<strong>Inigualable y fascinante Manuela<\/strong>. Pura profesionalidad. La mujer que trasmite respeto en el sector, que sabe hacer y que te hace f\u00e1cil el estar.<\/p>\n<p><a href=\"\/historiascondelantal\/wp-content\/uploads\/sites\/18\/2014\/05\/IMG_3093.jpg\"><img loading=\"lazy\" class=\"wp-image-2186 aligncenter\" title=\"IMG_3093\" src=\"\/historiascondelantal\/wp-content\/uploads\/sites\/18\/2014\/05\/IMG_3093.jpg\" alt=\"\" width=\"614\" height=\"455\" srcset=\"https:\/\/static-blogs.lasprovincias.es\/wp-content\/uploads\/sites\/18\/2014\/05\/IMG_3093.jpg 1196w, https:\/\/static-blogs.lasprovincias.es\/wp-content\/uploads\/sites\/18\/2014\/05\/IMG_3093-300x222.jpg 300w, https:\/\/static-blogs.lasprovincias.es\/wp-content\/uploads\/sites\/18\/2014\/05\/IMG_3093-768x569.jpg 768w, https:\/\/static-blogs.lasprovincias.es\/wp-content\/uploads\/sites\/18\/2014\/05\/IMG_3093-1024x759.jpg 1024w\" sizes=\"(max-width: 614px) 100vw, 614px\" \/><\/a><\/p>\n<p style=\"text-align: center;\"><strong><span style=\"text-decoration: underline;\"><span style=\"color: #808000; font-size: medium; text-decoration: underline;\">EL NI\u00d1O, EL MAGO Y VIEJO SABIO<\/span><\/span><\/strong><\/p>\n<p>La maravillosa lluvia de <strong>Pierre Moncuit Hougues de Coulmet<\/strong> (\u00a1toma ya!) empez\u00f3 a hacer brotar por todos los lados riachuelos de brebajes maravillosos. R\u00edos de champ\u00e1n que hicieron brotar un hermoso manantial sobre el que apareci\u00f3 el mago Paniego haciendo conjuros y otras chifladuras ingeniosas. (Como si fuera <strong>Panor\u00e1mix,<\/strong> cuando era joven). Fue en ese instante en el que el manantial se convirti\u00f3 en <strong><span style=\"color: #808000;\">el lago de las tres vidas<\/span><\/strong>. El ni\u00f1o, el mago y el viejo sabio.<\/p>\n<p><a href=\"\/historiascondelantal\/wp-content\/uploads\/sites\/18\/2014\/05\/IMG_2842.jpg\"><img loading=\"lazy\" class=\"wp-image-2188 aligncenter\" title=\"IMG_2842\" src=\"\/historiascondelantal\/wp-content\/uploads\/sites\/18\/2014\/05\/IMG_2842.jpg\" alt=\"\" width=\"717\" height=\"525\" srcset=\"https:\/\/static-blogs.lasprovincias.es\/wp-content\/uploads\/sites\/18\/2014\/05\/IMG_2842.jpg 1558w, https:\/\/static-blogs.lasprovincias.es\/wp-content\/uploads\/sites\/18\/2014\/05\/IMG_2842-300x220.jpg 300w, https:\/\/static-blogs.lasprovincias.es\/wp-content\/uploads\/sites\/18\/2014\/05\/IMG_2842-768x563.jpg 768w, https:\/\/static-blogs.lasprovincias.es\/wp-content\/uploads\/sites\/18\/2014\/05\/IMG_2842-1024x751.jpg 1024w\" sizes=\"(max-width: 717px) 100vw, 717px\" \/><\/a><\/p>\n<p>Vi junto al manantial a un peque\u00f1o que jugaba con el aire de leche de oveja ahumada; \u00a0a un mago, entre glaciares de hierbabuena, y a un viejo sabio que hac\u00eda castillos con polvo de foie, que en verdad sab\u00eda a steak-tartar y que desataba las alarmas del placer. \u00a0Sue\u00f1os, recuerdos y futuro ante el lago de Francis.<\/p>\n<p><a href=\"\/historiascondelantal\/wp-content\/uploads\/sites\/18\/2014\/05\/IMG_6395.jpg\"><img loading=\"lazy\" class=\"wp-image-2189 aligncenter\" title=\"IMG_6395\" src=\"\/historiascondelantal\/wp-content\/uploads\/sites\/18\/2014\/05\/IMG_6395.jpg\" alt=\"\" width=\"600\" height=\"450\" srcset=\"https:\/\/static-blogs.lasprovincias.es\/wp-content\/uploads\/sites\/18\/2014\/05\/IMG_6395.jpg 1000w, https:\/\/static-blogs.lasprovincias.es\/wp-content\/uploads\/sites\/18\/2014\/05\/IMG_6395-300x225.jpg 300w, https:\/\/static-blogs.lasprovincias.es\/wp-content\/uploads\/sites\/18\/2014\/05\/IMG_6395-768x576.jpg 768w\" sizes=\"(max-width: 600px) 100vw, 600px\" \/><\/a><\/p>\n<p style=\"text-align: center;\"><span style=\"text-decoration: underline; font-size: medium;\"><span style=\"color: #ff6600; text-decoration: underline;\"><strong>EL DRAG\u00d3N DE TOMATE<\/strong><\/span><\/span><\/p>\n<p>En mitad de la penumbra, un drag\u00f3n cruz\u00f3 el cielo y lanz\u00f3 un chorro de fuego. Sobre \u00e9l iba Germ\u00e1n Carrizo, convertido -como no- en hechicero. (Aqu\u00ed todos son alquimistas). Llen\u00f3 de humo el teatro y <span style=\"color: #ff6600;\"><strong>el paisaje estall\u00f3 en rojos (ib\u00e9ricos) y en naranjas con reflejos de tomate<\/strong><\/span>. \u201c<em>\u00a1Callos de tomate!<\/em>\u201d, exclam\u00f3 con acento argentino. La f\u00e1bula hist\u00f3rica del capit\u00e1n Dacosta tom\u00f3 la escena. De nuevo est\u00e1bamos ante ellos, tanto tiempo despu\u00e9s: garbanzos que eran pero que no lo eran, callos que eran pero que no lo eran, tomate que era pero que no lo era\u2026. El escenario enrojeci\u00f3, los lobos aullaron y el p\u00fablico aplaudi\u00f3 a rabiar.<\/p>\n<p><a><img loading=\"lazy\" class=\"wp-image-2192 aligncenter\" title=\"IMG_2857\" src=\"\/historiascondelantal\/wp-content\/uploads\/sites\/18\/2014\/05\/IMG_2857.jpg\" alt=\"\" width=\"505\" height=\"614\" srcset=\"https:\/\/static-blogs.lasprovincias.es\/wp-content\/uploads\/sites\/18\/2014\/05\/IMG_2857.jpg 1200w, https:\/\/static-blogs.lasprovincias.es\/wp-content\/uploads\/sites\/18\/2014\/05\/IMG_2857-247x300.jpg 247w, https:\/\/static-blogs.lasprovincias.es\/wp-content\/uploads\/sites\/18\/2014\/05\/IMG_2857-768x933.jpg 768w, https:\/\/static-blogs.lasprovincias.es\/wp-content\/uploads\/sites\/18\/2014\/05\/IMG_2857-843x1024.jpg 843w\" sizes=\"(max-width: 505px) 100vw, 505px\" \/><\/a><\/p>\n<p style=\"text-align: center;\"><span style=\"font-size: medium; color: #808000;\"><strong><span style=\"text-decoration: underline;\">EL PEZ DE R\u00cdO QUE SO\u00d1\u00d3 CON EL MAR<\/span> (<span style=\"font-size: small;\"><em>Paniego dixit<\/em><\/span>)<\/strong><\/span><\/p>\n<p>Los focos se volvieron a encender y apareci\u00f3 ella: <span style=\"color: #808000;\"><strong>como un cisne negro en medio de un lago blanco repleto de nen\u00fafares y aromas a mar<\/strong>.<\/span> Un pez de r\u00edo que so\u00f1\u00f3 con el mar. Una trucha embrujada \u2013perd\u00f3n ahumada-, servida en carne viva \u2013perd\u00f3n en tartar- y que bailaba serena entre hermosos tules. (\u00bfk\u00e9fir? \u00bfyogurt con pepino? No s\u00e9. Hab\u00eda junto al tartar un frescor y una untuosidad c\u00e9lebre coronada con un juego muy estudiado de hierbas y algas que aportaban el punto de sal). Como la mejor danza cl\u00e1sica, pura emoci\u00f3n culinaria. Un plato de esos de los que me llevo a mi colecci\u00f3n de <strong><span style=\"color: #808000;\">IMPRESCINDIBLES<\/span><\/strong>. (Manuela, el vi\u00f1a Tondonia blanco Reserva 1999 fue el complemento perfecto).<\/p>\n<p><a href=\"\/historiascondelantal\/wp-content\/uploads\/sites\/18\/2014\/05\/IMG_2877.jpg\"><img loading=\"lazy\" class=\"wp-image-2194 aligncenter\" title=\"IMG_2877\" src=\"\/historiascondelantal\/wp-content\/uploads\/sites\/18\/2014\/05\/IMG_2877.jpg\" alt=\"\" width=\"614\" height=\"461\" srcset=\"https:\/\/static-blogs.lasprovincias.es\/wp-content\/uploads\/sites\/18\/2014\/05\/IMG_2877.jpg 1600w, https:\/\/static-blogs.lasprovincias.es\/wp-content\/uploads\/sites\/18\/2014\/05\/IMG_2877-300x225.jpg 300w, https:\/\/static-blogs.lasprovincias.es\/wp-content\/uploads\/sites\/18\/2014\/05\/IMG_2877-768x576.jpg 768w, https:\/\/static-blogs.lasprovincias.es\/wp-content\/uploads\/sites\/18\/2014\/05\/IMG_2877-1024x768.jpg 1024w\" sizes=\"(max-width: 614px) 100vw, 614px\" \/><\/a><\/p>\n<p><a href=\"\/historiascondelantal\/wp-content\/uploads\/sites\/18\/2014\/05\/IMG_2874.jpg\"><img loading=\"lazy\" class=\"wp-image-2193 aligncenter\" title=\"IMG_2874\" src=\"\/historiascondelantal\/wp-content\/uploads\/sites\/18\/2014\/05\/IMG_2874.jpg\" alt=\"\" width=\"717\" height=\"255\" srcset=\"https:\/\/static-blogs.lasprovincias.es\/wp-content\/uploads\/sites\/18\/2014\/05\/IMG_2874.jpg 1555w, https:\/\/static-blogs.lasprovincias.es\/wp-content\/uploads\/sites\/18\/2014\/05\/IMG_2874-300x107.jpg 300w, https:\/\/static-blogs.lasprovincias.es\/wp-content\/uploads\/sites\/18\/2014\/05\/IMG_2874-768x273.jpg 768w, https:\/\/static-blogs.lasprovincias.es\/wp-content\/uploads\/sites\/18\/2014\/05\/IMG_2874-1024x364.jpg 1024w\" sizes=\"(max-width: 717px) 100vw, 717px\" \/><\/a><\/p>\n<p style=\"text-align: center;\">\u00a0<a href=\"\/historiascondelantal\/wp-content\/uploads\/sites\/18\/2014\/05\/IMG_2884.jpg\"><img loading=\"lazy\" class=\"wp-image-2195\" title=\"IMG_2884\" src=\"\/historiascondelantal\/wp-content\/uploads\/sites\/18\/2014\/05\/IMG_2884.jpg\" alt=\"\" width=\"614\" height=\"461\" srcset=\"https:\/\/static-blogs.lasprovincias.es\/wp-content\/uploads\/sites\/18\/2014\/05\/IMG_2884.jpg 1600w, https:\/\/static-blogs.lasprovincias.es\/wp-content\/uploads\/sites\/18\/2014\/05\/IMG_2884-300x225.jpg 300w, https:\/\/static-blogs.lasprovincias.es\/wp-content\/uploads\/sites\/18\/2014\/05\/IMG_2884-768x576.jpg 768w, https:\/\/static-blogs.lasprovincias.es\/wp-content\/uploads\/sites\/18\/2014\/05\/IMG_2884-1024x768.jpg 1024w\" sizes=\"(max-width: 614px) 100vw, 614px\" \/><\/a><\/p>\n<p style=\"text-align: center;\">\u00a0<span style=\"text-decoration: underline; color: #ff6600; font-size: medium;\"><strong>EL RAPE QUE CANT\u00d3 GOSPEL<\/strong><\/span><\/p>\n<p>Penumbra de nuevo. (Como un espect\u00e1culo a lo <strong>Valerio Lazarov<\/strong>) En la escena, su majestad <strong><span style=\"color: #ff6600;\">el Rape Negro<\/span><\/strong>. Un cantante de g\u00f3spel de tono extraordinario: un foie ligero y suave de h\u00edgado de rape sumergido en un lago de sabores trepidantes -una royal de crust\u00e1ceos-, de esos que te tomas a cucharadas intentando sacar m\u00e1s, y m\u00e1s. Como quien busca petr\u00f3leo. Un g\u00f3spel fant\u00e1stico\u00a0 en el que \u00a0peque\u00f1as c\u00e1psulas de cal\u00e7ots en tempura ofrec\u00edan un divertido contrapunto, dulz\u00f3n y crujiente. Apunta: maravilloso.<\/p>\n<p><img loading=\"lazy\" class=\"wp-image-2197 aligncenter\" title=\"IMG_6374\" src=\"\/historiascondelantal\/wp-content\/uploads\/sites\/18\/2014\/05\/IMG_6374.jpg\" alt=\"\" width=\"614\" height=\"461\" srcset=\"https:\/\/static-blogs.lasprovincias.es\/wp-content\/uploads\/sites\/18\/2014\/05\/IMG_6374.jpg 1600w, https:\/\/static-blogs.lasprovincias.es\/wp-content\/uploads\/sites\/18\/2014\/05\/IMG_6374-300x225.jpg 300w, https:\/\/static-blogs.lasprovincias.es\/wp-content\/uploads\/sites\/18\/2014\/05\/IMG_6374-768x576.jpg 768w, https:\/\/static-blogs.lasprovincias.es\/wp-content\/uploads\/sites\/18\/2014\/05\/IMG_6374-1024x768.jpg 1024w\" sizes=\"(max-width: 614px) 100vw, 614px\" \/><\/p>\n<p>&nbsp;<\/p>\n<p><a href=\"\/historiascondelantal\/wp-content\/uploads\/sites\/18\/2014\/05\/IMG_6382.jpg\"><img loading=\"lazy\" class=\"wp-image-2198 aligncenter\" title=\"IMG_6382\" src=\"\/historiascondelantal\/wp-content\/uploads\/sites\/18\/2014\/05\/IMG_6382.jpg\" alt=\"\" width=\"614\" height=\"461\" srcset=\"https:\/\/static-blogs.lasprovincias.es\/wp-content\/uploads\/sites\/18\/2014\/05\/IMG_6382.jpg 1600w, https:\/\/static-blogs.lasprovincias.es\/wp-content\/uploads\/sites\/18\/2014\/05\/IMG_6382-300x225.jpg 300w, https:\/\/static-blogs.lasprovincias.es\/wp-content\/uploads\/sites\/18\/2014\/05\/IMG_6382-768x576.jpg 768w, https:\/\/static-blogs.lasprovincias.es\/wp-content\/uploads\/sites\/18\/2014\/05\/IMG_6382-1024x768.jpg 1024w\" sizes=\"(max-width: 614px) 100vw, 614px\" \/><\/a><\/p>\n<p style=\"text-align: center;\"><span style=\"font-size: medium;\"><strong><span style=\"text-decoration: underline;\"><span style=\"color: #808000; text-decoration: underline;\">ASADURAS HEAVY METAL<\/span><\/span><\/strong><\/span><\/p>\n<p>Tras \u00e9l, sobre aquella mesa convertida en escenario, <strong><span style=\"color: #808000;\">una bestia bestial<\/span><\/strong>, un alarido de fuego y de sabor, una especie de mastod\u00f3ntico buey con cara de drag\u00f3n. Asaduras Heavy Metal. Pura esencia: h\u00edgado, comino, yema de codorniz (para dar untuosidad y brillo). <strong><span style=\"color: #808000;\">Atrevimiento sin milongas<\/span><\/strong>. Un sabor potente con matices de chocolate puro y una t\u00edmida galleta de s\u00e9samo intentando poner equilibrio esa rebeli\u00f3n de sabores. El Paniego m\u00e1s Canalla. La l\u00e1grima que estalla. Viaje a las entra\u00f1as. Estallido total. Conmoci\u00f3n y aplausos. \u00a0Para valientes. Yo soy algo cobarde\u2026 La verdad.<\/p>\n<p><a href=\"\/historiascondelantal\/wp-content\/uploads\/sites\/18\/2014\/05\/IMG_2919.jpg\"><img loading=\"lazy\" class=\"wp-image-2199 aligncenter\" title=\"IMG_2919\" src=\"\/historiascondelantal\/wp-content\/uploads\/sites\/18\/2014\/05\/IMG_2919.jpg\" alt=\"\" width=\"717\" height=\"356\" srcset=\"https:\/\/static-blogs.lasprovincias.es\/wp-content\/uploads\/sites\/18\/2014\/05\/IMG_2919.jpg 1587w, https:\/\/static-blogs.lasprovincias.es\/wp-content\/uploads\/sites\/18\/2014\/05\/IMG_2919-300x149.jpg 300w, https:\/\/static-blogs.lasprovincias.es\/wp-content\/uploads\/sites\/18\/2014\/05\/IMG_2919-768x382.jpg 768w, https:\/\/static-blogs.lasprovincias.es\/wp-content\/uploads\/sites\/18\/2014\/05\/IMG_2919-1024x510.jpg 1024w\" sizes=\"(max-width: 717px) 100vw, 717px\" \/><\/a><\/p>\n<p><iframe loading=\"lazy\" src=\"\/\/www.youtube.com\/embed\/EHs7Av5TZhQ\" frameborder=\"0\" width=\"625\" height=\"469\"><\/iframe><\/p>\n<p style=\"text-align: center;\"><span style=\"text-decoration: underline; font-size: medium;\"><strong><span style=\"color: #ff6600; text-decoration: underline;\">LA OSTRA QUE BAILA CLAQU\u00c9<\/span><\/strong><\/span><\/p>\n<p>Cuando todos suspir\u00e1bamos, llegaron ellas. Ostras fritas. Hijas de <strong>Tim Burton<\/strong>. (Ya te habl\u00e9 de ellas) Carrizo las visit\u00f3 de manera deliciosa y ellas salieron bailando claqu\u00e9 y cautivando al p\u00fablico en general. Cruj\u00edan en boca \u2013crack, crack, crack- y cada mordisco escond\u00eda un profundo sabor a sirena rebozada. <strong><span style=\"color: #ff6600;\">Versos de yodo que poco a poco escrib\u00edan poemas marineros<\/span><\/strong> (como de <strong>Rafa Alberti<\/strong>). Otra f\u00e1bula Dacosta que enamora. (Con La bota de manzanilla n\u00ba 42 para que suelte una lagrimita. I Love)<\/p>\n<p align=\"right\"><strong><span style=\"color: #808080;\"><em>Si mi voz muriera en tierra<\/em><\/span><\/strong><br \/>\n<strong><span style=\"color: #808080;\"><em> llevadla al nivel del mar<\/em><\/span><\/strong><br \/>\n<strong><span style=\"color: #808080;\"><em> y dejadla en la ribera.<\/em><\/span><\/strong><br \/>\n<strong><span style=\"color: #808080;\"><em> Llevadla al nivel del mar<\/em><\/span><\/strong><br \/>\n<strong><span style=\"color: #808080;\"><em> y nombradla capitana<\/em><\/span><\/strong><br \/>\n<strong><span style=\"color: #808080;\"><em> de un blanco bajel de guerra\u2026<\/em><\/span><\/strong><\/p>\n<p align=\"right\"><em><span style=\"font-size: medium;\">Rafael Alberti<\/span><\/em><\/p>\n<p>\u00a0<a href=\"\/historiascondelantal\/wp-content\/uploads\/sites\/18\/2014\/05\/IMG_2939.jpg\"><img loading=\"lazy\" class=\"wp-image-2201 aligncenter\" title=\"IMG_2939\" src=\"\/historiascondelantal\/wp-content\/uploads\/sites\/18\/2014\/05\/IMG_2939.jpg\" alt=\"\" width=\"655\" height=\"354\" srcset=\"https:\/\/static-blogs.lasprovincias.es\/wp-content\/uploads\/sites\/18\/2014\/05\/IMG_2939.jpg 1542w, https:\/\/static-blogs.lasprovincias.es\/wp-content\/uploads\/sites\/18\/2014\/05\/IMG_2939-300x162.jpg 300w, https:\/\/static-blogs.lasprovincias.es\/wp-content\/uploads\/sites\/18\/2014\/05\/IMG_2939-768x415.jpg 768w, https:\/\/static-blogs.lasprovincias.es\/wp-content\/uploads\/sites\/18\/2014\/05\/IMG_2939-1024x554.jpg 1024w\" sizes=\"(max-width: 655px) 100vw, 655px\" \/><\/a><\/p>\n<p><a href=\"\/historiascondelantal\/wp-content\/uploads\/sites\/18\/2014\/05\/IMG_2933.jpg\"><img loading=\"lazy\" class=\"wp-image-2200 aligncenter\" title=\"IMG_2933\" src=\"\/historiascondelantal\/wp-content\/uploads\/sites\/18\/2014\/05\/IMG_2933.jpg\" alt=\"\" width=\"574\" height=\"430\" srcset=\"https:\/\/static-blogs.lasprovincias.es\/wp-content\/uploads\/sites\/18\/2014\/05\/IMG_2933.jpg 1600w, https:\/\/static-blogs.lasprovincias.es\/wp-content\/uploads\/sites\/18\/2014\/05\/IMG_2933-300x225.jpg 300w, https:\/\/static-blogs.lasprovincias.es\/wp-content\/uploads\/sites\/18\/2014\/05\/IMG_2933-768x576.jpg 768w, https:\/\/static-blogs.lasprovincias.es\/wp-content\/uploads\/sites\/18\/2014\/05\/IMG_2933-1024x768.jpg 1024w\" sizes=\"(max-width: 574px) 100vw, 574px\" \/><\/a><\/p>\n<p style=\"text-align: center;\"><strong><span style=\"text-decoration: underline; font-size: medium;\"><span style=\"color: #808000; text-decoration: underline;\">LA \u00d3PERA DE LA CIGALA<\/span><\/span><\/strong><\/p>\n<p>Entre versos apareci\u00f3, otra hermosa sirena de mar sencillamente espectacular. Blanca, rosada\u2026 princesa Cigala. Hermosa dama coronada con la dulzura de la quinoa que le otorgaba al plato una majestuosidad especial. Como una esponja de mar. A su alrededor, como custodi\u00e1ndola cerezas y aguacates d\u00e1ndole br\u00edo y frescura. <span style=\"color: #808000;\"><strong>Como si emplat\u00e1ramos a Mar\u00eda Callas y nos cantara una hermosa Aria<\/strong><\/span>. Grande de nuevo, Paniego. M\u00e1s aplausos. Y m\u00e1s lagrimillas. Felicidad.<\/p>\n<p><img loading=\"lazy\" class=\"wp-image-2202 aligncenter\" title=\"IMG_2963\" src=\"\/historiascondelantal\/wp-content\/uploads\/sites\/18\/2014\/05\/IMG_2963.jpg\" alt=\"\" width=\"717\" height=\"538\" srcset=\"https:\/\/static-blogs.lasprovincias.es\/wp-content\/uploads\/sites\/18\/2014\/05\/IMG_2963.jpg 1600w, https:\/\/static-blogs.lasprovincias.es\/wp-content\/uploads\/sites\/18\/2014\/05\/IMG_2963-300x225.jpg 300w, https:\/\/static-blogs.lasprovincias.es\/wp-content\/uploads\/sites\/18\/2014\/05\/IMG_2963-768x576.jpg 768w, https:\/\/static-blogs.lasprovincias.es\/wp-content\/uploads\/sites\/18\/2014\/05\/IMG_2963-1024x768.jpg 1024w\" sizes=\"(max-width: 717px) 100vw, 717px\" \/><\/p>\n<p style=\"text-align: center;\"><span style=\"text-decoration: underline; font-size: medium;\"><strong><span style=\"color: #ff6600; text-decoration: underline;\">EL ARROZ QUE QUISO SER CEREZO<\/span><\/strong><\/span><\/p>\n<p>Se hizo el silencio. Una dama de blanco atraves\u00f3 el escenario. La mesa. Era un \u00e1ngel. Quiz\u00e1 un hada. Sac\u00f3 un saco diminuto y coloc\u00f3 lo que hab\u00eda en \u00e9l en el centro de la mesa. Un pu\u00f1ado de arroz. Lanz\u00f3 destellos sobre \u00e9l, despleg\u00f3 las alas y sali\u00f3 volando. Y del montoncito del cereal comenz\u00f3 a emanar un divino aroma a anguila. Al instante brotaron ramas diminutas que crec\u00edan. Y de ellas, cerezas de un color que parec\u00eda imposible. Como el tinto que nos serv\u00eda Manuela. (A Torna Dos Pasas 2011). Como el \u00e1ngel blanco, yo tambi\u00e9n me elev\u00e9.\u00a0 <strong><span style=\"color: #ff6600;\">Arroz con cerezas. Una divina provocaci\u00f3n.<\/span><\/strong><\/p>\n<p><a href=\"\/historiascondelantal\/wp-content\/uploads\/sites\/18\/2014\/05\/IMG_6336.jpg\"><img loading=\"lazy\" class=\"wp-image-2203 aligncenter\" title=\"IMG_6336\" src=\"\/historiascondelantal\/wp-content\/uploads\/sites\/18\/2014\/05\/IMG_6336.jpg\" alt=\"\" width=\"717\" height=\"538\" srcset=\"https:\/\/static-blogs.lasprovincias.es\/wp-content\/uploads\/sites\/18\/2014\/05\/IMG_6336.jpg 1600w, https:\/\/static-blogs.lasprovincias.es\/wp-content\/uploads\/sites\/18\/2014\/05\/IMG_6336-300x225.jpg 300w, https:\/\/static-blogs.lasprovincias.es\/wp-content\/uploads\/sites\/18\/2014\/05\/IMG_6336-768x576.jpg 768w, https:\/\/static-blogs.lasprovincias.es\/wp-content\/uploads\/sites\/18\/2014\/05\/IMG_6336-1024x768.jpg 1024w\" sizes=\"(max-width: 717px) 100vw, 717px\" \/><\/a><\/p>\n<p style=\"text-align: center;\"><span style=\"text-decoration: underline;\"><span style=\"font-size: medium;\"><strong><span style=\"color: #808000; text-decoration: underline;\">EL BLUES DE LOS CALLOS<\/span><\/strong><\/span><\/span><\/p>\n<p>El trompetista pidi\u00f3 su momento. Su melanc\u00f3lico toque sonaba a final. Francis reapareci\u00f3 bajando del cielo -como un equilibrista-. Una banda de Jazz empez\u00f3 a marcar los ritmos. Paniego, como<strong> Panor\u00e1mix<\/strong>, repart\u00eda sus callos magistrales como quien distribuye la p\u00f3cima m\u00e1gica. La gente se levantaba de las mesas y aplaud\u00eda. El trompetista tocaba. La banda le acompa\u00f1aba. Y cucharada a cucharada <em>la melancol\u00eda viv\u00eda un imparable in cresendo<\/em>. Era la pena de saber que esto se acababa&#8230; <strong><span style=\"color: #808000;\">El show terminaba entre callos celestiales. Piel de cerdo bendecido en los umbrales de El Portal de Echaurren.<\/span><\/strong> El lugar al que todos so\u00f1amos con ir&#8230;<\/p>\n<p><a href=\"\/historiascondelantal\/wp-content\/uploads\/sites\/18\/2014\/05\/IMG_6397.jpg\"><img loading=\"lazy\" class=\"wp-image-2205 aligncenter\" title=\"IMG_6397\" src=\"\/historiascondelantal\/wp-content\/uploads\/sites\/18\/2014\/05\/IMG_6397.jpg\" alt=\"\" width=\"490\" height=\"677\" srcset=\"https:\/\/static-blogs.lasprovincias.es\/wp-content\/uploads\/sites\/18\/2014\/05\/IMG_6397.jpg 700w, https:\/\/static-blogs.lasprovincias.es\/wp-content\/uploads\/sites\/18\/2014\/05\/IMG_6397-217x300.jpg 217w\" sizes=\"(max-width: 490px) 100vw, 490px\" \/><\/a><\/p>\n<p style=\"text-align: center;\">Los callos de Paniego son a la tradici\u00f3n, como Jaime Cullum al Jazz.<br \/>\n<iframe loading=\"lazy\" src=\"\/\/www.youtube.com\/embed\/HKxVYBp_edU\" frameborder=\"0\" width=\"781\" height=\"440\"><\/iframe><\/p>\n<p style=\"text-align: center;\"><span style=\"text-decoration: underline; font-size: medium;\"><strong><span style=\"color: #ff6600; text-decoration: underline;\">EL CIRCO DE LOU<\/span><\/strong><\/span><\/p>\n<p>Pero no. La fiesta que empez\u00f3 con alegr\u00eda croquetera, no pod\u00eda acabar con melancol\u00eda. As\u00ed que, en mitad de la intensidad del festival, empez\u00f3 ese estallido de alegr\u00eda que siempre trae consigo <strong><span style=\"color: #ff6600;\">el Circo de Lou<\/span><\/strong>. El circo m\u00e1s dulce e ingenioso de Louren\u00e7o Carrizo.<\/p>\n<p><a href=\"\/historiascondelantal\/wp-content\/uploads\/sites\/18\/2014\/05\/IMG_6407.jpg\"><img loading=\"lazy\" class=\"wp-image-2206 aligncenter\" title=\"Processed with Moldiv\" src=\"\/historiascondelantal\/wp-content\/uploads\/sites\/18\/2014\/05\/IMG_6407.jpg\" alt=\"\" width=\"574\" height=\"574\" srcset=\"https:\/\/static-blogs.lasprovincias.es\/wp-content\/uploads\/sites\/18\/2014\/05\/IMG_6407.jpg 1200w, https:\/\/static-blogs.lasprovincias.es\/wp-content\/uploads\/sites\/18\/2014\/05\/IMG_6407-150x150.jpg 150w, https:\/\/static-blogs.lasprovincias.es\/wp-content\/uploads\/sites\/18\/2014\/05\/IMG_6407-300x300.jpg 300w, https:\/\/static-blogs.lasprovincias.es\/wp-content\/uploads\/sites\/18\/2014\/05\/IMG_6407-768x768.jpg 768w, https:\/\/static-blogs.lasprovincias.es\/wp-content\/uploads\/sites\/18\/2014\/05\/IMG_6407-1024x1024.jpg 1024w\" sizes=\"(max-width: 574px) 100vw, 574px\" \/><\/a><\/p>\n<p>\u2022 Melocotones que eran <strong><span style=\"color: #ff6600;\">forzudos y gigantes<\/span><\/strong> hac\u00edan con sus frutos helados magistrales, melazas providenciales y virutas de vi\u00f1as ancentrales.<\/p>\n<p><a href=\"\/historiascondelantal\/wp-content\/uploads\/sites\/18\/2014\/05\/IMG_3003.jpg\"><img loading=\"lazy\" class=\"wp-image-2207 aligncenter\" title=\"IMG_3003\" src=\"\/historiascondelantal\/wp-content\/uploads\/sites\/18\/2014\/05\/IMG_3003.jpg\" alt=\"\" width=\"614\" height=\"349\" srcset=\"https:\/\/static-blogs.lasprovincias.es\/wp-content\/uploads\/sites\/18\/2014\/05\/IMG_3003.jpg 1600w, https:\/\/static-blogs.lasprovincias.es\/wp-content\/uploads\/sites\/18\/2014\/05\/IMG_3003-300x171.jpg 300w, https:\/\/static-blogs.lasprovincias.es\/wp-content\/uploads\/sites\/18\/2014\/05\/IMG_3003-768x437.jpg 768w, https:\/\/static-blogs.lasprovincias.es\/wp-content\/uploads\/sites\/18\/2014\/05\/IMG_3003-1024x582.jpg 1024w\" sizes=\"(max-width: 614px) 100vw, 614px\" \/><\/a><\/p>\n<p>\u2022 <strong><span style=\"color: #ff6600;\">Equilibristas y trapecistas<\/span><\/strong> saltaban entre nubes de bizcochos, cremas y crujientes de chocolate. Mientras cilindros de cacao tomaban el cielo del teatro, haci\u00e9ndonos rodar por el circo de las maravillas.<\/p>\n<p style=\"text-align: center;\"><a href=\"\/historiascondelantal\/wp-content\/uploads\/sites\/18\/2014\/05\/IMG_3017.jpg\"><img loading=\"lazy\" class=\"wp-image-2208 aligncenter\" title=\"IMG_3017\" src=\"\/historiascondelantal\/wp-content\/uploads\/sites\/18\/2014\/05\/IMG_3017.jpg\" alt=\"\" width=\"574\" height=\"354\" srcset=\"https:\/\/static-blogs.lasprovincias.es\/wp-content\/uploads\/sites\/18\/2014\/05\/IMG_3017.jpg 1600w, https:\/\/static-blogs.lasprovincias.es\/wp-content\/uploads\/sites\/18\/2014\/05\/IMG_3017-300x185.jpg 300w, https:\/\/static-blogs.lasprovincias.es\/wp-content\/uploads\/sites\/18\/2014\/05\/IMG_3017-768x474.jpg 768w, https:\/\/static-blogs.lasprovincias.es\/wp-content\/uploads\/sites\/18\/2014\/05\/IMG_3017-1024x632.jpg 1024w\" sizes=\"(max-width: 574px) 100vw, 574px\" \/><\/a><\/p>\n<p style=\"text-align: center;\"><a href=\"\/historiascondelantal\/wp-content\/uploads\/sites\/18\/2014\/05\/IMG_3022.jpg\"><img loading=\"lazy\" class=\"wp-image-2209 aligncenter\" title=\"IMG_3022\" src=\"\/historiascondelantal\/wp-content\/uploads\/sites\/18\/2014\/05\/IMG_3022.jpg\" alt=\"\" width=\"574\" height=\"410\" srcset=\"https:\/\/static-blogs.lasprovincias.es\/wp-content\/uploads\/sites\/18\/2014\/05\/IMG_3022.jpg 1522w, https:\/\/static-blogs.lasprovincias.es\/wp-content\/uploads\/sites\/18\/2014\/05\/IMG_3022-300x214.jpg 300w, https:\/\/static-blogs.lasprovincias.es\/wp-content\/uploads\/sites\/18\/2014\/05\/IMG_3022-768x549.jpg 768w, https:\/\/static-blogs.lasprovincias.es\/wp-content\/uploads\/sites\/18\/2014\/05\/IMG_3022-1024x732.jpg 1024w\" sizes=\"(max-width: 574px) 100vw, 574px\" \/><\/a><\/p>\n<p>\u00a0Era como el <strong>Cirque Du Soleil<\/strong>. La guinda (nunca mejor dicho) a un men\u00fa que pasar\u00e1 a la historia como <span style=\"font-size: medium;\"><strong>el Men\u00fa de La felicidad<\/strong><\/span>. Quiz\u00e1 por eso, porque no se pod\u00eda ser m\u00e1s feliz con sus platos y con la gente que los ejecut\u00f3, al final me fui repartiendo abrazos y sonrisas\u2026 <strong>Como un <span style=\"background-color: #ffffff; font-size: large; color: #808080;\">comediante<\/span> m\u00e1s. Embriagado de <span style=\"font-size: medium; color: #808080;\">tanto derroche de genialidad<\/span>.<\/strong><\/p>\n<p style=\"text-align: center;\"><a href=\"\/historiascondelantal\/wp-content\/uploads\/sites\/18\/2014\/05\/IMG_6333.jpg\"><img loading=\"lazy\" class=\"wp-image-2215 aligncenter\" title=\"IMG_6333\" src=\"\/historiascondelantal\/wp-content\/uploads\/sites\/18\/2014\/05\/IMG_6333.jpg\" alt=\"\" width=\"737\" height=\"414\" srcset=\"https:\/\/static-blogs.lasprovincias.es\/wp-content\/uploads\/sites\/18\/2014\/05\/IMG_6333.jpg 1023w, https:\/\/static-blogs.lasprovincias.es\/wp-content\/uploads\/sites\/18\/2014\/05\/IMG_6333-300x169.jpg 300w, https:\/\/static-blogs.lasprovincias.es\/wp-content\/uploads\/sites\/18\/2014\/05\/IMG_6333-768x432.jpg 768w\" sizes=\"(max-width: 737px) 100vw, 737px\" \/><\/a><\/p>\n<p><a href=\"\/historiascondelantal\/wp-content\/uploads\/sites\/18\/2014\/05\/IMG_6345.jpg\"><img loading=\"lazy\" class=\"wp-image-2210 alignnone\" title=\"Processed with Moldiv\" src=\"\/historiascondelantal\/wp-content\/uploads\/sites\/18\/2014\/05\/IMG_6345.jpg\" alt=\"\" width=\"364\" height=\"819\" srcset=\"https:\/\/static-blogs.lasprovincias.es\/wp-content\/uploads\/sites\/18\/2014\/05\/IMG_6345.jpg 1334w, https:\/\/static-blogs.lasprovincias.es\/wp-content\/uploads\/sites\/18\/2014\/05\/IMG_6345-768x1725.jpg 768w\" sizes=\"(max-width: 364px) 100vw, 364px\" \/><\/a><\/p>\n<p>&nbsp;<\/p>\n<p><strong><a href=\"\/historiascondelantal\/wp-content\/uploads\/sites\/18\/2014\/05\/IMG_63431.jpg\"><img loading=\"lazy\" class=\"alignnone size-full wp-image-2218\" title=\"IMG_6343\" src=\"\/historiascondelantal\/wp-content\/uploads\/sites\/18\/2014\/05\/IMG_63431.jpg\" alt=\"\" width=\"640\" height=\"640\" srcset=\"https:\/\/static-blogs.lasprovincias.es\/wp-content\/uploads\/sites\/18\/2014\/05\/IMG_63431.jpg 640w, https:\/\/static-blogs.lasprovincias.es\/wp-content\/uploads\/sites\/18\/2014\/05\/IMG_63431-150x150.jpg 150w, https:\/\/static-blogs.lasprovincias.es\/wp-content\/uploads\/sites\/18\/2014\/05\/IMG_63431-300x300.jpg 300w\" sizes=\"(max-width: 640px) 100vw, 640px\" \/><\/a><br \/>\n<\/strong><\/p>\n<p style=\"text-align: right;\">\u00a0<strong><\/strong><\/p>\n<p style=\"text-align: right;\"><strong><span style=\"color: #800080;\"><a href=\"https:\/\/twitter.com\/JesusTrelis\" data-lang=\"es\" data-show-count=\"false\" rel=\"external nofollow\"><span style=\"color: #800080;\">Seguir a m\u00edster Cooking: @JesusTrelis<\/span><\/a><\/span><\/strong><\/p>\n<p style=\"text-align: center;\">\u00a0<span style=\"background-color: #999999; color: #ffffff; font-size: x-large;\">LA DESPENSA<\/span><\/p>\n<p>Abro esta secci\u00f3n para hacerte llegar avisos gastron\u00f3micos varios. Un par de ellos, para empezar.<\/p>\n<p>-Si estas experiencias de cocineros haciendo manitas te gustan, unos buenos amigos nos convocan el<strong> 7 de junio<\/strong> en un ocho manos que promete. Ser\u00e1 en la Playa deDaim\u00fas y el cartel anunciador lo dice todo:<\/p>\n<p><a href=\"\/historiascondelantal\/wp-content\/uploads\/sites\/18\/2014\/05\/a.jpeg\"><img loading=\"lazy\" class=\"wp-image-2216 alignnone\" title=\"a\" src=\"\/historiascondelantal\/wp-content\/uploads\/sites\/18\/2014\/05\/a.jpg\" alt=\"\" width=\"344\" height=\"717\" \/><\/a><\/p>\n<p style=\"text-align: center;\">-El Grupo 374 (Lotelito) han inaugurado hace nada una nueva propuesta gastron\u00f3mica. La tengo por conocer, pero puede tener su inter\u00e9s. <strong>El Colmado de la Rivera<\/strong> Ya os dir\u00e9 \ud83d\ude42<\/p>\n<p><a href=\"\/historiascondelantal\/wp-content\/uploads\/sites\/18\/2014\/05\/IMG_809.jpg\"><img loading=\"lazy\" class=\"wp-image-2082 alignnone\" title=\"IMG_809 (1024x683)\" src=\"\/historiascondelantal\/wp-content\/uploads\/sites\/18\/2014\/05\/IMG_809.jpg\" alt=\"\" width=\"430\" height=\"287\" \/><\/a><\/p>\n<p style=\"text-align: center;\"><strong>Y esto es todo, que no es poco. Abrazos para todos!<\/strong><\/p>\n<p>&nbsp;<\/p>\n<p>&nbsp;<\/p>\n<p>&nbsp;<\/p>\n<!-- AddThis Advanced Settings generic via filter on the_content --><!-- AddThis Share Buttons generic via filter on the_content -->","protected":false},"excerpt":{"rendered":"<p>Buenas tardes, buenas noches, buenos d\u00edas.\u00a0 Sea la hora que sea, est\u00e1 usted ya en el Teatro Imaginario del Pa\u00eds de las Gastrosof\u00edas. Tomen asiento y disfruten. Abrimos el tel\u00f3n. \u00a0 Seguir a m\u00edster Cooking: @JesusTrelis En el escenario, una mesa. Sobre ella, una historia repleta de enredos y enamoramientos, maravillas emplatadas y poemas sazonados. [&hellip;]<!-- AddThis Advanced Settings generic via filter on get_the_excerpt --><!-- AddThis Share Buttons generic via filter on get_the_excerpt --><\/p>\n","protected":false},"author":23,"featured_media":0,"comment_status":"open","ping_status":"open","sticky":false,"template":"","format":"standard","meta":[],"categories":[3,4,5],"tags":[192,366,368,419,445,673,889],"_links":{"self":[{"href":"https:\/\/blogs.lasprovincias.es\/historiascondelantal\/wp-json\/wp\/v2\/posts\/2170"}],"collection":[{"href":"https:\/\/blogs.lasprovincias.es\/historiascondelantal\/wp-json\/wp\/v2\/posts"}],"about":[{"href":"https:\/\/blogs.lasprovincias.es\/historiascondelantal\/wp-json\/wp\/v2\/types\/post"}],"author":[{"embeddable":true,"href":"https:\/\/blogs.lasprovincias.es\/historiascondelantal\/wp-json\/wp\/v2\/users\/23"}],"replies":[{"embeddable":true,"href":"https:\/\/blogs.lasprovincias.es\/historiascondelantal\/wp-json\/wp\/v2\/comments?post=2170"}],"version-history":[{"count":0,"href":"https:\/\/blogs.lasprovincias.es\/historiascondelantal\/wp-json\/wp\/v2\/posts\/2170\/revisions"}],"wp:attachment":[{"href":"https:\/\/blogs.lasprovincias.es\/historiascondelantal\/wp-json\/wp\/v2\/media?parent=2170"}],"wp:term":[{"taxonomy":"category","embeddable":true,"href":"https:\/\/blogs.lasprovincias.es\/historiascondelantal\/wp-json\/wp\/v2\/categories?post=2170"},{"taxonomy":"post_tag","embeddable":true,"href":"https:\/\/blogs.lasprovincias.es\/historiascondelantal\/wp-json\/wp\/v2\/tags?post=2170"}],"curies":[{"name":"wp","href":"https:\/\/api.w.org\/{rel}","templated":true}]}}