{"id":21728,"date":"2020-03-29T09:41:29","date_gmt":"2020-03-29T07:41:29","guid":{"rendered":"https:\/\/blogs.lasprovincias.es\/historiascondelantal\/?p=21728"},"modified":"2020-03-29T09:41:29","modified_gmt":"2020-03-29T07:41:29","slug":"volveremos-a-llenar-las-mesas","status":"publish","type":"post","link":"https:\/\/blogs.lasprovincias.es\/historiascondelantal\/2020\/03\/29\/volveremos-a-llenar-las-mesas\/","title":{"rendered":"Volveremos a llenar las mesas"},"content":{"rendered":"<p><strong>Han quedado vac\u00edas, desnudas, desprovistas de su gran virtud: ser epicentro del hedonismo pero tambi\u00e9n de la realidad. Pero eso pasar\u00e1 y llegar\u00e1 el d\u00eda en que regresemos para brindar.<span style=\"color: #ab1010;\"> La Gastronom\u00eda merece que sus amantes le devolvamos tanta felicidad como ella nos ha dado.<\/span> Los manteles esperan en el armario.\u00a0<\/strong><\/p>\n<blockquote><p><a href=\"https:\/\/static-blogs.lasprovincias.es\/wp-content\/uploads\/sites\/18\/2020\/03\/2.-MESAS-BARES.jpg\"><img loading=\"lazy\" class=\"alignnone size-large wp-image-21738\" src=\"https:\/\/static-blogs.lasprovincias.es\/wp-content\/uploads\/sites\/18\/2020\/03\/2.-MESAS-BARES-1024x768.jpg\" alt=\"\" width=\"1024\" height=\"768\" srcset=\"https:\/\/static-blogs.lasprovincias.es\/wp-content\/uploads\/sites\/18\/2020\/03\/2.-MESAS-BARES.jpg 1024w, https:\/\/static-blogs.lasprovincias.es\/wp-content\/uploads\/sites\/18\/2020\/03\/2.-MESAS-BARES-300x225.jpg 300w, https:\/\/static-blogs.lasprovincias.es\/wp-content\/uploads\/sites\/18\/2020\/03\/2.-MESAS-BARES-768x576.jpg 768w\" sizes=\"(max-width: 1024px) 100vw, 1024px\" \/><\/a><\/p>\n<p><span style=\"color: #b59f6d;\">La vida desde el bar. Un lujo que volver\u00e1. Este, de Bilbao. V\u00edctor. El sol se suele filtrar por su ventana. M\u00e1gico. Y ves pasar la vida.<\/span><\/p><\/blockquote>\n<hr \/>\n<h5 style=\"text-align: right;\"><span style=\"color: #b59f6d;\"><em>\u00abTe vi, juntabas margaritas del mantel\u00bb<\/em><\/span><\/h5>\n<h5 style=\"text-align: right;\"><span style=\"color: #b59f6d;\">(Fito Paez)<\/span><\/h5>\n<p>Mi suegro tiene 93 a\u00f1os. Me preguntaron el otro d\u00eda qu\u00e9 tal vida ha tenido. Siempre le recuerdo con su buen gesto, iron\u00eda fina y humor elegante. Impecable. Feliz. Quiz\u00e1s porque \u00e9l y sus hermanos estuvieron comprometidos con la vida. No en vano, fueron familia de hosteleros. Camareros y cocineros. De los de antes. De estar encerrados entre fogones, de no parar en la barra, de servir mesa a mesa siempre con respeto, discreci\u00f3n, cercan\u00eda cuando tocaba. Camisa blanca, corbata negra, delantal. \u00abS\u00ed, ha tenido una buena vida\u00bb, contest\u00e9. Paco se dedicaba, en el fondo, a servir \u2013en el sentido m\u00e1s hermoso de la palabra\u2013 a la gente que iba desde primera hora de la ma\u00f1ana a \u00faltima del d\u00eda a su Ciri, al C\u00edrculo Cat\u00f3lico de Obreros. \u00abMitja de mandonguilles\u00bb, le imagino entonar.<\/p>\n<blockquote><p>&nbsp;<\/p>\n<div id=\"attachment_21754\" style=\"width: 1034px\" class=\"wp-caption alignnone\"><a href=\"https:\/\/static-blogs.lasprovincias.es\/wp-content\/uploads\/sites\/18\/2020\/03\/JUNIO-2019-TOTAL-4991.jpg\"><img aria-describedby=\"caption-attachment-21754\" loading=\"lazy\" class=\"size-large wp-image-21754\" src=\"https:\/\/static-blogs.lasprovincias.es\/wp-content\/uploads\/sites\/18\/2020\/03\/JUNIO-2019-TOTAL-4991-1024x768.jpg\" alt=\"\" width=\"1024\" height=\"768\" srcset=\"https:\/\/static-blogs.lasprovincias.es\/wp-content\/uploads\/sites\/18\/2020\/03\/JUNIO-2019-TOTAL-4991.jpg 1024w, https:\/\/static-blogs.lasprovincias.es\/wp-content\/uploads\/sites\/18\/2020\/03\/JUNIO-2019-TOTAL-4991-300x225.jpg 300w, https:\/\/static-blogs.lasprovincias.es\/wp-content\/uploads\/sites\/18\/2020\/03\/JUNIO-2019-TOTAL-4991-768x576.jpg 768w\" sizes=\"(max-width: 1024px) 100vw, 1024px\" \/><\/a><p id=\"caption-attachment-21754\" class=\"wp-caption-text\"><span style=\"color: #b59f6d; font-size: 16px;\">El Celler de Can Roca siempre est\u00e1 listo. No hay virus que frene mis ansias de volar hasta all\u00ed. Como cant\u00f3 Nino Bravo.<\/span><\/p><\/div>\n<hr \/>\n<p><a href=\"https:\/\/static-blogs.lasprovincias.es\/wp-content\/uploads\/sites\/18\/2020\/03\/5.-SALITA-ENTRADA.jpg\"><img loading=\"lazy\" class=\"alignnone size-large wp-image-21741\" src=\"https:\/\/static-blogs.lasprovincias.es\/wp-content\/uploads\/sites\/18\/2020\/03\/5.-SALITA-ENTRADA-1024x768.jpg\" alt=\"\" width=\"1024\" height=\"768\" srcset=\"https:\/\/static-blogs.lasprovincias.es\/wp-content\/uploads\/sites\/18\/2020\/03\/5.-SALITA-ENTRADA.jpg 1024w, https:\/\/static-blogs.lasprovincias.es\/wp-content\/uploads\/sites\/18\/2020\/03\/5.-SALITA-ENTRADA-300x225.jpg 300w, https:\/\/static-blogs.lasprovincias.es\/wp-content\/uploads\/sites\/18\/2020\/03\/5.-SALITA-ENTRADA-768x576.jpg 768w\" sizes=\"(max-width: 1024px) 100vw, 1024px\" \/><\/a><\/p>\n<p><span style=\"color: #b59f6d;\">Nada deber\u00eda frenar el sue\u00f1o de Bego\u00f1a Rodrigo, El Huerto.<\/span><\/p>\n<hr \/>\n<p><a href=\"https:\/\/static-blogs.lasprovincias.es\/wp-content\/uploads\/sites\/18\/2020\/03\/3.-MESAS-EL-POBLET.jpg\"><img loading=\"lazy\" class=\"alignnone size-large wp-image-21739\" src=\"https:\/\/static-blogs.lasprovincias.es\/wp-content\/uploads\/sites\/18\/2020\/03\/3.-MESAS-EL-POBLET-768x1024.jpg\" alt=\"\" width=\"768\" height=\"1024\" srcset=\"https:\/\/static-blogs.lasprovincias.es\/wp-content\/uploads\/sites\/18\/2020\/03\/3.-MESAS-EL-POBLET.jpg 768w, https:\/\/static-blogs.lasprovincias.es\/wp-content\/uploads\/sites\/18\/2020\/03\/3.-MESAS-EL-POBLET-225x300.jpg 225w\" sizes=\"(max-width: 768px) 100vw, 768px\" \/><\/a><\/p>\n<p><span style=\"color: #b59f6d;\">El Poblet logr\u00f3 su segunda estrella. Seguir\u00e1 fuerte. <\/span><\/p><\/blockquote>\n<p>El mundo de la hosteler\u00eda, en el abanico m\u00e1s amplio de sus posibilidades, tiene como elemento com\u00fan que se dedica, m\u00e1s que alimentar, a satisfacer y hacer sentirse bien a sus clientes. Hacerles disfrutar ante el mantel. Por eso, ahora que las bandejas est\u00e1n apiladas y el silencio es el hilo musical de sus locales, todos los echamos de menos. Y sabemos que, cuando todo esto pase, volveremos a las mesas. Porque la hosteler\u00eda es una parte vital de nuestra econom\u00eda, pero tambi\u00e9n de nuestra red de relaciones sociales. Ese lugar donde acudimos o nos citamos para comer, picotear, hablar, celebrar, vivir. Cuando abran las persianas de nuevo, volveremos a las mesas; s\u00ed. Y volveremos a brindar. Mientras tanto, toca dar ejemplo y, como todos, mantener el sufrimiento alojado en el est\u00f3mago y alejado del pensamiento. Ser optimista, como los platos que crean, repletos de ilusiones y dedicaci\u00f3n: porciones de tiempo y de historias, de proveedores y de t\u00e9cnica, de sue\u00f1os y de inspiraci\u00f3n.<\/p>\n<p>&nbsp;<\/p>\n<blockquote><p><a href=\"https:\/\/static-blogs.lasprovincias.es\/wp-content\/uploads\/sites\/18\/2020\/03\/11.-MESA-GALLINA-NEGRA-1.jpg\"><img loading=\"lazy\" class=\"alignnone size-large wp-image-21747\" src=\"https:\/\/static-blogs.lasprovincias.es\/wp-content\/uploads\/sites\/18\/2020\/03\/11.-MESA-GALLINA-NEGRA-1-1024x768.jpg\" alt=\"\" width=\"1024\" height=\"768\" srcset=\"https:\/\/static-blogs.lasprovincias.es\/wp-content\/uploads\/sites\/18\/2020\/03\/11.-MESA-GALLINA-NEGRA-1.jpg 1024w, https:\/\/static-blogs.lasprovincias.es\/wp-content\/uploads\/sites\/18\/2020\/03\/11.-MESA-GALLINA-NEGRA-1-300x225.jpg 300w, https:\/\/static-blogs.lasprovincias.es\/wp-content\/uploads\/sites\/18\/2020\/03\/11.-MESA-GALLINA-NEGRA-1-768x576.jpg 768w\" sizes=\"(max-width: 1024px) 100vw, 1024px\" \/><\/a><\/p>\n<p><span style=\"color: #b59f6d;\">Gallina Negra, mesas con aire fresco. Apunte para la vuelta.<\/span><\/p>\n<hr \/>\n<p><a href=\"https:\/\/static-blogs.lasprovincias.es\/wp-content\/uploads\/sites\/18\/2020\/03\/4.-MESAS-NOOR-1.jpg\"><img loading=\"lazy\" class=\"alignnone size-large wp-image-21740\" src=\"https:\/\/static-blogs.lasprovincias.es\/wp-content\/uploads\/sites\/18\/2020\/03\/4.-MESAS-NOOR-1-1024x682.jpg\" alt=\"\" width=\"1024\" height=\"682\" srcset=\"https:\/\/static-blogs.lasprovincias.es\/wp-content\/uploads\/sites\/18\/2020\/03\/4.-MESAS-NOOR-1.jpg 1024w, https:\/\/static-blogs.lasprovincias.es\/wp-content\/uploads\/sites\/18\/2020\/03\/4.-MESAS-NOOR-1-300x200.jpg 300w, https:\/\/static-blogs.lasprovincias.es\/wp-content\/uploads\/sites\/18\/2020\/03\/4.-MESAS-NOOR-1-768x512.jpg 768w\" sizes=\"(max-width: 1024px) 100vw, 1024px\" \/><\/a><\/p>\n<p><span style=\"color: #b59f6d;\">Noor es un relato; su mesa, mil historias. Imprescindible.<\/span><\/p>\n<hr \/>\n<p><a href=\"https:\/\/static-blogs.lasprovincias.es\/wp-content\/uploads\/sites\/18\/2020\/03\/0.-MESA-JOQUIN-SCHMITD.jpg\"><img loading=\"lazy\" class=\"alignnone size-large wp-image-21735\" src=\"https:\/\/static-blogs.lasprovincias.es\/wp-content\/uploads\/sites\/18\/2020\/03\/0.-MESA-JOQUIN-SCHMITD-1024x768.jpg\" alt=\"\" width=\"1024\" height=\"768\" srcset=\"https:\/\/static-blogs.lasprovincias.es\/wp-content\/uploads\/sites\/18\/2020\/03\/0.-MESA-JOQUIN-SCHMITD.jpg 1024w, https:\/\/static-blogs.lasprovincias.es\/wp-content\/uploads\/sites\/18\/2020\/03\/0.-MESA-JOQUIN-SCHMITD-300x225.jpg 300w, https:\/\/static-blogs.lasprovincias.es\/wp-content\/uploads\/sites\/18\/2020\/03\/0.-MESA-JOQUIN-SCHMITD-768x576.jpg 768w\" sizes=\"(max-width: 1024px) 100vw, 1024px\" \/><\/a><\/p>\n<p><span style=\"color: #b59f6d;\">Mesa en Joaqu\u00edn Schmidt, su m\u00fasica volver\u00e1 a sonar .<\/span><\/p><\/blockquote>\n<p>Quique Dacosta es de todo ello un poco. Tambi\u00e9n un tipo lleno de esperanzas, aunque sabe que lo que les toca vivir a ellos (como a todos) es una traves\u00eda dif\u00edcil. \u00abTenemos una plantilla de unos 200 trabajadores. Se me han llegado a saltar las l\u00e1grimas, pero soy optimista por naturaleza y saldremos adelante\u00bb. La declaraci\u00f3n la hizo a \u2018El partidazo\u2019 de la <em>Cope<\/em>. Y es un canto al realismo. Pero a la vez, un ejemplo \u2013otra vez\u2013 a seguir. De hecho, junto a Ricard Camarena, es nuestra referencia de la cocina valenciana. Un tres estrellas con una personalidad arrolladora: cuatro restaurantes en Valencia (uno con dos estrellas); otro, en Londres de arroces; un proyecto en ciernes en Madrid (en el Hotel Mandar\u00edn Oriental Ritz); una empresa de catering, y su tres estrella m\u00e1gico en D\u00e9nia. Un proyecto, m\u00e1s que gastron\u00f3mico, empresarial que es im\u00e1n de muchas cosas para los valencianos: turismo, creatividad, formaci\u00f3n&#8230; Todo un aliciente para estas tierras que merece, como las de todos los hosteleros, que sus mesas vuelva a tener vida cuando esto pase. Y es importante no s\u00f3lo para \u00e9l, sino para todos. Para todos los hosteleros y para la sociedad en general, porque <a href=\"https:\/\/blogs.lasprovincias.es\/historiascondelantal\/2018\/09\/26\/quique-dacosta-quien-soy-yo-sin-los-arroces-la-gamba-y-el-montgo\/\">el ejemplo de Dacosta<\/a> es extrapolable a muchos m\u00e1s restauradores que son puro combustible para el motor de la econom\u00eda. Y no s\u00f3lo por ella, sino para una sociedad que necesita los bares y restaurantes como terapia social y salvaguarda de nuestras ra\u00edces.<\/p>\n<blockquote><p><a href=\"https:\/\/static-blogs.lasprovincias.es\/wp-content\/uploads\/sites\/18\/2020\/03\/9.-MESA-VIRIDIANA.jpg\"><img loading=\"lazy\" class=\"alignnone size-large wp-image-21745\" src=\"https:\/\/static-blogs.lasprovincias.es\/wp-content\/uploads\/sites\/18\/2020\/03\/9.-MESA-VIRIDIANA-1024x683.jpg\" alt=\"\" width=\"1024\" height=\"683\" srcset=\"https:\/\/static-blogs.lasprovincias.es\/wp-content\/uploads\/sites\/18\/2020\/03\/9.-MESA-VIRIDIANA.jpg 1024w, https:\/\/static-blogs.lasprovincias.es\/wp-content\/uploads\/sites\/18\/2020\/03\/9.-MESA-VIRIDIANA-300x200.jpg 300w, https:\/\/static-blogs.lasprovincias.es\/wp-content\/uploads\/sites\/18\/2020\/03\/9.-MESA-VIRIDIANA-768x512.jpg 768w\" sizes=\"(max-width: 1024px) 100vw, 1024px\" \/><\/a><\/p>\n<p><span style=\"color: #b59f6d;\">Las mesas de Viridiana son puro encuentro con la vida.<\/span><\/p>\n<p><a href=\"https:\/\/static-blogs.lasprovincias.es\/wp-content\/uploads\/sites\/18\/2020\/03\/6.-MESA-LA-MAR\u00cdTIMA-foto-de-ellos.jpg\"><img loading=\"lazy\" class=\"alignnone size-large wp-image-21730\" src=\"https:\/\/static-blogs.lasprovincias.es\/wp-content\/uploads\/sites\/18\/2020\/03\/6.-MESA-LA-MAR\u00cdTIMA-foto-de-ellos-1024x768.jpg\" alt=\"\" width=\"1024\" height=\"768\" srcset=\"https:\/\/static-blogs.lasprovincias.es\/wp-content\/uploads\/sites\/18\/2020\/03\/6.-MESA-LA-MAR\u00cdTIMA-foto-de-ellos.jpg 1024w, https:\/\/static-blogs.lasprovincias.es\/wp-content\/uploads\/sites\/18\/2020\/03\/6.-MESA-LA-MAR\u00cdTIMA-foto-de-ellos-300x225.jpg 300w, https:\/\/static-blogs.lasprovincias.es\/wp-content\/uploads\/sites\/18\/2020\/03\/6.-MESA-LA-MAR\u00cdTIMA-foto-de-ellos-768x576.jpg 768w\" sizes=\"(max-width: 1024px) 100vw, 1024px\" \/><\/a><\/p>\n<p><span style=\"color: #b59f6d;\">La Mar\u00edtima del Grupo La Sucursal. Vital para Vale. (Foto propiedad de La Sucursal).\u00a0<\/span><\/p>\n<p><a href=\"https:\/\/static-blogs.lasprovincias.es\/wp-content\/uploads\/sites\/18\/2020\/03\/10.-MESA-BAOBAB.jpg\"><img loading=\"lazy\" class=\"alignnone size-large wp-image-21731\" src=\"https:\/\/static-blogs.lasprovincias.es\/wp-content\/uploads\/sites\/18\/2020\/03\/10.-MESA-BAOBAB-1024x768.jpg\" alt=\"\" width=\"1024\" height=\"768\" srcset=\"https:\/\/static-blogs.lasprovincias.es\/wp-content\/uploads\/sites\/18\/2020\/03\/10.-MESA-BAOBAB.jpg 1024w, https:\/\/static-blogs.lasprovincias.es\/wp-content\/uploads\/sites\/18\/2020\/03\/10.-MESA-BAOBAB-300x225.jpg 300w, https:\/\/static-blogs.lasprovincias.es\/wp-content\/uploads\/sites\/18\/2020\/03\/10.-MESA-BAOBAB-768x576.jpg 768w\" sizes=\"(max-width: 1024px) 100vw, 1024px\" \/><\/a><\/p>\n<p><span style=\"color: #b59f6d;\">Mesa de Baobab, donde Ra\u00fal Aleixandre mantiene su arte<\/span><\/p><\/blockquote>\n<p>La barra del <a href=\"https:\/\/blogs.lasprovincias.es\/historiascondelantal\/2019\/10\/18\/bar-richard-y-la-plancha-del-tesoro\/\">bar Richard<\/a> o el Rausell es casi un lugar donde hacer terapia de grupo; la cocina de<a href=\"https:\/\/blogs.lasprovincias.es\/historiascondelantal\/2018\/07\/09\/vicente-patino-se-consagra-la-cocina-de-la-memoria\/\"> Vicente Pati\u00f1o<\/a>, en Saiti o Sucar, un homenaje a la memoria culinaria de esta tierra; la propuesta de <a href=\"https:\/\/blogs.lasprovincias.es\/historiascondelantal\/2020\/02\/23\/rakel-cernicharo-estallidos-de-cal-viva\/\">Rakel Cernicharo<\/a> en su Karak o de Junior Franco, un impulso para la juventud para que sigan so\u00f1ando&#8230; Merecen ellos y muchos m\u00e1s ver que sus mesas se vuelven a llenar. Y en especial, aquellos que han apostado de forma clara por la defensa de los principios a la hora de emprender sus negocios, como <a href=\"https:\/\/blogs.lasprovincias.es\/historiascondelantal\/2018\/11\/06\/ricard-camarena-tengo-la-sensacion-de-que-estamos-comenzando-lo-tenemos-todo-por-hacer\/\">Ricard Camarena<\/a> (protector de la huerta; ejemplo de honestidad). Le necesitamos.<\/p>\n<blockquote><p><a href=\"https:\/\/static-blogs.lasprovincias.es\/wp-content\/uploads\/sites\/18\/2020\/03\/8.-MESA-DIVERXO.jpg\"><img loading=\"lazy\" class=\"alignnone size-large wp-image-21744\" src=\"https:\/\/static-blogs.lasprovincias.es\/wp-content\/uploads\/sites\/18\/2020\/03\/8.-MESA-DIVERXO-1024x683.jpg\" alt=\"\" width=\"1024\" height=\"683\" srcset=\"https:\/\/static-blogs.lasprovincias.es\/wp-content\/uploads\/sites\/18\/2020\/03\/8.-MESA-DIVERXO.jpg 1024w, https:\/\/static-blogs.lasprovincias.es\/wp-content\/uploads\/sites\/18\/2020\/03\/8.-MESA-DIVERXO-300x200.jpg 300w, https:\/\/static-blogs.lasprovincias.es\/wp-content\/uploads\/sites\/18\/2020\/03\/8.-MESA-DIVERXO-768x512.jpg 768w\" sizes=\"(max-width: 1024px) 100vw, 1024px\" \/><\/a><\/p>\n<p><span style=\"color: #b59f6d;\">Dabiz Mu\u00f1oz: sus mesas volver\u00e1n a ser un festival.<\/span><\/p>\n<hr \/>\n<p><a href=\"https:\/\/static-blogs.lasprovincias.es\/wp-content\/uploads\/sites\/18\/2020\/03\/7.-MESA-CAMARENA.jpg\"><img loading=\"lazy\" class=\"alignnone wp-image-21743 size-large\" src=\"https:\/\/static-blogs.lasprovincias.es\/wp-content\/uploads\/sites\/18\/2020\/03\/7.-MESA-CAMARENA-768x1024.jpg\" alt=\"\" width=\"768\" height=\"1024\" \/><\/a><\/p>\n<p><span style=\"color: #b59f6d;\">Mesa del hall de Camarena. Se volver\u00e1 a llenar. Lo merece.<\/span><\/p>\n<hr \/>\n<p><a href=\"https:\/\/static-blogs.lasprovincias.es\/wp-content\/uploads\/sites\/18\/2020\/03\/14.-Dos-estaciones-e1585312417219.jpg\"><img loading=\"lazy\" class=\"alignnone size-large wp-image-21750\" src=\"https:\/\/static-blogs.lasprovincias.es\/wp-content\/uploads\/sites\/18\/2020\/03\/14.-Dos-estaciones-768x1024.jpg\" alt=\"\" width=\"768\" height=\"1024\" \/><\/a><\/p>\n<p><span style=\"color: #b59f6d;\">Dos Estaciones es un proyecto que tiene mucha pasi\u00f3n detr\u00e1s. Nuestro impulso es necesario.<\/span><\/p>\n<hr \/>\n<\/blockquote>\n<p>Necesitamos su ejemplo para seguir adelante. Y que sigan proyectos como los de <a href=\"https:\/\/blogs.lasprovincias.es\/historiascondelantal\/2019\/11\/10\/begona-rodrigo-se-mete-en-el-huerto-por-mi-caracter-las-cosas-han-ido-mucho-mas-despacio-de-lo-que-deberian-ir\/\">Bego\u00f1a Rodrigo<\/a>, que tiene ante si un sue\u00f1o llamado &#8216;El Huerto? que no puede tumbar el coronavirus; o que siga Bernd H. Knoller, que el a\u00f1o pasado estaba sumido en otra pesadilla en su Riff y ahora le toca batallar con esta otra guerra; o Sucede, que ya topaba con problemas empresariales, pero debe persistir para que Valencia no pierda la magia culinaria de Miguel Angel Mayor. No voy a hacer una enumeraci\u00f3n. <strong><span style=\"color: #ab1010;\">Importan todas las mesas. No los nombres.<\/span><\/strong> Olv\u00eddelos. Los mismo da&#8230; la de\u00a0Alejandro Del Toro o Ca Duart; la de Apicus o La Principal;\u00a0la de un bar de barrio o de una arrocer\u00eda del Palmar. A todas les toca esperar y reflexionar c\u00f3mo afrontar\u00e1n el nuevo futuro. Ser\u00e1 complejo,\u00a0 todo distinto, incierto. <span style=\"color: #ab1010;\"><span style=\"color: #333333;\">Porque nadie sabe bien a d\u00f3nde vamos, como saldremos.<\/span><\/span><span style=\"color: #333333;\"> Pero tocar\u00e1 renacer. Seguir caminando, con la mochila que nos deje este tiempo en el que todo cambio.<\/span>..<\/p>\n<blockquote><p>&nbsp;<\/p>\n<p><span style=\"color: #b59f6d;\"><em>&gt;\u00abSer\u00e1 complejo, todo distinto, incierto; pero tocar\u00e1 renacer. Seguir caminando, con la mochila que nos deje este tiempo en el que todo cambio&#8230; y a nosotros nos tocar\u00e1 desempolvar las agendas gastron\u00f3micas\u00bb<\/em><\/span><\/p><\/blockquote>\n<p>&nbsp;<\/p>\n<p>A nosotros, a los que amamos la gastronom\u00eda en el m\u00e1s amplio sentido de la palabra, <span style=\"color: #ab1010;\"><strong>nos corresponder\u00e1 desempolvar las agendas y tomar las mesas<\/strong><\/span>: mi cita con Bon Amb, con Paco Roncero, con Quique Barella o con Ciro, donde<strong> In\u00e9s Manzanera<\/strong> me dice que<strong> Julio (Colomer)<\/strong> ya trabaja con sus peques alrededor preparando la nueva carta. A m\u00ed, me recuerda aquella foto suya de cuando se puso el delantal por primera vez&#8230; \ud83d\ude42<\/p>\n<p style=\"text-align: center;\"><a href=\"https:\/\/static-blogs.lasprovincias.es\/wp-content\/uploads\/sites\/18\/2020\/03\/IMG_7983-1.jpg\"><img loading=\"lazy\" class=\"alignnone size-full wp-image-21753\" src=\"https:\/\/static-blogs.lasprovincias.es\/wp-content\/uploads\/sites\/18\/2020\/03\/IMG_7983-1.jpg\" alt=\"\" width=\"455\" height=\"624\" srcset=\"https:\/\/static-blogs.lasprovincias.es\/wp-content\/uploads\/sites\/18\/2020\/03\/IMG_7983-1.jpg 455w, https:\/\/static-blogs.lasprovincias.es\/wp-content\/uploads\/sites\/18\/2020\/03\/IMG_7983-1-219x300.jpg 219w\" sizes=\"(max-width: 455px) 100vw, 455px\" \/><\/a><\/p>\n<p>Sea como sea, seguro que ser\u00e1n platos que sabr\u00e1n a gloria y libertad. <strong>Platos con los que volver a brindar, cuando todo esto pase.<\/strong> Cuando todo quede atr\u00e1s. Cuando volvamos a llenar las mesas. Por ellos, por nosotros. <strong><span style=\"color: #ab1010;\">Mesas sin nombre.<\/span><\/strong> Mesas.<\/p>\n<p>&nbsp;<\/p>\n<hr \/>\n<p style=\"text-align: center;\"><span style=\"color: #b59f6d;\">DEVOLVER A LA GASTRONOM\u00cdA LO QUE ELLA NOS DIO<\/span><\/p>\n<p style=\"text-align: left;\"><strong><span style=\"color: #b59f6d;\">&gt; <\/span><\/strong><span style=\"color: #b59f6d;\">Llegar\u00e1 el momento de desempolvar la agenda culinaria. En ese instante, la deberemos intentar intensificar. Es una cuesti\u00f3n de responsabilidad. De unos con otros. Llenaremos los bares y las tiendas; reactivaremos la vida. <\/span><span style=\"color: #b59f6d;\"><span style=\"color: #ab1010;\"><strong>A la Gastronom\u00eda, sus amantes le deberemos devolver todo lo que ella nos ha dado.<\/strong><\/span> Esa felicidad absoluta entre servilletas.\u00a0<\/span><\/p>\n<p><a href=\"https:\/\/static-blogs.lasprovincias.es\/wp-content\/uploads\/sites\/18\/2020\/03\/12.-MESA-JOAQUIN-SCHMIDT.jpg\"><img loading=\"lazy\" class=\"alignnone size-large wp-image-21748\" src=\"https:\/\/static-blogs.lasprovincias.es\/wp-content\/uploads\/sites\/18\/2020\/03\/12.-MESA-JOAQUIN-SCHMIDT-768x1024.jpg\" alt=\"\" width=\"768\" height=\"1024\" srcset=\"https:\/\/static-blogs.lasprovincias.es\/wp-content\/uploads\/sites\/18\/2020\/03\/12.-MESA-JOAQUIN-SCHMIDT.jpg 768w, https:\/\/static-blogs.lasprovincias.es\/wp-content\/uploads\/sites\/18\/2020\/03\/12.-MESA-JOAQUIN-SCHMIDT-225x300.jpg 225w\" sizes=\"(max-width: 768px) 100vw, 768px\" \/><\/a><\/p>\n<hr \/>\n<p><a href=\"https:\/\/static-blogs.lasprovincias.es\/wp-content\/uploads\/sites\/18\/2020\/03\/24501677-6B06-4555-B732-7D9A5BCDB91D.jpg\"><img loading=\"lazy\" class=\"alignnone size-large wp-image-21763\" src=\"https:\/\/static-blogs.lasprovincias.es\/wp-content\/uploads\/sites\/18\/2020\/03\/24501677-6B06-4555-B732-7D9A5BCDB91D-1024x439.jpg\" alt=\"\" width=\"1024\" height=\"439\" srcset=\"https:\/\/static-blogs.lasprovincias.es\/wp-content\/uploads\/sites\/18\/2020\/03\/24501677-6B06-4555-B732-7D9A5BCDB91D-1024x439.jpg 1024w, https:\/\/static-blogs.lasprovincias.es\/wp-content\/uploads\/sites\/18\/2020\/03\/24501677-6B06-4555-B732-7D9A5BCDB91D-300x129.jpg 300w, https:\/\/static-blogs.lasprovincias.es\/wp-content\/uploads\/sites\/18\/2020\/03\/24501677-6B06-4555-B732-7D9A5BCDB91D-768x329.jpg 768w\" sizes=\"(max-width: 1024px) 100vw, 1024px\" \/><\/a><\/p>\n<!-- AddThis Advanced Settings generic via filter on the_content --><!-- AddThis Share Buttons generic via filter on the_content -->","protected":false},"excerpt":{"rendered":"<p>Han quedado vac\u00edas, desnudas, desprovistas de su gran virtud: ser epicentro del hedonismo pero tambi\u00e9n de la realidad. Pero eso pasar\u00e1 y llegar\u00e1 el d\u00eda en que regresemos para brindar. La Gastronom\u00eda merece que sus amantes le devolvamos tanta felicidad como ella nos ha dado. Los manteles esperan en el armario.\u00a0 La vida desde el [&hellip;]<!-- AddThis Advanced Settings generic via filter on get_the_excerpt --><!-- AddThis Share Buttons generic via filter on get_the_excerpt --><\/p>\n","protected":false},"author":23,"featured_media":21762,"comment_status":"open","ping_status":"open","sticky":false,"template":"","format":"standard","meta":[],"categories":[2,3,4,5,1,7],"tags":[121,126,1183,434,454,1803,524,619,719,724,788,887,889,895,958,1107],"_links":{"self":[{"href":"https:\/\/blogs.lasprovincias.es\/historiascondelantal\/wp-json\/wp\/v2\/posts\/21728"}],"collection":[{"href":"https:\/\/blogs.lasprovincias.es\/historiascondelantal\/wp-json\/wp\/v2\/posts"}],"about":[{"href":"https:\/\/blogs.lasprovincias.es\/historiascondelantal\/wp-json\/wp\/v2\/types\/post"}],"author":[{"embeddable":true,"href":"https:\/\/blogs.lasprovincias.es\/historiascondelantal\/wp-json\/wp\/v2\/users\/23"}],"replies":[{"embeddable":true,"href":"https:\/\/blogs.lasprovincias.es\/historiascondelantal\/wp-json\/wp\/v2\/comments?post=21728"}],"version-history":[{"count":8,"href":"https:\/\/blogs.lasprovincias.es\/historiascondelantal\/wp-json\/wp\/v2\/posts\/21728\/revisions"}],"predecessor-version":[{"id":21764,"href":"https:\/\/blogs.lasprovincias.es\/historiascondelantal\/wp-json\/wp\/v2\/posts\/21728\/revisions\/21764"}],"wp:featuredmedia":[{"embeddable":true,"href":"https:\/\/blogs.lasprovincias.es\/historiascondelantal\/wp-json\/wp\/v2\/media\/21762"}],"wp:attachment":[{"href":"https:\/\/blogs.lasprovincias.es\/historiascondelantal\/wp-json\/wp\/v2\/media?parent=21728"}],"wp:term":[{"taxonomy":"category","embeddable":true,"href":"https:\/\/blogs.lasprovincias.es\/historiascondelantal\/wp-json\/wp\/v2\/categories?post=21728"},{"taxonomy":"post_tag","embeddable":true,"href":"https:\/\/blogs.lasprovincias.es\/historiascondelantal\/wp-json\/wp\/v2\/tags?post=21728"}],"curies":[{"name":"wp","href":"https:\/\/api.w.org\/{rel}","templated":true}]}}