{"id":21796,"date":"2020-04-09T13:19:27","date_gmt":"2020-04-09T11:19:27","guid":{"rendered":"https:\/\/blogs.lasprovincias.es\/historiascondelantal\/?p=21796"},"modified":"2020-04-09T13:19:51","modified_gmt":"2020-04-09T11:19:51","slug":"el-menu-mas-especial-de-bon-amb","status":"publish","type":"post","link":"https:\/\/blogs.lasprovincias.es\/historiascondelantal\/2020\/04\/09\/el-menu-mas-especial-de-bon-amb\/","title":{"rendered":"El men\u00fa m\u00e1s especial de Bon Amb"},"content":{"rendered":"<p>Los jueves santos eran, en mi calendario, santos jueves. Desde hace unos a\u00f1os, este d\u00eda siempre estaba reservado para descubrir los avances de la cocina de <strong>Alberto Ferruz<\/strong> y la consolidaci\u00f3n de <a href=\"https:\/\/blogs.lasprovincias.es\/historiascondelantal\/2019\/05\/03\/bon-amb-un-trono-para-un-nuevo-rey\/\">Bon Amb<\/a>. Este a\u00f1o me he negado a resignarme y no estar all\u00ed. As\u00ed que he cocinado los recuerdos y me siento junto a ti en la mesa de un restaurante que, m\u00e1s pronto que tarde, ver\u00e1s resplandecer en su horizonte los destellos de varias estrellas. Tres.<\/p>\n<p><strong><span style=\"color: #ab9972;\">Nunca dejemos de so\u00f1ar. Que la vida ya nos devolver\u00e1 a la realidad.<\/span> <\/strong><\/p>\n<p style=\"text-align: right;\">Esta es la comida m\u00e1s especial de Bon Amb.<\/p>\n<p><a href=\"https:\/\/static-blogs.lasprovincias.es\/wp-content\/uploads\/sites\/18\/2020\/04\/IMG_8044.jpg\"><img loading=\"lazy\" class=\"alignnone size-large wp-image-21807\" src=\"https:\/\/static-blogs.lasprovincias.es\/wp-content\/uploads\/sites\/18\/2020\/04\/IMG_8044-1024x683.jpg\" alt=\"\" width=\"1024\" height=\"683\" srcset=\"https:\/\/static-blogs.lasprovincias.es\/wp-content\/uploads\/sites\/18\/2020\/04\/IMG_8044.jpg 1024w, https:\/\/static-blogs.lasprovincias.es\/wp-content\/uploads\/sites\/18\/2020\/04\/IMG_8044-300x200.jpg 300w, https:\/\/static-blogs.lasprovincias.es\/wp-content\/uploads\/sites\/18\/2020\/04\/IMG_8044-768x512.jpg 768w\" sizes=\"(max-width: 1024px) 100vw, 1024px\" \/><\/a><\/p>\n<p>&nbsp;<\/p>\n<hr \/>\n<p>EL PASADO A\u00d1O,\u00a0cuando volvimos de nuevo a <span style=\"color: #ab9972;\"><strong>Bon Amb<\/strong><span style=\"color: #333333;\">,\u00a0<\/span><\/span>llov\u00eda de forma desesperada. En realidad, llovi\u00f3 toda la Semana Santa. Pero no pod\u00eda fallar. Mi cita de Jueves Santo en casa de Alberto Ferruz y <strong>Pablo Catal\u00e1<\/strong> estaba marcada a fuego en mi agenda, como alguna otra m\u00e1s. Fue, pese al diluvio, mi mejor comida en el restaurante de X\u00e0bia. En realidad, cada a\u00f1o vivo una mejor comida que la anterior. Y siempre me marcho con la intuici\u00f3n de que el a\u00f1o siguiente ser\u00e1 mejor. No en vano, no me cabe ninguna duda de que Bon Amb ser\u00e1 el pr\u00f3ximo tres estrellas de la Comunitat.<\/p>\n<p><a href=\"https:\/\/static-blogs.lasprovincias.es\/wp-content\/uploads\/sites\/18\/2019\/04\/RECURSO-3.jpg\"><img loading=\"lazy\" class=\"alignnone size-large wp-image-19418\" src=\"https:\/\/static-blogs.lasprovincias.es\/wp-content\/uploads\/sites\/18\/2019\/04\/RECURSO-3-1024x768.jpg\" alt=\"\" width=\"1024\" height=\"768\" srcset=\"https:\/\/static-blogs.lasprovincias.es\/wp-content\/uploads\/sites\/18\/2019\/04\/RECURSO-3.jpg 1024w, https:\/\/static-blogs.lasprovincias.es\/wp-content\/uploads\/sites\/18\/2019\/04\/RECURSO-3-300x225.jpg 300w, https:\/\/static-blogs.lasprovincias.es\/wp-content\/uploads\/sites\/18\/2019\/04\/RECURSO-3-768x576.jpg 768w\" sizes=\"(max-width: 1024px) 100vw, 1024px\" \/><\/a><\/p>\n<p>Se podr\u00eda decir, parafraseando una antolog\u00eda po\u00e9tica de <strong>Juan Gelman <\/strong>(Buenos Aires 1930), que en la Comunitat Valenciana hay muchos mundos gastron\u00f3micos. Yo tengo detectados varios, y quiz\u00e1s alg\u00fan d\u00eda me ponga el traje de Mister Cooking y abra el expediente de esa media docena de restaurantes con \u00a0identidad propia. Al margen de ello, uno de esos \u2018<strong>Otromundo\u2019<\/strong> de lo que te hablaba est\u00e1 all\u00ed, en Bon Amb. Otro mundo, otro nivel, otra dedicaci\u00f3n, otro sentimiento, otra forma de entender la cocina y la vida. Ese sitio al que siempre me gusta volver porque mi est\u00f3mago y mi cabeza se sienten felices all\u00ed.<\/p>\n<blockquote><p><span style=\"color: #ab9972;\">&gt;<\/span><\/p>\n<p><span style=\"color: #ab9972;\"><em>\u201cAyer naci\u00f3 un gorri\u00f3n en mi camisa\/<\/em><\/span><\/p>\n<p><span style=\"color: #ab9972;\"><em>Y hoy me cit\u00e9 de nuevo con un \u00e1rbol\u201d.<\/em><\/span><\/p>\n<p><span style=\"color: #ab9972;\">De\u00a0 Incilios\/Exilios. \u2018Otromundo\u2019. Juan Gelman.<\/span><\/p><\/blockquote>\n<p>&nbsp;<\/p>\n<p>A Alberto Ferruz no s\u00e9 si le gusta leer poes\u00eda. Menos, si le gusta bucear entre los versos de este poeta argentino, que a m\u00ed me fascina. S\u00e9, en cualquier caso, que tiene sensibilidad para disfrutarlos. Como disfrut\u00f3 leyendo: a <strong>V\u00e1zquez Montalb\u00e1n<\/strong> -quien en su d\u00eda sentenci\u00f3: \u201c<em>el hecho cultural m\u00e1s importante de los \u00faltimos treinta a\u00f1os en Espa\u00f1a es lo que ha pasado en la cocina<\/em>\u201d- ; &#8216;La Isla del Tesoro&#8217;, que le recuerda a su infancia, o ese \u2018Moby Dick\u2019 que te suele citar cuando conversas con \u00e9l en el acto final del fest\u00edn culinario de su casa.<\/p>\n<p><a href=\"https:\/\/static-blogs.lasprovincias.es\/wp-content\/uploads\/sites\/18\/2020\/04\/IMG_5628.jpg\"><img loading=\"lazy\" class=\"alignnone size-large wp-image-21806\" src=\"https:\/\/static-blogs.lasprovincias.es\/wp-content\/uploads\/sites\/18\/2020\/04\/IMG_5628-1024x667.jpg\" alt=\"\" width=\"1024\" height=\"667\" srcset=\"https:\/\/static-blogs.lasprovincias.es\/wp-content\/uploads\/sites\/18\/2020\/04\/IMG_5628.jpg 1024w, https:\/\/static-blogs.lasprovincias.es\/wp-content\/uploads\/sites\/18\/2020\/04\/IMG_5628-300x195.jpg 300w, https:\/\/static-blogs.lasprovincias.es\/wp-content\/uploads\/sites\/18\/2020\/04\/IMG_5628-768x500.jpg 768w\" sizes=\"(max-width: 1024px) 100vw, 1024px\" \/><\/a><\/p>\n<p>Le gusta la impecable historia de <strong>Melville<\/strong> porque quiz\u00e1s este aragon\u00e9s no es de ninguna parte. Cocina el interior con el alma del mar; es de Cari\u00f1ena con el coraz\u00f3n desparramado en X\u00e0bia. <span style=\"color: #ab9972;\"><strong>Es un lobo marino de la cocina: discreto, siguiendo su camino, buscando con su arp\u00f3n a la ballena blanca.<\/strong><\/span> Un cocinero con esa inspiraci\u00f3n l\u00facida que regala la dedicaci\u00f3n absoluta. Como los hombres de la mar.<\/p>\n<blockquote><p><span style=\"color: #ab9972;\">&gt;<\/span><\/p>\n<p><span style=\"color: #ab9972;\">\u201c<em>Queequeg era nativo de Kokovoka, una isla muy lejana hacia el Oeste y el Sur. No figura en ning\u00fan mapa; los verdaderos lugares nunca lo est\u00e1n\u201d<\/em><\/span><\/p>\n<p><span style=\"color: #ab9972;\">\u2018Moby Dick\u2019. Herman Melville<\/span><\/p>\n<p>&nbsp;<\/p><\/blockquote>\n<p>Admiro a Ferruz y a su equipo. El de cocina, con <strong>Emmanuelle Baron<\/strong>, como segunda de la tripulaci\u00f3n \u00a0y<strong>\u00a0Laura Garc\u00eda<\/strong>, en la parte dulce. Un equipo soberbio. Y el de sala, con <strong>Pablo Catal\u00e1<\/strong> al frente. Con su amabilidad firme y su personalidad. Junto a \u00e9l, <strong>Enrique Garc\u00eda Albelda<\/strong>, haciendo lucir cada vez con m\u00e1s br\u00edo su bodega. Desde de la humildad y la pasi\u00f3n. Con \u00e9l, <strong>Cristina Prado<\/strong>. Bueno, es el equipo que conoc\u00ed la \u00faltima vez que estuve&#8230;<\/p>\n<p><a href=\"https:\/\/static-blogs.lasprovincias.es\/wp-content\/uploads\/sites\/18\/2019\/04\/FOTO-GRANDE.jpg\"><img loading=\"lazy\" class=\"alignnone size-large wp-image-19415\" src=\"https:\/\/static-blogs.lasprovincias.es\/wp-content\/uploads\/sites\/18\/2019\/04\/FOTO-GRANDE-1024x768.jpg\" alt=\"\" width=\"1024\" height=\"768\" srcset=\"https:\/\/static-blogs.lasprovincias.es\/wp-content\/uploads\/sites\/18\/2019\/04\/FOTO-GRANDE.jpg 1024w, https:\/\/static-blogs.lasprovincias.es\/wp-content\/uploads\/sites\/18\/2019\/04\/FOTO-GRANDE-300x225.jpg 300w, https:\/\/static-blogs.lasprovincias.es\/wp-content\/uploads\/sites\/18\/2019\/04\/FOTO-GRANDE-768x576.jpg 768w\" sizes=\"(max-width: 1024px) 100vw, 1024px\" \/><\/a><\/p>\n<p>Cocina y sala se complementan y le dan pureza a Bon Amb. En \u00e9l, platos que dise\u00f1\u00f3 <strong>Encarna Soler y\u00a0<\/strong>esculturas que danzan en tu imaginaci\u00f3n al comp\u00e1s de los platos que vienen y van, repletos de historias con paisaje y entra\u00f1as, con verdades forjadas en la tradici\u00f3n, pero tendidas al sol de la vanguardia.<\/p>\n<div id=\"attachment_13554\" style=\"width: 1034px\" class=\"wp-caption alignnone\"><a href=\"https:\/\/static-blogs.lasprovincias.es\/wp-content\/uploads\/sites\/18\/2017\/09\/IMG_5250.jpg\"><img aria-describedby=\"caption-attachment-13554\" loading=\"lazy\" class=\"size-large wp-image-13554\" src=\"https:\/\/static-blogs.lasprovincias.es\/wp-content\/uploads\/sites\/18\/2017\/09\/IMG_5250-1024x683.jpg\" alt=\"\" width=\"1024\" height=\"683\" srcset=\"https:\/\/static-blogs.lasprovincias.es\/wp-content\/uploads\/sites\/18\/2017\/09\/IMG_5250.jpg 1024w, https:\/\/static-blogs.lasprovincias.es\/wp-content\/uploads\/sites\/18\/2017\/09\/IMG_5250-300x200.jpg 300w, https:\/\/static-blogs.lasprovincias.es\/wp-content\/uploads\/sites\/18\/2017\/09\/IMG_5250-768x512.jpg 768w\" sizes=\"(max-width: 1024px) 100vw, 1024px\" \/><\/a><p id=\"caption-attachment-13554\" class=\"wp-caption-text\"><em><span style=\"color: #ab9972;\">La calabaza fermentada con buey de mar de Bon Amb. Foto J. Trelis<\/span><\/em><\/p><\/div>\n<p>&nbsp;<\/p>\n<hr \/>\n<p><span style=\"color: #ab9972;\">UNA CITA VIRTUAL<\/span><\/p>\n<p>Este Jueves Santo es distinto por muchas cosas.Para m\u00ed, entre otras, porque no estamos all\u00ed. Tendremos que cambiar por una vez nuestra visita en el calendario. Ese calendario que ha quedado trastocado pero que no renuncia a recuperar la primavera que, de momento, pasa solitaria por nuestro lado. No estamos all\u00ed, pero no renunciamos a saborear aquellos platos que a\u00fan perviven en la memoria del paladar. Como los versos de Gelman:<\/p>\n<blockquote><p><span style=\"color: #ab9972;\"><em>\u201cTal vez el mundo cabe en la cocina\u2026\u201d<\/em><\/span><\/p>\n<p><a href=\"https:\/\/static-blogs.lasprovincias.es\/wp-content\/uploads\/sites\/18\/2017\/12\/tallarines-oregano-bon-amb.jpg\"><img loading=\"lazy\" class=\"alignnone size-full wp-image-14577\" src=\"https:\/\/static-blogs.lasprovincias.es\/wp-content\/uploads\/sites\/18\/2017\/12\/tallarines-oregano-bon-amb.jpg\" alt=\"\" width=\"803\" height=\"768\" srcset=\"https:\/\/static-blogs.lasprovincias.es\/wp-content\/uploads\/sites\/18\/2017\/12\/tallarines-oregano-bon-amb.jpg 803w, https:\/\/static-blogs.lasprovincias.es\/wp-content\/uploads\/sites\/18\/2017\/12\/tallarines-oregano-bon-amb-300x287.jpg 300w, https:\/\/static-blogs.lasprovincias.es\/wp-content\/uploads\/sites\/18\/2017\/12\/tallarines-oregano-bon-amb-768x735.jpg 768w\" sizes=\"(max-width: 803px) 100vw, 803px\" \/><\/a><\/p><\/blockquote>\n<p><span style=\"color: #ab1010;\">ACTO I<\/span><\/p>\n<p><span style=\"color: #ab9972;\">&gt;JUEGOS CON SALAZONES.<\/span>\u00a0Pescados secados al sol. La primera vez que me ense\u00f1\u00f3 la t\u00e9cnica fue en el <a href=\"https:\/\/blogs.lasprovincias.es\/historiascondelantal\/2018\/09\/28\/denia-se-convierte-en-la-gran-despensa-de-la-gastronomia\/\">DNA de Quique Dacosta<\/a>. Ha evolucionado, y mucho. Esos salazones forman parte de sus nigiris mediterr\u00e1neos.<\/p>\n<p><a href=\"https:\/\/static-blogs.lasprovincias.es\/wp-content\/uploads\/sites\/18\/2019\/05\/IMG_20190418_145604.jpg\"><img loading=\"lazy\" class=\"alignnone size-large wp-image-19430\" src=\"https:\/\/static-blogs.lasprovincias.es\/wp-content\/uploads\/sites\/18\/2019\/05\/IMG_20190418_145604-1024x768.jpg\" alt=\"\" width=\"1024\" height=\"768\" srcset=\"https:\/\/static-blogs.lasprovincias.es\/wp-content\/uploads\/sites\/18\/2019\/05\/IMG_20190418_145604.jpg 1024w, https:\/\/static-blogs.lasprovincias.es\/wp-content\/uploads\/sites\/18\/2019\/05\/IMG_20190418_145604-300x225.jpg 300w, https:\/\/static-blogs.lasprovincias.es\/wp-content\/uploads\/sites\/18\/2019\/05\/IMG_20190418_145604-768x576.jpg 768w\" sizes=\"(max-width: 1024px) 100vw, 1024px\" \/><\/a> <a href=\"https:\/\/static-blogs.lasprovincias.es\/wp-content\/uploads\/sites\/18\/2019\/04\/RECURSO-e1556808719716.jpg\"><img loading=\"lazy\" class=\"alignnone size-large wp-image-19419\" src=\"https:\/\/static-blogs.lasprovincias.es\/wp-content\/uploads\/sites\/18\/2019\/04\/RECURSO-e1556808719716-1024x616.jpg\" alt=\"\" width=\"1024\" height=\"616\" srcset=\"https:\/\/static-blogs.lasprovincias.es\/wp-content\/uploads\/sites\/18\/2019\/04\/RECURSO-e1556808719716.jpg 1024w, https:\/\/static-blogs.lasprovincias.es\/wp-content\/uploads\/sites\/18\/2019\/04\/RECURSO-e1556808719716-300x180.jpg 300w, https:\/\/static-blogs.lasprovincias.es\/wp-content\/uploads\/sites\/18\/2019\/04\/RECURSO-e1556808719716-768x462.jpg 768w\" sizes=\"(max-width: 1024px) 100vw, 1024px\" \/><\/a><\/p>\n<p>Una derivada, que prob\u00e9 el a\u00f1o pasado y me entusiasm\u00f3: el <strong>magro de at\u00fan y ventresca secada al sol<\/strong> (2019).<\/p>\n<p><a href=\"https:\/\/static-blogs.lasprovincias.es\/wp-content\/uploads\/sites\/18\/2019\/05\/IMG_20190418_150038.jpg\"><img loading=\"lazy\" class=\"size-large wp-image-19433\" src=\"https:\/\/static-blogs.lasprovincias.es\/wp-content\/uploads\/sites\/18\/2019\/05\/IMG_20190418_150038-1024x768.jpg\" alt=\"\" width=\"1024\" height=\"768\" srcset=\"https:\/\/static-blogs.lasprovincias.es\/wp-content\/uploads\/sites\/18\/2019\/05\/IMG_20190418_150038.jpg 1024w, https:\/\/static-blogs.lasprovincias.es\/wp-content\/uploads\/sites\/18\/2019\/05\/IMG_20190418_150038-300x225.jpg 300w, https:\/\/static-blogs.lasprovincias.es\/wp-content\/uploads\/sites\/18\/2019\/05\/IMG_20190418_150038-768x576.jpg 768w\" sizes=\"(max-width: 1024px) 100vw, 1024px\" \/><\/a><\/p>\n<p>&nbsp;<\/p>\n<p><span style=\"color: #ab1010;\">ACTO II<\/span><\/p>\n<p><span style=\"color: #ab9972;\">&gt;FERMENTADOS.<\/span> Es otra de las secuencias que trabaja de forma magistral. Platos que limpian y sientan bien, a la hora de dar la bienvenida a Bon Amb. De lpasado a\u00f1o, a destacar de forma enf\u00e1tica, sus <strong>tomates secados a la serena<\/strong>.<\/p>\n<p><a href=\"https:\/\/static-blogs.lasprovincias.es\/wp-content\/uploads\/sites\/18\/2019\/04\/3.-TOMATE.jpg\"><img loading=\"lazy\" class=\"alignnone size-large wp-image-19413\" src=\"https:\/\/static-blogs.lasprovincias.es\/wp-content\/uploads\/sites\/18\/2019\/04\/3.-TOMATE-1024x768.jpg\" alt=\"\" width=\"1024\" height=\"768\" srcset=\"https:\/\/static-blogs.lasprovincias.es\/wp-content\/uploads\/sites\/18\/2019\/04\/3.-TOMATE.jpg 1024w, https:\/\/static-blogs.lasprovincias.es\/wp-content\/uploads\/sites\/18\/2019\/04\/3.-TOMATE-300x225.jpg 300w, https:\/\/static-blogs.lasprovincias.es\/wp-content\/uploads\/sites\/18\/2019\/04\/3.-TOMATE-768x576.jpg 768w\" sizes=\"(max-width: 1024px) 100vw, 1024px\" \/><\/a><\/p>\n<p>O este escabeche de\u00a0<strong>calabaza fermentada <\/strong>(2017); el propio Ferruz me lo describi\u00f3\u00a0como &#8220;divertido, natural y hecho con cosas b\u00e1sicas que acaban en un plato grande&#8221;.<\/p>\n<p><a href=\"https:\/\/static-blogs.lasprovincias.es\/wp-content\/uploads\/sites\/18\/2020\/04\/IMG_5253.jpg\"><img loading=\"lazy\" class=\"alignnone size-large wp-image-21797\" src=\"https:\/\/static-blogs.lasprovincias.es\/wp-content\/uploads\/sites\/18\/2020\/04\/IMG_5253-1024x683.jpg\" alt=\"\" width=\"1024\" height=\"683\" srcset=\"https:\/\/static-blogs.lasprovincias.es\/wp-content\/uploads\/sites\/18\/2020\/04\/IMG_5253.jpg 1024w, https:\/\/static-blogs.lasprovincias.es\/wp-content\/uploads\/sites\/18\/2020\/04\/IMG_5253-300x200.jpg 300w, https:\/\/static-blogs.lasprovincias.es\/wp-content\/uploads\/sites\/18\/2020\/04\/IMG_5253-768x512.jpg 768w\" sizes=\"(max-width: 1024px) 100vw, 1024px\" \/><\/a><\/p>\n<p>&nbsp;<\/p>\n<p><span style=\"color: #ab1010;\">ACTO III<\/span><\/p>\n<p><span style=\"color: #ab9972;\">&gt;TRADICI\u00d3N.<\/span> Muchos, por no decir todos, los platos de Bon Amb tienen un velo de tradici\u00f3n tras ellos. Algunos de forma muy evidente. Deben estar tambi\u00e9n en este men\u00fa virtual. Por ejemplo, sus <strong>coques<\/strong> (por ejemplo con erizo), que han ido evolucionando con los a\u00f1os (2018-2019).<\/p>\n<p><a href=\"https:\/\/static-blogs.lasprovincias.es\/wp-content\/uploads\/sites\/18\/2020\/04\/IMG_20180329_144247.jpg\"><img loading=\"lazy\" class=\"alignnone size-large wp-image-21798\" src=\"https:\/\/static-blogs.lasprovincias.es\/wp-content\/uploads\/sites\/18\/2020\/04\/IMG_20180329_144247-1024x618.jpg\" alt=\"\" width=\"1024\" height=\"618\" srcset=\"https:\/\/static-blogs.lasprovincias.es\/wp-content\/uploads\/sites\/18\/2020\/04\/IMG_20180329_144247.jpg 1024w, https:\/\/static-blogs.lasprovincias.es\/wp-content\/uploads\/sites\/18\/2020\/04\/IMG_20180329_144247-300x181.jpg 300w, https:\/\/static-blogs.lasprovincias.es\/wp-content\/uploads\/sites\/18\/2020\/04\/IMG_20180329_144247-768x464.jpg 768w\" sizes=\"(max-width: 1024px) 100vw, 1024px\" \/><\/a><\/p>\n<p>Aunque dentro de la tradici\u00f3n, la palma se la lleva este <strong>cocido<\/strong>, que prob\u00e9 por primera vez en 2018 y repiti\u00f3 (con l\u00f3gica) en 2019.<\/p>\n<p><a href=\"https:\/\/static-blogs.lasprovincias.es\/wp-content\/uploads\/sites\/18\/2020\/04\/IMG_7920.jpg\"><img loading=\"lazy\" class=\"alignnone size-large wp-image-21799\" src=\"https:\/\/static-blogs.lasprovincias.es\/wp-content\/uploads\/sites\/18\/2020\/04\/IMG_7920-1024x683.jpg\" alt=\"\" width=\"1024\" height=\"683\" srcset=\"https:\/\/static-blogs.lasprovincias.es\/wp-content\/uploads\/sites\/18\/2020\/04\/IMG_7920.jpg 1024w, https:\/\/static-blogs.lasprovincias.es\/wp-content\/uploads\/sites\/18\/2020\/04\/IMG_7920-300x200.jpg 300w, https:\/\/static-blogs.lasprovincias.es\/wp-content\/uploads\/sites\/18\/2020\/04\/IMG_7920-768x512.jpg 768w\" sizes=\"(max-width: 1024px) 100vw, 1024px\" \/><\/a><\/p>\n<p>&nbsp;<\/p>\n<p><span style=\"color: #ab1010;\">ACTO IV<\/span><\/p>\n<p><span style=\"color: #ab9972;\">&gt;LOS HIJOS DEL MAR.<\/span> Siempre hay un momento en los men\u00fas en el que todo parece trepidante. Ya sabes, la bajada acelerada de la monta\u00f1a rusa. (Desmelene). Lo hacemos ahora aqu\u00ed. Primero, uno de sus <strong>tallarines de calamar<\/strong>. Le he probado tres versiones, entre 2017 y 2019. Me quedo con las tres (ja, ja, ja ). La \u00faltima fue espectacular, la verdad. Pero el primero, con el tallar\u00edn en adobo, or\u00e9gano y piment\u00f3n&#8230;. fue magistral.<\/p>\n<p style=\"text-align: center;\"><span style=\"color: #ab9972;\">2019<\/span><\/p>\n<p><a href=\"https:\/\/static-blogs.lasprovincias.es\/wp-content\/uploads\/sites\/18\/2019\/07\/14.-Bon-Amb3.jpg\"><img loading=\"lazy\" class=\"size-large wp-image-19951\" src=\"https:\/\/static-blogs.lasprovincias.es\/wp-content\/uploads\/sites\/18\/2019\/07\/14.-Bon-Amb3-1024x768.jpg\" alt=\"\" width=\"1024\" height=\"768\" srcset=\"https:\/\/static-blogs.lasprovincias.es\/wp-content\/uploads\/sites\/18\/2019\/07\/14.-Bon-Amb3.jpg 1024w, https:\/\/static-blogs.lasprovincias.es\/wp-content\/uploads\/sites\/18\/2019\/07\/14.-Bon-Amb3-300x225.jpg 300w, https:\/\/static-blogs.lasprovincias.es\/wp-content\/uploads\/sites\/18\/2019\/07\/14.-Bon-Amb3-768x576.jpg 768w\" sizes=\"(max-width: 1024px) 100vw, 1024px\" \/><\/a><\/p>\n<p style=\"text-align: center;\"><span style=\"color: #ab9972;\">2017<\/span><\/p>\n<p><a href=\"https:\/\/static-blogs.lasprovincias.es\/wp-content\/uploads\/sites\/18\/2020\/04\/IMG_20170420_154203.jpg\"><img loading=\"lazy\" class=\"size-large wp-image-21801\" src=\"https:\/\/static-blogs.lasprovincias.es\/wp-content\/uploads\/sites\/18\/2020\/04\/IMG_20170420_154203-1024x768.jpg\" alt=\"\" width=\"1024\" height=\"768\" srcset=\"https:\/\/static-blogs.lasprovincias.es\/wp-content\/uploads\/sites\/18\/2020\/04\/IMG_20170420_154203.jpg 1024w, https:\/\/static-blogs.lasprovincias.es\/wp-content\/uploads\/sites\/18\/2020\/04\/IMG_20170420_154203-300x225.jpg 300w, https:\/\/static-blogs.lasprovincias.es\/wp-content\/uploads\/sites\/18\/2020\/04\/IMG_20170420_154203-768x576.jpg 768w\" sizes=\"(max-width: 1024px) 100vw, 1024px\" \/><\/a><\/p>\n<p>Siguiendo entre los favoritos&#8230; no puedo m\u00e1s que suspirar por sus <strong>cocochas\u00a0de merluza con pilpil de hierbas de costa y encurtidos<\/strong> (men\u00fa 2017). Lloro&#8230;<\/p>\n<p><a href=\"https:\/\/static-blogs.lasprovincias.es\/wp-content\/uploads\/sites\/18\/2020\/04\/IMG_20170420_153215.jpg\"><img loading=\"lazy\" class=\"size-large wp-image-21802\" src=\"https:\/\/static-blogs.lasprovincias.es\/wp-content\/uploads\/sites\/18\/2020\/04\/IMG_20170420_153215-1024x768.jpg\" alt=\"\" width=\"1024\" height=\"768\" srcset=\"https:\/\/static-blogs.lasprovincias.es\/wp-content\/uploads\/sites\/18\/2020\/04\/IMG_20170420_153215.jpg 1024w, https:\/\/static-blogs.lasprovincias.es\/wp-content\/uploads\/sites\/18\/2020\/04\/IMG_20170420_153215-300x225.jpg 300w, https:\/\/static-blogs.lasprovincias.es\/wp-content\/uploads\/sites\/18\/2020\/04\/IMG_20170420_153215-768x576.jpg 768w\" sizes=\"(max-width: 1024px) 100vw, 1024px\" \/><\/a><\/p>\n<p>Y por rematar este tr\u00edo de platos favoritos del mar, pues tengo que citarte esas<strong> quisquillas con crujiente de grasa de vaca y almendras<\/strong> de agua (tan tiernas que era peque\u00f1as explosiones de primavera).<\/p>\n<p><a href=\"https:\/\/static-blogs.lasprovincias.es\/wp-content\/uploads\/sites\/18\/2020\/04\/IMG_8003.jpg\"><img loading=\"lazy\" class=\"alignnone size-large wp-image-21803\" src=\"https:\/\/static-blogs.lasprovincias.es\/wp-content\/uploads\/sites\/18\/2020\/04\/IMG_8003-1024x683.jpg\" alt=\"\" width=\"1024\" height=\"683\" srcset=\"https:\/\/static-blogs.lasprovincias.es\/wp-content\/uploads\/sites\/18\/2020\/04\/IMG_8003.jpg 1024w, https:\/\/static-blogs.lasprovincias.es\/wp-content\/uploads\/sites\/18\/2020\/04\/IMG_8003-300x200.jpg 300w, https:\/\/static-blogs.lasprovincias.es\/wp-content\/uploads\/sites\/18\/2020\/04\/IMG_8003-768x512.jpg 768w\" sizes=\"(max-width: 1024px) 100vw, 1024px\" \/><\/a><\/p>\n<p>Te dije rematar, pero la memoria me ha encendido todas las alarmas. \u00a1Por todos los dioses! El a\u00f1o pasado la gloria se desat\u00f3 con estos <strong>papardeles marinos<\/strong> que fueron de lo mejor de 2019. Un plato con algas, vieira, an\u00e9monas&#8230; sencillamente brutal. De rezar tres <em>padrenuestros<\/em> como agradecimiento (si me lo permiten).<\/p>\n<p><a href=\"https:\/\/static-blogs.lasprovincias.es\/wp-content\/uploads\/sites\/18\/2019\/12\/Bon-Amb-1.-PAPARDELE.jpg\"><img loading=\"lazy\" class=\"alignnone size-large wp-image-21289\" src=\"https:\/\/static-blogs.lasprovincias.es\/wp-content\/uploads\/sites\/18\/2019\/12\/Bon-Amb-1.-PAPARDELE-1024x768.jpg\" alt=\"\" width=\"1024\" height=\"768\" srcset=\"https:\/\/static-blogs.lasprovincias.es\/wp-content\/uploads\/sites\/18\/2019\/12\/Bon-Amb-1.-PAPARDELE.jpg 1024w, https:\/\/static-blogs.lasprovincias.es\/wp-content\/uploads\/sites\/18\/2019\/12\/Bon-Amb-1.-PAPARDELE-300x225.jpg 300w, https:\/\/static-blogs.lasprovincias.es\/wp-content\/uploads\/sites\/18\/2019\/12\/Bon-Amb-1.-PAPARDELE-768x576.jpg 768w\" sizes=\"(max-width: 1024px) 100vw, 1024px\" \/><\/a><\/p>\n<p>&nbsp;<\/p>\n<p><span style=\"color: #ab1010;\">ACTO V<\/span><\/p>\n<p><span style=\"color: #ab9972;\">&gt;Y SE HIZO CARNE.<\/span> Las ra\u00edces aragonesas se dejan notar a la hora de tratar la buena carne. Hay algo glorioso en platos c\u00e1rnicos de Alberto, como pasa con su\u00a0<strong>pancita\u00a0de agnei con suero tostado de leche<\/strong> que a \u00e9l mismo le recuerda a su familia, a su abuela (tal y como nos cont\u00f3 en <a href=\"https:\/\/blogs.lasprovincias.es\/historiascondelantal\/2020\/01\/19\/madrid-fusion-o-el-jugo-de-la-memoria\/\">Madrid Fusi\u00f3n este mismo a\u00f1o,<\/a> a la hora de cocinar aquel jugo de la memoria). Quiz\u00e1s es de los plato que m\u00e1s he disfrutado all\u00ed.<\/p>\n<blockquote>\n<p style=\"text-align: center;\"><span style=\"color: #ab9972;\">2019<\/span><\/p>\n<\/blockquote>\n<p><a href=\"https:\/\/static-blogs.lasprovincias.es\/wp-content\/uploads\/sites\/18\/2019\/05\/IMG_20190418_161231.jpg\"><img loading=\"lazy\" class=\"size-large wp-image-19482\" src=\"https:\/\/static-blogs.lasprovincias.es\/wp-content\/uploads\/sites\/18\/2019\/05\/IMG_20190418_161231-1024x625.jpg\" alt=\"\" width=\"1024\" height=\"625\" srcset=\"https:\/\/static-blogs.lasprovincias.es\/wp-content\/uploads\/sites\/18\/2019\/05\/IMG_20190418_161231.jpg 1024w, https:\/\/static-blogs.lasprovincias.es\/wp-content\/uploads\/sites\/18\/2019\/05\/IMG_20190418_161231-300x183.jpg 300w, https:\/\/static-blogs.lasprovincias.es\/wp-content\/uploads\/sites\/18\/2019\/05\/IMG_20190418_161231-768x469.jpg 768w\" sizes=\"(max-width: 1024px) 100vw, 1024px\" \/><\/a><\/p>\n<p style=\"text-align: center;\"><span style=\"color: #ab9972;\">2018<\/span><\/p>\n<p><a href=\"https:\/\/static-blogs.lasprovincias.es\/wp-content\/uploads\/sites\/18\/2020\/04\/bon-amb.jpg\"><img loading=\"lazy\" class=\"alignnone size-large wp-image-21804\" src=\"https:\/\/static-blogs.lasprovincias.es\/wp-content\/uploads\/sites\/18\/2020\/04\/bon-amb-1024x629.jpg\" alt=\"\" width=\"1024\" height=\"629\" srcset=\"https:\/\/static-blogs.lasprovincias.es\/wp-content\/uploads\/sites\/18\/2020\/04\/bon-amb.jpg 1024w, https:\/\/static-blogs.lasprovincias.es\/wp-content\/uploads\/sites\/18\/2020\/04\/bon-amb-300x184.jpg 300w, https:\/\/static-blogs.lasprovincias.es\/wp-content\/uploads\/sites\/18\/2020\/04\/bon-amb-768x472.jpg 768w\" sizes=\"(max-width: 1024px) 100vw, 1024px\" \/><\/a><\/p>\n<p>Aunque el remate siempre ha sido el <strong>pato de l&#8217;Albufera<\/strong>. La forma de cocinarlo es estremecedora. Me enloquece. Con remolacha en 2018 o acompa\u00f1ado de esa farsa magistral en 2019.<\/p>\n<p><a href=\"https:\/\/static-blogs.lasprovincias.es\/wp-content\/uploads\/sites\/18\/2020\/04\/IMG_8084.jpg\"><img loading=\"lazy\" class=\"alignnone size-large wp-image-21805\" src=\"https:\/\/static-blogs.lasprovincias.es\/wp-content\/uploads\/sites\/18\/2020\/04\/IMG_8084-1024x683.jpg\" alt=\"\" width=\"1024\" height=\"683\" srcset=\"https:\/\/static-blogs.lasprovincias.es\/wp-content\/uploads\/sites\/18\/2020\/04\/IMG_8084.jpg 1024w, https:\/\/static-blogs.lasprovincias.es\/wp-content\/uploads\/sites\/18\/2020\/04\/IMG_8084-300x200.jpg 300w, https:\/\/static-blogs.lasprovincias.es\/wp-content\/uploads\/sites\/18\/2020\/04\/IMG_8084-768x512.jpg 768w\" sizes=\"(max-width: 1024px) 100vw, 1024px\" \/><\/a><\/p>\n<p>&nbsp;<\/p>\n<p><a href=\"https:\/\/static-blogs.lasprovincias.es\/wp-content\/uploads\/sites\/18\/2019\/04\/2.-SOREPSA...-PATO.jpg\"><img loading=\"lazy\" class=\"alignnone size-large wp-image-19412\" src=\"https:\/\/static-blogs.lasprovincias.es\/wp-content\/uploads\/sites\/18\/2019\/04\/2.-SOREPSA...-PATO-1024x768.jpg\" alt=\"\" width=\"1024\" height=\"768\" srcset=\"https:\/\/static-blogs.lasprovincias.es\/wp-content\/uploads\/sites\/18\/2019\/04\/2.-SOREPSA...-PATO.jpg 1024w, https:\/\/static-blogs.lasprovincias.es\/wp-content\/uploads\/sites\/18\/2019\/04\/2.-SOREPSA...-PATO-300x225.jpg 300w, https:\/\/static-blogs.lasprovincias.es\/wp-content\/uploads\/sites\/18\/2019\/04\/2.-SOREPSA...-PATO-768x576.jpg 768w\" sizes=\"(max-width: 1024px) 100vw, 1024px\" \/><\/a><\/p>\n<p>&nbsp;<\/p>\n<p><span style=\"color: #ab1010;\">ACTO VI<\/span><\/p>\n<p><span style=\"color: #ab9972;\">&gt;DULCE.<\/span> Deja que remate con un dulce. Con las<strong> almendras saladas<\/strong> que se quedaron asentadas en mi memoria para siempre. Uno de \u00a0sus muchos, dulces. (La rosa, otro, por ejemplo).<\/p>\n<p>&nbsp;<\/p>\n<p><a href=\"https:\/\/static-blogs.lasprovincias.es\/wp-content\/uploads\/sites\/18\/2018\/06\/IMG_20180329_165831.jpg\"><img loading=\"lazy\" class=\"alignnone size-large wp-image-16794\" src=\"https:\/\/static-blogs.lasprovincias.es\/wp-content\/uploads\/sites\/18\/2018\/06\/IMG_20180329_165831-1024x768.jpg\" alt=\"\" width=\"1024\" height=\"768\" srcset=\"https:\/\/static-blogs.lasprovincias.es\/wp-content\/uploads\/sites\/18\/2018\/06\/IMG_20180329_165831.jpg 1024w, https:\/\/static-blogs.lasprovincias.es\/wp-content\/uploads\/sites\/18\/2018\/06\/IMG_20180329_165831-300x225.jpg 300w, https:\/\/static-blogs.lasprovincias.es\/wp-content\/uploads\/sites\/18\/2018\/06\/IMG_20180329_165831-768x576.jpg 768w\" sizes=\"(max-width: 1024px) 100vw, 1024px\" \/><\/a><\/p>\n<p>Bon Amb es, de hecho, todo <strong><span style=\"color: #ab1010;\">un carrusel de placer<\/span> <\/strong>que nace de tantas horas de encierro y reflexi\u00f3n, de tanta dedicaci\u00f3n. S\u00f3lo as\u00ed se puede lograr transmitir tanto en la mesa<span style=\"color: #333333;\">. <\/span><span style=\"color: #ab1010;\"><span style=\"color: #333333;\">Hacer bailar los sentimientos del comensal y dejar entregado el paladar. Ese es el m\u00e9rito de Alberto. Ser esencia de verdad.\u00a0<\/span><\/span><\/p>\n<hr \/>\n<p><strong><span style=\"color: #333333;\">FIN<\/span><\/strong><\/p>\n<p>Encender el fuego de los recuerdos y dejarlos pochar es una buena forma de viajar; de mantener vivo el calendario. Una forma de hacer que el Jueves Santo sea como todos aquellos jueves santos pasados. Esos, remato con Juan (Gelman) ya que estamos, en los que sent\u00ed que:<\/p>\n<blockquote><p><span style=\"color: #ab9972;\"><em>\u201cLa primavera canta en mi pa\u00f1uelo\u201d<\/em><\/span><\/p><\/blockquote>\n<p>Volveremos a llenar las mesas. Volveremos a brindar. Tambi\u00e9n, en Bon Amb.<\/p>\n<p><a href=\"https:\/\/static-blogs.lasprovincias.es\/wp-content\/uploads\/sites\/18\/2019\/05\/IMG_20190418_170649.jpg\"><img loading=\"lazy\" class=\"size-large wp-image-19495\" src=\"https:\/\/static-blogs.lasprovincias.es\/wp-content\/uploads\/sites\/18\/2019\/05\/IMG_20190418_170649-1024x768.jpg\" alt=\"\" width=\"1024\" height=\"768\" srcset=\"https:\/\/static-blogs.lasprovincias.es\/wp-content\/uploads\/sites\/18\/2019\/05\/IMG_20190418_170649.jpg 1024w, https:\/\/static-blogs.lasprovincias.es\/wp-content\/uploads\/sites\/18\/2019\/05\/IMG_20190418_170649-300x225.jpg 300w, https:\/\/static-blogs.lasprovincias.es\/wp-content\/uploads\/sites\/18\/2019\/05\/IMG_20190418_170649-768x576.jpg 768w\" sizes=\"(max-width: 1024px) 100vw, 1024px\" \/><\/a><\/p>\n<p>&nbsp;<\/p>\n<!-- AddThis Advanced Settings generic via filter on the_content --><!-- AddThis Share Buttons generic via filter on the_content -->","protected":false},"excerpt":{"rendered":"<p>Los jueves santos eran, en mi calendario, santos jueves. Desde hace unos a\u00f1os, este d\u00eda siempre estaba reservado para descubrir los avances de la cocina de Alberto Ferruz y la consolidaci\u00f3n de Bon Amb. Este a\u00f1o me he negado a resignarme y no estar all\u00ed. As\u00ed que he cocinado los recuerdos y me siento junto [&hellip;]<!-- AddThis Advanced Settings generic via filter on get_the_excerpt --><!-- AddThis Share Buttons generic via filter on get_the_excerpt --><\/p>\n","protected":false},"author":23,"featured_media":21800,"comment_status":"open","ping_status":"open","sticky":false,"template":"","format":"standard","meta":[],"categories":[2,3,4,5,7],"tags":[29,142,1164],"_links":{"self":[{"href":"https:\/\/blogs.lasprovincias.es\/historiascondelantal\/wp-json\/wp\/v2\/posts\/21796"}],"collection":[{"href":"https:\/\/blogs.lasprovincias.es\/historiascondelantal\/wp-json\/wp\/v2\/posts"}],"about":[{"href":"https:\/\/blogs.lasprovincias.es\/historiascondelantal\/wp-json\/wp\/v2\/types\/post"}],"author":[{"embeddable":true,"href":"https:\/\/blogs.lasprovincias.es\/historiascondelantal\/wp-json\/wp\/v2\/users\/23"}],"replies":[{"embeddable":true,"href":"https:\/\/blogs.lasprovincias.es\/historiascondelantal\/wp-json\/wp\/v2\/comments?post=21796"}],"version-history":[{"count":1,"href":"https:\/\/blogs.lasprovincias.es\/historiascondelantal\/wp-json\/wp\/v2\/posts\/21796\/revisions"}],"predecessor-version":[{"id":21808,"href":"https:\/\/blogs.lasprovincias.es\/historiascondelantal\/wp-json\/wp\/v2\/posts\/21796\/revisions\/21808"}],"wp:featuredmedia":[{"embeddable":true,"href":"https:\/\/blogs.lasprovincias.es\/historiascondelantal\/wp-json\/wp\/v2\/media\/21800"}],"wp:attachment":[{"href":"https:\/\/blogs.lasprovincias.es\/historiascondelantal\/wp-json\/wp\/v2\/media?parent=21796"}],"wp:term":[{"taxonomy":"category","embeddable":true,"href":"https:\/\/blogs.lasprovincias.es\/historiascondelantal\/wp-json\/wp\/v2\/categories?post=21796"},{"taxonomy":"post_tag","embeddable":true,"href":"https:\/\/blogs.lasprovincias.es\/historiascondelantal\/wp-json\/wp\/v2\/tags?post=21796"}],"curies":[{"name":"wp","href":"https:\/\/api.w.org\/{rel}","templated":true}]}}