{"id":21809,"date":"2020-04-12T08:54:40","date_gmt":"2020-04-12T06:54:40","guid":{"rendered":"https:\/\/blogs.lasprovincias.es\/historiascondelantal\/?p=21809"},"modified":"2020-04-12T09:14:05","modified_gmt":"2020-04-12T07:14:05","slug":"gastronomia-encuadernada-cocinas-de-papel","status":"publish","type":"post","link":"https:\/\/blogs.lasprovincias.es\/historiascondelantal\/2020\/04\/12\/gastronomia-encuadernada-cocinas-de-papel\/","title":{"rendered":"Gastronom\u00eda encuadernada: cocinas de papel"},"content":{"rendered":"<p>En <strong>esa despensa de ilusiones que es la biblioteca<\/strong>, los libros marcan el camino de los sue\u00f1os culinarios. Todos ellos escoden, en su interior, almas de cocineros y platos que son recuerdos. Palabras e im\u00e1genes que nos susurran que, <strong><span style=\"color: #b0a686;\">cuando todo pase<\/span><\/strong>, ellos volver\u00e1n a encender los fuegos.<\/p>\n<p><a href=\"https:\/\/static-blogs.lasprovincias.es\/wp-content\/uploads\/sites\/18\/2020\/04\/2B33F93C-EAB4-47EB-9EED-2F49357E59FB.jpg\"><img loading=\"lazy\" class=\"alignnone size-large wp-image-21810\" src=\"https:\/\/static-blogs.lasprovincias.es\/wp-content\/uploads\/sites\/18\/2020\/04\/2B33F93C-EAB4-47EB-9EED-2F49357E59FB-1024x784.jpg\" alt=\"\" width=\"1024\" height=\"784\" srcset=\"https:\/\/static-blogs.lasprovincias.es\/wp-content\/uploads\/sites\/18\/2020\/04\/2B33F93C-EAB4-47EB-9EED-2F49357E59FB-1024x784.jpg 1024w, https:\/\/static-blogs.lasprovincias.es\/wp-content\/uploads\/sites\/18\/2020\/04\/2B33F93C-EAB4-47EB-9EED-2F49357E59FB-300x230.jpg 300w, https:\/\/static-blogs.lasprovincias.es\/wp-content\/uploads\/sites\/18\/2020\/04\/2B33F93C-EAB4-47EB-9EED-2F49357E59FB-768x588.jpg 768w\" sizes=\"(max-width: 1024px) 100vw, 1024px\" \/><\/a><\/p>\n<p>Descubr\u00ed olvidado en mi biblioteca un poemario de <strong>Cees Nooteboom<\/strong>. Una antolog\u00eda: \u00b4Luz por todas partes\u201d. Su t\u00edtulo parec\u00eda un canto a la esperanza, en estos d\u00edas en los que vemos pasar la primavera de largo por la ventana. Nos asomamos a ellas con la certeza de que alg\u00fan d\u00eda las sobrepasaremos. Volveremos a pasear las calles y a tomar las mesas. Y, lo que ahora son recuerdos, se reencarnar\u00e1n en realidades. Leo en esa antolog\u00eda que llena de luces mi memoria.<\/p>\n<blockquote><p><span style=\"color: #cc97b1;\"><em>\u201c(\u2026) el ojo que traspasa las ventanas, en un deseo insoportable de perderse en el ojo que a trav\u00e9s de las ventanas le traspasa\u201d<\/em><\/span><\/p><\/blockquote>\n<p>Esas luces que me permiten, desde el balc\u00f3n de los recuerdos, llenar mi calendario de nostalgias: un mapa repleto de platos, en el que los libros marcan el camino de la esperanza en medio del encierro necesario. <strong>M\u00e1s de 4.000 kil\u00f3metros entre mesas sin salir de la biblioteca.<\/strong><\/p>\n<hr \/>\n<h2><span style=\"color: #cc97b1;\">SALIDA<\/span><\/h2>\n<p>&gt;Km O &#8211;\u00a0<strong>Cocentaina<\/strong>\u00a0(Alicante) &#8211;\u00a0<span style=\"color: #b0a686;\"><strong>L\u2019ESCALETA <span style=\"color: #333333;\">&#8211;<\/span>\u00a0<\/strong><\/span><span style=\"color: #333333;\"><em>Kiko Moya y Alberto Redrado<\/em><\/span><\/p>\n<blockquote><p><a href=\"https:\/\/static-blogs.lasprovincias.es\/wp-content\/uploads\/sites\/18\/2020\/04\/93586206-9B1D-4A64-9FE2-C6D1E0781951.jpg\"><img loading=\"lazy\" class=\"alignnone size-large wp-image-21811\" src=\"https:\/\/static-blogs.lasprovincias.es\/wp-content\/uploads\/sites\/18\/2020\/04\/93586206-9B1D-4A64-9FE2-C6D1E0781951-1024x371.jpg\" alt=\"\" width=\"1024\" height=\"371\" srcset=\"https:\/\/static-blogs.lasprovincias.es\/wp-content\/uploads\/sites\/18\/2020\/04\/93586206-9B1D-4A64-9FE2-C6D1E0781951-1024x371.jpg 1024w, https:\/\/static-blogs.lasprovincias.es\/wp-content\/uploads\/sites\/18\/2020\/04\/93586206-9B1D-4A64-9FE2-C6D1E0781951-300x109.jpg 300w, https:\/\/static-blogs.lasprovincias.es\/wp-content\/uploads\/sites\/18\/2020\/04\/93586206-9B1D-4A64-9FE2-C6D1E0781951-768x278.jpg 768w, https:\/\/static-blogs.lasprovincias.es\/wp-content\/uploads\/sites\/18\/2020\/04\/93586206-9B1D-4A64-9FE2-C6D1E0781951.jpg 1954w\" sizes=\"(max-width: 1024px) 100vw, 1024px\" \/><\/a><\/p>\n<p><span style=\"color: #b0a686;\"><span style=\"text-align: center;\">&gt;T\u00edtulo: L\u2019Escaleta \/<\/span><span style=\"text-align: center;\">Editorial: Abalon Books. \/\u00a0<\/span><span style=\"text-align: center;\">P\u00e1ginas: 336 \/<\/span><span style=\"text-align: center;\">Precio: 59,50 euros<\/span><\/span><\/p><\/blockquote>\n<p>Para empezar viaje, L\u2019Escaleta. El libro vio la luz a inicios de 2020, con motivo de sus 40 a\u00f1os: 56 recetas y decenas de historias.\u00a0 El virus ha frenado sus cenas con chefs amigos por su aniversario, pero volver\u00e1n. Y volveremos a comer sus <span style=\"color: #cc97b1;\"><strong><span style=\"color: #cc97b1;\">caracoles<\/span> con cresta<\/strong><\/span>, su blanquet, su arroz al cuadrado.<\/p>\n<blockquote><p><span style=\"color: #b0a686;\"><strong>GAZPACHO DE CRESTAS Y CARACOLES\u00a0&gt;<\/strong> Es uno de los platos que me dejaron huella en mi \u00faltima visita a casa de la familia Moya \/ Redrado. Ten\u00eda algo, algo muy personal y muy aut\u00e9ntico, Siempre descubro algo nuevo, algo que me atrapa cuando voy a visitar este restaurante de la monta\u00f1a que tan cerca siento. Ese sitio que es como un mesa camilla para mi paladar. Una casa donde dejar reposar el est\u00f3mago. El guiso fue memorable, como en su d\u00eda su blanquet, o antes su postre nevado, su arroz d&#8217;espardenyes, sus arroces al cuadrado&#8230;<\/span><\/p>\n<p><a href=\"https:\/\/static-blogs.lasprovincias.es\/wp-content\/uploads\/sites\/18\/2019\/12\/LEscaleta.-2.-gazpachos-crestas-2.jpg\"><img loading=\"lazy\" class=\"size-large wp-image-21297\" src=\"https:\/\/static-blogs.lasprovincias.es\/wp-content\/uploads\/sites\/18\/2019\/12\/LEscaleta.-2.-gazpachos-crestas-2-1024x768.jpg\" alt=\"\" width=\"1024\" height=\"768\" srcset=\"https:\/\/static-blogs.lasprovincias.es\/wp-content\/uploads\/sites\/18\/2019\/12\/LEscaleta.-2.-gazpachos-crestas-2.jpg 1024w, https:\/\/static-blogs.lasprovincias.es\/wp-content\/uploads\/sites\/18\/2019\/12\/LEscaleta.-2.-gazpachos-crestas-2-300x225.jpg 300w, https:\/\/static-blogs.lasprovincias.es\/wp-content\/uploads\/sites\/18\/2019\/12\/LEscaleta.-2.-gazpachos-crestas-2-768x576.jpg 768w\" sizes=\"(max-width: 1024px) 100vw, 1024px\" \/><\/a><\/p><\/blockquote>\n<hr \/>\n<p><span style=\"color: #cc97b1;\">PRIMERA ESTACI\u00d3N<\/span><\/p>\n<p>&gt;Km 355 &#8211;\u00a0<strong>Madrid<\/strong> (Madrid) &#8211;\u00a0<strong><span style=\"color: #b0a686;\">LA NUEVA MOVIDA GASTRO <span style=\"color: #333333;\">&#8211;\u00a0<\/span><\/span><\/strong><span style=\"color: #333333;\"><em>Juanjo L\u00f3pez, Sacha Hormaechea, Javier Estevez, Paco Ron, Nino Redruello y Patxi Zum\u00e1rraga, Jorge y Nacho Gadea&#8230;<\/em><\/span><\/p>\n<blockquote><p><a href=\"https:\/\/static-blogs.lasprovincias.es\/wp-content\/uploads\/sites\/18\/2020\/04\/4F7CDA9B-9279-4CA2-8C3E-2C7C84DCD178.jpg\"><img loading=\"lazy\" class=\"alignnone size-large wp-image-21812\" src=\"https:\/\/static-blogs.lasprovincias.es\/wp-content\/uploads\/sites\/18\/2020\/04\/4F7CDA9B-9279-4CA2-8C3E-2C7C84DCD178-1024x379.jpg\" alt=\"\" width=\"1024\" height=\"379\" srcset=\"https:\/\/static-blogs.lasprovincias.es\/wp-content\/uploads\/sites\/18\/2020\/04\/4F7CDA9B-9279-4CA2-8C3E-2C7C84DCD178-1024x379.jpg 1024w, https:\/\/static-blogs.lasprovincias.es\/wp-content\/uploads\/sites\/18\/2020\/04\/4F7CDA9B-9279-4CA2-8C3E-2C7C84DCD178-300x111.jpg 300w, https:\/\/static-blogs.lasprovincias.es\/wp-content\/uploads\/sites\/18\/2020\/04\/4F7CDA9B-9279-4CA2-8C3E-2C7C84DCD178-768x284.jpg 768w, https:\/\/static-blogs.lasprovincias.es\/wp-content\/uploads\/sites\/18\/2020\/04\/4F7CDA9B-9279-4CA2-8C3E-2C7C84DCD178.jpg 2048w\" sizes=\"(max-width: 1024px) 100vw, 1024px\" \/><\/a><span style=\"color: #b0a686;\">&gt;T\u00edtulo: Madrid La Nueva Movida Gastro \/ Editorial: Abalon Books \/ Impulsado por la Academia de Gastronom\u00eda de Madrid con textos de Alberto Fern\u00e1ndez \/ P\u00e1ginas: 272.\u00a0Precio: 29,50 euros<\/span><\/p><\/blockquote>\n<p>Iniciamos ruta. Un AVE por la biblioteca para viajar de la Comunitat hasta Madrid. Es la primera parada. All\u00ed, tropezamos con un muy atractivo libro. Imprescindible, en estos tiempos. Una ruta dentro de esta ruta: <strong>16 establecimientos<\/strong> que, rememorando la movida, protagonizan la revoluci\u00f3n culinaria actual de Madrid. Entre ellos, una pareja de hermanos valencianos, Nacho y Jorge Gadea, que siguiendo los pasos de su padre (<a href=\"https:\/\/blogs.lasprovincias.es\/historiascondelantal\/2016\/10\/22\/askua-y-las-mejores-kokotxas-del-mundo\/\">Ricardo Gadea<\/a>) han creado una versi\u00f3n informal de Askua en la capital, Askuabarra. (Ya te he hablado de ellos).<\/p>\n<p><a href=\"https:\/\/static-blogs.lasprovincias.es\/wp-content\/uploads\/sites\/18\/2020\/04\/askua.jpg\"><img loading=\"lazy\" class=\"alignnone size-large wp-image-21817\" src=\"https:\/\/static-blogs.lasprovincias.es\/wp-content\/uploads\/sites\/18\/2020\/04\/askua-1024x653.jpg\" alt=\"\" width=\"1024\" height=\"653\" srcset=\"https:\/\/static-blogs.lasprovincias.es\/wp-content\/uploads\/sites\/18\/2020\/04\/askua.jpg 1024w, https:\/\/static-blogs.lasprovincias.es\/wp-content\/uploads\/sites\/18\/2020\/04\/askua-300x191.jpg 300w, https:\/\/static-blogs.lasprovincias.es\/wp-content\/uploads\/sites\/18\/2020\/04\/askua-768x490.jpg 768w\" sizes=\"(max-width: 1024px) 100vw, 1024px\" \/><\/a><\/p>\n<p>Pero el desfile de restaurantes interesantes es mucho m\u00e1s amplio. Hay que bucear entre sus p\u00e1ginas para disfrutarlos: <strong>Alabaster, \u00c1lbora, Corral de la Morer\u00eda, Desencaja, Fismuler, La Tasquer\u00eda, Tric\u00edcle, Lakasa<\/strong>&#8230; La lista es larga. A mi me encantar\u00eda ir a<strong> Sacha<\/strong>, que es de los imperdonables pendientes que tengo en mi cuaderno de &#8216;imperdonable no haber ido&#8217;. Y, por contra, me encantar\u00eda repetir en <strong>La Tasquita de Enfrente<\/strong>, que es de los que me fascina, me engancha, me entusiasma. De mi visita en el pasado enero me quedo con todo. Pero fueron memorables sus<strong><span style=\"color: #cc97b1;\"> guisantes l\u00e1grima,<\/span><\/strong>\u00a0sus callos o ensaladilla.<\/p>\n<blockquote><p><span style=\"color: #b0a686;\"><strong>GUISANTES L\u00c1GRIMA&gt;<\/strong> Los guisantes con velo de tocino que prob\u00e9 en esa \u00faltima visita son de otro planeta. La realidad es que casi todo lo que cocina <a href=\"https:\/\/blogs.lasprovincias.es\/historiascondelantal\/2018\/02\/16\/la-tasquita-de-enfrente-la-cocina-de-los-versos-descalzos\/\">Juanjo L\u00f3pez<\/a> y su equipo esconde esencia, humanidad. Platos sin envolturas, libres. Desde su ensaladilla a la falsa torrija; de sus callos a su alb\u00f3ndigas. Una tasquita como un templo.<\/span><\/p>\n<p><a href=\"https:\/\/static-blogs.lasprovincias.es\/wp-content\/uploads\/sites\/18\/2020\/04\/IMG_20200113_221052.jpg\"><img loading=\"lazy\" class=\"alignnone size-large wp-image-21819\" src=\"https:\/\/static-blogs.lasprovincias.es\/wp-content\/uploads\/sites\/18\/2020\/04\/IMG_20200113_221052-1024x768.jpg\" alt=\"\" width=\"1024\" height=\"768\" srcset=\"https:\/\/static-blogs.lasprovincias.es\/wp-content\/uploads\/sites\/18\/2020\/04\/IMG_20200113_221052.jpg 1024w, https:\/\/static-blogs.lasprovincias.es\/wp-content\/uploads\/sites\/18\/2020\/04\/IMG_20200113_221052-300x225.jpg 300w, https:\/\/static-blogs.lasprovincias.es\/wp-content\/uploads\/sites\/18\/2020\/04\/IMG_20200113_221052-768x576.jpg 768w\" sizes=\"(max-width: 1024px) 100vw, 1024px\" \/><\/a><\/p><\/blockquote>\n<hr \/>\n<p><span style=\"color: #b0a686;\"><span style=\"color: #cc97b1;\">SEGUNDA ESTACI\u00d3N<\/span>\u00a0<\/span><\/p>\n<p style=\"text-align: right;\"><span style=\"color: #cc97b1;\"><em>\u2217 Nos adentramos por los libros de la estanter\u00eda del <span style=\"color: #cc97b1;\">norte.<\/span> Esa en la que la mesa se llena de bosques y mares repletos de fuerza. Guisos e historias verdaderas.<\/em><\/span><\/p>\n<p>&nbsp;<\/p>\n<p>&gt;Km 752 &#8211;\u00a0<strong>Bilbao<\/strong> (Vizcaya) &#8211;\u00a0<strong><span style=\"color: #b0a686;\">NERUA<\/span><\/strong>\u00a0&#8211;\u00a0<em>Josean Alija<\/em><\/p>\n<blockquote><p><span style=\"color: #b0a686;\"><a href=\"https:\/\/static-blogs.lasprovincias.es\/wp-content\/uploads\/sites\/18\/2020\/04\/D5214C94-C1FE-4FB5-8513-79D3073EEA57.jpg\"><img loading=\"lazy\" class=\"alignnone size-large wp-image-21824\" src=\"https:\/\/static-blogs.lasprovincias.es\/wp-content\/uploads\/sites\/18\/2020\/04\/D5214C94-C1FE-4FB5-8513-79D3073EEA57-1024x379.jpg\" alt=\"\" width=\"1024\" height=\"379\" srcset=\"https:\/\/static-blogs.lasprovincias.es\/wp-content\/uploads\/sites\/18\/2020\/04\/D5214C94-C1FE-4FB5-8513-79D3073EEA57-1024x379.jpg 1024w, https:\/\/static-blogs.lasprovincias.es\/wp-content\/uploads\/sites\/18\/2020\/04\/D5214C94-C1FE-4FB5-8513-79D3073EEA57-300x111.jpg 300w, https:\/\/static-blogs.lasprovincias.es\/wp-content\/uploads\/sites\/18\/2020\/04\/D5214C94-C1FE-4FB5-8513-79D3073EEA57-768x284.jpg 768w, https:\/\/static-blogs.lasprovincias.es\/wp-content\/uploads\/sites\/18\/2020\/04\/D5214C94-C1FE-4FB5-8513-79D3073EEA57.jpg 2048w\" sizes=\"(max-width: 1024px) 100vw, 1024px\" \/><\/a>&gt;T\u00edtulo: Muina \/ Editorial: Montagud Editores \/ P\u00e1ginas: 192 \/ Precio: 33,80 euros<\/span><\/p><\/blockquote>\n<p>Nos adentramos en el Pa\u00eds Vasco. Vamos a ir por la biblioteca rastreando libros de un buen n\u00famero de lugares sagrados. Empezamos con uno que est\u00e1 en el escalaf\u00f3n de los predilectos. El restaurante. Y el libro. Es una joya. Muy manejable. Y entra\u00f1able. Un libro con alma, como su propio t\u00edtulo y como Nerua, el restaurante donde <a href=\"https:\/\/blogs.lasprovincias.es\/historiascondelantal\/2019\/07\/19\/nerua-esplendor-esencia-y-gloria\/\">Josean Alija <\/a>llena de esencias plato a plato. Uno de los mejores chefs del pa\u00eds, sin\u00a0 duda. Basta con probar su <strong><span style=\"color: #cc97b1;\">merluza confitada<\/span><\/strong> o rebozada por entenderme.<\/p>\n<blockquote><p><span style=\"color: #b0a686;\"><strong>MERLUZA&gt;<\/strong> No falta en su men\u00fa. A\u00f1o tras a\u00f1o, all\u00ed est\u00e1. La \u00faltima, confitada. Pero la frita tiene, adem\u00e1s, un punto <em>plus<\/em> que la hace magistral. Recuerdo una con cabello de \u00e1ngel&#8230;. (Me elevo). En fin, qu\u00e9 decir de Nerua.\u00a0<\/span><\/p>\n<p><a href=\"https:\/\/static-blogs.lasprovincias.es\/wp-content\/uploads\/sites\/18\/2020\/04\/2.-Nerua-Bilbao.jpg\"><img loading=\"lazy\" class=\"alignnone size-large wp-image-21820\" src=\"https:\/\/static-blogs.lasprovincias.es\/wp-content\/uploads\/sites\/18\/2020\/04\/2.-Nerua-Bilbao-1024x768.jpg\" alt=\"\" width=\"1024\" height=\"768\" srcset=\"https:\/\/static-blogs.lasprovincias.es\/wp-content\/uploads\/sites\/18\/2020\/04\/2.-Nerua-Bilbao.jpg 1024w, https:\/\/static-blogs.lasprovincias.es\/wp-content\/uploads\/sites\/18\/2020\/04\/2.-Nerua-Bilbao-300x225.jpg 300w, https:\/\/static-blogs.lasprovincias.es\/wp-content\/uploads\/sites\/18\/2020\/04\/2.-Nerua-Bilbao-768x576.jpg 768w\" sizes=\"(max-width: 1024px) 100vw, 1024px\" \/><\/a><\/p><\/blockquote>\n<p>&nbsp;<\/p>\n<p>&gt;Km 768 &#8211;\u00a0<strong>Larrabetzu<\/strong> (Vizcaya) &#8211;\u00a0<strong><span style=\"color: #b0a686;\">AZURMENDI<\/span><\/strong>\u00a0&#8211;\u00a0<em>Eneko Atxa<\/em><\/p>\n<blockquote><p><span style=\"color: #b0a686;\"><a href=\"https:\/\/static-blogs.lasprovincias.es\/wp-content\/uploads\/sites\/18\/2020\/04\/3770FF84-E758-4B1F-B8A4-577F94B9DA86.jpg\"><img loading=\"lazy\" class=\"alignnone size-large wp-image-21825\" src=\"https:\/\/static-blogs.lasprovincias.es\/wp-content\/uploads\/sites\/18\/2020\/04\/3770FF84-E758-4B1F-B8A4-577F94B9DA86-1024x379.jpg\" alt=\"\" width=\"1024\" height=\"379\" srcset=\"https:\/\/static-blogs.lasprovincias.es\/wp-content\/uploads\/sites\/18\/2020\/04\/3770FF84-E758-4B1F-B8A4-577F94B9DA86-1024x379.jpg 1024w, https:\/\/static-blogs.lasprovincias.es\/wp-content\/uploads\/sites\/18\/2020\/04\/3770FF84-E758-4B1F-B8A4-577F94B9DA86-300x111.jpg 300w, https:\/\/static-blogs.lasprovincias.es\/wp-content\/uploads\/sites\/18\/2020\/04\/3770FF84-E758-4B1F-B8A4-577F94B9DA86-768x284.jpg 768w, https:\/\/static-blogs.lasprovincias.es\/wp-content\/uploads\/sites\/18\/2020\/04\/3770FF84-E758-4B1F-B8A4-577F94B9DA86.jpg 2048w\" sizes=\"(max-width: 1024px) 100vw, 1024px\" \/><\/a>&gt;T\u00edtulo: En3ko Atxa Azurmendi \/ Editorial: Montagud Editores \/ P\u00e1ginas: 240 \/ Precio: Ahora 21 euros (rebajado).<\/span><\/p><\/blockquote>\n<p>Es uno de los grandes \u00e9xitos de Montagud, y a la vez uno de las grandes tres estrellas del Pa\u00eds. Imprescindible en la ruta gastron\u00f3mica y literaria. Su libro lo tengo le\u00eddo y rele\u00eddo. Me gusta reencontrarme de tanto en tanto con Eneko porque es un tipo aut\u00e9ntico. De los que te dan abrazos (esos que ahora est\u00e1n prohibidos) sinceros. Como su libro. O su cocina, que mete la cabeza en el paisaje. En mi \u00faltima mesa all\u00ed, me reencontr\u00e9 de nuevo con su <span style=\"color: #cc97b1;\"><strong>bogavante<\/strong>,<\/span> uno de sus imprescindibles. Como tantos otros de sus platos, siempre llenos de ra\u00edces.<\/p>\n<blockquote><p><span style=\"color: #b0a686;\"><strong>BOGAVANTE\u00a0&gt;<\/strong> Tiene varias versiones. Como de tantas cosas. Te lo destaco aqu\u00ed adem\u00e1s por la belleza del plato. Creo que Eneko es quien m\u00e1s sensibilidad rezuma en los acabados. Recuerdo sus ostras, por ejemplo, impecables. A\u00f1oro su crema de alcachofas; sus platos donde el ma\u00edz es el rey, su huevo trufado. Y s\u00ed, el bogavante (2019).<\/span><\/p>\n<p><a href=\"https:\/\/static-blogs.lasprovincias.es\/wp-content\/uploads\/sites\/18\/2019\/07\/IMG_20190716_141520.jpg\"><img loading=\"lazy\" class=\"alignnone size-large wp-image-20174\" src=\"https:\/\/static-blogs.lasprovincias.es\/wp-content\/uploads\/sites\/18\/2019\/07\/IMG_20190716_141520-1024x768.jpg\" alt=\"\" width=\"1024\" height=\"768\" srcset=\"https:\/\/static-blogs.lasprovincias.es\/wp-content\/uploads\/sites\/18\/2019\/07\/IMG_20190716_141520-1024x768.jpg 1024w, https:\/\/static-blogs.lasprovincias.es\/wp-content\/uploads\/sites\/18\/2019\/07\/IMG_20190716_141520-300x225.jpg 300w, https:\/\/static-blogs.lasprovincias.es\/wp-content\/uploads\/sites\/18\/2019\/07\/IMG_20190716_141520-768x576.jpg 768w, https:\/\/static-blogs.lasprovincias.es\/wp-content\/uploads\/sites\/18\/2019\/07\/IMG_20190716_141520.jpg 1500w\" sizes=\"(max-width: 1024px) 100vw, 1024px\" \/><\/a><\/p><\/blockquote>\n<p>&nbsp;<\/p>\n<p>&gt;Km 839 &#8211;<strong> Getaria<\/strong> (Guip\u00fazcoa) &#8211;\u00a0<span style=\"color: #b0a686;\"><strong>ELKANO<\/strong> <\/span>&#8211;\u00a0<em>Aitor Arregui<\/em><\/p>\n<blockquote><p><span style=\"color: #b0a686;\"><a href=\"https:\/\/static-blogs.lasprovincias.es\/wp-content\/uploads\/sites\/18\/2020\/04\/AF7694B2-B7F4-4CB9-8EB5-23677D0090E6.jpg\"><img loading=\"lazy\" class=\"alignnone size-large wp-image-21827\" src=\"https:\/\/static-blogs.lasprovincias.es\/wp-content\/uploads\/sites\/18\/2020\/04\/AF7694B2-B7F4-4CB9-8EB5-23677D0090E6-1024x379.jpg\" alt=\"\" width=\"1024\" height=\"379\" srcset=\"https:\/\/static-blogs.lasprovincias.es\/wp-content\/uploads\/sites\/18\/2020\/04\/AF7694B2-B7F4-4CB9-8EB5-23677D0090E6-1024x379.jpg 1024w, https:\/\/static-blogs.lasprovincias.es\/wp-content\/uploads\/sites\/18\/2020\/04\/AF7694B2-B7F4-4CB9-8EB5-23677D0090E6-300x111.jpg 300w, https:\/\/static-blogs.lasprovincias.es\/wp-content\/uploads\/sites\/18\/2020\/04\/AF7694B2-B7F4-4CB9-8EB5-23677D0090E6-768x284.jpg 768w, https:\/\/static-blogs.lasprovincias.es\/wp-content\/uploads\/sites\/18\/2020\/04\/AF7694B2-B7F4-4CB9-8EB5-23677D0090E6.jpg 2048w\" sizes=\"(max-width: 1024px) 100vw, 1024px\" \/><\/a>&gt;T\u00edtulo: Elkano \/ Editorial: Planeta Gastro \/ P\u00e1ginas: 262 \/ Precio: 39.50 euros<\/span><\/p><\/blockquote>\n<p>Este libro es, posiblemente, un homenaje de Aitor a su padre, a sus 50 a\u00f1os de revoluci\u00f3n silenciosa y culinaria en Getaria. Adentrarse en su mundo es una de las mejores historias que se puede vivir. Pude palparme, recorrer sus vidas, <a href=\"https:\/\/blogs.lasprovincias.es\/historiascondelantal\/2018\/11\/15\/las-brasas-de-elkano-y-el-arbol-de-aitor\/\">su d\u00eda a d\u00eda<\/a>, conocer a sus gentes. Y fue emocionante. El libro de Planeta tambi\u00e9n te abre esa puerta. Una puerta que culmina en una traves\u00eda hasta su mesa. S\u00f3lo ante ella, verdaderamente, entender\u00e1s que es Elkano. Comprender\u00e1s todas sus esencias. Prob\u00e9 su <span style=\"color: #cc97b1;\"><strong>chipir\u00f3n<\/strong><\/span> y te dir\u00eda que llor\u00e9. No me preguntes por qu\u00e9.<\/p>\n<blockquote><p><span style=\"color: #b0a686;\"><strong>CHIPIR\u00d3N&gt;<\/strong> No hay misterio. S\u00f3lo un chipir\u00f3n verdadero. Fuego. Ternura. Su mar all\u00ed dentro. Las manos del marinero. Las olas. La sal convertida en dulzura. La eternidad. Un chipir\u00f3n. No hay misterio.<\/span><\/p>\n<p><a href=\"https:\/\/static-blogs.lasprovincias.es\/wp-content\/uploads\/sites\/18\/2018\/12\/28.-Chipir\u00f3n.-Elkano.jpg\"><img loading=\"lazy\" class=\"alignnone size-large wp-image-18338\" src=\"https:\/\/static-blogs.lasprovincias.es\/wp-content\/uploads\/sites\/18\/2018\/12\/28.-Chipir\u00f3n.-Elkano-1024x768.jpg\" alt=\"\" width=\"1024\" height=\"768\" srcset=\"https:\/\/static-blogs.lasprovincias.es\/wp-content\/uploads\/sites\/18\/2018\/12\/28.-Chipir\u00f3n.-Elkano.jpg 1024w, https:\/\/static-blogs.lasprovincias.es\/wp-content\/uploads\/sites\/18\/2018\/12\/28.-Chipir\u00f3n.-Elkano-300x225.jpg 300w, https:\/\/static-blogs.lasprovincias.es\/wp-content\/uploads\/sites\/18\/2018\/12\/28.-Chipir\u00f3n.-Elkano-768x576.jpg 768w\" sizes=\"(max-width: 1024px) 100vw, 1024px\" \/><\/a><\/p><\/blockquote>\n<p>&nbsp;<\/p>\n<p>&gt;Km 894 &#8211; <strong>Axpe <\/strong>(Vizcaya) &#8211;\u00a0<span style=\"color: #b0a686;\"><strong>ETXEBARRI<\/strong><\/span> &#8211;<em>Bittor Arginzoniz<\/em><\/p>\n<blockquote><p><a href=\"https:\/\/static-blogs.lasprovincias.es\/wp-content\/uploads\/sites\/18\/2020\/04\/7444833D-D0C8-4828-BEC6-7728355CA571.jpg\"><img loading=\"lazy\" class=\"alignnone size-large wp-image-21830\" src=\"https:\/\/static-blogs.lasprovincias.es\/wp-content\/uploads\/sites\/18\/2020\/04\/7444833D-D0C8-4828-BEC6-7728355CA571-1024x379.jpg\" alt=\"\" width=\"1024\" height=\"379\" srcset=\"https:\/\/static-blogs.lasprovincias.es\/wp-content\/uploads\/sites\/18\/2020\/04\/7444833D-D0C8-4828-BEC6-7728355CA571-1024x379.jpg 1024w, https:\/\/static-blogs.lasprovincias.es\/wp-content\/uploads\/sites\/18\/2020\/04\/7444833D-D0C8-4828-BEC6-7728355CA571-300x111.jpg 300w, https:\/\/static-blogs.lasprovincias.es\/wp-content\/uploads\/sites\/18\/2020\/04\/7444833D-D0C8-4828-BEC6-7728355CA571-768x284.jpg 768w, https:\/\/static-blogs.lasprovincias.es\/wp-content\/uploads\/sites\/18\/2020\/04\/7444833D-D0C8-4828-BEC6-7728355CA571.jpg 2048w\" sizes=\"(max-width: 1024px) 100vw, 1024px\" \/><\/a><\/p>\n<p><span style=\"color: #b0a686;\">&gt;T\u00edtulo: Extxebarri \/Editorial: Planeta Gastro \/ P\u00e1ginas: 356 \/ Precio: 60 euros<\/span><\/p><\/blockquote>\n<p>El pasado mes Bittor Arginzoniz sali\u00f3 de su asador y cocin\u00f3 en \u2018<a href=\"https:\/\/blogs.lasprovincias.es\/historiascondelantal\/2020\/03\/01\/y-la-carne-se-hizo-magia-el-dia-en-que-etxebarri-desembarco-en-llisa-negra\/\">Llisa negra\u2019.<\/a> Habl\u00e9 con \u00e9l y vi autenticidad; le vi jugar con el fuego y vi absoluta verdad. De momento no conozco su casa. Su libro ayuda a imaginar su vida; la<strong><span style=\"color: #cc97b1;\"> chuleta madurada<\/span> <\/strong>que hizo con<strong> Quique Dacosta<\/strong>, a intuir de qu\u00e9 es capaz.<\/p>\n<blockquote><p><span style=\"color: #b0a686;\"><strong>CHULETA&gt;<\/strong> Madurada durante 30 d\u00edas. Bittor dio vueltas y vueltas hasta cocinar \u00e9sta y otras chuletas de 600 d\u00edas de maduraci\u00f3n que era, en esencia, experimentar. Imagino que nada que ver con lo que debe hacer en su asador. Quiz\u00e1s alg\u00fan d\u00eda&#8230;<\/span><\/p>\n<p><a href=\"https:\/\/static-blogs.lasprovincias.es\/wp-content\/uploads\/sites\/18\/2020\/04\/0.-Seiscientos-meses.jpg\"><img loading=\"lazy\" class=\"alignnone size-large wp-image-21831\" src=\"https:\/\/static-blogs.lasprovincias.es\/wp-content\/uploads\/sites\/18\/2020\/04\/0.-Seiscientos-meses-1024x768.jpg\" alt=\"\" width=\"1024\" height=\"768\" srcset=\"https:\/\/static-blogs.lasprovincias.es\/wp-content\/uploads\/sites\/18\/2020\/04\/0.-Seiscientos-meses-1024x768.jpg 1024w, https:\/\/static-blogs.lasprovincias.es\/wp-content\/uploads\/sites\/18\/2020\/04\/0.-Seiscientos-meses-300x225.jpg 300w, https:\/\/static-blogs.lasprovincias.es\/wp-content\/uploads\/sites\/18\/2020\/04\/0.-Seiscientos-meses-768x576.jpg 768w, https:\/\/static-blogs.lasprovincias.es\/wp-content\/uploads\/sites\/18\/2020\/04\/0.-Seiscientos-meses.jpg 2000w\" sizes=\"(max-width: 1024px) 100vw, 1024px\" \/><\/a><\/p><\/blockquote>\n<p>&nbsp;<\/p>\n<p>&gt;Km 1153 &#8211;\u00a0<strong>Arriondas<\/strong>\u00a0(Asturias) &#8211;\u00a0<strong><span style=\"color: #b0a686;\">CASA MARCIAL<\/span><\/strong>\u00a0&#8211;\u00a0<em>Nacho Manzano<\/em><\/p>\n<blockquote><p><span style=\"color: #b0a686;\"><a href=\"https:\/\/static-blogs.lasprovincias.es\/wp-content\/uploads\/sites\/18\/2020\/04\/DBF2987D-3522-444F-98B8-0B5461F4F0C0.jpg\"><img loading=\"lazy\" class=\"alignnone size-large wp-image-21833\" src=\"https:\/\/static-blogs.lasprovincias.es\/wp-content\/uploads\/sites\/18\/2020\/04\/DBF2987D-3522-444F-98B8-0B5461F4F0C0-1024x379.jpg\" alt=\"\" width=\"1024\" height=\"379\" srcset=\"https:\/\/static-blogs.lasprovincias.es\/wp-content\/uploads\/sites\/18\/2020\/04\/DBF2987D-3522-444F-98B8-0B5461F4F0C0-1024x379.jpg 1024w, https:\/\/static-blogs.lasprovincias.es\/wp-content\/uploads\/sites\/18\/2020\/04\/DBF2987D-3522-444F-98B8-0B5461F4F0C0-300x111.jpg 300w, https:\/\/static-blogs.lasprovincias.es\/wp-content\/uploads\/sites\/18\/2020\/04\/DBF2987D-3522-444F-98B8-0B5461F4F0C0-768x284.jpg 768w, https:\/\/static-blogs.lasprovincias.es\/wp-content\/uploads\/sites\/18\/2020\/04\/DBF2987D-3522-444F-98B8-0B5461F4F0C0.jpg 2048w\" sizes=\"(max-width: 1024px) 100vw, 1024px\" \/><\/a>&gt;T\u00edtulo: Casa Marcial \/ Editorial: Planeta Gastro \/ P\u00e1ginas: 240 \/ Precio: 38 euros<\/span><\/p><\/blockquote>\n<p>El restaurante de los Manzano es evocador. De esos sitios donde rozas el cielo. El libro que firma Benjam\u00edn Lana junto al cocinero de Casa Marcial es una instant\u00e1nea de ello. Una puerta a trav\u00e9s de la cual viajar hasta sus mesas y gozar de su arroz con <strong><span style=\"color: #cc97b1;\">pitu de caleya<\/span><\/strong> y de su gente. Mi vivencia all\u00ed fue inolvidable. De esas historias que uno conservar\u00e1 de por vida. Quiz\u00e1s porque m\u00e1s que descubrir la cocina de Nacho y su hermana <strong>Esther<\/strong>, lo que encontr\u00e9 es una forma de entender la vida, de enamorarse de ella, de respetar tu entorno y ponerlo en valor, en un altar. Eso es Casa Marcial, <a href=\"https:\/\/blogs.lasprovincias.es\/historiascondelantal\/2018\/11\/24\/casa-marcial-su-territorio-y-los-amigos-de-nacho-manzano\/\">un ofrenda a la diosa Tierra<\/a>. Como un pachamama eterno. No me resisto a sacar esta foto de mi paseo por Arriondas.<\/p>\n<p><a href=\"https:\/\/static-blogs.lasprovincias.es\/wp-content\/uploads\/sites\/18\/2020\/04\/IMG_20181108_122338.jpg\"><img loading=\"lazy\" class=\"alignnone size-large wp-image-21834\" src=\"https:\/\/static-blogs.lasprovincias.es\/wp-content\/uploads\/sites\/18\/2020\/04\/IMG_20181108_122338-1024x768.jpg\" alt=\"\" width=\"1024\" height=\"768\" srcset=\"https:\/\/static-blogs.lasprovincias.es\/wp-content\/uploads\/sites\/18\/2020\/04\/IMG_20181108_122338-1024x768.jpg 1024w, https:\/\/static-blogs.lasprovincias.es\/wp-content\/uploads\/sites\/18\/2020\/04\/IMG_20181108_122338-300x225.jpg 300w, https:\/\/static-blogs.lasprovincias.es\/wp-content\/uploads\/sites\/18\/2020\/04\/IMG_20181108_122338-768x576.jpg 768w, https:\/\/static-blogs.lasprovincias.es\/wp-content\/uploads\/sites\/18\/2020\/04\/IMG_20181108_122338.jpg 1440w\" sizes=\"(max-width: 1024px) 100vw, 1024px\" \/><\/a><\/p>\n<blockquote><p><span style=\"color: #b0a686;\"><strong>ARROZ DE PITU DE CALEYA&gt;<\/strong> A esto no le puedo poner mucha historia. Es lo que hay. Un plato que s\u00f3lo me genera respeto. Cuando lo pruebes, hablamos&#8230;<\/span><\/p>\n<p><a href=\"https:\/\/static-blogs.lasprovincias.es\/wp-content\/uploads\/sites\/18\/2018\/12\/40.-Arroz-de-pitu-caleya.-Casa-Marcial.jpg\"><img loading=\"lazy\" class=\"alignnone size-large wp-image-18349\" src=\"https:\/\/static-blogs.lasprovincias.es\/wp-content\/uploads\/sites\/18\/2018\/12\/40.-Arroz-de-pitu-caleya.-Casa-Marcial-1024x768.jpg\" alt=\"\" width=\"1024\" height=\"768\" srcset=\"https:\/\/static-blogs.lasprovincias.es\/wp-content\/uploads\/sites\/18\/2018\/12\/40.-Arroz-de-pitu-caleya.-Casa-Marcial.jpg 1024w, https:\/\/static-blogs.lasprovincias.es\/wp-content\/uploads\/sites\/18\/2018\/12\/40.-Arroz-de-pitu-caleya.-Casa-Marcial-300x225.jpg 300w, https:\/\/static-blogs.lasprovincias.es\/wp-content\/uploads\/sites\/18\/2018\/12\/40.-Arroz-de-pitu-caleya.-Casa-Marcial-768x576.jpg 768w\" sizes=\"(max-width: 1024px) 100vw, 1024px\" \/><\/a><\/p><\/blockquote>\n<p>&nbsp;<\/p>\n<hr \/>\n<p><span style=\"color: #cc97b1;\">TERCERA ESTACI\u00d3N<\/span><\/p>\n<p style=\"text-align: right;\"><i style=\"color: #cc97b1;\">\u2217 Dirigimos nuestros ojos y nuestros recuerdos hacia el estante de la biblioteca donde rezuman los vientos del sur, la magia del\u00a0<\/i><span style=\"color: #cc97b1;\"><span style=\"caret-color: #cc97b1;\"><i>Andalus<\/i><\/span><\/span><i style=\"color: #cc97b1;\">, los cantos de sirenas&#8230;<\/i><\/p>\n<p>&gt;Km 2043 &#8211;\u00a0<strong>C\u00f3rdoba <\/strong>(C\u00f3rdoba) &#8211;\u00a0<strong><span style=\"color: #b0a686;\">NOOR<\/span> <\/strong>&#8211;\u00a0<em>Paco Morales<\/em><\/p>\n<blockquote><p><span style=\"color: #b0a686;\"><a href=\"https:\/\/static-blogs.lasprovincias.es\/wp-content\/uploads\/sites\/18\/2020\/04\/77B3BE72-4515-4C89-AC5D-A0EBC2AC38D5.jpg\"><img loading=\"lazy\" class=\"alignnone size-large wp-image-21837\" src=\"https:\/\/static-blogs.lasprovincias.es\/wp-content\/uploads\/sites\/18\/2020\/04\/77B3BE72-4515-4C89-AC5D-A0EBC2AC38D5-1024x379.jpg\" alt=\"\" width=\"1024\" height=\"379\" srcset=\"https:\/\/static-blogs.lasprovincias.es\/wp-content\/uploads\/sites\/18\/2020\/04\/77B3BE72-4515-4C89-AC5D-A0EBC2AC38D5-1024x379.jpg 1024w, https:\/\/static-blogs.lasprovincias.es\/wp-content\/uploads\/sites\/18\/2020\/04\/77B3BE72-4515-4C89-AC5D-A0EBC2AC38D5-300x111.jpg 300w, https:\/\/static-blogs.lasprovincias.es\/wp-content\/uploads\/sites\/18\/2020\/04\/77B3BE72-4515-4C89-AC5D-A0EBC2AC38D5-768x284.jpg 768w, https:\/\/static-blogs.lasprovincias.es\/wp-content\/uploads\/sites\/18\/2020\/04\/77B3BE72-4515-4C89-AC5D-A0EBC2AC38D5.jpg 2048w\" sizes=\"(max-width: 1024px) 100vw, 1024px\" \/><\/a>&gt;T\u00edtulo: Noor \/ Editorial: Montagud Editores \/ P\u00e1ginas: 320 \/ Precio: Ahora 39.75 (rebajado al 50%)<\/span><\/p><\/blockquote>\n<p>El libro es una maravilla; como el restaurante de <strong>Paco Morales<\/strong>. En realidad, los dos son la misma cosa: arte, pasi\u00f3n, tiempo y excelencia. <a href=\"https:\/\/blogs.lasprovincias.es\/historiascondelantal\/2019\/12\/12\/paco-morales-noor-y-su-libro-nos-exigen-excelencia-pero-es-imposible-lograrla-con-jornadas-de-ocho-horas\/\">Del libro habl\u00e9 en su d\u00eda con Paco<\/a>. &#8220;Hemos hecho todo al mil\u00edmetro. Ha sido muy duro -paso a paso-, pero estamos ya disfrutando de la obra&#8221;, me explic\u00f3.\u00a0Mis experiencias all\u00ed han sido \u00fanicas. Su cocina, excitante. <strong><span style=\"color: #cc97b1;\">Guisantes, queso fresco y nata de cabra<\/span><\/strong> fue uno de sus grandes platos en mi \u00faltimo viaje hasta su m\u00e1gico mundo. \u00a0Noor vale la pena. Encuadernado y desatado.<\/p>\n<blockquote><p><span style=\"color: #b0a686;\"><strong>GUISANTES, QUESO FRESCO Y NATA DE CABRA&gt;<\/strong> Es una de esas creaciones llenas de reflexi\u00f3n, de trabajo, de pruebas, de intentar acariciar la excelencia&#8230;. que acompa\u00f1a cada uno de los bocados de Morales.\u00a0<\/span><\/p>\n<p><a href=\"https:\/\/static-blogs.lasprovincias.es\/wp-content\/uploads\/sites\/18\/2017\/12\/guisante-noor.jpg\"><img loading=\"lazy\" class=\"alignnone size-large wp-image-14560\" src=\"https:\/\/static-blogs.lasprovincias.es\/wp-content\/uploads\/sites\/18\/2017\/12\/guisante-noor-1024x768.jpg\" alt=\"\" width=\"1024\" height=\"768\" srcset=\"https:\/\/static-blogs.lasprovincias.es\/wp-content\/uploads\/sites\/18\/2017\/12\/guisante-noor-1024x768.jpg 1024w, https:\/\/static-blogs.lasprovincias.es\/wp-content\/uploads\/sites\/18\/2017\/12\/guisante-noor-300x225.jpg 300w, https:\/\/static-blogs.lasprovincias.es\/wp-content\/uploads\/sites\/18\/2017\/12\/guisante-noor-768x576.jpg 768w, https:\/\/static-blogs.lasprovincias.es\/wp-content\/uploads\/sites\/18\/2017\/12\/guisante-noor.jpg 1280w\" sizes=\"(max-width: 1024px) 100vw, 1024px\" \/><\/a><\/p><\/blockquote>\n<p>&nbsp;<\/p>\n<p>&gt;Km 2297 &#8211; <strong>Puerto de Santa Mar\u00eda<\/strong> (C\u00e1diz) &#8211;\u00a0<strong><span style=\"color: #b0a686;\">APONIENTE<\/span> <\/strong>&#8211;\u00a0\u00c1ngel Le\u00f3n<\/p>\n<blockquote><p><span style=\"color: #b0a686;\"><a href=\"https:\/\/static-blogs.lasprovincias.es\/wp-content\/uploads\/sites\/18\/2020\/04\/C6316F6B-96ED-4376-8696-AA06AF20E497.jpg\"><img loading=\"lazy\" class=\"alignnone size-large wp-image-21836\" src=\"https:\/\/static-blogs.lasprovincias.es\/wp-content\/uploads\/sites\/18\/2020\/04\/C6316F6B-96ED-4376-8696-AA06AF20E497-1024x379.jpg\" alt=\"\" width=\"1024\" height=\"379\" srcset=\"https:\/\/static-blogs.lasprovincias.es\/wp-content\/uploads\/sites\/18\/2020\/04\/C6316F6B-96ED-4376-8696-AA06AF20E497-1024x379.jpg 1024w, https:\/\/static-blogs.lasprovincias.es\/wp-content\/uploads\/sites\/18\/2020\/04\/C6316F6B-96ED-4376-8696-AA06AF20E497-300x111.jpg 300w, https:\/\/static-blogs.lasprovincias.es\/wp-content\/uploads\/sites\/18\/2020\/04\/C6316F6B-96ED-4376-8696-AA06AF20E497-768x284.jpg 768w, https:\/\/static-blogs.lasprovincias.es\/wp-content\/uploads\/sites\/18\/2020\/04\/C6316F6B-96ED-4376-8696-AA06AF20E497.jpg 2048w\" sizes=\"(max-width: 1024px) 100vw, 1024px\" \/><\/a>&gt;T\u00edtulo: Sin t\u00edtulo, yo lo llamar\u00eda Amarres \/ Editorial: Aponiente -Montagud \/ P\u00e1ginas: No importa \/ Precio: Sin precio<\/span><\/p><\/blockquote>\n<p>Un libro en blanco, con apenas unos poemas en sus primeras p\u00e1ginas y unos huecos troquelados: sal, un amarre y una moneda romana de aquel C\u00e1diz de los or\u00edgenes. Lo regalaba \u00c1ngel Le\u00f3n en su molino convertido en templo. Un obsequio con un valor incalculable. No por lo material, si no por lo personal. Por el cari\u00f1o que hay en \u00e9l.<\/p>\n<blockquote>\n<p style=\"text-align: right;\"><span style=\"color: #b0a686;\"><em>&#8220;Ser liquen h<span style=\"color: #b0a686;\">inchado<\/span> de mar en el mar. \/ Navegar, navegar, navegar&#8221;<\/em><\/span><\/p>\n<p style=\"text-align: right;\"><span style=\"color: #b0a686;\"><em>de <\/em><strong>Pedro Garc\u00eda Cabrera<\/strong><\/span><\/p>\n<\/blockquote>\n<p>All\u00ed, en Aponiente, vi sirenas y prob\u00e9 platos ins\u00f3litos. Sus gloriosos <strong><span style=\"color: #cc97b1;\">ostiones<\/span><\/strong>, por ejemplo. Debo volver.<\/p>\n<blockquote><p><span style=\"color: #b0a686;\">OSTIONES&gt;Un plato que ten\u00eda magia. All\u00ed, bajo una hermos\u00edsima monta\u00f1a, ve\u00eda las salinas, el mar, las algas y sus verdes, el paisaje del que un d\u00eda emergi\u00f3 \u00c1ngel Le\u00f3n y lo convirti\u00f3 en alquimia.<\/span><\/p>\n<p><span style=\"color: #b0a686;\"><a href=\"https:\/\/static-blogs.lasprovincias.es\/wp-content\/uploads\/sites\/18\/2017\/11\/OSTIONES-ANGEL-LEON.jpg\"><img loading=\"lazy\" class=\"alignnone size-large wp-image-13989\" src=\"https:\/\/static-blogs.lasprovincias.es\/wp-content\/uploads\/sites\/18\/2017\/11\/OSTIONES-ANGEL-LEON-1024x678.jpg\" alt=\"\" width=\"1024\" height=\"678\" srcset=\"https:\/\/static-blogs.lasprovincias.es\/wp-content\/uploads\/sites\/18\/2017\/11\/OSTIONES-ANGEL-LEON.jpg 1024w, https:\/\/static-blogs.lasprovincias.es\/wp-content\/uploads\/sites\/18\/2017\/11\/OSTIONES-ANGEL-LEON-300x199.jpg 300w, https:\/\/static-blogs.lasprovincias.es\/wp-content\/uploads\/sites\/18\/2017\/11\/OSTIONES-ANGEL-LEON-768x509.jpg 768w\" sizes=\"(max-width: 1024px) 100vw, 1024px\" \/><\/a><\/span><\/p><\/blockquote>\n<p>&nbsp;<\/p>\n<hr \/>\n<p><span style=\"color: #cc97b1;\">CUARTA ESTACI\u00d3N<\/span><\/p>\n<p style=\"text-align: right;\"><span style=\"color: #cc97b1;\"><em>\u2217Saltando de estante en estante de la biblioteca di de bruces con ellos. All\u00e1, de nuevo tocando con los dedos las fronteras. Cocinas repletas de relatos en una tierra que huele a mar y a alta monta\u00f1a.\u00a0<\/em><\/span><\/p>\n<p>&nbsp;<\/p>\n<p>&gt;Km 3449 &#8211;\u00a0<strong>Llan\u00e7\u00e0<\/strong> (Girona) &#8211;\u00a0<strong><span style=\"color: #b0a686;\">MIRAMAR<\/span><\/strong> &#8211; <em>Paco P\u00e9rez<\/em><\/p>\n<blockquote><p><a href=\"https:\/\/static-blogs.lasprovincias.es\/wp-content\/uploads\/sites\/18\/2020\/04\/CB409AE7-C36F-4DD7-98A4-0E5D273142E0-1.jpg\"><img loading=\"lazy\" class=\"alignnone size-large wp-image-21842\" src=\"https:\/\/static-blogs.lasprovincias.es\/wp-content\/uploads\/sites\/18\/2020\/04\/CB409AE7-C36F-4DD7-98A4-0E5D273142E0-1-1024x379.jpg\" alt=\"\" width=\"1024\" height=\"379\" srcset=\"https:\/\/static-blogs.lasprovincias.es\/wp-content\/uploads\/sites\/18\/2020\/04\/CB409AE7-C36F-4DD7-98A4-0E5D273142E0-1-1024x379.jpg 1024w, https:\/\/static-blogs.lasprovincias.es\/wp-content\/uploads\/sites\/18\/2020\/04\/CB409AE7-C36F-4DD7-98A4-0E5D273142E0-1-300x111.jpg 300w, https:\/\/static-blogs.lasprovincias.es\/wp-content\/uploads\/sites\/18\/2020\/04\/CB409AE7-C36F-4DD7-98A4-0E5D273142E0-1-768x284.jpg 768w, https:\/\/static-blogs.lasprovincias.es\/wp-content\/uploads\/sites\/18\/2020\/04\/CB409AE7-C36F-4DD7-98A4-0E5D273142E0-1.jpg 2048w\" sizes=\"(max-width: 1024px) 100vw, 1024px\" \/><\/a><span style=\"color: #b0a686;\">&gt;T\u00edtulo: Miramar \/ Editorial: Montagud Editorial \u00a0\/P\u00e1ginas: 320 \/ Precio: Ahora 21 euros<\/span><\/p><\/blockquote>\n<p>La casa de Paco P\u00e9rez es una de mis citas m\u00e1s ansiadas y pendientes. Ten\u00eda previsto ir a finales de mayo. Veremos. Si lees su libro y si lo conoces, descubres cu\u00e1nta autenticidad hay en \u00e9l. Ese bocado que recrea u<span style=\"color: #333333;\">n<\/span><strong><span style=\"color: #cc97b1;\"> mejill\u00f3n de infancia\u00a0<\/span><\/strong>es de alguna manera la esencia de Miramar. Dice Paco en su libro: &#8220;Puede que la vida se escriba a trav\u00e9s de momentos, de rostros, de palabras, de sensaciones, de emociones&#8221;. Creo que tiene raz\u00f3n. Y en mi vida debo tener ese momento en Miramar. Su libro es una aproximaci\u00f3n a su vida. La tertulia y los platos suyos que compart\u00ed en un encuentro en Casa Marcial, una gran antesala. Llega el tiempo de, cuando todo esto pase, darse ese momento en el que disfrutar de la vida all\u00e1, en su Llan\u00e7\u00e0. Entre rostros, palabras, sensaciones y emociones.<\/p>\n<p><a href=\"https:\/\/static-blogs.lasprovincias.es\/wp-content\/uploads\/sites\/18\/2020\/04\/IMG_20181108_123405_1-1024x768.jpg\"><img loading=\"lazy\" class=\"alignnone size-large wp-image-21843\" src=\"https:\/\/static-blogs.lasprovincias.es\/wp-content\/uploads\/sites\/18\/2020\/04\/IMG_20181108_123405_1-1024x768-1024x768.jpg\" alt=\"\" width=\"1024\" height=\"768\" srcset=\"https:\/\/static-blogs.lasprovincias.es\/wp-content\/uploads\/sites\/18\/2020\/04\/IMG_20181108_123405_1-1024x768.jpg 1024w, https:\/\/static-blogs.lasprovincias.es\/wp-content\/uploads\/sites\/18\/2020\/04\/IMG_20181108_123405_1-1024x768-300x225.jpg 300w, https:\/\/static-blogs.lasprovincias.es\/wp-content\/uploads\/sites\/18\/2020\/04\/IMG_20181108_123405_1-1024x768-768x576.jpg 768w\" sizes=\"(max-width: 1024px) 100vw, 1024px\" \/><\/a><\/p>\n<blockquote><p><span style=\"color: #b0a686;\"><strong>MEJILL\u00d3N&gt;<\/strong> En realidad es un paseo por el mar. Imagino que es una reducci\u00f3n de un plato suyo que promete muchas esencias, &#8216;Mar y bruma&#8217;. Un destilado de su oc\u00e9ano particular. Creo que me cont\u00f3 Paco que ese bocado hablaba de su infancia&#8230; buscando mejillones a pie de playa. Creo. A veces sue\u00f1o.<\/span><\/p>\n<p><a href=\"https:\/\/static-blogs.lasprovincias.es\/wp-content\/uploads\/sites\/18\/2020\/04\/IMG_20181108_214215-1024x768.jpg\"><img loading=\"lazy\" class=\"alignnone size-large wp-image-21844\" src=\"https:\/\/static-blogs.lasprovincias.es\/wp-content\/uploads\/sites\/18\/2020\/04\/IMG_20181108_214215-1024x768-1024x768.jpg\" alt=\"\" width=\"1024\" height=\"768\" srcset=\"https:\/\/static-blogs.lasprovincias.es\/wp-content\/uploads\/sites\/18\/2020\/04\/IMG_20181108_214215-1024x768.jpg 1024w, https:\/\/static-blogs.lasprovincias.es\/wp-content\/uploads\/sites\/18\/2020\/04\/IMG_20181108_214215-1024x768-300x225.jpg 300w, https:\/\/static-blogs.lasprovincias.es\/wp-content\/uploads\/sites\/18\/2020\/04\/IMG_20181108_214215-1024x768-768x576.jpg 768w\" sizes=\"(max-width: 1024px) 100vw, 1024px\" \/><\/a><\/p><\/blockquote>\n<p>&nbsp;<\/p>\n<p>&gt;Km 3516 &#8211; \u00a0<strong>Girona<\/strong>\u00a0(Girona) &#8211; <strong><span style=\"color: #b0a686;\">CELLER DE CAN ROCA \/ CASA CACAO\u00a0<\/span><\/strong>&#8211; <em>Jordi Roca<\/em><\/p>\n<blockquote><p><span style=\"color: #b0a686;\"><a href=\"https:\/\/static-blogs.lasprovincias.es\/wp-content\/uploads\/sites\/18\/2020\/04\/5FD722A9-0068-4C2D-808A-11EBF1DB532C.jpg\"><img loading=\"lazy\" class=\"alignnone size-large wp-image-21846\" src=\"https:\/\/static-blogs.lasprovincias.es\/wp-content\/uploads\/sites\/18\/2020\/04\/5FD722A9-0068-4C2D-808A-11EBF1DB532C-1024x379.jpg\" alt=\"\" width=\"1024\" height=\"379\" srcset=\"https:\/\/static-blogs.lasprovincias.es\/wp-content\/uploads\/sites\/18\/2020\/04\/5FD722A9-0068-4C2D-808A-11EBF1DB532C-1024x379.jpg 1024w, https:\/\/static-blogs.lasprovincias.es\/wp-content\/uploads\/sites\/18\/2020\/04\/5FD722A9-0068-4C2D-808A-11EBF1DB532C-300x111.jpg 300w, https:\/\/static-blogs.lasprovincias.es\/wp-content\/uploads\/sites\/18\/2020\/04\/5FD722A9-0068-4C2D-808A-11EBF1DB532C-768x284.jpg 768w, https:\/\/static-blogs.lasprovincias.es\/wp-content\/uploads\/sites\/18\/2020\/04\/5FD722A9-0068-4C2D-808A-11EBF1DB532C.jpg 2048w\" sizes=\"(max-width: 1024px) 100vw, 1024px\" \/><\/a>&gt;T\u00edtulo: Casa Cacao \u00a0\/ Editorial: Planeta Gastro \/ P\u00e1ginas: \u00a0352 \/ Precio: 29.25 euros<\/span><\/p><\/blockquote>\n<p>El libro lo firma <a href=\"https:\/\/blogs.lasprovincias.es\/historiascondelantal\/2019\/09\/19\/jordi-roca-el-pastelero-que-jugaba-con-dinosaurios\/\">Jordi Roca<\/a> y el periodista <strong>Ignacio Medina<\/strong> (un muy fuerte abrazo para \u00e9l). Lleva el nombre del hotel y f\u00e1brica de chocolate que los Roca acaban de abrir en Girona. Debe ser una delicia. El libro es un viaje por el cacao. Un viaje en s\u00ed mismo, real y de b\u00fasqueda. El chocolate y todas sus estelas: su pasado, su futuro, sus or\u00edgenes y sus quimeras. Como los dulces de Jordi. El cacao que toma su carrito de<em> petits-fours<\/em>, que se desliza por cada uno de sus dulces en las formas m\u00e1s diversas, \u00a0que es bosque y es tierra. Un floreciente <span style=\"color: #cc97b1;\"><strong>mundo\u00a0de chocolate<\/strong><\/span>.<\/p>\n<blockquote><p><span style=\"color: #b0a686;\"><strong>CHOCOLATE&gt;<\/strong> Siempre lo encuentras en el Celler. Jordi tiene dentro de s\u00ed la F\u00e1brica de Chocolate que todos so\u00f1amos. Como Charlie.\u00a0<\/span><\/p>\n<p><a href=\"https:\/\/static-blogs.lasprovincias.es\/wp-content\/uploads\/sites\/18\/2020\/04\/7.-dulces-3.jpg\"><img loading=\"lazy\" class=\"alignnone size-large wp-image-21848\" src=\"https:\/\/static-blogs.lasprovincias.es\/wp-content\/uploads\/sites\/18\/2020\/04\/7.-dulces-3-1024x683.jpg\" alt=\"\" width=\"1024\" height=\"683\" srcset=\"https:\/\/static-blogs.lasprovincias.es\/wp-content\/uploads\/sites\/18\/2020\/04\/7.-dulces-3.jpg 1024w, https:\/\/static-blogs.lasprovincias.es\/wp-content\/uploads\/sites\/18\/2020\/04\/7.-dulces-3-300x200.jpg 300w, https:\/\/static-blogs.lasprovincias.es\/wp-content\/uploads\/sites\/18\/2020\/04\/7.-dulces-3-768x512.jpg 768w\" sizes=\"(max-width: 1024px) 100vw, 1024px\" \/><\/a><\/p><\/blockquote>\n<p>&nbsp;<\/p>\n<hr \/>\n<h2><span style=\"color: #cc97b1;\">FIN<\/span><\/h2>\n<p>&gt;Km 4079 &#8211; <strong>X\u00e0bia<\/strong> (Alicante) &#8211;\u00a0<strong><span style=\"color: #b0a686;\">BON AMB\u00a0<\/span><\/strong>&#8211;\u00a0<em>Alberto Ferruz<\/em><\/p>\n<blockquote><p><span style=\"color: #b0a686;\"><a href=\"https:\/\/static-blogs.lasprovincias.es\/wp-content\/uploads\/sites\/18\/2020\/04\/F53C25C3-2D6A-4894-B041-57F97C3F39D8-1.jpg\"><img loading=\"lazy\" class=\"alignnone size-large wp-image-21849\" src=\"https:\/\/static-blogs.lasprovincias.es\/wp-content\/uploads\/sites\/18\/2020\/04\/F53C25C3-2D6A-4894-B041-57F97C3F39D8-1-1024x379.jpg\" alt=\"\" width=\"1024\" height=\"379\" srcset=\"https:\/\/static-blogs.lasprovincias.es\/wp-content\/uploads\/sites\/18\/2020\/04\/F53C25C3-2D6A-4894-B041-57F97C3F39D8-1-1024x379.jpg 1024w, https:\/\/static-blogs.lasprovincias.es\/wp-content\/uploads\/sites\/18\/2020\/04\/F53C25C3-2D6A-4894-B041-57F97C3F39D8-1-300x111.jpg 300w, https:\/\/static-blogs.lasprovincias.es\/wp-content\/uploads\/sites\/18\/2020\/04\/F53C25C3-2D6A-4894-B041-57F97C3F39D8-1-768x284.jpg 768w, https:\/\/static-blogs.lasprovincias.es\/wp-content\/uploads\/sites\/18\/2020\/04\/F53C25C3-2D6A-4894-B041-57F97C3F39D8-1.jpg 2048w\" sizes=\"(max-width: 1024px) 100vw, 1024px\" \/><\/a>&gt;T\u00edtulo: Moby Dick \/ Editorial: Alianza Editorial \/ P\u00e1ginas: 808 \/ Precio: 28,60 euros.<\/span><\/p><\/blockquote>\n<p><strong>El final<\/strong>. Vuelta a casa; vuelta en este caso a Bon Amb. Otro sitio donde mi paladar est\u00e1 como en el sof\u00e1. La cocina de Ferruz me engancha. Este plato,\u00a0<strong><span style=\"color: #cc97b1;\">papardele marino<\/span><\/strong>, es la mejor muestra de lo que es capaz de hacer. El jueves pasado <a href=\"https:\/\/blogs.lasprovincias.es\/historiascondelantal\/2020\/04\/09\/el-menu-mas-especial-de-bon-amb\/\">deb\u00eda haber estado all\u00ed<\/a>. Hubi\u00e9semos hablado, posiblemente, de su rele\u00eddo <strong>Moby Dick<\/strong>. Con \u00e9l tropec\u00e9 en mi biblioteca al final de este viaje. Con \u00e9l y con sus aventuras, que empec\u00e9 a releer con cierto nervio. Entre la nostalgia y la alegr\u00eda:\u00a0<span style=\"color: #333333;\"><em>&#8220;\u00bfNo es curioso que un ser tan enorme como la ballena vea el mundo por un ojo tan peque\u00f1o (&#8230;)?<\/em><\/span><\/p>\n<blockquote><p><span style=\"color: #b0a686;\"><strong>PAPARDELE MARINO&gt; <\/strong>Fue el gran plato, junto al pato, del men\u00fa del pasado a\u00f1o. Pero es, adem\u00e1s, un chapuz\u00f3n incre\u00edble. Un viaje al mar, a sus profundidades, una b\u00fasqueda del gran cachalote.\u00a0<\/span><\/p>\n<p><a href=\"https:\/\/static-blogs.lasprovincias.es\/wp-content\/uploads\/sites\/18\/2019\/05\/IMG_20190418_153308.jpg\"><img loading=\"lazy\" class=\"alignnone size-large wp-image-19458\" src=\"https:\/\/static-blogs.lasprovincias.es\/wp-content\/uploads\/sites\/18\/2019\/05\/IMG_20190418_153308-1024x768.jpg\" alt=\"\" width=\"1024\" height=\"768\" srcset=\"https:\/\/static-blogs.lasprovincias.es\/wp-content\/uploads\/sites\/18\/2019\/05\/IMG_20190418_153308-1024x768.jpg 1024w, https:\/\/static-blogs.lasprovincias.es\/wp-content\/uploads\/sites\/18\/2019\/05\/IMG_20190418_153308-300x225.jpg 300w, https:\/\/static-blogs.lasprovincias.es\/wp-content\/uploads\/sites\/18\/2019\/05\/IMG_20190418_153308-768x576.jpg 768w\" sizes=\"(max-width: 1024px) 100vw, 1024px\" \/><\/a><\/p><\/blockquote>\n<hr \/>\n<p>S\u00ed, al final vi luces por todas partes. <strong>Como si la biblioteca estuviera llena de fuegos encendidos, de cocinas de papel, que avivaban entre cazuelas mis recuerdos y mis anhelos.<\/strong> Mis viajes pendientes y so\u00f1ados. Reencontrarme con los libros y mis mesas viajeras fue como \u00a0llenar de luces la vida.<strong><span style=\"color: #b0a686;\">\u00a0Hacer hervir, entre palabras, las esperanzas<\/span> <\/strong>culinarias. Cees Nooteboom ten\u00eda raz\u00f3n.<\/p>\n<p style=\"text-align: right;\">Volveremos a llenar las mesas.<\/p>\n<p>&nbsp;<\/p>\n<!-- AddThis Advanced Settings generic via filter on the_content --><!-- AddThis Share Buttons generic via filter on the_content -->","protected":false},"excerpt":{"rendered":"<p>En esa despensa de ilusiones que es la biblioteca, los libros marcan el camino de los sue\u00f1os culinarios. Todos ellos escoden, en su interior, almas de cocineros y platos que son recuerdos. Palabras e im\u00e1genes que nos susurran que, cuando todo pase, ellos volver\u00e1n a encender los fuegos. Descubr\u00ed olvidado en mi biblioteca un poemario [&hellip;]<!-- AddThis Advanced Settings generic via filter on get_the_excerpt --><!-- AddThis Share Buttons generic via filter on get_the_excerpt --><\/p>\n","protected":false},"author":23,"featured_media":21839,"comment_status":"open","ping_status":"open","sticky":false,"template":"","format":"standard","meta":[],"categories":[3,4,5,1,7],"tags":[1810,29,98,1345,1183,1614,383,1462,555,590,1411,1811,745,779,1619,856],"_links":{"self":[{"href":"https:\/\/blogs.lasprovincias.es\/historiascondelantal\/wp-json\/wp\/v2\/posts\/21809"}],"collection":[{"href":"https:\/\/blogs.lasprovincias.es\/historiascondelantal\/wp-json\/wp\/v2\/posts"}],"about":[{"href":"https:\/\/blogs.lasprovincias.es\/historiascondelantal\/wp-json\/wp\/v2\/types\/post"}],"author":[{"embeddable":true,"href":"https:\/\/blogs.lasprovincias.es\/historiascondelantal\/wp-json\/wp\/v2\/users\/23"}],"replies":[{"embeddable":true,"href":"https:\/\/blogs.lasprovincias.es\/historiascondelantal\/wp-json\/wp\/v2\/comments?post=21809"}],"version-history":[{"count":23,"href":"https:\/\/blogs.lasprovincias.es\/historiascondelantal\/wp-json\/wp\/v2\/posts\/21809\/revisions"}],"predecessor-version":[{"id":21860,"href":"https:\/\/blogs.lasprovincias.es\/historiascondelantal\/wp-json\/wp\/v2\/posts\/21809\/revisions\/21860"}],"wp:featuredmedia":[{"embeddable":true,"href":"https:\/\/blogs.lasprovincias.es\/historiascondelantal\/wp-json\/wp\/v2\/media\/21839"}],"wp:attachment":[{"href":"https:\/\/blogs.lasprovincias.es\/historiascondelantal\/wp-json\/wp\/v2\/media?parent=21809"}],"wp:term":[{"taxonomy":"category","embeddable":true,"href":"https:\/\/blogs.lasprovincias.es\/historiascondelantal\/wp-json\/wp\/v2\/categories?post=21809"},{"taxonomy":"post_tag","embeddable":true,"href":"https:\/\/blogs.lasprovincias.es\/historiascondelantal\/wp-json\/wp\/v2\/tags?post=21809"}],"curies":[{"name":"wp","href":"https:\/\/api.w.org\/{rel}","templated":true}]}}