{"id":2220,"date":"2014-06-07T06:34:20","date_gmt":"2014-06-07T06:34:20","guid":{"rendered":"http:\/\/blogs.lasprovincias.es\/historiascondelantal\/?p=2220"},"modified":"2014-06-07T06:34:20","modified_gmt":"2014-06-07T06:34:20","slug":"el-rey-hemingway-y-la-pepica","status":"publish","type":"post","link":"https:\/\/blogs.lasprovincias.es\/historiascondelantal\/2014\/06\/07\/el-rey-hemingway-y-la-pepica\/","title":{"rendered":"EL REY, HEMINGWAY Y LA PEPICA"},"content":{"rendered":"<p style=\"text-align: right;\"><strong>\u00a0<a href=\"https:\/\/twitter.com\/JesusTrelis\" data-lang=\"es\" data-show-count=\"false\" rel=\"external nofollow\">Seguir a m\u00edster Cooking: @JesusTrelis<\/a><\/strong><\/p>\n<p><span style=\"font-size: medium; color: #0000ff;\"><strong>Francisco Balaguer<\/strong> y <strong>Josefa Marqu\u00e9s<\/strong><\/span>\u00a0se quedar\u00edan perplejos si descubrieran que el men\u00fa de aquel merendero que montaron a orillas del Mediterr\u00e1neo se edita ahora en<span style=\"font-size: medium;\"><strong><span style=\"color: #7070ff;\"><em> ruso<\/em><\/span><\/strong><\/span> y<em><span style=\"color: #434399;\"><span style=\"font-size: medium;\"> japon\u00e9s<\/span><\/span><\/em>. <span style=\"font-size: large;\"><strong><span style=\"color: #2a2a61;\">La Pepica<\/span><\/strong><\/span> abri\u00f3 sus puertas en <strong><span style=\"font-size: large; color: #0000ff;\">1898<\/span><\/strong>, el mismo a\u00f1o en que muri\u00f3 <strong>Lewis Carroll<\/strong>, el autor de <em>Alicia en el Pa\u00eds de las Maravillas<\/em>. Como ella, como Alicia, el superagente Cooking se mete por la madriguera de este restaurante hist\u00f3rico para descubrir, all\u00ed, bajo sus cimientos, la historia de este local m\u00edtico y desvelar por qu\u00e9 el<strong><span style=\"color: #0000ff;\"> Rey Juan Carlos<\/span><\/strong> \u2013que ahora se dispone a ceder su corona- se ha convertido en un cliente incondicional de este local que huele a Mediterr\u00e1neo, a fondo de pescado y a paella de marisco. La Pepica, un cl\u00e1sico \u2013m\u00e1s por su pasado repleto de celebridades que por sus sorpresas gastron\u00f3micas- se pone hoy el delantal de las historias para desvelar sus secretos de alcoba. Un delantal muy blanco y almidonado. Como el que luci\u00f3 primero su fundadora, Josefa Marqu\u00e9s. Y m\u00e1s tarde su hija, la querida <span style=\"font-size: medium;\"><strong><span style=\"color: #0000ff;\">Juanita Balaguer<\/span><\/strong><\/span>. Hoy&#8230;. Paella Pepica para todos.<\/p>\n<p>&nbsp;<\/p>\n<p><a href=\"\/historiascondelantal\/wp-content\/uploads\/sites\/18\/2014\/06\/IMG_6459.png\"><img loading=\"lazy\" class=\"alignnone  wp-image-2231\" title=\"IMG_6459\" src=\"\/historiascondelantal\/wp-content\/uploads\/sites\/18\/2014\/06\/IMG_6459.png\" alt=\"\" width=\"461\" height=\"346\" srcset=\"https:\/\/static-blogs.lasprovincias.es\/wp-content\/uploads\/sites\/18\/2014\/06\/IMG_6459.png 960w, https:\/\/static-blogs.lasprovincias.es\/wp-content\/uploads\/sites\/18\/2014\/06\/IMG_6459-300x225.png 300w, https:\/\/static-blogs.lasprovincias.es\/wp-content\/uploads\/sites\/18\/2014\/06\/IMG_6459-768x576.png 768w\" sizes=\"(max-width: 461px) 100vw, 461px\" \/><\/a><\/p>\n<p><!--more--><\/p>\n<p>&nbsp;<\/p>\n<p>Entr\u00e9 por la puerta principal. Que curiosamente parece de atr\u00e1s, porque a La Pepica ahora todos entran desde la playa. Salud\u00e9 al ma\u00eetre. Chaleco negro, pajarita y camisa blanca (como los uniformes de si<span style=\"color: #000000;\">e<\/span>mpre). Le pregunt\u00e9 por <strong><span style=\"color: #0000ff;\">Pepe <\/span><\/strong><span style=\"color: #000000;\">(Pepe Balaguer, para aclararnos, nieto y sobrino de las dos mujeres que fueron cuerpo y alma del restaurante).<\/span> \u201c<em>Est\u00e1 arriba cambi\u00e1ndose<\/em>\u201d, me contest\u00f3. \u201c<em>En un rato bajar\u00e1<\/em>\u201d. \u201c<em>Perfecto<\/em>\u201d, pens\u00e9. <em>\u201cEspero<\/em>\u201d, contest\u00e9. <span style=\"color: #0000ff;\"><strong>Ten\u00eda la coartada perfecta para ir deambulando por el local<\/strong><\/span>. Mirar de un sitio a otro sin que nadie me pudiera decir nada. <em>\u201cEstoy esperando a Pepe<\/em>\u201d, era la respuesta si alguien me ve\u00eda fisgonear. Un esp\u00eda en la piel de un turista.<\/p>\n<p>&nbsp;<\/p>\n<div id=\"attachment_2238\" style=\"width: 470px\" class=\"wp-caption alignnone\"><a href=\"\/historiascondelantal\/wp-content\/uploads\/sites\/18\/2014\/06\/IMG_3150.jpg\"><img aria-describedby=\"caption-attachment-2238\" loading=\"lazy\" class=\" wp-image-2238 \" title=\"IMG_3150\" src=\"\/historiascondelantal\/wp-content\/uploads\/sites\/18\/2014\/06\/IMG_3150.jpg\" alt=\"\" width=\"460\" height=\"614\" srcset=\"https:\/\/static-blogs.lasprovincias.es\/wp-content\/uploads\/sites\/18\/2014\/06\/IMG_3150.jpg 1196w, https:\/\/static-blogs.lasprovincias.es\/wp-content\/uploads\/sites\/18\/2014\/06\/IMG_3150-225x300.jpg 225w, https:\/\/static-blogs.lasprovincias.es\/wp-content\/uploads\/sites\/18\/2014\/06\/IMG_3150-768x1026.jpg 768w, https:\/\/static-blogs.lasprovincias.es\/wp-content\/uploads\/sites\/18\/2014\/06\/IMG_3150-766x1024.jpg 766w\" sizes=\"(max-width: 460px) 100vw, 460px\" \/><\/a><p id=\"caption-attachment-2238\" class=\"wp-caption-text\">Entr\u00e9 por la puerta principal. O sea, en La Pepica, podemos decir que es la de atr\u00e1s.<\/p><\/div>\n<div id=\"attachment_2240\" style=\"width: 624px\" class=\"wp-caption alignnone\"><a href=\"\/historiascondelantal\/wp-content\/uploads\/sites\/18\/2014\/06\/IMG_3156.jpg\"><img aria-describedby=\"caption-attachment-2240\" loading=\"lazy\" class=\" wp-image-2240\" title=\"IMG_3156\" src=\"\/historiascondelantal\/wp-content\/uploads\/sites\/18\/2014\/06\/IMG_3156.jpg\" alt=\"\" width=\"614\" height=\"586\" srcset=\"https:\/\/static-blogs.lasprovincias.es\/wp-content\/uploads\/sites\/18\/2014\/06\/IMG_3156.jpg 1212w, https:\/\/static-blogs.lasprovincias.es\/wp-content\/uploads\/sites\/18\/2014\/06\/IMG_3156-300x286.jpg 300w, https:\/\/static-blogs.lasprovincias.es\/wp-content\/uploads\/sites\/18\/2014\/06\/IMG_3156-768x733.jpg 768w, https:\/\/static-blogs.lasprovincias.es\/wp-content\/uploads\/sites\/18\/2014\/06\/IMG_3156-1024x978.jpg 1024w\" sizes=\"(max-width: 614px) 100vw, 614px\" \/><\/a><p id=\"caption-attachment-2240\" class=\"wp-caption-text\">La entrada por la playa. Por aqu\u00ed entraban todos. Mira, estaba llena la terraza. \ud83d\ude42<\/p><\/div>\n<p>Decenas y decenas de fotos decoraban las paredes. La mayor\u00eda en blanco y negro. Otras, <span style=\"background-color: #ffff00;\">amarillentas de nostalgia<\/span>. Casi todas, eso s\u00ed, hablaban de otros tiempos&#8230; \u201c<em>Ahora ya nadie saca las fotos en papel<\/em>\u201d, me dije mientras miraba a <strong><span style=\"color: #0000ff;\">Indurain<\/span><\/strong> sonriente. La <strong><span style=\"color: #0000ff;\">Duquesa de Alba<\/span><\/strong>, <span style=\"color: #0000ff;\"><strong>Pel\u00e9<\/strong><\/span>, <span style=\"color: #0000ff;\"><strong>Kubala<\/strong><\/span>, la cantante <span style=\"color: #0000ff;\"><strong>Rosana<\/strong><\/span> y sus ocho lunas, el tenor<strong><span style=\"color: #0000ff;\"> Pl\u00e1cido Domingo<\/span><\/strong>&#8230;<\/p>\n<p><a href=\"\/historiascondelantal\/wp-content\/uploads\/sites\/18\/2014\/06\/IMG_3112.jpg\"><img loading=\"lazy\" class=\"alignnone  wp-image-2235\" title=\"IMG_3112\" src=\"\/historiascondelantal\/wp-content\/uploads\/sites\/18\/2014\/06\/IMG_3112.jpg\" alt=\"\" width=\"717\" height=\"328\" srcset=\"https:\/\/static-blogs.lasprovincias.es\/wp-content\/uploads\/sites\/18\/2014\/06\/IMG_3112.jpg 1551w, https:\/\/static-blogs.lasprovincias.es\/wp-content\/uploads\/sites\/18\/2014\/06\/IMG_3112-300x137.jpg 300w, https:\/\/static-blogs.lasprovincias.es\/wp-content\/uploads\/sites\/18\/2014\/06\/IMG_3112-768x352.jpg 768w, https:\/\/static-blogs.lasprovincias.es\/wp-content\/uploads\/sites\/18\/2014\/06\/IMG_3112-1024x469.jpg 1024w\" sizes=\"(max-width: 717px) 100vw, 717px\" \/><\/a><\/p>\n<p>Me fascin\u00f3 el suelo. Inmenso. Pens\u00e9 cuanta gente debe haber transitado sobre \u00e9l. Y cuantas historias habr\u00e1 dejado marcadas las huellas de todos ellos. Cont\u00e9 una tesela, otra. Una blanca, otra azul&#8230; Segu\u00ed sus trazos y zigzageando\u00a0 mis ojos llegaron hasta unas botas negras, algo malgastadas. Levant\u00e9 la mirada y&#8230; me qued\u00e9 asombrado.<span style=\"color: #0000ff;\"> <strong><em>\u201c\u00a1M\u00edster Ernest<\/em><\/strong>!\u201d<\/span>, exclam\u00e9. \u201c<em>\u00bfQu\u00e9 le pasa a usted<\/em>\u2019\u201d, me interpel\u00f3. \u201c<em>\u00bfHa visto un marciano?<\/em>\u201d. Me qued\u00e9 at\u00f3nito observ\u00e1ndole. Unos segundos. Quiz\u00e1s un minuto. <em>\u201c\u00bfNo me va a dejar tomarme mi sangr\u00eda y mi arroz con tranquilidad?<\/em>\u201d, me refunfu\u00f1\u00f3 ante mi perplejidad<strong>. <\/strong><\/p>\n<dl id=\"attachment_2241\" class=\"wp-caption alignnone\" style=\"width: 682px;\">\n<dt class=\"wp-caption-dt\"><a href=\"\/historiascondelantal\/wp-content\/uploads\/sites\/18\/2014\/06\/IMG_6465.png\"><img loading=\"lazy\" class=\" wp-image-2241  \" title=\"IMG_6465\" src=\"\/historiascondelantal\/wp-content\/uploads\/sites\/18\/2014\/06\/IMG_6465.png\" alt=\"\" width=\"672\" height=\"492\" srcset=\"https:\/\/static-blogs.lasprovincias.es\/wp-content\/uploads\/sites\/18\/2014\/06\/IMG_6465.png 960w, https:\/\/static-blogs.lasprovincias.es\/wp-content\/uploads\/sites\/18\/2014\/06\/IMG_6465-300x220.png 300w, https:\/\/static-blogs.lasprovincias.es\/wp-content\/uploads\/sites\/18\/2014\/06\/IMG_6465-768x562.png 768w\" sizes=\"(max-width: 672px) 100vw, 672px\" \/><\/a><\/dt>\n<\/dl>\n<p><strong><span style=\"color: #0000ff;\"><em>\u201cHe-ming-way<\/em>\u201d<\/span><\/strong>, le dije de manera pausada, muy lenta, intentando convencerme de que lo que ve\u00eda era real. Me acerqu\u00e9 hasta \u00e9l,\u00a0 con algo de temor. Pero de pronto, el suelo empez\u00f3 a desencajarse. A desmoronarse una velocidad tremenda. Se abri\u00f3 un profundo hueco. Una madriguera crec\u00eda y crec\u00eda hasta queeee&#8230;<span style=\"color: #0000ff;\"> ooooo<\/span><span style=\"font-size: medium;\"><span style=\"color: #0000ff;\">o<\/span><span style=\"color: #0000cc;\">ooooo<\/span><\/span><span style=\"font-size: large; color: #0000cc;\">oo<\/span><span style=\"font-size: x-large;\"><span style=\"color: #0000cc;\">oooo<\/span><span style=\"color: #000051;\">hhhhh!<\/span><\/span><\/p>\n<p><a href=\"\/historiascondelantal\/wp-content\/uploads\/sites\/18\/2014\/06\/IMG_6444.jpg\"><img loading=\"lazy\" class=\"alignnone  wp-image-2244\" title=\"IMG_6444\" src=\"\/historiascondelantal\/wp-content\/uploads\/sites\/18\/2014\/06\/IMG_6444.jpg\" alt=\"\" width=\"655\" height=\"491\" srcset=\"https:\/\/static-blogs.lasprovincias.es\/wp-content\/uploads\/sites\/18\/2014\/06\/IMG_6444.jpg 1600w, https:\/\/static-blogs.lasprovincias.es\/wp-content\/uploads\/sites\/18\/2014\/06\/IMG_6444-300x225.jpg 300w, https:\/\/static-blogs.lasprovincias.es\/wp-content\/uploads\/sites\/18\/2014\/06\/IMG_6444-768x576.jpg 768w, https:\/\/static-blogs.lasprovincias.es\/wp-content\/uploads\/sites\/18\/2014\/06\/IMG_6444-1024x768.jpg 1024w\" sizes=\"(max-width: 655px) 100vw, 655px\" \/><\/a><\/p>\n<div><\/div>\n<div>Volv\u00ed en m\u00ed al instante. Un sol intenso me cegaba, pero segu\u00eda all\u00ed. S\u00ed, enLa Pepica. Aunque todo&#8230;, todo era del color de la tinta aguada. El color del pasado.<span style=\"font-size: large;\"><strong> Blanco<\/strong><span style=\"background-color: #000000; color: #ffffff;\"> y <\/span><\/span><strong><span style=\"background-color: #000000; color: #ffffff; font-size: large;\"> negro<\/span>.<\/strong><span style=\"background-color: #ffffff; color: #993300; font-size: large;\"> <em>Sepia<\/em><\/span>. Como anta\u00f1o. Estaba en La Pepica en blanco y negro. Y s\u00ed, <span style=\"color: #0000ff;\"><strong>Ernest Hemingway<\/strong><\/span> segu\u00eda all\u00ed. Tomando sangr\u00eda. Junto a \u00e9l, <span style=\"color: #0000ff;\"><strong>Blasco Ib\u00e1\u00f1ez,<\/strong><\/span> que escrib\u00eda sobre una servilleta. Y <strong><span style=\"color: #0000ff;\">Sorolla<\/span><\/strong>, que luchaba con unas cigalas. <span style=\"color: #0000ff;\"><strong>Antonio &#8216;el bailar\u00edn<\/strong><\/span>&#8216; taconeaba sobre el mantel de\u00a0 una mesa, mientras<strong> <\/strong><strong><span style=\"color: #0000ff;\">Manolete<\/span><\/strong> gritaba ol\u00e9 (como a \u00e9l en Las Ventas). <span style=\"color: #0000ff;\"><strong>Alfonso XIII<\/strong><\/span> observaba distante,\u00a0 desde una silla de madera malgastada, mientras apuraba un verm\u00fa. <strong><span style=\"color: #0000ff;\">Ava Gadner<\/span><\/strong> cotilleaba con<span style=\"color: #0000ff;\"><strong> Lauren Bacal<\/strong><\/span>.<span style=\"color: #000000;\"> Y<\/span><strong><span style=\"color: #0000ff;\"> Xavier Cugat<\/span><\/strong> coqueteaba con una impresionante <strong><span style=\"color: #0000ff;\">Abbe Lane<\/span><\/strong> que cataba <em>La Malague\u00f1a<\/em>.<\/div>\n<div><\/div>\n<p><iframe loading=\"lazy\" src=\"\/\/www.youtube.com\/embed\/3ZlwGflpLDs\" frameborder=\"0\" width=\"640\" height=\"480\"><\/iframe><\/p>\n<div><\/div>\n<div id=\"attachment_2245\" style=\"width: 624px\" class=\"wp-caption alignnone\"><a href=\"\/historiascondelantal\/wp-content\/uploads\/sites\/18\/2014\/06\/IMG_6431.jpg\"><img aria-describedby=\"caption-attachment-2245\" loading=\"lazy\" class=\" wp-image-2245 \" title=\"IMG_6431\" src=\"\/historiascondelantal\/wp-content\/uploads\/sites\/18\/2014\/06\/IMG_6431.jpg\" alt=\"\" width=\"614\" height=\"400\" srcset=\"https:\/\/static-blogs.lasprovincias.es\/wp-content\/uploads\/sites\/18\/2014\/06\/IMG_6431.jpg 2087w, https:\/\/static-blogs.lasprovincias.es\/wp-content\/uploads\/sites\/18\/2014\/06\/IMG_6431-300x195.jpg 300w, https:\/\/static-blogs.lasprovincias.es\/wp-content\/uploads\/sites\/18\/2014\/06\/IMG_6431-768x500.jpg 768w, https:\/\/static-blogs.lasprovincias.es\/wp-content\/uploads\/sites\/18\/2014\/06\/IMG_6431-1024x666.jpg 1024w\" sizes=\"(max-width: 614px) 100vw, 614px\" \/><\/a><p id=\"caption-attachment-2245\" class=\"wp-caption-text\"> Foto de La Pepica.<\/p><\/div>\n<p><a href=\"\/historiascondelantal\/wp-content\/uploads\/sites\/18\/2014\/06\/IMG_3111.jpg\"><img loading=\"lazy\" class=\"alignnone  wp-image-2261\" title=\"IMG_3111\" src=\"\/historiascondelantal\/wp-content\/uploads\/sites\/18\/2014\/06\/IMG_3111.jpg\" alt=\"\" width=\"320\" height=\"430\" srcset=\"https:\/\/static-blogs.lasprovincias.es\/wp-content\/uploads\/sites\/18\/2014\/06\/IMG_3111.jpg 1178w, https:\/\/static-blogs.lasprovincias.es\/wp-content\/uploads\/sites\/18\/2014\/06\/IMG_3111-223x300.jpg 223w, https:\/\/static-blogs.lasprovincias.es\/wp-content\/uploads\/sites\/18\/2014\/06\/IMG_3111-768x1033.jpg 768w, https:\/\/static-blogs.lasprovincias.es\/wp-content\/uploads\/sites\/18\/2014\/06\/IMG_3111-762x1024.jpg 762w\" sizes=\"(max-width: 320px) 100vw, 320px\" \/><\/a><\/p>\n<p>&nbsp;<\/p>\n<p><a href=\"\/historiascondelantal\/wp-content\/uploads\/sites\/18\/2014\/06\/IMG_6458.png\"><img loading=\"lazy\" class=\"alignnone  wp-image-2242\" title=\"IMG_6458\" src=\"\/historiascondelantal\/wp-content\/uploads\/sites\/18\/2014\/06\/IMG_6458.png\" alt=\"\" width=\"668\" height=\"448\" srcset=\"https:\/\/static-blogs.lasprovincias.es\/wp-content\/uploads\/sites\/18\/2014\/06\/IMG_6458.png 954w, https:\/\/static-blogs.lasprovincias.es\/wp-content\/uploads\/sites\/18\/2014\/06\/IMG_6458-300x201.png 300w, https:\/\/static-blogs.lasprovincias.es\/wp-content\/uploads\/sites\/18\/2014\/06\/IMG_6458-768x515.png 768w\" sizes=\"(max-width: 668px) 100vw, 668px\" \/><\/a><\/p>\n<p>Entonces, un rayo de sol -que se col\u00f3 desde la terraza, me ceg\u00f3. Al reabrir los ojos, volvi\u00f3 el <span style=\"font-size: x-large; color: #ff9900;\">c<span style=\"color: #99cc00;\">ol<\/span><span style=\"color: #ff0000;\">o<\/span><span style=\"color: #993366;\">r<\/span><\/span>. \u201c<em>Hola, soy Pepe, cre\u00eda que no ibas a venir\u2026<\/em>\u201d, me explic\u00f3 acerc\u00e1ndome su mano. &#8220;<em>Los esp\u00edas nunca fallamos<\/em>&#8220;, pens\u00e9.<\/p>\n<p>El sol se colaba desde la terraza del restaurante. Estaba llena. Era la hora de comer. Terrible, para un esp\u00eda hambriento. Todo eran turistas. La mayor\u00eda m\u00e1s colorados que un tomate. \u201c<em>Pero \u00bfqu\u00e9 me dijiste que eras?<\/em>\u201d. Le expliqu\u00e9 a mi manera que era de los <strong><span style=\"color: #0000ff;\">servicios secretos del Pa\u00eds de la Gastrosof\u00edas<\/span><\/strong> \u2013un esp\u00eda para m\u00e1s se\u00f1as- y que estaba all\u00ed para tratar un tema muy delicado.<\/p>\n<p style=\"text-align: center;\"><span style=\"font-size: large;\"><strong><span style=\"color: #0000ff;\">\u201c\u00bfPor qu\u00e9 el <span style=\"color: #0000ad;\">Rey<\/span> cuando viene a <span style=\"color: #000045;\">Valencia<\/span> casi siempre <span style=\"color: #3d3d71;\">come aqu\u00ed<\/span>?\u201d, le pregunt\u00e9<br \/>\n<\/span><\/strong><\/span><\/p>\n<p><a href=\"\/historiascondelantal\/wp-content\/uploads\/sites\/18\/2014\/06\/IMG_31081.jpg\"><img loading=\"lazy\" class=\"alignnone  wp-image-2265\" title=\"IMG_3108\" src=\"\/historiascondelantal\/wp-content\/uploads\/sites\/18\/2014\/06\/IMG_31081.jpg\" alt=\"\" width=\"614\" height=\"460\" srcset=\"https:\/\/static-blogs.lasprovincias.es\/wp-content\/uploads\/sites\/18\/2014\/06\/IMG_31081.jpg 1067w, https:\/\/static-blogs.lasprovincias.es\/wp-content\/uploads\/sites\/18\/2014\/06\/IMG_31081-300x225.jpg 300w, https:\/\/static-blogs.lasprovincias.es\/wp-content\/uploads\/sites\/18\/2014\/06\/IMG_31081-768x576.jpg 768w, https:\/\/static-blogs.lasprovincias.es\/wp-content\/uploads\/sites\/18\/2014\/06\/IMG_31081-1024x768.jpg 1024w\" sizes=\"(max-width: 614px) 100vw, 614px\" \/><\/a><\/p>\n<p>Pepe se ri\u00f3. Me pidi\u00f3 que le acompa\u00f1ara. Iba a decirle que me hab\u00eda parecido ver a Hemingway pero pens\u00e9 que era mejor ocultar mis alucinaciones. La misi\u00f3n de lo contrario pod\u00eda peligrar. A la gente seria no le gustan los chiflados. Por muy superagentes que sean. Eso s\u00ed, mir\u00e9 por las paredes y me di cuenta que desde all\u00ed todos ellos me observaban. <strong><span style=\"color: #0000ff;\"><em>&#8220;Buenos d\u00edas, Cayetana<\/em>&#8220;, le dije a la fotograf\u00eda de la Duquesa de Alba<\/span><\/strong>. Ella me sonre\u00eda.<\/p>\n<p><a href=\"\/historiascondelantal\/wp-content\/uploads\/sites\/18\/2014\/06\/IMG_6450.png\"><img loading=\"lazy\" class=\"alignnone  wp-image-2237\" title=\"IMG_6450\" src=\"\/historiascondelantal\/wp-content\/uploads\/sites\/18\/2014\/06\/IMG_6450.png\" alt=\"\" width=\"657\" height=\"448\" srcset=\"https:\/\/static-blogs.lasprovincias.es\/wp-content\/uploads\/sites\/18\/2014\/06\/IMG_6450.png 939w, https:\/\/static-blogs.lasprovincias.es\/wp-content\/uploads\/sites\/18\/2014\/06\/IMG_6450-300x204.png 300w, https:\/\/static-blogs.lasprovincias.es\/wp-content\/uploads\/sites\/18\/2014\/06\/IMG_6450-768x523.png 768w\" sizes=\"(max-width: 657px) 100vw, 657px\" \/><\/a><\/p>\n<p><a href=\"\/historiascondelantal\/wp-content\/uploads\/sites\/18\/2014\/06\/IMG_31041.jpg\"><img loading=\"lazy\" class=\"alignnone  wp-image-2266\" title=\"IMG_3104\" src=\"\/historiascondelantal\/wp-content\/uploads\/sites\/18\/2014\/06\/IMG_31041.jpg\" alt=\"\" width=\"717\" height=\"538\" srcset=\"https:\/\/static-blogs.lasprovincias.es\/wp-content\/uploads\/sites\/18\/2014\/06\/IMG_31041.jpg 1600w, https:\/\/static-blogs.lasprovincias.es\/wp-content\/uploads\/sites\/18\/2014\/06\/IMG_31041-300x225.jpg 300w, https:\/\/static-blogs.lasprovincias.es\/wp-content\/uploads\/sites\/18\/2014\/06\/IMG_31041-768x576.jpg 768w, https:\/\/static-blogs.lasprovincias.es\/wp-content\/uploads\/sites\/18\/2014\/06\/IMG_31041-1024x768.jpg 1024w\" sizes=\"(max-width: 717px) 100vw, 717px\" \/><\/a><\/p>\n<p>\u201c<em>Me preguntabas por el Rey<\/em>\u201d, me dijo Pepe. \u201c<em>La primera vez que vino me cont\u00f3 que<strong><span style=\"color: #0000ff;\"> su padre le hab\u00eda hablado del restaurante<\/span><\/strong><\/em><strong><span style=\"color: #0000ff;\">\u201d<\/span><\/strong>, me explic\u00f3. Dicen que Don Juan hab\u00eda ido a comer all\u00ed tras visitar al Marqu\u00e9s de C\u00e1ceres, que estaba muy enfermo. Y le debi\u00f3 gustar, porque se lo recomend\u00f3 hasta a su hijo&#8230;\u00a0 Que en su visita a Valencia: all\u00ed que fue a parar.<\/p>\n<div id=\"attachment_2229\" style=\"width: 548px\" class=\"wp-caption alignnone\"><a href=\"\/historiascondelantal\/wp-content\/uploads\/sites\/18\/2014\/06\/la-pepica_pxl_4ef01890850ff442bf9fa32696134a63.jpeg\"><img aria-describedby=\"caption-attachment-2229\" loading=\"lazy\" class=\" wp-image-2229\" title=\"la-pepica_pxl_4ef01890850ff442bf9fa32696134a63\" src=\"\/historiascondelantal\/wp-content\/uploads\/sites\/18\/2014\/06\/la-pepica_pxl_4ef01890850ff442bf9fa32696134a63.jpeg\" alt=\"\" width=\"538\" height=\"547\" srcset=\"https:\/\/static-blogs.lasprovincias.es\/wp-content\/uploads\/sites\/18\/2014\/06\/la-pepica_pxl_4ef01890850ff442bf9fa32696134a63.jpeg 640w, https:\/\/static-blogs.lasprovincias.es\/wp-content\/uploads\/sites\/18\/2014\/06\/la-pepica_pxl_4ef01890850ff442bf9fa32696134a63-295x300.jpeg 295w\" sizes=\"(max-width: 538px) 100vw, 538px\" \/><\/a><p id=\"caption-attachment-2229\" class=\"wp-caption-text\">Imagen de 1996. En la imagen Juanita, sus sobrinos y sus parejas. Foto La Pepica.<\/p><\/div>\n<p>&nbsp;<\/p>\n<p><strong><span style=\"color: #0000ff;\">\u201c<em>Pero\u2026 \u00bfqu\u00e9 come un Rey aqu\u00ed?<\/em>\u201d<\/span><\/strong>, le interrump\u00ed. La verdad, miraba la carta y todo era como un restaurante m\u00e1s de playa. Eso s\u00ed, con una inmensa solera pero&#8230;arroces, parrilladas, mejillones, calamares&#8230; <em>&#8220;\u00a1Oh, quisquilla qu\u00e9 bueno!<\/em>&#8220;, exclam\u00e9 mientras repasaba la carta.\u00a0 Pepe fue directo. \u201c<strong><span style=\"font-size: large;\"><em>El primer d\u00eda que vino me dijo que quer\u00eda pescadito frito para com\u00e9rselo con las manos<\/em>\u201d<\/span><\/strong>. \u00a0Hubo unas risas, claro. En ese instante, vi pasar una bandeja con pescaditos (precisamente) y se me fue la vista detr\u00e1s. Y el alma. (Ya te dije que hacer estos informes a esas horas -a las dos-\u00a0 eran un pecado). \u201c<em>Aquel d\u00eda, a \u00e9l le hicimos tambi\u00e9n la <strong><span style=\"color: #0000ff;\">paella Pepica<\/span><\/strong> y para la\u00a0 Reina, la de verduras<\/em>\u201d, me coment\u00f3. (La Reina es vegetariana y su pasi\u00f3n por el arroz de verduras ya lo conoces:<a href=\"https:\/\/blogs.lasprovincias.es\/historiascondelantal\/2014\/02\/22\/el-arroz-que-fascino-a-la-reina\/\" target=\"_blank\"> <span style=\"color: #99cc00;\">El arroz que fascin\u00f3 a la Reina<\/span><\/a>). Pero\u00a0 \u00bfarroz Pepica? Desconect\u00e9 de mi conversaci\u00f3n. Saqu\u00e9 mi<em> Bola\/Busca\/Paellas<\/em> (como la Wikipaella de <strong>Paco Alonso<\/strong> pero en quiromancia) y empec\u00e9 a rastrear su historia hasta que\u2026 \u00a1eureka!<\/p>\n<p><a href=\"\/historiascondelantal\/wp-content\/uploads\/sites\/18\/2014\/06\/IMG_3142.jpg\"><img loading=\"lazy\" class=\"alignnone  wp-image-2247\" title=\"IMG_3142\" src=\"\/historiascondelantal\/wp-content\/uploads\/sites\/18\/2014\/06\/IMG_3142.jpg\" alt=\"\" width=\"717\" height=\"538\" srcset=\"https:\/\/static-blogs.lasprovincias.es\/wp-content\/uploads\/sites\/18\/2014\/06\/IMG_3142.jpg 1600w, https:\/\/static-blogs.lasprovincias.es\/wp-content\/uploads\/sites\/18\/2014\/06\/IMG_3142-300x225.jpg 300w, https:\/\/static-blogs.lasprovincias.es\/wp-content\/uploads\/sites\/18\/2014\/06\/IMG_3142-768x576.jpg 768w, https:\/\/static-blogs.lasprovincias.es\/wp-content\/uploads\/sites\/18\/2014\/06\/IMG_3142-1024x768.jpg 1024w\" sizes=\"(max-width: 717px) 100vw, 717px\" \/><\/a><\/p>\n<p>La paella Pepica es en verdad la que ya se conoce mundialmente como la paella del Senyoret. Eso es lo que defienden en el restaurante. Dice Pepe Balaguer que todo naci\u00f3 por culpa del pintor que capt\u00f3 la luz del Mediterr\u00e1neo. \u201c<em>Sorolla ten\u00eda problemas para comerse las cigalas, y al final,\u00a0 las tuvimos que pelar en la cocina. El siguiente d\u00eda que regres\u00f3 a La Pepica, <strong><span style=\"color: #0000ff;\">le preparamos el arroz con todos los ingredientes\u00a0 ya pelados<\/span><\/strong><\/em>&#8230;&#8221;.<\/p>\n<p>Me encant\u00f3 la historia y no pude evitar imaginarme al maestro, entre pinceladas y pinceladas, disfrutando de su paella de marisco \u00a1pelado! Mientras so\u00f1aba con esa secuencia, todo a m\u00ed alrededor se dilu\u00eda como una de sus acuarelas. El suelo, de nuevo, se abr\u00eda a mis pies. Como el papel de plata. Par\u00e9 de escribir lo que Pepe me contaba. Y observ\u00e9<strong>&#8230;<\/strong><\/p>\n<p><span style=\"font-size: large;\"><strong><span style=\"color: #0000ff;\">La madriguera volv\u00eda a engulliiiiirmeeeeeeee!!!!<\/span><\/strong>.<\/span><\/p>\n<p><a href=\"\/historiascondelantal\/wp-content\/uploads\/sites\/18\/2014\/06\/IMG_6448.jpg\"><img loading=\"lazy\" class=\"alignnone  wp-image-2248\" title=\"IMG_6448\" src=\"\/historiascondelantal\/wp-content\/uploads\/sites\/18\/2014\/06\/IMG_6448.jpg\" alt=\"\" width=\"614\" height=\"461\" srcset=\"https:\/\/static-blogs.lasprovincias.es\/wp-content\/uploads\/sites\/18\/2014\/06\/IMG_6448.jpg 1600w, https:\/\/static-blogs.lasprovincias.es\/wp-content\/uploads\/sites\/18\/2014\/06\/IMG_6448-300x225.jpg 300w, https:\/\/static-blogs.lasprovincias.es\/wp-content\/uploads\/sites\/18\/2014\/06\/IMG_6448-768x576.jpg 768w, https:\/\/static-blogs.lasprovincias.es\/wp-content\/uploads\/sites\/18\/2014\/06\/IMG_6448-1024x768.jpg 1024w\" sizes=\"(max-width: 614px) 100vw, 614px\" \/><\/a><\/p>\n<p>Sent\u00ed un nuevo golpe. Abr\u00ed los ojos. Estaba all\u00ed, en mitad de la playa. La brisa acariciaba mi rostro y don Joaqu\u00edn, s\u00ed Sorolla, manejaba con destreza sus pinceles. Tal y como lo represent\u00f3 el a\u00f1orado Pepe Sancho en la pel\u00edcula de Escriv\u00e1.<\/p>\n<div id=\"attachment_2221\" style=\"width: 624px\" class=\"wp-caption alignnone\"><a href=\"\/historiascondelantal\/wp-content\/uploads\/sites\/18\/2014\/06\/SOROLLA2.jpg\"><img aria-describedby=\"caption-attachment-2221\" loading=\"lazy\" class=\" wp-image-2221 \" title=\"SOROLLA2\" src=\"\/historiascondelantal\/wp-content\/uploads\/sites\/18\/2014\/06\/SOROLLA2.jpg\" alt=\"\" width=\"614\" height=\"409\" srcset=\"https:\/\/static-blogs.lasprovincias.es\/wp-content\/uploads\/sites\/18\/2014\/06\/SOROLLA2.jpg 1200w, https:\/\/static-blogs.lasprovincias.es\/wp-content\/uploads\/sites\/18\/2014\/06\/SOROLLA2-300x200.jpg 300w, https:\/\/static-blogs.lasprovincias.es\/wp-content\/uploads\/sites\/18\/2014\/06\/SOROLLA2-768x512.jpg 768w, https:\/\/static-blogs.lasprovincias.es\/wp-content\/uploads\/sites\/18\/2014\/06\/SOROLLA2-1024x683.jpg 1024w\" sizes=\"(max-width: 614px) 100vw, 614px\" \/><\/a><p id=\"caption-attachment-2221\" class=\"wp-caption-text\">Un momento del rodaje. Foto Juantxo Ribes.<\/p><\/div>\n<p>&nbsp;<\/p>\n<div id=\"attachment_2224\" style=\"width: 624px\" class=\"wp-caption alignnone\"><a href=\"\/historiascondelantal\/wp-content\/uploads\/sites\/18\/2014\/06\/SOROLLLLA1.jpg\"><img aria-describedby=\"caption-attachment-2224\" loading=\"lazy\" class=\" wp-image-2224 \" title=\"SOROLLLLA\" src=\"\/historiascondelantal\/wp-content\/uploads\/sites\/18\/2014\/06\/SOROLLLLA1.jpg\" alt=\"\" width=\"614\" height=\"409\" srcset=\"https:\/\/static-blogs.lasprovincias.es\/wp-content\/uploads\/sites\/18\/2014\/06\/SOROLLLLA1.jpg 1200w, https:\/\/static-blogs.lasprovincias.es\/wp-content\/uploads\/sites\/18\/2014\/06\/SOROLLLLA1-300x200.jpg 300w, https:\/\/static-blogs.lasprovincias.es\/wp-content\/uploads\/sites\/18\/2014\/06\/SOROLLLLA1-768x512.jpg 768w, https:\/\/static-blogs.lasprovincias.es\/wp-content\/uploads\/sites\/18\/2014\/06\/SOROLLLLA1-1024x683.jpg 1024w\" sizes=\"(max-width: 614px) 100vw, 614px\" \/><\/a><p id=\"caption-attachment-2224\" class=\"wp-caption-text\">Sorolla lee Las Provincias. Foto Dami\u00e1n Torres<\/p><\/div>\n<p>\u201c<em>\u00bfMe dijiste que te llamabas?<\/em>\u201d, me pergunt\u00f3 Pepe mientras yo estaba anclado en mi sue\u00f1o.\u00a0 <em>\u201cEeeeh. Cooking,\u00a0 me llamo Cooking<\/em>\u201d, le contest\u00e9. \u00c9l sigui\u00f3 entonces con las historias del restaurante. Historias que no tendr\u00edan fin. De hecho podr\u00eda haber estado con \u00e9l horas. No en vano, Pepe y sus primos -dos de ellos siguen en el restaurante- han crecido all\u00ed. Han vivido all\u00ed.\u00a0 \u201c<strong><span style=\"color: #0000ff;\"><em>Recuerdo estar con Pel\u00e9, imag\u00ednate\u2026<\/em><\/span><\/strong>\u201d, me dice. Mientras \u00e9l me dec\u00eda eso, yo saludaba a <span style=\"color: #0000ff;\"><strong>Orson Welles<\/strong><\/span> que me sonre\u00eda desde una de las fotograf\u00edas.\u00a0 Y a<span style=\"color: #0000ff;\"> <strong>Antonio Mach\u00edn<\/strong><\/span>. Creo que era Mach\u00edn&#8230;<\/p>\n<div id=\"attachment_2267\" style=\"width: 727px\" class=\"wp-caption alignnone\"><a href=\"\/historiascondelantal\/wp-content\/uploads\/sites\/18\/2014\/06\/IMG_6428.jpg\"><img aria-describedby=\"caption-attachment-2267\" loading=\"lazy\" class=\" wp-image-2267 \" title=\"IMG_6428\" src=\"\/historiascondelantal\/wp-content\/uploads\/sites\/18\/2014\/06\/IMG_6428.jpg\" alt=\"\" width=\"717\" height=\"461\" srcset=\"https:\/\/static-blogs.lasprovincias.es\/wp-content\/uploads\/sites\/18\/2014\/06\/IMG_6428.jpg 2133w, https:\/\/static-blogs.lasprovincias.es\/wp-content\/uploads\/sites\/18\/2014\/06\/IMG_6428-300x193.jpg 300w, https:\/\/static-blogs.lasprovincias.es\/wp-content\/uploads\/sites\/18\/2014\/06\/IMG_6428-768x494.jpg 768w, https:\/\/static-blogs.lasprovincias.es\/wp-content\/uploads\/sites\/18\/2014\/06\/IMG_6428-1024x658.jpg 1024w\" sizes=\"(max-width: 717px) 100vw, 717px\" \/><\/a><p id=\"caption-attachment-2267\" class=\"wp-caption-text\">Otra de las fotos de La Pepica. En este caso con el mism\u00edsmo Orson Welles.<\/p><\/div>\n<p style=\"text-align: left;\">\u201c<em>Una de las veces que vino el Rey, le acompa\u00f1\u00e9 a una de las habitaciones para que se pudiera refrescar y arreglar. Recuerdo que cuando sali\u00f3 me dijo: \u2018<strong><span style=\"color: #0000ff;\">v\u00e1monos t\u00fa y yo ahora a hacernos una cerveza fresca y unas olivas<\/span><\/strong>\u2019<\/em>\u201d.\u00a0 Las visitas del monarca han sido continuadas. Cinco creo que me dijo Pepe. La verdad es que la pared que ten\u00eda a mis espaldas estaba repleta de fotograf\u00edas de don Juan Carlos y de su familia. <em>&#8220;Han venido muchas veces, gran parte de ellas de manera privada&#8221;<\/em>, me aclar\u00f3 Pepe. Casi siempre de inc\u00f3gnito.\u00a0 <span style=\"color: #0000ff;\"><strong>El mar<\/strong><\/span> y <span style=\"color: #0000ff;\"><strong>las regata<\/strong>s<\/span> tienen la culpa. Fue el Rey. Ha ido el futuro <strong><span style=\"color: #0000ff;\">Felipe VI<\/span><\/strong>. Antes <span style=\"color: #0000ff;\"><strong>Don Juan<\/strong><\/span>. Y antes, <strong><span style=\"color: #0000ff;\">Alfonso XIII<\/span><\/strong>. Todo muy Real.<\/p>\n<p><a href=\"\/historiascondelantal\/wp-content\/uploads\/sites\/18\/2014\/06\/IMG_31091.jpg\"><img loading=\"lazy\" class=\"alignnone  wp-image-2268\" title=\"IMG_3109\" src=\"\/historiascondelantal\/wp-content\/uploads\/sites\/18\/2014\/06\/IMG_31091.jpg\" alt=\"\" width=\"717\" height=\"493\" srcset=\"https:\/\/static-blogs.lasprovincias.es\/wp-content\/uploads\/sites\/18\/2014\/06\/IMG_31091.jpg 1600w, https:\/\/static-blogs.lasprovincias.es\/wp-content\/uploads\/sites\/18\/2014\/06\/IMG_31091-300x206.jpg 300w, https:\/\/static-blogs.lasprovincias.es\/wp-content\/uploads\/sites\/18\/2014\/06\/IMG_31091-768x528.jpg 768w, https:\/\/static-blogs.lasprovincias.es\/wp-content\/uploads\/sites\/18\/2014\/06\/IMG_31091-1024x705.jpg 1024w\" sizes=\"(max-width: 717px) 100vw, 717px\" \/><\/a><\/p>\n<p><a href=\"\/historiascondelantal\/wp-content\/uploads\/sites\/18\/2014\/06\/IMG_31061.jpg\"><img loading=\"lazy\" class=\"alignnone  wp-image-2251\" title=\"IMG_3106\" src=\"\/historiascondelantal\/wp-content\/uploads\/sites\/18\/2014\/06\/IMG_31061.jpg\" alt=\"\" width=\"430\" height=\"323\" srcset=\"https:\/\/static-blogs.lasprovincias.es\/wp-content\/uploads\/sites\/18\/2014\/06\/IMG_31061.jpg 1600w, https:\/\/static-blogs.lasprovincias.es\/wp-content\/uploads\/sites\/18\/2014\/06\/IMG_31061-300x225.jpg 300w, https:\/\/static-blogs.lasprovincias.es\/wp-content\/uploads\/sites\/18\/2014\/06\/IMG_31061-768x576.jpg 768w, https:\/\/static-blogs.lasprovincias.es\/wp-content\/uploads\/sites\/18\/2014\/06\/IMG_31061-1024x768.jpg 1024w\" sizes=\"(max-width: 430px) 100vw, 430px\" \/><\/a><\/p>\n<p><strong><span style=\"color: #0000ff; font-size: large;\">El mar<\/span><\/strong>&#8230; ha sido tambi\u00e9n el im\u00e1n hasta La Pepica de artistas, pintores, escritores, toreros&#8230; Todos han ido cayendo bajo el encanto, el misterioso encanto, de un restaurante que 116 a\u00f1os despu\u00e9s es solera y tradici\u00f3n. No busques m\u00e1s. El propio Pepe lo confiesa. Su carta es la misma \u2013con alguna variaci\u00f3n adapt\u00e1ndose a los tiempos- que la que se origin\u00f3 en aquel barrac\u00f3n a pie de playa. En Canyamelar. Una carta abierta a todos. <em>&#8220;Hay men\u00fas para todos los clientes, m\u00e1s econ\u00f3mico o m\u00e1s sofisticado\u201d.<\/em>\u00a0 Y es cierto. Aunque, en cualquier caso, lo mejor de ella, de su carta, es su historia. Lo que hay detr\u00e1s de esos platos. De esas fotograf\u00edas que rodean el comedor. De esas <span style=\"color: #0000ff;\"><strong>decenas de paellas que cada d\u00eda se crean en esa cocina repleta de nostalgias<\/strong><\/span>.<\/p>\n<p><a href=\"\/historiascondelantal\/wp-content\/uploads\/sites\/18\/2014\/06\/IMG_3135.jpg\"><img loading=\"lazy\" class=\"alignnone  wp-image-2253\" title=\"IMG_3135\" src=\"\/historiascondelantal\/wp-content\/uploads\/sites\/18\/2014\/06\/IMG_3135.jpg\" alt=\"\" width=\"546\" height=\"614\" srcset=\"https:\/\/static-blogs.lasprovincias.es\/wp-content\/uploads\/sites\/18\/2014\/06\/IMG_3135.jpg 1094w, https:\/\/static-blogs.lasprovincias.es\/wp-content\/uploads\/sites\/18\/2014\/06\/IMG_3135-267x300.jpg 267w, https:\/\/static-blogs.lasprovincias.es\/wp-content\/uploads\/sites\/18\/2014\/06\/IMG_3135-768x863.jpg 768w, https:\/\/static-blogs.lasprovincias.es\/wp-content\/uploads\/sites\/18\/2014\/06\/IMG_3135-911x1024.jpg 911w\" sizes=\"(max-width: 546px) 100vw, 546px\" \/><\/a><\/p>\n<p>&nbsp;<\/p>\n<p><a href=\"\/historiascondelantal\/wp-content\/uploads\/sites\/18\/2014\/06\/IMG_3134.jpg\"><img loading=\"lazy\" class=\"alignnone  wp-image-2258\" title=\"IMG_3134\" src=\"\/historiascondelantal\/wp-content\/uploads\/sites\/18\/2014\/06\/IMG_3134.jpg\" alt=\"\" width=\"614\" height=\"459\" srcset=\"https:\/\/static-blogs.lasprovincias.es\/wp-content\/uploads\/sites\/18\/2014\/06\/IMG_3134.jpg 1590w, https:\/\/static-blogs.lasprovincias.es\/wp-content\/uploads\/sites\/18\/2014\/06\/IMG_3134-300x224.jpg 300w, https:\/\/static-blogs.lasprovincias.es\/wp-content\/uploads\/sites\/18\/2014\/06\/IMG_3134-768x574.jpg 768w, https:\/\/static-blogs.lasprovincias.es\/wp-content\/uploads\/sites\/18\/2014\/06\/IMG_3134-1024x765.jpg 1024w\" sizes=\"(max-width: 614px) 100vw, 614px\" \/><\/a><\/p>\n<p>Cuando me fu\u00ed, los fuegos ard\u00edan. Las cigalas, grandes y medianas, esperaban en boles repletos de hielo. Un taco de mojama dorm\u00eda en la m\u00e1quina corta fiambres. <strong>Y una ensalada, lista para ser servida. <span style=\"color: #0000ff;\">El fuego estallaba bajo las paellas<\/span><\/strong>. En la c\u00e1mara de refrigeraci\u00f3n, pasteles de merengue hablaban del pasado. Y en la sala, camareros impecables paseaban sus bandejas con pescaditos fritos, calamares, tellinas&#8230; Paellas para turistas sonrientes. Ingleses, alg\u00fan ruso, chinos, japoneses&#8230; Sus nuevos clientes.<\/p>\n<p><a href=\"\/historiascondelantal\/wp-content\/uploads\/sites\/18\/2014\/06\/IMG_3143.jpg\"><img loading=\"lazy\" class=\"alignnone  wp-image-2255\" title=\"IMG_3143\" src=\"\/historiascondelantal\/wp-content\/uploads\/sites\/18\/2014\/06\/IMG_3143.jpg\" alt=\"\" width=\"614\" height=\"460\" srcset=\"https:\/\/static-blogs.lasprovincias.es\/wp-content\/uploads\/sites\/18\/2014\/06\/IMG_3143.jpg 1596w, https:\/\/static-blogs.lasprovincias.es\/wp-content\/uploads\/sites\/18\/2014\/06\/IMG_3143-300x225.jpg 300w, https:\/\/static-blogs.lasprovincias.es\/wp-content\/uploads\/sites\/18\/2014\/06\/IMG_3143-768x576.jpg 768w, https:\/\/static-blogs.lasprovincias.es\/wp-content\/uploads\/sites\/18\/2014\/06\/IMG_3143-1024x767.jpg 1024w\" sizes=\"(max-width: 614px) 100vw, 614px\" \/><\/a><\/p>\n<p><a href=\"\/historiascondelantal\/wp-content\/uploads\/sites\/18\/2014\/06\/IMG_31381.jpg\"><img loading=\"lazy\" class=\"alignnone  wp-image-2259\" title=\"IMG_3138\" src=\"\/historiascondelantal\/wp-content\/uploads\/sites\/18\/2014\/06\/IMG_31381.jpg\" alt=\"\" width=\"614\" height=\"455\" srcset=\"https:\/\/static-blogs.lasprovincias.es\/wp-content\/uploads\/sites\/18\/2014\/06\/IMG_31381.jpg 1576w, https:\/\/static-blogs.lasprovincias.es\/wp-content\/uploads\/sites\/18\/2014\/06\/IMG_31381-300x222.jpg 300w, https:\/\/static-blogs.lasprovincias.es\/wp-content\/uploads\/sites\/18\/2014\/06\/IMG_31381-768x569.jpg 768w, https:\/\/static-blogs.lasprovincias.es\/wp-content\/uploads\/sites\/18\/2014\/06\/IMG_31381-1024x759.jpg 1024w\" sizes=\"(max-width: 614px) 100vw, 614px\" \/><\/a><\/p>\n<p><a href=\"\/historiascondelantal\/wp-content\/uploads\/sites\/18\/2014\/06\/IMG_3132.jpg\"><img loading=\"lazy\" class=\"alignnone  wp-image-2252\" title=\"IMG_3132\" src=\"\/historiascondelantal\/wp-content\/uploads\/sites\/18\/2014\/06\/IMG_3132.jpg\" alt=\"\" width=\"614\" height=\"461\" srcset=\"https:\/\/static-blogs.lasprovincias.es\/wp-content\/uploads\/sites\/18\/2014\/06\/IMG_3132.jpg 1600w, https:\/\/static-blogs.lasprovincias.es\/wp-content\/uploads\/sites\/18\/2014\/06\/IMG_3132-300x225.jpg 300w, https:\/\/static-blogs.lasprovincias.es\/wp-content\/uploads\/sites\/18\/2014\/06\/IMG_3132-768x576.jpg 768w, https:\/\/static-blogs.lasprovincias.es\/wp-content\/uploads\/sites\/18\/2014\/06\/IMG_3132-1024x768.jpg 1024w\" sizes=\"(max-width: 614px) 100vw, 614px\" \/><\/a><\/p>\n<p><a href=\"\/historiascondelantal\/wp-content\/uploads\/sites\/18\/2014\/06\/IMG_3124.jpg\"><img loading=\"lazy\" class=\"alignnone  wp-image-2260\" title=\"IMG_3124\" src=\"\/historiascondelantal\/wp-content\/uploads\/sites\/18\/2014\/06\/IMG_3124.jpg\" alt=\"\" width=\"614\" height=\"373\" srcset=\"https:\/\/static-blogs.lasprovincias.es\/wp-content\/uploads\/sites\/18\/2014\/06\/IMG_3124.jpg 1258w, https:\/\/static-blogs.lasprovincias.es\/wp-content\/uploads\/sites\/18\/2014\/06\/IMG_3124-300x182.jpg 300w, https:\/\/static-blogs.lasprovincias.es\/wp-content\/uploads\/sites\/18\/2014\/06\/IMG_3124-768x467.jpg 768w, https:\/\/static-blogs.lasprovincias.es\/wp-content\/uploads\/sites\/18\/2014\/06\/IMG_3124-1024x623.jpg 1024w\" sizes=\"(max-width: 614px) 100vw, 614px\" \/><\/a><\/p>\n<p><a href=\"\/historiascondelantal\/wp-content\/uploads\/sites\/18\/2014\/06\/IMG_3149.jpg\"><img loading=\"lazy\" class=\"alignnone  wp-image-2257\" title=\"IMG_3149\" src=\"\/historiascondelantal\/wp-content\/uploads\/sites\/18\/2014\/06\/IMG_3149.jpg\" alt=\"\" width=\"717\" height=\"526\" srcset=\"https:\/\/static-blogs.lasprovincias.es\/wp-content\/uploads\/sites\/18\/2014\/06\/IMG_3149.jpg 1560w, https:\/\/static-blogs.lasprovincias.es\/wp-content\/uploads\/sites\/18\/2014\/06\/IMG_3149-300x220.jpg 300w, https:\/\/static-blogs.lasprovincias.es\/wp-content\/uploads\/sites\/18\/2014\/06\/IMG_3149-768x564.jpg 768w, https:\/\/static-blogs.lasprovincias.es\/wp-content\/uploads\/sites\/18\/2014\/06\/IMG_3149-1024x752.jpg 1024w\" sizes=\"(max-width: 717px) 100vw, 717px\" \/><\/a><\/p>\n<p>Sin pegar bocado -siempre ando con prisas-, me lanc\u00e9 por la madriguera de La Pepica repartiendo besos a <span style=\"color: #0000ff;\"><strong>Ava Gavner<\/strong><\/span> y <span style=\"color: #0000ff;\"><strong>Jacqueline Bisset<\/strong><\/span>&#8230; <span style=\"color: #0000ff;\"><strong>Nuria Esper<\/strong><\/span>t recitaba versos\u00a0 y <span style=\"color: #0000ff;\"><strong>Mach\u00edn<\/strong><\/span>&#8230; Mach\u00edn -si es que alg\u00fan d\u00eda estuvo all\u00ed- cantaba aquello de las dos gardenias. Yo lo escuch\u00e9. De verdad&#8230; No estoy loco. &#8220;Dos gardenias para t\u00ed&#8230;&#8221;<\/p>\n<p><a href=\"\/historiascondelantal\/wp-content\/uploads\/sites\/18\/2014\/06\/IMG_64541.jpg\"><img loading=\"lazy\" class=\"alignnone  wp-image-2264\" title=\"IMG_6454\" src=\"\/historiascondelantal\/wp-content\/uploads\/sites\/18\/2014\/06\/IMG_64541.jpg\" alt=\"\" width=\"576\" height=\"432\" srcset=\"https:\/\/static-blogs.lasprovincias.es\/wp-content\/uploads\/sites\/18\/2014\/06\/IMG_64541.jpg 960w, https:\/\/static-blogs.lasprovincias.es\/wp-content\/uploads\/sites\/18\/2014\/06\/IMG_64541-300x225.jpg 300w, https:\/\/static-blogs.lasprovincias.es\/wp-content\/uploads\/sites\/18\/2014\/06\/IMG_64541-768x576.jpg 768w\" sizes=\"(max-width: 576px) 100vw, 576px\" \/><\/a><\/p>\n<p style=\"text-align: right;\"><strong><a href=\"https:\/\/twitter.com\/JesusTrelis\" data-lang=\"es\" data-show-count=\"false\" rel=\"external nofollow\">Seguir a m\u00edster Cooking: @JesusTrelis<\/a><\/strong><\/p>\n<p style=\"text-align: center;\"><span style=\"text-decoration: underline; color: #808080; font-size: medium;\"><strong>A DARIO BARRIO<\/strong><\/span><\/p>\n<p><em>Mientras escribo esta historia me entero de la muerte de Dario Barrio. Y s\u00ed, se me esfuman las ganas de terminarla. Estos mazazos entristecen tanto que ahogan hasta las palabras. Dario, en aquellos a\u00f1os de Canal Cocina, me ense\u00f1\u00f3 a querer un poco m\u00e1s esto de la gastronom\u00eda. Y aunque nunca prob\u00e9 sus platos, siempre estuvo entre los miembros de esa otra familia que un buen d\u00eda decid\u00ed montar en el Pa\u00eds de las Gastrosof\u00edas. Por eso, al final de mi relato te dejo, mi l\u00e1grima. Mi tristeza por el adi\u00f3s de un cocinero. DEP.<\/em><\/p>\n<p><a href=\"\/historiascondelantal\/wp-content\/uploads\/sites\/18\/2014\/06\/IMG_6462.png\"><img loading=\"lazy\" class=\"alignnone  wp-image-2262\" title=\"IMG_6462\" src=\"\/historiascondelantal\/wp-content\/uploads\/sites\/18\/2014\/06\/IMG_6462.png\" alt=\"\" width=\"300\" height=\"205\" srcset=\"https:\/\/static-blogs.lasprovincias.es\/wp-content\/uploads\/sites\/18\/2014\/06\/IMG_6462.png 500w, https:\/\/static-blogs.lasprovincias.es\/wp-content\/uploads\/sites\/18\/2014\/06\/IMG_6462-300x205.png 300w\" sizes=\"(max-width: 300px) 100vw, 300px\" \/><\/a><\/p>\n<!-- AddThis Advanced Settings generic via filter on the_content --><!-- AddThis Share Buttons generic via filter on the_content -->","protected":false},"excerpt":{"rendered":"<p>\u00a0Seguir a m\u00edster Cooking: @JesusTrelis Francisco Balaguer y Josefa Marqu\u00e9s\u00a0se quedar\u00edan perplejos si descubrieran que el men\u00fa de aquel merendero que montaron a orillas del Mediterr\u00e1neo se edita ahora en ruso y japon\u00e9s. La Pepica abri\u00f3 sus puertas en 1898, el mismo a\u00f1o en que muri\u00f3 Lewis Carroll, el autor de Alicia en el Pa\u00eds [&hellip;]<!-- AddThis Advanced Settings generic via filter on get_the_excerpt --><!-- AddThis Share Buttons generic via filter on get_the_excerpt --><\/p>\n","protected":false},"author":23,"featured_media":0,"comment_status":"open","ping_status":"open","sticky":false,"template":"","format":"standard","meta":[],"categories":[3,4,5,6],"tags":[313,388,408,526,691,809,934,954],"_links":{"self":[{"href":"https:\/\/blogs.lasprovincias.es\/historiascondelantal\/wp-json\/wp\/v2\/posts\/2220"}],"collection":[{"href":"https:\/\/blogs.lasprovincias.es\/historiascondelantal\/wp-json\/wp\/v2\/posts"}],"about":[{"href":"https:\/\/blogs.lasprovincias.es\/historiascondelantal\/wp-json\/wp\/v2\/types\/post"}],"author":[{"embeddable":true,"href":"https:\/\/blogs.lasprovincias.es\/historiascondelantal\/wp-json\/wp\/v2\/users\/23"}],"replies":[{"embeddable":true,"href":"https:\/\/blogs.lasprovincias.es\/historiascondelantal\/wp-json\/wp\/v2\/comments?post=2220"}],"version-history":[{"count":0,"href":"https:\/\/blogs.lasprovincias.es\/historiascondelantal\/wp-json\/wp\/v2\/posts\/2220\/revisions"}],"wp:attachment":[{"href":"https:\/\/blogs.lasprovincias.es\/historiascondelantal\/wp-json\/wp\/v2\/media?parent=2220"}],"wp:term":[{"taxonomy":"category","embeddable":true,"href":"https:\/\/blogs.lasprovincias.es\/historiascondelantal\/wp-json\/wp\/v2\/categories?post=2220"},{"taxonomy":"post_tag","embeddable":true,"href":"https:\/\/blogs.lasprovincias.es\/historiascondelantal\/wp-json\/wp\/v2\/tags?post=2220"}],"curies":[{"name":"wp","href":"https:\/\/api.w.org\/{rel}","templated":true}]}}