{"id":22353,"date":"2020-07-23T08:57:56","date_gmt":"2020-07-23T06:57:56","guid":{"rendered":"https:\/\/blogs.lasprovincias.es\/historiascondelantal\/?p=22353"},"modified":"2020-07-23T14:43:50","modified_gmt":"2020-07-23T12:43:50","slug":"joaquin-schmidt-y-las-mesas-que-hablan","status":"publish","type":"post","link":"https:\/\/blogs.lasprovincias.es\/historiascondelantal\/2020\/07\/23\/joaquin-schmidt-y-las-mesas-que-hablan\/","title":{"rendered":"Joaqu\u00edn Schmidt y las mesas que hablan"},"content":{"rendered":"<p>\u00a1Pues ya est\u00e1 bien! Les vas dejando, les vas dejando y, al final, toma: zambombazo y te arrinconan a un lado. Te lo cuento clarito: el periodista que llevo dentro se apoder\u00f3 del alma del esp\u00eda del Pa\u00eds de las Gastrosof\u00edas y le dej\u00f3 de lado. O sea, que Mister Cooking y sus locuras desaparecimos para ponernos el traje serio y rimbombante del cronista pensante. (\u00a1Madre m\u00eda!, que tipo m\u00e1s aburrido). \u00a0Pues mira, ahora que el chaval ha cogido el portante y se ha ido de vacaciones, le volvemos a quitar el sitio. Y oye, te digo m\u00e1s, si la cosa va bien, no le dejamos volver. Nos quedamos como esp\u00edas, secretos, camuflados, yendo de un lado a otro sin que nadie sepa que detr\u00e1s de esa calva hay un agente gastro -f\u00e1cil de conquistar, eso s\u00ed- y que tras la figura escu\u00e1lida de quien todos creen reconocer, en realidad est\u00e1 un glot\u00f3n desesperado, que ni Pantagruel en estado puro. O sea, que Cooking vuelve donde deb\u00eda estar y al tipo l\u00e1nguido le dejamos descansar&#8230; Pero por mucho tiempo. \u00a1Como si no regresa! Soy Cooking y esto es&#8230;.<\/p>\n<p><a href=\"https:\/\/static-blogs.lasprovincias.es\/wp-content\/uploads\/sites\/18\/2020\/07\/6C7BF437-474F-403C-AE08-FC07E6064EE5-2-e1595438218941.jpg\"><img loading=\"lazy\" class=\"alignnone size-large wp-image-22358\" src=\"https:\/\/static-blogs.lasprovincias.es\/wp-content\/uploads\/sites\/18\/2020\/07\/6C7BF437-474F-403C-AE08-FC07E6064EE5-2-e1595438218941-1024x620.jpg\" alt=\"\" width=\"1024\" height=\"620\" srcset=\"https:\/\/static-blogs.lasprovincias.es\/wp-content\/uploads\/sites\/18\/2020\/07\/6C7BF437-474F-403C-AE08-FC07E6064EE5-2-e1595438218941-1024x620.jpg 1024w, https:\/\/static-blogs.lasprovincias.es\/wp-content\/uploads\/sites\/18\/2020\/07\/6C7BF437-474F-403C-AE08-FC07E6064EE5-2-e1595438218941-300x182.jpg 300w, https:\/\/static-blogs.lasprovincias.es\/wp-content\/uploads\/sites\/18\/2020\/07\/6C7BF437-474F-403C-AE08-FC07E6064EE5-2-e1595438218941-768x465.jpg 768w\" sizes=\"(max-width: 1024px) 100vw, 1024px\" \/><\/a><\/p>\n<p>&nbsp;<\/p>\n<hr \/>\n<p>Dicho esto, tomamos el castillo gastron\u00f3mico y desempolvamos el delantal volador. Quien quiera subir, que suba. Quien no, que se lo piense&#8230;. Ya sabes, la margarita&#8230; S\u00ed, no, s\u00ed ,no&#8230;. s\u00ed. Te voy sirviendo unos bocados que le quit\u00e9 a <a href=\"https:\/\/blogs.lasprovincias.es\/historiascondelantal\/2020\/07\/12\/bon-amb-ya-forja-su-tercera-estrella\/\">Ferruz<\/a> el otro d\u00eda. Un \u00a0resalado y un dulce glorioso&#8230; Para enmarcar (nunca mejor dicho). Los tengo colgados en el sal\u00f3n de la memoria \ud83d\ude42<\/p>\n<p><a href=\"https:\/\/static-blogs.lasprovincias.es\/wp-content\/uploads\/sites\/18\/2020\/07\/DD0490EA-11C4-4949-B946-0C67BD990D3B.jpeg\"><img loading=\"lazy\" class=\"alignnone size-large wp-image-22360\" src=\"https:\/\/static-blogs.lasprovincias.es\/wp-content\/uploads\/sites\/18\/2020\/07\/DD0490EA-11C4-4949-B946-0C67BD990D3B-1024x1024.jpeg\" alt=\"\" width=\"1024\" height=\"1024\" srcset=\"https:\/\/static-blogs.lasprovincias.es\/wp-content\/uploads\/sites\/18\/2020\/07\/DD0490EA-11C4-4949-B946-0C67BD990D3B-1024x1024.jpeg 1024w, https:\/\/static-blogs.lasprovincias.es\/wp-content\/uploads\/sites\/18\/2020\/07\/DD0490EA-11C4-4949-B946-0C67BD990D3B-150x150.jpeg 150w, https:\/\/static-blogs.lasprovincias.es\/wp-content\/uploads\/sites\/18\/2020\/07\/DD0490EA-11C4-4949-B946-0C67BD990D3B-300x300.jpeg 300w, https:\/\/static-blogs.lasprovincias.es\/wp-content\/uploads\/sites\/18\/2020\/07\/DD0490EA-11C4-4949-B946-0C67BD990D3B-768x768.jpeg 768w\" sizes=\"(max-width: 1024px) 100vw, 1024px\" \/><\/a><\/p>\n<p>Para empezar, este <strong><span style=\"color: #3366ff;\">Viaje del Paladar<\/span> <\/strong>nos vamos a la calle Visitaci\u00f3n, en Valencia; a uno de los restaurantes m\u00e1s desconcertantes que puedas encontrar en la ciudad. Es como una casa de colegas que se juntan a comer, como un nido de amor de amantes de lo gourmet, como un refugio de nost\u00e1lgicos a los que le gusta tararear la vida mientras se dejan sorprenden\u2026. <span style=\"color: #3366ff;\"><strong>Joaqu\u00edn Schmidt Restaurante es sencillamente aut\u00e9ntico<\/strong><\/span>.<\/p>\n<p><a href=\"https:\/\/static-blogs.lasprovincias.es\/wp-content\/uploads\/sites\/18\/2020\/07\/086A1AAE-CBD9-45D3-A747-C03D332B5D22.jpeg\"><img loading=\"lazy\" class=\"alignnone size-large wp-image-22357\" src=\"https:\/\/static-blogs.lasprovincias.es\/wp-content\/uploads\/sites\/18\/2020\/07\/086A1AAE-CBD9-45D3-A747-C03D332B5D22-977x1024.jpeg\" alt=\"\" width=\"977\" height=\"1024\" srcset=\"https:\/\/static-blogs.lasprovincias.es\/wp-content\/uploads\/sites\/18\/2020\/07\/086A1AAE-CBD9-45D3-A747-C03D332B5D22-977x1024.jpeg 977w, https:\/\/static-blogs.lasprovincias.es\/wp-content\/uploads\/sites\/18\/2020\/07\/086A1AAE-CBD9-45D3-A747-C03D332B5D22-286x300.jpeg 286w, https:\/\/static-blogs.lasprovincias.es\/wp-content\/uploads\/sites\/18\/2020\/07\/086A1AAE-CBD9-45D3-A747-C03D332B5D22-768x805.jpeg 768w\" sizes=\"(max-width: 977px) 100vw, 977px\" \/><\/a><\/p>\n<p>&nbsp;<\/p>\n<p>Me met\u00ed para espiar. Y descubr\u00ed que la casa estaba linda: cuadros de <strong>Joan Verd\u00fa<\/strong> con iron\u00eda y mensaje, con humor y reflexi\u00f3n; arte reciclado de <a href=\"https:\/\/blogs.lasprovincias.es\/historiascondelantal\/2018\/02\/02\/benjamin-carreres-el-geppetto-de-las-cazuelas\/\">Benjam\u00edn Carreres<\/a>\u00a0-el Gepetto de las Cazuelas- formando un pez al que le sobran tornillos; un sif\u00f3n, que te hace un gui\u00f1o; un tocadiscos en bandeja (o una bandeja tocadiscos\u2026)&#8230;. y un dibujo del abuelo de Joaqu\u00edn pescando junto al mar\u2026. <strong>Todo belleza e ingenio, todo repletos de ventanas con mensajes, con historias, con alma<\/strong>\u2026<\/p>\n<blockquote><p><em>-Por favor, Joaquin Schmidt suba al escenario. Focos, acci\u00f3n&#8230; Que suene la m\u00fasica.<\/em><\/p><\/blockquote>\n\n\t\t<style type=\"text\/css\">\n\t\t\t#gallery-1 {\n\t\t\t\tmargin: auto;\n\t\t\t}\n\t\t\t#gallery-1 .gallery-item {\n\t\t\t\tfloat: left;\n\t\t\t\tmargin-top: 10px;\n\t\t\t\ttext-align: center;\n\t\t\t\twidth: 33%;\n\t\t\t}\n\t\t\t#gallery-1 img {\n\t\t\t\tborder: 2px solid #cfcfcf;\n\t\t\t}\n\t\t\t#gallery-1 .gallery-caption {\n\t\t\t\tmargin-left: 0;\n\t\t\t}\n\t\t\t\/* see gallery_shortcode() in wp-includes\/media.php *\/\n\t\t<\/style>\n\t\t<div id='gallery-1' class='gallery galleryid-22353 gallery-columns-3 gallery-size-full'><dl class='gallery-item'>\n\t\t\t<dt class='gallery-icon portrait'>\n\t\t\t\t<a href=\"https:\/\/blogs.lasprovincias.es\/historiascondelantal\/2020\/07\/23\/joaquin-schmidt-y-las-mesas-que-hablan\/whatsapp-image-2020-07-22-at-19-41-42-3\/\"><img width=\"1200\" height=\"1600\" src=\"https:\/\/static-blogs.lasprovincias.es\/wp-content\/uploads\/sites\/18\/2020\/07\/WhatsApp-Image-2020-07-22-at-19.41.42-3.jpeg\" class=\"attachment-full size-full\" alt=\"\" loading=\"lazy\" srcset=\"https:\/\/static-blogs.lasprovincias.es\/wp-content\/uploads\/sites\/18\/2020\/07\/WhatsApp-Image-2020-07-22-at-19.41.42-3.jpeg 1200w, https:\/\/static-blogs.lasprovincias.es\/wp-content\/uploads\/sites\/18\/2020\/07\/WhatsApp-Image-2020-07-22-at-19.41.42-3-225x300.jpeg 225w, https:\/\/static-blogs.lasprovincias.es\/wp-content\/uploads\/sites\/18\/2020\/07\/WhatsApp-Image-2020-07-22-at-19.41.42-3-768x1024.jpeg 768w\" sizes=\"(max-width: 1200px) 100vw, 1200px\" \/><\/a>\n\t\t\t<\/dt><\/dl><dl class='gallery-item'>\n\t\t\t<dt class='gallery-icon portrait'>\n\t\t\t\t<a href=\"https:\/\/blogs.lasprovincias.es\/historiascondelantal\/2020\/07\/23\/joaquin-schmidt-y-las-mesas-que-hablan\/whatsapp-image-2020-07-22-at-19-41-42-5\/\"><img width=\"1200\" height=\"1600\" src=\"https:\/\/static-blogs.lasprovincias.es\/wp-content\/uploads\/sites\/18\/2020\/07\/WhatsApp-Image-2020-07-22-at-19.41.42-5.jpeg\" class=\"attachment-full size-full\" alt=\"\" loading=\"lazy\" srcset=\"https:\/\/static-blogs.lasprovincias.es\/wp-content\/uploads\/sites\/18\/2020\/07\/WhatsApp-Image-2020-07-22-at-19.41.42-5.jpeg 1200w, https:\/\/static-blogs.lasprovincias.es\/wp-content\/uploads\/sites\/18\/2020\/07\/WhatsApp-Image-2020-07-22-at-19.41.42-5-225x300.jpeg 225w, https:\/\/static-blogs.lasprovincias.es\/wp-content\/uploads\/sites\/18\/2020\/07\/WhatsApp-Image-2020-07-22-at-19.41.42-5-768x1024.jpeg 768w\" sizes=\"(max-width: 1200px) 100vw, 1200px\" \/><\/a>\n\t\t\t<\/dt><\/dl><dl class='gallery-item'>\n\t\t\t<dt class='gallery-icon portrait'>\n\t\t\t\t<a href=\"https:\/\/blogs.lasprovincias.es\/historiascondelantal\/2020\/07\/23\/joaquin-schmidt-y-las-mesas-que-hablan\/whatsapp-image-2020-07-22-at-19-41-43-2\/\"><img width=\"1200\" height=\"1600\" src=\"https:\/\/static-blogs.lasprovincias.es\/wp-content\/uploads\/sites\/18\/2020\/07\/WhatsApp-Image-2020-07-22-at-19.41.43-2.jpeg\" class=\"attachment-full size-full\" alt=\"\" loading=\"lazy\" srcset=\"https:\/\/static-blogs.lasprovincias.es\/wp-content\/uploads\/sites\/18\/2020\/07\/WhatsApp-Image-2020-07-22-at-19.41.43-2.jpeg 1200w, https:\/\/static-blogs.lasprovincias.es\/wp-content\/uploads\/sites\/18\/2020\/07\/WhatsApp-Image-2020-07-22-at-19.41.43-2-225x300.jpeg 225w, https:\/\/static-blogs.lasprovincias.es\/wp-content\/uploads\/sites\/18\/2020\/07\/WhatsApp-Image-2020-07-22-at-19.41.43-2-768x1024.jpeg 768w\" sizes=\"(max-width: 1200px) 100vw, 1200px\" \/><\/a>\n\t\t\t<\/dt><\/dl><br style=\"clear: both\" \/>\n\t\t<\/div>\n\n<p>En realidad, la casa de Joaqu\u00edn es un lugar donde el paladar encuentra tanto sentido y, a la vez, tanta locura, que se siente c\u00f3modo, feliz, satisfecho. En esta ocasi\u00f3n, este se\u00f1or que te conquista el coraz\u00f3n con su autenticidad y su cocina -con sus cocina con trampa y diversi\u00f3n- \u2026 En \u00e9sta ocasi\u00f3n -te dec\u00eda- descubr\u00ed a un chef Schmidt plet\u00f3rico, mezclando viejas versiones de sus platos con ideas innovadoras, con sus t\u00e9cnicas de siempre y \u00a0la intuici\u00f3n de lo nuevo; <strong>bocados golosos, sin estridencia, la secuencia adecuada, el cl\u00edmax <\/strong><em><strong>in cresendo<\/strong> <\/em>como si un men\u00fa en su casa fuera una sinfon\u00eda \u00a0\u00bfde Brahms? \u00bfLas danzas h\u00fangaras? El prefiere a Bethowen&#8230; lo s\u00e9.<\/p>\n<p><a href=\"https:\/\/static-blogs.lasprovincias.es\/wp-content\/uploads\/sites\/18\/2020\/07\/WhatsApp-Image-2020-07-22-at-22.12.15-e1595485075394.jpeg\"><img loading=\"lazy\" class=\"alignnone size-large wp-image-22370\" src=\"https:\/\/static-blogs.lasprovincias.es\/wp-content\/uploads\/sites\/18\/2020\/07\/WhatsApp-Image-2020-07-22-at-22.12.15-e1595485075394-1024x610.jpeg\" alt=\"\" width=\"1024\" height=\"610\" srcset=\"https:\/\/static-blogs.lasprovincias.es\/wp-content\/uploads\/sites\/18\/2020\/07\/WhatsApp-Image-2020-07-22-at-22.12.15-e1595485075394-1024x610.jpeg 1024w, https:\/\/static-blogs.lasprovincias.es\/wp-content\/uploads\/sites\/18\/2020\/07\/WhatsApp-Image-2020-07-22-at-22.12.15-e1595485075394-300x179.jpeg 300w, https:\/\/static-blogs.lasprovincias.es\/wp-content\/uploads\/sites\/18\/2020\/07\/WhatsApp-Image-2020-07-22-at-22.12.15-e1595485075394-768x457.jpeg 768w, https:\/\/static-blogs.lasprovincias.es\/wp-content\/uploads\/sites\/18\/2020\/07\/WhatsApp-Image-2020-07-22-at-22.12.15-e1595485075394.jpeg 1572w\" sizes=\"(max-width: 1024px) 100vw, 1024px\" \/><\/a><\/p>\n<p>&nbsp;<\/p>\n<p>Sea como sea, siempre con la m\u00fasica como mejor aliado de la experiencia. M\u00fasica que te susurra, como todo all\u00ed, historias, caricias, armon\u00edas, mensajes en una botella que ha llegado hasta la orilla de tu mesa. En su casa eres Robinson rescatado, un naufrago que encuentra su tabla de salvaci\u00f3n.<\/p>\n<p style=\"text-align: center;\"><a href=\"https:\/\/static-blogs.lasprovincias.es\/wp-content\/uploads\/sites\/18\/2020\/07\/WhatsApp-Image-2020-07-22-at-22.12.17-1.jpeg\"><img loading=\"lazy\" class=\"alignnone size-large wp-image-22384\" src=\"https:\/\/static-blogs.lasprovincias.es\/wp-content\/uploads\/sites\/18\/2020\/07\/WhatsApp-Image-2020-07-22-at-22.12.17-1-768x1024.jpeg\" alt=\"\" width=\"768\" height=\"1024\" srcset=\"https:\/\/static-blogs.lasprovincias.es\/wp-content\/uploads\/sites\/18\/2020\/07\/WhatsApp-Image-2020-07-22-at-22.12.17-1-768x1024.jpeg 768w, https:\/\/static-blogs.lasprovincias.es\/wp-content\/uploads\/sites\/18\/2020\/07\/WhatsApp-Image-2020-07-22-at-22.12.17-1-225x300.jpeg 225w, https:\/\/static-blogs.lasprovincias.es\/wp-content\/uploads\/sites\/18\/2020\/07\/WhatsApp-Image-2020-07-22-at-22.12.17-1.jpeg 1200w\" sizes=\"(max-width: 768px) 100vw, 768px\" \/><\/a><\/p>\n<p>&nbsp;<\/p>\n<p>Las mesas de Joaqu\u00edn Schmidt son en verdad eso: islas a las que llegan botellas con mensajes, platos por descifrar, cantos de sirena que escuchar, poemas en clave culinaria, caricias en forma de afecto que el chef sirven entre esferificaciones, espumas, pescados cocidos al vapor, gui\u00f1os especiados muy medidos, iron\u00edas hechas para jugar contigo\u2026.<\/p>\n<p><a href=\"https:\/\/static-blogs.lasprovincias.es\/wp-content\/uploads\/sites\/18\/2020\/07\/gazpacho.jpg\"><img loading=\"lazy\" class=\"alignnone size-large wp-image-22372\" src=\"https:\/\/static-blogs.lasprovincias.es\/wp-content\/uploads\/sites\/18\/2020\/07\/gazpacho-1024x768.jpg\" alt=\"\" width=\"1024\" height=\"768\" srcset=\"https:\/\/static-blogs.lasprovincias.es\/wp-content\/uploads\/sites\/18\/2020\/07\/gazpacho-1024x768.jpg 1024w, https:\/\/static-blogs.lasprovincias.es\/wp-content\/uploads\/sites\/18\/2020\/07\/gazpacho-300x225.jpg 300w, https:\/\/static-blogs.lasprovincias.es\/wp-content\/uploads\/sites\/18\/2020\/07\/gazpacho-768x576.jpg 768w, https:\/\/static-blogs.lasprovincias.es\/wp-content\/uploads\/sites\/18\/2020\/07\/gazpacho.jpg 1824w\" sizes=\"(max-width: 1024px) 100vw, 1024px\" \/><\/a> <a href=\"https:\/\/static-blogs.lasprovincias.es\/wp-content\/uploads\/sites\/18\/2020\/07\/clotixnas-2.jpg\"><img loading=\"lazy\" class=\"alignnone size-large wp-image-22373\" src=\"https:\/\/static-blogs.lasprovincias.es\/wp-content\/uploads\/sites\/18\/2020\/07\/clotixnas-2-1024x768.jpg\" alt=\"\" width=\"1024\" height=\"768\" srcset=\"https:\/\/static-blogs.lasprovincias.es\/wp-content\/uploads\/sites\/18\/2020\/07\/clotixnas-2-1024x768.jpg 1024w, https:\/\/static-blogs.lasprovincias.es\/wp-content\/uploads\/sites\/18\/2020\/07\/clotixnas-2-300x225.jpg 300w, https:\/\/static-blogs.lasprovincias.es\/wp-content\/uploads\/sites\/18\/2020\/07\/clotixnas-2-768x576.jpg 768w, https:\/\/static-blogs.lasprovincias.es\/wp-content\/uploads\/sites\/18\/2020\/07\/clotixnas-2.jpg 1824w\" sizes=\"(max-width: 1024px) 100vw, 1024px\" \/><\/a> <a href=\"https:\/\/static-blogs.lasprovincias.es\/wp-content\/uploads\/sites\/18\/2020\/07\/merluza.jpg\"><img loading=\"lazy\" class=\"alignnone size-large wp-image-22374\" src=\"https:\/\/static-blogs.lasprovincias.es\/wp-content\/uploads\/sites\/18\/2020\/07\/merluza-1024x768.jpg\" alt=\"\" width=\"1024\" height=\"768\" srcset=\"https:\/\/static-blogs.lasprovincias.es\/wp-content\/uploads\/sites\/18\/2020\/07\/merluza-1024x768.jpg 1024w, https:\/\/static-blogs.lasprovincias.es\/wp-content\/uploads\/sites\/18\/2020\/07\/merluza-300x225.jpg 300w, https:\/\/static-blogs.lasprovincias.es\/wp-content\/uploads\/sites\/18\/2020\/07\/merluza-768x576.jpg 768w, https:\/\/static-blogs.lasprovincias.es\/wp-content\/uploads\/sites\/18\/2020\/07\/merluza.jpg 1600w\" sizes=\"(max-width: 1024px) 100vw, 1024px\" \/><\/a><\/p>\n<p>&#8230;.gazpachos, bacalao con alioli, cucharas de pl\u00e1tano con <em>curry<\/em>, berberechos con\u00a0caviar, queso ahumado con migas de pan&#8230; \ud83d\ude09\u00a0S\u00ed. Las migas del pan que te sirvi\u00f3 llegan a ser el ingrediente m\u00e1gico de un plato celestial que hace con el queso que le env\u00edan desde el norte, con todos los ahumados saltando en tu paladar, que convierte en una especie de nube sobre la que recostar tu conciencia en la placentera sobremesa. Un maravilloso circo culinario, por resumir, propio de un ilusionista que busca hacerte aflorar los sentidos m\u00e1s ocultos de tu paladar.<\/p>\n<p><a href=\"https:\/\/static-blogs.lasprovincias.es\/wp-content\/uploads\/sites\/18\/2020\/07\/caviar.jpg\"><img loading=\"lazy\" class=\"alignnone size-large wp-image-22376\" src=\"https:\/\/static-blogs.lasprovincias.es\/wp-content\/uploads\/sites\/18\/2020\/07\/caviar-1024x768.jpg\" alt=\"\" width=\"1024\" height=\"768\" srcset=\"https:\/\/static-blogs.lasprovincias.es\/wp-content\/uploads\/sites\/18\/2020\/07\/caviar-1024x768.jpg 1024w, https:\/\/static-blogs.lasprovincias.es\/wp-content\/uploads\/sites\/18\/2020\/07\/caviar-300x225.jpg 300w, https:\/\/static-blogs.lasprovincias.es\/wp-content\/uploads\/sites\/18\/2020\/07\/caviar-768x576.jpg 768w, https:\/\/static-blogs.lasprovincias.es\/wp-content\/uploads\/sites\/18\/2020\/07\/caviar.jpg 1600w\" sizes=\"(max-width: 1024px) 100vw, 1024px\" \/><\/a> <a href=\"https:\/\/static-blogs.lasprovincias.es\/wp-content\/uploads\/sites\/18\/2020\/07\/queso-ahumado.jpg\"><img loading=\"lazy\" class=\"alignnone size-large wp-image-22377\" src=\"https:\/\/static-blogs.lasprovincias.es\/wp-content\/uploads\/sites\/18\/2020\/07\/queso-ahumado-1024x768.jpg\" alt=\"\" width=\"1024\" height=\"768\" srcset=\"https:\/\/static-blogs.lasprovincias.es\/wp-content\/uploads\/sites\/18\/2020\/07\/queso-ahumado-1024x768.jpg 1024w, https:\/\/static-blogs.lasprovincias.es\/wp-content\/uploads\/sites\/18\/2020\/07\/queso-ahumado-300x225.jpg 300w, https:\/\/static-blogs.lasprovincias.es\/wp-content\/uploads\/sites\/18\/2020\/07\/queso-ahumado-768x576.jpg 768w, https:\/\/static-blogs.lasprovincias.es\/wp-content\/uploads\/sites\/18\/2020\/07\/queso-ahumado.jpg 1600w\" sizes=\"(max-width: 1024px) 100vw, 1024px\" \/><\/a> <a href=\"https:\/\/static-blogs.lasprovincias.es\/wp-content\/uploads\/sites\/18\/2020\/07\/pan.jpg\"><img loading=\"lazy\" class=\"alignnone size-large wp-image-22378\" src=\"https:\/\/static-blogs.lasprovincias.es\/wp-content\/uploads\/sites\/18\/2020\/07\/pan-1024x768.jpg\" alt=\"\" width=\"1024\" height=\"768\" srcset=\"https:\/\/static-blogs.lasprovincias.es\/wp-content\/uploads\/sites\/18\/2020\/07\/pan-1024x768.jpg 1024w, https:\/\/static-blogs.lasprovincias.es\/wp-content\/uploads\/sites\/18\/2020\/07\/pan-300x225.jpg 300w, https:\/\/static-blogs.lasprovincias.es\/wp-content\/uploads\/sites\/18\/2020\/07\/pan-768x576.jpg 768w, https:\/\/static-blogs.lasprovincias.es\/wp-content\/uploads\/sites\/18\/2020\/07\/pan.jpg 1824w\" sizes=\"(max-width: 1024px) 100vw, 1024px\" \/><\/a><\/p>\n<p>Hubo en esta ocasi\u00f3n -todos ea dicho- una sorpresa inesperada. El postre, que lo trajo un amigo de Schmidt. Juan y Susi, de <strong>El Taller<\/strong>, se lucieron con una tarta extrema, cuyos sabores retorc\u00edan de placer las neuronas. Aunque eso, es otro cantar; lo de Juan y lo de El Taller (calle Guardia Civil).<\/p>\n<p><a href=\"https:\/\/static-blogs.lasprovincias.es\/wp-content\/uploads\/sites\/18\/2020\/07\/tarta.jpg\"><img loading=\"lazy\" class=\"size-large wp-image-22379 aligncenter\" src=\"https:\/\/static-blogs.lasprovincias.es\/wp-content\/uploads\/sites\/18\/2020\/07\/tarta-768x1024.jpg\" alt=\"\" width=\"768\" height=\"1024\" srcset=\"https:\/\/static-blogs.lasprovincias.es\/wp-content\/uploads\/sites\/18\/2020\/07\/tarta-768x1024.jpg 768w, https:\/\/static-blogs.lasprovincias.es\/wp-content\/uploads\/sites\/18\/2020\/07\/tarta-225x300.jpg 225w, https:\/\/static-blogs.lasprovincias.es\/wp-content\/uploads\/sites\/18\/2020\/07\/tarta.jpg 1200w\" sizes=\"(max-width: 768px) 100vw, 768px\" \/><\/a><\/p>\n<p>Esto es, por ir echando el cierre, \u00a0viajar con el paladar. Esto es, ni m\u00e1s ni menos, una de esas historias que nos deja<strong><span style=\"color: #3366ff;\"> aquel extra\u00f1o verano en el que las mesas hablaron<\/span><\/strong>. Primera etapa, Joaqu\u00edn Schmidt. Calle Visitaci\u00f3n. Impuntuable. No entra en rankings. Un lugar pensado en los amantes del mantel y la vida; sin m\u00e1s pretensi\u00f3n que el gozar; para los que saben que es eso que llaman humanidad y \u00a0que Benedetti convirti\u00f3 en Patria. Una mesa, un ventanal, una casa&#8230;<\/p>\n<blockquote>\n<p style=\"text-align: center;\"><span style=\"color: #808080;\"><em>&#8220;\u2026una mesa es una casa<\/em><\/span><\/p>\n<p style=\"text-align: center;\"><span style=\"color: #808080;\"><em>y la casa un ventanal<\/em><\/span><\/p>\n<p style=\"text-align: center;\"><span style=\"color: #808080;\"><em>las ventanas tienen nubes<\/em><\/span><\/p>\n<p style=\"text-align: center;\"><span style=\"color: #808080;\"><em>pero s\u00f3lo en el cristal<\/em><\/span><\/p>\n<p style=\"text-align: center;\"><span style=\"color: #808080;\"><em>el cristal empe\u00f1a el cielo<\/em><\/span><\/p>\n<p style=\"text-align: center;\"><span style=\"color: #808080;\"><em>cuando el cielo es de verdad<\/em><\/span><\/p>\n<p style=\"text-align: center;\"><span style=\"color: #808080;\"><em>la verdad es una patria<\/em><\/span><\/p>\n<p style=\"text-align: center;\"><span style=\"color: #808080;\"><em>patria es humanidad&#8221;<\/em><\/span><\/p>\n<p style=\"text-align: center;\"><span style=\"color: #808080;\">De &#8216;Greograf\u00eda&#8217;. Poema &#8216;Patria es humanidad&#8217;. Mario Benedetti.\u00a0<\/span><\/p>\n<p><a href=\"https:\/\/static-blogs.lasprovincias.es\/wp-content\/uploads\/sites\/18\/2020\/07\/aceite-1.jpg\"><img loading=\"lazy\" class=\"alignnone size-large wp-image-22391\" src=\"https:\/\/static-blogs.lasprovincias.es\/wp-content\/uploads\/sites\/18\/2020\/07\/aceite-1-1024x684.jpg\" alt=\"\" width=\"1024\" height=\"684\" srcset=\"https:\/\/static-blogs.lasprovincias.es\/wp-content\/uploads\/sites\/18\/2020\/07\/aceite-1-1024x684.jpg 1024w, https:\/\/static-blogs.lasprovincias.es\/wp-content\/uploads\/sites\/18\/2020\/07\/aceite-1-300x200.jpg 300w, https:\/\/static-blogs.lasprovincias.es\/wp-content\/uploads\/sites\/18\/2020\/07\/aceite-1-768x513.jpg 768w, https:\/\/static-blogs.lasprovincias.es\/wp-content\/uploads\/sites\/18\/2020\/07\/aceite-1.jpg 1566w\" sizes=\"(max-width: 1024px) 100vw, 1024px\" \/><\/a><\/p><\/blockquote>\n<p>&nbsp;<\/p>\n<p><strong>&gt;<span style=\"color: #ff9900;\">Pr\u00f3xima etapa<\/span>.<\/strong> <strong>El destino dir\u00e1.<\/strong>\u00a0Que hablen las mesas.<\/p>\n<p><a href=\"https:\/\/static-blogs.lasprovincias.es\/wp-content\/uploads\/sites\/18\/2020\/07\/25CE315A-2B60-46B0-AE02-12FC01E49F74.jpeg\"><img loading=\"lazy\" class=\"alignnone size-large wp-image-22359\" src=\"https:\/\/static-blogs.lasprovincias.es\/wp-content\/uploads\/sites\/18\/2020\/07\/25CE315A-2B60-46B0-AE02-12FC01E49F74-1024x768.jpeg\" alt=\"\" width=\"1024\" height=\"768\" srcset=\"https:\/\/static-blogs.lasprovincias.es\/wp-content\/uploads\/sites\/18\/2020\/07\/25CE315A-2B60-46B0-AE02-12FC01E49F74-1024x768.jpeg 1024w, https:\/\/static-blogs.lasprovincias.es\/wp-content\/uploads\/sites\/18\/2020\/07\/25CE315A-2B60-46B0-AE02-12FC01E49F74-300x225.jpeg 300w, https:\/\/static-blogs.lasprovincias.es\/wp-content\/uploads\/sites\/18\/2020\/07\/25CE315A-2B60-46B0-AE02-12FC01E49F74-768x576.jpeg 768w, https:\/\/static-blogs.lasprovincias.es\/wp-content\/uploads\/sites\/18\/2020\/07\/25CE315A-2B60-46B0-AE02-12FC01E49F74.jpeg 2048w\" sizes=\"(max-width: 1024px) 100vw, 1024px\" \/><\/a><\/p>\n<!-- AddThis Advanced Settings generic via filter on the_content --><!-- AddThis Share Buttons generic via filter on the_content -->","protected":false},"excerpt":{"rendered":"<p>\u00a1Pues ya est\u00e1 bien! Les vas dejando, les vas dejando y, al final, toma: zambombazo y te arrinconan a un lado. Te lo cuento clarito: el periodista que llevo dentro se apoder\u00f3 del alma del esp\u00eda del Pa\u00eds de las Gastrosof\u00edas y le dej\u00f3 de lado. O sea, que Mister Cooking y sus locuras desaparecimos [&hellip;]<!-- AddThis Advanced Settings generic via filter on get_the_excerpt --><!-- AddThis Share Buttons generic via filter on get_the_excerpt --><\/p>\n","protected":false},"author":23,"featured_media":22391,"comment_status":"open","ping_status":"open","sticky":false,"template":"","format":"standard","meta":[],"categories":[3,4,5,7],"tags":[524],"_links":{"self":[{"href":"https:\/\/blogs.lasprovincias.es\/historiascondelantal\/wp-json\/wp\/v2\/posts\/22353"}],"collection":[{"href":"https:\/\/blogs.lasprovincias.es\/historiascondelantal\/wp-json\/wp\/v2\/posts"}],"about":[{"href":"https:\/\/blogs.lasprovincias.es\/historiascondelantal\/wp-json\/wp\/v2\/types\/post"}],"author":[{"embeddable":true,"href":"https:\/\/blogs.lasprovincias.es\/historiascondelantal\/wp-json\/wp\/v2\/users\/23"}],"replies":[{"embeddable":true,"href":"https:\/\/blogs.lasprovincias.es\/historiascondelantal\/wp-json\/wp\/v2\/comments?post=22353"}],"version-history":[{"count":13,"href":"https:\/\/blogs.lasprovincias.es\/historiascondelantal\/wp-json\/wp\/v2\/posts\/22353\/revisions"}],"predecessor-version":[{"id":22395,"href":"https:\/\/blogs.lasprovincias.es\/historiascondelantal\/wp-json\/wp\/v2\/posts\/22353\/revisions\/22395"}],"wp:featuredmedia":[{"embeddable":true,"href":"https:\/\/blogs.lasprovincias.es\/historiascondelantal\/wp-json\/wp\/v2\/media\/22391"}],"wp:attachment":[{"href":"https:\/\/blogs.lasprovincias.es\/historiascondelantal\/wp-json\/wp\/v2\/media?parent=22353"}],"wp:term":[{"taxonomy":"category","embeddable":true,"href":"https:\/\/blogs.lasprovincias.es\/historiascondelantal\/wp-json\/wp\/v2\/categories?post=22353"},{"taxonomy":"post_tag","embeddable":true,"href":"https:\/\/blogs.lasprovincias.es\/historiascondelantal\/wp-json\/wp\/v2\/tags?post=22353"}],"curies":[{"name":"wp","href":"https:\/\/api.w.org\/{rel}","templated":true}]}}