{"id":2493,"date":"2014-07-26T06:18:30","date_gmt":"2014-07-26T06:18:30","guid":{"rendered":"http:\/\/blogs.lasprovincias.es\/historiascondelantal\/?p=2493"},"modified":"2014-07-26T06:18:30","modified_gmt":"2014-07-26T06:18:30","slug":"la-cebolla-que-quiso-ser-atun","status":"publish","type":"post","link":"https:\/\/blogs.lasprovincias.es\/historiascondelantal\/2014\/07\/26\/la-cebolla-que-quiso-ser-atun\/","title":{"rendered":"LA CEBOLLA QUE QUISO SER AT\u00daN"},"content":{"rendered":"<p style=\"text-align: right;\"><strong><a href=\"https:\/\/twitter.com\/JesusTrelis\" data-lang=\"es\" data-show-count=\"false\" rel=\"external nofollow\">Seguir a m\u00edster Cooking: @JesusTrelis<\/a><\/strong><\/p>\n<p>&nbsp;<\/p>\n<p><strong><span style=\"font-size: large; color: #ff6600;\">\u00a1Ya me huele todo a \u00c1ngel Le\u00f3n, se\u00f1ores! A mar.<\/span><\/strong> A profundo mar. A historias de placton y a monta\u00f1a. A <strong><span style=\"color: #ff6600;\">Kiko Moya<\/span><\/strong>. Y a la hierba de su valle. A aquel plato que parec\u00eda hijo de trilladora y descendiente de la Pachamama. Sublime, m\u00e1gico. Huelo a mar y a tierra y a pulpo seco de <strong><span style=\"color: #ff6600;\">El Tresmall<\/span><\/strong> y a gamba roja de <strong><span style=\"color: #ff6600;\">Quique Dacosta<\/span><\/strong>. Y veo como <span style=\"font-size: large;\"><strong><span style=\"color: #000080;\">el azul del Mediterr\u00e1neo<\/span><\/strong><\/span> se empapela con el<span style=\"font-size: large;\"> <strong><span style=\"color: #ff0000;\">celof\u00e1n<\/span><\/strong><\/span> con el que viste a sus doncellas el gran fabulador (Dacosta, rey de D\u00e9nia). El rojo, el azul, el sol que amarillea&#8230;.\u00a0 Mar, tierra, pulpo, gambas&#8230; <strong>C<\/strong><span style=\"color: #000000;\"><strong>enas bajo la luna mientras lloran las estrellas y una t\u00edmida brisa hacen temblar la luz de las velas<\/strong>.<\/span> El <span style=\"color: #ff6600; font-size: large;\"><strong>VERANO<\/strong><\/span>, querido amigo, me ha robado la cabeza. Quiz\u00e1 ahora sea una sepia, un pulpo, un calamar que lanza tinta y me impregna como el arr\u00f2s brut del gran <span style=\"color: #ff6600;\"><strong>Bernd<\/strong><\/span>,\u00a0 rey del Arrecife, el se\u00f1or del Riff, que me rob\u00f3 el alma y la hizo medusa mediterr\u00e1nea.<\/p>\n<p><a href=\"\/historiascondelantal\/wp-content\/uploads\/sites\/18\/2014\/07\/IMG_0762.jpg\"><img loading=\"lazy\" class=\"alignnone  wp-image-2494\" title=\"IMG_0762\" src=\"\/historiascondelantal\/wp-content\/uploads\/sites\/18\/2014\/07\/IMG_0762.jpg\" alt=\"\" width=\"538\" height=\"403\" srcset=\"https:\/\/static-blogs.lasprovincias.es\/wp-content\/uploads\/sites\/18\/2014\/07\/IMG_0762.jpg 640w, https:\/\/static-blogs.lasprovincias.es\/wp-content\/uploads\/sites\/18\/2014\/07\/IMG_0762-300x225.jpg 300w\" sizes=\"(max-width: 538px) 100vw, 538px\" \/><\/a><\/p>\n<p><span style=\"color: #888888;\"><strong>El arr\u00f2s brut del Riff. Foto Jes\u00fas Trelis<\/strong><\/span><\/p>\n<p><!--more--><\/p>\n<p><a href=\"\/historiascondelantal\/wp-content\/uploads\/sites\/18\/2014\/07\/IMG_6497.jpg\"><img loading=\"lazy\" class=\"alignnone  wp-image-2519\" title=\"IMG_6497\" src=\"\/historiascondelantal\/wp-content\/uploads\/sites\/18\/2014\/07\/IMG_6497.jpg\" alt=\"\" width=\"477\" height=\"717\" srcset=\"https:\/\/static-blogs.lasprovincias.es\/wp-content\/uploads\/sites\/18\/2014\/07\/IMG_6497.jpg 1408w, https:\/\/static-blogs.lasprovincias.es\/wp-content\/uploads\/sites\/18\/2014\/07\/IMG_6497-200x300.jpg 200w, https:\/\/static-blogs.lasprovincias.es\/wp-content\/uploads\/sites\/18\/2014\/07\/IMG_6497-768x1152.jpg 768w\" sizes=\"(max-width: 477px) 100vw, 477px\" \/><\/a><\/p>\n<p><span style=\"color: #888888;\"><strong>Uno de los platos m\u00e1s sublimes del a\u00f1o, by Kiko Moya. Foto Jes\u00fas Trelis.<\/strong><\/span><\/p>\n<p>El verano ya me tiene entre sus manos.\u00a0 Mis pensamientos, mis movimientos, todo mi cuerpo son arena de playa. Un castillo de infancia contra las olas. Mis manos son cangrejos; mi sangre, un fondo de pescado listo para hacer el mejor arroz de toda la Tierra. Escucho a las galeras que bailotean, a las clotxinas que manosean, a las navajas que recitan versos de un <strong><span style=\"color: #000080;\">Marinero en Tierra<\/span><\/strong>&#8230;<\/p>\n<address><strong><span style=\"color: #000080;\">&#8220;La aurora va resbalando\/<\/span><\/strong><\/address>\n<address><strong><span style=\"color: #000080;\">entre esp\u00e1rragos trigueros\/<\/span><\/strong><\/address>\n<address><strong><span style=\"color: #000080;\">Se le ha clavado una espina\/<\/span><\/strong><\/address>\n<address><strong><span style=\"color: #000080;\">en la yemita del dedo&#8221;<\/span><\/strong><\/address>\n<address><strong><span style=\"color: #000080;\">(R. Alberti)<\/span><\/strong><\/address>\n<p>Mis pesta\u00f1as son erizos; mi cerebro, una ameba. Por mi lengua navega saliva de vino blanco y de cerveza. Y mis ojos&#8230;\u00a0 mis ojos querido amig@, son cebollas. La cebolla que so\u00f1\u00f3 con ser at\u00fan&#8230;. <span style=\"font-size: large;\"><strong><span style=\"color: #ff6600;\">la cebolla que so\u00f1\u00f3 con ser at\u00fan<\/span><\/strong>. <\/span><\/p>\n<p><a href=\"\/historiascondelantal\/wp-content\/uploads\/sites\/18\/2014\/07\/IMG_0895.jpg\"><img loading=\"lazy\" class=\"alignnone size-full wp-image-2496\" title=\"IMG_0895\" src=\"\/historiascondelantal\/wp-content\/uploads\/sites\/18\/2014\/07\/IMG_0895.jpg\" alt=\"\" width=\"640\" height=\"480\" srcset=\"https:\/\/static-blogs.lasprovincias.es\/wp-content\/uploads\/sites\/18\/2014\/07\/IMG_0895.jpg 640w, https:\/\/static-blogs.lasprovincias.es\/wp-content\/uploads\/sites\/18\/2014\/07\/IMG_0895-300x225.jpg 300w\" sizes=\"(max-width: 640px) 100vw, 640px\" \/><\/a><\/p>\n<p><span style=\"color: #888888;\"><strong>Aqu\u00ed est\u00e1 la cebolla&#8230; by Quique Barella. Foto Jes\u00fas Trelis<\/strong><\/span><\/p>\n<p>La cebolla que conquist\u00f3 mis ojos la encontr\u00e9 un mediod\u00eda de calor zumb\u00f3n cuando iba a so\u00f1ar -perd\u00f3n, a almorzar- con colegas de profesi\u00f3n y a saludar <strong>al chef que conquista Par\u00eds<\/strong> usando su magia para cocinar, el aceite de oliva para hechizar y el esp\u00edritu mediterr\u00e1neo para noquear al comensal. El Par\u00eds que huele a foie, a tartar, a pato horneado y a quesos de locura, tiene ahora en su c\u00fapula a un valenciano con estrella: <strong><span style=\"color: #ff6600;\">Jos\u00e9 Manuel Miguel<\/span><\/strong> <em><span style=\"color: #808080;\">(<span style=\"color: #999999;\">del que ya te habl\u00e9 en Historias Con Delantal en la edici\u00f3n impresa del peri\u00f3dico LAS PROVINC<\/span><\/span><span style=\"color: #999999;\">IA<\/span><\/em><span style=\"color: #999999;\">S).<\/span><\/p>\n<p><a href=\"\/historiascondelantal\/wp-content\/uploads\/sites\/18\/2014\/07\/la-foto1.jpg\"><img loading=\"lazy\" class=\"alignnone  wp-image-2497\" title=\"la foto(1)\" src=\"\/historiascondelantal\/wp-content\/uploads\/sites\/18\/2014\/07\/la-foto1.jpg\" alt=\"\" width=\"784\" height=\"506\" srcset=\"https:\/\/static-blogs.lasprovincias.es\/wp-content\/uploads\/sites\/18\/2014\/07\/la-foto1.jpg 980w, https:\/\/static-blogs.lasprovincias.es\/wp-content\/uploads\/sites\/18\/2014\/07\/la-foto1-300x193.jpg 300w, https:\/\/static-blogs.lasprovincias.es\/wp-content\/uploads\/sites\/18\/2014\/07\/la-foto1-768x495.jpg 768w\" sizes=\"(max-width: 784px) 100vw, 784px\" \/><\/a><\/p>\n<p>Ese d\u00eda me reencontr\u00e9 con un <strong><span style=\"color: #ff6600;\">Quique Barella<\/span><\/strong> sublime, que junto a su mujer <span style=\"color: #ff6600;\"><strong>Elsa<\/strong><\/span> (un millonazo de besos), prepar\u00f3 un men\u00fa de esos de <strong><span style=\"color: #000000;\">quitarse el sombrero, el peluqu\u00edn, las pesta\u00f1as postizas y todo aquello que fuera superfluo<\/span><\/strong>. Barella reinvent\u00e1ndose y mostrando un men\u00fa de estrella. Quiz\u00e1 de los men\u00fas m\u00e1s ricos que he probado en <a href=\"https:\/\/blogs.lasprovincias.es\/historiascondelantal\/2013\/11\/02\/del-menu-mas-monstruoso-a-la-cocina-de-quique-barella\/\" target=\"_blank\">QdeBarella<\/a>. Se lo dice mister Cooking. Palabra de esp\u00eda.<strong><span style=\"color: #000080;\"> \u00a1Esa cebolla endiablada me ha conquistado&#8230;.y esa ostra, y ese guiso, y ESE PULPO EN SU JUGO. ESA ORTIGA REBOZADA!<\/span><\/strong>\u00a0 Platos que te fascinan. <strong><span style=\"color: #000000;\">De zapateado y ol\u00e9<\/span><\/strong>.<\/p>\n<p><a href=\"\/historiascondelantal\/wp-content\/uploads\/sites\/18\/2014\/07\/IMG_0875.jpg\"><img loading=\"lazy\" class=\"alignnone size-full wp-image-2501\" title=\"IMG_0875\" src=\"\/historiascondelantal\/wp-content\/uploads\/sites\/18\/2014\/07\/IMG_0875.jpg\" alt=\"\" width=\"640\" height=\"480\" srcset=\"https:\/\/static-blogs.lasprovincias.es\/wp-content\/uploads\/sites\/18\/2014\/07\/IMG_0875.jpg 640w, https:\/\/static-blogs.lasprovincias.es\/wp-content\/uploads\/sites\/18\/2014\/07\/IMG_0875-300x225.jpg 300w\" sizes=\"(max-width: 640px) 100vw, 640px\" \/><\/a><\/p>\n<p><a href=\"\/historiascondelantal\/wp-content\/uploads\/sites\/18\/2014\/07\/IMG_0903.jpg\"><img loading=\"lazy\" class=\"alignnone size-full wp-image-2498\" title=\"IMG_0903\" src=\"\/historiascondelantal\/wp-content\/uploads\/sites\/18\/2014\/07\/IMG_0903.jpg\" alt=\"\" width=\"626\" height=\"462\" srcset=\"https:\/\/static-blogs.lasprovincias.es\/wp-content\/uploads\/sites\/18\/2014\/07\/IMG_0903.jpg 626w, https:\/\/static-blogs.lasprovincias.es\/wp-content\/uploads\/sites\/18\/2014\/07\/IMG_0903-300x221.jpg 300w\" sizes=\"(max-width: 626px) 100vw, 626px\" \/><\/a><\/p>\n<p><a href=\"\/historiascondelantal\/wp-content\/uploads\/sites\/18\/2014\/07\/IMG_0912.jpg\"><img loading=\"lazy\" class=\"alignnone size-full wp-image-2499\" title=\"IMG_0912\" src=\"\/historiascondelantal\/wp-content\/uploads\/sites\/18\/2014\/07\/IMG_0912.jpg\" alt=\"\" width=\"640\" height=\"480\" srcset=\"https:\/\/static-blogs.lasprovincias.es\/wp-content\/uploads\/sites\/18\/2014\/07\/IMG_0912.jpg 640w, https:\/\/static-blogs.lasprovincias.es\/wp-content\/uploads\/sites\/18\/2014\/07\/IMG_0912-300x225.jpg 300w\" sizes=\"(max-width: 640px) 100vw, 640px\" \/><\/a><\/p>\n<p><a href=\"\/historiascondelantal\/wp-content\/uploads\/sites\/18\/2014\/07\/IMG_0864.jpg\"><img loading=\"lazy\" class=\"alignnone size-full wp-image-2500\" title=\"IMG_0864\" src=\"\/historiascondelantal\/wp-content\/uploads\/sites\/18\/2014\/07\/IMG_0864.jpg\" alt=\"\" width=\"640\" height=\"480\" srcset=\"https:\/\/static-blogs.lasprovincias.es\/wp-content\/uploads\/sites\/18\/2014\/07\/IMG_0864.jpg 640w, https:\/\/static-blogs.lasprovincias.es\/wp-content\/uploads\/sites\/18\/2014\/07\/IMG_0864-300x225.jpg 300w\" sizes=\"(max-width: 640px) 100vw, 640px\" \/><\/a><\/p>\n<p>Y como testigos estaban, Jos\u00e9 Manuel Miguel y buena gente como <strong>Nacho Unipro, Sergio Adelantado, Elivira Rojas y Maje Mart\u00ednez<\/strong>. Con ellos habl\u00e9 de amigos con delantal, de gastronom\u00eda apasionada y de la otra cocina que se dibuja en el horizonte. De Master Chef y del Top Chef, y de qui\u00e9n participar\u00e1 y de si es bueno o malo eso de concursar. De eso y de secretillos de alcoba.. que como buen esp\u00eda me tocan callar. En cualquier caso, hablamos de la necesidad de hacer de <strong><span style=\"color: #000080;\">nuestra Gastronom\u00eda una bandera a ondear<\/span><\/strong> sin temor, porque hoy por hoy, <strong><span style=\"color: #000080;\">la cocina es el mejor embajador que esta tierra pueda tener<\/span>. <span style=\"color: #ff6600;\">Estrellas, uni\u00f3n, fe, fuerza, sabor, innovaci\u00f3n, iniciativa, superaci\u00f3n, imaginaci\u00f3n, magia, fiesta, vida&#8230; <\/span><\/strong><span style=\"color: #000000;\">Gastronom\u00eda Valenciana. Cocina Mediterr\u00e1nea. <\/span><\/p>\n<p style=\"text-align: right;\"><strong><span style=\"color: #ff6600;\"><span style=\"color: #000080;\">Una cocina que sue\u00f1a, sue\u00f1a, sue\u00f1a&#8230;<\/span><br \/>\n<\/span><\/strong><\/p>\n<p>Con mis ojos de cebolla detect\u00e9 entusiasmado c\u00f3mo la quimera de <strong><span style=\"color: #000080;\">Alejandro -Platero, como el libro de Juan Ram\u00f3n-<\/span><\/strong> se hab\u00eda convertido en realidad. Vi que este esp\u00eda no pudo estar el d\u00eda que la inauguraron y vi como la envidia me corro\u00eda porque me hubiese encantado un selfie de esos repletos de colegas en la nueva cocina&#8230; La cocina de\u00a0 <span style=\"font-size: large;\"><strong><span style=\"color: #ff6600;\">MACEL.LUM<\/span><\/strong><\/span> <span style=\"color: #888888;\">(Le robo ;-), como quien roba flores, estas fotos del Facebook al bueno de Alejandro y a Raquel. \u00a1Felicidades!)<\/span><\/p>\n<p><a href=\"\/historiascondelantal\/wp-content\/uploads\/sites\/18\/2014\/07\/10557339_289890351214229_464795845366717868_n.jpg\"><img loading=\"lazy\" class=\"alignnone size-full wp-image-2502\" title=\"10557339_289890351214229_464795845366717868_n\" src=\"\/historiascondelantal\/wp-content\/uploads\/sites\/18\/2014\/07\/10557339_289890351214229_464795845366717868_n.jpg\" alt=\"\" width=\"600\" height=\"800\" srcset=\"https:\/\/static-blogs.lasprovincias.es\/wp-content\/uploads\/sites\/18\/2014\/07\/10557339_289890351214229_464795845366717868_n.jpg 600w, https:\/\/static-blogs.lasprovincias.es\/wp-content\/uploads\/sites\/18\/2014\/07\/10557339_289890351214229_464795845366717868_n-225x300.jpg 225w\" sizes=\"(max-width: 600px) 100vw, 600px\" \/><\/a><\/p>\n<p><a href=\"\/historiascondelantal\/wp-content\/uploads\/sites\/18\/2014\/07\/1919636_289853317884599_7317000741672813439_n.jpg\"><img loading=\"lazy\" class=\"alignnone  wp-image-2503\" title=\"1919636_289853317884599_7317000741672813439_n\" src=\"\/historiascondelantal\/wp-content\/uploads\/sites\/18\/2014\/07\/1919636_289853317884599_7317000741672813439_n.jpg\" alt=\"\" width=\"630\" height=\"385\" srcset=\"https:\/\/static-blogs.lasprovincias.es\/wp-content\/uploads\/sites\/18\/2014\/07\/1919636_289853317884599_7317000741672813439_n.jpg 900w, https:\/\/static-blogs.lasprovincias.es\/wp-content\/uploads\/sites\/18\/2014\/07\/1919636_289853317884599_7317000741672813439_n-300x183.jpg 300w, https:\/\/static-blogs.lasprovincias.es\/wp-content\/uploads\/sites\/18\/2014\/07\/1919636_289853317884599_7317000741672813439_n-768x469.jpg 768w\" sizes=\"(max-width: 630px) 100vw, 630px\" \/><\/a><\/p>\n<p><span style=\"color: #888888;\"><strong>Fotos Macel.lum<\/strong><\/span><\/p>\n<p style=\"text-align: right;\">\u00a0<em><span style=\"color: #0000ff;\"><strong>Macel.lum Restaurant<\/strong><\/span><\/em><br \/>\n<em><span style=\"color: #0000ff;\"> Direcci\u00f3n: C\/ de Boix, 6 \u2013 Valencia<\/span><\/em><br \/>\n<em><span style=\"color: #0000ff;\"> Tel\u00e9fono: 963 913 815<\/span><\/em><\/p>\n<p>Me contaron que el chef de Macel.lum est\u00e1 radiante y feliz<span style=\"background-color: #ffffff; color: #ff6600;\">.<strong> \u00c9l y Raquel (Bernal)<\/strong><\/span> (porque ese sue\u00f1o es cosa de dos). Y me alegro, como buen superagente, porque estos\u00a0 proyectos que ves fragu\u00e1ndose desde los inicios son como tuyos&#8230;.<\/p>\n<p><a href=\"\/historiascondelantal\/wp-content\/uploads\/sites\/18\/2014\/07\/10499452_289902621213002_6037757844164982019_o.jpg\"><img loading=\"lazy\" class=\"alignnone  wp-image-2504\" title=\"10499452_289902621213002_6037757844164982019_o\" src=\"\/historiascondelantal\/wp-content\/uploads\/sites\/18\/2014\/07\/10499452_289902621213002_6037757844164982019_o.jpg\" alt=\"\" width=\"614\" height=\"614\" srcset=\"https:\/\/static-blogs.lasprovincias.es\/wp-content\/uploads\/sites\/18\/2014\/07\/10499452_289902621213002_6037757844164982019_o.jpg 1920w, https:\/\/static-blogs.lasprovincias.es\/wp-content\/uploads\/sites\/18\/2014\/07\/10499452_289902621213002_6037757844164982019_o-150x150.jpg 150w, https:\/\/static-blogs.lasprovincias.es\/wp-content\/uploads\/sites\/18\/2014\/07\/10499452_289902621213002_6037757844164982019_o-300x300.jpg 300w, https:\/\/static-blogs.lasprovincias.es\/wp-content\/uploads\/sites\/18\/2014\/07\/10499452_289902621213002_6037757844164982019_o-768x768.jpg 768w, https:\/\/static-blogs.lasprovincias.es\/wp-content\/uploads\/sites\/18\/2014\/07\/10499452_289902621213002_6037757844164982019_o-1024x1024.jpg 1024w\" sizes=\"(max-width: 614px) 100vw, 614px\" \/><\/a><\/p>\n<p><span style=\"color: #888888;\">Foto propiedad de Alejandro Platero.<\/span><\/p>\n<p>Me dicen tambi\u00e9n que el nuevo restaurante ofrece adem\u00e1s de su carta,\u00a0<strong><span style=\"color: #000080;\"> tres men\u00fas<\/span><\/strong>, y que tendr\u00e1n un precio que ir\u00e1 de\u00a0 los 19\u201950 a los 50 \u20ac por persona. Y que tiene<strong><span style=\"font-size: large; color: #ff6600;\"> barra<\/span><\/strong>.\u00a0 La barra es ya cosa imprescindible&#8230; <strong>Un d\u00eda hacemos una de barras<\/strong>. Y que se preparen los amigos de<strong> RAUSELL<\/strong>. Por cierto, Bel\u00e9n de La Pitanza, \u00bfno ten\u00eda usted que llevar all\u00ed a Mister Cooking? \ud83d\ude09<\/p>\n<p><a href=\"https:\/\/blogs.lasprovincias.es\/historiascondelantal\/2014\/01\/04\/los-reyes-magos-comen-en-el-rausell\/\" target=\"_blank\">No, no olvido -aunque hace mucho que no voy- El Rausell<\/a>. Es de esos sitios que te marcan y a los que hay que ir a so\u00f1ar de tanto en tanto. <strong><span style=\"color: #000080;\">Siempre so\u00f1ando&#8230;. so\u00f1ar, so\u00f1ar, so\u00f1ar.<\/span><\/strong> Sue\u00f1os de verano.<\/p>\n<p><a href=\"\/historiascondelantal\/wp-content\/uploads\/sites\/18\/2014\/07\/rausell40.jpg\"><img loading=\"lazy\" class=\"alignnone  wp-image-2507\" title=\"rausell40 (960x720)\" src=\"\/historiascondelantal\/wp-content\/uploads\/sites\/18\/2014\/07\/rausell40.jpg\" alt=\"\" width=\"576\" height=\"432\" \/><\/a><\/p>\n<p><a href=\"\/historiascondelantal\/wp-content\/uploads\/sites\/18\/2014\/07\/rausell41.jpg\"><img loading=\"lazy\" class=\"alignnone  wp-image-2506\" title=\"rausell41 (960x720)\" src=\"\/historiascondelantal\/wp-content\/uploads\/sites\/18\/2014\/07\/rausell41.jpg\" alt=\"\" width=\"576\" height=\"432\" \/><\/a><\/p>\n<p>Hablando de <span style=\"color: #ff6600;\"><strong>La Pitanza<\/strong><\/span>, el otro d\u00eda me reencontr\u00e9 all\u00ed, en una inspecci\u00f3n rutinaria de mister Cooking, con mis amigas las cocochas. <strong>Divertid\u00edsimas ellas con un festival al ajillo.<\/strong> Es de esas cosas\u00a0 que te alegran. Como cuando te reencuentras en alg\u00fan evento con los amigos de <strong><span style=\"color: #ff6600;\">Ostrarium<\/span><\/strong> o asistes a una de sus catas, como la que ofrecer\u00e1n <strong>el 1 de agosto en Macel.lum<\/strong>&#8230; Entonces te vuelves loco. Cocochas de La Pitanza, ostras de Ostrarium, un trozo de queso de <strong>Ram\u00f3n Lizeaga, de Rub\u00e9n Valbuena, de la Jarradillla, del cabrales de Pepe Bada.<\/strong>..<a href=\"https:\/\/blogs.lasprovincias.es\/historiascondelantal\/2014\/06\/28\/memorias-de-un-queso\/#comment-1582\" target=\"_blank\"> y otros tantos (momento #cheesestorming).\u00a0<\/a> Peque\u00f1os sue\u00f1os que en verano renacen.<\/p>\n<p><a href=\"\/historiascondelantal\/wp-content\/uploads\/sites\/18\/2014\/07\/cocochas.jpg\"><img loading=\"lazy\" class=\"alignnone  wp-image-2508\" title=\"cocochas\" src=\"\/historiascondelantal\/wp-content\/uploads\/sites\/18\/2014\/07\/cocochas.jpg\" alt=\"\" width=\"404\" height=\"717\" srcset=\"https:\/\/static-blogs.lasprovincias.es\/wp-content\/uploads\/sites\/18\/2014\/07\/cocochas.jpg 1024w, https:\/\/static-blogs.lasprovincias.es\/wp-content\/uploads\/sites\/18\/2014\/07\/cocochas-169x300.jpg 169w, https:\/\/static-blogs.lasprovincias.es\/wp-content\/uploads\/sites\/18\/2014\/07\/cocochas-768x1362.jpg 768w, https:\/\/static-blogs.lasprovincias.es\/wp-content\/uploads\/sites\/18\/2014\/07\/cocochas-577x1024.jpg 577w\" sizes=\"(max-width: 404px) 100vw, 404px\" \/><\/a><\/p>\n<p>&nbsp;<\/p>\n<p><strong><span style=\"color: #ff6600;\">\u2192SO\u00d1AR, SO\u00d1AR, SO\u00d1ARRR<\/span><\/strong> como <strong>Ang\u00e9lica Catalina y Jorge Lengua\u00a0 que acaban de\u00a0 ganar la<span style=\"color: #0000ff;\"> beca Gasma<\/span> de 10.000 euros tras vencer en la Gran Final<\/strong>.<em> (Tendr\u00e1n cubiertos todos los gastos acad\u00e9micos y los 60 cr\u00e9ditos del primer curso del nuevo Grado universitario de Gastronom\u00eda y Management Culinario que la CEU-UCH pone en marcha en Castell\u00f3n. Por cierto, un gran abrazo a Jordi Ferrer<\/em>).<strong><\/strong><\/p>\n<p><a href=\"\/historiascondelantal\/wp-content\/uploads\/sites\/18\/2014\/07\/IMG_7125.jpg\"><img loading=\"lazy\" title=\"IMG_7125 (1024x681)\" src=\"\/historiascondelantal\/wp-content\/uploads\/sites\/18\/2014\/07\/IMG_7125.jpg\" alt=\"\" width=\"614\" height=\"409\" \/><\/a><\/p>\n<p><span style=\"color: #888888;\"><strong>Las ilusiones del futuro..<\/strong><\/span><br \/>\n<strong><span style=\"color: #ff6600;\">\u2192So\u00f1ar so\u00f1ar so\u00f1arrr&#8230;<\/span> hasta con una <span style=\"color: #0000ff;\">barra canalla<\/span>. (Otra vez con las barras).\u00a0 <\/strong>Esa\u00a0 que Camarena pon\u00eda en marcha en su restaurante m\u00e1s pol\u00edticamente canalla y que ya es un \u00e9xito. (Ya echo de menos el tartar del bueno de Toni).<\/p>\n<p><strong><a href=\"\/historiascondelantal\/wp-content\/uploads\/sites\/18\/2014\/07\/1888892_629377127158316_6351535679236098517_o.jpg\"><img loading=\"lazy\" title=\"1888892_629377127158316_6351535679236098517_o\" src=\"\/historiascondelantal\/wp-content\/uploads\/sites\/18\/2014\/07\/1888892_629377127158316_6351535679236098517_o.jpg\" alt=\"\" width=\"430\" height=\"286\" \/><\/a><\/strong><\/p>\n<p><span style=\"color: #888888;\"><strong>La barra m\u00e1s Canalla, otro peque\u00f1o sue\u00f1o que se hace realidad&#8230;<\/strong><\/span><\/p>\n<p><span style=\"color: #ff6600;\"><strong>\u2192So\u00f1ar, so\u00f1ar, so\u00f1arrr&#8230;<\/strong>\u00a0<span style=\"color: #000000;\"> como hacen en<\/span><\/span> ese divertido proyecto gastron\u00f3mico y colectivo que se est\u00e1 armando en los bajos del Mercado Col\u00f3n.\u00a0 Ese en el que ya est\u00e1 metido de lleno (ya te lo he contado varias veces),\u00a0 <span style=\"color: #0000ff;\"><strong>Steve Anderson<a href=\"http:\/\/www.seuxerea.com\/el-restaurante\/\" target=\"_blank\" rel=\"external nofollow\"><span style=\"text-decoration: underline;\"> (<\/span>Seu Xerea)<\/a>,\u00a0<\/strong><\/span> que ya est\u00e1 ultimando (bueno un poco menos) una maravillosa y de gran impacto propuesta que abrir\u00e1 en septiembre<strong><span style=\"color: #0000ff;\">: Ma Khin Caf\u00e9.<\/span><\/strong> Y me dicen-esto no se si es muy secreto o no- que los se\u00f1ores de <strong><span style=\"color: #0000ff;\">Cervezas Turia<\/span><\/strong> se van a colocar en la zona de arriba del mercado con otra tentaci\u00f3n, en este caso para cervecear y que la barra que prerara en los bajos el genio Diego (<strong><span style=\"color: #0000ff;\">Momiji<\/span><\/strong>, comida japonesa de verdad)\u00a0 va a ser espectacular&#8230;<\/p>\n<p><a href=\"\/historiascondelantal\/wp-content\/uploads\/sites\/18\/2014\/07\/IMG-20140629-WA0025.jpg\"><img loading=\"lazy\" class=\"alignnone  wp-image-2515\" title=\"IMG-20140629-WA0025\" src=\"\/historiascondelantal\/wp-content\/uploads\/sites\/18\/2014\/07\/IMG-20140629-WA0025.jpg\" alt=\"\" width=\"480\" height=\"270\" srcset=\"https:\/\/static-blogs.lasprovincias.es\/wp-content\/uploads\/sites\/18\/2014\/07\/IMG-20140629-WA0025.jpg 800w, https:\/\/static-blogs.lasprovincias.es\/wp-content\/uploads\/sites\/18\/2014\/07\/IMG-20140629-WA0025-300x169.jpg 300w, https:\/\/static-blogs.lasprovincias.es\/wp-content\/uploads\/sites\/18\/2014\/07\/IMG-20140629-WA0025-768x432.jpg 768w\" sizes=\"(max-width: 480px) 100vw, 480px\" \/><\/a><\/p>\n<p><strong><span style=\"color: #808080;\">\u00a0Steve ante su nueva quimera.<\/span><\/strong><\/p>\n<p>Hasta he so\u00f1ado que<strong><span style=\"color: #ff6600; font-size: large;\"> Jorde de Andr\u00e9s le hac\u00eda una paella a Pel\u00e9<\/span><\/strong>. Porque en ese mundo del Pa\u00eds de la Gastrosof\u00eda todo es posible. Jorge con Pel\u00e9, Alejandro con su nuevo restaurante, Quique Barella domando a las ortigas&#8230; y yo, humilde esp\u00eda de poca monta, muerto de ganas de contarte c\u00f3mo fue el d\u00eda en el que me fui con <a href=\"http:\/\/www.restaurante-riff.com\/reservar\/\" target=\"_blank\" rel=\"external nofollow\">Bernd H. Kn\u00f6ller, de nuevo el Riff, <\/a>a visitar el planeta del Arr\u00f2s Brut. Y los sue\u00f1os que viv\u00ed. Pero esto&#8230; esto es una sorpresa (tach\u00edn tach\u00edn&#8230; el tiempo dir\u00e1).<\/p>\n<p><a href=\"\/historiascondelantal\/wp-content\/uploads\/sites\/18\/2014\/07\/la-foto31.jpg\"><img loading=\"lazy\" class=\"alignnone  wp-image-2509\" title=\"la foto(31)\" src=\"\/historiascondelantal\/wp-content\/uploads\/sites\/18\/2014\/07\/la-foto31.jpg\" alt=\"\" width=\"645\" height=\"672\" srcset=\"https:\/\/static-blogs.lasprovincias.es\/wp-content\/uploads\/sites\/18\/2014\/07\/la-foto31.jpg 921w, https:\/\/static-blogs.lasprovincias.es\/wp-content\/uploads\/sites\/18\/2014\/07\/la-foto31-288x300.jpg 288w, https:\/\/static-blogs.lasprovincias.es\/wp-content\/uploads\/sites\/18\/2014\/07\/la-foto31-768x801.jpg 768w\" sizes=\"(max-width: 645px) 100vw, 645px\" \/><\/a><\/p>\n<p><span style=\"color: #888888;\"><strong>Foto de Jorge de Andr\u00e9s. Y est\u00e1 el crack con el mism\u00edsimo Pel\u00e9.<\/strong><\/span><\/p>\n<p>La gastronom\u00eda es un sue\u00f1o que en verano, con la felicidad de la libertad a nuestro lado, se incrementa, estalla, vuela. Ese sue\u00f1o maravilloso en el que las pesta\u00f1as son erizos; el cerebro, una ameba; por la lengua navega saliva de vino blanco y de cerveza, y bailan las galeras&#8230; Y los ojos, mis ojos y los tuyos,\u00a0 querido amig@, son cebollas.<span style=\"font-size: large;\"><strong><span style=\"color: #ff6600;\"> La cebolla que so\u00f1\u00f3 con ser at\u00fan<\/span><\/strong><\/span>.<\/p>\n<p><strong>Despu\u00e9s de todo la gastronom\u00eda es eso:<\/strong><span style=\"font-size: large;\"><strong> Un sue\u00f1o emplatado<\/strong><\/span><\/p>\n<p style=\"text-align: center;\"><strong><span style=\"color: #0000ff; font-size: large;\"><br \/>\n<\/span><\/strong><\/p>\n<p><a href=\"\/historiascondelantal\/wp-content\/uploads\/sites\/18\/2014\/07\/web.jpg\"><img loading=\"lazy\" class=\"alignnone size-full wp-image-2518\" title=\"web\" src=\"\/historiascondelantal\/wp-content\/uploads\/sites\/18\/2014\/07\/web.jpg\" alt=\"\" width=\"520\" height=\"260\" srcset=\"https:\/\/static-blogs.lasprovincias.es\/wp-content\/uploads\/sites\/18\/2014\/07\/web.jpg 520w, https:\/\/static-blogs.lasprovincias.es\/wp-content\/uploads\/sites\/18\/2014\/07\/web-300x150.jpg 300w\" sizes=\"(max-width: 520px) 100vw, 520px\" \/><\/a><\/p>\n<p style=\"text-align: right;\">\u00a0<strong><a href=\"https:\/\/twitter.com\/JesusTrelis\" data-lang=\"es\" data-show-count=\"false\" rel=\"external nofollow\">Seguir a m\u00edster Cooking: @JesusTrelis<\/a><\/strong><\/p>\n<p><span style=\"text-decoration: underline;\"><strong><span style=\"color: #888888; text-decoration: underline;\">EXCLUSIVA:<\/span><\/strong><\/span> Nos vamos al chiringuito pero, si ma\u00f1ana es domingo, yo me ir\u00eda a por la segunda entrega de Historias Con Delantal Edici\u00f3n Limitada en LAS PROVINCIAS papel: <span style=\"color: #888888;\">UN TERREMOTO DE LA COCINA VALENCIANA<\/span>.\u00a0 Hay que agotar la edici\u00f3n \ud83d\ude42<\/p>\n<p>&nbsp;<\/p>\n<p>&nbsp;<\/p>\n<!-- AddThis Advanced Settings generic via filter on the_content --><!-- AddThis Share Buttons generic via filter on the_content -->","protected":false},"excerpt":{"rendered":"<p>Seguir a m\u00edster Cooking: @JesusTrelis &nbsp; \u00a1Ya me huele todo a \u00c1ngel Le\u00f3n, se\u00f1ores! A mar. A profundo mar. A historias de placton y a monta\u00f1a. A Kiko Moya. Y a la hierba de su valle. A aquel plato que parec\u00eda hijo de trilladora y descendiente de la Pachamama. Sublime, m\u00e1gico. Huelo a mar y [&hellip;]<!-- AddThis Advanced Settings generic via filter on get_the_excerpt --><!-- AddThis Share Buttons generic via filter on get_the_excerpt --><\/p>\n","protected":false},"author":23,"featured_media":0,"comment_status":"open","ping_status":"open","sticky":false,"template":"","format":"standard","meta":[],"categories":[2,3,4,5,6],"tags":[40,64,83,126,184,434,541,547,657,887,889,958,1023],"_links":{"self":[{"href":"https:\/\/blogs.lasprovincias.es\/historiascondelantal\/wp-json\/wp\/v2\/posts\/2493"}],"collection":[{"href":"https:\/\/blogs.lasprovincias.es\/historiascondelantal\/wp-json\/wp\/v2\/posts"}],"about":[{"href":"https:\/\/blogs.lasprovincias.es\/historiascondelantal\/wp-json\/wp\/v2\/types\/post"}],"author":[{"embeddable":true,"href":"https:\/\/blogs.lasprovincias.es\/historiascondelantal\/wp-json\/wp\/v2\/users\/23"}],"replies":[{"embeddable":true,"href":"https:\/\/blogs.lasprovincias.es\/historiascondelantal\/wp-json\/wp\/v2\/comments?post=2493"}],"version-history":[{"count":0,"href":"https:\/\/blogs.lasprovincias.es\/historiascondelantal\/wp-json\/wp\/v2\/posts\/2493\/revisions"}],"wp:attachment":[{"href":"https:\/\/blogs.lasprovincias.es\/historiascondelantal\/wp-json\/wp\/v2\/media?parent=2493"}],"wp:term":[{"taxonomy":"category","embeddable":true,"href":"https:\/\/blogs.lasprovincias.es\/historiascondelantal\/wp-json\/wp\/v2\/categories?post=2493"},{"taxonomy":"post_tag","embeddable":true,"href":"https:\/\/blogs.lasprovincias.es\/historiascondelantal\/wp-json\/wp\/v2\/tags?post=2493"}],"curies":[{"name":"wp","href":"https:\/\/api.w.org\/{rel}","templated":true}]}}